{"id":9975,"date":"2025-08-04T08:00:13","date_gmt":"2025-08-04T06:00:13","guid":{"rendered":"https:\/\/rafaramirez.org\/blog\/?p=9975"},"modified":"2025-07-16T12:39:31","modified_gmt":"2025-07-16T10:39:31","slug":"linger-dolores-oriordan-simon-le-bon-directo-live-vivo","status":"publish","type":"post","link":"https:\/\/rafaramirez.org\/blog\/index.php\/2025\/08\/04\/linger-dolores-oriordan-simon-le-bon-directo-live-vivo\/","title":{"rendered":"\u00abLinger\u00bb. Dolores O&#8217;Riordan &#038; Simon Le Bon (Directo\/live\/vivo)."},"content":{"rendered":"<p>El encuentro entre Dolores O\u2019Riordan y Simon Le Bon tuvo lugar el 12 de septiembre de 1995 en el Parco Novi Sad de M\u00f3dena, durante el concierto ben\u00e9fico Pavarotti &amp; Friends \u2014Together for the Children of Bosnia\u2014. En aquella edici\u00f3n, la tercera de la serie organizada por Luciano Pavarotti y su mujer, Nicoletta Mantovani, se reunieron en un mismo escenario artistas tan dispares como Bono, Meat Loaf, Brian Eno y, por supuesto, Dolores junto al vocalista de Duran Duran. El objetivo era recaudar fondos para War Child y financiar el Pavarotti Music Center de Mostar, que ofrecer\u00eda un marco de esperanza art\u00edstica para las v\u00edctimas de la guerra de Bosnia.<\/p>\n<h3>La interpretaci\u00f3n.<\/h3>\n<p>Sobre el escenario, la canci\u00f3n \u00abLinger\u00bb se reinvent\u00f3 gracias al arreglo orquestal de Michael Kamen y la Filarm\u00f3nica de Tur\u00edn. La guitarra ac\u00fastica y la secci\u00f3n de cuerda subrayaron la melancol\u00eda original de la canci\u00f3n, mientras las voces de O\u2019Riordan y Le Bon se entrelazaban en un juego de versos y armon\u00edas. El timbre et\u00e9reo de Dolores, con su caracter\u00edstico acento irland\u00e9s, contrastaba con la dicci\u00f3n refinada de Simon, creando una obra coral en la que la nostalgia y la elegancia se entrelazaban. La interpretaci\u00f3n gan\u00f3 en dramatismo sin perder la sencillez que convirti\u00f3 \u00abLinger\u00bb en un himno alternativo en 1993.<\/p>\n<p><iframe loading=\"lazy\" title=\"YouTube video player\" src=\"https:\/\/www.youtube.com\/embed\/jxkEgqrBbWc?si=1dnilpg_Na1GN2o0\" width=\"560\" height=\"315\" frameborder=\"0\" allowfullscreen=\"allowfullscreen\"><\/iframe><\/p>\n<p>La elecci\u00f3n de \u00abLinger\u00bb no fue casual: desde su lanzamiento original, esta canci\u00f3n marc\u00f3 el salto de The Cranberries al estrellato gracias a su candidez vulnerable y su inolvidable riff de piano. Aquella noche en M\u00f3dena, la canci\u00f3n cobr\u00f3 una dimensi\u00f3n distinta al fusionarse con elementos cl\u00e1sicos, lo que demostr\u00f3 la riqueza de las colaboraciones entre g\u00e9neros. La magia del directo resid\u00eda en ese instante fugaz en el que el rock alternativo dialogaba con el universo de la \u00f3pera y el pop de los 80, dejando al p\u00fablico en un estado de contemplaci\u00f3n casi hipn\u00f3tica.<\/p>\n<figure id=\"attachment_9980\" aria-describedby=\"caption-attachment-9980\" style=\"width: 300px\" class=\"wp-caption aligncenter\"><a href=\"https:\/\/rafaramirez.org\/blog\/wp-content\/uploads\/2025\/08\/Dolores_ORiordan.jpg\" target=\"_blank\" rel=\"noopener\"><img loading=\"lazy\" decoding=\"async\" class=\"wp-image-9980 size-medium\" src=\"https:\/\/rafaramirez.org\/blog\/wp-content\/uploads\/2025\/08\/Dolores_ORiordan-300x204.jpg\" alt=\"Dolores O'Riordan. Blog de Rafael Ram\u00edrez.\" width=\"300\" height=\"204\" srcset=\"https:\/\/rafaramirez.org\/blog\/wp-content\/uploads\/2025\/08\/Dolores_ORiordan-300x204.jpg 300w, https:\/\/rafaramirez.org\/blog\/wp-content\/uploads\/2025\/08\/Dolores_ORiordan-768x522.jpg 768w, https:\/\/rafaramirez.org\/blog\/wp-content\/uploads\/2025\/08\/Dolores_ORiordan.jpg 850w\" sizes=\"auto, (max-width: 300px) 100vw, 300px\" \/><\/a><figcaption id=\"caption-attachment-9980\" class=\"wp-caption-text\">Dolores O&#8217;Riordan. Blog de Rafael Ram\u00edrez.<\/figcaption><\/figure>\n<p>Con el paso de los a\u00f1os, esta actuaci\u00f3n ha sido compartida y analizada en plataformas como YouTube, donde a\u00fan emociona a quienes buscan ejemplos de solidaridad musical. Para muchos seguidores, la versi\u00f3n en directo de Linger en Pavarotti &amp; Friends simboliza la capacidad de la m\u00fasica para derribar barreras y unir voces dispares en torno a una misma causa. Aquel breve dueto nos recuerda que, m\u00e1s all\u00e1 de estilos y trayectorias, la emoci\u00f3n compartida es el verdadero motor de cualquier concierto ben\u00e9fico.<\/p>\n<p>M\u00e1s informaci\u00f3n:<\/p>\n<ul>\n<li style=\"list-style-type: none;\">\n<ul>\n<li><a href=\"https:\/\/es.wikipedia.org\/wiki\/Pavarotti_%26_Friends\" target=\"_blank\" rel=\"noopener\">Wikipedia<\/a>.<\/li>\n<li><a href=\"https:\/\/www.youtube.com\/@TheTelevideo\/videos\" target=\"_blank\" rel=\"noopener\">Canal TheTelevideo en Youtube<\/a>.<\/li>\n<li><a href=\"https:\/\/rafaramirez.org\/blog\/index.php\/category\/arte\/musica\/\" target=\"_blank\" rel=\"noopener\">M\u00e1s M\u00fasica<\/a>.<\/li>\n<\/ul>\n<\/li>\n<\/ul>\n","protected":false},"excerpt":{"rendered":"<p>El encuentro entre Dolores O\u2019Riordan y Simon Le Bon tuvo lugar el 12 de septiembre de 1995 en el Parco Novi Sad de M\u00f3dena, durante el concierto ben\u00e9fico Pavarotti &amp; Friends \u2014Together for the Children of Bosnia\u2014. En aquella edici\u00f3n, la tercera de la serie organizada por Luciano Pavarotti y su mujer, Nicoletta Mantovani, se [&hellip;]<\/p>\n","protected":false},"author":1,"featured_media":9978,"comment_status":"open","ping_status":"closed","sticky":false,"template":"","format":"standard","meta":{"site-container-style":"default","site-container-layout":"default","site-sidebar-layout":"default","disable-article-header":"default","disable-site-header":"default","disable-site-footer":"default","disable-content-area-spacing":"default","_jetpack_newsletter_access":"","_jetpack_dont_email_post_to_subs":false,"_jetpack_newsletter_tier_id":0,"_jetpack_memberships_contains_paywalled_content":false,"_jetpack_feature_clip_id":0,"_jetpack_memberships_contains_paid_content":false,"footnotes":"","jetpack_publicize_message":"","jetpack_publicize_feature_enabled":true,"jetpack_social_post_already_shared":true,"jetpack_social_options":{"image_generator_settings":{"template":"highway","default_image_id":0,"font":"","enabled":false},"version":2},"jetpack_post_was_ever_published":false},"categories":[709],"tags":[4410,1803,4021,115,4122,160,665,4411,2068,309,3356,2515,4124],"class_list":["post-9975","post","type-post","status-publish","format-standard","has-post-thumbnail","hentry","category-musica","tag-linger-dolores-oriordan-y-simon-le-bon","tag-1803","tag-actuacion-en-directo","tag-concierto","tag-concierto-pavarotti-friends","tag-en-vivo","tag-italia","tag-linger","tag-live","tag-musica","tag-musica-en-directo","tag-musica-recomendada","tag-parco-novi-sad-de-modena"],"yoast_head":"<!-- This site is optimized with the Yoast SEO plugin v28.4 - https:\/\/yoast.com\/product\/yoast-seo-wordpress\/ -->\n<title>&quot;Linger&quot;. Dolores O&#039;Riordan &amp; Simon Le Bon (Directo\/live\/vivo). - Blog de Rafael Ram\u00edrez<\/title>\n<meta name=\"description\" content=\"El encuentro entre Dolores O\u2019Riordan y Simon Le Bon tuvo lugar el 12 de septiembre de 1995, durante el concierto ben\u00e9fico Pavarotti &amp; Friends\" \/>\n<meta name=\"robots\" content=\"index, follow, max-snippet:-1, max-image-preview:large, max-video-preview:-1\" \/>\n<link rel=\"canonical\" href=\"https:\/\/rafaramirez.org\/blog\/index.php\/2025\/08\/04\/linger-dolores-oriordan-simon-le-bon-directo-live-vivo\/\" \/>\n<meta property=\"og:locale\" content=\"es_ES\" \/>\n<meta property=\"og:type\" content=\"article\" \/>\n<meta property=\"og:title\" content=\"&quot;Linger&quot;. Dolores O&#039;Riordan &amp; Simon Le Bon (Directo\/live\/vivo). - Blog de Rafael Ram\u00edrez\" \/>\n<meta property=\"og:description\" content=\"El encuentro entre Dolores O\u2019Riordan y Simon Le Bon tuvo lugar el 12 de septiembre de 1995, durante el concierto ben\u00e9fico Pavarotti &amp; Friends\" \/>\n<meta property=\"og:url\" content=\"https:\/\/rafaramirez.org\/blog\/index.php\/2025\/08\/04\/linger-dolores-oriordan-simon-le-bon-directo-live-vivo\/\" \/>\n<meta property=\"og:site_name\" content=\"Blog de Rafael Ram\u00edrez\" \/>\n<meta property=\"article:published_time\" content=\"2025-08-04T06:00:13+00:00\" \/>\n<meta property=\"og:image\" content=\"https:\/\/rafaramirez.org\/blog\/wp-content\/uploads\/2025\/08\/Linger_bannerblog.jpg\" \/>\n\t<meta property=\"og:image:width\" content=\"720\" \/>\n\t<meta property=\"og:image:height\" content=\"440\" \/>\n\t<meta property=\"og:image:type\" content=\"image\/jpeg\" \/>\n<meta name=\"author\" content=\"Rafael Ram\u00edrez\" \/>\n<meta name=\"twitter:card\" content=\"summary_large_image\" \/>\n<meta name=\"twitter:creator\" content=\"@rafaramirez_ok\" \/>\n<meta name=\"twitter:site\" content=\"@rafaramirez_ok\" \/>\n<meta name=\"twitter:label1\" content=\"Escrito por\" \/>\n\t<meta name=\"twitter:data1\" content=\"Rafael Ram\u00edrez\" \/>\n\t<meta name=\"twitter:label2\" content=\"Tiempo de lectura\" \/>\n\t<meta name=\"twitter:data2\" content=\"3 minutos\" \/>\n<script type=\"application\/ld+json\" class=\"yoast-schema-graph\">{\"@context\":\"https:\\\/\\\/schema.org\",\"@graph\":[{\"@type\":\"Article\",\"@id\":\"https:\\\/\\\/rafaramirez.org\\\/blog\\\/index.php\\\/2025\\\/08\\\/04\\\/linger-dolores-oriordan-simon-le-bon-directo-live-vivo\\\/#article\",\"isPartOf\":{\"@id\":\"https:\\\/\\\/rafaramirez.org\\\/blog\\\/index.php\\\/2025\\\/08\\\/04\\\/linger-dolores-oriordan-simon-le-bon-directo-live-vivo\\\/\"},\"author\":{\"name\":\"Rafael Ram\u00edrez\",\"@id\":\"https:\\\/\\\/rafaramirez.org\\\/blog\\\/#\\\/schema\\\/person\\\/50f43b6d60c578760d4c17bda54ab6a5\"},\"headline\":\"\u00abLinger\u00bb. Dolores O&#8217;Riordan &#038; Simon Le Bon (Directo\\\/live\\\/vivo).\",\"datePublished\":\"2025-08-04T06:00:13+00:00\",\"mainEntityOfPage\":{\"@id\":\"https:\\\/\\\/rafaramirez.org\\\/blog\\\/index.php\\\/2025\\\/08\\\/04\\\/linger-dolores-oriordan-simon-le-bon-directo-live-vivo\\\/\"},\"wordCount\":465,\"commentCount\":0,\"publisher\":{\"@id\":\"https:\\\/\\\/rafaramirez.org\\\/blog\\\/#\\\/schema\\\/person\\\/50f43b6d60c578760d4c17bda54ab6a5\"},\"image\":{\"@id\":\"https:\\\/\\\/rafaramirez.org\\\/blog\\\/index.php\\\/2025\\\/08\\\/04\\\/linger-dolores-oriordan-simon-le-bon-directo-live-vivo\\\/#primaryimage\"},\"thumbnailUrl\":\"https:\\\/\\\/rafaramirez.org\\\/blog\\\/wp-content\\\/uploads\\\/2025\\\/08\\\/Linger_bannerblog.jpg\",\"keywords\":[\"\\\"Linger\\\" Dolores O'Riordan y Simon Le Bon\",\"1995\",\"actuaci\u00f3n en directo\",\"concierto\",\"concierto Pavarotti &amp; Friends\",\"en vivo\",\"Italia\",\"Linger\",\"live\",\"M\u00fasica\",\"m\u00fasica en directo\",\"m\u00fasica recomendada\",\"Parco Novi Sad de M\u00f3dena\"],\"articleSection\":[\"M\u00fasica\"],\"inLanguage\":\"es\",\"potentialAction\":[{\"@type\":\"CommentAction\",\"name\":\"Comment\",\"target\":[\"https:\\\/\\\/rafaramirez.org\\\/blog\\\/index.php\\\/2025\\\/08\\\/04\\\/linger-dolores-oriordan-simon-le-bon-directo-live-vivo\\\/#respond\"]}]},{\"@type\":\"WebPage\",\"@id\":\"https:\\\/\\\/rafaramirez.org\\\/blog\\\/index.php\\\/2025\\\/08\\\/04\\\/linger-dolores-oriordan-simon-le-bon-directo-live-vivo\\\/\",\"url\":\"https:\\\/\\\/rafaramirez.org\\\/blog\\\/index.php\\\/2025\\\/08\\\/04\\\/linger-dolores-oriordan-simon-le-bon-directo-live-vivo\\\/\",\"name\":\"\\\"Linger\\\". Dolores O'Riordan & Simon Le Bon (Directo\\\/live\\\/vivo). - Blog de Rafael Ram\u00edrez\",\"isPartOf\":{\"@id\":\"https:\\\/\\\/rafaramirez.org\\\/blog\\\/#website\"},\"primaryImageOfPage\":{\"@id\":\"https:\\\/\\\/rafaramirez.org\\\/blog\\\/index.php\\\/2025\\\/08\\\/04\\\/linger-dolores-oriordan-simon-le-bon-directo-live-vivo\\\/#primaryimage\"},\"image\":{\"@id\":\"https:\\\/\\\/rafaramirez.org\\\/blog\\\/index.php\\\/2025\\\/08\\\/04\\\/linger-dolores-oriordan-simon-le-bon-directo-live-vivo\\\/#primaryimage\"},\"thumbnailUrl\":\"https:\\\/\\\/rafaramirez.org\\\/blog\\\/wp-content\\\/uploads\\\/2025\\\/08\\\/Linger_bannerblog.jpg\",\"datePublished\":\"2025-08-04T06:00:13+00:00\",\"description\":\"El encuentro entre Dolores O\u2019Riordan y Simon Le Bon tuvo lugar el 12 de septiembre de 1995, durante el concierto ben\u00e9fico Pavarotti & Friends\",\"breadcrumb\":{\"@id\":\"https:\\\/\\\/rafaramirez.org\\\/blog\\\/index.php\\\/2025\\\/08\\\/04\\\/linger-dolores-oriordan-simon-le-bon-directo-live-vivo\\\/#breadcrumb\"},\"inLanguage\":\"es\",\"potentialAction\":[{\"@type\":\"ReadAction\",\"target\":[\"https:\\\/\\\/rafaramirez.org\\\/blog\\\/index.php\\\/2025\\\/08\\\/04\\\/linger-dolores-oriordan-simon-le-bon-directo-live-vivo\\\/\"]}]},{\"@type\":\"ImageObject\",\"inLanguage\":\"es\",\"@id\":\"https:\\\/\\\/rafaramirez.org\\\/blog\\\/index.php\\\/2025\\\/08\\\/04\\\/linger-dolores-oriordan-simon-le-bon-directo-live-vivo\\\/#primaryimage\",\"url\":\"https:\\\/\\\/rafaramirez.org\\\/blog\\\/wp-content\\\/uploads\\\/2025\\\/08\\\/Linger_bannerblog.jpg\",\"contentUrl\":\"https:\\\/\\\/rafaramirez.org\\\/blog\\\/wp-content\\\/uploads\\\/2025\\\/08\\\/Linger_bannerblog.jpg\",\"width\":720,\"height\":440,\"caption\":\"Linger. Dolores O'Riordan y Simon Le Bon. Blog de Rafael Ram\u00edrez.\"},{\"@type\":\"BreadcrumbList\",\"@id\":\"https:\\\/\\\/rafaramirez.org\\\/blog\\\/index.php\\\/2025\\\/08\\\/04\\\/linger-dolores-oriordan-simon-le-bon-directo-live-vivo\\\/#breadcrumb\",\"itemListElement\":[{\"@type\":\"ListItem\",\"position\":1,\"name\":\"Portada\",\"item\":\"https:\\\/\\\/rafaramirez.org\\\/blog\\\/\"},{\"@type\":\"ListItem\",\"position\":2,\"name\":\"\u00abLinger\u00bb. Dolores O&#8217;Riordan &#038; Simon Le Bon (Directo\\\/live\\\/vivo).\"}]},{\"@type\":\"WebSite\",\"@id\":\"https:\\\/\\\/rafaramirez.org\\\/blog\\\/#website\",\"url\":\"https:\\\/\\\/rafaramirez.org\\\/blog\\\/\",\"name\":\"Blog de Rafael Ram\u00edrez\",\"description\":\"Un sitio social, de arte y cultura\",\"publisher\":{\"@id\":\"https:\\\/\\\/rafaramirez.org\\\/blog\\\/#\\\/schema\\\/person\\\/50f43b6d60c578760d4c17bda54ab6a5\"},\"potentialAction\":[{\"@type\":\"SearchAction\",\"target\":{\"@type\":\"EntryPoint\",\"urlTemplate\":\"https:\\\/\\\/rafaramirez.org\\\/blog\\\/?s={search_term_string}\"},\"query-input\":{\"@type\":\"PropertyValueSpecification\",\"valueRequired\":true,\"valueName\":\"search_term_string\"}}],\"inLanguage\":\"es\"},{\"@type\":[\"Person\",\"Organization\"],\"@id\":\"https:\\\/\\\/rafaramirez.org\\\/blog\\\/#\\\/schema\\\/person\\\/50f43b6d60c578760d4c17bda54ab6a5\",\"name\":\"Rafael Ram\u00edrez\",\"image\":{\"@type\":\"ImageObject\",\"inLanguage\":\"es\",\"@id\":\"https:\\\/\\\/rafaramirez.org\\\/blog\\\/wp-content\\\/uploads\\\/2024\\\/09\\\/RR_socialnetwork.jpg\",\"url\":\"https:\\\/\\\/rafaramirez.org\\\/blog\\\/wp-content\\\/uploads\\\/2024\\\/09\\\/RR_socialnetwork.jpg\",\"contentUrl\":\"https:\\\/\\\/rafaramirez.org\\\/blog\\\/wp-content\\\/uploads\\\/2024\\\/09\\\/RR_socialnetwork.jpg\",\"width\":600,\"height\":606,\"caption\":\"Rafael Ram\u00edrez\"},\"logo\":{\"@id\":\"https:\\\/\\\/rafaramirez.org\\\/blog\\\/wp-content\\\/uploads\\\/2024\\\/09\\\/RR_socialnetwork.jpg\"},\"sameAs\":[\"https:\\\/\\\/www.rafaramirez.org\\\/blog\",\"https:\\\/\\\/www.instagram.com\\\/rafaramirez_ok\\\/\",\"https:\\\/\\\/es.pinterest.com\\\/Ramirez_Rafa\\\/\",\"https:\\\/\\\/x.com\\\/rafaramirez_ok\"],\"url\":\"https:\\\/\\\/rafaramirez.org\\\/blog\\\/index.php\\\/author\\\/rafaell_qm6j97da\\\/\"}]}<\/script>\n<!-- \/ Yoast SEO plugin. -->","yoast_head_json":{"title":"\"Linger\". Dolores O'Riordan & Simon Le Bon (Directo\/live\/vivo). - Blog de Rafael Ram\u00edrez","description":"El encuentro entre Dolores O\u2019Riordan y Simon Le Bon tuvo lugar el 12 de septiembre de 1995, durante el concierto ben\u00e9fico Pavarotti & Friends","robots":{"index":"index","follow":"follow","max-snippet":"max-snippet:-1","max-image-preview":"max-image-preview:large","max-video-preview":"max-video-preview:-1"},"canonical":"https:\/\/rafaramirez.org\/blog\/index.php\/2025\/08\/04\/linger-dolores-oriordan-simon-le-bon-directo-live-vivo\/","og_locale":"es_ES","og_type":"article","og_title":"\"Linger\". Dolores O'Riordan & Simon Le Bon (Directo\/live\/vivo). - Blog de Rafael Ram\u00edrez","og_description":"El encuentro entre Dolores O\u2019Riordan y Simon Le Bon tuvo lugar el 12 de septiembre de 1995, durante el concierto ben\u00e9fico Pavarotti & Friends","og_url":"https:\/\/rafaramirez.org\/blog\/index.php\/2025\/08\/04\/linger-dolores-oriordan-simon-le-bon-directo-live-vivo\/","og_site_name":"Blog de Rafael Ram\u00edrez","article_published_time":"2025-08-04T06:00:13+00:00","og_image":[{"width":720,"height":440,"url":"https:\/\/rafaramirez.org\/blog\/wp-content\/uploads\/2025\/08\/Linger_bannerblog.jpg","type":"image\/jpeg"}],"author":"Rafael Ram\u00edrez","twitter_card":"summary_large_image","twitter_creator":"@rafaramirez_ok","twitter_site":"@rafaramirez_ok","twitter_misc":{"Escrito por":"Rafael Ram\u00edrez","Tiempo de lectura":"3 minutos"},"schema":{"@context":"https:\/\/schema.org","@graph":[{"@type":"Article","@id":"https:\/\/rafaramirez.org\/blog\/index.php\/2025\/08\/04\/linger-dolores-oriordan-simon-le-bon-directo-live-vivo\/#article","isPartOf":{"@id":"https:\/\/rafaramirez.org\/blog\/index.php\/2025\/08\/04\/linger-dolores-oriordan-simon-le-bon-directo-live-vivo\/"},"author":{"name":"Rafael Ram\u00edrez","@id":"https:\/\/rafaramirez.org\/blog\/#\/schema\/person\/50f43b6d60c578760d4c17bda54ab6a5"},"headline":"\u00abLinger\u00bb. Dolores O&#8217;Riordan &#038; Simon Le Bon (Directo\/live\/vivo).","datePublished":"2025-08-04T06:00:13+00:00","mainEntityOfPage":{"@id":"https:\/\/rafaramirez.org\/blog\/index.php\/2025\/08\/04\/linger-dolores-oriordan-simon-le-bon-directo-live-vivo\/"},"wordCount":465,"commentCount":0,"publisher":{"@id":"https:\/\/rafaramirez.org\/blog\/#\/schema\/person\/50f43b6d60c578760d4c17bda54ab6a5"},"image":{"@id":"https:\/\/rafaramirez.org\/blog\/index.php\/2025\/08\/04\/linger-dolores-oriordan-simon-le-bon-directo-live-vivo\/#primaryimage"},"thumbnailUrl":"https:\/\/rafaramirez.org\/blog\/wp-content\/uploads\/2025\/08\/Linger_bannerblog.jpg","keywords":["\"Linger\" Dolores O'Riordan y Simon Le Bon","1995","actuaci\u00f3n en directo","concierto","concierto Pavarotti &amp; Friends","en vivo","Italia","Linger","live","M\u00fasica","m\u00fasica en directo","m\u00fasica recomendada","Parco Novi Sad de M\u00f3dena"],"articleSection":["M\u00fasica"],"inLanguage":"es","potentialAction":[{"@type":"CommentAction","name":"Comment","target":["https:\/\/rafaramirez.org\/blog\/index.php\/2025\/08\/04\/linger-dolores-oriordan-simon-le-bon-directo-live-vivo\/#respond"]}]},{"@type":"WebPage","@id":"https:\/\/rafaramirez.org\/blog\/index.php\/2025\/08\/04\/linger-dolores-oriordan-simon-le-bon-directo-live-vivo\/","url":"https:\/\/rafaramirez.org\/blog\/index.php\/2025\/08\/04\/linger-dolores-oriordan-simon-le-bon-directo-live-vivo\/","name":"\"Linger\". Dolores O'Riordan & Simon Le Bon (Directo\/live\/vivo). - Blog de Rafael Ram\u00edrez","isPartOf":{"@id":"https:\/\/rafaramirez.org\/blog\/#website"},"primaryImageOfPage":{"@id":"https:\/\/rafaramirez.org\/blog\/index.php\/2025\/08\/04\/linger-dolores-oriordan-simon-le-bon-directo-live-vivo\/#primaryimage"},"image":{"@id":"https:\/\/rafaramirez.org\/blog\/index.php\/2025\/08\/04\/linger-dolores-oriordan-simon-le-bon-directo-live-vivo\/#primaryimage"},"thumbnailUrl":"https:\/\/rafaramirez.org\/blog\/wp-content\/uploads\/2025\/08\/Linger_bannerblog.jpg","datePublished":"2025-08-04T06:00:13+00:00","description":"El encuentro entre Dolores O\u2019Riordan y Simon Le Bon tuvo lugar el 12 de septiembre de 1995, durante el concierto ben\u00e9fico Pavarotti & Friends","breadcrumb":{"@id":"https:\/\/rafaramirez.org\/blog\/index.php\/2025\/08\/04\/linger-dolores-oriordan-simon-le-bon-directo-live-vivo\/#breadcrumb"},"inLanguage":"es","potentialAction":[{"@type":"ReadAction","target":["https:\/\/rafaramirez.org\/blog\/index.php\/2025\/08\/04\/linger-dolores-oriordan-simon-le-bon-directo-live-vivo\/"]}]},{"@type":"ImageObject","inLanguage":"es","@id":"https:\/\/rafaramirez.org\/blog\/index.php\/2025\/08\/04\/linger-dolores-oriordan-simon-le-bon-directo-live-vivo\/#primaryimage","url":"https:\/\/rafaramirez.org\/blog\/wp-content\/uploads\/2025\/08\/Linger_bannerblog.jpg","contentUrl":"https:\/\/rafaramirez.org\/blog\/wp-content\/uploads\/2025\/08\/Linger_bannerblog.jpg","width":720,"height":440,"caption":"Linger. Dolores O'Riordan y Simon Le Bon. Blog de Rafael Ram\u00edrez."},{"@type":"BreadcrumbList","@id":"https:\/\/rafaramirez.org\/blog\/index.php\/2025\/08\/04\/linger-dolores-oriordan-simon-le-bon-directo-live-vivo\/#breadcrumb","itemListElement":[{"@type":"ListItem","position":1,"name":"Portada","item":"https:\/\/rafaramirez.org\/blog\/"},{"@type":"ListItem","position":2,"name":"\u00abLinger\u00bb. Dolores O&#8217;Riordan &#038; Simon Le Bon (Directo\/live\/vivo)."}]},{"@type":"WebSite","@id":"https:\/\/rafaramirez.org\/blog\/#website","url":"https:\/\/rafaramirez.org\/blog\/","name":"Blog de Rafael Ram\u00edrez","description":"Un sitio social, de arte y cultura","publisher":{"@id":"https:\/\/rafaramirez.org\/blog\/#\/schema\/person\/50f43b6d60c578760d4c17bda54ab6a5"},"potentialAction":[{"@type":"SearchAction","target":{"@type":"EntryPoint","urlTemplate":"https:\/\/rafaramirez.org\/blog\/?s={search_term_string}"},"query-input":{"@type":"PropertyValueSpecification","valueRequired":true,"valueName":"search_term_string"}}],"inLanguage":"es"},{"@type":["Person","Organization"],"@id":"https:\/\/rafaramirez.org\/blog\/#\/schema\/person\/50f43b6d60c578760d4c17bda54ab6a5","name":"Rafael Ram\u00edrez","image":{"@type":"ImageObject","inLanguage":"es","@id":"https:\/\/rafaramirez.org\/blog\/wp-content\/uploads\/2024\/09\/RR_socialnetwork.jpg","url":"https:\/\/rafaramirez.org\/blog\/wp-content\/uploads\/2024\/09\/RR_socialnetwork.jpg","contentUrl":"https:\/\/rafaramirez.org\/blog\/wp-content\/uploads\/2024\/09\/RR_socialnetwork.jpg","width":600,"height":606,"caption":"Rafael Ram\u00edrez"},"logo":{"@id":"https:\/\/rafaramirez.org\/blog\/wp-content\/uploads\/2024\/09\/RR_socialnetwork.jpg"},"sameAs":["https:\/\/www.rafaramirez.org\/blog","https:\/\/www.instagram.com\/rafaramirez_ok\/","https:\/\/es.pinterest.com\/Ramirez_Rafa\/","https:\/\/x.com\/rafaramirez_ok"],"url":"https:\/\/rafaramirez.org\/blog\/index.php\/author\/rafaell_qm6j97da\/"}]}},"jetpack_publicize_connections":[],"jetpack_sharing_enabled":true,"jetpack_likes_enabled":true,"jetpack_featured_media_url":"https:\/\/rafaramirez.org\/blog\/wp-content\/uploads\/2025\/08\/Linger_bannerblog.jpg","_links":{"self":[{"href":"https:\/\/rafaramirez.org\/blog\/index.php\/wp-json\/wp\/v2\/posts\/9975","targetHints":{"allow":["GET"]}}],"collection":[{"href":"https:\/\/rafaramirez.org\/blog\/index.php\/wp-json\/wp\/v2\/posts"}],"about":[{"href":"https:\/\/rafaramirez.org\/blog\/index.php\/wp-json\/wp\/v2\/types\/post"}],"author":[{"embeddable":true,"href":"https:\/\/rafaramirez.org\/blog\/index.php\/wp-json\/wp\/v2\/users\/1"}],"replies":[{"embeddable":true,"href":"https:\/\/rafaramirez.org\/blog\/index.php\/wp-json\/wp\/v2\/comments?post=9975"}],"version-history":[{"count":6,"href":"https:\/\/rafaramirez.org\/blog\/index.php\/wp-json\/wp\/v2\/posts\/9975\/revisions"}],"predecessor-version":[{"id":9983,"href":"https:\/\/rafaramirez.org\/blog\/index.php\/wp-json\/wp\/v2\/posts\/9975\/revisions\/9983"}],"wp:featuredmedia":[{"embeddable":true,"href":"https:\/\/rafaramirez.org\/blog\/index.php\/wp-json\/wp\/v2\/media\/9978"}],"wp:attachment":[{"href":"https:\/\/rafaramirez.org\/blog\/index.php\/wp-json\/wp\/v2\/media?parent=9975"}],"wp:term":[{"taxonomy":"category","embeddable":true,"href":"https:\/\/rafaramirez.org\/blog\/index.php\/wp-json\/wp\/v2\/categories?post=9975"},{"taxonomy":"post_tag","embeddable":true,"href":"https:\/\/rafaramirez.org\/blog\/index.php\/wp-json\/wp\/v2\/tags?post=9975"}],"curies":[{"name":"wp","href":"https:\/\/api.w.org\/{rel}","templated":true}]}}