{"id":9968,"date":"2025-08-01T08:00:44","date_gmt":"2025-08-01T06:00:44","guid":{"rendered":"https:\/\/rafaramirez.org\/blog\/?p=9968"},"modified":"2025-07-16T11:35:35","modified_gmt":"2025-07-16T09:35:35","slug":"dia-de-la-pachamama","status":"publish","type":"post","link":"https:\/\/rafaramirez.org\/blog\/index.php\/2025\/08\/01\/dia-de-la-pachamama\/","title":{"rendered":"Rendirle tributo a la Tierra: Historia y magia del D\u00eda de la Pachamama."},"content":{"rendered":"<p>Cada 1 de agosto, en las tierras altas de los Andes, los pueblos quechua y aimara detienen por un momento sus faenas cotidianas para rendir homenaje a la Pachamama, la Madre Tierra. Esta celebraci\u00f3n, conocida tambi\u00e9n como Pachamama Raymi o D\u00eda de la Madre Tierra, se remonta a tiempos previos a la conquista espa\u00f1ola y se vincula directamente con el inicio del ciclo agr\u00edcola, cuando se preparan los suelos para recibir las lluvias y garantizar buenas cosechas.<\/p>\n<h3>Historia y ritual.<\/h3>\n<p>La historia de esta festividad se encuentra en el coraz\u00f3n de la cosmovisi\u00f3n andina, donde la tierra no es un mero recurso, sino un ente vivo que exige respeto y reciprocidad. Seg\u00fan los cronistas, aunque no hay documentos prehisp\u00e1nicos directos sobre su origen, la coincidencia con los trabajos de siembra y la ausencia de fuentes escritas hacen pensar que sus ra\u00edces se pierden miles de a\u00f1os en tradiciones orales relacionadas con el armonioso equilibrio entre el ser humano y la naturaleza.<\/p>\n<p>El ritual central consiste en ofrendar a la Pachamama \u201clo mejor del a\u00f1o\u201d: tub\u00e9rculos reci\u00e9n cosechados, frutas, granos, flores, kintus de hojas de coca, chicha de jora, vino, tabaco y otros elementos que representan la abundancia. Estas ofrendas se agrupan en un despacho, cuidadosamente armado sobre una manta colorida donde cada objeto ocupa un lugar preciso, antes de enterrarlo o incinerarlo como acto simb\u00f3lico de devoluci\u00f3n a la Madre Tierra. La ceremonia se gu\u00eda por los mayores de la comunidad o yatiris, quienes recitan plegarias en quechua o aymara, invocando tambi\u00e9n el favor de los apus, los esp\u00edritus de las monta\u00f1as sagradas.<\/p>\n<figure id=\"attachment_9971\" aria-describedby=\"caption-attachment-9971\" style=\"width: 300px\" class=\"wp-caption aligncenter\"><a href=\"https:\/\/rafaramirez.org\/blog\/wp-content\/uploads\/2025\/08\/Dia_de_la_Pachamama_2025_1.jpg\" target=\"_blank\" rel=\"noopener\"><img loading=\"lazy\" decoding=\"async\" class=\"wp-image-9971 size-medium\" src=\"https:\/\/rafaramirez.org\/blog\/wp-content\/uploads\/2025\/08\/Dia_de_la_Pachamama_2025_1-300x200.jpg\" alt=\"D\u00eda de la Pachamama. 1 de agosto de 2025. Blog de Rafael Ram\u00edrez. \" width=\"300\" height=\"200\" srcset=\"https:\/\/rafaramirez.org\/blog\/wp-content\/uploads\/2025\/08\/Dia_de_la_Pachamama_2025_1-300x200.jpg 300w, https:\/\/rafaramirez.org\/blog\/wp-content\/uploads\/2025\/08\/Dia_de_la_Pachamama_2025_1-768x512.jpg 768w, https:\/\/rafaramirez.org\/blog\/wp-content\/uploads\/2025\/08\/Dia_de_la_Pachamama_2025_1.jpg 900w\" sizes=\"auto, (max-width: 300px) 100vw, 300px\" \/><\/a><figcaption id=\"caption-attachment-9971\" class=\"wp-caption-text\">D\u00eda de la Pachamama. 1 de agosto de 2025. Blog de Rafael Ram\u00edrez.<\/figcaption><\/figure>\n<h3>Celebraci\u00f3n.<\/h3>\n<p>Aunque el eje de la celebraci\u00f3n es com\u00fan, cada pa\u00eds imprime su propio sello a la ceremonia. En el noroeste argentino \u2014sobre todo en Jujuy y Salta\u2014 se acostumbra enterrar una olla de barro con alimentos cocinados y beber ca\u00f1a con ruda en ayunas para alejar los males. Por su parte, en Bolivia, especialmente en El Alto, los primeros amaneceres de agosto se celebran con ch\u2019allas de alcohol sobre mesas dulces, donde figuras de az\u00facar \u2014llamadas \u201clos misterios\u201d\u2014 se consumen entre cenizas, sangre de llama, copal y resinas arom\u00e1ticas. En el norte de Chile, la fecha se honra bajo el nombre aimara Qulqi Uru, como D\u00eda de la Suerte o de la Abundancia; en Cusco, en cambio, las festividades se extienden durante todo agosto con el culto al Hatun Willka Haywarikuy, acompa\u00f1ado por cantos, danzas y vestimenta tradicional tanto de sacerdotes como de fieles. Finalmente, en Ecuador y Colombia, las comunidades andinas organizan rituales en chacras y plazas, dando forma a la celebraci\u00f3n seg\u00fan sus tradiciones locales.<\/p>\n<p>M\u00e1s all\u00e1 de la ofrenda, el D\u00eda de la Pachamama es un recordatorio de la interdependencia entre la humanidad y el cosmos. Al honrar a la diosa de la fertilidad y el espacio-tiempo, los andinos renuevan su compromiso con pr\u00e1cticas sostenibles y con la defensa de la Madre Tierra en un mundo cada vez m\u00e1s amenazado por el cambio clim\u00e1tico. As\u00ed, la Pachamama no solo vive en los rituales de agosto, sino en cada gesto de respeto hacia la naturaleza, desde la siembra de una semilla hasta el cuidado de un manantial.<\/p>\n<p>M\u00e1s informaci\u00f3n:<\/p>\n<ul>\n<li><a href=\"https:\/\/es.wikipedia.org\/wiki\/D%C3%ADa_de_la_Pachamama\" target=\"_blank\" rel=\"noopener\">D\u00eda de la Pachamama &#8211; Wikipedia, la enciclopedia libre<\/a>.<\/li>\n<li><a href=\"https:\/\/trexperienceperu.com\/es\/blog\/pachamama-mitos-significado-rituales-su-importancia-cultural\" target=\"_blank\" rel=\"noopener\">Pachamama: Mitos, rituales y su importancia cultural<\/a>.<\/li>\n<li><a href=\"https:\/\/rafaramirez.org\/blog\/index.php\/category\/arte\/efemerides\/\" target=\"_blank\" rel=\"noopener\">Otras efem\u00e9rides<\/a>.<\/li>\n<\/ul>\n","protected":false},"excerpt":{"rendered":"<p>Cada 1 de agosto, en las tierras altas de los Andes, los pueblos quechua y aimara detienen por un momento sus faenas cotidianas para rendir homenaje a la Pachamama, la Madre Tierra. Esta celebraci\u00f3n, conocida tambi\u00e9n como Pachamama Raymi o D\u00eda de la Madre Tierra, se remonta a tiempos previos a la conquista espa\u00f1ola y [&hellip;]<\/p>\n","protected":false},"author":1,"featured_media":9972,"comment_status":"open","ping_status":"closed","sticky":false,"template":"","format":"standard","meta":{"site-container-style":"default","site-container-layout":"default","site-sidebar-layout":"default","disable-article-header":"default","disable-site-header":"default","disable-site-footer":"default","disable-content-area-spacing":"default","_jetpack_newsletter_access":"","_jetpack_dont_email_post_to_subs":false,"_jetpack_newsletter_tier_id":0,"_jetpack_memberships_contains_paywalled_content":false,"_jetpack_feature_clip_id":0,"_jetpack_memberships_contains_paid_content":false,"footnotes":"","jetpack_publicize_message":"","jetpack_publicize_feature_enabled":true,"jetpack_social_post_already_shared":true,"jetpack_social_options":{"image_generator_settings":{"template":"highway","default_image_id":0,"font":"","enabled":false},"version":2},"jetpack_post_was_ever_published":false},"categories":[1291],"tags":[2909,2893,2891,2890,1332,2911,2898,2894,70,2904,2125,1820,2889,2469,2885,2887,1821,1323,2897,2895,2896,2903,2888,2906,2886,2907,362,2910,2892,2900],"class_list":["post-9968","post","type-post","status-publish","format-standard","has-post-thumbnail","hentry","category-efemerides","tag-1-de-agosto","tag-alimentos","tag-america","tag-andes","tag-argentina","tag-armonia-con-la-naturaleza","tag-ayni","tag-bebidas","tag-bolivia","tag-chicha","tag-chile","tag-colombia","tag-comunidades-quechua-y-aimara","tag-danzas","tag-dia-de-la-pachamama","tag-divinidad-andina","tag-ecuador","tag-efemerides","tag-elementos-simbolicos","tag-flores","tag-hojas-de-coca","tag-indigenas","tag-madre-tierra","tag-maiz","tag-pachamama-raymi","tag-papas","tag-peru","tag-rezos","tag-rituales","tag-universo-o-tiempo"],"yoast_head":"<!-- This site is optimized with the Yoast SEO plugin v28.4 - https:\/\/yoast.com\/product\/yoast-seo-wordpress\/ -->\n<title>Rendirle tributo a la Tierra: Historia y magia del D\u00eda de la Pachamama. - Blog de Rafael Ram\u00edrez<\/title>\n<meta name=\"description\" content=\"Cada 1 de agosto, en las tierras altas de los Andes, los pueblos quechua y aimara detienen sus faenas cotidianas para rendir homenaje a la Pachamama,\" \/>\n<meta name=\"robots\" content=\"index, follow, max-snippet:-1, max-image-preview:large, max-video-preview:-1\" \/>\n<link rel=\"canonical\" href=\"https:\/\/rafaramirez.org\/blog\/index.php\/2025\/08\/01\/dia-de-la-pachamama\/\" \/>\n<meta property=\"og:locale\" content=\"es_ES\" \/>\n<meta property=\"og:type\" content=\"article\" \/>\n<meta property=\"og:title\" content=\"Rendirle tributo a la Tierra: Historia y magia del D\u00eda de la Pachamama. - Blog de Rafael Ram\u00edrez\" \/>\n<meta property=\"og:description\" content=\"Cada 1 de agosto, en las tierras altas de los Andes, los pueblos quechua y aimara detienen sus faenas cotidianas para rendir homenaje a la Pachamama,\" \/>\n<meta property=\"og:url\" content=\"https:\/\/rafaramirez.org\/blog\/index.php\/2025\/08\/01\/dia-de-la-pachamama\/\" \/>\n<meta property=\"og:site_name\" content=\"Blog de Rafael Ram\u00edrez\" \/>\n<meta property=\"article:published_time\" content=\"2025-08-01T06:00:44+00:00\" \/>\n<meta property=\"og:image\" content=\"https:\/\/rafaramirez.org\/blog\/wp-content\/uploads\/2025\/08\/Dia_de_la_Pachamama_2025_bannerblog.jpg\" \/>\n\t<meta property=\"og:image:width\" content=\"720\" \/>\n\t<meta property=\"og:image:height\" content=\"440\" \/>\n\t<meta property=\"og:image:type\" content=\"image\/jpeg\" \/>\n<meta name=\"author\" content=\"Rafael Ram\u00edrez\" \/>\n<meta name=\"twitter:card\" content=\"summary_large_image\" \/>\n<meta name=\"twitter:creator\" content=\"@rafaramirez_ok\" \/>\n<meta name=\"twitter:site\" content=\"@rafaramirez_ok\" \/>\n<meta name=\"twitter:label1\" content=\"Escrito por\" \/>\n\t<meta name=\"twitter:data1\" content=\"Rafael Ram\u00edrez\" \/>\n\t<meta name=\"twitter:label2\" content=\"Tiempo de lectura\" \/>\n\t<meta name=\"twitter:data2\" content=\"3 minutos\" \/>\n<script type=\"application\/ld+json\" class=\"yoast-schema-graph\">{\"@context\":\"https:\\\/\\\/schema.org\",\"@graph\":[{\"@type\":\"Article\",\"@id\":\"https:\\\/\\\/rafaramirez.org\\\/blog\\\/index.php\\\/2025\\\/08\\\/01\\\/dia-de-la-pachamama\\\/#article\",\"isPartOf\":{\"@id\":\"https:\\\/\\\/rafaramirez.org\\\/blog\\\/index.php\\\/2025\\\/08\\\/01\\\/dia-de-la-pachamama\\\/\"},\"author\":{\"name\":\"Rafael Ram\u00edrez\",\"@id\":\"https:\\\/\\\/rafaramirez.org\\\/blog\\\/#\\\/schema\\\/person\\\/50f43b6d60c578760d4c17bda54ab6a5\"},\"headline\":\"Rendirle tributo a la Tierra: Historia y magia del D\u00eda de la Pachamama.\",\"datePublished\":\"2025-08-01T06:00:44+00:00\",\"mainEntityOfPage\":{\"@id\":\"https:\\\/\\\/rafaramirez.org\\\/blog\\\/index.php\\\/2025\\\/08\\\/01\\\/dia-de-la-pachamama\\\/\"},\"wordCount\":617,\"commentCount\":0,\"publisher\":{\"@id\":\"https:\\\/\\\/rafaramirez.org\\\/blog\\\/#\\\/schema\\\/person\\\/50f43b6d60c578760d4c17bda54ab6a5\"},\"image\":{\"@id\":\"https:\\\/\\\/rafaramirez.org\\\/blog\\\/index.php\\\/2025\\\/08\\\/01\\\/dia-de-la-pachamama\\\/#primaryimage\"},\"thumbnailUrl\":\"https:\\\/\\\/rafaramirez.org\\\/blog\\\/wp-content\\\/uploads\\\/2025\\\/08\\\/Dia_de_la_Pachamama_2025_bannerblog.jpg\",\"keywords\":[\"1 de agosto\",\"alimentos\",\"Am\u00e9rica.\",\"Andes\",\"Argentina\",\"armon\u00eda con la naturaleza\",\"ayni\",\"bebidas\",\"bolivia\",\"chicha\",\"Chile\",\"Colombia\",\"comunidades quechua y aimara\",\"danzas\",\"D\u00eda de la Pachamama\",\"divinidad andina\",\"Ecuador\",\"efem\u00e9rides\",\"elementos simb\u00f3licos\",\"flores\",\"hojas de coca\",\"ind\u00edgenas\",\"Madre Tierra\",\"ma\u00edz\",\"Pachamama Raymi\",\"papas\",\"Per\u00fa\",\"rezos\",\"rituales\",\"universo o tiempo\"],\"articleSection\":[\"Efem\u00e9rides\"],\"inLanguage\":\"es\",\"potentialAction\":[{\"@type\":\"CommentAction\",\"name\":\"Comment\",\"target\":[\"https:\\\/\\\/rafaramirez.org\\\/blog\\\/index.php\\\/2025\\\/08\\\/01\\\/dia-de-la-pachamama\\\/#respond\"]}]},{\"@type\":\"WebPage\",\"@id\":\"https:\\\/\\\/rafaramirez.org\\\/blog\\\/index.php\\\/2025\\\/08\\\/01\\\/dia-de-la-pachamama\\\/\",\"url\":\"https:\\\/\\\/rafaramirez.org\\\/blog\\\/index.php\\\/2025\\\/08\\\/01\\\/dia-de-la-pachamama\\\/\",\"name\":\"Rendirle tributo a la Tierra: Historia y magia del D\u00eda de la Pachamama. - Blog de Rafael Ram\u00edrez\",\"isPartOf\":{\"@id\":\"https:\\\/\\\/rafaramirez.org\\\/blog\\\/#website\"},\"primaryImageOfPage\":{\"@id\":\"https:\\\/\\\/rafaramirez.org\\\/blog\\\/index.php\\\/2025\\\/08\\\/01\\\/dia-de-la-pachamama\\\/#primaryimage\"},\"image\":{\"@id\":\"https:\\\/\\\/rafaramirez.org\\\/blog\\\/index.php\\\/2025\\\/08\\\/01\\\/dia-de-la-pachamama\\\/#primaryimage\"},\"thumbnailUrl\":\"https:\\\/\\\/rafaramirez.org\\\/blog\\\/wp-content\\\/uploads\\\/2025\\\/08\\\/Dia_de_la_Pachamama_2025_bannerblog.jpg\",\"datePublished\":\"2025-08-01T06:00:44+00:00\",\"description\":\"Cada 1 de agosto, en las tierras altas de los Andes, los pueblos quechua y aimara detienen sus faenas cotidianas para rendir homenaje a la Pachamama,\",\"breadcrumb\":{\"@id\":\"https:\\\/\\\/rafaramirez.org\\\/blog\\\/index.php\\\/2025\\\/08\\\/01\\\/dia-de-la-pachamama\\\/#breadcrumb\"},\"inLanguage\":\"es\",\"potentialAction\":[{\"@type\":\"ReadAction\",\"target\":[\"https:\\\/\\\/rafaramirez.org\\\/blog\\\/index.php\\\/2025\\\/08\\\/01\\\/dia-de-la-pachamama\\\/\"]}]},{\"@type\":\"ImageObject\",\"inLanguage\":\"es\",\"@id\":\"https:\\\/\\\/rafaramirez.org\\\/blog\\\/index.php\\\/2025\\\/08\\\/01\\\/dia-de-la-pachamama\\\/#primaryimage\",\"url\":\"https:\\\/\\\/rafaramirez.org\\\/blog\\\/wp-content\\\/uploads\\\/2025\\\/08\\\/Dia_de_la_Pachamama_2025_bannerblog.jpg\",\"contentUrl\":\"https:\\\/\\\/rafaramirez.org\\\/blog\\\/wp-content\\\/uploads\\\/2025\\\/08\\\/Dia_de_la_Pachamama_2025_bannerblog.jpg\",\"width\":720,\"height\":440,\"caption\":\"D\u00eda de la Pachamama. 1 de agosto de 2025. Blog de Rafael Ram\u00edrez.\"},{\"@type\":\"BreadcrumbList\",\"@id\":\"https:\\\/\\\/rafaramirez.org\\\/blog\\\/index.php\\\/2025\\\/08\\\/01\\\/dia-de-la-pachamama\\\/#breadcrumb\",\"itemListElement\":[{\"@type\":\"ListItem\",\"position\":1,\"name\":\"Portada\",\"item\":\"https:\\\/\\\/rafaramirez.org\\\/blog\\\/\"},{\"@type\":\"ListItem\",\"position\":2,\"name\":\"Rendirle tributo a la Tierra: Historia y magia del D\u00eda de la Pachamama.\"}]},{\"@type\":\"WebSite\",\"@id\":\"https:\\\/\\\/rafaramirez.org\\\/blog\\\/#website\",\"url\":\"https:\\\/\\\/rafaramirez.org\\\/blog\\\/\",\"name\":\"Blog de Rafael Ram\u00edrez\",\"description\":\"Un sitio social, de arte y cultura\",\"publisher\":{\"@id\":\"https:\\\/\\\/rafaramirez.org\\\/blog\\\/#\\\/schema\\\/person\\\/50f43b6d60c578760d4c17bda54ab6a5\"},\"potentialAction\":[{\"@type\":\"SearchAction\",\"target\":{\"@type\":\"EntryPoint\",\"urlTemplate\":\"https:\\\/\\\/rafaramirez.org\\\/blog\\\/?s={search_term_string}\"},\"query-input\":{\"@type\":\"PropertyValueSpecification\",\"valueRequired\":true,\"valueName\":\"search_term_string\"}}],\"inLanguage\":\"es\"},{\"@type\":[\"Person\",\"Organization\"],\"@id\":\"https:\\\/\\\/rafaramirez.org\\\/blog\\\/#\\\/schema\\\/person\\\/50f43b6d60c578760d4c17bda54ab6a5\",\"name\":\"Rafael Ram\u00edrez\",\"image\":{\"@type\":\"ImageObject\",\"inLanguage\":\"es\",\"@id\":\"https:\\\/\\\/rafaramirez.org\\\/blog\\\/wp-content\\\/uploads\\\/2024\\\/09\\\/RR_socialnetwork.jpg\",\"url\":\"https:\\\/\\\/rafaramirez.org\\\/blog\\\/wp-content\\\/uploads\\\/2024\\\/09\\\/RR_socialnetwork.jpg\",\"contentUrl\":\"https:\\\/\\\/rafaramirez.org\\\/blog\\\/wp-content\\\/uploads\\\/2024\\\/09\\\/RR_socialnetwork.jpg\",\"width\":600,\"height\":606,\"caption\":\"Rafael Ram\u00edrez\"},\"logo\":{\"@id\":\"https:\\\/\\\/rafaramirez.org\\\/blog\\\/wp-content\\\/uploads\\\/2024\\\/09\\\/RR_socialnetwork.jpg\"},\"sameAs\":[\"https:\\\/\\\/www.rafaramirez.org\\\/blog\",\"https:\\\/\\\/www.instagram.com\\\/rafaramirez_ok\\\/\",\"https:\\\/\\\/es.pinterest.com\\\/Ramirez_Rafa\\\/\",\"https:\\\/\\\/x.com\\\/rafaramirez_ok\"],\"url\":\"https:\\\/\\\/rafaramirez.org\\\/blog\\\/index.php\\\/author\\\/rafaell_qm6j97da\\\/\"}]}<\/script>\n<!-- \/ Yoast SEO plugin. -->","yoast_head_json":{"title":"Rendirle tributo a la Tierra: Historia y magia del D\u00eda de la Pachamama. - Blog de Rafael Ram\u00edrez","description":"Cada 1 de agosto, en las tierras altas de los Andes, los pueblos quechua y aimara detienen sus faenas cotidianas para rendir homenaje a la Pachamama,","robots":{"index":"index","follow":"follow","max-snippet":"max-snippet:-1","max-image-preview":"max-image-preview:large","max-video-preview":"max-video-preview:-1"},"canonical":"https:\/\/rafaramirez.org\/blog\/index.php\/2025\/08\/01\/dia-de-la-pachamama\/","og_locale":"es_ES","og_type":"article","og_title":"Rendirle tributo a la Tierra: Historia y magia del D\u00eda de la Pachamama. - Blog de Rafael Ram\u00edrez","og_description":"Cada 1 de agosto, en las tierras altas de los Andes, los pueblos quechua y aimara detienen sus faenas cotidianas para rendir homenaje a la Pachamama,","og_url":"https:\/\/rafaramirez.org\/blog\/index.php\/2025\/08\/01\/dia-de-la-pachamama\/","og_site_name":"Blog de Rafael Ram\u00edrez","article_published_time":"2025-08-01T06:00:44+00:00","og_image":[{"width":720,"height":440,"url":"https:\/\/rafaramirez.org\/blog\/wp-content\/uploads\/2025\/08\/Dia_de_la_Pachamama_2025_bannerblog.jpg","type":"image\/jpeg"}],"author":"Rafael Ram\u00edrez","twitter_card":"summary_large_image","twitter_creator":"@rafaramirez_ok","twitter_site":"@rafaramirez_ok","twitter_misc":{"Escrito por":"Rafael Ram\u00edrez","Tiempo de lectura":"3 minutos"},"schema":{"@context":"https:\/\/schema.org","@graph":[{"@type":"Article","@id":"https:\/\/rafaramirez.org\/blog\/index.php\/2025\/08\/01\/dia-de-la-pachamama\/#article","isPartOf":{"@id":"https:\/\/rafaramirez.org\/blog\/index.php\/2025\/08\/01\/dia-de-la-pachamama\/"},"author":{"name":"Rafael Ram\u00edrez","@id":"https:\/\/rafaramirez.org\/blog\/#\/schema\/person\/50f43b6d60c578760d4c17bda54ab6a5"},"headline":"Rendirle tributo a la Tierra: Historia y magia del D\u00eda de la Pachamama.","datePublished":"2025-08-01T06:00:44+00:00","mainEntityOfPage":{"@id":"https:\/\/rafaramirez.org\/blog\/index.php\/2025\/08\/01\/dia-de-la-pachamama\/"},"wordCount":617,"commentCount":0,"publisher":{"@id":"https:\/\/rafaramirez.org\/blog\/#\/schema\/person\/50f43b6d60c578760d4c17bda54ab6a5"},"image":{"@id":"https:\/\/rafaramirez.org\/blog\/index.php\/2025\/08\/01\/dia-de-la-pachamama\/#primaryimage"},"thumbnailUrl":"https:\/\/rafaramirez.org\/blog\/wp-content\/uploads\/2025\/08\/Dia_de_la_Pachamama_2025_bannerblog.jpg","keywords":["1 de agosto","alimentos","Am\u00e9rica.","Andes","Argentina","armon\u00eda con la naturaleza","ayni","bebidas","bolivia","chicha","Chile","Colombia","comunidades quechua y aimara","danzas","D\u00eda de la Pachamama","divinidad andina","Ecuador","efem\u00e9rides","elementos simb\u00f3licos","flores","hojas de coca","ind\u00edgenas","Madre Tierra","ma\u00edz","Pachamama Raymi","papas","Per\u00fa","rezos","rituales","universo o tiempo"],"articleSection":["Efem\u00e9rides"],"inLanguage":"es","potentialAction":[{"@type":"CommentAction","name":"Comment","target":["https:\/\/rafaramirez.org\/blog\/index.php\/2025\/08\/01\/dia-de-la-pachamama\/#respond"]}]},{"@type":"WebPage","@id":"https:\/\/rafaramirez.org\/blog\/index.php\/2025\/08\/01\/dia-de-la-pachamama\/","url":"https:\/\/rafaramirez.org\/blog\/index.php\/2025\/08\/01\/dia-de-la-pachamama\/","name":"Rendirle tributo a la Tierra: Historia y magia del D\u00eda de la Pachamama. - Blog de Rafael Ram\u00edrez","isPartOf":{"@id":"https:\/\/rafaramirez.org\/blog\/#website"},"primaryImageOfPage":{"@id":"https:\/\/rafaramirez.org\/blog\/index.php\/2025\/08\/01\/dia-de-la-pachamama\/#primaryimage"},"image":{"@id":"https:\/\/rafaramirez.org\/blog\/index.php\/2025\/08\/01\/dia-de-la-pachamama\/#primaryimage"},"thumbnailUrl":"https:\/\/rafaramirez.org\/blog\/wp-content\/uploads\/2025\/08\/Dia_de_la_Pachamama_2025_bannerblog.jpg","datePublished":"2025-08-01T06:00:44+00:00","description":"Cada 1 de agosto, en las tierras altas de los Andes, los pueblos quechua y aimara detienen sus faenas cotidianas para rendir homenaje a la Pachamama,","breadcrumb":{"@id":"https:\/\/rafaramirez.org\/blog\/index.php\/2025\/08\/01\/dia-de-la-pachamama\/#breadcrumb"},"inLanguage":"es","potentialAction":[{"@type":"ReadAction","target":["https:\/\/rafaramirez.org\/blog\/index.php\/2025\/08\/01\/dia-de-la-pachamama\/"]}]},{"@type":"ImageObject","inLanguage":"es","@id":"https:\/\/rafaramirez.org\/blog\/index.php\/2025\/08\/01\/dia-de-la-pachamama\/#primaryimage","url":"https:\/\/rafaramirez.org\/blog\/wp-content\/uploads\/2025\/08\/Dia_de_la_Pachamama_2025_bannerblog.jpg","contentUrl":"https:\/\/rafaramirez.org\/blog\/wp-content\/uploads\/2025\/08\/Dia_de_la_Pachamama_2025_bannerblog.jpg","width":720,"height":440,"caption":"D\u00eda de la Pachamama. 1 de agosto de 2025. Blog de Rafael Ram\u00edrez."},{"@type":"BreadcrumbList","@id":"https:\/\/rafaramirez.org\/blog\/index.php\/2025\/08\/01\/dia-de-la-pachamama\/#breadcrumb","itemListElement":[{"@type":"ListItem","position":1,"name":"Portada","item":"https:\/\/rafaramirez.org\/blog\/"},{"@type":"ListItem","position":2,"name":"Rendirle tributo a la Tierra: Historia y magia del D\u00eda de la Pachamama."}]},{"@type":"WebSite","@id":"https:\/\/rafaramirez.org\/blog\/#website","url":"https:\/\/rafaramirez.org\/blog\/","name":"Blog de Rafael Ram\u00edrez","description":"Un sitio social, de arte y cultura","publisher":{"@id":"https:\/\/rafaramirez.org\/blog\/#\/schema\/person\/50f43b6d60c578760d4c17bda54ab6a5"},"potentialAction":[{"@type":"SearchAction","target":{"@type":"EntryPoint","urlTemplate":"https:\/\/rafaramirez.org\/blog\/?s={search_term_string}"},"query-input":{"@type":"PropertyValueSpecification","valueRequired":true,"valueName":"search_term_string"}}],"inLanguage":"es"},{"@type":["Person","Organization"],"@id":"https:\/\/rafaramirez.org\/blog\/#\/schema\/person\/50f43b6d60c578760d4c17bda54ab6a5","name":"Rafael Ram\u00edrez","image":{"@type":"ImageObject","inLanguage":"es","@id":"https:\/\/rafaramirez.org\/blog\/wp-content\/uploads\/2024\/09\/RR_socialnetwork.jpg","url":"https:\/\/rafaramirez.org\/blog\/wp-content\/uploads\/2024\/09\/RR_socialnetwork.jpg","contentUrl":"https:\/\/rafaramirez.org\/blog\/wp-content\/uploads\/2024\/09\/RR_socialnetwork.jpg","width":600,"height":606,"caption":"Rafael Ram\u00edrez"},"logo":{"@id":"https:\/\/rafaramirez.org\/blog\/wp-content\/uploads\/2024\/09\/RR_socialnetwork.jpg"},"sameAs":["https:\/\/www.rafaramirez.org\/blog","https:\/\/www.instagram.com\/rafaramirez_ok\/","https:\/\/es.pinterest.com\/Ramirez_Rafa\/","https:\/\/x.com\/rafaramirez_ok"],"url":"https:\/\/rafaramirez.org\/blog\/index.php\/author\/rafaell_qm6j97da\/"}]}},"jetpack_publicize_connections":[],"jetpack_sharing_enabled":true,"jetpack_likes_enabled":true,"jetpack_featured_media_url":"https:\/\/rafaramirez.org\/blog\/wp-content\/uploads\/2025\/08\/Dia_de_la_Pachamama_2025_bannerblog.jpg","_links":{"self":[{"href":"https:\/\/rafaramirez.org\/blog\/index.php\/wp-json\/wp\/v2\/posts\/9968","targetHints":{"allow":["GET"]}}],"collection":[{"href":"https:\/\/rafaramirez.org\/blog\/index.php\/wp-json\/wp\/v2\/posts"}],"about":[{"href":"https:\/\/rafaramirez.org\/blog\/index.php\/wp-json\/wp\/v2\/types\/post"}],"author":[{"embeddable":true,"href":"https:\/\/rafaramirez.org\/blog\/index.php\/wp-json\/wp\/v2\/users\/1"}],"replies":[{"embeddable":true,"href":"https:\/\/rafaramirez.org\/blog\/index.php\/wp-json\/wp\/v2\/comments?post=9968"}],"version-history":[{"count":4,"href":"https:\/\/rafaramirez.org\/blog\/index.php\/wp-json\/wp\/v2\/posts\/9968\/revisions"}],"predecessor-version":[{"id":9970,"href":"https:\/\/rafaramirez.org\/blog\/index.php\/wp-json\/wp\/v2\/posts\/9968\/revisions\/9970"}],"wp:featuredmedia":[{"embeddable":true,"href":"https:\/\/rafaramirez.org\/blog\/index.php\/wp-json\/wp\/v2\/media\/9972"}],"wp:attachment":[{"href":"https:\/\/rafaramirez.org\/blog\/index.php\/wp-json\/wp\/v2\/media?parent=9968"}],"wp:term":[{"taxonomy":"category","embeddable":true,"href":"https:\/\/rafaramirez.org\/blog\/index.php\/wp-json\/wp\/v2\/categories?post=9968"},{"taxonomy":"post_tag","embeddable":true,"href":"https:\/\/rafaramirez.org\/blog\/index.php\/wp-json\/wp\/v2\/tags?post=9968"}],"curies":[{"name":"wp","href":"https:\/\/api.w.org\/{rel}","templated":true}]}}