{"id":9956,"date":"2025-07-31T08:00:44","date_gmt":"2025-07-31T06:00:44","guid":{"rendered":"https:\/\/rafaramirez.org\/blog\/?p=9956"},"modified":"2026-07-14T11:42:49","modified_gmt":"2026-07-14T09:42:49","slug":"el-postimpresionismo-en-la-pintura","status":"publish","type":"post","link":"https:\/\/rafaramirez.org\/blog\/index.php\/2025\/07\/31\/el-postimpresionismo-en-la-pintura\/","title":{"rendered":"El postimpresionismo en la pintura."},"content":{"rendered":"<p>El t\u00e9rmino \u00abpostimpresionismo\u00bb fue acu\u00f1ado por el cr\u00edtico brit\u00e1nico Roger Fry en 1910, con motivo de una exposici\u00f3n londinense que reuni\u00f3 obras de <a href=\"https:\/\/rafaramirez.org\/blog\/index.php\/2024\/06\/11\/paul-cezanne\/\" target=\"_blank\" rel=\"noopener\">C\u00e9zanne<\/a>, <a href=\"https:\/\/rafaramirez.org\/blog\/index.php\/2025\/04\/25\/paul-gauguin-pintor\/\" target=\"_blank\" rel=\"noopener\">Gauguin<\/a> y <a href=\"https:\/\/rafaramirez.org\/blog\/index.php\/2024\/01\/26\/vincent-van-gogh-no-se-considera-un-pintor-impresionista\/\" target=\"_blank\" rel=\"noopener\">Van Gogh<\/a>. Este conjunto de estilos pict\u00f3ricos se desarroll\u00f3 en Francia entre aproximadamente 1875 y 1905, sin un programa com\u00fan, pero con la voluntad de ampliar los l\u00edmites expresivos del impresionismo.<\/p>\n<h3>Caracter\u00edsticas generales.<\/h3>\n<ul>\n<li>Visi\u00f3n subjetiva: se prioriza la emoci\u00f3n y la interpretaci\u00f3n personal sobre la reproducci\u00f3n fiel de la realidad.<\/li>\n<li>Uso expresivo del color: los tonos se eligen por su carga simb\u00f3lica y emocional, y no por su correspondencia con la naturaleza.<\/li>\n<li>Libertad formal: se abandona la profundidad realista, los contornos son gruesos y los planos de color rompen con la verosimilitud.<\/li>\n<li>Exploraci\u00f3n t\u00e9cnica: surgieron innovaciones como el puntillismo, la geometrizaci\u00f3n de las formas y el sintetismo.<\/li>\n<\/ul>\n<p>Todas estas caracter\u00edsticas configuraron un arte heterog\u00e9neo, pero coherente en su af\u00e1n de introspecci\u00f3n y ruptura con las reglas acad\u00e9micas tradicionales.<\/p>\n<h3>T\u00e9cnicas y tendencias.<\/h3>\n<p>Las t\u00e9cnicas y tendencias aplicadas por los diferentes artistas postimpresionistas fueron variadas y muy creativas. A continuaci\u00f3n, te presento algunas de las m\u00e1s representativas:<\/p>\n<ul>\n<li>Puntillismo o divisionismo: aplicaci\u00f3n meticulosa de peque\u00f1os puntos de color para crear mezclas \u00f3pticas (<a href=\"https:\/\/rafaramirez.org\/blog\/index.php\/2025\/10\/06\/georges-seurat-biografia\/\" target=\"_blank\" rel=\"noopener\">Seurat<\/a>, <a href=\"https:\/\/rafaramirez.org\/blog\/index.php\/2025\/12\/17\/paul-signac-biografia\/\" target=\"_blank\" rel=\"noopener\">Signac<\/a>).<\/li>\n<li>Sintetismo: es la s\u00edntesis de la forma natural, el sentimiento del pintor y las consideraciones est\u00e9ticas de l\u00ednea y color (<a href=\"https:\/\/rafaramirez.org\/blog\/index.php\/2025\/04\/25\/paul-gauguin-pintor\/\" target=\"_blank\" rel=\"noopener\">Gauguin<\/a>).<\/li>\n<li>Estructuraci\u00f3n geom\u00e9trica: reducci\u00f3n de los vol\u00famenes a cilindros, conos y esferas, que anticipa el cubismo (<a href=\"https:\/\/rafaramirez.org\/blog\/index.php\/2024\/06\/11\/paul-cezanne\/\" target=\"_blank\" rel=\"noopener\">C\u00e9zanne<\/a>).<\/li>\n<li>Primitivismo y na\u00edf: muestran un inter\u00e9s por el arte ex\u00f3tico y popular, que se plasma en escenas cargadas de simbolismo arcaico (<a href=\"https:\/\/rafaramirez.org\/blog\/index.php\/2025\/04\/25\/paul-gauguin-pintor\/\" target=\"_blank\" rel=\"noopener\">Gauguin<\/a>, <a href=\"https:\/\/rafaramirez.org\/blog\/index.php\/2025\/03\/03\/henri-rousseau-pintor\/\" target=\"_blank\" rel=\"noopener\">Rousseau<\/a>).<\/li>\n<\/ul>\n<p>Estos enfoques marcaron distintas corrientes dentro del postimpresionismo, que se acercaron tanto a la abstracci\u00f3n como al arte simb\u00f3lico y popular.<\/p>\n<h3>Artistas destacados.<\/h3>\n<p>Entre los pintores m\u00e1s destacados del postimpresionismo se encuentran:<\/p>\n<ul>\n<li><a href=\"https:\/\/rafaramirez.org\/blog\/index.php\/2024\/01\/26\/vincent-van-gogh-no-se-considera-un-pintor-impresionista\/\" target=\"_blank\" rel=\"noopener\">Vincent van Gogh<\/a>: pinceladas ondulantes y colores intensos que expresan estados de \u00e1nimo m\u00e1s all\u00e1 de lo visible.<\/li>\n<li><a href=\"https:\/\/rafaramirez.org\/blog\/index.php\/2025\/04\/25\/paul-gauguin-pintor\/\" target=\"_blank\" rel=\"noopener\">Paul Gauguin<\/a>: uso de grandes superficies de color puro y motivos ex\u00f3ticos, base del sintetismo y precedente del <a href=\"https:\/\/rafaramirez.org\/blog\/index.php\/2025\/06\/18\/fauvismo\/\" target=\"_blank\" rel=\"noopener\">fauvismo<\/a>.<\/li>\n<li><a href=\"https:\/\/rafaramirez.org\/blog\/index.php\/2024\/06\/11\/paul-cezanne\/\" target=\"_blank\" rel=\"noopener\">Paul C\u00e9zanne<\/a>: hizo pivotar el arte hacia la s\u00edntesis geom\u00e9trica de la naturaleza, ejerciendo una influencia directa sobre el cubismo.<\/li>\n<li><a href=\"https:\/\/rafaramirez.org\/blog\/index.php\/2025\/10\/06\/georges-seurat-biografia\/\" target=\"_blank\" rel=\"noopener\">Georges Seurat<\/a>: es el inventor del puntillismo y logr\u00f3 vol\u00famenes s\u00f3lidos y efectos de luz mediante la divisi\u00f3n del color.<\/li>\n<li><a href=\"https:\/\/rafaramirez.org\/blog\/index.php\/2025\/07\/16\/henri-de-toulouse-lautrec\/\" target=\"_blank\" rel=\"noopener\">Henri de Toulouse-Lautrec<\/a>: retrat\u00f3 la vida bohemia de Par\u00eds con un trazo en\u00e9rgico y composiciones audaces.<\/li>\n<li><a href=\"https:\/\/rafaramirez.org\/blog\/index.php\/2025\/03\/03\/henri-rousseau-pintor\/\" target=\"_blank\" rel=\"noopener\">Henri Rousseau<\/a>: pintor autodidacta que plasm\u00f3 selvas imaginarias con un estilo na\u00edf y simb\u00f3lico.<\/li>\n<\/ul>\n<p>Cada uno de estos creadores desarroll\u00f3 un lenguaje propio, pero todos compartieron la voluntad de plasmar su visi\u00f3n interior en el lienzo.<\/p>\n<h3>Principales obras postimpresionistas.<\/h3>\n<p>Entre las obras fundamentales del postimpresionismo est\u00e1n:<\/p>\n<ol>\n<li>La noche estrellada (1889), de Vincent van Gogh, es uno de los lienzos m\u00e1s emblem\u00e1ticos, en el que el artista abandona la observaci\u00f3n directa para plasmar su mundo interior con pinceladas ondulantes y colores vibrantes.\n<p><figure id=\"attachment_3111\" aria-describedby=\"caption-attachment-3111\" style=\"width: 300px\" class=\"wp-caption aligncenter\"><a href=\"https:\/\/rafaramirez.org\/blog\/wp-content\/uploads\/2024\/01\/Van_Gogh_-_Starry_Night_1889.jpg\" target=\"_blank\" rel=\"noopener\"><img loading=\"lazy\" decoding=\"async\" class=\"wp-image-3111 size-medium\" src=\"https:\/\/rafaramirez.org\/blog\/wp-content\/uploads\/2024\/01\/Van_Gogh_-_Starry_Night_1889-300x237.jpg\" alt=\"La noche estrellada (1889) de Vincent van Gogh\" width=\"300\" height=\"237\" srcset=\"https:\/\/rafaramirez.org\/blog\/wp-content\/uploads\/2024\/01\/Van_Gogh_-_Starry_Night_1889-300x237.jpg 300w, https:\/\/rafaramirez.org\/blog\/wp-content\/uploads\/2024\/01\/Van_Gogh_-_Starry_Night_1889-768x608.jpg 768w, https:\/\/rafaramirez.org\/blog\/wp-content\/uploads\/2024\/01\/Van_Gogh_-_Starry_Night_1889.jpg 800w\" sizes=\"auto, (max-width: 300px) 100vw, 300px\" \/><\/a><figcaption id=\"caption-attachment-3111\" class=\"wp-caption-text\">La noche estrellada (1889) de Vincent van Gogh. Blog de Rafael Ram\u00edrez.<\/figcaption><\/figure><\/li>\n<li>El sue\u00f1o (1910), de Henri Rousseau, es una pintura de atm\u00f3sfera on\u00edrica y estilo na\u00edf, en la que la selva imaginada se convierte en escenario de una visi\u00f3n misteriosa y simb\u00f3lica.\n<p><figure id=\"attachment_8248\" aria-describedby=\"caption-attachment-8248\" style=\"width: 300px\" class=\"wp-caption aligncenter\"><a href=\"https:\/\/rafaramirez.org\/blog\/wp-content\/uploads\/2025\/03\/El_sueno_1910-Henri_Rousseau_ok.jpg\" target=\"_blank\" rel=\"noopener\"><img loading=\"lazy\" decoding=\"async\" class=\"wp-image-8248 size-medium\" src=\"https:\/\/rafaramirez.org\/blog\/wp-content\/uploads\/2025\/03\/El_sueno_1910-Henri_Rousseau_ok-300x204.jpg\" alt=\"El Sue\u00f1o (1910) del pintor Henri Rousseau. Blog de Rafael Ram\u00edrez.\" width=\"300\" height=\"204\" srcset=\"https:\/\/rafaramirez.org\/blog\/wp-content\/uploads\/2025\/03\/El_sueno_1910-Henri_Rousseau_ok-300x204.jpg 300w, https:\/\/rafaramirez.org\/blog\/wp-content\/uploads\/2025\/03\/El_sueno_1910-Henri_Rousseau_ok-1024x697.jpg 1024w, https:\/\/rafaramirez.org\/blog\/wp-content\/uploads\/2025\/03\/El_sueno_1910-Henri_Rousseau_ok-768x523.jpg 768w, https:\/\/rafaramirez.org\/blog\/wp-content\/uploads\/2025\/03\/El_sueno_1910-Henri_Rousseau_ok.jpg 1200w\" sizes=\"auto, (max-width: 300px) 100vw, 300px\" \/><\/a><figcaption id=\"caption-attachment-8248\" class=\"wp-caption-text\">El Sue\u00f1o (1910) de Henri Rousseau. Blog de Rafael Ram\u00edrez.<\/figcaption><\/figure><\/li>\n<li>En el Moulin Rouge, el baile (1895), de Henri de Toulouse-Lautrec, se ofrece una v\u00edvida representaci\u00f3n de la vida nocturna parisina, con contornos definidos y un trazo que roza la caricatura para captar la energ\u00eda del cabaret.\n<p><figure id=\"attachment_9801\" aria-describedby=\"caption-attachment-9801\" style=\"width: 300px\" class=\"wp-caption aligncenter\"><a href=\"https:\/\/rafaramirez.org\/blog\/wp-content\/uploads\/2025\/07\/HenriDeToulouse-Lautrec-AtTheMoulinRouge-TheDance-1889-90-VR_ok.jpg\" target=\"_blank\" rel=\"noopener\"><img loading=\"lazy\" decoding=\"async\" class=\"wp-image-9801 size-medium\" src=\"https:\/\/rafaramirez.org\/blog\/wp-content\/uploads\/2025\/07\/HenriDeToulouse-Lautrec-AtTheMoulinRouge-TheDance-1889-90-VR_ok-300x231.jpg\" alt=\"En el Moulin-Rouge: el baile (Au Moulin Rouge: La Goulue y Jane Avril), 1890. Henri de Toulouse-Lautrec.\" width=\"300\" height=\"231\" srcset=\"https:\/\/rafaramirez.org\/blog\/wp-content\/uploads\/2025\/07\/HenriDeToulouse-Lautrec-AtTheMoulinRouge-TheDance-1889-90-VR_ok-300x231.jpg 300w, https:\/\/rafaramirez.org\/blog\/wp-content\/uploads\/2025\/07\/HenriDeToulouse-Lautrec-AtTheMoulinRouge-TheDance-1889-90-VR_ok-1024x787.jpg 1024w, https:\/\/rafaramirez.org\/blog\/wp-content\/uploads\/2025\/07\/HenriDeToulouse-Lautrec-AtTheMoulinRouge-TheDance-1889-90-VR_ok-768x591.jpg 768w, https:\/\/rafaramirez.org\/blog\/wp-content\/uploads\/2025\/07\/HenriDeToulouse-Lautrec-AtTheMoulinRouge-TheDance-1889-90-VR_ok-1536x1181.jpg 1536w, https:\/\/rafaramirez.org\/blog\/wp-content\/uploads\/2025\/07\/HenriDeToulouse-Lautrec-AtTheMoulinRouge-TheDance-1889-90-VR_ok.jpg 1900w\" sizes=\"auto, (max-width: 300px) 100vw, 300px\" \/><\/a><figcaption id=\"caption-attachment-9801\" class=\"wp-caption-text\">En el Moulin-Rouge: el baile (Au Moulin Rouge: La Goulue y Jane Avril), 1890. Henri de Toulouse-Lautrec.<\/figcaption><\/figure><\/li>\n<li>El Cristo amarillo (1889), de Paul Gauguin, es una obra de fuertes contrastes y superficies planas en la que el color adquiere un valor simb\u00f3lico en la escena de la crucifixi\u00f3n, ambientada en Breta\u00f1a.\n<p><figure id=\"attachment_8928\" aria-describedby=\"caption-attachment-8928\" style=\"width: 235px\" class=\"wp-caption aligncenter\"><a href=\"https:\/\/rafaramirez.org\/blog\/wp-content\/uploads\/2025\/04\/Paul_Gauguin_El-Cristo-amarillo-1889_rzok.jpg\" target=\"_blank\" rel=\"noopener\"><img loading=\"lazy\" decoding=\"async\" class=\"wp-image-8928 size-medium\" src=\"https:\/\/rafaramirez.org\/blog\/wp-content\/uploads\/2025\/04\/Paul_Gauguin_El-Cristo-amarillo-1889_rzok-235x300.jpg\" alt=\"El Cristo Amarillo (1889). Paul Gauguin. Blog de Rafael Ram\u00edrez.\" width=\"235\" height=\"300\" srcset=\"https:\/\/rafaramirez.org\/blog\/wp-content\/uploads\/2025\/04\/Paul_Gauguin_El-Cristo-amarillo-1889_rzok-235x300.jpg 235w, https:\/\/rafaramirez.org\/blog\/wp-content\/uploads\/2025\/04\/Paul_Gauguin_El-Cristo-amarillo-1889_rzok-803x1024.jpg 803w, https:\/\/rafaramirez.org\/blog\/wp-content\/uploads\/2025\/04\/Paul_Gauguin_El-Cristo-amarillo-1889_rzok-768x979.jpg 768w, https:\/\/rafaramirez.org\/blog\/wp-content\/uploads\/2025\/04\/Paul_Gauguin_El-Cristo-amarillo-1889_rzok-1204x1536.jpg 1204w, https:\/\/rafaramirez.org\/blog\/wp-content\/uploads\/2025\/04\/Paul_Gauguin_El-Cristo-amarillo-1889_rzok.jpg 1231w\" sizes=\"auto, (max-width: 235px) 100vw, 235px\" \/><\/a><figcaption id=\"caption-attachment-8928\" class=\"wp-caption-text\">El Cristo Amarillo (1889). Paul Gauguin. Blog de Rafael Ram\u00edrez.<\/figcaption><\/figure><\/li>\n<li>Ba\u00f1istas en Asni\u00e8res (1884), de Georges Seurat, es una obra pionera del puntillismo que retrata a la clase trabajadora mediante min\u00fasculos puntos de color que construyen vol\u00famenes s\u00f3lidos y la luz del d\u00eda.\n<p><figure id=\"attachment_9961\" aria-describedby=\"caption-attachment-9961\" style=\"width: 300px\" class=\"wp-caption aligncenter\"><a href=\"https:\/\/rafaramirez.org\/blog\/wp-content\/uploads\/2025\/07\/Baigneurs_a_Asnieres_ok.jpg\" target=\"_blank\" rel=\"noopener\"><img loading=\"lazy\" decoding=\"async\" class=\"wp-image-9961 size-medium\" src=\"https:\/\/rafaramirez.org\/blog\/wp-content\/uploads\/2025\/07\/Baigneurs_a_Asnieres_ok-300x199.jpg\" alt=\"Ba\u00f1istas en Asni\u00e8res (1884), de Georges Seurat. Blog de Rafael Ram\u00edrez. \" width=\"300\" height=\"199\" srcset=\"https:\/\/rafaramirez.org\/blog\/wp-content\/uploads\/2025\/07\/Baigneurs_a_Asnieres_ok-300x199.jpg 300w, https:\/\/rafaramirez.org\/blog\/wp-content\/uploads\/2025\/07\/Baigneurs_a_Asnieres_ok-1024x679.jpg 1024w, https:\/\/rafaramirez.org\/blog\/wp-content\/uploads\/2025\/07\/Baigneurs_a_Asnieres_ok-768x510.jpg 768w, https:\/\/rafaramirez.org\/blog\/wp-content\/uploads\/2025\/07\/Baigneurs_a_Asnieres_ok-1536x1019.jpg 1536w, https:\/\/rafaramirez.org\/blog\/wp-content\/uploads\/2025\/07\/Baigneurs_a_Asnieres_ok.jpg 2000w\" sizes=\"auto, (max-width: 300px) 100vw, 300px\" \/><\/a><figcaption id=\"caption-attachment-9961\" class=\"wp-caption-text\">Ba\u00f1istas en Asni\u00e8res (1884), de Georges Seurat. Blog de Rafael Ram\u00edrez.<\/figcaption><\/figure><\/li>\n<li>Los jugadores de cartas (1890), de Paul C\u00e9zanne, es un ejemplo de c\u00f3mo la simplificaci\u00f3n geom\u00e9trica de figuras y objetos anticipa los desarrollos cubistas, con composiciones centradas y vol\u00famenes modulados por el color.\n<p><figure id=\"attachment_4708\" aria-describedby=\"caption-attachment-4708\" style=\"width: 300px\" class=\"wp-caption aligncenter\"><a href=\"https:\/\/rafaramirez.org\/blog\/wp-content\/uploads\/2024\/06\/Los_jugadores_de_cartas_Paul_Cezanne.jpg\" target=\"_blank\" rel=\"noopener\"><img loading=\"lazy\" decoding=\"async\" class=\"wp-image-4708 size-medium\" src=\"https:\/\/rafaramirez.org\/blog\/wp-content\/uploads\/2024\/06\/Los_jugadores_de_cartas_Paul_Cezanne-300x246.jpg\" alt=\"Paul C\u00e9zanne. Los jugadores de cartas. Blog Rafael Ram\u00edrez.\" width=\"300\" height=\"246\" srcset=\"https:\/\/rafaramirez.org\/blog\/wp-content\/uploads\/2024\/06\/Los_jugadores_de_cartas_Paul_Cezanne-300x246.jpg 300w, https:\/\/rafaramirez.org\/blog\/wp-content\/uploads\/2024\/06\/Los_jugadores_de_cartas_Paul_Cezanne.jpg 474w\" sizes=\"auto, (max-width: 300px) 100vw, 300px\" \/><\/a><figcaption id=\"caption-attachment-4708\" class=\"wp-caption-text\">Los jugadores de cartas (1890) de Paul C\u00e9zanne. Blog Rafael Ram\u00edrez.<\/figcaption><\/figure><\/li>\n<\/ol>\n<p>En resumen, el postimpresionismo rompi\u00f3 con la idea de que la pintura deb\u00eda ser una \u00abventana al mundo\u00bb para convertirla en un \u00abpasaje a la mente\u00bb del autor. Sus innovaciones en cuanto a color, forma y t\u00e9cnica sentaron las bases de vanguardias como el <a href=\"https:\/\/rafaramirez.org\/blog\/index.php\/2025\/06\/18\/fauvismo\/\" target=\"_blank\" rel=\"noopener\">fauvismo<\/a>, el <a href=\"https:\/\/rafaramirez.org\/blog\/index.php\/2025\/05\/12\/el-expresionismo-historia\/\" target=\"_blank\" rel=\"noopener\">expresionismo<\/a> y el cubismo, y marcaron el rumbo del arte moderno del siglo XX.<\/p>\n<p>M\u00e1s informaci\u00f3n:<\/p>\n<ul>\n<li><a href=\"https:\/\/es.wikipedia.org\/wiki\/Posimpresionismo\" target=\"_blank\" rel=\"noopener\">Posimpresionismo &#8211; Wikipedia, la enciclopedia libre<\/a>.<\/li>\n<li><a href=\"https:\/\/www.culturagenial.com\/es\/postimpresionismo\/\" target=\"_blank\" rel=\"noopener\">Postimpresionismo: qu\u00e9 es, caracter\u00edsticas y artistas &#8211; Cultura Genial<\/a>.<\/li>\n<li><a href=\"https:\/\/rafaramirez.org\/blog\/index.php\/category\/arte\/historia-del-arte\/\" target=\"_blank\" rel=\"noopener\">M\u00e1s de la historia de la pintura y sus protagonistas<\/a>.<\/li>\n<\/ul>\n","protected":false},"excerpt":{"rendered":"<p>El t\u00e9rmino \u00abpostimpresionismo\u00bb fue acu\u00f1ado por el cr\u00edtico brit\u00e1nico Roger Fry en 1910, con motivo de una exposici\u00f3n londinense que reuni\u00f3 obras de C\u00e9zanne, Gauguin y Van Gogh. Este conjunto de estilos pict\u00f3ricos se desarroll\u00f3 en Francia entre aproximadamente 1875 y 1905, sin un programa com\u00fan, pero con la voluntad de ampliar los l\u00edmites expresivos [&hellip;]<\/p>\n","protected":false},"author":3,"featured_media":9963,"comment_status":"open","ping_status":"closed","sticky":false,"template":"","format":"standard","meta":{"site-container-style":"default","site-container-layout":"default","site-sidebar-layout":"default","disable-article-header":"default","disable-site-header":"default","disable-site-footer":"default","disable-content-area-spacing":"default","_jetpack_newsletter_access":"","_jetpack_dont_email_post_to_subs":false,"_jetpack_newsletter_tier_id":0,"_jetpack_memberships_contains_paywalled_content":false,"_jetpack_feature_clip_id":0,"_jetpack_memberships_contains_paid_content":false,"footnotes":"","jetpack_publicize_message":"","jetpack_publicize_feature_enabled":true,"jetpack_social_post_already_shared":true,"jetpack_social_options":{"image_generator_settings":{"template":"highway","default_image_id":0,"font":"","enabled":false},"version":2},"jetpack_post_was_ever_published":false},"categories":[1290],"tags":[3804,4409,4392,4075,3748,1383,746,747,4408,737,508],"class_list":["post-9956","post","type-post","status-publish","format-standard","has-post-thumbnail","hentry","category-historia-del-arte","tag-biografia-de-pintores","tag-georges-seurat","tag-henri-de-toulouse-lautrec","tag-henri-rousseau","tag-historia-de-la-pintura","tag-historia-del-arte","tag-paul-cezanne","tag-paul-gauguin","tag-posimpresionismo","tag-postimpresionismo","tag-vincent-van-gogh"],"yoast_head":"<!-- This site is optimized with the Yoast SEO plugin v28.3 - https:\/\/yoast.com\/product\/yoast-seo-wordpress\/ -->\n<title>El postimpresionismo en la pintura. - Blog de Rafael Ram\u00edrez<\/title>\n<meta name=\"description\" content=\"El t\u00e9rmino \u00abpostimpresionismo\u00bb fue acu\u00f1ado por el cr\u00edtico brit\u00e1nico Roger Fry en 1910, con motivo de una exposici\u00f3n londinense que reuni\u00f3...\" \/>\n<meta name=\"robots\" content=\"index, follow, max-snippet:-1, max-image-preview:large, max-video-preview:-1\" \/>\n<link rel=\"canonical\" href=\"https:\/\/rafaramirez.org\/blog\/index.php\/2025\/07\/31\/el-postimpresionismo-en-la-pintura\/\" \/>\n<meta property=\"og:locale\" content=\"es_ES\" \/>\n<meta property=\"og:type\" content=\"article\" \/>\n<meta property=\"og:title\" content=\"El postimpresionismo en la pintura. - Blog de Rafael Ram\u00edrez\" \/>\n<meta property=\"og:description\" content=\"El t\u00e9rmino \u00abpostimpresionismo\u00bb fue acu\u00f1ado por el cr\u00edtico brit\u00e1nico Roger Fry en 1910, con motivo de una exposici\u00f3n londinense que reuni\u00f3...\" \/>\n<meta property=\"og:url\" content=\"https:\/\/rafaramirez.org\/blog\/index.php\/2025\/07\/31\/el-postimpresionismo-en-la-pintura\/\" \/>\n<meta property=\"og:site_name\" content=\"Blog de Rafael Ram\u00edrez\" \/>\n<meta property=\"article:published_time\" content=\"2025-07-31T06:00:44+00:00\" \/>\n<meta property=\"article:modified_time\" content=\"2026-07-14T09:42:49+00:00\" \/>\n<meta property=\"og:image\" content=\"https:\/\/rafaramirez.org\/blog\/wp-content\/uploads\/2025\/07\/El-postimpresionismo_bannerblog.jpg\" \/>\n\t<meta property=\"og:image:width\" content=\"720\" \/>\n\t<meta property=\"og:image:height\" content=\"440\" \/>\n\t<meta property=\"og:image:type\" content=\"image\/jpeg\" \/>\n<meta name=\"author\" content=\"Documentaci\u00f3n e investigaci\u00f3n\" \/>\n<meta name=\"twitter:card\" content=\"summary_large_image\" \/>\n<meta name=\"twitter:site\" content=\"@rafaramirez_ok\" \/>\n<meta name=\"twitter:label1\" content=\"Escrito por\" \/>\n\t<meta name=\"twitter:data1\" content=\"Documentaci\u00f3n e investigaci\u00f3n\" \/>\n\t<meta name=\"twitter:label2\" content=\"Tiempo de lectura\" \/>\n\t<meta name=\"twitter:data2\" content=\"6 minutos\" \/>\n<script type=\"application\/ld+json\" class=\"yoast-schema-graph\">{\"@context\":\"https:\\\/\\\/schema.org\",\"@graph\":[{\"@type\":\"Article\",\"@id\":\"https:\\\/\\\/rafaramirez.org\\\/blog\\\/index.php\\\/2025\\\/07\\\/31\\\/el-postimpresionismo-en-la-pintura\\\/#article\",\"isPartOf\":{\"@id\":\"https:\\\/\\\/rafaramirez.org\\\/blog\\\/index.php\\\/2025\\\/07\\\/31\\\/el-postimpresionismo-en-la-pintura\\\/\"},\"author\":{\"name\":\"Documentaci\u00f3n e investigaci\u00f3n\",\"@id\":\"https:\\\/\\\/rafaramirez.org\\\/blog\\\/#\\\/schema\\\/person\\\/8debd05b3d9a1d16fb21af726811617d\"},\"headline\":\"El postimpresionismo en la pintura.\",\"datePublished\":\"2025-07-31T06:00:44+00:00\",\"dateModified\":\"2026-07-14T09:42:49+00:00\",\"mainEntityOfPage\":{\"@id\":\"https:\\\/\\\/rafaramirez.org\\\/blog\\\/index.php\\\/2025\\\/07\\\/31\\\/el-postimpresionismo-en-la-pintura\\\/\"},\"wordCount\":919,\"commentCount\":0,\"publisher\":{\"@id\":\"https:\\\/\\\/rafaramirez.org\\\/blog\\\/#\\\/schema\\\/person\\\/50f43b6d60c578760d4c17bda54ab6a5\"},\"image\":{\"@id\":\"https:\\\/\\\/rafaramirez.org\\\/blog\\\/index.php\\\/2025\\\/07\\\/31\\\/el-postimpresionismo-en-la-pintura\\\/#primaryimage\"},\"thumbnailUrl\":\"https:\\\/\\\/rafaramirez.org\\\/blog\\\/wp-content\\\/uploads\\\/2025\\\/07\\\/El-postimpresionismo_bannerblog.jpg\",\"keywords\":[\"biograf\u00eda de pintores\",\"Georges Seurat\",\"Henri de Toulouse-Lautrec\",\"Henri Rousseau\",\"historia de la pintura\",\"historia del arte\",\"Paul C\u00e9zanne\",\"Paul Gauguin\",\"posimpresionismo\",\"postimpresionismo\",\"Vincent Van Gogh\"],\"articleSection\":[\"Historia del arte\"],\"inLanguage\":\"es\",\"potentialAction\":[{\"@type\":\"CommentAction\",\"name\":\"Comment\",\"target\":[\"https:\\\/\\\/rafaramirez.org\\\/blog\\\/index.php\\\/2025\\\/07\\\/31\\\/el-postimpresionismo-en-la-pintura\\\/#respond\"]}]},{\"@type\":\"WebPage\",\"@id\":\"https:\\\/\\\/rafaramirez.org\\\/blog\\\/index.php\\\/2025\\\/07\\\/31\\\/el-postimpresionismo-en-la-pintura\\\/\",\"url\":\"https:\\\/\\\/rafaramirez.org\\\/blog\\\/index.php\\\/2025\\\/07\\\/31\\\/el-postimpresionismo-en-la-pintura\\\/\",\"name\":\"El postimpresionismo en la pintura. - Blog de Rafael Ram\u00edrez\",\"isPartOf\":{\"@id\":\"https:\\\/\\\/rafaramirez.org\\\/blog\\\/#website\"},\"primaryImageOfPage\":{\"@id\":\"https:\\\/\\\/rafaramirez.org\\\/blog\\\/index.php\\\/2025\\\/07\\\/31\\\/el-postimpresionismo-en-la-pintura\\\/#primaryimage\"},\"image\":{\"@id\":\"https:\\\/\\\/rafaramirez.org\\\/blog\\\/index.php\\\/2025\\\/07\\\/31\\\/el-postimpresionismo-en-la-pintura\\\/#primaryimage\"},\"thumbnailUrl\":\"https:\\\/\\\/rafaramirez.org\\\/blog\\\/wp-content\\\/uploads\\\/2025\\\/07\\\/El-postimpresionismo_bannerblog.jpg\",\"datePublished\":\"2025-07-31T06:00:44+00:00\",\"dateModified\":\"2026-07-14T09:42:49+00:00\",\"description\":\"El t\u00e9rmino \u00abpostimpresionismo\u00bb fue acu\u00f1ado por el cr\u00edtico brit\u00e1nico Roger Fry en 1910, con motivo de una exposici\u00f3n londinense que reuni\u00f3...\",\"breadcrumb\":{\"@id\":\"https:\\\/\\\/rafaramirez.org\\\/blog\\\/index.php\\\/2025\\\/07\\\/31\\\/el-postimpresionismo-en-la-pintura\\\/#breadcrumb\"},\"inLanguage\":\"es\",\"potentialAction\":[{\"@type\":\"ReadAction\",\"target\":[\"https:\\\/\\\/rafaramirez.org\\\/blog\\\/index.php\\\/2025\\\/07\\\/31\\\/el-postimpresionismo-en-la-pintura\\\/\"]}]},{\"@type\":\"ImageObject\",\"inLanguage\":\"es\",\"@id\":\"https:\\\/\\\/rafaramirez.org\\\/blog\\\/index.php\\\/2025\\\/07\\\/31\\\/el-postimpresionismo-en-la-pintura\\\/#primaryimage\",\"url\":\"https:\\\/\\\/rafaramirez.org\\\/blog\\\/wp-content\\\/uploads\\\/2025\\\/07\\\/El-postimpresionismo_bannerblog.jpg\",\"contentUrl\":\"https:\\\/\\\/rafaramirez.org\\\/blog\\\/wp-content\\\/uploads\\\/2025\\\/07\\\/El-postimpresionismo_bannerblog.jpg\",\"width\":720,\"height\":440,\"caption\":\"El Postimpresionismo en la pintura. Blog de Rafael Ram\u00edrez.\"},{\"@type\":\"BreadcrumbList\",\"@id\":\"https:\\\/\\\/rafaramirez.org\\\/blog\\\/index.php\\\/2025\\\/07\\\/31\\\/el-postimpresionismo-en-la-pintura\\\/#breadcrumb\",\"itemListElement\":[{\"@type\":\"ListItem\",\"position\":1,\"name\":\"Portada\",\"item\":\"https:\\\/\\\/rafaramirez.org\\\/blog\\\/\"},{\"@type\":\"ListItem\",\"position\":2,\"name\":\"El postimpresionismo en la pintura.\"}]},{\"@type\":\"WebSite\",\"@id\":\"https:\\\/\\\/rafaramirez.org\\\/blog\\\/#website\",\"url\":\"https:\\\/\\\/rafaramirez.org\\\/blog\\\/\",\"name\":\"Blog de Rafael Ram\u00edrez\",\"description\":\"Un sitio social, de arte y cultura\",\"publisher\":{\"@id\":\"https:\\\/\\\/rafaramirez.org\\\/blog\\\/#\\\/schema\\\/person\\\/50f43b6d60c578760d4c17bda54ab6a5\"},\"potentialAction\":[{\"@type\":\"SearchAction\",\"target\":{\"@type\":\"EntryPoint\",\"urlTemplate\":\"https:\\\/\\\/rafaramirez.org\\\/blog\\\/?s={search_term_string}\"},\"query-input\":{\"@type\":\"PropertyValueSpecification\",\"valueRequired\":true,\"valueName\":\"search_term_string\"}}],\"inLanguage\":\"es\"},{\"@type\":[\"Person\",\"Organization\"],\"@id\":\"https:\\\/\\\/rafaramirez.org\\\/blog\\\/#\\\/schema\\\/person\\\/50f43b6d60c578760d4c17bda54ab6a5\",\"name\":\"Rafael Ram\u00edrez\",\"image\":{\"@type\":\"ImageObject\",\"inLanguage\":\"es\",\"@id\":\"https:\\\/\\\/rafaramirez.org\\\/blog\\\/wp-content\\\/uploads\\\/2024\\\/09\\\/RR_socialnetwork.jpg\",\"url\":\"https:\\\/\\\/rafaramirez.org\\\/blog\\\/wp-content\\\/uploads\\\/2024\\\/09\\\/RR_socialnetwork.jpg\",\"contentUrl\":\"https:\\\/\\\/rafaramirez.org\\\/blog\\\/wp-content\\\/uploads\\\/2024\\\/09\\\/RR_socialnetwork.jpg\",\"width\":600,\"height\":606,\"caption\":\"Rafael Ram\u00edrez\"},\"logo\":{\"@id\":\"https:\\\/\\\/rafaramirez.org\\\/blog\\\/wp-content\\\/uploads\\\/2024\\\/09\\\/RR_socialnetwork.jpg\"},\"sameAs\":[\"https:\\\/\\\/www.rafaramirez.org\\\/blog\",\"https:\\\/\\\/www.instagram.com\\\/rafaramirez_ok\\\/\",\"https:\\\/\\\/es.pinterest.com\\\/Ramirez_Rafa\\\/\",\"https:\\\/\\\/x.com\\\/rafaramirez_ok\"]},{\"@type\":\"Person\",\"@id\":\"https:\\\/\\\/rafaramirez.org\\\/blog\\\/#\\\/schema\\\/person\\\/8debd05b3d9a1d16fb21af726811617d\",\"name\":\"Documentaci\u00f3n e investigaci\u00f3n\",\"image\":{\"@type\":\"ImageObject\",\"inLanguage\":\"es\",\"@id\":\"https:\\\/\\\/secure.gravatar.com\\\/avatar\\\/fe70e496579a39c7a8fc4982b89275403b1092eb200623138a32daada9416911?s=96&d=mm&r=g\",\"url\":\"https:\\\/\\\/secure.gravatar.com\\\/avatar\\\/fe70e496579a39c7a8fc4982b89275403b1092eb200623138a32daada9416911?s=96&d=mm&r=g\",\"contentUrl\":\"https:\\\/\\\/secure.gravatar.com\\\/avatar\\\/fe70e496579a39c7a8fc4982b89275403b1092eb200623138a32daada9416911?s=96&d=mm&r=g\",\"caption\":\"Documentaci\u00f3n e investigaci\u00f3n\"},\"url\":\"https:\\\/\\\/rafaramirez.org\\\/blog\\\/index.php\\\/author\\\/admin\\\/\"}]}<\/script>\n<!-- \/ Yoast SEO plugin. -->","yoast_head_json":{"title":"El postimpresionismo en la pintura. - Blog de Rafael Ram\u00edrez","description":"El t\u00e9rmino \u00abpostimpresionismo\u00bb fue acu\u00f1ado por el cr\u00edtico brit\u00e1nico Roger Fry en 1910, con motivo de una exposici\u00f3n londinense que reuni\u00f3...","robots":{"index":"index","follow":"follow","max-snippet":"max-snippet:-1","max-image-preview":"max-image-preview:large","max-video-preview":"max-video-preview:-1"},"canonical":"https:\/\/rafaramirez.org\/blog\/index.php\/2025\/07\/31\/el-postimpresionismo-en-la-pintura\/","og_locale":"es_ES","og_type":"article","og_title":"El postimpresionismo en la pintura. - Blog de Rafael Ram\u00edrez","og_description":"El t\u00e9rmino \u00abpostimpresionismo\u00bb fue acu\u00f1ado por el cr\u00edtico brit\u00e1nico Roger Fry en 1910, con motivo de una exposici\u00f3n londinense que reuni\u00f3...","og_url":"https:\/\/rafaramirez.org\/blog\/index.php\/2025\/07\/31\/el-postimpresionismo-en-la-pintura\/","og_site_name":"Blog de Rafael Ram\u00edrez","article_published_time":"2025-07-31T06:00:44+00:00","article_modified_time":"2026-07-14T09:42:49+00:00","og_image":[{"width":720,"height":440,"url":"https:\/\/rafaramirez.org\/blog\/wp-content\/uploads\/2025\/07\/El-postimpresionismo_bannerblog.jpg","type":"image\/jpeg"}],"author":"Documentaci\u00f3n e investigaci\u00f3n","twitter_card":"summary_large_image","twitter_site":"@rafaramirez_ok","twitter_misc":{"Escrito por":"Documentaci\u00f3n e investigaci\u00f3n","Tiempo de lectura":"6 minutos"},"schema":{"@context":"https:\/\/schema.org","@graph":[{"@type":"Article","@id":"https:\/\/rafaramirez.org\/blog\/index.php\/2025\/07\/31\/el-postimpresionismo-en-la-pintura\/#article","isPartOf":{"@id":"https:\/\/rafaramirez.org\/blog\/index.php\/2025\/07\/31\/el-postimpresionismo-en-la-pintura\/"},"author":{"name":"Documentaci\u00f3n e investigaci\u00f3n","@id":"https:\/\/rafaramirez.org\/blog\/#\/schema\/person\/8debd05b3d9a1d16fb21af726811617d"},"headline":"El postimpresionismo en la pintura.","datePublished":"2025-07-31T06:00:44+00:00","dateModified":"2026-07-14T09:42:49+00:00","mainEntityOfPage":{"@id":"https:\/\/rafaramirez.org\/blog\/index.php\/2025\/07\/31\/el-postimpresionismo-en-la-pintura\/"},"wordCount":919,"commentCount":0,"publisher":{"@id":"https:\/\/rafaramirez.org\/blog\/#\/schema\/person\/50f43b6d60c578760d4c17bda54ab6a5"},"image":{"@id":"https:\/\/rafaramirez.org\/blog\/index.php\/2025\/07\/31\/el-postimpresionismo-en-la-pintura\/#primaryimage"},"thumbnailUrl":"https:\/\/rafaramirez.org\/blog\/wp-content\/uploads\/2025\/07\/El-postimpresionismo_bannerblog.jpg","keywords":["biograf\u00eda de pintores","Georges Seurat","Henri de Toulouse-Lautrec","Henri Rousseau","historia de la pintura","historia del arte","Paul C\u00e9zanne","Paul Gauguin","posimpresionismo","postimpresionismo","Vincent Van Gogh"],"articleSection":["Historia del arte"],"inLanguage":"es","potentialAction":[{"@type":"CommentAction","name":"Comment","target":["https:\/\/rafaramirez.org\/blog\/index.php\/2025\/07\/31\/el-postimpresionismo-en-la-pintura\/#respond"]}]},{"@type":"WebPage","@id":"https:\/\/rafaramirez.org\/blog\/index.php\/2025\/07\/31\/el-postimpresionismo-en-la-pintura\/","url":"https:\/\/rafaramirez.org\/blog\/index.php\/2025\/07\/31\/el-postimpresionismo-en-la-pintura\/","name":"El postimpresionismo en la pintura. - Blog de Rafael Ram\u00edrez","isPartOf":{"@id":"https:\/\/rafaramirez.org\/blog\/#website"},"primaryImageOfPage":{"@id":"https:\/\/rafaramirez.org\/blog\/index.php\/2025\/07\/31\/el-postimpresionismo-en-la-pintura\/#primaryimage"},"image":{"@id":"https:\/\/rafaramirez.org\/blog\/index.php\/2025\/07\/31\/el-postimpresionismo-en-la-pintura\/#primaryimage"},"thumbnailUrl":"https:\/\/rafaramirez.org\/blog\/wp-content\/uploads\/2025\/07\/El-postimpresionismo_bannerblog.jpg","datePublished":"2025-07-31T06:00:44+00:00","dateModified":"2026-07-14T09:42:49+00:00","description":"El t\u00e9rmino \u00abpostimpresionismo\u00bb fue acu\u00f1ado por el cr\u00edtico brit\u00e1nico Roger Fry en 1910, con motivo de una exposici\u00f3n londinense que reuni\u00f3...","breadcrumb":{"@id":"https:\/\/rafaramirez.org\/blog\/index.php\/2025\/07\/31\/el-postimpresionismo-en-la-pintura\/#breadcrumb"},"inLanguage":"es","potentialAction":[{"@type":"ReadAction","target":["https:\/\/rafaramirez.org\/blog\/index.php\/2025\/07\/31\/el-postimpresionismo-en-la-pintura\/"]}]},{"@type":"ImageObject","inLanguage":"es","@id":"https:\/\/rafaramirez.org\/blog\/index.php\/2025\/07\/31\/el-postimpresionismo-en-la-pintura\/#primaryimage","url":"https:\/\/rafaramirez.org\/blog\/wp-content\/uploads\/2025\/07\/El-postimpresionismo_bannerblog.jpg","contentUrl":"https:\/\/rafaramirez.org\/blog\/wp-content\/uploads\/2025\/07\/El-postimpresionismo_bannerblog.jpg","width":720,"height":440,"caption":"El Postimpresionismo en la pintura. Blog de Rafael Ram\u00edrez."},{"@type":"BreadcrumbList","@id":"https:\/\/rafaramirez.org\/blog\/index.php\/2025\/07\/31\/el-postimpresionismo-en-la-pintura\/#breadcrumb","itemListElement":[{"@type":"ListItem","position":1,"name":"Portada","item":"https:\/\/rafaramirez.org\/blog\/"},{"@type":"ListItem","position":2,"name":"El postimpresionismo en la pintura."}]},{"@type":"WebSite","@id":"https:\/\/rafaramirez.org\/blog\/#website","url":"https:\/\/rafaramirez.org\/blog\/","name":"Blog de Rafael Ram\u00edrez","description":"Un sitio social, de arte y cultura","publisher":{"@id":"https:\/\/rafaramirez.org\/blog\/#\/schema\/person\/50f43b6d60c578760d4c17bda54ab6a5"},"potentialAction":[{"@type":"SearchAction","target":{"@type":"EntryPoint","urlTemplate":"https:\/\/rafaramirez.org\/blog\/?s={search_term_string}"},"query-input":{"@type":"PropertyValueSpecification","valueRequired":true,"valueName":"search_term_string"}}],"inLanguage":"es"},{"@type":["Person","Organization"],"@id":"https:\/\/rafaramirez.org\/blog\/#\/schema\/person\/50f43b6d60c578760d4c17bda54ab6a5","name":"Rafael Ram\u00edrez","image":{"@type":"ImageObject","inLanguage":"es","@id":"https:\/\/rafaramirez.org\/blog\/wp-content\/uploads\/2024\/09\/RR_socialnetwork.jpg","url":"https:\/\/rafaramirez.org\/blog\/wp-content\/uploads\/2024\/09\/RR_socialnetwork.jpg","contentUrl":"https:\/\/rafaramirez.org\/blog\/wp-content\/uploads\/2024\/09\/RR_socialnetwork.jpg","width":600,"height":606,"caption":"Rafael Ram\u00edrez"},"logo":{"@id":"https:\/\/rafaramirez.org\/blog\/wp-content\/uploads\/2024\/09\/RR_socialnetwork.jpg"},"sameAs":["https:\/\/www.rafaramirez.org\/blog","https:\/\/www.instagram.com\/rafaramirez_ok\/","https:\/\/es.pinterest.com\/Ramirez_Rafa\/","https:\/\/x.com\/rafaramirez_ok"]},{"@type":"Person","@id":"https:\/\/rafaramirez.org\/blog\/#\/schema\/person\/8debd05b3d9a1d16fb21af726811617d","name":"Documentaci\u00f3n e investigaci\u00f3n","image":{"@type":"ImageObject","inLanguage":"es","@id":"https:\/\/secure.gravatar.com\/avatar\/fe70e496579a39c7a8fc4982b89275403b1092eb200623138a32daada9416911?s=96&d=mm&r=g","url":"https:\/\/secure.gravatar.com\/avatar\/fe70e496579a39c7a8fc4982b89275403b1092eb200623138a32daada9416911?s=96&d=mm&r=g","contentUrl":"https:\/\/secure.gravatar.com\/avatar\/fe70e496579a39c7a8fc4982b89275403b1092eb200623138a32daada9416911?s=96&d=mm&r=g","caption":"Documentaci\u00f3n e investigaci\u00f3n"},"url":"https:\/\/rafaramirez.org\/blog\/index.php\/author\/admin\/"}]}},"jetpack_publicize_connections":[],"jetpack_sharing_enabled":true,"jetpack_likes_enabled":true,"jetpack_featured_media_url":"https:\/\/rafaramirez.org\/blog\/wp-content\/uploads\/2025\/07\/El-postimpresionismo_bannerblog.jpg","_links":{"self":[{"href":"https:\/\/rafaramirez.org\/blog\/index.php\/wp-json\/wp\/v2\/posts\/9956","targetHints":{"allow":["GET"]}}],"collection":[{"href":"https:\/\/rafaramirez.org\/blog\/index.php\/wp-json\/wp\/v2\/posts"}],"about":[{"href":"https:\/\/rafaramirez.org\/blog\/index.php\/wp-json\/wp\/v2\/types\/post"}],"author":[{"embeddable":true,"href":"https:\/\/rafaramirez.org\/blog\/index.php\/wp-json\/wp\/v2\/users\/3"}],"replies":[{"embeddable":true,"href":"https:\/\/rafaramirez.org\/blog\/index.php\/wp-json\/wp\/v2\/comments?post=9956"}],"version-history":[{"count":10,"href":"https:\/\/rafaramirez.org\/blog\/index.php\/wp-json\/wp\/v2\/posts\/9956\/revisions"}],"predecessor-version":[{"id":11645,"href":"https:\/\/rafaramirez.org\/blog\/index.php\/wp-json\/wp\/v2\/posts\/9956\/revisions\/11645"}],"wp:featuredmedia":[{"embeddable":true,"href":"https:\/\/rafaramirez.org\/blog\/index.php\/wp-json\/wp\/v2\/media\/9963"}],"wp:attachment":[{"href":"https:\/\/rafaramirez.org\/blog\/index.php\/wp-json\/wp\/v2\/media?parent=9956"}],"wp:term":[{"taxonomy":"category","embeddable":true,"href":"https:\/\/rafaramirez.org\/blog\/index.php\/wp-json\/wp\/v2\/categories?post=9956"},{"taxonomy":"post_tag","embeddable":true,"href":"https:\/\/rafaramirez.org\/blog\/index.php\/wp-json\/wp\/v2\/tags?post=9956"}],"curies":[{"name":"wp","href":"https:\/\/api.w.org\/{rel}","templated":true}]}}