{"id":9942,"date":"2025-07-30T08:00:49","date_gmt":"2025-07-30T06:00:49","guid":{"rendered":"https:\/\/rafaramirez.org\/blog\/?p=9942"},"modified":"2025-07-15T10:59:52","modified_gmt":"2025-07-15T08:59:52","slug":"dia-internacional-de-la-amistad-2025","status":"publish","type":"post","link":"https:\/\/rafaramirez.org\/blog\/index.php\/2025\/07\/30\/dia-internacional-de-la-amistad-2025\/","title":{"rendered":"D\u00eda Internacional de la Amistad 2025: historia y celebraciones globales."},"content":{"rendered":"<p>La Asamblea General de las Naciones Unidas proclam\u00f3 el 30 de julio <strong>D\u00eda Internacional de la Amistad<\/strong> el 3 de mayo de 2011. Esta iniciativa busca que la amistad entre pueblos, pa\u00edses, culturas y personas inspire iniciativas de paz y promueva la solidaridad y el entendimiento mutuo. A trav\u00e9s de la amistad, cultivando la camarader\u00eda y fortaleciendo la confianza, podemos contribuir a cambios fundamentales para alcanzar una estabilidad duradera y tejer una red de apoyo social que nos proteja a todos.<\/p>\n<h3>Origen.<\/h3>\n<p>Aunque, como te cont\u00e9, el D\u00eda Internacional de la Amistad fue proclamado oficialmente por las Naciones Unidas en 2011, su origen es anterior. La idea de celebrar la amistad y la camarader\u00eda entre personas de diferentes culturas y pa\u00edses se atribuye a Joyce Hall, fundador de Hallmark Cards, una empresa de tarjetas de felicitaci\u00f3n. En 1930, Hall propuso la creaci\u00f3n de un d\u00eda especial para honrar la amistad y enviar tarjetas a los amigos como muestra de aprecio. Aunque en ese momento no se convirti\u00f3 en una fecha oficial, la idea persisti\u00f3 y finalmente se materializ\u00f3 con la proclamaci\u00f3n de la ONU en 2011. Por tanto, en cierto sentido, Joyce Hall fue un pionero en la promoci\u00f3n de la amistad a nivel mundial.<\/p>\n<p>Otra versi\u00f3n sobre su origen nos lleva a 1958, cuando el Dr. Ram\u00f3n Artemio Bracho y un grupo de amigos fundaron la Cruzada Mundial de la Amistad en Puerto Pinasco (Paraguay). Ese a\u00f1o organizaron la primera \u00abSemana de la Amistad\u00bb y, al repetir la iniciativa al a\u00f1o siguiente, eligieron el 30 de julio como D\u00eda de la Amistad, promoviendo as\u00ed el poder de la amistad para fomentar la paz y la solidaridad entre las personas.<\/p>\n<p>En 1964, el Ministerio de Educaci\u00f3n y Cultura de Paraguay emiti\u00f3 la resoluci\u00f3n n.\u00ba 242, por la que se estableci\u00f3 oficialmente el 30 de julio como D\u00eda de la Amistad en todo el pa\u00eds. Desde entonces, esta fecha se extendi\u00f3 por Am\u00e9rica Latina antes de cruzar fronteras y convertirse en un fen\u00f3meno continental.<\/p>\n<figure id=\"attachment_9949\" aria-describedby=\"caption-attachment-9949\" style=\"width: 300px\" class=\"wp-caption aligncenter\"><a href=\"https:\/\/rafaramirez.org\/blog\/wp-content\/uploads\/2025\/07\/Dia-internacional-de-la-amistad-2025_1.jpg\" target=\"_blank\" rel=\"noopener\"><img loading=\"lazy\" decoding=\"async\" class=\"wp-image-9949 size-medium\" src=\"https:\/\/rafaramirez.org\/blog\/wp-content\/uploads\/2025\/07\/Dia-internacional-de-la-amistad-2025_1-300x200.jpg\" alt=\"D\u00eda Internacional de la Amistad 2025: historia y celebraciones globales. Blog de Rafael Ram\u00edrez.\" width=\"300\" height=\"200\" srcset=\"https:\/\/rafaramirez.org\/blog\/wp-content\/uploads\/2025\/07\/Dia-internacional-de-la-amistad-2025_1-300x200.jpg 300w, https:\/\/rafaramirez.org\/blog\/wp-content\/uploads\/2025\/07\/Dia-internacional-de-la-amistad-2025_1-768x512.jpg 768w, https:\/\/rafaramirez.org\/blog\/wp-content\/uploads\/2025\/07\/Dia-internacional-de-la-amistad-2025_1.jpg 850w\" sizes=\"auto, (max-width: 300px) 100vw, 300px\" \/><\/a><figcaption id=\"caption-attachment-9949\" class=\"wp-caption-text\">D\u00eda Internacional de la Amistad 2025: historia y celebraciones globales. Blog de Rafael Ram\u00edrez.<\/figcaption><\/figure>\n<h3>Significado y celebraci\u00f3n.<\/h3>\n<p>El D\u00eda Internacional de la Amistad busca:<\/p>\n<ul>\n<li>Fomentar la solidaridad, el respeto a la diversidad cultural y el di\u00e1logo entre civilizaciones.<\/li>\n<li>Involucrar especialmente a j\u00f3venes y futuros l\u00edderes en actividades comunitarias que promuevan la inclusi\u00f3n y la reconciliaci\u00f3n.<\/li>\n<li>Generar redes de apoyo social que contribuyan a la estabilidad y al bienestar de las sociedades.<\/li>\n<\/ul>\n<p>Aunque la fecha oficial es el 30 de julio, en distintas regiones existen variaciones locales:<\/p>\n<ul>\n<li>Brasil, Argentina y Uruguay: 20 de julio (D\u00eda del Amigo).<\/li>\n<li>Bolivia: 23 de julio (D\u00eda del Amigo).<\/li>\n<li>Per\u00fa: primer s\u00e1bado de julio.<\/li>\n<li>India: primer domingo de agosto. Estas adaptaciones reflejan la importancia de la amistad en contextos culturales diversos.<\/li>\n<\/ul>\n<h3>\u00bfC\u00f3mo puedo celebrar este d\u00eda con mis amigos?<\/h3>\n<p>A continuaci\u00f3n, te doy algunas ideas para celebrar el D\u00eda Internacional de la Amistad:<\/p>\n<ul>\n<li>Env\u00eda tarjetas o mensajes: al igual que hizo Joyce Hall, puedes enviar tarjetas o mensajes a tus amigos para expresarles lo mucho que aprecias su amistad. \u00a1Un sencillo \u00abGracias por ser mi amigo\u00bb puede alegrarles el d\u00eda!<\/li>\n<li>Organiza una reuni\u00f3n con tus amigos. Puede ser una comida, una tarde de juegos, una caminata o cualquier actividad que os guste. \u00a1Compartir tiempo juntos fortalece los lazos de amistad!<\/li>\n<li>Haz un intercambio de regalos: organiza un peque\u00f1o intercambio de regalos entre amigos. No tiene que ser costoso; lo importante es el gesto y la intenci\u00f3n detr\u00e1s del regalo.<\/li>\n<li>Escribe una carta sincera: si prefieres algo m\u00e1s personal, escribe una carta a tus amigos. Cu\u00e9ntales lo mucho que significan para ti y c\u00f3mo han influido en tu vida.<\/li>\n<li>Haz actos de bondad: celebra la amistad haciendo algo amable por tus amigos. Puede ser cocinarles, ayudarles con una tarea o simplemente escucharles cuando lo necesiten.<\/li>\n<li>Comparte recuerdos: rememora momentos especiales que hayas compartido con tus amigos. Mira fotos antiguas o habla sobre an\u00e9cdotas divertidas.<\/li>\n<li>Explora nuevas actividades con ellos: \u00bfHay algo que siempre quisisteis hacer? Aprovecha este d\u00eda para probar algo nuevo, como visitar un lugar interesante o aprender una habilidad juntos.<\/li>\n<\/ul>\n<figure id=\"attachment_9953\" aria-describedby=\"caption-attachment-9953\" style=\"width: 300px\" class=\"wp-caption aligncenter\"><a href=\"https:\/\/rafaramirez.org\/blog\/wp-content\/uploads\/2025\/07\/Dia-internacional-de-la-amistad-2025_2.jpg\" target=\"_blank\" rel=\"noopener\"><img loading=\"lazy\" decoding=\"async\" class=\"wp-image-9953 size-medium\" src=\"https:\/\/rafaramirez.org\/blog\/wp-content\/uploads\/2025\/07\/Dia-internacional-de-la-amistad-2025_2-300x200.jpg\" alt=\"D\u00eda Internacional de la Amistad 2025: historia y celebraciones globales. Blog de Rafael Ram\u00edrez.\" width=\"300\" height=\"200\" srcset=\"https:\/\/rafaramirez.org\/blog\/wp-content\/uploads\/2025\/07\/Dia-internacional-de-la-amistad-2025_2-300x200.jpg 300w, https:\/\/rafaramirez.org\/blog\/wp-content\/uploads\/2025\/07\/Dia-internacional-de-la-amistad-2025_2-768x512.jpg 768w, https:\/\/rafaramirez.org\/blog\/wp-content\/uploads\/2025\/07\/Dia-internacional-de-la-amistad-2025_2.jpg 850w\" sizes=\"auto, (max-width: 300px) 100vw, 300px\" \/><\/a><figcaption id=\"caption-attachment-9953\" class=\"wp-caption-text\">D\u00eda Internacional de la Amistad 2025: historia y celebraciones globales. Blog de Rafael Ram\u00edrez.<\/figcaption><\/figure>\n<p>La ONU anima a organizar eventos, actividades e iniciativas que fomenten el di\u00e1logo entre civilizaciones, la comprensi\u00f3n mutua y la reconciliaci\u00f3n.<\/p>\n<p>Conocer la historia y el valor simb\u00f3lico de este d\u00eda nos anima a convertir nuestras relaciones cotidianas en gestos de apoyo y comprensi\u00f3n. Recuerda que la amistad es un tesoro, as\u00ed que celebra y aprecia a tus amigos en este d\u00eda tan especial. \u00a1Celebremos la amistad y la paz!\ud83c\udf1f\ud83e\udd1d<\/p>\n<p>M\u00e1s informaci\u00f3n:<\/p>\n<ul>\n<li><a href=\"https:\/\/www.un.org\/es\/observances\/friendship-day\" target=\"_blank\" rel=\"noopener\">D\u00eda Internacional de la Amistad | Naciones Unidas<\/a>.<\/li>\n<li><a href=\"https:\/\/sobrehistoria.com\/dia-de-la-amistad-cuando-es-por-que-se-celebra-cual-es-su-origen\/\" target=\"_blank\" rel=\"noopener\">D\u00eda de la Amistad: cu\u00e1ndo es, por qu\u00e9 se celebra y cu\u00e1l es su origen &#8211; SobreHistoria.com<\/a><\/li>\n<li><a href=\"https:\/\/es.wikipedia.org\/wiki\/D%C3%ADa_Internacional_de_la_Amistad\" target=\"_blank\" rel=\"noopener\">Wikipedia.es<\/a><\/li>\n<li><a href=\"https:\/\/www.mundodeportivo.com\/uncomo\/fiesta\/articulo\/dia-internacional-de-la-amistad-cuando-y-por-que-se-celebra-52496.html\" target=\"_blank\" rel=\"noopener\">Mundo Deportivo.com<\/a><\/li>\n<\/ul>\n","protected":false},"excerpt":{"rendered":"<p>La Asamblea General de las Naciones Unidas proclam\u00f3 el 30 de julio D\u00eda Internacional de la Amistad el 3 de mayo de 2011. Esta iniciativa busca que la amistad entre pueblos, pa\u00edses, culturas y personas inspire iniciativas de paz y promueva la solidaridad y el entendimiento mutuo. A trav\u00e9s de la amistad, cultivando la camarader\u00eda [&hellip;]<\/p>\n","protected":false},"author":1,"featured_media":9950,"comment_status":"open","ping_status":"closed","sticky":false,"template":"","format":"standard","meta":{"site-container-style":"default","site-container-layout":"default","site-sidebar-layout":"default","disable-article-header":"default","disable-site-header":"default","disable-site-footer":"default","disable-content-area-spacing":"default","_jetpack_newsletter_access":"","_jetpack_dont_email_post_to_subs":false,"_jetpack_newsletter_tier_id":0,"_jetpack_memberships_contains_paywalled_content":false,"_jetpack_feature_clip_id":0,"_jetpack_memberships_contains_paid_content":false,"footnotes":"","jetpack_publicize_message":"","jetpack_publicize_feature_enabled":true,"jetpack_social_post_already_shared":true,"jetpack_social_options":{"image_generator_settings":{"template":"highway","default_image_id":0,"font":"","enabled":false},"version":2},"jetpack_post_was_ever_published":false},"categories":[1291,15],"tags":[2883,2869,2881,68,2880,2872,2875,2871,2868,1323,2877,2882,2876,2878,2870,1702,2874,2873,2879,880,2780],"class_list":["post-9942","post","type-post","status-publish","format-standard","has-post-thumbnail","hentry","category-efemerides","category-noticias-sociales","tag-2883","tag-30-de-julio","tag-amistad","tag-blog-de-rafael-ramirez","tag-camaraderia","tag-celebrar-la-amistad","tag-culturas","tag-culturas-y-paises","tag-dia-internacional-de-la-amistad","tag-efemerides","tag-entendimiento","tag-hallmark-cards","tag-iniciativas-de-paz","tag-joyce-hall","tag-naciones-unidas-en-2011","tag-onu","tag-paises","tag-pueblos","tag-red-de-apoyo-social","tag-social","tag-solidaridad"],"yoast_head":"<!-- This site is optimized with the Yoast SEO plugin v28.4 - https:\/\/yoast.com\/product\/yoast-seo-wordpress\/ -->\n<title>D\u00eda Internacional de la Amistad 2025: historia y celebraciones globales. - Blog de Rafael Ram\u00edrez<\/title>\n<meta name=\"description\" content=\"La Asamblea General de las Naciones Unidas proclam\u00f3 el 30 de julio D\u00eda Internacional de la Amistad el 3 de mayo de 2011. Esta iniciativa...\" \/>\n<meta name=\"robots\" content=\"index, follow, max-snippet:-1, max-image-preview:large, max-video-preview:-1\" \/>\n<link rel=\"canonical\" href=\"https:\/\/rafaramirez.org\/blog\/index.php\/2025\/07\/30\/dia-internacional-de-la-amistad-2025\/\" \/>\n<meta property=\"og:locale\" content=\"es_ES\" \/>\n<meta property=\"og:type\" content=\"article\" \/>\n<meta property=\"og:title\" content=\"D\u00eda Internacional de la Amistad 2025: historia y celebraciones globales. - Blog de Rafael Ram\u00edrez\" \/>\n<meta property=\"og:description\" content=\"La Asamblea General de las Naciones Unidas proclam\u00f3 el 30 de julio D\u00eda Internacional de la Amistad el 3 de mayo de 2011. Esta iniciativa...\" \/>\n<meta property=\"og:url\" content=\"https:\/\/rafaramirez.org\/blog\/index.php\/2025\/07\/30\/dia-internacional-de-la-amistad-2025\/\" \/>\n<meta property=\"og:site_name\" content=\"Blog de Rafael Ram\u00edrez\" \/>\n<meta property=\"article:published_time\" content=\"2025-07-30T06:00:49+00:00\" \/>\n<meta property=\"og:image\" content=\"https:\/\/rafaramirez.org\/blog\/wp-content\/uploads\/2025\/07\/Dia-internacional-de-la-amistad-2025_bannerblog.jpg\" \/>\n\t<meta property=\"og:image:width\" content=\"720\" \/>\n\t<meta property=\"og:image:height\" content=\"440\" \/>\n\t<meta property=\"og:image:type\" content=\"image\/jpeg\" \/>\n<meta name=\"author\" content=\"Rafael Ram\u00edrez\" \/>\n<meta name=\"twitter:card\" content=\"summary_large_image\" \/>\n<meta name=\"twitter:creator\" content=\"@rafaramirez_ok\" \/>\n<meta name=\"twitter:site\" content=\"@rafaramirez_ok\" \/>\n<meta name=\"twitter:label1\" content=\"Escrito por\" \/>\n\t<meta name=\"twitter:data1\" content=\"Rafael Ram\u00edrez\" \/>\n\t<meta name=\"twitter:label2\" content=\"Tiempo de lectura\" \/>\n\t<meta name=\"twitter:data2\" content=\"5 minutos\" \/>\n<script type=\"application\/ld+json\" class=\"yoast-schema-graph\">{\"@context\":\"https:\\\/\\\/schema.org\",\"@graph\":[{\"@type\":\"Article\",\"@id\":\"https:\\\/\\\/rafaramirez.org\\\/blog\\\/index.php\\\/2025\\\/07\\\/30\\\/dia-internacional-de-la-amistad-2025\\\/#article\",\"isPartOf\":{\"@id\":\"https:\\\/\\\/rafaramirez.org\\\/blog\\\/index.php\\\/2025\\\/07\\\/30\\\/dia-internacional-de-la-amistad-2025\\\/\"},\"author\":{\"name\":\"Rafael Ram\u00edrez\",\"@id\":\"https:\\\/\\\/rafaramirez.org\\\/blog\\\/#\\\/schema\\\/person\\\/50f43b6d60c578760d4c17bda54ab6a5\"},\"headline\":\"D\u00eda Internacional de la Amistad 2025: historia y celebraciones globales.\",\"datePublished\":\"2025-07-30T06:00:49+00:00\",\"mainEntityOfPage\":{\"@id\":\"https:\\\/\\\/rafaramirez.org\\\/blog\\\/index.php\\\/2025\\\/07\\\/30\\\/dia-internacional-de-la-amistad-2025\\\/\"},\"wordCount\":867,\"commentCount\":0,\"publisher\":{\"@id\":\"https:\\\/\\\/rafaramirez.org\\\/blog\\\/#\\\/schema\\\/person\\\/50f43b6d60c578760d4c17bda54ab6a5\"},\"image\":{\"@id\":\"https:\\\/\\\/rafaramirez.org\\\/blog\\\/index.php\\\/2025\\\/07\\\/30\\\/dia-internacional-de-la-amistad-2025\\\/#primaryimage\"},\"thumbnailUrl\":\"https:\\\/\\\/rafaramirez.org\\\/blog\\\/wp-content\\\/uploads\\\/2025\\\/07\\\/Dia-internacional-de-la-amistad-2025_bannerblog.jpg\",\"keywords\":[\"1930\",\"30 de julio\",\"amistad\",\"blog de Rafael Ram\u00edrez\",\"camarader\u00eda\",\"celebrar la amistad\",\"culturas\",\"culturas y pa\u00edses\",\"D\u00eda Internacional de la Amistad\",\"efem\u00e9rides\",\"entendimiento\",\"Hallmark Cards\",\"iniciativas de paz\",\"Joyce Hall\",\"Naciones Unidas en 2011\",\"ONU\",\"pa\u00edses\",\"pueblos\",\"red de apoyo social\",\"social\",\"solidaridad\"],\"articleSection\":[\"Efem\u00e9rides\",\"Informe social\"],\"inLanguage\":\"es\",\"potentialAction\":[{\"@type\":\"CommentAction\",\"name\":\"Comment\",\"target\":[\"https:\\\/\\\/rafaramirez.org\\\/blog\\\/index.php\\\/2025\\\/07\\\/30\\\/dia-internacional-de-la-amistad-2025\\\/#respond\"]}]},{\"@type\":\"WebPage\",\"@id\":\"https:\\\/\\\/rafaramirez.org\\\/blog\\\/index.php\\\/2025\\\/07\\\/30\\\/dia-internacional-de-la-amistad-2025\\\/\",\"url\":\"https:\\\/\\\/rafaramirez.org\\\/blog\\\/index.php\\\/2025\\\/07\\\/30\\\/dia-internacional-de-la-amistad-2025\\\/\",\"name\":\"D\u00eda Internacional de la Amistad 2025: historia y celebraciones globales. - Blog de Rafael Ram\u00edrez\",\"isPartOf\":{\"@id\":\"https:\\\/\\\/rafaramirez.org\\\/blog\\\/#website\"},\"primaryImageOfPage\":{\"@id\":\"https:\\\/\\\/rafaramirez.org\\\/blog\\\/index.php\\\/2025\\\/07\\\/30\\\/dia-internacional-de-la-amistad-2025\\\/#primaryimage\"},\"image\":{\"@id\":\"https:\\\/\\\/rafaramirez.org\\\/blog\\\/index.php\\\/2025\\\/07\\\/30\\\/dia-internacional-de-la-amistad-2025\\\/#primaryimage\"},\"thumbnailUrl\":\"https:\\\/\\\/rafaramirez.org\\\/blog\\\/wp-content\\\/uploads\\\/2025\\\/07\\\/Dia-internacional-de-la-amistad-2025_bannerblog.jpg\",\"datePublished\":\"2025-07-30T06:00:49+00:00\",\"description\":\"La Asamblea General de las Naciones Unidas proclam\u00f3 el 30 de julio D\u00eda Internacional de la Amistad el 3 de mayo de 2011. Esta iniciativa...\",\"breadcrumb\":{\"@id\":\"https:\\\/\\\/rafaramirez.org\\\/blog\\\/index.php\\\/2025\\\/07\\\/30\\\/dia-internacional-de-la-amistad-2025\\\/#breadcrumb\"},\"inLanguage\":\"es\",\"potentialAction\":[{\"@type\":\"ReadAction\",\"target\":[\"https:\\\/\\\/rafaramirez.org\\\/blog\\\/index.php\\\/2025\\\/07\\\/30\\\/dia-internacional-de-la-amistad-2025\\\/\"]}]},{\"@type\":\"ImageObject\",\"inLanguage\":\"es\",\"@id\":\"https:\\\/\\\/rafaramirez.org\\\/blog\\\/index.php\\\/2025\\\/07\\\/30\\\/dia-internacional-de-la-amistad-2025\\\/#primaryimage\",\"url\":\"https:\\\/\\\/rafaramirez.org\\\/blog\\\/wp-content\\\/uploads\\\/2025\\\/07\\\/Dia-internacional-de-la-amistad-2025_bannerblog.jpg\",\"contentUrl\":\"https:\\\/\\\/rafaramirez.org\\\/blog\\\/wp-content\\\/uploads\\\/2025\\\/07\\\/Dia-internacional-de-la-amistad-2025_bannerblog.jpg\",\"width\":720,\"height\":440,\"caption\":\"D\u00eda Internacional de la Amistad 2025: historia y celebraciones globales. Blog de Rafael Ram\u00edrez.\"},{\"@type\":\"BreadcrumbList\",\"@id\":\"https:\\\/\\\/rafaramirez.org\\\/blog\\\/index.php\\\/2025\\\/07\\\/30\\\/dia-internacional-de-la-amistad-2025\\\/#breadcrumb\",\"itemListElement\":[{\"@type\":\"ListItem\",\"position\":1,\"name\":\"Portada\",\"item\":\"https:\\\/\\\/rafaramirez.org\\\/blog\\\/\"},{\"@type\":\"ListItem\",\"position\":2,\"name\":\"D\u00eda Internacional de la Amistad 2025: historia y celebraciones globales.\"}]},{\"@type\":\"WebSite\",\"@id\":\"https:\\\/\\\/rafaramirez.org\\\/blog\\\/#website\",\"url\":\"https:\\\/\\\/rafaramirez.org\\\/blog\\\/\",\"name\":\"Blog de Rafael Ram\u00edrez\",\"description\":\"Un sitio social, de arte y cultura\",\"publisher\":{\"@id\":\"https:\\\/\\\/rafaramirez.org\\\/blog\\\/#\\\/schema\\\/person\\\/50f43b6d60c578760d4c17bda54ab6a5\"},\"potentialAction\":[{\"@type\":\"SearchAction\",\"target\":{\"@type\":\"EntryPoint\",\"urlTemplate\":\"https:\\\/\\\/rafaramirez.org\\\/blog\\\/?s={search_term_string}\"},\"query-input\":{\"@type\":\"PropertyValueSpecification\",\"valueRequired\":true,\"valueName\":\"search_term_string\"}}],\"inLanguage\":\"es\"},{\"@type\":[\"Person\",\"Organization\"],\"@id\":\"https:\\\/\\\/rafaramirez.org\\\/blog\\\/#\\\/schema\\\/person\\\/50f43b6d60c578760d4c17bda54ab6a5\",\"name\":\"Rafael Ram\u00edrez\",\"image\":{\"@type\":\"ImageObject\",\"inLanguage\":\"es\",\"@id\":\"https:\\\/\\\/rafaramirez.org\\\/blog\\\/wp-content\\\/uploads\\\/2024\\\/09\\\/RR_socialnetwork.jpg\",\"url\":\"https:\\\/\\\/rafaramirez.org\\\/blog\\\/wp-content\\\/uploads\\\/2024\\\/09\\\/RR_socialnetwork.jpg\",\"contentUrl\":\"https:\\\/\\\/rafaramirez.org\\\/blog\\\/wp-content\\\/uploads\\\/2024\\\/09\\\/RR_socialnetwork.jpg\",\"width\":600,\"height\":606,\"caption\":\"Rafael Ram\u00edrez\"},\"logo\":{\"@id\":\"https:\\\/\\\/rafaramirez.org\\\/blog\\\/wp-content\\\/uploads\\\/2024\\\/09\\\/RR_socialnetwork.jpg\"},\"sameAs\":[\"https:\\\/\\\/www.rafaramirez.org\\\/blog\",\"https:\\\/\\\/www.instagram.com\\\/rafaramirez_ok\\\/\",\"https:\\\/\\\/es.pinterest.com\\\/Ramirez_Rafa\\\/\",\"https:\\\/\\\/x.com\\\/rafaramirez_ok\"],\"url\":\"https:\\\/\\\/rafaramirez.org\\\/blog\\\/index.php\\\/author\\\/rafaell_qm6j97da\\\/\"}]}<\/script>\n<!-- \/ Yoast SEO plugin. -->","yoast_head_json":{"title":"D\u00eda Internacional de la Amistad 2025: historia y celebraciones globales. - Blog de Rafael Ram\u00edrez","description":"La Asamblea General de las Naciones Unidas proclam\u00f3 el 30 de julio D\u00eda Internacional de la Amistad el 3 de mayo de 2011. Esta iniciativa...","robots":{"index":"index","follow":"follow","max-snippet":"max-snippet:-1","max-image-preview":"max-image-preview:large","max-video-preview":"max-video-preview:-1"},"canonical":"https:\/\/rafaramirez.org\/blog\/index.php\/2025\/07\/30\/dia-internacional-de-la-amistad-2025\/","og_locale":"es_ES","og_type":"article","og_title":"D\u00eda Internacional de la Amistad 2025: historia y celebraciones globales. - Blog de Rafael Ram\u00edrez","og_description":"La Asamblea General de las Naciones Unidas proclam\u00f3 el 30 de julio D\u00eda Internacional de la Amistad el 3 de mayo de 2011. Esta iniciativa...","og_url":"https:\/\/rafaramirez.org\/blog\/index.php\/2025\/07\/30\/dia-internacional-de-la-amistad-2025\/","og_site_name":"Blog de Rafael Ram\u00edrez","article_published_time":"2025-07-30T06:00:49+00:00","og_image":[{"width":720,"height":440,"url":"https:\/\/rafaramirez.org\/blog\/wp-content\/uploads\/2025\/07\/Dia-internacional-de-la-amistad-2025_bannerblog.jpg","type":"image\/jpeg"}],"author":"Rafael Ram\u00edrez","twitter_card":"summary_large_image","twitter_creator":"@rafaramirez_ok","twitter_site":"@rafaramirez_ok","twitter_misc":{"Escrito por":"Rafael Ram\u00edrez","Tiempo de lectura":"5 minutos"},"schema":{"@context":"https:\/\/schema.org","@graph":[{"@type":"Article","@id":"https:\/\/rafaramirez.org\/blog\/index.php\/2025\/07\/30\/dia-internacional-de-la-amistad-2025\/#article","isPartOf":{"@id":"https:\/\/rafaramirez.org\/blog\/index.php\/2025\/07\/30\/dia-internacional-de-la-amistad-2025\/"},"author":{"name":"Rafael Ram\u00edrez","@id":"https:\/\/rafaramirez.org\/blog\/#\/schema\/person\/50f43b6d60c578760d4c17bda54ab6a5"},"headline":"D\u00eda Internacional de la Amistad 2025: historia y celebraciones globales.","datePublished":"2025-07-30T06:00:49+00:00","mainEntityOfPage":{"@id":"https:\/\/rafaramirez.org\/blog\/index.php\/2025\/07\/30\/dia-internacional-de-la-amistad-2025\/"},"wordCount":867,"commentCount":0,"publisher":{"@id":"https:\/\/rafaramirez.org\/blog\/#\/schema\/person\/50f43b6d60c578760d4c17bda54ab6a5"},"image":{"@id":"https:\/\/rafaramirez.org\/blog\/index.php\/2025\/07\/30\/dia-internacional-de-la-amistad-2025\/#primaryimage"},"thumbnailUrl":"https:\/\/rafaramirez.org\/blog\/wp-content\/uploads\/2025\/07\/Dia-internacional-de-la-amistad-2025_bannerblog.jpg","keywords":["1930","30 de julio","amistad","blog de Rafael Ram\u00edrez","camarader\u00eda","celebrar la amistad","culturas","culturas y pa\u00edses","D\u00eda Internacional de la Amistad","efem\u00e9rides","entendimiento","Hallmark Cards","iniciativas de paz","Joyce Hall","Naciones Unidas en 2011","ONU","pa\u00edses","pueblos","red de apoyo social","social","solidaridad"],"articleSection":["Efem\u00e9rides","Informe social"],"inLanguage":"es","potentialAction":[{"@type":"CommentAction","name":"Comment","target":["https:\/\/rafaramirez.org\/blog\/index.php\/2025\/07\/30\/dia-internacional-de-la-amistad-2025\/#respond"]}]},{"@type":"WebPage","@id":"https:\/\/rafaramirez.org\/blog\/index.php\/2025\/07\/30\/dia-internacional-de-la-amistad-2025\/","url":"https:\/\/rafaramirez.org\/blog\/index.php\/2025\/07\/30\/dia-internacional-de-la-amistad-2025\/","name":"D\u00eda Internacional de la Amistad 2025: historia y celebraciones globales. - Blog de Rafael Ram\u00edrez","isPartOf":{"@id":"https:\/\/rafaramirez.org\/blog\/#website"},"primaryImageOfPage":{"@id":"https:\/\/rafaramirez.org\/blog\/index.php\/2025\/07\/30\/dia-internacional-de-la-amistad-2025\/#primaryimage"},"image":{"@id":"https:\/\/rafaramirez.org\/blog\/index.php\/2025\/07\/30\/dia-internacional-de-la-amistad-2025\/#primaryimage"},"thumbnailUrl":"https:\/\/rafaramirez.org\/blog\/wp-content\/uploads\/2025\/07\/Dia-internacional-de-la-amistad-2025_bannerblog.jpg","datePublished":"2025-07-30T06:00:49+00:00","description":"La Asamblea General de las Naciones Unidas proclam\u00f3 el 30 de julio D\u00eda Internacional de la Amistad el 3 de mayo de 2011. Esta iniciativa...","breadcrumb":{"@id":"https:\/\/rafaramirez.org\/blog\/index.php\/2025\/07\/30\/dia-internacional-de-la-amistad-2025\/#breadcrumb"},"inLanguage":"es","potentialAction":[{"@type":"ReadAction","target":["https:\/\/rafaramirez.org\/blog\/index.php\/2025\/07\/30\/dia-internacional-de-la-amistad-2025\/"]}]},{"@type":"ImageObject","inLanguage":"es","@id":"https:\/\/rafaramirez.org\/blog\/index.php\/2025\/07\/30\/dia-internacional-de-la-amistad-2025\/#primaryimage","url":"https:\/\/rafaramirez.org\/blog\/wp-content\/uploads\/2025\/07\/Dia-internacional-de-la-amistad-2025_bannerblog.jpg","contentUrl":"https:\/\/rafaramirez.org\/blog\/wp-content\/uploads\/2025\/07\/Dia-internacional-de-la-amistad-2025_bannerblog.jpg","width":720,"height":440,"caption":"D\u00eda Internacional de la Amistad 2025: historia y celebraciones globales. Blog de Rafael Ram\u00edrez."},{"@type":"BreadcrumbList","@id":"https:\/\/rafaramirez.org\/blog\/index.php\/2025\/07\/30\/dia-internacional-de-la-amistad-2025\/#breadcrumb","itemListElement":[{"@type":"ListItem","position":1,"name":"Portada","item":"https:\/\/rafaramirez.org\/blog\/"},{"@type":"ListItem","position":2,"name":"D\u00eda Internacional de la Amistad 2025: historia y celebraciones globales."}]},{"@type":"WebSite","@id":"https:\/\/rafaramirez.org\/blog\/#website","url":"https:\/\/rafaramirez.org\/blog\/","name":"Blog de Rafael Ram\u00edrez","description":"Un sitio social, de arte y cultura","publisher":{"@id":"https:\/\/rafaramirez.org\/blog\/#\/schema\/person\/50f43b6d60c578760d4c17bda54ab6a5"},"potentialAction":[{"@type":"SearchAction","target":{"@type":"EntryPoint","urlTemplate":"https:\/\/rafaramirez.org\/blog\/?s={search_term_string}"},"query-input":{"@type":"PropertyValueSpecification","valueRequired":true,"valueName":"search_term_string"}}],"inLanguage":"es"},{"@type":["Person","Organization"],"@id":"https:\/\/rafaramirez.org\/blog\/#\/schema\/person\/50f43b6d60c578760d4c17bda54ab6a5","name":"Rafael Ram\u00edrez","image":{"@type":"ImageObject","inLanguage":"es","@id":"https:\/\/rafaramirez.org\/blog\/wp-content\/uploads\/2024\/09\/RR_socialnetwork.jpg","url":"https:\/\/rafaramirez.org\/blog\/wp-content\/uploads\/2024\/09\/RR_socialnetwork.jpg","contentUrl":"https:\/\/rafaramirez.org\/blog\/wp-content\/uploads\/2024\/09\/RR_socialnetwork.jpg","width":600,"height":606,"caption":"Rafael Ram\u00edrez"},"logo":{"@id":"https:\/\/rafaramirez.org\/blog\/wp-content\/uploads\/2024\/09\/RR_socialnetwork.jpg"},"sameAs":["https:\/\/www.rafaramirez.org\/blog","https:\/\/www.instagram.com\/rafaramirez_ok\/","https:\/\/es.pinterest.com\/Ramirez_Rafa\/","https:\/\/x.com\/rafaramirez_ok"],"url":"https:\/\/rafaramirez.org\/blog\/index.php\/author\/rafaell_qm6j97da\/"}]}},"jetpack_publicize_connections":[],"jetpack_sharing_enabled":true,"jetpack_likes_enabled":true,"jetpack_featured_media_url":"https:\/\/rafaramirez.org\/blog\/wp-content\/uploads\/2025\/07\/Dia-internacional-de-la-amistad-2025_bannerblog.jpg","_links":{"self":[{"href":"https:\/\/rafaramirez.org\/blog\/index.php\/wp-json\/wp\/v2\/posts\/9942","targetHints":{"allow":["GET"]}}],"collection":[{"href":"https:\/\/rafaramirez.org\/blog\/index.php\/wp-json\/wp\/v2\/posts"}],"about":[{"href":"https:\/\/rafaramirez.org\/blog\/index.php\/wp-json\/wp\/v2\/types\/post"}],"author":[{"embeddable":true,"href":"https:\/\/rafaramirez.org\/blog\/index.php\/wp-json\/wp\/v2\/users\/1"}],"replies":[{"embeddable":true,"href":"https:\/\/rafaramirez.org\/blog\/index.php\/wp-json\/wp\/v2\/comments?post=9942"}],"version-history":[{"count":9,"href":"https:\/\/rafaramirez.org\/blog\/index.php\/wp-json\/wp\/v2\/posts\/9942\/revisions"}],"predecessor-version":[{"id":9955,"href":"https:\/\/rafaramirez.org\/blog\/index.php\/wp-json\/wp\/v2\/posts\/9942\/revisions\/9955"}],"wp:featuredmedia":[{"embeddable":true,"href":"https:\/\/rafaramirez.org\/blog\/index.php\/wp-json\/wp\/v2\/media\/9950"}],"wp:attachment":[{"href":"https:\/\/rafaramirez.org\/blog\/index.php\/wp-json\/wp\/v2\/media?parent=9942"}],"wp:term":[{"taxonomy":"category","embeddable":true,"href":"https:\/\/rafaramirez.org\/blog\/index.php\/wp-json\/wp\/v2\/categories?post=9942"},{"taxonomy":"post_tag","embeddable":true,"href":"https:\/\/rafaramirez.org\/blog\/index.php\/wp-json\/wp\/v2\/tags?post=9942"}],"curies":[{"name":"wp","href":"https:\/\/api.w.org\/{rel}","templated":true}]}}