{"id":9928,"date":"2025-07-29T08:00:14","date_gmt":"2025-07-29T06:00:14","guid":{"rendered":"https:\/\/rafaramirez.org\/blog\/?p=9928"},"modified":"2025-07-14T13:03:54","modified_gmt":"2025-07-14T11:03:54","slug":"la-piel-dura-pelicula-de-francois-truffaut","status":"publish","type":"post","link":"https:\/\/rafaramirez.org\/blog\/index.php\/2025\/07\/29\/la-piel-dura-pelicula-de-francois-truffaut\/","title":{"rendered":"\u00abLa piel dura\u00bb de Fran\u00e7ois Truffaut, la infancia en estado puro."},"content":{"rendered":"<p>Hoy os hablo de \u00abLa piel dura\u00bb (1976), un hito en la filmograf\u00eda de Truffaut por su tratamiento honesto y multifac\u00e9tico de la infancia. Su estructura epis\u00f3dica y su esp\u00edritu improvisado han inspirado a directores que exploran la mirada infantil, como Fran\u00e7ois Ozon o C\u00e9line Sciamma.<\/p>\n<p>\u00abLa piel dura\u00bb narra las experiencias de un grupo de ni\u00f1os de diferentes edades y condiciones que viven en la peque\u00f1a ciudad de Thiers. Patrick, que vive con su padre inv\u00e1lido, sue\u00f1a con dar y recibir su primer beso, mientras que Julien, un ni\u00f1o maltratado por su madre alcoh\u00f3lica, encarna el sufrimiento de muchas infancias. A lo largo del verano de 1976, se entrelazan an\u00e9cdotas de la escuela, de las colonias de vacaciones y de las salas de cine, que simbolizan un refugio frente a la rutina diaria.<\/p>\n<p>\u00abLa piel dura\u00bb atrajo a 2 071 040 espectadores en Francia, siendo la decimos\u00e9ptima pel\u00edcula m\u00e1s taquillera del pa\u00eds y uno de los mayores \u00e9xitos de Truffaut tras\u00a0\u00abLos 400 golpes\u00bb y \u00abEl \u00faltimo metro\u00bb.<\/p>\n<h3>Detr\u00e1s de \u00abLa piel dura\u00bb.<\/h3>\n<p>Fran\u00e7ois Truffaut llevaba a\u00f1os acumulando an\u00e9cdotas infantiles desde su primer gran \u00e9xito, y cuando en 1974 comenz\u00f3 a escribir \u00abLa piel dura\u00bb, solo ten\u00eda una sinopsis de diez p\u00e1ginas. Quer\u00eda dejar espacio a la espontaneidad de los ni\u00f1os, por lo que el guion se concibi\u00f3 como un esqueleto que ellos pudieran rellenar con su naturalidad. Gracias a esa libertad creativa, muchas escenas surgieron de la improvisaci\u00f3n y aportaron un realismo poco habitual en el cine de la \u00e9poca.<\/p>\n<p>La elecci\u00f3n de la peque\u00f1a ciudad de Thiers no fue casual. Truffaut recorri\u00f3 varios pueblos antes de decidirse por su atm\u00f3sfera intemporal y, para que el rodaje resultara lo m\u00e1s aut\u00e9ntico posible, se instal\u00f3 all\u00ed varias semanas antes de empezar a filmar. Incluso la escuela p\u00fablica cerr\u00f3 sus puertas para que maestros y alumnos reales recrearan sus rutinas en el aula y el patio de recreo, lo que convirti\u00f3 cada toma en un reflejo casi documental de la vida cotidiana.<\/p>\n<p>Entre los rostros que descubri\u00f3 en las calles de Thiers estaba el de \u00c9va Truffaut, su propia hija, que apareci\u00f3 como extra en la escena del cine sin que nadie supiera que era parte de la familia del director. Y, cuando lleg\u00f3 el momento de rodar la secuencia en la que Julien recibe castigo, Philippe Goldmann rompi\u00f3 a llorar de verdad. Truffaut, convencido de que esa emoci\u00f3n no pod\u00eda fingirse, decidi\u00f3 conservar esa \u00fanica toma.<\/p>\n<p>El inolvidable mon\u00f3logo final del profesor Richet se escribi\u00f3 apenas una semana antes de la \u00faltima jornada de rodaje y est\u00e1 inspirado en reflexiones que el propio Truffaut apuntaba en sus diarios sobre educaci\u00f3n e infancia. Jean-Fran\u00e7ois St\u00e9venin aprendi\u00f3 el texto de un tir\u00f3n y lo grab\u00f3 en solo dos tomas, manteniendo intacta la pasi\u00f3n contenida en esos minutos. Mientras tanto, la banda sonora, salpicada de fragmentos de Maurice Jaubert, envolv\u00eda las escenas en una melancol\u00eda que evocaba la nostalgia por el tiempo pasado.<\/p>\n<p>Aunque al principio Truffaut lleg\u00f3 a montar casi tres horas de metraje, la versi\u00f3n definitiva se recort\u00f3 a 105 minutos tras arduos debates con el montador Yann Dedet. El t\u00edtulo original, L&#8217;argent de poche, alude al dinero de bolsillo con el que los ni\u00f1os comienzan a descubrir su autonom\u00eda, mientras que la traducci\u00f3n al espa\u00f1ol, \u00abLa piel dura\u00bb, subraya la idea de las cicatrices emocionales y la resistencia propia de la infancia. Gracias a la nueva colaboraci\u00f3n con United Artists en Francia, Truffaut logr\u00f3 llevar su mirada sobre los m\u00e1s peque\u00f1os a un p\u00fablico mucho m\u00e1s amplio.<\/p>\n<figure id=\"attachment_9936\" aria-describedby=\"caption-attachment-9936\" style=\"width: 256px\" class=\"wp-caption aligncenter\"><a href=\"https:\/\/rafaramirez.org\/blog\/wp-content\/uploads\/2025\/07\/La-piel-dura_cartel.jpg\" target=\"_blank\" rel=\"noopener\"><img loading=\"lazy\" decoding=\"async\" class=\"wp-image-9936 size-medium\" src=\"https:\/\/rafaramirez.org\/blog\/wp-content\/uploads\/2025\/07\/La-piel-dura_cartel-256x300.jpg\" alt=\"Cartel de &quot;La piel dura&quot; (1976). Pel\u00edcula recomendada. Blog de Rafael Ram\u00edrez.\" width=\"256\" height=\"300\" srcset=\"https:\/\/rafaramirez.org\/blog\/wp-content\/uploads\/2025\/07\/La-piel-dura_cartel-256x300.jpg 256w, https:\/\/rafaramirez.org\/blog\/wp-content\/uploads\/2025\/07\/La-piel-dura_cartel.jpg 512w\" sizes=\"auto, (max-width: 256px) 100vw, 256px\" \/><\/a><figcaption id=\"caption-attachment-9936\" class=\"wp-caption-text\">Cartel de \u00abLa piel dura\u00bb (1976). Pel\u00edcula recomendada. Blog de Rafael Ram\u00edrez.<\/figcaption><\/figure>\n<h3>Cr\u00edtica cinematogr\u00e1fica.<\/h3>\n<p>\u00abLa piel dura\u00bb despliega su encanto en un entramado epis\u00f3dico en el que cada an\u00e9cdota infantil resulta genuina y libre. Fran\u00e7ois Truffaut privilegia la espontaneidad por encima de una trama convencional: el guion act\u00faa como un esqueleto al que los ni\u00f1os aportan carne y hueso, lo que provoca un realismo ins\u00f3lito. Esa estructura fragmentaria, lejos de dispersar la mirada, multiplica las perspectivas sobre la infancia: desde el ansia de afecto de Patrick hasta el grito de auxilio de Julien. Aunque, en ocasiones, algunos pasajes transitan por la sencillez casi documental, es precisamente esa simplicidad la que confirma la complejidad emocional que late bajo la superficie.<\/p>\n<p>Por otra parte, el mayor acierto de Truffaut radica en delegar gran parte del peso dram\u00e1tico en los ni\u00f1os, lo que da como resultado unas actuaciones de una frescura excepcional. Georges Desmouceaux y Philippe Goldmann no recitan, viven sus papeles: el primer beso de Patrick respira timidez aut\u00e9ntica y el llanto de Julien perfora la pantalla. Jean-Fran\u00e7ois St\u00e9venin, en el papel del profesor, equilibra autoridad y ternura, y culmina con un mon\u00f3logo final que, lejos de sentirse impostado, surge con la intensidad que se respira en los diarios de Truffaut. Esa combinaci\u00f3n de amateurismo calculado y talento profesional confiere al filme una magia dif\u00edcil de reproducir.<\/p>\n<p>La fotograf\u00eda de Pierre-William Glenn incide en la naturalidad de los espacios: los pasillos del colegio, las calles de Thiers y el patio de recreo quedan impregnados de una luz crepuscular y tonos ocres que subrayan la nostalgia. Los planos secuencia y el uso moderado de la c\u00e1mara en mano refuerzan la sensaci\u00f3n de descubrimiento continuo. La banda sonora, salpicada de fragmentos de Maurice Jaubert, act\u00faa como un eco melanc\u00f3lico: la m\u00fasica no anuncia la emoci\u00f3n, la prolonga. La combinaci\u00f3n de imagen y sonido crea una experiencia sensorial que trasciende el simple retrato social.<\/p>\n<p>En el fondo, La piel dura reflexiona sobre la resistencia y las cicatrices emocionales que deja la infancia. Truffaut no idealiza a sus peque\u00f1os, sino que muestra su orgullo, su soledad y su capacidad para re\u00edrse de las desgracias. Esta cr\u00f3nica sensible sobre la autonom\u00eda infantil dialoga con su obra precedente, \u00abLos 400 golpes\u00bb, pero evoluciona del drama \u00edntimo a una mirada coral que celebra la comunidad y denuncia la incomprensi\u00f3n. El t\u00edtulo en espa\u00f1ol acierta al subrayar la piel curtida por la vida, que se palpa en cada gesto y cada silencio.<\/p>\n<p>En definitiva, \u00abLa piel dura\u00bb se mantiene como un hito en la filmograf\u00eda de Truffaut: combina el esplendor de la improvisaci\u00f3n con la mirada po\u00e9tica de un autor maduro. Puede que resulte desigual en su ritmo epis\u00f3dico, pero esa misma irregularidad forma parte de su encanto y de su valent\u00eda formal. A d\u00eda de hoy, sigue inspirando a cineastas que buscan capturar la verdad de la infancia sin artificios, como un testimonio vibrante de que el cine puede ser, al mismo tiempo, juego y herida.<\/p>\n<figure id=\"attachment_9933\" aria-describedby=\"caption-attachment-9933\" style=\"width: 300px\" class=\"wp-caption aligncenter\"><a href=\"https:\/\/rafaramirez.org\/blog\/wp-content\/uploads\/2025\/07\/La-piel-dura_1_ok.jpg\" target=\"_blank\" rel=\"noopener\"><img loading=\"lazy\" decoding=\"async\" class=\"wp-image-9933 size-medium\" src=\"https:\/\/rafaramirez.org\/blog\/wp-content\/uploads\/2025\/07\/La-piel-dura_1_ok-300x169.jpg\" alt=\"Escena de &quot;La piel dura&quot; (1976). Pel\u00edcula recomendada. Blog de Rafael Ram\u00edrez.\" width=\"300\" height=\"169\" srcset=\"https:\/\/rafaramirez.org\/blog\/wp-content\/uploads\/2025\/07\/La-piel-dura_1_ok-300x169.jpg 300w, https:\/\/rafaramirez.org\/blog\/wp-content\/uploads\/2025\/07\/La-piel-dura_1_ok-768x432.jpg 768w, https:\/\/rafaramirez.org\/blog\/wp-content\/uploads\/2025\/07\/La-piel-dura_1_ok.jpg 1000w\" sizes=\"auto, (max-width: 300px) 100vw, 300px\" \/><\/a><figcaption id=\"caption-attachment-9933\" class=\"wp-caption-text\">Escena de \u00abLa piel dura\u00bb (1976). Pel\u00edcula recomendada. Blog de Rafael Ram\u00edrez.<\/figcaption><\/figure>\n<h3>Premios y reconocimientos.<\/h3>\n<h4>Festival Internacional de Cine de Berl\u00edn, 1976.<\/h4>\n<p>En su presentaci\u00f3n en Berl\u00edn, \u201cLa piel dura\u201d obtuvo el Premio de Recomendaci\u00f3n OCIC en la Competencia Oficial, el galard\u00f3n del Jurado de Lectores de Berliner Morgenpost y la nominaci\u00f3n al Oso de Oro a la Mejor Pel\u00edcula.<\/p>\n<h4>Reconocimientos en Estados Unidos.<\/h4>\n<p>La cinta lleg\u00f3 al circuito de festivales estadounidenses, donde cosech\u00f3 elogios: fue candidata al Gold Hugo a la mejor pel\u00edcula en el Chicago International Film Festival, el Kansas City Film Critics Circle la distingui\u00f3 como mejor pel\u00edcula extranjera y el National Board of Review la incluy\u00f3 entre sus diez mejores pel\u00edculas extranjeras de 1976.<\/p>\n<h4>Otras nominaciones internacionales.<\/h4>\n<p>En 1977, la pel\u00edcula fue nominada al Globo de Oro a la mejor pel\u00edcula en lengua no inglesa y compiti\u00f3 por la Espiga de Oro al mejor film en la Semana Internacional de Cine de Valladolid.<\/p>\n<h3>Ficha t\u00e9cnica de la pel\u00edcula.<\/h3>\n<ul>\n<li><strong>T\u00edtulo original:<\/strong> L\u2019Argent de poche<\/li>\n<li><strong>T\u00edtulo en espa\u00f1ol:<\/strong> La piel dura<\/li>\n<li><strong>A\u00f1o de estreno:<\/strong> 1976<\/li>\n<li><strong>Duraci\u00f3n:<\/strong> 105 minutos<\/li>\n<li><strong>Pa\u00eds:<\/strong> Francia<\/li>\n<li><strong>Idioma original:<\/strong> Franc\u00e9s<\/li>\n<li><strong>G\u00e9nero:<\/strong> Comedia dram\u00e1tica \/ Infancia \/ Ense\u00f1anza<\/li>\n<li><strong>Director:<\/strong> Fran\u00e7ois Truffaut<\/li>\n<li><strong>Guion:<\/strong> Fran\u00e7ois Truffaut y Suzanne Schiffman<\/li>\n<li><strong>Producci\u00f3n:<\/strong> Marcel Berbert<\/li>\n<li><strong>Fotograf\u00eda:<\/strong> Pierre-William Glenn<\/li>\n<li><strong>Montaje:<\/strong> Yann Dedet y Martine Barraqu\u00e9-Curie<\/li>\n<li><strong>M\u00fasica:<\/strong> Maurice Jaubert<\/li>\n<li><strong>Compa\u00f1\u00edas:<\/strong> Les Films du Carrosse, Les Productions Artistes Associ\u00e9s<\/li>\n<li><strong>Distribuidora:<\/strong> United Artists<\/li>\n<\/ul>\n<figure id=\"attachment_9934\" aria-describedby=\"caption-attachment-9934\" style=\"width: 300px\" class=\"wp-caption aligncenter\"><a href=\"https:\/\/rafaramirez.org\/blog\/wp-content\/uploads\/2025\/07\/La-piel-dura_2_ok.jpg\" target=\"_blank\" rel=\"noopener\"><img loading=\"lazy\" decoding=\"async\" class=\"wp-image-9934 size-medium\" src=\"https:\/\/rafaramirez.org\/blog\/wp-content\/uploads\/2025\/07\/La-piel-dura_2_ok-300x201.jpg\" alt=\"Escena de &quot;La piel dura&quot; (1976). Pel\u00edcula recomendada. Blog de Rafael Ram\u00edrez.\" width=\"300\" height=\"201\" srcset=\"https:\/\/rafaramirez.org\/blog\/wp-content\/uploads\/2025\/07\/La-piel-dura_2_ok-300x201.jpg 300w, https:\/\/rafaramirez.org\/blog\/wp-content\/uploads\/2025\/07\/La-piel-dura_2_ok-768x515.jpg 768w, https:\/\/rafaramirez.org\/blog\/wp-content\/uploads\/2025\/07\/La-piel-dura_2_ok.jpg 1000w\" sizes=\"auto, (max-width: 300px) 100vw, 300px\" \/><\/a><figcaption id=\"caption-attachment-9934\" class=\"wp-caption-text\">Escena de \u00abLa piel dura\u00bb (1976). Pel\u00edcula recomendada. Blog de Rafael Ram\u00edrez.<\/figcaption><\/figure>\n<div>\n<p><strong>Reparto principal:<\/strong><\/p>\n<ul>\n<li>Georges Desmouceaux como Patrick<\/li>\n<li>Jean-Fran\u00e7ois St\u00e9venin como el profesor Richet<\/li>\n<li>Philippe Goldmann como Julien<\/li>\n<li>Virginie Th\u00e9venet como Lydie Richet<\/li>\n<li>Chantal Mercier como Chantal Petit<\/li>\n<li>Nicole F\u00e9lix como la madre de Gr\u00e9gory<\/li>\n<li>Marcel Berbert como el director de la escuela<\/li>\n<li>\u00c9va Truffaut como extra en la escena del cine<\/li>\n<\/ul>\n<div>\n<h3>Tr\u00e1iler de \u00abLa piel dura\u00bb.<\/h3>\n<p><iframe loading=\"lazy\" title=\"YouTube video player\" src=\"https:\/\/www.youtube.com\/embed\/5cpxmlCJ118?si=ZEqhiVbHbnHzmg1y\" width=\"560\" height=\"315\" frameborder=\"0\" allowfullscreen=\"allowfullscreen\"><\/iframe><\/p>\n<\/div>\n<p>En resumen, te recomiendo ver \u00abLa piel dura\u00bb porque capta la esencia de la infancia con una ternura cruda y sin artificios. Truffaut consigue que lo cotidiano parezca m\u00e1gico y que lo doloroso resulte profundamente humano. Es una pel\u00edcula que no solo se ve, sino que se recuerda como si formara parte de tu propia ni\u00f1ez. Si te gustan las historias sinceras y con alma, esta te llegar\u00e1.<\/p>\n<p>M\u00e1s informaci\u00f3n:<\/p>\n<ul>\n<li><a href=\"https:\/\/es.wikipedia.org\/wiki\/La_piel_dura\" target=\"_blank\" rel=\"noopener\">La piel dura &#8211; Wikipedia, la enciclopedia libre<\/a>.<\/li>\n<li><a href=\"https:\/\/www.filmaffinity.com\/es\/film540662.html\" target=\"_blank\" rel=\"noopener\">La piel dura (1976) &#8211; FilmAffinity<\/a>.<\/li>\n<li><a href=\"https:\/\/www.google.com\/search?q=comprar+o+ver+%22La+piel+dura%22+1976\" target=\"_blank\" rel=\"noopener\">D\u00f3nde comprar o ver \u00abLa piel dura\u00bb<\/a>.<\/li>\n<li><a href=\"https:\/\/rafaramirez.org\/blog\/index.php\/category\/arte\/cine\/\" target=\"_blank\" rel=\"noopener\">M\u00e1s cine recomendado<\/a>.<\/li>\n<\/ul>\n<\/div>\n","protected":false},"excerpt":{"rendered":"<p>Hoy os hablo de \u00abLa piel dura\u00bb (1976), un hito en la filmograf\u00eda de Truffaut por su tratamiento honesto y multifac\u00e9tico de la infancia. Su estructura epis\u00f3dica y su esp\u00edritu improvisado han inspirado a directores que exploran la mirada infantil, como Fran\u00e7ois Ozon o C\u00e9line Sciamma. \u00abLa piel dura\u00bb narra las experiencias de un grupo [&hellip;]<\/p>\n","protected":false},"author":1,"featured_media":9939,"comment_status":"open","ping_status":"closed","sticky":false,"template":"","format":"standard","meta":{"site-container-style":"default","site-container-layout":"default","site-sidebar-layout":"default","disable-article-header":"default","disable-site-header":"default","disable-site-footer":"default","disable-content-area-spacing":"default","_jetpack_newsletter_access":"","_jetpack_dont_email_post_to_subs":false,"_jetpack_newsletter_tier_id":0,"_jetpack_memberships_contains_paywalled_content":false,"_jetpack_feature_clip_id":0,"_jetpack_memberships_contains_paid_content":false,"footnotes":"","jetpack_publicize_message":"","jetpack_publicize_feature_enabled":true,"jetpack_social_post_already_shared":true,"jetpack_social_options":{"image_generator_settings":{"template":"highway","default_image_id":0,"font":"","enabled":false},"version":2},"jetpack_post_was_ever_published":false},"categories":[711],"tags":[4407,4406,4004,1456,2966,4404,4405,897],"class_list":["post-9928","post","type-post","status-publish","format-standard","has-post-thumbnail","hentry","category-cine","tag-la-piel-dura-de-francois-truffaut","tag-la-piel-dura-pelicula","tag-cine-recomendado","tag-critica-de-peliculas","tag-francois-truffaut","tag-la-piel-dura-1976","tag-pelicula-de-1976","tag-pelicula-recomendada"],"yoast_head":"<!-- This site is optimized with the Yoast SEO plugin v28.4 - https:\/\/yoast.com\/product\/yoast-seo-wordpress\/ -->\n<title>&quot;La piel dura&quot; de Fran\u00e7ois Truffaut, la infancia en estado puro. - Blog de Rafael Ram\u00edrez<\/title>\n<meta name=\"description\" content=\"Hoy os hablo de &quot;La piel dura&quot; de 1976, un hito en la filmograf\u00eda de Truffaut por su tratamiento honesto y multifac\u00e9tico de la infancia.\" \/>\n<meta name=\"robots\" content=\"index, follow, max-snippet:-1, max-image-preview:large, max-video-preview:-1\" \/>\n<link rel=\"canonical\" href=\"https:\/\/rafaramirez.org\/blog\/index.php\/2025\/07\/29\/la-piel-dura-pelicula-de-francois-truffaut\/\" \/>\n<meta property=\"og:locale\" content=\"es_ES\" \/>\n<meta property=\"og:type\" content=\"article\" \/>\n<meta property=\"og:title\" content=\"&quot;La piel dura&quot; de Fran\u00e7ois Truffaut, la infancia en estado puro. - Blog de Rafael Ram\u00edrez\" \/>\n<meta property=\"og:description\" content=\"Hoy os hablo de &quot;La piel dura&quot; de 1976, un hito en la filmograf\u00eda de Truffaut por su tratamiento honesto y multifac\u00e9tico de la infancia.\" \/>\n<meta property=\"og:url\" content=\"https:\/\/rafaramirez.org\/blog\/index.php\/2025\/07\/29\/la-piel-dura-pelicula-de-francois-truffaut\/\" \/>\n<meta property=\"og:site_name\" content=\"Blog de Rafael Ram\u00edrez\" \/>\n<meta property=\"article:published_time\" content=\"2025-07-29T06:00:14+00:00\" \/>\n<meta property=\"og:image\" content=\"https:\/\/rafaramirez.org\/blog\/wp-content\/uploads\/2025\/07\/La-piel-dura_bannerblog.jpg\" \/>\n\t<meta property=\"og:image:width\" content=\"720\" \/>\n\t<meta property=\"og:image:height\" content=\"440\" \/>\n\t<meta property=\"og:image:type\" content=\"image\/jpeg\" \/>\n<meta name=\"author\" content=\"Rafael Ram\u00edrez\" \/>\n<meta name=\"twitter:card\" content=\"summary_large_image\" \/>\n<meta name=\"twitter:creator\" content=\"@rafaramirez_ok\" \/>\n<meta name=\"twitter:site\" content=\"@rafaramirez_ok\" \/>\n<meta name=\"twitter:label1\" content=\"Escrito por\" \/>\n\t<meta name=\"twitter:data1\" content=\"Rafael Ram\u00edrez\" \/>\n\t<meta name=\"twitter:label2\" content=\"Tiempo de lectura\" \/>\n\t<meta name=\"twitter:data2\" content=\"8 minutos\" \/>\n<script type=\"application\/ld+json\" class=\"yoast-schema-graph\">{\"@context\":\"https:\\\/\\\/schema.org\",\"@graph\":[{\"@type\":\"Article\",\"@id\":\"https:\\\/\\\/rafaramirez.org\\\/blog\\\/index.php\\\/2025\\\/07\\\/29\\\/la-piel-dura-pelicula-de-francois-truffaut\\\/#article\",\"isPartOf\":{\"@id\":\"https:\\\/\\\/rafaramirez.org\\\/blog\\\/index.php\\\/2025\\\/07\\\/29\\\/la-piel-dura-pelicula-de-francois-truffaut\\\/\"},\"author\":{\"name\":\"Rafael Ram\u00edrez\",\"@id\":\"https:\\\/\\\/rafaramirez.org\\\/blog\\\/#\\\/schema\\\/person\\\/50f43b6d60c578760d4c17bda54ab6a5\"},\"headline\":\"\u00abLa piel dura\u00bb de Fran\u00e7ois Truffaut, la infancia en estado puro.\",\"datePublished\":\"2025-07-29T06:00:14+00:00\",\"mainEntityOfPage\":{\"@id\":\"https:\\\/\\\/rafaramirez.org\\\/blog\\\/index.php\\\/2025\\\/07\\\/29\\\/la-piel-dura-pelicula-de-francois-truffaut\\\/\"},\"wordCount\":1630,\"commentCount\":0,\"publisher\":{\"@id\":\"https:\\\/\\\/rafaramirez.org\\\/blog\\\/#\\\/schema\\\/person\\\/50f43b6d60c578760d4c17bda54ab6a5\"},\"image\":{\"@id\":\"https:\\\/\\\/rafaramirez.org\\\/blog\\\/index.php\\\/2025\\\/07\\\/29\\\/la-piel-dura-pelicula-de-francois-truffaut\\\/#primaryimage\"},\"thumbnailUrl\":\"https:\\\/\\\/rafaramirez.org\\\/blog\\\/wp-content\\\/uploads\\\/2025\\\/07\\\/La-piel-dura_bannerblog.jpg\",\"keywords\":[\"\\\"La piel dura\\\" de Fran\u00e7ois Truffaut\",\"\\\"La piel dura\\\" pel\u00edcula\",\"cine recomendado\",\"cr\u00edtica de pel\u00edculas\",\"Fran\u00e7ois Truffaut\",\"La piel dura 1976\",\"pel\u00edcula de 1976\",\"pel\u00edcula recomendada\"],\"articleSection\":[\"Cine\"],\"inLanguage\":\"es\",\"potentialAction\":[{\"@type\":\"CommentAction\",\"name\":\"Comment\",\"target\":[\"https:\\\/\\\/rafaramirez.org\\\/blog\\\/index.php\\\/2025\\\/07\\\/29\\\/la-piel-dura-pelicula-de-francois-truffaut\\\/#respond\"]}]},{\"@type\":\"WebPage\",\"@id\":\"https:\\\/\\\/rafaramirez.org\\\/blog\\\/index.php\\\/2025\\\/07\\\/29\\\/la-piel-dura-pelicula-de-francois-truffaut\\\/\",\"url\":\"https:\\\/\\\/rafaramirez.org\\\/blog\\\/index.php\\\/2025\\\/07\\\/29\\\/la-piel-dura-pelicula-de-francois-truffaut\\\/\",\"name\":\"\\\"La piel dura\\\" de Fran\u00e7ois Truffaut, la infancia en estado puro. - Blog de Rafael Ram\u00edrez\",\"isPartOf\":{\"@id\":\"https:\\\/\\\/rafaramirez.org\\\/blog\\\/#website\"},\"primaryImageOfPage\":{\"@id\":\"https:\\\/\\\/rafaramirez.org\\\/blog\\\/index.php\\\/2025\\\/07\\\/29\\\/la-piel-dura-pelicula-de-francois-truffaut\\\/#primaryimage\"},\"image\":{\"@id\":\"https:\\\/\\\/rafaramirez.org\\\/blog\\\/index.php\\\/2025\\\/07\\\/29\\\/la-piel-dura-pelicula-de-francois-truffaut\\\/#primaryimage\"},\"thumbnailUrl\":\"https:\\\/\\\/rafaramirez.org\\\/blog\\\/wp-content\\\/uploads\\\/2025\\\/07\\\/La-piel-dura_bannerblog.jpg\",\"datePublished\":\"2025-07-29T06:00:14+00:00\",\"description\":\"Hoy os hablo de \\\"La piel dura\\\" de 1976, un hito en la filmograf\u00eda de Truffaut por su tratamiento honesto y multifac\u00e9tico de la infancia.\",\"breadcrumb\":{\"@id\":\"https:\\\/\\\/rafaramirez.org\\\/blog\\\/index.php\\\/2025\\\/07\\\/29\\\/la-piel-dura-pelicula-de-francois-truffaut\\\/#breadcrumb\"},\"inLanguage\":\"es\",\"potentialAction\":[{\"@type\":\"ReadAction\",\"target\":[\"https:\\\/\\\/rafaramirez.org\\\/blog\\\/index.php\\\/2025\\\/07\\\/29\\\/la-piel-dura-pelicula-de-francois-truffaut\\\/\"]}]},{\"@type\":\"ImageObject\",\"inLanguage\":\"es\",\"@id\":\"https:\\\/\\\/rafaramirez.org\\\/blog\\\/index.php\\\/2025\\\/07\\\/29\\\/la-piel-dura-pelicula-de-francois-truffaut\\\/#primaryimage\",\"url\":\"https:\\\/\\\/rafaramirez.org\\\/blog\\\/wp-content\\\/uploads\\\/2025\\\/07\\\/La-piel-dura_bannerblog.jpg\",\"contentUrl\":\"https:\\\/\\\/rafaramirez.org\\\/blog\\\/wp-content\\\/uploads\\\/2025\\\/07\\\/La-piel-dura_bannerblog.jpg\",\"width\":720,\"height\":440,\"caption\":\"\\\"La piel dura\\\" (1976). Pel\u00edcula recomendada. Blog de Rafael Ram\u00edrez.\"},{\"@type\":\"BreadcrumbList\",\"@id\":\"https:\\\/\\\/rafaramirez.org\\\/blog\\\/index.php\\\/2025\\\/07\\\/29\\\/la-piel-dura-pelicula-de-francois-truffaut\\\/#breadcrumb\",\"itemListElement\":[{\"@type\":\"ListItem\",\"position\":1,\"name\":\"Portada\",\"item\":\"https:\\\/\\\/rafaramirez.org\\\/blog\\\/\"},{\"@type\":\"ListItem\",\"position\":2,\"name\":\"\u00abLa piel dura\u00bb de Fran\u00e7ois Truffaut, la infancia en estado puro.\"}]},{\"@type\":\"WebSite\",\"@id\":\"https:\\\/\\\/rafaramirez.org\\\/blog\\\/#website\",\"url\":\"https:\\\/\\\/rafaramirez.org\\\/blog\\\/\",\"name\":\"Blog de Rafael Ram\u00edrez\",\"description\":\"Un sitio social, de arte y cultura\",\"publisher\":{\"@id\":\"https:\\\/\\\/rafaramirez.org\\\/blog\\\/#\\\/schema\\\/person\\\/50f43b6d60c578760d4c17bda54ab6a5\"},\"potentialAction\":[{\"@type\":\"SearchAction\",\"target\":{\"@type\":\"EntryPoint\",\"urlTemplate\":\"https:\\\/\\\/rafaramirez.org\\\/blog\\\/?s={search_term_string}\"},\"query-input\":{\"@type\":\"PropertyValueSpecification\",\"valueRequired\":true,\"valueName\":\"search_term_string\"}}],\"inLanguage\":\"es\"},{\"@type\":[\"Person\",\"Organization\"],\"@id\":\"https:\\\/\\\/rafaramirez.org\\\/blog\\\/#\\\/schema\\\/person\\\/50f43b6d60c578760d4c17bda54ab6a5\",\"name\":\"Rafael Ram\u00edrez\",\"image\":{\"@type\":\"ImageObject\",\"inLanguage\":\"es\",\"@id\":\"https:\\\/\\\/rafaramirez.org\\\/blog\\\/wp-content\\\/uploads\\\/2024\\\/09\\\/RR_socialnetwork.jpg\",\"url\":\"https:\\\/\\\/rafaramirez.org\\\/blog\\\/wp-content\\\/uploads\\\/2024\\\/09\\\/RR_socialnetwork.jpg\",\"contentUrl\":\"https:\\\/\\\/rafaramirez.org\\\/blog\\\/wp-content\\\/uploads\\\/2024\\\/09\\\/RR_socialnetwork.jpg\",\"width\":600,\"height\":606,\"caption\":\"Rafael Ram\u00edrez\"},\"logo\":{\"@id\":\"https:\\\/\\\/rafaramirez.org\\\/blog\\\/wp-content\\\/uploads\\\/2024\\\/09\\\/RR_socialnetwork.jpg\"},\"sameAs\":[\"https:\\\/\\\/www.rafaramirez.org\\\/blog\",\"https:\\\/\\\/www.instagram.com\\\/rafaramirez_ok\\\/\",\"https:\\\/\\\/es.pinterest.com\\\/Ramirez_Rafa\\\/\",\"https:\\\/\\\/x.com\\\/rafaramirez_ok\"],\"url\":\"https:\\\/\\\/rafaramirez.org\\\/blog\\\/index.php\\\/author\\\/rafaell_qm6j97da\\\/\"}]}<\/script>\n<!-- \/ Yoast SEO plugin. -->","yoast_head_json":{"title":"\"La piel dura\" de Fran\u00e7ois Truffaut, la infancia en estado puro. - Blog de Rafael Ram\u00edrez","description":"Hoy os hablo de \"La piel dura\" de 1976, un hito en la filmograf\u00eda de Truffaut por su tratamiento honesto y multifac\u00e9tico de la infancia.","robots":{"index":"index","follow":"follow","max-snippet":"max-snippet:-1","max-image-preview":"max-image-preview:large","max-video-preview":"max-video-preview:-1"},"canonical":"https:\/\/rafaramirez.org\/blog\/index.php\/2025\/07\/29\/la-piel-dura-pelicula-de-francois-truffaut\/","og_locale":"es_ES","og_type":"article","og_title":"\"La piel dura\" de Fran\u00e7ois Truffaut, la infancia en estado puro. - Blog de Rafael Ram\u00edrez","og_description":"Hoy os hablo de \"La piel dura\" de 1976, un hito en la filmograf\u00eda de Truffaut por su tratamiento honesto y multifac\u00e9tico de la infancia.","og_url":"https:\/\/rafaramirez.org\/blog\/index.php\/2025\/07\/29\/la-piel-dura-pelicula-de-francois-truffaut\/","og_site_name":"Blog de Rafael Ram\u00edrez","article_published_time":"2025-07-29T06:00:14+00:00","og_image":[{"width":720,"height":440,"url":"https:\/\/rafaramirez.org\/blog\/wp-content\/uploads\/2025\/07\/La-piel-dura_bannerblog.jpg","type":"image\/jpeg"}],"author":"Rafael Ram\u00edrez","twitter_card":"summary_large_image","twitter_creator":"@rafaramirez_ok","twitter_site":"@rafaramirez_ok","twitter_misc":{"Escrito por":"Rafael Ram\u00edrez","Tiempo de lectura":"8 minutos"},"schema":{"@context":"https:\/\/schema.org","@graph":[{"@type":"Article","@id":"https:\/\/rafaramirez.org\/blog\/index.php\/2025\/07\/29\/la-piel-dura-pelicula-de-francois-truffaut\/#article","isPartOf":{"@id":"https:\/\/rafaramirez.org\/blog\/index.php\/2025\/07\/29\/la-piel-dura-pelicula-de-francois-truffaut\/"},"author":{"name":"Rafael Ram\u00edrez","@id":"https:\/\/rafaramirez.org\/blog\/#\/schema\/person\/50f43b6d60c578760d4c17bda54ab6a5"},"headline":"\u00abLa piel dura\u00bb de Fran\u00e7ois Truffaut, la infancia en estado puro.","datePublished":"2025-07-29T06:00:14+00:00","mainEntityOfPage":{"@id":"https:\/\/rafaramirez.org\/blog\/index.php\/2025\/07\/29\/la-piel-dura-pelicula-de-francois-truffaut\/"},"wordCount":1630,"commentCount":0,"publisher":{"@id":"https:\/\/rafaramirez.org\/blog\/#\/schema\/person\/50f43b6d60c578760d4c17bda54ab6a5"},"image":{"@id":"https:\/\/rafaramirez.org\/blog\/index.php\/2025\/07\/29\/la-piel-dura-pelicula-de-francois-truffaut\/#primaryimage"},"thumbnailUrl":"https:\/\/rafaramirez.org\/blog\/wp-content\/uploads\/2025\/07\/La-piel-dura_bannerblog.jpg","keywords":["\"La piel dura\" de Fran\u00e7ois Truffaut","\"La piel dura\" pel\u00edcula","cine recomendado","cr\u00edtica de pel\u00edculas","Fran\u00e7ois Truffaut","La piel dura 1976","pel\u00edcula de 1976","pel\u00edcula recomendada"],"articleSection":["Cine"],"inLanguage":"es","potentialAction":[{"@type":"CommentAction","name":"Comment","target":["https:\/\/rafaramirez.org\/blog\/index.php\/2025\/07\/29\/la-piel-dura-pelicula-de-francois-truffaut\/#respond"]}]},{"@type":"WebPage","@id":"https:\/\/rafaramirez.org\/blog\/index.php\/2025\/07\/29\/la-piel-dura-pelicula-de-francois-truffaut\/","url":"https:\/\/rafaramirez.org\/blog\/index.php\/2025\/07\/29\/la-piel-dura-pelicula-de-francois-truffaut\/","name":"\"La piel dura\" de Fran\u00e7ois Truffaut, la infancia en estado puro. - Blog de Rafael Ram\u00edrez","isPartOf":{"@id":"https:\/\/rafaramirez.org\/blog\/#website"},"primaryImageOfPage":{"@id":"https:\/\/rafaramirez.org\/blog\/index.php\/2025\/07\/29\/la-piel-dura-pelicula-de-francois-truffaut\/#primaryimage"},"image":{"@id":"https:\/\/rafaramirez.org\/blog\/index.php\/2025\/07\/29\/la-piel-dura-pelicula-de-francois-truffaut\/#primaryimage"},"thumbnailUrl":"https:\/\/rafaramirez.org\/blog\/wp-content\/uploads\/2025\/07\/La-piel-dura_bannerblog.jpg","datePublished":"2025-07-29T06:00:14+00:00","description":"Hoy os hablo de \"La piel dura\" de 1976, un hito en la filmograf\u00eda de Truffaut por su tratamiento honesto y multifac\u00e9tico de la infancia.","breadcrumb":{"@id":"https:\/\/rafaramirez.org\/blog\/index.php\/2025\/07\/29\/la-piel-dura-pelicula-de-francois-truffaut\/#breadcrumb"},"inLanguage":"es","potentialAction":[{"@type":"ReadAction","target":["https:\/\/rafaramirez.org\/blog\/index.php\/2025\/07\/29\/la-piel-dura-pelicula-de-francois-truffaut\/"]}]},{"@type":"ImageObject","inLanguage":"es","@id":"https:\/\/rafaramirez.org\/blog\/index.php\/2025\/07\/29\/la-piel-dura-pelicula-de-francois-truffaut\/#primaryimage","url":"https:\/\/rafaramirez.org\/blog\/wp-content\/uploads\/2025\/07\/La-piel-dura_bannerblog.jpg","contentUrl":"https:\/\/rafaramirez.org\/blog\/wp-content\/uploads\/2025\/07\/La-piel-dura_bannerblog.jpg","width":720,"height":440,"caption":"\"La piel dura\" (1976). Pel\u00edcula recomendada. Blog de Rafael Ram\u00edrez."},{"@type":"BreadcrumbList","@id":"https:\/\/rafaramirez.org\/blog\/index.php\/2025\/07\/29\/la-piel-dura-pelicula-de-francois-truffaut\/#breadcrumb","itemListElement":[{"@type":"ListItem","position":1,"name":"Portada","item":"https:\/\/rafaramirez.org\/blog\/"},{"@type":"ListItem","position":2,"name":"\u00abLa piel dura\u00bb de Fran\u00e7ois Truffaut, la infancia en estado puro."}]},{"@type":"WebSite","@id":"https:\/\/rafaramirez.org\/blog\/#website","url":"https:\/\/rafaramirez.org\/blog\/","name":"Blog de Rafael Ram\u00edrez","description":"Un sitio social, de arte y cultura","publisher":{"@id":"https:\/\/rafaramirez.org\/blog\/#\/schema\/person\/50f43b6d60c578760d4c17bda54ab6a5"},"potentialAction":[{"@type":"SearchAction","target":{"@type":"EntryPoint","urlTemplate":"https:\/\/rafaramirez.org\/blog\/?s={search_term_string}"},"query-input":{"@type":"PropertyValueSpecification","valueRequired":true,"valueName":"search_term_string"}}],"inLanguage":"es"},{"@type":["Person","Organization"],"@id":"https:\/\/rafaramirez.org\/blog\/#\/schema\/person\/50f43b6d60c578760d4c17bda54ab6a5","name":"Rafael Ram\u00edrez","image":{"@type":"ImageObject","inLanguage":"es","@id":"https:\/\/rafaramirez.org\/blog\/wp-content\/uploads\/2024\/09\/RR_socialnetwork.jpg","url":"https:\/\/rafaramirez.org\/blog\/wp-content\/uploads\/2024\/09\/RR_socialnetwork.jpg","contentUrl":"https:\/\/rafaramirez.org\/blog\/wp-content\/uploads\/2024\/09\/RR_socialnetwork.jpg","width":600,"height":606,"caption":"Rafael Ram\u00edrez"},"logo":{"@id":"https:\/\/rafaramirez.org\/blog\/wp-content\/uploads\/2024\/09\/RR_socialnetwork.jpg"},"sameAs":["https:\/\/www.rafaramirez.org\/blog","https:\/\/www.instagram.com\/rafaramirez_ok\/","https:\/\/es.pinterest.com\/Ramirez_Rafa\/","https:\/\/x.com\/rafaramirez_ok"],"url":"https:\/\/rafaramirez.org\/blog\/index.php\/author\/rafaell_qm6j97da\/"}]}},"jetpack_publicize_connections":[],"jetpack_sharing_enabled":true,"jetpack_likes_enabled":true,"jetpack_featured_media_url":"https:\/\/rafaramirez.org\/blog\/wp-content\/uploads\/2025\/07\/La-piel-dura_bannerblog.jpg","_links":{"self":[{"href":"https:\/\/rafaramirez.org\/blog\/index.php\/wp-json\/wp\/v2\/posts\/9928","targetHints":{"allow":["GET"]}}],"collection":[{"href":"https:\/\/rafaramirez.org\/blog\/index.php\/wp-json\/wp\/v2\/posts"}],"about":[{"href":"https:\/\/rafaramirez.org\/blog\/index.php\/wp-json\/wp\/v2\/types\/post"}],"author":[{"embeddable":true,"href":"https:\/\/rafaramirez.org\/blog\/index.php\/wp-json\/wp\/v2\/users\/1"}],"replies":[{"embeddable":true,"href":"https:\/\/rafaramirez.org\/blog\/index.php\/wp-json\/wp\/v2\/comments?post=9928"}],"version-history":[{"count":8,"href":"https:\/\/rafaramirez.org\/blog\/index.php\/wp-json\/wp\/v2\/posts\/9928\/revisions"}],"predecessor-version":[{"id":9940,"href":"https:\/\/rafaramirez.org\/blog\/index.php\/wp-json\/wp\/v2\/posts\/9928\/revisions\/9940"}],"wp:featuredmedia":[{"embeddable":true,"href":"https:\/\/rafaramirez.org\/blog\/index.php\/wp-json\/wp\/v2\/media\/9939"}],"wp:attachment":[{"href":"https:\/\/rafaramirez.org\/blog\/index.php\/wp-json\/wp\/v2\/media?parent=9928"}],"wp:term":[{"taxonomy":"category","embeddable":true,"href":"https:\/\/rafaramirez.org\/blog\/index.php\/wp-json\/wp\/v2\/categories?post=9928"},{"taxonomy":"post_tag","embeddable":true,"href":"https:\/\/rafaramirez.org\/blog\/index.php\/wp-json\/wp\/v2\/tags?post=9928"}],"curies":[{"name":"wp","href":"https:\/\/api.w.org\/{rel}","templated":true}]}}