{"id":9919,"date":"2025-07-28T08:00:51","date_gmt":"2025-07-28T06:00:51","guid":{"rendered":"https:\/\/rafaramirez.org\/blog\/?p=9919"},"modified":"2025-07-14T11:38:15","modified_gmt":"2025-07-14T09:38:15","slug":"albahaca-palabra-bonita-en-nuestro-proyecto","status":"publish","type":"post","link":"https:\/\/rafaramirez.org\/blog\/index.php\/2025\/07\/28\/albahaca-palabra-bonita-en-nuestro-proyecto\/","title":{"rendered":"\u00abAlbahaca\u00bb palabra bonita en nuestro proyecto. S\u00edlabas de frescor y nobleza."},"content":{"rendered":"<p>Hoy, la palabra bonita de nuestro proyecto es \u00abalbahaca\u00bb, que evoca una hierba arom\u00e1tica considerada \u00abreal\u00bb por su aroma intenso y sus virtudes medicinales. Tradicionalmente, se ha utilizado en la cocina para dar sabor a salsas, sopas y ensaladas, en remedios populares como antis\u00e9ptico y en rituales rurales como amuleto protector. En la actualidad, se asocia sobre todo a la gastronom\u00eda mediterr\u00e1nea y a la herbolaria tradicional.<\/p>\n<h3>Etimolog\u00eda.<\/h3>\n<p>La palabra albahaca proviene del \u00e1rabe cl\u00e1sico <strong>al-\u1e25abaq (\u0627\u0644\u0652\u062d\u064e\u0628\u064e\u0651\u0627\u0642)<\/strong>, formado por la part\u00edcula al- (\u201cel\/la\u201d) y<strong> \u1e25abaq<\/strong>, nombre que daban los \u00e1rabes a las plantas arom\u00e1ticas usadas en cocina y medicina. Este t\u00e9rmino \u00e1rabe deriva del griego antiguo <strong>basilik\u00f3n (\u03b2\u03b1\u03c3\u03b9\u03bb\u03b9\u03ba\u03cc\u03bd)<\/strong>, que significa \u201creal\u201d o \u201cregio\u201d, lo que refleja la elevada estima en que se ten\u00eda a esta hierba en las civilizaciones cl\u00e1sicas.<\/p>\n<h3>Significado.<\/h3>\n<p>En bot\u00e1nica, la albahaca (<strong>Ocimum basilicum L.<\/strong>) es una planta herb\u00e1cea anual de la familia de las lami\u00e1ceas, con tallos cuadrangulares y vellosos, hojas opuestas de forma ovalada y flores bilabiadas de color blanco o rosado. Su caracter\u00edstico aroma dulce y ligeramente picante se debe a aceites esenciales como el eugenol y el linalol. En cocina, se emplea fresca o seca para condimentar ensaladas, sopas y salsas, siendo ingrediente esencial del pesto genov\u00e9s.<\/p>\n<h3>Historia.<\/h3>\n<h4>Or\u00edgenes y expansi\u00f3n.<\/h4>\n<p>Originaria de la India, la albahaca comenz\u00f3 a cultivarse en el sudeste asi\u00e1tico hace m\u00e1s de 5000 a\u00f1os. Desde all\u00ed, viaj\u00f3 a trav\u00e9s de las rutas comerciales de especias hacia Oriente Medio, llegando a Ir\u00e1n y Egipto, y posteriormente al Mediterr\u00e1neo gracias a los contactos hel\u00e9nicos y romanos alrededor del siglo IV a. C.<\/p>\n<h4>Usos y simbolismo en la antig\u00fcedad.<\/h4>\n<p>En el antiguo Egipto, se utilizaba en el proceso de momificaci\u00f3n por sus propiedades antibacterianas y conservantes; de hecho, se han encontrado semillas y hojas en tumbas reales. Griegos y romanos desarrollaron rituales espec\u00edficos para su cosecha: para algunos era un s\u00edmbolo de odio y mala suerte, mientras que para otros, como Plinio el Viejo, sus semillas eran apreciadas como afrodis\u00edacos y ant\u00eddoto contra el m\u00edtico basilisco.<\/p>\n<h4>La albahaca en la Edad Media y su legado en Espa\u00f1a.<\/h4>\n<p>Durante la Edad Media, la albahaca formaba parte de remedios populares y se cre\u00eda que ahuyentaba a los demonios y proteg\u00eda contra el mal de ojo. En la pen\u00ednsula ib\u00e9rica se incorpor\u00f3 como <strong>al-h\u00e1bega<\/strong> o <strong>al-habac<\/strong>, t\u00e9rminos heredados del \u00e1rabe <strong>al-\u1e25abak<\/strong>. Este legado ling\u00fc\u00edstico se refleja en manuscritos y tradiciones festivas de regiones como Murcia, donde a\u00fan se decoran procesiones con ramilletes de albahaca para bendecir y purificar.<\/p>\n<figure id=\"attachment_9923\" aria-describedby=\"caption-attachment-9923\" style=\"width: 200px\" class=\"wp-caption aligncenter\"><a href=\"https:\/\/rafaramirez.org\/blog\/wp-content\/uploads\/2025\/07\/Albahaca_palabra-bonita.jpg\" target=\"_blank\" rel=\"noopener\"><img loading=\"lazy\" decoding=\"async\" class=\"wp-image-9923 size-medium\" src=\"https:\/\/rafaramirez.org\/blog\/wp-content\/uploads\/2025\/07\/Albahaca_palabra-bonita-200x300.jpg\" alt=\"&quot;Albahaca&quot; palabra bonita en nuestro proyecto. Blog de Rafael Ram\u00edrez.\" width=\"200\" height=\"300\" srcset=\"https:\/\/rafaramirez.org\/blog\/wp-content\/uploads\/2025\/07\/Albahaca_palabra-bonita-200x300.jpg 200w, https:\/\/rafaramirez.org\/blog\/wp-content\/uploads\/2025\/07\/Albahaca_palabra-bonita.jpg 600w\" sizes=\"auto, (max-width: 200px) 100vw, 200px\" \/><\/a><figcaption id=\"caption-attachment-9923\" class=\"wp-caption-text\">\u00abAlbahaca\u00bb palabra bonita en nuestro proyecto. Blog de Rafael Ram\u00edrez.<\/figcaption><\/figure>\n<p>La palabra \u00abalbahaca\u00bb desliza sus s\u00edlabas con suavidad, evocando frescor y vitalidad. Su origen, \u00abbasilik\u00f3n\u00bb (real), y su uso milenario en cocina y rituales le confieren un aura de elegancia y misterio. Por su sonoridad y su rica historia, merece un lugar en nuestro proyecto de palabras bonitas.<\/p>\n<p>M\u00e1s informaci\u00f3n:<\/p>\n<ul>\n<li><a href=\"https:\/\/es.wikipedia.org\/wiki\/Ocimum_basilicum\" target=\"_blank\" rel=\"noopener\">Ocimum basilicum &#8211; Wikipedia, la enciclopedia libre<\/a>.<\/li>\n<li><a href=\"https:\/\/definiciona.com\/albahaca\/\" target=\"_blank\" rel=\"noopener\">Definici\u00f3n y etimolog\u00eda de albahaca | Definiciona<\/a>.<\/li>\n<li><a href=\"https:\/\/rafaramirez.org\/blog\/index.php\/category\/arte\/palabras-bonitas\/\" target=\"_blank\" rel=\"noopener\">Otras palabras bonitas en el proyecto<\/a>.<\/li>\n<\/ul>\n","protected":false},"excerpt":{"rendered":"<p>Hoy, la palabra bonita de nuestro proyecto es \u00abalbahaca\u00bb, que evoca una hierba arom\u00e1tica considerada \u00abreal\u00bb por su aroma intenso y sus virtudes medicinales. Tradicionalmente, se ha utilizado en la cocina para dar sabor a salsas, sopas y ensaladas, en remedios populares como antis\u00e9ptico y en rituales rurales como amuleto protector. En la actualidad, se [&hellip;]<\/p>\n","protected":false},"author":1,"featured_media":9922,"comment_status":"open","ping_status":"closed","sticky":false,"template":"","format":"standard","meta":{"site-container-style":"default","site-container-layout":"default","site-sidebar-layout":"default","disable-article-header":"default","disable-site-header":"default","disable-site-footer":"default","disable-content-area-spacing":"default","_jetpack_newsletter_access":"","_jetpack_dont_email_post_to_subs":false,"_jetpack_newsletter_tier_id":0,"_jetpack_memberships_contains_paywalled_content":false,"_jetpack_feature_clip_id":0,"_jetpack_memberships_contains_paid_content":false,"footnotes":"","jetpack_publicize_message":"","jetpack_publicize_feature_enabled":true,"jetpack_social_post_already_shared":true,"jetpack_social_options":{"image_generator_settings":{"template":"highway","default_image_id":0,"font":"","enabled":false},"version":2},"jetpack_post_was_ever_published":false},"categories":[581],"tags":[4402,4403,346,3326],"class_list":["post-9919","post","type-post","status-publish","format-standard","has-post-thumbnail","hentry","category-palabras-bonitas","tag-albahaca","tag-albahaca-palabra-bonita","tag-palabras-bonitas","tag-proyecto-palabras-bonitas"],"yoast_head":"<!-- This site is optimized with the Yoast SEO plugin v28.4 - https:\/\/yoast.com\/product\/yoast-seo-wordpress\/ -->\n<title>&quot;Albahaca&quot; palabra bonita en nuestro proyecto. S\u00edlabas de frescor y nobleza. - Blog de Rafael Ram\u00edrez<\/title>\n<meta name=\"description\" content=\"Hoy la palabra bonita en nuestro proyecto es &quot;albahaca&quot;,\u00a0 evoca una hierba arom\u00e1tica considerada \u201creal\u201d por su aroma intenso y sus virtudes...\" \/>\n<meta name=\"robots\" content=\"index, follow, max-snippet:-1, max-image-preview:large, max-video-preview:-1\" \/>\n<link rel=\"canonical\" href=\"https:\/\/rafaramirez.org\/blog\/index.php\/2025\/07\/28\/albahaca-palabra-bonita-en-nuestro-proyecto\/\" \/>\n<meta property=\"og:locale\" content=\"es_ES\" \/>\n<meta property=\"og:type\" content=\"article\" \/>\n<meta property=\"og:title\" content=\"&quot;Albahaca&quot; palabra bonita en nuestro proyecto. S\u00edlabas de frescor y nobleza. - Blog de Rafael Ram\u00edrez\" \/>\n<meta property=\"og:description\" content=\"Hoy la palabra bonita en nuestro proyecto es &quot;albahaca&quot;,\u00a0 evoca una hierba arom\u00e1tica considerada \u201creal\u201d por su aroma intenso y sus virtudes...\" \/>\n<meta property=\"og:url\" content=\"https:\/\/rafaramirez.org\/blog\/index.php\/2025\/07\/28\/albahaca-palabra-bonita-en-nuestro-proyecto\/\" \/>\n<meta property=\"og:site_name\" content=\"Blog de Rafael Ram\u00edrez\" \/>\n<meta property=\"article:published_time\" content=\"2025-07-28T06:00:51+00:00\" \/>\n<meta property=\"og:image\" content=\"https:\/\/rafaramirez.org\/blog\/wp-content\/uploads\/2025\/07\/Albahaca_palabra-bonita_bannerblog.jpg\" \/>\n\t<meta property=\"og:image:width\" content=\"720\" \/>\n\t<meta property=\"og:image:height\" content=\"440\" \/>\n\t<meta property=\"og:image:type\" content=\"image\/jpeg\" \/>\n<meta name=\"author\" content=\"Rafael Ram\u00edrez\" \/>\n<meta name=\"twitter:card\" content=\"summary_large_image\" \/>\n<meta name=\"twitter:creator\" content=\"@rafaramirez_ok\" \/>\n<meta name=\"twitter:site\" content=\"@rafaramirez_ok\" \/>\n<meta name=\"twitter:label1\" content=\"Escrito por\" \/>\n\t<meta name=\"twitter:data1\" content=\"Rafael Ram\u00edrez\" \/>\n\t<meta name=\"twitter:label2\" content=\"Tiempo de lectura\" \/>\n\t<meta name=\"twitter:data2\" content=\"3 minutos\" \/>\n<script type=\"application\/ld+json\" class=\"yoast-schema-graph\">{\"@context\":\"https:\\\/\\\/schema.org\",\"@graph\":[{\"@type\":\"Article\",\"@id\":\"https:\\\/\\\/rafaramirez.org\\\/blog\\\/index.php\\\/2025\\\/07\\\/28\\\/albahaca-palabra-bonita-en-nuestro-proyecto\\\/#article\",\"isPartOf\":{\"@id\":\"https:\\\/\\\/rafaramirez.org\\\/blog\\\/index.php\\\/2025\\\/07\\\/28\\\/albahaca-palabra-bonita-en-nuestro-proyecto\\\/\"},\"author\":{\"name\":\"Rafael Ram\u00edrez\",\"@id\":\"https:\\\/\\\/rafaramirez.org\\\/blog\\\/#\\\/schema\\\/person\\\/50f43b6d60c578760d4c17bda54ab6a5\"},\"headline\":\"\u00abAlbahaca\u00bb palabra bonita en nuestro proyecto. S\u00edlabas de frescor y nobleza.\",\"datePublished\":\"2025-07-28T06:00:51+00:00\",\"mainEntityOfPage\":{\"@id\":\"https:\\\/\\\/rafaramirez.org\\\/blog\\\/index.php\\\/2025\\\/07\\\/28\\\/albahaca-palabra-bonita-en-nuestro-proyecto\\\/\"},\"wordCount\":561,\"commentCount\":0,\"publisher\":{\"@id\":\"https:\\\/\\\/rafaramirez.org\\\/blog\\\/#\\\/schema\\\/person\\\/50f43b6d60c578760d4c17bda54ab6a5\"},\"image\":{\"@id\":\"https:\\\/\\\/rafaramirez.org\\\/blog\\\/index.php\\\/2025\\\/07\\\/28\\\/albahaca-palabra-bonita-en-nuestro-proyecto\\\/#primaryimage\"},\"thumbnailUrl\":\"https:\\\/\\\/rafaramirez.org\\\/blog\\\/wp-content\\\/uploads\\\/2025\\\/07\\\/Albahaca_palabra-bonita_bannerblog.jpg\",\"keywords\":[\"Albahaca\",\"albahaca palabra bonita\",\"palabras bonitas\",\"proyecto palabras bonitas\"],\"articleSection\":[\"Proyecto Palabras Bonitas\"],\"inLanguage\":\"es\",\"potentialAction\":[{\"@type\":\"CommentAction\",\"name\":\"Comment\",\"target\":[\"https:\\\/\\\/rafaramirez.org\\\/blog\\\/index.php\\\/2025\\\/07\\\/28\\\/albahaca-palabra-bonita-en-nuestro-proyecto\\\/#respond\"]}]},{\"@type\":\"WebPage\",\"@id\":\"https:\\\/\\\/rafaramirez.org\\\/blog\\\/index.php\\\/2025\\\/07\\\/28\\\/albahaca-palabra-bonita-en-nuestro-proyecto\\\/\",\"url\":\"https:\\\/\\\/rafaramirez.org\\\/blog\\\/index.php\\\/2025\\\/07\\\/28\\\/albahaca-palabra-bonita-en-nuestro-proyecto\\\/\",\"name\":\"\\\"Albahaca\\\" palabra bonita en nuestro proyecto. S\u00edlabas de frescor y nobleza. - Blog de Rafael Ram\u00edrez\",\"isPartOf\":{\"@id\":\"https:\\\/\\\/rafaramirez.org\\\/blog\\\/#website\"},\"primaryImageOfPage\":{\"@id\":\"https:\\\/\\\/rafaramirez.org\\\/blog\\\/index.php\\\/2025\\\/07\\\/28\\\/albahaca-palabra-bonita-en-nuestro-proyecto\\\/#primaryimage\"},\"image\":{\"@id\":\"https:\\\/\\\/rafaramirez.org\\\/blog\\\/index.php\\\/2025\\\/07\\\/28\\\/albahaca-palabra-bonita-en-nuestro-proyecto\\\/#primaryimage\"},\"thumbnailUrl\":\"https:\\\/\\\/rafaramirez.org\\\/blog\\\/wp-content\\\/uploads\\\/2025\\\/07\\\/Albahaca_palabra-bonita_bannerblog.jpg\",\"datePublished\":\"2025-07-28T06:00:51+00:00\",\"description\":\"Hoy la palabra bonita en nuestro proyecto es \\\"albahaca\\\",\u00a0 evoca una hierba arom\u00e1tica considerada \u201creal\u201d por su aroma intenso y sus virtudes...\",\"breadcrumb\":{\"@id\":\"https:\\\/\\\/rafaramirez.org\\\/blog\\\/index.php\\\/2025\\\/07\\\/28\\\/albahaca-palabra-bonita-en-nuestro-proyecto\\\/#breadcrumb\"},\"inLanguage\":\"es\",\"potentialAction\":[{\"@type\":\"ReadAction\",\"target\":[\"https:\\\/\\\/rafaramirez.org\\\/blog\\\/index.php\\\/2025\\\/07\\\/28\\\/albahaca-palabra-bonita-en-nuestro-proyecto\\\/\"]}]},{\"@type\":\"ImageObject\",\"inLanguage\":\"es\",\"@id\":\"https:\\\/\\\/rafaramirez.org\\\/blog\\\/index.php\\\/2025\\\/07\\\/28\\\/albahaca-palabra-bonita-en-nuestro-proyecto\\\/#primaryimage\",\"url\":\"https:\\\/\\\/rafaramirez.org\\\/blog\\\/wp-content\\\/uploads\\\/2025\\\/07\\\/Albahaca_palabra-bonita_bannerblog.jpg\",\"contentUrl\":\"https:\\\/\\\/rafaramirez.org\\\/blog\\\/wp-content\\\/uploads\\\/2025\\\/07\\\/Albahaca_palabra-bonita_bannerblog.jpg\",\"width\":720,\"height\":440,\"caption\":\"\\\"Albahaca\\\" palabra bonita en nuestro proyecto. Blog de Rafael Ram\u00edrez.\"},{\"@type\":\"BreadcrumbList\",\"@id\":\"https:\\\/\\\/rafaramirez.org\\\/blog\\\/index.php\\\/2025\\\/07\\\/28\\\/albahaca-palabra-bonita-en-nuestro-proyecto\\\/#breadcrumb\",\"itemListElement\":[{\"@type\":\"ListItem\",\"position\":1,\"name\":\"Portada\",\"item\":\"https:\\\/\\\/rafaramirez.org\\\/blog\\\/\"},{\"@type\":\"ListItem\",\"position\":2,\"name\":\"\u00abAlbahaca\u00bb palabra bonita en nuestro proyecto. S\u00edlabas de frescor y nobleza.\"}]},{\"@type\":\"WebSite\",\"@id\":\"https:\\\/\\\/rafaramirez.org\\\/blog\\\/#website\",\"url\":\"https:\\\/\\\/rafaramirez.org\\\/blog\\\/\",\"name\":\"Blog de Rafael Ram\u00edrez\",\"description\":\"Un sitio social, de arte y cultura\",\"publisher\":{\"@id\":\"https:\\\/\\\/rafaramirez.org\\\/blog\\\/#\\\/schema\\\/person\\\/50f43b6d60c578760d4c17bda54ab6a5\"},\"potentialAction\":[{\"@type\":\"SearchAction\",\"target\":{\"@type\":\"EntryPoint\",\"urlTemplate\":\"https:\\\/\\\/rafaramirez.org\\\/blog\\\/?s={search_term_string}\"},\"query-input\":{\"@type\":\"PropertyValueSpecification\",\"valueRequired\":true,\"valueName\":\"search_term_string\"}}],\"inLanguage\":\"es\"},{\"@type\":[\"Person\",\"Organization\"],\"@id\":\"https:\\\/\\\/rafaramirez.org\\\/blog\\\/#\\\/schema\\\/person\\\/50f43b6d60c578760d4c17bda54ab6a5\",\"name\":\"Rafael Ram\u00edrez\",\"image\":{\"@type\":\"ImageObject\",\"inLanguage\":\"es\",\"@id\":\"https:\\\/\\\/rafaramirez.org\\\/blog\\\/wp-content\\\/uploads\\\/2024\\\/09\\\/RR_socialnetwork.jpg\",\"url\":\"https:\\\/\\\/rafaramirez.org\\\/blog\\\/wp-content\\\/uploads\\\/2024\\\/09\\\/RR_socialnetwork.jpg\",\"contentUrl\":\"https:\\\/\\\/rafaramirez.org\\\/blog\\\/wp-content\\\/uploads\\\/2024\\\/09\\\/RR_socialnetwork.jpg\",\"width\":600,\"height\":606,\"caption\":\"Rafael Ram\u00edrez\"},\"logo\":{\"@id\":\"https:\\\/\\\/rafaramirez.org\\\/blog\\\/wp-content\\\/uploads\\\/2024\\\/09\\\/RR_socialnetwork.jpg\"},\"sameAs\":[\"https:\\\/\\\/www.rafaramirez.org\\\/blog\",\"https:\\\/\\\/www.instagram.com\\\/rafaramirez_ok\\\/\",\"https:\\\/\\\/es.pinterest.com\\\/Ramirez_Rafa\\\/\",\"https:\\\/\\\/x.com\\\/rafaramirez_ok\"],\"url\":\"https:\\\/\\\/rafaramirez.org\\\/blog\\\/index.php\\\/author\\\/rafaell_qm6j97da\\\/\"}]}<\/script>\n<!-- \/ Yoast SEO plugin. -->","yoast_head_json":{"title":"\"Albahaca\" palabra bonita en nuestro proyecto. S\u00edlabas de frescor y nobleza. - Blog de Rafael Ram\u00edrez","description":"Hoy la palabra bonita en nuestro proyecto es \"albahaca\",\u00a0 evoca una hierba arom\u00e1tica considerada \u201creal\u201d por su aroma intenso y sus virtudes...","robots":{"index":"index","follow":"follow","max-snippet":"max-snippet:-1","max-image-preview":"max-image-preview:large","max-video-preview":"max-video-preview:-1"},"canonical":"https:\/\/rafaramirez.org\/blog\/index.php\/2025\/07\/28\/albahaca-palabra-bonita-en-nuestro-proyecto\/","og_locale":"es_ES","og_type":"article","og_title":"\"Albahaca\" palabra bonita en nuestro proyecto. S\u00edlabas de frescor y nobleza. - Blog de Rafael Ram\u00edrez","og_description":"Hoy la palabra bonita en nuestro proyecto es \"albahaca\",\u00a0 evoca una hierba arom\u00e1tica considerada \u201creal\u201d por su aroma intenso y sus virtudes...","og_url":"https:\/\/rafaramirez.org\/blog\/index.php\/2025\/07\/28\/albahaca-palabra-bonita-en-nuestro-proyecto\/","og_site_name":"Blog de Rafael Ram\u00edrez","article_published_time":"2025-07-28T06:00:51+00:00","og_image":[{"width":720,"height":440,"url":"https:\/\/rafaramirez.org\/blog\/wp-content\/uploads\/2025\/07\/Albahaca_palabra-bonita_bannerblog.jpg","type":"image\/jpeg"}],"author":"Rafael Ram\u00edrez","twitter_card":"summary_large_image","twitter_creator":"@rafaramirez_ok","twitter_site":"@rafaramirez_ok","twitter_misc":{"Escrito por":"Rafael Ram\u00edrez","Tiempo de lectura":"3 minutos"},"schema":{"@context":"https:\/\/schema.org","@graph":[{"@type":"Article","@id":"https:\/\/rafaramirez.org\/blog\/index.php\/2025\/07\/28\/albahaca-palabra-bonita-en-nuestro-proyecto\/#article","isPartOf":{"@id":"https:\/\/rafaramirez.org\/blog\/index.php\/2025\/07\/28\/albahaca-palabra-bonita-en-nuestro-proyecto\/"},"author":{"name":"Rafael Ram\u00edrez","@id":"https:\/\/rafaramirez.org\/blog\/#\/schema\/person\/50f43b6d60c578760d4c17bda54ab6a5"},"headline":"\u00abAlbahaca\u00bb palabra bonita en nuestro proyecto. S\u00edlabas de frescor y nobleza.","datePublished":"2025-07-28T06:00:51+00:00","mainEntityOfPage":{"@id":"https:\/\/rafaramirez.org\/blog\/index.php\/2025\/07\/28\/albahaca-palabra-bonita-en-nuestro-proyecto\/"},"wordCount":561,"commentCount":0,"publisher":{"@id":"https:\/\/rafaramirez.org\/blog\/#\/schema\/person\/50f43b6d60c578760d4c17bda54ab6a5"},"image":{"@id":"https:\/\/rafaramirez.org\/blog\/index.php\/2025\/07\/28\/albahaca-palabra-bonita-en-nuestro-proyecto\/#primaryimage"},"thumbnailUrl":"https:\/\/rafaramirez.org\/blog\/wp-content\/uploads\/2025\/07\/Albahaca_palabra-bonita_bannerblog.jpg","keywords":["Albahaca","albahaca palabra bonita","palabras bonitas","proyecto palabras bonitas"],"articleSection":["Proyecto Palabras Bonitas"],"inLanguage":"es","potentialAction":[{"@type":"CommentAction","name":"Comment","target":["https:\/\/rafaramirez.org\/blog\/index.php\/2025\/07\/28\/albahaca-palabra-bonita-en-nuestro-proyecto\/#respond"]}]},{"@type":"WebPage","@id":"https:\/\/rafaramirez.org\/blog\/index.php\/2025\/07\/28\/albahaca-palabra-bonita-en-nuestro-proyecto\/","url":"https:\/\/rafaramirez.org\/blog\/index.php\/2025\/07\/28\/albahaca-palabra-bonita-en-nuestro-proyecto\/","name":"\"Albahaca\" palabra bonita en nuestro proyecto. S\u00edlabas de frescor y nobleza. - Blog de Rafael Ram\u00edrez","isPartOf":{"@id":"https:\/\/rafaramirez.org\/blog\/#website"},"primaryImageOfPage":{"@id":"https:\/\/rafaramirez.org\/blog\/index.php\/2025\/07\/28\/albahaca-palabra-bonita-en-nuestro-proyecto\/#primaryimage"},"image":{"@id":"https:\/\/rafaramirez.org\/blog\/index.php\/2025\/07\/28\/albahaca-palabra-bonita-en-nuestro-proyecto\/#primaryimage"},"thumbnailUrl":"https:\/\/rafaramirez.org\/blog\/wp-content\/uploads\/2025\/07\/Albahaca_palabra-bonita_bannerblog.jpg","datePublished":"2025-07-28T06:00:51+00:00","description":"Hoy la palabra bonita en nuestro proyecto es \"albahaca\",\u00a0 evoca una hierba arom\u00e1tica considerada \u201creal\u201d por su aroma intenso y sus virtudes...","breadcrumb":{"@id":"https:\/\/rafaramirez.org\/blog\/index.php\/2025\/07\/28\/albahaca-palabra-bonita-en-nuestro-proyecto\/#breadcrumb"},"inLanguage":"es","potentialAction":[{"@type":"ReadAction","target":["https:\/\/rafaramirez.org\/blog\/index.php\/2025\/07\/28\/albahaca-palabra-bonita-en-nuestro-proyecto\/"]}]},{"@type":"ImageObject","inLanguage":"es","@id":"https:\/\/rafaramirez.org\/blog\/index.php\/2025\/07\/28\/albahaca-palabra-bonita-en-nuestro-proyecto\/#primaryimage","url":"https:\/\/rafaramirez.org\/blog\/wp-content\/uploads\/2025\/07\/Albahaca_palabra-bonita_bannerblog.jpg","contentUrl":"https:\/\/rafaramirez.org\/blog\/wp-content\/uploads\/2025\/07\/Albahaca_palabra-bonita_bannerblog.jpg","width":720,"height":440,"caption":"\"Albahaca\" palabra bonita en nuestro proyecto. Blog de Rafael Ram\u00edrez."},{"@type":"BreadcrumbList","@id":"https:\/\/rafaramirez.org\/blog\/index.php\/2025\/07\/28\/albahaca-palabra-bonita-en-nuestro-proyecto\/#breadcrumb","itemListElement":[{"@type":"ListItem","position":1,"name":"Portada","item":"https:\/\/rafaramirez.org\/blog\/"},{"@type":"ListItem","position":2,"name":"\u00abAlbahaca\u00bb palabra bonita en nuestro proyecto. S\u00edlabas de frescor y nobleza."}]},{"@type":"WebSite","@id":"https:\/\/rafaramirez.org\/blog\/#website","url":"https:\/\/rafaramirez.org\/blog\/","name":"Blog de Rafael Ram\u00edrez","description":"Un sitio social, de arte y cultura","publisher":{"@id":"https:\/\/rafaramirez.org\/blog\/#\/schema\/person\/50f43b6d60c578760d4c17bda54ab6a5"},"potentialAction":[{"@type":"SearchAction","target":{"@type":"EntryPoint","urlTemplate":"https:\/\/rafaramirez.org\/blog\/?s={search_term_string}"},"query-input":{"@type":"PropertyValueSpecification","valueRequired":true,"valueName":"search_term_string"}}],"inLanguage":"es"},{"@type":["Person","Organization"],"@id":"https:\/\/rafaramirez.org\/blog\/#\/schema\/person\/50f43b6d60c578760d4c17bda54ab6a5","name":"Rafael Ram\u00edrez","image":{"@type":"ImageObject","inLanguage":"es","@id":"https:\/\/rafaramirez.org\/blog\/wp-content\/uploads\/2024\/09\/RR_socialnetwork.jpg","url":"https:\/\/rafaramirez.org\/blog\/wp-content\/uploads\/2024\/09\/RR_socialnetwork.jpg","contentUrl":"https:\/\/rafaramirez.org\/blog\/wp-content\/uploads\/2024\/09\/RR_socialnetwork.jpg","width":600,"height":606,"caption":"Rafael Ram\u00edrez"},"logo":{"@id":"https:\/\/rafaramirez.org\/blog\/wp-content\/uploads\/2024\/09\/RR_socialnetwork.jpg"},"sameAs":["https:\/\/www.rafaramirez.org\/blog","https:\/\/www.instagram.com\/rafaramirez_ok\/","https:\/\/es.pinterest.com\/Ramirez_Rafa\/","https:\/\/x.com\/rafaramirez_ok"],"url":"https:\/\/rafaramirez.org\/blog\/index.php\/author\/rafaell_qm6j97da\/"}]}},"jetpack_publicize_connections":[],"jetpack_sharing_enabled":true,"jetpack_likes_enabled":true,"jetpack_featured_media_url":"https:\/\/rafaramirez.org\/blog\/wp-content\/uploads\/2025\/07\/Albahaca_palabra-bonita_bannerblog.jpg","_links":{"self":[{"href":"https:\/\/rafaramirez.org\/blog\/index.php\/wp-json\/wp\/v2\/posts\/9919","targetHints":{"allow":["GET"]}}],"collection":[{"href":"https:\/\/rafaramirez.org\/blog\/index.php\/wp-json\/wp\/v2\/posts"}],"about":[{"href":"https:\/\/rafaramirez.org\/blog\/index.php\/wp-json\/wp\/v2\/types\/post"}],"author":[{"embeddable":true,"href":"https:\/\/rafaramirez.org\/blog\/index.php\/wp-json\/wp\/v2\/users\/1"}],"replies":[{"embeddable":true,"href":"https:\/\/rafaramirez.org\/blog\/index.php\/wp-json\/wp\/v2\/comments?post=9919"}],"version-history":[{"count":6,"href":"https:\/\/rafaramirez.org\/blog\/index.php\/wp-json\/wp\/v2\/posts\/9919\/revisions"}],"predecessor-version":[{"id":9927,"href":"https:\/\/rafaramirez.org\/blog\/index.php\/wp-json\/wp\/v2\/posts\/9919\/revisions\/9927"}],"wp:featuredmedia":[{"embeddable":true,"href":"https:\/\/rafaramirez.org\/blog\/index.php\/wp-json\/wp\/v2\/media\/9922"}],"wp:attachment":[{"href":"https:\/\/rafaramirez.org\/blog\/index.php\/wp-json\/wp\/v2\/media?parent=9919"}],"wp:term":[{"taxonomy":"category","embeddable":true,"href":"https:\/\/rafaramirez.org\/blog\/index.php\/wp-json\/wp\/v2\/categories?post=9919"},{"taxonomy":"post_tag","embeddable":true,"href":"https:\/\/rafaramirez.org\/blog\/index.php\/wp-json\/wp\/v2\/tags?post=9919"}],"curies":[{"name":"wp","href":"https:\/\/api.w.org\/{rel}","templated":true}]}}