{"id":9908,"date":"2025-07-26T08:00:54","date_gmt":"2025-07-26T06:00:54","guid":{"rendered":"https:\/\/rafaramirez.org\/blog\/?p=9908"},"modified":"2025-07-14T10:19:39","modified_gmt":"2025-07-14T08:19:39","slug":"dia-de-los-abuelos-2025","status":"publish","type":"post","link":"https:\/\/rafaramirez.org\/blog\/index.php\/2025\/07\/26\/dia-de-los-abuelos-2025\/","title":{"rendered":"D\u00eda de los Abuelos 2025: tradici\u00f3n y gratitud intergeneracional."},"content":{"rendered":"<p>El D\u00eda de los Abuelos es una jornada conmemorativa que reconoce la labor y la importancia de las personas mayores dentro de la familia, y complementa las celebraciones del D\u00eda de la Madre y del D\u00eda del Padre. Se celebra en distintos pa\u00edses con variaciones en el nombre, la fecha y la motivaci\u00f3n. En muchos de ellos se ha elegido el 26 de julio, d\u00eda en que la liturgia cat\u00f3lica honra a san Joaqu\u00edn y a santa Ana, padres de la Virgen Mar\u00eda y, por ende, abuelos de Jes\u00fas. Adem\u00e1s, la ONU promueve el D\u00eda Internacional de las Personas de Edad cada 1 de octubre, enfocado en el colectivo de personas mayores en general.<\/p>\n<h3>Importancia y significado.<\/h3>\n<p>La figura de los abuelos trasciende el v\u00ednculo afectivo:<\/p>\n<ul>\n<li>Transmiten valores, experiencias y consejos que fortalecen la identidad familiar.<\/li>\n<li>Contribuyen al bienestar emocional tanto de nietos como de ellos mismos, evitando la soledad.<\/li>\n<li>Refuerzan la cohesi\u00f3n intergeneracional y la memoria colectiva de cada familia.<\/li>\n<\/ul>\n<figure id=\"attachment_9912\" aria-describedby=\"caption-attachment-9912\" style=\"width: 300px\" class=\"wp-caption aligncenter\"><a href=\"https:\/\/rafaramirez.org\/blog\/wp-content\/uploads\/2025\/07\/old-people-616718_ok.jpg\" target=\"_blank\" rel=\"noopener\"><img loading=\"lazy\" decoding=\"async\" class=\"wp-image-9912 size-medium\" src=\"https:\/\/rafaramirez.org\/blog\/wp-content\/uploads\/2025\/07\/old-people-616718_ok-300x199.jpg\" alt=\"D\u00eda de los Abuelos: tradici\u00f3n y gratitud intergeneracional. Blog de Rafael Ram\u00edrez. \" width=\"300\" height=\"199\" srcset=\"https:\/\/rafaramirez.org\/blog\/wp-content\/uploads\/2025\/07\/old-people-616718_ok-300x199.jpg 300w, https:\/\/rafaramirez.org\/blog\/wp-content\/uploads\/2025\/07\/old-people-616718_ok-768x508.jpg 768w, https:\/\/rafaramirez.org\/blog\/wp-content\/uploads\/2025\/07\/old-people-616718_ok.jpg 1000w\" sizes=\"auto, (max-width: 300px) 100vw, 300px\" \/><\/a><figcaption id=\"caption-attachment-9912\" class=\"wp-caption-text\">D\u00eda de los Abuelos: tradici\u00f3n y gratitud intergeneracional. Blog de Rafael Ram\u00edrez.<\/figcaption><\/figure>\n<p>Es dif\u00edcil cuantificar cu\u00e1nto debemos a los abuelos en nuestra sociedad actual. Sin embargo, su amor, cuidado y contribuci\u00f3n a nuestras vidas son incalculables. Agradecerles y honrarlos en el D\u00eda de los Abuelos es una forma de reconocer todo lo que hacen por nosotros.<\/p>\n<p>M\u00e1s informaci\u00f3n:<\/p>\n<ul>\n<li><a href=\"https:\/\/es.wikipedia.org\/wiki\/D%C3%ADa_del_Abuelo\" target=\"_blank\" rel=\"noopener\">D\u00eda del Abuelo &#8211; Wikipedia, la enciclopedia libre<\/a>.<\/li>\n<li><a href=\"https:\/\/mensajerosdelapaz.com\/especial-dia-de-los-abuelos\/\" target=\"_blank\" rel=\"noopener\">Mensajeros de la Paz.com<\/a><\/li>\n<\/ul>\n","protected":false},"excerpt":{"rendered":"<p>El D\u00eda de los Abuelos es una jornada conmemorativa que reconoce la labor y la importancia de las personas mayores dentro de la familia, y complementa las celebraciones del D\u00eda de la Madre y del D\u00eda del Padre. Se celebra en distintos pa\u00edses con variaciones en el nombre, la fecha y la motivaci\u00f3n. En muchos [&hellip;]<\/p>\n","protected":false},"author":1,"featured_media":9913,"comment_status":"open","ping_status":"closed","sticky":false,"template":"","format":"standard","meta":{"site-container-style":"default","site-container-layout":"default","site-sidebar-layout":"default","disable-article-header":"default","disable-site-header":"default","disable-site-footer":"default","disable-content-area-spacing":"default","_jetpack_newsletter_access":"","_jetpack_dont_email_post_to_subs":false,"_jetpack_newsletter_tier_id":0,"_jetpack_memberships_contains_paywalled_content":false,"_jetpack_feature_clip_id":0,"_jetpack_memberships_contains_paid_content":false,"footnotes":"","jetpack_publicize_message":"","jetpack_publicize_feature_enabled":true,"jetpack_social_post_already_shared":true,"jetpack_social_options":{"image_generator_settings":{"template":"highway","default_image_id":0,"font":"","enabled":false},"version":2},"jetpack_post_was_ever_published":false},"categories":[1291],"tags":[2824,2829,2822,2837,2832,2833,68,2835,2821,2823,1323,2834,2830,2836,2826,957,330,2825,1702,2828,998,2296,2827,2831],"class_list":["post-9908","post","type-post","status-publish","format-standard","has-post-thumbnail","hentry","category-efemerides","tag-1-de-octubre","tag-2829","tag-26-de-julio","tag-activos-fisica-y-mentalmente","tag-amor-incondicional","tag-apoyo-emocional","tag-blog-de-rafael-ramirez","tag-crecimiento-y-desarrollo-de-los-ninos","tag-dia-de-los-abuelos","tag-dia-internacional-de-las-personas-de-edad","tag-efemerides","tag-entorno-seguro-y-afectuoso","tag-experiencias","tag-fuente-de-compania-y-alegria","tag-fundacion-mensajeros-de-la-paz","tag-labor-social","tag-noticias-sociales","tag-ong","tag-onu","tag-padre-angel","tag-problema-social","tag-sabiduria","tag-san-joaquin-y-santa-ana","tag-tradiciones-familiares"],"yoast_head":"<!-- This site is optimized with the Yoast SEO plugin v28.4 - https:\/\/yoast.com\/product\/yoast-seo-wordpress\/ -->\n<title>D\u00eda de los Abuelos 2025: tradici\u00f3n y gratitud intergeneracional. - Blog de Rafael Ram\u00edrez<\/title>\n<meta name=\"description\" content=\"El D\u00eda de los Abuelos es una jornada conmemorativa dedicada a reconocer la labor y la importancia de los mayores dentro de la familia...\" \/>\n<meta name=\"robots\" content=\"index, follow, max-snippet:-1, max-image-preview:large, max-video-preview:-1\" \/>\n<link rel=\"canonical\" href=\"https:\/\/rafaramirez.org\/blog\/index.php\/2025\/07\/26\/dia-de-los-abuelos-2025\/\" \/>\n<meta property=\"og:locale\" content=\"es_ES\" \/>\n<meta property=\"og:type\" content=\"article\" \/>\n<meta property=\"og:title\" content=\"D\u00eda de los Abuelos 2025: tradici\u00f3n y gratitud intergeneracional. - Blog de Rafael Ram\u00edrez\" \/>\n<meta property=\"og:description\" content=\"El D\u00eda de los Abuelos es una jornada conmemorativa dedicada a reconocer la labor y la importancia de los mayores dentro de la familia...\" \/>\n<meta property=\"og:url\" content=\"https:\/\/rafaramirez.org\/blog\/index.php\/2025\/07\/26\/dia-de-los-abuelos-2025\/\" \/>\n<meta property=\"og:site_name\" content=\"Blog de Rafael Ram\u00edrez\" \/>\n<meta property=\"article:published_time\" content=\"2025-07-26T06:00:54+00:00\" \/>\n<meta property=\"og:image\" content=\"https:\/\/rafaramirez.org\/blog\/wp-content\/uploads\/2025\/07\/Dia-de-los-abuelos_bannerblog.jpg\" \/>\n\t<meta property=\"og:image:width\" content=\"720\" \/>\n\t<meta property=\"og:image:height\" content=\"440\" \/>\n\t<meta property=\"og:image:type\" content=\"image\/jpeg\" \/>\n<meta name=\"author\" content=\"Rafael Ram\u00edrez\" \/>\n<meta name=\"twitter:card\" content=\"summary_large_image\" \/>\n<meta name=\"twitter:creator\" content=\"@rafaramirez_ok\" \/>\n<meta name=\"twitter:site\" content=\"@rafaramirez_ok\" \/>\n<meta name=\"twitter:label1\" content=\"Escrito por\" \/>\n\t<meta name=\"twitter:data1\" content=\"Rafael Ram\u00edrez\" \/>\n\t<meta name=\"twitter:label2\" content=\"Tiempo de lectura\" \/>\n\t<meta name=\"twitter:data2\" content=\"2 minutos\" \/>\n<script type=\"application\/ld+json\" class=\"yoast-schema-graph\">{\"@context\":\"https:\\\/\\\/schema.org\",\"@graph\":[{\"@type\":\"Article\",\"@id\":\"https:\\\/\\\/rafaramirez.org\\\/blog\\\/index.php\\\/2025\\\/07\\\/26\\\/dia-de-los-abuelos-2025\\\/#article\",\"isPartOf\":{\"@id\":\"https:\\\/\\\/rafaramirez.org\\\/blog\\\/index.php\\\/2025\\\/07\\\/26\\\/dia-de-los-abuelos-2025\\\/\"},\"author\":{\"name\":\"Rafael Ram\u00edrez\",\"@id\":\"https:\\\/\\\/rafaramirez.org\\\/blog\\\/#\\\/schema\\\/person\\\/50f43b6d60c578760d4c17bda54ab6a5\"},\"headline\":\"D\u00eda de los Abuelos 2025: tradici\u00f3n y gratitud intergeneracional.\",\"datePublished\":\"2025-07-26T06:00:54+00:00\",\"mainEntityOfPage\":{\"@id\":\"https:\\\/\\\/rafaramirez.org\\\/blog\\\/index.php\\\/2025\\\/07\\\/26\\\/dia-de-los-abuelos-2025\\\/\"},\"wordCount\":271,\"commentCount\":0,\"publisher\":{\"@id\":\"https:\\\/\\\/rafaramirez.org\\\/blog\\\/#\\\/schema\\\/person\\\/50f43b6d60c578760d4c17bda54ab6a5\"},\"image\":{\"@id\":\"https:\\\/\\\/rafaramirez.org\\\/blog\\\/index.php\\\/2025\\\/07\\\/26\\\/dia-de-los-abuelos-2025\\\/#primaryimage\"},\"thumbnailUrl\":\"https:\\\/\\\/rafaramirez.org\\\/blog\\\/wp-content\\\/uploads\\\/2025\\\/07\\\/Dia-de-los-abuelos_bannerblog.jpg\",\"keywords\":[\"1 de octubre\",\"1998\",\"26 de julio\",\"activos f\u00edsica y mentalmente\",\"amor incondicional\",\"apoyo emocional\",\"blog de Rafael Ram\u00edrez\",\"crecimiento y desarrollo de los ni\u00f1os\",\"D\u00eda de los Abuelos\",\"D\u00eda Internacional de las Personas de Edad\",\"efem\u00e9rides\",\"entorno seguro y afectuoso\",\"experiencias\",\"fuente de compa\u00f1\u00eda y alegr\u00eda\",\"Fundaci\u00f3n Mensajeros de la Paz\",\"labor social\",\"noticias sociales\",\"ONG\",\"ONU\",\"padre \u00c1ngel\",\"problema social\",\"sabidur\u00eda\",\"San Joaqu\u00edn y Santa Ana\",\"tradiciones familiares\"],\"articleSection\":[\"Efem\u00e9rides\"],\"inLanguage\":\"es\",\"potentialAction\":[{\"@type\":\"CommentAction\",\"name\":\"Comment\",\"target\":[\"https:\\\/\\\/rafaramirez.org\\\/blog\\\/index.php\\\/2025\\\/07\\\/26\\\/dia-de-los-abuelos-2025\\\/#respond\"]}]},{\"@type\":\"WebPage\",\"@id\":\"https:\\\/\\\/rafaramirez.org\\\/blog\\\/index.php\\\/2025\\\/07\\\/26\\\/dia-de-los-abuelos-2025\\\/\",\"url\":\"https:\\\/\\\/rafaramirez.org\\\/blog\\\/index.php\\\/2025\\\/07\\\/26\\\/dia-de-los-abuelos-2025\\\/\",\"name\":\"D\u00eda de los Abuelos 2025: tradici\u00f3n y gratitud intergeneracional. - Blog de Rafael Ram\u00edrez\",\"isPartOf\":{\"@id\":\"https:\\\/\\\/rafaramirez.org\\\/blog\\\/#website\"},\"primaryImageOfPage\":{\"@id\":\"https:\\\/\\\/rafaramirez.org\\\/blog\\\/index.php\\\/2025\\\/07\\\/26\\\/dia-de-los-abuelos-2025\\\/#primaryimage\"},\"image\":{\"@id\":\"https:\\\/\\\/rafaramirez.org\\\/blog\\\/index.php\\\/2025\\\/07\\\/26\\\/dia-de-los-abuelos-2025\\\/#primaryimage\"},\"thumbnailUrl\":\"https:\\\/\\\/rafaramirez.org\\\/blog\\\/wp-content\\\/uploads\\\/2025\\\/07\\\/Dia-de-los-abuelos_bannerblog.jpg\",\"datePublished\":\"2025-07-26T06:00:54+00:00\",\"description\":\"El D\u00eda de los Abuelos es una jornada conmemorativa dedicada a reconocer la labor y la importancia de los mayores dentro de la familia...\",\"breadcrumb\":{\"@id\":\"https:\\\/\\\/rafaramirez.org\\\/blog\\\/index.php\\\/2025\\\/07\\\/26\\\/dia-de-los-abuelos-2025\\\/#breadcrumb\"},\"inLanguage\":\"es\",\"potentialAction\":[{\"@type\":\"ReadAction\",\"target\":[\"https:\\\/\\\/rafaramirez.org\\\/blog\\\/index.php\\\/2025\\\/07\\\/26\\\/dia-de-los-abuelos-2025\\\/\"]}]},{\"@type\":\"ImageObject\",\"inLanguage\":\"es\",\"@id\":\"https:\\\/\\\/rafaramirez.org\\\/blog\\\/index.php\\\/2025\\\/07\\\/26\\\/dia-de-los-abuelos-2025\\\/#primaryimage\",\"url\":\"https:\\\/\\\/rafaramirez.org\\\/blog\\\/wp-content\\\/uploads\\\/2025\\\/07\\\/Dia-de-los-abuelos_bannerblog.jpg\",\"contentUrl\":\"https:\\\/\\\/rafaramirez.org\\\/blog\\\/wp-content\\\/uploads\\\/2025\\\/07\\\/Dia-de-los-abuelos_bannerblog.jpg\",\"width\":720,\"height\":440,\"caption\":\"D\u00eda de los Abuelos: tradici\u00f3n y gratitud intergeneracional. Blog de Rafael Ram\u00edrez.\"},{\"@type\":\"BreadcrumbList\",\"@id\":\"https:\\\/\\\/rafaramirez.org\\\/blog\\\/index.php\\\/2025\\\/07\\\/26\\\/dia-de-los-abuelos-2025\\\/#breadcrumb\",\"itemListElement\":[{\"@type\":\"ListItem\",\"position\":1,\"name\":\"Portada\",\"item\":\"https:\\\/\\\/rafaramirez.org\\\/blog\\\/\"},{\"@type\":\"ListItem\",\"position\":2,\"name\":\"D\u00eda de los Abuelos 2025: tradici\u00f3n y gratitud intergeneracional.\"}]},{\"@type\":\"WebSite\",\"@id\":\"https:\\\/\\\/rafaramirez.org\\\/blog\\\/#website\",\"url\":\"https:\\\/\\\/rafaramirez.org\\\/blog\\\/\",\"name\":\"Blog de Rafael Ram\u00edrez\",\"description\":\"Un sitio social, de arte y cultura\",\"publisher\":{\"@id\":\"https:\\\/\\\/rafaramirez.org\\\/blog\\\/#\\\/schema\\\/person\\\/50f43b6d60c578760d4c17bda54ab6a5\"},\"potentialAction\":[{\"@type\":\"SearchAction\",\"target\":{\"@type\":\"EntryPoint\",\"urlTemplate\":\"https:\\\/\\\/rafaramirez.org\\\/blog\\\/?s={search_term_string}\"},\"query-input\":{\"@type\":\"PropertyValueSpecification\",\"valueRequired\":true,\"valueName\":\"search_term_string\"}}],\"inLanguage\":\"es\"},{\"@type\":[\"Person\",\"Organization\"],\"@id\":\"https:\\\/\\\/rafaramirez.org\\\/blog\\\/#\\\/schema\\\/person\\\/50f43b6d60c578760d4c17bda54ab6a5\",\"name\":\"Rafael Ram\u00edrez\",\"image\":{\"@type\":\"ImageObject\",\"inLanguage\":\"es\",\"@id\":\"https:\\\/\\\/rafaramirez.org\\\/blog\\\/wp-content\\\/uploads\\\/2024\\\/09\\\/RR_socialnetwork.jpg\",\"url\":\"https:\\\/\\\/rafaramirez.org\\\/blog\\\/wp-content\\\/uploads\\\/2024\\\/09\\\/RR_socialnetwork.jpg\",\"contentUrl\":\"https:\\\/\\\/rafaramirez.org\\\/blog\\\/wp-content\\\/uploads\\\/2024\\\/09\\\/RR_socialnetwork.jpg\",\"width\":600,\"height\":606,\"caption\":\"Rafael Ram\u00edrez\"},\"logo\":{\"@id\":\"https:\\\/\\\/rafaramirez.org\\\/blog\\\/wp-content\\\/uploads\\\/2024\\\/09\\\/RR_socialnetwork.jpg\"},\"sameAs\":[\"https:\\\/\\\/www.rafaramirez.org\\\/blog\",\"https:\\\/\\\/www.instagram.com\\\/rafaramirez_ok\\\/\",\"https:\\\/\\\/es.pinterest.com\\\/Ramirez_Rafa\\\/\",\"https:\\\/\\\/x.com\\\/rafaramirez_ok\"],\"url\":\"https:\\\/\\\/rafaramirez.org\\\/blog\\\/index.php\\\/author\\\/rafaell_qm6j97da\\\/\"}]}<\/script>\n<!-- \/ Yoast SEO plugin. -->","yoast_head_json":{"title":"D\u00eda de los Abuelos 2025: tradici\u00f3n y gratitud intergeneracional. - Blog de Rafael Ram\u00edrez","description":"El D\u00eda de los Abuelos es una jornada conmemorativa dedicada a reconocer la labor y la importancia de los mayores dentro de la familia...","robots":{"index":"index","follow":"follow","max-snippet":"max-snippet:-1","max-image-preview":"max-image-preview:large","max-video-preview":"max-video-preview:-1"},"canonical":"https:\/\/rafaramirez.org\/blog\/index.php\/2025\/07\/26\/dia-de-los-abuelos-2025\/","og_locale":"es_ES","og_type":"article","og_title":"D\u00eda de los Abuelos 2025: tradici\u00f3n y gratitud intergeneracional. - Blog de Rafael Ram\u00edrez","og_description":"El D\u00eda de los Abuelos es una jornada conmemorativa dedicada a reconocer la labor y la importancia de los mayores dentro de la familia...","og_url":"https:\/\/rafaramirez.org\/blog\/index.php\/2025\/07\/26\/dia-de-los-abuelos-2025\/","og_site_name":"Blog de Rafael Ram\u00edrez","article_published_time":"2025-07-26T06:00:54+00:00","og_image":[{"width":720,"height":440,"url":"https:\/\/rafaramirez.org\/blog\/wp-content\/uploads\/2025\/07\/Dia-de-los-abuelos_bannerblog.jpg","type":"image\/jpeg"}],"author":"Rafael Ram\u00edrez","twitter_card":"summary_large_image","twitter_creator":"@rafaramirez_ok","twitter_site":"@rafaramirez_ok","twitter_misc":{"Escrito por":"Rafael Ram\u00edrez","Tiempo de lectura":"2 minutos"},"schema":{"@context":"https:\/\/schema.org","@graph":[{"@type":"Article","@id":"https:\/\/rafaramirez.org\/blog\/index.php\/2025\/07\/26\/dia-de-los-abuelos-2025\/#article","isPartOf":{"@id":"https:\/\/rafaramirez.org\/blog\/index.php\/2025\/07\/26\/dia-de-los-abuelos-2025\/"},"author":{"name":"Rafael Ram\u00edrez","@id":"https:\/\/rafaramirez.org\/blog\/#\/schema\/person\/50f43b6d60c578760d4c17bda54ab6a5"},"headline":"D\u00eda de los Abuelos 2025: tradici\u00f3n y gratitud intergeneracional.","datePublished":"2025-07-26T06:00:54+00:00","mainEntityOfPage":{"@id":"https:\/\/rafaramirez.org\/blog\/index.php\/2025\/07\/26\/dia-de-los-abuelos-2025\/"},"wordCount":271,"commentCount":0,"publisher":{"@id":"https:\/\/rafaramirez.org\/blog\/#\/schema\/person\/50f43b6d60c578760d4c17bda54ab6a5"},"image":{"@id":"https:\/\/rafaramirez.org\/blog\/index.php\/2025\/07\/26\/dia-de-los-abuelos-2025\/#primaryimage"},"thumbnailUrl":"https:\/\/rafaramirez.org\/blog\/wp-content\/uploads\/2025\/07\/Dia-de-los-abuelos_bannerblog.jpg","keywords":["1 de octubre","1998","26 de julio","activos f\u00edsica y mentalmente","amor incondicional","apoyo emocional","blog de Rafael Ram\u00edrez","crecimiento y desarrollo de los ni\u00f1os","D\u00eda de los Abuelos","D\u00eda Internacional de las Personas de Edad","efem\u00e9rides","entorno seguro y afectuoso","experiencias","fuente de compa\u00f1\u00eda y alegr\u00eda","Fundaci\u00f3n Mensajeros de la Paz","labor social","noticias sociales","ONG","ONU","padre \u00c1ngel","problema social","sabidur\u00eda","San Joaqu\u00edn y Santa Ana","tradiciones familiares"],"articleSection":["Efem\u00e9rides"],"inLanguage":"es","potentialAction":[{"@type":"CommentAction","name":"Comment","target":["https:\/\/rafaramirez.org\/blog\/index.php\/2025\/07\/26\/dia-de-los-abuelos-2025\/#respond"]}]},{"@type":"WebPage","@id":"https:\/\/rafaramirez.org\/blog\/index.php\/2025\/07\/26\/dia-de-los-abuelos-2025\/","url":"https:\/\/rafaramirez.org\/blog\/index.php\/2025\/07\/26\/dia-de-los-abuelos-2025\/","name":"D\u00eda de los Abuelos 2025: tradici\u00f3n y gratitud intergeneracional. - Blog de Rafael Ram\u00edrez","isPartOf":{"@id":"https:\/\/rafaramirez.org\/blog\/#website"},"primaryImageOfPage":{"@id":"https:\/\/rafaramirez.org\/blog\/index.php\/2025\/07\/26\/dia-de-los-abuelos-2025\/#primaryimage"},"image":{"@id":"https:\/\/rafaramirez.org\/blog\/index.php\/2025\/07\/26\/dia-de-los-abuelos-2025\/#primaryimage"},"thumbnailUrl":"https:\/\/rafaramirez.org\/blog\/wp-content\/uploads\/2025\/07\/Dia-de-los-abuelos_bannerblog.jpg","datePublished":"2025-07-26T06:00:54+00:00","description":"El D\u00eda de los Abuelos es una jornada conmemorativa dedicada a reconocer la labor y la importancia de los mayores dentro de la familia...","breadcrumb":{"@id":"https:\/\/rafaramirez.org\/blog\/index.php\/2025\/07\/26\/dia-de-los-abuelos-2025\/#breadcrumb"},"inLanguage":"es","potentialAction":[{"@type":"ReadAction","target":["https:\/\/rafaramirez.org\/blog\/index.php\/2025\/07\/26\/dia-de-los-abuelos-2025\/"]}]},{"@type":"ImageObject","inLanguage":"es","@id":"https:\/\/rafaramirez.org\/blog\/index.php\/2025\/07\/26\/dia-de-los-abuelos-2025\/#primaryimage","url":"https:\/\/rafaramirez.org\/blog\/wp-content\/uploads\/2025\/07\/Dia-de-los-abuelos_bannerblog.jpg","contentUrl":"https:\/\/rafaramirez.org\/blog\/wp-content\/uploads\/2025\/07\/Dia-de-los-abuelos_bannerblog.jpg","width":720,"height":440,"caption":"D\u00eda de los Abuelos: tradici\u00f3n y gratitud intergeneracional. Blog de Rafael Ram\u00edrez."},{"@type":"BreadcrumbList","@id":"https:\/\/rafaramirez.org\/blog\/index.php\/2025\/07\/26\/dia-de-los-abuelos-2025\/#breadcrumb","itemListElement":[{"@type":"ListItem","position":1,"name":"Portada","item":"https:\/\/rafaramirez.org\/blog\/"},{"@type":"ListItem","position":2,"name":"D\u00eda de los Abuelos 2025: tradici\u00f3n y gratitud intergeneracional."}]},{"@type":"WebSite","@id":"https:\/\/rafaramirez.org\/blog\/#website","url":"https:\/\/rafaramirez.org\/blog\/","name":"Blog de Rafael Ram\u00edrez","description":"Un sitio social, de arte y cultura","publisher":{"@id":"https:\/\/rafaramirez.org\/blog\/#\/schema\/person\/50f43b6d60c578760d4c17bda54ab6a5"},"potentialAction":[{"@type":"SearchAction","target":{"@type":"EntryPoint","urlTemplate":"https:\/\/rafaramirez.org\/blog\/?s={search_term_string}"},"query-input":{"@type":"PropertyValueSpecification","valueRequired":true,"valueName":"search_term_string"}}],"inLanguage":"es"},{"@type":["Person","Organization"],"@id":"https:\/\/rafaramirez.org\/blog\/#\/schema\/person\/50f43b6d60c578760d4c17bda54ab6a5","name":"Rafael Ram\u00edrez","image":{"@type":"ImageObject","inLanguage":"es","@id":"https:\/\/rafaramirez.org\/blog\/wp-content\/uploads\/2024\/09\/RR_socialnetwork.jpg","url":"https:\/\/rafaramirez.org\/blog\/wp-content\/uploads\/2024\/09\/RR_socialnetwork.jpg","contentUrl":"https:\/\/rafaramirez.org\/blog\/wp-content\/uploads\/2024\/09\/RR_socialnetwork.jpg","width":600,"height":606,"caption":"Rafael Ram\u00edrez"},"logo":{"@id":"https:\/\/rafaramirez.org\/blog\/wp-content\/uploads\/2024\/09\/RR_socialnetwork.jpg"},"sameAs":["https:\/\/www.rafaramirez.org\/blog","https:\/\/www.instagram.com\/rafaramirez_ok\/","https:\/\/es.pinterest.com\/Ramirez_Rafa\/","https:\/\/x.com\/rafaramirez_ok"],"url":"https:\/\/rafaramirez.org\/blog\/index.php\/author\/rafaell_qm6j97da\/"}]}},"jetpack_publicize_connections":[],"jetpack_sharing_enabled":true,"jetpack_likes_enabled":true,"jetpack_featured_media_url":"https:\/\/rafaramirez.org\/blog\/wp-content\/uploads\/2025\/07\/Dia-de-los-abuelos_bannerblog.jpg","_links":{"self":[{"href":"https:\/\/rafaramirez.org\/blog\/index.php\/wp-json\/wp\/v2\/posts\/9908","targetHints":{"allow":["GET"]}}],"collection":[{"href":"https:\/\/rafaramirez.org\/blog\/index.php\/wp-json\/wp\/v2\/posts"}],"about":[{"href":"https:\/\/rafaramirez.org\/blog\/index.php\/wp-json\/wp\/v2\/types\/post"}],"author":[{"embeddable":true,"href":"https:\/\/rafaramirez.org\/blog\/index.php\/wp-json\/wp\/v2\/users\/1"}],"replies":[{"embeddable":true,"href":"https:\/\/rafaramirez.org\/blog\/index.php\/wp-json\/wp\/v2\/comments?post=9908"}],"version-history":[{"count":6,"href":"https:\/\/rafaramirez.org\/blog\/index.php\/wp-json\/wp\/v2\/posts\/9908\/revisions"}],"predecessor-version":[{"id":9918,"href":"https:\/\/rafaramirez.org\/blog\/index.php\/wp-json\/wp\/v2\/posts\/9908\/revisions\/9918"}],"wp:featuredmedia":[{"embeddable":true,"href":"https:\/\/rafaramirez.org\/blog\/index.php\/wp-json\/wp\/v2\/media\/9913"}],"wp:attachment":[{"href":"https:\/\/rafaramirez.org\/blog\/index.php\/wp-json\/wp\/v2\/media?parent=9908"}],"wp:term":[{"taxonomy":"category","embeddable":true,"href":"https:\/\/rafaramirez.org\/blog\/index.php\/wp-json\/wp\/v2\/categories?post=9908"},{"taxonomy":"post_tag","embeddable":true,"href":"https:\/\/rafaramirez.org\/blog\/index.php\/wp-json\/wp\/v2\/tags?post=9908"}],"curies":[{"name":"wp","href":"https:\/\/api.w.org\/{rel}","templated":true}]}}