{"id":9897,"date":"2025-07-25T08:00:20","date_gmt":"2025-07-25T06:00:20","guid":{"rendered":"https:\/\/rafaramirez.org\/blog\/?p=9897"},"modified":"2025-09-16T10:40:44","modified_gmt":"2025-09-16T08:40:44","slug":"hijos-de-la-fabula-fernando-aramburu-lectura-recomendada","status":"publish","type":"post","link":"https:\/\/rafaramirez.org\/blog\/index.php\/2025\/07\/25\/hijos-de-la-fabula-fernando-aramburu-lectura-recomendada\/","title":{"rendered":"\u00abHijos de la f\u00e1bula\u00bb, de Fernando Aramburu: humor, ideolog\u00eda y derrota bajo la lluvia."},"content":{"rendered":"<p>En \u00abHijos de la f\u00e1bula\u00bb, Fernando Aramburu se adentra en el terreno de la s\u00e1tira para narrar una historia ambientada en el contexto del terrorismo vasco, pero que se aleja de la gravedad solemne de su c\u00e9lebre \u00abPatria\u00bb y opta por el humor como herramienta de reflexi\u00f3n. La novela comienza en 2011, justo cuando ETA anuncia el cese definitivo de su actividad armada. En ese momento, dos j\u00f3venes vascos, Asier y Joseba, cruzan la frontera hacia el sur de Francia con la intenci\u00f3n de convertirse en militantes de la banda. Sin embargo, su sue\u00f1o revolucionario se ve truncado por la realidad: la organizaci\u00f3n ya no los necesita y ellos quedan varados en una granja de pollos, acogidos por una pareja francesa con la que apenas logran comunicarse.<\/p>\n<p>A partir de ah\u00ed, se suceden una serie de peripecias absurdas protagonizadas por estos dos personajes que, lejos de rendirse, deciden fundar su propia organizaci\u00f3n armada. Asier, el m\u00e1s fervoroso, se erige como l\u00edder ideol\u00f3gico, mientras que Joseba, m\u00e1s relajado, asume el papel de subalterno. La novela se convierte entonces en una especie de tragicomedia en la que el idealismo juvenil choca con la ineptitud, la falta de recursos y una lluvia constante que parece burlarse de sus aspiraciones.<\/p>\n<p>Aramburu construye a estos personajes con una ternura que desarma. Aunque sus intenciones son peligrosas, su torpeza y su ingenuidad los convierten en figuras casi entra\u00f1ables, como una versi\u00f3n vasca de Don Quijote y Sancho Panza. El autor utiliza un estilo \u00e1gil, frases breves y un humor c\u00e1ustico para desmontar el fanatismo, ridiculizar el adoctrinamiento y mostrar que, incluso en los m\u00e1rgenes del absurdo, puede surgir una historia de amistad y humanidad.<\/p>\n<p>La novela no pretende ofrecer respuestas ni juicios definitivos. M\u00e1s bien, invita a observar con distancia cr\u00edtica \u2014y con una sonrisa amarga\u2014 las consecuencias de una lucha que ya no tiene sentido. Y, con ello, Aramburu vuelve a demostrar que sabe contar historias que nos interpelan, nos conmueven y, en este caso, tambi\u00e9n nos hacen re\u00edr.<\/p>\n<h3>Cr\u00edtica literaria.<\/h3>\n<p>En \u00abHijos de la f\u00e1bula\u00bb, Fernando Aramburu se aleja del drama solemne que le dio notoriedad en \u00abPatria\u00bb para adentrarse en los territorios de la farsa y la s\u00e1tira pol\u00edtica. Esta novela puede interpretarse como una cr\u00edtica mordaz al radicalismo juvenil y a las secuelas de una ideolog\u00eda que ha perdido su sentido hist\u00f3rico, pero que a\u00fan resuena en algunos con ecos de romanticismo revolucionario.<\/p>\n<p>Los personajes principales, Asier y Joseba, son caricaturas de una militancia frustrada: no son villanos ni h\u00e9roes, sino individuos ingenuos atrapados en una ficci\u00f3n de lucha. Aramburu juega con este desajuste entre el ideal y la realidad, y consigue que el lector oscile entre la risa y la compasi\u00f3n. En este sentido, la novela es profundamente ambigua: su comicidad no borra el trasfondo tr\u00e1gico del conflicto vasco, sino que lo ilumina desde otra perspectiva, menos habitual y m\u00e1s subversiva.<\/p>\n<p>Estil\u00edsticamente, el autor opta por una prosa \u00e1gil y limpia, con di\u00e1logos punzantes y situaciones que rozan lo absurdo sin caer en lo inveros\u00edmil. La granja donde se refugian los protagonistas se convierte en un escenario de aislamiento casi teatral, en el que la falta de sentido de sus acciones se ve intensificada por la lluvia, la incomunicaci\u00f3n y el fracaso.<\/p>\n<p>Uno de los logros m\u00e1s notables de la obra es su capacidad para desmontar el adoctrinamiento sin caer en el serm\u00f3n. Aramburu no explica, sugiere. No moraliza, ironiza. Y, en ese ejercicio de equilibrio, la novela gana fuerza como pieza literaria y como gesto \u00e9tico. \u00abHijos de la f\u00e1bula\u00bb no busca escandalizar ni redimir, sino mostrar con agudeza y cierta ternura cruel la deriva de dos j\u00f3venes que llegaron tarde al mito.<\/p>\n<figure id=\"attachment_9900\" aria-describedby=\"caption-attachment-9900\" style=\"width: 200px\" class=\"wp-caption aligncenter\"><a href=\"https:\/\/rafaramirez.org\/blog\/wp-content\/uploads\/2025\/07\/Hijos-de-la-fabula_portada.jpg\" target=\"_blank\" rel=\"noopener\"><img loading=\"lazy\" decoding=\"async\" class=\"wp-image-9900 size-medium\" src=\"https:\/\/rafaramirez.org\/blog\/wp-content\/uploads\/2025\/07\/Hijos-de-la-fabula_portada-200x300.jpg\" alt=\"Portada de &quot;Hijos de la f\u00e1bula&quot; de Fernando Aramburu. Lectura recomendada. Blog de Rafael Ram\u00edrez.\" width=\"200\" height=\"300\" srcset=\"https:\/\/rafaramirez.org\/blog\/wp-content\/uploads\/2025\/07\/Hijos-de-la-fabula_portada-200x300.jpg 200w, https:\/\/rafaramirez.org\/blog\/wp-content\/uploads\/2025\/07\/Hijos-de-la-fabula_portada.jpg 668w\" sizes=\"auto, (max-width: 200px) 100vw, 200px\" \/><\/a><figcaption id=\"caption-attachment-9900\" class=\"wp-caption-text\">Portada de \u00abHijos de la f\u00e1bula\u00bb de Fernando Aramburu. Lectura recomendada. Blog de Rafael Ram\u00edrez.<\/figcaption><\/figure>\n<h3>Ficha t\u00e9cnica.<\/h3>\n<ul>\n<li><strong>Autor<\/strong>: Fernando Aramburu<\/li>\n<li><strong>Editorial<\/strong>: Tusquets Editores, S.A.<\/li>\n<li><strong>Colecci\u00f3n<\/strong>: Andanzas<\/li>\n<li><strong>ISBN<\/strong>: 978-84-1107-228-1<\/li>\n<li><strong>Idioma<\/strong>: Castellano<\/li>\n<li><strong>N\u00famero de p\u00e1ginas<\/strong>: 320<\/li>\n<li><strong>Encuadernaci\u00f3n<\/strong>: Tapa blanda con solapas<\/li>\n<li><strong>Fecha de publicaci\u00f3n<\/strong>: 1 de febrero de 2023<\/li>\n<li><strong>Lugar de edici\u00f3n<\/strong>: Barcelona<\/li>\n<\/ul>\n<h3>Sobre su autor.<\/h3>\n<p>Fernando Aramburu es uno de los narradores m\u00e1s destacados de la literatura espa\u00f1ola contempor\u00e1nea. Naci\u00f3 en San Sebasti\u00e1n en 1959 y se licenci\u00f3 en Filolog\u00eda Hisp\u00e1nica por la Universidad de Zaragoza. En su juventud, form\u00f3 parte del Grupo CLOC de Arte y Desarte, un colectivo contracultural que mezclaba <a href=\"https:\/\/rafaramirez.org\/blog\/index.php\/2025\/09\/16\/el-surrealismo-descifrado\/\" target=\"_blank\" rel=\"noopener\">surrealismo<\/a>, poes\u00eda y humor, y que dej\u00f3 una huella palpable en su primera novela, \u00abFuegos con lim\u00f3n\u00bb.<\/p>\n<p>Desde 1985 reside en Alemania, donde inicialmente trabaj\u00f3 como profesor de espa\u00f1ol para hijos de inmigrantes. En 2009 abandon\u00f3 la docencia para dedicarse por completo a la escritura. Su obra abarca diversos g\u00e9neros: novela, cuento, ensayo, poes\u00eda, aforismo y traducci\u00f3n. Sin embargo, fue con \u00abPatria\u00bb (2016) con la que alcanz\u00f3 un reconocimiento masivo al abordar el conflicto vasco desde m\u00faltiples perspectivas con profundidad y sensibilidad. La novela fue adaptada a serie por HBO y traducida a m\u00e1s de treinta idiomas.<\/p>\n<p>Aramburu ha recibido numerosos premios, entre ellos el Premio Nacional de Narrativa, el Premio de la Cr\u00edtica, el Premio Francisco Umbral al Libro del A\u00f1o y el Premio Biblioteca Breve. Su estilo combina una prosa clara y directa con una mirada cr\u00edtica y humanista, capaz de explorar tanto el dolor como el absurdo con igual destreza.<\/p>\n<p>Adem\u00e1s de \u00abHijos de la f\u00e1bula\u00bb, entre sus obras se encuentran \u00abLos peces de la amargura\u00bb, \u00abA\u00f1os lentos\u00bb, \u00abLos vencejos\u00bb y \u00abEl ni\u00f1o\u00bb, todas ellas parte de su ciclo narrativo \u00abGentes vascas\u00bb, donde examina las heridas, contradicciones y transformaciones de la sociedad vasca.<\/p>\n<figure id=\"attachment_9901\" aria-describedby=\"caption-attachment-9901\" style=\"width: 300px\" class=\"wp-caption aligncenter\"><a href=\"https:\/\/rafaramirez.org\/blog\/wp-content\/uploads\/2025\/07\/Fernando_Aramburu_portrait.jpg\" target=\"_blank\" rel=\"noopener\"><img loading=\"lazy\" decoding=\"async\" class=\"wp-image-9901 size-medium\" src=\"https:\/\/rafaramirez.org\/blog\/wp-content\/uploads\/2025\/07\/Fernando_Aramburu_portrait-300x201.jpg\" alt=\"El escritor Fernando Aramburu. Blog de Rafael Ram\u00edrez.\" width=\"300\" height=\"201\" srcset=\"https:\/\/rafaramirez.org\/blog\/wp-content\/uploads\/2025\/07\/Fernando_Aramburu_portrait-300x201.jpg 300w, https:\/\/rafaramirez.org\/blog\/wp-content\/uploads\/2025\/07\/Fernando_Aramburu_portrait-768x514.jpg 768w, https:\/\/rafaramirez.org\/blog\/wp-content\/uploads\/2025\/07\/Fernando_Aramburu_portrait.jpg 1000w\" sizes=\"auto, (max-width: 300px) 100vw, 300px\" \/><\/a><figcaption id=\"caption-attachment-9901\" class=\"wp-caption-text\">El escritor Fernando Aramburu. Blog de Rafael Ram\u00edrez.<\/figcaption><\/figure>\n<p>M\u00e1s informaci\u00f3n:<\/p>\n<ul>\n<li><a href=\"https:\/\/www.casadellibro.com\/libro-hijos-de-la-fabula\/9788411072281\/13344415\" target=\"_blank\" rel=\"noopener\">HIJOS DE LA FABULA | Fernando Aramburu | Tusquets Editores S.A. | Casa del Libro<\/a>.<\/li>\n<li><a href=\"https:\/\/es.wikipedia.org\/wiki\/Fernando_Aramburu\" target=\"_blank\" rel=\"noopener\">Fernando Aramburu &#8211; Wikipedia<\/a>.<\/li>\n<li><a href=\"https:\/\/rafaramirez.org\/blog\/index.php\/category\/arte\/literatura\/\" target=\"_blank\" rel=\"noopener\">Otra lectura recomendada<\/a>.<\/li>\n<\/ul>\n","protected":false},"excerpt":{"rendered":"<p>En \u00abHijos de la f\u00e1bula\u00bb, Fernando Aramburu se adentra en el terreno de la s\u00e1tira para narrar una historia ambientada en el contexto del terrorismo vasco, pero que se aleja de la gravedad solemne de su c\u00e9lebre \u00abPatria\u00bb y opta por el humor como herramienta de reflexi\u00f3n. La novela comienza en 2011, justo cuando ETA [&hellip;]<\/p>\n","protected":false},"author":1,"featured_media":9902,"comment_status":"open","ping_status":"closed","sticky":false,"template":"","format":"standard","meta":{"site-container-style":"default","site-container-layout":"default","site-sidebar-layout":"default","disable-article-header":"default","disable-site-header":"default","disable-site-footer":"default","disable-content-area-spacing":"default","_jetpack_newsletter_access":"","_jetpack_dont_email_post_to_subs":false,"_jetpack_newsletter_tier_id":0,"_jetpack_memberships_contains_paywalled_content":false,"_jetpack_feature_clip_id":0,"_jetpack_memberships_contains_paid_content":false,"footnotes":"","jetpack_publicize_message":"","jetpack_publicize_feature_enabled":true,"jetpack_social_post_already_shared":true,"jetpack_social_options":{"image_generator_settings":{"template":"highway","default_image_id":0,"font":"","enabled":false},"version":2},"jetpack_post_was_ever_published":false},"categories":[710],"tags":[4401,1585,3610,3436,264,598,1262],"class_list":["post-9897","post","type-post","status-publish","format-standard","has-post-thumbnail","hentry","category-literatura","tag-hijos-de-la-fabula-de-fernando-aramburu","tag-critica-literaria","tag-lectura-recomendada","tag-libro-de-2023","tag-libro-recomendado","tag-novela","tag-novela-recomendada"],"yoast_head":"<!-- This site is optimized with the Yoast SEO plugin v28.4 - https:\/\/yoast.com\/product\/yoast-seo-wordpress\/ -->\n<title>&quot;Hijos de la f\u00e1bula&quot;, de Fernando Aramburu: humor, ideolog\u00eda y derrota bajo la lluvia. - Blog de Rafael Ram\u00edrez<\/title>\n<meta name=\"description\" content=\"En &quot;Hijos de la f\u00e1bula&quot;, Fernando Aramburu se adentra en el terreno de la s\u00e1tira para narrar una historia ambientada en el contexto del...\" \/>\n<meta name=\"robots\" content=\"index, follow, max-snippet:-1, max-image-preview:large, max-video-preview:-1\" \/>\n<link rel=\"canonical\" href=\"https:\/\/rafaramirez.org\/blog\/index.php\/2025\/07\/25\/hijos-de-la-fabula-fernando-aramburu-lectura-recomendada\/\" \/>\n<meta property=\"og:locale\" content=\"es_ES\" \/>\n<meta property=\"og:type\" content=\"article\" \/>\n<meta property=\"og:title\" content=\"&quot;Hijos de la f\u00e1bula&quot;, de Fernando Aramburu: humor, ideolog\u00eda y derrota bajo la lluvia. - Blog de Rafael Ram\u00edrez\" \/>\n<meta property=\"og:description\" content=\"En &quot;Hijos de la f\u00e1bula&quot;, Fernando Aramburu se adentra en el terreno de la s\u00e1tira para narrar una historia ambientada en el contexto del...\" \/>\n<meta property=\"og:url\" content=\"https:\/\/rafaramirez.org\/blog\/index.php\/2025\/07\/25\/hijos-de-la-fabula-fernando-aramburu-lectura-recomendada\/\" \/>\n<meta property=\"og:site_name\" content=\"Blog de Rafael Ram\u00edrez\" \/>\n<meta property=\"article:published_time\" content=\"2025-07-25T06:00:20+00:00\" \/>\n<meta property=\"article:modified_time\" content=\"2025-09-16T08:40:44+00:00\" \/>\n<meta property=\"og:image\" content=\"https:\/\/rafaramirez.org\/blog\/wp-content\/uploads\/2025\/07\/Hijos-de-la-fabula_bannerblog.jpg\" \/>\n\t<meta property=\"og:image:width\" content=\"720\" \/>\n\t<meta property=\"og:image:height\" content=\"440\" \/>\n\t<meta property=\"og:image:type\" content=\"image\/jpeg\" \/>\n<meta name=\"author\" content=\"Rafael Ram\u00edrez\" \/>\n<meta name=\"twitter:card\" content=\"summary_large_image\" \/>\n<meta name=\"twitter:creator\" content=\"@rafaramirez_ok\" \/>\n<meta name=\"twitter:site\" content=\"@rafaramirez_ok\" \/>\n<meta name=\"twitter:label1\" content=\"Escrito por\" \/>\n\t<meta name=\"twitter:data1\" content=\"Rafael Ram\u00edrez\" \/>\n\t<meta name=\"twitter:label2\" content=\"Tiempo de lectura\" \/>\n\t<meta name=\"twitter:data2\" content=\"5 minutos\" \/>\n<script type=\"application\/ld+json\" class=\"yoast-schema-graph\">{\"@context\":\"https:\\\/\\\/schema.org\",\"@graph\":[{\"@type\":\"Article\",\"@id\":\"https:\\\/\\\/rafaramirez.org\\\/blog\\\/index.php\\\/2025\\\/07\\\/25\\\/hijos-de-la-fabula-fernando-aramburu-lectura-recomendada\\\/#article\",\"isPartOf\":{\"@id\":\"https:\\\/\\\/rafaramirez.org\\\/blog\\\/index.php\\\/2025\\\/07\\\/25\\\/hijos-de-la-fabula-fernando-aramburu-lectura-recomendada\\\/\"},\"author\":{\"name\":\"Rafael Ram\u00edrez\",\"@id\":\"https:\\\/\\\/rafaramirez.org\\\/blog\\\/#\\\/schema\\\/person\\\/50f43b6d60c578760d4c17bda54ab6a5\"},\"headline\":\"\u00abHijos de la f\u00e1bula\u00bb, de Fernando Aramburu: humor, ideolog\u00eda y derrota bajo la lluvia.\",\"datePublished\":\"2025-07-25T06:00:20+00:00\",\"dateModified\":\"2025-09-16T08:40:44+00:00\",\"mainEntityOfPage\":{\"@id\":\"https:\\\/\\\/rafaramirez.org\\\/blog\\\/index.php\\\/2025\\\/07\\\/25\\\/hijos-de-la-fabula-fernando-aramburu-lectura-recomendada\\\/\"},\"wordCount\":1042,\"commentCount\":0,\"publisher\":{\"@id\":\"https:\\\/\\\/rafaramirez.org\\\/blog\\\/#\\\/schema\\\/person\\\/50f43b6d60c578760d4c17bda54ab6a5\"},\"image\":{\"@id\":\"https:\\\/\\\/rafaramirez.org\\\/blog\\\/index.php\\\/2025\\\/07\\\/25\\\/hijos-de-la-fabula-fernando-aramburu-lectura-recomendada\\\/#primaryimage\"},\"thumbnailUrl\":\"https:\\\/\\\/rafaramirez.org\\\/blog\\\/wp-content\\\/uploads\\\/2025\\\/07\\\/Hijos-de-la-fabula_bannerblog.jpg\",\"keywords\":[\"\\\"Hijos de la f\u00e1bula\\\" de Fernando Aramburu\",\"cr\u00edtica literaria\",\"lectura recomendada\",\"libro de 2023\",\"libro recomendado\",\"novela\",\"novela recomendada\"],\"articleSection\":[\"Literatura\"],\"inLanguage\":\"es\",\"potentialAction\":[{\"@type\":\"CommentAction\",\"name\":\"Comment\",\"target\":[\"https:\\\/\\\/rafaramirez.org\\\/blog\\\/index.php\\\/2025\\\/07\\\/25\\\/hijos-de-la-fabula-fernando-aramburu-lectura-recomendada\\\/#respond\"]}]},{\"@type\":\"WebPage\",\"@id\":\"https:\\\/\\\/rafaramirez.org\\\/blog\\\/index.php\\\/2025\\\/07\\\/25\\\/hijos-de-la-fabula-fernando-aramburu-lectura-recomendada\\\/\",\"url\":\"https:\\\/\\\/rafaramirez.org\\\/blog\\\/index.php\\\/2025\\\/07\\\/25\\\/hijos-de-la-fabula-fernando-aramburu-lectura-recomendada\\\/\",\"name\":\"\\\"Hijos de la f\u00e1bula\\\", de Fernando Aramburu: humor, ideolog\u00eda y derrota bajo la lluvia. - Blog de Rafael Ram\u00edrez\",\"isPartOf\":{\"@id\":\"https:\\\/\\\/rafaramirez.org\\\/blog\\\/#website\"},\"primaryImageOfPage\":{\"@id\":\"https:\\\/\\\/rafaramirez.org\\\/blog\\\/index.php\\\/2025\\\/07\\\/25\\\/hijos-de-la-fabula-fernando-aramburu-lectura-recomendada\\\/#primaryimage\"},\"image\":{\"@id\":\"https:\\\/\\\/rafaramirez.org\\\/blog\\\/index.php\\\/2025\\\/07\\\/25\\\/hijos-de-la-fabula-fernando-aramburu-lectura-recomendada\\\/#primaryimage\"},\"thumbnailUrl\":\"https:\\\/\\\/rafaramirez.org\\\/blog\\\/wp-content\\\/uploads\\\/2025\\\/07\\\/Hijos-de-la-fabula_bannerblog.jpg\",\"datePublished\":\"2025-07-25T06:00:20+00:00\",\"dateModified\":\"2025-09-16T08:40:44+00:00\",\"description\":\"En \\\"Hijos de la f\u00e1bula\\\", Fernando Aramburu se adentra en el terreno de la s\u00e1tira para narrar una historia ambientada en el contexto del...\",\"breadcrumb\":{\"@id\":\"https:\\\/\\\/rafaramirez.org\\\/blog\\\/index.php\\\/2025\\\/07\\\/25\\\/hijos-de-la-fabula-fernando-aramburu-lectura-recomendada\\\/#breadcrumb\"},\"inLanguage\":\"es\",\"potentialAction\":[{\"@type\":\"ReadAction\",\"target\":[\"https:\\\/\\\/rafaramirez.org\\\/blog\\\/index.php\\\/2025\\\/07\\\/25\\\/hijos-de-la-fabula-fernando-aramburu-lectura-recomendada\\\/\"]}]},{\"@type\":\"ImageObject\",\"inLanguage\":\"es\",\"@id\":\"https:\\\/\\\/rafaramirez.org\\\/blog\\\/index.php\\\/2025\\\/07\\\/25\\\/hijos-de-la-fabula-fernando-aramburu-lectura-recomendada\\\/#primaryimage\",\"url\":\"https:\\\/\\\/rafaramirez.org\\\/blog\\\/wp-content\\\/uploads\\\/2025\\\/07\\\/Hijos-de-la-fabula_bannerblog.jpg\",\"contentUrl\":\"https:\\\/\\\/rafaramirez.org\\\/blog\\\/wp-content\\\/uploads\\\/2025\\\/07\\\/Hijos-de-la-fabula_bannerblog.jpg\",\"width\":720,\"height\":440,\"caption\":\"\\\"Hijos de la f\u00e1bula\\\" de Fernando Aramburu. Lectura recomendada. Blog de Rafael Ram\u00edrez.\"},{\"@type\":\"BreadcrumbList\",\"@id\":\"https:\\\/\\\/rafaramirez.org\\\/blog\\\/index.php\\\/2025\\\/07\\\/25\\\/hijos-de-la-fabula-fernando-aramburu-lectura-recomendada\\\/#breadcrumb\",\"itemListElement\":[{\"@type\":\"ListItem\",\"position\":1,\"name\":\"Portada\",\"item\":\"https:\\\/\\\/rafaramirez.org\\\/blog\\\/\"},{\"@type\":\"ListItem\",\"position\":2,\"name\":\"\u00abHijos de la f\u00e1bula\u00bb, de Fernando Aramburu: humor, ideolog\u00eda y derrota bajo la lluvia.\"}]},{\"@type\":\"WebSite\",\"@id\":\"https:\\\/\\\/rafaramirez.org\\\/blog\\\/#website\",\"url\":\"https:\\\/\\\/rafaramirez.org\\\/blog\\\/\",\"name\":\"Blog de Rafael Ram\u00edrez\",\"description\":\"Un sitio social, de arte y cultura\",\"publisher\":{\"@id\":\"https:\\\/\\\/rafaramirez.org\\\/blog\\\/#\\\/schema\\\/person\\\/50f43b6d60c578760d4c17bda54ab6a5\"},\"potentialAction\":[{\"@type\":\"SearchAction\",\"target\":{\"@type\":\"EntryPoint\",\"urlTemplate\":\"https:\\\/\\\/rafaramirez.org\\\/blog\\\/?s={search_term_string}\"},\"query-input\":{\"@type\":\"PropertyValueSpecification\",\"valueRequired\":true,\"valueName\":\"search_term_string\"}}],\"inLanguage\":\"es\"},{\"@type\":[\"Person\",\"Organization\"],\"@id\":\"https:\\\/\\\/rafaramirez.org\\\/blog\\\/#\\\/schema\\\/person\\\/50f43b6d60c578760d4c17bda54ab6a5\",\"name\":\"Rafael Ram\u00edrez\",\"image\":{\"@type\":\"ImageObject\",\"inLanguage\":\"es\",\"@id\":\"https:\\\/\\\/rafaramirez.org\\\/blog\\\/wp-content\\\/uploads\\\/2024\\\/09\\\/RR_socialnetwork.jpg\",\"url\":\"https:\\\/\\\/rafaramirez.org\\\/blog\\\/wp-content\\\/uploads\\\/2024\\\/09\\\/RR_socialnetwork.jpg\",\"contentUrl\":\"https:\\\/\\\/rafaramirez.org\\\/blog\\\/wp-content\\\/uploads\\\/2024\\\/09\\\/RR_socialnetwork.jpg\",\"width\":600,\"height\":606,\"caption\":\"Rafael Ram\u00edrez\"},\"logo\":{\"@id\":\"https:\\\/\\\/rafaramirez.org\\\/blog\\\/wp-content\\\/uploads\\\/2024\\\/09\\\/RR_socialnetwork.jpg\"},\"sameAs\":[\"https:\\\/\\\/www.rafaramirez.org\\\/blog\",\"https:\\\/\\\/www.instagram.com\\\/rafaramirez_ok\\\/\",\"https:\\\/\\\/es.pinterest.com\\\/Ramirez_Rafa\\\/\",\"https:\\\/\\\/x.com\\\/rafaramirez_ok\"],\"url\":\"https:\\\/\\\/rafaramirez.org\\\/blog\\\/index.php\\\/author\\\/rafaell_qm6j97da\\\/\"}]}<\/script>\n<!-- \/ Yoast SEO plugin. -->","yoast_head_json":{"title":"\"Hijos de la f\u00e1bula\", de Fernando Aramburu: humor, ideolog\u00eda y derrota bajo la lluvia. - Blog de Rafael Ram\u00edrez","description":"En \"Hijos de la f\u00e1bula\", Fernando Aramburu se adentra en el terreno de la s\u00e1tira para narrar una historia ambientada en el contexto del...","robots":{"index":"index","follow":"follow","max-snippet":"max-snippet:-1","max-image-preview":"max-image-preview:large","max-video-preview":"max-video-preview:-1"},"canonical":"https:\/\/rafaramirez.org\/blog\/index.php\/2025\/07\/25\/hijos-de-la-fabula-fernando-aramburu-lectura-recomendada\/","og_locale":"es_ES","og_type":"article","og_title":"\"Hijos de la f\u00e1bula\", de Fernando Aramburu: humor, ideolog\u00eda y derrota bajo la lluvia. - Blog de Rafael Ram\u00edrez","og_description":"En \"Hijos de la f\u00e1bula\", Fernando Aramburu se adentra en el terreno de la s\u00e1tira para narrar una historia ambientada en el contexto del...","og_url":"https:\/\/rafaramirez.org\/blog\/index.php\/2025\/07\/25\/hijos-de-la-fabula-fernando-aramburu-lectura-recomendada\/","og_site_name":"Blog de Rafael Ram\u00edrez","article_published_time":"2025-07-25T06:00:20+00:00","article_modified_time":"2025-09-16T08:40:44+00:00","og_image":[{"width":720,"height":440,"url":"https:\/\/rafaramirez.org\/blog\/wp-content\/uploads\/2025\/07\/Hijos-de-la-fabula_bannerblog.jpg","type":"image\/jpeg"}],"author":"Rafael Ram\u00edrez","twitter_card":"summary_large_image","twitter_creator":"@rafaramirez_ok","twitter_site":"@rafaramirez_ok","twitter_misc":{"Escrito por":"Rafael Ram\u00edrez","Tiempo de lectura":"5 minutos"},"schema":{"@context":"https:\/\/schema.org","@graph":[{"@type":"Article","@id":"https:\/\/rafaramirez.org\/blog\/index.php\/2025\/07\/25\/hijos-de-la-fabula-fernando-aramburu-lectura-recomendada\/#article","isPartOf":{"@id":"https:\/\/rafaramirez.org\/blog\/index.php\/2025\/07\/25\/hijos-de-la-fabula-fernando-aramburu-lectura-recomendada\/"},"author":{"name":"Rafael Ram\u00edrez","@id":"https:\/\/rafaramirez.org\/blog\/#\/schema\/person\/50f43b6d60c578760d4c17bda54ab6a5"},"headline":"\u00abHijos de la f\u00e1bula\u00bb, de Fernando Aramburu: humor, ideolog\u00eda y derrota bajo la lluvia.","datePublished":"2025-07-25T06:00:20+00:00","dateModified":"2025-09-16T08:40:44+00:00","mainEntityOfPage":{"@id":"https:\/\/rafaramirez.org\/blog\/index.php\/2025\/07\/25\/hijos-de-la-fabula-fernando-aramburu-lectura-recomendada\/"},"wordCount":1042,"commentCount":0,"publisher":{"@id":"https:\/\/rafaramirez.org\/blog\/#\/schema\/person\/50f43b6d60c578760d4c17bda54ab6a5"},"image":{"@id":"https:\/\/rafaramirez.org\/blog\/index.php\/2025\/07\/25\/hijos-de-la-fabula-fernando-aramburu-lectura-recomendada\/#primaryimage"},"thumbnailUrl":"https:\/\/rafaramirez.org\/blog\/wp-content\/uploads\/2025\/07\/Hijos-de-la-fabula_bannerblog.jpg","keywords":["\"Hijos de la f\u00e1bula\" de Fernando Aramburu","cr\u00edtica literaria","lectura recomendada","libro de 2023","libro recomendado","novela","novela recomendada"],"articleSection":["Literatura"],"inLanguage":"es","potentialAction":[{"@type":"CommentAction","name":"Comment","target":["https:\/\/rafaramirez.org\/blog\/index.php\/2025\/07\/25\/hijos-de-la-fabula-fernando-aramburu-lectura-recomendada\/#respond"]}]},{"@type":"WebPage","@id":"https:\/\/rafaramirez.org\/blog\/index.php\/2025\/07\/25\/hijos-de-la-fabula-fernando-aramburu-lectura-recomendada\/","url":"https:\/\/rafaramirez.org\/blog\/index.php\/2025\/07\/25\/hijos-de-la-fabula-fernando-aramburu-lectura-recomendada\/","name":"\"Hijos de la f\u00e1bula\", de Fernando Aramburu: humor, ideolog\u00eda y derrota bajo la lluvia. - Blog de Rafael Ram\u00edrez","isPartOf":{"@id":"https:\/\/rafaramirez.org\/blog\/#website"},"primaryImageOfPage":{"@id":"https:\/\/rafaramirez.org\/blog\/index.php\/2025\/07\/25\/hijos-de-la-fabula-fernando-aramburu-lectura-recomendada\/#primaryimage"},"image":{"@id":"https:\/\/rafaramirez.org\/blog\/index.php\/2025\/07\/25\/hijos-de-la-fabula-fernando-aramburu-lectura-recomendada\/#primaryimage"},"thumbnailUrl":"https:\/\/rafaramirez.org\/blog\/wp-content\/uploads\/2025\/07\/Hijos-de-la-fabula_bannerblog.jpg","datePublished":"2025-07-25T06:00:20+00:00","dateModified":"2025-09-16T08:40:44+00:00","description":"En \"Hijos de la f\u00e1bula\", Fernando Aramburu se adentra en el terreno de la s\u00e1tira para narrar una historia ambientada en el contexto del...","breadcrumb":{"@id":"https:\/\/rafaramirez.org\/blog\/index.php\/2025\/07\/25\/hijos-de-la-fabula-fernando-aramburu-lectura-recomendada\/#breadcrumb"},"inLanguage":"es","potentialAction":[{"@type":"ReadAction","target":["https:\/\/rafaramirez.org\/blog\/index.php\/2025\/07\/25\/hijos-de-la-fabula-fernando-aramburu-lectura-recomendada\/"]}]},{"@type":"ImageObject","inLanguage":"es","@id":"https:\/\/rafaramirez.org\/blog\/index.php\/2025\/07\/25\/hijos-de-la-fabula-fernando-aramburu-lectura-recomendada\/#primaryimage","url":"https:\/\/rafaramirez.org\/blog\/wp-content\/uploads\/2025\/07\/Hijos-de-la-fabula_bannerblog.jpg","contentUrl":"https:\/\/rafaramirez.org\/blog\/wp-content\/uploads\/2025\/07\/Hijos-de-la-fabula_bannerblog.jpg","width":720,"height":440,"caption":"\"Hijos de la f\u00e1bula\" de Fernando Aramburu. Lectura recomendada. Blog de Rafael Ram\u00edrez."},{"@type":"BreadcrumbList","@id":"https:\/\/rafaramirez.org\/blog\/index.php\/2025\/07\/25\/hijos-de-la-fabula-fernando-aramburu-lectura-recomendada\/#breadcrumb","itemListElement":[{"@type":"ListItem","position":1,"name":"Portada","item":"https:\/\/rafaramirez.org\/blog\/"},{"@type":"ListItem","position":2,"name":"\u00abHijos de la f\u00e1bula\u00bb, de Fernando Aramburu: humor, ideolog\u00eda y derrota bajo la lluvia."}]},{"@type":"WebSite","@id":"https:\/\/rafaramirez.org\/blog\/#website","url":"https:\/\/rafaramirez.org\/blog\/","name":"Blog de Rafael Ram\u00edrez","description":"Un sitio social, de arte y cultura","publisher":{"@id":"https:\/\/rafaramirez.org\/blog\/#\/schema\/person\/50f43b6d60c578760d4c17bda54ab6a5"},"potentialAction":[{"@type":"SearchAction","target":{"@type":"EntryPoint","urlTemplate":"https:\/\/rafaramirez.org\/blog\/?s={search_term_string}"},"query-input":{"@type":"PropertyValueSpecification","valueRequired":true,"valueName":"search_term_string"}}],"inLanguage":"es"},{"@type":["Person","Organization"],"@id":"https:\/\/rafaramirez.org\/blog\/#\/schema\/person\/50f43b6d60c578760d4c17bda54ab6a5","name":"Rafael Ram\u00edrez","image":{"@type":"ImageObject","inLanguage":"es","@id":"https:\/\/rafaramirez.org\/blog\/wp-content\/uploads\/2024\/09\/RR_socialnetwork.jpg","url":"https:\/\/rafaramirez.org\/blog\/wp-content\/uploads\/2024\/09\/RR_socialnetwork.jpg","contentUrl":"https:\/\/rafaramirez.org\/blog\/wp-content\/uploads\/2024\/09\/RR_socialnetwork.jpg","width":600,"height":606,"caption":"Rafael Ram\u00edrez"},"logo":{"@id":"https:\/\/rafaramirez.org\/blog\/wp-content\/uploads\/2024\/09\/RR_socialnetwork.jpg"},"sameAs":["https:\/\/www.rafaramirez.org\/blog","https:\/\/www.instagram.com\/rafaramirez_ok\/","https:\/\/es.pinterest.com\/Ramirez_Rafa\/","https:\/\/x.com\/rafaramirez_ok"],"url":"https:\/\/rafaramirez.org\/blog\/index.php\/author\/rafaell_qm6j97da\/"}]}},"jetpack_publicize_connections":[],"jetpack_sharing_enabled":true,"jetpack_likes_enabled":true,"jetpack_featured_media_url":"https:\/\/rafaramirez.org\/blog\/wp-content\/uploads\/2025\/07\/Hijos-de-la-fabula_bannerblog.jpg","_links":{"self":[{"href":"https:\/\/rafaramirez.org\/blog\/index.php\/wp-json\/wp\/v2\/posts\/9897","targetHints":{"allow":["GET"]}}],"collection":[{"href":"https:\/\/rafaramirez.org\/blog\/index.php\/wp-json\/wp\/v2\/posts"}],"about":[{"href":"https:\/\/rafaramirez.org\/blog\/index.php\/wp-json\/wp\/v2\/types\/post"}],"author":[{"embeddable":true,"href":"https:\/\/rafaramirez.org\/blog\/index.php\/wp-json\/wp\/v2\/users\/1"}],"replies":[{"embeddable":true,"href":"https:\/\/rafaramirez.org\/blog\/index.php\/wp-json\/wp\/v2\/comments?post=9897"}],"version-history":[{"count":8,"href":"https:\/\/rafaramirez.org\/blog\/index.php\/wp-json\/wp\/v2\/posts\/9897\/revisions"}],"predecessor-version":[{"id":10518,"href":"https:\/\/rafaramirez.org\/blog\/index.php\/wp-json\/wp\/v2\/posts\/9897\/revisions\/10518"}],"wp:featuredmedia":[{"embeddable":true,"href":"https:\/\/rafaramirez.org\/blog\/index.php\/wp-json\/wp\/v2\/media\/9902"}],"wp:attachment":[{"href":"https:\/\/rafaramirez.org\/blog\/index.php\/wp-json\/wp\/v2\/media?parent=9897"}],"wp:term":[{"taxonomy":"category","embeddable":true,"href":"https:\/\/rafaramirez.org\/blog\/index.php\/wp-json\/wp\/v2\/categories?post=9897"},{"taxonomy":"post_tag","embeddable":true,"href":"https:\/\/rafaramirez.org\/blog\/index.php\/wp-json\/wp\/v2\/tags?post=9897"}],"curies":[{"name":"wp","href":"https:\/\/api.w.org\/{rel}","templated":true}]}}