{"id":9835,"date":"2025-07-19T08:00:47","date_gmt":"2025-07-19T06:00:47","guid":{"rendered":"https:\/\/rafaramirez.org\/blog\/?p=9835"},"modified":"2025-07-09T11:21:32","modified_gmt":"2025-07-09T09:21:32","slug":"dia-de-iberoamerica-2025","status":"publish","type":"post","link":"https:\/\/rafaramirez.org\/blog\/index.php\/2025\/07\/19\/dia-de-iberoamerica-2025\/","title":{"rendered":"D\u00eda de Iberoam\u00e9rica 2025: Celebrando unidad y diversidad en 22 naciones."},"content":{"rendered":"<h3>Significado.<\/h3>\n<p>El D\u00eda de Iberoam\u00e9rica conmemora la firma de la primera Declaraci\u00f3n de Jefes de Estado en Guadalajara (M\u00e9xico) el 19 de julio de 1991, que dio origen a la Comunidad Iberoamericana de Naciones. Esta fecha se institucionaliz\u00f3 en 2020 por los ministros de Relaciones Exteriores de los 22 pa\u00edses miembros, quienes establecieron el 19 de julio como jornada anual para celebrar la historia, la lengua y la cultura compartidas entre Europa, Hispanoam\u00e9rica y Portugal.<\/p>\n<p>Con esta efem\u00e9ride se pretende destacar las afinidades hist\u00f3ricas y culturales que unen a los pa\u00edses iberoamericanos y promover la cooperaci\u00f3n pol\u00edtica, econ\u00f3mica, educativa y social, as\u00ed como la solidaridad y el di\u00e1logo en pos de un proyecto com\u00fan de desarrollo sostenible.<\/p>\n<h3>Fecha de Celebraci\u00f3n.<\/h3>\n<p>Se celebra cada a\u00f1o el 19 de julio, fecha que coincide con el aniversario de la primera Cumbre Iberoamericana, celebrada en 1991, y que simboliza el compromiso de avanzar juntos hacia un futuro compartido entre los 22 miembros de la Comunidad Iberoamericana.<\/p>\n<h3>Pa\u00edses.<\/h3>\n<p>Estos pa\u00edses conforman la\u00a0<strong>Comunidad Iberoamericana de Naciones<\/strong>, una regi\u00f3n ling\u00fc\u00edstica y culturalmente cohesionada que celebra su identidad compartida:<\/p>\n<ol>\n<li><strong>Argentina<\/strong><\/li>\n<li><strong>Bolivia<\/strong><\/li>\n<li><strong>Brasil<\/strong><\/li>\n<li><strong>Chile<\/strong><\/li>\n<li><strong>Colombia<\/strong><\/li>\n<li><strong>Costa Rica<\/strong><\/li>\n<li><strong>Cuba<\/strong><\/li>\n<li><strong>Ecuador<\/strong><\/li>\n<li><strong>El Salvador<\/strong><\/li>\n<li><strong>Guatemala<\/strong><\/li>\n<li><strong>Honduras<\/strong><\/li>\n<li><strong>M\u00e9xico<\/strong><\/li>\n<li><strong>Nicaragua<\/strong><\/li>\n<li><strong>Panam\u00e1<\/strong><\/li>\n<li><strong>Paraguay<\/strong><\/li>\n<li><strong>Per\u00fa<\/strong><\/li>\n<li><strong>Rep\u00fablica Dominicana<\/strong><\/li>\n<li><strong>Uruguay<\/strong><\/li>\n<li><strong>Venezuela<\/strong><\/li>\n<li><strong>Andorra<\/strong><\/li>\n<li><strong>Espa\u00f1a<\/strong><\/li>\n<li><strong>Portugal<\/strong><\/li>\n<\/ol>\n<figure id=\"attachment_9839\" aria-describedby=\"caption-attachment-9839\" style=\"width: 176px\" class=\"wp-caption aligncenter\"><a href=\"https:\/\/rafaramirez.org\/blog\/wp-content\/uploads\/2025\/07\/ai-generated-8746328.jpg\" target=\"_blank\" rel=\"noopener\"><img loading=\"lazy\" decoding=\"async\" class=\"wp-image-9839 size-medium\" src=\"https:\/\/rafaramirez.org\/blog\/wp-content\/uploads\/2025\/07\/ai-generated-8746328-176x300.jpg\" alt=\"19 de julio D\u00eda de Iberoam\u00e9rica 2025. Blog de Rafael Ram\u00edrez.\" width=\"176\" height=\"300\" srcset=\"https:\/\/rafaramirez.org\/blog\/wp-content\/uploads\/2025\/07\/ai-generated-8746328-176x300.jpg 176w, https:\/\/rafaramirez.org\/blog\/wp-content\/uploads\/2025\/07\/ai-generated-8746328.jpg 498w\" sizes=\"auto, (max-width: 176px) 100vw, 176px\" \/><\/a><figcaption id=\"caption-attachment-9839\" class=\"wp-caption-text\">19 de julio D\u00eda de Iberoam\u00e9rica 2025. Blog de Rafael Ram\u00edrez.<\/figcaption><\/figure>\n<h3>Actividades para el D\u00eda de Iberoam\u00e9rica 2025.<\/h3>\n<ul>\n<li>Mensaje institucional del secretario general iberoamericano y de los organismos clave (SEGIB, OEI, OISS, COMJIB y OIJ) para reafirmar la importancia del di\u00e1logo y la cooperaci\u00f3n regionales.<\/li>\n<li>Se organizar\u00e1n conferencias y seminarios presenciales y virtuales en sedes como Casa de Am\u00e9rica o instituciones educativas, en los que se abordar\u00e1n temas de gobernanza, justicia, cooperaci\u00f3n cultural y desarrollo sostenible.<\/li>\n<li>Exposiciones de arte, cine y muestras gastron\u00f3micas que reflejan la diversidad de las 22 naciones iberoamericanas, acompa\u00f1adas de foros de debate sobre identidad y patrimonio cultural.<\/li>\n<li>Ciclos literarios, lecturas p\u00fablicas y recitales de poes\u00eda en bibliotecas y espacios culturales, con actividades espec\u00edficas para ni\u00f1os y j\u00f3venes, como talleres de escritura creativa y concursos de relatos.<\/li>\n<li>Conciertos y encuentros musicales que re\u00fanen ritmos tradicionales y contempor\u00e1neos, desde la salsa hasta la m\u00fasica de ra\u00edz ind\u00edgena.<\/li>\n<li>Talleres y foros organizados por el Organismo Internacional de Juventud para Iberoam\u00e9rica (OIJ) centrados en la Nueva Agenda de Juventudes que impulsan la participaci\u00f3n de los j\u00f3venes en la construcci\u00f3n del futuro regional.<\/li>\n<li>Campa\u00f1as en redes sociales bajo la etiqueta #D\u00edaDeIberoam\u00e9rica para difundir historias, fotograf\u00edas y v\u00eddeos que celebren la identidad com\u00fan y fomenten un mayor conocimiento mutuo entre los pueblos iberoamericanos.<\/li>\n<\/ul>\n<h3>C\u00f3mo Participar.<\/h3>\n<ul>\n<li>Consulta la agenda oficial en los portales de la Secretar\u00eda General Iberoamericana (SEGIB) y de la Organizaci\u00f3n de Estados Iberoamericanos (OEI).<\/li>\n<li>Sigue las cuentas oficiales en redes sociales para tener acceso a transmisiones en directo y materiales gratuitos.<\/li>\n<li>Participa en las actividades locales de tu ciudad: las bibliotecas, los centros culturales y las embajadas suelen ofrecer programaci\u00f3n especial.<\/li>\n<li>Utiliza y difunde el hashtag #D\u00edaDeIberoam\u00e9rica para compartir tu visi\u00f3n sobre la riqueza cultural y humana de Iberoam\u00e9rica.<\/li>\n<\/ul>\n<p>Recuerda que la celebraci\u00f3n puede variar de un pa\u00eds a otro y de una ciudad a otra, pero, en general, el D\u00eda de Iberoam\u00e9rica es una oportunidad para reflexionar sobre nuestra identidad compartida y promover la colaboraci\u00f3n entre naciones.<\/p>\n<p>M\u00e1s informaci\u00f3n:<\/p>\n<ul>\n<li><a href=\"https:\/\/www.segib.org\/los-organismos-iberoamericanos-celebran-el-dia-de-iberoamerica-y-reafirman-la-vigencia-de-la-comunidad\/\" target=\"_blank\" rel=\"noopener\">Los organismos iberoamericanos celebran el D\u00eda de Iberoam\u00e9rica y reafirman la vigencia de la comunidad &#8211; SEGIB<\/a><\/li>\n<li><a href=\"https:\/\/www.caf.com\/es\/actualidad\/eventos\/caf-en-la-feria-del-libro-de-madrid-2025\/\" target=\"_blank\" rel=\"noopener\">\u00abIberoam\u00e9rica, un libro abierto\u201d: Feria del Libro de Madrid 2025<\/a><\/li>\n<li><a href=\"https:\/\/rafaramirez.org\/blog\/index.php\/category\/arte\/efemerides\/\" target=\"_blank\" rel=\"noopener\">Otras efem\u00e9rides<\/a>.<\/li>\n<\/ul>\n","protected":false},"excerpt":{"rendered":"<p>Significado. El D\u00eda de Iberoam\u00e9rica conmemora la firma de la primera Declaraci\u00f3n de Jefes de Estado en Guadalajara (M\u00e9xico) el 19 de julio de 1991, que dio origen a la Comunidad Iberoamericana de Naciones. Esta fecha se institucionaliz\u00f3 en 2020 por los ministros de Relaciones Exteriores de los 22 pa\u00edses miembros, quienes establecieron el 19 [&hellip;]<\/p>\n","protected":false},"author":1,"featured_media":9838,"comment_status":"open","ping_status":"closed","sticky":false,"template":"","format":"standard","meta":{"site-container-style":"default","site-container-layout":"default","site-sidebar-layout":"default","disable-article-header":"default","disable-site-header":"default","disable-site-footer":"default","disable-content-area-spacing":"default","_jetpack_newsletter_access":"","_jetpack_dont_email_post_to_subs":false,"_jetpack_newsletter_tier_id":0,"_jetpack_memberships_contains_paywalled_content":false,"_jetpack_feature_clip_id":0,"_jetpack_memberships_contains_paid_content":false,"footnotes":"","jetpack_publicize_message":"","jetpack_publicize_feature_enabled":true,"jetpack_social_post_already_shared":true,"jetpack_social_options":{"image_generator_settings":{"template":"highway","default_image_id":0,"font":"","enabled":false},"version":2},"jetpack_post_was_ever_published":false},"categories":[1291],"tags":[2769,1203,1279,4216,2776,68,2772,2779,2782,2771,2768,2778,1323,2770,1307,2781,1175,2775,2773,2774,2780,2777],"class_list":["post-9835","post","type-post","status-publish","format-standard","has-post-thumbnail","hentry","category-efemerides","tag-19-de-julio","tag-1203","tag-1279","tag-4216","tag-afinidades-historicas-y-culturales","tag-blog-de-rafael-ramirez","tag-comunidad-iberoamericana-de-naciones","tag-cooperacion","tag-cultura-comun","tag-declaracion-de-jefes-de-estado","tag-dia-de-iberoamerica","tag-dialogo","tag-efemerides","tag-guadalajara","tag-historia","tag-lenguas","tag-mexico","tag-paises-iberoamericanos","tag-primera-cumbre-iberoamericana","tag-primera-declaracion-de-jefes-as-de-estado","tag-solidaridad","tag-unidad-y-el-desarrollo"],"yoast_head":"<!-- This site is optimized with the Yoast SEO plugin v28.4 - https:\/\/yoast.com\/product\/yoast-seo-wordpress\/ -->\n<title>D\u00eda de Iberoam\u00e9rica 2025: Celebrando unidad y diversidad en 22 naciones. - Blog de Rafael Ram\u00edrez<\/title>\n<meta name=\"description\" content=\"El D\u00eda de Iberoam\u00e9rica conmemora la firma de la primera Declaraci\u00f3n de Jefes de Estado en Guadalajara (M\u00e9xico) el 19 de julio de 1991...\" \/>\n<meta name=\"robots\" content=\"index, follow, max-snippet:-1, max-image-preview:large, max-video-preview:-1\" \/>\n<link rel=\"canonical\" href=\"https:\/\/rafaramirez.org\/blog\/index.php\/2025\/07\/19\/dia-de-iberoamerica-2025\/\" \/>\n<meta property=\"og:locale\" content=\"es_ES\" \/>\n<meta property=\"og:type\" content=\"article\" \/>\n<meta property=\"og:title\" content=\"D\u00eda de Iberoam\u00e9rica 2025: Celebrando unidad y diversidad en 22 naciones. - Blog de Rafael Ram\u00edrez\" \/>\n<meta property=\"og:description\" content=\"El D\u00eda de Iberoam\u00e9rica conmemora la firma de la primera Declaraci\u00f3n de Jefes de Estado en Guadalajara (M\u00e9xico) el 19 de julio de 1991...\" \/>\n<meta property=\"og:url\" content=\"https:\/\/rafaramirez.org\/blog\/index.php\/2025\/07\/19\/dia-de-iberoamerica-2025\/\" \/>\n<meta property=\"og:site_name\" content=\"Blog de Rafael Ram\u00edrez\" \/>\n<meta property=\"article:published_time\" content=\"2025-07-19T06:00:47+00:00\" \/>\n<meta property=\"og:image\" content=\"https:\/\/rafaramirez.org\/blog\/wp-content\/uploads\/2025\/07\/Dia-de-Iberoamerica_2025_bannerlog.jpg\" \/>\n\t<meta property=\"og:image:width\" content=\"720\" \/>\n\t<meta property=\"og:image:height\" content=\"440\" \/>\n\t<meta property=\"og:image:type\" content=\"image\/jpeg\" \/>\n<meta name=\"author\" content=\"Rafael Ram\u00edrez\" \/>\n<meta name=\"twitter:card\" content=\"summary_large_image\" \/>\n<meta name=\"twitter:creator\" content=\"@rafaramirez_ok\" \/>\n<meta name=\"twitter:site\" content=\"@rafaramirez_ok\" \/>\n<meta name=\"twitter:label1\" content=\"Escrito por\" \/>\n\t<meta name=\"twitter:data1\" content=\"Rafael Ram\u00edrez\" \/>\n\t<meta name=\"twitter:label2\" content=\"Tiempo de lectura\" \/>\n\t<meta name=\"twitter:data2\" content=\"4 minutos\" \/>\n<script type=\"application\/ld+json\" class=\"yoast-schema-graph\">{\"@context\":\"https:\\\/\\\/schema.org\",\"@graph\":[{\"@type\":\"Article\",\"@id\":\"https:\\\/\\\/rafaramirez.org\\\/blog\\\/index.php\\\/2025\\\/07\\\/19\\\/dia-de-iberoamerica-2025\\\/#article\",\"isPartOf\":{\"@id\":\"https:\\\/\\\/rafaramirez.org\\\/blog\\\/index.php\\\/2025\\\/07\\\/19\\\/dia-de-iberoamerica-2025\\\/\"},\"author\":{\"name\":\"Rafael Ram\u00edrez\",\"@id\":\"https:\\\/\\\/rafaramirez.org\\\/blog\\\/#\\\/schema\\\/person\\\/50f43b6d60c578760d4c17bda54ab6a5\"},\"headline\":\"D\u00eda de Iberoam\u00e9rica 2025: Celebrando unidad y diversidad en 22 naciones.\",\"datePublished\":\"2025-07-19T06:00:47+00:00\",\"mainEntityOfPage\":{\"@id\":\"https:\\\/\\\/rafaramirez.org\\\/blog\\\/index.php\\\/2025\\\/07\\\/19\\\/dia-de-iberoamerica-2025\\\/\"},\"wordCount\":647,\"commentCount\":0,\"publisher\":{\"@id\":\"https:\\\/\\\/rafaramirez.org\\\/blog\\\/#\\\/schema\\\/person\\\/50f43b6d60c578760d4c17bda54ab6a5\"},\"image\":{\"@id\":\"https:\\\/\\\/rafaramirez.org\\\/blog\\\/index.php\\\/2025\\\/07\\\/19\\\/dia-de-iberoamerica-2025\\\/#primaryimage\"},\"thumbnailUrl\":\"https:\\\/\\\/rafaramirez.org\\\/blog\\\/wp-content\\\/uploads\\\/2025\\\/07\\\/Dia-de-Iberoamerica_2025_bannerlog.jpg\",\"keywords\":[\"19 de julio\",\"1991\",\"2020\",\"2025\",\"afinidades hist\u00f3ricas y culturales\",\"blog de Rafael Ram\u00edrez\",\"Comunidad Iberoamericana de Naciones\",\"cooperaci\u00f3n\",\"cultura com\u00fan\",\"declaraci\u00f3n de jefes de Estado\",\"D\u00eda de Iberoam\u00e9rica\",\"di\u00e1logo\",\"efem\u00e9rides\",\"Guadalajara\",\"Historia\",\"lenguas\",\"M\u00e9xico\",\"pa\u00edses iberoamericanos\",\"Primera Cumbre Iberoamericana\",\"primera declaraci\u00f3n de jefes\\\/as de Estado\",\"solidaridad\",\"unidad\u00a0y el\u00a0desarrollo\"],\"articleSection\":[\"Efem\u00e9rides\"],\"inLanguage\":\"es\",\"potentialAction\":[{\"@type\":\"CommentAction\",\"name\":\"Comment\",\"target\":[\"https:\\\/\\\/rafaramirez.org\\\/blog\\\/index.php\\\/2025\\\/07\\\/19\\\/dia-de-iberoamerica-2025\\\/#respond\"]}]},{\"@type\":\"WebPage\",\"@id\":\"https:\\\/\\\/rafaramirez.org\\\/blog\\\/index.php\\\/2025\\\/07\\\/19\\\/dia-de-iberoamerica-2025\\\/\",\"url\":\"https:\\\/\\\/rafaramirez.org\\\/blog\\\/index.php\\\/2025\\\/07\\\/19\\\/dia-de-iberoamerica-2025\\\/\",\"name\":\"D\u00eda de Iberoam\u00e9rica 2025: Celebrando unidad y diversidad en 22 naciones. - Blog de Rafael Ram\u00edrez\",\"isPartOf\":{\"@id\":\"https:\\\/\\\/rafaramirez.org\\\/blog\\\/#website\"},\"primaryImageOfPage\":{\"@id\":\"https:\\\/\\\/rafaramirez.org\\\/blog\\\/index.php\\\/2025\\\/07\\\/19\\\/dia-de-iberoamerica-2025\\\/#primaryimage\"},\"image\":{\"@id\":\"https:\\\/\\\/rafaramirez.org\\\/blog\\\/index.php\\\/2025\\\/07\\\/19\\\/dia-de-iberoamerica-2025\\\/#primaryimage\"},\"thumbnailUrl\":\"https:\\\/\\\/rafaramirez.org\\\/blog\\\/wp-content\\\/uploads\\\/2025\\\/07\\\/Dia-de-Iberoamerica_2025_bannerlog.jpg\",\"datePublished\":\"2025-07-19T06:00:47+00:00\",\"description\":\"El D\u00eda de Iberoam\u00e9rica conmemora la firma de la primera Declaraci\u00f3n de Jefes de Estado en Guadalajara (M\u00e9xico) el 19 de julio de 1991...\",\"breadcrumb\":{\"@id\":\"https:\\\/\\\/rafaramirez.org\\\/blog\\\/index.php\\\/2025\\\/07\\\/19\\\/dia-de-iberoamerica-2025\\\/#breadcrumb\"},\"inLanguage\":\"es\",\"potentialAction\":[{\"@type\":\"ReadAction\",\"target\":[\"https:\\\/\\\/rafaramirez.org\\\/blog\\\/index.php\\\/2025\\\/07\\\/19\\\/dia-de-iberoamerica-2025\\\/\"]}]},{\"@type\":\"ImageObject\",\"inLanguage\":\"es\",\"@id\":\"https:\\\/\\\/rafaramirez.org\\\/blog\\\/index.php\\\/2025\\\/07\\\/19\\\/dia-de-iberoamerica-2025\\\/#primaryimage\",\"url\":\"https:\\\/\\\/rafaramirez.org\\\/blog\\\/wp-content\\\/uploads\\\/2025\\\/07\\\/Dia-de-Iberoamerica_2025_bannerlog.jpg\",\"contentUrl\":\"https:\\\/\\\/rafaramirez.org\\\/blog\\\/wp-content\\\/uploads\\\/2025\\\/07\\\/Dia-de-Iberoamerica_2025_bannerlog.jpg\",\"width\":720,\"height\":440,\"caption\":\"D\u00eda de Iberoam\u00e9rica 2025. Blog de Rafael Ram\u00edrez.\"},{\"@type\":\"BreadcrumbList\",\"@id\":\"https:\\\/\\\/rafaramirez.org\\\/blog\\\/index.php\\\/2025\\\/07\\\/19\\\/dia-de-iberoamerica-2025\\\/#breadcrumb\",\"itemListElement\":[{\"@type\":\"ListItem\",\"position\":1,\"name\":\"Portada\",\"item\":\"https:\\\/\\\/rafaramirez.org\\\/blog\\\/\"},{\"@type\":\"ListItem\",\"position\":2,\"name\":\"D\u00eda de Iberoam\u00e9rica 2025: Celebrando unidad y diversidad en 22 naciones.\"}]},{\"@type\":\"WebSite\",\"@id\":\"https:\\\/\\\/rafaramirez.org\\\/blog\\\/#website\",\"url\":\"https:\\\/\\\/rafaramirez.org\\\/blog\\\/\",\"name\":\"Blog de Rafael Ram\u00edrez\",\"description\":\"Un sitio social, de arte y cultura\",\"publisher\":{\"@id\":\"https:\\\/\\\/rafaramirez.org\\\/blog\\\/#\\\/schema\\\/person\\\/50f43b6d60c578760d4c17bda54ab6a5\"},\"potentialAction\":[{\"@type\":\"SearchAction\",\"target\":{\"@type\":\"EntryPoint\",\"urlTemplate\":\"https:\\\/\\\/rafaramirez.org\\\/blog\\\/?s={search_term_string}\"},\"query-input\":{\"@type\":\"PropertyValueSpecification\",\"valueRequired\":true,\"valueName\":\"search_term_string\"}}],\"inLanguage\":\"es\"},{\"@type\":[\"Person\",\"Organization\"],\"@id\":\"https:\\\/\\\/rafaramirez.org\\\/blog\\\/#\\\/schema\\\/person\\\/50f43b6d60c578760d4c17bda54ab6a5\",\"name\":\"Rafael Ram\u00edrez\",\"image\":{\"@type\":\"ImageObject\",\"inLanguage\":\"es\",\"@id\":\"https:\\\/\\\/rafaramirez.org\\\/blog\\\/wp-content\\\/uploads\\\/2024\\\/09\\\/RR_socialnetwork.jpg\",\"url\":\"https:\\\/\\\/rafaramirez.org\\\/blog\\\/wp-content\\\/uploads\\\/2024\\\/09\\\/RR_socialnetwork.jpg\",\"contentUrl\":\"https:\\\/\\\/rafaramirez.org\\\/blog\\\/wp-content\\\/uploads\\\/2024\\\/09\\\/RR_socialnetwork.jpg\",\"width\":600,\"height\":606,\"caption\":\"Rafael Ram\u00edrez\"},\"logo\":{\"@id\":\"https:\\\/\\\/rafaramirez.org\\\/blog\\\/wp-content\\\/uploads\\\/2024\\\/09\\\/RR_socialnetwork.jpg\"},\"sameAs\":[\"https:\\\/\\\/www.rafaramirez.org\\\/blog\",\"https:\\\/\\\/www.instagram.com\\\/rafaramirez_ok\\\/\",\"https:\\\/\\\/es.pinterest.com\\\/Ramirez_Rafa\\\/\",\"https:\\\/\\\/x.com\\\/rafaramirez_ok\"],\"url\":\"https:\\\/\\\/rafaramirez.org\\\/blog\\\/index.php\\\/author\\\/rafaell_qm6j97da\\\/\"}]}<\/script>\n<!-- \/ Yoast SEO plugin. -->","yoast_head_json":{"title":"D\u00eda de Iberoam\u00e9rica 2025: Celebrando unidad y diversidad en 22 naciones. - Blog de Rafael Ram\u00edrez","description":"El D\u00eda de Iberoam\u00e9rica conmemora la firma de la primera Declaraci\u00f3n de Jefes de Estado en Guadalajara (M\u00e9xico) el 19 de julio de 1991...","robots":{"index":"index","follow":"follow","max-snippet":"max-snippet:-1","max-image-preview":"max-image-preview:large","max-video-preview":"max-video-preview:-1"},"canonical":"https:\/\/rafaramirez.org\/blog\/index.php\/2025\/07\/19\/dia-de-iberoamerica-2025\/","og_locale":"es_ES","og_type":"article","og_title":"D\u00eda de Iberoam\u00e9rica 2025: Celebrando unidad y diversidad en 22 naciones. - Blog de Rafael Ram\u00edrez","og_description":"El D\u00eda de Iberoam\u00e9rica conmemora la firma de la primera Declaraci\u00f3n de Jefes de Estado en Guadalajara (M\u00e9xico) el 19 de julio de 1991...","og_url":"https:\/\/rafaramirez.org\/blog\/index.php\/2025\/07\/19\/dia-de-iberoamerica-2025\/","og_site_name":"Blog de Rafael Ram\u00edrez","article_published_time":"2025-07-19T06:00:47+00:00","og_image":[{"width":720,"height":440,"url":"https:\/\/rafaramirez.org\/blog\/wp-content\/uploads\/2025\/07\/Dia-de-Iberoamerica_2025_bannerlog.jpg","type":"image\/jpeg"}],"author":"Rafael Ram\u00edrez","twitter_card":"summary_large_image","twitter_creator":"@rafaramirez_ok","twitter_site":"@rafaramirez_ok","twitter_misc":{"Escrito por":"Rafael Ram\u00edrez","Tiempo de lectura":"4 minutos"},"schema":{"@context":"https:\/\/schema.org","@graph":[{"@type":"Article","@id":"https:\/\/rafaramirez.org\/blog\/index.php\/2025\/07\/19\/dia-de-iberoamerica-2025\/#article","isPartOf":{"@id":"https:\/\/rafaramirez.org\/blog\/index.php\/2025\/07\/19\/dia-de-iberoamerica-2025\/"},"author":{"name":"Rafael Ram\u00edrez","@id":"https:\/\/rafaramirez.org\/blog\/#\/schema\/person\/50f43b6d60c578760d4c17bda54ab6a5"},"headline":"D\u00eda de Iberoam\u00e9rica 2025: Celebrando unidad y diversidad en 22 naciones.","datePublished":"2025-07-19T06:00:47+00:00","mainEntityOfPage":{"@id":"https:\/\/rafaramirez.org\/blog\/index.php\/2025\/07\/19\/dia-de-iberoamerica-2025\/"},"wordCount":647,"commentCount":0,"publisher":{"@id":"https:\/\/rafaramirez.org\/blog\/#\/schema\/person\/50f43b6d60c578760d4c17bda54ab6a5"},"image":{"@id":"https:\/\/rafaramirez.org\/blog\/index.php\/2025\/07\/19\/dia-de-iberoamerica-2025\/#primaryimage"},"thumbnailUrl":"https:\/\/rafaramirez.org\/blog\/wp-content\/uploads\/2025\/07\/Dia-de-Iberoamerica_2025_bannerlog.jpg","keywords":["19 de julio","1991","2020","2025","afinidades hist\u00f3ricas y culturales","blog de Rafael Ram\u00edrez","Comunidad Iberoamericana de Naciones","cooperaci\u00f3n","cultura com\u00fan","declaraci\u00f3n de jefes de Estado","D\u00eda de Iberoam\u00e9rica","di\u00e1logo","efem\u00e9rides","Guadalajara","Historia","lenguas","M\u00e9xico","pa\u00edses iberoamericanos","Primera Cumbre Iberoamericana","primera declaraci\u00f3n de jefes\/as de Estado","solidaridad","unidad\u00a0y el\u00a0desarrollo"],"articleSection":["Efem\u00e9rides"],"inLanguage":"es","potentialAction":[{"@type":"CommentAction","name":"Comment","target":["https:\/\/rafaramirez.org\/blog\/index.php\/2025\/07\/19\/dia-de-iberoamerica-2025\/#respond"]}]},{"@type":"WebPage","@id":"https:\/\/rafaramirez.org\/blog\/index.php\/2025\/07\/19\/dia-de-iberoamerica-2025\/","url":"https:\/\/rafaramirez.org\/blog\/index.php\/2025\/07\/19\/dia-de-iberoamerica-2025\/","name":"D\u00eda de Iberoam\u00e9rica 2025: Celebrando unidad y diversidad en 22 naciones. - Blog de Rafael Ram\u00edrez","isPartOf":{"@id":"https:\/\/rafaramirez.org\/blog\/#website"},"primaryImageOfPage":{"@id":"https:\/\/rafaramirez.org\/blog\/index.php\/2025\/07\/19\/dia-de-iberoamerica-2025\/#primaryimage"},"image":{"@id":"https:\/\/rafaramirez.org\/blog\/index.php\/2025\/07\/19\/dia-de-iberoamerica-2025\/#primaryimage"},"thumbnailUrl":"https:\/\/rafaramirez.org\/blog\/wp-content\/uploads\/2025\/07\/Dia-de-Iberoamerica_2025_bannerlog.jpg","datePublished":"2025-07-19T06:00:47+00:00","description":"El D\u00eda de Iberoam\u00e9rica conmemora la firma de la primera Declaraci\u00f3n de Jefes de Estado en Guadalajara (M\u00e9xico) el 19 de julio de 1991...","breadcrumb":{"@id":"https:\/\/rafaramirez.org\/blog\/index.php\/2025\/07\/19\/dia-de-iberoamerica-2025\/#breadcrumb"},"inLanguage":"es","potentialAction":[{"@type":"ReadAction","target":["https:\/\/rafaramirez.org\/blog\/index.php\/2025\/07\/19\/dia-de-iberoamerica-2025\/"]}]},{"@type":"ImageObject","inLanguage":"es","@id":"https:\/\/rafaramirez.org\/blog\/index.php\/2025\/07\/19\/dia-de-iberoamerica-2025\/#primaryimage","url":"https:\/\/rafaramirez.org\/blog\/wp-content\/uploads\/2025\/07\/Dia-de-Iberoamerica_2025_bannerlog.jpg","contentUrl":"https:\/\/rafaramirez.org\/blog\/wp-content\/uploads\/2025\/07\/Dia-de-Iberoamerica_2025_bannerlog.jpg","width":720,"height":440,"caption":"D\u00eda de Iberoam\u00e9rica 2025. Blog de Rafael Ram\u00edrez."},{"@type":"BreadcrumbList","@id":"https:\/\/rafaramirez.org\/blog\/index.php\/2025\/07\/19\/dia-de-iberoamerica-2025\/#breadcrumb","itemListElement":[{"@type":"ListItem","position":1,"name":"Portada","item":"https:\/\/rafaramirez.org\/blog\/"},{"@type":"ListItem","position":2,"name":"D\u00eda de Iberoam\u00e9rica 2025: Celebrando unidad y diversidad en 22 naciones."}]},{"@type":"WebSite","@id":"https:\/\/rafaramirez.org\/blog\/#website","url":"https:\/\/rafaramirez.org\/blog\/","name":"Blog de Rafael Ram\u00edrez","description":"Un sitio social, de arte y cultura","publisher":{"@id":"https:\/\/rafaramirez.org\/blog\/#\/schema\/person\/50f43b6d60c578760d4c17bda54ab6a5"},"potentialAction":[{"@type":"SearchAction","target":{"@type":"EntryPoint","urlTemplate":"https:\/\/rafaramirez.org\/blog\/?s={search_term_string}"},"query-input":{"@type":"PropertyValueSpecification","valueRequired":true,"valueName":"search_term_string"}}],"inLanguage":"es"},{"@type":["Person","Organization"],"@id":"https:\/\/rafaramirez.org\/blog\/#\/schema\/person\/50f43b6d60c578760d4c17bda54ab6a5","name":"Rafael Ram\u00edrez","image":{"@type":"ImageObject","inLanguage":"es","@id":"https:\/\/rafaramirez.org\/blog\/wp-content\/uploads\/2024\/09\/RR_socialnetwork.jpg","url":"https:\/\/rafaramirez.org\/blog\/wp-content\/uploads\/2024\/09\/RR_socialnetwork.jpg","contentUrl":"https:\/\/rafaramirez.org\/blog\/wp-content\/uploads\/2024\/09\/RR_socialnetwork.jpg","width":600,"height":606,"caption":"Rafael Ram\u00edrez"},"logo":{"@id":"https:\/\/rafaramirez.org\/blog\/wp-content\/uploads\/2024\/09\/RR_socialnetwork.jpg"},"sameAs":["https:\/\/www.rafaramirez.org\/blog","https:\/\/www.instagram.com\/rafaramirez_ok\/","https:\/\/es.pinterest.com\/Ramirez_Rafa\/","https:\/\/x.com\/rafaramirez_ok"],"url":"https:\/\/rafaramirez.org\/blog\/index.php\/author\/rafaell_qm6j97da\/"}]}},"jetpack_publicize_connections":[],"jetpack_sharing_enabled":true,"jetpack_likes_enabled":true,"jetpack_featured_media_url":"https:\/\/rafaramirez.org\/blog\/wp-content\/uploads\/2025\/07\/Dia-de-Iberoamerica_2025_bannerlog.jpg","_links":{"self":[{"href":"https:\/\/rafaramirez.org\/blog\/index.php\/wp-json\/wp\/v2\/posts\/9835","targetHints":{"allow":["GET"]}}],"collection":[{"href":"https:\/\/rafaramirez.org\/blog\/index.php\/wp-json\/wp\/v2\/posts"}],"about":[{"href":"https:\/\/rafaramirez.org\/blog\/index.php\/wp-json\/wp\/v2\/types\/post"}],"author":[{"embeddable":true,"href":"https:\/\/rafaramirez.org\/blog\/index.php\/wp-json\/wp\/v2\/users\/1"}],"replies":[{"embeddable":true,"href":"https:\/\/rafaramirez.org\/blog\/index.php\/wp-json\/wp\/v2\/comments?post=9835"}],"version-history":[{"count":3,"href":"https:\/\/rafaramirez.org\/blog\/index.php\/wp-json\/wp\/v2\/posts\/9835\/revisions"}],"predecessor-version":[{"id":9840,"href":"https:\/\/rafaramirez.org\/blog\/index.php\/wp-json\/wp\/v2\/posts\/9835\/revisions\/9840"}],"wp:featuredmedia":[{"embeddable":true,"href":"https:\/\/rafaramirez.org\/blog\/index.php\/wp-json\/wp\/v2\/media\/9838"}],"wp:attachment":[{"href":"https:\/\/rafaramirez.org\/blog\/index.php\/wp-json\/wp\/v2\/media?parent=9835"}],"wp:term":[{"taxonomy":"category","embeddable":true,"href":"https:\/\/rafaramirez.org\/blog\/index.php\/wp-json\/wp\/v2\/categories?post=9835"},{"taxonomy":"post_tag","embeddable":true,"href":"https:\/\/rafaramirez.org\/blog\/index.php\/wp-json\/wp\/v2\/tags?post=9835"}],"curies":[{"name":"wp","href":"https:\/\/api.w.org\/{rel}","templated":true}]}}