{"id":9825,"date":"2025-07-18T08:00:20","date_gmt":"2025-07-18T06:00:20","guid":{"rendered":"https:\/\/rafaramirez.org\/blog\/?p=9825"},"modified":"2025-07-08T13:00:10","modified_gmt":"2025-07-08T11:00:10","slug":"desempleo-y-precariedad-laboral-en-espana","status":"publish","type":"post","link":"https:\/\/rafaramirez.org\/blog\/index.php\/2025\/07\/18\/desempleo-y-precariedad-laboral-en-espana\/","title":{"rendered":"Desempleo y precariedad: el binomio que desaf\u00eda al mercado de trabajo en Espa\u00f1a."},"content":{"rendered":"<h3>Contexto econ\u00f3mico y laboral.<\/h3>\n<p>El mercado laboral espa\u00f1ol combina una tasa de desempleo a\u00fan elevada con un alto grado de temporalidad. Aunque el paro registrado se ha reducido en los \u00faltimos meses, Espa\u00f1a sigue superando con creces la media de la Uni\u00f3n Europea y la OCDE en desempleo y contratos precarios. Esta dualidad entre la creaci\u00f3n de empleo y la persistencia de empleos inestables genera un grave problema social y econ\u00f3mico.<\/p>\n<h3>Indicadores clave.<\/h3>\n<div>\n<div>\n<table style=\"height: 275px;\" width=\"1420\">\n<thead>\n<tr>\n<th>Indicador<\/th>\n<th>Valor<\/th>\n<th>Fuente<\/th>\n<\/tr>\n<\/thead>\n<tbody>\n<tr>\n<td>Paro registrado (dic 2024)<\/td>\n<td>2 560 718 personas<\/td>\n<td>Observatorio del Mercado Laboral<\/td>\n<\/tr>\n<tr>\n<td>Paro total estimado*<\/td>\n<td>3 095 481 personas<\/td>\n<td>Observatorio del Mercado Laboral<\/td>\n<\/tr>\n<tr>\n<td>Contratos indefinidos (abr 2025)<\/td>\n<td>41,59 % de los contratos<\/td>\n<td>El Progresivo<\/td>\n<\/tr>\n<tr>\n<td>Contratos temporales (abr 2025)<\/td>\n<td>58,41 % de los contratos<\/td>\n<td>El Progresivo<\/td>\n<\/tr>\n<tr>\n<td>Afiliados a la Seguridad Social (may 2025)<\/td>\n<td>21 784 375 cotizantes<\/td>\n<td>El Progresivo<\/td>\n<\/tr>\n<\/tbody>\n<\/table>\n<\/div>\n<div class=\"pointer-events-none absolute inset-0 rounded-lg border border-stroke-300 dark:border-stroke-250\"><\/div>\n<\/div>\n<p>*Incluye demandantes con \u201cdisponibilidad limitada\u201d o en formaci\u00f3n.<\/p>\n<figure id=\"attachment_9831\" aria-describedby=\"caption-attachment-9831\" style=\"width: 300px\" class=\"wp-caption aligncenter\"><a href=\"https:\/\/rafaramirez.org\/blog\/wp-content\/uploads\/2025\/07\/working-791849.jpg\" target=\"_blank\" rel=\"noopener\"><img loading=\"lazy\" decoding=\"async\" class=\"wp-image-9831 size-medium\" src=\"https:\/\/rafaramirez.org\/blog\/wp-content\/uploads\/2025\/07\/working-791849-300x200.jpg\" alt=\"Desempleo y precariedad. Informe social. Blog de Rafael Ram\u00edrez.\" width=\"300\" height=\"200\" srcset=\"https:\/\/rafaramirez.org\/blog\/wp-content\/uploads\/2025\/07\/working-791849-300x200.jpg 300w, https:\/\/rafaramirez.org\/blog\/wp-content\/uploads\/2025\/07\/working-791849-768x512.jpg 768w, https:\/\/rafaramirez.org\/blog\/wp-content\/uploads\/2025\/07\/working-791849.jpg 1000w\" sizes=\"auto, (max-width: 300px) 100vw, 300px\" \/><\/a><figcaption id=\"caption-attachment-9831\" class=\"wp-caption-text\">Desempleo y precariedad. Informe social. Blog de Rafael Ram\u00edrez.<\/figcaption><\/figure>\n<h4>Dimensi\u00f3n de la precariedad.<\/h4>\n<p>En marzo de 2025, el 56 % de los contratos fueron temporales y seis de cada diez contratos firmados por mujeres fueron eventuales.<\/p>\n<p>Han crecido los contratos a tiempo parcial y los fijos discontinuos, lo que reduce la jornada pero mantiene la inestabilidad laboral.<\/p>\n<p>La sobrecualificaci\u00f3n afecta a m\u00e1s del 35 % de las personas con estudios superiores, que se ven obligadas a desempe\u00f1ar puestos por debajo de su nivel formativo.<\/p>\n<h3>Consecuencias sociales.<\/h3>\n<p>La combinaci\u00f3n de desempleo y empleos precarios incide directamente en:<\/p>\n<ul>\n<li>Vivienda: dificultad para acceder a hipotecas o alquileres estables.<\/li>\n<li>Fertilidad y familia: posponer la maternidad y la compra de una vivienda por la falta de estabilidad econ\u00f3mica.<\/li>\n<li>Bienestar mental: aumento de la ansiedad, la frustraci\u00f3n y el riesgo de exclusi\u00f3n social.<\/li>\n<\/ul>\n<h3>Respuestas y retos pol\u00edticos.<\/h3>\n<ol start=\"1\">\n<li>Pol\u00edticas activas de empleo.\n<ul>\n<li>Refuerzo de la formaci\u00f3n profesional dual para ajustar competencias y demanda empresarial.<\/li>\n<li>Programas de reciclaje y recualificaci\u00f3n para trabajadores en riesgo de obsolescencia.<\/li>\n<\/ul>\n<\/li>\n<li>Incentivos a la contrataci\u00f3n indefinida.\n<ul>\n<li>Bonificaciones a la Seguridad Social para las pymes que conviertan contratos temporales en fijos.<\/li>\n<li>Penalizaciones crecientes por temporalidad abusiva.<\/li>\n<\/ul>\n<\/li>\n<li>Mejora de la conciliaci\u00f3n y la igualdad.\n<ul>\n<li>Extensi\u00f3n de los permisos de paternidad y maternidad, y medidas de corresponsabilidad.<\/li>\n<li>Combate de la brecha de g\u00e9nero, ya que la temporalidad afecta especialmente a las mujeres.<\/li>\n<\/ul>\n<\/li>\n<\/ol>\n<figure id=\"attachment_9832\" aria-describedby=\"caption-attachment-9832\" style=\"width: 300px\" class=\"wp-caption aligncenter\"><a href=\"https:\/\/rafaramirez.org\/blog\/wp-content\/uploads\/2025\/07\/computer-8499930.jpg\" target=\"_blank\" rel=\"noopener\"><img loading=\"lazy\" decoding=\"async\" class=\"wp-image-9832 size-medium\" src=\"https:\/\/rafaramirez.org\/blog\/wp-content\/uploads\/2025\/07\/computer-8499930-300x200.jpg\" alt=\"Desempleo y precariedad. Informe social. Blog de Rafael Ram\u00edrez.\" width=\"300\" height=\"200\" srcset=\"https:\/\/rafaramirez.org\/blog\/wp-content\/uploads\/2025\/07\/computer-8499930-300x200.jpg 300w, https:\/\/rafaramirez.org\/blog\/wp-content\/uploads\/2025\/07\/computer-8499930-768x512.jpg 768w, https:\/\/rafaramirez.org\/blog\/wp-content\/uploads\/2025\/07\/computer-8499930.jpg 1000w\" sizes=\"auto, (max-width: 300px) 100vw, 300px\" \/><\/a><figcaption id=\"caption-attachment-9832\" class=\"wp-caption-text\">Desempleo y precariedad. Informe social. Blog de Rafael Ram\u00edrez.<\/figcaption><\/figure>\n<h3>Perspectivas de futuro.<\/h3>\n<p>Para reducir de manera sostenible desempleo y precariedad, Espa\u00f1a necesita:<\/p>\n<ul>\n<li>Un pacto de Estado que coordine a las administraciones, empresas y sindicatos.<\/li>\n<li>Un sistema de flexiseguridad adaptado al tejido productivo nacional.<\/li>\n<li>Un sistema educativo y de formaci\u00f3n profesional \u00e1gil y centrado en las necesidades reales del mercado.<\/li>\n<\/ul>\n<p>Solo mediante un enfoque integral que combine estabilidad laboral, formaci\u00f3n continua y pol\u00edticas de igualdad podr\u00e1 Espa\u00f1a transformar su mercado de trabajo en un espacio m\u00e1s justo y productivo.<\/p>\n<p>M\u00e1s informaci\u00f3n:<\/p>\n<ul>\n<li><a href=\"https:\/\/www.ceoe.es\/sites\/ceoe-corporativo\/files\/content\/file\/2025\/01\/03\/110\/observatorio_mercado_laboral_2025_01.pdf\" target=\"_blank\" rel=\"noopener\">Observatorio del mercado laboral &#8211; Enero 2025<\/a>.<\/li>\n<li><a href=\"https:\/\/elprogresivo.com\/2025\/06\/03\/el-mercado-laboral-espanol-desafios-y-realidades-en-2025\/\" target=\"_blank\" rel=\"noopener\">El Mercado Laboral Espa\u00f1ol: Desaf\u00edos y Realidades en 2025 \u2013 Elprogresivo<\/a>.<\/li>\n<li><a href=\"https:\/\/www.rrhhdigital.com\/secciones\/actualidad\/764947\/la-paradoja-del-mercado-laboral-en-2025-creacion-de-empleo-y-vacantes-sin-cubrir\/\" target=\"_blank\" rel=\"noopener\">La paradoja del mercado laboral en 2025: creaci\u00f3n de empleo y vacantes sin cubrir<\/a>.<\/li>\n<li><a href=\"https:\/\/rafaramirez.org\/blog\/index.php\/category\/noticias-sociales\/\" target=\"_blank\" rel=\"noopener\">Otros informes sociales<\/a>.<\/li>\n<\/ul>\n","protected":false},"excerpt":{"rendered":"<p>Contexto econ\u00f3mico y laboral. El mercado laboral espa\u00f1ol combina una tasa de desempleo a\u00fan elevada con un alto grado de temporalidad. Aunque el paro registrado se ha reducido en los \u00faltimos meses, Espa\u00f1a sigue superando con creces la media de la Uni\u00f3n Europea y la OCDE en desempleo y contratos precarios. Esta dualidad entre la [&hellip;]<\/p>\n","protected":false},"author":3,"featured_media":9830,"comment_status":"open","ping_status":"closed","sticky":false,"template":"","format":"standard","meta":{"site-container-style":"default","site-container-layout":"default","site-sidebar-layout":"default","disable-article-header":"default","disable-site-header":"default","disable-site-footer":"default","disable-content-area-spacing":"default","_jetpack_newsletter_access":"","_jetpack_dont_email_post_to_subs":false,"_jetpack_newsletter_tier_id":0,"_jetpack_memberships_contains_paywalled_content":false,"_jetpack_feature_clip_id":0,"_jetpack_memberships_contains_paid_content":false,"footnotes":"","jetpack_publicize_message":"","jetpack_publicize_feature_enabled":true,"jetpack_social_post_already_shared":true,"jetpack_social_options":{"image_generator_settings":{"template":"highway","default_image_id":0,"font":"","enabled":false},"version":2},"jetpack_post_was_ever_published":false},"categories":[15],"tags":[4395,4396,3517],"class_list":["post-9825","post","type-post","status-publish","format-standard","has-post-thumbnail","hentry","category-noticias-sociales","tag-desempleo-y-precariedad-laboral","tag-el-desempleo-en-espana","tag-informe-social"],"yoast_head":"<!-- This site is optimized with the Yoast SEO plugin v28.4 - https:\/\/yoast.com\/product\/yoast-seo-wordpress\/ -->\n<title>Desempleo y precariedad: el binomio que desaf\u00eda al mercado de trabajo en Espa\u00f1a. - Blog de Rafael Ram\u00edrez<\/title>\n<meta name=\"description\" content=\"El mercado laboral espa\u00f1ol combina una tasa de desempleo a\u00fan elevada con un alto grado de temporalidad. Aunque el paro registrado...\" \/>\n<meta name=\"robots\" content=\"index, follow, max-snippet:-1, max-image-preview:large, max-video-preview:-1\" \/>\n<link rel=\"canonical\" href=\"https:\/\/rafaramirez.org\/blog\/index.php\/2025\/07\/18\/desempleo-y-precariedad-laboral-en-espana\/\" \/>\n<meta property=\"og:locale\" content=\"es_ES\" \/>\n<meta property=\"og:type\" content=\"article\" \/>\n<meta property=\"og:title\" content=\"Desempleo y precariedad: el binomio que desaf\u00eda al mercado de trabajo en Espa\u00f1a. - Blog de Rafael Ram\u00edrez\" \/>\n<meta property=\"og:description\" content=\"El mercado laboral espa\u00f1ol combina una tasa de desempleo a\u00fan elevada con un alto grado de temporalidad. Aunque el paro registrado...\" \/>\n<meta property=\"og:url\" content=\"https:\/\/rafaramirez.org\/blog\/index.php\/2025\/07\/18\/desempleo-y-precariedad-laboral-en-espana\/\" \/>\n<meta property=\"og:site_name\" content=\"Blog de Rafael Ram\u00edrez\" \/>\n<meta property=\"article:published_time\" content=\"2025-07-18T06:00:20+00:00\" \/>\n<meta property=\"og:image\" content=\"https:\/\/rafaramirez.org\/blog\/wp-content\/uploads\/2025\/07\/Desempleo-y-precariedad_bannerlog.jpg\" \/>\n\t<meta property=\"og:image:width\" content=\"720\" \/>\n\t<meta property=\"og:image:height\" content=\"440\" \/>\n\t<meta property=\"og:image:type\" content=\"image\/jpeg\" \/>\n<meta name=\"author\" content=\"Documentaci\u00f3n e investigaci\u00f3n\" \/>\n<meta name=\"twitter:card\" content=\"summary_large_image\" \/>\n<meta name=\"twitter:site\" content=\"@rafaramirez_ok\" \/>\n<meta name=\"twitter:label1\" content=\"Escrito por\" \/>\n\t<meta name=\"twitter:data1\" content=\"Documentaci\u00f3n e investigaci\u00f3n\" \/>\n\t<meta name=\"twitter:label2\" content=\"Tiempo de lectura\" \/>\n\t<meta name=\"twitter:data2\" content=\"3 minutos\" \/>\n<script type=\"application\/ld+json\" class=\"yoast-schema-graph\">{\"@context\":\"https:\\\/\\\/schema.org\",\"@graph\":[{\"@type\":\"Article\",\"@id\":\"https:\\\/\\\/rafaramirez.org\\\/blog\\\/index.php\\\/2025\\\/07\\\/18\\\/desempleo-y-precariedad-laboral-en-espana\\\/#article\",\"isPartOf\":{\"@id\":\"https:\\\/\\\/rafaramirez.org\\\/blog\\\/index.php\\\/2025\\\/07\\\/18\\\/desempleo-y-precariedad-laboral-en-espana\\\/\"},\"author\":{\"name\":\"Documentaci\u00f3n e investigaci\u00f3n\",\"@id\":\"https:\\\/\\\/rafaramirez.org\\\/blog\\\/#\\\/schema\\\/person\\\/8debd05b3d9a1d16fb21af726811617d\"},\"headline\":\"Desempleo y precariedad: el binomio que desaf\u00eda al mercado de trabajo en Espa\u00f1a.\",\"datePublished\":\"2025-07-18T06:00:20+00:00\",\"mainEntityOfPage\":{\"@id\":\"https:\\\/\\\/rafaramirez.org\\\/blog\\\/index.php\\\/2025\\\/07\\\/18\\\/desempleo-y-precariedad-laboral-en-espana\\\/\"},\"wordCount\":533,\"commentCount\":0,\"publisher\":{\"@id\":\"https:\\\/\\\/rafaramirez.org\\\/blog\\\/#\\\/schema\\\/person\\\/50f43b6d60c578760d4c17bda54ab6a5\"},\"image\":{\"@id\":\"https:\\\/\\\/rafaramirez.org\\\/blog\\\/index.php\\\/2025\\\/07\\\/18\\\/desempleo-y-precariedad-laboral-en-espana\\\/#primaryimage\"},\"thumbnailUrl\":\"https:\\\/\\\/rafaramirez.org\\\/blog\\\/wp-content\\\/uploads\\\/2025\\\/07\\\/Desempleo-y-precariedad_bannerlog.jpg\",\"keywords\":[\"desempleo y precariedad laboral\",\"el desempleo en Espa\u00f1a\",\"informe social\"],\"articleSection\":[\"Informe social\"],\"inLanguage\":\"es\",\"potentialAction\":[{\"@type\":\"CommentAction\",\"name\":\"Comment\",\"target\":[\"https:\\\/\\\/rafaramirez.org\\\/blog\\\/index.php\\\/2025\\\/07\\\/18\\\/desempleo-y-precariedad-laboral-en-espana\\\/#respond\"]}]},{\"@type\":\"WebPage\",\"@id\":\"https:\\\/\\\/rafaramirez.org\\\/blog\\\/index.php\\\/2025\\\/07\\\/18\\\/desempleo-y-precariedad-laboral-en-espana\\\/\",\"url\":\"https:\\\/\\\/rafaramirez.org\\\/blog\\\/index.php\\\/2025\\\/07\\\/18\\\/desempleo-y-precariedad-laboral-en-espana\\\/\",\"name\":\"Desempleo y precariedad: el binomio que desaf\u00eda al mercado de trabajo en Espa\u00f1a. - Blog de Rafael Ram\u00edrez\",\"isPartOf\":{\"@id\":\"https:\\\/\\\/rafaramirez.org\\\/blog\\\/#website\"},\"primaryImageOfPage\":{\"@id\":\"https:\\\/\\\/rafaramirez.org\\\/blog\\\/index.php\\\/2025\\\/07\\\/18\\\/desempleo-y-precariedad-laboral-en-espana\\\/#primaryimage\"},\"image\":{\"@id\":\"https:\\\/\\\/rafaramirez.org\\\/blog\\\/index.php\\\/2025\\\/07\\\/18\\\/desempleo-y-precariedad-laboral-en-espana\\\/#primaryimage\"},\"thumbnailUrl\":\"https:\\\/\\\/rafaramirez.org\\\/blog\\\/wp-content\\\/uploads\\\/2025\\\/07\\\/Desempleo-y-precariedad_bannerlog.jpg\",\"datePublished\":\"2025-07-18T06:00:20+00:00\",\"description\":\"El mercado laboral espa\u00f1ol combina una tasa de desempleo a\u00fan elevada con un alto grado de temporalidad. Aunque el paro registrado...\",\"breadcrumb\":{\"@id\":\"https:\\\/\\\/rafaramirez.org\\\/blog\\\/index.php\\\/2025\\\/07\\\/18\\\/desempleo-y-precariedad-laboral-en-espana\\\/#breadcrumb\"},\"inLanguage\":\"es\",\"potentialAction\":[{\"@type\":\"ReadAction\",\"target\":[\"https:\\\/\\\/rafaramirez.org\\\/blog\\\/index.php\\\/2025\\\/07\\\/18\\\/desempleo-y-precariedad-laboral-en-espana\\\/\"]}]},{\"@type\":\"ImageObject\",\"inLanguage\":\"es\",\"@id\":\"https:\\\/\\\/rafaramirez.org\\\/blog\\\/index.php\\\/2025\\\/07\\\/18\\\/desempleo-y-precariedad-laboral-en-espana\\\/#primaryimage\",\"url\":\"https:\\\/\\\/rafaramirez.org\\\/blog\\\/wp-content\\\/uploads\\\/2025\\\/07\\\/Desempleo-y-precariedad_bannerlog.jpg\",\"contentUrl\":\"https:\\\/\\\/rafaramirez.org\\\/blog\\\/wp-content\\\/uploads\\\/2025\\\/07\\\/Desempleo-y-precariedad_bannerlog.jpg\",\"width\":720,\"height\":440,\"caption\":\"Desempleo y precariedad. Informe social. Blog de Rafael Ram\u00edrez.\"},{\"@type\":\"BreadcrumbList\",\"@id\":\"https:\\\/\\\/rafaramirez.org\\\/blog\\\/index.php\\\/2025\\\/07\\\/18\\\/desempleo-y-precariedad-laboral-en-espana\\\/#breadcrumb\",\"itemListElement\":[{\"@type\":\"ListItem\",\"position\":1,\"name\":\"Portada\",\"item\":\"https:\\\/\\\/rafaramirez.org\\\/blog\\\/\"},{\"@type\":\"ListItem\",\"position\":2,\"name\":\"Desempleo y precariedad: el binomio que desaf\u00eda al mercado de trabajo en Espa\u00f1a.\"}]},{\"@type\":\"WebSite\",\"@id\":\"https:\\\/\\\/rafaramirez.org\\\/blog\\\/#website\",\"url\":\"https:\\\/\\\/rafaramirez.org\\\/blog\\\/\",\"name\":\"Blog de Rafael Ram\u00edrez\",\"description\":\"Un sitio social, de arte y cultura\",\"publisher\":{\"@id\":\"https:\\\/\\\/rafaramirez.org\\\/blog\\\/#\\\/schema\\\/person\\\/50f43b6d60c578760d4c17bda54ab6a5\"},\"potentialAction\":[{\"@type\":\"SearchAction\",\"target\":{\"@type\":\"EntryPoint\",\"urlTemplate\":\"https:\\\/\\\/rafaramirez.org\\\/blog\\\/?s={search_term_string}\"},\"query-input\":{\"@type\":\"PropertyValueSpecification\",\"valueRequired\":true,\"valueName\":\"search_term_string\"}}],\"inLanguage\":\"es\"},{\"@type\":[\"Person\",\"Organization\"],\"@id\":\"https:\\\/\\\/rafaramirez.org\\\/blog\\\/#\\\/schema\\\/person\\\/50f43b6d60c578760d4c17bda54ab6a5\",\"name\":\"Rafael Ram\u00edrez\",\"image\":{\"@type\":\"ImageObject\",\"inLanguage\":\"es\",\"@id\":\"https:\\\/\\\/rafaramirez.org\\\/blog\\\/wp-content\\\/uploads\\\/2024\\\/09\\\/RR_socialnetwork.jpg\",\"url\":\"https:\\\/\\\/rafaramirez.org\\\/blog\\\/wp-content\\\/uploads\\\/2024\\\/09\\\/RR_socialnetwork.jpg\",\"contentUrl\":\"https:\\\/\\\/rafaramirez.org\\\/blog\\\/wp-content\\\/uploads\\\/2024\\\/09\\\/RR_socialnetwork.jpg\",\"width\":600,\"height\":606,\"caption\":\"Rafael Ram\u00edrez\"},\"logo\":{\"@id\":\"https:\\\/\\\/rafaramirez.org\\\/blog\\\/wp-content\\\/uploads\\\/2024\\\/09\\\/RR_socialnetwork.jpg\"},\"sameAs\":[\"https:\\\/\\\/www.rafaramirez.org\\\/blog\",\"https:\\\/\\\/www.instagram.com\\\/rafaramirez_ok\\\/\",\"https:\\\/\\\/es.pinterest.com\\\/Ramirez_Rafa\\\/\",\"https:\\\/\\\/x.com\\\/rafaramirez_ok\"]},{\"@type\":\"Person\",\"@id\":\"https:\\\/\\\/rafaramirez.org\\\/blog\\\/#\\\/schema\\\/person\\\/8debd05b3d9a1d16fb21af726811617d\",\"name\":\"Documentaci\u00f3n e investigaci\u00f3n\",\"image\":{\"@type\":\"ImageObject\",\"inLanguage\":\"es\",\"@id\":\"https:\\\/\\\/secure.gravatar.com\\\/avatar\\\/fe70e496579a39c7a8fc4982b89275403b1092eb200623138a32daada9416911?s=96&d=mm&r=g\",\"url\":\"https:\\\/\\\/secure.gravatar.com\\\/avatar\\\/fe70e496579a39c7a8fc4982b89275403b1092eb200623138a32daada9416911?s=96&d=mm&r=g\",\"contentUrl\":\"https:\\\/\\\/secure.gravatar.com\\\/avatar\\\/fe70e496579a39c7a8fc4982b89275403b1092eb200623138a32daada9416911?s=96&d=mm&r=g\",\"caption\":\"Documentaci\u00f3n e investigaci\u00f3n\"},\"url\":\"https:\\\/\\\/rafaramirez.org\\\/blog\\\/index.php\\\/author\\\/admin\\\/\"}]}<\/script>\n<!-- \/ Yoast SEO plugin. -->","yoast_head_json":{"title":"Desempleo y precariedad: el binomio que desaf\u00eda al mercado de trabajo en Espa\u00f1a. - Blog de Rafael Ram\u00edrez","description":"El mercado laboral espa\u00f1ol combina una tasa de desempleo a\u00fan elevada con un alto grado de temporalidad. Aunque el paro registrado...","robots":{"index":"index","follow":"follow","max-snippet":"max-snippet:-1","max-image-preview":"max-image-preview:large","max-video-preview":"max-video-preview:-1"},"canonical":"https:\/\/rafaramirez.org\/blog\/index.php\/2025\/07\/18\/desempleo-y-precariedad-laboral-en-espana\/","og_locale":"es_ES","og_type":"article","og_title":"Desempleo y precariedad: el binomio que desaf\u00eda al mercado de trabajo en Espa\u00f1a. - Blog de Rafael Ram\u00edrez","og_description":"El mercado laboral espa\u00f1ol combina una tasa de desempleo a\u00fan elevada con un alto grado de temporalidad. Aunque el paro registrado...","og_url":"https:\/\/rafaramirez.org\/blog\/index.php\/2025\/07\/18\/desempleo-y-precariedad-laboral-en-espana\/","og_site_name":"Blog de Rafael Ram\u00edrez","article_published_time":"2025-07-18T06:00:20+00:00","og_image":[{"width":720,"height":440,"url":"https:\/\/rafaramirez.org\/blog\/wp-content\/uploads\/2025\/07\/Desempleo-y-precariedad_bannerlog.jpg","type":"image\/jpeg"}],"author":"Documentaci\u00f3n e investigaci\u00f3n","twitter_card":"summary_large_image","twitter_site":"@rafaramirez_ok","twitter_misc":{"Escrito por":"Documentaci\u00f3n e investigaci\u00f3n","Tiempo de lectura":"3 minutos"},"schema":{"@context":"https:\/\/schema.org","@graph":[{"@type":"Article","@id":"https:\/\/rafaramirez.org\/blog\/index.php\/2025\/07\/18\/desempleo-y-precariedad-laboral-en-espana\/#article","isPartOf":{"@id":"https:\/\/rafaramirez.org\/blog\/index.php\/2025\/07\/18\/desempleo-y-precariedad-laboral-en-espana\/"},"author":{"name":"Documentaci\u00f3n e investigaci\u00f3n","@id":"https:\/\/rafaramirez.org\/blog\/#\/schema\/person\/8debd05b3d9a1d16fb21af726811617d"},"headline":"Desempleo y precariedad: el binomio que desaf\u00eda al mercado de trabajo en Espa\u00f1a.","datePublished":"2025-07-18T06:00:20+00:00","mainEntityOfPage":{"@id":"https:\/\/rafaramirez.org\/blog\/index.php\/2025\/07\/18\/desempleo-y-precariedad-laboral-en-espana\/"},"wordCount":533,"commentCount":0,"publisher":{"@id":"https:\/\/rafaramirez.org\/blog\/#\/schema\/person\/50f43b6d60c578760d4c17bda54ab6a5"},"image":{"@id":"https:\/\/rafaramirez.org\/blog\/index.php\/2025\/07\/18\/desempleo-y-precariedad-laboral-en-espana\/#primaryimage"},"thumbnailUrl":"https:\/\/rafaramirez.org\/blog\/wp-content\/uploads\/2025\/07\/Desempleo-y-precariedad_bannerlog.jpg","keywords":["desempleo y precariedad laboral","el desempleo en Espa\u00f1a","informe social"],"articleSection":["Informe social"],"inLanguage":"es","potentialAction":[{"@type":"CommentAction","name":"Comment","target":["https:\/\/rafaramirez.org\/blog\/index.php\/2025\/07\/18\/desempleo-y-precariedad-laboral-en-espana\/#respond"]}]},{"@type":"WebPage","@id":"https:\/\/rafaramirez.org\/blog\/index.php\/2025\/07\/18\/desempleo-y-precariedad-laboral-en-espana\/","url":"https:\/\/rafaramirez.org\/blog\/index.php\/2025\/07\/18\/desempleo-y-precariedad-laboral-en-espana\/","name":"Desempleo y precariedad: el binomio que desaf\u00eda al mercado de trabajo en Espa\u00f1a. - Blog de Rafael Ram\u00edrez","isPartOf":{"@id":"https:\/\/rafaramirez.org\/blog\/#website"},"primaryImageOfPage":{"@id":"https:\/\/rafaramirez.org\/blog\/index.php\/2025\/07\/18\/desempleo-y-precariedad-laboral-en-espana\/#primaryimage"},"image":{"@id":"https:\/\/rafaramirez.org\/blog\/index.php\/2025\/07\/18\/desempleo-y-precariedad-laboral-en-espana\/#primaryimage"},"thumbnailUrl":"https:\/\/rafaramirez.org\/blog\/wp-content\/uploads\/2025\/07\/Desempleo-y-precariedad_bannerlog.jpg","datePublished":"2025-07-18T06:00:20+00:00","description":"El mercado laboral espa\u00f1ol combina una tasa de desempleo a\u00fan elevada con un alto grado de temporalidad. Aunque el paro registrado...","breadcrumb":{"@id":"https:\/\/rafaramirez.org\/blog\/index.php\/2025\/07\/18\/desempleo-y-precariedad-laboral-en-espana\/#breadcrumb"},"inLanguage":"es","potentialAction":[{"@type":"ReadAction","target":["https:\/\/rafaramirez.org\/blog\/index.php\/2025\/07\/18\/desempleo-y-precariedad-laboral-en-espana\/"]}]},{"@type":"ImageObject","inLanguage":"es","@id":"https:\/\/rafaramirez.org\/blog\/index.php\/2025\/07\/18\/desempleo-y-precariedad-laboral-en-espana\/#primaryimage","url":"https:\/\/rafaramirez.org\/blog\/wp-content\/uploads\/2025\/07\/Desempleo-y-precariedad_bannerlog.jpg","contentUrl":"https:\/\/rafaramirez.org\/blog\/wp-content\/uploads\/2025\/07\/Desempleo-y-precariedad_bannerlog.jpg","width":720,"height":440,"caption":"Desempleo y precariedad. Informe social. Blog de Rafael Ram\u00edrez."},{"@type":"BreadcrumbList","@id":"https:\/\/rafaramirez.org\/blog\/index.php\/2025\/07\/18\/desempleo-y-precariedad-laboral-en-espana\/#breadcrumb","itemListElement":[{"@type":"ListItem","position":1,"name":"Portada","item":"https:\/\/rafaramirez.org\/blog\/"},{"@type":"ListItem","position":2,"name":"Desempleo y precariedad: el binomio que desaf\u00eda al mercado de trabajo en Espa\u00f1a."}]},{"@type":"WebSite","@id":"https:\/\/rafaramirez.org\/blog\/#website","url":"https:\/\/rafaramirez.org\/blog\/","name":"Blog de Rafael Ram\u00edrez","description":"Un sitio social, de arte y cultura","publisher":{"@id":"https:\/\/rafaramirez.org\/blog\/#\/schema\/person\/50f43b6d60c578760d4c17bda54ab6a5"},"potentialAction":[{"@type":"SearchAction","target":{"@type":"EntryPoint","urlTemplate":"https:\/\/rafaramirez.org\/blog\/?s={search_term_string}"},"query-input":{"@type":"PropertyValueSpecification","valueRequired":true,"valueName":"search_term_string"}}],"inLanguage":"es"},{"@type":["Person","Organization"],"@id":"https:\/\/rafaramirez.org\/blog\/#\/schema\/person\/50f43b6d60c578760d4c17bda54ab6a5","name":"Rafael Ram\u00edrez","image":{"@type":"ImageObject","inLanguage":"es","@id":"https:\/\/rafaramirez.org\/blog\/wp-content\/uploads\/2024\/09\/RR_socialnetwork.jpg","url":"https:\/\/rafaramirez.org\/blog\/wp-content\/uploads\/2024\/09\/RR_socialnetwork.jpg","contentUrl":"https:\/\/rafaramirez.org\/blog\/wp-content\/uploads\/2024\/09\/RR_socialnetwork.jpg","width":600,"height":606,"caption":"Rafael Ram\u00edrez"},"logo":{"@id":"https:\/\/rafaramirez.org\/blog\/wp-content\/uploads\/2024\/09\/RR_socialnetwork.jpg"},"sameAs":["https:\/\/www.rafaramirez.org\/blog","https:\/\/www.instagram.com\/rafaramirez_ok\/","https:\/\/es.pinterest.com\/Ramirez_Rafa\/","https:\/\/x.com\/rafaramirez_ok"]},{"@type":"Person","@id":"https:\/\/rafaramirez.org\/blog\/#\/schema\/person\/8debd05b3d9a1d16fb21af726811617d","name":"Documentaci\u00f3n e investigaci\u00f3n","image":{"@type":"ImageObject","inLanguage":"es","@id":"https:\/\/secure.gravatar.com\/avatar\/fe70e496579a39c7a8fc4982b89275403b1092eb200623138a32daada9416911?s=96&d=mm&r=g","url":"https:\/\/secure.gravatar.com\/avatar\/fe70e496579a39c7a8fc4982b89275403b1092eb200623138a32daada9416911?s=96&d=mm&r=g","contentUrl":"https:\/\/secure.gravatar.com\/avatar\/fe70e496579a39c7a8fc4982b89275403b1092eb200623138a32daada9416911?s=96&d=mm&r=g","caption":"Documentaci\u00f3n e investigaci\u00f3n"},"url":"https:\/\/rafaramirez.org\/blog\/index.php\/author\/admin\/"}]}},"jetpack_publicize_connections":[],"jetpack_sharing_enabled":true,"jetpack_likes_enabled":true,"jetpack_featured_media_url":"https:\/\/rafaramirez.org\/blog\/wp-content\/uploads\/2025\/07\/Desempleo-y-precariedad_bannerlog.jpg","_links":{"self":[{"href":"https:\/\/rafaramirez.org\/blog\/index.php\/wp-json\/wp\/v2\/posts\/9825","targetHints":{"allow":["GET"]}}],"collection":[{"href":"https:\/\/rafaramirez.org\/blog\/index.php\/wp-json\/wp\/v2\/posts"}],"about":[{"href":"https:\/\/rafaramirez.org\/blog\/index.php\/wp-json\/wp\/v2\/types\/post"}],"author":[{"embeddable":true,"href":"https:\/\/rafaramirez.org\/blog\/index.php\/wp-json\/wp\/v2\/users\/3"}],"replies":[{"embeddable":true,"href":"https:\/\/rafaramirez.org\/blog\/index.php\/wp-json\/wp\/v2\/comments?post=9825"}],"version-history":[{"count":5,"href":"https:\/\/rafaramirez.org\/blog\/index.php\/wp-json\/wp\/v2\/posts\/9825\/revisions"}],"predecessor-version":[{"id":9833,"href":"https:\/\/rafaramirez.org\/blog\/index.php\/wp-json\/wp\/v2\/posts\/9825\/revisions\/9833"}],"wp:featuredmedia":[{"embeddable":true,"href":"https:\/\/rafaramirez.org\/blog\/index.php\/wp-json\/wp\/v2\/media\/9830"}],"wp:attachment":[{"href":"https:\/\/rafaramirez.org\/blog\/index.php\/wp-json\/wp\/v2\/media?parent=9825"}],"wp:term":[{"taxonomy":"category","embeddable":true,"href":"https:\/\/rafaramirez.org\/blog\/index.php\/wp-json\/wp\/v2\/categories?post=9825"},{"taxonomy":"post_tag","embeddable":true,"href":"https:\/\/rafaramirez.org\/blog\/index.php\/wp-json\/wp\/v2\/tags?post=9825"}],"curies":[{"name":"wp","href":"https:\/\/api.w.org\/{rel}","templated":true}]}}