{"id":9785,"date":"2025-07-16T10:01:34","date_gmt":"2025-07-16T08:01:34","guid":{"rendered":"https:\/\/rafaramirez.org\/blog\/?p=9785"},"modified":"2026-07-14T11:42:59","modified_gmt":"2026-07-14T09:42:59","slug":"henri-de-toulouse-lautrec","status":"publish","type":"post","link":"https:\/\/rafaramirez.org\/blog\/index.php\/2025\/07\/16\/henri-de-toulouse-lautrec\/","title":{"rendered":"Henri de Toulouse-Lautrec, el postimpresionista que destac\u00f3 por el uso expresivo del color."},"content":{"rendered":"<p>Henri de Toulouse-Lautrec fue un artista franc\u00e9s fascinante, tanto por su obra como por su vida. Nacido en 1864 en Albi, en el seno de una familia aristocr\u00e1tica, su salud se vio afectada desde joven por una enfermedad \u00f3sea agravada por la consanguinidad de sus padres, que eran primos. Tras fracturarse ambos f\u00e9mures en su adolescencia, su crecimiento se detuvo y no super\u00f3 el metro y medio de estatura.<\/p>\n<p>A pesar de sus limitaciones f\u00edsicas, Toulouse-Lautrec se convirti\u00f3 en uno de los grandes cronistas visuales del Par\u00eds bohemio de finales del siglo XIX. Se instal\u00f3 en Montmartre, donde frecuent\u00f3 cabarets como el Moulin Rouge y Le Chat Noir, y retrat\u00f3 con aguda sensibilidad a bailarinas, prostitutas, artistas y personajes de la vida nocturna parisina.<\/p>\n<p>Su estilo, vinculado al <a href=\"https:\/\/rafaramirez.org\/blog\/index.php\/2025\/07\/31\/el-postimpresionismo-en-la-pintura\/\" target=\"_blank\" rel=\"noopener\">postimpresionismo<\/a>, se caracteriza por el uso expresivo del color, encuadres atrevidos influenciados por la fotograf\u00eda y la estampa japonesa, y una capacidad \u00fanica para capturar el movimiento y la personalidad de sus modelos. Fue pionero en el arte del cartel publicitario, con obras ic\u00f3nicas como las que realiz\u00f3 para el Moulin Rouge.<\/p>\n<p>Muri\u00f3 joven, a los 36 a\u00f1os, en 1901, a causa de la s\u00edfilis y el alcoholismo. Pero en ese breve tiempo dej\u00f3 una huella imborrable en la historia del arte moderno.<\/p>\n<h3>T\u00e9cnicas art\u00edsticas de Toulouse-Lautrec en sus obras.<\/h3>\n<p>Henri de Toulouse-Lautrec fue un innovador tanto en su estilo como en sus t\u00e9cnicas. Aunque ten\u00eda formaci\u00f3n acad\u00e9mica, adapt\u00f3 y transform\u00f3 los m\u00e9todos tradicionales para capturar la energ\u00eda vibrante de la vida nocturna parisina. A continuaci\u00f3n, te presento algunas de las t\u00e9cnicas m\u00e1s destacadas que utiliz\u00f3:<\/p>\n<ul>\n<li>\u00d3leo sobre cart\u00f3n y lienzo: aunque el \u00f3leo era com\u00fan, Lautrec prefer\u00eda a menudo trabajar sobre cart\u00f3n, lo que le permit\u00eda actuar con mayor rapidez y espontaneidad.<\/li>\n<li>Litograf\u00eda y cartelismo: fue pionero en el uso art\u00edstico de la litograf\u00eda, una t\u00e9cnica de impresi\u00f3n que le permiti\u00f3 crear carteles publicitarios con un estilo audaz y gr\u00e1fico. Obras como las del Moulin Rouge son ejemplos emblem\u00e1ticos de esta t\u00e9cnica.<\/li>\n<li>T\u00e9cnica mixta: combinaba materiales como \u00f3leo, pastel y acuarela, adaptando su paleta y textura seg\u00fan el tema y el soporte.<\/li>\n<li>Influencia japonesa: incorpor\u00f3 elementos del ukiyo-e, como encuadres asim\u00e9tricos, l\u00edneas planas y colores planos, que le dieron a su obra un aire moderno y din\u00e1mico.<\/li>\n<li>Dibujo \u00e1gil y expresivo: su trazo era r\u00e1pido, seguro y lleno de car\u00e1cter. Dominaba el dibujo con una econom\u00eda de l\u00edneas que transmit\u00eda movimiento y personalidad.<\/li>\n<\/ul>\n<h3>Influencia en el arte contempor\u00e1neo.<\/h3>\n<p>Toulouse-Lautrec marc\u00f3 un antes y un despu\u00e9s en la concepci\u00f3n del cartel y la imagen gr\u00e1fica. Fue quien realmente elev\u00f3 la litograf\u00eda publicitaria a la categor\u00eda de arte: sus carteles para el Moulin Rouge y otros cabarets parisinos rompieron con la tradici\u00f3n al emplear colores planos, grandes superficies de tinta y composiciones atrevidas que captaban la atenci\u00f3n a distancia. Ese enfoque visualmente impactante y directo sent\u00f3 un precedente en el dise\u00f1o gr\u00e1fico moderno y sigue siendo un referente en publicidad y branding.<\/p>\n<p>Sus encuadres \u00abcinematogr\u00e1ficos\u00bb y su manera de recortar las figuras sobre fondos neutros anticiparon soluciones compositivas que adoptar\u00edan vanguardias como el cubismo y el futurismo. El uso de l\u00edneas din\u00e1micas para sugerir movimiento y la fragmentaci\u00f3n sutil de la escena pueden interpretarse como prefiguraciones de lenguajes pict\u00f3ricos que se impondr\u00edan a partir de la d\u00e9cada de 1900.<\/p>\n<p>Artistas clave del siglo XX, especialmente Pablo Picasso, reconocieron esa influencia. Picasso, que bebi\u00f3 de la atm\u00f3sfera nocturna de Montmartre para obras como Las se\u00f1oritas de Avi\u00f1\u00f3n y gran parte de su etapa azul, tom\u00f3 la libertad expresiva y la crudeza de Toulouse-Lautrec para explorar nuevas direcciones formales y tem\u00e1ticas en su propio camino hacia la ruptura con la tradici\u00f3n acad\u00e9mica.<\/p>\n<p>M\u00e1s all\u00e1 de la pintura y el cartelismo, su mirada casi fotogr\u00e1fica y el inter\u00e9s por la instantaneidad de la vida urbana influyeron tambi\u00e9n en la fotograf\u00eda art\u00edstica y, m\u00e1s tarde, en el lenguaje del cine. Al componer escenas como secuencias teatrales y enfocar personajes \u201crobados\u201d en plena acci\u00f3n, anticip\u00f3 la narraci\u00f3n visual que adoptar\u00eda el s\u00e9ptimo arte poco despu\u00e9s.<\/p>\n<figure id=\"attachment_9793\" aria-describedby=\"caption-attachment-9793\" style=\"width: 197px\" class=\"wp-caption aligncenter\"><a href=\"https:\/\/rafaramirez.org\/blog\/wp-content\/uploads\/2025\/07\/lautrec_portrait_colorSAI_result.jpg\" target=\"_blank\" rel=\"noopener\"><img loading=\"lazy\" decoding=\"async\" class=\"wp-image-9793 size-medium\" src=\"https:\/\/rafaramirez.org\/blog\/wp-content\/uploads\/2025\/07\/lautrec_portrait_colorSAI_result-197x300.jpg\" alt=\"Retrato de Henri de Toulouse-Lautrec. Maestros de la pintura. Blog de Rafael Ram\u00edrez.\" width=\"197\" height=\"300\" srcset=\"https:\/\/rafaramirez.org\/blog\/wp-content\/uploads\/2025\/07\/lautrec_portrait_colorSAI_result-197x300.jpg 197w, https:\/\/rafaramirez.org\/blog\/wp-content\/uploads\/2025\/07\/lautrec_portrait_colorSAI_result.jpg 526w\" sizes=\"auto, (max-width: 197px) 100vw, 197px\" \/><\/a><figcaption id=\"caption-attachment-9793\" class=\"wp-caption-text\">Retrato de Henri de Toulouse-Lautrec. Maestros de la pintura. Blog de Rafael Ram\u00edrez.<\/figcaption><\/figure>\n<h3>Otros artistas influenciados por \u00e9l.<\/h3>\n<p>A continuaci\u00f3n, te muestro varios ejemplos de artistas y movimientos que recibieron el legado de Toulouse-Lautrec:<\/p>\n<ul>\n<li>Pablo Picasso: la libertad compositiva y el \u00e9nfasis en la l\u00ednea de Lautrec impregnaron la primera etapa de Picasso en Par\u00eds. En obras como Las se\u00f1oritas de Avi\u00f1\u00f3n (1907) se aprecia esa valent\u00eda en el encuadre y el tratamiento expresivo de las figuras que Toulouse-Lautrec hab\u00eda ensayado d\u00e9cadas antes.<\/li>\n<li><a href=\"https:\/\/rafaramirez.org\/blog\/index.php\/2025\/02\/10\/henri-matisse\/\" target=\"_blank\" rel=\"noopener\">Henri Matisse<\/a>: Matisse tom\u00f3 del <a href=\"https:\/\/rafaramirez.org\/blog\/index.php\/2025\/07\/31\/el-postimpresionismo-en-la-pintura\/\" target=\"_blank\" rel=\"noopener\">postimpresionismo<\/a> de Lautrec el uso del color para definir el espacio y el trazo sint\u00e9tico; sus interiores y escenas de cabaret de comienzos de siglo beben de ese modelo de contrastes planos y contornos enf\u00e1ticos.<\/li>\n<li>Egon Schiele: el <a href=\"https:\/\/rafaramirez.org\/blog\/index.php\/2025\/05\/12\/el-expresionismo-historia\/\" target=\"_blank\" rel=\"noopener\">expresionismo<\/a> vien\u00e9s, con su l\u00ednea nerviosa y sus figuras casi esbozadas, tiene un antecedente directo en los estudios incisivos y los bocetos de danza que Lautrec dibujaba en el Moulin Rouge y en Le Jardin de Paris.<\/li>\n<li>El cartelismo modernista y el Art Nouveau: la revoluci\u00f3n gr\u00e1fica de sus litograf\u00edas para cabarets inspir\u00f3 a creadores como Alphonse Mucha y a toda la pl\u00e9yade del Art Nouveau, que adopt\u00f3 la idea de un dise\u00f1o pensado para captar la mirada en la calle mediante planos de color y siluetas potentes.<\/li>\n<li>Movimiento futurista: aunque de otra sensibilidad, los futuristas italianos vieron en la s\u00edntesis de la forma y el dinamismo de Lautrec un modelo para sugerir velocidad y multitud con m\u00ednimas pinceladas, antes de abrazar la ruptura total con lo acad\u00e9mico.<\/li>\n<\/ul>\n<h3>Obras m\u00e1s representativas de Toulouse-Lautrec.<\/h3>\n<p>A continuaci\u00f3n, te muestro una selecci\u00f3n de las obras m\u00e1s representativas de Henri de Toulouse-Lautrec:<\/p>\n<ol>\n<li>La lavandera (La blanchisseuse), 1884: un estudio de tonalidades fr\u00edas que capta la postura humilde de una trabajadora del barrio bajo de Par\u00eds.\n<p><figure id=\"attachment_9794\" aria-describedby=\"caption-attachment-9794\" style=\"width: 257px\" class=\"wp-caption aligncenter\"><a href=\"https:\/\/rafaramirez.org\/blog\/wp-content\/uploads\/2025\/07\/Toulouse-Lautrec_-_La_Blanchisseuse_1884_ok.jpg\" target=\"_blank\" rel=\"noopener\"><img loading=\"lazy\" decoding=\"async\" class=\"wp-image-9794 size-medium\" src=\"https:\/\/rafaramirez.org\/blog\/wp-content\/uploads\/2025\/07\/Toulouse-Lautrec_-_La_Blanchisseuse_1884_ok-257x300.jpg\" alt=\"La Lavandera (La Blanchisseuse), 1884. Henri de Toulouse-Lautrec. \" width=\"257\" height=\"300\" srcset=\"https:\/\/rafaramirez.org\/blog\/wp-content\/uploads\/2025\/07\/Toulouse-Lautrec_-_La_Blanchisseuse_1884_ok-257x300.jpg 257w, https:\/\/rafaramirez.org\/blog\/wp-content\/uploads\/2025\/07\/Toulouse-Lautrec_-_La_Blanchisseuse_1884_ok-876x1024.jpg 876w, https:\/\/rafaramirez.org\/blog\/wp-content\/uploads\/2025\/07\/Toulouse-Lautrec_-_La_Blanchisseuse_1884_ok-768x898.jpg 768w, https:\/\/rafaramirez.org\/blog\/wp-content\/uploads\/2025\/07\/Toulouse-Lautrec_-_La_Blanchisseuse_1884_ok-1314x1536.jpg 1314w, https:\/\/rafaramirez.org\/blog\/wp-content\/uploads\/2025\/07\/Toulouse-Lautrec_-_La_Blanchisseuse_1884_ok.jpg 1600w\" sizes=\"auto, (max-width: 257px) 100vw, 257px\" \/><\/a><figcaption id=\"caption-attachment-9794\" class=\"wp-caption-text\">La Lavandera (La Blanchisseuse), 1884. Henri de Toulouse-Lautrec.<\/figcaption><\/figure><\/li>\n<li>Retrato de Vincent van Gogh, 1887. En esta obra, Lautrec retrata a su amigo Van Gogh con gran econom\u00eda de l\u00edneas y una paleta restringida que anticipa el expresionismo.\n<p><figure id=\"attachment_9795\" aria-describedby=\"caption-attachment-9795\" style=\"width: 252px\" class=\"wp-caption aligncenter\"><a href=\"https:\/\/rafaramirez.org\/blog\/wp-content\/uploads\/2025\/07\/Toulouse-Lautrec_de_Henri_Vincent_van_Gogh_Sun_1887_ok.jpg\" target=\"_blank\" rel=\"noopener\"><img loading=\"lazy\" decoding=\"async\" class=\"wp-image-9795 size-medium\" src=\"https:\/\/rafaramirez.org\/blog\/wp-content\/uploads\/2025\/07\/Toulouse-Lautrec_de_Henri_Vincent_van_Gogh_Sun_1887_ok-252x300.jpg\" alt=\"Retrato de Vincent van Gogh, 1887. Henri de Toulouse-Lautrec. \" width=\"252\" height=\"300\" srcset=\"https:\/\/rafaramirez.org\/blog\/wp-content\/uploads\/2025\/07\/Toulouse-Lautrec_de_Henri_Vincent_van_Gogh_Sun_1887_ok-252x300.jpg 252w, https:\/\/rafaramirez.org\/blog\/wp-content\/uploads\/2025\/07\/Toulouse-Lautrec_de_Henri_Vincent_van_Gogh_Sun_1887_ok-861x1024.jpg 861w, https:\/\/rafaramirez.org\/blog\/wp-content\/uploads\/2025\/07\/Toulouse-Lautrec_de_Henri_Vincent_van_Gogh_Sun_1887_ok-768x914.jpg 768w, https:\/\/rafaramirez.org\/blog\/wp-content\/uploads\/2025\/07\/Toulouse-Lautrec_de_Henri_Vincent_van_Gogh_Sun_1887_ok-1291x1536.jpg 1291w, https:\/\/rafaramirez.org\/blog\/wp-content\/uploads\/2025\/07\/Toulouse-Lautrec_de_Henri_Vincent_van_Gogh_Sun_1887_ok.jpg 1600w\" sizes=\"auto, (max-width: 252px) 100vw, 252px\" \/><\/a><figcaption id=\"caption-attachment-9795\" class=\"wp-caption-text\">Retrato de Vincent van Gogh, 1887. Henri de Toulouse-Lautrec.<\/figcaption><\/figure><\/li>\n<li>La bebedora (Retrato de Suzanne Valadon), 1888. Pastel y \u00f3leo combinados para mostrar el vivaz rostro de la pintora y modelo Suzanne Valadon, que resaltan su personalidad independiente.\n<p><figure id=\"attachment_9796\" aria-describedby=\"caption-attachment-9796\" style=\"width: 300px\" class=\"wp-caption aligncenter\"><a href=\"https:\/\/rafaramirez.org\/blog\/wp-content\/uploads\/2025\/07\/Portrait_de_Suzanne_Valadon_par_Henri_de_Toulouse-Lautrec_1888_ok.jpg\" target=\"_blank\" rel=\"noopener\"><img loading=\"lazy\" decoding=\"async\" class=\"wp-image-9796 size-medium\" src=\"https:\/\/rafaramirez.org\/blog\/wp-content\/uploads\/2025\/07\/Portrait_de_Suzanne_Valadon_par_Henri_de_Toulouse-Lautrec_1888_ok-300x252.jpg\" alt=\"La bebedora (Retrato de Suzanne Valadon), 1888. Henri de Toulouse-Lautrec. \" width=\"300\" height=\"252\" srcset=\"https:\/\/rafaramirez.org\/blog\/wp-content\/uploads\/2025\/07\/Portrait_de_Suzanne_Valadon_par_Henri_de_Toulouse-Lautrec_1888_ok-300x252.jpg 300w, https:\/\/rafaramirez.org\/blog\/wp-content\/uploads\/2025\/07\/Portrait_de_Suzanne_Valadon_par_Henri_de_Toulouse-Lautrec_1888_ok-1024x862.jpg 1024w, https:\/\/rafaramirez.org\/blog\/wp-content\/uploads\/2025\/07\/Portrait_de_Suzanne_Valadon_par_Henri_de_Toulouse-Lautrec_1888_ok-768x646.jpg 768w, https:\/\/rafaramirez.org\/blog\/wp-content\/uploads\/2025\/07\/Portrait_de_Suzanne_Valadon_par_Henri_de_Toulouse-Lautrec_1888_ok.jpg 1148w\" sizes=\"auto, (max-width: 300px) 100vw, 300px\" \/><\/a><figcaption id=\"caption-attachment-9796\" class=\"wp-caption-text\">La bebedora (Retrato de Suzanne Valadon), 1888. Henri de Toulouse-Lautrec.<\/figcaption><\/figure><\/li>\n<li>En el Moulin-Rouge: el baile (Au Moulin Rouge: La Goulue y Jane Avril), 1890: cartel ic\u00f3nico en el que las figuras se recortan contra planos de color vibrante, que refleja la atm\u00f3sfera febril del cabaret parisino.\n<p><figure id=\"attachment_9801\" aria-describedby=\"caption-attachment-9801\" style=\"width: 300px\" class=\"wp-caption aligncenter\"><a href=\"https:\/\/rafaramirez.org\/blog\/wp-content\/uploads\/2025\/07\/HenriDeToulouse-Lautrec-AtTheMoulinRouge-TheDance-1889-90-VR_ok.jpg\" target=\"_blank\" rel=\"noopener\"><img loading=\"lazy\" decoding=\"async\" class=\"wp-image-9801 size-medium\" src=\"https:\/\/rafaramirez.org\/blog\/wp-content\/uploads\/2025\/07\/HenriDeToulouse-Lautrec-AtTheMoulinRouge-TheDance-1889-90-VR_ok-300x231.jpg\" alt=\"En el Moulin-Rouge: el baile (Au Moulin Rouge: La Goulue y Jane Avril), 1890. Henri de Toulouse-Lautrec. \" width=\"300\" height=\"231\" srcset=\"https:\/\/rafaramirez.org\/blog\/wp-content\/uploads\/2025\/07\/HenriDeToulouse-Lautrec-AtTheMoulinRouge-TheDance-1889-90-VR_ok-300x231.jpg 300w, https:\/\/rafaramirez.org\/blog\/wp-content\/uploads\/2025\/07\/HenriDeToulouse-Lautrec-AtTheMoulinRouge-TheDance-1889-90-VR_ok-1024x787.jpg 1024w, https:\/\/rafaramirez.org\/blog\/wp-content\/uploads\/2025\/07\/HenriDeToulouse-Lautrec-AtTheMoulinRouge-TheDance-1889-90-VR_ok-768x591.jpg 768w, https:\/\/rafaramirez.org\/blog\/wp-content\/uploads\/2025\/07\/HenriDeToulouse-Lautrec-AtTheMoulinRouge-TheDance-1889-90-VR_ok-1536x1181.jpg 1536w, https:\/\/rafaramirez.org\/blog\/wp-content\/uploads\/2025\/07\/HenriDeToulouse-Lautrec-AtTheMoulinRouge-TheDance-1889-90-VR_ok.jpg 1900w\" sizes=\"auto, (max-width: 300px) 100vw, 300px\" \/><\/a><figcaption id=\"caption-attachment-9801\" class=\"wp-caption-text\">En el Moulin-Rouge: el baile (Au Moulin Rouge: La Goulue y Jane Avril), 1890. Henri de Toulouse-Lautrec.<\/figcaption><\/figure><\/li>\n<li>La Goulue entrando en el Moulin Rouge (La Goulue arrivant au Moulin Rouge), 1892. Representa a la famosa bailarina Louise Weber, conocida como La Goulue, entrando al c\u00e9lebre cabaret parisino acompa\u00f1ada por su hermana y su amante. La escena, capturada como una instant\u00e1nea, refleja tanto el glamour como la decadencia del ambiente bohemio de Montmartre. La obra destaca por su estilo influenciado por el arte japon\u00e9s y por <a href=\"https:\/\/rafaramirez.org\/blog\/index.php\/2024\/03\/18\/edgar-degas-un-maestro-de-la-fascinacion\/\" target=\"_blank\" rel=\"noopener\">Degas<\/a>, con encuadres audaces y contornos marcados.\n<p><figure id=\"attachment_9798\" aria-describedby=\"caption-attachment-9798\" style=\"width: 217px\" class=\"wp-caption aligncenter\"><a href=\"https:\/\/rafaramirez.org\/blog\/wp-content\/uploads\/2025\/07\/Toulouse-Lautrec_-_La_Goulue_arrivant_au_Moulin_Rouge_1892_ok.jpg\" target=\"_blank\" rel=\"noopener\"><img loading=\"lazy\" decoding=\"async\" class=\"wp-image-9798 size-medium\" src=\"https:\/\/rafaramirez.org\/blog\/wp-content\/uploads\/2025\/07\/Toulouse-Lautrec_-_La_Goulue_arrivant_au_Moulin_Rouge_1892_ok-217x300.jpg\" alt=\"La Goulue entrando al Moulin Rouge (La Goulue arrivant au Moulin Rouge), 1892. Henri de Toulouse-Lautrec. \" width=\"217\" height=\"300\" srcset=\"https:\/\/rafaramirez.org\/blog\/wp-content\/uploads\/2025\/07\/Toulouse-Lautrec_-_La_Goulue_arrivant_au_Moulin_Rouge_1892_ok-217x300.jpg 217w, https:\/\/rafaramirez.org\/blog\/wp-content\/uploads\/2025\/07\/Toulouse-Lautrec_-_La_Goulue_arrivant_au_Moulin_Rouge_1892_ok.jpg 622w\" sizes=\"auto, (max-width: 217px) 100vw, 217px\" \/><\/a><figcaption id=\"caption-attachment-9798\" class=\"wp-caption-text\">La Goulue entrando al Moulin Rouge (La Goulue arrivant au Moulin Rouge), 1892. Henri de Toulouse-Lautrec.<\/figcaption><\/figure><\/li>\n<li>Aristide Bruant dans son cabaret, 1892. Otro cartel-retrato que presenta al chansonnier con su bufanda y sombrero, un dise\u00f1o gr\u00e1fico moderno por su simplicidad y fuerza ic\u00f3nica.\n<p><figure id=\"attachment_9799\" aria-describedby=\"caption-attachment-9799\" style=\"width: 205px\" class=\"wp-caption aligncenter\"><a href=\"https:\/\/rafaramirez.org\/blog\/wp-content\/uploads\/2025\/07\/ambassadeurs-aristide-bruant-dans-son-cabaret-henri-de-toulouse-lautrec-1892_ok.jpg\" target=\"_blank\" rel=\"noopener\"><img loading=\"lazy\" decoding=\"async\" class=\"wp-image-9799 size-medium\" src=\"https:\/\/rafaramirez.org\/blog\/wp-content\/uploads\/2025\/07\/ambassadeurs-aristide-bruant-dans-son-cabaret-henri-de-toulouse-lautrec-1892_ok-205x300.jpg\" alt=\"Aristide Bruant dans son cabaret, 1892. Henri de Toulouse-Lautrec. \" width=\"205\" height=\"300\" srcset=\"https:\/\/rafaramirez.org\/blog\/wp-content\/uploads\/2025\/07\/ambassadeurs-aristide-bruant-dans-son-cabaret-henri-de-toulouse-lautrec-1892_ok-205x300.jpg 205w, https:\/\/rafaramirez.org\/blog\/wp-content\/uploads\/2025\/07\/ambassadeurs-aristide-bruant-dans-son-cabaret-henri-de-toulouse-lautrec-1892_ok-700x1024.jpg 700w, https:\/\/rafaramirez.org\/blog\/wp-content\/uploads\/2025\/07\/ambassadeurs-aristide-bruant-dans-son-cabaret-henri-de-toulouse-lautrec-1892_ok-768x1123.jpg 768w, https:\/\/rafaramirez.org\/blog\/wp-content\/uploads\/2025\/07\/ambassadeurs-aristide-bruant-dans-son-cabaret-henri-de-toulouse-lautrec-1892_ok-1050x1536.jpg 1050w, https:\/\/rafaramirez.org\/blog\/wp-content\/uploads\/2025\/07\/ambassadeurs-aristide-bruant-dans-son-cabaret-henri-de-toulouse-lautrec-1892_ok.jpg 1299w\" sizes=\"auto, (max-width: 205px) 100vw, 205px\" \/><\/a><figcaption id=\"caption-attachment-9799\" class=\"wp-caption-text\">Aristide Bruant dans son cabaret, 1892. Henri de Toulouse-Lautrec.<\/figcaption><\/figure><\/li>\n<li>En la cama: el beso (In Bed: The Kiss), 1892. Escena \u00edntima en pastel que refleja la vida privada de los artistas de Montmartre con un trazo suelto y sensual.\n<p><figure id=\"attachment_9800\" aria-describedby=\"caption-attachment-9800\" style=\"width: 300px\" class=\"wp-caption aligncenter\"><a href=\"https:\/\/rafaramirez.org\/blog\/wp-content\/uploads\/2025\/07\/Toulouse_Lautrec_In_bed_the_kiss_1892_ok.jpg\" target=\"_blank\" rel=\"noopener\"><img loading=\"lazy\" decoding=\"async\" class=\"wp-image-9800 size-medium\" src=\"https:\/\/rafaramirez.org\/blog\/wp-content\/uploads\/2025\/07\/Toulouse_Lautrec_In_bed_the_kiss_1892_ok-300x223.jpg\" alt=\"En la cama: el beso (In Bed: The Kiss), 1892. Henri de Toulouse-Lautrec. \" width=\"300\" height=\"223\" srcset=\"https:\/\/rafaramirez.org\/blog\/wp-content\/uploads\/2025\/07\/Toulouse_Lautrec_In_bed_the_kiss_1892_ok-300x223.jpg 300w, https:\/\/rafaramirez.org\/blog\/wp-content\/uploads\/2025\/07\/Toulouse_Lautrec_In_bed_the_kiss_1892_ok-1024x763.jpg 1024w, https:\/\/rafaramirez.org\/blog\/wp-content\/uploads\/2025\/07\/Toulouse_Lautrec_In_bed_the_kiss_1892_ok-768x572.jpg 768w, https:\/\/rafaramirez.org\/blog\/wp-content\/uploads\/2025\/07\/Toulouse_Lautrec_In_bed_the_kiss_1892_ok.jpg 1094w\" sizes=\"auto, (max-width: 300px) 100vw, 300px\" \/><\/a><figcaption id=\"caption-attachment-9800\" class=\"wp-caption-text\">En la cama: el beso (In Bed: The Kiss), 1892. Henri de Toulouse-Lautrec.<\/figcaption><\/figure><\/li>\n<li>Jane Avril, Jard\u00edn de Par\u00eds, 1893: litograf\u00eda en la que la bailarina Jane Avril, captada en pleno movimiento, se convierte en s\u00edmbolo del cartel teatral de la Belle \u00c9poque.\n<p><figure id=\"attachment_9797\" aria-describedby=\"caption-attachment-9797\" style=\"width: 222px\" class=\"wp-caption aligncenter\"><a href=\"https:\/\/rafaramirez.org\/blog\/wp-content\/uploads\/2025\/07\/Jane-Avril-Jardin-de-Paris-1893_ok.jpg\" target=\"_blank\" rel=\"noopener\"><img loading=\"lazy\" decoding=\"async\" class=\"wp-image-9797 size-medium\" src=\"https:\/\/rafaramirez.org\/blog\/wp-content\/uploads\/2025\/07\/Jane-Avril-Jardin-de-Paris-1893_ok-222x300.jpg\" alt=\"Jane Avril, Jard\u00edn de Par\u00eds, 1893. Henri de Toulouse-Lautrec. \" width=\"222\" height=\"300\" srcset=\"https:\/\/rafaramirez.org\/blog\/wp-content\/uploads\/2025\/07\/Jane-Avril-Jardin-de-Paris-1893_ok-222x300.jpg 222w, https:\/\/rafaramirez.org\/blog\/wp-content\/uploads\/2025\/07\/Jane-Avril-Jardin-de-Paris-1893_ok-757x1024.jpg 757w, https:\/\/rafaramirez.org\/blog\/wp-content\/uploads\/2025\/07\/Jane-Avril-Jardin-de-Paris-1893_ok-768x1039.jpg 768w, https:\/\/rafaramirez.org\/blog\/wp-content\/uploads\/2025\/07\/Jane-Avril-Jardin-de-Paris-1893_ok.jpg 887w\" sizes=\"auto, (max-width: 222px) 100vw, 222px\" \/><\/a><figcaption id=\"caption-attachment-9797\" class=\"wp-caption-text\">Jane Avril, Jard\u00edn de Par\u00eds, 1893. Henri de Toulouse-Lautrec.<\/figcaption><\/figure><\/li>\n<li>Sal\u00f3n de la Rue des Moulins, 1894. Esta pintura de interiores de burdel es un buen ejemplo de la exploraci\u00f3n de Lautrec de las perspectivas diagonales y la luz artificial con gran realismo psicol\u00f3gico.\n<p><figure id=\"attachment_9802\" aria-describedby=\"caption-attachment-9802\" style=\"width: 300px\" class=\"wp-caption aligncenter\"><a href=\"https:\/\/rafaramirez.org\/blog\/wp-content\/uploads\/2025\/07\/Albi_Au_Salon_de_la_rue_des_Moulins_-_Henri_de_Toulouse-Lautrec_1894_ok.jpg\" target=\"_blank\" rel=\"noopener\"><img loading=\"lazy\" decoding=\"async\" class=\"wp-image-9802 size-medium\" src=\"https:\/\/rafaramirez.org\/blog\/wp-content\/uploads\/2025\/07\/Albi_Au_Salon_de_la_rue_des_Moulins_-_Henri_de_Toulouse-Lautrec_1894_ok-300x255.jpg\" alt=\"Sal\u00f3n de la Rue des Moulins, 1894. Henri de Toulouse-Lautrec. \" width=\"300\" height=\"255\" srcset=\"https:\/\/rafaramirez.org\/blog\/wp-content\/uploads\/2025\/07\/Albi_Au_Salon_de_la_rue_des_Moulins_-_Henri_de_Toulouse-Lautrec_1894_ok-300x255.jpg 300w, https:\/\/rafaramirez.org\/blog\/wp-content\/uploads\/2025\/07\/Albi_Au_Salon_de_la_rue_des_Moulins_-_Henri_de_Toulouse-Lautrec_1894_ok-1024x869.jpg 1024w, https:\/\/rafaramirez.org\/blog\/wp-content\/uploads\/2025\/07\/Albi_Au_Salon_de_la_rue_des_Moulins_-_Henri_de_Toulouse-Lautrec_1894_ok-768x652.jpg 768w, https:\/\/rafaramirez.org\/blog\/wp-content\/uploads\/2025\/07\/Albi_Au_Salon_de_la_rue_des_Moulins_-_Henri_de_Toulouse-Lautrec_1894_ok-1536x1303.jpg 1536w, https:\/\/rafaramirez.org\/blog\/wp-content\/uploads\/2025\/07\/Albi_Au_Salon_de_la_rue_des_Moulins_-_Henri_de_Toulouse-Lautrec_1894_ok.jpg 1900w\" sizes=\"auto, (max-width: 300px) 100vw, 300px\" \/><\/a><figcaption id=\"caption-attachment-9802\" class=\"wp-caption-text\">Sal\u00f3n de la Rue des Moulins, 1894. Henri de Toulouse-Lautrec.<\/figcaption><\/figure><\/li>\n<li>Marcelle Lender bailando el bol\u00e9ro en Chilp\u00e9ric, 1895. Color y ritmo unidos en un \u00f3leo que celebra la presencia esc\u00e9nica de Marcelle Lender, su modelo y musa, durante la opereta Chilp\u00e9ric.\n<p><figure id=\"attachment_9803\" aria-describedby=\"caption-attachment-9803\" style=\"width: 300px\" class=\"wp-caption aligncenter\"><a href=\"https:\/\/rafaramirez.org\/blog\/wp-content\/uploads\/2025\/07\/marcelle_lender_dancing_the_bolero_in_1895_ok.jpg\" target=\"_blank\" rel=\"noopener\"><img loading=\"lazy\" decoding=\"async\" class=\"wp-image-9803 size-medium\" src=\"https:\/\/rafaramirez.org\/blog\/wp-content\/uploads\/2025\/07\/marcelle_lender_dancing_the_bolero_in_1895_ok-300x300.jpg\" alt=\"Marcelle Lender bailando el bol\u00e9ro dans Chilp\u00e9ric, 1895. Henri de Toulouse-Lautrec. \" width=\"300\" height=\"300\" srcset=\"https:\/\/rafaramirez.org\/blog\/wp-content\/uploads\/2025\/07\/marcelle_lender_dancing_the_bolero_in_1895_ok-300x300.jpg 300w, https:\/\/rafaramirez.org\/blog\/wp-content\/uploads\/2025\/07\/marcelle_lender_dancing_the_bolero_in_1895_ok-1024x1024.jpg 1024w, https:\/\/rafaramirez.org\/blog\/wp-content\/uploads\/2025\/07\/marcelle_lender_dancing_the_bolero_in_1895_ok-150x150.jpg 150w, https:\/\/rafaramirez.org\/blog\/wp-content\/uploads\/2025\/07\/marcelle_lender_dancing_the_bolero_in_1895_ok-768x767.jpg 768w, https:\/\/rafaramirez.org\/blog\/wp-content\/uploads\/2025\/07\/marcelle_lender_dancing_the_bolero_in_1895_ok-1536x1534.jpg 1536w, https:\/\/rafaramirez.org\/blog\/wp-content\/uploads\/2025\/07\/marcelle_lender_dancing_the_bolero_in_1895_ok.jpg 1900w\" sizes=\"auto, (max-width: 300px) 100vw, 300px\" \/><\/a><figcaption id=\"caption-attachment-9803\" class=\"wp-caption-text\">Marcelle Lender bailando el bol\u00e9ro dans Chilp\u00e9ric, 1895. Henri de Toulouse-Lautrec.<\/figcaption><\/figure><\/li>\n<li>La toilette, 1889. Pastel sobre papel que ilustra el momento de higiene \u00edntima de una cortesana, con suaves degradados y un dibujo de gran econom\u00eda expresiva.\n<p><figure id=\"attachment_9804\" aria-describedby=\"caption-attachment-9804\" style=\"width: 240px\" class=\"wp-caption aligncenter\"><a href=\"https:\/\/rafaramirez.org\/blog\/wp-content\/uploads\/2025\/07\/Albi_Rousse_La_Toilette_-_1889_-_Henri_de_Toulouse-Lautrec_-_Musee_dOrsay_Paris_ok.jpg\" target=\"_blank\" rel=\"noopener\"><img loading=\"lazy\" decoding=\"async\" class=\"wp-image-9804 size-medium\" src=\"https:\/\/rafaramirez.org\/blog\/wp-content\/uploads\/2025\/07\/Albi_Rousse_La_Toilette_-_1889_-_Henri_de_Toulouse-Lautrec_-_Musee_dOrsay_Paris_ok-240x300.jpg\" alt=\"La Toilette, 1889. Henri de Toulouse-Lautrec. \" width=\"240\" height=\"300\" srcset=\"https:\/\/rafaramirez.org\/blog\/wp-content\/uploads\/2025\/07\/Albi_Rousse_La_Toilette_-_1889_-_Henri_de_Toulouse-Lautrec_-_Musee_dOrsay_Paris_ok-240x300.jpg 240w, https:\/\/rafaramirez.org\/blog\/wp-content\/uploads\/2025\/07\/Albi_Rousse_La_Toilette_-_1889_-_Henri_de_Toulouse-Lautrec_-_Musee_dOrsay_Paris_ok-819x1024.jpg 819w, https:\/\/rafaramirez.org\/blog\/wp-content\/uploads\/2025\/07\/Albi_Rousse_La_Toilette_-_1889_-_Henri_de_Toulouse-Lautrec_-_Musee_dOrsay_Paris_ok-768x961.jpg 768w, https:\/\/rafaramirez.org\/blog\/wp-content\/uploads\/2025\/07\/Albi_Rousse_La_Toilette_-_1889_-_Henri_de_Toulouse-Lautrec_-_Musee_dOrsay_Paris_ok-1228x1536.jpg 1228w, https:\/\/rafaramirez.org\/blog\/wp-content\/uploads\/2025\/07\/Albi_Rousse_La_Toilette_-_1889_-_Henri_de_Toulouse-Lautrec_-_Musee_dOrsay_Paris_ok.jpg 1519w\" sizes=\"auto, (max-width: 240px) 100vw, 240px\" \/><\/a><figcaption id=\"caption-attachment-9804\" class=\"wp-caption-text\">La Toilette, 1889. Henri de Toulouse-Lautrec.<\/figcaption><\/figure><\/li>\n<\/ol>\n<p>Estas obras sintetizan su mirada emp\u00e1tica hacia los marginados, su revoluci\u00f3n formal al elevar el cartel a arte y su capacidad para inmortalizar la vida bohemia de Montmartre con trazos modernos. Combina naturalismo y estilizaci\u00f3n crom\u00e1tica, anticipando el dise\u00f1o gr\u00e1fico y la narraci\u00f3n visual del siglo XX. Al mismo tiempo, refleja su pasi\u00f3n por lo \u00edntimo y lo cotidiano, que transforma en poes\u00eda visual.<\/p>\n<p>M\u00e1s informaci\u00f3n:<\/p>\n<ul>\n<li><a href=\"https:\/\/es.wikipedia.org\/wiki\/Henri_de_Toulouse-Lautrec\" target=\"_blank\" rel=\"noopener\">Henri de Toulouse-Lautrec &#8211; Wikipedia, la enciclopedia libre<\/a>.<\/li>\n<li><a href=\"https:\/\/historia.nationalgeographic.com.es\/a\/toulouse-lautrec-gran-pintor-belle-epoque-parisina_14663\" target=\"_blank\" rel=\"noopener\">Toulouse-Lautrec: arte, alcohol y decadencia en el Par\u00eds de la Belle \u00c9poque<\/a>.<\/li>\n<li><a href=\"https:\/\/www.ttamayo.com\/2018\/02\/la-tecnica-de-toulouse-lautrec\/\" target=\"_blank\" rel=\"noopener\">La t\u00e9cnica de Toulouse-Lautrec | ttamayo.com<\/a>.<\/li>\n<li><a href=\"https:\/\/rafaramirez.org\/blog\/index.php\/category\/arte\/historia-del-arte\/\" target=\"_blank\" rel=\"noopener\">Vida y obra de otros pintores que marcaron \u00e9poca<\/a>.<\/li>\n<\/ul>\n","protected":false},"excerpt":{"rendered":"<p>Henri de Toulouse-Lautrec fue un artista franc\u00e9s fascinante, tanto por su obra como por su vida. Nacido en 1864 en Albi, en el seno de una familia aristocr\u00e1tica, su salud se vio afectada desde joven por una enfermedad \u00f3sea agravada por la consanguinidad de sus padres, que eran primos. Tras fracturarse ambos f\u00e9mures en su [&hellip;]<\/p>\n","protected":false},"author":3,"featured_media":9792,"comment_status":"open","ping_status":"closed","sticky":false,"template":"","format":"standard","meta":{"site-container-style":"default","site-container-layout":"default","site-sidebar-layout":"default","disable-article-header":"default","disable-site-header":"default","disable-site-footer":"default","disable-content-area-spacing":"default","_jetpack_newsletter_access":"","_jetpack_dont_email_post_to_subs":false,"_jetpack_newsletter_tier_id":0,"_jetpack_memberships_contains_paywalled_content":false,"_jetpack_feature_clip_id":0,"_jetpack_memberships_contains_paid_content":false,"footnotes":"","jetpack_publicize_message":"","jetpack_publicize_feature_enabled":true,"jetpack_social_post_already_shared":true,"jetpack_social_options":{"image_generator_settings":{"template":"highway","default_image_id":0,"font":"","enabled":false},"version":2},"jetpack_post_was_ever_published":false},"categories":[1290],"tags":[4391,3804,4392,3748,1383],"class_list":["post-9785","post","type-post","status-publish","format-standard","has-post-thumbnail","hentry","category-historia-del-arte","tag-biografia-de-henri-de-toulouse-lautrec","tag-biografia-de-pintores","tag-henri-de-toulouse-lautrec","tag-historia-de-la-pintura","tag-historia-del-arte"],"yoast_head":"<!-- This site is optimized with the Yoast SEO plugin v28.4 - https:\/\/yoast.com\/product\/yoast-seo-wordpress\/ -->\n<title>Henri de Toulouse-Lautrec, el postimpresionista que destac\u00f3 por el uso expresivo del color. - Blog de Rafael Ram\u00edrez<\/title>\n<meta name=\"description\" content=\"Henri de Toulouse-Lautrec fue un artista franc\u00e9s fascinante, tanto por su obra como por su vida. Nacido en 1864 en Albi, en el seno de una...\" \/>\n<meta name=\"robots\" content=\"index, follow, max-snippet:-1, max-image-preview:large, max-video-preview:-1\" \/>\n<link rel=\"canonical\" href=\"https:\/\/rafaramirez.org\/blog\/index.php\/2025\/07\/16\/henri-de-toulouse-lautrec\/\" \/>\n<meta property=\"og:locale\" content=\"es_ES\" \/>\n<meta property=\"og:type\" content=\"article\" \/>\n<meta property=\"og:title\" content=\"Henri de Toulouse-Lautrec, el postimpresionista que destac\u00f3 por el uso expresivo del color. - Blog de Rafael Ram\u00edrez\" \/>\n<meta property=\"og:description\" content=\"Henri de Toulouse-Lautrec fue un artista franc\u00e9s fascinante, tanto por su obra como por su vida. Nacido en 1864 en Albi, en el seno de una...\" \/>\n<meta property=\"og:url\" content=\"https:\/\/rafaramirez.org\/blog\/index.php\/2025\/07\/16\/henri-de-toulouse-lautrec\/\" \/>\n<meta property=\"og:site_name\" content=\"Blog de Rafael Ram\u00edrez\" \/>\n<meta property=\"article:published_time\" content=\"2025-07-16T08:01:34+00:00\" \/>\n<meta property=\"article:modified_time\" content=\"2026-07-14T09:42:59+00:00\" \/>\n<meta property=\"og:image\" content=\"https:\/\/rafaramirez.org\/blog\/wp-content\/uploads\/2025\/07\/Henri-de-Toulouse-Lautrec_bannerblog.jpg\" \/>\n\t<meta property=\"og:image:width\" content=\"720\" \/>\n\t<meta property=\"og:image:height\" content=\"440\" \/>\n\t<meta property=\"og:image:type\" content=\"image\/jpeg\" \/>\n<meta name=\"author\" content=\"Documentaci\u00f3n e investigaci\u00f3n\" \/>\n<meta name=\"twitter:card\" content=\"summary_large_image\" \/>\n<meta name=\"twitter:site\" content=\"@rafaramirez_ok\" \/>\n<meta name=\"twitter:label1\" content=\"Escrito por\" \/>\n\t<meta name=\"twitter:data1\" content=\"Documentaci\u00f3n e investigaci\u00f3n\" \/>\n\t<meta name=\"twitter:label2\" content=\"Tiempo de lectura\" \/>\n\t<meta name=\"twitter:data2\" content=\"10 minutos\" \/>\n<script type=\"application\/ld+json\" class=\"yoast-schema-graph\">{\"@context\":\"https:\\\/\\\/schema.org\",\"@graph\":[{\"@type\":\"Article\",\"@id\":\"https:\\\/\\\/rafaramirez.org\\\/blog\\\/index.php\\\/2025\\\/07\\\/16\\\/henri-de-toulouse-lautrec\\\/#article\",\"isPartOf\":{\"@id\":\"https:\\\/\\\/rafaramirez.org\\\/blog\\\/index.php\\\/2025\\\/07\\\/16\\\/henri-de-toulouse-lautrec\\\/\"},\"author\":{\"name\":\"Documentaci\u00f3n e investigaci\u00f3n\",\"@id\":\"https:\\\/\\\/rafaramirez.org\\\/blog\\\/#\\\/schema\\\/person\\\/8debd05b3d9a1d16fb21af726811617d\"},\"headline\":\"Henri de Toulouse-Lautrec, el postimpresionista que destac\u00f3 por el uso expresivo del color.\",\"datePublished\":\"2025-07-16T08:01:34+00:00\",\"dateModified\":\"2026-07-14T09:42:59+00:00\",\"mainEntityOfPage\":{\"@id\":\"https:\\\/\\\/rafaramirez.org\\\/blog\\\/index.php\\\/2025\\\/07\\\/16\\\/henri-de-toulouse-lautrec\\\/\"},\"wordCount\":1745,\"commentCount\":0,\"publisher\":{\"@id\":\"https:\\\/\\\/rafaramirez.org\\\/blog\\\/#\\\/schema\\\/person\\\/50f43b6d60c578760d4c17bda54ab6a5\"},\"image\":{\"@id\":\"https:\\\/\\\/rafaramirez.org\\\/blog\\\/index.php\\\/2025\\\/07\\\/16\\\/henri-de-toulouse-lautrec\\\/#primaryimage\"},\"thumbnailUrl\":\"https:\\\/\\\/rafaramirez.org\\\/blog\\\/wp-content\\\/uploads\\\/2025\\\/07\\\/Henri-de-Toulouse-Lautrec_bannerblog.jpg\",\"keywords\":[\"biograf\u00eda de Henri de Toulouse-Lautrec\",\"biograf\u00eda de pintores\",\"Henri de Toulouse-Lautrec\",\"historia de la pintura\",\"historia del arte\"],\"articleSection\":[\"Historia del arte\"],\"inLanguage\":\"es\",\"potentialAction\":[{\"@type\":\"CommentAction\",\"name\":\"Comment\",\"target\":[\"https:\\\/\\\/rafaramirez.org\\\/blog\\\/index.php\\\/2025\\\/07\\\/16\\\/henri-de-toulouse-lautrec\\\/#respond\"]}]},{\"@type\":\"WebPage\",\"@id\":\"https:\\\/\\\/rafaramirez.org\\\/blog\\\/index.php\\\/2025\\\/07\\\/16\\\/henri-de-toulouse-lautrec\\\/\",\"url\":\"https:\\\/\\\/rafaramirez.org\\\/blog\\\/index.php\\\/2025\\\/07\\\/16\\\/henri-de-toulouse-lautrec\\\/\",\"name\":\"Henri de Toulouse-Lautrec, el postimpresionista que destac\u00f3 por el uso expresivo del color. - Blog de Rafael Ram\u00edrez\",\"isPartOf\":{\"@id\":\"https:\\\/\\\/rafaramirez.org\\\/blog\\\/#website\"},\"primaryImageOfPage\":{\"@id\":\"https:\\\/\\\/rafaramirez.org\\\/blog\\\/index.php\\\/2025\\\/07\\\/16\\\/henri-de-toulouse-lautrec\\\/#primaryimage\"},\"image\":{\"@id\":\"https:\\\/\\\/rafaramirez.org\\\/blog\\\/index.php\\\/2025\\\/07\\\/16\\\/henri-de-toulouse-lautrec\\\/#primaryimage\"},\"thumbnailUrl\":\"https:\\\/\\\/rafaramirez.org\\\/blog\\\/wp-content\\\/uploads\\\/2025\\\/07\\\/Henri-de-Toulouse-Lautrec_bannerblog.jpg\",\"datePublished\":\"2025-07-16T08:01:34+00:00\",\"dateModified\":\"2026-07-14T09:42:59+00:00\",\"description\":\"Henri de Toulouse-Lautrec fue un artista franc\u00e9s fascinante, tanto por su obra como por su vida. Nacido en 1864 en Albi, en el seno de una...\",\"breadcrumb\":{\"@id\":\"https:\\\/\\\/rafaramirez.org\\\/blog\\\/index.php\\\/2025\\\/07\\\/16\\\/henri-de-toulouse-lautrec\\\/#breadcrumb\"},\"inLanguage\":\"es\",\"potentialAction\":[{\"@type\":\"ReadAction\",\"target\":[\"https:\\\/\\\/rafaramirez.org\\\/blog\\\/index.php\\\/2025\\\/07\\\/16\\\/henri-de-toulouse-lautrec\\\/\"]}]},{\"@type\":\"ImageObject\",\"inLanguage\":\"es\",\"@id\":\"https:\\\/\\\/rafaramirez.org\\\/blog\\\/index.php\\\/2025\\\/07\\\/16\\\/henri-de-toulouse-lautrec\\\/#primaryimage\",\"url\":\"https:\\\/\\\/rafaramirez.org\\\/blog\\\/wp-content\\\/uploads\\\/2025\\\/07\\\/Henri-de-Toulouse-Lautrec_bannerblog.jpg\",\"contentUrl\":\"https:\\\/\\\/rafaramirez.org\\\/blog\\\/wp-content\\\/uploads\\\/2025\\\/07\\\/Henri-de-Toulouse-Lautrec_bannerblog.jpg\",\"width\":720,\"height\":440,\"caption\":\"Henri de Toulouse-Lautrec. Maestros de la pintura. Blog de Rafael Ram\u00edrez.\"},{\"@type\":\"BreadcrumbList\",\"@id\":\"https:\\\/\\\/rafaramirez.org\\\/blog\\\/index.php\\\/2025\\\/07\\\/16\\\/henri-de-toulouse-lautrec\\\/#breadcrumb\",\"itemListElement\":[{\"@type\":\"ListItem\",\"position\":1,\"name\":\"Portada\",\"item\":\"https:\\\/\\\/rafaramirez.org\\\/blog\\\/\"},{\"@type\":\"ListItem\",\"position\":2,\"name\":\"Henri de Toulouse-Lautrec, el postimpresionista que destac\u00f3 por el uso expresivo del color.\"}]},{\"@type\":\"WebSite\",\"@id\":\"https:\\\/\\\/rafaramirez.org\\\/blog\\\/#website\",\"url\":\"https:\\\/\\\/rafaramirez.org\\\/blog\\\/\",\"name\":\"Blog de Rafael Ram\u00edrez\",\"description\":\"Un sitio social, de arte y cultura\",\"publisher\":{\"@id\":\"https:\\\/\\\/rafaramirez.org\\\/blog\\\/#\\\/schema\\\/person\\\/50f43b6d60c578760d4c17bda54ab6a5\"},\"potentialAction\":[{\"@type\":\"SearchAction\",\"target\":{\"@type\":\"EntryPoint\",\"urlTemplate\":\"https:\\\/\\\/rafaramirez.org\\\/blog\\\/?s={search_term_string}\"},\"query-input\":{\"@type\":\"PropertyValueSpecification\",\"valueRequired\":true,\"valueName\":\"search_term_string\"}}],\"inLanguage\":\"es\"},{\"@type\":[\"Person\",\"Organization\"],\"@id\":\"https:\\\/\\\/rafaramirez.org\\\/blog\\\/#\\\/schema\\\/person\\\/50f43b6d60c578760d4c17bda54ab6a5\",\"name\":\"Rafael Ram\u00edrez\",\"image\":{\"@type\":\"ImageObject\",\"inLanguage\":\"es\",\"@id\":\"https:\\\/\\\/rafaramirez.org\\\/blog\\\/wp-content\\\/uploads\\\/2024\\\/09\\\/RR_socialnetwork.jpg\",\"url\":\"https:\\\/\\\/rafaramirez.org\\\/blog\\\/wp-content\\\/uploads\\\/2024\\\/09\\\/RR_socialnetwork.jpg\",\"contentUrl\":\"https:\\\/\\\/rafaramirez.org\\\/blog\\\/wp-content\\\/uploads\\\/2024\\\/09\\\/RR_socialnetwork.jpg\",\"width\":600,\"height\":606,\"caption\":\"Rafael Ram\u00edrez\"},\"logo\":{\"@id\":\"https:\\\/\\\/rafaramirez.org\\\/blog\\\/wp-content\\\/uploads\\\/2024\\\/09\\\/RR_socialnetwork.jpg\"},\"sameAs\":[\"https:\\\/\\\/www.rafaramirez.org\\\/blog\",\"https:\\\/\\\/www.instagram.com\\\/rafaramirez_ok\\\/\",\"https:\\\/\\\/es.pinterest.com\\\/Ramirez_Rafa\\\/\",\"https:\\\/\\\/x.com\\\/rafaramirez_ok\"]},{\"@type\":\"Person\",\"@id\":\"https:\\\/\\\/rafaramirez.org\\\/blog\\\/#\\\/schema\\\/person\\\/8debd05b3d9a1d16fb21af726811617d\",\"name\":\"Documentaci\u00f3n e investigaci\u00f3n\",\"image\":{\"@type\":\"ImageObject\",\"inLanguage\":\"es\",\"@id\":\"https:\\\/\\\/secure.gravatar.com\\\/avatar\\\/fe70e496579a39c7a8fc4982b89275403b1092eb200623138a32daada9416911?s=96&d=mm&r=g\",\"url\":\"https:\\\/\\\/secure.gravatar.com\\\/avatar\\\/fe70e496579a39c7a8fc4982b89275403b1092eb200623138a32daada9416911?s=96&d=mm&r=g\",\"contentUrl\":\"https:\\\/\\\/secure.gravatar.com\\\/avatar\\\/fe70e496579a39c7a8fc4982b89275403b1092eb200623138a32daada9416911?s=96&d=mm&r=g\",\"caption\":\"Documentaci\u00f3n e investigaci\u00f3n\"},\"url\":\"https:\\\/\\\/rafaramirez.org\\\/blog\\\/index.php\\\/author\\\/admin\\\/\"}]}<\/script>\n<!-- \/ Yoast SEO plugin. -->","yoast_head_json":{"title":"Henri de Toulouse-Lautrec, el postimpresionista que destac\u00f3 por el uso expresivo del color. - Blog de Rafael Ram\u00edrez","description":"Henri de Toulouse-Lautrec fue un artista franc\u00e9s fascinante, tanto por su obra como por su vida. Nacido en 1864 en Albi, en el seno de una...","robots":{"index":"index","follow":"follow","max-snippet":"max-snippet:-1","max-image-preview":"max-image-preview:large","max-video-preview":"max-video-preview:-1"},"canonical":"https:\/\/rafaramirez.org\/blog\/index.php\/2025\/07\/16\/henri-de-toulouse-lautrec\/","og_locale":"es_ES","og_type":"article","og_title":"Henri de Toulouse-Lautrec, el postimpresionista que destac\u00f3 por el uso expresivo del color. - Blog de Rafael Ram\u00edrez","og_description":"Henri de Toulouse-Lautrec fue un artista franc\u00e9s fascinante, tanto por su obra como por su vida. Nacido en 1864 en Albi, en el seno de una...","og_url":"https:\/\/rafaramirez.org\/blog\/index.php\/2025\/07\/16\/henri-de-toulouse-lautrec\/","og_site_name":"Blog de Rafael Ram\u00edrez","article_published_time":"2025-07-16T08:01:34+00:00","article_modified_time":"2026-07-14T09:42:59+00:00","og_image":[{"width":720,"height":440,"url":"https:\/\/rafaramirez.org\/blog\/wp-content\/uploads\/2025\/07\/Henri-de-Toulouse-Lautrec_bannerblog.jpg","type":"image\/jpeg"}],"author":"Documentaci\u00f3n e investigaci\u00f3n","twitter_card":"summary_large_image","twitter_site":"@rafaramirez_ok","twitter_misc":{"Escrito por":"Documentaci\u00f3n e investigaci\u00f3n","Tiempo de lectura":"10 minutos"},"schema":{"@context":"https:\/\/schema.org","@graph":[{"@type":"Article","@id":"https:\/\/rafaramirez.org\/blog\/index.php\/2025\/07\/16\/henri-de-toulouse-lautrec\/#article","isPartOf":{"@id":"https:\/\/rafaramirez.org\/blog\/index.php\/2025\/07\/16\/henri-de-toulouse-lautrec\/"},"author":{"name":"Documentaci\u00f3n e investigaci\u00f3n","@id":"https:\/\/rafaramirez.org\/blog\/#\/schema\/person\/8debd05b3d9a1d16fb21af726811617d"},"headline":"Henri de Toulouse-Lautrec, el postimpresionista que destac\u00f3 por el uso expresivo del color.","datePublished":"2025-07-16T08:01:34+00:00","dateModified":"2026-07-14T09:42:59+00:00","mainEntityOfPage":{"@id":"https:\/\/rafaramirez.org\/blog\/index.php\/2025\/07\/16\/henri-de-toulouse-lautrec\/"},"wordCount":1745,"commentCount":0,"publisher":{"@id":"https:\/\/rafaramirez.org\/blog\/#\/schema\/person\/50f43b6d60c578760d4c17bda54ab6a5"},"image":{"@id":"https:\/\/rafaramirez.org\/blog\/index.php\/2025\/07\/16\/henri-de-toulouse-lautrec\/#primaryimage"},"thumbnailUrl":"https:\/\/rafaramirez.org\/blog\/wp-content\/uploads\/2025\/07\/Henri-de-Toulouse-Lautrec_bannerblog.jpg","keywords":["biograf\u00eda de Henri de Toulouse-Lautrec","biograf\u00eda de pintores","Henri de Toulouse-Lautrec","historia de la pintura","historia del arte"],"articleSection":["Historia del arte"],"inLanguage":"es","potentialAction":[{"@type":"CommentAction","name":"Comment","target":["https:\/\/rafaramirez.org\/blog\/index.php\/2025\/07\/16\/henri-de-toulouse-lautrec\/#respond"]}]},{"@type":"WebPage","@id":"https:\/\/rafaramirez.org\/blog\/index.php\/2025\/07\/16\/henri-de-toulouse-lautrec\/","url":"https:\/\/rafaramirez.org\/blog\/index.php\/2025\/07\/16\/henri-de-toulouse-lautrec\/","name":"Henri de Toulouse-Lautrec, el postimpresionista que destac\u00f3 por el uso expresivo del color. - Blog de Rafael Ram\u00edrez","isPartOf":{"@id":"https:\/\/rafaramirez.org\/blog\/#website"},"primaryImageOfPage":{"@id":"https:\/\/rafaramirez.org\/blog\/index.php\/2025\/07\/16\/henri-de-toulouse-lautrec\/#primaryimage"},"image":{"@id":"https:\/\/rafaramirez.org\/blog\/index.php\/2025\/07\/16\/henri-de-toulouse-lautrec\/#primaryimage"},"thumbnailUrl":"https:\/\/rafaramirez.org\/blog\/wp-content\/uploads\/2025\/07\/Henri-de-Toulouse-Lautrec_bannerblog.jpg","datePublished":"2025-07-16T08:01:34+00:00","dateModified":"2026-07-14T09:42:59+00:00","description":"Henri de Toulouse-Lautrec fue un artista franc\u00e9s fascinante, tanto por su obra como por su vida. Nacido en 1864 en Albi, en el seno de una...","breadcrumb":{"@id":"https:\/\/rafaramirez.org\/blog\/index.php\/2025\/07\/16\/henri-de-toulouse-lautrec\/#breadcrumb"},"inLanguage":"es","potentialAction":[{"@type":"ReadAction","target":["https:\/\/rafaramirez.org\/blog\/index.php\/2025\/07\/16\/henri-de-toulouse-lautrec\/"]}]},{"@type":"ImageObject","inLanguage":"es","@id":"https:\/\/rafaramirez.org\/blog\/index.php\/2025\/07\/16\/henri-de-toulouse-lautrec\/#primaryimage","url":"https:\/\/rafaramirez.org\/blog\/wp-content\/uploads\/2025\/07\/Henri-de-Toulouse-Lautrec_bannerblog.jpg","contentUrl":"https:\/\/rafaramirez.org\/blog\/wp-content\/uploads\/2025\/07\/Henri-de-Toulouse-Lautrec_bannerblog.jpg","width":720,"height":440,"caption":"Henri de Toulouse-Lautrec. Maestros de la pintura. Blog de Rafael Ram\u00edrez."},{"@type":"BreadcrumbList","@id":"https:\/\/rafaramirez.org\/blog\/index.php\/2025\/07\/16\/henri-de-toulouse-lautrec\/#breadcrumb","itemListElement":[{"@type":"ListItem","position":1,"name":"Portada","item":"https:\/\/rafaramirez.org\/blog\/"},{"@type":"ListItem","position":2,"name":"Henri de Toulouse-Lautrec, el postimpresionista que destac\u00f3 por el uso expresivo del color."}]},{"@type":"WebSite","@id":"https:\/\/rafaramirez.org\/blog\/#website","url":"https:\/\/rafaramirez.org\/blog\/","name":"Blog de Rafael Ram\u00edrez","description":"Un sitio social, de arte y cultura","publisher":{"@id":"https:\/\/rafaramirez.org\/blog\/#\/schema\/person\/50f43b6d60c578760d4c17bda54ab6a5"},"potentialAction":[{"@type":"SearchAction","target":{"@type":"EntryPoint","urlTemplate":"https:\/\/rafaramirez.org\/blog\/?s={search_term_string}"},"query-input":{"@type":"PropertyValueSpecification","valueRequired":true,"valueName":"search_term_string"}}],"inLanguage":"es"},{"@type":["Person","Organization"],"@id":"https:\/\/rafaramirez.org\/blog\/#\/schema\/person\/50f43b6d60c578760d4c17bda54ab6a5","name":"Rafael Ram\u00edrez","image":{"@type":"ImageObject","inLanguage":"es","@id":"https:\/\/rafaramirez.org\/blog\/wp-content\/uploads\/2024\/09\/RR_socialnetwork.jpg","url":"https:\/\/rafaramirez.org\/blog\/wp-content\/uploads\/2024\/09\/RR_socialnetwork.jpg","contentUrl":"https:\/\/rafaramirez.org\/blog\/wp-content\/uploads\/2024\/09\/RR_socialnetwork.jpg","width":600,"height":606,"caption":"Rafael Ram\u00edrez"},"logo":{"@id":"https:\/\/rafaramirez.org\/blog\/wp-content\/uploads\/2024\/09\/RR_socialnetwork.jpg"},"sameAs":["https:\/\/www.rafaramirez.org\/blog","https:\/\/www.instagram.com\/rafaramirez_ok\/","https:\/\/es.pinterest.com\/Ramirez_Rafa\/","https:\/\/x.com\/rafaramirez_ok"]},{"@type":"Person","@id":"https:\/\/rafaramirez.org\/blog\/#\/schema\/person\/8debd05b3d9a1d16fb21af726811617d","name":"Documentaci\u00f3n e investigaci\u00f3n","image":{"@type":"ImageObject","inLanguage":"es","@id":"https:\/\/secure.gravatar.com\/avatar\/fe70e496579a39c7a8fc4982b89275403b1092eb200623138a32daada9416911?s=96&d=mm&r=g","url":"https:\/\/secure.gravatar.com\/avatar\/fe70e496579a39c7a8fc4982b89275403b1092eb200623138a32daada9416911?s=96&d=mm&r=g","contentUrl":"https:\/\/secure.gravatar.com\/avatar\/fe70e496579a39c7a8fc4982b89275403b1092eb200623138a32daada9416911?s=96&d=mm&r=g","caption":"Documentaci\u00f3n e investigaci\u00f3n"},"url":"https:\/\/rafaramirez.org\/blog\/index.php\/author\/admin\/"}]}},"jetpack_publicize_connections":[],"jetpack_sharing_enabled":true,"jetpack_likes_enabled":true,"jetpack_featured_media_url":"https:\/\/rafaramirez.org\/blog\/wp-content\/uploads\/2025\/07\/Henri-de-Toulouse-Lautrec_bannerblog.jpg","_links":{"self":[{"href":"https:\/\/rafaramirez.org\/blog\/index.php\/wp-json\/wp\/v2\/posts\/9785","targetHints":{"allow":["GET"]}}],"collection":[{"href":"https:\/\/rafaramirez.org\/blog\/index.php\/wp-json\/wp\/v2\/posts"}],"about":[{"href":"https:\/\/rafaramirez.org\/blog\/index.php\/wp-json\/wp\/v2\/types\/post"}],"author":[{"embeddable":true,"href":"https:\/\/rafaramirez.org\/blog\/index.php\/wp-json\/wp\/v2\/users\/3"}],"replies":[{"embeddable":true,"href":"https:\/\/rafaramirez.org\/blog\/index.php\/wp-json\/wp\/v2\/comments?post=9785"}],"version-history":[{"count":10,"href":"https:\/\/rafaramirez.org\/blog\/index.php\/wp-json\/wp\/v2\/posts\/9785\/revisions"}],"predecessor-version":[{"id":11646,"href":"https:\/\/rafaramirez.org\/blog\/index.php\/wp-json\/wp\/v2\/posts\/9785\/revisions\/11646"}],"wp:featuredmedia":[{"embeddable":true,"href":"https:\/\/rafaramirez.org\/blog\/index.php\/wp-json\/wp\/v2\/media\/9792"}],"wp:attachment":[{"href":"https:\/\/rafaramirez.org\/blog\/index.php\/wp-json\/wp\/v2\/media?parent=9785"}],"wp:term":[{"taxonomy":"category","embeddable":true,"href":"https:\/\/rafaramirez.org\/blog\/index.php\/wp-json\/wp\/v2\/categories?post=9785"},{"taxonomy":"post_tag","embeddable":true,"href":"https:\/\/rafaramirez.org\/blog\/index.php\/wp-json\/wp\/v2\/tags?post=9785"}],"curies":[{"name":"wp","href":"https:\/\/api.w.org\/{rel}","templated":true}]}}