{"id":9765,"date":"2025-07-14T08:00:56","date_gmt":"2025-07-14T06:00:56","guid":{"rendered":"https:\/\/rafaramirez.org\/blog\/?p=9765"},"modified":"2025-06-19T13:15:45","modified_gmt":"2025-06-19T11:15:45","slug":"beldad-palabra-bonita-significado-e-historia","status":"publish","type":"post","link":"https:\/\/rafaramirez.org\/blog\/index.php\/2025\/07\/14\/beldad-palabra-bonita-significado-e-historia\/","title":{"rendered":"\u00abBeldad\u00bb palabra bonita en nuestro proyecto. Te cuento su significado e historia."},"content":{"rendered":"<p>En esta ocasi\u00f3n, la palabra bonita de nuestro proyecto es <strong>\u00abbeldad\u00bb<\/strong>, un t\u00e9rmino que encierra la esencia de la belleza y que resalta con elegancia y naturalidad las cualidades f\u00edsicas y, en ocasiones, la gracia interior de una persona, sobre todo cuando se refiere a la feminidad. Tradicionalmente, se ha empleado de forma halag\u00fce\u00f1a para exaltar una belleza innata, sin artificios, que evoca sentimientos de admiraci\u00f3n y ternura. Este vocablo se asocia a menudo a contextos literarios, art\u00edsticos e incluso cinematogr\u00e1ficos para destacar a mujeres cuya apariencia y porte dejan una huella imborrable.<\/p>\n<h3>Etimolog\u00eda e historia.<\/h3>\n<p>Su etimolog\u00eda es especialmente interesante. La palabra proviene del lat\u00edn <strong><em>bellitas<\/em><\/strong> (o <strong><em>bell\u012btatis<\/em><\/strong>), que resulta de la aplicaci\u00f3n del sufijo abstractivo -tas al adjetivo <em><strong>bellus<\/strong><\/em>, que significa \u00abbello\u00bb. De este modo, bellitas se traduce literalmente como \u00abla cualidad de ser bello\u00bb. Adem\u00e1s, algunas fuentes se\u00f1alan que en occitano antiguo se empleaba el t\u00e9rmino <strong><em>beltat<\/em><\/strong>, lo que refuerza su conexi\u00f3n con un registro culto y literario. Esta evoluci\u00f3n muestra c\u00f3mo, en la antig\u00fcedad, la noci\u00f3n de belleza se fusiona con la virtud y la bondad, generando sinergias que se han mantenido a lo largo del tiempo.<\/p>\n<p>En cuanto a su historia y evoluci\u00f3n, \u00abbeldad\u00bb fue un t\u00e9rmino mucho m\u00e1s com\u00fan en \u00e9pocas pasadas. Durante el <strong>Renacimiento<\/strong> y el <strong>Siglo de Oro espa\u00f1ol<\/strong>, se usaba en prosas y poes\u00edas de galanter\u00eda para describir de manera exaltada la belleza femenina. Relatos, poemas e incluso descripciones de figuras cinematogr\u00e1ficas \u2014como suced\u00eda en la d\u00e9cada de 1950, cuando actrices como Maureen O\u2019Hara eran enaltecidas como beldades\u2014 evidencian c\u00f3mo este vocablo se convirti\u00f3 en sin\u00f3nimo de un ideal est\u00e9tico y rom\u00e1ntico, casi m\u00edstico.<\/p>\n<h3>La palabra en el \u00e1mbito cultural y literario.<\/h3>\n<p>En el \u00e1mbito de la cultura y la literatura, el t\u00e9rmino \u00abbeldad\u00bb ha dejado una huella imborrable. Poetas, novelistas y ensayistas lo han utilizado para abordar la belleza de la mujer desde una perspectiva que va m\u00e1s all\u00e1 de lo puramente visual, dot\u00e1ndola de una dimensi\u00f3n casi espiritual y sublime. Se utilizaba para narrar amores, para crear im\u00e1genes po\u00e9ticas de una feminidad idealizada (que invita a la admiraci\u00f3n y al deseo) y para contrastar la belleza externa con la interior. Aunque en el uso cotidiano de hoy se le considere un t\u00e9rmino en desuso o arcaico, su presencia en textos cl\u00e1sicos y en estudios sobre la evoluci\u00f3n ling\u00fc\u00edstica y est\u00e9tica sigue siendo motivo de an\u00e1lisis y deleite.<\/p>\n<figure id=\"attachment_9770\" aria-describedby=\"caption-attachment-9770\" style=\"width: 300px\" class=\"wp-caption aligncenter\"><a href=\"https:\/\/rafaramirez.org\/blog\/wp-content\/uploads\/2025\/07\/woman-3551832.jpg\" target=\"_blank\" rel=\"noopener\"><img loading=\"lazy\" decoding=\"async\" class=\"wp-image-9770 size-medium\" src=\"https:\/\/rafaramirez.org\/blog\/wp-content\/uploads\/2025\/07\/woman-3551832-300x199.jpg\" alt=\"&quot;Beldad&quot; palabra bonita en nuestro proyecto. Blog de Rafael Ram\u00edrez.\" width=\"300\" height=\"199\" srcset=\"https:\/\/rafaramirez.org\/blog\/wp-content\/uploads\/2025\/07\/woman-3551832-300x199.jpg 300w, https:\/\/rafaramirez.org\/blog\/wp-content\/uploads\/2025\/07\/woman-3551832-768x509.jpg 768w, https:\/\/rafaramirez.org\/blog\/wp-content\/uploads\/2025\/07\/woman-3551832.jpg 800w\" sizes=\"auto, (max-width: 300px) 100vw, 300px\" \/><\/a><figcaption id=\"caption-attachment-9770\" class=\"wp-caption-text\">\u00abBeldad\u00bb palabra bonita en nuestro proyecto. Blog de Rafael Ram\u00edrez.<\/figcaption><\/figure>\n<p>En resumen, \u00abbeldad\u00bb es una palabra bonita que merece estar en nuestro proyecto ya que fusiona una sonoridad suave y elegante con un origen hist\u00f3rico y etimol\u00f3gico sofisticado, y es un legado ling\u00fc\u00edstico que encapsula no solo la apariencia, sino tambi\u00e9n la fascinaci\u00f3n por aquello que es naturalmente hermoso y admirable.\u00a0 Su recorrido desde el lat\u00edn hasta su uso literario y cultural ilustra la profunda interconexi\u00f3n que, en muchas tradiciones, se establece entre lo bello y lo virtuoso.<\/p>\n<p>M\u00e1s informaci\u00f3n:<\/p>\n<ul>\n<li><a href=\"https:\/\/es.wikipedia.org\/wiki\/Beldad\" target=\"_blank\" rel=\"noopener\">Beldad &#8211; Wikipedia, la enciclopedia libre<\/a>.<\/li>\n<li><a href=\"https:\/\/dle.rae.es\/beldad\" target=\"_blank\" rel=\"noopener\">beldad | Definici\u00f3n | Diccionario de la lengua espa\u00f1ola | RAE &#8211; ASALE<\/a>.<\/li>\n<li><a href=\"https:\/\/rafaramirez.org\/blog\/index.php\/category\/arte\/palabras-bonitas\/\" target=\"_blank\" rel=\"noopener\">Otras palabras bonitas en el proyecto<\/a>.<\/li>\n<\/ul>\n","protected":false},"excerpt":{"rendered":"<p>En esta ocasi\u00f3n, la palabra bonita de nuestro proyecto es \u00abbeldad\u00bb, un t\u00e9rmino que encierra la esencia de la belleza y que resalta con elegancia y naturalidad las cualidades f\u00edsicas y, en ocasiones, la gracia interior de una persona, sobre todo cuando se refiere a la feminidad. Tradicionalmente, se ha empleado de forma halag\u00fce\u00f1a para [&hellip;]<\/p>\n","protected":false},"author":1,"featured_media":9769,"comment_status":"open","ping_status":"closed","sticky":false,"template":"","format":"standard","meta":{"site-container-style":"default","site-container-layout":"default","site-sidebar-layout":"default","disable-article-header":"default","disable-site-header":"default","disable-site-footer":"default","disable-content-area-spacing":"default","_jetpack_newsletter_access":"","_jetpack_dont_email_post_to_subs":false,"_jetpack_newsletter_tier_id":0,"_jetpack_memberships_contains_paywalled_content":false,"_jetpack_feature_clip_id":0,"_jetpack_memberships_contains_paid_content":false,"footnotes":"","jetpack_publicize_message":"","jetpack_publicize_feature_enabled":true,"jetpack_social_post_already_shared":true,"jetpack_social_options":{"image_generator_settings":{"template":"highway","default_image_id":0,"font":"","enabled":false},"version":2},"jetpack_post_was_ever_published":false},"categories":[581],"tags":[4385,4386,346,3326],"class_list":["post-9765","post","type-post","status-publish","format-standard","has-post-thumbnail","hentry","category-palabras-bonitas","tag-beldad","tag-beldad-palabra-bonita","tag-palabras-bonitas","tag-proyecto-palabras-bonitas"],"yoast_head":"<!-- This site is optimized with the Yoast SEO plugin v28.3 - https:\/\/yoast.com\/product\/yoast-seo-wordpress\/ -->\n<title>&quot;Beldad&quot; palabra bonita en nuestro proyecto. Te cuento su significado e historia. - Blog de Rafael Ram\u00edrez<\/title>\n<meta name=\"description\" content=\"En esta ocasi\u00f3n, la palabra bonita de nuestro proyecto es &quot;beldad&quot;, un t\u00e9rmino que encierra la esencia de la belleza y que resalta con...\" \/>\n<meta name=\"robots\" content=\"index, follow, max-snippet:-1, max-image-preview:large, max-video-preview:-1\" \/>\n<link rel=\"canonical\" href=\"https:\/\/rafaramirez.org\/blog\/index.php\/2025\/07\/14\/beldad-palabra-bonita-significado-e-historia\/\" \/>\n<meta property=\"og:locale\" content=\"es_ES\" \/>\n<meta property=\"og:type\" content=\"article\" \/>\n<meta property=\"og:title\" content=\"&quot;Beldad&quot; palabra bonita en nuestro proyecto. Te cuento su significado e historia. - Blog de Rafael Ram\u00edrez\" \/>\n<meta property=\"og:description\" content=\"En esta ocasi\u00f3n, la palabra bonita de nuestro proyecto es &quot;beldad&quot;, un t\u00e9rmino que encierra la esencia de la belleza y que resalta con...\" \/>\n<meta property=\"og:url\" content=\"https:\/\/rafaramirez.org\/blog\/index.php\/2025\/07\/14\/beldad-palabra-bonita-significado-e-historia\/\" \/>\n<meta property=\"og:site_name\" content=\"Blog de Rafael Ram\u00edrez\" \/>\n<meta property=\"article:published_time\" content=\"2025-07-14T06:00:56+00:00\" \/>\n<meta property=\"og:image\" content=\"https:\/\/rafaramirez.org\/blog\/wp-content\/uploads\/2025\/07\/Beldad_palabra_bonita_bannerblog.jpg\" \/>\n\t<meta property=\"og:image:width\" content=\"720\" \/>\n\t<meta property=\"og:image:height\" content=\"440\" \/>\n\t<meta property=\"og:image:type\" content=\"image\/jpeg\" \/>\n<meta name=\"author\" content=\"Rafael Ram\u00edrez\" \/>\n<meta name=\"twitter:card\" content=\"summary_large_image\" \/>\n<meta name=\"twitter:creator\" content=\"@rafaramirez_ok\" \/>\n<meta name=\"twitter:site\" content=\"@rafaramirez_ok\" \/>\n<meta name=\"twitter:label1\" content=\"Escrito por\" \/>\n\t<meta name=\"twitter:data1\" content=\"Rafael Ram\u00edrez\" \/>\n\t<meta name=\"twitter:label2\" content=\"Tiempo de lectura\" \/>\n\t<meta name=\"twitter:data2\" content=\"3 minutos\" \/>\n<script type=\"application\/ld+json\" class=\"yoast-schema-graph\">{\"@context\":\"https:\\\/\\\/schema.org\",\"@graph\":[{\"@type\":\"Article\",\"@id\":\"https:\\\/\\\/rafaramirez.org\\\/blog\\\/index.php\\\/2025\\\/07\\\/14\\\/beldad-palabra-bonita-significado-e-historia\\\/#article\",\"isPartOf\":{\"@id\":\"https:\\\/\\\/rafaramirez.org\\\/blog\\\/index.php\\\/2025\\\/07\\\/14\\\/beldad-palabra-bonita-significado-e-historia\\\/\"},\"author\":{\"name\":\"Rafael Ram\u00edrez\",\"@id\":\"https:\\\/\\\/rafaramirez.org\\\/blog\\\/#\\\/schema\\\/person\\\/50f43b6d60c578760d4c17bda54ab6a5\"},\"headline\":\"\u00abBeldad\u00bb palabra bonita en nuestro proyecto. Te cuento su significado e historia.\",\"datePublished\":\"2025-07-14T06:00:56+00:00\",\"mainEntityOfPage\":{\"@id\":\"https:\\\/\\\/rafaramirez.org\\\/blog\\\/index.php\\\/2025\\\/07\\\/14\\\/beldad-palabra-bonita-significado-e-historia\\\/\"},\"wordCount\":590,\"commentCount\":0,\"publisher\":{\"@id\":\"https:\\\/\\\/rafaramirez.org\\\/blog\\\/#\\\/schema\\\/person\\\/50f43b6d60c578760d4c17bda54ab6a5\"},\"image\":{\"@id\":\"https:\\\/\\\/rafaramirez.org\\\/blog\\\/index.php\\\/2025\\\/07\\\/14\\\/beldad-palabra-bonita-significado-e-historia\\\/#primaryimage\"},\"thumbnailUrl\":\"https:\\\/\\\/rafaramirez.org\\\/blog\\\/wp-content\\\/uploads\\\/2025\\\/07\\\/Beldad_palabra_bonita_bannerblog.jpg\",\"keywords\":[\"Beldad\",\"beldad palabra bonita\",\"palabras bonitas\",\"proyecto palabras bonitas\"],\"articleSection\":[\"Proyecto Palabras Bonitas\"],\"inLanguage\":\"es\",\"potentialAction\":[{\"@type\":\"CommentAction\",\"name\":\"Comment\",\"target\":[\"https:\\\/\\\/rafaramirez.org\\\/blog\\\/index.php\\\/2025\\\/07\\\/14\\\/beldad-palabra-bonita-significado-e-historia\\\/#respond\"]}]},{\"@type\":\"WebPage\",\"@id\":\"https:\\\/\\\/rafaramirez.org\\\/blog\\\/index.php\\\/2025\\\/07\\\/14\\\/beldad-palabra-bonita-significado-e-historia\\\/\",\"url\":\"https:\\\/\\\/rafaramirez.org\\\/blog\\\/index.php\\\/2025\\\/07\\\/14\\\/beldad-palabra-bonita-significado-e-historia\\\/\",\"name\":\"\\\"Beldad\\\" palabra bonita en nuestro proyecto. Te cuento su significado e historia. - Blog de Rafael Ram\u00edrez\",\"isPartOf\":{\"@id\":\"https:\\\/\\\/rafaramirez.org\\\/blog\\\/#website\"},\"primaryImageOfPage\":{\"@id\":\"https:\\\/\\\/rafaramirez.org\\\/blog\\\/index.php\\\/2025\\\/07\\\/14\\\/beldad-palabra-bonita-significado-e-historia\\\/#primaryimage\"},\"image\":{\"@id\":\"https:\\\/\\\/rafaramirez.org\\\/blog\\\/index.php\\\/2025\\\/07\\\/14\\\/beldad-palabra-bonita-significado-e-historia\\\/#primaryimage\"},\"thumbnailUrl\":\"https:\\\/\\\/rafaramirez.org\\\/blog\\\/wp-content\\\/uploads\\\/2025\\\/07\\\/Beldad_palabra_bonita_bannerblog.jpg\",\"datePublished\":\"2025-07-14T06:00:56+00:00\",\"description\":\"En esta ocasi\u00f3n, la palabra bonita de nuestro proyecto es \\\"beldad\\\", un t\u00e9rmino que encierra la esencia de la belleza y que resalta con...\",\"breadcrumb\":{\"@id\":\"https:\\\/\\\/rafaramirez.org\\\/blog\\\/index.php\\\/2025\\\/07\\\/14\\\/beldad-palabra-bonita-significado-e-historia\\\/#breadcrumb\"},\"inLanguage\":\"es\",\"potentialAction\":[{\"@type\":\"ReadAction\",\"target\":[\"https:\\\/\\\/rafaramirez.org\\\/blog\\\/index.php\\\/2025\\\/07\\\/14\\\/beldad-palabra-bonita-significado-e-historia\\\/\"]}]},{\"@type\":\"ImageObject\",\"inLanguage\":\"es\",\"@id\":\"https:\\\/\\\/rafaramirez.org\\\/blog\\\/index.php\\\/2025\\\/07\\\/14\\\/beldad-palabra-bonita-significado-e-historia\\\/#primaryimage\",\"url\":\"https:\\\/\\\/rafaramirez.org\\\/blog\\\/wp-content\\\/uploads\\\/2025\\\/07\\\/Beldad_palabra_bonita_bannerblog.jpg\",\"contentUrl\":\"https:\\\/\\\/rafaramirez.org\\\/blog\\\/wp-content\\\/uploads\\\/2025\\\/07\\\/Beldad_palabra_bonita_bannerblog.jpg\",\"width\":720,\"height\":440,\"caption\":\"\\\"Beldad\\\" palabra bonita en nuestro proyecto. Blog de Rafael Ram\u00edrez.\"},{\"@type\":\"BreadcrumbList\",\"@id\":\"https:\\\/\\\/rafaramirez.org\\\/blog\\\/index.php\\\/2025\\\/07\\\/14\\\/beldad-palabra-bonita-significado-e-historia\\\/#breadcrumb\",\"itemListElement\":[{\"@type\":\"ListItem\",\"position\":1,\"name\":\"Portada\",\"item\":\"https:\\\/\\\/rafaramirez.org\\\/blog\\\/\"},{\"@type\":\"ListItem\",\"position\":2,\"name\":\"\u00abBeldad\u00bb palabra bonita en nuestro proyecto. Te cuento su significado e historia.\"}]},{\"@type\":\"WebSite\",\"@id\":\"https:\\\/\\\/rafaramirez.org\\\/blog\\\/#website\",\"url\":\"https:\\\/\\\/rafaramirez.org\\\/blog\\\/\",\"name\":\"Blog de Rafael Ram\u00edrez\",\"description\":\"Un sitio social, de arte y cultura\",\"publisher\":{\"@id\":\"https:\\\/\\\/rafaramirez.org\\\/blog\\\/#\\\/schema\\\/person\\\/50f43b6d60c578760d4c17bda54ab6a5\"},\"potentialAction\":[{\"@type\":\"SearchAction\",\"target\":{\"@type\":\"EntryPoint\",\"urlTemplate\":\"https:\\\/\\\/rafaramirez.org\\\/blog\\\/?s={search_term_string}\"},\"query-input\":{\"@type\":\"PropertyValueSpecification\",\"valueRequired\":true,\"valueName\":\"search_term_string\"}}],\"inLanguage\":\"es\"},{\"@type\":[\"Person\",\"Organization\"],\"@id\":\"https:\\\/\\\/rafaramirez.org\\\/blog\\\/#\\\/schema\\\/person\\\/50f43b6d60c578760d4c17bda54ab6a5\",\"name\":\"Rafael Ram\u00edrez\",\"image\":{\"@type\":\"ImageObject\",\"inLanguage\":\"es\",\"@id\":\"https:\\\/\\\/rafaramirez.org\\\/blog\\\/wp-content\\\/uploads\\\/2024\\\/09\\\/RR_socialnetwork.jpg\",\"url\":\"https:\\\/\\\/rafaramirez.org\\\/blog\\\/wp-content\\\/uploads\\\/2024\\\/09\\\/RR_socialnetwork.jpg\",\"contentUrl\":\"https:\\\/\\\/rafaramirez.org\\\/blog\\\/wp-content\\\/uploads\\\/2024\\\/09\\\/RR_socialnetwork.jpg\",\"width\":600,\"height\":606,\"caption\":\"Rafael Ram\u00edrez\"},\"logo\":{\"@id\":\"https:\\\/\\\/rafaramirez.org\\\/blog\\\/wp-content\\\/uploads\\\/2024\\\/09\\\/RR_socialnetwork.jpg\"},\"sameAs\":[\"https:\\\/\\\/www.rafaramirez.org\\\/blog\",\"https:\\\/\\\/www.instagram.com\\\/rafaramirez_ok\\\/\",\"https:\\\/\\\/es.pinterest.com\\\/Ramirez_Rafa\\\/\",\"https:\\\/\\\/x.com\\\/rafaramirez_ok\"],\"url\":\"https:\\\/\\\/rafaramirez.org\\\/blog\\\/index.php\\\/author\\\/rafaell_qm6j97da\\\/\"}]}<\/script>\n<!-- \/ Yoast SEO plugin. -->","yoast_head_json":{"title":"\"Beldad\" palabra bonita en nuestro proyecto. Te cuento su significado e historia. - Blog de Rafael Ram\u00edrez","description":"En esta ocasi\u00f3n, la palabra bonita de nuestro proyecto es \"beldad\", un t\u00e9rmino que encierra la esencia de la belleza y que resalta con...","robots":{"index":"index","follow":"follow","max-snippet":"max-snippet:-1","max-image-preview":"max-image-preview:large","max-video-preview":"max-video-preview:-1"},"canonical":"https:\/\/rafaramirez.org\/blog\/index.php\/2025\/07\/14\/beldad-palabra-bonita-significado-e-historia\/","og_locale":"es_ES","og_type":"article","og_title":"\"Beldad\" palabra bonita en nuestro proyecto. Te cuento su significado e historia. - Blog de Rafael Ram\u00edrez","og_description":"En esta ocasi\u00f3n, la palabra bonita de nuestro proyecto es \"beldad\", un t\u00e9rmino que encierra la esencia de la belleza y que resalta con...","og_url":"https:\/\/rafaramirez.org\/blog\/index.php\/2025\/07\/14\/beldad-palabra-bonita-significado-e-historia\/","og_site_name":"Blog de Rafael Ram\u00edrez","article_published_time":"2025-07-14T06:00:56+00:00","og_image":[{"width":720,"height":440,"url":"https:\/\/rafaramirez.org\/blog\/wp-content\/uploads\/2025\/07\/Beldad_palabra_bonita_bannerblog.jpg","type":"image\/jpeg"}],"author":"Rafael Ram\u00edrez","twitter_card":"summary_large_image","twitter_creator":"@rafaramirez_ok","twitter_site":"@rafaramirez_ok","twitter_misc":{"Escrito por":"Rafael Ram\u00edrez","Tiempo de lectura":"3 minutos"},"schema":{"@context":"https:\/\/schema.org","@graph":[{"@type":"Article","@id":"https:\/\/rafaramirez.org\/blog\/index.php\/2025\/07\/14\/beldad-palabra-bonita-significado-e-historia\/#article","isPartOf":{"@id":"https:\/\/rafaramirez.org\/blog\/index.php\/2025\/07\/14\/beldad-palabra-bonita-significado-e-historia\/"},"author":{"name":"Rafael Ram\u00edrez","@id":"https:\/\/rafaramirez.org\/blog\/#\/schema\/person\/50f43b6d60c578760d4c17bda54ab6a5"},"headline":"\u00abBeldad\u00bb palabra bonita en nuestro proyecto. Te cuento su significado e historia.","datePublished":"2025-07-14T06:00:56+00:00","mainEntityOfPage":{"@id":"https:\/\/rafaramirez.org\/blog\/index.php\/2025\/07\/14\/beldad-palabra-bonita-significado-e-historia\/"},"wordCount":590,"commentCount":0,"publisher":{"@id":"https:\/\/rafaramirez.org\/blog\/#\/schema\/person\/50f43b6d60c578760d4c17bda54ab6a5"},"image":{"@id":"https:\/\/rafaramirez.org\/blog\/index.php\/2025\/07\/14\/beldad-palabra-bonita-significado-e-historia\/#primaryimage"},"thumbnailUrl":"https:\/\/rafaramirez.org\/blog\/wp-content\/uploads\/2025\/07\/Beldad_palabra_bonita_bannerblog.jpg","keywords":["Beldad","beldad palabra bonita","palabras bonitas","proyecto palabras bonitas"],"articleSection":["Proyecto Palabras Bonitas"],"inLanguage":"es","potentialAction":[{"@type":"CommentAction","name":"Comment","target":["https:\/\/rafaramirez.org\/blog\/index.php\/2025\/07\/14\/beldad-palabra-bonita-significado-e-historia\/#respond"]}]},{"@type":"WebPage","@id":"https:\/\/rafaramirez.org\/blog\/index.php\/2025\/07\/14\/beldad-palabra-bonita-significado-e-historia\/","url":"https:\/\/rafaramirez.org\/blog\/index.php\/2025\/07\/14\/beldad-palabra-bonita-significado-e-historia\/","name":"\"Beldad\" palabra bonita en nuestro proyecto. Te cuento su significado e historia. - Blog de Rafael Ram\u00edrez","isPartOf":{"@id":"https:\/\/rafaramirez.org\/blog\/#website"},"primaryImageOfPage":{"@id":"https:\/\/rafaramirez.org\/blog\/index.php\/2025\/07\/14\/beldad-palabra-bonita-significado-e-historia\/#primaryimage"},"image":{"@id":"https:\/\/rafaramirez.org\/blog\/index.php\/2025\/07\/14\/beldad-palabra-bonita-significado-e-historia\/#primaryimage"},"thumbnailUrl":"https:\/\/rafaramirez.org\/blog\/wp-content\/uploads\/2025\/07\/Beldad_palabra_bonita_bannerblog.jpg","datePublished":"2025-07-14T06:00:56+00:00","description":"En esta ocasi\u00f3n, la palabra bonita de nuestro proyecto es \"beldad\", un t\u00e9rmino que encierra la esencia de la belleza y que resalta con...","breadcrumb":{"@id":"https:\/\/rafaramirez.org\/blog\/index.php\/2025\/07\/14\/beldad-palabra-bonita-significado-e-historia\/#breadcrumb"},"inLanguage":"es","potentialAction":[{"@type":"ReadAction","target":["https:\/\/rafaramirez.org\/blog\/index.php\/2025\/07\/14\/beldad-palabra-bonita-significado-e-historia\/"]}]},{"@type":"ImageObject","inLanguage":"es","@id":"https:\/\/rafaramirez.org\/blog\/index.php\/2025\/07\/14\/beldad-palabra-bonita-significado-e-historia\/#primaryimage","url":"https:\/\/rafaramirez.org\/blog\/wp-content\/uploads\/2025\/07\/Beldad_palabra_bonita_bannerblog.jpg","contentUrl":"https:\/\/rafaramirez.org\/blog\/wp-content\/uploads\/2025\/07\/Beldad_palabra_bonita_bannerblog.jpg","width":720,"height":440,"caption":"\"Beldad\" palabra bonita en nuestro proyecto. Blog de Rafael Ram\u00edrez."},{"@type":"BreadcrumbList","@id":"https:\/\/rafaramirez.org\/blog\/index.php\/2025\/07\/14\/beldad-palabra-bonita-significado-e-historia\/#breadcrumb","itemListElement":[{"@type":"ListItem","position":1,"name":"Portada","item":"https:\/\/rafaramirez.org\/blog\/"},{"@type":"ListItem","position":2,"name":"\u00abBeldad\u00bb palabra bonita en nuestro proyecto. Te cuento su significado e historia."}]},{"@type":"WebSite","@id":"https:\/\/rafaramirez.org\/blog\/#website","url":"https:\/\/rafaramirez.org\/blog\/","name":"Blog de Rafael Ram\u00edrez","description":"Un sitio social, de arte y cultura","publisher":{"@id":"https:\/\/rafaramirez.org\/blog\/#\/schema\/person\/50f43b6d60c578760d4c17bda54ab6a5"},"potentialAction":[{"@type":"SearchAction","target":{"@type":"EntryPoint","urlTemplate":"https:\/\/rafaramirez.org\/blog\/?s={search_term_string}"},"query-input":{"@type":"PropertyValueSpecification","valueRequired":true,"valueName":"search_term_string"}}],"inLanguage":"es"},{"@type":["Person","Organization"],"@id":"https:\/\/rafaramirez.org\/blog\/#\/schema\/person\/50f43b6d60c578760d4c17bda54ab6a5","name":"Rafael Ram\u00edrez","image":{"@type":"ImageObject","inLanguage":"es","@id":"https:\/\/rafaramirez.org\/blog\/wp-content\/uploads\/2024\/09\/RR_socialnetwork.jpg","url":"https:\/\/rafaramirez.org\/blog\/wp-content\/uploads\/2024\/09\/RR_socialnetwork.jpg","contentUrl":"https:\/\/rafaramirez.org\/blog\/wp-content\/uploads\/2024\/09\/RR_socialnetwork.jpg","width":600,"height":606,"caption":"Rafael Ram\u00edrez"},"logo":{"@id":"https:\/\/rafaramirez.org\/blog\/wp-content\/uploads\/2024\/09\/RR_socialnetwork.jpg"},"sameAs":["https:\/\/www.rafaramirez.org\/blog","https:\/\/www.instagram.com\/rafaramirez_ok\/","https:\/\/es.pinterest.com\/Ramirez_Rafa\/","https:\/\/x.com\/rafaramirez_ok"],"url":"https:\/\/rafaramirez.org\/blog\/index.php\/author\/rafaell_qm6j97da\/"}]}},"jetpack_publicize_connections":[],"jetpack_sharing_enabled":true,"jetpack_likes_enabled":true,"jetpack_featured_media_url":"https:\/\/rafaramirez.org\/blog\/wp-content\/uploads\/2025\/07\/Beldad_palabra_bonita_bannerblog.jpg","_links":{"self":[{"href":"https:\/\/rafaramirez.org\/blog\/index.php\/wp-json\/wp\/v2\/posts\/9765","targetHints":{"allow":["GET"]}}],"collection":[{"href":"https:\/\/rafaramirez.org\/blog\/index.php\/wp-json\/wp\/v2\/posts"}],"about":[{"href":"https:\/\/rafaramirez.org\/blog\/index.php\/wp-json\/wp\/v2\/types\/post"}],"author":[{"embeddable":true,"href":"https:\/\/rafaramirez.org\/blog\/index.php\/wp-json\/wp\/v2\/users\/1"}],"replies":[{"embeddable":true,"href":"https:\/\/rafaramirez.org\/blog\/index.php\/wp-json\/wp\/v2\/comments?post=9765"}],"version-history":[{"count":6,"href":"https:\/\/rafaramirez.org\/blog\/index.php\/wp-json\/wp\/v2\/posts\/9765\/revisions"}],"predecessor-version":[{"id":9773,"href":"https:\/\/rafaramirez.org\/blog\/index.php\/wp-json\/wp\/v2\/posts\/9765\/revisions\/9773"}],"wp:featuredmedia":[{"embeddable":true,"href":"https:\/\/rafaramirez.org\/blog\/index.php\/wp-json\/wp\/v2\/media\/9769"}],"wp:attachment":[{"href":"https:\/\/rafaramirez.org\/blog\/index.php\/wp-json\/wp\/v2\/media?parent=9765"}],"wp:term":[{"taxonomy":"category","embeddable":true,"href":"https:\/\/rafaramirez.org\/blog\/index.php\/wp-json\/wp\/v2\/categories?post=9765"},{"taxonomy":"post_tag","embeddable":true,"href":"https:\/\/rafaramirez.org\/blog\/index.php\/wp-json\/wp\/v2\/tags?post=9765"}],"curies":[{"name":"wp","href":"https:\/\/api.w.org\/{rel}","templated":true}]}}