{"id":9760,"date":"2025-07-13T08:00:10","date_gmt":"2025-07-13T06:00:10","guid":{"rendered":"https:\/\/rafaramirez.org\/blog\/?p=9760"},"modified":"2026-06-10T10:25:52","modified_gmt":"2026-06-10T08:25:52","slug":"dia-mundial-del-rock-2025","status":"publish","type":"post","link":"https:\/\/rafaramirez.org\/blog\/index.php\/2025\/07\/13\/dia-mundial-del-rock-2025\/","title":{"rendered":"D\u00eda Mundial del Rock 2025: Live Aid, solidaridad y revoluci\u00f3n musical."},"content":{"rendered":"<p class=\"first-token\" data-sourcepos=\"1:1-1:20\">El <strong>D\u00eda Mundial del Rock<\/strong> se celebra cada 13 de julio para conmemorar el hist\u00f3rico concierto ben\u00e9fico <strong>Live Aid<\/strong>, celebrado el mismo d\u00eda del a\u00f1o 1985. Este evento, ideado por el m\u00fasico y actor irland\u00e9s <strong>Bob Geldof<\/strong>, se llev\u00f3 a cabo simult\u00e1neamente en <strong>Londres y Filadelfia<\/strong> con el objetivo de recaudar fondos <strong>para ayudar a combatir la hambruna que azotaba parte de \u00c1frica<\/strong>, sobre todo Somalia y Etiop\u00eda. La magnitud y el esp\u00edritu de solidaridad que impregnaron ese d\u00eda hicieron que, a partir del a\u00f1o siguiente, el 13 de julio quedara consagrado como una fecha para homenajear el poder unificador y transformador del rock.<\/p>\n<h3>Celebraci\u00f3n.<\/h3>\n<p>A nivel mundial, esta fecha se celebra de diversas formas. En muchos pa\u00edses se organizan retransmisiones en directo de los mejores momentos de Live Aid, se emiten programas especiales y se celebran eventos y conciertos ben\u00e9ficos en bares, clubes y centros culturales que rinden homenaje a la rica historia del rock. Adem\u00e1s, varios festivales internacionales se convierten en escenarios donde la energ\u00eda de este g\u00e9nero se vive intensamente. Por ejemplo, eventos emblem\u00e1ticos como el <strong>Download Festival del Reino Unido<\/strong>, el <strong>Hellfest de Francia<\/strong> y el <strong>Rock in Rio de Brasil<\/strong> atraen a miles de aficionados, impulsando la tradici\u00f3n de celebrar el esp\u00edritu rock en escenarios de gran escala.<\/p>\n<p>En Espa\u00f1a, 2025 se perfila como un a\u00f1o muy emocionante para los seguidores del rock. La agenda cultural incluye una amplia variedad de actividades: desde giras y conciertos de bandas emblem\u00e1ticas y emergentes en <strong>salas ic\u00f3nicas de ciudades como Madrid y Barcelona<\/strong>, hasta festivales de gran envergadura que congregan a multitudes, como los eventos relacionados con el legado del rock y el metal. Adem\u00e1s, muchos bares y clubes organizan noches tem\u00e1ticas, sesiones de karaoke rock y encuentros que no solo rememoran la magnitud del Live Aid, sino que tambi\u00e9n impulsan el talento nuevo y mantienen vivo el esp\u00edritu rebelde y solidario que caracteriza al rock en Espa\u00f1a.<\/p>\n<p>El D\u00eda Mundial del Rock es, por tanto, una invitaci\u00f3n a celebrar no solo una tradici\u00f3n musical, sino tambi\u00e9n la capacidad de la m\u00fasica para unir a las personas en torno a causas y expresiones culturales compartidas.<\/p>\n<h3>Videos del Live Aid 1985.<\/h3>\n<p><iframe loading=\"lazy\" title=\"YouTube video player\" src=\"https:\/\/www.youtube.com\/embed\/JFHC6t13hi0?si=9tFpKKKJZ9U_cuWd\" width=\"560\" height=\"315\" frameborder=\"0\" allowfullscreen=\"allowfullscreen\" data-mce-fragment=\"1\"><\/iframe><\/p>\n<p><iframe loading=\"lazy\" title=\"YouTube video player\" src=\"https:\/\/www.youtube.com\/embed\/zwDjJP_l5AY?si=j5y3MHVakPuzbeEH\" width=\"560\" height=\"315\" frameborder=\"0\" allowfullscreen=\"allowfullscreen\" data-mce-fragment=\"1\"><\/iframe><\/p>\n<p data-sourcepos=\"24:1-24:170\">Si eres fan\u00e1tico del rock, este 13 de julio de 2025 es tu d\u00eda. \u00a1Sube el volumen a tu m\u00fasica favorita, ponte la camiseta de tu grupo o artista preferido y celebra este d\u00eda a lo grande!<\/p>\n<p data-sourcepos=\"24:1-24:170\">M\u00e1s informaci\u00f3n:<\/p>\n<ul>\n<li data-sourcepos=\"24:1-24:170\"><a href=\"https:\/\/es.wikipedia.org\/wiki\/D%C3%ADa_mundial_del_rock\" target=\"_blank\" rel=\"noopener\">Wikipedia.es<\/a><\/li>\n<li data-sourcepos=\"24:1-24:170\"><a href=\"https:\/\/rafaramirez.org\/blog\/index.php\/category\/arte\/efemerides\/\" target=\"_blank\" rel=\"noopener\">Otras efem\u00e9rides destacadas<\/a>.<\/li>\n<li data-sourcepos=\"24:1-24:170\"><a href=\"https:\/\/rafaramirez.org\/blog\/index.php\/category\/arte\/musica\/\" target=\"_blank\" rel=\"noopener\">M\u00e1s m\u00fasica<\/a>.<\/li>\n<\/ul>\n","protected":false},"excerpt":{"rendered":"<p>El D\u00eda Mundial del Rock se celebra cada 13 de julio para conmemorar el hist\u00f3rico concierto ben\u00e9fico Live Aid, celebrado el mismo d\u00eda del a\u00f1o 1985. Este evento, ideado por el m\u00fasico y actor irland\u00e9s Bob Geldof, se llev\u00f3 a cabo simult\u00e1neamente en Londres y Filadelfia con el objetivo de recaudar fondos para ayudar a [&hellip;]<\/p>\n","protected":false},"author":1,"featured_media":9763,"comment_status":"open","ping_status":"closed","sticky":false,"template":"","format":"standard","meta":{"site-container-style":"default","site-container-layout":"default","site-sidebar-layout":"default","disable-article-header":"default","disable-site-header":"default","disable-site-footer":"default","disable-content-area-spacing":"default","_jetpack_newsletter_access":"","_jetpack_dont_email_post_to_subs":false,"_jetpack_newsletter_tier_id":0,"_jetpack_memberships_contains_paywalled_content":false,"_jetpack_feature_clip_id":0,"_jetpack_memberships_contains_paid_content":false,"footnotes":"","jetpack_publicize_message":"","jetpack_publicize_feature_enabled":true,"jetpack_social_post_already_shared":true,"jetpack_social_options":{"image_generator_settings":{"template":"highway","default_image_id":0,"font":"","enabled":false},"version":2},"jetpack_post_was_ever_published":false},"categories":[1291,709],"tags":[2733,1958,1298,2734,2091,2735,2739,2732,1323,2062,2064,2737,724,2736,272,2740,309,2515,729,2741,2738,731],"class_list":["post-9760","post","type-post","status-publish","format-standard","has-post-thumbnail","hentry","category-efemerides","category-musica","tag-13-de-julio","tag-1958","tag-conciertos-beneficos","tag-conciertos-de-musica","tag-conciertos-en-vivo","tag-conciertos-famosos","tag-david-bowie","tag-dia-mundial-del-rock","tag-efemerides","tag-elton-john","tag-eric-clapton","tag-etiopia","tag-historia-de-la-musica","tag-live-aid-1985","tag-madonna","tag-mick-jagger","tag-musica","tag-musica-recomendada","tag-queen","tag-sade","tag-somalia","tag-u2"],"yoast_head":"<!-- This site is optimized with the Yoast SEO plugin v28.4 - https:\/\/yoast.com\/product\/yoast-seo-wordpress\/ -->\n<title>D\u00eda Mundial del Rock 2025: Live Aid, solidaridad y revoluci\u00f3n musical. - Blog de Rafael Ram\u00edrez<\/title>\n<meta name=\"description\" content=\"El D\u00eda Mundial del Rock 2025 se celebra este 13 de julio para conmemorar el hist\u00f3rico concierto Live Aid, celebrado el mismo d\u00eda del a\u00f1o 1985\" \/>\n<meta name=\"robots\" content=\"index, follow, max-snippet:-1, max-image-preview:large, max-video-preview:-1\" \/>\n<link rel=\"canonical\" href=\"https:\/\/rafaramirez.org\/blog\/index.php\/2025\/07\/13\/dia-mundial-del-rock-2025\/\" \/>\n<meta property=\"og:locale\" content=\"es_ES\" \/>\n<meta property=\"og:type\" content=\"article\" \/>\n<meta property=\"og:title\" content=\"D\u00eda Mundial del Rock 2025: Live Aid, solidaridad y revoluci\u00f3n musical. - Blog de Rafael Ram\u00edrez\" \/>\n<meta property=\"og:description\" content=\"El D\u00eda Mundial del Rock 2025 se celebra este 13 de julio para conmemorar el hist\u00f3rico concierto Live Aid, celebrado el mismo d\u00eda del a\u00f1o 1985\" \/>\n<meta property=\"og:url\" content=\"https:\/\/rafaramirez.org\/blog\/index.php\/2025\/07\/13\/dia-mundial-del-rock-2025\/\" \/>\n<meta property=\"og:site_name\" content=\"Blog de Rafael Ram\u00edrez\" \/>\n<meta property=\"article:published_time\" content=\"2025-07-13T06:00:10+00:00\" \/>\n<meta property=\"article:modified_time\" content=\"2026-06-10T08:25:52+00:00\" \/>\n<meta property=\"og:image\" content=\"https:\/\/rafaramirez.org\/blog\/wp-content\/uploads\/2025\/07\/Dia_Mundial_del_Rock_bannerblog.jpg\" \/>\n\t<meta property=\"og:image:width\" content=\"720\" \/>\n\t<meta property=\"og:image:height\" content=\"440\" \/>\n\t<meta property=\"og:image:type\" content=\"image\/jpeg\" \/>\n<meta name=\"author\" content=\"Rafael Ram\u00edrez\" \/>\n<meta name=\"twitter:card\" content=\"summary_large_image\" \/>\n<meta name=\"twitter:creator\" content=\"@rafaramirez_ok\" \/>\n<meta name=\"twitter:site\" content=\"@rafaramirez_ok\" \/>\n<meta name=\"twitter:label1\" content=\"Escrito por\" \/>\n\t<meta name=\"twitter:data1\" content=\"Rafael Ram\u00edrez\" \/>\n\t<meta name=\"twitter:label2\" content=\"Tiempo de lectura\" \/>\n\t<meta name=\"twitter:data2\" content=\"3 minutos\" \/>\n<script type=\"application\/ld+json\" class=\"yoast-schema-graph\">{\"@context\":\"https:\\\/\\\/schema.org\",\"@graph\":[{\"@type\":\"Article\",\"@id\":\"https:\\\/\\\/rafaramirez.org\\\/blog\\\/index.php\\\/2025\\\/07\\\/13\\\/dia-mundial-del-rock-2025\\\/#article\",\"isPartOf\":{\"@id\":\"https:\\\/\\\/rafaramirez.org\\\/blog\\\/index.php\\\/2025\\\/07\\\/13\\\/dia-mundial-del-rock-2025\\\/\"},\"author\":{\"name\":\"Rafael Ram\u00edrez\",\"@id\":\"https:\\\/\\\/rafaramirez.org\\\/blog\\\/#\\\/schema\\\/person\\\/50f43b6d60c578760d4c17bda54ab6a5\"},\"headline\":\"D\u00eda Mundial del Rock 2025: Live Aid, solidaridad y revoluci\u00f3n musical.\",\"datePublished\":\"2025-07-13T06:00:10+00:00\",\"dateModified\":\"2026-06-10T08:25:52+00:00\",\"mainEntityOfPage\":{\"@id\":\"https:\\\/\\\/rafaramirez.org\\\/blog\\\/index.php\\\/2025\\\/07\\\/13\\\/dia-mundial-del-rock-2025\\\/\"},\"wordCount\":457,\"commentCount\":0,\"publisher\":{\"@id\":\"https:\\\/\\\/rafaramirez.org\\\/blog\\\/#\\\/schema\\\/person\\\/50f43b6d60c578760d4c17bda54ab6a5\"},\"image\":{\"@id\":\"https:\\\/\\\/rafaramirez.org\\\/blog\\\/index.php\\\/2025\\\/07\\\/13\\\/dia-mundial-del-rock-2025\\\/#primaryimage\"},\"thumbnailUrl\":\"https:\\\/\\\/rafaramirez.org\\\/blog\\\/wp-content\\\/uploads\\\/2025\\\/07\\\/Dia_Mundial_del_Rock_bannerblog.jpg\",\"keywords\":[\"13 de julio\",\"1986\",\"conciertos ben\u00e9ficos\",\"conciertos de m\u00fasica\",\"Conciertos en vivo\",\"conciertos famosos\",\"David Bowie\",\"D\u00eda Mundial del Rock\",\"efem\u00e9rides\",\"Elton John\",\"Eric Clapton\",\"Etiop\u00eda\",\"historia de la m\u00fasica\",\"Live Aid 1985\",\"madonna\",\"Mick Jagger\",\"M\u00fasica\",\"m\u00fasica recomendada\",\"Queen\",\"Sade\",\"Somalia\",\"U2\"],\"articleSection\":[\"Efem\u00e9rides\",\"M\u00fasica\"],\"inLanguage\":\"es\",\"potentialAction\":[{\"@type\":\"CommentAction\",\"name\":\"Comment\",\"target\":[\"https:\\\/\\\/rafaramirez.org\\\/blog\\\/index.php\\\/2025\\\/07\\\/13\\\/dia-mundial-del-rock-2025\\\/#respond\"]}]},{\"@type\":\"WebPage\",\"@id\":\"https:\\\/\\\/rafaramirez.org\\\/blog\\\/index.php\\\/2025\\\/07\\\/13\\\/dia-mundial-del-rock-2025\\\/\",\"url\":\"https:\\\/\\\/rafaramirez.org\\\/blog\\\/index.php\\\/2025\\\/07\\\/13\\\/dia-mundial-del-rock-2025\\\/\",\"name\":\"D\u00eda Mundial del Rock 2025: Live Aid, solidaridad y revoluci\u00f3n musical. - Blog de Rafael Ram\u00edrez\",\"isPartOf\":{\"@id\":\"https:\\\/\\\/rafaramirez.org\\\/blog\\\/#website\"},\"primaryImageOfPage\":{\"@id\":\"https:\\\/\\\/rafaramirez.org\\\/blog\\\/index.php\\\/2025\\\/07\\\/13\\\/dia-mundial-del-rock-2025\\\/#primaryimage\"},\"image\":{\"@id\":\"https:\\\/\\\/rafaramirez.org\\\/blog\\\/index.php\\\/2025\\\/07\\\/13\\\/dia-mundial-del-rock-2025\\\/#primaryimage\"},\"thumbnailUrl\":\"https:\\\/\\\/rafaramirez.org\\\/blog\\\/wp-content\\\/uploads\\\/2025\\\/07\\\/Dia_Mundial_del_Rock_bannerblog.jpg\",\"datePublished\":\"2025-07-13T06:00:10+00:00\",\"dateModified\":\"2026-06-10T08:25:52+00:00\",\"description\":\"El D\u00eda Mundial del Rock 2025 se celebra este 13 de julio para conmemorar el hist\u00f3rico concierto Live Aid, celebrado el mismo d\u00eda del a\u00f1o 1985\",\"breadcrumb\":{\"@id\":\"https:\\\/\\\/rafaramirez.org\\\/blog\\\/index.php\\\/2025\\\/07\\\/13\\\/dia-mundial-del-rock-2025\\\/#breadcrumb\"},\"inLanguage\":\"es\",\"potentialAction\":[{\"@type\":\"ReadAction\",\"target\":[\"https:\\\/\\\/rafaramirez.org\\\/blog\\\/index.php\\\/2025\\\/07\\\/13\\\/dia-mundial-del-rock-2025\\\/\"]}]},{\"@type\":\"ImageObject\",\"inLanguage\":\"es\",\"@id\":\"https:\\\/\\\/rafaramirez.org\\\/blog\\\/index.php\\\/2025\\\/07\\\/13\\\/dia-mundial-del-rock-2025\\\/#primaryimage\",\"url\":\"https:\\\/\\\/rafaramirez.org\\\/blog\\\/wp-content\\\/uploads\\\/2025\\\/07\\\/Dia_Mundial_del_Rock_bannerblog.jpg\",\"contentUrl\":\"https:\\\/\\\/rafaramirez.org\\\/blog\\\/wp-content\\\/uploads\\\/2025\\\/07\\\/Dia_Mundial_del_Rock_bannerblog.jpg\",\"width\":720,\"height\":440,\"caption\":\"D\u00eda Mundial del Rock 2025. Blog de Rafael Ram\u00edrez.\"},{\"@type\":\"BreadcrumbList\",\"@id\":\"https:\\\/\\\/rafaramirez.org\\\/blog\\\/index.php\\\/2025\\\/07\\\/13\\\/dia-mundial-del-rock-2025\\\/#breadcrumb\",\"itemListElement\":[{\"@type\":\"ListItem\",\"position\":1,\"name\":\"Portada\",\"item\":\"https:\\\/\\\/rafaramirez.org\\\/blog\\\/\"},{\"@type\":\"ListItem\",\"position\":2,\"name\":\"D\u00eda Mundial del Rock 2025: Live Aid, solidaridad y revoluci\u00f3n musical.\"}]},{\"@type\":\"WebSite\",\"@id\":\"https:\\\/\\\/rafaramirez.org\\\/blog\\\/#website\",\"url\":\"https:\\\/\\\/rafaramirez.org\\\/blog\\\/\",\"name\":\"Blog de Rafael Ram\u00edrez\",\"description\":\"Un sitio social, de arte y cultura\",\"publisher\":{\"@id\":\"https:\\\/\\\/rafaramirez.org\\\/blog\\\/#\\\/schema\\\/person\\\/50f43b6d60c578760d4c17bda54ab6a5\"},\"potentialAction\":[{\"@type\":\"SearchAction\",\"target\":{\"@type\":\"EntryPoint\",\"urlTemplate\":\"https:\\\/\\\/rafaramirez.org\\\/blog\\\/?s={search_term_string}\"},\"query-input\":{\"@type\":\"PropertyValueSpecification\",\"valueRequired\":true,\"valueName\":\"search_term_string\"}}],\"inLanguage\":\"es\"},{\"@type\":[\"Person\",\"Organization\"],\"@id\":\"https:\\\/\\\/rafaramirez.org\\\/blog\\\/#\\\/schema\\\/person\\\/50f43b6d60c578760d4c17bda54ab6a5\",\"name\":\"Rafael Ram\u00edrez\",\"image\":{\"@type\":\"ImageObject\",\"inLanguage\":\"es\",\"@id\":\"https:\\\/\\\/rafaramirez.org\\\/blog\\\/wp-content\\\/uploads\\\/2024\\\/09\\\/RR_socialnetwork.jpg\",\"url\":\"https:\\\/\\\/rafaramirez.org\\\/blog\\\/wp-content\\\/uploads\\\/2024\\\/09\\\/RR_socialnetwork.jpg\",\"contentUrl\":\"https:\\\/\\\/rafaramirez.org\\\/blog\\\/wp-content\\\/uploads\\\/2024\\\/09\\\/RR_socialnetwork.jpg\",\"width\":600,\"height\":606,\"caption\":\"Rafael Ram\u00edrez\"},\"logo\":{\"@id\":\"https:\\\/\\\/rafaramirez.org\\\/blog\\\/wp-content\\\/uploads\\\/2024\\\/09\\\/RR_socialnetwork.jpg\"},\"sameAs\":[\"https:\\\/\\\/www.rafaramirez.org\\\/blog\",\"https:\\\/\\\/www.instagram.com\\\/rafaramirez_ok\\\/\",\"https:\\\/\\\/es.pinterest.com\\\/Ramirez_Rafa\\\/\",\"https:\\\/\\\/x.com\\\/rafaramirez_ok\"],\"url\":\"https:\\\/\\\/rafaramirez.org\\\/blog\\\/index.php\\\/author\\\/rafaell_qm6j97da\\\/\"}]}<\/script>\n<!-- \/ Yoast SEO plugin. -->","yoast_head_json":{"title":"D\u00eda Mundial del Rock 2025: Live Aid, solidaridad y revoluci\u00f3n musical. - Blog de Rafael Ram\u00edrez","description":"El D\u00eda Mundial del Rock 2025 se celebra este 13 de julio para conmemorar el hist\u00f3rico concierto Live Aid, celebrado el mismo d\u00eda del a\u00f1o 1985","robots":{"index":"index","follow":"follow","max-snippet":"max-snippet:-1","max-image-preview":"max-image-preview:large","max-video-preview":"max-video-preview:-1"},"canonical":"https:\/\/rafaramirez.org\/blog\/index.php\/2025\/07\/13\/dia-mundial-del-rock-2025\/","og_locale":"es_ES","og_type":"article","og_title":"D\u00eda Mundial del Rock 2025: Live Aid, solidaridad y revoluci\u00f3n musical. - Blog de Rafael Ram\u00edrez","og_description":"El D\u00eda Mundial del Rock 2025 se celebra este 13 de julio para conmemorar el hist\u00f3rico concierto Live Aid, celebrado el mismo d\u00eda del a\u00f1o 1985","og_url":"https:\/\/rafaramirez.org\/blog\/index.php\/2025\/07\/13\/dia-mundial-del-rock-2025\/","og_site_name":"Blog de Rafael Ram\u00edrez","article_published_time":"2025-07-13T06:00:10+00:00","article_modified_time":"2026-06-10T08:25:52+00:00","og_image":[{"width":720,"height":440,"url":"https:\/\/rafaramirez.org\/blog\/wp-content\/uploads\/2025\/07\/Dia_Mundial_del_Rock_bannerblog.jpg","type":"image\/jpeg"}],"author":"Rafael Ram\u00edrez","twitter_card":"summary_large_image","twitter_creator":"@rafaramirez_ok","twitter_site":"@rafaramirez_ok","twitter_misc":{"Escrito por":"Rafael Ram\u00edrez","Tiempo de lectura":"3 minutos"},"schema":{"@context":"https:\/\/schema.org","@graph":[{"@type":"Article","@id":"https:\/\/rafaramirez.org\/blog\/index.php\/2025\/07\/13\/dia-mundial-del-rock-2025\/#article","isPartOf":{"@id":"https:\/\/rafaramirez.org\/blog\/index.php\/2025\/07\/13\/dia-mundial-del-rock-2025\/"},"author":{"name":"Rafael Ram\u00edrez","@id":"https:\/\/rafaramirez.org\/blog\/#\/schema\/person\/50f43b6d60c578760d4c17bda54ab6a5"},"headline":"D\u00eda Mundial del Rock 2025: Live Aid, solidaridad y revoluci\u00f3n musical.","datePublished":"2025-07-13T06:00:10+00:00","dateModified":"2026-06-10T08:25:52+00:00","mainEntityOfPage":{"@id":"https:\/\/rafaramirez.org\/blog\/index.php\/2025\/07\/13\/dia-mundial-del-rock-2025\/"},"wordCount":457,"commentCount":0,"publisher":{"@id":"https:\/\/rafaramirez.org\/blog\/#\/schema\/person\/50f43b6d60c578760d4c17bda54ab6a5"},"image":{"@id":"https:\/\/rafaramirez.org\/blog\/index.php\/2025\/07\/13\/dia-mundial-del-rock-2025\/#primaryimage"},"thumbnailUrl":"https:\/\/rafaramirez.org\/blog\/wp-content\/uploads\/2025\/07\/Dia_Mundial_del_Rock_bannerblog.jpg","keywords":["13 de julio","1986","conciertos ben\u00e9ficos","conciertos de m\u00fasica","Conciertos en vivo","conciertos famosos","David Bowie","D\u00eda Mundial del Rock","efem\u00e9rides","Elton John","Eric Clapton","Etiop\u00eda","historia de la m\u00fasica","Live Aid 1985","madonna","Mick Jagger","M\u00fasica","m\u00fasica recomendada","Queen","Sade","Somalia","U2"],"articleSection":["Efem\u00e9rides","M\u00fasica"],"inLanguage":"es","potentialAction":[{"@type":"CommentAction","name":"Comment","target":["https:\/\/rafaramirez.org\/blog\/index.php\/2025\/07\/13\/dia-mundial-del-rock-2025\/#respond"]}]},{"@type":"WebPage","@id":"https:\/\/rafaramirez.org\/blog\/index.php\/2025\/07\/13\/dia-mundial-del-rock-2025\/","url":"https:\/\/rafaramirez.org\/blog\/index.php\/2025\/07\/13\/dia-mundial-del-rock-2025\/","name":"D\u00eda Mundial del Rock 2025: Live Aid, solidaridad y revoluci\u00f3n musical. - Blog de Rafael Ram\u00edrez","isPartOf":{"@id":"https:\/\/rafaramirez.org\/blog\/#website"},"primaryImageOfPage":{"@id":"https:\/\/rafaramirez.org\/blog\/index.php\/2025\/07\/13\/dia-mundial-del-rock-2025\/#primaryimage"},"image":{"@id":"https:\/\/rafaramirez.org\/blog\/index.php\/2025\/07\/13\/dia-mundial-del-rock-2025\/#primaryimage"},"thumbnailUrl":"https:\/\/rafaramirez.org\/blog\/wp-content\/uploads\/2025\/07\/Dia_Mundial_del_Rock_bannerblog.jpg","datePublished":"2025-07-13T06:00:10+00:00","dateModified":"2026-06-10T08:25:52+00:00","description":"El D\u00eda Mundial del Rock 2025 se celebra este 13 de julio para conmemorar el hist\u00f3rico concierto Live Aid, celebrado el mismo d\u00eda del a\u00f1o 1985","breadcrumb":{"@id":"https:\/\/rafaramirez.org\/blog\/index.php\/2025\/07\/13\/dia-mundial-del-rock-2025\/#breadcrumb"},"inLanguage":"es","potentialAction":[{"@type":"ReadAction","target":["https:\/\/rafaramirez.org\/blog\/index.php\/2025\/07\/13\/dia-mundial-del-rock-2025\/"]}]},{"@type":"ImageObject","inLanguage":"es","@id":"https:\/\/rafaramirez.org\/blog\/index.php\/2025\/07\/13\/dia-mundial-del-rock-2025\/#primaryimage","url":"https:\/\/rafaramirez.org\/blog\/wp-content\/uploads\/2025\/07\/Dia_Mundial_del_Rock_bannerblog.jpg","contentUrl":"https:\/\/rafaramirez.org\/blog\/wp-content\/uploads\/2025\/07\/Dia_Mundial_del_Rock_bannerblog.jpg","width":720,"height":440,"caption":"D\u00eda Mundial del Rock 2025. Blog de Rafael Ram\u00edrez."},{"@type":"BreadcrumbList","@id":"https:\/\/rafaramirez.org\/blog\/index.php\/2025\/07\/13\/dia-mundial-del-rock-2025\/#breadcrumb","itemListElement":[{"@type":"ListItem","position":1,"name":"Portada","item":"https:\/\/rafaramirez.org\/blog\/"},{"@type":"ListItem","position":2,"name":"D\u00eda Mundial del Rock 2025: Live Aid, solidaridad y revoluci\u00f3n musical."}]},{"@type":"WebSite","@id":"https:\/\/rafaramirez.org\/blog\/#website","url":"https:\/\/rafaramirez.org\/blog\/","name":"Blog de Rafael Ram\u00edrez","description":"Un sitio social, de arte y cultura","publisher":{"@id":"https:\/\/rafaramirez.org\/blog\/#\/schema\/person\/50f43b6d60c578760d4c17bda54ab6a5"},"potentialAction":[{"@type":"SearchAction","target":{"@type":"EntryPoint","urlTemplate":"https:\/\/rafaramirez.org\/blog\/?s={search_term_string}"},"query-input":{"@type":"PropertyValueSpecification","valueRequired":true,"valueName":"search_term_string"}}],"inLanguage":"es"},{"@type":["Person","Organization"],"@id":"https:\/\/rafaramirez.org\/blog\/#\/schema\/person\/50f43b6d60c578760d4c17bda54ab6a5","name":"Rafael Ram\u00edrez","image":{"@type":"ImageObject","inLanguage":"es","@id":"https:\/\/rafaramirez.org\/blog\/wp-content\/uploads\/2024\/09\/RR_socialnetwork.jpg","url":"https:\/\/rafaramirez.org\/blog\/wp-content\/uploads\/2024\/09\/RR_socialnetwork.jpg","contentUrl":"https:\/\/rafaramirez.org\/blog\/wp-content\/uploads\/2024\/09\/RR_socialnetwork.jpg","width":600,"height":606,"caption":"Rafael Ram\u00edrez"},"logo":{"@id":"https:\/\/rafaramirez.org\/blog\/wp-content\/uploads\/2024\/09\/RR_socialnetwork.jpg"},"sameAs":["https:\/\/www.rafaramirez.org\/blog","https:\/\/www.instagram.com\/rafaramirez_ok\/","https:\/\/es.pinterest.com\/Ramirez_Rafa\/","https:\/\/x.com\/rafaramirez_ok"],"url":"https:\/\/rafaramirez.org\/blog\/index.php\/author\/rafaell_qm6j97da\/"}]}},"jetpack_publicize_connections":[],"jetpack_sharing_enabled":true,"jetpack_likes_enabled":true,"jetpack_featured_media_url":"https:\/\/rafaramirez.org\/blog\/wp-content\/uploads\/2025\/07\/Dia_Mundial_del_Rock_bannerblog.jpg","_links":{"self":[{"href":"https:\/\/rafaramirez.org\/blog\/index.php\/wp-json\/wp\/v2\/posts\/9760","targetHints":{"allow":["GET"]}}],"collection":[{"href":"https:\/\/rafaramirez.org\/blog\/index.php\/wp-json\/wp\/v2\/posts"}],"about":[{"href":"https:\/\/rafaramirez.org\/blog\/index.php\/wp-json\/wp\/v2\/types\/post"}],"author":[{"embeddable":true,"href":"https:\/\/rafaramirez.org\/blog\/index.php\/wp-json\/wp\/v2\/users\/1"}],"replies":[{"embeddable":true,"href":"https:\/\/rafaramirez.org\/blog\/index.php\/wp-json\/wp\/v2\/comments?post=9760"}],"version-history":[{"count":5,"href":"https:\/\/rafaramirez.org\/blog\/index.php\/wp-json\/wp\/v2\/posts\/9760\/revisions"}],"predecessor-version":[{"id":13227,"href":"https:\/\/rafaramirez.org\/blog\/index.php\/wp-json\/wp\/v2\/posts\/9760\/revisions\/13227"}],"wp:featuredmedia":[{"embeddable":true,"href":"https:\/\/rafaramirez.org\/blog\/index.php\/wp-json\/wp\/v2\/media\/9763"}],"wp:attachment":[{"href":"https:\/\/rafaramirez.org\/blog\/index.php\/wp-json\/wp\/v2\/media?parent=9760"}],"wp:term":[{"taxonomy":"category","embeddable":true,"href":"https:\/\/rafaramirez.org\/blog\/index.php\/wp-json\/wp\/v2\/categories?post=9760"},{"taxonomy":"post_tag","embeddable":true,"href":"https:\/\/rafaramirez.org\/blog\/index.php\/wp-json\/wp\/v2\/tags?post=9760"}],"curies":[{"name":"wp","href":"https:\/\/api.w.org\/{rel}","templated":true}]}}