{"id":9741,"date":"2025-07-10T08:00:47","date_gmt":"2025-07-10T06:00:47","guid":{"rendered":"https:\/\/rafaramirez.org\/blog\/?p=9741"},"modified":"2026-03-18T11:40:30","modified_gmt":"2026-03-18T10:40:30","slug":"reflexiones-entre-luces-y-sombras-la-paradoja-digital","status":"publish","type":"post","link":"https:\/\/rafaramirez.org\/blog\/index.php\/2025\/07\/10\/reflexiones-entre-luces-y-sombras-la-paradoja-digital\/","title":{"rendered":"Reflexiones: Entre luces y sombras, la paradoja digital."},"content":{"rendered":"<p>Entre el zumbido incesante de notificaciones y el brillo constante de las pantallas, la tecnolog\u00eda se revela como un puente de luces que, simult\u00e1neamente, nos conecta y nos distancia. Es en el destello de cada mensaje y cada imagen compartida donde se esconde una paradoja po\u00e9tica: por un lado, nos invita a un universo donde las distancias se deshacen, donde los secretos y anhelos se transmiten en un instante; por el otro, en su inagotable flujo, nos roba la sensaci\u00f3n palpable de la cercan\u00eda humana, ese abrazo silencioso que solo se logra en el roce de la piel y en la mirada sincera.<\/p>\n<p>Como un amante ambiguo, la tecnolog\u00eda seduce con promesas de infinitas conexiones, construyendo puentes invisibles entre almas dispersas. Sin embargo, en esa misma arquitectura digital se filtra una sutil soledad, un eco que diluye la autenticidad de los encuentros. Nos dejamos llevar por la inmediatez de los datos, y en esa corriente fugaz, el instante deviene en un susurro ef\u00edmero, rob\u00e1ndonos aquellos momentos vibrantes que solo se viven en la inconfundible magia de lo tangible.<\/p>\n<p>Quiz\u00e1 la respuesta reside en encontrar ese delicado equilibrio, en aprender a atravesar el velo de la virtualidad para rescatar la esencia de lo humano. Tal vez, en el arte de desconectar para reconectar, podamos redescubrir la belleza de mirar a los ojos sin intermediarios, de compartir silencios que hablan m\u00e1s que mil palabras digitales. En este baile de luces y sombras, la tecnolog\u00eda se torna tanto mensajera como ladrona de instantes aut\u00e9nticos, invit\u00e1ndonos a reflexionar sobre c\u00f3mo preservar la intimidad del ser en medio de un universo que avanza a la velocidad de un clic.<\/p>\n<p>Rafael Ram\u00edrez\u00a92025.<\/p>\n<figure id=\"attachment_9745\" aria-describedby=\"caption-attachment-9745\" style=\"width: 300px\" class=\"wp-caption aligncenter\"><a href=\"https:\/\/rafaramirez.org\/blog\/wp-content\/uploads\/2025\/07\/ai-generated-9222313.jpg\" target=\"_blank\" rel=\"noopener\"><img loading=\"lazy\" decoding=\"async\" class=\"wp-image-9745 size-medium\" src=\"https:\/\/rafaramirez.org\/blog\/wp-content\/uploads\/2025\/07\/ai-generated-9222313-300x300.jpg\" alt=\"Reflexiones: Entre luces y sombras, la paradoja digital. Blog de Rafael Ram\u00edrez. \" width=\"300\" height=\"300\" srcset=\"https:\/\/rafaramirez.org\/blog\/wp-content\/uploads\/2025\/07\/ai-generated-9222313-300x300.jpg 300w, https:\/\/rafaramirez.org\/blog\/wp-content\/uploads\/2025\/07\/ai-generated-9222313-150x150.jpg 150w, https:\/\/rafaramirez.org\/blog\/wp-content\/uploads\/2025\/07\/ai-generated-9222313-768x768.jpg 768w, https:\/\/rafaramirez.org\/blog\/wp-content\/uploads\/2025\/07\/ai-generated-9222313.jpg 850w\" sizes=\"auto, (max-width: 300px) 100vw, 300px\" \/><\/a><figcaption id=\"caption-attachment-9745\" class=\"wp-caption-text\">Reflexiones: Entre luces y sombras, la paradoja digital. Blog de Rafael Ram\u00edrez.<\/figcaption><\/figure>\n<ul>\n<li><a href=\"https:\/\/rafaramirez.org\/blog\/index.php\/category\/arte\/literatura\/\" target=\"_blank\" rel=\"noopener\">Otras reflexiones y lectura recomendada<\/a>.<\/li>\n<li><a href=\"https:\/\/es.pinterest.com\/Ramirez_Rafa\/\" target=\"_blank\" rel=\"noopener\">En Pinterest.<\/a><\/li>\n<\/ul>\n","protected":false},"excerpt":{"rendered":"<p>Entre el zumbido incesante de notificaciones y el brillo constante de las pantallas, la tecnolog\u00eda se revela como un puente de luces que, simult\u00e1neamente, nos conecta y nos distancia. Es en el destello de cada mensaje y cada imagen compartida donde se esconde una paradoja po\u00e9tica: por un lado, nos invita a un universo donde [&hellip;]<\/p>\n","protected":false},"author":1,"featured_media":9744,"comment_status":"open","ping_status":"closed","sticky":false,"template":"","format":"standard","meta":{"site-container-style":"default","site-container-layout":"default","site-sidebar-layout":"default","disable-article-header":"default","disable-site-header":"default","disable-site-footer":"default","disable-content-area-spacing":"default","_jetpack_newsletter_access":"","_jetpack_dont_email_post_to_subs":false,"_jetpack_newsletter_tier_id":0,"_jetpack_memberships_contains_paywalled_content":false,"_jetpack_feature_clip_id":0,"_jetpack_memberships_contains_paid_content":false,"footnotes":"","jetpack_publicize_message":"","jetpack_publicize_feature_enabled":true,"jetpack_social_post_already_shared":true,"jetpack_social_options":{"image_generator_settings":{"template":"highway","default_image_id":0,"font":"","enabled":false},"version":2},"jetpack_post_was_ever_published":false},"categories":[710],"tags":[4147,4150,4380,4381,350,1796,4382,4146],"class_list":["post-9741","post","type-post","status-publish","format-standard","has-post-thumbnail","hentry","category-literatura","tag-articulo-de-opinion","tag-articulo-de-rafael-ramirez","tag-entre-luces-y-sombras","tag-la-paradoja-digital","tag-para-reflexionar","tag-reflexion-personal","tag-reflexion-sobre-la-era-digital","tag-reflexiones-de-rafael-ramirez"],"yoast_head":"<!-- This site is optimized with the Yoast SEO plugin v28.4 - https:\/\/yoast.com\/product\/yoast-seo-wordpress\/ -->\n<title>Reflexiones: Entre luces y sombras, la paradoja digital. - Blog de Rafael Ram\u00edrez<\/title>\n<meta name=\"description\" content=\"Entre el zumbido incesante de notificaciones y el brillo constante de las pantallas, la tecnolog\u00eda se revela como un puente de luces que...\" \/>\n<meta name=\"robots\" content=\"index, follow, max-snippet:-1, max-image-preview:large, max-video-preview:-1\" \/>\n<link rel=\"canonical\" href=\"https:\/\/rafaramirez.org\/blog\/index.php\/2025\/07\/10\/reflexiones-entre-luces-y-sombras-la-paradoja-digital\/\" \/>\n<meta property=\"og:locale\" content=\"es_ES\" \/>\n<meta property=\"og:type\" content=\"article\" \/>\n<meta property=\"og:title\" content=\"Reflexiones: Entre luces y sombras, la paradoja digital. - Blog de Rafael Ram\u00edrez\" \/>\n<meta property=\"og:description\" content=\"Entre el zumbido incesante de notificaciones y el brillo constante de las pantallas, la tecnolog\u00eda se revela como un puente de luces que...\" \/>\n<meta property=\"og:url\" content=\"https:\/\/rafaramirez.org\/blog\/index.php\/2025\/07\/10\/reflexiones-entre-luces-y-sombras-la-paradoja-digital\/\" \/>\n<meta property=\"og:site_name\" content=\"Blog de Rafael Ram\u00edrez\" \/>\n<meta property=\"article:published_time\" content=\"2025-07-10T06:00:47+00:00\" \/>\n<meta property=\"article:modified_time\" content=\"2026-03-18T10:40:30+00:00\" \/>\n<meta property=\"og:image\" content=\"https:\/\/rafaramirez.org\/blog\/wp-content\/uploads\/2025\/07\/Entre-luces-y-sombras-la-paradoja-digital_bannerlog.jpg\" \/>\n\t<meta property=\"og:image:width\" content=\"720\" \/>\n\t<meta property=\"og:image:height\" content=\"440\" \/>\n\t<meta property=\"og:image:type\" content=\"image\/jpeg\" \/>\n<meta name=\"author\" content=\"Rafael Ram\u00edrez\" \/>\n<meta name=\"twitter:card\" content=\"summary_large_image\" \/>\n<meta name=\"twitter:creator\" content=\"@rafaramirez_ok\" \/>\n<meta name=\"twitter:site\" content=\"@rafaramirez_ok\" \/>\n<meta name=\"twitter:label1\" content=\"Escrito por\" \/>\n\t<meta name=\"twitter:data1\" content=\"Rafael Ram\u00edrez\" \/>\n\t<meta name=\"twitter:label2\" content=\"Tiempo de lectura\" \/>\n\t<meta name=\"twitter:data2\" content=\"2 minutos\" \/>\n<script type=\"application\/ld+json\" class=\"yoast-schema-graph\">{\"@context\":\"https:\\\/\\\/schema.org\",\"@graph\":[{\"@type\":\"Article\",\"@id\":\"https:\\\/\\\/rafaramirez.org\\\/blog\\\/index.php\\\/2025\\\/07\\\/10\\\/reflexiones-entre-luces-y-sombras-la-paradoja-digital\\\/#article\",\"isPartOf\":{\"@id\":\"https:\\\/\\\/rafaramirez.org\\\/blog\\\/index.php\\\/2025\\\/07\\\/10\\\/reflexiones-entre-luces-y-sombras-la-paradoja-digital\\\/\"},\"author\":{\"name\":\"Rafael Ram\u00edrez\",\"@id\":\"https:\\\/\\\/rafaramirez.org\\\/blog\\\/#\\\/schema\\\/person\\\/50f43b6d60c578760d4c17bda54ab6a5\"},\"headline\":\"Reflexiones: Entre luces y sombras, la paradoja digital.\",\"datePublished\":\"2025-07-10T06:00:47+00:00\",\"dateModified\":\"2026-03-18T10:40:30+00:00\",\"mainEntityOfPage\":{\"@id\":\"https:\\\/\\\/rafaramirez.org\\\/blog\\\/index.php\\\/2025\\\/07\\\/10\\\/reflexiones-entre-luces-y-sombras-la-paradoja-digital\\\/\"},\"wordCount\":325,\"commentCount\":0,\"publisher\":{\"@id\":\"https:\\\/\\\/rafaramirez.org\\\/blog\\\/#\\\/schema\\\/person\\\/50f43b6d60c578760d4c17bda54ab6a5\"},\"image\":{\"@id\":\"https:\\\/\\\/rafaramirez.org\\\/blog\\\/index.php\\\/2025\\\/07\\\/10\\\/reflexiones-entre-luces-y-sombras-la-paradoja-digital\\\/#primaryimage\"},\"thumbnailUrl\":\"https:\\\/\\\/rafaramirez.org\\\/blog\\\/wp-content\\\/uploads\\\/2025\\\/07\\\/Entre-luces-y-sombras-la-paradoja-digital_bannerlog.jpg\",\"keywords\":[\"art\u00edculo de opini\u00f3n\",\"art\u00edculo de Rafael Ram\u00edrez\",\"Entre luces y sombras\",\"la paradoja digital\",\"para reflexionar\",\"reflexi\u00f3n personal\",\"reflexi\u00f3n sobre la era digital\",\"reflexiones de Rafael Ram\u00edrez\"],\"articleSection\":[\"Literatura\"],\"inLanguage\":\"es\",\"potentialAction\":[{\"@type\":\"CommentAction\",\"name\":\"Comment\",\"target\":[\"https:\\\/\\\/rafaramirez.org\\\/blog\\\/index.php\\\/2025\\\/07\\\/10\\\/reflexiones-entre-luces-y-sombras-la-paradoja-digital\\\/#respond\"]}]},{\"@type\":\"WebPage\",\"@id\":\"https:\\\/\\\/rafaramirez.org\\\/blog\\\/index.php\\\/2025\\\/07\\\/10\\\/reflexiones-entre-luces-y-sombras-la-paradoja-digital\\\/\",\"url\":\"https:\\\/\\\/rafaramirez.org\\\/blog\\\/index.php\\\/2025\\\/07\\\/10\\\/reflexiones-entre-luces-y-sombras-la-paradoja-digital\\\/\",\"name\":\"Reflexiones: Entre luces y sombras, la paradoja digital. - Blog de Rafael Ram\u00edrez\",\"isPartOf\":{\"@id\":\"https:\\\/\\\/rafaramirez.org\\\/blog\\\/#website\"},\"primaryImageOfPage\":{\"@id\":\"https:\\\/\\\/rafaramirez.org\\\/blog\\\/index.php\\\/2025\\\/07\\\/10\\\/reflexiones-entre-luces-y-sombras-la-paradoja-digital\\\/#primaryimage\"},\"image\":{\"@id\":\"https:\\\/\\\/rafaramirez.org\\\/blog\\\/index.php\\\/2025\\\/07\\\/10\\\/reflexiones-entre-luces-y-sombras-la-paradoja-digital\\\/#primaryimage\"},\"thumbnailUrl\":\"https:\\\/\\\/rafaramirez.org\\\/blog\\\/wp-content\\\/uploads\\\/2025\\\/07\\\/Entre-luces-y-sombras-la-paradoja-digital_bannerlog.jpg\",\"datePublished\":\"2025-07-10T06:00:47+00:00\",\"dateModified\":\"2026-03-18T10:40:30+00:00\",\"description\":\"Entre el zumbido incesante de notificaciones y el brillo constante de las pantallas, la tecnolog\u00eda se revela como un puente de luces que...\",\"breadcrumb\":{\"@id\":\"https:\\\/\\\/rafaramirez.org\\\/blog\\\/index.php\\\/2025\\\/07\\\/10\\\/reflexiones-entre-luces-y-sombras-la-paradoja-digital\\\/#breadcrumb\"},\"inLanguage\":\"es\",\"potentialAction\":[{\"@type\":\"ReadAction\",\"target\":[\"https:\\\/\\\/rafaramirez.org\\\/blog\\\/index.php\\\/2025\\\/07\\\/10\\\/reflexiones-entre-luces-y-sombras-la-paradoja-digital\\\/\"]}]},{\"@type\":\"ImageObject\",\"inLanguage\":\"es\",\"@id\":\"https:\\\/\\\/rafaramirez.org\\\/blog\\\/index.php\\\/2025\\\/07\\\/10\\\/reflexiones-entre-luces-y-sombras-la-paradoja-digital\\\/#primaryimage\",\"url\":\"https:\\\/\\\/rafaramirez.org\\\/blog\\\/wp-content\\\/uploads\\\/2025\\\/07\\\/Entre-luces-y-sombras-la-paradoja-digital_bannerlog.jpg\",\"contentUrl\":\"https:\\\/\\\/rafaramirez.org\\\/blog\\\/wp-content\\\/uploads\\\/2025\\\/07\\\/Entre-luces-y-sombras-la-paradoja-digital_bannerlog.jpg\",\"width\":720,\"height\":440,\"caption\":\"Reflexiones: Entre luces y sombras, la paradoja digital. Blog de Rafael Ram\u00edrez.\"},{\"@type\":\"BreadcrumbList\",\"@id\":\"https:\\\/\\\/rafaramirez.org\\\/blog\\\/index.php\\\/2025\\\/07\\\/10\\\/reflexiones-entre-luces-y-sombras-la-paradoja-digital\\\/#breadcrumb\",\"itemListElement\":[{\"@type\":\"ListItem\",\"position\":1,\"name\":\"Portada\",\"item\":\"https:\\\/\\\/rafaramirez.org\\\/blog\\\/\"},{\"@type\":\"ListItem\",\"position\":2,\"name\":\"Reflexiones: Entre luces y sombras, la paradoja digital.\"}]},{\"@type\":\"WebSite\",\"@id\":\"https:\\\/\\\/rafaramirez.org\\\/blog\\\/#website\",\"url\":\"https:\\\/\\\/rafaramirez.org\\\/blog\\\/\",\"name\":\"Blog de Rafael Ram\u00edrez\",\"description\":\"Un sitio social, de arte y cultura\",\"publisher\":{\"@id\":\"https:\\\/\\\/rafaramirez.org\\\/blog\\\/#\\\/schema\\\/person\\\/50f43b6d60c578760d4c17bda54ab6a5\"},\"potentialAction\":[{\"@type\":\"SearchAction\",\"target\":{\"@type\":\"EntryPoint\",\"urlTemplate\":\"https:\\\/\\\/rafaramirez.org\\\/blog\\\/?s={search_term_string}\"},\"query-input\":{\"@type\":\"PropertyValueSpecification\",\"valueRequired\":true,\"valueName\":\"search_term_string\"}}],\"inLanguage\":\"es\"},{\"@type\":[\"Person\",\"Organization\"],\"@id\":\"https:\\\/\\\/rafaramirez.org\\\/blog\\\/#\\\/schema\\\/person\\\/50f43b6d60c578760d4c17bda54ab6a5\",\"name\":\"Rafael Ram\u00edrez\",\"image\":{\"@type\":\"ImageObject\",\"inLanguage\":\"es\",\"@id\":\"https:\\\/\\\/rafaramirez.org\\\/blog\\\/wp-content\\\/uploads\\\/2024\\\/09\\\/RR_socialnetwork.jpg\",\"url\":\"https:\\\/\\\/rafaramirez.org\\\/blog\\\/wp-content\\\/uploads\\\/2024\\\/09\\\/RR_socialnetwork.jpg\",\"contentUrl\":\"https:\\\/\\\/rafaramirez.org\\\/blog\\\/wp-content\\\/uploads\\\/2024\\\/09\\\/RR_socialnetwork.jpg\",\"width\":600,\"height\":606,\"caption\":\"Rafael Ram\u00edrez\"},\"logo\":{\"@id\":\"https:\\\/\\\/rafaramirez.org\\\/blog\\\/wp-content\\\/uploads\\\/2024\\\/09\\\/RR_socialnetwork.jpg\"},\"sameAs\":[\"https:\\\/\\\/www.rafaramirez.org\\\/blog\",\"https:\\\/\\\/www.instagram.com\\\/rafaramirez_ok\\\/\",\"https:\\\/\\\/es.pinterest.com\\\/Ramirez_Rafa\\\/\",\"https:\\\/\\\/x.com\\\/rafaramirez_ok\"],\"url\":\"https:\\\/\\\/rafaramirez.org\\\/blog\\\/index.php\\\/author\\\/rafaell_qm6j97da\\\/\"}]}<\/script>\n<!-- \/ Yoast SEO plugin. -->","yoast_head_json":{"title":"Reflexiones: Entre luces y sombras, la paradoja digital. - Blog de Rafael Ram\u00edrez","description":"Entre el zumbido incesante de notificaciones y el brillo constante de las pantallas, la tecnolog\u00eda se revela como un puente de luces que...","robots":{"index":"index","follow":"follow","max-snippet":"max-snippet:-1","max-image-preview":"max-image-preview:large","max-video-preview":"max-video-preview:-1"},"canonical":"https:\/\/rafaramirez.org\/blog\/index.php\/2025\/07\/10\/reflexiones-entre-luces-y-sombras-la-paradoja-digital\/","og_locale":"es_ES","og_type":"article","og_title":"Reflexiones: Entre luces y sombras, la paradoja digital. - Blog de Rafael Ram\u00edrez","og_description":"Entre el zumbido incesante de notificaciones y el brillo constante de las pantallas, la tecnolog\u00eda se revela como un puente de luces que...","og_url":"https:\/\/rafaramirez.org\/blog\/index.php\/2025\/07\/10\/reflexiones-entre-luces-y-sombras-la-paradoja-digital\/","og_site_name":"Blog de Rafael Ram\u00edrez","article_published_time":"2025-07-10T06:00:47+00:00","article_modified_time":"2026-03-18T10:40:30+00:00","og_image":[{"width":720,"height":440,"url":"https:\/\/rafaramirez.org\/blog\/wp-content\/uploads\/2025\/07\/Entre-luces-y-sombras-la-paradoja-digital_bannerlog.jpg","type":"image\/jpeg"}],"author":"Rafael Ram\u00edrez","twitter_card":"summary_large_image","twitter_creator":"@rafaramirez_ok","twitter_site":"@rafaramirez_ok","twitter_misc":{"Escrito por":"Rafael Ram\u00edrez","Tiempo de lectura":"2 minutos"},"schema":{"@context":"https:\/\/schema.org","@graph":[{"@type":"Article","@id":"https:\/\/rafaramirez.org\/blog\/index.php\/2025\/07\/10\/reflexiones-entre-luces-y-sombras-la-paradoja-digital\/#article","isPartOf":{"@id":"https:\/\/rafaramirez.org\/blog\/index.php\/2025\/07\/10\/reflexiones-entre-luces-y-sombras-la-paradoja-digital\/"},"author":{"name":"Rafael Ram\u00edrez","@id":"https:\/\/rafaramirez.org\/blog\/#\/schema\/person\/50f43b6d60c578760d4c17bda54ab6a5"},"headline":"Reflexiones: Entre luces y sombras, la paradoja digital.","datePublished":"2025-07-10T06:00:47+00:00","dateModified":"2026-03-18T10:40:30+00:00","mainEntityOfPage":{"@id":"https:\/\/rafaramirez.org\/blog\/index.php\/2025\/07\/10\/reflexiones-entre-luces-y-sombras-la-paradoja-digital\/"},"wordCount":325,"commentCount":0,"publisher":{"@id":"https:\/\/rafaramirez.org\/blog\/#\/schema\/person\/50f43b6d60c578760d4c17bda54ab6a5"},"image":{"@id":"https:\/\/rafaramirez.org\/blog\/index.php\/2025\/07\/10\/reflexiones-entre-luces-y-sombras-la-paradoja-digital\/#primaryimage"},"thumbnailUrl":"https:\/\/rafaramirez.org\/blog\/wp-content\/uploads\/2025\/07\/Entre-luces-y-sombras-la-paradoja-digital_bannerlog.jpg","keywords":["art\u00edculo de opini\u00f3n","art\u00edculo de Rafael Ram\u00edrez","Entre luces y sombras","la paradoja digital","para reflexionar","reflexi\u00f3n personal","reflexi\u00f3n sobre la era digital","reflexiones de Rafael Ram\u00edrez"],"articleSection":["Literatura"],"inLanguage":"es","potentialAction":[{"@type":"CommentAction","name":"Comment","target":["https:\/\/rafaramirez.org\/blog\/index.php\/2025\/07\/10\/reflexiones-entre-luces-y-sombras-la-paradoja-digital\/#respond"]}]},{"@type":"WebPage","@id":"https:\/\/rafaramirez.org\/blog\/index.php\/2025\/07\/10\/reflexiones-entre-luces-y-sombras-la-paradoja-digital\/","url":"https:\/\/rafaramirez.org\/blog\/index.php\/2025\/07\/10\/reflexiones-entre-luces-y-sombras-la-paradoja-digital\/","name":"Reflexiones: Entre luces y sombras, la paradoja digital. - Blog de Rafael Ram\u00edrez","isPartOf":{"@id":"https:\/\/rafaramirez.org\/blog\/#website"},"primaryImageOfPage":{"@id":"https:\/\/rafaramirez.org\/blog\/index.php\/2025\/07\/10\/reflexiones-entre-luces-y-sombras-la-paradoja-digital\/#primaryimage"},"image":{"@id":"https:\/\/rafaramirez.org\/blog\/index.php\/2025\/07\/10\/reflexiones-entre-luces-y-sombras-la-paradoja-digital\/#primaryimage"},"thumbnailUrl":"https:\/\/rafaramirez.org\/blog\/wp-content\/uploads\/2025\/07\/Entre-luces-y-sombras-la-paradoja-digital_bannerlog.jpg","datePublished":"2025-07-10T06:00:47+00:00","dateModified":"2026-03-18T10:40:30+00:00","description":"Entre el zumbido incesante de notificaciones y el brillo constante de las pantallas, la tecnolog\u00eda se revela como un puente de luces que...","breadcrumb":{"@id":"https:\/\/rafaramirez.org\/blog\/index.php\/2025\/07\/10\/reflexiones-entre-luces-y-sombras-la-paradoja-digital\/#breadcrumb"},"inLanguage":"es","potentialAction":[{"@type":"ReadAction","target":["https:\/\/rafaramirez.org\/blog\/index.php\/2025\/07\/10\/reflexiones-entre-luces-y-sombras-la-paradoja-digital\/"]}]},{"@type":"ImageObject","inLanguage":"es","@id":"https:\/\/rafaramirez.org\/blog\/index.php\/2025\/07\/10\/reflexiones-entre-luces-y-sombras-la-paradoja-digital\/#primaryimage","url":"https:\/\/rafaramirez.org\/blog\/wp-content\/uploads\/2025\/07\/Entre-luces-y-sombras-la-paradoja-digital_bannerlog.jpg","contentUrl":"https:\/\/rafaramirez.org\/blog\/wp-content\/uploads\/2025\/07\/Entre-luces-y-sombras-la-paradoja-digital_bannerlog.jpg","width":720,"height":440,"caption":"Reflexiones: Entre luces y sombras, la paradoja digital. Blog de Rafael Ram\u00edrez."},{"@type":"BreadcrumbList","@id":"https:\/\/rafaramirez.org\/blog\/index.php\/2025\/07\/10\/reflexiones-entre-luces-y-sombras-la-paradoja-digital\/#breadcrumb","itemListElement":[{"@type":"ListItem","position":1,"name":"Portada","item":"https:\/\/rafaramirez.org\/blog\/"},{"@type":"ListItem","position":2,"name":"Reflexiones: Entre luces y sombras, la paradoja digital."}]},{"@type":"WebSite","@id":"https:\/\/rafaramirez.org\/blog\/#website","url":"https:\/\/rafaramirez.org\/blog\/","name":"Blog de Rafael Ram\u00edrez","description":"Un sitio social, de arte y cultura","publisher":{"@id":"https:\/\/rafaramirez.org\/blog\/#\/schema\/person\/50f43b6d60c578760d4c17bda54ab6a5"},"potentialAction":[{"@type":"SearchAction","target":{"@type":"EntryPoint","urlTemplate":"https:\/\/rafaramirez.org\/blog\/?s={search_term_string}"},"query-input":{"@type":"PropertyValueSpecification","valueRequired":true,"valueName":"search_term_string"}}],"inLanguage":"es"},{"@type":["Person","Organization"],"@id":"https:\/\/rafaramirez.org\/blog\/#\/schema\/person\/50f43b6d60c578760d4c17bda54ab6a5","name":"Rafael Ram\u00edrez","image":{"@type":"ImageObject","inLanguage":"es","@id":"https:\/\/rafaramirez.org\/blog\/wp-content\/uploads\/2024\/09\/RR_socialnetwork.jpg","url":"https:\/\/rafaramirez.org\/blog\/wp-content\/uploads\/2024\/09\/RR_socialnetwork.jpg","contentUrl":"https:\/\/rafaramirez.org\/blog\/wp-content\/uploads\/2024\/09\/RR_socialnetwork.jpg","width":600,"height":606,"caption":"Rafael Ram\u00edrez"},"logo":{"@id":"https:\/\/rafaramirez.org\/blog\/wp-content\/uploads\/2024\/09\/RR_socialnetwork.jpg"},"sameAs":["https:\/\/www.rafaramirez.org\/blog","https:\/\/www.instagram.com\/rafaramirez_ok\/","https:\/\/es.pinterest.com\/Ramirez_Rafa\/","https:\/\/x.com\/rafaramirez_ok"],"url":"https:\/\/rafaramirez.org\/blog\/index.php\/author\/rafaell_qm6j97da\/"}]}},"jetpack_publicize_connections":[],"jetpack_sharing_enabled":true,"jetpack_likes_enabled":true,"jetpack_featured_media_url":"https:\/\/rafaramirez.org\/blog\/wp-content\/uploads\/2025\/07\/Entre-luces-y-sombras-la-paradoja-digital_bannerlog.jpg","_links":{"self":[{"href":"https:\/\/rafaramirez.org\/blog\/index.php\/wp-json\/wp\/v2\/posts\/9741","targetHints":{"allow":["GET"]}}],"collection":[{"href":"https:\/\/rafaramirez.org\/blog\/index.php\/wp-json\/wp\/v2\/posts"}],"about":[{"href":"https:\/\/rafaramirez.org\/blog\/index.php\/wp-json\/wp\/v2\/types\/post"}],"author":[{"embeddable":true,"href":"https:\/\/rafaramirez.org\/blog\/index.php\/wp-json\/wp\/v2\/users\/1"}],"replies":[{"embeddable":true,"href":"https:\/\/rafaramirez.org\/blog\/index.php\/wp-json\/wp\/v2\/comments?post=9741"}],"version-history":[{"count":4,"href":"https:\/\/rafaramirez.org\/blog\/index.php\/wp-json\/wp\/v2\/posts\/9741\/revisions"}],"predecessor-version":[{"id":12449,"href":"https:\/\/rafaramirez.org\/blog\/index.php\/wp-json\/wp\/v2\/posts\/9741\/revisions\/12449"}],"wp:featuredmedia":[{"embeddable":true,"href":"https:\/\/rafaramirez.org\/blog\/index.php\/wp-json\/wp\/v2\/media\/9744"}],"wp:attachment":[{"href":"https:\/\/rafaramirez.org\/blog\/index.php\/wp-json\/wp\/v2\/media?parent=9741"}],"wp:term":[{"taxonomy":"category","embeddable":true,"href":"https:\/\/rafaramirez.org\/blog\/index.php\/wp-json\/wp\/v2\/categories?post=9741"},{"taxonomy":"post_tag","embeddable":true,"href":"https:\/\/rafaramirez.org\/blog\/index.php\/wp-json\/wp\/v2\/tags?post=9741"}],"curies":[{"name":"wp","href":"https:\/\/api.w.org\/{rel}","templated":true}]}}