{"id":9703,"date":"2025-07-08T08:00:46","date_gmt":"2025-07-08T06:00:46","guid":{"rendered":"https:\/\/rafaramirez.org\/blog\/?p=9703"},"modified":"2025-06-17T12:45:06","modified_gmt":"2025-06-17T10:45:06","slug":"flores-frutas-y-mas-para-colorear-plantillas","status":"publish","type":"post","link":"https:\/\/rafaramirez.org\/blog\/index.php\/2025\/07\/08\/flores-frutas-y-mas-para-colorear-plantillas\/","title":{"rendered":"Colorear para florecer: creatividad y calma en cada trazo."},"content":{"rendered":"<p>Hoy te propongo colorear las plantillas de flores, frutas o verduras que te traigo. No creas que es \u00fanicamente una actividad creativa y entretenida; por el contrario, tambi\u00e9n encierra algo profundamente reconfortante. De hecho, es como abrir una ventana a la calma: eliges los colores, te concentras en los detalles y, casi sin darte cuenta, todo lo dem\u00e1s se queda en pausa.<\/p>\n<p>Lo especial de este tipo de manualidad es su simplicidad y accesibilidad. No necesitas ser artista ni tener materiales caros. Gracias a unas plantillas imprimibles, como las que encontrar\u00e1s m\u00e1s abajo, y con la ayuda de l\u00e1pices o rotuladores, ya est\u00e1s en camino de crear algo verdaderamente \u00fanico. Las formas de la naturaleza \u2014una flor en plena floraci\u00f3n, unos champi\u00f1ones, otros con forma de caba\u00f1as del bosque o un cesto de frutas con texturas\u2014 invitan a jugar con tonos vivos, c\u00e1lidos, suaves&#8230; \u00a1Y eso estimula el sentido est\u00e9tico y libera la creatividad!<\/p>\n<p>A nivel emocional, tiene beneficios fascinantes:<\/p>\n<ul>\n<li>Reduce el estr\u00e9s y la ansiedad, ya que al centrarte en el presente y en el gesto repetitivo de colorear, es m\u00e1s f\u00e1cil desconectar del ruido mental.<\/li>\n<li>Fomenta la atenci\u00f3n plena: los trazos y colores act\u00faan como una forma de meditaci\u00f3n activa.<\/li>\n<li>Mejora el estado de \u00e1nimo: elegir colores vibrantes y ver c\u00f3mo una imagen cobra vida produce una sensaci\u00f3n de logro y bienestar.<\/li>\n<li>Refuerza la autoestima: no importa si sales de las l\u00edneas, lo importante es que est\u00e1s creando algo tuyo, a tu manera.<\/li>\n<\/ul>\n<p>Y, por si fuera poco, puedes convertir tus creaciones en elementos decorativos, postales o regalos.<\/p>\n<figure id=\"attachment_9708\" aria-describedby=\"caption-attachment-9708\" style=\"width: 231px\" class=\"wp-caption aligncenter\"><a href=\"https:\/\/rafaramirez.org\/blog\/wp-content\/uploads\/2025\/07\/ai-generated-8429735_rz.jpg\" target=\"_blank\" rel=\"noopener\"><img loading=\"lazy\" decoding=\"async\" class=\"wp-image-9708 size-medium\" src=\"https:\/\/rafaramirez.org\/blog\/wp-content\/uploads\/2025\/07\/ai-generated-8429735_rz-231x300.jpg\" alt=\"Plantilla para colorear de casas seta. Blog de Rafael Ram\u00edrez.\" width=\"231\" height=\"300\" srcset=\"https:\/\/rafaramirez.org\/blog\/wp-content\/uploads\/2025\/07\/ai-generated-8429735_rz-231x300.jpg 231w, https:\/\/rafaramirez.org\/blog\/wp-content\/uploads\/2025\/07\/ai-generated-8429735_rz-788x1024.jpg 788w, https:\/\/rafaramirez.org\/blog\/wp-content\/uploads\/2025\/07\/ai-generated-8429735_rz-768x998.jpg 768w, https:\/\/rafaramirez.org\/blog\/wp-content\/uploads\/2025\/07\/ai-generated-8429735_rz-1182x1536.jpg 1182w, https:\/\/rafaramirez.org\/blog\/wp-content\/uploads\/2025\/07\/ai-generated-8429735_rz.jpg 1477w\" sizes=\"auto, (max-width: 231px) 100vw, 231px\" \/><\/a><figcaption id=\"caption-attachment-9708\" class=\"wp-caption-text\">Plantilla para colorear de casas seta. Blog de Rafael Ram\u00edrez.<\/figcaption><\/figure>\n<figure id=\"attachment_9709\" aria-describedby=\"caption-attachment-9709\" style=\"width: 231px\" class=\"wp-caption aligncenter\"><a href=\"https:\/\/rafaramirez.org\/blog\/wp-content\/uploads\/2025\/07\/ai-generated-8456412_rz.jpg\" target=\"_blank\" rel=\"noopener\"><img loading=\"lazy\" decoding=\"async\" class=\"wp-image-9709 size-medium\" src=\"https:\/\/rafaramirez.org\/blog\/wp-content\/uploads\/2025\/07\/ai-generated-8456412_rz-231x300.jpg\" alt=\"Plantilla para colorear de casas seta. Blog de Rafael Ram\u00edrez.\" width=\"231\" height=\"300\" srcset=\"https:\/\/rafaramirez.org\/blog\/wp-content\/uploads\/2025\/07\/ai-generated-8456412_rz-231x300.jpg 231w, https:\/\/rafaramirez.org\/blog\/wp-content\/uploads\/2025\/07\/ai-generated-8456412_rz-788x1024.jpg 788w, https:\/\/rafaramirez.org\/blog\/wp-content\/uploads\/2025\/07\/ai-generated-8456412_rz-768x998.jpg 768w, https:\/\/rafaramirez.org\/blog\/wp-content\/uploads\/2025\/07\/ai-generated-8456412_rz-1182x1536.jpg 1182w, https:\/\/rafaramirez.org\/blog\/wp-content\/uploads\/2025\/07\/ai-generated-8456412_rz.jpg 1477w\" sizes=\"auto, (max-width: 231px) 100vw, 231px\" \/><\/a><figcaption id=\"caption-attachment-9709\" class=\"wp-caption-text\">Plantilla para colorear de casas seta. Blog de Rafael Ram\u00edrez.<\/figcaption><\/figure>\n<figure id=\"attachment_9710\" aria-describedby=\"caption-attachment-9710\" style=\"width: 300px\" class=\"wp-caption aligncenter\"><a href=\"https:\/\/rafaramirez.org\/blog\/wp-content\/uploads\/2025\/07\/ai-generated-8607537_rz.jpg\" target=\"_blank\" rel=\"noopener\"><img loading=\"lazy\" decoding=\"async\" class=\"wp-image-9710 size-medium\" src=\"https:\/\/rafaramirez.org\/blog\/wp-content\/uploads\/2025\/07\/ai-generated-8607537_rz-300x205.jpg\" alt=\"Plantilla para colorear de cesta de frutas. Blog de Rafael Ram\u00edrez.\" width=\"300\" height=\"205\" srcset=\"https:\/\/rafaramirez.org\/blog\/wp-content\/uploads\/2025\/07\/ai-generated-8607537_rz-300x205.jpg 300w, https:\/\/rafaramirez.org\/blog\/wp-content\/uploads\/2025\/07\/ai-generated-8607537_rz-1024x701.jpg 1024w, https:\/\/rafaramirez.org\/blog\/wp-content\/uploads\/2025\/07\/ai-generated-8607537_rz-768x526.jpg 768w, https:\/\/rafaramirez.org\/blog\/wp-content\/uploads\/2025\/07\/ai-generated-8607537_rz-1536x1051.jpg 1536w, https:\/\/rafaramirez.org\/blog\/wp-content\/uploads\/2025\/07\/ai-generated-8607537_rz.jpg 1920w\" sizes=\"auto, (max-width: 300px) 100vw, 300px\" \/><\/a><figcaption id=\"caption-attachment-9710\" class=\"wp-caption-text\">Plantilla para colorear de cesta de frutas. Blog de Rafael Ram\u00edrez.<\/figcaption><\/figure>\n<figure id=\"attachment_9711\" aria-describedby=\"caption-attachment-9711\" style=\"width: 205px\" class=\"wp-caption aligncenter\"><a href=\"https:\/\/rafaramirez.org\/blog\/wp-content\/uploads\/2025\/07\/ai-generated-8608533_rz.jpg\" target=\"_blank\" rel=\"noopener\"><img loading=\"lazy\" decoding=\"async\" class=\"wp-image-9711 size-medium\" src=\"https:\/\/rafaramirez.org\/blog\/wp-content\/uploads\/2025\/07\/ai-generated-8608533_rz-205x300.jpg\" alt=\"Plantilla para colorear de jarr\u00f3n de flores. Blog de Rafael Ram\u00edrez.\" width=\"205\" height=\"300\" srcset=\"https:\/\/rafaramirez.org\/blog\/wp-content\/uploads\/2025\/07\/ai-generated-8608533_rz-205x300.jpg 205w, https:\/\/rafaramirez.org\/blog\/wp-content\/uploads\/2025\/07\/ai-generated-8608533_rz-701x1024.jpg 701w, https:\/\/rafaramirez.org\/blog\/wp-content\/uploads\/2025\/07\/ai-generated-8608533_rz-768x1122.jpg 768w, https:\/\/rafaramirez.org\/blog\/wp-content\/uploads\/2025\/07\/ai-generated-8608533_rz-1051x1536.jpg 1051w, https:\/\/rafaramirez.org\/blog\/wp-content\/uploads\/2025\/07\/ai-generated-8608533_rz.jpg 1314w\" sizes=\"auto, (max-width: 205px) 100vw, 205px\" \/><\/a><figcaption id=\"caption-attachment-9711\" class=\"wp-caption-text\">Plantilla para colorear de jarr\u00f3n de flores. Blog de Rafael Ram\u00edrez.<\/figcaption><\/figure>\n<figure id=\"attachment_9712\" aria-describedby=\"caption-attachment-9712\" style=\"width: 242px\" class=\"wp-caption aligncenter\"><a href=\"https:\/\/rafaramirez.org\/blog\/wp-content\/uploads\/2025\/07\/ai-generated-8895759_1920.jpg\" target=\"_blank\" rel=\"noopener\"><img loading=\"lazy\" decoding=\"async\" class=\"wp-image-9712 size-medium\" src=\"https:\/\/rafaramirez.org\/blog\/wp-content\/uploads\/2025\/07\/ai-generated-8895759_1920-242x300.jpg\" alt=\"Plantilla para colorear de seta. Blog de Rafael Ram\u00edrez.\" width=\"242\" height=\"300\" srcset=\"https:\/\/rafaramirez.org\/blog\/wp-content\/uploads\/2025\/07\/ai-generated-8895759_1920-242x300.jpg 242w, https:\/\/rafaramirez.org\/blog\/wp-content\/uploads\/2025\/07\/ai-generated-8895759_1920-825x1024.jpg 825w, https:\/\/rafaramirez.org\/blog\/wp-content\/uploads\/2025\/07\/ai-generated-8895759_1920-768x953.jpg 768w, https:\/\/rafaramirez.org\/blog\/wp-content\/uploads\/2025\/07\/ai-generated-8895759_1920-1238x1536.jpg 1238w, https:\/\/rafaramirez.org\/blog\/wp-content\/uploads\/2025\/07\/ai-generated-8895759_1920.jpg 1547w\" sizes=\"auto, (max-width: 242px) 100vw, 242px\" \/><\/a><figcaption id=\"caption-attachment-9712\" class=\"wp-caption-text\">Plantilla para colorear de seta. Blog de Rafael Ram\u00edrez.<\/figcaption><\/figure>\n<figure id=\"attachment_9713\" aria-describedby=\"caption-attachment-9713\" style=\"width: 300px\" class=\"wp-caption aligncenter\"><a href=\"https:\/\/rafaramirez.org\/blog\/wp-content\/uploads\/2025\/07\/ai-generated-8895760_1920.jpg\" target=\"_blank\" rel=\"noopener\"><img loading=\"lazy\" decoding=\"async\" class=\"wp-image-9713 size-medium\" src=\"https:\/\/rafaramirez.org\/blog\/wp-content\/uploads\/2025\/07\/ai-generated-8895760_1920-300x300.jpg\" alt=\"Plantilla para colorear de setas. Blog de Rafael Ram\u00edrez.\" width=\"300\" height=\"300\" srcset=\"https:\/\/rafaramirez.org\/blog\/wp-content\/uploads\/2025\/07\/ai-generated-8895760_1920-300x300.jpg 300w, https:\/\/rafaramirez.org\/blog\/wp-content\/uploads\/2025\/07\/ai-generated-8895760_1920-1022x1024.jpg 1022w, https:\/\/rafaramirez.org\/blog\/wp-content\/uploads\/2025\/07\/ai-generated-8895760_1920-150x150.jpg 150w, https:\/\/rafaramirez.org\/blog\/wp-content\/uploads\/2025\/07\/ai-generated-8895760_1920-768x770.jpg 768w, https:\/\/rafaramirez.org\/blog\/wp-content\/uploads\/2025\/07\/ai-generated-8895760_1920-1533x1536.jpg 1533w, https:\/\/rafaramirez.org\/blog\/wp-content\/uploads\/2025\/07\/ai-generated-8895760_1920.jpg 1916w\" sizes=\"auto, (max-width: 300px) 100vw, 300px\" \/><\/a><figcaption id=\"caption-attachment-9713\" class=\"wp-caption-text\">Plantilla para colorear de setas. Blog de Rafael Ram\u00edrez.<\/figcaption><\/figure>\n<figure id=\"attachment_9714\" aria-describedby=\"caption-attachment-9714\" style=\"width: 248px\" class=\"wp-caption aligncenter\"><a href=\"https:\/\/rafaramirez.org\/blog\/wp-content\/uploads\/2025\/07\/ai-generated-8895762_1920.jpg\" target=\"_blank\" rel=\"noopener\"><img loading=\"lazy\" decoding=\"async\" class=\"wp-image-9714 size-medium\" src=\"https:\/\/rafaramirez.org\/blog\/wp-content\/uploads\/2025\/07\/ai-generated-8895762_1920-248x300.jpg\" alt=\"Plantilla para colorear de setas. Blog de Rafael Ram\u00edrez.\" width=\"248\" height=\"300\" srcset=\"https:\/\/rafaramirez.org\/blog\/wp-content\/uploads\/2025\/07\/ai-generated-8895762_1920-248x300.jpg 248w, https:\/\/rafaramirez.org\/blog\/wp-content\/uploads\/2025\/07\/ai-generated-8895762_1920-845x1024.jpg 845w, https:\/\/rafaramirez.org\/blog\/wp-content\/uploads\/2025\/07\/ai-generated-8895762_1920-768x930.jpg 768w, https:\/\/rafaramirez.org\/blog\/wp-content\/uploads\/2025\/07\/ai-generated-8895762_1920-1268x1536.jpg 1268w, https:\/\/rafaramirez.org\/blog\/wp-content\/uploads\/2025\/07\/ai-generated-8895762_1920.jpg 1585w\" sizes=\"auto, (max-width: 248px) 100vw, 248px\" \/><\/a><figcaption id=\"caption-attachment-9714\" class=\"wp-caption-text\">Plantilla para colorear de setas. Blog de Rafael Ram\u00edrez.<\/figcaption><\/figure>\n<figure id=\"attachment_9715\" aria-describedby=\"caption-attachment-9715\" style=\"width: 173px\" class=\"wp-caption aligncenter\"><a href=\"https:\/\/rafaramirez.org\/blog\/wp-content\/uploads\/2025\/07\/ai-generated-8895766_1920.jpg\" target=\"_blank\" rel=\"noopener\"><img loading=\"lazy\" decoding=\"async\" class=\"wp-image-9715 size-medium\" src=\"https:\/\/rafaramirez.org\/blog\/wp-content\/uploads\/2025\/07\/ai-generated-8895766_1920-173x300.jpg\" alt=\"Plantilla para colorear de setas. Blog de Rafael Ram\u00edrez.\" width=\"173\" height=\"300\" srcset=\"https:\/\/rafaramirez.org\/blog\/wp-content\/uploads\/2025\/07\/ai-generated-8895766_1920-173x300.jpg 173w, https:\/\/rafaramirez.org\/blog\/wp-content\/uploads\/2025\/07\/ai-generated-8895766_1920-589x1024.jpg 589w, https:\/\/rafaramirez.org\/blog\/wp-content\/uploads\/2025\/07\/ai-generated-8895766_1920-768x1334.jpg 768w, https:\/\/rafaramirez.org\/blog\/wp-content\/uploads\/2025\/07\/ai-generated-8895766_1920-884x1536.jpg 884w, https:\/\/rafaramirez.org\/blog\/wp-content\/uploads\/2025\/07\/ai-generated-8895766_1920.jpg 1105w\" sizes=\"auto, (max-width: 173px) 100vw, 173px\" \/><\/a><figcaption id=\"caption-attachment-9715\" class=\"wp-caption-text\">Plantilla para colorear de setas. Blog de Rafael Ram\u00edrez.<\/figcaption><\/figure>\n<figure id=\"attachment_9716\" aria-describedby=\"caption-attachment-9716\" style=\"width: 300px\" class=\"wp-caption aligncenter\"><a href=\"https:\/\/rafaramirez.org\/blog\/wp-content\/uploads\/2025\/07\/ai-generated-8895767.jpg\" target=\"_blank\" rel=\"noopener\"><img loading=\"lazy\" decoding=\"async\" class=\"wp-image-9716 size-medium\" src=\"https:\/\/rafaramirez.org\/blog\/wp-content\/uploads\/2025\/07\/ai-generated-8895767-300x298.jpg\" alt=\"Plantilla para colorear de setas. Blog de Rafael Ram\u00edrez.\" width=\"300\" height=\"298\" srcset=\"https:\/\/rafaramirez.org\/blog\/wp-content\/uploads\/2025\/07\/ai-generated-8895767-300x298.jpg 300w, https:\/\/rafaramirez.org\/blog\/wp-content\/uploads\/2025\/07\/ai-generated-8895767-1024x1016.jpg 1024w, https:\/\/rafaramirez.org\/blog\/wp-content\/uploads\/2025\/07\/ai-generated-8895767-150x150.jpg 150w, https:\/\/rafaramirez.org\/blog\/wp-content\/uploads\/2025\/07\/ai-generated-8895767-768x762.jpg 768w, https:\/\/rafaramirez.org\/blog\/wp-content\/uploads\/2025\/07\/ai-generated-8895767-1536x1524.jpg 1536w, https:\/\/rafaramirez.org\/blog\/wp-content\/uploads\/2025\/07\/ai-generated-8895767.jpg 1935w\" sizes=\"auto, (max-width: 300px) 100vw, 300px\" \/><\/a><figcaption id=\"caption-attachment-9716\" class=\"wp-caption-text\">Plantilla para colorear de setas. Blog de Rafael Ram\u00edrez.<\/figcaption><\/figure>\n<figure id=\"attachment_9717\" aria-describedby=\"caption-attachment-9717\" style=\"width: 300px\" class=\"wp-caption aligncenter\"><a href=\"https:\/\/rafaramirez.org\/blog\/wp-content\/uploads\/2025\/07\/flower-7572684_rz.jpg\" target=\"_blank\" rel=\"noopener\"><img loading=\"lazy\" decoding=\"async\" class=\"wp-image-9717 size-medium\" src=\"https:\/\/rafaramirez.org\/blog\/wp-content\/uploads\/2025\/07\/flower-7572684_rz-300x300.jpg\" alt=\"Plantilla para colorear de flor. Blog de Rafael Ram\u00edrez.\" width=\"300\" height=\"300\" srcset=\"https:\/\/rafaramirez.org\/blog\/wp-content\/uploads\/2025\/07\/flower-7572684_rz-300x300.jpg 300w, https:\/\/rafaramirez.org\/blog\/wp-content\/uploads\/2025\/07\/flower-7572684_rz-1024x1024.jpg 1024w, https:\/\/rafaramirez.org\/blog\/wp-content\/uploads\/2025\/07\/flower-7572684_rz-150x150.jpg 150w, https:\/\/rafaramirez.org\/blog\/wp-content\/uploads\/2025\/07\/flower-7572684_rz-768x768.jpg 768w, https:\/\/rafaramirez.org\/blog\/wp-content\/uploads\/2025\/07\/flower-7572684_rz-1536x1536.jpg 1536w, https:\/\/rafaramirez.org\/blog\/wp-content\/uploads\/2025\/07\/flower-7572684_rz.jpg 1920w\" sizes=\"auto, (max-width: 300px) 100vw, 300px\" \/><\/a><figcaption id=\"caption-attachment-9717\" class=\"wp-caption-text\">Plantilla para colorear de flor. Blog de Rafael Ram\u00edrez.<\/figcaption><\/figure>\n<p><strong>Importante:<\/strong> El uso de estas im\u00e1genes es exclusivamente personal; por lo tanto, no pueden utilizarse con fines comerciales, ni tampoco como parte de una marca registrada. Asimismo, no est\u00e1 permitido imprimir dichas im\u00e1genes en mercanc\u00edas u otros productos f\u00edsicos destinados a su venta, comercializaci\u00f3n o distribuci\u00f3n. <a href=\"https:\/\/pixabay.com\/es\/service\/license-summary\/\" target=\"_blank\" rel=\"noopener\">M\u00e1s informaci\u00f3n.<\/a><\/p>\n<p>M\u00e1s informaci\u00f3n:<\/p>\n<ul>\n<li><a href=\"https:\/\/rafaramirez.org\/blog\/index.php\/category\/arte\/manualidades\/\" target=\"_blank\" rel=\"noopener\">Otras Manualidades<\/a>.<\/li>\n<li><a href=\"https:\/\/rafaramirez.org\/blog\/index.php\/category\/arte\/dibujo-pintura\/\" target=\"_blank\" rel=\"noopener\">Gu\u00edas e ideas de Dibujo y Pintura<\/a>.<\/li>\n<li><a href=\"https:\/\/es.pinterest.com\/Ramirez_Rafa\/\" target=\"_blank\" rel=\"noopener\">En Pinterest<\/a>.<\/li>\n<\/ul>\n","protected":false},"excerpt":{"rendered":"<p>Hoy te propongo colorear las plantillas de flores, frutas o verduras que te traigo. No creas que es \u00fanicamente una actividad creativa y entretenida; por el contrario, tambi\u00e9n encierra algo profundamente reconfortante. De hecho, es como abrir una ventana a la calma: eliges los colores, te concentras en los detalles y, casi sin darte cuenta, [&hellip;]<\/p>\n","protected":false},"author":1,"featured_media":9707,"comment_status":"open","ping_status":"closed","sticky":false,"template":"","format":"standard","meta":{"site-container-style":"default","site-container-layout":"default","site-sidebar-layout":"default","disable-article-header":"default","disable-site-header":"default","disable-site-footer":"default","disable-content-area-spacing":"default","_jetpack_newsletter_access":"","_jetpack_dont_email_post_to_subs":false,"_jetpack_newsletter_tier_id":0,"_jetpack_memberships_contains_paywalled_content":false,"_jetpack_feature_clip_id":0,"_jetpack_memberships_contains_paid_content":false,"footnotes":"","jetpack_publicize_message":"","jetpack_publicize_feature_enabled":true,"jetpack_social_post_already_shared":true,"jetpack_social_options":{"image_generator_settings":{"template":"highway","default_image_id":0,"font":"","enabled":false},"version":2},"jetpack_post_was_ever_published":false},"categories":[5],"tags":[3181,4379,3162,3177,3180,4196,280,4195,4375,4376,4377,4378],"class_list":["post-9703","post","type-post","status-publish","format-standard","has-post-thumbnail","hentry","category-manualidades","tag-calmar-la-mente","tag-champinones-para-colorear","tag-combate-el-estres","tag-expresion-artistica","tag-fomentar-la-creatividad","tag-invitaciones-florales","tag-manualidades","tag-papeles-para-regalos","tag-plantillas-de-flores","tag-plantillas-de-verduras-para-colorear","tag-plantillas-para-colorear","tag-setas-para-colorear"],"yoast_head":"<!-- This site is optimized with the Yoast SEO plugin v28.4 - https:\/\/yoast.com\/product\/yoast-seo-wordpress\/ -->\n<title>Colorear para florecer: creatividad y calma en cada trazo. - Blog de Rafael Ram\u00edrez<\/title>\n<meta name=\"description\" content=\"Hoy te propongo colorear las plantillas de flores, frutas o verduras que te traigo y no creas que es solo una actividad creativa y entretenida\" \/>\n<meta name=\"robots\" content=\"index, follow, max-snippet:-1, max-image-preview:large, max-video-preview:-1\" \/>\n<link rel=\"canonical\" href=\"https:\/\/rafaramirez.org\/blog\/index.php\/2025\/07\/08\/flores-frutas-y-mas-para-colorear-plantillas\/\" \/>\n<meta property=\"og:locale\" content=\"es_ES\" \/>\n<meta property=\"og:type\" content=\"article\" \/>\n<meta property=\"og:title\" content=\"Colorear para florecer: creatividad y calma en cada trazo. - Blog de Rafael Ram\u00edrez\" \/>\n<meta property=\"og:description\" content=\"Hoy te propongo colorear las plantillas de flores, frutas o verduras que te traigo y no creas que es solo una actividad creativa y entretenida\" \/>\n<meta property=\"og:url\" content=\"https:\/\/rafaramirez.org\/blog\/index.php\/2025\/07\/08\/flores-frutas-y-mas-para-colorear-plantillas\/\" \/>\n<meta property=\"og:site_name\" content=\"Blog de Rafael Ram\u00edrez\" \/>\n<meta property=\"article:published_time\" content=\"2025-07-08T06:00:46+00:00\" \/>\n<meta property=\"og:image\" content=\"https:\/\/rafaramirez.org\/blog\/wp-content\/uploads\/2025\/07\/Colorear-para-florecer_bannerblog.jpg\" \/>\n\t<meta property=\"og:image:width\" content=\"720\" \/>\n\t<meta property=\"og:image:height\" content=\"440\" \/>\n\t<meta property=\"og:image:type\" content=\"image\/jpeg\" \/>\n<meta name=\"author\" content=\"Rafael Ram\u00edrez\" \/>\n<meta name=\"twitter:card\" content=\"summary_large_image\" \/>\n<meta name=\"twitter:creator\" content=\"@rafaramirez_ok\" \/>\n<meta name=\"twitter:site\" content=\"@rafaramirez_ok\" \/>\n<meta name=\"twitter:label1\" content=\"Escrito por\" \/>\n\t<meta name=\"twitter:data1\" content=\"Rafael Ram\u00edrez\" \/>\n\t<meta name=\"twitter:label2\" content=\"Tiempo de lectura\" \/>\n\t<meta name=\"twitter:data2\" content=\"5 minutos\" \/>\n<script type=\"application\/ld+json\" class=\"yoast-schema-graph\">{\"@context\":\"https:\\\/\\\/schema.org\",\"@graph\":[{\"@type\":\"Article\",\"@id\":\"https:\\\/\\\/rafaramirez.org\\\/blog\\\/index.php\\\/2025\\\/07\\\/08\\\/flores-frutas-y-mas-para-colorear-plantillas\\\/#article\",\"isPartOf\":{\"@id\":\"https:\\\/\\\/rafaramirez.org\\\/blog\\\/index.php\\\/2025\\\/07\\\/08\\\/flores-frutas-y-mas-para-colorear-plantillas\\\/\"},\"author\":{\"name\":\"Rafael Ram\u00edrez\",\"@id\":\"https:\\\/\\\/rafaramirez.org\\\/blog\\\/#\\\/schema\\\/person\\\/50f43b6d60c578760d4c17bda54ab6a5\"},\"headline\":\"Colorear para florecer: creatividad y calma en cada trazo.\",\"datePublished\":\"2025-07-08T06:00:46+00:00\",\"mainEntityOfPage\":{\"@id\":\"https:\\\/\\\/rafaramirez.org\\\/blog\\\/index.php\\\/2025\\\/07\\\/08\\\/flores-frutas-y-mas-para-colorear-plantillas\\\/\"},\"wordCount\":539,\"commentCount\":0,\"publisher\":{\"@id\":\"https:\\\/\\\/rafaramirez.org\\\/blog\\\/#\\\/schema\\\/person\\\/50f43b6d60c578760d4c17bda54ab6a5\"},\"image\":{\"@id\":\"https:\\\/\\\/rafaramirez.org\\\/blog\\\/index.php\\\/2025\\\/07\\\/08\\\/flores-frutas-y-mas-para-colorear-plantillas\\\/#primaryimage\"},\"thumbnailUrl\":\"https:\\\/\\\/rafaramirez.org\\\/blog\\\/wp-content\\\/uploads\\\/2025\\\/07\\\/Colorear-para-florecer_bannerblog.jpg\",\"keywords\":[\"calmar la mente\",\"champi\u00f1ones para colorear\",\"combate el estr\u00e9s\",\"expresi\u00f3n art\u00edstica\",\"fomentar la creatividad\",\"invitaciones florales\",\"manualidades\",\"papeles para regalos\",\"plantillas de flores\",\"plantillas de verduras para colorear\",\"plantillas para colorear\",\"setas para colorear\"],\"articleSection\":[\"Manualidades\"],\"inLanguage\":\"es\",\"potentialAction\":[{\"@type\":\"CommentAction\",\"name\":\"Comment\",\"target\":[\"https:\\\/\\\/rafaramirez.org\\\/blog\\\/index.php\\\/2025\\\/07\\\/08\\\/flores-frutas-y-mas-para-colorear-plantillas\\\/#respond\"]}]},{\"@type\":\"WebPage\",\"@id\":\"https:\\\/\\\/rafaramirez.org\\\/blog\\\/index.php\\\/2025\\\/07\\\/08\\\/flores-frutas-y-mas-para-colorear-plantillas\\\/\",\"url\":\"https:\\\/\\\/rafaramirez.org\\\/blog\\\/index.php\\\/2025\\\/07\\\/08\\\/flores-frutas-y-mas-para-colorear-plantillas\\\/\",\"name\":\"Colorear para florecer: creatividad y calma en cada trazo. - Blog de Rafael Ram\u00edrez\",\"isPartOf\":{\"@id\":\"https:\\\/\\\/rafaramirez.org\\\/blog\\\/#website\"},\"primaryImageOfPage\":{\"@id\":\"https:\\\/\\\/rafaramirez.org\\\/blog\\\/index.php\\\/2025\\\/07\\\/08\\\/flores-frutas-y-mas-para-colorear-plantillas\\\/#primaryimage\"},\"image\":{\"@id\":\"https:\\\/\\\/rafaramirez.org\\\/blog\\\/index.php\\\/2025\\\/07\\\/08\\\/flores-frutas-y-mas-para-colorear-plantillas\\\/#primaryimage\"},\"thumbnailUrl\":\"https:\\\/\\\/rafaramirez.org\\\/blog\\\/wp-content\\\/uploads\\\/2025\\\/07\\\/Colorear-para-florecer_bannerblog.jpg\",\"datePublished\":\"2025-07-08T06:00:46+00:00\",\"description\":\"Hoy te propongo colorear las plantillas de flores, frutas o verduras que te traigo y no creas que es solo una actividad creativa y entretenida\",\"breadcrumb\":{\"@id\":\"https:\\\/\\\/rafaramirez.org\\\/blog\\\/index.php\\\/2025\\\/07\\\/08\\\/flores-frutas-y-mas-para-colorear-plantillas\\\/#breadcrumb\"},\"inLanguage\":\"es\",\"potentialAction\":[{\"@type\":\"ReadAction\",\"target\":[\"https:\\\/\\\/rafaramirez.org\\\/blog\\\/index.php\\\/2025\\\/07\\\/08\\\/flores-frutas-y-mas-para-colorear-plantillas\\\/\"]}]},{\"@type\":\"ImageObject\",\"inLanguage\":\"es\",\"@id\":\"https:\\\/\\\/rafaramirez.org\\\/blog\\\/index.php\\\/2025\\\/07\\\/08\\\/flores-frutas-y-mas-para-colorear-plantillas\\\/#primaryimage\",\"url\":\"https:\\\/\\\/rafaramirez.org\\\/blog\\\/wp-content\\\/uploads\\\/2025\\\/07\\\/Colorear-para-florecer_bannerblog.jpg\",\"contentUrl\":\"https:\\\/\\\/rafaramirez.org\\\/blog\\\/wp-content\\\/uploads\\\/2025\\\/07\\\/Colorear-para-florecer_bannerblog.jpg\",\"width\":720,\"height\":440,\"caption\":\"Colorear para florecer: plantillas. Blog de Rafael Ram\u00edrez.\"},{\"@type\":\"BreadcrumbList\",\"@id\":\"https:\\\/\\\/rafaramirez.org\\\/blog\\\/index.php\\\/2025\\\/07\\\/08\\\/flores-frutas-y-mas-para-colorear-plantillas\\\/#breadcrumb\",\"itemListElement\":[{\"@type\":\"ListItem\",\"position\":1,\"name\":\"Portada\",\"item\":\"https:\\\/\\\/rafaramirez.org\\\/blog\\\/\"},{\"@type\":\"ListItem\",\"position\":2,\"name\":\"Colorear para florecer: creatividad y calma en cada trazo.\"}]},{\"@type\":\"WebSite\",\"@id\":\"https:\\\/\\\/rafaramirez.org\\\/blog\\\/#website\",\"url\":\"https:\\\/\\\/rafaramirez.org\\\/blog\\\/\",\"name\":\"Blog de Rafael Ram\u00edrez\",\"description\":\"Un sitio social, de arte y cultura\",\"publisher\":{\"@id\":\"https:\\\/\\\/rafaramirez.org\\\/blog\\\/#\\\/schema\\\/person\\\/50f43b6d60c578760d4c17bda54ab6a5\"},\"potentialAction\":[{\"@type\":\"SearchAction\",\"target\":{\"@type\":\"EntryPoint\",\"urlTemplate\":\"https:\\\/\\\/rafaramirez.org\\\/blog\\\/?s={search_term_string}\"},\"query-input\":{\"@type\":\"PropertyValueSpecification\",\"valueRequired\":true,\"valueName\":\"search_term_string\"}}],\"inLanguage\":\"es\"},{\"@type\":[\"Person\",\"Organization\"],\"@id\":\"https:\\\/\\\/rafaramirez.org\\\/blog\\\/#\\\/schema\\\/person\\\/50f43b6d60c578760d4c17bda54ab6a5\",\"name\":\"Rafael Ram\u00edrez\",\"image\":{\"@type\":\"ImageObject\",\"inLanguage\":\"es\",\"@id\":\"https:\\\/\\\/rafaramirez.org\\\/blog\\\/wp-content\\\/uploads\\\/2024\\\/09\\\/RR_socialnetwork.jpg\",\"url\":\"https:\\\/\\\/rafaramirez.org\\\/blog\\\/wp-content\\\/uploads\\\/2024\\\/09\\\/RR_socialnetwork.jpg\",\"contentUrl\":\"https:\\\/\\\/rafaramirez.org\\\/blog\\\/wp-content\\\/uploads\\\/2024\\\/09\\\/RR_socialnetwork.jpg\",\"width\":600,\"height\":606,\"caption\":\"Rafael Ram\u00edrez\"},\"logo\":{\"@id\":\"https:\\\/\\\/rafaramirez.org\\\/blog\\\/wp-content\\\/uploads\\\/2024\\\/09\\\/RR_socialnetwork.jpg\"},\"sameAs\":[\"https:\\\/\\\/www.rafaramirez.org\\\/blog\",\"https:\\\/\\\/www.instagram.com\\\/rafaramirez_ok\\\/\",\"https:\\\/\\\/es.pinterest.com\\\/Ramirez_Rafa\\\/\",\"https:\\\/\\\/x.com\\\/rafaramirez_ok\"],\"url\":\"https:\\\/\\\/rafaramirez.org\\\/blog\\\/index.php\\\/author\\\/rafaell_qm6j97da\\\/\"}]}<\/script>\n<!-- \/ Yoast SEO plugin. -->","yoast_head_json":{"title":"Colorear para florecer: creatividad y calma en cada trazo. - Blog de Rafael Ram\u00edrez","description":"Hoy te propongo colorear las plantillas de flores, frutas o verduras que te traigo y no creas que es solo una actividad creativa y entretenida","robots":{"index":"index","follow":"follow","max-snippet":"max-snippet:-1","max-image-preview":"max-image-preview:large","max-video-preview":"max-video-preview:-1"},"canonical":"https:\/\/rafaramirez.org\/blog\/index.php\/2025\/07\/08\/flores-frutas-y-mas-para-colorear-plantillas\/","og_locale":"es_ES","og_type":"article","og_title":"Colorear para florecer: creatividad y calma en cada trazo. - Blog de Rafael Ram\u00edrez","og_description":"Hoy te propongo colorear las plantillas de flores, frutas o verduras que te traigo y no creas que es solo una actividad creativa y entretenida","og_url":"https:\/\/rafaramirez.org\/blog\/index.php\/2025\/07\/08\/flores-frutas-y-mas-para-colorear-plantillas\/","og_site_name":"Blog de Rafael Ram\u00edrez","article_published_time":"2025-07-08T06:00:46+00:00","og_image":[{"width":720,"height":440,"url":"https:\/\/rafaramirez.org\/blog\/wp-content\/uploads\/2025\/07\/Colorear-para-florecer_bannerblog.jpg","type":"image\/jpeg"}],"author":"Rafael Ram\u00edrez","twitter_card":"summary_large_image","twitter_creator":"@rafaramirez_ok","twitter_site":"@rafaramirez_ok","twitter_misc":{"Escrito por":"Rafael Ram\u00edrez","Tiempo de lectura":"5 minutos"},"schema":{"@context":"https:\/\/schema.org","@graph":[{"@type":"Article","@id":"https:\/\/rafaramirez.org\/blog\/index.php\/2025\/07\/08\/flores-frutas-y-mas-para-colorear-plantillas\/#article","isPartOf":{"@id":"https:\/\/rafaramirez.org\/blog\/index.php\/2025\/07\/08\/flores-frutas-y-mas-para-colorear-plantillas\/"},"author":{"name":"Rafael Ram\u00edrez","@id":"https:\/\/rafaramirez.org\/blog\/#\/schema\/person\/50f43b6d60c578760d4c17bda54ab6a5"},"headline":"Colorear para florecer: creatividad y calma en cada trazo.","datePublished":"2025-07-08T06:00:46+00:00","mainEntityOfPage":{"@id":"https:\/\/rafaramirez.org\/blog\/index.php\/2025\/07\/08\/flores-frutas-y-mas-para-colorear-plantillas\/"},"wordCount":539,"commentCount":0,"publisher":{"@id":"https:\/\/rafaramirez.org\/blog\/#\/schema\/person\/50f43b6d60c578760d4c17bda54ab6a5"},"image":{"@id":"https:\/\/rafaramirez.org\/blog\/index.php\/2025\/07\/08\/flores-frutas-y-mas-para-colorear-plantillas\/#primaryimage"},"thumbnailUrl":"https:\/\/rafaramirez.org\/blog\/wp-content\/uploads\/2025\/07\/Colorear-para-florecer_bannerblog.jpg","keywords":["calmar la mente","champi\u00f1ones para colorear","combate el estr\u00e9s","expresi\u00f3n art\u00edstica","fomentar la creatividad","invitaciones florales","manualidades","papeles para regalos","plantillas de flores","plantillas de verduras para colorear","plantillas para colorear","setas para colorear"],"articleSection":["Manualidades"],"inLanguage":"es","potentialAction":[{"@type":"CommentAction","name":"Comment","target":["https:\/\/rafaramirez.org\/blog\/index.php\/2025\/07\/08\/flores-frutas-y-mas-para-colorear-plantillas\/#respond"]}]},{"@type":"WebPage","@id":"https:\/\/rafaramirez.org\/blog\/index.php\/2025\/07\/08\/flores-frutas-y-mas-para-colorear-plantillas\/","url":"https:\/\/rafaramirez.org\/blog\/index.php\/2025\/07\/08\/flores-frutas-y-mas-para-colorear-plantillas\/","name":"Colorear para florecer: creatividad y calma en cada trazo. - Blog de Rafael Ram\u00edrez","isPartOf":{"@id":"https:\/\/rafaramirez.org\/blog\/#website"},"primaryImageOfPage":{"@id":"https:\/\/rafaramirez.org\/blog\/index.php\/2025\/07\/08\/flores-frutas-y-mas-para-colorear-plantillas\/#primaryimage"},"image":{"@id":"https:\/\/rafaramirez.org\/blog\/index.php\/2025\/07\/08\/flores-frutas-y-mas-para-colorear-plantillas\/#primaryimage"},"thumbnailUrl":"https:\/\/rafaramirez.org\/blog\/wp-content\/uploads\/2025\/07\/Colorear-para-florecer_bannerblog.jpg","datePublished":"2025-07-08T06:00:46+00:00","description":"Hoy te propongo colorear las plantillas de flores, frutas o verduras que te traigo y no creas que es solo una actividad creativa y entretenida","breadcrumb":{"@id":"https:\/\/rafaramirez.org\/blog\/index.php\/2025\/07\/08\/flores-frutas-y-mas-para-colorear-plantillas\/#breadcrumb"},"inLanguage":"es","potentialAction":[{"@type":"ReadAction","target":["https:\/\/rafaramirez.org\/blog\/index.php\/2025\/07\/08\/flores-frutas-y-mas-para-colorear-plantillas\/"]}]},{"@type":"ImageObject","inLanguage":"es","@id":"https:\/\/rafaramirez.org\/blog\/index.php\/2025\/07\/08\/flores-frutas-y-mas-para-colorear-plantillas\/#primaryimage","url":"https:\/\/rafaramirez.org\/blog\/wp-content\/uploads\/2025\/07\/Colorear-para-florecer_bannerblog.jpg","contentUrl":"https:\/\/rafaramirez.org\/blog\/wp-content\/uploads\/2025\/07\/Colorear-para-florecer_bannerblog.jpg","width":720,"height":440,"caption":"Colorear para florecer: plantillas. Blog de Rafael Ram\u00edrez."},{"@type":"BreadcrumbList","@id":"https:\/\/rafaramirez.org\/blog\/index.php\/2025\/07\/08\/flores-frutas-y-mas-para-colorear-plantillas\/#breadcrumb","itemListElement":[{"@type":"ListItem","position":1,"name":"Portada","item":"https:\/\/rafaramirez.org\/blog\/"},{"@type":"ListItem","position":2,"name":"Colorear para florecer: creatividad y calma en cada trazo."}]},{"@type":"WebSite","@id":"https:\/\/rafaramirez.org\/blog\/#website","url":"https:\/\/rafaramirez.org\/blog\/","name":"Blog de Rafael Ram\u00edrez","description":"Un sitio social, de arte y cultura","publisher":{"@id":"https:\/\/rafaramirez.org\/blog\/#\/schema\/person\/50f43b6d60c578760d4c17bda54ab6a5"},"potentialAction":[{"@type":"SearchAction","target":{"@type":"EntryPoint","urlTemplate":"https:\/\/rafaramirez.org\/blog\/?s={search_term_string}"},"query-input":{"@type":"PropertyValueSpecification","valueRequired":true,"valueName":"search_term_string"}}],"inLanguage":"es"},{"@type":["Person","Organization"],"@id":"https:\/\/rafaramirez.org\/blog\/#\/schema\/person\/50f43b6d60c578760d4c17bda54ab6a5","name":"Rafael Ram\u00edrez","image":{"@type":"ImageObject","inLanguage":"es","@id":"https:\/\/rafaramirez.org\/blog\/wp-content\/uploads\/2024\/09\/RR_socialnetwork.jpg","url":"https:\/\/rafaramirez.org\/blog\/wp-content\/uploads\/2024\/09\/RR_socialnetwork.jpg","contentUrl":"https:\/\/rafaramirez.org\/blog\/wp-content\/uploads\/2024\/09\/RR_socialnetwork.jpg","width":600,"height":606,"caption":"Rafael Ram\u00edrez"},"logo":{"@id":"https:\/\/rafaramirez.org\/blog\/wp-content\/uploads\/2024\/09\/RR_socialnetwork.jpg"},"sameAs":["https:\/\/www.rafaramirez.org\/blog","https:\/\/www.instagram.com\/rafaramirez_ok\/","https:\/\/es.pinterest.com\/Ramirez_Rafa\/","https:\/\/x.com\/rafaramirez_ok"],"url":"https:\/\/rafaramirez.org\/blog\/index.php\/author\/rafaell_qm6j97da\/"}]}},"jetpack_publicize_connections":[],"jetpack_sharing_enabled":true,"jetpack_likes_enabled":true,"jetpack_featured_media_url":"https:\/\/rafaramirez.org\/blog\/wp-content\/uploads\/2025\/07\/Colorear-para-florecer_bannerblog.jpg","_links":{"self":[{"href":"https:\/\/rafaramirez.org\/blog\/index.php\/wp-json\/wp\/v2\/posts\/9703","targetHints":{"allow":["GET"]}}],"collection":[{"href":"https:\/\/rafaramirez.org\/blog\/index.php\/wp-json\/wp\/v2\/posts"}],"about":[{"href":"https:\/\/rafaramirez.org\/blog\/index.php\/wp-json\/wp\/v2\/types\/post"}],"author":[{"embeddable":true,"href":"https:\/\/rafaramirez.org\/blog\/index.php\/wp-json\/wp\/v2\/users\/1"}],"replies":[{"embeddable":true,"href":"https:\/\/rafaramirez.org\/blog\/index.php\/wp-json\/wp\/v2\/comments?post=9703"}],"version-history":[{"count":7,"href":"https:\/\/rafaramirez.org\/blog\/index.php\/wp-json\/wp\/v2\/posts\/9703\/revisions"}],"predecessor-version":[{"id":9721,"href":"https:\/\/rafaramirez.org\/blog\/index.php\/wp-json\/wp\/v2\/posts\/9703\/revisions\/9721"}],"wp:featuredmedia":[{"embeddable":true,"href":"https:\/\/rafaramirez.org\/blog\/index.php\/wp-json\/wp\/v2\/media\/9707"}],"wp:attachment":[{"href":"https:\/\/rafaramirez.org\/blog\/index.php\/wp-json\/wp\/v2\/media?parent=9703"}],"wp:term":[{"taxonomy":"category","embeddable":true,"href":"https:\/\/rafaramirez.org\/blog\/index.php\/wp-json\/wp\/v2\/categories?post=9703"},{"taxonomy":"post_tag","embeddable":true,"href":"https:\/\/rafaramirez.org\/blog\/index.php\/wp-json\/wp\/v2\/tags?post=9703"}],"curies":[{"name":"wp","href":"https:\/\/api.w.org\/{rel}","templated":true}]}}