{"id":9694,"date":"2025-07-07T08:00:47","date_gmt":"2025-07-07T06:00:47","guid":{"rendered":"https:\/\/rafaramirez.org\/blog\/?p=9694"},"modified":"2025-06-16T12:32:42","modified_gmt":"2025-06-16T10:32:42","slug":"mediterraneo-joan-manuel-serrat-1982-directo-live-vivo","status":"publish","type":"post","link":"https:\/\/rafaramirez.org\/blog\/index.php\/2025\/07\/07\/mediterraneo-joan-manuel-serrat-1982-directo-live-vivo\/","title":{"rendered":"\u00abMediterr\u00e1neo\u00bb. Joan Manuel Serrat 1982 (Directo\/live\/vivo)."},"content":{"rendered":"<p>La interpretaci\u00f3n que <strong>Joan Manuel Serrat<\/strong> hizo de<strong> \u00abMediterr\u00e1neo\u00bb<\/strong> durante el<strong> Festival de la Trova Iberoamericana de 1982<\/strong> se consolid\u00f3 como uno de esos momentos m\u00e1gicos en los que la m\u00fasica se transforma en un puente cultural. En aquel escenario del <strong>Centro de Bellas Artes de San Juan<\/strong>, Puerto Rico, Serrat ofreci\u00f3 una versi\u00f3n cargada de emotividad y profundidad que resaltaba la esencia rom\u00e1ntica y melanc\u00f3lica de la canci\u00f3n. La composici\u00f3n, que desde su lanzamiento en 1971 ya se hab\u00eda ganado un lugar especial en el repertorio del cantautor, se present\u00f3 en esa ocasi\u00f3n como un aut\u00e9ntico manifiesto de identidad, evocando la belleza, la nostalgia y la fuerza de una tierra y un mar que inspiran a generaciones.<\/p>\n<p>La interpretaci\u00f3n en vivo de Serrat en el festival no solo puso de manifiesto su inigualable capacidad vocal y su magistral manejo de la l\u00edrica po\u00e9tica, sino que tambi\u00e9n demostr\u00f3 su habilidad para conectar con un p\u00fablico diverso, convirtiendo cada acorde y cada verso en un lenguaje universal. Este acto, en el contexto de un festival que celebraba la trova y la diversidad musical iberoamericana, reforz\u00f3 su papel como un embajador cultural capaz de unir distintas tradiciones y sensibilidades. Su interpretaci\u00f3n de \u00abMediterr\u00e1neo\u00bb en ese evento se convirti\u00f3, por tanto, en un punto de referencia tanto para los admiradores de su m\u00fasica como para otros artistas que vieron en esa actuaci\u00f3n un ejemplo de c\u00f3mo combinar el arte personal con una fuerte vocaci\u00f3n social y cultural.<\/p>\n<p><iframe loading=\"lazy\" title=\"YouTube video player\" src=\"https:\/\/www.youtube.com\/embed\/LoXaX3C1fAs?si=8himG0NG0O1MwTJA\" width=\"560\" height=\"315\" frameborder=\"0\" allowfullscreen=\"allowfullscreen\"><\/iframe><\/p>\n<p>Adem\u00e1s, la puesta en escena fue una lecci\u00f3n sobre c\u00f3mo un artista puede adaptar y reinventar su obra en distintos contextos. Cada interpretaci\u00f3n de Serrat lleva consigo matices \u00fanicos; en este caso, la atm\u00f3sfera del festival, el ambiente caribe\u00f1o de <strong>Puerto Rico<\/strong> y la efervescencia del encuentro entre diversas corrientes de la trova hicieron que \u00abMediterr\u00e1neo\u00bb adquiriera una resonancia especial, convirti\u00e9ndola en una experiencia inolvidable para quienes la vivieron y que a\u00fan hoy sigue siendo mencionada como una de las interpretaciones en vivo m\u00e1s emblem\u00e1ticas del cantautor.<\/p>\n<p>M\u00e1s informaci\u00f3n:<\/p>\n<ul>\n<li><a href=\"https:\/\/es.wikipedia.org\/wiki\/Mediterr%C3%A1neo_(canci%C3%B3n)\" target=\"_blank\" rel=\"noopener\">Mediterr\u00e1neo (canci\u00f3n) &#8211; Wikipedia, la enciclopedia libre<\/a>.<\/li>\n<li><a href=\"https:\/\/es.wikipedia.org\/wiki\/Joan_Manuel_Serrat\" target=\"_blank\" rel=\"noopener\">Joan Manuel Serrat &#8211; Wikipedia, la enciclopedia libre<\/a>.<\/li>\n<li><a href=\"https:\/\/www.youtube.com\/@TheTelevideo\/videos\" target=\"_blank\" rel=\"noopener\">Canal TheTelevideo en Youtube<\/a>.<\/li>\n<li><a href=\"https:\/\/rafaramirez.org\/blog\/index.php\/category\/arte\/musica\/\" target=\"_blank\" rel=\"noopener\">M\u00e1s M\u00fasica<\/a>.<\/li>\n<\/ul>\n","protected":false},"excerpt":{"rendered":"<p>La interpretaci\u00f3n que Joan Manuel Serrat hizo de \u00abMediterr\u00e1neo\u00bb durante el Festival de la Trova Iberoamericana de 1982 se consolid\u00f3 como uno de esos momentos m\u00e1gicos en los que la m\u00fasica se transforma en un puente cultural. En aquel escenario del Centro de Bellas Artes de San Juan, Puerto Rico, Serrat ofreci\u00f3 una versi\u00f3n cargada [&hellip;]<\/p>\n","protected":false},"author":1,"featured_media":9699,"comment_status":"open","ping_status":"closed","sticky":false,"template":"","format":"standard","meta":{"site-container-style":"default","site-container-layout":"default","site-sidebar-layout":"default","disable-article-header":"default","disable-site-header":"default","disable-site-footer":"default","disable-content-area-spacing":"default","_jetpack_newsletter_access":"","_jetpack_dont_email_post_to_subs":false,"_jetpack_newsletter_tier_id":0,"_jetpack_memberships_contains_paywalled_content":false,"_jetpack_feature_clip_id":0,"_jetpack_memberships_contains_paid_content":false,"footnotes":"","jetpack_publicize_message":"","jetpack_publicize_feature_enabled":true,"jetpack_social_post_already_shared":true,"jetpack_social_options":{"image_generator_settings":{"template":"highway","default_image_id":0,"font":"","enabled":false},"version":2},"jetpack_post_was_ever_published":false},"categories":[709],"tags":[4373,4372,2734,4374,1388,3356,3357],"class_list":["post-9694","post","type-post","status-publish","format-standard","has-post-thumbnail","hentry","category-musica","tag-mediterraneo-cancion","tag-mediterraneo-de-serrat","tag-conciertos-de-musica","tag-joan-manuel-serrat","tag-mediterraneo","tag-musica-en-directo","tag-musica-en-vivo"],"yoast_head":"<!-- This site is optimized with the Yoast SEO plugin v28.3 - https:\/\/yoast.com\/product\/yoast-seo-wordpress\/ -->\n<title>&quot;Mediterr\u00e1neo&quot;. Joan Manuel Serrat 1982 (Directo\/live\/vivo). - Blog de Rafael Ram\u00edrez<\/title>\n<meta name=\"description\" content=\"La interpretaci\u00f3n de Joan Manuel Serrat de \u201cMediterr\u00e1neo\u201d durante el Festival de la Trova Iberoamericana de 1982 se consolid\u00f3 como uno de esos\" \/>\n<meta name=\"robots\" content=\"index, follow, max-snippet:-1, max-image-preview:large, max-video-preview:-1\" \/>\n<link rel=\"canonical\" href=\"https:\/\/rafaramirez.org\/blog\/index.php\/2025\/07\/07\/mediterraneo-joan-manuel-serrat-1982-directo-live-vivo\/\" \/>\n<meta property=\"og:locale\" content=\"es_ES\" \/>\n<meta property=\"og:type\" content=\"article\" \/>\n<meta property=\"og:title\" content=\"&quot;Mediterr\u00e1neo&quot;. Joan Manuel Serrat 1982 (Directo\/live\/vivo). - Blog de Rafael Ram\u00edrez\" \/>\n<meta property=\"og:description\" content=\"La interpretaci\u00f3n de Joan Manuel Serrat de \u201cMediterr\u00e1neo\u201d durante el Festival de la Trova Iberoamericana de 1982 se consolid\u00f3 como uno de esos\" \/>\n<meta property=\"og:url\" content=\"https:\/\/rafaramirez.org\/blog\/index.php\/2025\/07\/07\/mediterraneo-joan-manuel-serrat-1982-directo-live-vivo\/\" \/>\n<meta property=\"og:site_name\" content=\"Blog de Rafael Ram\u00edrez\" \/>\n<meta property=\"article:published_time\" content=\"2025-07-07T06:00:47+00:00\" \/>\n<meta property=\"og:image\" content=\"https:\/\/rafaramirez.org\/blog\/wp-content\/uploads\/2025\/07\/Serrat_Mediterraneo_1982.jpg\" \/>\n\t<meta property=\"og:image:width\" content=\"720\" \/>\n\t<meta property=\"og:image:height\" content=\"440\" \/>\n\t<meta property=\"og:image:type\" content=\"image\/jpeg\" \/>\n<meta name=\"author\" content=\"Rafael Ram\u00edrez\" \/>\n<meta name=\"twitter:card\" content=\"summary_large_image\" \/>\n<meta name=\"twitter:creator\" content=\"@rafaramirez_ok\" \/>\n<meta name=\"twitter:site\" content=\"@rafaramirez_ok\" \/>\n<meta name=\"twitter:label1\" content=\"Escrito por\" \/>\n\t<meta name=\"twitter:data1\" content=\"Rafael Ram\u00edrez\" \/>\n\t<meta name=\"twitter:label2\" content=\"Tiempo de lectura\" \/>\n\t<meta name=\"twitter:data2\" content=\"2 minutos\" \/>\n<script type=\"application\/ld+json\" class=\"yoast-schema-graph\">{\"@context\":\"https:\\\/\\\/schema.org\",\"@graph\":[{\"@type\":\"Article\",\"@id\":\"https:\\\/\\\/rafaramirez.org\\\/blog\\\/index.php\\\/2025\\\/07\\\/07\\\/mediterraneo-joan-manuel-serrat-1982-directo-live-vivo\\\/#article\",\"isPartOf\":{\"@id\":\"https:\\\/\\\/rafaramirez.org\\\/blog\\\/index.php\\\/2025\\\/07\\\/07\\\/mediterraneo-joan-manuel-serrat-1982-directo-live-vivo\\\/\"},\"author\":{\"name\":\"Rafael Ram\u00edrez\",\"@id\":\"https:\\\/\\\/rafaramirez.org\\\/blog\\\/#\\\/schema\\\/person\\\/50f43b6d60c578760d4c17bda54ab6a5\"},\"headline\":\"\u00abMediterr\u00e1neo\u00bb. Joan Manuel Serrat 1982 (Directo\\\/live\\\/vivo).\",\"datePublished\":\"2025-07-07T06:00:47+00:00\",\"mainEntityOfPage\":{\"@id\":\"https:\\\/\\\/rafaramirez.org\\\/blog\\\/index.php\\\/2025\\\/07\\\/07\\\/mediterraneo-joan-manuel-serrat-1982-directo-live-vivo\\\/\"},\"wordCount\":400,\"commentCount\":0,\"publisher\":{\"@id\":\"https:\\\/\\\/rafaramirez.org\\\/blog\\\/#\\\/schema\\\/person\\\/50f43b6d60c578760d4c17bda54ab6a5\"},\"image\":{\"@id\":\"https:\\\/\\\/rafaramirez.org\\\/blog\\\/index.php\\\/2025\\\/07\\\/07\\\/mediterraneo-joan-manuel-serrat-1982-directo-live-vivo\\\/#primaryimage\"},\"thumbnailUrl\":\"https:\\\/\\\/rafaramirez.org\\\/blog\\\/wp-content\\\/uploads\\\/2025\\\/07\\\/Serrat_Mediterraneo_1982.jpg\",\"keywords\":[\"\u201cMediterr\u00e1neo\u201d canci\u00f3n\",\"\u201cMediterr\u00e1neo\u201d de Serrat\",\"conciertos de m\u00fasica\",\"Joan Manuel Serrat\",\"Mediterr\u00e1neo\",\"m\u00fasica en directo\",\"m\u00fasica en vivo\"],\"articleSection\":[\"M\u00fasica\"],\"inLanguage\":\"es\",\"potentialAction\":[{\"@type\":\"CommentAction\",\"name\":\"Comment\",\"target\":[\"https:\\\/\\\/rafaramirez.org\\\/blog\\\/index.php\\\/2025\\\/07\\\/07\\\/mediterraneo-joan-manuel-serrat-1982-directo-live-vivo\\\/#respond\"]}]},{\"@type\":\"WebPage\",\"@id\":\"https:\\\/\\\/rafaramirez.org\\\/blog\\\/index.php\\\/2025\\\/07\\\/07\\\/mediterraneo-joan-manuel-serrat-1982-directo-live-vivo\\\/\",\"url\":\"https:\\\/\\\/rafaramirez.org\\\/blog\\\/index.php\\\/2025\\\/07\\\/07\\\/mediterraneo-joan-manuel-serrat-1982-directo-live-vivo\\\/\",\"name\":\"\\\"Mediterr\u00e1neo\\\". Joan Manuel Serrat 1982 (Directo\\\/live\\\/vivo). - Blog de Rafael Ram\u00edrez\",\"isPartOf\":{\"@id\":\"https:\\\/\\\/rafaramirez.org\\\/blog\\\/#website\"},\"primaryImageOfPage\":{\"@id\":\"https:\\\/\\\/rafaramirez.org\\\/blog\\\/index.php\\\/2025\\\/07\\\/07\\\/mediterraneo-joan-manuel-serrat-1982-directo-live-vivo\\\/#primaryimage\"},\"image\":{\"@id\":\"https:\\\/\\\/rafaramirez.org\\\/blog\\\/index.php\\\/2025\\\/07\\\/07\\\/mediterraneo-joan-manuel-serrat-1982-directo-live-vivo\\\/#primaryimage\"},\"thumbnailUrl\":\"https:\\\/\\\/rafaramirez.org\\\/blog\\\/wp-content\\\/uploads\\\/2025\\\/07\\\/Serrat_Mediterraneo_1982.jpg\",\"datePublished\":\"2025-07-07T06:00:47+00:00\",\"description\":\"La interpretaci\u00f3n de Joan Manuel Serrat de \u201cMediterr\u00e1neo\u201d durante el Festival de la Trova Iberoamericana de 1982 se consolid\u00f3 como uno de esos\",\"breadcrumb\":{\"@id\":\"https:\\\/\\\/rafaramirez.org\\\/blog\\\/index.php\\\/2025\\\/07\\\/07\\\/mediterraneo-joan-manuel-serrat-1982-directo-live-vivo\\\/#breadcrumb\"},\"inLanguage\":\"es\",\"potentialAction\":[{\"@type\":\"ReadAction\",\"target\":[\"https:\\\/\\\/rafaramirez.org\\\/blog\\\/index.php\\\/2025\\\/07\\\/07\\\/mediterraneo-joan-manuel-serrat-1982-directo-live-vivo\\\/\"]}]},{\"@type\":\"ImageObject\",\"inLanguage\":\"es\",\"@id\":\"https:\\\/\\\/rafaramirez.org\\\/blog\\\/index.php\\\/2025\\\/07\\\/07\\\/mediterraneo-joan-manuel-serrat-1982-directo-live-vivo\\\/#primaryimage\",\"url\":\"https:\\\/\\\/rafaramirez.org\\\/blog\\\/wp-content\\\/uploads\\\/2025\\\/07\\\/Serrat_Mediterraneo_1982.jpg\",\"contentUrl\":\"https:\\\/\\\/rafaramirez.org\\\/blog\\\/wp-content\\\/uploads\\\/2025\\\/07\\\/Serrat_Mediterraneo_1982.jpg\",\"width\":720,\"height\":440,\"caption\":\"\\\"Mediterr\u00e1neo\\\". Joan Manuel Serrat 1982. Blog de Rafael Ram\u00edrez.\"},{\"@type\":\"BreadcrumbList\",\"@id\":\"https:\\\/\\\/rafaramirez.org\\\/blog\\\/index.php\\\/2025\\\/07\\\/07\\\/mediterraneo-joan-manuel-serrat-1982-directo-live-vivo\\\/#breadcrumb\",\"itemListElement\":[{\"@type\":\"ListItem\",\"position\":1,\"name\":\"Portada\",\"item\":\"https:\\\/\\\/rafaramirez.org\\\/blog\\\/\"},{\"@type\":\"ListItem\",\"position\":2,\"name\":\"\u00abMediterr\u00e1neo\u00bb. Joan Manuel Serrat 1982 (Directo\\\/live\\\/vivo).\"}]},{\"@type\":\"WebSite\",\"@id\":\"https:\\\/\\\/rafaramirez.org\\\/blog\\\/#website\",\"url\":\"https:\\\/\\\/rafaramirez.org\\\/blog\\\/\",\"name\":\"Blog de Rafael Ram\u00edrez\",\"description\":\"Un sitio social, de arte y cultura\",\"publisher\":{\"@id\":\"https:\\\/\\\/rafaramirez.org\\\/blog\\\/#\\\/schema\\\/person\\\/50f43b6d60c578760d4c17bda54ab6a5\"},\"potentialAction\":[{\"@type\":\"SearchAction\",\"target\":{\"@type\":\"EntryPoint\",\"urlTemplate\":\"https:\\\/\\\/rafaramirez.org\\\/blog\\\/?s={search_term_string}\"},\"query-input\":{\"@type\":\"PropertyValueSpecification\",\"valueRequired\":true,\"valueName\":\"search_term_string\"}}],\"inLanguage\":\"es\"},{\"@type\":[\"Person\",\"Organization\"],\"@id\":\"https:\\\/\\\/rafaramirez.org\\\/blog\\\/#\\\/schema\\\/person\\\/50f43b6d60c578760d4c17bda54ab6a5\",\"name\":\"Rafael Ram\u00edrez\",\"image\":{\"@type\":\"ImageObject\",\"inLanguage\":\"es\",\"@id\":\"https:\\\/\\\/rafaramirez.org\\\/blog\\\/wp-content\\\/uploads\\\/2024\\\/09\\\/RR_socialnetwork.jpg\",\"url\":\"https:\\\/\\\/rafaramirez.org\\\/blog\\\/wp-content\\\/uploads\\\/2024\\\/09\\\/RR_socialnetwork.jpg\",\"contentUrl\":\"https:\\\/\\\/rafaramirez.org\\\/blog\\\/wp-content\\\/uploads\\\/2024\\\/09\\\/RR_socialnetwork.jpg\",\"width\":600,\"height\":606,\"caption\":\"Rafael Ram\u00edrez\"},\"logo\":{\"@id\":\"https:\\\/\\\/rafaramirez.org\\\/blog\\\/wp-content\\\/uploads\\\/2024\\\/09\\\/RR_socialnetwork.jpg\"},\"sameAs\":[\"https:\\\/\\\/www.rafaramirez.org\\\/blog\",\"https:\\\/\\\/www.instagram.com\\\/rafaramirez_ok\\\/\",\"https:\\\/\\\/es.pinterest.com\\\/Ramirez_Rafa\\\/\",\"https:\\\/\\\/x.com\\\/rafaramirez_ok\"],\"url\":\"https:\\\/\\\/rafaramirez.org\\\/blog\\\/index.php\\\/author\\\/rafaell_qm6j97da\\\/\"}]}<\/script>\n<!-- \/ Yoast SEO plugin. -->","yoast_head_json":{"title":"\"Mediterr\u00e1neo\". Joan Manuel Serrat 1982 (Directo\/live\/vivo). - Blog de Rafael Ram\u00edrez","description":"La interpretaci\u00f3n de Joan Manuel Serrat de \u201cMediterr\u00e1neo\u201d durante el Festival de la Trova Iberoamericana de 1982 se consolid\u00f3 como uno de esos","robots":{"index":"index","follow":"follow","max-snippet":"max-snippet:-1","max-image-preview":"max-image-preview:large","max-video-preview":"max-video-preview:-1"},"canonical":"https:\/\/rafaramirez.org\/blog\/index.php\/2025\/07\/07\/mediterraneo-joan-manuel-serrat-1982-directo-live-vivo\/","og_locale":"es_ES","og_type":"article","og_title":"\"Mediterr\u00e1neo\". Joan Manuel Serrat 1982 (Directo\/live\/vivo). - Blog de Rafael Ram\u00edrez","og_description":"La interpretaci\u00f3n de Joan Manuel Serrat de \u201cMediterr\u00e1neo\u201d durante el Festival de la Trova Iberoamericana de 1982 se consolid\u00f3 como uno de esos","og_url":"https:\/\/rafaramirez.org\/blog\/index.php\/2025\/07\/07\/mediterraneo-joan-manuel-serrat-1982-directo-live-vivo\/","og_site_name":"Blog de Rafael Ram\u00edrez","article_published_time":"2025-07-07T06:00:47+00:00","og_image":[{"width":720,"height":440,"url":"https:\/\/rafaramirez.org\/blog\/wp-content\/uploads\/2025\/07\/Serrat_Mediterraneo_1982.jpg","type":"image\/jpeg"}],"author":"Rafael Ram\u00edrez","twitter_card":"summary_large_image","twitter_creator":"@rafaramirez_ok","twitter_site":"@rafaramirez_ok","twitter_misc":{"Escrito por":"Rafael Ram\u00edrez","Tiempo de lectura":"2 minutos"},"schema":{"@context":"https:\/\/schema.org","@graph":[{"@type":"Article","@id":"https:\/\/rafaramirez.org\/blog\/index.php\/2025\/07\/07\/mediterraneo-joan-manuel-serrat-1982-directo-live-vivo\/#article","isPartOf":{"@id":"https:\/\/rafaramirez.org\/blog\/index.php\/2025\/07\/07\/mediterraneo-joan-manuel-serrat-1982-directo-live-vivo\/"},"author":{"name":"Rafael Ram\u00edrez","@id":"https:\/\/rafaramirez.org\/blog\/#\/schema\/person\/50f43b6d60c578760d4c17bda54ab6a5"},"headline":"\u00abMediterr\u00e1neo\u00bb. Joan Manuel Serrat 1982 (Directo\/live\/vivo).","datePublished":"2025-07-07T06:00:47+00:00","mainEntityOfPage":{"@id":"https:\/\/rafaramirez.org\/blog\/index.php\/2025\/07\/07\/mediterraneo-joan-manuel-serrat-1982-directo-live-vivo\/"},"wordCount":400,"commentCount":0,"publisher":{"@id":"https:\/\/rafaramirez.org\/blog\/#\/schema\/person\/50f43b6d60c578760d4c17bda54ab6a5"},"image":{"@id":"https:\/\/rafaramirez.org\/blog\/index.php\/2025\/07\/07\/mediterraneo-joan-manuel-serrat-1982-directo-live-vivo\/#primaryimage"},"thumbnailUrl":"https:\/\/rafaramirez.org\/blog\/wp-content\/uploads\/2025\/07\/Serrat_Mediterraneo_1982.jpg","keywords":["\u201cMediterr\u00e1neo\u201d canci\u00f3n","\u201cMediterr\u00e1neo\u201d de Serrat","conciertos de m\u00fasica","Joan Manuel Serrat","Mediterr\u00e1neo","m\u00fasica en directo","m\u00fasica en vivo"],"articleSection":["M\u00fasica"],"inLanguage":"es","potentialAction":[{"@type":"CommentAction","name":"Comment","target":["https:\/\/rafaramirez.org\/blog\/index.php\/2025\/07\/07\/mediterraneo-joan-manuel-serrat-1982-directo-live-vivo\/#respond"]}]},{"@type":"WebPage","@id":"https:\/\/rafaramirez.org\/blog\/index.php\/2025\/07\/07\/mediterraneo-joan-manuel-serrat-1982-directo-live-vivo\/","url":"https:\/\/rafaramirez.org\/blog\/index.php\/2025\/07\/07\/mediterraneo-joan-manuel-serrat-1982-directo-live-vivo\/","name":"\"Mediterr\u00e1neo\". Joan Manuel Serrat 1982 (Directo\/live\/vivo). - Blog de Rafael Ram\u00edrez","isPartOf":{"@id":"https:\/\/rafaramirez.org\/blog\/#website"},"primaryImageOfPage":{"@id":"https:\/\/rafaramirez.org\/blog\/index.php\/2025\/07\/07\/mediterraneo-joan-manuel-serrat-1982-directo-live-vivo\/#primaryimage"},"image":{"@id":"https:\/\/rafaramirez.org\/blog\/index.php\/2025\/07\/07\/mediterraneo-joan-manuel-serrat-1982-directo-live-vivo\/#primaryimage"},"thumbnailUrl":"https:\/\/rafaramirez.org\/blog\/wp-content\/uploads\/2025\/07\/Serrat_Mediterraneo_1982.jpg","datePublished":"2025-07-07T06:00:47+00:00","description":"La interpretaci\u00f3n de Joan Manuel Serrat de \u201cMediterr\u00e1neo\u201d durante el Festival de la Trova Iberoamericana de 1982 se consolid\u00f3 como uno de esos","breadcrumb":{"@id":"https:\/\/rafaramirez.org\/blog\/index.php\/2025\/07\/07\/mediterraneo-joan-manuel-serrat-1982-directo-live-vivo\/#breadcrumb"},"inLanguage":"es","potentialAction":[{"@type":"ReadAction","target":["https:\/\/rafaramirez.org\/blog\/index.php\/2025\/07\/07\/mediterraneo-joan-manuel-serrat-1982-directo-live-vivo\/"]}]},{"@type":"ImageObject","inLanguage":"es","@id":"https:\/\/rafaramirez.org\/blog\/index.php\/2025\/07\/07\/mediterraneo-joan-manuel-serrat-1982-directo-live-vivo\/#primaryimage","url":"https:\/\/rafaramirez.org\/blog\/wp-content\/uploads\/2025\/07\/Serrat_Mediterraneo_1982.jpg","contentUrl":"https:\/\/rafaramirez.org\/blog\/wp-content\/uploads\/2025\/07\/Serrat_Mediterraneo_1982.jpg","width":720,"height":440,"caption":"\"Mediterr\u00e1neo\". Joan Manuel Serrat 1982. Blog de Rafael Ram\u00edrez."},{"@type":"BreadcrumbList","@id":"https:\/\/rafaramirez.org\/blog\/index.php\/2025\/07\/07\/mediterraneo-joan-manuel-serrat-1982-directo-live-vivo\/#breadcrumb","itemListElement":[{"@type":"ListItem","position":1,"name":"Portada","item":"https:\/\/rafaramirez.org\/blog\/"},{"@type":"ListItem","position":2,"name":"\u00abMediterr\u00e1neo\u00bb. Joan Manuel Serrat 1982 (Directo\/live\/vivo)."}]},{"@type":"WebSite","@id":"https:\/\/rafaramirez.org\/blog\/#website","url":"https:\/\/rafaramirez.org\/blog\/","name":"Blog de Rafael Ram\u00edrez","description":"Un sitio social, de arte y cultura","publisher":{"@id":"https:\/\/rafaramirez.org\/blog\/#\/schema\/person\/50f43b6d60c578760d4c17bda54ab6a5"},"potentialAction":[{"@type":"SearchAction","target":{"@type":"EntryPoint","urlTemplate":"https:\/\/rafaramirez.org\/blog\/?s={search_term_string}"},"query-input":{"@type":"PropertyValueSpecification","valueRequired":true,"valueName":"search_term_string"}}],"inLanguage":"es"},{"@type":["Person","Organization"],"@id":"https:\/\/rafaramirez.org\/blog\/#\/schema\/person\/50f43b6d60c578760d4c17bda54ab6a5","name":"Rafael Ram\u00edrez","image":{"@type":"ImageObject","inLanguage":"es","@id":"https:\/\/rafaramirez.org\/blog\/wp-content\/uploads\/2024\/09\/RR_socialnetwork.jpg","url":"https:\/\/rafaramirez.org\/blog\/wp-content\/uploads\/2024\/09\/RR_socialnetwork.jpg","contentUrl":"https:\/\/rafaramirez.org\/blog\/wp-content\/uploads\/2024\/09\/RR_socialnetwork.jpg","width":600,"height":606,"caption":"Rafael Ram\u00edrez"},"logo":{"@id":"https:\/\/rafaramirez.org\/blog\/wp-content\/uploads\/2024\/09\/RR_socialnetwork.jpg"},"sameAs":["https:\/\/www.rafaramirez.org\/blog","https:\/\/www.instagram.com\/rafaramirez_ok\/","https:\/\/es.pinterest.com\/Ramirez_Rafa\/","https:\/\/x.com\/rafaramirez_ok"],"url":"https:\/\/rafaramirez.org\/blog\/index.php\/author\/rafaell_qm6j97da\/"}]}},"jetpack_publicize_connections":[],"jetpack_sharing_enabled":true,"jetpack_likes_enabled":true,"jetpack_featured_media_url":"https:\/\/rafaramirez.org\/blog\/wp-content\/uploads\/2025\/07\/Serrat_Mediterraneo_1982.jpg","_links":{"self":[{"href":"https:\/\/rafaramirez.org\/blog\/index.php\/wp-json\/wp\/v2\/posts\/9694","targetHints":{"allow":["GET"]}}],"collection":[{"href":"https:\/\/rafaramirez.org\/blog\/index.php\/wp-json\/wp\/v2\/posts"}],"about":[{"href":"https:\/\/rafaramirez.org\/blog\/index.php\/wp-json\/wp\/v2\/types\/post"}],"author":[{"embeddable":true,"href":"https:\/\/rafaramirez.org\/blog\/index.php\/wp-json\/wp\/v2\/users\/1"}],"replies":[{"embeddable":true,"href":"https:\/\/rafaramirez.org\/blog\/index.php\/wp-json\/wp\/v2\/comments?post=9694"}],"version-history":[{"count":6,"href":"https:\/\/rafaramirez.org\/blog\/index.php\/wp-json\/wp\/v2\/posts\/9694\/revisions"}],"predecessor-version":[{"id":9701,"href":"https:\/\/rafaramirez.org\/blog\/index.php\/wp-json\/wp\/v2\/posts\/9694\/revisions\/9701"}],"wp:featuredmedia":[{"embeddable":true,"href":"https:\/\/rafaramirez.org\/blog\/index.php\/wp-json\/wp\/v2\/media\/9699"}],"wp:attachment":[{"href":"https:\/\/rafaramirez.org\/blog\/index.php\/wp-json\/wp\/v2\/media?parent=9694"}],"wp:term":[{"taxonomy":"category","embeddable":true,"href":"https:\/\/rafaramirez.org\/blog\/index.php\/wp-json\/wp\/v2\/categories?post=9694"},{"taxonomy":"post_tag","embeddable":true,"href":"https:\/\/rafaramirez.org\/blog\/index.php\/wp-json\/wp\/v2\/tags?post=9694"}],"curies":[{"name":"wp","href":"https:\/\/api.w.org\/{rel}","templated":true}]}}