{"id":9686,"date":"2025-07-06T08:00:12","date_gmt":"2025-07-06T06:00:12","guid":{"rendered":"https:\/\/rafaramirez.org\/blog\/?p=9686"},"modified":"2025-06-16T11:55:51","modified_gmt":"2025-06-16T09:55:51","slug":"dia-internacional-de-los-beatles-2025","status":"publish","type":"post","link":"https:\/\/rafaramirez.org\/blog\/index.php\/2025\/07\/06\/dia-internacional-de-los-beatles-2025\/","title":{"rendered":"D\u00eda Internacional de Los Beatles 2025: 6 de julio. El encuentro que transform\u00f3 la m\u00fasica."},"content":{"rendered":"<p>El 6 de julio es una fecha simb\u00f3lica en el mundo de la m\u00fasica, ya que se conmemora el d\u00eda en que, en 1957, John Lennon y Paul McCartney se conocieron en Liverpool, dando inicio a una colaboraci\u00f3n que transformar\u00eda la historia musical. En ese d\u00eda, un joven John Lennon actuaba en el escenario, mientras un adolescente Paul McCartney, presente en el p\u00fablico, no solo se dej\u00f3 cautivar por la m\u00fasica, sino tambi\u00e9n por la posibilidad de entablar una amistad que, gracias a un amigo en com\u00fan, se gest\u00f3 de la noche a la ma\u00f1ana. Este encuentro fortuito marc\u00f3 el comienzo de la alianza creativa que, junto a George Harrison y Ringo Starr, dar\u00eda forma a The Beatles, quienes revolucionaron la m\u00fasica y la cultura en todo el mundo.<\/p>\n<p>La magia de este 6 de julio radica en la combinaci\u00f3n \u00fanica de Lennon y McCartney. John, con su energ\u00eda indisciplinada y experimental, se fusionaba con la precisi\u00f3n y el enfoque met\u00f3dico de Paul; una combinaci\u00f3n tan natural que, en cuesti\u00f3n de a\u00f1os, catalizaron el fen\u00f3meno global conocido como \u00abbeatleman\u00eda\u00bb. La influencia de The Beatles trascendi\u00f3 la m\u00fasica para convertirse en un s\u00edmbolo de cambio cultural, inspirando modas, actitudes y un renovado esp\u00edritu juvenil en una \u00e9poca marcada por la transformaci\u00f3n social.<\/p>\n<p>Aunque existen otras fechas que algunos fans se\u00f1alan como significativas en la historia de la banda \u2014como el 16 de enero, por el debut en el Cavern Club, o el 10 de julio, recordando retrospectivamente el regreso triunfal a Liverpool\u2014, muchos consideran que el 6 de julio resuena como el verdadero \u201cnacimiento\u201d de la magia que dio origen al grupo. Este d\u00eda es, en esencia, una celebraci\u00f3n de c\u00f3mo un encuentro inesperado puede transformar la cultura global y marcar el inicio de una era en la que la m\u00fasica dej\u00f3 de ser solo una forma de entretenimiento para convertirse en un motor de cambio y evoluci\u00f3n social.<\/p>\n<p>La conmemoraci\u00f3n del D\u00eda Internacional de Los Beatles invita a fans y amantes de la m\u00fasica a recordar y valorar el poder transformador de la m\u00fasica. Adem\u00e1s de rememorar un acontecimiento hist\u00f3rico, es una oportunidad para reflexionar sobre c\u00f3mo la creatividad, la amistad y la pasi\u00f3n por el arte pueden influir y moldear generaciones enteras.<\/p>\n<h3>Disfruta de algunas de sus canciones m\u00e1s ic\u00f3nicas:<\/h3>\n<ul>\n<li style=\"list-style-type: none;\">\n<ul>\n<li><strong>Let It Be.<\/strong><\/li>\n<\/ul>\n<\/li>\n<\/ul>\n<p><iframe loading=\"lazy\" title=\"YouTube video player\" src=\"https:\/\/www.youtube.com\/embed\/CGj85pVzRJs?si=SVplAOPaEBGqACe_\" width=\"560\" height=\"315\" frameborder=\"0\" allowfullscreen=\"allowfullscreen\"><\/iframe><\/p>\n<ul>\n<li style=\"list-style-type: none;\">\n<ul>\n<li><strong>Yesterday.<\/strong><\/li>\n<\/ul>\n<\/li>\n<\/ul>\n<p><iframe loading=\"lazy\" title=\"YouTube video player\" src=\"https:\/\/www.youtube.com\/embed\/wXTJBr9tt8Q?si=zX-fBtvLVbpcJ8SL\" width=\"560\" height=\"315\" frameborder=\"0\" allowfullscreen=\"allowfullscreen\"><\/iframe><\/p>\n<ul>\n<li style=\"list-style-type: none;\">\n<ul>\n<li><strong>Hey Jude.<\/strong><\/li>\n<\/ul>\n<\/li>\n<\/ul>\n<p><iframe loading=\"lazy\" title=\"YouTube video player\" src=\"https:\/\/www.youtube.com\/embed\/A_MjCqQoLLA?si=Bb1it4mgS8FXO4DP&amp;start=55\" width=\"560\" height=\"315\" frameborder=\"0\" allowfullscreen=\"allowfullscreen\"><\/iframe><\/p>\n<ul>\n<li style=\"list-style-type: none;\">\n<ul>\n<li><strong>Help.<\/strong><\/li>\n<\/ul>\n<\/li>\n<\/ul>\n<p><iframe loading=\"lazy\" title=\"YouTube video player\" src=\"https:\/\/www.youtube.com\/embed\/2Q_ZzBGPdqE?si=pm-Bs03hDa7SpW2K\" width=\"560\" height=\"315\" frameborder=\"0\" allowfullscreen=\"allowfullscreen\"><\/iframe><\/p>\n<ul>\n<li style=\"list-style-type: none;\">\n<ul>\n<li><strong>All you need is love. <\/strong><\/li>\n<\/ul>\n<\/li>\n<\/ul>\n<p><iframe loading=\"lazy\" title=\"YouTube video player\" src=\"https:\/\/www.youtube.com\/embed\/_7xMfIp-irg?si=ata4icZaif2TV4zp\" width=\"560\" height=\"315\" frameborder=\"0\" allowfullscreen=\"allowfullscreen\"><\/iframe><\/p>\n<ul>\n<li style=\"list-style-type: none;\">\n<ul>\n<li><strong>Love me do.<\/strong><\/li>\n<\/ul>\n<\/li>\n<\/ul>\n<p><iframe loading=\"lazy\" title=\"YouTube video player\" src=\"https:\/\/www.youtube.com\/embed\/Jbt8oH5Lxto?si=SvX39UK3nvsa4pxI\" width=\"560\" height=\"315\" frameborder=\"0\" allowfullscreen=\"allowfullscreen\"><\/iframe><\/p>\n<ul>\n<li style=\"list-style-type: none;\">\n<ul>\n<li><strong>Here comes the sun. <\/strong><\/li>\n<\/ul>\n<\/li>\n<\/ul>\n<p><iframe loading=\"lazy\" title=\"YouTube video player\" src=\"https:\/\/www.youtube.com\/embed\/KQetemT1sWc?si=BT462S2KJeoD0qep\" width=\"560\" height=\"315\" frameborder=\"0\" allowfullscreen=\"allowfullscreen\"><\/iframe><\/p>\n<ul>\n<li style=\"list-style-type: none;\">\n<ul>\n<li><strong>Michelle. <\/strong><\/li>\n<\/ul>\n<\/li>\n<\/ul>\n<p><iframe loading=\"lazy\" title=\"YouTube video player\" src=\"https:\/\/www.youtube.com\/embed\/WoBLi5eE-wY?si=rye9EAvt6Nm4ZIwe\" width=\"560\" height=\"315\" frameborder=\"0\" allowfullscreen=\"allowfullscreen\"><\/iframe><\/p>\n<ul>\n<li style=\"list-style-type: none;\">\n<ul>\n<li><strong>Come together.<\/strong><\/li>\n<\/ul>\n<\/li>\n<\/ul>\n<p><iframe loading=\"lazy\" title=\"YouTube video player\" src=\"https:\/\/www.youtube.com\/embed\/45cYwDMibGo?si=coH4OlfSotSR6jq1\" width=\"560\" height=\"315\" frameborder=\"0\" allowfullscreen=\"allowfullscreen\"><\/iframe><\/p>\n<p>A d\u00eda de hoy, el legado de The Beatles sigue vivo y su influencia perdura en generaciones de fans alrededor del mundo. \ud83c\udfb6\ud83c\udf1f<\/p>\n<p>M\u00e1s informaci\u00f3n:<\/p>\n<ul>\n<li><a href=\"https:\/\/www.lasexta.com\/noticias\/cultura\/que-celebra-6-julio-dia-internacional-the-beatles_202407066689643f301df70001f3a000.html\" target=\"_blank\" rel=\"noopener\">La Sexta<\/a>.<\/li>\n<li><a href=\"https:\/\/okdiario.com\/curiosidades\/dia-internacional-beatles-que-fecha-6-julio-10-julio-o-16-enero-13112109\" target=\"_blank\" rel=\"noopener\">Ok Diario<\/a>.<\/li>\n<li><a href=\"https:\/\/rafaramirez.org\/blog\/index.php\/category\/arte\/efemerides\/\" target=\"_blank\" rel=\"noopener\">Otras efem\u00e9rides destacadas<\/a>.<\/li>\n<li>Fotograf\u00eda de The Beatles en la portada por United Press International (UPI Telephoto) &#8211; Esta imagen est\u00e1 disponible en la Divisi\u00f3n de Impresiones y Fotograf\u00edas de la Biblioteca del Congreso de los Estados Unidos bajo el c\u00f3digo digital cph.3c11094.Esta etiqueta no indica el estado de los derechos de autor del trabajo adjunto.<\/li>\n<\/ul>\n","protected":false},"excerpt":{"rendered":"<p>El 6 de julio es una fecha simb\u00f3lica en el mundo de la m\u00fasica, ya que se conmemora el d\u00eda en que, en 1957, John Lennon y Paul McCartney se conocieron en Liverpool, dando inicio a una colaboraci\u00f3n que transformar\u00eda la historia musical. En ese d\u00eda, un joven John Lennon actuaba en el escenario, mientras [&hellip;]<\/p>\n","protected":false},"author":1,"featured_media":9689,"comment_status":"open","ping_status":"closed","sticky":false,"template":"","format":"standard","meta":{"site-container-style":"default","site-container-layout":"default","site-sidebar-layout":"default","disable-article-header":"default","disable-site-header":"default","disable-site-footer":"default","disable-content-area-spacing":"default","_jetpack_newsletter_access":"","_jetpack_dont_email_post_to_subs":false,"_jetpack_newsletter_tier_id":0,"_jetpack_memberships_contains_paywalled_content":false,"_jetpack_feature_clip_id":0,"_jetpack_memberships_contains_paid_content":false,"footnotes":"","jetpack_publicize_message":"","jetpack_publicize_feature_enabled":true,"jetpack_social_post_already_shared":true,"jetpack_social_options":{"image_generator_settings":{"template":"highway","default_image_id":0,"font":"","enabled":false},"version":2},"jetpack_post_was_ever_published":false},"categories":[1291,709],"tags":[2638,2664,2668,2646,2536,2637,1323,2645,2663,2667,2662,606,2661,2642,2665,2666,2648,2515,728,2640,415,2644,2647,730,572,506,2639,2656],"class_list":["post-9686","post","type-post","status-publish","format-standard","has-post-thumbnail","hentry","category-efemerides","category-musica","tag-6-de-julio","tag-all-you-need-is-love","tag-come-together","tag-cultura-mundial","tag-decada-de-los-60","tag-dia-internacional-de-los-beatles","tag-efemerides","tag-george-harrison","tag-help","tag-here-comes-the-sun","tag-hey-jude","tag-john-lennon","tag-let-it-be","tag-liverpool","tag-love-me-do","tag-michelle","tag-moda","tag-musica-recomendada","tag-noticias-musicales","tag-paul-mccartney","tag-recomendaciones-musicales","tag-ringo-starr","tag-sonido-distintivo","tag-the-beatles","tag-video-musical","tag-videoclip-musical","tag-videos-musicales","tag-yesterday"],"yoast_head":"<!-- This site is optimized with the Yoast SEO plugin v28.3 - https:\/\/yoast.com\/product\/yoast-seo-wordpress\/ -->\n<title>D\u00eda Internacional de Los Beatles 2025: 6 de julio. El encuentro que transform\u00f3 la m\u00fasica. - Blog de Rafael Ram\u00edrez<\/title>\n<meta name=\"description\" content=\"El 6 de julio es una fecha simb\u00f3lica en el mundo de la m\u00fasica, ya que se conmemora el D\u00eda Internacional de Los Beatles, el d\u00eda de 1957, en...\" \/>\n<meta name=\"robots\" content=\"index, follow, max-snippet:-1, max-image-preview:large, max-video-preview:-1\" \/>\n<link rel=\"canonical\" href=\"https:\/\/rafaramirez.org\/blog\/index.php\/2025\/07\/06\/dia-internacional-de-los-beatles-2025\/\" \/>\n<meta property=\"og:locale\" content=\"es_ES\" \/>\n<meta property=\"og:type\" content=\"article\" \/>\n<meta property=\"og:title\" content=\"D\u00eda Internacional de Los Beatles 2025: 6 de julio. El encuentro que transform\u00f3 la m\u00fasica. - Blog de Rafael Ram\u00edrez\" \/>\n<meta property=\"og:description\" content=\"El 6 de julio es una fecha simb\u00f3lica en el mundo de la m\u00fasica, ya que se conmemora el D\u00eda Internacional de Los Beatles, el d\u00eda de 1957, en...\" \/>\n<meta property=\"og:url\" content=\"https:\/\/rafaramirez.org\/blog\/index.php\/2025\/07\/06\/dia-internacional-de-los-beatles-2025\/\" \/>\n<meta property=\"og:site_name\" content=\"Blog de Rafael Ram\u00edrez\" \/>\n<meta property=\"article:published_time\" content=\"2025-07-06T06:00:12+00:00\" \/>\n<meta property=\"og:image\" content=\"https:\/\/rafaramirez.org\/blog\/wp-content\/uploads\/2025\/07\/Dia-Internacional-de-los-Beatles_bannerblog.jpg\" \/>\n\t<meta property=\"og:image:width\" content=\"720\" \/>\n\t<meta property=\"og:image:height\" content=\"440\" \/>\n\t<meta property=\"og:image:type\" content=\"image\/jpeg\" \/>\n<meta name=\"author\" content=\"Rafael Ram\u00edrez\" \/>\n<meta name=\"twitter:card\" content=\"summary_large_image\" \/>\n<meta name=\"twitter:creator\" content=\"@rafaramirez_ok\" \/>\n<meta name=\"twitter:site\" content=\"@rafaramirez_ok\" \/>\n<meta name=\"twitter:label1\" content=\"Escrito por\" \/>\n\t<meta name=\"twitter:data1\" content=\"Rafael Ram\u00edrez\" \/>\n\t<meta name=\"twitter:label2\" content=\"Tiempo de lectura\" \/>\n\t<meta name=\"twitter:data2\" content=\"3 minutos\" \/>\n<script type=\"application\/ld+json\" class=\"yoast-schema-graph\">{\"@context\":\"https:\\\/\\\/schema.org\",\"@graph\":[{\"@type\":\"Article\",\"@id\":\"https:\\\/\\\/rafaramirez.org\\\/blog\\\/index.php\\\/2025\\\/07\\\/06\\\/dia-internacional-de-los-beatles-2025\\\/#article\",\"isPartOf\":{\"@id\":\"https:\\\/\\\/rafaramirez.org\\\/blog\\\/index.php\\\/2025\\\/07\\\/06\\\/dia-internacional-de-los-beatles-2025\\\/\"},\"author\":{\"name\":\"Rafael Ram\u00edrez\",\"@id\":\"https:\\\/\\\/rafaramirez.org\\\/blog\\\/#\\\/schema\\\/person\\\/50f43b6d60c578760d4c17bda54ab6a5\"},\"headline\":\"D\u00eda Internacional de Los Beatles 2025: 6 de julio. El encuentro que transform\u00f3 la m\u00fasica.\",\"datePublished\":\"2025-07-06T06:00:12+00:00\",\"mainEntityOfPage\":{\"@id\":\"https:\\\/\\\/rafaramirez.org\\\/blog\\\/index.php\\\/2025\\\/07\\\/06\\\/dia-internacional-de-los-beatles-2025\\\/\"},\"wordCount\":547,\"commentCount\":0,\"publisher\":{\"@id\":\"https:\\\/\\\/rafaramirez.org\\\/blog\\\/#\\\/schema\\\/person\\\/50f43b6d60c578760d4c17bda54ab6a5\"},\"image\":{\"@id\":\"https:\\\/\\\/rafaramirez.org\\\/blog\\\/index.php\\\/2025\\\/07\\\/06\\\/dia-internacional-de-los-beatles-2025\\\/#primaryimage\"},\"thumbnailUrl\":\"https:\\\/\\\/rafaramirez.org\\\/blog\\\/wp-content\\\/uploads\\\/2025\\\/07\\\/Dia-Internacional-de-los-Beatles_bannerblog.jpg\",\"keywords\":[\"6 de julio\",\"All you need is love\",\"Come together\",\"cultura mundial\",\"d\u00e9cada de los 60\",\"D\u00eda Internacional de Los Beatles\",\"efem\u00e9rides\",\"George Harrison\",\"Help\",\"Here comes the sun\",\"Hey Jude\",\"john lennon\",\"Let It Be\",\"Liverpool\",\"Love me do\",\"Michelle\",\"moda\",\"m\u00fasica recomendada\",\"noticias musicales\",\"Paul McCartney\",\"recomendaciones musicales\",\"Ringo Starr\",\"sonido distintivo\",\"The Beatles\",\"video musical\",\"videoclip musical\",\"videos musicales\",\"Yesterday\"],\"articleSection\":[\"Efem\u00e9rides\",\"M\u00fasica\"],\"inLanguage\":\"es\",\"potentialAction\":[{\"@type\":\"CommentAction\",\"name\":\"Comment\",\"target\":[\"https:\\\/\\\/rafaramirez.org\\\/blog\\\/index.php\\\/2025\\\/07\\\/06\\\/dia-internacional-de-los-beatles-2025\\\/#respond\"]}]},{\"@type\":\"WebPage\",\"@id\":\"https:\\\/\\\/rafaramirez.org\\\/blog\\\/index.php\\\/2025\\\/07\\\/06\\\/dia-internacional-de-los-beatles-2025\\\/\",\"url\":\"https:\\\/\\\/rafaramirez.org\\\/blog\\\/index.php\\\/2025\\\/07\\\/06\\\/dia-internacional-de-los-beatles-2025\\\/\",\"name\":\"D\u00eda Internacional de Los Beatles 2025: 6 de julio. El encuentro que transform\u00f3 la m\u00fasica. - Blog de Rafael Ram\u00edrez\",\"isPartOf\":{\"@id\":\"https:\\\/\\\/rafaramirez.org\\\/blog\\\/#website\"},\"primaryImageOfPage\":{\"@id\":\"https:\\\/\\\/rafaramirez.org\\\/blog\\\/index.php\\\/2025\\\/07\\\/06\\\/dia-internacional-de-los-beatles-2025\\\/#primaryimage\"},\"image\":{\"@id\":\"https:\\\/\\\/rafaramirez.org\\\/blog\\\/index.php\\\/2025\\\/07\\\/06\\\/dia-internacional-de-los-beatles-2025\\\/#primaryimage\"},\"thumbnailUrl\":\"https:\\\/\\\/rafaramirez.org\\\/blog\\\/wp-content\\\/uploads\\\/2025\\\/07\\\/Dia-Internacional-de-los-Beatles_bannerblog.jpg\",\"datePublished\":\"2025-07-06T06:00:12+00:00\",\"description\":\"El 6 de julio es una fecha simb\u00f3lica en el mundo de la m\u00fasica, ya que se conmemora el D\u00eda Internacional de Los Beatles, el d\u00eda de 1957, en...\",\"breadcrumb\":{\"@id\":\"https:\\\/\\\/rafaramirez.org\\\/blog\\\/index.php\\\/2025\\\/07\\\/06\\\/dia-internacional-de-los-beatles-2025\\\/#breadcrumb\"},\"inLanguage\":\"es\",\"potentialAction\":[{\"@type\":\"ReadAction\",\"target\":[\"https:\\\/\\\/rafaramirez.org\\\/blog\\\/index.php\\\/2025\\\/07\\\/06\\\/dia-internacional-de-los-beatles-2025\\\/\"]}]},{\"@type\":\"ImageObject\",\"inLanguage\":\"es\",\"@id\":\"https:\\\/\\\/rafaramirez.org\\\/blog\\\/index.php\\\/2025\\\/07\\\/06\\\/dia-internacional-de-los-beatles-2025\\\/#primaryimage\",\"url\":\"https:\\\/\\\/rafaramirez.org\\\/blog\\\/wp-content\\\/uploads\\\/2025\\\/07\\\/Dia-Internacional-de-los-Beatles_bannerblog.jpg\",\"contentUrl\":\"https:\\\/\\\/rafaramirez.org\\\/blog\\\/wp-content\\\/uploads\\\/2025\\\/07\\\/Dia-Internacional-de-los-Beatles_bannerblog.jpg\",\"width\":720,\"height\":440,\"caption\":\"D\u00eda Internacional de Los Beatles 2025: 6 de julio. Blog de Rafael Ram\u00edrez.\"},{\"@type\":\"BreadcrumbList\",\"@id\":\"https:\\\/\\\/rafaramirez.org\\\/blog\\\/index.php\\\/2025\\\/07\\\/06\\\/dia-internacional-de-los-beatles-2025\\\/#breadcrumb\",\"itemListElement\":[{\"@type\":\"ListItem\",\"position\":1,\"name\":\"Portada\",\"item\":\"https:\\\/\\\/rafaramirez.org\\\/blog\\\/\"},{\"@type\":\"ListItem\",\"position\":2,\"name\":\"D\u00eda Internacional de Los Beatles 2025: 6 de julio. El encuentro que transform\u00f3 la m\u00fasica.\"}]},{\"@type\":\"WebSite\",\"@id\":\"https:\\\/\\\/rafaramirez.org\\\/blog\\\/#website\",\"url\":\"https:\\\/\\\/rafaramirez.org\\\/blog\\\/\",\"name\":\"Blog de Rafael Ram\u00edrez\",\"description\":\"Un sitio social, de arte y cultura\",\"publisher\":{\"@id\":\"https:\\\/\\\/rafaramirez.org\\\/blog\\\/#\\\/schema\\\/person\\\/50f43b6d60c578760d4c17bda54ab6a5\"},\"potentialAction\":[{\"@type\":\"SearchAction\",\"target\":{\"@type\":\"EntryPoint\",\"urlTemplate\":\"https:\\\/\\\/rafaramirez.org\\\/blog\\\/?s={search_term_string}\"},\"query-input\":{\"@type\":\"PropertyValueSpecification\",\"valueRequired\":true,\"valueName\":\"search_term_string\"}}],\"inLanguage\":\"es\"},{\"@type\":[\"Person\",\"Organization\"],\"@id\":\"https:\\\/\\\/rafaramirez.org\\\/blog\\\/#\\\/schema\\\/person\\\/50f43b6d60c578760d4c17bda54ab6a5\",\"name\":\"Rafael Ram\u00edrez\",\"image\":{\"@type\":\"ImageObject\",\"inLanguage\":\"es\",\"@id\":\"https:\\\/\\\/rafaramirez.org\\\/blog\\\/wp-content\\\/uploads\\\/2024\\\/09\\\/RR_socialnetwork.jpg\",\"url\":\"https:\\\/\\\/rafaramirez.org\\\/blog\\\/wp-content\\\/uploads\\\/2024\\\/09\\\/RR_socialnetwork.jpg\",\"contentUrl\":\"https:\\\/\\\/rafaramirez.org\\\/blog\\\/wp-content\\\/uploads\\\/2024\\\/09\\\/RR_socialnetwork.jpg\",\"width\":600,\"height\":606,\"caption\":\"Rafael Ram\u00edrez\"},\"logo\":{\"@id\":\"https:\\\/\\\/rafaramirez.org\\\/blog\\\/wp-content\\\/uploads\\\/2024\\\/09\\\/RR_socialnetwork.jpg\"},\"sameAs\":[\"https:\\\/\\\/www.rafaramirez.org\\\/blog\",\"https:\\\/\\\/www.instagram.com\\\/rafaramirez_ok\\\/\",\"https:\\\/\\\/es.pinterest.com\\\/Ramirez_Rafa\\\/\",\"https:\\\/\\\/x.com\\\/rafaramirez_ok\"],\"url\":\"https:\\\/\\\/rafaramirez.org\\\/blog\\\/index.php\\\/author\\\/rafaell_qm6j97da\\\/\"}]}<\/script>\n<!-- \/ Yoast SEO plugin. -->","yoast_head_json":{"title":"D\u00eda Internacional de Los Beatles 2025: 6 de julio. El encuentro que transform\u00f3 la m\u00fasica. - Blog de Rafael Ram\u00edrez","description":"El 6 de julio es una fecha simb\u00f3lica en el mundo de la m\u00fasica, ya que se conmemora el D\u00eda Internacional de Los Beatles, el d\u00eda de 1957, en...","robots":{"index":"index","follow":"follow","max-snippet":"max-snippet:-1","max-image-preview":"max-image-preview:large","max-video-preview":"max-video-preview:-1"},"canonical":"https:\/\/rafaramirez.org\/blog\/index.php\/2025\/07\/06\/dia-internacional-de-los-beatles-2025\/","og_locale":"es_ES","og_type":"article","og_title":"D\u00eda Internacional de Los Beatles 2025: 6 de julio. El encuentro que transform\u00f3 la m\u00fasica. - Blog de Rafael Ram\u00edrez","og_description":"El 6 de julio es una fecha simb\u00f3lica en el mundo de la m\u00fasica, ya que se conmemora el D\u00eda Internacional de Los Beatles, el d\u00eda de 1957, en...","og_url":"https:\/\/rafaramirez.org\/blog\/index.php\/2025\/07\/06\/dia-internacional-de-los-beatles-2025\/","og_site_name":"Blog de Rafael Ram\u00edrez","article_published_time":"2025-07-06T06:00:12+00:00","og_image":[{"width":720,"height":440,"url":"https:\/\/rafaramirez.org\/blog\/wp-content\/uploads\/2025\/07\/Dia-Internacional-de-los-Beatles_bannerblog.jpg","type":"image\/jpeg"}],"author":"Rafael Ram\u00edrez","twitter_card":"summary_large_image","twitter_creator":"@rafaramirez_ok","twitter_site":"@rafaramirez_ok","twitter_misc":{"Escrito por":"Rafael Ram\u00edrez","Tiempo de lectura":"3 minutos"},"schema":{"@context":"https:\/\/schema.org","@graph":[{"@type":"Article","@id":"https:\/\/rafaramirez.org\/blog\/index.php\/2025\/07\/06\/dia-internacional-de-los-beatles-2025\/#article","isPartOf":{"@id":"https:\/\/rafaramirez.org\/blog\/index.php\/2025\/07\/06\/dia-internacional-de-los-beatles-2025\/"},"author":{"name":"Rafael Ram\u00edrez","@id":"https:\/\/rafaramirez.org\/blog\/#\/schema\/person\/50f43b6d60c578760d4c17bda54ab6a5"},"headline":"D\u00eda Internacional de Los Beatles 2025: 6 de julio. El encuentro que transform\u00f3 la m\u00fasica.","datePublished":"2025-07-06T06:00:12+00:00","mainEntityOfPage":{"@id":"https:\/\/rafaramirez.org\/blog\/index.php\/2025\/07\/06\/dia-internacional-de-los-beatles-2025\/"},"wordCount":547,"commentCount":0,"publisher":{"@id":"https:\/\/rafaramirez.org\/blog\/#\/schema\/person\/50f43b6d60c578760d4c17bda54ab6a5"},"image":{"@id":"https:\/\/rafaramirez.org\/blog\/index.php\/2025\/07\/06\/dia-internacional-de-los-beatles-2025\/#primaryimage"},"thumbnailUrl":"https:\/\/rafaramirez.org\/blog\/wp-content\/uploads\/2025\/07\/Dia-Internacional-de-los-Beatles_bannerblog.jpg","keywords":["6 de julio","All you need is love","Come together","cultura mundial","d\u00e9cada de los 60","D\u00eda Internacional de Los Beatles","efem\u00e9rides","George Harrison","Help","Here comes the sun","Hey Jude","john lennon","Let It Be","Liverpool","Love me do","Michelle","moda","m\u00fasica recomendada","noticias musicales","Paul McCartney","recomendaciones musicales","Ringo Starr","sonido distintivo","The Beatles","video musical","videoclip musical","videos musicales","Yesterday"],"articleSection":["Efem\u00e9rides","M\u00fasica"],"inLanguage":"es","potentialAction":[{"@type":"CommentAction","name":"Comment","target":["https:\/\/rafaramirez.org\/blog\/index.php\/2025\/07\/06\/dia-internacional-de-los-beatles-2025\/#respond"]}]},{"@type":"WebPage","@id":"https:\/\/rafaramirez.org\/blog\/index.php\/2025\/07\/06\/dia-internacional-de-los-beatles-2025\/","url":"https:\/\/rafaramirez.org\/blog\/index.php\/2025\/07\/06\/dia-internacional-de-los-beatles-2025\/","name":"D\u00eda Internacional de Los Beatles 2025: 6 de julio. El encuentro que transform\u00f3 la m\u00fasica. - Blog de Rafael Ram\u00edrez","isPartOf":{"@id":"https:\/\/rafaramirez.org\/blog\/#website"},"primaryImageOfPage":{"@id":"https:\/\/rafaramirez.org\/blog\/index.php\/2025\/07\/06\/dia-internacional-de-los-beatles-2025\/#primaryimage"},"image":{"@id":"https:\/\/rafaramirez.org\/blog\/index.php\/2025\/07\/06\/dia-internacional-de-los-beatles-2025\/#primaryimage"},"thumbnailUrl":"https:\/\/rafaramirez.org\/blog\/wp-content\/uploads\/2025\/07\/Dia-Internacional-de-los-Beatles_bannerblog.jpg","datePublished":"2025-07-06T06:00:12+00:00","description":"El 6 de julio es una fecha simb\u00f3lica en el mundo de la m\u00fasica, ya que se conmemora el D\u00eda Internacional de Los Beatles, el d\u00eda de 1957, en...","breadcrumb":{"@id":"https:\/\/rafaramirez.org\/blog\/index.php\/2025\/07\/06\/dia-internacional-de-los-beatles-2025\/#breadcrumb"},"inLanguage":"es","potentialAction":[{"@type":"ReadAction","target":["https:\/\/rafaramirez.org\/blog\/index.php\/2025\/07\/06\/dia-internacional-de-los-beatles-2025\/"]}]},{"@type":"ImageObject","inLanguage":"es","@id":"https:\/\/rafaramirez.org\/blog\/index.php\/2025\/07\/06\/dia-internacional-de-los-beatles-2025\/#primaryimage","url":"https:\/\/rafaramirez.org\/blog\/wp-content\/uploads\/2025\/07\/Dia-Internacional-de-los-Beatles_bannerblog.jpg","contentUrl":"https:\/\/rafaramirez.org\/blog\/wp-content\/uploads\/2025\/07\/Dia-Internacional-de-los-Beatles_bannerblog.jpg","width":720,"height":440,"caption":"D\u00eda Internacional de Los Beatles 2025: 6 de julio. Blog de Rafael Ram\u00edrez."},{"@type":"BreadcrumbList","@id":"https:\/\/rafaramirez.org\/blog\/index.php\/2025\/07\/06\/dia-internacional-de-los-beatles-2025\/#breadcrumb","itemListElement":[{"@type":"ListItem","position":1,"name":"Portada","item":"https:\/\/rafaramirez.org\/blog\/"},{"@type":"ListItem","position":2,"name":"D\u00eda Internacional de Los Beatles 2025: 6 de julio. El encuentro que transform\u00f3 la m\u00fasica."}]},{"@type":"WebSite","@id":"https:\/\/rafaramirez.org\/blog\/#website","url":"https:\/\/rafaramirez.org\/blog\/","name":"Blog de Rafael Ram\u00edrez","description":"Un sitio social, de arte y cultura","publisher":{"@id":"https:\/\/rafaramirez.org\/blog\/#\/schema\/person\/50f43b6d60c578760d4c17bda54ab6a5"},"potentialAction":[{"@type":"SearchAction","target":{"@type":"EntryPoint","urlTemplate":"https:\/\/rafaramirez.org\/blog\/?s={search_term_string}"},"query-input":{"@type":"PropertyValueSpecification","valueRequired":true,"valueName":"search_term_string"}}],"inLanguage":"es"},{"@type":["Person","Organization"],"@id":"https:\/\/rafaramirez.org\/blog\/#\/schema\/person\/50f43b6d60c578760d4c17bda54ab6a5","name":"Rafael Ram\u00edrez","image":{"@type":"ImageObject","inLanguage":"es","@id":"https:\/\/rafaramirez.org\/blog\/wp-content\/uploads\/2024\/09\/RR_socialnetwork.jpg","url":"https:\/\/rafaramirez.org\/blog\/wp-content\/uploads\/2024\/09\/RR_socialnetwork.jpg","contentUrl":"https:\/\/rafaramirez.org\/blog\/wp-content\/uploads\/2024\/09\/RR_socialnetwork.jpg","width":600,"height":606,"caption":"Rafael Ram\u00edrez"},"logo":{"@id":"https:\/\/rafaramirez.org\/blog\/wp-content\/uploads\/2024\/09\/RR_socialnetwork.jpg"},"sameAs":["https:\/\/www.rafaramirez.org\/blog","https:\/\/www.instagram.com\/rafaramirez_ok\/","https:\/\/es.pinterest.com\/Ramirez_Rafa\/","https:\/\/x.com\/rafaramirez_ok"],"url":"https:\/\/rafaramirez.org\/blog\/index.php\/author\/rafaell_qm6j97da\/"}]}},"jetpack_publicize_connections":[],"jetpack_sharing_enabled":true,"jetpack_likes_enabled":true,"jetpack_featured_media_url":"https:\/\/rafaramirez.org\/blog\/wp-content\/uploads\/2025\/07\/Dia-Internacional-de-los-Beatles_bannerblog.jpg","_links":{"self":[{"href":"https:\/\/rafaramirez.org\/blog\/index.php\/wp-json\/wp\/v2\/posts\/9686","targetHints":{"allow":["GET"]}}],"collection":[{"href":"https:\/\/rafaramirez.org\/blog\/index.php\/wp-json\/wp\/v2\/posts"}],"about":[{"href":"https:\/\/rafaramirez.org\/blog\/index.php\/wp-json\/wp\/v2\/types\/post"}],"author":[{"embeddable":true,"href":"https:\/\/rafaramirez.org\/blog\/index.php\/wp-json\/wp\/v2\/users\/1"}],"replies":[{"embeddable":true,"href":"https:\/\/rafaramirez.org\/blog\/index.php\/wp-json\/wp\/v2\/comments?post=9686"}],"version-history":[{"count":5,"href":"https:\/\/rafaramirez.org\/blog\/index.php\/wp-json\/wp\/v2\/posts\/9686\/revisions"}],"predecessor-version":[{"id":9692,"href":"https:\/\/rafaramirez.org\/blog\/index.php\/wp-json\/wp\/v2\/posts\/9686\/revisions\/9692"}],"wp:featuredmedia":[{"embeddable":true,"href":"https:\/\/rafaramirez.org\/blog\/index.php\/wp-json\/wp\/v2\/media\/9689"}],"wp:attachment":[{"href":"https:\/\/rafaramirez.org\/blog\/index.php\/wp-json\/wp\/v2\/media?parent=9686"}],"wp:term":[{"taxonomy":"category","embeddable":true,"href":"https:\/\/rafaramirez.org\/blog\/index.php\/wp-json\/wp\/v2\/categories?post=9686"},{"taxonomy":"post_tag","embeddable":true,"href":"https:\/\/rafaramirez.org\/blog\/index.php\/wp-json\/wp\/v2\/tags?post=9686"}],"curies":[{"name":"wp","href":"https:\/\/api.w.org\/{rel}","templated":true}]}}