{"id":9666,"date":"2025-07-03T08:00:21","date_gmt":"2025-07-03T06:00:21","guid":{"rendered":"https:\/\/rafaramirez.org\/blog\/?p=9666"},"modified":"2025-06-16T10:19:20","modified_gmt":"2025-06-16T08:19:20","slug":"no-te-vere-morir-de-antonio-munoz-molina-lectura-recomendada","status":"publish","type":"post","link":"https:\/\/rafaramirez.org\/blog\/index.php\/2025\/07\/03\/no-te-vere-morir-de-antonio-munoz-molina-lectura-recomendada\/","title":{"rendered":"\u00abNo te ver\u00e9 morir\u00bb, de Antonio Mu\u00f1oz Molina, un retrato conmovedor de la vejez y una reflexi\u00f3n sobre el amor."},"content":{"rendered":"<p><strong>\u00abNo te ver\u00e9 morir\u00bb<\/strong> es una novela <strong>de Antonio Mu\u00f1oz Molina<\/strong> publicada en 2023. La historia sigue a Gabriel Aristu y Adriana Zuber, quienes vivieron un apasionado romance en su juventud, pero fueron separados por la vida y no volvieron a verse durante cincuenta a\u00f1os. Adriana qued\u00f3 atrapada en la Espa\u00f1a de la dictadura, mientras que Gabriel construy\u00f3 una exitosa carrera en Estados Unidos. Al final de sus vidas, se reencuentran y enfrentan la nostalgia de su primer amor y de la persona que fueron.<\/p>\n<p>La novela explora temas como la memoria, el olvido, la lealtad, la traici\u00f3n y los estragos del paso del tiempo. Es un retrato conmovedor de la vejez y una reflexi\u00f3n sobre el amor y sus espejismos. Mu\u00f1oz Molina utiliza un estilo narrativo particular, con un primer cap\u00edtulo extenso escrito en una sola oraci\u00f3n, lo que crea una sensaci\u00f3n de flujo continuo en la narraci\u00f3n.<\/p>\n<h3>Cr\u00edtica literaria.<\/h3>\n<p>La novela de Mu\u00f1oz Molina se sostiene sobre dos ejes: el peso del pasado y la fisura que el tiempo deja en el amor. Gabriel y Adriana reaparecen cincuenta a\u00f1os despu\u00e9s de su apasionado idilio juvenil, con las cicatrices de una Espa\u00f1a franquista y de un sue\u00f1o americano insatisfecho. Ese reencuentro no es triunfalista, sino melanc\u00f3lico, tan hondo que a ratos duele.<\/p>\n<p>Mu\u00f1oz Molina esculpe cada escena con una precisi\u00f3n casi cinematogr\u00e1fica, pero sin renunciar a la profundidad reflexiva. El arranque, un cap\u00edtulo \u00fanico de casi siete mil palabras, es un gesto radical: el fluir continuo refleja la memoria desbordada de los protagonistas. A algunos lectores les seducir\u00e1 esa corriente ininterrumpida de conciencia, pero a otros les pesar\u00e1 como una losa. Funciona como un r\u00edo literario que arrastra im\u00e1genes, recuerdos y preguntas sin cesar.<\/p>\n<p>Gabriel, el narrador principal, alterna entre la cr\u00f3nica \u00edntima y la autopsia de sus frustraciones: se muestra vulnerable, orgulloso y, en ocasiones, excesivamente autoconsciente. Adriana, en cambio, aparece m\u00e1s como un enigma: su voz late detr\u00e1s de los silencios y de las cartas que nunca envi\u00f3. La diferencia de registros \u2014el mon\u00f3logo prolongado de \u00e9l frente a las interjecciones m\u00e1s el\u00edpticas de ella\u2014 refuerza la asimetr\u00eda de su historia compartida.<\/p>\n<p>Los temas centrales de la novela son:<\/p>\n<ul>\n<li>Memoria y olvido: cada escena es un intento de recuperar lo que el tiempo rob\u00f3.<\/li>\n<li>Espa\u00f1a vs. Am\u00e9rica: no se trata solo de un choque de geograf\u00edas, sino tambi\u00e9n de fantasmas pol\u00edticos y aspiraciones truncadas.<\/li>\n<li>La vejez como lente: Mu\u00f1oz Molina retrata el crep\u00fasculo de la vida sin edulcorar \u2014hay espinas en la evocaci\u00f3n de lo vivido\u2014.<\/li>\n<li>Amor y renuncia: el reencuentro es un registro de las renuncias personales, del da\u00f1o que infligimos y del que nos infligen.<\/li>\n<\/ul>\n<p>La intensidad emotiva es destacable; son pocos los autores que consiguen que la nostalgia palpite con tanta fuerza. Asimismo, el cap\u00edtulo inaugural supone un desaf\u00edo para el lector complaciente. Tambi\u00e9n cabe destacar la riqueza descriptiva: cada plaza, caf\u00e9 o habitaci\u00f3n adquiere un aura casi m\u00edtica.<\/p>\n<p>En conjunto, \u00abNo te ver\u00e9 morir\u00bb confirma a Mu\u00f1oz Molina como un explorador de la memoria colectiva e individual. Es una novela de registros contrastados: eleg\u00edaca cuando evoca un abrazo furtivo en Sevilla, y casi documental al describir calles marcadas por el franquismo.<\/p>\n<figure id=\"attachment_9671\" aria-describedby=\"caption-attachment-9671\" style=\"width: 174px\" class=\"wp-caption aligncenter\"><a href=\"https:\/\/rafaramirez.org\/blog\/wp-content\/uploads\/2025\/07\/no-te-vere-morir_antonio-munoz-molina_portada.jpg\" target=\"_blank\" rel=\"noopener\"><img loading=\"lazy\" decoding=\"async\" class=\"wp-image-9671 size-medium\" src=\"https:\/\/rafaramirez.org\/blog\/wp-content\/uploads\/2025\/07\/no-te-vere-morir_antonio-munoz-molina_portada-174x300.jpg\" alt=\"Portada de &quot;No Te Ver\u00e9 Morir&quot; de Antonio Mu\u00f1oz Molina. Lectura recomendada. Blog de Rafael Ram\u00edrez. \" width=\"174\" height=\"300\" srcset=\"https:\/\/rafaramirez.org\/blog\/wp-content\/uploads\/2025\/07\/no-te-vere-morir_antonio-munoz-molina_portada-174x300.jpg 174w, https:\/\/rafaramirez.org\/blog\/wp-content\/uploads\/2025\/07\/no-te-vere-morir_antonio-munoz-molina_portada.jpg 580w\" sizes=\"auto, (max-width: 174px) 100vw, 174px\" \/><\/a><figcaption id=\"caption-attachment-9671\" class=\"wp-caption-text\">Portada de \u00abNo Te Ver\u00e9 Morir\u00bb de Antonio Mu\u00f1oz Molina. Lectura recomendada. Blog de Rafael Ram\u00edrez.<\/figcaption><\/figure>\n<h3>Ficha t\u00e9cnica.<\/h3>\n<ul>\n<li><strong>T\u00edtulo:<\/strong> No Te Ver\u00e9 Morir<\/li>\n<li><strong>Autor:<\/strong> Antonio Mu\u00f1oz Molina<\/li>\n<li><strong>Editorial:<\/strong> Seix Barral<\/li>\n<li><strong>ISBN:<\/strong> 9788432242328<\/li>\n<li><strong>Idioma:<\/strong> Castellano<\/li>\n<li><strong>N\u00famero de p\u00e1ginas:<\/strong> 240<\/li>\n<li><strong>Encuadernaci\u00f3n:<\/strong> Tapa blanda<\/li>\n<li><strong>Fecha de lanzamiento:<\/strong> 30 de agosto de 2023<\/li>\n<li><strong>A\u00f1o de edici\u00f3n:<\/strong> 2023<\/li>\n<li><strong>Plaza de edici\u00f3n:<\/strong> Barcelona<\/li>\n<li><strong>Colecci\u00f3n:<\/strong> Biblioteca Breve<\/li>\n<\/ul>\n<h3>Sobre su autor.<\/h3>\n<p>Antonio Mu\u00f1oz Molina es un escritor espa\u00f1ol nacido en \u00dabeda (Ja\u00e9n) el 10 de enero de 1956. Es uno de los autores m\u00e1s reconocidos de la literatura contempor\u00e1nea en espa\u00f1ol, y ha publicado obras de novela, ensayo y art\u00edculos period\u00edsticos.<\/p>\n<h4>Trayectoria y formaci\u00f3n<\/h4>\n<p>Mu\u00f1oz Molina estudi\u00f3 <strong>Historia del Arte en la Universidad de Granada<\/strong> y <strong>Periodismo en la Universidad Complutense de Madrid<\/strong>. Comenz\u00f3 su carrera literaria en los a\u00f1os 80 escribiendo art\u00edculos para el <strong>diario Ideal<\/strong>, que luego recopil\u00f3 en su primer libro, \u00abEl Robinson urbano\u00bb (1984).<\/p>\n<h4>Obra literaria<\/h4>\n<p>Su primera novela, \u00abBeatus Ille\u00bb (1986), introdujo la ciudad imaginaria de M\u00e1gina, un trasunto de su natal \u00dabeda, que reaparece en varias de sus obras. Su consagraci\u00f3n lleg\u00f3 con \u00abEl invierno en Lisboa\u00bb (1987), que gan\u00f3 el Premio Nacional de Literatura y el Premio de la Cr\u00edtica. Otras novelas destacadas son \u00abEl jinete polaco\u00bb (Premio Planeta 1991), \u00abPlenilunio\u00bb (1997), \u00abSefarad\u00bb (2001) y \u00abLa noche de los tiempos\u00bb (2009).<\/p>\n<h4>Reconocimientos y vida acad\u00e9mica<\/h4>\n<p>Desde 1995 es miembro de la Real Academia Espa\u00f1ola, en la que ocupa el sill\u00f3n \u00abu\u00bb min\u00fascula. Asimismo, en 2013, recibi\u00f3 el <strong>Premio Pr\u00edncipe de Asturias de las Letras<\/strong> por su contribuci\u00f3n a la literatura en espa\u00f1ol. Tambi\u00e9n dirigi\u00f3 el <strong>Instituto Cervantes de Nueva York<\/strong> entre 2004 y 2006.<\/p>\n<h4>Estilo y temas<\/h4>\n<p>Mu\u00f1oz Molina es conocido por su prosa detallada y su exploraci\u00f3n de la memoria, la historia y la identidad. Sus novelas suelen combinar elementos de la literatura policial, la introspecci\u00f3n psicol\u00f3gica y la reflexi\u00f3n sobre el pasado.<\/p>\n<figure id=\"attachment_9672\" aria-describedby=\"caption-attachment-9672\" style=\"width: 237px\" class=\"wp-caption aligncenter\"><a href=\"https:\/\/rafaramirez.org\/blog\/wp-content\/uploads\/2025\/07\/Antonio_Munoz_Molina_portrait.jpg\" target=\"_blank\" rel=\"noopener\"><img loading=\"lazy\" decoding=\"async\" class=\"wp-image-9672 size-medium\" src=\"https:\/\/rafaramirez.org\/blog\/wp-content\/uploads\/2025\/07\/Antonio_Munoz_Molina_portrait-237x300.jpg\" alt=\"El escritor Antonio Mu\u00f1oz Molina. Blog de Rafael Ram\u00edrez. \" width=\"237\" height=\"300\" srcset=\"https:\/\/rafaramirez.org\/blog\/wp-content\/uploads\/2025\/07\/Antonio_Munoz_Molina_portrait-237x300.jpg 237w, https:\/\/rafaramirez.org\/blog\/wp-content\/uploads\/2025\/07\/Antonio_Munoz_Molina_portrait.jpg 671w\" sizes=\"auto, (max-width: 237px) 100vw, 237px\" \/><\/a><figcaption id=\"caption-attachment-9672\" class=\"wp-caption-text\">El escritor Antonio Mu\u00f1oz Molina. Blog de Rafael Ram\u00edrez.<\/figcaption><\/figure>\n<p>M\u00e1s informaci\u00f3n:<\/p>\n<ul>\n<li><a href=\"https:\/\/elpais.com\/babelia\/2023-09-30\/no-te-vere-morir-de-munoz-molina-una-narracion-ejemplar-para-una-historia-de-amor-de-medio-siglo.html\" target=\"_blank\" rel=\"noopener\">El Pa\u00eds<\/a>.<\/li>\n<li><a href=\"https:\/\/www.casadellibro.com\/libro-no-te-vere-morir\/9788432242328\/13762111\" target=\"_blank\" rel=\"noopener\">Casa del Libro<\/a>.<\/li>\n<li><a href=\"https:\/\/es.wikipedia.org\/wiki\/Antonio_Mu%C3%B1oz_Molina\" target=\"_blank\" rel=\"noopener\">Wikipedia<\/a>.<\/li>\n<li><a href=\"https:\/\/rafaramirez.org\/blog\/index.php\/category\/arte\/literatura\/\" target=\"_blank\" rel=\"noopener\">Otra lectura recomendada<\/a>.<\/li>\n<\/ul>\n","protected":false},"excerpt":{"rendered":"<p>\u00abNo te ver\u00e9 morir\u00bb es una novela de Antonio Mu\u00f1oz Molina publicada en 2023. La historia sigue a Gabriel Aristu y Adriana Zuber, quienes vivieron un apasionado romance en su juventud, pero fueron separados por la vida y no volvieron a verse durante cincuenta a\u00f1os. Adriana qued\u00f3 atrapada en la Espa\u00f1a de la dictadura, mientras [&hellip;]<\/p>\n","protected":false},"author":1,"featured_media":9670,"comment_status":"open","ping_status":"closed","sticky":false,"template":"","format":"standard","meta":{"site-container-style":"default","site-container-layout":"default","site-sidebar-layout":"default","disable-article-header":"default","disable-site-header":"default","disable-site-footer":"default","disable-content-area-spacing":"default","_jetpack_newsletter_access":"","_jetpack_dont_email_post_to_subs":false,"_jetpack_newsletter_tier_id":0,"_jetpack_memberships_contains_paywalled_content":false,"_jetpack_feature_clip_id":0,"_jetpack_memberships_contains_paid_content":false,"footnotes":"","jetpack_publicize_message":"","jetpack_publicize_feature_enabled":true,"jetpack_social_post_already_shared":true,"jetpack_social_options":{"image_generator_settings":{"template":"highway","default_image_id":0,"font":"","enabled":false},"version":2},"jetpack_post_was_ever_published":false},"categories":[710],"tags":[4371,1585,3610,3436,264,598,1262],"class_list":["post-9666","post","type-post","status-publish","format-standard","has-post-thumbnail","hentry","category-literatura","tag-no-te-vere-morir-de-antonio-munoz-molina","tag-critica-literaria","tag-lectura-recomendada","tag-libro-de-2023","tag-libro-recomendado","tag-novela","tag-novela-recomendada"],"yoast_head":"<!-- This site is optimized with the Yoast SEO plugin v28.3 - https:\/\/yoast.com\/product\/yoast-seo-wordpress\/ -->\n<title>&quot;No te ver\u00e9 morir&quot;, de Antonio Mu\u00f1oz Molina, un retrato conmovedor de la vejez y una reflexi\u00f3n sobre el amor. - Blog de Rafael Ram\u00edrez<\/title>\n<meta name=\"description\" content=\"&quot;No Te Ver\u00e9 Morir&quot; es una novela de Antonio Mu\u00f1oz Molina publicada en 2023. La historia sigue a Gabriel Aristu y Adriana Zuber, quienes...\" \/>\n<meta name=\"robots\" content=\"index, follow, max-snippet:-1, max-image-preview:large, max-video-preview:-1\" \/>\n<link rel=\"canonical\" href=\"https:\/\/rafaramirez.org\/blog\/index.php\/2025\/07\/03\/no-te-vere-morir-de-antonio-munoz-molina-lectura-recomendada\/\" \/>\n<meta property=\"og:locale\" content=\"es_ES\" \/>\n<meta property=\"og:type\" content=\"article\" \/>\n<meta property=\"og:title\" content=\"&quot;No te ver\u00e9 morir&quot;, de Antonio Mu\u00f1oz Molina, un retrato conmovedor de la vejez y una reflexi\u00f3n sobre el amor. - Blog de Rafael Ram\u00edrez\" \/>\n<meta property=\"og:description\" content=\"&quot;No Te Ver\u00e9 Morir&quot; es una novela de Antonio Mu\u00f1oz Molina publicada en 2023. La historia sigue a Gabriel Aristu y Adriana Zuber, quienes...\" \/>\n<meta property=\"og:url\" content=\"https:\/\/rafaramirez.org\/blog\/index.php\/2025\/07\/03\/no-te-vere-morir-de-antonio-munoz-molina-lectura-recomendada\/\" \/>\n<meta property=\"og:site_name\" content=\"Blog de Rafael Ram\u00edrez\" \/>\n<meta property=\"article:published_time\" content=\"2025-07-03T06:00:21+00:00\" \/>\n<meta property=\"og:image\" content=\"https:\/\/rafaramirez.org\/blog\/wp-content\/uploads\/2025\/07\/No-te-vere-morir-munoz-molina_bannerblog.jpg\" \/>\n\t<meta property=\"og:image:width\" content=\"720\" \/>\n\t<meta property=\"og:image:height\" content=\"440\" \/>\n\t<meta property=\"og:image:type\" content=\"image\/jpeg\" \/>\n<meta name=\"author\" content=\"Rafael Ram\u00edrez\" \/>\n<meta name=\"twitter:card\" content=\"summary_large_image\" \/>\n<meta name=\"twitter:creator\" content=\"@rafaramirez_ok\" \/>\n<meta name=\"twitter:site\" content=\"@rafaramirez_ok\" \/>\n<meta name=\"twitter:label1\" content=\"Escrito por\" \/>\n\t<meta name=\"twitter:data1\" content=\"Rafael Ram\u00edrez\" \/>\n\t<meta name=\"twitter:label2\" content=\"Tiempo de lectura\" \/>\n\t<meta name=\"twitter:data2\" content=\"5 minutos\" \/>\n<script type=\"application\/ld+json\" class=\"yoast-schema-graph\">{\"@context\":\"https:\\\/\\\/schema.org\",\"@graph\":[{\"@type\":\"Article\",\"@id\":\"https:\\\/\\\/rafaramirez.org\\\/blog\\\/index.php\\\/2025\\\/07\\\/03\\\/no-te-vere-morir-de-antonio-munoz-molina-lectura-recomendada\\\/#article\",\"isPartOf\":{\"@id\":\"https:\\\/\\\/rafaramirez.org\\\/blog\\\/index.php\\\/2025\\\/07\\\/03\\\/no-te-vere-morir-de-antonio-munoz-molina-lectura-recomendada\\\/\"},\"author\":{\"name\":\"Rafael Ram\u00edrez\",\"@id\":\"https:\\\/\\\/rafaramirez.org\\\/blog\\\/#\\\/schema\\\/person\\\/50f43b6d60c578760d4c17bda54ab6a5\"},\"headline\":\"\u00abNo te ver\u00e9 morir\u00bb, de Antonio Mu\u00f1oz Molina, un retrato conmovedor de la vejez y una reflexi\u00f3n sobre el amor.\",\"datePublished\":\"2025-07-03T06:00:21+00:00\",\"mainEntityOfPage\":{\"@id\":\"https:\\\/\\\/rafaramirez.org\\\/blog\\\/index.php\\\/2025\\\/07\\\/03\\\/no-te-vere-morir-de-antonio-munoz-molina-lectura-recomendada\\\/\"},\"wordCount\":968,\"commentCount\":0,\"publisher\":{\"@id\":\"https:\\\/\\\/rafaramirez.org\\\/blog\\\/#\\\/schema\\\/person\\\/50f43b6d60c578760d4c17bda54ab6a5\"},\"image\":{\"@id\":\"https:\\\/\\\/rafaramirez.org\\\/blog\\\/index.php\\\/2025\\\/07\\\/03\\\/no-te-vere-morir-de-antonio-munoz-molina-lectura-recomendada\\\/#primaryimage\"},\"thumbnailUrl\":\"https:\\\/\\\/rafaramirez.org\\\/blog\\\/wp-content\\\/uploads\\\/2025\\\/07\\\/No-te-vere-morir-munoz-molina_bannerblog.jpg\",\"keywords\":[\"\\\"No Te Ver\u00e9 Morir\\\" de Antonio Mu\u00f1oz Molina\",\"cr\u00edtica literaria\",\"lectura recomendada\",\"libro de 2023\",\"libro recomendado\",\"novela\",\"novela recomendada\"],\"articleSection\":[\"Literatura\"],\"inLanguage\":\"es\",\"potentialAction\":[{\"@type\":\"CommentAction\",\"name\":\"Comment\",\"target\":[\"https:\\\/\\\/rafaramirez.org\\\/blog\\\/index.php\\\/2025\\\/07\\\/03\\\/no-te-vere-morir-de-antonio-munoz-molina-lectura-recomendada\\\/#respond\"]}]},{\"@type\":\"WebPage\",\"@id\":\"https:\\\/\\\/rafaramirez.org\\\/blog\\\/index.php\\\/2025\\\/07\\\/03\\\/no-te-vere-morir-de-antonio-munoz-molina-lectura-recomendada\\\/\",\"url\":\"https:\\\/\\\/rafaramirez.org\\\/blog\\\/index.php\\\/2025\\\/07\\\/03\\\/no-te-vere-morir-de-antonio-munoz-molina-lectura-recomendada\\\/\",\"name\":\"\\\"No te ver\u00e9 morir\\\", de Antonio Mu\u00f1oz Molina, un retrato conmovedor de la vejez y una reflexi\u00f3n sobre el amor. - Blog de Rafael Ram\u00edrez\",\"isPartOf\":{\"@id\":\"https:\\\/\\\/rafaramirez.org\\\/blog\\\/#website\"},\"primaryImageOfPage\":{\"@id\":\"https:\\\/\\\/rafaramirez.org\\\/blog\\\/index.php\\\/2025\\\/07\\\/03\\\/no-te-vere-morir-de-antonio-munoz-molina-lectura-recomendada\\\/#primaryimage\"},\"image\":{\"@id\":\"https:\\\/\\\/rafaramirez.org\\\/blog\\\/index.php\\\/2025\\\/07\\\/03\\\/no-te-vere-morir-de-antonio-munoz-molina-lectura-recomendada\\\/#primaryimage\"},\"thumbnailUrl\":\"https:\\\/\\\/rafaramirez.org\\\/blog\\\/wp-content\\\/uploads\\\/2025\\\/07\\\/No-te-vere-morir-munoz-molina_bannerblog.jpg\",\"datePublished\":\"2025-07-03T06:00:21+00:00\",\"description\":\"\\\"No Te Ver\u00e9 Morir\\\" es una novela de Antonio Mu\u00f1oz Molina publicada en 2023. La historia sigue a Gabriel Aristu y Adriana Zuber, quienes...\",\"breadcrumb\":{\"@id\":\"https:\\\/\\\/rafaramirez.org\\\/blog\\\/index.php\\\/2025\\\/07\\\/03\\\/no-te-vere-morir-de-antonio-munoz-molina-lectura-recomendada\\\/#breadcrumb\"},\"inLanguage\":\"es\",\"potentialAction\":[{\"@type\":\"ReadAction\",\"target\":[\"https:\\\/\\\/rafaramirez.org\\\/blog\\\/index.php\\\/2025\\\/07\\\/03\\\/no-te-vere-morir-de-antonio-munoz-molina-lectura-recomendada\\\/\"]}]},{\"@type\":\"ImageObject\",\"inLanguage\":\"es\",\"@id\":\"https:\\\/\\\/rafaramirez.org\\\/blog\\\/index.php\\\/2025\\\/07\\\/03\\\/no-te-vere-morir-de-antonio-munoz-molina-lectura-recomendada\\\/#primaryimage\",\"url\":\"https:\\\/\\\/rafaramirez.org\\\/blog\\\/wp-content\\\/uploads\\\/2025\\\/07\\\/No-te-vere-morir-munoz-molina_bannerblog.jpg\",\"contentUrl\":\"https:\\\/\\\/rafaramirez.org\\\/blog\\\/wp-content\\\/uploads\\\/2025\\\/07\\\/No-te-vere-morir-munoz-molina_bannerblog.jpg\",\"width\":720,\"height\":440,\"caption\":\"\\\"No Te Ver\u00e9 Morir\\\" de Antonio Mu\u00f1oz Molina. Lectura recomendada. Blog de Rafael Ram\u00edrez.\"},{\"@type\":\"BreadcrumbList\",\"@id\":\"https:\\\/\\\/rafaramirez.org\\\/blog\\\/index.php\\\/2025\\\/07\\\/03\\\/no-te-vere-morir-de-antonio-munoz-molina-lectura-recomendada\\\/#breadcrumb\",\"itemListElement\":[{\"@type\":\"ListItem\",\"position\":1,\"name\":\"Portada\",\"item\":\"https:\\\/\\\/rafaramirez.org\\\/blog\\\/\"},{\"@type\":\"ListItem\",\"position\":2,\"name\":\"\u00abNo te ver\u00e9 morir\u00bb, de Antonio Mu\u00f1oz Molina, un retrato conmovedor de la vejez y una reflexi\u00f3n sobre el amor.\"}]},{\"@type\":\"WebSite\",\"@id\":\"https:\\\/\\\/rafaramirez.org\\\/blog\\\/#website\",\"url\":\"https:\\\/\\\/rafaramirez.org\\\/blog\\\/\",\"name\":\"Blog de Rafael Ram\u00edrez\",\"description\":\"Un sitio social, de arte y cultura\",\"publisher\":{\"@id\":\"https:\\\/\\\/rafaramirez.org\\\/blog\\\/#\\\/schema\\\/person\\\/50f43b6d60c578760d4c17bda54ab6a5\"},\"potentialAction\":[{\"@type\":\"SearchAction\",\"target\":{\"@type\":\"EntryPoint\",\"urlTemplate\":\"https:\\\/\\\/rafaramirez.org\\\/blog\\\/?s={search_term_string}\"},\"query-input\":{\"@type\":\"PropertyValueSpecification\",\"valueRequired\":true,\"valueName\":\"search_term_string\"}}],\"inLanguage\":\"es\"},{\"@type\":[\"Person\",\"Organization\"],\"@id\":\"https:\\\/\\\/rafaramirez.org\\\/blog\\\/#\\\/schema\\\/person\\\/50f43b6d60c578760d4c17bda54ab6a5\",\"name\":\"Rafael Ram\u00edrez\",\"image\":{\"@type\":\"ImageObject\",\"inLanguage\":\"es\",\"@id\":\"https:\\\/\\\/rafaramirez.org\\\/blog\\\/wp-content\\\/uploads\\\/2024\\\/09\\\/RR_socialnetwork.jpg\",\"url\":\"https:\\\/\\\/rafaramirez.org\\\/blog\\\/wp-content\\\/uploads\\\/2024\\\/09\\\/RR_socialnetwork.jpg\",\"contentUrl\":\"https:\\\/\\\/rafaramirez.org\\\/blog\\\/wp-content\\\/uploads\\\/2024\\\/09\\\/RR_socialnetwork.jpg\",\"width\":600,\"height\":606,\"caption\":\"Rafael Ram\u00edrez\"},\"logo\":{\"@id\":\"https:\\\/\\\/rafaramirez.org\\\/blog\\\/wp-content\\\/uploads\\\/2024\\\/09\\\/RR_socialnetwork.jpg\"},\"sameAs\":[\"https:\\\/\\\/www.rafaramirez.org\\\/blog\",\"https:\\\/\\\/www.instagram.com\\\/rafaramirez_ok\\\/\",\"https:\\\/\\\/es.pinterest.com\\\/Ramirez_Rafa\\\/\",\"https:\\\/\\\/x.com\\\/rafaramirez_ok\"],\"url\":\"https:\\\/\\\/rafaramirez.org\\\/blog\\\/index.php\\\/author\\\/rafaell_qm6j97da\\\/\"}]}<\/script>\n<!-- \/ Yoast SEO plugin. -->","yoast_head_json":{"title":"\"No te ver\u00e9 morir\", de Antonio Mu\u00f1oz Molina, un retrato conmovedor de la vejez y una reflexi\u00f3n sobre el amor. - Blog de Rafael Ram\u00edrez","description":"\"No Te Ver\u00e9 Morir\" es una novela de Antonio Mu\u00f1oz Molina publicada en 2023. La historia sigue a Gabriel Aristu y Adriana Zuber, quienes...","robots":{"index":"index","follow":"follow","max-snippet":"max-snippet:-1","max-image-preview":"max-image-preview:large","max-video-preview":"max-video-preview:-1"},"canonical":"https:\/\/rafaramirez.org\/blog\/index.php\/2025\/07\/03\/no-te-vere-morir-de-antonio-munoz-molina-lectura-recomendada\/","og_locale":"es_ES","og_type":"article","og_title":"\"No te ver\u00e9 morir\", de Antonio Mu\u00f1oz Molina, un retrato conmovedor de la vejez y una reflexi\u00f3n sobre el amor. - Blog de Rafael Ram\u00edrez","og_description":"\"No Te Ver\u00e9 Morir\" es una novela de Antonio Mu\u00f1oz Molina publicada en 2023. La historia sigue a Gabriel Aristu y Adriana Zuber, quienes...","og_url":"https:\/\/rafaramirez.org\/blog\/index.php\/2025\/07\/03\/no-te-vere-morir-de-antonio-munoz-molina-lectura-recomendada\/","og_site_name":"Blog de Rafael Ram\u00edrez","article_published_time":"2025-07-03T06:00:21+00:00","og_image":[{"width":720,"height":440,"url":"https:\/\/rafaramirez.org\/blog\/wp-content\/uploads\/2025\/07\/No-te-vere-morir-munoz-molina_bannerblog.jpg","type":"image\/jpeg"}],"author":"Rafael Ram\u00edrez","twitter_card":"summary_large_image","twitter_creator":"@rafaramirez_ok","twitter_site":"@rafaramirez_ok","twitter_misc":{"Escrito por":"Rafael Ram\u00edrez","Tiempo de lectura":"5 minutos"},"schema":{"@context":"https:\/\/schema.org","@graph":[{"@type":"Article","@id":"https:\/\/rafaramirez.org\/blog\/index.php\/2025\/07\/03\/no-te-vere-morir-de-antonio-munoz-molina-lectura-recomendada\/#article","isPartOf":{"@id":"https:\/\/rafaramirez.org\/blog\/index.php\/2025\/07\/03\/no-te-vere-morir-de-antonio-munoz-molina-lectura-recomendada\/"},"author":{"name":"Rafael Ram\u00edrez","@id":"https:\/\/rafaramirez.org\/blog\/#\/schema\/person\/50f43b6d60c578760d4c17bda54ab6a5"},"headline":"\u00abNo te ver\u00e9 morir\u00bb, de Antonio Mu\u00f1oz Molina, un retrato conmovedor de la vejez y una reflexi\u00f3n sobre el amor.","datePublished":"2025-07-03T06:00:21+00:00","mainEntityOfPage":{"@id":"https:\/\/rafaramirez.org\/blog\/index.php\/2025\/07\/03\/no-te-vere-morir-de-antonio-munoz-molina-lectura-recomendada\/"},"wordCount":968,"commentCount":0,"publisher":{"@id":"https:\/\/rafaramirez.org\/blog\/#\/schema\/person\/50f43b6d60c578760d4c17bda54ab6a5"},"image":{"@id":"https:\/\/rafaramirez.org\/blog\/index.php\/2025\/07\/03\/no-te-vere-morir-de-antonio-munoz-molina-lectura-recomendada\/#primaryimage"},"thumbnailUrl":"https:\/\/rafaramirez.org\/blog\/wp-content\/uploads\/2025\/07\/No-te-vere-morir-munoz-molina_bannerblog.jpg","keywords":["\"No Te Ver\u00e9 Morir\" de Antonio Mu\u00f1oz Molina","cr\u00edtica literaria","lectura recomendada","libro de 2023","libro recomendado","novela","novela recomendada"],"articleSection":["Literatura"],"inLanguage":"es","potentialAction":[{"@type":"CommentAction","name":"Comment","target":["https:\/\/rafaramirez.org\/blog\/index.php\/2025\/07\/03\/no-te-vere-morir-de-antonio-munoz-molina-lectura-recomendada\/#respond"]}]},{"@type":"WebPage","@id":"https:\/\/rafaramirez.org\/blog\/index.php\/2025\/07\/03\/no-te-vere-morir-de-antonio-munoz-molina-lectura-recomendada\/","url":"https:\/\/rafaramirez.org\/blog\/index.php\/2025\/07\/03\/no-te-vere-morir-de-antonio-munoz-molina-lectura-recomendada\/","name":"\"No te ver\u00e9 morir\", de Antonio Mu\u00f1oz Molina, un retrato conmovedor de la vejez y una reflexi\u00f3n sobre el amor. - Blog de Rafael Ram\u00edrez","isPartOf":{"@id":"https:\/\/rafaramirez.org\/blog\/#website"},"primaryImageOfPage":{"@id":"https:\/\/rafaramirez.org\/blog\/index.php\/2025\/07\/03\/no-te-vere-morir-de-antonio-munoz-molina-lectura-recomendada\/#primaryimage"},"image":{"@id":"https:\/\/rafaramirez.org\/blog\/index.php\/2025\/07\/03\/no-te-vere-morir-de-antonio-munoz-molina-lectura-recomendada\/#primaryimage"},"thumbnailUrl":"https:\/\/rafaramirez.org\/blog\/wp-content\/uploads\/2025\/07\/No-te-vere-morir-munoz-molina_bannerblog.jpg","datePublished":"2025-07-03T06:00:21+00:00","description":"\"No Te Ver\u00e9 Morir\" es una novela de Antonio Mu\u00f1oz Molina publicada en 2023. La historia sigue a Gabriel Aristu y Adriana Zuber, quienes...","breadcrumb":{"@id":"https:\/\/rafaramirez.org\/blog\/index.php\/2025\/07\/03\/no-te-vere-morir-de-antonio-munoz-molina-lectura-recomendada\/#breadcrumb"},"inLanguage":"es","potentialAction":[{"@type":"ReadAction","target":["https:\/\/rafaramirez.org\/blog\/index.php\/2025\/07\/03\/no-te-vere-morir-de-antonio-munoz-molina-lectura-recomendada\/"]}]},{"@type":"ImageObject","inLanguage":"es","@id":"https:\/\/rafaramirez.org\/blog\/index.php\/2025\/07\/03\/no-te-vere-morir-de-antonio-munoz-molina-lectura-recomendada\/#primaryimage","url":"https:\/\/rafaramirez.org\/blog\/wp-content\/uploads\/2025\/07\/No-te-vere-morir-munoz-molina_bannerblog.jpg","contentUrl":"https:\/\/rafaramirez.org\/blog\/wp-content\/uploads\/2025\/07\/No-te-vere-morir-munoz-molina_bannerblog.jpg","width":720,"height":440,"caption":"\"No Te Ver\u00e9 Morir\" de Antonio Mu\u00f1oz Molina. Lectura recomendada. Blog de Rafael Ram\u00edrez."},{"@type":"BreadcrumbList","@id":"https:\/\/rafaramirez.org\/blog\/index.php\/2025\/07\/03\/no-te-vere-morir-de-antonio-munoz-molina-lectura-recomendada\/#breadcrumb","itemListElement":[{"@type":"ListItem","position":1,"name":"Portada","item":"https:\/\/rafaramirez.org\/blog\/"},{"@type":"ListItem","position":2,"name":"\u00abNo te ver\u00e9 morir\u00bb, de Antonio Mu\u00f1oz Molina, un retrato conmovedor de la vejez y una reflexi\u00f3n sobre el amor."}]},{"@type":"WebSite","@id":"https:\/\/rafaramirez.org\/blog\/#website","url":"https:\/\/rafaramirez.org\/blog\/","name":"Blog de Rafael Ram\u00edrez","description":"Un sitio social, de arte y cultura","publisher":{"@id":"https:\/\/rafaramirez.org\/blog\/#\/schema\/person\/50f43b6d60c578760d4c17bda54ab6a5"},"potentialAction":[{"@type":"SearchAction","target":{"@type":"EntryPoint","urlTemplate":"https:\/\/rafaramirez.org\/blog\/?s={search_term_string}"},"query-input":{"@type":"PropertyValueSpecification","valueRequired":true,"valueName":"search_term_string"}}],"inLanguage":"es"},{"@type":["Person","Organization"],"@id":"https:\/\/rafaramirez.org\/blog\/#\/schema\/person\/50f43b6d60c578760d4c17bda54ab6a5","name":"Rafael Ram\u00edrez","image":{"@type":"ImageObject","inLanguage":"es","@id":"https:\/\/rafaramirez.org\/blog\/wp-content\/uploads\/2024\/09\/RR_socialnetwork.jpg","url":"https:\/\/rafaramirez.org\/blog\/wp-content\/uploads\/2024\/09\/RR_socialnetwork.jpg","contentUrl":"https:\/\/rafaramirez.org\/blog\/wp-content\/uploads\/2024\/09\/RR_socialnetwork.jpg","width":600,"height":606,"caption":"Rafael Ram\u00edrez"},"logo":{"@id":"https:\/\/rafaramirez.org\/blog\/wp-content\/uploads\/2024\/09\/RR_socialnetwork.jpg"},"sameAs":["https:\/\/www.rafaramirez.org\/blog","https:\/\/www.instagram.com\/rafaramirez_ok\/","https:\/\/es.pinterest.com\/Ramirez_Rafa\/","https:\/\/x.com\/rafaramirez_ok"],"url":"https:\/\/rafaramirez.org\/blog\/index.php\/author\/rafaell_qm6j97da\/"}]}},"jetpack_publicize_connections":[],"jetpack_sharing_enabled":true,"jetpack_likes_enabled":true,"jetpack_featured_media_url":"https:\/\/rafaramirez.org\/blog\/wp-content\/uploads\/2025\/07\/No-te-vere-morir-munoz-molina_bannerblog.jpg","_links":{"self":[{"href":"https:\/\/rafaramirez.org\/blog\/index.php\/wp-json\/wp\/v2\/posts\/9666","targetHints":{"allow":["GET"]}}],"collection":[{"href":"https:\/\/rafaramirez.org\/blog\/index.php\/wp-json\/wp\/v2\/posts"}],"about":[{"href":"https:\/\/rafaramirez.org\/blog\/index.php\/wp-json\/wp\/v2\/types\/post"}],"author":[{"embeddable":true,"href":"https:\/\/rafaramirez.org\/blog\/index.php\/wp-json\/wp\/v2\/users\/1"}],"replies":[{"embeddable":true,"href":"https:\/\/rafaramirez.org\/blog\/index.php\/wp-json\/wp\/v2\/comments?post=9666"}],"version-history":[{"count":8,"href":"https:\/\/rafaramirez.org\/blog\/index.php\/wp-json\/wp\/v2\/posts\/9666\/revisions"}],"predecessor-version":[{"id":9678,"href":"https:\/\/rafaramirez.org\/blog\/index.php\/wp-json\/wp\/v2\/posts\/9666\/revisions\/9678"}],"wp:featuredmedia":[{"embeddable":true,"href":"https:\/\/rafaramirez.org\/blog\/index.php\/wp-json\/wp\/v2\/media\/9670"}],"wp:attachment":[{"href":"https:\/\/rafaramirez.org\/blog\/index.php\/wp-json\/wp\/v2\/media?parent=9666"}],"wp:term":[{"taxonomy":"category","embeddable":true,"href":"https:\/\/rafaramirez.org\/blog\/index.php\/wp-json\/wp\/v2\/categories?post=9666"},{"taxonomy":"post_tag","embeddable":true,"href":"https:\/\/rafaramirez.org\/blog\/index.php\/wp-json\/wp\/v2\/tags?post=9666"}],"curies":[{"name":"wp","href":"https:\/\/api.w.org\/{rel}","templated":true}]}}