{"id":9634,"date":"2025-07-01T08:00:51","date_gmt":"2025-07-01T06:00:51","guid":{"rendered":"https:\/\/rafaramirez.org\/blog\/?p=9634"},"modified":"2026-07-14T11:43:10","modified_gmt":"2026-07-14T09:43:10","slug":"gustav-klimt","status":"publish","type":"post","link":"https:\/\/rafaramirez.org\/blog\/index.php\/2025\/07\/01\/gustav-klimt\/","title":{"rendered":"Gustav Klimt o c\u00f3mo eliminar las barreras entre el arte aplicado y el arte de caballete."},"content":{"rendered":"<p><strong>Gustav Klimt<\/strong> fue un pintor austr\u00edaco fundamental en el desarrollo del <a href=\"https:\/\/rafaramirez.org\/blog\/index.php\/2025\/11\/27\/el-modernismo-en-la-pintura\/\" target=\"_blank\" rel=\"noopener\">modernismo<\/a> y uno de los representantes m\u00e1s destacados de la <strong>Secesi\u00f3n Vienesa<\/strong>. Naci\u00f3 el 14 de julio de 1862 en Baumgarten, cerca de Viena, y se form\u00f3 en la <strong>Escuela de Artes Aplicadas de Viena<\/strong>, donde empez\u00f3 realizando encargos decorativos y murales para edificios p\u00fablicos de gran calidad t\u00e9cnica. Este primer contacto con el arte aplicado le permiti\u00f3 dominar la composici\u00f3n y el uso ornamental, lo que sent\u00f3 las bases para su evoluci\u00f3n art\u00edstica posterior.<\/p>\n<p>A lo largo de su carrera, Klimt rompi\u00f3 con el academicismo tradicional y se atrevi\u00f3 a explorar un lenguaje visual profundamente personal y simb\u00f3lico. Fue uno de los fundadores de la Secesi\u00f3n Vienesa, un movimiento que promov\u00eda la libertad creativa, la experimentaci\u00f3n est\u00e9tica y la ruptura de las convenciones conservadoras. Su estilo <strong>se caracteriza por el uso exuberante del pan de oro, formas org\u00e1nicas y patrones decorativos<\/strong>, elementos que se fusionan para crear obras intensamente sensoriales y, a menudo, m\u00edsticas. Gracias a estas caracter\u00edsticas, plasm\u00f3 la complejidad de la figura femenina y la sensualidad de la existencia en una \u00e9poca en la que tales expresiones eran revolucionarias.<\/p>\n<p>Entre sus obras m\u00e1s emblem\u00e1ticas destaca<strong> \u201cEl Beso\u201d<\/strong> (realizado entre 1907 y 1908), que se ha convertido en un icono universal del arte por su atm\u00f3sfera \u00edntima y su t\u00e9cnica deslumbrante que combina \u00f3leo y laminillas de oro. Otras piezas como el <strong>\u201cRetrato de Adele Bloch-Bauer I\u201d<\/strong> tambi\u00e9n consolidaron su fama, ya que evidencian la capacidad de Klimt para fusionar lo decorativo con una narrativa personal y simb\u00f3lica. Su <strong>\u00abPeriodo dorado\u00bb<\/strong> no solo refleja una gran maestr\u00eda t\u00e9cnica, sino tambi\u00e9n una sensibilidad hacia el romanticismo y la intimidad, rasgos que lo han hecho trascender en el tiempo.<\/p>\n<p>El legado de Gustav Klimt trasciende sus contribuciones formales al arte; su audacia y su capacidad para reinventar la representaci\u00f3n visual del cuerpo y el deseo abrieron nuevos caminos en la historia del arte moderno. Inspir\u00f3 a generaciones posteriores, entre las que se encuentra <strong>Egon Schiele<\/strong>, y su influencia sigue vigente en el dise\u00f1o, la moda y la cultura visual contempor\u00e1nea. Su obra invita a repensar la belleza y la sensualidad, y supuso un antes y un despu\u00e9s en la forma en que el arte puede capturar la complejidad de la experiencia humana.<\/p>\n<h3>El cambio est\u00e9tico de Gustav Klimt.<\/h3>\n<p>La Viena de finales del siglo XIX era un hervidero de innovaci\u00f3n art\u00edstica y cultural, el escenario perfecto para la transformaci\u00f3n est\u00e9tica de Gustav Klimt. En aquel entonces, la ciudad experimentaba una profunda crisis pol\u00edtica y social debido al declive del<strong> Imperio austroh\u00fangaro<\/strong>, lo que gener\u00f3 una atm\u00f3sfera de incertidumbre y cambio. La burgues\u00eda vienesa, en busca de nuevas formas de expresi\u00f3n, impuls\u00f3 el arte mediante el mecenazgo, lo que permiti\u00f3 que artistas como Klimt exploraran <strong>estilos m\u00e1s simb\u00f3licos y ornamentales<\/strong>.<\/p>\n<p>El <a href=\"https:\/\/rafaramirez.org\/blog\/index.php\/2025\/11\/27\/el-modernismo-en-la-pintura\/\" target=\"_blank\" rel=\"noopener\">modernismo<\/a> vien\u00e9s, influenciado por movimientos como el <a href=\"https:\/\/rafaramirez.org\/blog\/index.php\/2025\/11\/27\/el-modernismo-en-la-pintura\/\" target=\"_blank\" rel=\"noopener\"><strong>Art Nouveau<\/strong><\/a> y la Secesi\u00f3n Vienesa, promov\u00eda la ruptura con el academicismo tradicional y la reivindicaci\u00f3n del trabajo artesanal frente a la industrializaci\u00f3n. Klimt, junto con otros artistas de la Secesi\u00f3n, rechaz\u00f3 las normas establecidas y apost\u00f3 por una <strong>est\u00e9tica cargada de sensualidad, simbolismo y ornamentaci\u00f3n dorada<\/strong>. Su obra reflejaba la tensi\u00f3n entre tradici\u00f3n y modernidad, capturando la esencia de una Viena en plena transformaci\u00f3n.<\/p>\n<p>Adem\u00e1s, el auge del psicoan\u00e1lisis de <strong>Sigmund Freud<\/strong> y la exploraci\u00f3n de la psicolog\u00eda en el arte influyeron en la representaci\u00f3n de la figura femenina en la obra de Klimt. Su estilo, caracterizado por la fusi\u00f3n de elementos decorativos y una profunda introspecci\u00f3n emocional, se convirti\u00f3 en un s\u00edmbolo del modernismo vien\u00e9s. La combinaci\u00f3n de estos factores convirti\u00f3 a Viena en un epicentro cultural donde la experimentaci\u00f3n art\u00edstica floreci\u00f3, dando lugar a una de las \u00e9pocas m\u00e1s fascinantes de la historia del arte.<\/p>\n<figure id=\"attachment_9642\" aria-describedby=\"caption-attachment-9642\" style=\"width: 227px\" class=\"wp-caption aligncenter\"><a href=\"https:\/\/rafaramirez.org\/blog\/wp-content\/uploads\/2025\/07\/gustav-klimt-color_portrait_ok.jpg\" target=\"_blank\" rel=\"noopener\"><img loading=\"lazy\" decoding=\"async\" class=\"wp-image-9642 size-medium\" src=\"https:\/\/rafaramirez.org\/blog\/wp-content\/uploads\/2025\/07\/gustav-klimt-color_portrait_ok-227x300.jpg\" alt=\"Retrato de Gustav Klimt. Maestros de la pintura. Blog de Rafael Ram\u00edrez. \" width=\"227\" height=\"300\" srcset=\"https:\/\/rafaramirez.org\/blog\/wp-content\/uploads\/2025\/07\/gustav-klimt-color_portrait_ok-227x300.jpg 227w, https:\/\/rafaramirez.org\/blog\/wp-content\/uploads\/2025\/07\/gustav-klimt-color_portrait_ok.jpg 606w\" sizes=\"auto, (max-width: 227px) 100vw, 227px\" \/><\/a><figcaption id=\"caption-attachment-9642\" class=\"wp-caption-text\">Retrato de Gustav Klimt. Maestros de la pintura. Blog de Rafael Ram\u00edrez.<\/figcaption><\/figure>\n<h3>Abriendo camino para otros movimientos vanguardistas en Europa.<\/h3>\n<p>La obra de Gustav Klimt fue fundamental en la transici\u00f3n entre el arte acad\u00e9mico y las vanguardias europeas del siglo XX. Su capacidad para fusionar t\u00e9cnicas tradicionales con innovaciones creativas <strong>influy\u00f3 en movimientos como el <a href=\"https:\/\/rafaramirez.org\/blog\/index.php\/2025\/05\/12\/el-expresionismo-historia\/\" target=\"_blank\" rel=\"noopener\">expresionismo<\/a>, el simbolismo y el <a href=\"https:\/\/rafaramirez.org\/blog\/index.php\/2025\/11\/27\/el-modernismo-en-la-pintura\/\" target=\"_blank\" rel=\"noopener\">modernismo<\/a><\/strong>.<\/p>\n<p>Klimt comenz\u00f3 su carrera desde una perspectiva acad\u00e9mica, dominando la pintura figurativa y los murales decorativos. Sin embargo, con el tiempo, incorpor\u00f3 elementos innovadores como el uso del pan de oro, patrones ornamentales y una composici\u00f3n m\u00e1s simb\u00f3lica. Esta combinaci\u00f3n de lo cl\u00e1sico y lo experimental cre\u00f3 un lenguaje visual \u00fanico que inspir\u00f3 a artistas posteriores.<\/p>\n<p>Uno de los aspectos m\u00e1s revolucionarios de su obra fue la forma en que integr\u00f3 la decoraci\u00f3n con la pintura, eliminando las barreras entre el arte aplicado y el arte de caballete. Esta tendencia influy\u00f3 en la <strong>Bauhaus<\/strong> y en el art d\u00e9co, movimientos que promovieron la integraci\u00f3n del arte en la vida cotidiana. Adem\u00e1s, su exploraci\u00f3n de la figura humana y la psicolog\u00eda influy\u00f3 en el expresionismo vien\u00e9s, especialmente en artistas como Egon Schiele.<\/p>\n<h3>Artistas influidos por su estilo.<\/h3>\n<p>El estilo de Gustav Klimt ha influido en numerosos artistas a lo largo del tiempo, especialmente en aquellos que exploraron el simbolismo, el <a href=\"https:\/\/rafaramirez.org\/blog\/index.php\/2025\/11\/27\/el-modernismo-en-la-pintura\/\" target=\"_blank\" rel=\"noopener\">modernismo<\/a> y la ornamentaci\u00f3n en sus obras. Entre los m\u00e1s destacados se encuentran:<\/p>\n<ul>\n<li><strong>Egon Schiele<\/strong> fue disc\u00edpulo de Klimt y adopt\u00f3 su enfoque expresivo y sensual en la representaci\u00f3n de la figura humana, aunque con un estilo m\u00e1s crudo y emocional.<\/li>\n<li><strong>Fernand Khnopff<\/strong>: este artista belga compart\u00eda con Klimt el gusto por lo misterioso y lo fant\u00e1stico, y creaba obras con una atm\u00f3sfera enigm\u00e1tica.<\/li>\n<li><strong>Jan Toorop<\/strong>: pintor holand\u00e9s que incorpor\u00f3 l\u00edneas sinuosas y una est\u00e9tica decorativa similar a la de Klimt, especialmente en sus escenas de cuento de hadas.<\/li>\n<li><strong>Margaret Macdonald Mackintosh<\/strong>: esta artista modernista de la escuela de Glasgow se caracteriza por su elegancia y estilizaci\u00f3n, que recuerdan a las enso\u00f1aciones minimalistas de Klimt.<\/li>\n<li><strong>Lawrence Alma-Tadema<\/strong>: aunque m\u00e1s acad\u00e9mico, su influencia en Klimt se reflej\u00f3 en la representaci\u00f3n de figuras cl\u00e1sicas y el uso de frisos ornamentales.<\/li>\n<\/ul>\n<p>Estos artistas, junto con otros miembros de la Secesi\u00f3n Vienesa, ayudaron a consolidar un lenguaje visual que trascendi\u00f3 fronteras y sent\u00f3 las bases de los movimientos vanguardistas europeos.<\/p>\n<h3>Obras m\u00e1s representativas de Gustav Klimt.<\/h3>\n<p>Gustav Klimt dej\u00f3 un legado de obras que no solo definieron el modernismo vien\u00e9s, sino que tambi\u00e9n marcaron un hito en la historia del arte por la fusi\u00f3n de t\u00e9cnicas tradicionales con innovaciones creativas. Entre sus obras m\u00e1s representativas se encuentran:<\/p>\n<ol>\n<li><strong>El Beso (1907-1908)<\/strong> es quiz\u00e1 su obra m\u00e1s ic\u00f3nica, en la que encarna la intimidad y el amor a trav\u00e9s de un abrazo envuelto en un resplandor dorado. Su exuberante uso del pan de oro y patrones ornamentales cre\u00f3 una atm\u00f3sfera de lujo y sensualidad que revolucion\u00f3 la pintura de su \u00e9poca.\n<p><figure id=\"attachment_9643\" aria-describedby=\"caption-attachment-9643\" style=\"width: 300px\" class=\"wp-caption aligncenter\"><a href=\"https:\/\/rafaramirez.org\/blog\/wp-content\/uploads\/2025\/07\/El-Beso_-_Gustav_Klimt_1907-1908.jpg\" target=\"_blank\" rel=\"noopener\"><img loading=\"lazy\" decoding=\"async\" class=\"wp-image-9643 size-medium\" src=\"https:\/\/rafaramirez.org\/blog\/wp-content\/uploads\/2025\/07\/El-Beso_-_Gustav_Klimt_1907-1908-300x300.jpg\" alt=\"El Beso (1907-1908) de Gustav Klimt. Blog de Rafael Ram\u00edrez.\" width=\"300\" height=\"300\" srcset=\"https:\/\/rafaramirez.org\/blog\/wp-content\/uploads\/2025\/07\/El-Beso_-_Gustav_Klimt_1907-1908-300x300.jpg 300w, https:\/\/rafaramirez.org\/blog\/wp-content\/uploads\/2025\/07\/El-Beso_-_Gustav_Klimt_1907-1908-1021x1024.jpg 1021w, https:\/\/rafaramirez.org\/blog\/wp-content\/uploads\/2025\/07\/El-Beso_-_Gustav_Klimt_1907-1908-150x150.jpg 150w, https:\/\/rafaramirez.org\/blog\/wp-content\/uploads\/2025\/07\/El-Beso_-_Gustav_Klimt_1907-1908-768x771.jpg 768w, https:\/\/rafaramirez.org\/blog\/wp-content\/uploads\/2025\/07\/El-Beso_-_Gustav_Klimt_1907-1908.jpg 1196w\" sizes=\"auto, (max-width: 300px) 100vw, 300px\" \/><\/a><figcaption id=\"caption-attachment-9643\" class=\"wp-caption-text\">El Beso (1907-1908) de Gustav Klimt. Blog de Rafael Ram\u00edrez.<\/figcaption><\/figure><\/li>\n<li><strong>Retrato de Adele Bloch-Bauer I (1907)<\/strong>, tambi\u00e9n conocida como \u00abLa dama dorada\u00bb, es un emblema del modernismo vien\u00e9s. La obra destaca por su intrincada ornamentaci\u00f3n y el simbolismo del oro, que confiere a la obra una elegancia y un misterio que han capturado la atenci\u00f3n del mundo del arte durante d\u00e9cadas.\n<p><figure id=\"attachment_9645\" aria-describedby=\"caption-attachment-9645\" style=\"width: 300px\" class=\"wp-caption aligncenter\"><a href=\"https:\/\/rafaramirez.org\/blog\/wp-content\/uploads\/2025\/07\/Retrato-de-Adele-Bloch-Bauer_Gustav_Klimt_1907.jpg\" target=\"_blank\" rel=\"noopener\"><img loading=\"lazy\" decoding=\"async\" class=\"wp-image-9645 size-medium\" src=\"https:\/\/rafaramirez.org\/blog\/wp-content\/uploads\/2025\/07\/Retrato-de-Adele-Bloch-Bauer_Gustav_Klimt_1907-300x300.jpg\" alt=\"Retrato de Adele Bloch-Bauer I (1907) de Gustav Klimt. Blog de Rafael Ram\u00edrez.\" width=\"300\" height=\"300\" srcset=\"https:\/\/rafaramirez.org\/blog\/wp-content\/uploads\/2025\/07\/Retrato-de-Adele-Bloch-Bauer_Gustav_Klimt_1907-300x300.jpg 300w, https:\/\/rafaramirez.org\/blog\/wp-content\/uploads\/2025\/07\/Retrato-de-Adele-Bloch-Bauer_Gustav_Klimt_1907-1024x1024.jpg 1024w, https:\/\/rafaramirez.org\/blog\/wp-content\/uploads\/2025\/07\/Retrato-de-Adele-Bloch-Bauer_Gustav_Klimt_1907-150x150.jpg 150w, https:\/\/rafaramirez.org\/blog\/wp-content\/uploads\/2025\/07\/Retrato-de-Adele-Bloch-Bauer_Gustav_Klimt_1907-768x769.jpg 768w, https:\/\/rafaramirez.org\/blog\/wp-content\/uploads\/2025\/07\/Retrato-de-Adele-Bloch-Bauer_Gustav_Klimt_1907.jpg 1199w\" sizes=\"auto, (max-width: 300px) 100vw, 300px\" \/><\/a><figcaption id=\"caption-attachment-9645\" class=\"wp-caption-text\">Retrato de Adele Bloch-Bauer I (1907) de Gustav Klimt. Blog de Rafael Ram\u00edrez.<\/figcaption><\/figure><\/li>\n<li><strong>Las Tres Edades de la Mujer (1905)<\/strong>, esta pintura es una meditaci\u00f3n sobre el ciclo vital, en la que Klimt representa la transici\u00f3n entre la infancia, la madurez y la vejez. La obra explora la complejidad y la vulnerabilidad de la existencia humana mediante el simbolismo.\n<p><figure id=\"attachment_9646\" aria-describedby=\"caption-attachment-9646\" style=\"width: 300px\" class=\"wp-caption aligncenter\"><a href=\"https:\/\/rafaramirez.org\/blog\/wp-content\/uploads\/2025\/07\/Las-Tres-Edades-de-la-mujer_Gustav_Klimt_1905.jpg\" target=\"_blank\" rel=\"noopener\"><img loading=\"lazy\" decoding=\"async\" class=\"wp-image-9646 size-medium\" src=\"https:\/\/rafaramirez.org\/blog\/wp-content\/uploads\/2025\/07\/Las-Tres-Edades-de-la-mujer_Gustav_Klimt_1905-300x300.jpg\" alt=\"Las Tres Edades de la Mujer (1905) de Gustav Klimt. Blog de Rafael Ram\u00edrez.\" width=\"300\" height=\"300\" srcset=\"https:\/\/rafaramirez.org\/blog\/wp-content\/uploads\/2025\/07\/Las-Tres-Edades-de-la-mujer_Gustav_Klimt_1905-300x300.jpg 300w, https:\/\/rafaramirez.org\/blog\/wp-content\/uploads\/2025\/07\/Las-Tres-Edades-de-la-mujer_Gustav_Klimt_1905-1024x1020.jpg 1024w, https:\/\/rafaramirez.org\/blog\/wp-content\/uploads\/2025\/07\/Las-Tres-Edades-de-la-mujer_Gustav_Klimt_1905-150x150.jpg 150w, https:\/\/rafaramirez.org\/blog\/wp-content\/uploads\/2025\/07\/Las-Tres-Edades-de-la-mujer_Gustav_Klimt_1905-768x765.jpg 768w, https:\/\/rafaramirez.org\/blog\/wp-content\/uploads\/2025\/07\/Las-Tres-Edades-de-la-mujer_Gustav_Klimt_1905.jpg 1200w\" sizes=\"auto, (max-width: 300px) 100vw, 300px\" \/><\/a><figcaption id=\"caption-attachment-9646\" class=\"wp-caption-text\">Las Tres Edades de la Mujer (1905) de Gustav Klimt. Blog de Rafael Ram\u00edrez.<\/figcaption><\/figure><\/li>\n<li><strong>D\u00e1nae (1907-1908)<\/strong>, inspirada en la mitolog\u00eda griega, esta obra resalta la sensualidad y la fuerza de la figura femenina. Klimt combina en esta obra un juego de texturas y colores, as\u00ed como un detallado trabajo en el oro que acent\u00faa su tratamiento innovador y simb\u00f3lico.\n<p><figure id=\"attachment_9647\" aria-describedby=\"caption-attachment-9647\" style=\"width: 300px\" class=\"wp-caption aligncenter\"><a href=\"https:\/\/rafaramirez.org\/blog\/wp-content\/uploads\/2025\/07\/Danae_Gustav_Klimt_1907-1908.jpg\" target=\"_blank\" rel=\"noopener\"><img loading=\"lazy\" decoding=\"async\" class=\"wp-image-9647 size-medium\" src=\"https:\/\/rafaramirez.org\/blog\/wp-content\/uploads\/2025\/07\/Danae_Gustav_Klimt_1907-1908-300x291.jpg\" alt=\"D\u00e1nae (1907-1908) de Gustav Klimt. Blog de Rafael Ram\u00edrez.\" width=\"300\" height=\"291\" srcset=\"https:\/\/rafaramirez.org\/blog\/wp-content\/uploads\/2025\/07\/Danae_Gustav_Klimt_1907-1908-300x291.jpg 300w, https:\/\/rafaramirez.org\/blog\/wp-content\/uploads\/2025\/07\/Danae_Gustav_Klimt_1907-1908-1024x992.jpg 1024w, https:\/\/rafaramirez.org\/blog\/wp-content\/uploads\/2025\/07\/Danae_Gustav_Klimt_1907-1908-768x744.jpg 768w, https:\/\/rafaramirez.org\/blog\/wp-content\/uploads\/2025\/07\/Danae_Gustav_Klimt_1907-1908.jpg 1200w\" sizes=\"auto, (max-width: 300px) 100vw, 300px\" \/><\/a><figcaption id=\"caption-attachment-9647\" class=\"wp-caption-text\">D\u00e1nae (1907-1908) de Gustav Klimt. Blog de Rafael Ram\u00edrez.<\/figcaption><\/figure><\/li>\n<li><strong>Palas Atenea (1898)<\/strong>, aunque es una obra anterior a sus creaciones m\u00e1s doradas, \u00abLa Palas Atenea\u00bb marca un punto de inflexi\u00f3n en su carrera. En ella se observa una transici\u00f3n desde un estilo m\u00e1s acad\u00e9mico hacia la experimentaci\u00f3n moderna, en la que se integran elementos cl\u00e1sicos con una nueva visi\u00f3n decorativa.\n<p><figure id=\"attachment_9648\" aria-describedby=\"caption-attachment-9648\" style=\"width: 293px\" class=\"wp-caption aligncenter\"><a href=\"https:\/\/rafaramirez.org\/blog\/wp-content\/uploads\/2025\/07\/Palas-Atenea_Gustav_Klimt_1898.jpg\" target=\"_blank\" rel=\"noopener\"><img loading=\"lazy\" decoding=\"async\" class=\"wp-image-9648 size-medium\" src=\"https:\/\/rafaramirez.org\/blog\/wp-content\/uploads\/2025\/07\/Palas-Atenea_Gustav_Klimt_1898-293x300.jpg\" alt=\"Palas Atenea (1898) de Gustav Klimt. Blog de Rafael Ram\u00edrez.\" width=\"293\" height=\"300\" srcset=\"https:\/\/rafaramirez.org\/blog\/wp-content\/uploads\/2025\/07\/Palas-Atenea_Gustav_Klimt_1898-293x300.jpg 293w, https:\/\/rafaramirez.org\/blog\/wp-content\/uploads\/2025\/07\/Palas-Atenea_Gustav_Klimt_1898-1000x1024.jpg 1000w, https:\/\/rafaramirez.org\/blog\/wp-content\/uploads\/2025\/07\/Palas-Atenea_Gustav_Klimt_1898-768x786.jpg 768w, https:\/\/rafaramirez.org\/blog\/wp-content\/uploads\/2025\/07\/Palas-Atenea_Gustav_Klimt_1898.jpg 1172w\" sizes=\"auto, (max-width: 293px) 100vw, 293px\" \/><\/a><figcaption id=\"caption-attachment-9648\" class=\"wp-caption-text\">Palas Atenea (1898) de Gustav Klimt. Blog de Rafael Ram\u00edrez.<\/figcaption><\/figure><\/li>\n<\/ol>\n<p>Estas obras no solo reflejan la maestr\u00eda t\u00e9cnica de Klimt, sino tambi\u00e9n su capacidad para reinventar la representaci\u00f3n visual del cuerpo y el simbolismo, allanando el camino para futuras vanguardias en Europa.<\/p>\n<p>M\u00e1s informaci\u00f3n:<\/p>\n<ul>\n<li><a href=\"https:\/\/es.wikipedia.org\/wiki\/Gustav_Klimt\" target=\"_blank\" rel=\"noopener\">Gustav Klimt &#8211; Wikipedia, la enciclopedia libre<\/a>.<\/li>\n<li><a href=\"https:\/\/viajes.nationalgeographic.com.es\/a\/viaje-viena-mas-modernista-decadente-sexo-arte-rebeldia-tiempos-gustav-klimt_22014\" target=\"_blank\" rel=\"noopener\">Viaje a la Viena m\u00e1s modernista y decadente: sexo, arte y rebeld\u00eda en los tiempos de Gustav Klimt<\/a>.<\/li>\n<li><a href=\"https:\/\/mundoabc.com\/klimt-oro-y-sensualidad-viena-modernista\/\" target=\"_blank\" rel=\"noopener\">Klimt: oro y sensualidad en la Viena modernista<\/a>.<\/li>\n<li><a href=\"https:\/\/rafaramirez.org\/blog\/index.php\/category\/arte\/historia-del-arte\/\" target=\"_blank\" rel=\"noopener\">Otros pintores que marcaron \u00e9poca<\/a>.<\/li>\n<\/ul>\n","protected":false},"excerpt":{"rendered":"<p>Gustav Klimt fue un pintor austr\u00edaco fundamental en el desarrollo del modernismo y uno de los representantes m\u00e1s destacados de la Secesi\u00f3n Vienesa. Naci\u00f3 el 14 de julio de 1862 en Baumgarten, cerca de Viena, y se form\u00f3 en la Escuela de Artes Aplicadas de Viena, donde empez\u00f3 realizando encargos decorativos y murales para edificios [&hellip;]<\/p>\n","protected":false},"author":3,"featured_media":9641,"comment_status":"open","ping_status":"closed","sticky":false,"template":"","format":"standard","meta":{"site-container-style":"default","site-container-layout":"default","site-sidebar-layout":"default","disable-article-header":"default","disable-site-header":"default","disable-site-footer":"default","disable-content-area-spacing":"default","_jetpack_newsletter_access":"","_jetpack_dont_email_post_to_subs":false,"_jetpack_newsletter_tier_id":0,"_jetpack_memberships_contains_paywalled_content":false,"_jetpack_feature_clip_id":0,"_jetpack_memberships_contains_paid_content":false,"footnotes":"","jetpack_publicize_message":"","jetpack_publicize_feature_enabled":true,"jetpack_social_post_already_shared":true,"jetpack_social_options":{"image_generator_settings":{"template":"highway","default_image_id":0,"font":"","enabled":false},"version":2},"jetpack_post_was_ever_published":false},"categories":[1290],"tags":[4368,3804,4367,3748,1383],"class_list":["post-9634","post","type-post","status-publish","format-standard","has-post-thumbnail","hentry","category-historia-del-arte","tag-biografia-de-gustav-klimt","tag-biografia-de-pintores","tag-gustav-klimt","tag-historia-de-la-pintura","tag-historia-del-arte"],"yoast_head":"<!-- This site is optimized with the Yoast SEO plugin v28.3 - https:\/\/yoast.com\/product\/yoast-seo-wordpress\/ -->\n<title>Gustav Klimt o c\u00f3mo eliminar las barreras entre el arte aplicado y el arte de caballete. - Blog de Rafael Ram\u00edrez<\/title>\n<meta name=\"description\" content=\"Gustav Klimt fue un pintor austr\u00edaco fundamental en el desarrollo del modernismo y es uno de los exponentes m\u00e1s destacados de la Secesi\u00f3n...\" \/>\n<meta name=\"robots\" content=\"index, follow, max-snippet:-1, max-image-preview:large, max-video-preview:-1\" \/>\n<link rel=\"canonical\" href=\"https:\/\/rafaramirez.org\/blog\/index.php\/2025\/07\/01\/gustav-klimt\/\" \/>\n<meta property=\"og:locale\" content=\"es_ES\" \/>\n<meta property=\"og:type\" content=\"article\" \/>\n<meta property=\"og:title\" content=\"Gustav Klimt o c\u00f3mo eliminar las barreras entre el arte aplicado y el arte de caballete. - Blog de Rafael Ram\u00edrez\" \/>\n<meta property=\"og:description\" content=\"Gustav Klimt fue un pintor austr\u00edaco fundamental en el desarrollo del modernismo y es uno de los exponentes m\u00e1s destacados de la Secesi\u00f3n...\" \/>\n<meta property=\"og:url\" content=\"https:\/\/rafaramirez.org\/blog\/index.php\/2025\/07\/01\/gustav-klimt\/\" \/>\n<meta property=\"og:site_name\" content=\"Blog de Rafael Ram\u00edrez\" \/>\n<meta property=\"article:published_time\" content=\"2025-07-01T06:00:51+00:00\" \/>\n<meta property=\"article:modified_time\" content=\"2026-07-14T09:43:10+00:00\" \/>\n<meta property=\"og:image\" content=\"https:\/\/rafaramirez.org\/blog\/wp-content\/uploads\/2025\/07\/Gustav-Klimt_bannerlog.jpg\" \/>\n\t<meta property=\"og:image:width\" content=\"720\" \/>\n\t<meta property=\"og:image:height\" content=\"440\" \/>\n\t<meta property=\"og:image:type\" content=\"image\/jpeg\" \/>\n<meta name=\"author\" content=\"Documentaci\u00f3n e investigaci\u00f3n\" \/>\n<meta name=\"twitter:card\" content=\"summary_large_image\" \/>\n<meta name=\"twitter:site\" content=\"@rafaramirez_ok\" \/>\n<meta name=\"twitter:label1\" content=\"Escrito por\" \/>\n\t<meta name=\"twitter:data1\" content=\"Documentaci\u00f3n e investigaci\u00f3n\" \/>\n\t<meta name=\"twitter:label2\" content=\"Tiempo de lectura\" \/>\n\t<meta name=\"twitter:data2\" content=\"9 minutos\" \/>\n<script type=\"application\/ld+json\" class=\"yoast-schema-graph\">{\"@context\":\"https:\\\/\\\/schema.org\",\"@graph\":[{\"@type\":\"Article\",\"@id\":\"https:\\\/\\\/rafaramirez.org\\\/blog\\\/index.php\\\/2025\\\/07\\\/01\\\/gustav-klimt\\\/#article\",\"isPartOf\":{\"@id\":\"https:\\\/\\\/rafaramirez.org\\\/blog\\\/index.php\\\/2025\\\/07\\\/01\\\/gustav-klimt\\\/\"},\"author\":{\"name\":\"Documentaci\u00f3n e investigaci\u00f3n\",\"@id\":\"https:\\\/\\\/rafaramirez.org\\\/blog\\\/#\\\/schema\\\/person\\\/8debd05b3d9a1d16fb21af726811617d\"},\"headline\":\"Gustav Klimt o c\u00f3mo eliminar las barreras entre el arte aplicado y el arte de caballete.\",\"datePublished\":\"2025-07-01T06:00:51+00:00\",\"dateModified\":\"2026-07-14T09:43:10+00:00\",\"mainEntityOfPage\":{\"@id\":\"https:\\\/\\\/rafaramirez.org\\\/blog\\\/index.php\\\/2025\\\/07\\\/01\\\/gustav-klimt\\\/\"},\"wordCount\":1626,\"commentCount\":0,\"publisher\":{\"@id\":\"https:\\\/\\\/rafaramirez.org\\\/blog\\\/#\\\/schema\\\/person\\\/50f43b6d60c578760d4c17bda54ab6a5\"},\"image\":{\"@id\":\"https:\\\/\\\/rafaramirez.org\\\/blog\\\/index.php\\\/2025\\\/07\\\/01\\\/gustav-klimt\\\/#primaryimage\"},\"thumbnailUrl\":\"https:\\\/\\\/rafaramirez.org\\\/blog\\\/wp-content\\\/uploads\\\/2025\\\/07\\\/Gustav-Klimt_bannerlog.jpg\",\"keywords\":[\"biograf\u00eda de Gustav Klimt\",\"biograf\u00eda de pintores\",\"Gustav Klimt\",\"historia de la pintura\",\"historia del arte\"],\"articleSection\":[\"Historia del arte\"],\"inLanguage\":\"es\",\"potentialAction\":[{\"@type\":\"CommentAction\",\"name\":\"Comment\",\"target\":[\"https:\\\/\\\/rafaramirez.org\\\/blog\\\/index.php\\\/2025\\\/07\\\/01\\\/gustav-klimt\\\/#respond\"]}]},{\"@type\":\"WebPage\",\"@id\":\"https:\\\/\\\/rafaramirez.org\\\/blog\\\/index.php\\\/2025\\\/07\\\/01\\\/gustav-klimt\\\/\",\"url\":\"https:\\\/\\\/rafaramirez.org\\\/blog\\\/index.php\\\/2025\\\/07\\\/01\\\/gustav-klimt\\\/\",\"name\":\"Gustav Klimt o c\u00f3mo eliminar las barreras entre el arte aplicado y el arte de caballete. - Blog de Rafael Ram\u00edrez\",\"isPartOf\":{\"@id\":\"https:\\\/\\\/rafaramirez.org\\\/blog\\\/#website\"},\"primaryImageOfPage\":{\"@id\":\"https:\\\/\\\/rafaramirez.org\\\/blog\\\/index.php\\\/2025\\\/07\\\/01\\\/gustav-klimt\\\/#primaryimage\"},\"image\":{\"@id\":\"https:\\\/\\\/rafaramirez.org\\\/blog\\\/index.php\\\/2025\\\/07\\\/01\\\/gustav-klimt\\\/#primaryimage\"},\"thumbnailUrl\":\"https:\\\/\\\/rafaramirez.org\\\/blog\\\/wp-content\\\/uploads\\\/2025\\\/07\\\/Gustav-Klimt_bannerlog.jpg\",\"datePublished\":\"2025-07-01T06:00:51+00:00\",\"dateModified\":\"2026-07-14T09:43:10+00:00\",\"description\":\"Gustav Klimt fue un pintor austr\u00edaco fundamental en el desarrollo del modernismo y es uno de los exponentes m\u00e1s destacados de la Secesi\u00f3n...\",\"breadcrumb\":{\"@id\":\"https:\\\/\\\/rafaramirez.org\\\/blog\\\/index.php\\\/2025\\\/07\\\/01\\\/gustav-klimt\\\/#breadcrumb\"},\"inLanguage\":\"es\",\"potentialAction\":[{\"@type\":\"ReadAction\",\"target\":[\"https:\\\/\\\/rafaramirez.org\\\/blog\\\/index.php\\\/2025\\\/07\\\/01\\\/gustav-klimt\\\/\"]}]},{\"@type\":\"ImageObject\",\"inLanguage\":\"es\",\"@id\":\"https:\\\/\\\/rafaramirez.org\\\/blog\\\/index.php\\\/2025\\\/07\\\/01\\\/gustav-klimt\\\/#primaryimage\",\"url\":\"https:\\\/\\\/rafaramirez.org\\\/blog\\\/wp-content\\\/uploads\\\/2025\\\/07\\\/Gustav-Klimt_bannerlog.jpg\",\"contentUrl\":\"https:\\\/\\\/rafaramirez.org\\\/blog\\\/wp-content\\\/uploads\\\/2025\\\/07\\\/Gustav-Klimt_bannerlog.jpg\",\"width\":720,\"height\":440,\"caption\":\"Gustav Klimt. Maestros de la pintura. Blog de Rafael Ram\u00edrez.\"},{\"@type\":\"BreadcrumbList\",\"@id\":\"https:\\\/\\\/rafaramirez.org\\\/blog\\\/index.php\\\/2025\\\/07\\\/01\\\/gustav-klimt\\\/#breadcrumb\",\"itemListElement\":[{\"@type\":\"ListItem\",\"position\":1,\"name\":\"Portada\",\"item\":\"https:\\\/\\\/rafaramirez.org\\\/blog\\\/\"},{\"@type\":\"ListItem\",\"position\":2,\"name\":\"Gustav Klimt o c\u00f3mo eliminar las barreras entre el arte aplicado y el arte de caballete.\"}]},{\"@type\":\"WebSite\",\"@id\":\"https:\\\/\\\/rafaramirez.org\\\/blog\\\/#website\",\"url\":\"https:\\\/\\\/rafaramirez.org\\\/blog\\\/\",\"name\":\"Blog de Rafael Ram\u00edrez\",\"description\":\"Un sitio social, de arte y cultura\",\"publisher\":{\"@id\":\"https:\\\/\\\/rafaramirez.org\\\/blog\\\/#\\\/schema\\\/person\\\/50f43b6d60c578760d4c17bda54ab6a5\"},\"potentialAction\":[{\"@type\":\"SearchAction\",\"target\":{\"@type\":\"EntryPoint\",\"urlTemplate\":\"https:\\\/\\\/rafaramirez.org\\\/blog\\\/?s={search_term_string}\"},\"query-input\":{\"@type\":\"PropertyValueSpecification\",\"valueRequired\":true,\"valueName\":\"search_term_string\"}}],\"inLanguage\":\"es\"},{\"@type\":[\"Person\",\"Organization\"],\"@id\":\"https:\\\/\\\/rafaramirez.org\\\/blog\\\/#\\\/schema\\\/person\\\/50f43b6d60c578760d4c17bda54ab6a5\",\"name\":\"Rafael Ram\u00edrez\",\"image\":{\"@type\":\"ImageObject\",\"inLanguage\":\"es\",\"@id\":\"https:\\\/\\\/rafaramirez.org\\\/blog\\\/wp-content\\\/uploads\\\/2024\\\/09\\\/RR_socialnetwork.jpg\",\"url\":\"https:\\\/\\\/rafaramirez.org\\\/blog\\\/wp-content\\\/uploads\\\/2024\\\/09\\\/RR_socialnetwork.jpg\",\"contentUrl\":\"https:\\\/\\\/rafaramirez.org\\\/blog\\\/wp-content\\\/uploads\\\/2024\\\/09\\\/RR_socialnetwork.jpg\",\"width\":600,\"height\":606,\"caption\":\"Rafael Ram\u00edrez\"},\"logo\":{\"@id\":\"https:\\\/\\\/rafaramirez.org\\\/blog\\\/wp-content\\\/uploads\\\/2024\\\/09\\\/RR_socialnetwork.jpg\"},\"sameAs\":[\"https:\\\/\\\/www.rafaramirez.org\\\/blog\",\"https:\\\/\\\/www.instagram.com\\\/rafaramirez_ok\\\/\",\"https:\\\/\\\/es.pinterest.com\\\/Ramirez_Rafa\\\/\",\"https:\\\/\\\/x.com\\\/rafaramirez_ok\"]},{\"@type\":\"Person\",\"@id\":\"https:\\\/\\\/rafaramirez.org\\\/blog\\\/#\\\/schema\\\/person\\\/8debd05b3d9a1d16fb21af726811617d\",\"name\":\"Documentaci\u00f3n e investigaci\u00f3n\",\"image\":{\"@type\":\"ImageObject\",\"inLanguage\":\"es\",\"@id\":\"https:\\\/\\\/secure.gravatar.com\\\/avatar\\\/fe70e496579a39c7a8fc4982b89275403b1092eb200623138a32daada9416911?s=96&d=mm&r=g\",\"url\":\"https:\\\/\\\/secure.gravatar.com\\\/avatar\\\/fe70e496579a39c7a8fc4982b89275403b1092eb200623138a32daada9416911?s=96&d=mm&r=g\",\"contentUrl\":\"https:\\\/\\\/secure.gravatar.com\\\/avatar\\\/fe70e496579a39c7a8fc4982b89275403b1092eb200623138a32daada9416911?s=96&d=mm&r=g\",\"caption\":\"Documentaci\u00f3n e investigaci\u00f3n\"},\"url\":\"https:\\\/\\\/rafaramirez.org\\\/blog\\\/index.php\\\/author\\\/admin\\\/\"}]}<\/script>\n<!-- \/ Yoast SEO plugin. -->","yoast_head_json":{"title":"Gustav Klimt o c\u00f3mo eliminar las barreras entre el arte aplicado y el arte de caballete. - Blog de Rafael Ram\u00edrez","description":"Gustav Klimt fue un pintor austr\u00edaco fundamental en el desarrollo del modernismo y es uno de los exponentes m\u00e1s destacados de la Secesi\u00f3n...","robots":{"index":"index","follow":"follow","max-snippet":"max-snippet:-1","max-image-preview":"max-image-preview:large","max-video-preview":"max-video-preview:-1"},"canonical":"https:\/\/rafaramirez.org\/blog\/index.php\/2025\/07\/01\/gustav-klimt\/","og_locale":"es_ES","og_type":"article","og_title":"Gustav Klimt o c\u00f3mo eliminar las barreras entre el arte aplicado y el arte de caballete. - Blog de Rafael Ram\u00edrez","og_description":"Gustav Klimt fue un pintor austr\u00edaco fundamental en el desarrollo del modernismo y es uno de los exponentes m\u00e1s destacados de la Secesi\u00f3n...","og_url":"https:\/\/rafaramirez.org\/blog\/index.php\/2025\/07\/01\/gustav-klimt\/","og_site_name":"Blog de Rafael Ram\u00edrez","article_published_time":"2025-07-01T06:00:51+00:00","article_modified_time":"2026-07-14T09:43:10+00:00","og_image":[{"width":720,"height":440,"url":"https:\/\/rafaramirez.org\/blog\/wp-content\/uploads\/2025\/07\/Gustav-Klimt_bannerlog.jpg","type":"image\/jpeg"}],"author":"Documentaci\u00f3n e investigaci\u00f3n","twitter_card":"summary_large_image","twitter_site":"@rafaramirez_ok","twitter_misc":{"Escrito por":"Documentaci\u00f3n e investigaci\u00f3n","Tiempo de lectura":"9 minutos"},"schema":{"@context":"https:\/\/schema.org","@graph":[{"@type":"Article","@id":"https:\/\/rafaramirez.org\/blog\/index.php\/2025\/07\/01\/gustav-klimt\/#article","isPartOf":{"@id":"https:\/\/rafaramirez.org\/blog\/index.php\/2025\/07\/01\/gustav-klimt\/"},"author":{"name":"Documentaci\u00f3n e investigaci\u00f3n","@id":"https:\/\/rafaramirez.org\/blog\/#\/schema\/person\/8debd05b3d9a1d16fb21af726811617d"},"headline":"Gustav Klimt o c\u00f3mo eliminar las barreras entre el arte aplicado y el arte de caballete.","datePublished":"2025-07-01T06:00:51+00:00","dateModified":"2026-07-14T09:43:10+00:00","mainEntityOfPage":{"@id":"https:\/\/rafaramirez.org\/blog\/index.php\/2025\/07\/01\/gustav-klimt\/"},"wordCount":1626,"commentCount":0,"publisher":{"@id":"https:\/\/rafaramirez.org\/blog\/#\/schema\/person\/50f43b6d60c578760d4c17bda54ab6a5"},"image":{"@id":"https:\/\/rafaramirez.org\/blog\/index.php\/2025\/07\/01\/gustav-klimt\/#primaryimage"},"thumbnailUrl":"https:\/\/rafaramirez.org\/blog\/wp-content\/uploads\/2025\/07\/Gustav-Klimt_bannerlog.jpg","keywords":["biograf\u00eda de Gustav Klimt","biograf\u00eda de pintores","Gustav Klimt","historia de la pintura","historia del arte"],"articleSection":["Historia del arte"],"inLanguage":"es","potentialAction":[{"@type":"CommentAction","name":"Comment","target":["https:\/\/rafaramirez.org\/blog\/index.php\/2025\/07\/01\/gustav-klimt\/#respond"]}]},{"@type":"WebPage","@id":"https:\/\/rafaramirez.org\/blog\/index.php\/2025\/07\/01\/gustav-klimt\/","url":"https:\/\/rafaramirez.org\/blog\/index.php\/2025\/07\/01\/gustav-klimt\/","name":"Gustav Klimt o c\u00f3mo eliminar las barreras entre el arte aplicado y el arte de caballete. - Blog de Rafael Ram\u00edrez","isPartOf":{"@id":"https:\/\/rafaramirez.org\/blog\/#website"},"primaryImageOfPage":{"@id":"https:\/\/rafaramirez.org\/blog\/index.php\/2025\/07\/01\/gustav-klimt\/#primaryimage"},"image":{"@id":"https:\/\/rafaramirez.org\/blog\/index.php\/2025\/07\/01\/gustav-klimt\/#primaryimage"},"thumbnailUrl":"https:\/\/rafaramirez.org\/blog\/wp-content\/uploads\/2025\/07\/Gustav-Klimt_bannerlog.jpg","datePublished":"2025-07-01T06:00:51+00:00","dateModified":"2026-07-14T09:43:10+00:00","description":"Gustav Klimt fue un pintor austr\u00edaco fundamental en el desarrollo del modernismo y es uno de los exponentes m\u00e1s destacados de la Secesi\u00f3n...","breadcrumb":{"@id":"https:\/\/rafaramirez.org\/blog\/index.php\/2025\/07\/01\/gustav-klimt\/#breadcrumb"},"inLanguage":"es","potentialAction":[{"@type":"ReadAction","target":["https:\/\/rafaramirez.org\/blog\/index.php\/2025\/07\/01\/gustav-klimt\/"]}]},{"@type":"ImageObject","inLanguage":"es","@id":"https:\/\/rafaramirez.org\/blog\/index.php\/2025\/07\/01\/gustav-klimt\/#primaryimage","url":"https:\/\/rafaramirez.org\/blog\/wp-content\/uploads\/2025\/07\/Gustav-Klimt_bannerlog.jpg","contentUrl":"https:\/\/rafaramirez.org\/blog\/wp-content\/uploads\/2025\/07\/Gustav-Klimt_bannerlog.jpg","width":720,"height":440,"caption":"Gustav Klimt. Maestros de la pintura. Blog de Rafael Ram\u00edrez."},{"@type":"BreadcrumbList","@id":"https:\/\/rafaramirez.org\/blog\/index.php\/2025\/07\/01\/gustav-klimt\/#breadcrumb","itemListElement":[{"@type":"ListItem","position":1,"name":"Portada","item":"https:\/\/rafaramirez.org\/blog\/"},{"@type":"ListItem","position":2,"name":"Gustav Klimt o c\u00f3mo eliminar las barreras entre el arte aplicado y el arte de caballete."}]},{"@type":"WebSite","@id":"https:\/\/rafaramirez.org\/blog\/#website","url":"https:\/\/rafaramirez.org\/blog\/","name":"Blog de Rafael Ram\u00edrez","description":"Un sitio social, de arte y cultura","publisher":{"@id":"https:\/\/rafaramirez.org\/blog\/#\/schema\/person\/50f43b6d60c578760d4c17bda54ab6a5"},"potentialAction":[{"@type":"SearchAction","target":{"@type":"EntryPoint","urlTemplate":"https:\/\/rafaramirez.org\/blog\/?s={search_term_string}"},"query-input":{"@type":"PropertyValueSpecification","valueRequired":true,"valueName":"search_term_string"}}],"inLanguage":"es"},{"@type":["Person","Organization"],"@id":"https:\/\/rafaramirez.org\/blog\/#\/schema\/person\/50f43b6d60c578760d4c17bda54ab6a5","name":"Rafael Ram\u00edrez","image":{"@type":"ImageObject","inLanguage":"es","@id":"https:\/\/rafaramirez.org\/blog\/wp-content\/uploads\/2024\/09\/RR_socialnetwork.jpg","url":"https:\/\/rafaramirez.org\/blog\/wp-content\/uploads\/2024\/09\/RR_socialnetwork.jpg","contentUrl":"https:\/\/rafaramirez.org\/blog\/wp-content\/uploads\/2024\/09\/RR_socialnetwork.jpg","width":600,"height":606,"caption":"Rafael Ram\u00edrez"},"logo":{"@id":"https:\/\/rafaramirez.org\/blog\/wp-content\/uploads\/2024\/09\/RR_socialnetwork.jpg"},"sameAs":["https:\/\/www.rafaramirez.org\/blog","https:\/\/www.instagram.com\/rafaramirez_ok\/","https:\/\/es.pinterest.com\/Ramirez_Rafa\/","https:\/\/x.com\/rafaramirez_ok"]},{"@type":"Person","@id":"https:\/\/rafaramirez.org\/blog\/#\/schema\/person\/8debd05b3d9a1d16fb21af726811617d","name":"Documentaci\u00f3n e investigaci\u00f3n","image":{"@type":"ImageObject","inLanguage":"es","@id":"https:\/\/secure.gravatar.com\/avatar\/fe70e496579a39c7a8fc4982b89275403b1092eb200623138a32daada9416911?s=96&d=mm&r=g","url":"https:\/\/secure.gravatar.com\/avatar\/fe70e496579a39c7a8fc4982b89275403b1092eb200623138a32daada9416911?s=96&d=mm&r=g","contentUrl":"https:\/\/secure.gravatar.com\/avatar\/fe70e496579a39c7a8fc4982b89275403b1092eb200623138a32daada9416911?s=96&d=mm&r=g","caption":"Documentaci\u00f3n e investigaci\u00f3n"},"url":"https:\/\/rafaramirez.org\/blog\/index.php\/author\/admin\/"}]}},"jetpack_publicize_connections":[],"jetpack_sharing_enabled":true,"jetpack_likes_enabled":true,"jetpack_featured_media_url":"https:\/\/rafaramirez.org\/blog\/wp-content\/uploads\/2025\/07\/Gustav-Klimt_bannerlog.jpg","_links":{"self":[{"href":"https:\/\/rafaramirez.org\/blog\/index.php\/wp-json\/wp\/v2\/posts\/9634","targetHints":{"allow":["GET"]}}],"collection":[{"href":"https:\/\/rafaramirez.org\/blog\/index.php\/wp-json\/wp\/v2\/posts"}],"about":[{"href":"https:\/\/rafaramirez.org\/blog\/index.php\/wp-json\/wp\/v2\/types\/post"}],"author":[{"embeddable":true,"href":"https:\/\/rafaramirez.org\/blog\/index.php\/wp-json\/wp\/v2\/users\/3"}],"replies":[{"embeddable":true,"href":"https:\/\/rafaramirez.org\/blog\/index.php\/wp-json\/wp\/v2\/comments?post=9634"}],"version-history":[{"count":14,"href":"https:\/\/rafaramirez.org\/blog\/index.php\/wp-json\/wp\/v2\/posts\/9634\/revisions"}],"predecessor-version":[{"id":11647,"href":"https:\/\/rafaramirez.org\/blog\/index.php\/wp-json\/wp\/v2\/posts\/9634\/revisions\/11647"}],"wp:featuredmedia":[{"embeddable":true,"href":"https:\/\/rafaramirez.org\/blog\/index.php\/wp-json\/wp\/v2\/media\/9641"}],"wp:attachment":[{"href":"https:\/\/rafaramirez.org\/blog\/index.php\/wp-json\/wp\/v2\/media?parent=9634"}],"wp:term":[{"taxonomy":"category","embeddable":true,"href":"https:\/\/rafaramirez.org\/blog\/index.php\/wp-json\/wp\/v2\/categories?post=9634"},{"taxonomy":"post_tag","embeddable":true,"href":"https:\/\/rafaramirez.org\/blog\/index.php\/wp-json\/wp\/v2\/tags?post=9634"}],"curies":[{"name":"wp","href":"https:\/\/api.w.org\/{rel}","templated":true}]}}