{"id":9623,"date":"2025-06-30T08:00:17","date_gmt":"2025-06-30T06:00:17","guid":{"rendered":"https:\/\/rafaramirez.org\/blog\/?p=9623"},"modified":"2025-06-30T16:52:34","modified_gmt":"2025-06-30T14:52:34","slug":"aura-palabra-bonita","status":"publish","type":"post","link":"https:\/\/rafaramirez.org\/blog\/index.php\/2025\/06\/30\/aura-palabra-bonita\/","title":{"rendered":"\u00abAura\u00bb palabra bonita en nuestro proyecto. Significado e historia."},"content":{"rendered":"<p>Hoy, nuestra palabra bonita, con todo merecimiento, es <strong>\u00abaura\u00bb<\/strong>. Se trata de una palabra con una resonancia po\u00e9tica y m\u00edstica, y su recorrido etimol\u00f3gico e hist\u00f3rico es fascinante.<\/p>\n<h3>Or\u00edgenes y significado literal.<\/h3>\n<p>Originalmente, \u201caura\u201d designaba una brisa suave o un soplo de viento. Este uso literal se remonta a la Antigua Grecia, donde el t\u00e9rmino <strong><em>\u03b1\u1f54\u03c1\u03b1<\/em><\/strong> significaba \u00abaliento\u00bb, \u00abbrisa fresca\u00bb o \u00abviento en movimiento\u00bb. Posteriormente, el lat\u00edn adopt\u00f3 el vocablo como aura, con el mismo significado, que refleja la ligereza y suavidad del aire.<\/p>\n<h3>Etimolog\u00eda.<\/h3>\n<p>Etimol\u00f3gicamente, como te he contado, \u00abaura\u00bb proviene del griego \u03b1\u1f54\u03c1\u03b1 y fue incorporada al lat\u00edn sin grandes cambios en su sentido original. Su ra\u00edz est\u00e1 conectada con el protoindoeuropeo \u00abwer-\u00bb (\u00abelevar\u00bb o \u00abmantener suspenso\u00bb), lo que tambi\u00e9n dio origen a palabras relacionadas con el aire y la elevaci\u00f3n, como \u00abaer\u00bb, \u00abaero-\u00bb y hasta \u00abaorta\u00bb. Esta conexi\u00f3n nos muestra c\u00f3mo un t\u00e9rmino que inicialmente hac\u00eda referencia a un fen\u00f3meno f\u00edsico tambi\u00e9n se relaciona con la idea de algo ligero y elevado.<\/p>\n<h3>Evoluci\u00f3n del significado hacia lo m\u00edstico.<\/h3>\n<p>A lo largo de los siglos, el t\u00e9rmino comenz\u00f3 a adquirir matices m\u00e1s figurativos. Ya en el siglo XVIII se utilizaba en algunas acepciones para referirse a una emanaci\u00f3n sutil o incluso a un aroma delicado. Sin embargo, fue a finales del siglo XIX, en el contexto del espiritualismo y las corrientes esot\u00e9ricas, cuando el t\u00e9rmino \u00abaura\u00bb experiment\u00f3 una transformaci\u00f3n importante. En estos c\u00edrculos se empez\u00f3 a utilizar para describir la supuesta emanaci\u00f3n energ\u00e9tica que rodea a los seres vivos. Personalidades como <strong>Charles Webster Leadbeater<\/strong>, dentro de la teosof\u00eda, desempe\u00f1aron un papel crucial en la popularizaci\u00f3n de la idea de que cada individuo irradia un campo energ\u00e9tico o \u00abaura\u00bb que refleja su estado emocional y espiritual.<\/p>\n<figure id=\"attachment_9628\" aria-describedby=\"caption-attachment-9628\" style=\"width: 300px\" class=\"wp-caption aligncenter\"><a href=\"https:\/\/rafaramirez.org\/blog\/wp-content\/uploads\/2025\/06\/man-8732987.jpg\" target=\"_blank\" rel=\"noopener\"><img loading=\"lazy\" decoding=\"async\" class=\"wp-image-9628 size-medium\" src=\"https:\/\/rafaramirez.org\/blog\/wp-content\/uploads\/2025\/06\/man-8732987-300x215.jpg\" alt=\"\" aura_ palabra bonita en nuestro proyecto. blog de rafael ram\u00edrez. _ width=\"300\" height=\"215\" srcset=\"https:\/\/rafaramirez.org\/blog\/wp-content\/uploads\/2025\/06\/man-8732987-300x215.jpg 300w, https:\/\/rafaramirez.org\/blog\/wp-content\/uploads\/2025\/06\/man-8732987-768x550.jpg 768w, https:\/\/rafaramirez.org\/blog\/wp-content\/uploads\/2025\/06\/man-8732987.jpg 850w\" sizes=\"auto, (max-width: 300px) 100vw, 300px\" \/><\/a><figcaption id=\"caption-attachment-9628\" class=\"wp-caption-text\">\u00abAura\u00bb palabra bonita en nuestro proyecto. Blog de Rafael Ram\u00edrez.<\/figcaption><\/figure>\n<h3>Uso en la cultura y la literatura.<\/h3>\n<p>En el \u00e1mbito literario y art\u00edstico, el t\u00e9rmino \u00abaura\u00bb se emplea para evocar la esencia personal o el halo casi intangible que irradia una persona. Poetas y escritores recurren a este t\u00e9rmino para describir la atm\u00f3sfera, el carisma o la presencia \u00fanica que diferencia a cada individuo. As\u00ed, la palabra se convirti\u00f3 en una met\u00e1fora que trasciende lo f\u00edsico y nos ayuda a hablar de la identidad y de esos rasgos inefables que dan forma a nuestra personalidad.<\/p>\n<h3>El concepto de aura en el arte.<\/h3>\n<p>El concepto de aura en el arte se ha convertido en un eje esencial para explorar la autenticidad y la experiencia \u00fanica que ofrece una obra original. Su integraci\u00f3n se manifiesta claramente en la discusi\u00f3n iniciada por el ensayo de <strong>Walter Benjamin<\/strong>, quien plante\u00f3 que la obra de arte posee un \u00abaura\u00bb \u2014ese halo de presencia, contexto hist\u00f3rico y autenticidad inimitable\u2014 que se diluye con la reproducci\u00f3n t\u00e9cnica masiva.<\/p>\n<p>Esta idea ha influido en la cr\u00edtica y en la pr\u00e1ctica art\u00edstica contempor\u00e1nea. Muchos artistas experimentan con instalaciones, performances o intervenciones que buscan recuperar o enfatizar esa cualidad casi m\u00edstica y \u00fanica, haciendo que el espectador redescubra la conexi\u00f3n \u00edntima con el proceso creativo y la materialidad de la obra. La atm\u00f3sfera generada, la iluminaci\u00f3n, el espacio y la interacci\u00f3n se dise\u00f1an para transmitir esa aura irrepetible que trasciende la imagen reproducida.<\/p>\n<p>Adem\u00e1s, en la era digital, el debate sobre el aura ha cobrado nueva relevancia. Mientras que la difusi\u00f3n y replicaci\u00f3n instant\u00e1neas parecen amenazar la singularidad del contacto f\u00edsico con el arte, muchos creadores y comisarios proponen estrategias para revalorizar la experiencia est\u00e9tica del \u00abaqu\u00ed y ahora\u00bb, reafirmando la importancia del contexto y del encuentro in situ como guardianes del aura perdido en las copias electr\u00f3nicas.<\/p>\n<h3>Conexiones culturales y otras lenguas.<\/h3>\n<p>Resulta interesante observar que conceptos an\u00e1logos aparecen en distintas culturas. Por ejemplo, en quechua existe el t\u00e9rmino <strong><em>wayra<\/em><\/strong>, que hace referencia al viento o a un movimiento leve del aire. Esta similitud sugiere una percepci\u00f3n ancestral y casi universal del viento como s\u00edmbolo de energ\u00eda sutil y vitalidad.<\/p>\n<figure id=\"attachment_9629\" aria-describedby=\"caption-attachment-9629\" style=\"width: 300px\" class=\"wp-caption aligncenter\"><a href=\"https:\/\/rafaramirez.org\/blog\/wp-content\/uploads\/2025\/06\/meditation-1384758.jpg\" target=\"_blank\" rel=\"noopener\"><img loading=\"lazy\" decoding=\"async\" class=\"wp-image-9629 size-medium\" src=\"https:\/\/rafaramirez.org\/blog\/wp-content\/uploads\/2025\/06\/meditation-1384758-300x207.jpg\" alt=\"\" aura_ palabra bonita en nuestro proyecto. blog de rafael ram\u00edrez. _ width=\"300\" height=\"207\" srcset=\"https:\/\/rafaramirez.org\/blog\/wp-content\/uploads\/2025\/06\/meditation-1384758-300x207.jpg 300w, https:\/\/rafaramirez.org\/blog\/wp-content\/uploads\/2025\/06\/meditation-1384758-768x529.jpg 768w, https:\/\/rafaramirez.org\/blog\/wp-content\/uploads\/2025\/06\/meditation-1384758.jpg 850w\" sizes=\"auto, (max-width: 300px) 100vw, 300px\" \/><\/a><figcaption id=\"caption-attachment-9629\" class=\"wp-caption-text\">\u00abAura\u00bb palabra bonita en nuestro proyecto. Blog de Rafael Ram\u00edrez.<\/figcaption><\/figure>\n<p>En resumen, la palabra \u00abaura\u00bb ha evolucionado desde una designaci\u00f3n puramente f\u00edsica, como una brisa o un soplo de aire, hasta convertirse en un s\u00edmbolo de la esencia y la energ\u00eda personales en contextos m\u00edsticos y esot\u00e9ricos. Su evoluci\u00f3n sem\u00e1ntica es un claro ejemplo de c\u00f3mo el lenguaje se transforma para reflejar nuestras percepciones y aspiraciones m\u00e1s profundas. Sin duda, \u00abaura\u00bb es una palabra bonita que merece estar en nuestro proyecto, ya que evoca ligereza, misterio y energ\u00eda. Su sonido suave y armonioso transmite calma, y su significado se extiende desde una brisa delicada hasta la esencia \u00fanica que rodea a una persona o una obra de arte. Invita a la imaginaci\u00f3n y al sentimiento.<\/p>\n<p>M\u00e1s informaci\u00f3n:<\/p>\n<ul>\n<li><a href=\"https:\/\/es.wikipedia.org\/wiki\/Aura_%28parapsicolog%C3%ADa%29\" target=\"_blank\" rel=\"noopener\">Aura (parapsicolog\u00eda) &#8211; Wikipedia, la enciclopedia libre<\/a>.<\/li>\n<li><a href=\"https:\/\/www.etymonline.com\/es\/word\/aura\" target=\"_blank\" rel=\"noopener\">Aura &#8211; Etimolog\u00eda, Significado y Origen | etymonline<\/a>.<\/li>\n<li><a href=\"https:\/\/www.arsgravis.com\/benjamin-el-aura-en-la-obra-de-arte\/\" target=\"_blank\" rel=\"noopener\">\u00abEl aura en la obra de arte\u00bb. Walter Benjamin \u2014 Arsgravis &#8211; Arte y simbolismo &#8211; Universidad de Barcelona<\/a>.<\/li>\n<li><a href=\"https:\/\/rafaramirez.org\/blog\/index.php\/category\/arte\/palabras-bonitas\/\" target=\"_blank\" rel=\"noopener\">Otras palabras bonitas en el proyecto<\/a>.<\/li>\n<\/ul>\n","protected":false},"excerpt":{"rendered":"<p>Hoy, nuestra palabra bonita, con todo merecimiento, es \u00abaura\u00bb. Se trata de una palabra con una resonancia po\u00e9tica y m\u00edstica, y su recorrido etimol\u00f3gico e hist\u00f3rico es fascinante. Or\u00edgenes y significado literal. Originalmente, \u201caura\u201d designaba una brisa suave o un soplo de viento. Este uso literal se remonta a la Antigua Grecia, donde el t\u00e9rmino [&hellip;]<\/p>\n","protected":false},"author":1,"featured_media":9630,"comment_status":"open","ping_status":"closed","sticky":false,"template":"","format":"standard","meta":{"site-container-style":"default","site-container-layout":"default","site-sidebar-layout":"default","disable-article-header":"default","disable-site-header":"default","disable-site-footer":"default","disable-content-area-spacing":"default","_jetpack_newsletter_access":"","_jetpack_dont_email_post_to_subs":false,"_jetpack_newsletter_tier_id":0,"_jetpack_memberships_contains_paywalled_content":false,"_jetpack_feature_clip_id":0,"_jetpack_memberships_contains_paid_content":false,"footnotes":"","jetpack_publicize_message":"","jetpack_publicize_feature_enabled":true,"jetpack_social_post_already_shared":true,"jetpack_social_options":{"image_generator_settings":{"template":"highway","default_image_id":0,"font":"","enabled":false},"version":2},"jetpack_post_was_ever_published":false},"categories":[581],"tags":[4365,4364,4366,346,3326],"class_list":["post-9623","post","type-post","status-publish","format-standard","has-post-thumbnail","hentry","category-palabras-bonitas","tag-aura","tag-aura-palabra-bonita","tag-charles-webster-leadbeater","tag-palabras-bonitas","tag-proyecto-palabras-bonitas"],"yoast_head":"<!-- This site is optimized with the Yoast SEO plugin v28.4 - https:\/\/yoast.com\/product\/yoast-seo-wordpress\/ -->\n<title>&quot;Aura&quot; palabra bonita en nuestro proyecto. Significado e historia. - Blog de Rafael Ram\u00edrez<\/title>\n<meta name=\"description\" content=\"Hoy, nuestra palabra bonita, con todo merecimiento, es &quot;aura&quot;. Se trata de una palabra con una resonancia po\u00e9tica y m\u00edstica, y su recorrido\" \/>\n<meta name=\"robots\" content=\"index, follow, max-snippet:-1, max-image-preview:large, max-video-preview:-1\" \/>\n<link rel=\"canonical\" href=\"https:\/\/rafaramirez.org\/blog\/index.php\/2025\/06\/30\/aura-palabra-bonita\/\" \/>\n<meta property=\"og:locale\" content=\"es_ES\" \/>\n<meta property=\"og:type\" content=\"article\" \/>\n<meta property=\"og:title\" content=\"&quot;Aura&quot; palabra bonita en nuestro proyecto. Significado e historia. - Blog de Rafael Ram\u00edrez\" \/>\n<meta property=\"og:description\" content=\"Hoy, nuestra palabra bonita, con todo merecimiento, es &quot;aura&quot;. Se trata de una palabra con una resonancia po\u00e9tica y m\u00edstica, y su recorrido\" \/>\n<meta property=\"og:url\" content=\"https:\/\/rafaramirez.org\/blog\/index.php\/2025\/06\/30\/aura-palabra-bonita\/\" \/>\n<meta property=\"og:site_name\" content=\"Blog de Rafael Ram\u00edrez\" \/>\n<meta property=\"article:published_time\" content=\"2025-06-30T06:00:17+00:00\" \/>\n<meta property=\"article:modified_time\" content=\"2025-06-30T14:52:34+00:00\" \/>\n<meta property=\"og:image\" content=\"https:\/\/rafaramirez.org\/blog\/wp-content\/uploads\/2025\/06\/Aura-palabra_bonita_bannerlog.jpg\" \/>\n\t<meta property=\"og:image:width\" content=\"720\" \/>\n\t<meta property=\"og:image:height\" content=\"440\" \/>\n\t<meta property=\"og:image:type\" content=\"image\/jpeg\" \/>\n<meta name=\"author\" content=\"Rafael Ram\u00edrez\" \/>\n<meta name=\"twitter:card\" content=\"summary_large_image\" \/>\n<meta name=\"twitter:creator\" content=\"@rafaramirez_ok\" \/>\n<meta name=\"twitter:site\" content=\"@rafaramirez_ok\" \/>\n<meta name=\"twitter:label1\" content=\"Escrito por\" \/>\n\t<meta name=\"twitter:data1\" content=\"Rafael Ram\u00edrez\" \/>\n\t<meta name=\"twitter:label2\" content=\"Tiempo de lectura\" \/>\n\t<meta name=\"twitter:data2\" content=\"5 minutos\" \/>\n<script type=\"application\/ld+json\" class=\"yoast-schema-graph\">{\"@context\":\"https:\\\/\\\/schema.org\",\"@graph\":[{\"@type\":\"Article\",\"@id\":\"https:\\\/\\\/rafaramirez.org\\\/blog\\\/index.php\\\/2025\\\/06\\\/30\\\/aura-palabra-bonita\\\/#article\",\"isPartOf\":{\"@id\":\"https:\\\/\\\/rafaramirez.org\\\/blog\\\/index.php\\\/2025\\\/06\\\/30\\\/aura-palabra-bonita\\\/\"},\"author\":{\"name\":\"Rafael Ram\u00edrez\",\"@id\":\"https:\\\/\\\/rafaramirez.org\\\/blog\\\/#\\\/schema\\\/person\\\/50f43b6d60c578760d4c17bda54ab6a5\"},\"headline\":\"\u00abAura\u00bb palabra bonita en nuestro proyecto. Significado e historia.\",\"datePublished\":\"2025-06-30T06:00:17+00:00\",\"dateModified\":\"2025-06-30T14:52:34+00:00\",\"mainEntityOfPage\":{\"@id\":\"https:\\\/\\\/rafaramirez.org\\\/blog\\\/index.php\\\/2025\\\/06\\\/30\\\/aura-palabra-bonita\\\/\"},\"wordCount\":920,\"commentCount\":0,\"publisher\":{\"@id\":\"https:\\\/\\\/rafaramirez.org\\\/blog\\\/#\\\/schema\\\/person\\\/50f43b6d60c578760d4c17bda54ab6a5\"},\"image\":{\"@id\":\"https:\\\/\\\/rafaramirez.org\\\/blog\\\/index.php\\\/2025\\\/06\\\/30\\\/aura-palabra-bonita\\\/#primaryimage\"},\"thumbnailUrl\":\"https:\\\/\\\/rafaramirez.org\\\/blog\\\/wp-content\\\/uploads\\\/2025\\\/06\\\/Aura-palabra_bonita_bannerlog.jpg\",\"keywords\":[\"aura\",\"Aura palabra bonita\",\"Charles Webster Leadbeater\",\"palabras bonitas\",\"proyecto palabras bonitas\"],\"articleSection\":[\"Proyecto Palabras Bonitas\"],\"inLanguage\":\"es\",\"potentialAction\":[{\"@type\":\"CommentAction\",\"name\":\"Comment\",\"target\":[\"https:\\\/\\\/rafaramirez.org\\\/blog\\\/index.php\\\/2025\\\/06\\\/30\\\/aura-palabra-bonita\\\/#respond\"]}]},{\"@type\":\"WebPage\",\"@id\":\"https:\\\/\\\/rafaramirez.org\\\/blog\\\/index.php\\\/2025\\\/06\\\/30\\\/aura-palabra-bonita\\\/\",\"url\":\"https:\\\/\\\/rafaramirez.org\\\/blog\\\/index.php\\\/2025\\\/06\\\/30\\\/aura-palabra-bonita\\\/\",\"name\":\"\\\"Aura\\\" palabra bonita en nuestro proyecto. Significado e historia. - Blog de Rafael Ram\u00edrez\",\"isPartOf\":{\"@id\":\"https:\\\/\\\/rafaramirez.org\\\/blog\\\/#website\"},\"primaryImageOfPage\":{\"@id\":\"https:\\\/\\\/rafaramirez.org\\\/blog\\\/index.php\\\/2025\\\/06\\\/30\\\/aura-palabra-bonita\\\/#primaryimage\"},\"image\":{\"@id\":\"https:\\\/\\\/rafaramirez.org\\\/blog\\\/index.php\\\/2025\\\/06\\\/30\\\/aura-palabra-bonita\\\/#primaryimage\"},\"thumbnailUrl\":\"https:\\\/\\\/rafaramirez.org\\\/blog\\\/wp-content\\\/uploads\\\/2025\\\/06\\\/Aura-palabra_bonita_bannerlog.jpg\",\"datePublished\":\"2025-06-30T06:00:17+00:00\",\"dateModified\":\"2025-06-30T14:52:34+00:00\",\"description\":\"Hoy, nuestra palabra bonita, con todo merecimiento, es \\\"aura\\\". Se trata de una palabra con una resonancia po\u00e9tica y m\u00edstica, y su recorrido\",\"breadcrumb\":{\"@id\":\"https:\\\/\\\/rafaramirez.org\\\/blog\\\/index.php\\\/2025\\\/06\\\/30\\\/aura-palabra-bonita\\\/#breadcrumb\"},\"inLanguage\":\"es\",\"potentialAction\":[{\"@type\":\"ReadAction\",\"target\":[\"https:\\\/\\\/rafaramirez.org\\\/blog\\\/index.php\\\/2025\\\/06\\\/30\\\/aura-palabra-bonita\\\/\"]}]},{\"@type\":\"ImageObject\",\"inLanguage\":\"es\",\"@id\":\"https:\\\/\\\/rafaramirez.org\\\/blog\\\/index.php\\\/2025\\\/06\\\/30\\\/aura-palabra-bonita\\\/#primaryimage\",\"url\":\"https:\\\/\\\/rafaramirez.org\\\/blog\\\/wp-content\\\/uploads\\\/2025\\\/06\\\/Aura-palabra_bonita_bannerlog.jpg\",\"contentUrl\":\"https:\\\/\\\/rafaramirez.org\\\/blog\\\/wp-content\\\/uploads\\\/2025\\\/06\\\/Aura-palabra_bonita_bannerlog.jpg\",\"width\":720,\"height\":440,\"caption\":\"\\\"Aura\\\" proyecto palabras bonitas Blog de Rafael Ram\u00edrez.\"},{\"@type\":\"BreadcrumbList\",\"@id\":\"https:\\\/\\\/rafaramirez.org\\\/blog\\\/index.php\\\/2025\\\/06\\\/30\\\/aura-palabra-bonita\\\/#breadcrumb\",\"itemListElement\":[{\"@type\":\"ListItem\",\"position\":1,\"name\":\"Portada\",\"item\":\"https:\\\/\\\/rafaramirez.org\\\/blog\\\/\"},{\"@type\":\"ListItem\",\"position\":2,\"name\":\"\u00abAura\u00bb palabra bonita en nuestro proyecto. Significado e historia.\"}]},{\"@type\":\"WebSite\",\"@id\":\"https:\\\/\\\/rafaramirez.org\\\/blog\\\/#website\",\"url\":\"https:\\\/\\\/rafaramirez.org\\\/blog\\\/\",\"name\":\"Blog de Rafael Ram\u00edrez\",\"description\":\"Un sitio social, de arte y cultura\",\"publisher\":{\"@id\":\"https:\\\/\\\/rafaramirez.org\\\/blog\\\/#\\\/schema\\\/person\\\/50f43b6d60c578760d4c17bda54ab6a5\"},\"potentialAction\":[{\"@type\":\"SearchAction\",\"target\":{\"@type\":\"EntryPoint\",\"urlTemplate\":\"https:\\\/\\\/rafaramirez.org\\\/blog\\\/?s={search_term_string}\"},\"query-input\":{\"@type\":\"PropertyValueSpecification\",\"valueRequired\":true,\"valueName\":\"search_term_string\"}}],\"inLanguage\":\"es\"},{\"@type\":[\"Person\",\"Organization\"],\"@id\":\"https:\\\/\\\/rafaramirez.org\\\/blog\\\/#\\\/schema\\\/person\\\/50f43b6d60c578760d4c17bda54ab6a5\",\"name\":\"Rafael Ram\u00edrez\",\"image\":{\"@type\":\"ImageObject\",\"inLanguage\":\"es\",\"@id\":\"https:\\\/\\\/rafaramirez.org\\\/blog\\\/wp-content\\\/uploads\\\/2024\\\/09\\\/RR_socialnetwork.jpg\",\"url\":\"https:\\\/\\\/rafaramirez.org\\\/blog\\\/wp-content\\\/uploads\\\/2024\\\/09\\\/RR_socialnetwork.jpg\",\"contentUrl\":\"https:\\\/\\\/rafaramirez.org\\\/blog\\\/wp-content\\\/uploads\\\/2024\\\/09\\\/RR_socialnetwork.jpg\",\"width\":600,\"height\":606,\"caption\":\"Rafael Ram\u00edrez\"},\"logo\":{\"@id\":\"https:\\\/\\\/rafaramirez.org\\\/blog\\\/wp-content\\\/uploads\\\/2024\\\/09\\\/RR_socialnetwork.jpg\"},\"sameAs\":[\"https:\\\/\\\/www.rafaramirez.org\\\/blog\",\"https:\\\/\\\/www.instagram.com\\\/rafaramirez_ok\\\/\",\"https:\\\/\\\/es.pinterest.com\\\/Ramirez_Rafa\\\/\",\"https:\\\/\\\/x.com\\\/rafaramirez_ok\"],\"url\":\"https:\\\/\\\/rafaramirez.org\\\/blog\\\/index.php\\\/author\\\/rafaell_qm6j97da\\\/\"}]}<\/script>\n<!-- \/ Yoast SEO plugin. -->","yoast_head_json":{"title":"\"Aura\" palabra bonita en nuestro proyecto. Significado e historia. - Blog de Rafael Ram\u00edrez","description":"Hoy, nuestra palabra bonita, con todo merecimiento, es \"aura\". Se trata de una palabra con una resonancia po\u00e9tica y m\u00edstica, y su recorrido","robots":{"index":"index","follow":"follow","max-snippet":"max-snippet:-1","max-image-preview":"max-image-preview:large","max-video-preview":"max-video-preview:-1"},"canonical":"https:\/\/rafaramirez.org\/blog\/index.php\/2025\/06\/30\/aura-palabra-bonita\/","og_locale":"es_ES","og_type":"article","og_title":"\"Aura\" palabra bonita en nuestro proyecto. Significado e historia. - Blog de Rafael Ram\u00edrez","og_description":"Hoy, nuestra palabra bonita, con todo merecimiento, es \"aura\". Se trata de una palabra con una resonancia po\u00e9tica y m\u00edstica, y su recorrido","og_url":"https:\/\/rafaramirez.org\/blog\/index.php\/2025\/06\/30\/aura-palabra-bonita\/","og_site_name":"Blog de Rafael Ram\u00edrez","article_published_time":"2025-06-30T06:00:17+00:00","article_modified_time":"2025-06-30T14:52:34+00:00","og_image":[{"width":720,"height":440,"url":"https:\/\/rafaramirez.org\/blog\/wp-content\/uploads\/2025\/06\/Aura-palabra_bonita_bannerlog.jpg","type":"image\/jpeg"}],"author":"Rafael Ram\u00edrez","twitter_card":"summary_large_image","twitter_creator":"@rafaramirez_ok","twitter_site":"@rafaramirez_ok","twitter_misc":{"Escrito por":"Rafael Ram\u00edrez","Tiempo de lectura":"5 minutos"},"schema":{"@context":"https:\/\/schema.org","@graph":[{"@type":"Article","@id":"https:\/\/rafaramirez.org\/blog\/index.php\/2025\/06\/30\/aura-palabra-bonita\/#article","isPartOf":{"@id":"https:\/\/rafaramirez.org\/blog\/index.php\/2025\/06\/30\/aura-palabra-bonita\/"},"author":{"name":"Rafael Ram\u00edrez","@id":"https:\/\/rafaramirez.org\/blog\/#\/schema\/person\/50f43b6d60c578760d4c17bda54ab6a5"},"headline":"\u00abAura\u00bb palabra bonita en nuestro proyecto. Significado e historia.","datePublished":"2025-06-30T06:00:17+00:00","dateModified":"2025-06-30T14:52:34+00:00","mainEntityOfPage":{"@id":"https:\/\/rafaramirez.org\/blog\/index.php\/2025\/06\/30\/aura-palabra-bonita\/"},"wordCount":920,"commentCount":0,"publisher":{"@id":"https:\/\/rafaramirez.org\/blog\/#\/schema\/person\/50f43b6d60c578760d4c17bda54ab6a5"},"image":{"@id":"https:\/\/rafaramirez.org\/blog\/index.php\/2025\/06\/30\/aura-palabra-bonita\/#primaryimage"},"thumbnailUrl":"https:\/\/rafaramirez.org\/blog\/wp-content\/uploads\/2025\/06\/Aura-palabra_bonita_bannerlog.jpg","keywords":["aura","Aura palabra bonita","Charles Webster Leadbeater","palabras bonitas","proyecto palabras bonitas"],"articleSection":["Proyecto Palabras Bonitas"],"inLanguage":"es","potentialAction":[{"@type":"CommentAction","name":"Comment","target":["https:\/\/rafaramirez.org\/blog\/index.php\/2025\/06\/30\/aura-palabra-bonita\/#respond"]}]},{"@type":"WebPage","@id":"https:\/\/rafaramirez.org\/blog\/index.php\/2025\/06\/30\/aura-palabra-bonita\/","url":"https:\/\/rafaramirez.org\/blog\/index.php\/2025\/06\/30\/aura-palabra-bonita\/","name":"\"Aura\" palabra bonita en nuestro proyecto. Significado e historia. - Blog de Rafael Ram\u00edrez","isPartOf":{"@id":"https:\/\/rafaramirez.org\/blog\/#website"},"primaryImageOfPage":{"@id":"https:\/\/rafaramirez.org\/blog\/index.php\/2025\/06\/30\/aura-palabra-bonita\/#primaryimage"},"image":{"@id":"https:\/\/rafaramirez.org\/blog\/index.php\/2025\/06\/30\/aura-palabra-bonita\/#primaryimage"},"thumbnailUrl":"https:\/\/rafaramirez.org\/blog\/wp-content\/uploads\/2025\/06\/Aura-palabra_bonita_bannerlog.jpg","datePublished":"2025-06-30T06:00:17+00:00","dateModified":"2025-06-30T14:52:34+00:00","description":"Hoy, nuestra palabra bonita, con todo merecimiento, es \"aura\". Se trata de una palabra con una resonancia po\u00e9tica y m\u00edstica, y su recorrido","breadcrumb":{"@id":"https:\/\/rafaramirez.org\/blog\/index.php\/2025\/06\/30\/aura-palabra-bonita\/#breadcrumb"},"inLanguage":"es","potentialAction":[{"@type":"ReadAction","target":["https:\/\/rafaramirez.org\/blog\/index.php\/2025\/06\/30\/aura-palabra-bonita\/"]}]},{"@type":"ImageObject","inLanguage":"es","@id":"https:\/\/rafaramirez.org\/blog\/index.php\/2025\/06\/30\/aura-palabra-bonita\/#primaryimage","url":"https:\/\/rafaramirez.org\/blog\/wp-content\/uploads\/2025\/06\/Aura-palabra_bonita_bannerlog.jpg","contentUrl":"https:\/\/rafaramirez.org\/blog\/wp-content\/uploads\/2025\/06\/Aura-palabra_bonita_bannerlog.jpg","width":720,"height":440,"caption":"\"Aura\" proyecto palabras bonitas Blog de Rafael Ram\u00edrez."},{"@type":"BreadcrumbList","@id":"https:\/\/rafaramirez.org\/blog\/index.php\/2025\/06\/30\/aura-palabra-bonita\/#breadcrumb","itemListElement":[{"@type":"ListItem","position":1,"name":"Portada","item":"https:\/\/rafaramirez.org\/blog\/"},{"@type":"ListItem","position":2,"name":"\u00abAura\u00bb palabra bonita en nuestro proyecto. Significado e historia."}]},{"@type":"WebSite","@id":"https:\/\/rafaramirez.org\/blog\/#website","url":"https:\/\/rafaramirez.org\/blog\/","name":"Blog de Rafael Ram\u00edrez","description":"Un sitio social, de arte y cultura","publisher":{"@id":"https:\/\/rafaramirez.org\/blog\/#\/schema\/person\/50f43b6d60c578760d4c17bda54ab6a5"},"potentialAction":[{"@type":"SearchAction","target":{"@type":"EntryPoint","urlTemplate":"https:\/\/rafaramirez.org\/blog\/?s={search_term_string}"},"query-input":{"@type":"PropertyValueSpecification","valueRequired":true,"valueName":"search_term_string"}}],"inLanguage":"es"},{"@type":["Person","Organization"],"@id":"https:\/\/rafaramirez.org\/blog\/#\/schema\/person\/50f43b6d60c578760d4c17bda54ab6a5","name":"Rafael Ram\u00edrez","image":{"@type":"ImageObject","inLanguage":"es","@id":"https:\/\/rafaramirez.org\/blog\/wp-content\/uploads\/2024\/09\/RR_socialnetwork.jpg","url":"https:\/\/rafaramirez.org\/blog\/wp-content\/uploads\/2024\/09\/RR_socialnetwork.jpg","contentUrl":"https:\/\/rafaramirez.org\/blog\/wp-content\/uploads\/2024\/09\/RR_socialnetwork.jpg","width":600,"height":606,"caption":"Rafael Ram\u00edrez"},"logo":{"@id":"https:\/\/rafaramirez.org\/blog\/wp-content\/uploads\/2024\/09\/RR_socialnetwork.jpg"},"sameAs":["https:\/\/www.rafaramirez.org\/blog","https:\/\/www.instagram.com\/rafaramirez_ok\/","https:\/\/es.pinterest.com\/Ramirez_Rafa\/","https:\/\/x.com\/rafaramirez_ok"],"url":"https:\/\/rafaramirez.org\/blog\/index.php\/author\/rafaell_qm6j97da\/"}]}},"jetpack_publicize_connections":[],"jetpack_sharing_enabled":true,"jetpack_likes_enabled":true,"jetpack_featured_media_url":"https:\/\/rafaramirez.org\/blog\/wp-content\/uploads\/2025\/06\/Aura-palabra_bonita_bannerlog.jpg","_links":{"self":[{"href":"https:\/\/rafaramirez.org\/blog\/index.php\/wp-json\/wp\/v2\/posts\/9623","targetHints":{"allow":["GET"]}}],"collection":[{"href":"https:\/\/rafaramirez.org\/blog\/index.php\/wp-json\/wp\/v2\/posts"}],"about":[{"href":"https:\/\/rafaramirez.org\/blog\/index.php\/wp-json\/wp\/v2\/types\/post"}],"author":[{"embeddable":true,"href":"https:\/\/rafaramirez.org\/blog\/index.php\/wp-json\/wp\/v2\/users\/1"}],"replies":[{"embeddable":true,"href":"https:\/\/rafaramirez.org\/blog\/index.php\/wp-json\/wp\/v2\/comments?post=9623"}],"version-history":[{"count":8,"href":"https:\/\/rafaramirez.org\/blog\/index.php\/wp-json\/wp\/v2\/posts\/9623\/revisions"}],"predecessor-version":[{"id":9808,"href":"https:\/\/rafaramirez.org\/blog\/index.php\/wp-json\/wp\/v2\/posts\/9623\/revisions\/9808"}],"wp:featuredmedia":[{"embeddable":true,"href":"https:\/\/rafaramirez.org\/blog\/index.php\/wp-json\/wp\/v2\/media\/9630"}],"wp:attachment":[{"href":"https:\/\/rafaramirez.org\/blog\/index.php\/wp-json\/wp\/v2\/media?parent=9623"}],"wp:term":[{"taxonomy":"category","embeddable":true,"href":"https:\/\/rafaramirez.org\/blog\/index.php\/wp-json\/wp\/v2\/categories?post=9623"},{"taxonomy":"post_tag","embeddable":true,"href":"https:\/\/rafaramirez.org\/blog\/index.php\/wp-json\/wp\/v2\/tags?post=9623"}],"curies":[{"name":"wp","href":"https:\/\/api.w.org\/{rel}","templated":true}]}}