{"id":9613,"date":"2025-06-28T08:00:22","date_gmt":"2025-06-28T06:00:22","guid":{"rendered":"https:\/\/rafaramirez.org\/blog\/?p=9613"},"modified":"2025-06-11T10:58:45","modified_gmt":"2025-06-11T08:58:45","slug":"dia-mundial-del-arbol-2025","status":"publish","type":"post","link":"https:\/\/rafaramirez.org\/blog\/index.php\/2025\/06\/28\/dia-mundial-del-arbol-2025\/","title":{"rendered":"D\u00eda Mundial del \u00c1rbol 2025, protegiendo la salud y el futuro de nuestro planeta."},"content":{"rendered":"<p>El D\u00eda Mundial del \u00c1rbol 2025, celebrado el 28 de junio, es mucho m\u00e1s que una efem\u00e9ride, es una invitaci\u00f3n global para reconectar con la naturaleza y valorar la importancia vital de los \u00e1rboles en nuestro planeta. La elecci\u00f3n de esta fecha subraya su importancia ecol\u00f3gica y simb\u00f3lica: los \u00e1rboles transforman el di\u00f3xido de carbono en ox\u00edgeno mediante la fotos\u00edntesis, pero tambi\u00e9n desempe\u00f1an un papel esencial en el mantenimiento de la biodiversidad, la prevenci\u00f3n de la erosi\u00f3n del suelo y la regulaci\u00f3n del clima. La celebraci\u00f3n de este d\u00eda nos invita a replantear nuestra relaci\u00f3n con la naturaleza y a impulsar iniciativas de reforestaci\u00f3n y manejo sostenible de los recursos forestales en un contexto global amenazado por la deforestaci\u00f3n y el cambio clim\u00e1tico.<\/p>\n<h3>Origen del D\u00eda Mundial del \u00c1rbol<\/h3>\n<p>El origen del D\u00eda Mundial del \u00c1rbol se remonta a 1969 durante el Congreso Forestal Mundial en Roma. En ese encuentro internacional, expertos y representantes de diversas naciones se reunieron para reconocer la importancia vital de los \u00e1rboles y la necesidad urgente de preservar y reforestar nuestros bosques. En ese contexto, se decidi\u00f3 establecer esa fecha para promover acciones de concienciaci\u00f3n y protecci\u00f3n del patrimonio natural que representan los \u00e1rboles.<\/p>\n<h3>Beneficios de los \u00c1rboles<\/h3>\n<p>Los \u00e1rboles son pilares ecol\u00f3gicos cuyos beneficios se extienden a m\u00faltiples dimensiones:<\/p>\n<ul>\n<li>Producci\u00f3n de ox\u00edgeno y regulaci\u00f3n del aire: mediante la fotos\u00edntesis, los \u00e1rboles transforman el di\u00f3xido de carbono en ox\u00edgeno, lo que purifica el ambiente y contribuye a la lucha contra el cambio clim\u00e1tico.<\/li>\n<li>Soporte a la biodiversidad: albergan innumerables especies de fauna y flora, y crean ecosistemas que sostienen la vida y promueven la biodiversidad.<\/li>\n<li>Protecci\u00f3n del suelo: las ra\u00edces de los \u00e1rboles ayudan a estabilizar el suelo, reduciendo la erosi\u00f3n y mejorando la calidad del agua.<\/li>\n<li>Beneficios econ\u00f3micos y de salud: adem\u00e1s de proporcionar madera, frutas y medicinas, los \u00e1rboles ofrecen espacios de recreo y mejoran la calidad de vida en las \u00e1reas urbanas, influyendo positivamente en el bienestar f\u00edsico y mental de las personas.<\/li>\n<\/ul>\n<figure id=\"attachment_4883\" aria-describedby=\"caption-attachment-4883\" style=\"width: 300px\" class=\"wp-caption aligncenter\"><a href=\"https:\/\/rafaramirez.org\/blog\/wp-content\/uploads\/2024\/06\/forest-3369950_banner.jpg\" target=\"_blank\" rel=\"noopener\"><img loading=\"lazy\" decoding=\"async\" class=\"wp-image-4883 size-medium\" src=\"https:\/\/rafaramirez.org\/blog\/wp-content\/uploads\/2024\/06\/forest-3369950_banner-300x200.jpg\" alt=\"28 de junio D\u00eda Mundial del \u00c1rbol. Blog de Rafael Ram\u00edrez.\" width=\"300\" height=\"200\" srcset=\"https:\/\/rafaramirez.org\/blog\/wp-content\/uploads\/2024\/06\/forest-3369950_banner-300x200.jpg 300w, https:\/\/rafaramirez.org\/blog\/wp-content\/uploads\/2024\/06\/forest-3369950_banner.jpg 750w\" sizes=\"auto, (max-width: 300px) 100vw, 300px\" \/><\/a><figcaption id=\"caption-attachment-4883\" class=\"wp-caption-text\">D\u00eda Mundial del \u00c1rbol 2025 &#8211; 28 de junio . Blog de Rafael Ram\u00edrez.<\/figcaption><\/figure>\n<p><span style=\"font-size: 1.25em; font-weight: 600;\">Contribuciones a la Conservaci\u00f3n<\/span><\/p>\n<p>Todos podemos sumar esfuerzos para proteger y conservar los \u00e1rboles y bosques. Algunas acciones concretas son:<\/p>\n<ul>\n<li>Por ejemplo, puedes participar en iniciativas locales de reforestaci\u00f3n o plantar un \u00e1rbol en tu hogar o comunidad. Esta sencilla acci\u00f3n contribuye a un cambio global.<\/li>\n<li>Apoyar la educaci\u00f3n ambiental: difunde informaci\u00f3n sobre la importancia de los \u00e1rboles en escuelas, comunidades o en redes sociales. Organizar talleres o charlas puede inspirar a otros a comprometerse con la causa.<\/li>\n<li>Consumir responsablemente: opta por productos provenientes de fuentes certificadas y promueve el uso sostenible de la madera y el papel.<\/li>\n<li>Participa en campa\u00f1as y voluntariados: \u00fanete a grupos que trabajen en la conservaci\u00f3n de bosques y parques y promueve pol\u00edticas p\u00fablicas de protecci\u00f3n ambiental.<\/li>\n<li>Visitar y valorar la naturaleza: dedica tiempo a recorrer parques o reservas naturales, as\u00ed conocer\u00e1s de cerca la biodiversidad y reforzar\u00e1s tu compromiso con su preservaci\u00f3n.<\/li>\n<\/ul>\n<figure id=\"attachment_4885\" aria-describedby=\"caption-attachment-4885\" style=\"width: 300px\" class=\"wp-caption aligncenter\"><a href=\"https:\/\/rafaramirez.org\/blog\/wp-content\/uploads\/2024\/06\/woodland-8479979_2.jpg\" target=\"_blank\" rel=\"noopener\"><img loading=\"lazy\" decoding=\"async\" class=\"wp-image-4885 size-medium\" src=\"https:\/\/rafaramirez.org\/blog\/wp-content\/uploads\/2024\/06\/woodland-8479979_2-300x200.jpg\" alt=\"28 de junio D\u00eda Mundial del \u00c1rbol. Blog de Rafael Ram\u00edrez.\" width=\"300\" height=\"200\" srcset=\"https:\/\/rafaramirez.org\/blog\/wp-content\/uploads\/2024\/06\/woodland-8479979_2-300x200.jpg 300w, https:\/\/rafaramirez.org\/blog\/wp-content\/uploads\/2024\/06\/woodland-8479979_2-1024x683.jpg 1024w, https:\/\/rafaramirez.org\/blog\/wp-content\/uploads\/2024\/06\/woodland-8479979_2-768x512.jpg 768w, https:\/\/rafaramirez.org\/blog\/wp-content\/uploads\/2024\/06\/woodland-8479979_2-1536x1024.jpg 1536w, https:\/\/rafaramirez.org\/blog\/wp-content\/uploads\/2024\/06\/woodland-8479979_2.jpg 1920w\" sizes=\"auto, (max-width: 300px) 100vw, 300px\" \/><\/a><figcaption id=\"caption-attachment-4885\" class=\"wp-caption-text\">D\u00eda Mundial del \u00c1rbol 2025 &#8211; 28 de junio . Blog de Rafael Ram\u00edrez.<\/figcaption><\/figure>\n<p data-sourcepos=\"29:1-29:66\">Recuerda que cada peque\u00f1a acci\u00f3n individual contribuye a un esfuerzo global para combatir la deforestaci\u00f3n y mitigar los efectos del cambio clim\u00e1tico. Conservar los \u00e1rboles es, en definitiva, proteger la salud y el futuro de nuestro planeta.\ud83c\udf33\ud83c\udf3f<\/p>\n<p data-sourcepos=\"29:1-29:66\">M\u00e1s informaci\u00f3n:<\/p>\n<ul>\n<li data-sourcepos=\"29:1-29:66\"><a href=\"https:\/\/dayhist.com\/es\/festividades-y-dias-especiales\/da-mundial-del-rbol\" target=\"_blank\" rel=\"noopener\">D\u00eda Mundial del \u00c1rbol: Importancia, Celebraci\u00f3n y Beneficios<\/a>.<\/li>\n<li data-sourcepos=\"29:1-29:66\"><a href=\"https:\/\/www.guiadearbolado.com.ar\/diamundial-del-arbol\/\" target=\"_blank\" rel=\"noopener\">D\u00eda Mundial Del \u00e1rbol: Celebrando La Vida Y La Importancia De Los \u00e1rboles | Gu\u00eda De Arbolado<\/a>.<\/li>\n<li data-sourcepos=\"29:1-29:66\"><a href=\"https:\/\/rafaramirez.org\/blog\/index.php\/category\/arte\/efemerides\/\" target=\"_blank\" rel=\"noopener\">Otras efem\u00e9rides destacadas<\/a>.<\/li>\n<\/ul>\n","protected":false},"excerpt":{"rendered":"<p>El D\u00eda Mundial del \u00c1rbol 2025, celebrado el 28 de junio, es mucho m\u00e1s que una efem\u00e9ride, es una invitaci\u00f3n global para reconectar con la naturaleza y valorar la importancia vital de los \u00e1rboles en nuestro planeta. La elecci\u00f3n de esta fecha subraya su importancia ecol\u00f3gica y simb\u00f3lica: los \u00e1rboles transforman el di\u00f3xido de carbono [&hellip;]<\/p>\n","protected":false},"author":3,"featured_media":9618,"comment_status":"open","ping_status":"closed","sticky":false,"template":"","format":"standard","meta":{"site-container-style":"default","site-container-layout":"default","site-sidebar-layout":"default","disable-article-header":"default","disable-site-header":"default","disable-site-footer":"default","disable-content-area-spacing":"default","_jetpack_newsletter_access":"","_jetpack_dont_email_post_to_subs":false,"_jetpack_newsletter_tier_id":0,"_jetpack_memberships_contains_paywalled_content":false,"_jetpack_feature_clip_id":0,"_jetpack_memberships_contains_paid_content":false,"footnotes":"","jetpack_publicize_message":"","jetpack_publicize_feature_enabled":true,"jetpack_social_post_already_shared":true,"jetpack_social_options":{"image_generator_settings":{"template":"highway","default_image_id":0,"font":"","enabled":false},"version":2},"jetpack_post_was_ever_published":false},"categories":[1291],"tags":[4362,2548,4363,2559,2556,2558,2537,2547,1323,4067,4361,2555,2551,2561,2553,2554,2557,2549,2552,2560,2550,3435],"class_list":["post-9613","post","type-post","status-publish","format-standard","has-post-thumbnail","hentry","category-efemerides","tag-4362","tag-28-de-junio","tag-congreso-forestal-mundial","tag-consume-productos-sostenibles","tag-contribuyen-al-bienestar","tag-cuida-los-arboles-existentes","tag-dia-del-arbol","tag-dia-mundial-del-arbol","tag-efemerides","tag-efemerides-2025","tag-efemerides-de-junio","tag-generacion-de-agua","tag-habitat-para-la-biodiversidad","tag-informate-y-sensibiliza","tag-mitigacion-del-cambio-climatico","tag-mitigacion-del-efecto-invernadero","tag-planta-un-arbol","tag-produccion-de-oxigeno","tag-proteccion-del-suelo","tag-reduce-tu-huella-de-carbono","tag-regulacion-climatica","tag-roma"],"yoast_head":"<!-- This site is optimized with the Yoast SEO plugin v28.4 - https:\/\/yoast.com\/product\/yoast-seo-wordpress\/ -->\n<title>D\u00eda Mundial del \u00c1rbol 2025, protegiendo la salud y el futuro de nuestro planeta. - Blog de Rafael Ram\u00edrez<\/title>\n<meta name=\"description\" content=\"El D\u00eda Mundial del \u00c1rbol 2025, celebrado el 28 de junio, es mucho m\u00e1s que una efem\u00e9ride, es una invitaci\u00f3n global para reconectar con la...\" \/>\n<meta name=\"robots\" content=\"index, follow, max-snippet:-1, max-image-preview:large, max-video-preview:-1\" \/>\n<link rel=\"canonical\" href=\"https:\/\/rafaramirez.org\/blog\/index.php\/2025\/06\/28\/dia-mundial-del-arbol-2025\/\" \/>\n<meta property=\"og:locale\" content=\"es_ES\" \/>\n<meta property=\"og:type\" content=\"article\" \/>\n<meta property=\"og:title\" content=\"D\u00eda Mundial del \u00c1rbol 2025, protegiendo la salud y el futuro de nuestro planeta. - Blog de Rafael Ram\u00edrez\" \/>\n<meta property=\"og:description\" content=\"El D\u00eda Mundial del \u00c1rbol 2025, celebrado el 28 de junio, es mucho m\u00e1s que una efem\u00e9ride, es una invitaci\u00f3n global para reconectar con la...\" \/>\n<meta property=\"og:url\" content=\"https:\/\/rafaramirez.org\/blog\/index.php\/2025\/06\/28\/dia-mundial-del-arbol-2025\/\" \/>\n<meta property=\"og:site_name\" content=\"Blog de Rafael Ram\u00edrez\" \/>\n<meta property=\"article:published_time\" content=\"2025-06-28T06:00:22+00:00\" \/>\n<meta property=\"og:image\" content=\"https:\/\/rafaramirez.org\/blog\/wp-content\/uploads\/2025\/06\/Dia-Mundial-del-Arbol-2025_bannerlog.jpg\" \/>\n\t<meta property=\"og:image:width\" content=\"720\" \/>\n\t<meta property=\"og:image:height\" content=\"440\" \/>\n\t<meta property=\"og:image:type\" content=\"image\/jpeg\" \/>\n<meta name=\"author\" content=\"Documentaci\u00f3n e investigaci\u00f3n\" \/>\n<meta name=\"twitter:card\" content=\"summary_large_image\" \/>\n<meta name=\"twitter:site\" content=\"@rafaramirez_ok\" \/>\n<meta name=\"twitter:label1\" content=\"Escrito por\" \/>\n\t<meta name=\"twitter:data1\" content=\"Documentaci\u00f3n e investigaci\u00f3n\" \/>\n\t<meta name=\"twitter:label2\" content=\"Tiempo de lectura\" \/>\n\t<meta name=\"twitter:data2\" content=\"4 minutos\" \/>\n<script type=\"application\/ld+json\" class=\"yoast-schema-graph\">{\"@context\":\"https:\\\/\\\/schema.org\",\"@graph\":[{\"@type\":\"Article\",\"@id\":\"https:\\\/\\\/rafaramirez.org\\\/blog\\\/index.php\\\/2025\\\/06\\\/28\\\/dia-mundial-del-arbol-2025\\\/#article\",\"isPartOf\":{\"@id\":\"https:\\\/\\\/rafaramirez.org\\\/blog\\\/index.php\\\/2025\\\/06\\\/28\\\/dia-mundial-del-arbol-2025\\\/\"},\"author\":{\"name\":\"Documentaci\u00f3n e investigaci\u00f3n\",\"@id\":\"https:\\\/\\\/rafaramirez.org\\\/blog\\\/#\\\/schema\\\/person\\\/8debd05b3d9a1d16fb21af726811617d\"},\"headline\":\"D\u00eda Mundial del \u00c1rbol 2025, protegiendo la salud y el futuro de nuestro planeta.\",\"datePublished\":\"2025-06-28T06:00:22+00:00\",\"mainEntityOfPage\":{\"@id\":\"https:\\\/\\\/rafaramirez.org\\\/blog\\\/index.php\\\/2025\\\/06\\\/28\\\/dia-mundial-del-arbol-2025\\\/\"},\"wordCount\":660,\"commentCount\":0,\"publisher\":{\"@id\":\"https:\\\/\\\/rafaramirez.org\\\/blog\\\/#\\\/schema\\\/person\\\/50f43b6d60c578760d4c17bda54ab6a5\"},\"image\":{\"@id\":\"https:\\\/\\\/rafaramirez.org\\\/blog\\\/index.php\\\/2025\\\/06\\\/28\\\/dia-mundial-del-arbol-2025\\\/#primaryimage\"},\"thumbnailUrl\":\"https:\\\/\\\/rafaramirez.org\\\/blog\\\/wp-content\\\/uploads\\\/2025\\\/06\\\/Dia-Mundial-del-Arbol-2025_bannerlog.jpg\",\"keywords\":[\"1969\",\"28 de junio\",\"Congreso Forestal Mundial\",\"Consume productos sostenibles\",\"Contribuyen al bienestar\",\"Cuida los \u00e1rboles existentes\",\"D\u00eda del \u00c1rbol\",\"D\u00eda Mundial del \u00c1rbol\",\"efem\u00e9rides\",\"efem\u00e9rides 2025\",\"efem\u00e9rides de junio\",\"Generaci\u00f3n de agua\",\"H\u00e1bitat para la biodiversidad\",\"Inf\u00f3rmate y sensibiliza\",\"Mitigaci\u00f3n del cambio clim\u00e1tico\",\"Mitigaci\u00f3n del efecto invernadero\",\"Planta un \u00e1rbol\",\"Producci\u00f3n de ox\u00edgeno\",\"Protecci\u00f3n del suelo\",\"Reduce tu huella de carbono\",\"Regulaci\u00f3n clim\u00e1tica\",\"Roma\"],\"articleSection\":[\"Efem\u00e9rides\"],\"inLanguage\":\"es\",\"potentialAction\":[{\"@type\":\"CommentAction\",\"name\":\"Comment\",\"target\":[\"https:\\\/\\\/rafaramirez.org\\\/blog\\\/index.php\\\/2025\\\/06\\\/28\\\/dia-mundial-del-arbol-2025\\\/#respond\"]}]},{\"@type\":\"WebPage\",\"@id\":\"https:\\\/\\\/rafaramirez.org\\\/blog\\\/index.php\\\/2025\\\/06\\\/28\\\/dia-mundial-del-arbol-2025\\\/\",\"url\":\"https:\\\/\\\/rafaramirez.org\\\/blog\\\/index.php\\\/2025\\\/06\\\/28\\\/dia-mundial-del-arbol-2025\\\/\",\"name\":\"D\u00eda Mundial del \u00c1rbol 2025, protegiendo la salud y el futuro de nuestro planeta. - Blog de Rafael Ram\u00edrez\",\"isPartOf\":{\"@id\":\"https:\\\/\\\/rafaramirez.org\\\/blog\\\/#website\"},\"primaryImageOfPage\":{\"@id\":\"https:\\\/\\\/rafaramirez.org\\\/blog\\\/index.php\\\/2025\\\/06\\\/28\\\/dia-mundial-del-arbol-2025\\\/#primaryimage\"},\"image\":{\"@id\":\"https:\\\/\\\/rafaramirez.org\\\/blog\\\/index.php\\\/2025\\\/06\\\/28\\\/dia-mundial-del-arbol-2025\\\/#primaryimage\"},\"thumbnailUrl\":\"https:\\\/\\\/rafaramirez.org\\\/blog\\\/wp-content\\\/uploads\\\/2025\\\/06\\\/Dia-Mundial-del-Arbol-2025_bannerlog.jpg\",\"datePublished\":\"2025-06-28T06:00:22+00:00\",\"description\":\"El D\u00eda Mundial del \u00c1rbol 2025, celebrado el 28 de junio, es mucho m\u00e1s que una efem\u00e9ride, es una invitaci\u00f3n global para reconectar con la...\",\"breadcrumb\":{\"@id\":\"https:\\\/\\\/rafaramirez.org\\\/blog\\\/index.php\\\/2025\\\/06\\\/28\\\/dia-mundial-del-arbol-2025\\\/#breadcrumb\"},\"inLanguage\":\"es\",\"potentialAction\":[{\"@type\":\"ReadAction\",\"target\":[\"https:\\\/\\\/rafaramirez.org\\\/blog\\\/index.php\\\/2025\\\/06\\\/28\\\/dia-mundial-del-arbol-2025\\\/\"]}]},{\"@type\":\"ImageObject\",\"inLanguage\":\"es\",\"@id\":\"https:\\\/\\\/rafaramirez.org\\\/blog\\\/index.php\\\/2025\\\/06\\\/28\\\/dia-mundial-del-arbol-2025\\\/#primaryimage\",\"url\":\"https:\\\/\\\/rafaramirez.org\\\/blog\\\/wp-content\\\/uploads\\\/2025\\\/06\\\/Dia-Mundial-del-Arbol-2025_bannerlog.jpg\",\"contentUrl\":\"https:\\\/\\\/rafaramirez.org\\\/blog\\\/wp-content\\\/uploads\\\/2025\\\/06\\\/Dia-Mundial-del-Arbol-2025_bannerlog.jpg\",\"width\":720,\"height\":440,\"caption\":\"D\u00eda Mundial del \u00c1rbol 2025 - 28 de junio . Blog de Rafael Ram\u00edrez.\"},{\"@type\":\"BreadcrumbList\",\"@id\":\"https:\\\/\\\/rafaramirez.org\\\/blog\\\/index.php\\\/2025\\\/06\\\/28\\\/dia-mundial-del-arbol-2025\\\/#breadcrumb\",\"itemListElement\":[{\"@type\":\"ListItem\",\"position\":1,\"name\":\"Portada\",\"item\":\"https:\\\/\\\/rafaramirez.org\\\/blog\\\/\"},{\"@type\":\"ListItem\",\"position\":2,\"name\":\"D\u00eda Mundial del \u00c1rbol 2025, protegiendo la salud y el futuro de nuestro planeta.\"}]},{\"@type\":\"WebSite\",\"@id\":\"https:\\\/\\\/rafaramirez.org\\\/blog\\\/#website\",\"url\":\"https:\\\/\\\/rafaramirez.org\\\/blog\\\/\",\"name\":\"Blog de Rafael Ram\u00edrez\",\"description\":\"Un sitio social, de arte y cultura\",\"publisher\":{\"@id\":\"https:\\\/\\\/rafaramirez.org\\\/blog\\\/#\\\/schema\\\/person\\\/50f43b6d60c578760d4c17bda54ab6a5\"},\"potentialAction\":[{\"@type\":\"SearchAction\",\"target\":{\"@type\":\"EntryPoint\",\"urlTemplate\":\"https:\\\/\\\/rafaramirez.org\\\/blog\\\/?s={search_term_string}\"},\"query-input\":{\"@type\":\"PropertyValueSpecification\",\"valueRequired\":true,\"valueName\":\"search_term_string\"}}],\"inLanguage\":\"es\"},{\"@type\":[\"Person\",\"Organization\"],\"@id\":\"https:\\\/\\\/rafaramirez.org\\\/blog\\\/#\\\/schema\\\/person\\\/50f43b6d60c578760d4c17bda54ab6a5\",\"name\":\"Rafael Ram\u00edrez\",\"image\":{\"@type\":\"ImageObject\",\"inLanguage\":\"es\",\"@id\":\"https:\\\/\\\/rafaramirez.org\\\/blog\\\/wp-content\\\/uploads\\\/2024\\\/09\\\/RR_socialnetwork.jpg\",\"url\":\"https:\\\/\\\/rafaramirez.org\\\/blog\\\/wp-content\\\/uploads\\\/2024\\\/09\\\/RR_socialnetwork.jpg\",\"contentUrl\":\"https:\\\/\\\/rafaramirez.org\\\/blog\\\/wp-content\\\/uploads\\\/2024\\\/09\\\/RR_socialnetwork.jpg\",\"width\":600,\"height\":606,\"caption\":\"Rafael Ram\u00edrez\"},\"logo\":{\"@id\":\"https:\\\/\\\/rafaramirez.org\\\/blog\\\/wp-content\\\/uploads\\\/2024\\\/09\\\/RR_socialnetwork.jpg\"},\"sameAs\":[\"https:\\\/\\\/www.rafaramirez.org\\\/blog\",\"https:\\\/\\\/www.instagram.com\\\/rafaramirez_ok\\\/\",\"https:\\\/\\\/es.pinterest.com\\\/Ramirez_Rafa\\\/\",\"https:\\\/\\\/x.com\\\/rafaramirez_ok\"]},{\"@type\":\"Person\",\"@id\":\"https:\\\/\\\/rafaramirez.org\\\/blog\\\/#\\\/schema\\\/person\\\/8debd05b3d9a1d16fb21af726811617d\",\"name\":\"Documentaci\u00f3n e investigaci\u00f3n\",\"image\":{\"@type\":\"ImageObject\",\"inLanguage\":\"es\",\"@id\":\"https:\\\/\\\/secure.gravatar.com\\\/avatar\\\/fe70e496579a39c7a8fc4982b89275403b1092eb200623138a32daada9416911?s=96&d=mm&r=g\",\"url\":\"https:\\\/\\\/secure.gravatar.com\\\/avatar\\\/fe70e496579a39c7a8fc4982b89275403b1092eb200623138a32daada9416911?s=96&d=mm&r=g\",\"contentUrl\":\"https:\\\/\\\/secure.gravatar.com\\\/avatar\\\/fe70e496579a39c7a8fc4982b89275403b1092eb200623138a32daada9416911?s=96&d=mm&r=g\",\"caption\":\"Documentaci\u00f3n e investigaci\u00f3n\"},\"url\":\"https:\\\/\\\/rafaramirez.org\\\/blog\\\/index.php\\\/author\\\/admin\\\/\"}]}<\/script>\n<!-- \/ Yoast SEO plugin. -->","yoast_head_json":{"title":"D\u00eda Mundial del \u00c1rbol 2025, protegiendo la salud y el futuro de nuestro planeta. - Blog de Rafael Ram\u00edrez","description":"El D\u00eda Mundial del \u00c1rbol 2025, celebrado el 28 de junio, es mucho m\u00e1s que una efem\u00e9ride, es una invitaci\u00f3n global para reconectar con la...","robots":{"index":"index","follow":"follow","max-snippet":"max-snippet:-1","max-image-preview":"max-image-preview:large","max-video-preview":"max-video-preview:-1"},"canonical":"https:\/\/rafaramirez.org\/blog\/index.php\/2025\/06\/28\/dia-mundial-del-arbol-2025\/","og_locale":"es_ES","og_type":"article","og_title":"D\u00eda Mundial del \u00c1rbol 2025, protegiendo la salud y el futuro de nuestro planeta. - Blog de Rafael Ram\u00edrez","og_description":"El D\u00eda Mundial del \u00c1rbol 2025, celebrado el 28 de junio, es mucho m\u00e1s que una efem\u00e9ride, es una invitaci\u00f3n global para reconectar con la...","og_url":"https:\/\/rafaramirez.org\/blog\/index.php\/2025\/06\/28\/dia-mundial-del-arbol-2025\/","og_site_name":"Blog de Rafael Ram\u00edrez","article_published_time":"2025-06-28T06:00:22+00:00","og_image":[{"width":720,"height":440,"url":"https:\/\/rafaramirez.org\/blog\/wp-content\/uploads\/2025\/06\/Dia-Mundial-del-Arbol-2025_bannerlog.jpg","type":"image\/jpeg"}],"author":"Documentaci\u00f3n e investigaci\u00f3n","twitter_card":"summary_large_image","twitter_site":"@rafaramirez_ok","twitter_misc":{"Escrito por":"Documentaci\u00f3n e investigaci\u00f3n","Tiempo de lectura":"4 minutos"},"schema":{"@context":"https:\/\/schema.org","@graph":[{"@type":"Article","@id":"https:\/\/rafaramirez.org\/blog\/index.php\/2025\/06\/28\/dia-mundial-del-arbol-2025\/#article","isPartOf":{"@id":"https:\/\/rafaramirez.org\/blog\/index.php\/2025\/06\/28\/dia-mundial-del-arbol-2025\/"},"author":{"name":"Documentaci\u00f3n e investigaci\u00f3n","@id":"https:\/\/rafaramirez.org\/blog\/#\/schema\/person\/8debd05b3d9a1d16fb21af726811617d"},"headline":"D\u00eda Mundial del \u00c1rbol 2025, protegiendo la salud y el futuro de nuestro planeta.","datePublished":"2025-06-28T06:00:22+00:00","mainEntityOfPage":{"@id":"https:\/\/rafaramirez.org\/blog\/index.php\/2025\/06\/28\/dia-mundial-del-arbol-2025\/"},"wordCount":660,"commentCount":0,"publisher":{"@id":"https:\/\/rafaramirez.org\/blog\/#\/schema\/person\/50f43b6d60c578760d4c17bda54ab6a5"},"image":{"@id":"https:\/\/rafaramirez.org\/blog\/index.php\/2025\/06\/28\/dia-mundial-del-arbol-2025\/#primaryimage"},"thumbnailUrl":"https:\/\/rafaramirez.org\/blog\/wp-content\/uploads\/2025\/06\/Dia-Mundial-del-Arbol-2025_bannerlog.jpg","keywords":["1969","28 de junio","Congreso Forestal Mundial","Consume productos sostenibles","Contribuyen al bienestar","Cuida los \u00e1rboles existentes","D\u00eda del \u00c1rbol","D\u00eda Mundial del \u00c1rbol","efem\u00e9rides","efem\u00e9rides 2025","efem\u00e9rides de junio","Generaci\u00f3n de agua","H\u00e1bitat para la biodiversidad","Inf\u00f3rmate y sensibiliza","Mitigaci\u00f3n del cambio clim\u00e1tico","Mitigaci\u00f3n del efecto invernadero","Planta un \u00e1rbol","Producci\u00f3n de ox\u00edgeno","Protecci\u00f3n del suelo","Reduce tu huella de carbono","Regulaci\u00f3n clim\u00e1tica","Roma"],"articleSection":["Efem\u00e9rides"],"inLanguage":"es","potentialAction":[{"@type":"CommentAction","name":"Comment","target":["https:\/\/rafaramirez.org\/blog\/index.php\/2025\/06\/28\/dia-mundial-del-arbol-2025\/#respond"]}]},{"@type":"WebPage","@id":"https:\/\/rafaramirez.org\/blog\/index.php\/2025\/06\/28\/dia-mundial-del-arbol-2025\/","url":"https:\/\/rafaramirez.org\/blog\/index.php\/2025\/06\/28\/dia-mundial-del-arbol-2025\/","name":"D\u00eda Mundial del \u00c1rbol 2025, protegiendo la salud y el futuro de nuestro planeta. - Blog de Rafael Ram\u00edrez","isPartOf":{"@id":"https:\/\/rafaramirez.org\/blog\/#website"},"primaryImageOfPage":{"@id":"https:\/\/rafaramirez.org\/blog\/index.php\/2025\/06\/28\/dia-mundial-del-arbol-2025\/#primaryimage"},"image":{"@id":"https:\/\/rafaramirez.org\/blog\/index.php\/2025\/06\/28\/dia-mundial-del-arbol-2025\/#primaryimage"},"thumbnailUrl":"https:\/\/rafaramirez.org\/blog\/wp-content\/uploads\/2025\/06\/Dia-Mundial-del-Arbol-2025_bannerlog.jpg","datePublished":"2025-06-28T06:00:22+00:00","description":"El D\u00eda Mundial del \u00c1rbol 2025, celebrado el 28 de junio, es mucho m\u00e1s que una efem\u00e9ride, es una invitaci\u00f3n global para reconectar con la...","breadcrumb":{"@id":"https:\/\/rafaramirez.org\/blog\/index.php\/2025\/06\/28\/dia-mundial-del-arbol-2025\/#breadcrumb"},"inLanguage":"es","potentialAction":[{"@type":"ReadAction","target":["https:\/\/rafaramirez.org\/blog\/index.php\/2025\/06\/28\/dia-mundial-del-arbol-2025\/"]}]},{"@type":"ImageObject","inLanguage":"es","@id":"https:\/\/rafaramirez.org\/blog\/index.php\/2025\/06\/28\/dia-mundial-del-arbol-2025\/#primaryimage","url":"https:\/\/rafaramirez.org\/blog\/wp-content\/uploads\/2025\/06\/Dia-Mundial-del-Arbol-2025_bannerlog.jpg","contentUrl":"https:\/\/rafaramirez.org\/blog\/wp-content\/uploads\/2025\/06\/Dia-Mundial-del-Arbol-2025_bannerlog.jpg","width":720,"height":440,"caption":"D\u00eda Mundial del \u00c1rbol 2025 - 28 de junio . Blog de Rafael Ram\u00edrez."},{"@type":"BreadcrumbList","@id":"https:\/\/rafaramirez.org\/blog\/index.php\/2025\/06\/28\/dia-mundial-del-arbol-2025\/#breadcrumb","itemListElement":[{"@type":"ListItem","position":1,"name":"Portada","item":"https:\/\/rafaramirez.org\/blog\/"},{"@type":"ListItem","position":2,"name":"D\u00eda Mundial del \u00c1rbol 2025, protegiendo la salud y el futuro de nuestro planeta."}]},{"@type":"WebSite","@id":"https:\/\/rafaramirez.org\/blog\/#website","url":"https:\/\/rafaramirez.org\/blog\/","name":"Blog de Rafael Ram\u00edrez","description":"Un sitio social, de arte y cultura","publisher":{"@id":"https:\/\/rafaramirez.org\/blog\/#\/schema\/person\/50f43b6d60c578760d4c17bda54ab6a5"},"potentialAction":[{"@type":"SearchAction","target":{"@type":"EntryPoint","urlTemplate":"https:\/\/rafaramirez.org\/blog\/?s={search_term_string}"},"query-input":{"@type":"PropertyValueSpecification","valueRequired":true,"valueName":"search_term_string"}}],"inLanguage":"es"},{"@type":["Person","Organization"],"@id":"https:\/\/rafaramirez.org\/blog\/#\/schema\/person\/50f43b6d60c578760d4c17bda54ab6a5","name":"Rafael Ram\u00edrez","image":{"@type":"ImageObject","inLanguage":"es","@id":"https:\/\/rafaramirez.org\/blog\/wp-content\/uploads\/2024\/09\/RR_socialnetwork.jpg","url":"https:\/\/rafaramirez.org\/blog\/wp-content\/uploads\/2024\/09\/RR_socialnetwork.jpg","contentUrl":"https:\/\/rafaramirez.org\/blog\/wp-content\/uploads\/2024\/09\/RR_socialnetwork.jpg","width":600,"height":606,"caption":"Rafael Ram\u00edrez"},"logo":{"@id":"https:\/\/rafaramirez.org\/blog\/wp-content\/uploads\/2024\/09\/RR_socialnetwork.jpg"},"sameAs":["https:\/\/www.rafaramirez.org\/blog","https:\/\/www.instagram.com\/rafaramirez_ok\/","https:\/\/es.pinterest.com\/Ramirez_Rafa\/","https:\/\/x.com\/rafaramirez_ok"]},{"@type":"Person","@id":"https:\/\/rafaramirez.org\/blog\/#\/schema\/person\/8debd05b3d9a1d16fb21af726811617d","name":"Documentaci\u00f3n e investigaci\u00f3n","image":{"@type":"ImageObject","inLanguage":"es","@id":"https:\/\/secure.gravatar.com\/avatar\/fe70e496579a39c7a8fc4982b89275403b1092eb200623138a32daada9416911?s=96&d=mm&r=g","url":"https:\/\/secure.gravatar.com\/avatar\/fe70e496579a39c7a8fc4982b89275403b1092eb200623138a32daada9416911?s=96&d=mm&r=g","contentUrl":"https:\/\/secure.gravatar.com\/avatar\/fe70e496579a39c7a8fc4982b89275403b1092eb200623138a32daada9416911?s=96&d=mm&r=g","caption":"Documentaci\u00f3n e investigaci\u00f3n"},"url":"https:\/\/rafaramirez.org\/blog\/index.php\/author\/admin\/"}]}},"jetpack_publicize_connections":[],"jetpack_sharing_enabled":true,"jetpack_likes_enabled":true,"jetpack_featured_media_url":"https:\/\/rafaramirez.org\/blog\/wp-content\/uploads\/2025\/06\/Dia-Mundial-del-Arbol-2025_bannerlog.jpg","_links":{"self":[{"href":"https:\/\/rafaramirez.org\/blog\/index.php\/wp-json\/wp\/v2\/posts\/9613","targetHints":{"allow":["GET"]}}],"collection":[{"href":"https:\/\/rafaramirez.org\/blog\/index.php\/wp-json\/wp\/v2\/posts"}],"about":[{"href":"https:\/\/rafaramirez.org\/blog\/index.php\/wp-json\/wp\/v2\/types\/post"}],"author":[{"embeddable":true,"href":"https:\/\/rafaramirez.org\/blog\/index.php\/wp-json\/wp\/v2\/users\/3"}],"replies":[{"embeddable":true,"href":"https:\/\/rafaramirez.org\/blog\/index.php\/wp-json\/wp\/v2\/comments?post=9613"}],"version-history":[{"count":7,"href":"https:\/\/rafaramirez.org\/blog\/index.php\/wp-json\/wp\/v2\/posts\/9613\/revisions"}],"predecessor-version":[{"id":9615,"href":"https:\/\/rafaramirez.org\/blog\/index.php\/wp-json\/wp\/v2\/posts\/9613\/revisions\/9615"}],"wp:featuredmedia":[{"embeddable":true,"href":"https:\/\/rafaramirez.org\/blog\/index.php\/wp-json\/wp\/v2\/media\/9618"}],"wp:attachment":[{"href":"https:\/\/rafaramirez.org\/blog\/index.php\/wp-json\/wp\/v2\/media?parent=9613"}],"wp:term":[{"taxonomy":"category","embeddable":true,"href":"https:\/\/rafaramirez.org\/blog\/index.php\/wp-json\/wp\/v2\/categories?post=9613"},{"taxonomy":"post_tag","embeddable":true,"href":"https:\/\/rafaramirez.org\/blog\/index.php\/wp-json\/wp\/v2\/tags?post=9613"}],"curies":[{"name":"wp","href":"https:\/\/api.w.org\/{rel}","templated":true}]}}