{"id":9529,"date":"2025-06-21T08:00:23","date_gmt":"2025-06-21T06:00:23","guid":{"rendered":"https:\/\/rafaramirez.org\/blog\/?p=9529"},"modified":"2025-06-03T14:00:15","modified_gmt":"2025-06-03T12:00:15","slug":"solsticio-de-verano","status":"publish","type":"post","link":"https:\/\/rafaramirez.org\/blog\/index.php\/2025\/06\/21\/solsticio-de-verano\/","title":{"rendered":"Luz y Renovaci\u00f3n: Celebrando el Solsticio de Verano y el D\u00eda Internacional del Sol."},"content":{"rendered":"<p>El solsticio de verano marca el d\u00eda en que el hemisferio norte recibe la mayor cantidad de luz solar, por lo que es el d\u00eda m\u00e1s largo del a\u00f1o. Este fen\u00f3meno se debe a la inclinaci\u00f3n del eje terrestre, que durante esta \u00e9poca orienta nuestro hemisferio hacia el Sol. M\u00e1s all\u00e1 de su impacto f\u00edsico y clim\u00e1tico, este evento ha sido reconocido y celebrado por diversas culturas a lo largo de la historia, simbolizando la fertilidad de la tierra, la renovaci\u00f3n y la llegada de tiempos de abundancia.<\/p>\n<p>El solsticio de verano se produce debido a la inclinaci\u00f3n axial de la Tierra. Aqu\u00ed est\u00e1 la explicaci\u00f3n:<\/p>\n<ol>\n<li>La Tierra gira alrededor del Sol en una \u00f3rbita el\u00edptica. Su eje de rotaci\u00f3n no es perpendicular al plano de la \u00f3rbita, sino que est\u00e1 inclinado aproximadamente 23,5 grados.<\/li>\n<li>Durante el solsticio de verano en el hemisferio norte (alrededor del 21 de junio), el Polo Norte est\u00e1 orientado hacia el Sol. Esto significa que los rayos solares llegan m\u00e1s directamente al hemisferio norte, lo que crea d\u00edas m\u00e1s largos y noches m\u00e1s cortas.<\/li>\n<li>En el solsticio de invierno (alrededor del 21 de diciembre), el Polo Norte est\u00e1 inclinado lejos del Sol, por lo que los d\u00edas son m\u00e1s cortos y las noches m\u00e1s largas en el hemisferio norte.<\/li>\n<\/ol>\n<figure id=\"attachment_4807\" aria-describedby=\"caption-attachment-4807\" style=\"width: 500px\" class=\"wp-caption aligncenter\"><a href=\"https:\/\/rafaramirez.org\/blog\/wp-content\/uploads\/2024\/06\/Sol-Tierra-Sol-Eje.jpg\" target=\"_blank\" rel=\"noopener\"><img loading=\"lazy\" decoding=\"async\" class=\"wp-image-4807 size-full\" src=\"https:\/\/rafaramirez.org\/blog\/wp-content\/uploads\/2024\/06\/Sol-Tierra-Sol-Eje.jpg\" alt=\"Eje y plano de la Tierra y el Sol. Blog de Rafael Ram\u00edrez.\" width=\"500\" height=\"280\" srcset=\"https:\/\/rafaramirez.org\/blog\/wp-content\/uploads\/2024\/06\/Sol-Tierra-Sol-Eje.jpg 500w, https:\/\/rafaramirez.org\/blog\/wp-content\/uploads\/2024\/06\/Sol-Tierra-Sol-Eje-300x168.jpg 300w\" sizes=\"auto, (max-width: 500px) 100vw, 500px\" \/><\/a><figcaption id=\"caption-attachment-4807\" class=\"wp-caption-text\">Solsticio de Verano 21 de junio. Efem\u00e9rides. Blog de Rafael Ram\u00edrez.<\/figcaption><\/figure>\n<p>Simult\u00e1neamente, el 21 de junio se celebra el D\u00eda Internacional del Sol para honrar la importancia de esta estrella vital y reconocer su papel fundamental en la existencia de la vida en nuestro planeta. Esta jornada no solo destaca la influencia del Sol en la naturaleza, como en el crecimiento de los cultivos y la regulaci\u00f3n de los ciclos ecol\u00f3gicos, sino que tambi\u00e9n se utiliza para concienciar sobre el aprovechamiento de energ\u00edas renovables y la protecci\u00f3n del medio ambiente. La iniciativa, respaldada incluso por organismos internacionales, destaca el papel fundamental del Sol como parte esencial del patrimonio cultural y natural de la humanidad.<\/p>\n<p>A pesar de provenir de contextos distintos \u2014uno astron\u00f3mico y el otro de conciencia ambiental y cultural\u2014, ambas celebraciones invitan a una reflexi\u00f3n profunda sobre la manera en que la luz y el calor determinan nuestra vida diaria. Adem\u00e1s de ser un momento para admirar la majestuosidad del cosmos, estos d\u00edas nos invitan a reconectar con la naturaleza, a disfrutar de la calidez del sol y a valorar su contribuci\u00f3n imprescindible a la vida, la salud y el bienestar emocional.<\/p>\n<p>Desde una perspectiva personal, puedes imaginar disfrutar de un d\u00eda \u00fanico en M\u00e1laga, sintiendo la luz tan caracter\u00edstica del verano andaluz, y sabiendo que est\u00e1s en sinton\u00eda con una tradici\u00f3n milenaria que celebra la fuerza de la vida. \u00bfTe has preguntado alguna vez c\u00f3mo la luz solar influye en tu estado de \u00e1nimo o en tu conexi\u00f3n con el entorno? Investigar estas interrelaciones no solo te permitir\u00e1 comprender las maravillas del universo, sino tambi\u00e9n c\u00f3mo la naturaleza y nuestras tradiciones se entrelazan para formar una experiencia humana \u00fanica y profundamente enriquecedora.<\/p>\n<h3>Celebraci\u00f3n del solsticio de verano.<\/h3>\n<p>La forma de celebrarlo var\u00eda seg\u00fan las culturas y tradiciones de todo el mundo. A continuaci\u00f3n se muestran algunas de las formas en que se celebra:<\/p>\n<ol>\n<li><strong>Fiesta de San Juan (Noche de San Juan)<\/strong>:\n<ul>\n<li>En Espa\u00f1a y otros pa\u00edses de habla hispana, la\u00a0<strong>Noche de San Juan<\/strong> se celebra la v\u00edspera del solsticio de verano, el 23 de junio.<\/li>\n<li>Las personas se re\u00fanen en playas, encienden hogueras y saltan sobre ellas para purificarse y alejar las malas energ\u00edas.<\/li>\n<li>Tambi\u00e9n es com\u00fan ba\u00f1arse en el mar a medianoche para atraer la buena suerte.\n<p><figure id=\"attachment_4802\" aria-describedby=\"caption-attachment-4802\" style=\"width: 225px\" class=\"wp-caption aligncenter\"><a href=\"https:\/\/rafaramirez.org\/blog\/wp-content\/uploads\/2024\/06\/solsticio_verano_2.jpg\" target=\"_blank\" rel=\"noopener\"><img loading=\"lazy\" decoding=\"async\" class=\"wp-image-4802 size-medium\" src=\"https:\/\/rafaramirez.org\/blog\/wp-content\/uploads\/2024\/06\/solsticio_verano_2-225x300.jpg\" alt=\"21 de junio Solsticio de Verano. Blog de Rafael Ram\u00edrez.\" width=\"225\" height=\"300\" srcset=\"https:\/\/rafaramirez.org\/blog\/wp-content\/uploads\/2024\/06\/solsticio_verano_2-225x300.jpg 225w, https:\/\/rafaramirez.org\/blog\/wp-content\/uploads\/2024\/06\/solsticio_verano_2-768x1024.jpg 768w, https:\/\/rafaramirez.org\/blog\/wp-content\/uploads\/2024\/06\/solsticio_verano_2-1152x1536.jpg 1152w, https:\/\/rafaramirez.org\/blog\/wp-content\/uploads\/2024\/06\/solsticio_verano_2.jpg 1440w\" sizes=\"auto, (max-width: 225px) 100vw, 225px\" \/><\/a><figcaption id=\"caption-attachment-4802\" class=\"wp-caption-text\"><strong>Noche de San Juan. <\/strong>Solsticio de Verano 21 de junio. Efem\u00e9rides. Blog de Rafael Ram\u00edrez.<\/figcaption><\/figure><\/li>\n<\/ul>\n<\/li>\n<li><strong>Festival de Midsummer<\/strong>:\n<ul>\n<li>En Escandinavia (Suecia, Noruega, Dinamarca y Finlandia), el d\u00eda de<strong> San Juan<\/strong>\u00a0o\u00a0<strong>Festival de Midsummer<\/strong>\u00a0es una celebraci\u00f3n importante.<\/li>\n<li>La gente se viste con trajes tradicionales, baila alrededor de un poste de mayo (similar a un poste de la victoria) y disfruta de banquetes al aire libre.<\/li>\n<\/ul>\n<\/li>\n<li><strong>Inti Raymi<\/strong>:\n<ul>\n<li>En Per\u00fa, el\u00a0<strong>Inti Raymi<\/strong>\u00a0es una antigua festividad inca que se celebra alrededor del solsticio de invierno en el hemisferio sur (21 de junio).<\/li>\n<li>Es una ceremonia en honor al dios Sol (Inti) que incluye danzas, m\u00fasica y ofrendas.<\/li>\n<\/ul>\n<\/li>\n<li><strong>Stonehenge<\/strong>:\n<ul>\n<li>En el Reino Unido, miles de personas se re\u00fanen en\u00a0<strong>Stonehenge<\/strong>\u00a0para presenciar el amanecer en el solsticio de verano.<\/li>\n<li>Stonehenge es un antiguo monumento de piedra que est\u00e1 alineado con el solsticio.<\/li>\n<\/ul>\n<\/li>\n<\/ol>\n<p>Estas son solo algunas de las muchas formas en que se celebra el solsticio de verano en diferentes partes del mundo. Cada cultura tiene sus propias tradiciones y creencias asociadas a este evento astron\u00f3mico.<\/p>\n<figure id=\"attachment_4803\" aria-describedby=\"caption-attachment-4803\" style=\"width: 300px\" class=\"wp-caption aligncenter\"><a href=\"https:\/\/rafaramirez.org\/blog\/wp-content\/uploads\/2024\/06\/solsticio_verano_3.jpg\" target=\"_blank\" rel=\"noopener\"><img loading=\"lazy\" decoding=\"async\" class=\"wp-image-4803 size-medium\" src=\"https:\/\/rafaramirez.org\/blog\/wp-content\/uploads\/2024\/06\/solsticio_verano_3-300x200.jpg\" alt=\"21 de junio Solsticio de Verano. Blog de Rafael Ram\u00edrez.\" width=\"300\" height=\"200\" srcset=\"https:\/\/rafaramirez.org\/blog\/wp-content\/uploads\/2024\/06\/solsticio_verano_3-300x200.jpg 300w, https:\/\/rafaramirez.org\/blog\/wp-content\/uploads\/2024\/06\/solsticio_verano_3-1024x683.jpg 1024w, https:\/\/rafaramirez.org\/blog\/wp-content\/uploads\/2024\/06\/solsticio_verano_3-768x512.jpg 768w, https:\/\/rafaramirez.org\/blog\/wp-content\/uploads\/2024\/06\/solsticio_verano_3-1536x1024.jpg 1536w, https:\/\/rafaramirez.org\/blog\/wp-content\/uploads\/2024\/06\/solsticio_verano_3.jpg 1920w\" sizes=\"auto, (max-width: 300px) 100vw, 300px\" \/><\/a><figcaption id=\"caption-attachment-4803\" class=\"wp-caption-text\"><strong>Stonehenge. <\/strong>Solsticio de Verano 21 de junio. Efem\u00e9rides. Blog de Rafael Ram\u00edrez.<\/figcaption><\/figure>\n<p>En resumen, el Solsticio de Verano y el D\u00eda Internacional del Sol son fundamentales porque marcan el punto \u00e1lgido de la luz del a\u00f1o para el hemisferio norte. En este d\u00eda se alcanza la m\u00e1xima presencia solar, lo que no solo se traduce en calor y d\u00edas largos, ideales para la agricultura y el crecimiento de la vida, sino que tambi\u00e9n simboliza la abundancia, la renovaci\u00f3n y la esperanza. La celebraci\u00f3n de este d\u00eda es una tradici\u00f3n milenaria que conecta a la humanidad con los ritmos de la naturaleza.<\/p>\n<p>Desde un punto de vista cultural y emocional, este d\u00eda nos invita a reconectar con la fuente primaria de energ\u00eda que sustenta la vida en nuestro planeta. La luz solar, que impulsa la producci\u00f3n de serotonina y mejora nuestro estado de \u00e1nimo, nos recuerda la importancia de cuidar y aprovechar nuestros recursos naturales de manera responsable. Celebrar este d\u00eda es un homenaje a nuestro patrimonio ancestral y una invitaci\u00f3n a adoptar pr\u00e1cticas m\u00e1s ecol\u00f3gicas y sostenibles que promuevan una visi\u00f3n de futuro en armon\u00eda con el entorno.<\/p>\n<p>M\u00e1s informaci\u00f3n:<\/p>\n<ul>\n<li><a href=\"https:\/\/www.un.org\/es\/observances\/solstice-day\" target=\"_blank\" rel=\"noopener\">D\u00eda Internacional de la Celebraci\u00f3n del Solsticio | Naciones Unidas<\/a>.<\/li>\n<li><a href=\"https:\/\/www.ecologiaverde.com\/dia-internacional-del-sol-cuando-es-y-por-que-se-celebra-1416.html\" target=\"_blank\" rel=\"noopener\">D\u00eda Internacional del Sol: cu\u00e1ndo es y por qu\u00e9 se celebra &#8211; Ecolog\u00eda Verde<\/a>.<\/li>\n<li><a href=\"https:\/\/www.meteored.mx\/noticias\/actualidad\/inicia-el-solsticio-de-verano-2023-y-celebramos-el-dia-internacional-del-sol-tierra-noticia-zona-estaciones-astronomia.html\" target=\"_blank\" rel=\"noopener\">Meteored.mx<\/a><\/li>\n<li><a href=\"https:\/\/psicologiabadajoz.com\/blog\/como-influye-el-clima-en-nuestras-emociones\" target=\"_blank\" rel=\"noopener\">C\u00f3mo influye el clima en nuestras emociones- Psicolog\u00eda Badajoz.<\/a><\/li>\n<li><a href=\"https:\/\/rafaramirez.org\/blog\/index.php\/category\/arte\/efemerides\/\" target=\"_blank\" rel=\"noopener\">Otras efem\u00e9rides<\/a>.<\/li>\n<\/ul>\n","protected":false},"excerpt":{"rendered":"<p>El solsticio de verano marca el d\u00eda en que el hemisferio norte recibe la mayor cantidad de luz solar, por lo que es el d\u00eda m\u00e1s largo del a\u00f1o. Este fen\u00f3meno se debe a la inclinaci\u00f3n del eje terrestre, que durante esta \u00e9poca orienta nuestro hemisferio hacia el Sol. M\u00e1s all\u00e1 de su impacto f\u00edsico [&hellip;]<\/p>\n","protected":false},"author":1,"featured_media":9534,"comment_status":"open","ping_status":"closed","sticky":false,"template":"","format":"standard","meta":{"site-container-style":"default","site-container-layout":"default","site-sidebar-layout":"default","disable-article-header":"default","disable-site-header":"default","disable-site-footer":"default","disable-content-area-spacing":"default","_jetpack_newsletter_access":"","_jetpack_dont_email_post_to_subs":false,"_jetpack_newsletter_tier_id":0,"_jetpack_memberships_contains_paywalled_content":false,"_jetpack_feature_clip_id":0,"_jetpack_memberships_contains_paid_content":false,"footnotes":"","jetpack_publicize_message":"","jetpack_publicize_feature_enabled":true,"jetpack_social_post_already_shared":true,"jetpack_social_options":{"image_generator_settings":{"template":"highway","default_image_id":0,"font":"","enabled":false},"version":2},"jetpack_post_was_ever_published":false},"categories":[1291],"tags":[2455,2469,2456,2466,2467,1323,2463,2461,2459,1738,2458,2468,2462,309,2460,2465,2470,362,1216,2457,2471,2464],"class_list":["post-9529","post","type-post","status-publish","format-standard","has-post-thumbnail","hentry","category-efemerides","tag-21-de-junio-solsticio-de-verano","tag-danzas","tag-dia-internacional-del-sol","tag-dinamarca","tag-dios-sol","tag-efemerides","tag-escandinavia","tag-festival-de-midsummer","tag-fiesta-de-san-juan","tag-finlandia","tag-inclinacion-axial-de-la-tierra","tag-inti","tag-inti-raymi","tag-musica","tag-noche-de-san-juan","tag-noruega","tag-ofrendas","tag-peru","tag-reino-unido","tag-solsticio-de-verano","tag-stonehenge","tag-suecia"],"yoast_head":"<!-- This site is optimized with the Yoast SEO plugin v28.4 - https:\/\/yoast.com\/product\/yoast-seo-wordpress\/ -->\n<title>Luz y Renovaci\u00f3n: Celebrando el Solsticio de Verano y el D\u00eda Internacional del Sol. - Blog de Rafael Ram\u00edrez<\/title>\n<meta name=\"description\" content=\"El solsticio de verano marca el d\u00eda en que el hemisferio norte recibe la mayor cantidad de luz solar, por lo que es el d\u00eda m\u00e1s largo del a\u00f1o.\" \/>\n<meta name=\"robots\" content=\"index, follow, max-snippet:-1, max-image-preview:large, max-video-preview:-1\" \/>\n<link rel=\"canonical\" href=\"https:\/\/rafaramirez.org\/blog\/index.php\/2025\/06\/21\/solsticio-de-verano\/\" \/>\n<meta property=\"og:locale\" content=\"es_ES\" \/>\n<meta property=\"og:type\" content=\"article\" \/>\n<meta property=\"og:title\" content=\"Luz y Renovaci\u00f3n: Celebrando el Solsticio de Verano y el D\u00eda Internacional del Sol. - Blog de Rafael Ram\u00edrez\" \/>\n<meta property=\"og:description\" content=\"El solsticio de verano marca el d\u00eda en que el hemisferio norte recibe la mayor cantidad de luz solar, por lo que es el d\u00eda m\u00e1s largo del a\u00f1o.\" \/>\n<meta property=\"og:url\" content=\"https:\/\/rafaramirez.org\/blog\/index.php\/2025\/06\/21\/solsticio-de-verano\/\" \/>\n<meta property=\"og:site_name\" content=\"Blog de Rafael Ram\u00edrez\" \/>\n<meta property=\"article:published_time\" content=\"2025-06-21T06:00:23+00:00\" \/>\n<meta property=\"og:image\" content=\"https:\/\/rafaramirez.org\/blog\/wp-content\/uploads\/2025\/06\/Solsticio-de-Verano_bannerblog.jpg\" \/>\n\t<meta property=\"og:image:width\" content=\"720\" \/>\n\t<meta property=\"og:image:height\" content=\"440\" \/>\n\t<meta property=\"og:image:type\" content=\"image\/jpeg\" \/>\n<meta name=\"author\" content=\"Rafael Ram\u00edrez\" \/>\n<meta name=\"twitter:card\" content=\"summary_large_image\" \/>\n<meta name=\"twitter:creator\" content=\"@rafaramirez_ok\" \/>\n<meta name=\"twitter:site\" content=\"@rafaramirez_ok\" \/>\n<meta name=\"twitter:label1\" content=\"Escrito por\" \/>\n\t<meta name=\"twitter:data1\" content=\"Rafael Ram\u00edrez\" \/>\n\t<meta name=\"twitter:label2\" content=\"Tiempo de lectura\" \/>\n\t<meta name=\"twitter:data2\" content=\"6 minutos\" \/>\n<script type=\"application\/ld+json\" class=\"yoast-schema-graph\">{\"@context\":\"https:\\\/\\\/schema.org\",\"@graph\":[{\"@type\":\"Article\",\"@id\":\"https:\\\/\\\/rafaramirez.org\\\/blog\\\/index.php\\\/2025\\\/06\\\/21\\\/solsticio-de-verano\\\/#article\",\"isPartOf\":{\"@id\":\"https:\\\/\\\/rafaramirez.org\\\/blog\\\/index.php\\\/2025\\\/06\\\/21\\\/solsticio-de-verano\\\/\"},\"author\":{\"name\":\"Rafael Ram\u00edrez\",\"@id\":\"https:\\\/\\\/rafaramirez.org\\\/blog\\\/#\\\/schema\\\/person\\\/50f43b6d60c578760d4c17bda54ab6a5\"},\"headline\":\"Luz y Renovaci\u00f3n: Celebrando el Solsticio de Verano y el D\u00eda Internacional del Sol.\",\"datePublished\":\"2025-06-21T06:00:23+00:00\",\"mainEntityOfPage\":{\"@id\":\"https:\\\/\\\/rafaramirez.org\\\/blog\\\/index.php\\\/2025\\\/06\\\/21\\\/solsticio-de-verano\\\/\"},\"wordCount\":1122,\"commentCount\":0,\"publisher\":{\"@id\":\"https:\\\/\\\/rafaramirez.org\\\/blog\\\/#\\\/schema\\\/person\\\/50f43b6d60c578760d4c17bda54ab6a5\"},\"image\":{\"@id\":\"https:\\\/\\\/rafaramirez.org\\\/blog\\\/index.php\\\/2025\\\/06\\\/21\\\/solsticio-de-verano\\\/#primaryimage\"},\"thumbnailUrl\":\"https:\\\/\\\/rafaramirez.org\\\/blog\\\/wp-content\\\/uploads\\\/2025\\\/06\\\/Solsticio-de-Verano_bannerblog.jpg\",\"keywords\":[\"21 de junio Solsticio de Verano\",\"danzas\",\"D\u00eda Internacional del Sol\",\"Dinamarca\",\"dios Sol\",\"efem\u00e9rides\",\"Escandinavia\",\"Festival de Midsummer\",\"Fiesta de San Juan\",\"Finlandia\",\"inclinaci\u00f3n axial de la Tierra\",\"Inti\",\"Inti Raymi\",\"M\u00fasica\",\"Noche de San Juan\",\"Noruega\",\"ofrendas\",\"Per\u00fa\",\"Reino Unido\",\"solsticio de verano\",\"Stonehenge\",\"Suecia\"],\"articleSection\":[\"Efem\u00e9rides\"],\"inLanguage\":\"es\",\"potentialAction\":[{\"@type\":\"CommentAction\",\"name\":\"Comment\",\"target\":[\"https:\\\/\\\/rafaramirez.org\\\/blog\\\/index.php\\\/2025\\\/06\\\/21\\\/solsticio-de-verano\\\/#respond\"]}]},{\"@type\":\"WebPage\",\"@id\":\"https:\\\/\\\/rafaramirez.org\\\/blog\\\/index.php\\\/2025\\\/06\\\/21\\\/solsticio-de-verano\\\/\",\"url\":\"https:\\\/\\\/rafaramirez.org\\\/blog\\\/index.php\\\/2025\\\/06\\\/21\\\/solsticio-de-verano\\\/\",\"name\":\"Luz y Renovaci\u00f3n: Celebrando el Solsticio de Verano y el D\u00eda Internacional del Sol. - Blog de Rafael Ram\u00edrez\",\"isPartOf\":{\"@id\":\"https:\\\/\\\/rafaramirez.org\\\/blog\\\/#website\"},\"primaryImageOfPage\":{\"@id\":\"https:\\\/\\\/rafaramirez.org\\\/blog\\\/index.php\\\/2025\\\/06\\\/21\\\/solsticio-de-verano\\\/#primaryimage\"},\"image\":{\"@id\":\"https:\\\/\\\/rafaramirez.org\\\/blog\\\/index.php\\\/2025\\\/06\\\/21\\\/solsticio-de-verano\\\/#primaryimage\"},\"thumbnailUrl\":\"https:\\\/\\\/rafaramirez.org\\\/blog\\\/wp-content\\\/uploads\\\/2025\\\/06\\\/Solsticio-de-Verano_bannerblog.jpg\",\"datePublished\":\"2025-06-21T06:00:23+00:00\",\"description\":\"El solsticio de verano marca el d\u00eda en que el hemisferio norte recibe la mayor cantidad de luz solar, por lo que es el d\u00eda m\u00e1s largo del a\u00f1o.\",\"breadcrumb\":{\"@id\":\"https:\\\/\\\/rafaramirez.org\\\/blog\\\/index.php\\\/2025\\\/06\\\/21\\\/solsticio-de-verano\\\/#breadcrumb\"},\"inLanguage\":\"es\",\"potentialAction\":[{\"@type\":\"ReadAction\",\"target\":[\"https:\\\/\\\/rafaramirez.org\\\/blog\\\/index.php\\\/2025\\\/06\\\/21\\\/solsticio-de-verano\\\/\"]}]},{\"@type\":\"ImageObject\",\"inLanguage\":\"es\",\"@id\":\"https:\\\/\\\/rafaramirez.org\\\/blog\\\/index.php\\\/2025\\\/06\\\/21\\\/solsticio-de-verano\\\/#primaryimage\",\"url\":\"https:\\\/\\\/rafaramirez.org\\\/blog\\\/wp-content\\\/uploads\\\/2025\\\/06\\\/Solsticio-de-Verano_bannerblog.jpg\",\"contentUrl\":\"https:\\\/\\\/rafaramirez.org\\\/blog\\\/wp-content\\\/uploads\\\/2025\\\/06\\\/Solsticio-de-Verano_bannerblog.jpg\",\"width\":720,\"height\":440,\"caption\":\"Solsticio de verano, 21 de junio. Efem\u00e9rides. Blog de Rafael Ram\u00edrez.\"},{\"@type\":\"BreadcrumbList\",\"@id\":\"https:\\\/\\\/rafaramirez.org\\\/blog\\\/index.php\\\/2025\\\/06\\\/21\\\/solsticio-de-verano\\\/#breadcrumb\",\"itemListElement\":[{\"@type\":\"ListItem\",\"position\":1,\"name\":\"Portada\",\"item\":\"https:\\\/\\\/rafaramirez.org\\\/blog\\\/\"},{\"@type\":\"ListItem\",\"position\":2,\"name\":\"Luz y Renovaci\u00f3n: Celebrando el Solsticio de Verano y el D\u00eda Internacional del Sol.\"}]},{\"@type\":\"WebSite\",\"@id\":\"https:\\\/\\\/rafaramirez.org\\\/blog\\\/#website\",\"url\":\"https:\\\/\\\/rafaramirez.org\\\/blog\\\/\",\"name\":\"Blog de Rafael Ram\u00edrez\",\"description\":\"Un sitio social, de arte y cultura\",\"publisher\":{\"@id\":\"https:\\\/\\\/rafaramirez.org\\\/blog\\\/#\\\/schema\\\/person\\\/50f43b6d60c578760d4c17bda54ab6a5\"},\"potentialAction\":[{\"@type\":\"SearchAction\",\"target\":{\"@type\":\"EntryPoint\",\"urlTemplate\":\"https:\\\/\\\/rafaramirez.org\\\/blog\\\/?s={search_term_string}\"},\"query-input\":{\"@type\":\"PropertyValueSpecification\",\"valueRequired\":true,\"valueName\":\"search_term_string\"}}],\"inLanguage\":\"es\"},{\"@type\":[\"Person\",\"Organization\"],\"@id\":\"https:\\\/\\\/rafaramirez.org\\\/blog\\\/#\\\/schema\\\/person\\\/50f43b6d60c578760d4c17bda54ab6a5\",\"name\":\"Rafael Ram\u00edrez\",\"image\":{\"@type\":\"ImageObject\",\"inLanguage\":\"es\",\"@id\":\"https:\\\/\\\/rafaramirez.org\\\/blog\\\/wp-content\\\/uploads\\\/2024\\\/09\\\/RR_socialnetwork.jpg\",\"url\":\"https:\\\/\\\/rafaramirez.org\\\/blog\\\/wp-content\\\/uploads\\\/2024\\\/09\\\/RR_socialnetwork.jpg\",\"contentUrl\":\"https:\\\/\\\/rafaramirez.org\\\/blog\\\/wp-content\\\/uploads\\\/2024\\\/09\\\/RR_socialnetwork.jpg\",\"width\":600,\"height\":606,\"caption\":\"Rafael Ram\u00edrez\"},\"logo\":{\"@id\":\"https:\\\/\\\/rafaramirez.org\\\/blog\\\/wp-content\\\/uploads\\\/2024\\\/09\\\/RR_socialnetwork.jpg\"},\"sameAs\":[\"https:\\\/\\\/www.rafaramirez.org\\\/blog\",\"https:\\\/\\\/www.instagram.com\\\/rafaramirez_ok\\\/\",\"https:\\\/\\\/es.pinterest.com\\\/Ramirez_Rafa\\\/\",\"https:\\\/\\\/x.com\\\/rafaramirez_ok\"],\"url\":\"https:\\\/\\\/rafaramirez.org\\\/blog\\\/index.php\\\/author\\\/rafaell_qm6j97da\\\/\"}]}<\/script>\n<!-- \/ Yoast SEO plugin. -->","yoast_head_json":{"title":"Luz y Renovaci\u00f3n: Celebrando el Solsticio de Verano y el D\u00eda Internacional del Sol. - Blog de Rafael Ram\u00edrez","description":"El solsticio de verano marca el d\u00eda en que el hemisferio norte recibe la mayor cantidad de luz solar, por lo que es el d\u00eda m\u00e1s largo del a\u00f1o.","robots":{"index":"index","follow":"follow","max-snippet":"max-snippet:-1","max-image-preview":"max-image-preview:large","max-video-preview":"max-video-preview:-1"},"canonical":"https:\/\/rafaramirez.org\/blog\/index.php\/2025\/06\/21\/solsticio-de-verano\/","og_locale":"es_ES","og_type":"article","og_title":"Luz y Renovaci\u00f3n: Celebrando el Solsticio de Verano y el D\u00eda Internacional del Sol. - Blog de Rafael Ram\u00edrez","og_description":"El solsticio de verano marca el d\u00eda en que el hemisferio norte recibe la mayor cantidad de luz solar, por lo que es el d\u00eda m\u00e1s largo del a\u00f1o.","og_url":"https:\/\/rafaramirez.org\/blog\/index.php\/2025\/06\/21\/solsticio-de-verano\/","og_site_name":"Blog de Rafael Ram\u00edrez","article_published_time":"2025-06-21T06:00:23+00:00","og_image":[{"width":720,"height":440,"url":"https:\/\/rafaramirez.org\/blog\/wp-content\/uploads\/2025\/06\/Solsticio-de-Verano_bannerblog.jpg","type":"image\/jpeg"}],"author":"Rafael Ram\u00edrez","twitter_card":"summary_large_image","twitter_creator":"@rafaramirez_ok","twitter_site":"@rafaramirez_ok","twitter_misc":{"Escrito por":"Rafael Ram\u00edrez","Tiempo de lectura":"6 minutos"},"schema":{"@context":"https:\/\/schema.org","@graph":[{"@type":"Article","@id":"https:\/\/rafaramirez.org\/blog\/index.php\/2025\/06\/21\/solsticio-de-verano\/#article","isPartOf":{"@id":"https:\/\/rafaramirez.org\/blog\/index.php\/2025\/06\/21\/solsticio-de-verano\/"},"author":{"name":"Rafael Ram\u00edrez","@id":"https:\/\/rafaramirez.org\/blog\/#\/schema\/person\/50f43b6d60c578760d4c17bda54ab6a5"},"headline":"Luz y Renovaci\u00f3n: Celebrando el Solsticio de Verano y el D\u00eda Internacional del Sol.","datePublished":"2025-06-21T06:00:23+00:00","mainEntityOfPage":{"@id":"https:\/\/rafaramirez.org\/blog\/index.php\/2025\/06\/21\/solsticio-de-verano\/"},"wordCount":1122,"commentCount":0,"publisher":{"@id":"https:\/\/rafaramirez.org\/blog\/#\/schema\/person\/50f43b6d60c578760d4c17bda54ab6a5"},"image":{"@id":"https:\/\/rafaramirez.org\/blog\/index.php\/2025\/06\/21\/solsticio-de-verano\/#primaryimage"},"thumbnailUrl":"https:\/\/rafaramirez.org\/blog\/wp-content\/uploads\/2025\/06\/Solsticio-de-Verano_bannerblog.jpg","keywords":["21 de junio Solsticio de Verano","danzas","D\u00eda Internacional del Sol","Dinamarca","dios Sol","efem\u00e9rides","Escandinavia","Festival de Midsummer","Fiesta de San Juan","Finlandia","inclinaci\u00f3n axial de la Tierra","Inti","Inti Raymi","M\u00fasica","Noche de San Juan","Noruega","ofrendas","Per\u00fa","Reino Unido","solsticio de verano","Stonehenge","Suecia"],"articleSection":["Efem\u00e9rides"],"inLanguage":"es","potentialAction":[{"@type":"CommentAction","name":"Comment","target":["https:\/\/rafaramirez.org\/blog\/index.php\/2025\/06\/21\/solsticio-de-verano\/#respond"]}]},{"@type":"WebPage","@id":"https:\/\/rafaramirez.org\/blog\/index.php\/2025\/06\/21\/solsticio-de-verano\/","url":"https:\/\/rafaramirez.org\/blog\/index.php\/2025\/06\/21\/solsticio-de-verano\/","name":"Luz y Renovaci\u00f3n: Celebrando el Solsticio de Verano y el D\u00eda Internacional del Sol. - Blog de Rafael Ram\u00edrez","isPartOf":{"@id":"https:\/\/rafaramirez.org\/blog\/#website"},"primaryImageOfPage":{"@id":"https:\/\/rafaramirez.org\/blog\/index.php\/2025\/06\/21\/solsticio-de-verano\/#primaryimage"},"image":{"@id":"https:\/\/rafaramirez.org\/blog\/index.php\/2025\/06\/21\/solsticio-de-verano\/#primaryimage"},"thumbnailUrl":"https:\/\/rafaramirez.org\/blog\/wp-content\/uploads\/2025\/06\/Solsticio-de-Verano_bannerblog.jpg","datePublished":"2025-06-21T06:00:23+00:00","description":"El solsticio de verano marca el d\u00eda en que el hemisferio norte recibe la mayor cantidad de luz solar, por lo que es el d\u00eda m\u00e1s largo del a\u00f1o.","breadcrumb":{"@id":"https:\/\/rafaramirez.org\/blog\/index.php\/2025\/06\/21\/solsticio-de-verano\/#breadcrumb"},"inLanguage":"es","potentialAction":[{"@type":"ReadAction","target":["https:\/\/rafaramirez.org\/blog\/index.php\/2025\/06\/21\/solsticio-de-verano\/"]}]},{"@type":"ImageObject","inLanguage":"es","@id":"https:\/\/rafaramirez.org\/blog\/index.php\/2025\/06\/21\/solsticio-de-verano\/#primaryimage","url":"https:\/\/rafaramirez.org\/blog\/wp-content\/uploads\/2025\/06\/Solsticio-de-Verano_bannerblog.jpg","contentUrl":"https:\/\/rafaramirez.org\/blog\/wp-content\/uploads\/2025\/06\/Solsticio-de-Verano_bannerblog.jpg","width":720,"height":440,"caption":"Solsticio de verano, 21 de junio. Efem\u00e9rides. Blog de Rafael Ram\u00edrez."},{"@type":"BreadcrumbList","@id":"https:\/\/rafaramirez.org\/blog\/index.php\/2025\/06\/21\/solsticio-de-verano\/#breadcrumb","itemListElement":[{"@type":"ListItem","position":1,"name":"Portada","item":"https:\/\/rafaramirez.org\/blog\/"},{"@type":"ListItem","position":2,"name":"Luz y Renovaci\u00f3n: Celebrando el Solsticio de Verano y el D\u00eda Internacional del Sol."}]},{"@type":"WebSite","@id":"https:\/\/rafaramirez.org\/blog\/#website","url":"https:\/\/rafaramirez.org\/blog\/","name":"Blog de Rafael Ram\u00edrez","description":"Un sitio social, de arte y cultura","publisher":{"@id":"https:\/\/rafaramirez.org\/blog\/#\/schema\/person\/50f43b6d60c578760d4c17bda54ab6a5"},"potentialAction":[{"@type":"SearchAction","target":{"@type":"EntryPoint","urlTemplate":"https:\/\/rafaramirez.org\/blog\/?s={search_term_string}"},"query-input":{"@type":"PropertyValueSpecification","valueRequired":true,"valueName":"search_term_string"}}],"inLanguage":"es"},{"@type":["Person","Organization"],"@id":"https:\/\/rafaramirez.org\/blog\/#\/schema\/person\/50f43b6d60c578760d4c17bda54ab6a5","name":"Rafael Ram\u00edrez","image":{"@type":"ImageObject","inLanguage":"es","@id":"https:\/\/rafaramirez.org\/blog\/wp-content\/uploads\/2024\/09\/RR_socialnetwork.jpg","url":"https:\/\/rafaramirez.org\/blog\/wp-content\/uploads\/2024\/09\/RR_socialnetwork.jpg","contentUrl":"https:\/\/rafaramirez.org\/blog\/wp-content\/uploads\/2024\/09\/RR_socialnetwork.jpg","width":600,"height":606,"caption":"Rafael Ram\u00edrez"},"logo":{"@id":"https:\/\/rafaramirez.org\/blog\/wp-content\/uploads\/2024\/09\/RR_socialnetwork.jpg"},"sameAs":["https:\/\/www.rafaramirez.org\/blog","https:\/\/www.instagram.com\/rafaramirez_ok\/","https:\/\/es.pinterest.com\/Ramirez_Rafa\/","https:\/\/x.com\/rafaramirez_ok"],"url":"https:\/\/rafaramirez.org\/blog\/index.php\/author\/rafaell_qm6j97da\/"}]}},"jetpack_publicize_connections":[],"jetpack_sharing_enabled":true,"jetpack_likes_enabled":true,"jetpack_featured_media_url":"https:\/\/rafaramirez.org\/blog\/wp-content\/uploads\/2025\/06\/Solsticio-de-Verano_bannerblog.jpg","_links":{"self":[{"href":"https:\/\/rafaramirez.org\/blog\/index.php\/wp-json\/wp\/v2\/posts\/9529","targetHints":{"allow":["GET"]}}],"collection":[{"href":"https:\/\/rafaramirez.org\/blog\/index.php\/wp-json\/wp\/v2\/posts"}],"about":[{"href":"https:\/\/rafaramirez.org\/blog\/index.php\/wp-json\/wp\/v2\/types\/post"}],"author":[{"embeddable":true,"href":"https:\/\/rafaramirez.org\/blog\/index.php\/wp-json\/wp\/v2\/users\/1"}],"replies":[{"embeddable":true,"href":"https:\/\/rafaramirez.org\/blog\/index.php\/wp-json\/wp\/v2\/comments?post=9529"}],"version-history":[{"count":6,"href":"https:\/\/rafaramirez.org\/blog\/index.php\/wp-json\/wp\/v2\/posts\/9529\/revisions"}],"predecessor-version":[{"id":9536,"href":"https:\/\/rafaramirez.org\/blog\/index.php\/wp-json\/wp\/v2\/posts\/9529\/revisions\/9536"}],"wp:featuredmedia":[{"embeddable":true,"href":"https:\/\/rafaramirez.org\/blog\/index.php\/wp-json\/wp\/v2\/media\/9534"}],"wp:attachment":[{"href":"https:\/\/rafaramirez.org\/blog\/index.php\/wp-json\/wp\/v2\/media?parent=9529"}],"wp:term":[{"taxonomy":"category","embeddable":true,"href":"https:\/\/rafaramirez.org\/blog\/index.php\/wp-json\/wp\/v2\/categories?post=9529"},{"taxonomy":"post_tag","embeddable":true,"href":"https:\/\/rafaramirez.org\/blog\/index.php\/wp-json\/wp\/v2\/tags?post=9529"}],"curies":[{"name":"wp","href":"https:\/\/api.w.org\/{rel}","templated":true}]}}