{"id":9513,"date":"2025-06-20T08:00:43","date_gmt":"2025-06-20T06:00:43","guid":{"rendered":"https:\/\/rafaramirez.org\/blog\/?p=9513"},"modified":"2025-06-03T13:16:35","modified_gmt":"2025-06-03T11:16:35","slug":"yellow-day-el-dia-mas-feliz-del-ano","status":"publish","type":"post","link":"https:\/\/rafaramirez.org\/blog\/index.php\/2025\/06\/20\/yellow-day-el-dia-mas-feliz-del-ano\/","title":{"rendered":"Yellow Day, cuando el clima ilumina nuestra felicidad."},"content":{"rendered":"<p>El \u00abYellow Day\u00bb es conocido como el d\u00eda m\u00e1s feliz del a\u00f1o y se celebra cada 20 de junio. Esta efem\u00e9ride nace como una especie de contraparte del \u00abBlue Monday\u00bb, el d\u00eda que se populariz\u00f3 como el m\u00e1s triste del a\u00f1o. El Blue Monday se asocia con sensaciones de melancol\u00eda y des\u00e1nimo, mientras que el Yellow Day aboga por el optimismo y la alegr\u00eda, apoy\u00e1ndose en diversas variables psicol\u00f3gicas y meteorol\u00f3gicas.<\/p>\n<p>La elecci\u00f3n del 20 de junio no es aleatoria, sino que responde a condiciones muy favorables para el cuerpo y el \u00e1nimo. Durante esta jornada, se registran temperaturas moderadas \u2014que es lo \u00f3ptimo para el bienestar humano\u2014 y un aumento considerable en el n\u00famero de horas de luz. Esta combinaci\u00f3n crea un ambiente propicio para la liberaci\u00f3n de hormonas relacionadas con el estado de \u00e1nimo positivo, como la serotonina, y nos prepara para disfrutar de la llegada del verano, una \u00e9poca asociada a las vacaciones y una mejor calidad de vida.<\/p>\n<p>Adem\u00e1s, el color amarillo, que predomina en esta celebraci\u00f3n, se asocia com\u00fanmente con la felicidad, el optimismo y la energ\u00eda positiva. Esta simbolog\u00eda refuerza la idea de que el 20 de junio es un d\u00eda para celebrar la vida y el bienestar, y se aleja del pesimismo y la tristeza que se asocian con otros momentos del a\u00f1o. En definitiva, el Yellow Day nos recuerda la importancia de aprovechar al m\u00e1ximo los d\u00edas en que las condiciones clim\u00e1ticas y emocionales se alinean para hacernos sentir m\u00e1s felices.<\/p>\n<p>\u00bfSab\u00edas que esta idea surge de una f\u00f3rmula que combina datos meteorol\u00f3gicos y psicol\u00f3gicos? Existen debates y estudios sobre la influencia real del clima en nuestro estado de \u00e1nimo, y el Yellow Day es un ejemplo interesante de c\u00f3mo la ciencia y la cultura popular se unen para crear celebraciones que invitan a mejorar nuestra calidad de vida.<\/p>\n<figure id=\"attachment_9519\" aria-describedby=\"caption-attachment-9519\" style=\"width: 300px\" class=\"wp-caption aligncenter\"><a href=\"https:\/\/rafaramirez.org\/blog\/wp-content\/uploads\/2025\/06\/women-2143800.jpg\" target=\"_blank\" rel=\"noopener\"><img loading=\"lazy\" decoding=\"async\" class=\"wp-image-9519 size-medium\" src=\"https:\/\/rafaramirez.org\/blog\/wp-content\/uploads\/2025\/06\/women-2143800-300x200.jpg\" alt=\"Yellow Day 2025, 20 de junio. Efem\u00e9rides. Blog de Rafael Ram\u00edrez.\" width=\"300\" height=\"200\" srcset=\"https:\/\/rafaramirez.org\/blog\/wp-content\/uploads\/2025\/06\/women-2143800-300x200.jpg 300w, https:\/\/rafaramirez.org\/blog\/wp-content\/uploads\/2025\/06\/women-2143800-768x512.jpg 768w, https:\/\/rafaramirez.org\/blog\/wp-content\/uploads\/2025\/06\/women-2143800.jpg 1000w\" sizes=\"auto, (max-width: 300px) 100vw, 300px\" \/><\/a><figcaption id=\"caption-attachment-9519\" class=\"wp-caption-text\">Yellow Day 2025, 20 de junio. Efem\u00e9rides. Blog de Rafael Ram\u00edrez.<\/figcaption><\/figure>\n<h3>Origen del \u00abYellow Day\u00bb.<\/h3>\n<p>Como te he contado anteriormente, el origen del Yellow Day se remonta a la idea de contrarrestar el concepto del Blue Monday, el d\u00eda m\u00e1s triste del a\u00f1o. El psic\u00f3logo Cliff Arnall, quien desarroll\u00f3 la f\u00f3rmula matem\u00e1tica para el Blue Monday, sugiri\u00f3 que, si se pod\u00eda identificar un d\u00eda con condiciones optimizadas para el bienestar, tambi\u00e9n se podr\u00eda establecer una fecha \u00abpositiva\u00bb. En 2005, propuso que un d\u00eda que combinara factores meteorol\u00f3gicos y psicol\u00f3gicos \u2014como temperaturas moderadas, abundancia de luz solar y el ambiente propio del preludio del verano\u2014 fuese designado como el d\u00eda m\u00e1s feliz del a\u00f1o, dando origen al Yellow Day.<\/p>\n<p>El 20 de junio fue elegido por varios factores favorables: en muchos lugares, este d\u00eda se caracteriza por tener temperaturas suaves y no excesivamente altas, muchas horas de luz y la cercan\u00eda de las vacaciones de verano, lo que refuerza la sensaci\u00f3n de libertad y bienestar. Adem\u00e1s, el color amarillo, tradicionalmente asociado con el optimismo, la energ\u00eda y la alegr\u00eda, es el s\u00edmbolo perfecto para encapsular esta atm\u00f3sfera positiva. La idea fue r\u00e1pidamente adoptada y difundida en varios pa\u00edses, consolid\u00e1ndose como una celebraci\u00f3n que invita a las personas a aprovechar las \u00abbuenas vibraciones\u00bb que ofrece el clima y la estaci\u00f3n.<\/p>\n<p>Esta amalgama de datos y emociones no solo se fundamenta en argumentos cient\u00edficos sobre la influencia de la luz y la temperatura en nuestro estado de \u00e1nimo, sino tambi\u00e9n en una estrategia cultural y publicitaria orientada a fomentar el bienestar y la celebraci\u00f3n de la vida.<\/p>\n<figure id=\"attachment_9520\" aria-describedby=\"caption-attachment-9520\" style=\"width: 300px\" class=\"wp-caption aligncenter\"><a href=\"https:\/\/rafaramirez.org\/blog\/wp-content\/uploads\/2025\/06\/woman-1854443.jpg\" target=\"_blank\" rel=\"noopener\"><img loading=\"lazy\" decoding=\"async\" class=\"wp-image-9520 size-medium\" src=\"https:\/\/rafaramirez.org\/blog\/wp-content\/uploads\/2025\/06\/woman-1854443-300x200.jpg\" alt=\"Yellow Day 2025, 20 de junio. Efem\u00e9rides. Blog de Rafael Ram\u00edrez.\" width=\"300\" height=\"200\" srcset=\"https:\/\/rafaramirez.org\/blog\/wp-content\/uploads\/2025\/06\/woman-1854443-300x200.jpg 300w, https:\/\/rafaramirez.org\/blog\/wp-content\/uploads\/2025\/06\/woman-1854443-768x512.jpg 768w, https:\/\/rafaramirez.org\/blog\/wp-content\/uploads\/2025\/06\/woman-1854443.jpg 1000w\" sizes=\"auto, (max-width: 300px) 100vw, 300px\" \/><\/a><figcaption id=\"caption-attachment-9520\" class=\"wp-caption-text\">Yellow Day 2025, 20 de junio. Efem\u00e9rides. Blog de Rafael Ram\u00edrez.<\/figcaption><\/figure>\n<h3>Influencia del clima en nuestras emociones.<\/h3>\n<p>El clima influye profundamente en nuestras emociones a trav\u00e9s de mecanismos fisiol\u00f3gicos y psicol\u00f3gicos. Uno de los factores m\u00e1s importantes es la luz solar. Cuando disfrutamos de d\u00edas soleados, la exposici\u00f3n a la luz natural estimula la producci\u00f3n de serotonina, el neurotransmisor asociado con la felicidad y el bienestar. Por el contrario, en d\u00edas nublados o durante el invierno, la escasez de luz puede provocar una disminuci\u00f3n de los niveles de serotonina y un aumento de la producci\u00f3n de melatonina, sustancia asociada a sentimientos de tristeza, letargo y, en ciertos casos, a trastornos como el trastorno afectivo estacional (TAE).<\/p>\n<p>La temperatura es otro elemento crucial. Una temperatura moderada suele estar vinculada al confort f\u00edsico, lo que contribuye a un estado de \u00e1nimo estable y positivo. Sin embargo, tanto el calor extremo como el fr\u00edo intenso pueden resultar inc\u00f3modos, provocar irritabilidad y, en ocasiones, aumentar el estr\u00e9s. La forma en que respondemos a estas condiciones var\u00eda de una persona a otra, ya que factores individuales, como la salud, la gen\u00e9tica y las experiencias previas, modulan la forma en la que percibimos y reaccionamos ante el ambiente.<\/p>\n<p>Adem\u00e1s, otros componentes del clima, como la humedad, la presi\u00f3n atmosf\u00e9rica y los cambios repentinos en las condiciones meteorol\u00f3gicas, tambi\u00e9n pueden influir en nuestro estado emocional. Por ejemplo, las fluctuaciones r\u00e1pidas en las condiciones meteorol\u00f3gicas pueden desencadenar respuestas fisiol\u00f3gicas notables, como variaciones en el ritmo card\u00edaco o en los niveles de estr\u00e9s, lo que a su vez repercute en nuestro estado de \u00e1nimo. Esta interacci\u00f3n entre factores clim\u00e1ticos y respuestas emocionales es compleja y se ve matizada por el entorno social y cultural en el que nos movemos.<\/p>\n<p>En resumen, el clima influye en nuestras emociones a trav\u00e9s de varios canales biol\u00f3gicos y ambientales. Comprender estas interacciones nos permite desarrollar estrategias para mitigar sus efectos negativos, por ejemplo, aprovechando los d\u00edas soleados para actividades al aire libre o utilizando terapias de luz en \u00e9pocas de menor luminosidad. Este conocimiento ha dado lugar a la creaci\u00f3n del \u00abYellow Day\u00bb, que busca destacar y contagiar la alegr\u00eda cuando las condiciones clim\u00e1ticas son \u00f3ptimas para nuestro bienestar.<\/p>\n<figure id=\"attachment_9521\" aria-describedby=\"caption-attachment-9521\" style=\"width: 300px\" class=\"wp-caption aligncenter\"><a href=\"https:\/\/rafaramirez.org\/blog\/wp-content\/uploads\/2025\/06\/kid-2252145.jpg\" target=\"_blank\" rel=\"noopener\"><img loading=\"lazy\" decoding=\"async\" class=\"wp-image-9521 size-medium\" src=\"https:\/\/rafaramirez.org\/blog\/wp-content\/uploads\/2025\/06\/kid-2252145-300x200.jpg\" alt=\"Yellow Day 2025, 20 de junio. Efem\u00e9rides. Blog de Rafael Ram\u00edrez.\" width=\"300\" height=\"200\" srcset=\"https:\/\/rafaramirez.org\/blog\/wp-content\/uploads\/2025\/06\/kid-2252145-300x200.jpg 300w, https:\/\/rafaramirez.org\/blog\/wp-content\/uploads\/2025\/06\/kid-2252145-768x512.jpg 768w, https:\/\/rafaramirez.org\/blog\/wp-content\/uploads\/2025\/06\/kid-2252145.jpg 1000w\" sizes=\"auto, (max-width: 300px) 100vw, 300px\" \/><\/a><figcaption id=\"caption-attachment-9521\" class=\"wp-caption-text\">Yellow Day 2025, 20 de junio. Efem\u00e9rides. Blog de Rafael Ram\u00edrez. (Foto: Pixabay).<\/figcaption><\/figure>\n<p>M\u00e1s informaci\u00f3n:<\/p>\n<ul>\n<li><a href=\"https:\/\/www.nationalgeographic.com.es\/ciencia\/20-junio-por-que-yellow-day-es-dia-mas-feliz-ano_22574\" target=\"_blank\" rel=\"noopener\">20 de junio: \u00bfPor qu\u00e9 el Yellow Day es el d\u00eda m\u00e1s feliz del a\u00f1o? &#8211; National Geographic<\/a>.<\/li>\n<li><a href=\"https:\/\/equilibrioemocional.org\/influencia-del-clima-en-nuestras-emociones-y-estado-de-animo-diario\/\" target=\"_blank\" rel=\"noopener\">Influencia del clima en nuestras emociones y estado de \u00e1nimo diario &#8211; equilibrioemocional.org<\/a>.<\/li>\n<li><a href=\"https:\/\/rafaramirez.org\/blog\/index.php\/2025\/03\/31\/reflexiones-dias-de-lluvia-entre-la-inspiracion-y-la-apatia\/\" target=\"_blank\" rel=\"noopener\">Reflexiones: D\u00edas de lluvia, entre la inspiraci\u00f3n y la apat\u00eda<\/a>.<\/li>\n<li><a href=\"https:\/\/rafaramirez.org\/blog\/index.php\/2025\/05\/06\/reflexiones-primavera-el-lienzo-del-renacer\/\" target=\"_blank\" rel=\"noopener\">Reflexiones: Primavera, el Lienzo del Renacer<\/a>.<\/li>\n<li><a href=\"https:\/\/rafaramirez.org\/blog\/index.php\/category\/arte\/efemerides\/\" target=\"_blank\" rel=\"noopener\">Otras efem\u00e9rides<\/a>.<\/li>\n<\/ul>\n","protected":false},"excerpt":{"rendered":"<p>El \u00abYellow Day\u00bb es conocido como el d\u00eda m\u00e1s feliz del a\u00f1o y se celebra cada 20 de junio. Esta efem\u00e9ride nace como una especie de contraparte del \u00abBlue Monday\u00bb, el d\u00eda que se populariz\u00f3 como el m\u00e1s triste del a\u00f1o. El Blue Monday se asocia con sensaciones de melancol\u00eda y des\u00e1nimo, mientras que el [&hellip;]<\/p>\n","protected":false},"author":3,"featured_media":9518,"comment_status":"open","ping_status":"closed","sticky":false,"template":"","format":"standard","meta":{"site-container-style":"default","site-container-layout":"default","site-sidebar-layout":"default","disable-article-header":"default","disable-site-header":"default","disable-site-footer":"default","disable-content-area-spacing":"default","_jetpack_newsletter_access":"","_jetpack_dont_email_post_to_subs":false,"_jetpack_newsletter_tier_id":0,"_jetpack_memberships_contains_paywalled_content":false,"_jetpack_feature_clip_id":0,"_jetpack_memberships_contains_paid_content":false,"footnotes":"","jetpack_publicize_message":"","jetpack_publicize_feature_enabled":true,"jetpack_social_post_already_shared":true,"jetpack_social_options":{"image_generator_settings":{"template":"highway","default_image_id":0,"font":"","enabled":false},"version":2},"jetpack_post_was_ever_published":false},"categories":[1291],"tags":[1323,4343,4067,4344,4345],"class_list":["post-9513","post","type-post","status-publish","format-standard","has-post-thumbnail","hentry","category-efemerides","tag-efemerides","tag-efemerides-20-de-junio","tag-efemerides-2025","tag-efemerides-junio","tag-yellow-day"],"yoast_head":"<!-- This site is optimized with the Yoast SEO plugin v28.4 - https:\/\/yoast.com\/product\/yoast-seo-wordpress\/ -->\n<title>Yellow Day, cuando el clima ilumina nuestra felicidad. - Blog de Rafael Ram\u00edrez<\/title>\n<meta name=\"description\" content=\"El &quot;Yellow Day&quot; es conocido como el d\u00eda m\u00e1s feliz del a\u00f1o y se celebra cada 20 de junio. Esta efem\u00e9ride nace como una especie de contraparte\" \/>\n<meta name=\"robots\" content=\"index, follow, max-snippet:-1, max-image-preview:large, max-video-preview:-1\" \/>\n<link rel=\"canonical\" href=\"https:\/\/rafaramirez.org\/blog\/index.php\/2025\/06\/20\/yellow-day-el-dia-mas-feliz-del-ano\/\" \/>\n<meta property=\"og:locale\" content=\"es_ES\" \/>\n<meta property=\"og:type\" content=\"article\" \/>\n<meta property=\"og:title\" content=\"Yellow Day, cuando el clima ilumina nuestra felicidad. - Blog de Rafael Ram\u00edrez\" \/>\n<meta property=\"og:description\" content=\"El &quot;Yellow Day&quot; es conocido como el d\u00eda m\u00e1s feliz del a\u00f1o y se celebra cada 20 de junio. Esta efem\u00e9ride nace como una especie de contraparte\" \/>\n<meta property=\"og:url\" content=\"https:\/\/rafaramirez.org\/blog\/index.php\/2025\/06\/20\/yellow-day-el-dia-mas-feliz-del-ano\/\" \/>\n<meta property=\"og:site_name\" content=\"Blog de Rafael Ram\u00edrez\" \/>\n<meta property=\"article:published_time\" content=\"2025-06-20T06:00:43+00:00\" \/>\n<meta property=\"og:image\" content=\"https:\/\/rafaramirez.org\/blog\/wp-content\/uploads\/2025\/06\/Yellow_Day_bannerblog.jpg\" \/>\n\t<meta property=\"og:image:width\" content=\"720\" \/>\n\t<meta property=\"og:image:height\" content=\"440\" \/>\n\t<meta property=\"og:image:type\" content=\"image\/jpeg\" \/>\n<meta name=\"author\" content=\"Documentaci\u00f3n e investigaci\u00f3n\" \/>\n<meta name=\"twitter:card\" content=\"summary_large_image\" \/>\n<meta name=\"twitter:site\" content=\"@rafaramirez_ok\" \/>\n<meta name=\"twitter:label1\" content=\"Escrito por\" \/>\n\t<meta name=\"twitter:data1\" content=\"Documentaci\u00f3n e investigaci\u00f3n\" \/>\n\t<meta name=\"twitter:label2\" content=\"Tiempo de lectura\" \/>\n\t<meta name=\"twitter:data2\" content=\"6 minutos\" \/>\n<script type=\"application\/ld+json\" class=\"yoast-schema-graph\">{\"@context\":\"https:\\\/\\\/schema.org\",\"@graph\":[{\"@type\":\"Article\",\"@id\":\"https:\\\/\\\/rafaramirez.org\\\/blog\\\/index.php\\\/2025\\\/06\\\/20\\\/yellow-day-el-dia-mas-feliz-del-ano\\\/#article\",\"isPartOf\":{\"@id\":\"https:\\\/\\\/rafaramirez.org\\\/blog\\\/index.php\\\/2025\\\/06\\\/20\\\/yellow-day-el-dia-mas-feliz-del-ano\\\/\"},\"author\":{\"name\":\"Documentaci\u00f3n e investigaci\u00f3n\",\"@id\":\"https:\\\/\\\/rafaramirez.org\\\/blog\\\/#\\\/schema\\\/person\\\/8debd05b3d9a1d16fb21af726811617d\"},\"headline\":\"Yellow Day, cuando el clima ilumina nuestra felicidad.\",\"datePublished\":\"2025-06-20T06:00:43+00:00\",\"mainEntityOfPage\":{\"@id\":\"https:\\\/\\\/rafaramirez.org\\\/blog\\\/index.php\\\/2025\\\/06\\\/20\\\/yellow-day-el-dia-mas-feliz-del-ano\\\/\"},\"wordCount\":1133,\"commentCount\":0,\"publisher\":{\"@id\":\"https:\\\/\\\/rafaramirez.org\\\/blog\\\/#\\\/schema\\\/person\\\/50f43b6d60c578760d4c17bda54ab6a5\"},\"image\":{\"@id\":\"https:\\\/\\\/rafaramirez.org\\\/blog\\\/index.php\\\/2025\\\/06\\\/20\\\/yellow-day-el-dia-mas-feliz-del-ano\\\/#primaryimage\"},\"thumbnailUrl\":\"https:\\\/\\\/rafaramirez.org\\\/blog\\\/wp-content\\\/uploads\\\/2025\\\/06\\\/Yellow_Day_bannerblog.jpg\",\"keywords\":[\"efem\u00e9rides\",\"efem\u00e9rides 20 de junio\",\"efem\u00e9rides 2025\",\"efem\u00e9rides junio\",\"Yellow Day\"],\"articleSection\":[\"Efem\u00e9rides\"],\"inLanguage\":\"es\",\"potentialAction\":[{\"@type\":\"CommentAction\",\"name\":\"Comment\",\"target\":[\"https:\\\/\\\/rafaramirez.org\\\/blog\\\/index.php\\\/2025\\\/06\\\/20\\\/yellow-day-el-dia-mas-feliz-del-ano\\\/#respond\"]}]},{\"@type\":\"WebPage\",\"@id\":\"https:\\\/\\\/rafaramirez.org\\\/blog\\\/index.php\\\/2025\\\/06\\\/20\\\/yellow-day-el-dia-mas-feliz-del-ano\\\/\",\"url\":\"https:\\\/\\\/rafaramirez.org\\\/blog\\\/index.php\\\/2025\\\/06\\\/20\\\/yellow-day-el-dia-mas-feliz-del-ano\\\/\",\"name\":\"Yellow Day, cuando el clima ilumina nuestra felicidad. - Blog de Rafael Ram\u00edrez\",\"isPartOf\":{\"@id\":\"https:\\\/\\\/rafaramirez.org\\\/blog\\\/#website\"},\"primaryImageOfPage\":{\"@id\":\"https:\\\/\\\/rafaramirez.org\\\/blog\\\/index.php\\\/2025\\\/06\\\/20\\\/yellow-day-el-dia-mas-feliz-del-ano\\\/#primaryimage\"},\"image\":{\"@id\":\"https:\\\/\\\/rafaramirez.org\\\/blog\\\/index.php\\\/2025\\\/06\\\/20\\\/yellow-day-el-dia-mas-feliz-del-ano\\\/#primaryimage\"},\"thumbnailUrl\":\"https:\\\/\\\/rafaramirez.org\\\/blog\\\/wp-content\\\/uploads\\\/2025\\\/06\\\/Yellow_Day_bannerblog.jpg\",\"datePublished\":\"2025-06-20T06:00:43+00:00\",\"description\":\"El \\\"Yellow Day\\\" es conocido como el d\u00eda m\u00e1s feliz del a\u00f1o y se celebra cada 20 de junio. Esta efem\u00e9ride nace como una especie de contraparte\",\"breadcrumb\":{\"@id\":\"https:\\\/\\\/rafaramirez.org\\\/blog\\\/index.php\\\/2025\\\/06\\\/20\\\/yellow-day-el-dia-mas-feliz-del-ano\\\/#breadcrumb\"},\"inLanguage\":\"es\",\"potentialAction\":[{\"@type\":\"ReadAction\",\"target\":[\"https:\\\/\\\/rafaramirez.org\\\/blog\\\/index.php\\\/2025\\\/06\\\/20\\\/yellow-day-el-dia-mas-feliz-del-ano\\\/\"]}]},{\"@type\":\"ImageObject\",\"inLanguage\":\"es\",\"@id\":\"https:\\\/\\\/rafaramirez.org\\\/blog\\\/index.php\\\/2025\\\/06\\\/20\\\/yellow-day-el-dia-mas-feliz-del-ano\\\/#primaryimage\",\"url\":\"https:\\\/\\\/rafaramirez.org\\\/blog\\\/wp-content\\\/uploads\\\/2025\\\/06\\\/Yellow_Day_bannerblog.jpg\",\"contentUrl\":\"https:\\\/\\\/rafaramirez.org\\\/blog\\\/wp-content\\\/uploads\\\/2025\\\/06\\\/Yellow_Day_bannerblog.jpg\",\"width\":720,\"height\":440,\"caption\":\"Yellow Day, 20 de junio. Efem\u00e9rides. Blog de Rafael Ram\u00edrez.\"},{\"@type\":\"BreadcrumbList\",\"@id\":\"https:\\\/\\\/rafaramirez.org\\\/blog\\\/index.php\\\/2025\\\/06\\\/20\\\/yellow-day-el-dia-mas-feliz-del-ano\\\/#breadcrumb\",\"itemListElement\":[{\"@type\":\"ListItem\",\"position\":1,\"name\":\"Portada\",\"item\":\"https:\\\/\\\/rafaramirez.org\\\/blog\\\/\"},{\"@type\":\"ListItem\",\"position\":2,\"name\":\"Yellow Day, cuando el clima ilumina nuestra felicidad.\"}]},{\"@type\":\"WebSite\",\"@id\":\"https:\\\/\\\/rafaramirez.org\\\/blog\\\/#website\",\"url\":\"https:\\\/\\\/rafaramirez.org\\\/blog\\\/\",\"name\":\"Blog de Rafael Ram\u00edrez\",\"description\":\"Un sitio social, de arte y cultura\",\"publisher\":{\"@id\":\"https:\\\/\\\/rafaramirez.org\\\/blog\\\/#\\\/schema\\\/person\\\/50f43b6d60c578760d4c17bda54ab6a5\"},\"potentialAction\":[{\"@type\":\"SearchAction\",\"target\":{\"@type\":\"EntryPoint\",\"urlTemplate\":\"https:\\\/\\\/rafaramirez.org\\\/blog\\\/?s={search_term_string}\"},\"query-input\":{\"@type\":\"PropertyValueSpecification\",\"valueRequired\":true,\"valueName\":\"search_term_string\"}}],\"inLanguage\":\"es\"},{\"@type\":[\"Person\",\"Organization\"],\"@id\":\"https:\\\/\\\/rafaramirez.org\\\/blog\\\/#\\\/schema\\\/person\\\/50f43b6d60c578760d4c17bda54ab6a5\",\"name\":\"Rafael Ram\u00edrez\",\"image\":{\"@type\":\"ImageObject\",\"inLanguage\":\"es\",\"@id\":\"https:\\\/\\\/rafaramirez.org\\\/blog\\\/wp-content\\\/uploads\\\/2024\\\/09\\\/RR_socialnetwork.jpg\",\"url\":\"https:\\\/\\\/rafaramirez.org\\\/blog\\\/wp-content\\\/uploads\\\/2024\\\/09\\\/RR_socialnetwork.jpg\",\"contentUrl\":\"https:\\\/\\\/rafaramirez.org\\\/blog\\\/wp-content\\\/uploads\\\/2024\\\/09\\\/RR_socialnetwork.jpg\",\"width\":600,\"height\":606,\"caption\":\"Rafael Ram\u00edrez\"},\"logo\":{\"@id\":\"https:\\\/\\\/rafaramirez.org\\\/blog\\\/wp-content\\\/uploads\\\/2024\\\/09\\\/RR_socialnetwork.jpg\"},\"sameAs\":[\"https:\\\/\\\/www.rafaramirez.org\\\/blog\",\"https:\\\/\\\/www.instagram.com\\\/rafaramirez_ok\\\/\",\"https:\\\/\\\/es.pinterest.com\\\/Ramirez_Rafa\\\/\",\"https:\\\/\\\/x.com\\\/rafaramirez_ok\"]},{\"@type\":\"Person\",\"@id\":\"https:\\\/\\\/rafaramirez.org\\\/blog\\\/#\\\/schema\\\/person\\\/8debd05b3d9a1d16fb21af726811617d\",\"name\":\"Documentaci\u00f3n e investigaci\u00f3n\",\"image\":{\"@type\":\"ImageObject\",\"inLanguage\":\"es\",\"@id\":\"https:\\\/\\\/secure.gravatar.com\\\/avatar\\\/fe70e496579a39c7a8fc4982b89275403b1092eb200623138a32daada9416911?s=96&d=mm&r=g\",\"url\":\"https:\\\/\\\/secure.gravatar.com\\\/avatar\\\/fe70e496579a39c7a8fc4982b89275403b1092eb200623138a32daada9416911?s=96&d=mm&r=g\",\"contentUrl\":\"https:\\\/\\\/secure.gravatar.com\\\/avatar\\\/fe70e496579a39c7a8fc4982b89275403b1092eb200623138a32daada9416911?s=96&d=mm&r=g\",\"caption\":\"Documentaci\u00f3n e investigaci\u00f3n\"},\"url\":\"https:\\\/\\\/rafaramirez.org\\\/blog\\\/index.php\\\/author\\\/admin\\\/\"}]}<\/script>\n<!-- \/ Yoast SEO plugin. -->","yoast_head_json":{"title":"Yellow Day, cuando el clima ilumina nuestra felicidad. - Blog de Rafael Ram\u00edrez","description":"El \"Yellow Day\" es conocido como el d\u00eda m\u00e1s feliz del a\u00f1o y se celebra cada 20 de junio. Esta efem\u00e9ride nace como una especie de contraparte","robots":{"index":"index","follow":"follow","max-snippet":"max-snippet:-1","max-image-preview":"max-image-preview:large","max-video-preview":"max-video-preview:-1"},"canonical":"https:\/\/rafaramirez.org\/blog\/index.php\/2025\/06\/20\/yellow-day-el-dia-mas-feliz-del-ano\/","og_locale":"es_ES","og_type":"article","og_title":"Yellow Day, cuando el clima ilumina nuestra felicidad. - Blog de Rafael Ram\u00edrez","og_description":"El \"Yellow Day\" es conocido como el d\u00eda m\u00e1s feliz del a\u00f1o y se celebra cada 20 de junio. Esta efem\u00e9ride nace como una especie de contraparte","og_url":"https:\/\/rafaramirez.org\/blog\/index.php\/2025\/06\/20\/yellow-day-el-dia-mas-feliz-del-ano\/","og_site_name":"Blog de Rafael Ram\u00edrez","article_published_time":"2025-06-20T06:00:43+00:00","og_image":[{"width":720,"height":440,"url":"https:\/\/rafaramirez.org\/blog\/wp-content\/uploads\/2025\/06\/Yellow_Day_bannerblog.jpg","type":"image\/jpeg"}],"author":"Documentaci\u00f3n e investigaci\u00f3n","twitter_card":"summary_large_image","twitter_site":"@rafaramirez_ok","twitter_misc":{"Escrito por":"Documentaci\u00f3n e investigaci\u00f3n","Tiempo de lectura":"6 minutos"},"schema":{"@context":"https:\/\/schema.org","@graph":[{"@type":"Article","@id":"https:\/\/rafaramirez.org\/blog\/index.php\/2025\/06\/20\/yellow-day-el-dia-mas-feliz-del-ano\/#article","isPartOf":{"@id":"https:\/\/rafaramirez.org\/blog\/index.php\/2025\/06\/20\/yellow-day-el-dia-mas-feliz-del-ano\/"},"author":{"name":"Documentaci\u00f3n e investigaci\u00f3n","@id":"https:\/\/rafaramirez.org\/blog\/#\/schema\/person\/8debd05b3d9a1d16fb21af726811617d"},"headline":"Yellow Day, cuando el clima ilumina nuestra felicidad.","datePublished":"2025-06-20T06:00:43+00:00","mainEntityOfPage":{"@id":"https:\/\/rafaramirez.org\/blog\/index.php\/2025\/06\/20\/yellow-day-el-dia-mas-feliz-del-ano\/"},"wordCount":1133,"commentCount":0,"publisher":{"@id":"https:\/\/rafaramirez.org\/blog\/#\/schema\/person\/50f43b6d60c578760d4c17bda54ab6a5"},"image":{"@id":"https:\/\/rafaramirez.org\/blog\/index.php\/2025\/06\/20\/yellow-day-el-dia-mas-feliz-del-ano\/#primaryimage"},"thumbnailUrl":"https:\/\/rafaramirez.org\/blog\/wp-content\/uploads\/2025\/06\/Yellow_Day_bannerblog.jpg","keywords":["efem\u00e9rides","efem\u00e9rides 20 de junio","efem\u00e9rides 2025","efem\u00e9rides junio","Yellow Day"],"articleSection":["Efem\u00e9rides"],"inLanguage":"es","potentialAction":[{"@type":"CommentAction","name":"Comment","target":["https:\/\/rafaramirez.org\/blog\/index.php\/2025\/06\/20\/yellow-day-el-dia-mas-feliz-del-ano\/#respond"]}]},{"@type":"WebPage","@id":"https:\/\/rafaramirez.org\/blog\/index.php\/2025\/06\/20\/yellow-day-el-dia-mas-feliz-del-ano\/","url":"https:\/\/rafaramirez.org\/blog\/index.php\/2025\/06\/20\/yellow-day-el-dia-mas-feliz-del-ano\/","name":"Yellow Day, cuando el clima ilumina nuestra felicidad. - Blog de Rafael Ram\u00edrez","isPartOf":{"@id":"https:\/\/rafaramirez.org\/blog\/#website"},"primaryImageOfPage":{"@id":"https:\/\/rafaramirez.org\/blog\/index.php\/2025\/06\/20\/yellow-day-el-dia-mas-feliz-del-ano\/#primaryimage"},"image":{"@id":"https:\/\/rafaramirez.org\/blog\/index.php\/2025\/06\/20\/yellow-day-el-dia-mas-feliz-del-ano\/#primaryimage"},"thumbnailUrl":"https:\/\/rafaramirez.org\/blog\/wp-content\/uploads\/2025\/06\/Yellow_Day_bannerblog.jpg","datePublished":"2025-06-20T06:00:43+00:00","description":"El \"Yellow Day\" es conocido como el d\u00eda m\u00e1s feliz del a\u00f1o y se celebra cada 20 de junio. Esta efem\u00e9ride nace como una especie de contraparte","breadcrumb":{"@id":"https:\/\/rafaramirez.org\/blog\/index.php\/2025\/06\/20\/yellow-day-el-dia-mas-feliz-del-ano\/#breadcrumb"},"inLanguage":"es","potentialAction":[{"@type":"ReadAction","target":["https:\/\/rafaramirez.org\/blog\/index.php\/2025\/06\/20\/yellow-day-el-dia-mas-feliz-del-ano\/"]}]},{"@type":"ImageObject","inLanguage":"es","@id":"https:\/\/rafaramirez.org\/blog\/index.php\/2025\/06\/20\/yellow-day-el-dia-mas-feliz-del-ano\/#primaryimage","url":"https:\/\/rafaramirez.org\/blog\/wp-content\/uploads\/2025\/06\/Yellow_Day_bannerblog.jpg","contentUrl":"https:\/\/rafaramirez.org\/blog\/wp-content\/uploads\/2025\/06\/Yellow_Day_bannerblog.jpg","width":720,"height":440,"caption":"Yellow Day, 20 de junio. Efem\u00e9rides. Blog de Rafael Ram\u00edrez."},{"@type":"BreadcrumbList","@id":"https:\/\/rafaramirez.org\/blog\/index.php\/2025\/06\/20\/yellow-day-el-dia-mas-feliz-del-ano\/#breadcrumb","itemListElement":[{"@type":"ListItem","position":1,"name":"Portada","item":"https:\/\/rafaramirez.org\/blog\/"},{"@type":"ListItem","position":2,"name":"Yellow Day, cuando el clima ilumina nuestra felicidad."}]},{"@type":"WebSite","@id":"https:\/\/rafaramirez.org\/blog\/#website","url":"https:\/\/rafaramirez.org\/blog\/","name":"Blog de Rafael Ram\u00edrez","description":"Un sitio social, de arte y cultura","publisher":{"@id":"https:\/\/rafaramirez.org\/blog\/#\/schema\/person\/50f43b6d60c578760d4c17bda54ab6a5"},"potentialAction":[{"@type":"SearchAction","target":{"@type":"EntryPoint","urlTemplate":"https:\/\/rafaramirez.org\/blog\/?s={search_term_string}"},"query-input":{"@type":"PropertyValueSpecification","valueRequired":true,"valueName":"search_term_string"}}],"inLanguage":"es"},{"@type":["Person","Organization"],"@id":"https:\/\/rafaramirez.org\/blog\/#\/schema\/person\/50f43b6d60c578760d4c17bda54ab6a5","name":"Rafael Ram\u00edrez","image":{"@type":"ImageObject","inLanguage":"es","@id":"https:\/\/rafaramirez.org\/blog\/wp-content\/uploads\/2024\/09\/RR_socialnetwork.jpg","url":"https:\/\/rafaramirez.org\/blog\/wp-content\/uploads\/2024\/09\/RR_socialnetwork.jpg","contentUrl":"https:\/\/rafaramirez.org\/blog\/wp-content\/uploads\/2024\/09\/RR_socialnetwork.jpg","width":600,"height":606,"caption":"Rafael Ram\u00edrez"},"logo":{"@id":"https:\/\/rafaramirez.org\/blog\/wp-content\/uploads\/2024\/09\/RR_socialnetwork.jpg"},"sameAs":["https:\/\/www.rafaramirez.org\/blog","https:\/\/www.instagram.com\/rafaramirez_ok\/","https:\/\/es.pinterest.com\/Ramirez_Rafa\/","https:\/\/x.com\/rafaramirez_ok"]},{"@type":"Person","@id":"https:\/\/rafaramirez.org\/blog\/#\/schema\/person\/8debd05b3d9a1d16fb21af726811617d","name":"Documentaci\u00f3n e investigaci\u00f3n","image":{"@type":"ImageObject","inLanguage":"es","@id":"https:\/\/secure.gravatar.com\/avatar\/fe70e496579a39c7a8fc4982b89275403b1092eb200623138a32daada9416911?s=96&d=mm&r=g","url":"https:\/\/secure.gravatar.com\/avatar\/fe70e496579a39c7a8fc4982b89275403b1092eb200623138a32daada9416911?s=96&d=mm&r=g","contentUrl":"https:\/\/secure.gravatar.com\/avatar\/fe70e496579a39c7a8fc4982b89275403b1092eb200623138a32daada9416911?s=96&d=mm&r=g","caption":"Documentaci\u00f3n e investigaci\u00f3n"},"url":"https:\/\/rafaramirez.org\/blog\/index.php\/author\/admin\/"}]}},"jetpack_publicize_connections":[],"jetpack_sharing_enabled":true,"jetpack_likes_enabled":true,"jetpack_featured_media_url":"https:\/\/rafaramirez.org\/blog\/wp-content\/uploads\/2025\/06\/Yellow_Day_bannerblog.jpg","_links":{"self":[{"href":"https:\/\/rafaramirez.org\/blog\/index.php\/wp-json\/wp\/v2\/posts\/9513","targetHints":{"allow":["GET"]}}],"collection":[{"href":"https:\/\/rafaramirez.org\/blog\/index.php\/wp-json\/wp\/v2\/posts"}],"about":[{"href":"https:\/\/rafaramirez.org\/blog\/index.php\/wp-json\/wp\/v2\/types\/post"}],"author":[{"embeddable":true,"href":"https:\/\/rafaramirez.org\/blog\/index.php\/wp-json\/wp\/v2\/users\/3"}],"replies":[{"embeddable":true,"href":"https:\/\/rafaramirez.org\/blog\/index.php\/wp-json\/wp\/v2\/comments?post=9513"}],"version-history":[{"count":10,"href":"https:\/\/rafaramirez.org\/blog\/index.php\/wp-json\/wp\/v2\/posts\/9513\/revisions"}],"predecessor-version":[{"id":9515,"href":"https:\/\/rafaramirez.org\/blog\/index.php\/wp-json\/wp\/v2\/posts\/9513\/revisions\/9515"}],"wp:featuredmedia":[{"embeddable":true,"href":"https:\/\/rafaramirez.org\/blog\/index.php\/wp-json\/wp\/v2\/media\/9518"}],"wp:attachment":[{"href":"https:\/\/rafaramirez.org\/blog\/index.php\/wp-json\/wp\/v2\/media?parent=9513"}],"wp:term":[{"taxonomy":"category","embeddable":true,"href":"https:\/\/rafaramirez.org\/blog\/index.php\/wp-json\/wp\/v2\/categories?post=9513"},{"taxonomy":"post_tag","embeddable":true,"href":"https:\/\/rafaramirez.org\/blog\/index.php\/wp-json\/wp\/v2\/tags?post=9513"}],"curies":[{"name":"wp","href":"https:\/\/api.w.org\/{rel}","templated":true}]}}