{"id":9470,"date":"2025-06-18T08:00:49","date_gmt":"2025-06-18T06:00:49","guid":{"rendered":"https:\/\/rafaramirez.org\/blog\/?p=9470"},"modified":"2026-07-14T11:43:18","modified_gmt":"2026-07-14T09:43:18","slug":"fauvismo-historia-del-arte","status":"publish","type":"post","link":"https:\/\/rafaramirez.org\/blog\/index.php\/2025\/06\/18\/fauvismo-historia-del-arte\/","title":{"rendered":"El fauvismo o c\u00f3mo romper con la tradici\u00f3n acad\u00e9mica y explorar nuevas formas de expresi\u00f3n."},"content":{"rendered":"<p><strong>El fauvismo<\/strong> es un movimiento pict\u00f3rico surgido en Francia entre 1904 y 1908, que se caracteriza por un <strong>uso audaz y arbitrario del color<\/strong>. Los artistas fauvistas rompieron con las convenciones tradicionales al utilizar tonalidades intensas y contrastantes para expresar sensaciones y emociones, y dotar al color de un car\u00e1cter casi musical en la composici\u00f3n pict\u00f3rica, liber\u00e1ndolo as\u00ed de su funci\u00f3n meramente descriptiva. El t\u00e9rmino <strong>proviene del franc\u00e9s <em>fauvisme<\/em><\/strong> \u2014literalmente, \u00ablas fieras\u00bb\u2014, acu\u00f1ado por el cr\u00edtico <strong>Louis Vauxcelles<\/strong> durante el <strong>Sal\u00f3n de Oto\u00f1o de 1905<\/strong>, al observar la fuerza visual y la aparente \u00absalvajidad\u00bb de las obras expuestas.<\/p>\n<p>Entre los m\u00e1ximos exponentes del fauvismo destaca <strong><a href=\"https:\/\/rafaramirez.org\/blog\/index.php\/2025\/02\/10\/henri-matisse\/\" target=\"_blank\" rel=\"noopener\">Henri Matisse<\/a><\/strong>, a menudo considerado el l\u00edder del movimiento. Su obra se distingue por la b\u00fasqueda de la armon\u00eda en el uso del color y por la creaci\u00f3n de composiciones que transmiten una profunda emoci\u00f3n. Obras como <em><strong>Luz, paz y placer<\/strong><\/em> y <em><strong>Mujer con sombrero<\/strong><\/em> son ejemplos paradigm\u00e1ticos de c\u00f3mo <a href=\"https:\/\/rafaramirez.org\/blog\/index.php\/2025\/02\/10\/henri-matisse\/\" target=\"_blank\" rel=\"noopener\">Matisse<\/a> transform\u00f3 la sensibilidad pict\u00f3rica de su \u00e9poca. Junto a \u00e9l, figuras como <strong>Andr\u00e9 Derain <\/strong>y<strong> Maurice de Vlaminck<\/strong> desempe\u00f1aron papeles fundamentales: Derain, con sus paisajes llenos de vitalidad y color, y Vlaminck, conocido por la expresividad en sus composiciones, formaron junto a <a href=\"https:\/\/rafaramirez.org\/blog\/index.php\/2025\/02\/10\/henri-matisse\/\" target=\"_blank\" rel=\"noopener\">Matisse<\/a> lo que algunos cr\u00edticos denominan el <strong>\u00abtri\u00e1ngulo esencial\u00bb del fauvismo<\/strong>.<\/p>\n<p>A pesar de su corta duraci\u00f3n, el fauvismo dej\u00f3 una huella imborrable en la historia del arte moderno. Su \u00e9nfasis en la libertad expresiva y en el uso innovador del color allan\u00f3 el camino a futuras corrientes art\u00edsticas, fomentando una mayor tendencia hacia la abstracci\u00f3n y la experimentaci\u00f3n. La actitud de ruptura con el academicismo y la exaltaci\u00f3n de la individualidad en cada trazo han convertido a este movimiento en un referente fundamental para entender la evoluci\u00f3n de la pintura del siglo XX.<\/p>\n<p>Adem\u00e1s de <a href=\"https:\/\/rafaramirez.org\/blog\/index.php\/2025\/02\/10\/henri-matisse\/\" target=\"_blank\" rel=\"noopener\">Matisse<\/a>, Derain y Vlaminck, otros artistas como <strong>Raoul Dufy<\/strong>,<strong> Albert Marquet <\/strong>y<strong> Jean Puy<\/strong> tambi\u00e9n aportaron matices importantes a esta corriente, cada uno interpretando el uso del color y la forma desde su perspectiva personal, lo que enriqueci\u00f3 a\u00fan m\u00e1s la diversidad y el legado del fauvismo.<\/p>\n<figure id=\"attachment_9486\" aria-describedby=\"caption-attachment-9486\" style=\"width: 229px\" class=\"wp-caption aligncenter\"><a href=\"https:\/\/rafaramirez.org\/blog\/wp-content\/uploads\/2025\/06\/Portrait_of_Henri_Matisse_1933_May_20.jpg\" target=\"_blank\" rel=\"noopener\"><img loading=\"lazy\" decoding=\"async\" class=\"wp-image-9486 size-medium\" src=\"https:\/\/rafaramirez.org\/blog\/wp-content\/uploads\/2025\/06\/Portrait_of_Henri_Matisse_1933_May_20-229x300.jpg\" alt=\"Retrato del pintor Henri Matisse (1933). Blog de Rafael Ram\u00edrez.\" width=\"229\" height=\"300\" srcset=\"https:\/\/rafaramirez.org\/blog\/wp-content\/uploads\/2025\/06\/Portrait_of_Henri_Matisse_1933_May_20-229x300.jpg 229w, https:\/\/rafaramirez.org\/blog\/wp-content\/uploads\/2025\/06\/Portrait_of_Henri_Matisse_1933_May_20.jpg 707w\" sizes=\"auto, (max-width: 229px) 100vw, 229px\" \/><\/a><figcaption id=\"caption-attachment-9486\" class=\"wp-caption-text\">Retrato del pintor Henri Matisse (1933). Blog de Rafael Ram\u00edrez.<\/figcaption><\/figure>\n<h3>Contexto hist\u00f3rico que propici\u00f3 el surgimiento del fauvismo.<\/h3>\n<p>El surgimiento del fauvismo se produce en la Francia de principios del siglo XX, en un periodo marcado por profundas transformaciones sociales, econ\u00f3micas y culturales. Durante esos a\u00f1os, la <strong>Segunda Revoluci\u00f3n Industrial<\/strong> impuls\u00f3 la modernizaci\u00f3n y la urbanizaci\u00f3n, especialmente en Par\u00eds, donde la reinvenci\u00f3n del espacio urbano \u2014con la replanificaci\u00f3n de las calles, la incorporaci\u00f3n de la electricidad y el auge del autom\u00f3vil\u2014 <strong>cre\u00f3 una atm\u00f3sfera de innovaci\u00f3n y cambio acelerado<\/strong>.<\/p>\n<p>Simult\u00e1neamente, el ambiente cultural estaba en plena efervescencia. Los artistas <strong>empezaron a cuestionar el rigor y las restricciones del arte acad\u00e9mico tradicional<\/strong>, que ya hab\u00edan sido desafiadas por los precursores del <a href=\"https:\/\/rafaramirez.org\/blog\/index.php\/2024\/01\/18\/el-impresionismo-en-la-pintura\/\" target=\"_blank\" rel=\"noopener\">impresionismo<\/a> y el postimpresionismo. La b\u00fasqueda de expresar emociones y percepciones personales llev\u00f3 a estos creadores a experimentar con la t\u00e9cnica, el color y la forma. Al romper con las normas establecidas, figuras como <a href=\"https:\/\/rafaramirez.org\/blog\/index.php\/2025\/02\/10\/henri-matisse\/\" target=\"_blank\" rel=\"noopener\">Henri Matisse<\/a>, Andr\u00e9 Derain y Maurice de Vlaminck se propusieron liberar el color de sus funciones descriptivas y otorgarle un papel protagonista y emocional en la obra. Esta actitud desafiante y la libertad creativa se convirtieron en la esencia del fauvismo, un movimiento que surgi\u00f3 en respuesta a una sociedad en transformaci\u00f3n y a la b\u00fasqueda de nuevas visiones est\u00e9ticas en el mundo.<\/p>\n<figure id=\"attachment_9487\" aria-describedby=\"caption-attachment-9487\" style=\"width: 230px\" class=\"wp-caption aligncenter\"><a href=\"https:\/\/rafaramirez.org\/blog\/wp-content\/uploads\/2025\/06\/Andre_Derain_1928.jpg\" target=\"_blank\" rel=\"noopener\"><img loading=\"lazy\" decoding=\"async\" class=\"wp-image-9487 size-medium\" src=\"https:\/\/rafaramirez.org\/blog\/wp-content\/uploads\/2025\/06\/Andre_Derain_1928-230x300.jpg\" alt=\"Retrato del pintor Andr\u00e9 Derain (1928). Blog de Rafael Ram\u00edrez.\" width=\"230\" height=\"300\" srcset=\"https:\/\/rafaramirez.org\/blog\/wp-content\/uploads\/2025\/06\/Andre_Derain_1928-230x300.jpg 230w, https:\/\/rafaramirez.org\/blog\/wp-content\/uploads\/2025\/06\/Andre_Derain_1928-785x1024.jpg 785w, https:\/\/rafaramirez.org\/blog\/wp-content\/uploads\/2025\/06\/Andre_Derain_1928-768x1002.jpg 768w, https:\/\/rafaramirez.org\/blog\/wp-content\/uploads\/2025\/06\/Andre_Derain_1928.jpg 1024w\" sizes=\"auto, (max-width: 230px) 100vw, 230px\" \/><\/a><figcaption id=\"caption-attachment-9487\" class=\"wp-caption-text\">Retrato del pintor Andr\u00e9 Derain (1928). Blog de Rafael Ram\u00edrez.<\/figcaption><\/figure>\n<h3>Influencia del fauvismo en movimientos art\u00edsticos posteriores.<\/h3>\n<p>El fauvismo abri\u00f3 nuevas posibilidades expresivas al romper con la tradici\u00f3n del naturalismo, y este esp\u00edritu de libertad influy\u00f3 de forma decisiva en movimientos art\u00edsticos posteriores. La revoluci\u00f3n en el uso del color \u2014con sus tonalidades puras y audaces\u2014 demostr\u00f3 que <strong>el color pod\u00eda ser un veh\u00edculo tan poderoso para transmitir emociones como la forma<\/strong>, allanando el camino para que movimientos como el <a href=\"https:\/\/rafaramirez.org\/blog\/index.php\/2025\/05\/12\/el-expresionismo-historia\/\" target=\"_blank\" rel=\"noopener\">expresionismo<\/a> se centraran en la subjetividad y la fuerza emocional de la obra. Los artistas expresionistas adoptaron, en muchos casos, esta nueva visi\u00f3n del color para romper con esquemas fijos y plasmar de manera directa su mundo interior.<\/p>\n<p>Adem\u00e1s, la simplificaci\u00f3n de las formas y la p\u00e9rdida deliberada del detalle realista que promovieron los fauvistas anticiparon tendencias que llegar\u00edan a consolidarse en el cubismo y en el arte abstracto. Al ignorar la perspectiva tradicional y valorar la espontaneidad pict\u00f3rica, el fauvismo sent\u00f3 las bases para que otros movimientos experimentaran con la descomposici\u00f3n de la realidad y la fragmentaci\u00f3n de la imagen, <strong>reinterpretando la representaci\u00f3n visual en el arte moderno<\/strong>.<\/p>\n<p>El legado fauvista tambi\u00e9n se manifest\u00f3 en la actitud de rebeli\u00f3n est\u00e9tica, que invitaba a los artistas a cuestionar y replantear las normas acad\u00e9micas. Este esp\u00edritu cr\u00edtico y de innovaci\u00f3n se extendi\u00f3 al <a href=\"https:\/\/rafaramirez.org\/blog\/index.php\/2025\/09\/16\/el-surrealismo-descifrado\/\" target=\"_blank\" rel=\"noopener\">surrealismo<\/a> y al expresionismo abstracto, donde la libertad creativa se convirti\u00f3 en un objetivo primordial. As\u00ed, el \u00e9nfasis en la subjetividad y en la experimentaci\u00f3n con el color y la forma caracteriz\u00f3 una evoluci\u00f3n del arte hacia la <strong>liberaci\u00f3n de las estructuras r\u00edgidas<\/strong>, allanando el camino a una pluralidad de lenguajes visuales que a\u00fan resuena en el arte contempor\u00e1neo.<\/p>\n<p>El legado del fauvismo se manifiesta en la forma en que el arte moderno valora la inmediatez de la experiencia y la capacidad de comunicar sentimientos profundos a trav\u00e9s de medios visuales audaces.<\/p>\n<figure id=\"attachment_9488\" aria-describedby=\"caption-attachment-9488\" style=\"width: 300px\" class=\"wp-caption aligncenter\"><a href=\"https:\/\/rafaramirez.org\/blog\/wp-content\/uploads\/2025\/06\/Derain_et_Vlaminck_en_1942.jpg\" target=\"_blank\" rel=\"noopener\"><img loading=\"lazy\" decoding=\"async\" class=\"wp-image-9488 size-medium\" src=\"https:\/\/rafaramirez.org\/blog\/wp-content\/uploads\/2025\/06\/Derain_et_Vlaminck_en_1942-300x266.jpg\" alt=\"Los pintores Maurice de Vlaminck y Andr\u00e9 Derain (1942). Blog de Rafael Ram\u00edrez.\" width=\"300\" height=\"266\" srcset=\"https:\/\/rafaramirez.org\/blog\/wp-content\/uploads\/2025\/06\/Derain_et_Vlaminck_en_1942-300x266.jpg 300w, https:\/\/rafaramirez.org\/blog\/wp-content\/uploads\/2025\/06\/Derain_et_Vlaminck_en_1942.jpg 500w\" sizes=\"auto, (max-width: 300px) 100vw, 300px\" \/><\/a><figcaption id=\"caption-attachment-9488\" class=\"wp-caption-text\">Los pintores Maurice de Vlaminck y Andr\u00e9 Derain (1942). Blog de Rafael Ram\u00edrez.<\/figcaption><\/figure>\n<h3>Obras m\u00e1s representativas del fauvismo.<\/h3>\n<p>Las obras m\u00e1s representativas de la influencia del fauvismo son aquellas en las que se evidencia el uso revolucionario del color y la libertad en el tratamiento de la forma, caracter\u00edsticas que marcaron un antes y un despu\u00e9s en la historia del arte. Algunas de las m\u00e1s destacadas son:<\/p>\n<ol>\n<li><strong>Mujer con sombrero (1905), de Henri Matisse<\/strong>, fue emblem\u00e1tica por su audaz paleta crom\u00e1tica y su tratamiento casi arbitrario del color. La obra quebrant\u00f3 las normas tradicionales al trasladar la atenci\u00f3n del realismo a la emoci\u00f3n y la expresi\u00f3n, allanando el camino hacia una visi\u00f3n m\u00e1s subjetiva de la pintura moderna.\n<p><figure id=\"attachment_9476\" aria-describedby=\"caption-attachment-9476\" style=\"width: 221px\" class=\"wp-caption aligncenter\"><a href=\"https:\/\/rafaramirez.org\/blog\/wp-content\/uploads\/2025\/06\/Mujer-con-sombrero-1905_Henri-Matisse_RZ.jpg\" target=\"_blank\" rel=\"noopener\"><img loading=\"lazy\" decoding=\"async\" class=\"wp-image-9476 size-medium\" src=\"https:\/\/rafaramirez.org\/blog\/wp-content\/uploads\/2025\/06\/Mujer-con-sombrero-1905_Henri-Matisse_RZ-221x300.jpg\" alt=\"Mujer con sombrero (1905), de Henri Matisse. Blog de Rafael Ram\u00edrez.\" width=\"221\" height=\"300\" srcset=\"https:\/\/rafaramirez.org\/blog\/wp-content\/uploads\/2025\/06\/Mujer-con-sombrero-1905_Henri-Matisse_RZ-221x300.jpg 221w, https:\/\/rafaramirez.org\/blog\/wp-content\/uploads\/2025\/06\/Mujer-con-sombrero-1905_Henri-Matisse_RZ-753x1024.jpg 753w, https:\/\/rafaramirez.org\/blog\/wp-content\/uploads\/2025\/06\/Mujer-con-sombrero-1905_Henri-Matisse_RZ-768x1045.jpg 768w, https:\/\/rafaramirez.org\/blog\/wp-content\/uploads\/2025\/06\/Mujer-con-sombrero-1905_Henri-Matisse_RZ.jpg 882w\" sizes=\"auto, (max-width: 221px) 100vw, 221px\" \/><\/a><figcaption id=\"caption-attachment-9476\" class=\"wp-caption-text\">Mujer con sombrero (1905), de Henri Matisse. Blog de Rafael Ram\u00edrez.<\/figcaption><\/figure><\/li>\n<li><strong>La alegr\u00eda de vivir (1906), de Henri Matisse<\/strong>, es quiz\u00e1 uno de los ejemplos m\u00e1s impresionantes de c\u00f3mo el fauvismo celebra la expresividad del color para transmitir sensaciones y emociones. La composici\u00f3n, marcada por formas simplificadas y colores vibrantes, anticipa tendencias posteriores en el cubismo y el expresionismo, donde la impresi\u00f3n subjetiva del artista adquiere especial relevancia.\n<p><figure id=\"attachment_9477\" aria-describedby=\"caption-attachment-9477\" style=\"width: 300px\" class=\"wp-caption aligncenter\"><a href=\"https:\/\/rafaramirez.org\/blog\/wp-content\/uploads\/2025\/06\/La-alegria-de-vivir-1906_Henri-Matisse_RZ.jpg\" target=\"_blank\" rel=\"noopener\"><img loading=\"lazy\" decoding=\"async\" class=\"wp-image-9477 size-medium\" src=\"https:\/\/rafaramirez.org\/blog\/wp-content\/uploads\/2025\/06\/La-alegria-de-vivir-1906_Henri-Matisse_RZ-300x215.jpg\" alt=\"La alegr\u00eda de vivir (1906), de Henri Matisse. Blog de Rafael Ram\u00edrez.\" width=\"300\" height=\"215\" srcset=\"https:\/\/rafaramirez.org\/blog\/wp-content\/uploads\/2025\/06\/La-alegria-de-vivir-1906_Henri-Matisse_RZ-300x215.jpg 300w, https:\/\/rafaramirez.org\/blog\/wp-content\/uploads\/2025\/06\/La-alegria-de-vivir-1906_Henri-Matisse_RZ-1024x735.jpg 1024w, https:\/\/rafaramirez.org\/blog\/wp-content\/uploads\/2025\/06\/La-alegria-de-vivir-1906_Henri-Matisse_RZ-768x551.jpg 768w, https:\/\/rafaramirez.org\/blog\/wp-content\/uploads\/2025\/06\/La-alegria-de-vivir-1906_Henri-Matisse_RZ.jpg 1200w\" sizes=\"auto, (max-width: 300px) 100vw, 300px\" \/><\/a><figcaption id=\"caption-attachment-9477\" class=\"wp-caption-text\">La alegr\u00eda de vivir (1906), de Henri Matisse. Blog de Rafael Ram\u00edrez.<\/figcaption><\/figure><\/li>\n<li><strong>El r\u00edo Sena en Chatou (1906), de Maurice de Vlaminck<\/strong>. En esta obra, Vlaminck fusiona la abstracci\u00f3n y el naturalismo reinventado, plasmando paisajes con un uso del color intensamente emocional y una gestualidad que inspir\u00f3 el posterior desarrollo del <a href=\"https:\/\/rafaramirez.org\/blog\/index.php\/2025\/05\/12\/el-expresionismo-historia\/\" target=\"_blank\" rel=\"noopener\">expresionismo<\/a>. La pintura refleja la espontaneidad y la energ\u00eda del propio paisaje transformado a trav\u00e9s de la mirada fauvista.\n<p><figure id=\"attachment_9478\" aria-describedby=\"caption-attachment-9478\" style=\"width: 300px\" class=\"wp-caption aligncenter\"><a href=\"https:\/\/rafaramirez.org\/blog\/wp-content\/uploads\/2025\/06\/El-rio-Sena-en-Chatou-1906_Maurice-de-Vlaminck.jpg\" target=\"_blank\" rel=\"noopener\"><img loading=\"lazy\" decoding=\"async\" class=\"wp-image-9478 size-medium\" src=\"https:\/\/rafaramirez.org\/blog\/wp-content\/uploads\/2025\/06\/El-rio-Sena-en-Chatou-1906_Maurice-de-Vlaminck-300x243.jpg\" alt=\"El r\u00edo Sena en Chatou (1906), de Maurice de Vlaminck. Blog de Rafael Ram\u00edrez.\" width=\"300\" height=\"243\" srcset=\"https:\/\/rafaramirez.org\/blog\/wp-content\/uploads\/2025\/06\/El-rio-Sena-en-Chatou-1906_Maurice-de-Vlaminck-300x243.jpg 300w, https:\/\/rafaramirez.org\/blog\/wp-content\/uploads\/2025\/06\/El-rio-Sena-en-Chatou-1906_Maurice-de-Vlaminck.jpg 740w\" sizes=\"auto, (max-width: 300px) 100vw, 300px\" \/><\/a><figcaption id=\"caption-attachment-9478\" class=\"wp-caption-text\">El r\u00edo Sena en Chatou (1906), de Maurice de Vlaminck. Blog de Rafael Ram\u00edrez.<\/figcaption><\/figure><\/li>\n<li><strong>Pin\u00e8de \u00e0 Cassis (1907), de Andr\u00e9 Derain<\/strong>. Esta obra se reconoce por el tratamiento audaz que el artista hace del paisaje, en el que el color se utiliza de manera aut\u00f3noma y se deslinda de cualquier funci\u00f3n meramente descriptiva. La forma en que Derain represent\u00f3 la naturaleza supuso una innovaci\u00f3n en el arte moderno, allanando el camino hacia una abstracci\u00f3n progresiva en el lenguaje pict\u00f3rico.\n<p><figure id=\"attachment_9482\" aria-describedby=\"caption-attachment-9482\" style=\"width: 300px\" class=\"wp-caption aligncenter\"><a href=\"https:\/\/rafaramirez.org\/blog\/wp-content\/uploads\/2025\/06\/Pinede-a-Cassis-1907-\u2013-Andre-Derain.jpg\" target=\"_blank\" rel=\"noopener\"><img loading=\"lazy\" decoding=\"async\" class=\"wp-image-9482 size-medium\" src=\"https:\/\/rafaramirez.org\/blog\/wp-content\/uploads\/2025\/06\/Pinede-a-Cassis-1907-\u2013-Andre-Derain-300x248.jpg\" alt=\"Pin\u00e8de \u00e0 Cassis (1907) de Andr\u00e9 Derain. Blog de Rafael Ram\u00edrez.\" width=\"300\" height=\"248\" srcset=\"https:\/\/rafaramirez.org\/blog\/wp-content\/uploads\/2025\/06\/Pinede-a-Cassis-1907-\u2013-Andre-Derain-300x248.jpg 300w, https:\/\/rafaramirez.org\/blog\/wp-content\/uploads\/2025\/06\/Pinede-a-Cassis-1907-\u2013-Andre-Derain-768x636.jpg 768w, https:\/\/rafaramirez.org\/blog\/wp-content\/uploads\/2025\/06\/Pinede-a-Cassis-1907-\u2013-Andre-Derain.jpg 800w\" sizes=\"auto, (max-width: 300px) 100vw, 300px\" \/><\/a><figcaption id=\"caption-attachment-9482\" class=\"wp-caption-text\">Pin\u00e8de \u00e0 Cassis (1907), de Andr\u00e9 Derain. Blog de Rafael Ram\u00edrez.<\/figcaption><\/figure><\/li>\n<li><strong>Yate en Le Havre decorado con banderas (1905), de Raoul Dufy<\/strong>. Aunque Dufy desarroll\u00f3 posteriormente un estilo pict\u00f3rico propio, sus primeras incursiones en el fauvismo siguen siendo un ejemplo de c\u00f3mo la liberaci\u00f3n del color y la pincelada gestual abrieron nuevas posibilidades expresivas que se dejaron sentir en movimientos art\u00edsticos posteriores, como el expresionismo abstracto.\n<p><figure id=\"attachment_9480\" aria-describedby=\"caption-attachment-9480\" style=\"width: 300px\" class=\"wp-caption aligncenter\"><a href=\"https:\/\/rafaramirez.org\/blog\/wp-content\/uploads\/2025\/06\/Yate-en-Le-Havre-decorado-con-banderas-1905_Raoul-Dufy.jpg\" target=\"_blank\" rel=\"noopener\"><img loading=\"lazy\" decoding=\"async\" class=\"wp-image-9480 size-medium\" src=\"https:\/\/rafaramirez.org\/blog\/wp-content\/uploads\/2025\/06\/Yate-en-Le-Havre-decorado-con-banderas-1905_Raoul-Dufy-300x253.jpg\" alt=\"Yate en Le Havre decorado con banderas (1905), de Raoul Dufy. Blog de Rafael Ram\u00edrez.\" width=\"300\" height=\"253\" srcset=\"https:\/\/rafaramirez.org\/blog\/wp-content\/uploads\/2025\/06\/Yate-en-Le-Havre-decorado-con-banderas-1905_Raoul-Dufy-300x253.jpg 300w, https:\/\/rafaramirez.org\/blog\/wp-content\/uploads\/2025\/06\/Yate-en-Le-Havre-decorado-con-banderas-1905_Raoul-Dufy-768x647.jpg 768w, https:\/\/rafaramirez.org\/blog\/wp-content\/uploads\/2025\/06\/Yate-en-Le-Havre-decorado-con-banderas-1905_Raoul-Dufy.jpg 800w\" sizes=\"auto, (max-width: 300px) 100vw, 300px\" \/><\/a><figcaption id=\"caption-attachment-9480\" class=\"wp-caption-text\">Yate en Le Havre decorado con banderas (1905), de Raoul Dufy. Blog de Rafael Ram\u00edrez.<\/figcaption><\/figure><\/li>\n<\/ol>\n<p>Cada una de estas obras no solo encapsula la esencia del fauvismo, sino que tambi\u00e9n demostr\u00f3 el potencial de romper con la tradici\u00f3n acad\u00e9mica y explorar nuevas formas de expresi\u00f3n. La exaltaci\u00f3n del color y la libertad en la composici\u00f3n instauradas por los fauvistas resonaron en diversas corrientes posteriores, influenciando desde el <a href=\"https:\/\/rafaramirez.org\/blog\/index.php\/2025\/05\/12\/el-expresionismo-historia\/\" target=\"_blank\" rel=\"noopener\">expresionismo<\/a> hasta los movimientos abstractos, ya que permit\u00edan que la obra transmitiera la emoci\u00f3n y la subjetividad del artista de una forma mucho m\u00e1s directa e innovadora.<\/p>\n<p>M\u00e1s informaci\u00f3n:<\/p>\n<ul>\n<li><a href=\"https:\/\/es.wikipedia.org\/wiki\/Fovismo\" target=\"_blank\" rel=\"noopener\">Fovismo &#8211; Wikipedia, la enciclopedia libre<\/a>.<\/li>\n<li><a href=\"https:\/\/humanidades.com\/fauvismo\/\" target=\"_blank\" rel=\"noopener\">Fauvismo: que es, origen, y caracter\u00edsticas &#8211; Enciclopedia Humanidades.<\/a><\/li>\n<li><a href=\"https:\/\/officialglobalart.com\/movimientos\/fauvismo\/\" target=\"_blank\" rel=\"noopener\">Fauvismo &#8211; Pintura, Caracter\u00edsticas, Obras y Artistas &#8211; Global Art<\/a> .<\/li>\n<li><a href=\"https:\/\/nuevaescuelamexicana.org\/fauvismo\/\" target=\"_blank\" rel=\"noopener\">Fauvismo: origen, influencias, caracter\u00edsticas y final &#8211; Nueva Escuela Mexicana<\/a>.<\/li>\n<li><a href=\"https:\/\/rafaramirez.org\/blog\/index.php\/category\/arte\/historia-del-arte\/\" target=\"_blank\" rel=\"noopener\">M\u00e1s historia del arte e historia de otros pintores<\/a>.<\/li>\n<\/ul>\n","protected":false},"excerpt":{"rendered":"<p>El fauvismo es un movimiento pict\u00f3rico surgido en Francia entre 1904 y 1908, que se caracteriza por un uso audaz y arbitrario del color. Los artistas fauvistas rompieron con las convenciones tradicionales al utilizar tonalidades intensas y contrastantes para expresar sensaciones y emociones, y dotar al color de un car\u00e1cter casi musical en la composici\u00f3n [&hellip;]<\/p>\n","protected":false},"author":3,"featured_media":9484,"comment_status":"open","ping_status":"closed","sticky":false,"template":"","format":"standard","meta":{"site-container-style":"default","site-container-layout":"default","site-sidebar-layout":"default","disable-article-header":"default","disable-site-header":"default","disable-site-footer":"default","disable-content-area-spacing":"default","_jetpack_newsletter_access":"","_jetpack_dont_email_post_to_subs":false,"_jetpack_newsletter_tier_id":0,"_jetpack_memberships_contains_paywalled_content":false,"_jetpack_feature_clip_id":0,"_jetpack_memberships_contains_paid_content":false,"footnotes":"","jetpack_publicize_message":"","jetpack_publicize_feature_enabled":true,"jetpack_social_post_already_shared":true,"jetpack_social_options":{"image_generator_settings":{"template":"highway","default_image_id":0,"font":"","enabled":false},"version":2},"jetpack_post_was_ever_published":false},"categories":[1290],"tags":[4323,4324,4319,4322,748,200,4025,3748,4321,4320,4318,4325],"class_list":["post-9470","post","type-post","status-publish","format-standard","has-post-thumbnail","hentry","category-historia-del-arte","tag-4323","tag-4324","tag-andre-derain","tag-fauvisme","tag-fauvismo","tag-francia","tag-henri-matisse","tag-historia-de-la-pintura","tag-louis-vauxcelles","tag-maurice-de-vlaminck","tag-pintores-fauvistas","tag-raoul-dufy"],"yoast_head":"<!-- This site is optimized with the Yoast SEO plugin v28.4 - https:\/\/yoast.com\/product\/yoast-seo-wordpress\/ -->\n<title>El fauvismo o c\u00f3mo romper con la tradici\u00f3n acad\u00e9mica y explorar nuevas formas de expresi\u00f3n. - Blog de Rafael Ram\u00edrez<\/title>\n<meta name=\"description\" content=\"El fauvismo es un movimiento pict\u00f3rico surgido en Francia entre 1904 y 1908, que se caracteriza por un uso audaz y arbitrario del color.\" \/>\n<meta name=\"robots\" content=\"index, follow, max-snippet:-1, max-image-preview:large, max-video-preview:-1\" \/>\n<link rel=\"canonical\" href=\"https:\/\/rafaramirez.org\/blog\/index.php\/2025\/06\/18\/fauvismo-historia-del-arte\/\" \/>\n<meta property=\"og:locale\" content=\"es_ES\" \/>\n<meta property=\"og:type\" content=\"article\" \/>\n<meta property=\"og:title\" content=\"El fauvismo o c\u00f3mo romper con la tradici\u00f3n acad\u00e9mica y explorar nuevas formas de expresi\u00f3n. - Blog de Rafael Ram\u00edrez\" \/>\n<meta property=\"og:description\" content=\"El fauvismo es un movimiento pict\u00f3rico surgido en Francia entre 1904 y 1908, que se caracteriza por un uso audaz y arbitrario del color.\" \/>\n<meta property=\"og:url\" content=\"https:\/\/rafaramirez.org\/blog\/index.php\/2025\/06\/18\/fauvismo-historia-del-arte\/\" \/>\n<meta property=\"og:site_name\" content=\"Blog de Rafael Ram\u00edrez\" \/>\n<meta property=\"article:published_time\" content=\"2025-06-18T06:00:49+00:00\" \/>\n<meta property=\"article:modified_time\" content=\"2026-07-14T09:43:18+00:00\" \/>\n<meta property=\"og:image\" content=\"https:\/\/rafaramirez.org\/blog\/wp-content\/uploads\/2025\/06\/El_Fauvismo_bannerblog.jpg\" \/>\n\t<meta property=\"og:image:width\" content=\"720\" \/>\n\t<meta property=\"og:image:height\" content=\"440\" \/>\n\t<meta property=\"og:image:type\" content=\"image\/jpeg\" \/>\n<meta name=\"author\" content=\"Documentaci\u00f3n e investigaci\u00f3n\" \/>\n<meta name=\"twitter:card\" content=\"summary_large_image\" \/>\n<meta name=\"twitter:site\" content=\"@rafaramirez_ok\" \/>\n<meta name=\"twitter:label1\" content=\"Escrito por\" \/>\n\t<meta name=\"twitter:data1\" content=\"Documentaci\u00f3n e investigaci\u00f3n\" \/>\n\t<meta name=\"twitter:label2\" content=\"Tiempo de lectura\" \/>\n\t<meta name=\"twitter:data2\" content=\"9 minutos\" \/>\n<script type=\"application\/ld+json\" class=\"yoast-schema-graph\">{\"@context\":\"https:\\\/\\\/schema.org\",\"@graph\":[{\"@type\":\"Article\",\"@id\":\"https:\\\/\\\/rafaramirez.org\\\/blog\\\/index.php\\\/2025\\\/06\\\/18\\\/fauvismo-historia-del-arte\\\/#article\",\"isPartOf\":{\"@id\":\"https:\\\/\\\/rafaramirez.org\\\/blog\\\/index.php\\\/2025\\\/06\\\/18\\\/fauvismo-historia-del-arte\\\/\"},\"author\":{\"name\":\"Documentaci\u00f3n e investigaci\u00f3n\",\"@id\":\"https:\\\/\\\/rafaramirez.org\\\/blog\\\/#\\\/schema\\\/person\\\/8debd05b3d9a1d16fb21af726811617d\"},\"headline\":\"El fauvismo o c\u00f3mo romper con la tradici\u00f3n acad\u00e9mica y explorar nuevas formas de expresi\u00f3n.\",\"datePublished\":\"2025-06-18T06:00:49+00:00\",\"dateModified\":\"2026-07-14T09:43:18+00:00\",\"mainEntityOfPage\":{\"@id\":\"https:\\\/\\\/rafaramirez.org\\\/blog\\\/index.php\\\/2025\\\/06\\\/18\\\/fauvismo-historia-del-arte\\\/\"},\"wordCount\":1612,\"commentCount\":0,\"publisher\":{\"@id\":\"https:\\\/\\\/rafaramirez.org\\\/blog\\\/#\\\/schema\\\/person\\\/50f43b6d60c578760d4c17bda54ab6a5\"},\"image\":{\"@id\":\"https:\\\/\\\/rafaramirez.org\\\/blog\\\/index.php\\\/2025\\\/06\\\/18\\\/fauvismo-historia-del-arte\\\/#primaryimage\"},\"thumbnailUrl\":\"https:\\\/\\\/rafaramirez.org\\\/blog\\\/wp-content\\\/uploads\\\/2025\\\/06\\\/El_Fauvismo_bannerblog.jpg\",\"keywords\":[\"1904\",\"1908\",\"Andr\u00e9 Derain\",\"fauvisme\",\"fauvismo\",\"Francia\",\"Henri Matisse\",\"historia de la pintura\",\"Louis Vauxcelles\",\"Maurice de Vlaminck\",\"pintores fauvistas\",\"Raoul Dufy\"],\"articleSection\":[\"Historia del arte\"],\"inLanguage\":\"es\",\"potentialAction\":[{\"@type\":\"CommentAction\",\"name\":\"Comment\",\"target\":[\"https:\\\/\\\/rafaramirez.org\\\/blog\\\/index.php\\\/2025\\\/06\\\/18\\\/fauvismo-historia-del-arte\\\/#respond\"]}]},{\"@type\":\"WebPage\",\"@id\":\"https:\\\/\\\/rafaramirez.org\\\/blog\\\/index.php\\\/2025\\\/06\\\/18\\\/fauvismo-historia-del-arte\\\/\",\"url\":\"https:\\\/\\\/rafaramirez.org\\\/blog\\\/index.php\\\/2025\\\/06\\\/18\\\/fauvismo-historia-del-arte\\\/\",\"name\":\"El fauvismo o c\u00f3mo romper con la tradici\u00f3n acad\u00e9mica y explorar nuevas formas de expresi\u00f3n. - Blog de Rafael Ram\u00edrez\",\"isPartOf\":{\"@id\":\"https:\\\/\\\/rafaramirez.org\\\/blog\\\/#website\"},\"primaryImageOfPage\":{\"@id\":\"https:\\\/\\\/rafaramirez.org\\\/blog\\\/index.php\\\/2025\\\/06\\\/18\\\/fauvismo-historia-del-arte\\\/#primaryimage\"},\"image\":{\"@id\":\"https:\\\/\\\/rafaramirez.org\\\/blog\\\/index.php\\\/2025\\\/06\\\/18\\\/fauvismo-historia-del-arte\\\/#primaryimage\"},\"thumbnailUrl\":\"https:\\\/\\\/rafaramirez.org\\\/blog\\\/wp-content\\\/uploads\\\/2025\\\/06\\\/El_Fauvismo_bannerblog.jpg\",\"datePublished\":\"2025-06-18T06:00:49+00:00\",\"dateModified\":\"2026-07-14T09:43:18+00:00\",\"description\":\"El fauvismo es un movimiento pict\u00f3rico surgido en Francia entre 1904 y 1908, que se caracteriza por un uso audaz y arbitrario del color.\",\"breadcrumb\":{\"@id\":\"https:\\\/\\\/rafaramirez.org\\\/blog\\\/index.php\\\/2025\\\/06\\\/18\\\/fauvismo-historia-del-arte\\\/#breadcrumb\"},\"inLanguage\":\"es\",\"potentialAction\":[{\"@type\":\"ReadAction\",\"target\":[\"https:\\\/\\\/rafaramirez.org\\\/blog\\\/index.php\\\/2025\\\/06\\\/18\\\/fauvismo-historia-del-arte\\\/\"]}]},{\"@type\":\"ImageObject\",\"inLanguage\":\"es\",\"@id\":\"https:\\\/\\\/rafaramirez.org\\\/blog\\\/index.php\\\/2025\\\/06\\\/18\\\/fauvismo-historia-del-arte\\\/#primaryimage\",\"url\":\"https:\\\/\\\/rafaramirez.org\\\/blog\\\/wp-content\\\/uploads\\\/2025\\\/06\\\/El_Fauvismo_bannerblog.jpg\",\"contentUrl\":\"https:\\\/\\\/rafaramirez.org\\\/blog\\\/wp-content\\\/uploads\\\/2025\\\/06\\\/El_Fauvismo_bannerblog.jpg\",\"width\":720,\"height\":440,\"caption\":\"El Fauvismo. Historia del arte. Blog de Rafael Ram\u00edrez.\"},{\"@type\":\"BreadcrumbList\",\"@id\":\"https:\\\/\\\/rafaramirez.org\\\/blog\\\/index.php\\\/2025\\\/06\\\/18\\\/fauvismo-historia-del-arte\\\/#breadcrumb\",\"itemListElement\":[{\"@type\":\"ListItem\",\"position\":1,\"name\":\"Portada\",\"item\":\"https:\\\/\\\/rafaramirez.org\\\/blog\\\/\"},{\"@type\":\"ListItem\",\"position\":2,\"name\":\"El fauvismo o c\u00f3mo romper con la tradici\u00f3n acad\u00e9mica y explorar nuevas formas de expresi\u00f3n.\"}]},{\"@type\":\"WebSite\",\"@id\":\"https:\\\/\\\/rafaramirez.org\\\/blog\\\/#website\",\"url\":\"https:\\\/\\\/rafaramirez.org\\\/blog\\\/\",\"name\":\"Blog de Rafael Ram\u00edrez\",\"description\":\"Un sitio social, de arte y cultura\",\"publisher\":{\"@id\":\"https:\\\/\\\/rafaramirez.org\\\/blog\\\/#\\\/schema\\\/person\\\/50f43b6d60c578760d4c17bda54ab6a5\"},\"potentialAction\":[{\"@type\":\"SearchAction\",\"target\":{\"@type\":\"EntryPoint\",\"urlTemplate\":\"https:\\\/\\\/rafaramirez.org\\\/blog\\\/?s={search_term_string}\"},\"query-input\":{\"@type\":\"PropertyValueSpecification\",\"valueRequired\":true,\"valueName\":\"search_term_string\"}}],\"inLanguage\":\"es\"},{\"@type\":[\"Person\",\"Organization\"],\"@id\":\"https:\\\/\\\/rafaramirez.org\\\/blog\\\/#\\\/schema\\\/person\\\/50f43b6d60c578760d4c17bda54ab6a5\",\"name\":\"Rafael Ram\u00edrez\",\"image\":{\"@type\":\"ImageObject\",\"inLanguage\":\"es\",\"@id\":\"https:\\\/\\\/rafaramirez.org\\\/blog\\\/wp-content\\\/uploads\\\/2024\\\/09\\\/RR_socialnetwork.jpg\",\"url\":\"https:\\\/\\\/rafaramirez.org\\\/blog\\\/wp-content\\\/uploads\\\/2024\\\/09\\\/RR_socialnetwork.jpg\",\"contentUrl\":\"https:\\\/\\\/rafaramirez.org\\\/blog\\\/wp-content\\\/uploads\\\/2024\\\/09\\\/RR_socialnetwork.jpg\",\"width\":600,\"height\":606,\"caption\":\"Rafael Ram\u00edrez\"},\"logo\":{\"@id\":\"https:\\\/\\\/rafaramirez.org\\\/blog\\\/wp-content\\\/uploads\\\/2024\\\/09\\\/RR_socialnetwork.jpg\"},\"sameAs\":[\"https:\\\/\\\/www.rafaramirez.org\\\/blog\",\"https:\\\/\\\/www.instagram.com\\\/rafaramirez_ok\\\/\",\"https:\\\/\\\/es.pinterest.com\\\/Ramirez_Rafa\\\/\",\"https:\\\/\\\/x.com\\\/rafaramirez_ok\"]},{\"@type\":\"Person\",\"@id\":\"https:\\\/\\\/rafaramirez.org\\\/blog\\\/#\\\/schema\\\/person\\\/8debd05b3d9a1d16fb21af726811617d\",\"name\":\"Documentaci\u00f3n e investigaci\u00f3n\",\"image\":{\"@type\":\"ImageObject\",\"inLanguage\":\"es\",\"@id\":\"https:\\\/\\\/secure.gravatar.com\\\/avatar\\\/fe70e496579a39c7a8fc4982b89275403b1092eb200623138a32daada9416911?s=96&d=mm&r=g\",\"url\":\"https:\\\/\\\/secure.gravatar.com\\\/avatar\\\/fe70e496579a39c7a8fc4982b89275403b1092eb200623138a32daada9416911?s=96&d=mm&r=g\",\"contentUrl\":\"https:\\\/\\\/secure.gravatar.com\\\/avatar\\\/fe70e496579a39c7a8fc4982b89275403b1092eb200623138a32daada9416911?s=96&d=mm&r=g\",\"caption\":\"Documentaci\u00f3n e investigaci\u00f3n\"},\"url\":\"https:\\\/\\\/rafaramirez.org\\\/blog\\\/index.php\\\/author\\\/admin\\\/\"}]}<\/script>\n<!-- \/ Yoast SEO plugin. -->","yoast_head_json":{"title":"El fauvismo o c\u00f3mo romper con la tradici\u00f3n acad\u00e9mica y explorar nuevas formas de expresi\u00f3n. - Blog de Rafael Ram\u00edrez","description":"El fauvismo es un movimiento pict\u00f3rico surgido en Francia entre 1904 y 1908, que se caracteriza por un uso audaz y arbitrario del color.","robots":{"index":"index","follow":"follow","max-snippet":"max-snippet:-1","max-image-preview":"max-image-preview:large","max-video-preview":"max-video-preview:-1"},"canonical":"https:\/\/rafaramirez.org\/blog\/index.php\/2025\/06\/18\/fauvismo-historia-del-arte\/","og_locale":"es_ES","og_type":"article","og_title":"El fauvismo o c\u00f3mo romper con la tradici\u00f3n acad\u00e9mica y explorar nuevas formas de expresi\u00f3n. - Blog de Rafael Ram\u00edrez","og_description":"El fauvismo es un movimiento pict\u00f3rico surgido en Francia entre 1904 y 1908, que se caracteriza por un uso audaz y arbitrario del color.","og_url":"https:\/\/rafaramirez.org\/blog\/index.php\/2025\/06\/18\/fauvismo-historia-del-arte\/","og_site_name":"Blog de Rafael Ram\u00edrez","article_published_time":"2025-06-18T06:00:49+00:00","article_modified_time":"2026-07-14T09:43:18+00:00","og_image":[{"width":720,"height":440,"url":"https:\/\/rafaramirez.org\/blog\/wp-content\/uploads\/2025\/06\/El_Fauvismo_bannerblog.jpg","type":"image\/jpeg"}],"author":"Documentaci\u00f3n e investigaci\u00f3n","twitter_card":"summary_large_image","twitter_site":"@rafaramirez_ok","twitter_misc":{"Escrito por":"Documentaci\u00f3n e investigaci\u00f3n","Tiempo de lectura":"9 minutos"},"schema":{"@context":"https:\/\/schema.org","@graph":[{"@type":"Article","@id":"https:\/\/rafaramirez.org\/blog\/index.php\/2025\/06\/18\/fauvismo-historia-del-arte\/#article","isPartOf":{"@id":"https:\/\/rafaramirez.org\/blog\/index.php\/2025\/06\/18\/fauvismo-historia-del-arte\/"},"author":{"name":"Documentaci\u00f3n e investigaci\u00f3n","@id":"https:\/\/rafaramirez.org\/blog\/#\/schema\/person\/8debd05b3d9a1d16fb21af726811617d"},"headline":"El fauvismo o c\u00f3mo romper con la tradici\u00f3n acad\u00e9mica y explorar nuevas formas de expresi\u00f3n.","datePublished":"2025-06-18T06:00:49+00:00","dateModified":"2026-07-14T09:43:18+00:00","mainEntityOfPage":{"@id":"https:\/\/rafaramirez.org\/blog\/index.php\/2025\/06\/18\/fauvismo-historia-del-arte\/"},"wordCount":1612,"commentCount":0,"publisher":{"@id":"https:\/\/rafaramirez.org\/blog\/#\/schema\/person\/50f43b6d60c578760d4c17bda54ab6a5"},"image":{"@id":"https:\/\/rafaramirez.org\/blog\/index.php\/2025\/06\/18\/fauvismo-historia-del-arte\/#primaryimage"},"thumbnailUrl":"https:\/\/rafaramirez.org\/blog\/wp-content\/uploads\/2025\/06\/El_Fauvismo_bannerblog.jpg","keywords":["1904","1908","Andr\u00e9 Derain","fauvisme","fauvismo","Francia","Henri Matisse","historia de la pintura","Louis Vauxcelles","Maurice de Vlaminck","pintores fauvistas","Raoul Dufy"],"articleSection":["Historia del arte"],"inLanguage":"es","potentialAction":[{"@type":"CommentAction","name":"Comment","target":["https:\/\/rafaramirez.org\/blog\/index.php\/2025\/06\/18\/fauvismo-historia-del-arte\/#respond"]}]},{"@type":"WebPage","@id":"https:\/\/rafaramirez.org\/blog\/index.php\/2025\/06\/18\/fauvismo-historia-del-arte\/","url":"https:\/\/rafaramirez.org\/blog\/index.php\/2025\/06\/18\/fauvismo-historia-del-arte\/","name":"El fauvismo o c\u00f3mo romper con la tradici\u00f3n acad\u00e9mica y explorar nuevas formas de expresi\u00f3n. - Blog de Rafael Ram\u00edrez","isPartOf":{"@id":"https:\/\/rafaramirez.org\/blog\/#website"},"primaryImageOfPage":{"@id":"https:\/\/rafaramirez.org\/blog\/index.php\/2025\/06\/18\/fauvismo-historia-del-arte\/#primaryimage"},"image":{"@id":"https:\/\/rafaramirez.org\/blog\/index.php\/2025\/06\/18\/fauvismo-historia-del-arte\/#primaryimage"},"thumbnailUrl":"https:\/\/rafaramirez.org\/blog\/wp-content\/uploads\/2025\/06\/El_Fauvismo_bannerblog.jpg","datePublished":"2025-06-18T06:00:49+00:00","dateModified":"2026-07-14T09:43:18+00:00","description":"El fauvismo es un movimiento pict\u00f3rico surgido en Francia entre 1904 y 1908, que se caracteriza por un uso audaz y arbitrario del color.","breadcrumb":{"@id":"https:\/\/rafaramirez.org\/blog\/index.php\/2025\/06\/18\/fauvismo-historia-del-arte\/#breadcrumb"},"inLanguage":"es","potentialAction":[{"@type":"ReadAction","target":["https:\/\/rafaramirez.org\/blog\/index.php\/2025\/06\/18\/fauvismo-historia-del-arte\/"]}]},{"@type":"ImageObject","inLanguage":"es","@id":"https:\/\/rafaramirez.org\/blog\/index.php\/2025\/06\/18\/fauvismo-historia-del-arte\/#primaryimage","url":"https:\/\/rafaramirez.org\/blog\/wp-content\/uploads\/2025\/06\/El_Fauvismo_bannerblog.jpg","contentUrl":"https:\/\/rafaramirez.org\/blog\/wp-content\/uploads\/2025\/06\/El_Fauvismo_bannerblog.jpg","width":720,"height":440,"caption":"El Fauvismo. Historia del arte. Blog de Rafael Ram\u00edrez."},{"@type":"BreadcrumbList","@id":"https:\/\/rafaramirez.org\/blog\/index.php\/2025\/06\/18\/fauvismo-historia-del-arte\/#breadcrumb","itemListElement":[{"@type":"ListItem","position":1,"name":"Portada","item":"https:\/\/rafaramirez.org\/blog\/"},{"@type":"ListItem","position":2,"name":"El fauvismo o c\u00f3mo romper con la tradici\u00f3n acad\u00e9mica y explorar nuevas formas de expresi\u00f3n."}]},{"@type":"WebSite","@id":"https:\/\/rafaramirez.org\/blog\/#website","url":"https:\/\/rafaramirez.org\/blog\/","name":"Blog de Rafael Ram\u00edrez","description":"Un sitio social, de arte y cultura","publisher":{"@id":"https:\/\/rafaramirez.org\/blog\/#\/schema\/person\/50f43b6d60c578760d4c17bda54ab6a5"},"potentialAction":[{"@type":"SearchAction","target":{"@type":"EntryPoint","urlTemplate":"https:\/\/rafaramirez.org\/blog\/?s={search_term_string}"},"query-input":{"@type":"PropertyValueSpecification","valueRequired":true,"valueName":"search_term_string"}}],"inLanguage":"es"},{"@type":["Person","Organization"],"@id":"https:\/\/rafaramirez.org\/blog\/#\/schema\/person\/50f43b6d60c578760d4c17bda54ab6a5","name":"Rafael Ram\u00edrez","image":{"@type":"ImageObject","inLanguage":"es","@id":"https:\/\/rafaramirez.org\/blog\/wp-content\/uploads\/2024\/09\/RR_socialnetwork.jpg","url":"https:\/\/rafaramirez.org\/blog\/wp-content\/uploads\/2024\/09\/RR_socialnetwork.jpg","contentUrl":"https:\/\/rafaramirez.org\/blog\/wp-content\/uploads\/2024\/09\/RR_socialnetwork.jpg","width":600,"height":606,"caption":"Rafael Ram\u00edrez"},"logo":{"@id":"https:\/\/rafaramirez.org\/blog\/wp-content\/uploads\/2024\/09\/RR_socialnetwork.jpg"},"sameAs":["https:\/\/www.rafaramirez.org\/blog","https:\/\/www.instagram.com\/rafaramirez_ok\/","https:\/\/es.pinterest.com\/Ramirez_Rafa\/","https:\/\/x.com\/rafaramirez_ok"]},{"@type":"Person","@id":"https:\/\/rafaramirez.org\/blog\/#\/schema\/person\/8debd05b3d9a1d16fb21af726811617d","name":"Documentaci\u00f3n e investigaci\u00f3n","image":{"@type":"ImageObject","inLanguage":"es","@id":"https:\/\/secure.gravatar.com\/avatar\/fe70e496579a39c7a8fc4982b89275403b1092eb200623138a32daada9416911?s=96&d=mm&r=g","url":"https:\/\/secure.gravatar.com\/avatar\/fe70e496579a39c7a8fc4982b89275403b1092eb200623138a32daada9416911?s=96&d=mm&r=g","contentUrl":"https:\/\/secure.gravatar.com\/avatar\/fe70e496579a39c7a8fc4982b89275403b1092eb200623138a32daada9416911?s=96&d=mm&r=g","caption":"Documentaci\u00f3n e investigaci\u00f3n"},"url":"https:\/\/rafaramirez.org\/blog\/index.php\/author\/admin\/"}]}},"jetpack_publicize_connections":[],"jetpack_sharing_enabled":true,"jetpack_likes_enabled":true,"jetpack_featured_media_url":"https:\/\/rafaramirez.org\/blog\/wp-content\/uploads\/2025\/06\/El_Fauvismo_bannerblog.jpg","_links":{"self":[{"href":"https:\/\/rafaramirez.org\/blog\/index.php\/wp-json\/wp\/v2\/posts\/9470","targetHints":{"allow":["GET"]}}],"collection":[{"href":"https:\/\/rafaramirez.org\/blog\/index.php\/wp-json\/wp\/v2\/posts"}],"about":[{"href":"https:\/\/rafaramirez.org\/blog\/index.php\/wp-json\/wp\/v2\/types\/post"}],"author":[{"embeddable":true,"href":"https:\/\/rafaramirez.org\/blog\/index.php\/wp-json\/wp\/v2\/users\/3"}],"replies":[{"embeddable":true,"href":"https:\/\/rafaramirez.org\/blog\/index.php\/wp-json\/wp\/v2\/comments?post=9470"}],"version-history":[{"count":17,"href":"https:\/\/rafaramirez.org\/blog\/index.php\/wp-json\/wp\/v2\/posts\/9470\/revisions"}],"predecessor-version":[{"id":11648,"href":"https:\/\/rafaramirez.org\/blog\/index.php\/wp-json\/wp\/v2\/posts\/9470\/revisions\/11648"}],"wp:featuredmedia":[{"embeddable":true,"href":"https:\/\/rafaramirez.org\/blog\/index.php\/wp-json\/wp\/v2\/media\/9484"}],"wp:attachment":[{"href":"https:\/\/rafaramirez.org\/blog\/index.php\/wp-json\/wp\/v2\/media?parent=9470"}],"wp:term":[{"taxonomy":"category","embeddable":true,"href":"https:\/\/rafaramirez.org\/blog\/index.php\/wp-json\/wp\/v2\/categories?post=9470"},{"taxonomy":"post_tag","embeddable":true,"href":"https:\/\/rafaramirez.org\/blog\/index.php\/wp-json\/wp\/v2\/tags?post=9470"}],"curies":[{"name":"wp","href":"https:\/\/api.w.org\/{rel}","templated":true}]}}