{"id":9428,"date":"2025-06-12T08:00:14","date_gmt":"2025-06-12T06:00:14","guid":{"rendered":"https:\/\/rafaramirez.org\/blog\/?p=9428"},"modified":"2025-05-27T11:54:36","modified_gmt":"2025-05-27T09:54:36","slug":"dia-mundial-contra-el-trabajo-infantil","status":"publish","type":"post","link":"https:\/\/rafaramirez.org\/blog\/index.php\/2025\/06\/12\/dia-mundial-contra-el-trabajo-infantil\/","title":{"rendered":"D\u00eda Mundial contra el Trabajo Infantil: alrededor de 160 millones de ni\u00f1os en el mundo siguen trabajando."},"content":{"rendered":"<p>El <strong>D\u00eda Mundial contra el Trabajo Infantil<\/strong> es una jornada global de sensibilizaci\u00f3n destinada a denunciar y erradicar una de las injusticias m\u00e1s graves: la <strong>explotaci\u00f3n laboral de los ni\u00f1os<\/strong>. La conmemoraci\u00f3n del 12 de junio cada a\u00f1o es el resultado de d\u00e9cadas de lucha y compromiso internacional que ganaron \u00edmpetu con la adopci\u00f3n de instrumentos fundamentales por parte de organismos internacionales. Por ejemplo, el Convenio n.\u00ba 182 de la <strong>Organizaci\u00f3n Internacional del Trabajo<\/strong> (OIT) sobre las peores formas de trabajo infantil, adoptado en 1999, se convirti\u00f3 en un referente clave, reforzado posteriormente por la inclusi\u00f3n de la meta de eliminar el trabajo infantil en todos sus aspectos dentro de los <strong>Objetivos de Desarrollo Sostenible<\/strong> (ODS) para el a\u00f1o 2025. Esta fecha invita a gobiernos, organizaciones y sociedad civil a reflexionar sobre los avances conseguidos y las brechas a\u00fan existentes en la protecci\u00f3n de los derechos de la infancia.<\/p>\n<figure id=\"attachment_4732\" aria-describedby=\"caption-attachment-4732\" style=\"width: 300px\" class=\"wp-caption aligncenter\"><a href=\"https:\/\/rafaramirez.org\/blog\/wp-content\/uploads\/2024\/06\/dia_mundial_contra_el_trabajo_infantil_banner.jpg\" target=\"_blank\" rel=\"noopener\"><img loading=\"lazy\" decoding=\"async\" class=\"wp-image-4732 size-medium\" src=\"https:\/\/rafaramirez.org\/blog\/wp-content\/uploads\/2024\/06\/dia_mundial_contra_el_trabajo_infantil_banner-300x200.jpg\" alt=\"D\u00eda Mundial contra el Trabajo Infantil. Blog de Rafael Ram\u00edrez.\" width=\"300\" height=\"200\" srcset=\"https:\/\/rafaramirez.org\/blog\/wp-content\/uploads\/2024\/06\/dia_mundial_contra_el_trabajo_infantil_banner-300x200.jpg 300w, https:\/\/rafaramirez.org\/blog\/wp-content\/uploads\/2024\/06\/dia_mundial_contra_el_trabajo_infantil_banner.jpg 750w\" sizes=\"auto, (max-width: 300px) 100vw, 300px\" \/><\/a><figcaption id=\"caption-attachment-4732\" class=\"wp-caption-text\">D\u00eda Mundial contra el Trabajo Infantil. 12 de junio. Blog de Rafael Ram\u00edrez. (Foto: Pixabay).<\/figcaption><\/figure>\n<p>El trabajo infantil es un problema complejo y multifac\u00e9tico. En muchos rincones del mundo, millones de ni\u00f1os se ven obligados a trabajar en condiciones peligrosas o degradantes, lo que les roba la oportunidad de disfrutar de su infancia, acceder a una educaci\u00f3n de calidad y desarrollarse de manera integral. Factores como la pobreza, la falta de acceso a servicios b\u00e1sicos y la vulnerabilidad social se combinan para perpetuar este ciclo de explotaci\u00f3n. Se estima que, a nivel mundial, alrededor de <strong>160 millones de ni\u00f1os siguen trabajando<\/strong>, lo que representa casi 1 de cada 10 ni\u00f1os, siendo las <strong>regiones de \u00c1frica y Asia-Pac\u00edfico<\/strong> las que registran cifras particularmente alarmantes. Esta situaci\u00f3n no solo vulnera derechos humanos b\u00e1sicos, sino que tambi\u00e9n contribuye a la persistencia del ciclo de la pobreza intergeneracional.<\/p>\n<figure id=\"attachment_4733\" aria-describedby=\"caption-attachment-4733\" style=\"width: 300px\" class=\"wp-caption aligncenter\"><a href=\"https:\/\/rafaramirez.org\/blog\/wp-content\/uploads\/2024\/06\/dia_mundial_contra_el_trabajo_infantil_1.jpg\" target=\"_blank\" rel=\"noopener\"><img loading=\"lazy\" decoding=\"async\" class=\"wp-image-4733 size-medium\" src=\"https:\/\/rafaramirez.org\/blog\/wp-content\/uploads\/2024\/06\/dia_mundial_contra_el_trabajo_infantil_1-300x200.jpg\" alt=\"D\u00eda Mundial contra el Trabajo Infantil. Blog de Rafael Ram\u00edrez.\" width=\"300\" height=\"200\" srcset=\"https:\/\/rafaramirez.org\/blog\/wp-content\/uploads\/2024\/06\/dia_mundial_contra_el_trabajo_infantil_1-300x200.jpg 300w, https:\/\/rafaramirez.org\/blog\/wp-content\/uploads\/2024\/06\/dia_mundial_contra_el_trabajo_infantil_1-1024x683.jpg 1024w, https:\/\/rafaramirez.org\/blog\/wp-content\/uploads\/2024\/06\/dia_mundial_contra_el_trabajo_infantil_1-768x512.jpg 768w, https:\/\/rafaramirez.org\/blog\/wp-content\/uploads\/2024\/06\/dia_mundial_contra_el_trabajo_infantil_1-1536x1024.jpg 1536w, https:\/\/rafaramirez.org\/blog\/wp-content\/uploads\/2024\/06\/dia_mundial_contra_el_trabajo_infantil_1.jpg 1920w\" sizes=\"auto, (max-width: 300px) 100vw, 300px\" \/><\/a><figcaption id=\"caption-attachment-4733\" class=\"wp-caption-text\">D\u00eda Mundial contra el Trabajo Infantil. 12 de junio. Blog de Rafael Ram\u00edrez. (Foto: Pixabay).<\/figcaption><\/figure>\n<p>Para el a\u00f1o 2025, esta conmemoraci\u00f3n adquiere una relevancia especial, ya que se espera la publicaci\u00f3n del informe conjunto de la OIT y UNICEF, que presentar\u00e1 nuevas estimaciones y tendencias del trabajo infantil. Este hito es crucial para orientar pol\u00edticas y estrategias que aceleren la erradicaci\u00f3n de esta problem\u00e1tica. En consonancia con este desaf\u00edo, el lema para el D\u00eda Mundial contra el Trabajo Infantil de 2025 es:<\/p>\n<p><strong>\u00abLos avances son claros, pero a\u00fan queda mucho por hacer: \u00a1Aceleremos nuestros esfuerzos!\u00bb<\/strong><\/p>\n<p>Este lema refleja tanto el reconocimiento de los progresos conseguidos como la urgente necesidad de intensificar las acciones y compromisos a nivel global, regional y local para garantizar un futuro en el que ning\u00fan ni\u00f1o se vea obligado a trabajar en condiciones que atenten contra su desarrollo y bienestar.<\/p>\n<p>Adem\u00e1s de denunciar la realidad del trabajo infantil, este d\u00eda sirve para impulsar debates y movilizar a la sociedad. Las campa\u00f1as y eventos asociados no solo buscan informar sobre las cifras y causas del fen\u00f3meno, sino tambi\u00e9n movilizar a la sociedad para exigir reformas estructurales en \u00e1reas como la educaci\u00f3n, la protecci\u00f3n social y las legislaciones laborales. Todo ello con el objetivo de lograr un mundo donde la infancia se preserve y se promueva como la base esencial para el desarrollo humano y social.<\/p>\n<figure id=\"attachment_4734\" aria-describedby=\"caption-attachment-4734\" style=\"width: 300px\" class=\"wp-caption aligncenter\"><a href=\"https:\/\/rafaramirez.org\/blog\/wp-content\/uploads\/2024\/06\/dia_mundial_contra_el_trabajo_infantil_2.jpg\" target=\"_blank\" rel=\"noopener\"><img loading=\"lazy\" decoding=\"async\" class=\"wp-image-4734 size-medium\" src=\"https:\/\/rafaramirez.org\/blog\/wp-content\/uploads\/2024\/06\/dia_mundial_contra_el_trabajo_infantil_2-300x200.jpg\" alt=\"D\u00eda Mundial contra el Trabajo Infantil. Blog de Rafael Ram\u00edrez.\" width=\"300\" height=\"200\" srcset=\"https:\/\/rafaramirez.org\/blog\/wp-content\/uploads\/2024\/06\/dia_mundial_contra_el_trabajo_infantil_2-300x200.jpg 300w, https:\/\/rafaramirez.org\/blog\/wp-content\/uploads\/2024\/06\/dia_mundial_contra_el_trabajo_infantil_2-1024x684.jpg 1024w, https:\/\/rafaramirez.org\/blog\/wp-content\/uploads\/2024\/06\/dia_mundial_contra_el_trabajo_infantil_2-768x513.jpg 768w, https:\/\/rafaramirez.org\/blog\/wp-content\/uploads\/2024\/06\/dia_mundial_contra_el_trabajo_infantil_2-1536x1026.jpg 1536w, https:\/\/rafaramirez.org\/blog\/wp-content\/uploads\/2024\/06\/dia_mundial_contra_el_trabajo_infantil_2.jpg 1920w\" sizes=\"auto, (max-width: 300px) 100vw, 300px\" \/><\/a><figcaption id=\"caption-attachment-4734\" class=\"wp-caption-text\">D\u00eda Mundial contra el Trabajo Infantil. 12 de junio. Blog de Rafael Ram\u00edrez. (Foto: Pixabay).<\/figcaption><\/figure>\n<p data-sourcepos=\"29:1-29:117\">M\u00e1s informaci\u00f3n:<\/p>\n<ul data-sourcepos=\"31:1-33:185\">\n<li data-sourcepos=\"31:1-31:207\"><a href=\"https:\/\/www.ilo.org\/es\/temas\/trabajo-infantil\/campana-y-sensibilizacion-sobre-el-trabajo-infantil\/dia-mundial-contra-el-trabajo-infantil\" target=\"_blank\" rel=\"noopener\">D\u00eda Mundial contra el Trabajo Infantil | International Labour Organization<\/a>.<\/li>\n<li data-sourcepos=\"32:1-32:207\"><strong><a href=\"https:\/\/www.un.org\/es\/observances\/World-Day-Against-Child-Labour\" target=\"_blank\" rel=\"noopener\">D\u00eda Mundial contra el Trabajo Infantil | Naciones Unidas<\/a>. \u00a0<\/strong><\/li>\n<li data-sourcepos=\"33:1-33:185\"><strong><a href=\"https:\/\/www.unicef.es\/causas\/trabajo-infantil\" target=\"_blank\" rel=\"noopener\">Trabajo infantil | UNICEF<\/a>.\u00a0<\/strong><\/li>\n<li data-sourcepos=\"33:1-33:185\"><a href=\"https:\/\/rafaramirez.org\/blog\/index.php\/category\/noticias-sociales\/\" target=\"_blank\" rel=\"noopener\">M\u00e1s informes sociales<\/a>.<\/li>\n<li data-sourcepos=\"33:1-33:185\"><a href=\"https:\/\/rafaramirez.org\/blog\/index.php\/category\/arte\/efemerides\/\" target=\"_blank\" rel=\"noopener\">Otras efem\u00e9rides<\/a>.<\/li>\n<\/ul>\n","protected":false},"excerpt":{"rendered":"<p>El D\u00eda Mundial contra el Trabajo Infantil es una jornada global de sensibilizaci\u00f3n destinada a denunciar y erradicar una de las injusticias m\u00e1s graves: la explotaci\u00f3n laboral de los ni\u00f1os. La conmemoraci\u00f3n del 12 de junio cada a\u00f1o es el resultado de d\u00e9cadas de lucha y compromiso internacional que ganaron \u00edmpetu con la adopci\u00f3n de [&hellip;]<\/p>\n","protected":false},"author":3,"featured_media":9430,"comment_status":"open","ping_status":"closed","sticky":false,"template":"","format":"standard","meta":{"site-container-style":"default","site-container-layout":"default","site-sidebar-layout":"default","disable-article-header":"default","disable-site-header":"default","disable-site-footer":"default","disable-content-area-spacing":"default","_jetpack_newsletter_access":"","_jetpack_dont_email_post_to_subs":false,"_jetpack_newsletter_tier_id":0,"_jetpack_memberships_contains_paywalled_content":false,"_jetpack_feature_clip_id":0,"_jetpack_memberships_contains_paid_content":false,"footnotes":"","jetpack_publicize_message":"","jetpack_publicize_feature_enabled":true,"jetpack_social_post_already_shared":true,"jetpack_social_options":{"image_generator_settings":{"template":"highway","default_image_id":0,"font":"","enabled":false},"version":2},"jetpack_post_was_ever_published":false},"categories":[1291,15],"tags":[932,3002,4216,2392,2388,142,2389,1323,2390,2387,2386,2330,3132,2384,2383,2391],"class_list":["post-9428","post","type-post","status-publish","format-standard","has-post-thumbnail","hentry","category-efemerides","category-noticias-sociales","tag-12-de-junio","tag-3002","tag-4216","tag-construir-un-futuro","tag-derechos-de-los-ninos","tag-dia-mundial-contra-el-trabajo-infantil","tag-educacion","tag-efemerides","tag-erradicacion-del-trabajo-infantil","tag-jornada-reivindicativa","tag-luchar-contra-el-trabajo-infantil","tag-objetivos-de-desarrollo-sostenible","tag-ods","tag-oit","tag-organizacion-internacional-del-trabajo","tag-proteger-a-los-ninos-y-ninas"],"yoast_head":"<!-- This site is optimized with the Yoast SEO plugin v28.4 - https:\/\/yoast.com\/product\/yoast-seo-wordpress\/ -->\n<title>D\u00eda Mundial contra el Trabajo Infantil: alrededor de 160 millones de ni\u00f1os en el mundo siguen trabajando. - Blog de Rafael Ram\u00edrez<\/title>\n<meta name=\"description\" content=\"El D\u00eda Mundial contra el Trabajo Infantil es una jornada de sensibilizaci\u00f3n destinada a denunciar y erradicar la explotaci\u00f3n laboral de los ni\u00f1os.\" \/>\n<meta name=\"robots\" content=\"index, follow, max-snippet:-1, max-image-preview:large, max-video-preview:-1\" \/>\n<link rel=\"canonical\" href=\"https:\/\/rafaramirez.org\/blog\/index.php\/2025\/06\/12\/dia-mundial-contra-el-trabajo-infantil\/\" \/>\n<meta property=\"og:locale\" content=\"es_ES\" \/>\n<meta property=\"og:type\" content=\"article\" \/>\n<meta property=\"og:title\" content=\"D\u00eda Mundial contra el Trabajo Infantil: alrededor de 160 millones de ni\u00f1os en el mundo siguen trabajando. - Blog de Rafael Ram\u00edrez\" \/>\n<meta property=\"og:description\" content=\"El D\u00eda Mundial contra el Trabajo Infantil es una jornada de sensibilizaci\u00f3n destinada a denunciar y erradicar la explotaci\u00f3n laboral de los ni\u00f1os.\" \/>\n<meta property=\"og:url\" content=\"https:\/\/rafaramirez.org\/blog\/index.php\/2025\/06\/12\/dia-mundial-contra-el-trabajo-infantil\/\" \/>\n<meta property=\"og:site_name\" content=\"Blog de Rafael Ram\u00edrez\" \/>\n<meta property=\"article:published_time\" content=\"2025-06-12T06:00:14+00:00\" \/>\n<meta property=\"og:image\" content=\"https:\/\/rafaramirez.org\/blog\/wp-content\/uploads\/2025\/06\/Dia_Mundial_contra_el_Trabajo_Infantil_bannerblog.jpg\" \/>\n\t<meta property=\"og:image:width\" content=\"720\" \/>\n\t<meta property=\"og:image:height\" content=\"440\" \/>\n\t<meta property=\"og:image:type\" content=\"image\/jpeg\" \/>\n<meta name=\"author\" content=\"Documentaci\u00f3n e investigaci\u00f3n\" \/>\n<meta name=\"twitter:card\" content=\"summary_large_image\" \/>\n<meta name=\"twitter:site\" content=\"@rafaramirez_ok\" \/>\n<meta name=\"twitter:label1\" content=\"Escrito por\" \/>\n\t<meta name=\"twitter:data1\" content=\"Documentaci\u00f3n e investigaci\u00f3n\" \/>\n\t<meta name=\"twitter:label2\" content=\"Tiempo de lectura\" \/>\n\t<meta name=\"twitter:data2\" content=\"4 minutos\" \/>\n<script type=\"application\/ld+json\" class=\"yoast-schema-graph\">{\"@context\":\"https:\\\/\\\/schema.org\",\"@graph\":[{\"@type\":\"Article\",\"@id\":\"https:\\\/\\\/rafaramirez.org\\\/blog\\\/index.php\\\/2025\\\/06\\\/12\\\/dia-mundial-contra-el-trabajo-infantil\\\/#article\",\"isPartOf\":{\"@id\":\"https:\\\/\\\/rafaramirez.org\\\/blog\\\/index.php\\\/2025\\\/06\\\/12\\\/dia-mundial-contra-el-trabajo-infantil\\\/\"},\"author\":{\"name\":\"Documentaci\u00f3n e investigaci\u00f3n\",\"@id\":\"https:\\\/\\\/rafaramirez.org\\\/blog\\\/#\\\/schema\\\/person\\\/8debd05b3d9a1d16fb21af726811617d\"},\"headline\":\"D\u00eda Mundial contra el Trabajo Infantil: alrededor de 160 millones de ni\u00f1os en el mundo siguen trabajando.\",\"datePublished\":\"2025-06-12T06:00:14+00:00\",\"mainEntityOfPage\":{\"@id\":\"https:\\\/\\\/rafaramirez.org\\\/blog\\\/index.php\\\/2025\\\/06\\\/12\\\/dia-mundial-contra-el-trabajo-infantil\\\/\"},\"wordCount\":645,\"commentCount\":0,\"publisher\":{\"@id\":\"https:\\\/\\\/rafaramirez.org\\\/blog\\\/#\\\/schema\\\/person\\\/50f43b6d60c578760d4c17bda54ab6a5\"},\"image\":{\"@id\":\"https:\\\/\\\/rafaramirez.org\\\/blog\\\/index.php\\\/2025\\\/06\\\/12\\\/dia-mundial-contra-el-trabajo-infantil\\\/#primaryimage\"},\"thumbnailUrl\":\"https:\\\/\\\/rafaramirez.org\\\/blog\\\/wp-content\\\/uploads\\\/2025\\\/06\\\/Dia_Mundial_contra_el_Trabajo_Infantil_bannerblog.jpg\",\"keywords\":[\"12 de junio\",\"1999\",\"2025\",\"construir un futuro\",\"derechos de los ni\u00f1os\",\"D\u00eda Mundial contra el Trabajo Infantil\",\"educaci\u00f3n\",\"efem\u00e9rides\",\"erradicaci\u00f3n del trabajo infantil\",\"jornada reivindicativa\",\"luchar contra el trabajo infantil\",\"Objetivos de Desarrollo Sostenible\",\"ODS\",\"OIT\",\"Organizaci\u00f3n Internacional del Trabajo\",\"proteger a los ni\u00f1os y ni\u00f1as\"],\"articleSection\":[\"Efem\u00e9rides\",\"Informe social\"],\"inLanguage\":\"es\",\"potentialAction\":[{\"@type\":\"CommentAction\",\"name\":\"Comment\",\"target\":[\"https:\\\/\\\/rafaramirez.org\\\/blog\\\/index.php\\\/2025\\\/06\\\/12\\\/dia-mundial-contra-el-trabajo-infantil\\\/#respond\"]}]},{\"@type\":\"WebPage\",\"@id\":\"https:\\\/\\\/rafaramirez.org\\\/blog\\\/index.php\\\/2025\\\/06\\\/12\\\/dia-mundial-contra-el-trabajo-infantil\\\/\",\"url\":\"https:\\\/\\\/rafaramirez.org\\\/blog\\\/index.php\\\/2025\\\/06\\\/12\\\/dia-mundial-contra-el-trabajo-infantil\\\/\",\"name\":\"D\u00eda Mundial contra el Trabajo Infantil: alrededor de 160 millones de ni\u00f1os en el mundo siguen trabajando. - Blog de Rafael Ram\u00edrez\",\"isPartOf\":{\"@id\":\"https:\\\/\\\/rafaramirez.org\\\/blog\\\/#website\"},\"primaryImageOfPage\":{\"@id\":\"https:\\\/\\\/rafaramirez.org\\\/blog\\\/index.php\\\/2025\\\/06\\\/12\\\/dia-mundial-contra-el-trabajo-infantil\\\/#primaryimage\"},\"image\":{\"@id\":\"https:\\\/\\\/rafaramirez.org\\\/blog\\\/index.php\\\/2025\\\/06\\\/12\\\/dia-mundial-contra-el-trabajo-infantil\\\/#primaryimage\"},\"thumbnailUrl\":\"https:\\\/\\\/rafaramirez.org\\\/blog\\\/wp-content\\\/uploads\\\/2025\\\/06\\\/Dia_Mundial_contra_el_Trabajo_Infantil_bannerblog.jpg\",\"datePublished\":\"2025-06-12T06:00:14+00:00\",\"description\":\"El D\u00eda Mundial contra el Trabajo Infantil es una jornada de sensibilizaci\u00f3n destinada a denunciar y erradicar la explotaci\u00f3n laboral de los ni\u00f1os.\",\"breadcrumb\":{\"@id\":\"https:\\\/\\\/rafaramirez.org\\\/blog\\\/index.php\\\/2025\\\/06\\\/12\\\/dia-mundial-contra-el-trabajo-infantil\\\/#breadcrumb\"},\"inLanguage\":\"es\",\"potentialAction\":[{\"@type\":\"ReadAction\",\"target\":[\"https:\\\/\\\/rafaramirez.org\\\/blog\\\/index.php\\\/2025\\\/06\\\/12\\\/dia-mundial-contra-el-trabajo-infantil\\\/\"]}]},{\"@type\":\"ImageObject\",\"inLanguage\":\"es\",\"@id\":\"https:\\\/\\\/rafaramirez.org\\\/blog\\\/index.php\\\/2025\\\/06\\\/12\\\/dia-mundial-contra-el-trabajo-infantil\\\/#primaryimage\",\"url\":\"https:\\\/\\\/rafaramirez.org\\\/blog\\\/wp-content\\\/uploads\\\/2025\\\/06\\\/Dia_Mundial_contra_el_Trabajo_Infantil_bannerblog.jpg\",\"contentUrl\":\"https:\\\/\\\/rafaramirez.org\\\/blog\\\/wp-content\\\/uploads\\\/2025\\\/06\\\/Dia_Mundial_contra_el_Trabajo_Infantil_bannerblog.jpg\",\"width\":720,\"height\":440,\"caption\":\"D\u00eda Mundial contra el Trabajo Infantil. 12 de junio. Blog de Rafael Ram\u00edrez.\"},{\"@type\":\"BreadcrumbList\",\"@id\":\"https:\\\/\\\/rafaramirez.org\\\/blog\\\/index.php\\\/2025\\\/06\\\/12\\\/dia-mundial-contra-el-trabajo-infantil\\\/#breadcrumb\",\"itemListElement\":[{\"@type\":\"ListItem\",\"position\":1,\"name\":\"Portada\",\"item\":\"https:\\\/\\\/rafaramirez.org\\\/blog\\\/\"},{\"@type\":\"ListItem\",\"position\":2,\"name\":\"D\u00eda Mundial contra el Trabajo Infantil: alrededor de 160 millones de ni\u00f1os en el mundo siguen trabajando.\"}]},{\"@type\":\"WebSite\",\"@id\":\"https:\\\/\\\/rafaramirez.org\\\/blog\\\/#website\",\"url\":\"https:\\\/\\\/rafaramirez.org\\\/blog\\\/\",\"name\":\"Blog de Rafael Ram\u00edrez\",\"description\":\"Un sitio social, de arte y cultura\",\"publisher\":{\"@id\":\"https:\\\/\\\/rafaramirez.org\\\/blog\\\/#\\\/schema\\\/person\\\/50f43b6d60c578760d4c17bda54ab6a5\"},\"potentialAction\":[{\"@type\":\"SearchAction\",\"target\":{\"@type\":\"EntryPoint\",\"urlTemplate\":\"https:\\\/\\\/rafaramirez.org\\\/blog\\\/?s={search_term_string}\"},\"query-input\":{\"@type\":\"PropertyValueSpecification\",\"valueRequired\":true,\"valueName\":\"search_term_string\"}}],\"inLanguage\":\"es\"},{\"@type\":[\"Person\",\"Organization\"],\"@id\":\"https:\\\/\\\/rafaramirez.org\\\/blog\\\/#\\\/schema\\\/person\\\/50f43b6d60c578760d4c17bda54ab6a5\",\"name\":\"Rafael Ram\u00edrez\",\"image\":{\"@type\":\"ImageObject\",\"inLanguage\":\"es\",\"@id\":\"https:\\\/\\\/rafaramirez.org\\\/blog\\\/wp-content\\\/uploads\\\/2024\\\/09\\\/RR_socialnetwork.jpg\",\"url\":\"https:\\\/\\\/rafaramirez.org\\\/blog\\\/wp-content\\\/uploads\\\/2024\\\/09\\\/RR_socialnetwork.jpg\",\"contentUrl\":\"https:\\\/\\\/rafaramirez.org\\\/blog\\\/wp-content\\\/uploads\\\/2024\\\/09\\\/RR_socialnetwork.jpg\",\"width\":600,\"height\":606,\"caption\":\"Rafael Ram\u00edrez\"},\"logo\":{\"@id\":\"https:\\\/\\\/rafaramirez.org\\\/blog\\\/wp-content\\\/uploads\\\/2024\\\/09\\\/RR_socialnetwork.jpg\"},\"sameAs\":[\"https:\\\/\\\/www.rafaramirez.org\\\/blog\",\"https:\\\/\\\/www.instagram.com\\\/rafaramirez_ok\\\/\",\"https:\\\/\\\/es.pinterest.com\\\/Ramirez_Rafa\\\/\",\"https:\\\/\\\/x.com\\\/rafaramirez_ok\"]},{\"@type\":\"Person\",\"@id\":\"https:\\\/\\\/rafaramirez.org\\\/blog\\\/#\\\/schema\\\/person\\\/8debd05b3d9a1d16fb21af726811617d\",\"name\":\"Documentaci\u00f3n e investigaci\u00f3n\",\"image\":{\"@type\":\"ImageObject\",\"inLanguage\":\"es\",\"@id\":\"https:\\\/\\\/secure.gravatar.com\\\/avatar\\\/fe70e496579a39c7a8fc4982b89275403b1092eb200623138a32daada9416911?s=96&d=mm&r=g\",\"url\":\"https:\\\/\\\/secure.gravatar.com\\\/avatar\\\/fe70e496579a39c7a8fc4982b89275403b1092eb200623138a32daada9416911?s=96&d=mm&r=g\",\"contentUrl\":\"https:\\\/\\\/secure.gravatar.com\\\/avatar\\\/fe70e496579a39c7a8fc4982b89275403b1092eb200623138a32daada9416911?s=96&d=mm&r=g\",\"caption\":\"Documentaci\u00f3n e investigaci\u00f3n\"},\"url\":\"https:\\\/\\\/rafaramirez.org\\\/blog\\\/index.php\\\/author\\\/admin\\\/\"}]}<\/script>\n<!-- \/ Yoast SEO plugin. -->","yoast_head_json":{"title":"D\u00eda Mundial contra el Trabajo Infantil: alrededor de 160 millones de ni\u00f1os en el mundo siguen trabajando. - Blog de Rafael Ram\u00edrez","description":"El D\u00eda Mundial contra el Trabajo Infantil es una jornada de sensibilizaci\u00f3n destinada a denunciar y erradicar la explotaci\u00f3n laboral de los ni\u00f1os.","robots":{"index":"index","follow":"follow","max-snippet":"max-snippet:-1","max-image-preview":"max-image-preview:large","max-video-preview":"max-video-preview:-1"},"canonical":"https:\/\/rafaramirez.org\/blog\/index.php\/2025\/06\/12\/dia-mundial-contra-el-trabajo-infantil\/","og_locale":"es_ES","og_type":"article","og_title":"D\u00eda Mundial contra el Trabajo Infantil: alrededor de 160 millones de ni\u00f1os en el mundo siguen trabajando. - Blog de Rafael Ram\u00edrez","og_description":"El D\u00eda Mundial contra el Trabajo Infantil es una jornada de sensibilizaci\u00f3n destinada a denunciar y erradicar la explotaci\u00f3n laboral de los ni\u00f1os.","og_url":"https:\/\/rafaramirez.org\/blog\/index.php\/2025\/06\/12\/dia-mundial-contra-el-trabajo-infantil\/","og_site_name":"Blog de Rafael Ram\u00edrez","article_published_time":"2025-06-12T06:00:14+00:00","og_image":[{"width":720,"height":440,"url":"https:\/\/rafaramirez.org\/blog\/wp-content\/uploads\/2025\/06\/Dia_Mundial_contra_el_Trabajo_Infantil_bannerblog.jpg","type":"image\/jpeg"}],"author":"Documentaci\u00f3n e investigaci\u00f3n","twitter_card":"summary_large_image","twitter_site":"@rafaramirez_ok","twitter_misc":{"Escrito por":"Documentaci\u00f3n e investigaci\u00f3n","Tiempo de lectura":"4 minutos"},"schema":{"@context":"https:\/\/schema.org","@graph":[{"@type":"Article","@id":"https:\/\/rafaramirez.org\/blog\/index.php\/2025\/06\/12\/dia-mundial-contra-el-trabajo-infantil\/#article","isPartOf":{"@id":"https:\/\/rafaramirez.org\/blog\/index.php\/2025\/06\/12\/dia-mundial-contra-el-trabajo-infantil\/"},"author":{"name":"Documentaci\u00f3n e investigaci\u00f3n","@id":"https:\/\/rafaramirez.org\/blog\/#\/schema\/person\/8debd05b3d9a1d16fb21af726811617d"},"headline":"D\u00eda Mundial contra el Trabajo Infantil: alrededor de 160 millones de ni\u00f1os en el mundo siguen trabajando.","datePublished":"2025-06-12T06:00:14+00:00","mainEntityOfPage":{"@id":"https:\/\/rafaramirez.org\/blog\/index.php\/2025\/06\/12\/dia-mundial-contra-el-trabajo-infantil\/"},"wordCount":645,"commentCount":0,"publisher":{"@id":"https:\/\/rafaramirez.org\/blog\/#\/schema\/person\/50f43b6d60c578760d4c17bda54ab6a5"},"image":{"@id":"https:\/\/rafaramirez.org\/blog\/index.php\/2025\/06\/12\/dia-mundial-contra-el-trabajo-infantil\/#primaryimage"},"thumbnailUrl":"https:\/\/rafaramirez.org\/blog\/wp-content\/uploads\/2025\/06\/Dia_Mundial_contra_el_Trabajo_Infantil_bannerblog.jpg","keywords":["12 de junio","1999","2025","construir un futuro","derechos de los ni\u00f1os","D\u00eda Mundial contra el Trabajo Infantil","educaci\u00f3n","efem\u00e9rides","erradicaci\u00f3n del trabajo infantil","jornada reivindicativa","luchar contra el trabajo infantil","Objetivos de Desarrollo Sostenible","ODS","OIT","Organizaci\u00f3n Internacional del Trabajo","proteger a los ni\u00f1os y ni\u00f1as"],"articleSection":["Efem\u00e9rides","Informe social"],"inLanguage":"es","potentialAction":[{"@type":"CommentAction","name":"Comment","target":["https:\/\/rafaramirez.org\/blog\/index.php\/2025\/06\/12\/dia-mundial-contra-el-trabajo-infantil\/#respond"]}]},{"@type":"WebPage","@id":"https:\/\/rafaramirez.org\/blog\/index.php\/2025\/06\/12\/dia-mundial-contra-el-trabajo-infantil\/","url":"https:\/\/rafaramirez.org\/blog\/index.php\/2025\/06\/12\/dia-mundial-contra-el-trabajo-infantil\/","name":"D\u00eda Mundial contra el Trabajo Infantil: alrededor de 160 millones de ni\u00f1os en el mundo siguen trabajando. - Blog de Rafael Ram\u00edrez","isPartOf":{"@id":"https:\/\/rafaramirez.org\/blog\/#website"},"primaryImageOfPage":{"@id":"https:\/\/rafaramirez.org\/blog\/index.php\/2025\/06\/12\/dia-mundial-contra-el-trabajo-infantil\/#primaryimage"},"image":{"@id":"https:\/\/rafaramirez.org\/blog\/index.php\/2025\/06\/12\/dia-mundial-contra-el-trabajo-infantil\/#primaryimage"},"thumbnailUrl":"https:\/\/rafaramirez.org\/blog\/wp-content\/uploads\/2025\/06\/Dia_Mundial_contra_el_Trabajo_Infantil_bannerblog.jpg","datePublished":"2025-06-12T06:00:14+00:00","description":"El D\u00eda Mundial contra el Trabajo Infantil es una jornada de sensibilizaci\u00f3n destinada a denunciar y erradicar la explotaci\u00f3n laboral de los ni\u00f1os.","breadcrumb":{"@id":"https:\/\/rafaramirez.org\/blog\/index.php\/2025\/06\/12\/dia-mundial-contra-el-trabajo-infantil\/#breadcrumb"},"inLanguage":"es","potentialAction":[{"@type":"ReadAction","target":["https:\/\/rafaramirez.org\/blog\/index.php\/2025\/06\/12\/dia-mundial-contra-el-trabajo-infantil\/"]}]},{"@type":"ImageObject","inLanguage":"es","@id":"https:\/\/rafaramirez.org\/blog\/index.php\/2025\/06\/12\/dia-mundial-contra-el-trabajo-infantil\/#primaryimage","url":"https:\/\/rafaramirez.org\/blog\/wp-content\/uploads\/2025\/06\/Dia_Mundial_contra_el_Trabajo_Infantil_bannerblog.jpg","contentUrl":"https:\/\/rafaramirez.org\/blog\/wp-content\/uploads\/2025\/06\/Dia_Mundial_contra_el_Trabajo_Infantil_bannerblog.jpg","width":720,"height":440,"caption":"D\u00eda Mundial contra el Trabajo Infantil. 12 de junio. Blog de Rafael Ram\u00edrez."},{"@type":"BreadcrumbList","@id":"https:\/\/rafaramirez.org\/blog\/index.php\/2025\/06\/12\/dia-mundial-contra-el-trabajo-infantil\/#breadcrumb","itemListElement":[{"@type":"ListItem","position":1,"name":"Portada","item":"https:\/\/rafaramirez.org\/blog\/"},{"@type":"ListItem","position":2,"name":"D\u00eda Mundial contra el Trabajo Infantil: alrededor de 160 millones de ni\u00f1os en el mundo siguen trabajando."}]},{"@type":"WebSite","@id":"https:\/\/rafaramirez.org\/blog\/#website","url":"https:\/\/rafaramirez.org\/blog\/","name":"Blog de Rafael Ram\u00edrez","description":"Un sitio social, de arte y cultura","publisher":{"@id":"https:\/\/rafaramirez.org\/blog\/#\/schema\/person\/50f43b6d60c578760d4c17bda54ab6a5"},"potentialAction":[{"@type":"SearchAction","target":{"@type":"EntryPoint","urlTemplate":"https:\/\/rafaramirez.org\/blog\/?s={search_term_string}"},"query-input":{"@type":"PropertyValueSpecification","valueRequired":true,"valueName":"search_term_string"}}],"inLanguage":"es"},{"@type":["Person","Organization"],"@id":"https:\/\/rafaramirez.org\/blog\/#\/schema\/person\/50f43b6d60c578760d4c17bda54ab6a5","name":"Rafael Ram\u00edrez","image":{"@type":"ImageObject","inLanguage":"es","@id":"https:\/\/rafaramirez.org\/blog\/wp-content\/uploads\/2024\/09\/RR_socialnetwork.jpg","url":"https:\/\/rafaramirez.org\/blog\/wp-content\/uploads\/2024\/09\/RR_socialnetwork.jpg","contentUrl":"https:\/\/rafaramirez.org\/blog\/wp-content\/uploads\/2024\/09\/RR_socialnetwork.jpg","width":600,"height":606,"caption":"Rafael Ram\u00edrez"},"logo":{"@id":"https:\/\/rafaramirez.org\/blog\/wp-content\/uploads\/2024\/09\/RR_socialnetwork.jpg"},"sameAs":["https:\/\/www.rafaramirez.org\/blog","https:\/\/www.instagram.com\/rafaramirez_ok\/","https:\/\/es.pinterest.com\/Ramirez_Rafa\/","https:\/\/x.com\/rafaramirez_ok"]},{"@type":"Person","@id":"https:\/\/rafaramirez.org\/blog\/#\/schema\/person\/8debd05b3d9a1d16fb21af726811617d","name":"Documentaci\u00f3n e investigaci\u00f3n","image":{"@type":"ImageObject","inLanguage":"es","@id":"https:\/\/secure.gravatar.com\/avatar\/fe70e496579a39c7a8fc4982b89275403b1092eb200623138a32daada9416911?s=96&d=mm&r=g","url":"https:\/\/secure.gravatar.com\/avatar\/fe70e496579a39c7a8fc4982b89275403b1092eb200623138a32daada9416911?s=96&d=mm&r=g","contentUrl":"https:\/\/secure.gravatar.com\/avatar\/fe70e496579a39c7a8fc4982b89275403b1092eb200623138a32daada9416911?s=96&d=mm&r=g","caption":"Documentaci\u00f3n e investigaci\u00f3n"},"url":"https:\/\/rafaramirez.org\/blog\/index.php\/author\/admin\/"}]}},"jetpack_publicize_connections":[],"jetpack_sharing_enabled":true,"jetpack_likes_enabled":true,"jetpack_featured_media_url":"https:\/\/rafaramirez.org\/blog\/wp-content\/uploads\/2025\/06\/Dia_Mundial_contra_el_Trabajo_Infantil_bannerblog.jpg","_links":{"self":[{"href":"https:\/\/rafaramirez.org\/blog\/index.php\/wp-json\/wp\/v2\/posts\/9428","targetHints":{"allow":["GET"]}}],"collection":[{"href":"https:\/\/rafaramirez.org\/blog\/index.php\/wp-json\/wp\/v2\/posts"}],"about":[{"href":"https:\/\/rafaramirez.org\/blog\/index.php\/wp-json\/wp\/v2\/types\/post"}],"author":[{"embeddable":true,"href":"https:\/\/rafaramirez.org\/blog\/index.php\/wp-json\/wp\/v2\/users\/3"}],"replies":[{"embeddable":true,"href":"https:\/\/rafaramirez.org\/blog\/index.php\/wp-json\/wp\/v2\/comments?post=9428"}],"version-history":[{"count":4,"href":"https:\/\/rafaramirez.org\/blog\/index.php\/wp-json\/wp\/v2\/posts\/9428\/revisions"}],"predecessor-version":[{"id":9433,"href":"https:\/\/rafaramirez.org\/blog\/index.php\/wp-json\/wp\/v2\/posts\/9428\/revisions\/9433"}],"wp:featuredmedia":[{"embeddable":true,"href":"https:\/\/rafaramirez.org\/blog\/index.php\/wp-json\/wp\/v2\/media\/9430"}],"wp:attachment":[{"href":"https:\/\/rafaramirez.org\/blog\/index.php\/wp-json\/wp\/v2\/media?parent=9428"}],"wp:term":[{"taxonomy":"category","embeddable":true,"href":"https:\/\/rafaramirez.org\/blog\/index.php\/wp-json\/wp\/v2\/categories?post=9428"},{"taxonomy":"post_tag","embeddable":true,"href":"https:\/\/rafaramirez.org\/blog\/index.php\/wp-json\/wp\/v2\/tags?post=9428"}],"curies":[{"name":"wp","href":"https:\/\/api.w.org\/{rel}","templated":true}]}}