{"id":9372,"date":"2025-06-08T08:00:46","date_gmt":"2025-06-08T06:00:46","guid":{"rendered":"https:\/\/rafaramirez.org\/blog\/?p=9372"},"modified":"2025-05-21T12:17:12","modified_gmt":"2025-05-21T10:17:12","slug":"dia-mundial-de-los-oceanos-2025","status":"publish","type":"post","link":"https:\/\/rafaramirez.org\/blog\/index.php\/2025\/06\/08\/dia-mundial-de-los-oceanos-2025\/","title":{"rendered":"D\u00eda Mundial de los Oc\u00e9anos 2025: destacando su papel esencial en nuestra existencia y en el equilibrio del planeta."},"content":{"rendered":"<p>El <strong>D\u00eda Mundial de los Oc\u00e9anos<\/strong> se celebra cada a\u00f1o el 8 de junio y su objetivo es concienciar sobre la importancia de los oc\u00e9anos para la vida en la Tierra. En 2025, el lema elegido para esta jornada es <strong>\u00abMaravillas oce\u00e1nicas: conservar lo que nos sostiene\u00bb<\/strong>. Este lema destaca la belleza y el misterio del oc\u00e9ano, as\u00ed como su papel esencial en nuestra existencia y en el equilibrio del planeta.<\/p>\n<p>El D\u00eda Mundial de los Oc\u00e9anos tambi\u00e9n sirve para recordar los desaf\u00edos a los que se enfrentan los ecosistemas marinos, como la sobreexplotaci\u00f3n de recursos, la contaminaci\u00f3n y el cambio clim\u00e1tico. En este contexto, se promueve la acci\u00f3n colectiva para proteger los oc\u00e9anos y garantizar su sostenibilidad para las generaciones futuras.<\/p>\n<h4 data-sourcepos=\"3:1-3:41\">Importancia de los oc\u00e9anos.<\/h4>\n<ul>\n<li data-sourcepos=\"3:1-3:41\">Son los pulmones de nuestro planeta, ya que producen el 50 % del ox\u00edgeno que respiramos.<\/li>\n<li data-sourcepos=\"3:1-3:41\">Regulan el clima: absorben el 30 % del di\u00f3xido de carbono que producimos.<\/li>\n<li data-sourcepos=\"3:1-3:41\">Son una fuente de alimento: proporcionan prote\u00ednas a m\u00e1s de 3000 millones de personas.<\/li>\n<li data-sourcepos=\"3:1-3:41\">Son fundamentales para la biodiversidad: albergan m\u00e1s del 80 % de las especies acu\u00e1ticas del planeta.<\/li>\n<li data-sourcepos=\"3:1-3:41\">Generan empleo: se estima que m\u00e1s de 40 millones de personas trabajan en sectores relacionados con los oc\u00e9anos.<\/li>\n<\/ul>\n<figure id=\"attachment_9377\" aria-describedby=\"caption-attachment-9377\" style=\"width: 300px\" class=\"wp-caption aligncenter\"><a href=\"https:\/\/rafaramirez.org\/blog\/wp-content\/uploads\/2025\/06\/fish-2580208.jpg\" target=\"_blank\" rel=\"noopener\"><img loading=\"lazy\" decoding=\"async\" class=\"wp-image-9377 size-medium\" src=\"https:\/\/rafaramirez.org\/blog\/wp-content\/uploads\/2025\/06\/fish-2580208-300x201.jpg\" alt=\"D\u00eda Mundial de los Oc\u00e9anos 2025, 8 de junio. Blog de Rafael Ram\u00edrez.\" width=\"300\" height=\"201\" srcset=\"https:\/\/rafaramirez.org\/blog\/wp-content\/uploads\/2025\/06\/fish-2580208-300x201.jpg 300w, https:\/\/rafaramirez.org\/blog\/wp-content\/uploads\/2025\/06\/fish-2580208-768x514.jpg 768w, https:\/\/rafaramirez.org\/blog\/wp-content\/uploads\/2025\/06\/fish-2580208.jpg 850w\" sizes=\"auto, (max-width: 300px) 100vw, 300px\" \/><\/a><figcaption id=\"caption-attachment-9377\" class=\"wp-caption-text\">D\u00eda Mundial de los Oc\u00e9anos 2025, 8 de junio. Blog de Rafael Ram\u00edrez.<\/figcaption><\/figure>\n<h4 data-sourcepos=\"11:1-11:40\">Amenazas a las que se enfrentan los oc\u00e9anos.<\/h4>\n<ul>\n<li data-sourcepos=\"11:1-11:40\">Contaminaci\u00f3n: La basura, los productos qu\u00edmicos y los derrames de petr\u00f3leo da\u00f1an los ecosistemas marinos.<\/li>\n<li data-sourcepos=\"11:1-11:40\">Sobrepesca: la pesca excesiva pone en peligro las poblaciones de peces.<\/li>\n<li data-sourcepos=\"11:1-11:40\">Temperatura: el aumento de la temperatura del agua y la acidificaci\u00f3n del oc\u00e9ano est\u00e1n da\u00f1ando los corales y otras especies.<\/li>\n<li data-sourcepos=\"11:1-11:40\">P\u00e9rdida de h\u00e1bitat: la destrucci\u00f3n de manglares y otros h\u00e1bitats costeros amenaza a las especies marinas.<\/li>\n<\/ul>\n<h4 data-sourcepos=\"18:1-18:49\">C\u00f3mo proteger los oc\u00e9anos.<\/h4>\n<ul>\n<li data-sourcepos=\"18:1-18:49\">Reducir nuestro consumo de pl\u00e1stico: evitar el uso de pl\u00e1sticos de un solo uso y reciclar siempre que sea posible.<\/li>\n<li data-sourcepos=\"18:1-18:49\">Comer pescado de manera responsable: elegir especies sostenibles y evitar el consumo de especies en peligro de extinci\u00f3n.<\/li>\n<li data-sourcepos=\"18:1-18:49\">Apoyar a las organizaciones que trabajan para proteger los oc\u00e9anos: en la medida de nuestras posibilidades, apoyar o ser voluntario en organizaciones que trabajan para conservar los ecosistemas marinos.<\/li>\n<li data-sourcepos=\"18:1-18:49\">Ense\u00f1ar a los dem\u00e1s sobre la importancia de los oc\u00e9anos: compartir informaci\u00f3n sobre las amenazas a las que se enfrentan y lo que podemos hacer para protegerlos.<\/li>\n<\/ul>\n<figure id=\"attachment_9378\" aria-describedby=\"caption-attachment-9378\" style=\"width: 300px\" class=\"wp-caption aligncenter\"><a href=\"https:\/\/rafaramirez.org\/blog\/wp-content\/uploads\/2025\/06\/sea-turtle-8890529.jpg\" target=\"_blank\" rel=\"noopener\"><img loading=\"lazy\" decoding=\"async\" class=\"wp-image-9378 size-medium\" src=\"https:\/\/rafaramirez.org\/blog\/wp-content\/uploads\/2025\/06\/sea-turtle-8890529-300x220.jpg\" alt=\"D\u00eda Mundial de los Oc\u00e9anos 2025, 8 de junio. Blog de Rafael Ram\u00edrez.\" width=\"300\" height=\"220\" srcset=\"https:\/\/rafaramirez.org\/blog\/wp-content\/uploads\/2025\/06\/sea-turtle-8890529-300x220.jpg 300w, https:\/\/rafaramirez.org\/blog\/wp-content\/uploads\/2025\/06\/sea-turtle-8890529-768x562.jpg 768w, https:\/\/rafaramirez.org\/blog\/wp-content\/uploads\/2025\/06\/sea-turtle-8890529.jpg 850w\" sizes=\"auto, (max-width: 300px) 100vw, 300px\" \/><\/a><figcaption id=\"caption-attachment-9378\" class=\"wp-caption-text\">D\u00eda Mundial de los Oc\u00e9anos 2025, 8 de junio. Blog de Rafael Ram\u00edrez.<\/figcaption><\/figure>\n<p data-sourcepos=\"25:1-25:319\">No olvidemos que el D\u00eda Mundial de los Oc\u00e9anos es una fecha clave para recordar la importancia de estos en nuestra vida: generan ox\u00edgeno, regulan el clima y albergan una biodiversidad incre\u00edble. Tambi\u00e9n busca concienciar sobre las amenazas a las que se enfrentan, como la contaminaci\u00f3n y el cambio clim\u00e1tico, y promover acciones para protegerlos. \ud83c\udf0a\ud83d\udc99<\/p>\n<p data-sourcepos=\"27:1-27:104\">M\u00e1s informaci\u00f3n:<\/p>\n<ul data-sourcepos=\"29:1-33:0\">\n<li data-sourcepos=\"29:1-29:120\"><a href=\"https:\/\/www.un.org\/es\/observances\/oceans-day\" target=\"_blank\" rel=\"noopener\">D\u00eda Mundial de los Oc\u00e9anos &#8211; ONU.\u00a0<\/a><\/li>\n<li data-sourcepos=\"29:1-29:120\"><a href=\"https:\/\/unworldoceansday.org\/\" target=\"_blank\" rel=\"noopener\">D\u00eda Mundial de los Oc\u00e9anos (Ingl\u00e9s) &#8211; ONU<\/a>.<\/li>\n<\/ul>\n<ul data-sourcepos=\"29:1-33:0\">\n<li data-sourcepos=\"31:1-31:149\"><a href=\"https:\/\/www.nationalgeographic.es\/ciencia\/oceanos\" target=\"_blank\" rel=\"noopener\">National Geographic Oc\u00e9anos<\/a>.<strong>\u00a0<\/strong><\/li>\n<li data-sourcepos=\"31:1-31:149\"><a href=\"https:\/\/rafaramirez.org\/blog\/index.php\/category\/arte\/efemerides\/\" target=\"_blank\" rel=\"noopener\">Otras efem\u00e9rides<\/a>.<\/li>\n<\/ul>\n","protected":false},"excerpt":{"rendered":"<p>El D\u00eda Mundial de los Oc\u00e9anos se celebra cada a\u00f1o el 8 de junio y su objetivo es concienciar sobre la importancia de los oc\u00e9anos para la vida en la Tierra. En 2025, el lema elegido para esta jornada es \u00abMaravillas oce\u00e1nicas: conservar lo que nos sostiene\u00bb. Este lema destaca la belleza y el misterio [&hellip;]<\/p>\n","protected":false},"author":1,"featured_media":9376,"comment_status":"open","ping_status":"closed","sticky":false,"template":"","format":"standard","meta":{"site-container-style":"default","site-container-layout":"default","site-sidebar-layout":"default","disable-article-header":"default","disable-site-header":"default","disable-site-footer":"default","disable-content-area-spacing":"default","_jetpack_newsletter_access":"","_jetpack_dont_email_post_to_subs":false,"_jetpack_newsletter_tier_id":0,"_jetpack_memberships_contains_paywalled_content":false,"_jetpack_feature_clip_id":0,"_jetpack_memberships_contains_paid_content":false,"footnotes":"","jetpack_publicize_message":"","jetpack_publicize_feature_enabled":true,"jetpack_social_post_already_shared":true,"jetpack_social_options":{"image_generator_settings":{"template":"highway","default_image_id":0,"font":"","enabled":false},"version":2},"jetpack_post_was_ever_published":false},"categories":[1291],"tags":[2351,2358,1713,2353,2352,2346,2343,2339,2355,2348,4303,2356,1323,2349,2350,1702,2342,2357,2354,2347,2340],"class_list":["post-9372","post","type-post","status-publish","format-standard","has-post-thumbnail","hentry","category-efemerides","tag-8-de-junio","tag-acidificacion","tag-asamblea-general-de-las-naciones-unidas","tag-basura","tag-concienciar","tag-conservacion","tag-consumo-de-plastico","tag-contaminacion","tag-derrames-de-petroleo","tag-dia-destacado","tag-dia-mundial-de-los-oceanos-2025","tag-ecosistemas-marinos","tag-efemerides","tag-mares","tag-oceanos","tag-onu","tag-perdida-de-habitat","tag-pesca-excesiva","tag-productos-quimicos","tag-regeneracion","tag-sobrepesca"],"yoast_head":"<!-- This site is optimized with the Yoast SEO plugin v28.4 - https:\/\/yoast.com\/product\/yoast-seo-wordpress\/ -->\n<title>D\u00eda Mundial de los Oc\u00e9anos 2025: destacando su papel esencial en nuestra existencia y en el equilibrio del planeta. - Blog de Rafael Ram\u00edrez<\/title>\n<meta name=\"description\" content=\"El D\u00eda Mundial de los Oc\u00e9anos 2025 se celebra el 8 de junio destacando la importancia de los oc\u00e9anos para la vida en la Tierra. El lema de...\" \/>\n<meta name=\"robots\" content=\"index, follow, max-snippet:-1, max-image-preview:large, max-video-preview:-1\" \/>\n<link rel=\"canonical\" href=\"https:\/\/rafaramirez.org\/blog\/index.php\/2025\/06\/08\/dia-mundial-de-los-oceanos-2025\/\" \/>\n<meta property=\"og:locale\" content=\"es_ES\" \/>\n<meta property=\"og:type\" content=\"article\" \/>\n<meta property=\"og:title\" content=\"D\u00eda Mundial de los Oc\u00e9anos 2025: destacando su papel esencial en nuestra existencia y en el equilibrio del planeta. - Blog de Rafael Ram\u00edrez\" \/>\n<meta property=\"og:description\" content=\"El D\u00eda Mundial de los Oc\u00e9anos 2025 se celebra el 8 de junio destacando la importancia de los oc\u00e9anos para la vida en la Tierra. El lema de...\" \/>\n<meta property=\"og:url\" content=\"https:\/\/rafaramirez.org\/blog\/index.php\/2025\/06\/08\/dia-mundial-de-los-oceanos-2025\/\" \/>\n<meta property=\"og:site_name\" content=\"Blog de Rafael Ram\u00edrez\" \/>\n<meta property=\"article:published_time\" content=\"2025-06-08T06:00:46+00:00\" \/>\n<meta property=\"og:image\" content=\"https:\/\/rafaramirez.org\/blog\/wp-content\/uploads\/2025\/06\/Dia-Mundial-de-los-Oceanos_bannerblog.jpg\" \/>\n\t<meta property=\"og:image:width\" content=\"720\" \/>\n\t<meta property=\"og:image:height\" content=\"440\" \/>\n\t<meta property=\"og:image:type\" content=\"image\/jpeg\" \/>\n<meta name=\"author\" content=\"Rafael Ram\u00edrez\" \/>\n<meta name=\"twitter:card\" content=\"summary_large_image\" \/>\n<meta name=\"twitter:creator\" content=\"@rafaramirez_ok\" \/>\n<meta name=\"twitter:site\" content=\"@rafaramirez_ok\" \/>\n<meta name=\"twitter:label1\" content=\"Escrito por\" \/>\n\t<meta name=\"twitter:data1\" content=\"Rafael Ram\u00edrez\" \/>\n\t<meta name=\"twitter:label2\" content=\"Tiempo de lectura\" \/>\n\t<meta name=\"twitter:data2\" content=\"3 minutos\" \/>\n<script type=\"application\/ld+json\" class=\"yoast-schema-graph\">{\"@context\":\"https:\\\/\\\/schema.org\",\"@graph\":[{\"@type\":\"Article\",\"@id\":\"https:\\\/\\\/rafaramirez.org\\\/blog\\\/index.php\\\/2025\\\/06\\\/08\\\/dia-mundial-de-los-oceanos-2025\\\/#article\",\"isPartOf\":{\"@id\":\"https:\\\/\\\/rafaramirez.org\\\/blog\\\/index.php\\\/2025\\\/06\\\/08\\\/dia-mundial-de-los-oceanos-2025\\\/\"},\"author\":{\"name\":\"Rafael Ram\u00edrez\",\"@id\":\"https:\\\/\\\/rafaramirez.org\\\/blog\\\/#\\\/schema\\\/person\\\/50f43b6d60c578760d4c17bda54ab6a5\"},\"headline\":\"D\u00eda Mundial de los Oc\u00e9anos 2025: destacando su papel esencial en nuestra existencia y en el equilibrio del planeta.\",\"datePublished\":\"2025-06-08T06:00:46+00:00\",\"mainEntityOfPage\":{\"@id\":\"https:\\\/\\\/rafaramirez.org\\\/blog\\\/index.php\\\/2025\\\/06\\\/08\\\/dia-mundial-de-los-oceanos-2025\\\/\"},\"wordCount\":563,\"commentCount\":0,\"publisher\":{\"@id\":\"https:\\\/\\\/rafaramirez.org\\\/blog\\\/#\\\/schema\\\/person\\\/50f43b6d60c578760d4c17bda54ab6a5\"},\"image\":{\"@id\":\"https:\\\/\\\/rafaramirez.org\\\/blog\\\/index.php\\\/2025\\\/06\\\/08\\\/dia-mundial-de-los-oceanos-2025\\\/#primaryimage\"},\"thumbnailUrl\":\"https:\\\/\\\/rafaramirez.org\\\/blog\\\/wp-content\\\/uploads\\\/2025\\\/06\\\/Dia-Mundial-de-los-Oceanos_bannerblog.jpg\",\"keywords\":[\"8 de junio\",\"acidificaci\u00f3n\",\"Asamblea General de las Naciones Unidas\",\"basura\",\"concienciar\",\"conservaci\u00f3n\",\"consumo de pl\u00e1stico\",\"Contaminaci\u00f3n\",\"derrames de petr\u00f3leo\",\"d\u00eda destacado\",\"D\u00eda Mundial de los Oc\u00e9anos 2025\",\"ecosistemas marinos\",\"efem\u00e9rides\",\"mares\",\"oc\u00e9anos\",\"ONU\",\"P\u00e9rdida de h\u00e1bitat\",\"pesca excesiva\",\"productos qu\u00edmicos\",\"regeneraci\u00f3n\",\"Sobrepesca\"],\"articleSection\":[\"Efem\u00e9rides\"],\"inLanguage\":\"es\",\"potentialAction\":[{\"@type\":\"CommentAction\",\"name\":\"Comment\",\"target\":[\"https:\\\/\\\/rafaramirez.org\\\/blog\\\/index.php\\\/2025\\\/06\\\/08\\\/dia-mundial-de-los-oceanos-2025\\\/#respond\"]}]},{\"@type\":\"WebPage\",\"@id\":\"https:\\\/\\\/rafaramirez.org\\\/blog\\\/index.php\\\/2025\\\/06\\\/08\\\/dia-mundial-de-los-oceanos-2025\\\/\",\"url\":\"https:\\\/\\\/rafaramirez.org\\\/blog\\\/index.php\\\/2025\\\/06\\\/08\\\/dia-mundial-de-los-oceanos-2025\\\/\",\"name\":\"D\u00eda Mundial de los Oc\u00e9anos 2025: destacando su papel esencial en nuestra existencia y en el equilibrio del planeta. - Blog de Rafael Ram\u00edrez\",\"isPartOf\":{\"@id\":\"https:\\\/\\\/rafaramirez.org\\\/blog\\\/#website\"},\"primaryImageOfPage\":{\"@id\":\"https:\\\/\\\/rafaramirez.org\\\/blog\\\/index.php\\\/2025\\\/06\\\/08\\\/dia-mundial-de-los-oceanos-2025\\\/#primaryimage\"},\"image\":{\"@id\":\"https:\\\/\\\/rafaramirez.org\\\/blog\\\/index.php\\\/2025\\\/06\\\/08\\\/dia-mundial-de-los-oceanos-2025\\\/#primaryimage\"},\"thumbnailUrl\":\"https:\\\/\\\/rafaramirez.org\\\/blog\\\/wp-content\\\/uploads\\\/2025\\\/06\\\/Dia-Mundial-de-los-Oceanos_bannerblog.jpg\",\"datePublished\":\"2025-06-08T06:00:46+00:00\",\"description\":\"El D\u00eda Mundial de los Oc\u00e9anos 2025 se celebra el 8 de junio destacando la importancia de los oc\u00e9anos para la vida en la Tierra. El lema de...\",\"breadcrumb\":{\"@id\":\"https:\\\/\\\/rafaramirez.org\\\/blog\\\/index.php\\\/2025\\\/06\\\/08\\\/dia-mundial-de-los-oceanos-2025\\\/#breadcrumb\"},\"inLanguage\":\"es\",\"potentialAction\":[{\"@type\":\"ReadAction\",\"target\":[\"https:\\\/\\\/rafaramirez.org\\\/blog\\\/index.php\\\/2025\\\/06\\\/08\\\/dia-mundial-de-los-oceanos-2025\\\/\"]}]},{\"@type\":\"ImageObject\",\"inLanguage\":\"es\",\"@id\":\"https:\\\/\\\/rafaramirez.org\\\/blog\\\/index.php\\\/2025\\\/06\\\/08\\\/dia-mundial-de-los-oceanos-2025\\\/#primaryimage\",\"url\":\"https:\\\/\\\/rafaramirez.org\\\/blog\\\/wp-content\\\/uploads\\\/2025\\\/06\\\/Dia-Mundial-de-los-Oceanos_bannerblog.jpg\",\"contentUrl\":\"https:\\\/\\\/rafaramirez.org\\\/blog\\\/wp-content\\\/uploads\\\/2025\\\/06\\\/Dia-Mundial-de-los-Oceanos_bannerblog.jpg\",\"width\":720,\"height\":440,\"caption\":\"D\u00eda Mundial de los Oc\u00e9anos 2025, 8 de junio. Blog de Rafael Ram\u00edrez.\"},{\"@type\":\"BreadcrumbList\",\"@id\":\"https:\\\/\\\/rafaramirez.org\\\/blog\\\/index.php\\\/2025\\\/06\\\/08\\\/dia-mundial-de-los-oceanos-2025\\\/#breadcrumb\",\"itemListElement\":[{\"@type\":\"ListItem\",\"position\":1,\"name\":\"Portada\",\"item\":\"https:\\\/\\\/rafaramirez.org\\\/blog\\\/\"},{\"@type\":\"ListItem\",\"position\":2,\"name\":\"D\u00eda Mundial de los Oc\u00e9anos 2025: destacando su papel esencial en nuestra existencia y en el equilibrio del planeta.\"}]},{\"@type\":\"WebSite\",\"@id\":\"https:\\\/\\\/rafaramirez.org\\\/blog\\\/#website\",\"url\":\"https:\\\/\\\/rafaramirez.org\\\/blog\\\/\",\"name\":\"Blog de Rafael Ram\u00edrez\",\"description\":\"Un sitio social, de arte y cultura\",\"publisher\":{\"@id\":\"https:\\\/\\\/rafaramirez.org\\\/blog\\\/#\\\/schema\\\/person\\\/50f43b6d60c578760d4c17bda54ab6a5\"},\"potentialAction\":[{\"@type\":\"SearchAction\",\"target\":{\"@type\":\"EntryPoint\",\"urlTemplate\":\"https:\\\/\\\/rafaramirez.org\\\/blog\\\/?s={search_term_string}\"},\"query-input\":{\"@type\":\"PropertyValueSpecification\",\"valueRequired\":true,\"valueName\":\"search_term_string\"}}],\"inLanguage\":\"es\"},{\"@type\":[\"Person\",\"Organization\"],\"@id\":\"https:\\\/\\\/rafaramirez.org\\\/blog\\\/#\\\/schema\\\/person\\\/50f43b6d60c578760d4c17bda54ab6a5\",\"name\":\"Rafael Ram\u00edrez\",\"image\":{\"@type\":\"ImageObject\",\"inLanguage\":\"es\",\"@id\":\"https:\\\/\\\/rafaramirez.org\\\/blog\\\/wp-content\\\/uploads\\\/2024\\\/09\\\/RR_socialnetwork.jpg\",\"url\":\"https:\\\/\\\/rafaramirez.org\\\/blog\\\/wp-content\\\/uploads\\\/2024\\\/09\\\/RR_socialnetwork.jpg\",\"contentUrl\":\"https:\\\/\\\/rafaramirez.org\\\/blog\\\/wp-content\\\/uploads\\\/2024\\\/09\\\/RR_socialnetwork.jpg\",\"width\":600,\"height\":606,\"caption\":\"Rafael Ram\u00edrez\"},\"logo\":{\"@id\":\"https:\\\/\\\/rafaramirez.org\\\/blog\\\/wp-content\\\/uploads\\\/2024\\\/09\\\/RR_socialnetwork.jpg\"},\"sameAs\":[\"https:\\\/\\\/www.rafaramirez.org\\\/blog\",\"https:\\\/\\\/www.instagram.com\\\/rafaramirez_ok\\\/\",\"https:\\\/\\\/es.pinterest.com\\\/Ramirez_Rafa\\\/\",\"https:\\\/\\\/x.com\\\/rafaramirez_ok\"],\"url\":\"https:\\\/\\\/rafaramirez.org\\\/blog\\\/index.php\\\/author\\\/rafaell_qm6j97da\\\/\"}]}<\/script>\n<!-- \/ Yoast SEO plugin. -->","yoast_head_json":{"title":"D\u00eda Mundial de los Oc\u00e9anos 2025: destacando su papel esencial en nuestra existencia y en el equilibrio del planeta. - Blog de Rafael Ram\u00edrez","description":"El D\u00eda Mundial de los Oc\u00e9anos 2025 se celebra el 8 de junio destacando la importancia de los oc\u00e9anos para la vida en la Tierra. El lema de...","robots":{"index":"index","follow":"follow","max-snippet":"max-snippet:-1","max-image-preview":"max-image-preview:large","max-video-preview":"max-video-preview:-1"},"canonical":"https:\/\/rafaramirez.org\/blog\/index.php\/2025\/06\/08\/dia-mundial-de-los-oceanos-2025\/","og_locale":"es_ES","og_type":"article","og_title":"D\u00eda Mundial de los Oc\u00e9anos 2025: destacando su papel esencial en nuestra existencia y en el equilibrio del planeta. - Blog de Rafael Ram\u00edrez","og_description":"El D\u00eda Mundial de los Oc\u00e9anos 2025 se celebra el 8 de junio destacando la importancia de los oc\u00e9anos para la vida en la Tierra. El lema de...","og_url":"https:\/\/rafaramirez.org\/blog\/index.php\/2025\/06\/08\/dia-mundial-de-los-oceanos-2025\/","og_site_name":"Blog de Rafael Ram\u00edrez","article_published_time":"2025-06-08T06:00:46+00:00","og_image":[{"width":720,"height":440,"url":"https:\/\/rafaramirez.org\/blog\/wp-content\/uploads\/2025\/06\/Dia-Mundial-de-los-Oceanos_bannerblog.jpg","type":"image\/jpeg"}],"author":"Rafael Ram\u00edrez","twitter_card":"summary_large_image","twitter_creator":"@rafaramirez_ok","twitter_site":"@rafaramirez_ok","twitter_misc":{"Escrito por":"Rafael Ram\u00edrez","Tiempo de lectura":"3 minutos"},"schema":{"@context":"https:\/\/schema.org","@graph":[{"@type":"Article","@id":"https:\/\/rafaramirez.org\/blog\/index.php\/2025\/06\/08\/dia-mundial-de-los-oceanos-2025\/#article","isPartOf":{"@id":"https:\/\/rafaramirez.org\/blog\/index.php\/2025\/06\/08\/dia-mundial-de-los-oceanos-2025\/"},"author":{"name":"Rafael Ram\u00edrez","@id":"https:\/\/rafaramirez.org\/blog\/#\/schema\/person\/50f43b6d60c578760d4c17bda54ab6a5"},"headline":"D\u00eda Mundial de los Oc\u00e9anos 2025: destacando su papel esencial en nuestra existencia y en el equilibrio del planeta.","datePublished":"2025-06-08T06:00:46+00:00","mainEntityOfPage":{"@id":"https:\/\/rafaramirez.org\/blog\/index.php\/2025\/06\/08\/dia-mundial-de-los-oceanos-2025\/"},"wordCount":563,"commentCount":0,"publisher":{"@id":"https:\/\/rafaramirez.org\/blog\/#\/schema\/person\/50f43b6d60c578760d4c17bda54ab6a5"},"image":{"@id":"https:\/\/rafaramirez.org\/blog\/index.php\/2025\/06\/08\/dia-mundial-de-los-oceanos-2025\/#primaryimage"},"thumbnailUrl":"https:\/\/rafaramirez.org\/blog\/wp-content\/uploads\/2025\/06\/Dia-Mundial-de-los-Oceanos_bannerblog.jpg","keywords":["8 de junio","acidificaci\u00f3n","Asamblea General de las Naciones Unidas","basura","concienciar","conservaci\u00f3n","consumo de pl\u00e1stico","Contaminaci\u00f3n","derrames de petr\u00f3leo","d\u00eda destacado","D\u00eda Mundial de los Oc\u00e9anos 2025","ecosistemas marinos","efem\u00e9rides","mares","oc\u00e9anos","ONU","P\u00e9rdida de h\u00e1bitat","pesca excesiva","productos qu\u00edmicos","regeneraci\u00f3n","Sobrepesca"],"articleSection":["Efem\u00e9rides"],"inLanguage":"es","potentialAction":[{"@type":"CommentAction","name":"Comment","target":["https:\/\/rafaramirez.org\/blog\/index.php\/2025\/06\/08\/dia-mundial-de-los-oceanos-2025\/#respond"]}]},{"@type":"WebPage","@id":"https:\/\/rafaramirez.org\/blog\/index.php\/2025\/06\/08\/dia-mundial-de-los-oceanos-2025\/","url":"https:\/\/rafaramirez.org\/blog\/index.php\/2025\/06\/08\/dia-mundial-de-los-oceanos-2025\/","name":"D\u00eda Mundial de los Oc\u00e9anos 2025: destacando su papel esencial en nuestra existencia y en el equilibrio del planeta. - Blog de Rafael Ram\u00edrez","isPartOf":{"@id":"https:\/\/rafaramirez.org\/blog\/#website"},"primaryImageOfPage":{"@id":"https:\/\/rafaramirez.org\/blog\/index.php\/2025\/06\/08\/dia-mundial-de-los-oceanos-2025\/#primaryimage"},"image":{"@id":"https:\/\/rafaramirez.org\/blog\/index.php\/2025\/06\/08\/dia-mundial-de-los-oceanos-2025\/#primaryimage"},"thumbnailUrl":"https:\/\/rafaramirez.org\/blog\/wp-content\/uploads\/2025\/06\/Dia-Mundial-de-los-Oceanos_bannerblog.jpg","datePublished":"2025-06-08T06:00:46+00:00","description":"El D\u00eda Mundial de los Oc\u00e9anos 2025 se celebra el 8 de junio destacando la importancia de los oc\u00e9anos para la vida en la Tierra. El lema de...","breadcrumb":{"@id":"https:\/\/rafaramirez.org\/blog\/index.php\/2025\/06\/08\/dia-mundial-de-los-oceanos-2025\/#breadcrumb"},"inLanguage":"es","potentialAction":[{"@type":"ReadAction","target":["https:\/\/rafaramirez.org\/blog\/index.php\/2025\/06\/08\/dia-mundial-de-los-oceanos-2025\/"]}]},{"@type":"ImageObject","inLanguage":"es","@id":"https:\/\/rafaramirez.org\/blog\/index.php\/2025\/06\/08\/dia-mundial-de-los-oceanos-2025\/#primaryimage","url":"https:\/\/rafaramirez.org\/blog\/wp-content\/uploads\/2025\/06\/Dia-Mundial-de-los-Oceanos_bannerblog.jpg","contentUrl":"https:\/\/rafaramirez.org\/blog\/wp-content\/uploads\/2025\/06\/Dia-Mundial-de-los-Oceanos_bannerblog.jpg","width":720,"height":440,"caption":"D\u00eda Mundial de los Oc\u00e9anos 2025, 8 de junio. Blog de Rafael Ram\u00edrez."},{"@type":"BreadcrumbList","@id":"https:\/\/rafaramirez.org\/blog\/index.php\/2025\/06\/08\/dia-mundial-de-los-oceanos-2025\/#breadcrumb","itemListElement":[{"@type":"ListItem","position":1,"name":"Portada","item":"https:\/\/rafaramirez.org\/blog\/"},{"@type":"ListItem","position":2,"name":"D\u00eda Mundial de los Oc\u00e9anos 2025: destacando su papel esencial en nuestra existencia y en el equilibrio del planeta."}]},{"@type":"WebSite","@id":"https:\/\/rafaramirez.org\/blog\/#website","url":"https:\/\/rafaramirez.org\/blog\/","name":"Blog de Rafael Ram\u00edrez","description":"Un sitio social, de arte y cultura","publisher":{"@id":"https:\/\/rafaramirez.org\/blog\/#\/schema\/person\/50f43b6d60c578760d4c17bda54ab6a5"},"potentialAction":[{"@type":"SearchAction","target":{"@type":"EntryPoint","urlTemplate":"https:\/\/rafaramirez.org\/blog\/?s={search_term_string}"},"query-input":{"@type":"PropertyValueSpecification","valueRequired":true,"valueName":"search_term_string"}}],"inLanguage":"es"},{"@type":["Person","Organization"],"@id":"https:\/\/rafaramirez.org\/blog\/#\/schema\/person\/50f43b6d60c578760d4c17bda54ab6a5","name":"Rafael Ram\u00edrez","image":{"@type":"ImageObject","inLanguage":"es","@id":"https:\/\/rafaramirez.org\/blog\/wp-content\/uploads\/2024\/09\/RR_socialnetwork.jpg","url":"https:\/\/rafaramirez.org\/blog\/wp-content\/uploads\/2024\/09\/RR_socialnetwork.jpg","contentUrl":"https:\/\/rafaramirez.org\/blog\/wp-content\/uploads\/2024\/09\/RR_socialnetwork.jpg","width":600,"height":606,"caption":"Rafael Ram\u00edrez"},"logo":{"@id":"https:\/\/rafaramirez.org\/blog\/wp-content\/uploads\/2024\/09\/RR_socialnetwork.jpg"},"sameAs":["https:\/\/www.rafaramirez.org\/blog","https:\/\/www.instagram.com\/rafaramirez_ok\/","https:\/\/es.pinterest.com\/Ramirez_Rafa\/","https:\/\/x.com\/rafaramirez_ok"],"url":"https:\/\/rafaramirez.org\/blog\/index.php\/author\/rafaell_qm6j97da\/"}]}},"jetpack_publicize_connections":[],"jetpack_sharing_enabled":true,"jetpack_likes_enabled":true,"jetpack_featured_media_url":"https:\/\/rafaramirez.org\/blog\/wp-content\/uploads\/2025\/06\/Dia-Mundial-de-los-Oceanos_bannerblog.jpg","_links":{"self":[{"href":"https:\/\/rafaramirez.org\/blog\/index.php\/wp-json\/wp\/v2\/posts\/9372","targetHints":{"allow":["GET"]}}],"collection":[{"href":"https:\/\/rafaramirez.org\/blog\/index.php\/wp-json\/wp\/v2\/posts"}],"about":[{"href":"https:\/\/rafaramirez.org\/blog\/index.php\/wp-json\/wp\/v2\/types\/post"}],"author":[{"embeddable":true,"href":"https:\/\/rafaramirez.org\/blog\/index.php\/wp-json\/wp\/v2\/users\/1"}],"replies":[{"embeddable":true,"href":"https:\/\/rafaramirez.org\/blog\/index.php\/wp-json\/wp\/v2\/comments?post=9372"}],"version-history":[{"count":6,"href":"https:\/\/rafaramirez.org\/blog\/index.php\/wp-json\/wp\/v2\/posts\/9372\/revisions"}],"predecessor-version":[{"id":9381,"href":"https:\/\/rafaramirez.org\/blog\/index.php\/wp-json\/wp\/v2\/posts\/9372\/revisions\/9381"}],"wp:featuredmedia":[{"embeddable":true,"href":"https:\/\/rafaramirez.org\/blog\/index.php\/wp-json\/wp\/v2\/media\/9376"}],"wp:attachment":[{"href":"https:\/\/rafaramirez.org\/blog\/index.php\/wp-json\/wp\/v2\/media?parent=9372"}],"wp:term":[{"taxonomy":"category","embeddable":true,"href":"https:\/\/rafaramirez.org\/blog\/index.php\/wp-json\/wp\/v2\/categories?post=9372"},{"taxonomy":"post_tag","embeddable":true,"href":"https:\/\/rafaramirez.org\/blog\/index.php\/wp-json\/wp\/v2\/tags?post=9372"}],"curies":[{"name":"wp","href":"https:\/\/api.w.org\/{rel}","templated":true}]}}