{"id":9305,"date":"2025-06-03T08:00:40","date_gmt":"2025-06-03T06:00:40","guid":{"rendered":"https:\/\/rafaramirez.org\/blog\/?p=9305"},"modified":"2026-03-18T11:42:16","modified_gmt":"2026-03-18T10:42:16","slug":"reflexiones-entre-lo-tangible-y-lo-eterno","status":"publish","type":"post","link":"https:\/\/rafaramirez.org\/blog\/index.php\/2025\/06\/03\/reflexiones-entre-lo-tangible-y-lo-eterno\/","title":{"rendered":"Reflexiones: Entre lo tangible y lo eterno, el refugio de la creencia."},"content":{"rendered":"<p>Hoy me sumerjo en el silencio de mi alma, donde la creencia religiosa se alza como un refugio luminoso en medio del caos cotidiano. Siento que, en cada instante de angustia, aquella fe se convierte en la mano amiga que me gu\u00eda, un b\u00e1lsamo que alivia las cicatrices del d\u00eda a d\u00eda. Al sentarme a meditar, descubro c\u00f3mo mi alma se reconforta con la certeza de que existen fuerzas superiores que me cuidan y me sustentan, otorg\u00e1ndome paz y sosiego en los rincones m\u00e1s oscuros de mis inquietudes.<\/p>\n<p>Percibo una dualidad fascinante en mi existencia: la realidad cruda y palpable de cada jornada y, al mismo tiempo, la sutileza inefable de lo espiritual. Esta aparente contradicci\u00f3n se revela, no como un enfrentamiento, sino como una danza arm\u00f3nica entre lo terrenal y lo divino. En momentos de desesperaci\u00f3n, mi fe se transforma en un puente que conecta mi ego humano con la eternidad, mezclando la vulnerabilidad de mis d\u00edas con la fuerza consagrada de la creencia. Es en esta amalgama de sentimientos donde encuentro la serenidad, al observar c\u00f3mo lo cotidiano y lo trascendental se complementan en un abrazo que desaf\u00eda los l\u00edmites de lo comprensible.<\/p>\n<p>Al levantar mis plegarias y acudir a mi Dios para interceder por aquellos seres queridos que navegan tormentas, experimento una comuni\u00f3n \u00edntima con un universo de esperanza. En el acto de orar descubro que mi espiritualidad no es un refugio aislado, sino la vivencia palpable de una conexi\u00f3n que susurra al o\u00eddo la promesa de cuidado y consuelo. Esa certeza, que siempre ha respondido a mi llamado, me invita a integrar mi fe con el devenir diario, aceptando que ser espiritual y religioso en esta dura y cruda realidad significa, en esencia, reconocer que cada amanecer es una oportunidad para renacer en la gracia de lo eterno.<\/p>\n<p>Al final del d\u00eda, me pregunto: \u00bfno es acaso la convicci\u00f3n de que no estamos solos lo que nos refuerza en los momentos de flaqueza? Mi creencia se convierte en la luz que transforma la sombra en camino, en la melod\u00eda que acompa\u00f1a mis pasos inciertos. En esta experiencia, descubro que la espiritualidad y la religi\u00f3n no son opuestas, sino dos expresiones de mi b\u00fasqueda incesante de sentido y de paz. Quiz\u00e1, en este compendio de vivencias, se esconde tambi\u00e9n la invitaci\u00f3n a explorar otros recovecos del pensamiento: \u00bfc\u00f3mo pueden otras tradiciones y manifestaciones del esp\u00edritu enriquecer mi comprensi\u00f3n de la existencia? Y, en esa vasta amplitud, \u00bfqu\u00e9 nuevos senderos se despliegan ante m\u00ed para seguir amando, creyendo y, sobre todo, viviendo con plenitud de mi fe?<\/p>\n<p>Rafael Ram\u00edrez\u00a92025.<\/p>\n<figure id=\"attachment_9310\" aria-describedby=\"caption-attachment-9310\" style=\"width: 300px\" class=\"wp-caption aligncenter\"><a href=\"https:\/\/rafaramirez.org\/blog\/wp-content\/uploads\/2025\/06\/faith-8533536_1920.jpg\" target=\"_blank\" rel=\"noopener\"><img loading=\"lazy\" decoding=\"async\" class=\"wp-image-9310 size-medium\" src=\"https:\/\/rafaramirez.org\/blog\/wp-content\/uploads\/2025\/06\/faith-8533536_1920-300x172.jpg\" alt=\"Reflexiones: Entre lo tangible y lo eterno, el refugio de la creencia. Blog de Rafael Ram\u00edrez.\" width=\"300\" height=\"172\" srcset=\"https:\/\/rafaramirez.org\/blog\/wp-content\/uploads\/2025\/06\/faith-8533536_1920-300x172.jpg 300w, https:\/\/rafaramirez.org\/blog\/wp-content\/uploads\/2025\/06\/faith-8533536_1920-768x439.jpg 768w, https:\/\/rafaramirez.org\/blog\/wp-content\/uploads\/2025\/06\/faith-8533536_1920.jpg 850w\" sizes=\"auto, (max-width: 300px) 100vw, 300px\" \/><\/a><figcaption id=\"caption-attachment-9310\" class=\"wp-caption-text\">Reflexiones: Entre lo tangible y lo eterno, el refugio de la creencia. Blog de Rafael Ram\u00edrez.<\/figcaption><\/figure>\n<ul>\n<li><a href=\"https:\/\/rafaramirez.org\/blog\/index.php\/category\/arte\/literatura\/\" target=\"_blank\" rel=\"noopener\">Otra lectura recomendada<\/a>.<\/li>\n<li><a href=\"https:\/\/es.pinterest.com\/Ramirez_Rafa\/\" target=\"_blank\" rel=\"noopener\">En Pinterest.<\/a><\/li>\n<\/ul>\n","protected":false},"excerpt":{"rendered":"<p>Hoy me sumerjo en el silencio de mi alma, donde la creencia religiosa se alza como un refugio luminoso en medio del caos cotidiano. Siento que, en cada instante de angustia, aquella fe se convierte en la mano amiga que me gu\u00eda, un b\u00e1lsamo que alivia las cicatrices del d\u00eda a d\u00eda. Al sentarme a [&hellip;]<\/p>\n","protected":false},"author":1,"featured_media":9311,"comment_status":"open","ping_status":"closed","sticky":false,"template":"","format":"standard","meta":{"site-container-style":"default","site-container-layout":"default","site-sidebar-layout":"default","disable-article-header":"default","disable-site-header":"default","disable-site-footer":"default","disable-content-area-spacing":"default","_jetpack_newsletter_access":"","_jetpack_dont_email_post_to_subs":false,"_jetpack_newsletter_tier_id":0,"_jetpack_memberships_contains_paywalled_content":false,"_jetpack_feature_clip_id":0,"_jetpack_memberships_contains_paid_content":false,"footnotes":"","jetpack_publicize_message":"","jetpack_publicize_feature_enabled":true,"jetpack_social_post_already_shared":true,"jetpack_social_options":{"image_generator_settings":{"template":"highway","default_image_id":0,"font":"","enabled":false},"version":2},"jetpack_post_was_ever_published":false},"categories":[710],"tags":[4147,4150,4286,4287,350,1796,1256,4146],"class_list":["post-9305","post","type-post","status-publish","format-standard","has-post-thumbnail","hentry","category-literatura","tag-articulo-de-opinion","tag-articulo-de-rafael-ramirez","tag-el-refugio-de-la-creencia","tag-entre-lo-tangible-y-lo-eterno","tag-para-reflexionar","tag-reflexion-personal","tag-reflexion-sobre-la-vida","tag-reflexiones-de-rafael-ramirez"],"yoast_head":"<!-- This site is optimized with the Yoast SEO plugin v28.4 - https:\/\/yoast.com\/product\/yoast-seo-wordpress\/ -->\n<title>Reflexiones: Entre lo tangible y lo eterno, el refugio de la creencia. - Blog de Rafael Ram\u00edrez<\/title>\n<meta name=\"description\" content=\"Hoy me sumerjo en el silencio de mi alma, donde la creencia religiosa se alza como un refugio luminoso en medio del caos cotidiano. Siento que\" \/>\n<meta name=\"robots\" content=\"index, follow, max-snippet:-1, max-image-preview:large, max-video-preview:-1\" \/>\n<link rel=\"canonical\" href=\"https:\/\/rafaramirez.org\/blog\/index.php\/2025\/06\/03\/reflexiones-entre-lo-tangible-y-lo-eterno\/\" \/>\n<meta property=\"og:locale\" content=\"es_ES\" \/>\n<meta property=\"og:type\" content=\"article\" \/>\n<meta property=\"og:title\" content=\"Reflexiones: Entre lo tangible y lo eterno, el refugio de la creencia. - Blog de Rafael Ram\u00edrez\" \/>\n<meta property=\"og:description\" content=\"Hoy me sumerjo en el silencio de mi alma, donde la creencia religiosa se alza como un refugio luminoso en medio del caos cotidiano. Siento que\" \/>\n<meta property=\"og:url\" content=\"https:\/\/rafaramirez.org\/blog\/index.php\/2025\/06\/03\/reflexiones-entre-lo-tangible-y-lo-eterno\/\" \/>\n<meta property=\"og:site_name\" content=\"Blog de Rafael Ram\u00edrez\" \/>\n<meta property=\"article:published_time\" content=\"2025-06-03T06:00:40+00:00\" \/>\n<meta property=\"article:modified_time\" content=\"2026-03-18T10:42:16+00:00\" \/>\n<meta property=\"og:image\" content=\"https:\/\/rafaramirez.org\/blog\/wp-content\/uploads\/2025\/06\/Entre_-lo_tangible_y_lo_eterno_bannerblog.jpg\" \/>\n\t<meta property=\"og:image:width\" content=\"720\" \/>\n\t<meta property=\"og:image:height\" content=\"440\" \/>\n\t<meta property=\"og:image:type\" content=\"image\/jpeg\" \/>\n<meta name=\"author\" content=\"Rafael Ram\u00edrez\" \/>\n<meta name=\"twitter:card\" content=\"summary_large_image\" \/>\n<meta name=\"twitter:creator\" content=\"@rafaramirez_ok\" \/>\n<meta name=\"twitter:site\" content=\"@rafaramirez_ok\" \/>\n<meta name=\"twitter:label1\" content=\"Escrito por\" \/>\n\t<meta name=\"twitter:data1\" content=\"Rafael Ram\u00edrez\" \/>\n\t<meta name=\"twitter:label2\" content=\"Tiempo de lectura\" \/>\n\t<meta name=\"twitter:data2\" content=\"3 minutos\" \/>\n<script type=\"application\/ld+json\" class=\"yoast-schema-graph\">{\"@context\":\"https:\\\/\\\/schema.org\",\"@graph\":[{\"@type\":\"Article\",\"@id\":\"https:\\\/\\\/rafaramirez.org\\\/blog\\\/index.php\\\/2025\\\/06\\\/03\\\/reflexiones-entre-lo-tangible-y-lo-eterno\\\/#article\",\"isPartOf\":{\"@id\":\"https:\\\/\\\/rafaramirez.org\\\/blog\\\/index.php\\\/2025\\\/06\\\/03\\\/reflexiones-entre-lo-tangible-y-lo-eterno\\\/\"},\"author\":{\"name\":\"Rafael Ram\u00edrez\",\"@id\":\"https:\\\/\\\/rafaramirez.org\\\/blog\\\/#\\\/schema\\\/person\\\/50f43b6d60c578760d4c17bda54ab6a5\"},\"headline\":\"Reflexiones: Entre lo tangible y lo eterno, el refugio de la creencia.\",\"datePublished\":\"2025-06-03T06:00:40+00:00\",\"dateModified\":\"2026-03-18T10:42:16+00:00\",\"mainEntityOfPage\":{\"@id\":\"https:\\\/\\\/rafaramirez.org\\\/blog\\\/index.php\\\/2025\\\/06\\\/03\\\/reflexiones-entre-lo-tangible-y-lo-eterno\\\/\"},\"wordCount\":501,\"commentCount\":0,\"publisher\":{\"@id\":\"https:\\\/\\\/rafaramirez.org\\\/blog\\\/#\\\/schema\\\/person\\\/50f43b6d60c578760d4c17bda54ab6a5\"},\"image\":{\"@id\":\"https:\\\/\\\/rafaramirez.org\\\/blog\\\/index.php\\\/2025\\\/06\\\/03\\\/reflexiones-entre-lo-tangible-y-lo-eterno\\\/#primaryimage\"},\"thumbnailUrl\":\"https:\\\/\\\/rafaramirez.org\\\/blog\\\/wp-content\\\/uploads\\\/2025\\\/06\\\/Entre_-lo_tangible_y_lo_eterno_bannerblog.jpg\",\"keywords\":[\"art\u00edculo de opini\u00f3n\",\"art\u00edculo de Rafael Ram\u00edrez\",\"el refugio de la creencia\",\"entre lo tangible y lo eterno\",\"para reflexionar\",\"reflexi\u00f3n personal\",\"Reflexi\u00f3n sobre la vida\",\"reflexiones de Rafael Ram\u00edrez\"],\"articleSection\":[\"Literatura\"],\"inLanguage\":\"es\",\"potentialAction\":[{\"@type\":\"CommentAction\",\"name\":\"Comment\",\"target\":[\"https:\\\/\\\/rafaramirez.org\\\/blog\\\/index.php\\\/2025\\\/06\\\/03\\\/reflexiones-entre-lo-tangible-y-lo-eterno\\\/#respond\"]}]},{\"@type\":\"WebPage\",\"@id\":\"https:\\\/\\\/rafaramirez.org\\\/blog\\\/index.php\\\/2025\\\/06\\\/03\\\/reflexiones-entre-lo-tangible-y-lo-eterno\\\/\",\"url\":\"https:\\\/\\\/rafaramirez.org\\\/blog\\\/index.php\\\/2025\\\/06\\\/03\\\/reflexiones-entre-lo-tangible-y-lo-eterno\\\/\",\"name\":\"Reflexiones: Entre lo tangible y lo eterno, el refugio de la creencia. - Blog de Rafael Ram\u00edrez\",\"isPartOf\":{\"@id\":\"https:\\\/\\\/rafaramirez.org\\\/blog\\\/#website\"},\"primaryImageOfPage\":{\"@id\":\"https:\\\/\\\/rafaramirez.org\\\/blog\\\/index.php\\\/2025\\\/06\\\/03\\\/reflexiones-entre-lo-tangible-y-lo-eterno\\\/#primaryimage\"},\"image\":{\"@id\":\"https:\\\/\\\/rafaramirez.org\\\/blog\\\/index.php\\\/2025\\\/06\\\/03\\\/reflexiones-entre-lo-tangible-y-lo-eterno\\\/#primaryimage\"},\"thumbnailUrl\":\"https:\\\/\\\/rafaramirez.org\\\/blog\\\/wp-content\\\/uploads\\\/2025\\\/06\\\/Entre_-lo_tangible_y_lo_eterno_bannerblog.jpg\",\"datePublished\":\"2025-06-03T06:00:40+00:00\",\"dateModified\":\"2026-03-18T10:42:16+00:00\",\"description\":\"Hoy me sumerjo en el silencio de mi alma, donde la creencia religiosa se alza como un refugio luminoso en medio del caos cotidiano. Siento que\",\"breadcrumb\":{\"@id\":\"https:\\\/\\\/rafaramirez.org\\\/blog\\\/index.php\\\/2025\\\/06\\\/03\\\/reflexiones-entre-lo-tangible-y-lo-eterno\\\/#breadcrumb\"},\"inLanguage\":\"es\",\"potentialAction\":[{\"@type\":\"ReadAction\",\"target\":[\"https:\\\/\\\/rafaramirez.org\\\/blog\\\/index.php\\\/2025\\\/06\\\/03\\\/reflexiones-entre-lo-tangible-y-lo-eterno\\\/\"]}]},{\"@type\":\"ImageObject\",\"inLanguage\":\"es\",\"@id\":\"https:\\\/\\\/rafaramirez.org\\\/blog\\\/index.php\\\/2025\\\/06\\\/03\\\/reflexiones-entre-lo-tangible-y-lo-eterno\\\/#primaryimage\",\"url\":\"https:\\\/\\\/rafaramirez.org\\\/blog\\\/wp-content\\\/uploads\\\/2025\\\/06\\\/Entre_-lo_tangible_y_lo_eterno_bannerblog.jpg\",\"contentUrl\":\"https:\\\/\\\/rafaramirez.org\\\/blog\\\/wp-content\\\/uploads\\\/2025\\\/06\\\/Entre_-lo_tangible_y_lo_eterno_bannerblog.jpg\",\"width\":720,\"height\":440,\"caption\":\"Reflexiones: Entre lo tangible y lo eterno, el refugio de la creencia. Blog de Rafael Ram\u00edrez.\"},{\"@type\":\"BreadcrumbList\",\"@id\":\"https:\\\/\\\/rafaramirez.org\\\/blog\\\/index.php\\\/2025\\\/06\\\/03\\\/reflexiones-entre-lo-tangible-y-lo-eterno\\\/#breadcrumb\",\"itemListElement\":[{\"@type\":\"ListItem\",\"position\":1,\"name\":\"Portada\",\"item\":\"https:\\\/\\\/rafaramirez.org\\\/blog\\\/\"},{\"@type\":\"ListItem\",\"position\":2,\"name\":\"Reflexiones: Entre lo tangible y lo eterno, el refugio de la creencia.\"}]},{\"@type\":\"WebSite\",\"@id\":\"https:\\\/\\\/rafaramirez.org\\\/blog\\\/#website\",\"url\":\"https:\\\/\\\/rafaramirez.org\\\/blog\\\/\",\"name\":\"Blog de Rafael Ram\u00edrez\",\"description\":\"Un sitio social, de arte y cultura\",\"publisher\":{\"@id\":\"https:\\\/\\\/rafaramirez.org\\\/blog\\\/#\\\/schema\\\/person\\\/50f43b6d60c578760d4c17bda54ab6a5\"},\"potentialAction\":[{\"@type\":\"SearchAction\",\"target\":{\"@type\":\"EntryPoint\",\"urlTemplate\":\"https:\\\/\\\/rafaramirez.org\\\/blog\\\/?s={search_term_string}\"},\"query-input\":{\"@type\":\"PropertyValueSpecification\",\"valueRequired\":true,\"valueName\":\"search_term_string\"}}],\"inLanguage\":\"es\"},{\"@type\":[\"Person\",\"Organization\"],\"@id\":\"https:\\\/\\\/rafaramirez.org\\\/blog\\\/#\\\/schema\\\/person\\\/50f43b6d60c578760d4c17bda54ab6a5\",\"name\":\"Rafael Ram\u00edrez\",\"image\":{\"@type\":\"ImageObject\",\"inLanguage\":\"es\",\"@id\":\"https:\\\/\\\/rafaramirez.org\\\/blog\\\/wp-content\\\/uploads\\\/2024\\\/09\\\/RR_socialnetwork.jpg\",\"url\":\"https:\\\/\\\/rafaramirez.org\\\/blog\\\/wp-content\\\/uploads\\\/2024\\\/09\\\/RR_socialnetwork.jpg\",\"contentUrl\":\"https:\\\/\\\/rafaramirez.org\\\/blog\\\/wp-content\\\/uploads\\\/2024\\\/09\\\/RR_socialnetwork.jpg\",\"width\":600,\"height\":606,\"caption\":\"Rafael Ram\u00edrez\"},\"logo\":{\"@id\":\"https:\\\/\\\/rafaramirez.org\\\/blog\\\/wp-content\\\/uploads\\\/2024\\\/09\\\/RR_socialnetwork.jpg\"},\"sameAs\":[\"https:\\\/\\\/www.rafaramirez.org\\\/blog\",\"https:\\\/\\\/www.instagram.com\\\/rafaramirez_ok\\\/\",\"https:\\\/\\\/es.pinterest.com\\\/Ramirez_Rafa\\\/\",\"https:\\\/\\\/x.com\\\/rafaramirez_ok\"],\"url\":\"https:\\\/\\\/rafaramirez.org\\\/blog\\\/index.php\\\/author\\\/rafaell_qm6j97da\\\/\"}]}<\/script>\n<!-- \/ Yoast SEO plugin. -->","yoast_head_json":{"title":"Reflexiones: Entre lo tangible y lo eterno, el refugio de la creencia. - Blog de Rafael Ram\u00edrez","description":"Hoy me sumerjo en el silencio de mi alma, donde la creencia religiosa se alza como un refugio luminoso en medio del caos cotidiano. Siento que","robots":{"index":"index","follow":"follow","max-snippet":"max-snippet:-1","max-image-preview":"max-image-preview:large","max-video-preview":"max-video-preview:-1"},"canonical":"https:\/\/rafaramirez.org\/blog\/index.php\/2025\/06\/03\/reflexiones-entre-lo-tangible-y-lo-eterno\/","og_locale":"es_ES","og_type":"article","og_title":"Reflexiones: Entre lo tangible y lo eterno, el refugio de la creencia. - Blog de Rafael Ram\u00edrez","og_description":"Hoy me sumerjo en el silencio de mi alma, donde la creencia religiosa se alza como un refugio luminoso en medio del caos cotidiano. Siento que","og_url":"https:\/\/rafaramirez.org\/blog\/index.php\/2025\/06\/03\/reflexiones-entre-lo-tangible-y-lo-eterno\/","og_site_name":"Blog de Rafael Ram\u00edrez","article_published_time":"2025-06-03T06:00:40+00:00","article_modified_time":"2026-03-18T10:42:16+00:00","og_image":[{"width":720,"height":440,"url":"https:\/\/rafaramirez.org\/blog\/wp-content\/uploads\/2025\/06\/Entre_-lo_tangible_y_lo_eterno_bannerblog.jpg","type":"image\/jpeg"}],"author":"Rafael Ram\u00edrez","twitter_card":"summary_large_image","twitter_creator":"@rafaramirez_ok","twitter_site":"@rafaramirez_ok","twitter_misc":{"Escrito por":"Rafael Ram\u00edrez","Tiempo de lectura":"3 minutos"},"schema":{"@context":"https:\/\/schema.org","@graph":[{"@type":"Article","@id":"https:\/\/rafaramirez.org\/blog\/index.php\/2025\/06\/03\/reflexiones-entre-lo-tangible-y-lo-eterno\/#article","isPartOf":{"@id":"https:\/\/rafaramirez.org\/blog\/index.php\/2025\/06\/03\/reflexiones-entre-lo-tangible-y-lo-eterno\/"},"author":{"name":"Rafael Ram\u00edrez","@id":"https:\/\/rafaramirez.org\/blog\/#\/schema\/person\/50f43b6d60c578760d4c17bda54ab6a5"},"headline":"Reflexiones: Entre lo tangible y lo eterno, el refugio de la creencia.","datePublished":"2025-06-03T06:00:40+00:00","dateModified":"2026-03-18T10:42:16+00:00","mainEntityOfPage":{"@id":"https:\/\/rafaramirez.org\/blog\/index.php\/2025\/06\/03\/reflexiones-entre-lo-tangible-y-lo-eterno\/"},"wordCount":501,"commentCount":0,"publisher":{"@id":"https:\/\/rafaramirez.org\/blog\/#\/schema\/person\/50f43b6d60c578760d4c17bda54ab6a5"},"image":{"@id":"https:\/\/rafaramirez.org\/blog\/index.php\/2025\/06\/03\/reflexiones-entre-lo-tangible-y-lo-eterno\/#primaryimage"},"thumbnailUrl":"https:\/\/rafaramirez.org\/blog\/wp-content\/uploads\/2025\/06\/Entre_-lo_tangible_y_lo_eterno_bannerblog.jpg","keywords":["art\u00edculo de opini\u00f3n","art\u00edculo de Rafael Ram\u00edrez","el refugio de la creencia","entre lo tangible y lo eterno","para reflexionar","reflexi\u00f3n personal","Reflexi\u00f3n sobre la vida","reflexiones de Rafael Ram\u00edrez"],"articleSection":["Literatura"],"inLanguage":"es","potentialAction":[{"@type":"CommentAction","name":"Comment","target":["https:\/\/rafaramirez.org\/blog\/index.php\/2025\/06\/03\/reflexiones-entre-lo-tangible-y-lo-eterno\/#respond"]}]},{"@type":"WebPage","@id":"https:\/\/rafaramirez.org\/blog\/index.php\/2025\/06\/03\/reflexiones-entre-lo-tangible-y-lo-eterno\/","url":"https:\/\/rafaramirez.org\/blog\/index.php\/2025\/06\/03\/reflexiones-entre-lo-tangible-y-lo-eterno\/","name":"Reflexiones: Entre lo tangible y lo eterno, el refugio de la creencia. - Blog de Rafael Ram\u00edrez","isPartOf":{"@id":"https:\/\/rafaramirez.org\/blog\/#website"},"primaryImageOfPage":{"@id":"https:\/\/rafaramirez.org\/blog\/index.php\/2025\/06\/03\/reflexiones-entre-lo-tangible-y-lo-eterno\/#primaryimage"},"image":{"@id":"https:\/\/rafaramirez.org\/blog\/index.php\/2025\/06\/03\/reflexiones-entre-lo-tangible-y-lo-eterno\/#primaryimage"},"thumbnailUrl":"https:\/\/rafaramirez.org\/blog\/wp-content\/uploads\/2025\/06\/Entre_-lo_tangible_y_lo_eterno_bannerblog.jpg","datePublished":"2025-06-03T06:00:40+00:00","dateModified":"2026-03-18T10:42:16+00:00","description":"Hoy me sumerjo en el silencio de mi alma, donde la creencia religiosa se alza como un refugio luminoso en medio del caos cotidiano. Siento que","breadcrumb":{"@id":"https:\/\/rafaramirez.org\/blog\/index.php\/2025\/06\/03\/reflexiones-entre-lo-tangible-y-lo-eterno\/#breadcrumb"},"inLanguage":"es","potentialAction":[{"@type":"ReadAction","target":["https:\/\/rafaramirez.org\/blog\/index.php\/2025\/06\/03\/reflexiones-entre-lo-tangible-y-lo-eterno\/"]}]},{"@type":"ImageObject","inLanguage":"es","@id":"https:\/\/rafaramirez.org\/blog\/index.php\/2025\/06\/03\/reflexiones-entre-lo-tangible-y-lo-eterno\/#primaryimage","url":"https:\/\/rafaramirez.org\/blog\/wp-content\/uploads\/2025\/06\/Entre_-lo_tangible_y_lo_eterno_bannerblog.jpg","contentUrl":"https:\/\/rafaramirez.org\/blog\/wp-content\/uploads\/2025\/06\/Entre_-lo_tangible_y_lo_eterno_bannerblog.jpg","width":720,"height":440,"caption":"Reflexiones: Entre lo tangible y lo eterno, el refugio de la creencia. Blog de Rafael Ram\u00edrez."},{"@type":"BreadcrumbList","@id":"https:\/\/rafaramirez.org\/blog\/index.php\/2025\/06\/03\/reflexiones-entre-lo-tangible-y-lo-eterno\/#breadcrumb","itemListElement":[{"@type":"ListItem","position":1,"name":"Portada","item":"https:\/\/rafaramirez.org\/blog\/"},{"@type":"ListItem","position":2,"name":"Reflexiones: Entre lo tangible y lo eterno, el refugio de la creencia."}]},{"@type":"WebSite","@id":"https:\/\/rafaramirez.org\/blog\/#website","url":"https:\/\/rafaramirez.org\/blog\/","name":"Blog de Rafael Ram\u00edrez","description":"Un sitio social, de arte y cultura","publisher":{"@id":"https:\/\/rafaramirez.org\/blog\/#\/schema\/person\/50f43b6d60c578760d4c17bda54ab6a5"},"potentialAction":[{"@type":"SearchAction","target":{"@type":"EntryPoint","urlTemplate":"https:\/\/rafaramirez.org\/blog\/?s={search_term_string}"},"query-input":{"@type":"PropertyValueSpecification","valueRequired":true,"valueName":"search_term_string"}}],"inLanguage":"es"},{"@type":["Person","Organization"],"@id":"https:\/\/rafaramirez.org\/blog\/#\/schema\/person\/50f43b6d60c578760d4c17bda54ab6a5","name":"Rafael Ram\u00edrez","image":{"@type":"ImageObject","inLanguage":"es","@id":"https:\/\/rafaramirez.org\/blog\/wp-content\/uploads\/2024\/09\/RR_socialnetwork.jpg","url":"https:\/\/rafaramirez.org\/blog\/wp-content\/uploads\/2024\/09\/RR_socialnetwork.jpg","contentUrl":"https:\/\/rafaramirez.org\/blog\/wp-content\/uploads\/2024\/09\/RR_socialnetwork.jpg","width":600,"height":606,"caption":"Rafael Ram\u00edrez"},"logo":{"@id":"https:\/\/rafaramirez.org\/blog\/wp-content\/uploads\/2024\/09\/RR_socialnetwork.jpg"},"sameAs":["https:\/\/www.rafaramirez.org\/blog","https:\/\/www.instagram.com\/rafaramirez_ok\/","https:\/\/es.pinterest.com\/Ramirez_Rafa\/","https:\/\/x.com\/rafaramirez_ok"],"url":"https:\/\/rafaramirez.org\/blog\/index.php\/author\/rafaell_qm6j97da\/"}]}},"jetpack_publicize_connections":[],"jetpack_sharing_enabled":true,"jetpack_likes_enabled":true,"jetpack_featured_media_url":"https:\/\/rafaramirez.org\/blog\/wp-content\/uploads\/2025\/06\/Entre_-lo_tangible_y_lo_eterno_bannerblog.jpg","_links":{"self":[{"href":"https:\/\/rafaramirez.org\/blog\/index.php\/wp-json\/wp\/v2\/posts\/9305","targetHints":{"allow":["GET"]}}],"collection":[{"href":"https:\/\/rafaramirez.org\/blog\/index.php\/wp-json\/wp\/v2\/posts"}],"about":[{"href":"https:\/\/rafaramirez.org\/blog\/index.php\/wp-json\/wp\/v2\/types\/post"}],"author":[{"embeddable":true,"href":"https:\/\/rafaramirez.org\/blog\/index.php\/wp-json\/wp\/v2\/users\/1"}],"replies":[{"embeddable":true,"href":"https:\/\/rafaramirez.org\/blog\/index.php\/wp-json\/wp\/v2\/comments?post=9305"}],"version-history":[{"count":6,"href":"https:\/\/rafaramirez.org\/blog\/index.php\/wp-json\/wp\/v2\/posts\/9305\/revisions"}],"predecessor-version":[{"id":12451,"href":"https:\/\/rafaramirez.org\/blog\/index.php\/wp-json\/wp\/v2\/posts\/9305\/revisions\/12451"}],"wp:featuredmedia":[{"embeddable":true,"href":"https:\/\/rafaramirez.org\/blog\/index.php\/wp-json\/wp\/v2\/media\/9311"}],"wp:attachment":[{"href":"https:\/\/rafaramirez.org\/blog\/index.php\/wp-json\/wp\/v2\/media?parent=9305"}],"wp:term":[{"taxonomy":"category","embeddable":true,"href":"https:\/\/rafaramirez.org\/blog\/index.php\/wp-json\/wp\/v2\/categories?post=9305"},{"taxonomy":"post_tag","embeddable":true,"href":"https:\/\/rafaramirez.org\/blog\/index.php\/wp-json\/wp\/v2\/tags?post=9305"}],"curies":[{"name":"wp","href":"https:\/\/api.w.org\/{rel}","templated":true}]}}