{"id":909,"date":"2014-11-20T13:52:31","date_gmt":"2014-11-20T13:52:31","guid":{"rendered":"http:\/\/blog.rafaramirez.org\/?p=909"},"modified":"2024-03-13T10:51:50","modified_gmt":"2024-03-13T09:51:50","slug":"dia-internacional-del-nino","status":"publish","type":"post","link":"https:\/\/rafaramirez.org\/blog\/index.php\/2014\/11\/20\/dia-internacional-del-nino\/","title":{"rendered":"Dia internacional del Ni\u00f1o"},"content":{"rendered":"<p>Hoy es una fecha importante para la defensa de los derechos de ni\u00f1os y ni\u00f1as&#8230; a\u00fan es poco, tenemos que seguir avanzando.<\/p>\n<p><img loading=\"lazy\" decoding=\"async\" class=\"alignnone\" src=\"http:\/\/2.bp.blogspot.com\/-yV4R11fgFYo\/UougRhETmdI\/AAAAAAAAISs\/tBAmjOKHWJY\/s1600\/preveninos-dia-de-los-derechos-del-nino-picapon2.png\" alt=\"\" width=\"554\" height=\"352\" \/><\/p>\n<p><em><strong>\u00abTodos hemos sido ni\u00f1os alguna vez. Y todos deseamos por igual el bienestar de nuestros ni\u00f1os, que siempre ha sido y seguir\u00e1 siendo el anhelo m\u00e1s universal de la humanidad\u00bb.<\/strong><\/em><\/p>\n<p class=\"credit\"><em><strong>Nosotros, los ni\u00f1os: examen de final de decenio de los<\/strong><\/em><br \/>\n<em><strong>resultados de la Cumbre Mundial en favor de la Infancia<\/strong><\/em><br \/>\n<em><strong> Informe del Secretario General (<a href=\"http:\/\/www.un.org\/es\/comun\/docs\/?symbol=A\/S-27\/3\" target=\"_blank\" rel=\"noopener noreferrer\"><span style=\"text-decoration: underline;\"><span style=\"color: #0066cc;\">A\/S-27\/3<\/span><\/span><\/a> <img loading=\"lazy\" decoding=\"async\" title=\"Documento PDF\" src=\"http:\/\/www.un.org\/common\/images\/icons\/ico_pdf.gif\" alt=\"Documento PDF\" width=\"14\" height=\"14\" \/>) ONU.<\/strong><\/em><\/p>\n","protected":false},"excerpt":{"rendered":"<p>Hoy es una fecha importante para la defensa de los derechos de ni\u00f1os y ni\u00f1as&#8230; a\u00fan es poco, tenemos que seguir avanzando. \u00abTodos hemos sido ni\u00f1os alguna vez. Y todos deseamos por igual el bienestar de nuestros ni\u00f1os, que siempre ha sido y seguir\u00e1 siendo el anhelo m\u00e1s universal de la humanidad\u00bb. Nosotros, los ni\u00f1os: [&hellip;]<\/p>\n","protected":false},"author":1,"featured_media":2342,"comment_status":"open","ping_status":"closed","sticky":false,"template":"","format":"standard","meta":{"site-container-style":"default","site-container-layout":"default","site-sidebar-layout":"default","disable-article-header":"default","disable-site-header":"default","disable-site-footer":"default","disable-content-area-spacing":"default","_jetpack_newsletter_access":"","_jetpack_dont_email_post_to_subs":false,"_jetpack_newsletter_tier_id":0,"_jetpack_memberships_contains_paywalled_content":false,"_jetpack_feature_clip_id":0,"_jetpack_memberships_contains_paid_content":false,"footnotes":"","jetpack_publicize_message":"","jetpack_publicize_feature_enabled":true,"jetpack_social_post_already_shared":true,"jetpack_social_options":{"image_generator_settings":{"template":"highway","default_image_id":0,"font":"","enabled":false},"version":2},"jetpack_post_was_ever_published":false},"categories":[1291,15],"tags":[139,141],"class_list":["post-909","post","type-post","status-publish","format-standard","has-post-thumbnail","hentry","category-efemerides","category-noticias-sociales","tag-destacado","tag-dia-internacional-del-nino"],"yoast_head":"<!-- This site is optimized with the Yoast SEO plugin v28.4 - https:\/\/yoast.com\/product\/yoast-seo-wordpress\/ -->\n<title>Dia internacional del Ni\u00f1o - Blog de Rafael Ram\u00edrez<\/title>\n<meta name=\"robots\" content=\"index, follow, max-snippet:-1, max-image-preview:large, max-video-preview:-1\" \/>\n<link rel=\"canonical\" href=\"https:\/\/rafaramirez.org\/blog\/index.php\/2014\/11\/20\/dia-internacional-del-nino\/\" \/>\n<meta property=\"og:locale\" content=\"es_ES\" \/>\n<meta property=\"og:type\" content=\"article\" \/>\n<meta property=\"og:title\" content=\"Dia internacional del Ni\u00f1o - Blog de Rafael Ram\u00edrez\" \/>\n<meta property=\"og:description\" content=\"Hoy es una fecha importante para la defensa de los derechos de ni\u00f1os y ni\u00f1as&#8230; a\u00fan es poco, tenemos que seguir avanzando. \u00abTodos hemos sido ni\u00f1os alguna vez. Y todos deseamos por igual el bienestar de nuestros ni\u00f1os, que siempre ha sido y seguir\u00e1 siendo el anhelo m\u00e1s universal de la humanidad\u00bb. Nosotros, los ni\u00f1os: [&hellip;]\" \/>\n<meta property=\"og:url\" content=\"https:\/\/rafaramirez.org\/blog\/index.php\/2014\/11\/20\/dia-internacional-del-nino\/\" \/>\n<meta property=\"og:site_name\" content=\"Blog de Rafael Ram\u00edrez\" \/>\n<meta property=\"article:published_time\" content=\"2014-11-20T13:52:31+00:00\" \/>\n<meta property=\"article:modified_time\" content=\"2024-03-13T09:51:50+00:00\" \/>\n<meta property=\"og:image\" content=\"https:\/\/rafaramirez.org\/blog\/wp-content\/uploads\/2014\/11\/Happy_Children-640x372-1.jpg\" \/>\n\t<meta property=\"og:image:width\" content=\"640\" \/>\n\t<meta property=\"og:image:height\" content=\"372\" \/>\n\t<meta property=\"og:image:type\" content=\"image\/jpeg\" \/>\n<meta name=\"author\" content=\"Rafael Ram\u00edrez\" \/>\n<meta name=\"twitter:card\" content=\"summary_large_image\" \/>\n<meta name=\"twitter:creator\" content=\"@rafaramirez_ok\" \/>\n<meta name=\"twitter:site\" content=\"@rafaramirez_ok\" \/>\n<meta name=\"twitter:label1\" content=\"Escrito por\" \/>\n\t<meta name=\"twitter:data1\" content=\"Rafael Ram\u00edrez\" \/>\n<script type=\"application\/ld+json\" class=\"yoast-schema-graph\">{\"@context\":\"https:\\\/\\\/schema.org\",\"@graph\":[{\"@type\":\"Article\",\"@id\":\"https:\\\/\\\/rafaramirez.org\\\/blog\\\/index.php\\\/2014\\\/11\\\/20\\\/dia-internacional-del-nino\\\/#article\",\"isPartOf\":{\"@id\":\"https:\\\/\\\/rafaramirez.org\\\/blog\\\/index.php\\\/2014\\\/11\\\/20\\\/dia-internacional-del-nino\\\/\"},\"author\":{\"name\":\"Rafael Ram\u00edrez\",\"@id\":\"https:\\\/\\\/rafaramirez.org\\\/blog\\\/#\\\/schema\\\/person\\\/50f43b6d60c578760d4c17bda54ab6a5\"},\"headline\":\"Dia internacional del Ni\u00f1o\",\"datePublished\":\"2014-11-20T13:52:31+00:00\",\"dateModified\":\"2024-03-13T09:51:50+00:00\",\"mainEntityOfPage\":{\"@id\":\"https:\\\/\\\/rafaramirez.org\\\/blog\\\/index.php\\\/2014\\\/11\\\/20\\\/dia-internacional-del-nino\\\/\"},\"wordCount\":91,\"commentCount\":0,\"publisher\":{\"@id\":\"https:\\\/\\\/rafaramirez.org\\\/blog\\\/#\\\/schema\\\/person\\\/50f43b6d60c578760d4c17bda54ab6a5\"},\"image\":{\"@id\":\"https:\\\/\\\/rafaramirez.org\\\/blog\\\/index.php\\\/2014\\\/11\\\/20\\\/dia-internacional-del-nino\\\/#primaryimage\"},\"thumbnailUrl\":\"https:\\\/\\\/rafaramirez.org\\\/blog\\\/wp-content\\\/uploads\\\/2014\\\/11\\\/Happy_Children-640x372-1.jpg\",\"keywords\":[\"destacado\",\"dia internacional del ni\u00f1o\"],\"articleSection\":[\"Efem\u00e9rides\",\"Informe social\"],\"inLanguage\":\"es\",\"potentialAction\":[{\"@type\":\"CommentAction\",\"name\":\"Comment\",\"target\":[\"https:\\\/\\\/rafaramirez.org\\\/blog\\\/index.php\\\/2014\\\/11\\\/20\\\/dia-internacional-del-nino\\\/#respond\"]}]},{\"@type\":\"WebPage\",\"@id\":\"https:\\\/\\\/rafaramirez.org\\\/blog\\\/index.php\\\/2014\\\/11\\\/20\\\/dia-internacional-del-nino\\\/\",\"url\":\"https:\\\/\\\/rafaramirez.org\\\/blog\\\/index.php\\\/2014\\\/11\\\/20\\\/dia-internacional-del-nino\\\/\",\"name\":\"Dia internacional del Ni\u00f1o - Blog de Rafael Ram\u00edrez\",\"isPartOf\":{\"@id\":\"https:\\\/\\\/rafaramirez.org\\\/blog\\\/#website\"},\"primaryImageOfPage\":{\"@id\":\"https:\\\/\\\/rafaramirez.org\\\/blog\\\/index.php\\\/2014\\\/11\\\/20\\\/dia-internacional-del-nino\\\/#primaryimage\"},\"image\":{\"@id\":\"https:\\\/\\\/rafaramirez.org\\\/blog\\\/index.php\\\/2014\\\/11\\\/20\\\/dia-internacional-del-nino\\\/#primaryimage\"},\"thumbnailUrl\":\"https:\\\/\\\/rafaramirez.org\\\/blog\\\/wp-content\\\/uploads\\\/2014\\\/11\\\/Happy_Children-640x372-1.jpg\",\"datePublished\":\"2014-11-20T13:52:31+00:00\",\"dateModified\":\"2024-03-13T09:51:50+00:00\",\"breadcrumb\":{\"@id\":\"https:\\\/\\\/rafaramirez.org\\\/blog\\\/index.php\\\/2014\\\/11\\\/20\\\/dia-internacional-del-nino\\\/#breadcrumb\"},\"inLanguage\":\"es\",\"potentialAction\":[{\"@type\":\"ReadAction\",\"target\":[\"https:\\\/\\\/rafaramirez.org\\\/blog\\\/index.php\\\/2014\\\/11\\\/20\\\/dia-internacional-del-nino\\\/\"]}]},{\"@type\":\"ImageObject\",\"inLanguage\":\"es\",\"@id\":\"https:\\\/\\\/rafaramirez.org\\\/blog\\\/index.php\\\/2014\\\/11\\\/20\\\/dia-internacional-del-nino\\\/#primaryimage\",\"url\":\"https:\\\/\\\/rafaramirez.org\\\/blog\\\/wp-content\\\/uploads\\\/2014\\\/11\\\/Happy_Children-640x372-1.jpg\",\"contentUrl\":\"https:\\\/\\\/rafaramirez.org\\\/blog\\\/wp-content\\\/uploads\\\/2014\\\/11\\\/Happy_Children-640x372-1.jpg\",\"width\":640,\"height\":372},{\"@type\":\"BreadcrumbList\",\"@id\":\"https:\\\/\\\/rafaramirez.org\\\/blog\\\/index.php\\\/2014\\\/11\\\/20\\\/dia-internacional-del-nino\\\/#breadcrumb\",\"itemListElement\":[{\"@type\":\"ListItem\",\"position\":1,\"name\":\"Portada\",\"item\":\"https:\\\/\\\/rafaramirez.org\\\/blog\\\/\"},{\"@type\":\"ListItem\",\"position\":2,\"name\":\"Dia internacional del Ni\u00f1o\"}]},{\"@type\":\"WebSite\",\"@id\":\"https:\\\/\\\/rafaramirez.org\\\/blog\\\/#website\",\"url\":\"https:\\\/\\\/rafaramirez.org\\\/blog\\\/\",\"name\":\"Blog de Rafael Ram\u00edrez\",\"description\":\"Un sitio social, de arte y cultura\",\"publisher\":{\"@id\":\"https:\\\/\\\/rafaramirez.org\\\/blog\\\/#\\\/schema\\\/person\\\/50f43b6d60c578760d4c17bda54ab6a5\"},\"potentialAction\":[{\"@type\":\"SearchAction\",\"target\":{\"@type\":\"EntryPoint\",\"urlTemplate\":\"https:\\\/\\\/rafaramirez.org\\\/blog\\\/?s={search_term_string}\"},\"query-input\":{\"@type\":\"PropertyValueSpecification\",\"valueRequired\":true,\"valueName\":\"search_term_string\"}}],\"inLanguage\":\"es\"},{\"@type\":[\"Person\",\"Organization\"],\"@id\":\"https:\\\/\\\/rafaramirez.org\\\/blog\\\/#\\\/schema\\\/person\\\/50f43b6d60c578760d4c17bda54ab6a5\",\"name\":\"Rafael Ram\u00edrez\",\"image\":{\"@type\":\"ImageObject\",\"inLanguage\":\"es\",\"@id\":\"https:\\\/\\\/rafaramirez.org\\\/blog\\\/wp-content\\\/uploads\\\/2024\\\/09\\\/RR_socialnetwork.jpg\",\"url\":\"https:\\\/\\\/rafaramirez.org\\\/blog\\\/wp-content\\\/uploads\\\/2024\\\/09\\\/RR_socialnetwork.jpg\",\"contentUrl\":\"https:\\\/\\\/rafaramirez.org\\\/blog\\\/wp-content\\\/uploads\\\/2024\\\/09\\\/RR_socialnetwork.jpg\",\"width\":600,\"height\":606,\"caption\":\"Rafael Ram\u00edrez\"},\"logo\":{\"@id\":\"https:\\\/\\\/rafaramirez.org\\\/blog\\\/wp-content\\\/uploads\\\/2024\\\/09\\\/RR_socialnetwork.jpg\"},\"sameAs\":[\"https:\\\/\\\/www.rafaramirez.org\\\/blog\",\"https:\\\/\\\/www.instagram.com\\\/rafaramirez_ok\\\/\",\"https:\\\/\\\/es.pinterest.com\\\/Ramirez_Rafa\\\/\",\"https:\\\/\\\/x.com\\\/rafaramirez_ok\"],\"url\":\"https:\\\/\\\/rafaramirez.org\\\/blog\\\/index.php\\\/author\\\/rafaell_qm6j97da\\\/\"}]}<\/script>\n<!-- \/ Yoast SEO plugin. -->","yoast_head_json":{"title":"Dia internacional del Ni\u00f1o - Blog de Rafael Ram\u00edrez","robots":{"index":"index","follow":"follow","max-snippet":"max-snippet:-1","max-image-preview":"max-image-preview:large","max-video-preview":"max-video-preview:-1"},"canonical":"https:\/\/rafaramirez.org\/blog\/index.php\/2014\/11\/20\/dia-internacional-del-nino\/","og_locale":"es_ES","og_type":"article","og_title":"Dia internacional del Ni\u00f1o - Blog de Rafael Ram\u00edrez","og_description":"Hoy es una fecha importante para la defensa de los derechos de ni\u00f1os y ni\u00f1as&#8230; a\u00fan es poco, tenemos que seguir avanzando. \u00abTodos hemos sido ni\u00f1os alguna vez. Y todos deseamos por igual el bienestar de nuestros ni\u00f1os, que siempre ha sido y seguir\u00e1 siendo el anhelo m\u00e1s universal de la humanidad\u00bb. Nosotros, los ni\u00f1os: [&hellip;]","og_url":"https:\/\/rafaramirez.org\/blog\/index.php\/2014\/11\/20\/dia-internacional-del-nino\/","og_site_name":"Blog de Rafael Ram\u00edrez","article_published_time":"2014-11-20T13:52:31+00:00","article_modified_time":"2024-03-13T09:51:50+00:00","og_image":[{"width":640,"height":372,"url":"https:\/\/rafaramirez.org\/blog\/wp-content\/uploads\/2014\/11\/Happy_Children-640x372-1.jpg","type":"image\/jpeg"}],"author":"Rafael Ram\u00edrez","twitter_card":"summary_large_image","twitter_creator":"@rafaramirez_ok","twitter_site":"@rafaramirez_ok","twitter_misc":{"Escrito por":"Rafael Ram\u00edrez"},"schema":{"@context":"https:\/\/schema.org","@graph":[{"@type":"Article","@id":"https:\/\/rafaramirez.org\/blog\/index.php\/2014\/11\/20\/dia-internacional-del-nino\/#article","isPartOf":{"@id":"https:\/\/rafaramirez.org\/blog\/index.php\/2014\/11\/20\/dia-internacional-del-nino\/"},"author":{"name":"Rafael Ram\u00edrez","@id":"https:\/\/rafaramirez.org\/blog\/#\/schema\/person\/50f43b6d60c578760d4c17bda54ab6a5"},"headline":"Dia internacional del Ni\u00f1o","datePublished":"2014-11-20T13:52:31+00:00","dateModified":"2024-03-13T09:51:50+00:00","mainEntityOfPage":{"@id":"https:\/\/rafaramirez.org\/blog\/index.php\/2014\/11\/20\/dia-internacional-del-nino\/"},"wordCount":91,"commentCount":0,"publisher":{"@id":"https:\/\/rafaramirez.org\/blog\/#\/schema\/person\/50f43b6d60c578760d4c17bda54ab6a5"},"image":{"@id":"https:\/\/rafaramirez.org\/blog\/index.php\/2014\/11\/20\/dia-internacional-del-nino\/#primaryimage"},"thumbnailUrl":"https:\/\/rafaramirez.org\/blog\/wp-content\/uploads\/2014\/11\/Happy_Children-640x372-1.jpg","keywords":["destacado","dia internacional del ni\u00f1o"],"articleSection":["Efem\u00e9rides","Informe social"],"inLanguage":"es","potentialAction":[{"@type":"CommentAction","name":"Comment","target":["https:\/\/rafaramirez.org\/blog\/index.php\/2014\/11\/20\/dia-internacional-del-nino\/#respond"]}]},{"@type":"WebPage","@id":"https:\/\/rafaramirez.org\/blog\/index.php\/2014\/11\/20\/dia-internacional-del-nino\/","url":"https:\/\/rafaramirez.org\/blog\/index.php\/2014\/11\/20\/dia-internacional-del-nino\/","name":"Dia internacional del Ni\u00f1o - Blog de Rafael Ram\u00edrez","isPartOf":{"@id":"https:\/\/rafaramirez.org\/blog\/#website"},"primaryImageOfPage":{"@id":"https:\/\/rafaramirez.org\/blog\/index.php\/2014\/11\/20\/dia-internacional-del-nino\/#primaryimage"},"image":{"@id":"https:\/\/rafaramirez.org\/blog\/index.php\/2014\/11\/20\/dia-internacional-del-nino\/#primaryimage"},"thumbnailUrl":"https:\/\/rafaramirez.org\/blog\/wp-content\/uploads\/2014\/11\/Happy_Children-640x372-1.jpg","datePublished":"2014-11-20T13:52:31+00:00","dateModified":"2024-03-13T09:51:50+00:00","breadcrumb":{"@id":"https:\/\/rafaramirez.org\/blog\/index.php\/2014\/11\/20\/dia-internacional-del-nino\/#breadcrumb"},"inLanguage":"es","potentialAction":[{"@type":"ReadAction","target":["https:\/\/rafaramirez.org\/blog\/index.php\/2014\/11\/20\/dia-internacional-del-nino\/"]}]},{"@type":"ImageObject","inLanguage":"es","@id":"https:\/\/rafaramirez.org\/blog\/index.php\/2014\/11\/20\/dia-internacional-del-nino\/#primaryimage","url":"https:\/\/rafaramirez.org\/blog\/wp-content\/uploads\/2014\/11\/Happy_Children-640x372-1.jpg","contentUrl":"https:\/\/rafaramirez.org\/blog\/wp-content\/uploads\/2014\/11\/Happy_Children-640x372-1.jpg","width":640,"height":372},{"@type":"BreadcrumbList","@id":"https:\/\/rafaramirez.org\/blog\/index.php\/2014\/11\/20\/dia-internacional-del-nino\/#breadcrumb","itemListElement":[{"@type":"ListItem","position":1,"name":"Portada","item":"https:\/\/rafaramirez.org\/blog\/"},{"@type":"ListItem","position":2,"name":"Dia internacional del Ni\u00f1o"}]},{"@type":"WebSite","@id":"https:\/\/rafaramirez.org\/blog\/#website","url":"https:\/\/rafaramirez.org\/blog\/","name":"Blog de Rafael Ram\u00edrez","description":"Un sitio social, de arte y cultura","publisher":{"@id":"https:\/\/rafaramirez.org\/blog\/#\/schema\/person\/50f43b6d60c578760d4c17bda54ab6a5"},"potentialAction":[{"@type":"SearchAction","target":{"@type":"EntryPoint","urlTemplate":"https:\/\/rafaramirez.org\/blog\/?s={search_term_string}"},"query-input":{"@type":"PropertyValueSpecification","valueRequired":true,"valueName":"search_term_string"}}],"inLanguage":"es"},{"@type":["Person","Organization"],"@id":"https:\/\/rafaramirez.org\/blog\/#\/schema\/person\/50f43b6d60c578760d4c17bda54ab6a5","name":"Rafael Ram\u00edrez","image":{"@type":"ImageObject","inLanguage":"es","@id":"https:\/\/rafaramirez.org\/blog\/wp-content\/uploads\/2024\/09\/RR_socialnetwork.jpg","url":"https:\/\/rafaramirez.org\/blog\/wp-content\/uploads\/2024\/09\/RR_socialnetwork.jpg","contentUrl":"https:\/\/rafaramirez.org\/blog\/wp-content\/uploads\/2024\/09\/RR_socialnetwork.jpg","width":600,"height":606,"caption":"Rafael Ram\u00edrez"},"logo":{"@id":"https:\/\/rafaramirez.org\/blog\/wp-content\/uploads\/2024\/09\/RR_socialnetwork.jpg"},"sameAs":["https:\/\/www.rafaramirez.org\/blog","https:\/\/www.instagram.com\/rafaramirez_ok\/","https:\/\/es.pinterest.com\/Ramirez_Rafa\/","https:\/\/x.com\/rafaramirez_ok"],"url":"https:\/\/rafaramirez.org\/blog\/index.php\/author\/rafaell_qm6j97da\/"}]}},"jetpack_publicize_connections":[],"jetpack_sharing_enabled":true,"jetpack_likes_enabled":true,"jetpack_featured_media_url":"https:\/\/rafaramirez.org\/blog\/wp-content\/uploads\/2014\/11\/Happy_Children-640x372-1.jpg","_links":{"self":[{"href":"https:\/\/rafaramirez.org\/blog\/index.php\/wp-json\/wp\/v2\/posts\/909","targetHints":{"allow":["GET"]}}],"collection":[{"href":"https:\/\/rafaramirez.org\/blog\/index.php\/wp-json\/wp\/v2\/posts"}],"about":[{"href":"https:\/\/rafaramirez.org\/blog\/index.php\/wp-json\/wp\/v2\/types\/post"}],"author":[{"embeddable":true,"href":"https:\/\/rafaramirez.org\/blog\/index.php\/wp-json\/wp\/v2\/users\/1"}],"replies":[{"embeddable":true,"href":"https:\/\/rafaramirez.org\/blog\/index.php\/wp-json\/wp\/v2\/comments?post=909"}],"version-history":[{"count":1,"href":"https:\/\/rafaramirez.org\/blog\/index.php\/wp-json\/wp\/v2\/posts\/909\/revisions"}],"predecessor-version":[{"id":2343,"href":"https:\/\/rafaramirez.org\/blog\/index.php\/wp-json\/wp\/v2\/posts\/909\/revisions\/2343"}],"wp:featuredmedia":[{"embeddable":true,"href":"https:\/\/rafaramirez.org\/blog\/index.php\/wp-json\/wp\/v2\/media\/2342"}],"wp:attachment":[{"href":"https:\/\/rafaramirez.org\/blog\/index.php\/wp-json\/wp\/v2\/media?parent=909"}],"wp:term":[{"taxonomy":"category","embeddable":true,"href":"https:\/\/rafaramirez.org\/blog\/index.php\/wp-json\/wp\/v2\/categories?post=909"},{"taxonomy":"post_tag","embeddable":true,"href":"https:\/\/rafaramirez.org\/blog\/index.php\/wp-json\/wp\/v2\/tags?post=909"}],"curies":[{"name":"wp","href":"https:\/\/api.w.org\/{rel}","templated":true}]}}