{"id":9076,"date":"2025-05-12T08:15:54","date_gmt":"2025-05-12T06:15:54","guid":{"rendered":"https:\/\/rafaramirez.org\/blog\/?p=9076"},"modified":"2026-07-14T11:43:53","modified_gmt":"2026-07-14T09:43:53","slug":"el-expresionismo-historia","status":"publish","type":"post","link":"https:\/\/rafaramirez.org\/blog\/index.php\/2025\/05\/12\/el-expresionismo-historia\/","title":{"rendered":"El expresionismo o el arte como reflejo de la experiencia interna y emocional del artista."},"content":{"rendered":"<p>El <strong>expresionismo<\/strong> es una corriente pict\u00f3rica que surgi\u00f3 a finales del siglo XIX y se consolid\u00f3 a principios del siglo XX. Se caracteriza por el \u00e9nfasis en la expresi\u00f3n de <strong>emociones intensas, estados de \u00e1nimo profundos<\/strong> y, a menudo, visiones subjetivas de la realidad. En lugar de reproducir la naturaleza de forma objetiva, los artistas expresionistas transformaron la realidad para reflejar su mundo interior mediante el uso de <strong>colores vibrantes, pinceladas energ\u00e9ticas<\/strong> y, en muchos casos, distorsiones deliberadas de la forma.<\/p>\n<figure id=\"attachment_9082\" aria-describedby=\"caption-attachment-9082\" style=\"width: 300px\" class=\"wp-caption aligncenter\"><a href=\"https:\/\/rafaramirez.org\/blog\/wp-content\/uploads\/2025\/05\/August-Macke_Chica-en-la-vegetacion-1914_rz.jpg\" target=\"_blank\" rel=\"noopener\"><img loading=\"lazy\" decoding=\"async\" class=\"wp-image-9082 size-medium\" src=\"https:\/\/rafaramirez.org\/blog\/wp-content\/uploads\/2025\/05\/August-Macke_Chica-en-la-vegetacion-1914_rz-300x223.jpg\" alt=\"August Macke &quot;Chica en la vegetaci\u00f3n&quot; (1914). Historia del expresionismo. Blog de Rafael Ram\u00edrez.\" width=\"300\" height=\"223\" srcset=\"https:\/\/rafaramirez.org\/blog\/wp-content\/uploads\/2025\/05\/August-Macke_Chica-en-la-vegetacion-1914_rz-300x223.jpg 300w, https:\/\/rafaramirez.org\/blog\/wp-content\/uploads\/2025\/05\/August-Macke_Chica-en-la-vegetacion-1914_rz-768x571.jpg 768w, https:\/\/rafaramirez.org\/blog\/wp-content\/uploads\/2025\/05\/August-Macke_Chica-en-la-vegetacion-1914_rz.jpg 1000w\" sizes=\"auto, (max-width: 300px) 100vw, 300px\" \/><\/a><figcaption id=\"caption-attachment-9082\" class=\"wp-caption-text\">August Macke \u00abChica en la vegetaci\u00f3n\u00bb (1914). Historia del expresionismo. Blog de Rafael Ram\u00edrez.<\/figcaption><\/figure>\n<h3>Or\u00edgenes e historia.<\/h3>\n<p>Este movimiento surgi\u00f3 en un contexto de profundas transformaciones sociales, econ\u00f3micas y culturales. La industrializaci\u00f3n y el cambio acelerado de la sociedad generaron sentimientos de alienaci\u00f3n y ansiedad, aspectos que los artistas expresionistas plasmaron en sus obras. En lugar de imitar la belleza de la naturaleza o la exactitud de la reproducci\u00f3n visual, el expresionismo se centr\u00f3 en <strong>comunicar la experiencia subjetiva<\/strong> y el tormento interno provocado por un mundo en r\u00e1pida transformaci\u00f3n.<\/p>\n<p>Dos grupos destacan en la historia del expresionismo:<\/p>\n<ul>\n<li><strong>Die Br\u00fccke (El Puente):<\/strong> fundado en Dresde en 1905, este grupo se caracteriz\u00f3 por su estilo crudo y vibrante, con el que buscaba romper con la tradici\u00f3n establecida y reflejar la tensi\u00f3n y ansiedad de la era moderna. Entre sus miembros se encontraban <strong>Ernst Ludwig Kirchner, Erich Heckel, Karl Schmidt-Rottluff y Fritz Bleyl<\/strong>. Sus obras a menudo presentan figuras alargadas, composiciones fragmentadas y un uso casi agresivo del color para transmitir emociones extremas.<\/li>\n<li><strong>Der Blaue Reiter (El Jinete Azul):<\/strong> formado alrededor de 1911 en M\u00fanich, este grupo inclu\u00eda a figuras emblem\u00e1ticas como <strong><a href=\"https:\/\/rafaramirez.org\/blog\/index.php\/2025\/08\/29\/wassily-kandinsky-el-arte-como-sinfonia-espiritual\/\" target=\"_blank\" rel=\"noopener\">Wassily Kandinsky<\/a>, Franz Marc, August Macke y <a href=\"https:\/\/rafaramirez.org\/blog\/index.php\/2025\/04\/01\/gabriele-munter-pintora\/\" target=\"_blank\" rel=\"noopener\">Gabriele M\u00fcnter<\/a><\/strong>. Los integrantes de este grupo exploraban la espiritualidad y la abstracci\u00f3n, apostando por un arte que trascendiera la mera representaci\u00f3n f\u00edsica. Kandinsky, en particular, fue un pionero de la abstracci\u00f3n, convencido de que el color y la forma pod\u00edan transmitir emociones de manera directa, sin necesidad de representar objetos reconocibles.<\/li>\n<\/ul>\n<p>Adem\u00e1s, el expresionismo trasciende las fronteras de estos dos grupos. <a href=\"https:\/\/rafaramirez.org\/blog\/index.php\/2026\/01\/28\/edvard-munch-biografia\/\" target=\"_blank\" rel=\"noopener\"><strong>Edvard Munch<\/strong><\/a>, con obras como <em><strong>El grito<\/strong><\/em>, introdujo una sensaci\u00f3n de angustia y dramatismo que se convirti\u00f3 en un s\u00edmbolo universal de la ansiedad existencial, allanando el terreno para el movimiento.<\/p>\n<figure id=\"attachment_9083\" aria-describedby=\"caption-attachment-9083\" style=\"width: 242px\" class=\"wp-caption aligncenter\"><a href=\"https:\/\/rafaramirez.org\/blog\/wp-content\/uploads\/2025\/05\/Edvard-Munch_El-Grito-1893_ok_rz.jpg\" target=\"_blank\" rel=\"noopener\"><img loading=\"lazy\" decoding=\"async\" class=\"wp-image-9083 size-medium\" src=\"https:\/\/rafaramirez.org\/blog\/wp-content\/uploads\/2025\/05\/Edvard-Munch_El-Grito-1893_ok_rz-242x300.jpg\" alt=\"Edvard Munch &quot;El Grito&quot; (1893). Historia del expresionismo. Blog de Rafael Ram\u00edrez.\" width=\"242\" height=\"300\" srcset=\"https:\/\/rafaramirez.org\/blog\/wp-content\/uploads\/2025\/05\/Edvard-Munch_El-Grito-1893_ok_rz-242x300.jpg 242w, https:\/\/rafaramirez.org\/blog\/wp-content\/uploads\/2025\/05\/Edvard-Munch_El-Grito-1893_ok_rz-768x953.jpg 768w, https:\/\/rafaramirez.org\/blog\/wp-content\/uploads\/2025\/05\/Edvard-Munch_El-Grito-1893_ok_rz.jpg 806w\" sizes=\"auto, (max-width: 242px) 100vw, 242px\" \/><\/a><figcaption id=\"caption-attachment-9083\" class=\"wp-caption-text\">Edvard Munch \u00abEl Grito\u00bb (1893). Historia del expresionismo. Blog de Rafael Ram\u00edrez.<\/figcaption><\/figure>\n<h3>Principales representantes.<\/h3>\n<ul>\n<li><strong><a href=\"https:\/\/rafaramirez.org\/blog\/index.php\/2026\/01\/28\/edvard-munch-biografia\/\" target=\"_blank\" rel=\"noopener\">Edvard Munch<\/a>:<\/strong> su obra <strong><em>El grito<\/em><\/strong> es probablemente la imagen m\u00e1s reconocible del expresionismo. Munch plasmaba el sufrimiento y la ansiedad mediante composiciones dram\u00e1ticas y un uso impactante del color y la forma.<\/li>\n<li><strong>Ernst Ludwig Kirchner (Die Br\u00fccke):<\/strong> con sus formas angulares y colores intensos, Kirchner reflejaba la vida urbana y la alienaci\u00f3n del ser humano en la sociedad moderna.<\/li>\n<li><strong><a href=\"https:\/\/rafaramirez.org\/blog\/index.php\/2025\/08\/29\/wassily-kandinsky-el-arte-como-sinfonia-espiritual\/\" target=\"_blank\" rel=\"noopener\">Wassily Kandinsky<\/a> (Der Blaue Reiter):<\/strong> considerado uno de los pioneros de la abstracci\u00f3n, Kandinsky cre\u00eda que el arte deb\u00eda evocar emociones profundas sin necesidad de representar el mundo visible de manera literal.<\/li>\n<li><strong>Franz Marc:<\/strong> conocido por sus representaciones animales cargadas de simbolismo, Marc emple\u00f3 el color para transmitir estados emocionales y espirituales, resaltando la pureza de la naturaleza en contraste con el mundo humano.<\/li>\n<\/ul>\n<p>Otros artistas influyentes del movimiento son <strong>Max Beckmann y Egon Schiele<\/strong>, cuyas obras profundizan en la distorsi\u00f3n del rostro y el cuerpo para reflejar el conflicto interno.<\/p>\n<figure id=\"attachment_9084\" aria-describedby=\"caption-attachment-9084\" style=\"width: 300px\" class=\"wp-caption aligncenter\"><a href=\"https:\/\/rafaramirez.org\/blog\/wp-content\/uploads\/2025\/05\/Gabriele-Munter_Jawlensky-y-Werefkin-1908-09_rz.jpg\" target=\"_blank\" rel=\"noopener\"><img loading=\"lazy\" decoding=\"async\" class=\"wp-image-9084 size-medium\" src=\"https:\/\/rafaramirez.org\/blog\/wp-content\/uploads\/2025\/05\/Gabriele-Munter_Jawlensky-y-Werefkin-1908-09_rz-300x220.jpg\" alt=\"Gabriele M\u00fcnter &quot;Jawlensky y Werefkin&quot; (1908-09). Blog de Rafael Ram\u00edrez.\" width=\"300\" height=\"220\" srcset=\"https:\/\/rafaramirez.org\/blog\/wp-content\/uploads\/2025\/05\/Gabriele-Munter_Jawlensky-y-Werefkin-1908-09_rz-300x220.jpg 300w, https:\/\/rafaramirez.org\/blog\/wp-content\/uploads\/2025\/05\/Gabriele-Munter_Jawlensky-y-Werefkin-1908-09_rz-768x563.jpg 768w, https:\/\/rafaramirez.org\/blog\/wp-content\/uploads\/2025\/05\/Gabriele-Munter_Jawlensky-y-Werefkin-1908-09_rz.jpg 1000w\" sizes=\"auto, (max-width: 300px) 100vw, 300px\" \/><\/a><figcaption id=\"caption-attachment-9084\" class=\"wp-caption-text\">Gabriele M\u00fcnter \u00abJawlensky y Werefkin\u00bb (1908-09). Historia del expresionismo. Blog de Rafael Ram\u00edrez.<\/figcaption><\/figure>\n<h3>Influencia en artistas contempor\u00e1neos.<\/h3>\n<p>El legado del expresionismo es extenso y sigue influyendo en la forma en que muchos artistas contempor\u00e1neos abordan la pintura, el dise\u00f1o y otras disciplinas art\u00edsticas. Algunas de las influencias m\u00e1s notables son:<\/p>\n<ul>\n<li>Expresi\u00f3n de la subjetividad: la idea de que el arte debe reflejar la experiencia interna y emocional del artista est\u00e1 muy presente en el arte contempor\u00e1neo. Hoy en d\u00eda, muchos creadores utilizan t\u00e9cnicas expresionistas para abordar temas como la identidad, la alienaci\u00f3n y la crisis existencial en un mundo globalizado.<\/li>\n<li>Uso audaz del color y la forma: la paleta vibrante y la gestualidad en el manejo de la pintura, caracter\u00edsticas del expresionismo, han inspirado movimientos modernos como el expresionismo abstracto en Estados Unidos. Artistas como <strong>Jackson Pollock<\/strong> o <strong>Mark Rothko<\/strong> llevaron estas ideas a nuevas formas, explorando la relaci\u00f3n entre el color, la forma y el estado emocional del espectador.<\/li>\n<li>Impacto en otras disciplinas: la influencia del expresionismo se extiende a la escultura, el cine y la fotograf\u00eda. Por ejemplo, el cine expresionista alem\u00e1n (con cl\u00e1sicos como El gabinete del doctor Caligari) utiliz\u00f3 escenarios distorsionados y sombras pronunciadas para crear atm\u00f3sferas inquietantes, una tendencia que se puede rastrear en el cine contempor\u00e1neo y el arte digital.<\/li>\n<li>Exploraci\u00f3n de la identidad y la cr\u00edtica social: muchos artistas actuales retoman el debate sobre la alienaci\u00f3n y la fragmentaci\u00f3n del individuo en la sociedad moderna, una tem\u00e1tica central en el expresionismo. Esta corriente ha servido de base para movimientos que utilizan el arte como medio de denuncia y reflexi\u00f3n sobre los conflictos sociales y econ\u00f3micos.<\/li>\n<\/ul>\n<figure id=\"attachment_9085\" aria-describedby=\"caption-attachment-9085\" style=\"width: 212px\" class=\"wp-caption aligncenter\"><a href=\"https:\/\/rafaramirez.org\/blog\/wp-content\/uploads\/2025\/05\/Ernst-Ludwig-Kirchner_Salida-de-la-luna-Soldado-y-Doncella-1905_rz.jpg\" target=\"_blank\" rel=\"noopener\"><img loading=\"lazy\" decoding=\"async\" class=\"wp-image-9085 size-medium\" src=\"https:\/\/rafaramirez.org\/blog\/wp-content\/uploads\/2025\/05\/Ernst-Ludwig-Kirchner_Salida-de-la-luna-Soldado-y-Doncella-1905_rz-212x300.jpg\" alt=\"Ernst Ludwig Kirchner &quot;Salida de la luna Soldado y Doncella&quot; (1905). Blog de Rafael Ram\u00edrez.\" width=\"212\" height=\"300\" srcset=\"https:\/\/rafaramirez.org\/blog\/wp-content\/uploads\/2025\/05\/Ernst-Ludwig-Kirchner_Salida-de-la-luna-Soldado-y-Doncella-1905_rz-212x300.jpg 212w, https:\/\/rafaramirez.org\/blog\/wp-content\/uploads\/2025\/05\/Ernst-Ludwig-Kirchner_Salida-de-la-luna-Soldado-y-Doncella-1905_rz-723x1024.jpg 723w, https:\/\/rafaramirez.org\/blog\/wp-content\/uploads\/2025\/05\/Ernst-Ludwig-Kirchner_Salida-de-la-luna-Soldado-y-Doncella-1905_rz-768x1088.jpg 768w, https:\/\/rafaramirez.org\/blog\/wp-content\/uploads\/2025\/05\/Ernst-Ludwig-Kirchner_Salida-de-la-luna-Soldado-y-Doncella-1905_rz.jpg 1000w\" sizes=\"auto, (max-width: 212px) 100vw, 212px\" \/><\/a><figcaption id=\"caption-attachment-9085\" class=\"wp-caption-text\">Ernst Ludwig Kirchner \u00abSalida de la luna. Soldado y Doncella\u00bb (1905). Historia del expresionismo. Blog de Rafael Ram\u00edrez.<\/figcaption><\/figure>\n<p>En resumen, el expresionismo, con su visi\u00f3n intensamente personal y emocional de la realidad, rompi\u00f3 con las convenciones establecidas y allan\u00f3 el camino para una gran diversidad de expresiones art\u00edsticas que perduran en el arte contempor\u00e1neo. La ruptura con la representaci\u00f3n literal de la realidad y la apuesta por la abstracci\u00f3n y la subjetividad han inspirado a generaciones de artistas para explorar nuevas formas de expresar lo inefable: el estado emocional del ser humano.<\/p>\n<p>Aunque el expresionismo surgi\u00f3 en un contexto espec\u00edfico de crisis e innovaci\u00f3n cultural, sus ideas siguen vigentes.<\/p>\n<p>M\u00e1s informaci\u00f3n:<\/p>\n<ul>\n<li><a href=\"https:\/\/es.wikipedia.org\/wiki\/Expresionismo\" target=\"_blank\" rel=\"noopener\">Wikipedia<\/a>.<\/li>\n<li><a href=\"https:\/\/www.moma.org\/\" target=\"_blank\" rel=\"noopener\">Museum of Modern Art (MoMA)<\/a>.<\/li>\n<li><a href=\"https:\/\/www.guggenheim.org\/\" target=\"_blank\" rel=\"noopener\">Guggenheim Museum New York<\/a>.<\/li>\n<li><a href=\"https:\/\/www.oxfordartonline.com\/\" target=\"_blank\" rel=\"noopener\">Oxford Art Online<\/a>.<\/li>\n<li><a href=\"https:\/\/rafaramirez.org\/blog\/index.php\/category\/arte\/historia-del-arte\/\" target=\"_blank\" rel=\"noopener\">M\u00e1s historia del arte e historia de otros pintores<\/a>.<\/li>\n<\/ul>\n","protected":false},"excerpt":{"rendered":"<p>El expresionismo es una corriente pict\u00f3rica que surgi\u00f3 a finales del siglo XIX y se consolid\u00f3 a principios del siglo XX. Se caracteriza por el \u00e9nfasis en la expresi\u00f3n de emociones intensas, estados de \u00e1nimo profundos y, a menudo, visiones subjetivas de la realidad. En lugar de reproducir la naturaleza de forma objetiva, los artistas [&hellip;]<\/p>\n","protected":false},"author":3,"featured_media":9081,"comment_status":"open","ping_status":"closed","sticky":false,"template":"","format":"standard","meta":{"site-container-style":"default","site-container-layout":"default","site-sidebar-layout":"default","disable-article-header":"default","disable-site-header":"default","disable-site-footer":"default","disable-content-area-spacing":"default","_jetpack_newsletter_access":"","_jetpack_dont_email_post_to_subs":false,"_jetpack_newsletter_tier_id":0,"_jetpack_memberships_contains_paywalled_content":false,"_jetpack_feature_clip_id":0,"_jetpack_memberships_contains_paid_content":false,"footnotes":"","jetpack_publicize_message":"","jetpack_publicize_feature_enabled":true,"jetpack_social_post_already_shared":true,"jetpack_social_options":{"image_generator_settings":{"template":"highway","default_image_id":0,"font":"","enabled":false},"version":2},"jetpack_post_was_ever_published":false},"categories":[1290],"tags":[4243,4155,4248,2711,4245,4244,745,4157,4247,4152,3748,1383,4241,4246,4242,4083],"class_list":["post-9076","post","type-post","status-publish","format-standard","has-post-thumbnail","hentry","category-historia-del-arte","tag-august-macke","tag-der-blaue-reiter","tag-die-brucke","tag-edvard-munch","tag-erich-heckel","tag-ernst-ludwig-kirchner","tag-expresionismo","tag-franz-marc","tag-fritz-bleyl","tag-gabriele-munter","tag-historia-de-la-pintura","tag-historia-del-arte","tag-historia-del-expresionismo","tag-karl-schmidt-rottluff","tag-pintores-expresionistas","tag-wassily-kandinsky"],"yoast_head":"<!-- This site is optimized with the Yoast SEO plugin v28.4 - https:\/\/yoast.com\/product\/yoast-seo-wordpress\/ -->\n<title>El expresionismo o el arte como reflejo de la experiencia interna y emocional del artista. - Blog de Rafael Ram\u00edrez<\/title>\n<meta name=\"description\" content=\"El expresionismo, su historia como una corriente pict\u00f3rica que surgi\u00f3 a finales del siglo XIX y se consolid\u00f3 a principios del siglo XX...\" \/>\n<meta name=\"robots\" content=\"index, follow, max-snippet:-1, max-image-preview:large, max-video-preview:-1\" \/>\n<link rel=\"canonical\" href=\"https:\/\/rafaramirez.org\/blog\/index.php\/2025\/05\/12\/el-expresionismo-historia\/\" \/>\n<meta property=\"og:locale\" content=\"es_ES\" \/>\n<meta property=\"og:type\" content=\"article\" \/>\n<meta property=\"og:title\" content=\"El expresionismo o el arte como reflejo de la experiencia interna y emocional del artista. - Blog de Rafael Ram\u00edrez\" \/>\n<meta property=\"og:description\" content=\"El expresionismo, su historia como una corriente pict\u00f3rica que surgi\u00f3 a finales del siglo XIX y se consolid\u00f3 a principios del siglo XX...\" \/>\n<meta property=\"og:url\" content=\"https:\/\/rafaramirez.org\/blog\/index.php\/2025\/05\/12\/el-expresionismo-historia\/\" \/>\n<meta property=\"og:site_name\" content=\"Blog de Rafael Ram\u00edrez\" \/>\n<meta property=\"article:published_time\" content=\"2025-05-12T06:15:54+00:00\" \/>\n<meta property=\"article:modified_time\" content=\"2026-07-14T09:43:53+00:00\" \/>\n<meta property=\"og:image\" content=\"https:\/\/rafaramirez.org\/blog\/wp-content\/uploads\/2025\/05\/El_expresionismo_bannerlog.jpg\" \/>\n\t<meta property=\"og:image:width\" content=\"720\" \/>\n\t<meta property=\"og:image:height\" content=\"440\" \/>\n\t<meta property=\"og:image:type\" content=\"image\/jpeg\" \/>\n<meta name=\"author\" content=\"Documentaci\u00f3n e investigaci\u00f3n\" \/>\n<meta name=\"twitter:card\" content=\"summary_large_image\" \/>\n<meta name=\"twitter:site\" content=\"@rafaramirez_ok\" \/>\n<meta name=\"twitter:label1\" content=\"Escrito por\" \/>\n\t<meta name=\"twitter:data1\" content=\"Documentaci\u00f3n e investigaci\u00f3n\" \/>\n\t<meta name=\"twitter:label2\" content=\"Tiempo de lectura\" \/>\n\t<meta name=\"twitter:data2\" content=\"6 minutos\" \/>\n<script type=\"application\/ld+json\" class=\"yoast-schema-graph\">{\"@context\":\"https:\\\/\\\/schema.org\",\"@graph\":[{\"@type\":\"Article\",\"@id\":\"https:\\\/\\\/rafaramirez.org\\\/blog\\\/index.php\\\/2025\\\/05\\\/12\\\/el-expresionismo-historia\\\/#article\",\"isPartOf\":{\"@id\":\"https:\\\/\\\/rafaramirez.org\\\/blog\\\/index.php\\\/2025\\\/05\\\/12\\\/el-expresionismo-historia\\\/\"},\"author\":{\"name\":\"Documentaci\u00f3n e investigaci\u00f3n\",\"@id\":\"https:\\\/\\\/rafaramirez.org\\\/blog\\\/#\\\/schema\\\/person\\\/8debd05b3d9a1d16fb21af726811617d\"},\"headline\":\"El expresionismo o el arte como reflejo de la experiencia interna y emocional del artista.\",\"datePublished\":\"2025-05-12T06:15:54+00:00\",\"dateModified\":\"2026-07-14T09:43:53+00:00\",\"mainEntityOfPage\":{\"@id\":\"https:\\\/\\\/rafaramirez.org\\\/blog\\\/index.php\\\/2025\\\/05\\\/12\\\/el-expresionismo-historia\\\/\"},\"wordCount\":1052,\"commentCount\":0,\"publisher\":{\"@id\":\"https:\\\/\\\/rafaramirez.org\\\/blog\\\/#\\\/schema\\\/person\\\/50f43b6d60c578760d4c17bda54ab6a5\"},\"image\":{\"@id\":\"https:\\\/\\\/rafaramirez.org\\\/blog\\\/index.php\\\/2025\\\/05\\\/12\\\/el-expresionismo-historia\\\/#primaryimage\"},\"thumbnailUrl\":\"https:\\\/\\\/rafaramirez.org\\\/blog\\\/wp-content\\\/uploads\\\/2025\\\/05\\\/El_expresionismo_bannerlog.jpg\",\"keywords\":[\"August Macke\",\"Der Blaue Reiter\",\"Die Br\u00fccke\",\"Edvard Munch\",\"Erich Heckel\",\"Ernst Ludwig Kirchner\",\"expresionismo\",\"Franz Marc\",\"Fritz Bleyl\",\"Gabriele M\u00fcnter\",\"historia de la pintura\",\"historia del arte\",\"Historia del Expresionismo\",\"Karl Schmidt-Rottluff\",\"pintores expresionistas\",\"Wassily Kandinsky\"],\"articleSection\":[\"Historia del arte\"],\"inLanguage\":\"es\",\"potentialAction\":[{\"@type\":\"CommentAction\",\"name\":\"Comment\",\"target\":[\"https:\\\/\\\/rafaramirez.org\\\/blog\\\/index.php\\\/2025\\\/05\\\/12\\\/el-expresionismo-historia\\\/#respond\"]}]},{\"@type\":\"WebPage\",\"@id\":\"https:\\\/\\\/rafaramirez.org\\\/blog\\\/index.php\\\/2025\\\/05\\\/12\\\/el-expresionismo-historia\\\/\",\"url\":\"https:\\\/\\\/rafaramirez.org\\\/blog\\\/index.php\\\/2025\\\/05\\\/12\\\/el-expresionismo-historia\\\/\",\"name\":\"El expresionismo o el arte como reflejo de la experiencia interna y emocional del artista. - Blog de Rafael Ram\u00edrez\",\"isPartOf\":{\"@id\":\"https:\\\/\\\/rafaramirez.org\\\/blog\\\/#website\"},\"primaryImageOfPage\":{\"@id\":\"https:\\\/\\\/rafaramirez.org\\\/blog\\\/index.php\\\/2025\\\/05\\\/12\\\/el-expresionismo-historia\\\/#primaryimage\"},\"image\":{\"@id\":\"https:\\\/\\\/rafaramirez.org\\\/blog\\\/index.php\\\/2025\\\/05\\\/12\\\/el-expresionismo-historia\\\/#primaryimage\"},\"thumbnailUrl\":\"https:\\\/\\\/rafaramirez.org\\\/blog\\\/wp-content\\\/uploads\\\/2025\\\/05\\\/El_expresionismo_bannerlog.jpg\",\"datePublished\":\"2025-05-12T06:15:54+00:00\",\"dateModified\":\"2026-07-14T09:43:53+00:00\",\"description\":\"El expresionismo, su historia como una corriente pict\u00f3rica que surgi\u00f3 a finales del siglo XIX y se consolid\u00f3 a principios del siglo XX...\",\"breadcrumb\":{\"@id\":\"https:\\\/\\\/rafaramirez.org\\\/blog\\\/index.php\\\/2025\\\/05\\\/12\\\/el-expresionismo-historia\\\/#breadcrumb\"},\"inLanguage\":\"es\",\"potentialAction\":[{\"@type\":\"ReadAction\",\"target\":[\"https:\\\/\\\/rafaramirez.org\\\/blog\\\/index.php\\\/2025\\\/05\\\/12\\\/el-expresionismo-historia\\\/\"]}]},{\"@type\":\"ImageObject\",\"inLanguage\":\"es\",\"@id\":\"https:\\\/\\\/rafaramirez.org\\\/blog\\\/index.php\\\/2025\\\/05\\\/12\\\/el-expresionismo-historia\\\/#primaryimage\",\"url\":\"https:\\\/\\\/rafaramirez.org\\\/blog\\\/wp-content\\\/uploads\\\/2025\\\/05\\\/El_expresionismo_bannerlog.jpg\",\"contentUrl\":\"https:\\\/\\\/rafaramirez.org\\\/blog\\\/wp-content\\\/uploads\\\/2025\\\/05\\\/El_expresionismo_bannerlog.jpg\",\"width\":720,\"height\":440,\"caption\":\"Historia del expresionismo. Blog de Rafael Ram\u00edrez.\"},{\"@type\":\"BreadcrumbList\",\"@id\":\"https:\\\/\\\/rafaramirez.org\\\/blog\\\/index.php\\\/2025\\\/05\\\/12\\\/el-expresionismo-historia\\\/#breadcrumb\",\"itemListElement\":[{\"@type\":\"ListItem\",\"position\":1,\"name\":\"Portada\",\"item\":\"https:\\\/\\\/rafaramirez.org\\\/blog\\\/\"},{\"@type\":\"ListItem\",\"position\":2,\"name\":\"El expresionismo o el arte como reflejo de la experiencia interna y emocional del artista.\"}]},{\"@type\":\"WebSite\",\"@id\":\"https:\\\/\\\/rafaramirez.org\\\/blog\\\/#website\",\"url\":\"https:\\\/\\\/rafaramirez.org\\\/blog\\\/\",\"name\":\"Blog de Rafael Ram\u00edrez\",\"description\":\"Un sitio social, de arte y cultura\",\"publisher\":{\"@id\":\"https:\\\/\\\/rafaramirez.org\\\/blog\\\/#\\\/schema\\\/person\\\/50f43b6d60c578760d4c17bda54ab6a5\"},\"potentialAction\":[{\"@type\":\"SearchAction\",\"target\":{\"@type\":\"EntryPoint\",\"urlTemplate\":\"https:\\\/\\\/rafaramirez.org\\\/blog\\\/?s={search_term_string}\"},\"query-input\":{\"@type\":\"PropertyValueSpecification\",\"valueRequired\":true,\"valueName\":\"search_term_string\"}}],\"inLanguage\":\"es\"},{\"@type\":[\"Person\",\"Organization\"],\"@id\":\"https:\\\/\\\/rafaramirez.org\\\/blog\\\/#\\\/schema\\\/person\\\/50f43b6d60c578760d4c17bda54ab6a5\",\"name\":\"Rafael Ram\u00edrez\",\"image\":{\"@type\":\"ImageObject\",\"inLanguage\":\"es\",\"@id\":\"https:\\\/\\\/rafaramirez.org\\\/blog\\\/wp-content\\\/uploads\\\/2024\\\/09\\\/RR_socialnetwork.jpg\",\"url\":\"https:\\\/\\\/rafaramirez.org\\\/blog\\\/wp-content\\\/uploads\\\/2024\\\/09\\\/RR_socialnetwork.jpg\",\"contentUrl\":\"https:\\\/\\\/rafaramirez.org\\\/blog\\\/wp-content\\\/uploads\\\/2024\\\/09\\\/RR_socialnetwork.jpg\",\"width\":600,\"height\":606,\"caption\":\"Rafael Ram\u00edrez\"},\"logo\":{\"@id\":\"https:\\\/\\\/rafaramirez.org\\\/blog\\\/wp-content\\\/uploads\\\/2024\\\/09\\\/RR_socialnetwork.jpg\"},\"sameAs\":[\"https:\\\/\\\/www.rafaramirez.org\\\/blog\",\"https:\\\/\\\/www.instagram.com\\\/rafaramirez_ok\\\/\",\"https:\\\/\\\/es.pinterest.com\\\/Ramirez_Rafa\\\/\",\"https:\\\/\\\/x.com\\\/rafaramirez_ok\"]},{\"@type\":\"Person\",\"@id\":\"https:\\\/\\\/rafaramirez.org\\\/blog\\\/#\\\/schema\\\/person\\\/8debd05b3d9a1d16fb21af726811617d\",\"name\":\"Documentaci\u00f3n e investigaci\u00f3n\",\"image\":{\"@type\":\"ImageObject\",\"inLanguage\":\"es\",\"@id\":\"https:\\\/\\\/secure.gravatar.com\\\/avatar\\\/fe70e496579a39c7a8fc4982b89275403b1092eb200623138a32daada9416911?s=96&d=mm&r=g\",\"url\":\"https:\\\/\\\/secure.gravatar.com\\\/avatar\\\/fe70e496579a39c7a8fc4982b89275403b1092eb200623138a32daada9416911?s=96&d=mm&r=g\",\"contentUrl\":\"https:\\\/\\\/secure.gravatar.com\\\/avatar\\\/fe70e496579a39c7a8fc4982b89275403b1092eb200623138a32daada9416911?s=96&d=mm&r=g\",\"caption\":\"Documentaci\u00f3n e investigaci\u00f3n\"},\"url\":\"https:\\\/\\\/rafaramirez.org\\\/blog\\\/index.php\\\/author\\\/admin\\\/\"}]}<\/script>\n<!-- \/ Yoast SEO plugin. -->","yoast_head_json":{"title":"El expresionismo o el arte como reflejo de la experiencia interna y emocional del artista. - Blog de Rafael Ram\u00edrez","description":"El expresionismo, su historia como una corriente pict\u00f3rica que surgi\u00f3 a finales del siglo XIX y se consolid\u00f3 a principios del siglo XX...","robots":{"index":"index","follow":"follow","max-snippet":"max-snippet:-1","max-image-preview":"max-image-preview:large","max-video-preview":"max-video-preview:-1"},"canonical":"https:\/\/rafaramirez.org\/blog\/index.php\/2025\/05\/12\/el-expresionismo-historia\/","og_locale":"es_ES","og_type":"article","og_title":"El expresionismo o el arte como reflejo de la experiencia interna y emocional del artista. - Blog de Rafael Ram\u00edrez","og_description":"El expresionismo, su historia como una corriente pict\u00f3rica que surgi\u00f3 a finales del siglo XIX y se consolid\u00f3 a principios del siglo XX...","og_url":"https:\/\/rafaramirez.org\/blog\/index.php\/2025\/05\/12\/el-expresionismo-historia\/","og_site_name":"Blog de Rafael Ram\u00edrez","article_published_time":"2025-05-12T06:15:54+00:00","article_modified_time":"2026-07-14T09:43:53+00:00","og_image":[{"width":720,"height":440,"url":"https:\/\/rafaramirez.org\/blog\/wp-content\/uploads\/2025\/05\/El_expresionismo_bannerlog.jpg","type":"image\/jpeg"}],"author":"Documentaci\u00f3n e investigaci\u00f3n","twitter_card":"summary_large_image","twitter_site":"@rafaramirez_ok","twitter_misc":{"Escrito por":"Documentaci\u00f3n e investigaci\u00f3n","Tiempo de lectura":"6 minutos"},"schema":{"@context":"https:\/\/schema.org","@graph":[{"@type":"Article","@id":"https:\/\/rafaramirez.org\/blog\/index.php\/2025\/05\/12\/el-expresionismo-historia\/#article","isPartOf":{"@id":"https:\/\/rafaramirez.org\/blog\/index.php\/2025\/05\/12\/el-expresionismo-historia\/"},"author":{"name":"Documentaci\u00f3n e investigaci\u00f3n","@id":"https:\/\/rafaramirez.org\/blog\/#\/schema\/person\/8debd05b3d9a1d16fb21af726811617d"},"headline":"El expresionismo o el arte como reflejo de la experiencia interna y emocional del artista.","datePublished":"2025-05-12T06:15:54+00:00","dateModified":"2026-07-14T09:43:53+00:00","mainEntityOfPage":{"@id":"https:\/\/rafaramirez.org\/blog\/index.php\/2025\/05\/12\/el-expresionismo-historia\/"},"wordCount":1052,"commentCount":0,"publisher":{"@id":"https:\/\/rafaramirez.org\/blog\/#\/schema\/person\/50f43b6d60c578760d4c17bda54ab6a5"},"image":{"@id":"https:\/\/rafaramirez.org\/blog\/index.php\/2025\/05\/12\/el-expresionismo-historia\/#primaryimage"},"thumbnailUrl":"https:\/\/rafaramirez.org\/blog\/wp-content\/uploads\/2025\/05\/El_expresionismo_bannerlog.jpg","keywords":["August Macke","Der Blaue Reiter","Die Br\u00fccke","Edvard Munch","Erich Heckel","Ernst Ludwig Kirchner","expresionismo","Franz Marc","Fritz Bleyl","Gabriele M\u00fcnter","historia de la pintura","historia del arte","Historia del Expresionismo","Karl Schmidt-Rottluff","pintores expresionistas","Wassily Kandinsky"],"articleSection":["Historia del arte"],"inLanguage":"es","potentialAction":[{"@type":"CommentAction","name":"Comment","target":["https:\/\/rafaramirez.org\/blog\/index.php\/2025\/05\/12\/el-expresionismo-historia\/#respond"]}]},{"@type":"WebPage","@id":"https:\/\/rafaramirez.org\/blog\/index.php\/2025\/05\/12\/el-expresionismo-historia\/","url":"https:\/\/rafaramirez.org\/blog\/index.php\/2025\/05\/12\/el-expresionismo-historia\/","name":"El expresionismo o el arte como reflejo de la experiencia interna y emocional del artista. - Blog de Rafael Ram\u00edrez","isPartOf":{"@id":"https:\/\/rafaramirez.org\/blog\/#website"},"primaryImageOfPage":{"@id":"https:\/\/rafaramirez.org\/blog\/index.php\/2025\/05\/12\/el-expresionismo-historia\/#primaryimage"},"image":{"@id":"https:\/\/rafaramirez.org\/blog\/index.php\/2025\/05\/12\/el-expresionismo-historia\/#primaryimage"},"thumbnailUrl":"https:\/\/rafaramirez.org\/blog\/wp-content\/uploads\/2025\/05\/El_expresionismo_bannerlog.jpg","datePublished":"2025-05-12T06:15:54+00:00","dateModified":"2026-07-14T09:43:53+00:00","description":"El expresionismo, su historia como una corriente pict\u00f3rica que surgi\u00f3 a finales del siglo XIX y se consolid\u00f3 a principios del siglo XX...","breadcrumb":{"@id":"https:\/\/rafaramirez.org\/blog\/index.php\/2025\/05\/12\/el-expresionismo-historia\/#breadcrumb"},"inLanguage":"es","potentialAction":[{"@type":"ReadAction","target":["https:\/\/rafaramirez.org\/blog\/index.php\/2025\/05\/12\/el-expresionismo-historia\/"]}]},{"@type":"ImageObject","inLanguage":"es","@id":"https:\/\/rafaramirez.org\/blog\/index.php\/2025\/05\/12\/el-expresionismo-historia\/#primaryimage","url":"https:\/\/rafaramirez.org\/blog\/wp-content\/uploads\/2025\/05\/El_expresionismo_bannerlog.jpg","contentUrl":"https:\/\/rafaramirez.org\/blog\/wp-content\/uploads\/2025\/05\/El_expresionismo_bannerlog.jpg","width":720,"height":440,"caption":"Historia del expresionismo. Blog de Rafael Ram\u00edrez."},{"@type":"BreadcrumbList","@id":"https:\/\/rafaramirez.org\/blog\/index.php\/2025\/05\/12\/el-expresionismo-historia\/#breadcrumb","itemListElement":[{"@type":"ListItem","position":1,"name":"Portada","item":"https:\/\/rafaramirez.org\/blog\/"},{"@type":"ListItem","position":2,"name":"El expresionismo o el arte como reflejo de la experiencia interna y emocional del artista."}]},{"@type":"WebSite","@id":"https:\/\/rafaramirez.org\/blog\/#website","url":"https:\/\/rafaramirez.org\/blog\/","name":"Blog de Rafael Ram\u00edrez","description":"Un sitio social, de arte y cultura","publisher":{"@id":"https:\/\/rafaramirez.org\/blog\/#\/schema\/person\/50f43b6d60c578760d4c17bda54ab6a5"},"potentialAction":[{"@type":"SearchAction","target":{"@type":"EntryPoint","urlTemplate":"https:\/\/rafaramirez.org\/blog\/?s={search_term_string}"},"query-input":{"@type":"PropertyValueSpecification","valueRequired":true,"valueName":"search_term_string"}}],"inLanguage":"es"},{"@type":["Person","Organization"],"@id":"https:\/\/rafaramirez.org\/blog\/#\/schema\/person\/50f43b6d60c578760d4c17bda54ab6a5","name":"Rafael Ram\u00edrez","image":{"@type":"ImageObject","inLanguage":"es","@id":"https:\/\/rafaramirez.org\/blog\/wp-content\/uploads\/2024\/09\/RR_socialnetwork.jpg","url":"https:\/\/rafaramirez.org\/blog\/wp-content\/uploads\/2024\/09\/RR_socialnetwork.jpg","contentUrl":"https:\/\/rafaramirez.org\/blog\/wp-content\/uploads\/2024\/09\/RR_socialnetwork.jpg","width":600,"height":606,"caption":"Rafael Ram\u00edrez"},"logo":{"@id":"https:\/\/rafaramirez.org\/blog\/wp-content\/uploads\/2024\/09\/RR_socialnetwork.jpg"},"sameAs":["https:\/\/www.rafaramirez.org\/blog","https:\/\/www.instagram.com\/rafaramirez_ok\/","https:\/\/es.pinterest.com\/Ramirez_Rafa\/","https:\/\/x.com\/rafaramirez_ok"]},{"@type":"Person","@id":"https:\/\/rafaramirez.org\/blog\/#\/schema\/person\/8debd05b3d9a1d16fb21af726811617d","name":"Documentaci\u00f3n e investigaci\u00f3n","image":{"@type":"ImageObject","inLanguage":"es","@id":"https:\/\/secure.gravatar.com\/avatar\/fe70e496579a39c7a8fc4982b89275403b1092eb200623138a32daada9416911?s=96&d=mm&r=g","url":"https:\/\/secure.gravatar.com\/avatar\/fe70e496579a39c7a8fc4982b89275403b1092eb200623138a32daada9416911?s=96&d=mm&r=g","contentUrl":"https:\/\/secure.gravatar.com\/avatar\/fe70e496579a39c7a8fc4982b89275403b1092eb200623138a32daada9416911?s=96&d=mm&r=g","caption":"Documentaci\u00f3n e investigaci\u00f3n"},"url":"https:\/\/rafaramirez.org\/blog\/index.php\/author\/admin\/"}]}},"jetpack_publicize_connections":[],"jetpack_sharing_enabled":true,"jetpack_likes_enabled":true,"jetpack_featured_media_url":"https:\/\/rafaramirez.org\/blog\/wp-content\/uploads\/2025\/05\/El_expresionismo_bannerlog.jpg","_links":{"self":[{"href":"https:\/\/rafaramirez.org\/blog\/index.php\/wp-json\/wp\/v2\/posts\/9076","targetHints":{"allow":["GET"]}}],"collection":[{"href":"https:\/\/rafaramirez.org\/blog\/index.php\/wp-json\/wp\/v2\/posts"}],"about":[{"href":"https:\/\/rafaramirez.org\/blog\/index.php\/wp-json\/wp\/v2\/types\/post"}],"author":[{"embeddable":true,"href":"https:\/\/rafaramirez.org\/blog\/index.php\/wp-json\/wp\/v2\/users\/3"}],"replies":[{"embeddable":true,"href":"https:\/\/rafaramirez.org\/blog\/index.php\/wp-json\/wp\/v2\/comments?post=9076"}],"version-history":[{"count":10,"href":"https:\/\/rafaramirez.org\/blog\/index.php\/wp-json\/wp\/v2\/posts\/9076\/revisions"}],"predecessor-version":[{"id":11834,"href":"https:\/\/rafaramirez.org\/blog\/index.php\/wp-json\/wp\/v2\/posts\/9076\/revisions\/11834"}],"wp:featuredmedia":[{"embeddable":true,"href":"https:\/\/rafaramirez.org\/blog\/index.php\/wp-json\/wp\/v2\/media\/9081"}],"wp:attachment":[{"href":"https:\/\/rafaramirez.org\/blog\/index.php\/wp-json\/wp\/v2\/media?parent=9076"}],"wp:term":[{"taxonomy":"category","embeddable":true,"href":"https:\/\/rafaramirez.org\/blog\/index.php\/wp-json\/wp\/v2\/categories?post=9076"},{"taxonomy":"post_tag","embeddable":true,"href":"https:\/\/rafaramirez.org\/blog\/index.php\/wp-json\/wp\/v2\/tags?post=9076"}],"curies":[{"name":"wp","href":"https:\/\/api.w.org\/{rel}","templated":true}]}}