{"id":9041,"date":"2025-05-08T08:15:19","date_gmt":"2025-05-08T06:15:19","guid":{"rendered":"https:\/\/rafaramirez.org\/blog\/?p=9041"},"modified":"2025-04-23T12:12:14","modified_gmt":"2025-04-23T10:12:14","slug":"sempiterno-palabra-bonita","status":"publish","type":"post","link":"https:\/\/rafaramirez.org\/blog\/index.php\/2025\/05\/08\/sempiterno-palabra-bonita\/","title":{"rendered":"\u00abSempiterno\u00bb palabra bonita en nuestro proyecto. Te cuento su significado e historia."},"content":{"rendered":"<p>En esta ocasi\u00f3n, <strong>\u00absempiterno\u00bb<\/strong> es nuestra palabra bonita. La palabra \u00absempiterno\u00bb se utiliza como adjetivo para describir algo que dura para siempre o que est\u00e1 destinado a no tener fin. En contextos literarios y filos\u00f3ficos se se\u00f1ala su matiz caracter\u00edstico: algo que, habiendo tenido un principio, se extiende indefinidamente, en contraposici\u00f3n a lo que se entiende por \u00abeterno\u00bb, que a veces implica la idea de ausencia tanto de inicio como de conclusi\u00f3n.<\/p>\n<h3>Origen y Etimolog\u00eda<\/h3>\n<p>La etimolog\u00eda de sempiterno es especialmente interesante. Proviene del lat\u00edn <strong>\u00absempiternus\u00bb<\/strong>, que es una combinaci\u00f3n de dos elementos ling\u00fc\u00edsticos:<\/p>\n<ul>\n<li><strong>\u00abSemper\u00bb:<\/strong> que significa \u00absiempre\u00bb. Este t\u00e9rmino tiene su ra\u00edz en una forma indoeuropea que expresa la idea de continuidad y unidad.<\/li>\n<li><strong>\u00abAeternus\u00bb:<\/strong> que inicialmente se refer\u00eda a lo relativo a la duraci\u00f3n de una vida (derivado de <em><strong>aevum<\/strong><\/em>, que denota edad, \u00e9poca o generaci\u00f3n) y con el tiempo lleg\u00f3 a significar <strong>\u00absin fin\u00bb<\/strong>.<\/li>\n<\/ul>\n<p>Aunque a primera vista se podr\u00eda interpretar como la uni\u00f3n de los vocablos \u201csiempre\u201d y \u201ceterno\u201d, el origen nos muestra que <em><strong>aeternus<\/strong><\/em> ten\u00eda una connotaci\u00f3n inicialmente m\u00e1s limitada, aludiendo a la duraci\u00f3n de la vida, y solo m\u00e1s tarde fue adquiriendo el sentido del infinito absoluto.<\/p>\n<figure id=\"attachment_9047\" aria-describedby=\"caption-attachment-9047\" style=\"width: 300px\" class=\"wp-caption aligncenter\"><a href=\"https:\/\/rafaramirez.org\/blog\/wp-content\/uploads\/2025\/05\/background-6589857.jpg\" target=\"_blank\" rel=\"noopener\"><img loading=\"lazy\" decoding=\"async\" class=\"wp-image-9047 size-medium\" src=\"https:\/\/rafaramirez.org\/blog\/wp-content\/uploads\/2025\/05\/background-6589857-300x200.jpg\" alt=\"&quot;Sempiterno&quot; palabra bonita. Blog de Rafael Ram\u00edrez.\" width=\"300\" height=\"200\" srcset=\"https:\/\/rafaramirez.org\/blog\/wp-content\/uploads\/2025\/05\/background-6589857-300x200.jpg 300w, https:\/\/rafaramirez.org\/blog\/wp-content\/uploads\/2025\/05\/background-6589857-768x512.jpg 768w, https:\/\/rafaramirez.org\/blog\/wp-content\/uploads\/2025\/05\/background-6589857.jpg 800w\" sizes=\"auto, (max-width: 300px) 100vw, 300px\" \/><\/a><figcaption id=\"caption-attachment-9047\" class=\"wp-caption-text\">\u00abSempiterno\u00bb palabra bonita. Blog de Rafael Ram\u00edrez.<\/figcaption><\/figure>\n<h3>Fil\u00f3sofos que han explorado la idea de sempiternidad.<\/h3>\n<p>La idea de la sempiternidad\u2014entendida como algo que tiene un comienzo, pero que se prolonga indefinidamente\u2014ha sido abordada en diversos momentos de la filosof\u00eda, especialmente cuando se indaga en la naturaleza del tiempo, la existencia y la inmortalidad del alma.<\/p>\n<p><strong>En la filosof\u00eda antigua y cl\u00e1sica<\/strong>, pensadores como Plat\u00f3n y Arist\u00f3teles sentaron las bases del debate sobre lo eterno y lo transitorio.<\/p>\n<ul>\n<li><strong>Plat\u00f3n<\/strong> explor\u00f3 una realidad que trasciende lo temporal a trav\u00e9s del mundo de las Formas, sugiriendo que existen ideales o esencias que, en cierto sentido, son permanentes.<\/li>\n<li><strong>Arist\u00f3teles<\/strong>, por su parte, introdujo la noci\u00f3n del \u00abmotor inm\u00f3vil\u00bb, una causa primera eterna que impulsa el movimiento del universo sin verse afectada por el cambio. Aunque sus ideas se orientan m\u00e1s hacia un eterno sin inicio ni fin, sus planteamientos influyeron en las posteriores discusiones en las que se diferencia lo eterno de lo sempiterno.<\/li>\n<\/ul>\n<p><strong>Durante la Edad Media<\/strong>, el debate cobr\u00f3 un cariz m\u00e1s teol\u00f3gico y se profundiz\u00f3 en la comprensi\u00f3n de la inmortalidad del alma.<\/p>\n<ul>\n<li><strong>San Agust\u00edn<\/strong>, en obras como <em><strong>Confesiones<\/strong><\/em> y <em><strong>La Ciudad de Dios<\/strong><\/em>, reflexion\u00f3 sobre la naturaleza del tiempo y distingui\u00f3 la experiencia humana del flujo temporal de lo que se podr\u00eda considerar una realidad trascendente.<\/li>\n<li><strong>Tom\u00e1s de Aquino<\/strong> es quiz\u00e1 el representante m\u00e1s destacado en el \u00e1mbito de la sempiterna. En su tratamiento de la inmortalidad del alma, Aquino propuso una visi\u00f3n en la que el alma, iniciada en un momento determinado, sigue existiendo de manera indefinida. Algunos estudios, como el titulado <em><strong>La inmortalidad como sempiternidad<\/strong><\/em>, exploran precisamente esta relaci\u00f3n entre el comienzo de la existencia del alma y su continuidad ininterrumpida. Un estudio sobre el ser del esp\u00edritu humano en Tom\u00e1s de Aquino explora precisamente esta relaci\u00f3n entre el comienzo de la existencia del alma y su continuidad ininterrumpida.<\/li>\n<\/ul>\n<p><strong>En \u00e9pocas m\u00e1s recientes<\/strong>, aunque el debate se ha reformulado en t\u00e9rminos de tiempo, existencia y cambio, la distinci\u00f3n entre lo eternamente inmutable y lo sempiterno \u2014es decir, aquello que comienza en un punto concreto pero se prolonga sin fin\u2014 sigue siendo relevante en las discusiones metaf\u00edsicas y existenciales. Fil\u00f3sofos modernos y contempor\u00e1neos han retomado estos temas para analizar la condici\u00f3n humana y la naturaleza del ser, aunque muchas veces sin emplear expl\u00edcitamente el t\u00e9rmino \u00absempiterno\u00bb.<\/p>\n<p>En resumen, aunque la discusi\u00f3n sobre lo eterno y lo sempiterno tiene ra\u00edces en la filosof\u00eda antigua, es en la tradici\u00f3n cristiana medieval \u2014con figuras como San Agust\u00edn y Tom\u00e1s de Aquino\u2014 donde se ha desarrollado de manera m\u00e1s precisa el uso del concepto de sempiternidad, especialmente en relaci\u00f3n con la inmortalidad del alma y la continuidad de la existencia a partir de un inicio determinado.<\/p>\n<figure id=\"attachment_9048\" aria-describedby=\"caption-attachment-9048\" style=\"width: 217px\" class=\"wp-caption aligncenter\"><a href=\"https:\/\/rafaramirez.org\/blog\/wp-content\/uploads\/2025\/05\/ai-generated-8780223.jpg\" target=\"_blank\" rel=\"noopener\"><img loading=\"lazy\" decoding=\"async\" class=\"wp-image-9048 size-medium\" src=\"https:\/\/rafaramirez.org\/blog\/wp-content\/uploads\/2025\/05\/ai-generated-8780223-217x300.jpg\" alt=\"&quot;Sempiterno&quot; palabra bonita. Blog de Rafael Ram\u00edrez.\" width=\"217\" height=\"300\" srcset=\"https:\/\/rafaramirez.org\/blog\/wp-content\/uploads\/2025\/05\/ai-generated-8780223-217x300.jpg 217w, https:\/\/rafaramirez.org\/blog\/wp-content\/uploads\/2025\/05\/ai-generated-8780223.jpg 578w\" sizes=\"auto, (max-width: 217px) 100vw, 217px\" \/><\/a><figcaption id=\"caption-attachment-9048\" class=\"wp-caption-text\">\u00abSempiterno\u00bb palabra bonita. Blog de Rafael Ram\u00edrez.<\/figcaption><\/figure>\n<h3>Reflexi\u00f3n Adicional<\/h3>\n<p>Lo fascinante de \u00absempiterno\u00bb es c\u00f3mo esta palabra encierra en s\u00ed misma la evoluci\u00f3n del pensamiento humano sobre el tiempo y la existencia. En lugar de representar algo inmutable desde el principio hasta el final, sugiere una continuidad que se extiende m\u00e1s all\u00e1 de lo inmediato, casi como una invitaci\u00f3n a reflexionar sobre la persistencia de ideas, sentimientos o procesos a lo largo del tiempo. Esta caracter\u00edstica la convierte en una expresi\u00f3n valiosa en contextos donde se explora el paso del tiempo y la continuidad \u2014como en la educaci\u00f3n, la memoria o incluso la identidad cultural\u2014.<\/p>\n<p>Adem\u00e1s, la distinci\u00f3n, aunque sutil, entre \u00absempiterno\u00bb y \u00abeterno\u00bb ha propiciado interesantes debates en la filosof\u00eda y las letras, que resaltan que nuestras percepciones del tiempo pueden variar sustancialmente seg\u00fan el enfoque y el contexto en los que se utilicen estos t\u00e9rminos.<\/p>\n<p>Queda claro que la palabra \u00absempiterno\u00bb no solo se limita a definir la permanencia en el tiempo, sino que tambi\u00e9n conecta con la historia de nuestro idioma y con las concepciones humanas acerca del infinito y la duraci\u00f3n.<\/p>\n<p>En resumen, \u00absempiterno\u00bb es una palabra bonita porque captura la esencia de lo que perdura, lo que permanece a trav\u00e9s del tiempo y trasciende generaciones. Su sonido suave y po\u00e9tico evoca continuidad, mientras que su profundidad conceptual invita a reflexionar sobre aquello que, aunque tuvo un comienzo, nunca cesa. Es un t\u00e9rmino que encierra belleza, filosof\u00eda y una sensaci\u00f3n de infinito accesible. \u00a1Una joya ling\u00fc\u00edstica!<\/p>\n<figure id=\"attachment_9049\" aria-describedby=\"caption-attachment-9049\" style=\"width: 229px\" class=\"wp-caption aligncenter\"><a href=\"https:\/\/rafaramirez.org\/blog\/wp-content\/uploads\/2025\/05\/love-lock-632144.jpg\" target=\"_blank\" rel=\"noopener\"><img loading=\"lazy\" decoding=\"async\" class=\"wp-image-9049 size-medium\" src=\"https:\/\/rafaramirez.org\/blog\/wp-content\/uploads\/2025\/05\/love-lock-632144-229x300.jpg\" alt=\"&quot;Sempiterno&quot; palabra bonita. Blog de Rafael Ram\u00edrez.\" width=\"229\" height=\"300\" srcset=\"https:\/\/rafaramirez.org\/blog\/wp-content\/uploads\/2025\/05\/love-lock-632144-229x300.jpg 229w, https:\/\/rafaramirez.org\/blog\/wp-content\/uploads\/2025\/05\/love-lock-632144.jpg 610w\" sizes=\"auto, (max-width: 229px) 100vw, 229px\" \/><\/a><figcaption id=\"caption-attachment-9049\" class=\"wp-caption-text\">\u00abSempiterno\u00bb palabra bonita. Blog de Rafael Ram\u00edrez.<\/figcaption><\/figure>\n<p>M\u00e1s informaci\u00f3n:<\/p>\n<ul>\n<li><a href=\"https:\/\/etimologias.dechile.net\/?sempiterno\" target=\"_blank\" rel=\"noopener\">Etimolog\u00edas de Chile<\/a>.<\/li>\n<li><a href=\"https:\/\/definiciona.com\/sempiterno\/\" target=\"_blank\" rel=\"noopener\">Definiciona<\/a>.<\/li>\n<li><a href=\"https:\/\/contrapunto.digital\/historia-y-geografia\/sempiterno-etimologia\/\" target=\"_blank\" rel=\"noopener\">Contrapunto Digital<\/a>.<\/li>\n<li><a href=\"https:\/\/rafaramirez.org\/blog\/index.php\/category\/arte\/palabras-bonitas\/\" target=\"_blank\" rel=\"noopener\">Otras palabras bonitas en el proyecto<\/a>.<\/li>\n<\/ul>\n","protected":false},"excerpt":{"rendered":"<p>En esta ocasi\u00f3n, \u00absempiterno\u00bb es nuestra palabra bonita. La palabra \u00absempiterno\u00bb se utiliza como adjetivo para describir algo que dura para siempre o que est\u00e1 destinado a no tener fin. En contextos literarios y filos\u00f3ficos se se\u00f1ala su matiz caracter\u00edstico: algo que, habiendo tenido un principio, se extiende indefinidamente, en contraposici\u00f3n a lo que se [&hellip;]<\/p>\n","protected":false},"author":1,"featured_media":9046,"comment_status":"open","ping_status":"closed","sticky":false,"template":"","format":"standard","meta":{"site-container-style":"default","site-container-layout":"default","site-sidebar-layout":"default","disable-article-header":"default","disable-site-header":"default","disable-site-footer":"default","disable-content-area-spacing":"default","_jetpack_newsletter_access":"","_jetpack_dont_email_post_to_subs":false,"_jetpack_newsletter_tier_id":0,"_jetpack_memberships_contains_paywalled_content":false,"_jetpack_feature_clip_id":0,"_jetpack_memberships_contains_paid_content":false,"footnotes":"","jetpack_publicize_message":"","jetpack_publicize_feature_enabled":true,"jetpack_social_post_already_shared":true,"jetpack_social_options":{"image_generator_settings":{"template":"highway","default_image_id":0,"font":"","enabled":false},"version":2},"jetpack_post_was_ever_published":false},"categories":[581],"tags":[4235,4234,4238,4237,2745,3326,4236],"class_list":["post-9041","post","type-post","status-publish","format-standard","has-post-thumbnail","hentry","category-palabras-bonitas","tag-sempiterno","tag-sempiterno-palabra-bonita","tag-eternidad","tag-eterno","tag-historia-de-las-palabras","tag-proyecto-palabras-bonitas","tag-sempiternidad"],"yoast_head":"<!-- This site is optimized with the Yoast SEO plugin v28.4 - https:\/\/yoast.com\/product\/yoast-seo-wordpress\/ -->\n<title>&quot;Sempiterno&quot; palabra bonita en nuestro proyecto. Te cuento su significado e historia. - Blog de Rafael Ram\u00edrez<\/title>\n<meta name=\"description\" content=\"En esta ocasi\u00f3n, &quot;sempiterno&quot; es nuestra palabra bonita. &quot;Sempiterno&quot; se utiliza como adjetivo para describir algo que dura para siempre o que\" \/>\n<meta name=\"robots\" content=\"index, follow, max-snippet:-1, max-image-preview:large, max-video-preview:-1\" \/>\n<link rel=\"canonical\" href=\"https:\/\/rafaramirez.org\/blog\/index.php\/2025\/05\/08\/sempiterno-palabra-bonita\/\" \/>\n<meta property=\"og:locale\" content=\"es_ES\" \/>\n<meta property=\"og:type\" content=\"article\" \/>\n<meta property=\"og:title\" content=\"&quot;Sempiterno&quot; palabra bonita en nuestro proyecto. Te cuento su significado e historia. - Blog de Rafael Ram\u00edrez\" \/>\n<meta property=\"og:description\" content=\"En esta ocasi\u00f3n, &quot;sempiterno&quot; es nuestra palabra bonita. &quot;Sempiterno&quot; se utiliza como adjetivo para describir algo que dura para siempre o que\" \/>\n<meta property=\"og:url\" content=\"https:\/\/rafaramirez.org\/blog\/index.php\/2025\/05\/08\/sempiterno-palabra-bonita\/\" \/>\n<meta property=\"og:site_name\" content=\"Blog de Rafael Ram\u00edrez\" \/>\n<meta property=\"article:published_time\" content=\"2025-05-08T06:15:19+00:00\" \/>\n<meta property=\"og:image\" content=\"https:\/\/rafaramirez.org\/blog\/wp-content\/uploads\/2025\/05\/Sempiterno_bannerlogblog.jpg\" \/>\n\t<meta property=\"og:image:width\" content=\"720\" \/>\n\t<meta property=\"og:image:height\" content=\"440\" \/>\n\t<meta property=\"og:image:type\" content=\"image\/jpeg\" \/>\n<meta name=\"author\" content=\"Rafael Ram\u00edrez\" \/>\n<meta name=\"twitter:card\" content=\"summary_large_image\" \/>\n<meta name=\"twitter:creator\" content=\"@rafaramirez_ok\" \/>\n<meta name=\"twitter:site\" content=\"@rafaramirez_ok\" \/>\n<meta name=\"twitter:label1\" content=\"Escrito por\" \/>\n\t<meta name=\"twitter:data1\" content=\"Rafael Ram\u00edrez\" \/>\n\t<meta name=\"twitter:label2\" content=\"Tiempo de lectura\" \/>\n\t<meta name=\"twitter:data2\" content=\"6 minutos\" \/>\n<script type=\"application\/ld+json\" class=\"yoast-schema-graph\">{\"@context\":\"https:\\\/\\\/schema.org\",\"@graph\":[{\"@type\":\"Article\",\"@id\":\"https:\\\/\\\/rafaramirez.org\\\/blog\\\/index.php\\\/2025\\\/05\\\/08\\\/sempiterno-palabra-bonita\\\/#article\",\"isPartOf\":{\"@id\":\"https:\\\/\\\/rafaramirez.org\\\/blog\\\/index.php\\\/2025\\\/05\\\/08\\\/sempiterno-palabra-bonita\\\/\"},\"author\":{\"name\":\"Rafael Ram\u00edrez\",\"@id\":\"https:\\\/\\\/rafaramirez.org\\\/blog\\\/#\\\/schema\\\/person\\\/50f43b6d60c578760d4c17bda54ab6a5\"},\"headline\":\"\u00abSempiterno\u00bb palabra bonita en nuestro proyecto. Te cuento su significado e historia.\",\"datePublished\":\"2025-05-08T06:15:19+00:00\",\"mainEntityOfPage\":{\"@id\":\"https:\\\/\\\/rafaramirez.org\\\/blog\\\/index.php\\\/2025\\\/05\\\/08\\\/sempiterno-palabra-bonita\\\/\"},\"wordCount\":1043,\"commentCount\":0,\"publisher\":{\"@id\":\"https:\\\/\\\/rafaramirez.org\\\/blog\\\/#\\\/schema\\\/person\\\/50f43b6d60c578760d4c17bda54ab6a5\"},\"image\":{\"@id\":\"https:\\\/\\\/rafaramirez.org\\\/blog\\\/index.php\\\/2025\\\/05\\\/08\\\/sempiterno-palabra-bonita\\\/#primaryimage\"},\"thumbnailUrl\":\"https:\\\/\\\/rafaramirez.org\\\/blog\\\/wp-content\\\/uploads\\\/2025\\\/05\\\/Sempiterno_bannerlogblog.jpg\",\"keywords\":[\"\\\"sempiterno\\\"\",\"\\\"Sempiterno\\\" palabra bonita\",\"eternidad\",\"eterno\",\"historia de las palabras\",\"proyecto palabras bonitas\",\"sempiternidad\"],\"articleSection\":[\"Proyecto Palabras Bonitas\"],\"inLanguage\":\"es\",\"potentialAction\":[{\"@type\":\"CommentAction\",\"name\":\"Comment\",\"target\":[\"https:\\\/\\\/rafaramirez.org\\\/blog\\\/index.php\\\/2025\\\/05\\\/08\\\/sempiterno-palabra-bonita\\\/#respond\"]}]},{\"@type\":\"WebPage\",\"@id\":\"https:\\\/\\\/rafaramirez.org\\\/blog\\\/index.php\\\/2025\\\/05\\\/08\\\/sempiterno-palabra-bonita\\\/\",\"url\":\"https:\\\/\\\/rafaramirez.org\\\/blog\\\/index.php\\\/2025\\\/05\\\/08\\\/sempiterno-palabra-bonita\\\/\",\"name\":\"\\\"Sempiterno\\\" palabra bonita en nuestro proyecto. Te cuento su significado e historia. - Blog de Rafael Ram\u00edrez\",\"isPartOf\":{\"@id\":\"https:\\\/\\\/rafaramirez.org\\\/blog\\\/#website\"},\"primaryImageOfPage\":{\"@id\":\"https:\\\/\\\/rafaramirez.org\\\/blog\\\/index.php\\\/2025\\\/05\\\/08\\\/sempiterno-palabra-bonita\\\/#primaryimage\"},\"image\":{\"@id\":\"https:\\\/\\\/rafaramirez.org\\\/blog\\\/index.php\\\/2025\\\/05\\\/08\\\/sempiterno-palabra-bonita\\\/#primaryimage\"},\"thumbnailUrl\":\"https:\\\/\\\/rafaramirez.org\\\/blog\\\/wp-content\\\/uploads\\\/2025\\\/05\\\/Sempiterno_bannerlogblog.jpg\",\"datePublished\":\"2025-05-08T06:15:19+00:00\",\"description\":\"En esta ocasi\u00f3n, \\\"sempiterno\\\" es nuestra palabra bonita. \\\"Sempiterno\\\" se utiliza como adjetivo para describir algo que dura para siempre o que\",\"breadcrumb\":{\"@id\":\"https:\\\/\\\/rafaramirez.org\\\/blog\\\/index.php\\\/2025\\\/05\\\/08\\\/sempiterno-palabra-bonita\\\/#breadcrumb\"},\"inLanguage\":\"es\",\"potentialAction\":[{\"@type\":\"ReadAction\",\"target\":[\"https:\\\/\\\/rafaramirez.org\\\/blog\\\/index.php\\\/2025\\\/05\\\/08\\\/sempiterno-palabra-bonita\\\/\"]}]},{\"@type\":\"ImageObject\",\"inLanguage\":\"es\",\"@id\":\"https:\\\/\\\/rafaramirez.org\\\/blog\\\/index.php\\\/2025\\\/05\\\/08\\\/sempiterno-palabra-bonita\\\/#primaryimage\",\"url\":\"https:\\\/\\\/rafaramirez.org\\\/blog\\\/wp-content\\\/uploads\\\/2025\\\/05\\\/Sempiterno_bannerlogblog.jpg\",\"contentUrl\":\"https:\\\/\\\/rafaramirez.org\\\/blog\\\/wp-content\\\/uploads\\\/2025\\\/05\\\/Sempiterno_bannerlogblog.jpg\",\"width\":720,\"height\":440,\"caption\":\"\\\"Sempiterno\\\" proyecto palabras bonitas. Blog de Rafael Ram\u00edrez.\"},{\"@type\":\"BreadcrumbList\",\"@id\":\"https:\\\/\\\/rafaramirez.org\\\/blog\\\/index.php\\\/2025\\\/05\\\/08\\\/sempiterno-palabra-bonita\\\/#breadcrumb\",\"itemListElement\":[{\"@type\":\"ListItem\",\"position\":1,\"name\":\"Portada\",\"item\":\"https:\\\/\\\/rafaramirez.org\\\/blog\\\/\"},{\"@type\":\"ListItem\",\"position\":2,\"name\":\"\u00abSempiterno\u00bb palabra bonita en nuestro proyecto. Te cuento su significado e historia.\"}]},{\"@type\":\"WebSite\",\"@id\":\"https:\\\/\\\/rafaramirez.org\\\/blog\\\/#website\",\"url\":\"https:\\\/\\\/rafaramirez.org\\\/blog\\\/\",\"name\":\"Blog de Rafael Ram\u00edrez\",\"description\":\"Un sitio social, de arte y cultura\",\"publisher\":{\"@id\":\"https:\\\/\\\/rafaramirez.org\\\/blog\\\/#\\\/schema\\\/person\\\/50f43b6d60c578760d4c17bda54ab6a5\"},\"potentialAction\":[{\"@type\":\"SearchAction\",\"target\":{\"@type\":\"EntryPoint\",\"urlTemplate\":\"https:\\\/\\\/rafaramirez.org\\\/blog\\\/?s={search_term_string}\"},\"query-input\":{\"@type\":\"PropertyValueSpecification\",\"valueRequired\":true,\"valueName\":\"search_term_string\"}}],\"inLanguage\":\"es\"},{\"@type\":[\"Person\",\"Organization\"],\"@id\":\"https:\\\/\\\/rafaramirez.org\\\/blog\\\/#\\\/schema\\\/person\\\/50f43b6d60c578760d4c17bda54ab6a5\",\"name\":\"Rafael Ram\u00edrez\",\"image\":{\"@type\":\"ImageObject\",\"inLanguage\":\"es\",\"@id\":\"https:\\\/\\\/rafaramirez.org\\\/blog\\\/wp-content\\\/uploads\\\/2024\\\/09\\\/RR_socialnetwork.jpg\",\"url\":\"https:\\\/\\\/rafaramirez.org\\\/blog\\\/wp-content\\\/uploads\\\/2024\\\/09\\\/RR_socialnetwork.jpg\",\"contentUrl\":\"https:\\\/\\\/rafaramirez.org\\\/blog\\\/wp-content\\\/uploads\\\/2024\\\/09\\\/RR_socialnetwork.jpg\",\"width\":600,\"height\":606,\"caption\":\"Rafael Ram\u00edrez\"},\"logo\":{\"@id\":\"https:\\\/\\\/rafaramirez.org\\\/blog\\\/wp-content\\\/uploads\\\/2024\\\/09\\\/RR_socialnetwork.jpg\"},\"sameAs\":[\"https:\\\/\\\/www.rafaramirez.org\\\/blog\",\"https:\\\/\\\/www.instagram.com\\\/rafaramirez_ok\\\/\",\"https:\\\/\\\/es.pinterest.com\\\/Ramirez_Rafa\\\/\",\"https:\\\/\\\/x.com\\\/rafaramirez_ok\"],\"url\":\"https:\\\/\\\/rafaramirez.org\\\/blog\\\/index.php\\\/author\\\/rafaell_qm6j97da\\\/\"}]}<\/script>\n<!-- \/ Yoast SEO plugin. -->","yoast_head_json":{"title":"\"Sempiterno\" palabra bonita en nuestro proyecto. Te cuento su significado e historia. - Blog de Rafael Ram\u00edrez","description":"En esta ocasi\u00f3n, \"sempiterno\" es nuestra palabra bonita. \"Sempiterno\" se utiliza como adjetivo para describir algo que dura para siempre o que","robots":{"index":"index","follow":"follow","max-snippet":"max-snippet:-1","max-image-preview":"max-image-preview:large","max-video-preview":"max-video-preview:-1"},"canonical":"https:\/\/rafaramirez.org\/blog\/index.php\/2025\/05\/08\/sempiterno-palabra-bonita\/","og_locale":"es_ES","og_type":"article","og_title":"\"Sempiterno\" palabra bonita en nuestro proyecto. Te cuento su significado e historia. - Blog de Rafael Ram\u00edrez","og_description":"En esta ocasi\u00f3n, \"sempiterno\" es nuestra palabra bonita. \"Sempiterno\" se utiliza como adjetivo para describir algo que dura para siempre o que","og_url":"https:\/\/rafaramirez.org\/blog\/index.php\/2025\/05\/08\/sempiterno-palabra-bonita\/","og_site_name":"Blog de Rafael Ram\u00edrez","article_published_time":"2025-05-08T06:15:19+00:00","og_image":[{"width":720,"height":440,"url":"https:\/\/rafaramirez.org\/blog\/wp-content\/uploads\/2025\/05\/Sempiterno_bannerlogblog.jpg","type":"image\/jpeg"}],"author":"Rafael Ram\u00edrez","twitter_card":"summary_large_image","twitter_creator":"@rafaramirez_ok","twitter_site":"@rafaramirez_ok","twitter_misc":{"Escrito por":"Rafael Ram\u00edrez","Tiempo de lectura":"6 minutos"},"schema":{"@context":"https:\/\/schema.org","@graph":[{"@type":"Article","@id":"https:\/\/rafaramirez.org\/blog\/index.php\/2025\/05\/08\/sempiterno-palabra-bonita\/#article","isPartOf":{"@id":"https:\/\/rafaramirez.org\/blog\/index.php\/2025\/05\/08\/sempiterno-palabra-bonita\/"},"author":{"name":"Rafael Ram\u00edrez","@id":"https:\/\/rafaramirez.org\/blog\/#\/schema\/person\/50f43b6d60c578760d4c17bda54ab6a5"},"headline":"\u00abSempiterno\u00bb palabra bonita en nuestro proyecto. Te cuento su significado e historia.","datePublished":"2025-05-08T06:15:19+00:00","mainEntityOfPage":{"@id":"https:\/\/rafaramirez.org\/blog\/index.php\/2025\/05\/08\/sempiterno-palabra-bonita\/"},"wordCount":1043,"commentCount":0,"publisher":{"@id":"https:\/\/rafaramirez.org\/blog\/#\/schema\/person\/50f43b6d60c578760d4c17bda54ab6a5"},"image":{"@id":"https:\/\/rafaramirez.org\/blog\/index.php\/2025\/05\/08\/sempiterno-palabra-bonita\/#primaryimage"},"thumbnailUrl":"https:\/\/rafaramirez.org\/blog\/wp-content\/uploads\/2025\/05\/Sempiterno_bannerlogblog.jpg","keywords":["\"sempiterno\"","\"Sempiterno\" palabra bonita","eternidad","eterno","historia de las palabras","proyecto palabras bonitas","sempiternidad"],"articleSection":["Proyecto Palabras Bonitas"],"inLanguage":"es","potentialAction":[{"@type":"CommentAction","name":"Comment","target":["https:\/\/rafaramirez.org\/blog\/index.php\/2025\/05\/08\/sempiterno-palabra-bonita\/#respond"]}]},{"@type":"WebPage","@id":"https:\/\/rafaramirez.org\/blog\/index.php\/2025\/05\/08\/sempiterno-palabra-bonita\/","url":"https:\/\/rafaramirez.org\/blog\/index.php\/2025\/05\/08\/sempiterno-palabra-bonita\/","name":"\"Sempiterno\" palabra bonita en nuestro proyecto. Te cuento su significado e historia. - Blog de Rafael Ram\u00edrez","isPartOf":{"@id":"https:\/\/rafaramirez.org\/blog\/#website"},"primaryImageOfPage":{"@id":"https:\/\/rafaramirez.org\/blog\/index.php\/2025\/05\/08\/sempiterno-palabra-bonita\/#primaryimage"},"image":{"@id":"https:\/\/rafaramirez.org\/blog\/index.php\/2025\/05\/08\/sempiterno-palabra-bonita\/#primaryimage"},"thumbnailUrl":"https:\/\/rafaramirez.org\/blog\/wp-content\/uploads\/2025\/05\/Sempiterno_bannerlogblog.jpg","datePublished":"2025-05-08T06:15:19+00:00","description":"En esta ocasi\u00f3n, \"sempiterno\" es nuestra palabra bonita. \"Sempiterno\" se utiliza como adjetivo para describir algo que dura para siempre o que","breadcrumb":{"@id":"https:\/\/rafaramirez.org\/blog\/index.php\/2025\/05\/08\/sempiterno-palabra-bonita\/#breadcrumb"},"inLanguage":"es","potentialAction":[{"@type":"ReadAction","target":["https:\/\/rafaramirez.org\/blog\/index.php\/2025\/05\/08\/sempiterno-palabra-bonita\/"]}]},{"@type":"ImageObject","inLanguage":"es","@id":"https:\/\/rafaramirez.org\/blog\/index.php\/2025\/05\/08\/sempiterno-palabra-bonita\/#primaryimage","url":"https:\/\/rafaramirez.org\/blog\/wp-content\/uploads\/2025\/05\/Sempiterno_bannerlogblog.jpg","contentUrl":"https:\/\/rafaramirez.org\/blog\/wp-content\/uploads\/2025\/05\/Sempiterno_bannerlogblog.jpg","width":720,"height":440,"caption":"\"Sempiterno\" proyecto palabras bonitas. Blog de Rafael Ram\u00edrez."},{"@type":"BreadcrumbList","@id":"https:\/\/rafaramirez.org\/blog\/index.php\/2025\/05\/08\/sempiterno-palabra-bonita\/#breadcrumb","itemListElement":[{"@type":"ListItem","position":1,"name":"Portada","item":"https:\/\/rafaramirez.org\/blog\/"},{"@type":"ListItem","position":2,"name":"\u00abSempiterno\u00bb palabra bonita en nuestro proyecto. Te cuento su significado e historia."}]},{"@type":"WebSite","@id":"https:\/\/rafaramirez.org\/blog\/#website","url":"https:\/\/rafaramirez.org\/blog\/","name":"Blog de Rafael Ram\u00edrez","description":"Un sitio social, de arte y cultura","publisher":{"@id":"https:\/\/rafaramirez.org\/blog\/#\/schema\/person\/50f43b6d60c578760d4c17bda54ab6a5"},"potentialAction":[{"@type":"SearchAction","target":{"@type":"EntryPoint","urlTemplate":"https:\/\/rafaramirez.org\/blog\/?s={search_term_string}"},"query-input":{"@type":"PropertyValueSpecification","valueRequired":true,"valueName":"search_term_string"}}],"inLanguage":"es"},{"@type":["Person","Organization"],"@id":"https:\/\/rafaramirez.org\/blog\/#\/schema\/person\/50f43b6d60c578760d4c17bda54ab6a5","name":"Rafael Ram\u00edrez","image":{"@type":"ImageObject","inLanguage":"es","@id":"https:\/\/rafaramirez.org\/blog\/wp-content\/uploads\/2024\/09\/RR_socialnetwork.jpg","url":"https:\/\/rafaramirez.org\/blog\/wp-content\/uploads\/2024\/09\/RR_socialnetwork.jpg","contentUrl":"https:\/\/rafaramirez.org\/blog\/wp-content\/uploads\/2024\/09\/RR_socialnetwork.jpg","width":600,"height":606,"caption":"Rafael Ram\u00edrez"},"logo":{"@id":"https:\/\/rafaramirez.org\/blog\/wp-content\/uploads\/2024\/09\/RR_socialnetwork.jpg"},"sameAs":["https:\/\/www.rafaramirez.org\/blog","https:\/\/www.instagram.com\/rafaramirez_ok\/","https:\/\/es.pinterest.com\/Ramirez_Rafa\/","https:\/\/x.com\/rafaramirez_ok"],"url":"https:\/\/rafaramirez.org\/blog\/index.php\/author\/rafaell_qm6j97da\/"}]}},"jetpack_publicize_connections":[],"jetpack_sharing_enabled":true,"jetpack_likes_enabled":true,"jetpack_featured_media_url":"https:\/\/rafaramirez.org\/blog\/wp-content\/uploads\/2025\/05\/Sempiterno_bannerlogblog.jpg","_links":{"self":[{"href":"https:\/\/rafaramirez.org\/blog\/index.php\/wp-json\/wp\/v2\/posts\/9041","targetHints":{"allow":["GET"]}}],"collection":[{"href":"https:\/\/rafaramirez.org\/blog\/index.php\/wp-json\/wp\/v2\/posts"}],"about":[{"href":"https:\/\/rafaramirez.org\/blog\/index.php\/wp-json\/wp\/v2\/types\/post"}],"author":[{"embeddable":true,"href":"https:\/\/rafaramirez.org\/blog\/index.php\/wp-json\/wp\/v2\/users\/1"}],"replies":[{"embeddable":true,"href":"https:\/\/rafaramirez.org\/blog\/index.php\/wp-json\/wp\/v2\/comments?post=9041"}],"version-history":[{"count":6,"href":"https:\/\/rafaramirez.org\/blog\/index.php\/wp-json\/wp\/v2\/posts\/9041\/revisions"}],"predecessor-version":[{"id":9051,"href":"https:\/\/rafaramirez.org\/blog\/index.php\/wp-json\/wp\/v2\/posts\/9041\/revisions\/9051"}],"wp:featuredmedia":[{"embeddable":true,"href":"https:\/\/rafaramirez.org\/blog\/index.php\/wp-json\/wp\/v2\/media\/9046"}],"wp:attachment":[{"href":"https:\/\/rafaramirez.org\/blog\/index.php\/wp-json\/wp\/v2\/media?parent=9041"}],"wp:term":[{"taxonomy":"category","embeddable":true,"href":"https:\/\/rafaramirez.org\/blog\/index.php\/wp-json\/wp\/v2\/categories?post=9041"},{"taxonomy":"post_tag","embeddable":true,"href":"https:\/\/rafaramirez.org\/blog\/index.php\/wp-json\/wp\/v2\/tags?post=9041"}],"curies":[{"name":"wp","href":"https:\/\/api.w.org\/{rel}","templated":true}]}}