{"id":9021,"date":"2025-05-06T08:15:02","date_gmt":"2025-05-06T06:15:02","guid":{"rendered":"https:\/\/rafaramirez.org\/blog\/?p=9021"},"modified":"2026-03-18T11:43:35","modified_gmt":"2026-03-18T10:43:35","slug":"reflexiones-primavera-el-lienzo-del-renacer","status":"publish","type":"post","link":"https:\/\/rafaramirez.org\/blog\/index.php\/2025\/05\/06\/reflexiones-primavera-el-lienzo-del-renacer\/","title":{"rendered":"Reflexiones: Primavera, el Lienzo del Renacer."},"content":{"rendered":"<p>La primavera irrumpe como un soneto vibrante en plena orquesta del tiempo, despoj\u00e1ndose de los grises mantos del invierno para vestir el mundo con matices de luz y esperanza. Sus d\u00edas, que se alargan con la dulzura de un suspiro, invitan a la creaci\u00f3n: cada amanecer es un lienzo en blanco y cada atardecer, un poema de colores. En esos instantes, mi alma se enciende con un j\u00fabilo que se manifiesta en pinceladas que bailan al comp\u00e1s de la brisa.<\/p>\n<p>El magnetismo de esta estaci\u00f3n no es casualidad; a lo largo de la historia, innumerables artistas han encontrado en ella un manantial inagotable de inspiraci\u00f3n. Desde los impresionistas, que trataron de capturar la fugacidad de una luz que apenas titila, hasta los poetas que vieron en el renacer de la naturaleza el reflejo de sus propias emociones, la primavera ha sido el reflejo de una creatividad renovadora. Me conmueve saber que, tanto en tableros de \u00f3leo como en letras esparcidas en papel, la esencia primaveral se convierte en puente entre el mundo exterior y el universo interior.<\/p>\n<p>Los d\u00edas, al alargarse, se vuelven c\u00f3mplices de un sentimiento que trasciende la rutina; son instantes en los que la luz se derrama sin reservas, acariciando la piel y despertando emociones dormidas. Ese crep\u00fasculo tard\u00edo y sereno, que pinta de anhelos el horizonte, infunde en cada ser humano la audacia de so\u00f1ar y la valent\u00eda de plasmar la profundidad de sus sentimientos en cada gesto y trazo.<\/p>\n<p>La cambiante meteorolog\u00eda primaveral, con sus lluvias y claros repentinos, nos recuerda que la vida es un constante fluir de emociones. La lluvia, con su murmullo, limpia el alma y refresca las ideas, mientras que el sol, en un destello de calidez, nos invita a mirar el futuro con optimismo. Cada variable clim\u00e1tica es, en s\u00ed misma, una met\u00e1fora: el cambio, siempre necesario, nos invita a reinventarnos, a dejar atr\u00e1s lo que ya no nos sirve y a llenar el lienzo de la existencia con nuevas y vibrantes tonalidades.<\/p>\n<p>En lo personal, la primavera despierta en m\u00ed una profunda alegr\u00eda y un incesante impulso creativo. A menudo me encuentro perdido entre pinceles y colores, contando historias en cavas y telas, en las que cada trazo es un homenaje a este milagro estacional. Es como si la naturaleza entera me hablara a trav\u00e9s del susurro de las hojas y el canto lejano de los p\u00e1jaros, record\u00e1ndome que tras cada fin se esconde un comienzo y que tras cada invierno se esconde la promesa inquebrantable de un renacer.<\/p>\n<p>Y as\u00ed, entre la cadencia de d\u00edas alargados y el vaiv\u00e9n de una meteorolog\u00eda impredecible, la primavera se erige no solo como estaci\u00f3n de cambio, sino como un eterno canto a la vida, a la creatividad y al poder transformador de la luz. \u00bfNo es fascinante c\u00f3mo este ciclo natural nos empuja a reinventarnos y a encontrar la magia de lo nuevo en cada instante? Quiz\u00e1s, en el murmullo de sus cambios, se oculte la clave para descubrir nuevas formas de ver el mundo y de pintar nuestra propia existencia.<\/p>\n<p>Rafael Ram\u00edrez\u00a92025.<\/p>\n<figure id=\"attachment_9026\" aria-describedby=\"caption-attachment-9026\" style=\"width: 300px\" class=\"wp-caption aligncenter\"><a href=\"https:\/\/rafaramirez.org\/blog\/wp-content\/uploads\/2025\/05\/window-2566128.jpg\" target=\"_blank\" rel=\"noopener\"><img loading=\"lazy\" decoding=\"async\" class=\"wp-image-9026 size-medium\" src=\"https:\/\/rafaramirez.org\/blog\/wp-content\/uploads\/2025\/05\/window-2566128-300x201.jpg\" alt=\"Reflexiones: Primavera, el Lienzo del Renacer. Blog de Rafael Ram\u00edrez.\" width=\"300\" height=\"201\" srcset=\"https:\/\/rafaramirez.org\/blog\/wp-content\/uploads\/2025\/05\/window-2566128-300x201.jpg 300w, https:\/\/rafaramirez.org\/blog\/wp-content\/uploads\/2025\/05\/window-2566128-768x516.jpg 768w, https:\/\/rafaramirez.org\/blog\/wp-content\/uploads\/2025\/05\/window-2566128.jpg 800w\" sizes=\"auto, (max-width: 300px) 100vw, 300px\" \/><\/a><figcaption id=\"caption-attachment-9026\" class=\"wp-caption-text\">Reflexiones: Primavera, el Lienzo del Renacer. Blog de Rafael Ram\u00edrez.<\/figcaption><\/figure>\n<ul>\n<li><a href=\"https:\/\/rafaramirez.org\/blog\/index.php\/category\/arte\/literatura\/\" target=\"_blank\" rel=\"noopener\">Algo m\u00e1s de lectura recomendada<\/a>.<\/li>\n<li><a href=\"https:\/\/es.pinterest.com\/Ramirez_Rafa\/\" target=\"_blank\" rel=\"noopener\">En Pinterest.<\/a><\/li>\n<\/ul>\n","protected":false},"excerpt":{"rendered":"<p>La primavera irrumpe como un soneto vibrante en plena orquesta del tiempo, despoj\u00e1ndose de los grises mantos del invierno para vestir el mundo con matices de luz y esperanza. Sus d\u00edas, que se alargan con la dulzura de un suspiro, invitan a la creaci\u00f3n: cada amanecer es un lienzo en blanco y cada atardecer, un [&hellip;]<\/p>\n","protected":false},"author":1,"featured_media":9025,"comment_status":"open","ping_status":"closed","sticky":false,"template":"","format":"standard","meta":{"site-container-style":"default","site-container-layout":"default","site-sidebar-layout":"default","disable-article-header":"default","disable-site-header":"default","disable-site-footer":"default","disable-content-area-spacing":"default","_jetpack_newsletter_access":"","_jetpack_dont_email_post_to_subs":false,"_jetpack_newsletter_tier_id":0,"_jetpack_memberships_contains_paywalled_content":false,"_jetpack_feature_clip_id":0,"_jetpack_memberships_contains_paid_content":false,"footnotes":"","jetpack_publicize_message":"","jetpack_publicize_feature_enabled":true,"jetpack_social_post_already_shared":true,"jetpack_social_options":{"image_generator_settings":{"template":"highway","default_image_id":0,"font":"","enabled":false},"version":2},"jetpack_post_was_ever_published":false},"categories":[710],"tags":[4147,4150,350,4229,1796,1256,4146,4230],"class_list":["post-9021","post","type-post","status-publish","format-standard","has-post-thumbnail","hentry","category-literatura","tag-articulo-de-opinion","tag-articulo-de-rafael-ramirez","tag-para-reflexionar","tag-primavera-el-lienzo-del-renacer","tag-reflexion-personal","tag-reflexion-sobre-la-vida","tag-reflexiones-de-rafael-ramirez","tag-reflexiones-sobre-la-primavera"],"yoast_head":"<!-- This site is optimized with the Yoast SEO plugin v28.4 - https:\/\/yoast.com\/product\/yoast-seo-wordpress\/ -->\n<title>Reflexiones: Primavera, el Lienzo del Renacer. - Blog de Rafael Ram\u00edrez<\/title>\n<meta name=\"description\" content=\"La primavera irrumpe como un soneto vibrante en plena orquesta del tiempo, despoj\u00e1ndose de los grises mantos del invierno para vestir el mundo\" \/>\n<meta name=\"robots\" content=\"index, follow, max-snippet:-1, max-image-preview:large, max-video-preview:-1\" \/>\n<link rel=\"canonical\" href=\"https:\/\/rafaramirez.org\/blog\/index.php\/2025\/05\/06\/reflexiones-primavera-el-lienzo-del-renacer\/\" \/>\n<meta property=\"og:locale\" content=\"es_ES\" \/>\n<meta property=\"og:type\" content=\"article\" \/>\n<meta property=\"og:title\" content=\"Reflexiones: Primavera, el Lienzo del Renacer. - Blog de Rafael Ram\u00edrez\" \/>\n<meta property=\"og:description\" content=\"La primavera irrumpe como un soneto vibrante en plena orquesta del tiempo, despoj\u00e1ndose de los grises mantos del invierno para vestir el mundo\" \/>\n<meta property=\"og:url\" content=\"https:\/\/rafaramirez.org\/blog\/index.php\/2025\/05\/06\/reflexiones-primavera-el-lienzo-del-renacer\/\" \/>\n<meta property=\"og:site_name\" content=\"Blog de Rafael Ram\u00edrez\" \/>\n<meta property=\"article:published_time\" content=\"2025-05-06T06:15:02+00:00\" \/>\n<meta property=\"article:modified_time\" content=\"2026-03-18T10:43:35+00:00\" \/>\n<meta property=\"og:image\" content=\"https:\/\/rafaramirez.org\/blog\/wp-content\/uploads\/2025\/05\/Reflexiones_Primavera_el_Lienzo_del_Renacer_logblog.jpg\" \/>\n\t<meta property=\"og:image:width\" content=\"720\" \/>\n\t<meta property=\"og:image:height\" content=\"440\" \/>\n\t<meta property=\"og:image:type\" content=\"image\/jpeg\" \/>\n<meta name=\"author\" content=\"Rafael Ram\u00edrez\" \/>\n<meta name=\"twitter:card\" content=\"summary_large_image\" \/>\n<meta name=\"twitter:creator\" content=\"@rafaramirez_ok\" \/>\n<meta name=\"twitter:site\" content=\"@rafaramirez_ok\" \/>\n<meta name=\"twitter:label1\" content=\"Escrito por\" \/>\n\t<meta name=\"twitter:data1\" content=\"Rafael Ram\u00edrez\" \/>\n\t<meta name=\"twitter:label2\" content=\"Tiempo de lectura\" \/>\n\t<meta name=\"twitter:data2\" content=\"3 minutos\" \/>\n<script type=\"application\/ld+json\" class=\"yoast-schema-graph\">{\"@context\":\"https:\\\/\\\/schema.org\",\"@graph\":[{\"@type\":\"Article\",\"@id\":\"https:\\\/\\\/rafaramirez.org\\\/blog\\\/index.php\\\/2025\\\/05\\\/06\\\/reflexiones-primavera-el-lienzo-del-renacer\\\/#article\",\"isPartOf\":{\"@id\":\"https:\\\/\\\/rafaramirez.org\\\/blog\\\/index.php\\\/2025\\\/05\\\/06\\\/reflexiones-primavera-el-lienzo-del-renacer\\\/\"},\"author\":{\"name\":\"Rafael Ram\u00edrez\",\"@id\":\"https:\\\/\\\/rafaramirez.org\\\/blog\\\/#\\\/schema\\\/person\\\/50f43b6d60c578760d4c17bda54ab6a5\"},\"headline\":\"Reflexiones: Primavera, el Lienzo del Renacer.\",\"datePublished\":\"2025-05-06T06:15:02+00:00\",\"dateModified\":\"2026-03-18T10:43:35+00:00\",\"mainEntityOfPage\":{\"@id\":\"https:\\\/\\\/rafaramirez.org\\\/blog\\\/index.php\\\/2025\\\/05\\\/06\\\/reflexiones-primavera-el-lienzo-del-renacer\\\/\"},\"wordCount\":572,\"commentCount\":0,\"publisher\":{\"@id\":\"https:\\\/\\\/rafaramirez.org\\\/blog\\\/#\\\/schema\\\/person\\\/50f43b6d60c578760d4c17bda54ab6a5\"},\"image\":{\"@id\":\"https:\\\/\\\/rafaramirez.org\\\/blog\\\/index.php\\\/2025\\\/05\\\/06\\\/reflexiones-primavera-el-lienzo-del-renacer\\\/#primaryimage\"},\"thumbnailUrl\":\"https:\\\/\\\/rafaramirez.org\\\/blog\\\/wp-content\\\/uploads\\\/2025\\\/05\\\/Reflexiones_Primavera_el_Lienzo_del_Renacer_logblog.jpg\",\"keywords\":[\"art\u00edculo de opini\u00f3n\",\"art\u00edculo de Rafael Ram\u00edrez\",\"para reflexionar\",\"Primavera el lienzo del renacer\",\"reflexi\u00f3n personal\",\"Reflexi\u00f3n sobre la vida\",\"reflexiones de Rafael Ram\u00edrez\",\"reflexiones sobre la primavera\"],\"articleSection\":[\"Literatura\"],\"inLanguage\":\"es\",\"potentialAction\":[{\"@type\":\"CommentAction\",\"name\":\"Comment\",\"target\":[\"https:\\\/\\\/rafaramirez.org\\\/blog\\\/index.php\\\/2025\\\/05\\\/06\\\/reflexiones-primavera-el-lienzo-del-renacer\\\/#respond\"]}]},{\"@type\":\"WebPage\",\"@id\":\"https:\\\/\\\/rafaramirez.org\\\/blog\\\/index.php\\\/2025\\\/05\\\/06\\\/reflexiones-primavera-el-lienzo-del-renacer\\\/\",\"url\":\"https:\\\/\\\/rafaramirez.org\\\/blog\\\/index.php\\\/2025\\\/05\\\/06\\\/reflexiones-primavera-el-lienzo-del-renacer\\\/\",\"name\":\"Reflexiones: Primavera, el Lienzo del Renacer. - Blog de Rafael Ram\u00edrez\",\"isPartOf\":{\"@id\":\"https:\\\/\\\/rafaramirez.org\\\/blog\\\/#website\"},\"primaryImageOfPage\":{\"@id\":\"https:\\\/\\\/rafaramirez.org\\\/blog\\\/index.php\\\/2025\\\/05\\\/06\\\/reflexiones-primavera-el-lienzo-del-renacer\\\/#primaryimage\"},\"image\":{\"@id\":\"https:\\\/\\\/rafaramirez.org\\\/blog\\\/index.php\\\/2025\\\/05\\\/06\\\/reflexiones-primavera-el-lienzo-del-renacer\\\/#primaryimage\"},\"thumbnailUrl\":\"https:\\\/\\\/rafaramirez.org\\\/blog\\\/wp-content\\\/uploads\\\/2025\\\/05\\\/Reflexiones_Primavera_el_Lienzo_del_Renacer_logblog.jpg\",\"datePublished\":\"2025-05-06T06:15:02+00:00\",\"dateModified\":\"2026-03-18T10:43:35+00:00\",\"description\":\"La primavera irrumpe como un soneto vibrante en plena orquesta del tiempo, despoj\u00e1ndose de los grises mantos del invierno para vestir el mundo\",\"breadcrumb\":{\"@id\":\"https:\\\/\\\/rafaramirez.org\\\/blog\\\/index.php\\\/2025\\\/05\\\/06\\\/reflexiones-primavera-el-lienzo-del-renacer\\\/#breadcrumb\"},\"inLanguage\":\"es\",\"potentialAction\":[{\"@type\":\"ReadAction\",\"target\":[\"https:\\\/\\\/rafaramirez.org\\\/blog\\\/index.php\\\/2025\\\/05\\\/06\\\/reflexiones-primavera-el-lienzo-del-renacer\\\/\"]}]},{\"@type\":\"ImageObject\",\"inLanguage\":\"es\",\"@id\":\"https:\\\/\\\/rafaramirez.org\\\/blog\\\/index.php\\\/2025\\\/05\\\/06\\\/reflexiones-primavera-el-lienzo-del-renacer\\\/#primaryimage\",\"url\":\"https:\\\/\\\/rafaramirez.org\\\/blog\\\/wp-content\\\/uploads\\\/2025\\\/05\\\/Reflexiones_Primavera_el_Lienzo_del_Renacer_logblog.jpg\",\"contentUrl\":\"https:\\\/\\\/rafaramirez.org\\\/blog\\\/wp-content\\\/uploads\\\/2025\\\/05\\\/Reflexiones_Primavera_el_Lienzo_del_Renacer_logblog.jpg\",\"width\":720,\"height\":440,\"caption\":\"Reflexiones: Primavera, el Lienzo del Renacer. Blog de Rafael Ram\u00edrez.\"},{\"@type\":\"BreadcrumbList\",\"@id\":\"https:\\\/\\\/rafaramirez.org\\\/blog\\\/index.php\\\/2025\\\/05\\\/06\\\/reflexiones-primavera-el-lienzo-del-renacer\\\/#breadcrumb\",\"itemListElement\":[{\"@type\":\"ListItem\",\"position\":1,\"name\":\"Portada\",\"item\":\"https:\\\/\\\/rafaramirez.org\\\/blog\\\/\"},{\"@type\":\"ListItem\",\"position\":2,\"name\":\"Reflexiones: Primavera, el Lienzo del Renacer.\"}]},{\"@type\":\"WebSite\",\"@id\":\"https:\\\/\\\/rafaramirez.org\\\/blog\\\/#website\",\"url\":\"https:\\\/\\\/rafaramirez.org\\\/blog\\\/\",\"name\":\"Blog de Rafael Ram\u00edrez\",\"description\":\"Un sitio social, de arte y cultura\",\"publisher\":{\"@id\":\"https:\\\/\\\/rafaramirez.org\\\/blog\\\/#\\\/schema\\\/person\\\/50f43b6d60c578760d4c17bda54ab6a5\"},\"potentialAction\":[{\"@type\":\"SearchAction\",\"target\":{\"@type\":\"EntryPoint\",\"urlTemplate\":\"https:\\\/\\\/rafaramirez.org\\\/blog\\\/?s={search_term_string}\"},\"query-input\":{\"@type\":\"PropertyValueSpecification\",\"valueRequired\":true,\"valueName\":\"search_term_string\"}}],\"inLanguage\":\"es\"},{\"@type\":[\"Person\",\"Organization\"],\"@id\":\"https:\\\/\\\/rafaramirez.org\\\/blog\\\/#\\\/schema\\\/person\\\/50f43b6d60c578760d4c17bda54ab6a5\",\"name\":\"Rafael Ram\u00edrez\",\"image\":{\"@type\":\"ImageObject\",\"inLanguage\":\"es\",\"@id\":\"https:\\\/\\\/rafaramirez.org\\\/blog\\\/wp-content\\\/uploads\\\/2024\\\/09\\\/RR_socialnetwork.jpg\",\"url\":\"https:\\\/\\\/rafaramirez.org\\\/blog\\\/wp-content\\\/uploads\\\/2024\\\/09\\\/RR_socialnetwork.jpg\",\"contentUrl\":\"https:\\\/\\\/rafaramirez.org\\\/blog\\\/wp-content\\\/uploads\\\/2024\\\/09\\\/RR_socialnetwork.jpg\",\"width\":600,\"height\":606,\"caption\":\"Rafael Ram\u00edrez\"},\"logo\":{\"@id\":\"https:\\\/\\\/rafaramirez.org\\\/blog\\\/wp-content\\\/uploads\\\/2024\\\/09\\\/RR_socialnetwork.jpg\"},\"sameAs\":[\"https:\\\/\\\/www.rafaramirez.org\\\/blog\",\"https:\\\/\\\/www.instagram.com\\\/rafaramirez_ok\\\/\",\"https:\\\/\\\/es.pinterest.com\\\/Ramirez_Rafa\\\/\",\"https:\\\/\\\/x.com\\\/rafaramirez_ok\"],\"url\":\"https:\\\/\\\/rafaramirez.org\\\/blog\\\/index.php\\\/author\\\/rafaell_qm6j97da\\\/\"}]}<\/script>\n<!-- \/ Yoast SEO plugin. -->","yoast_head_json":{"title":"Reflexiones: Primavera, el Lienzo del Renacer. - Blog de Rafael Ram\u00edrez","description":"La primavera irrumpe como un soneto vibrante en plena orquesta del tiempo, despoj\u00e1ndose de los grises mantos del invierno para vestir el mundo","robots":{"index":"index","follow":"follow","max-snippet":"max-snippet:-1","max-image-preview":"max-image-preview:large","max-video-preview":"max-video-preview:-1"},"canonical":"https:\/\/rafaramirez.org\/blog\/index.php\/2025\/05\/06\/reflexiones-primavera-el-lienzo-del-renacer\/","og_locale":"es_ES","og_type":"article","og_title":"Reflexiones: Primavera, el Lienzo del Renacer. - Blog de Rafael Ram\u00edrez","og_description":"La primavera irrumpe como un soneto vibrante en plena orquesta del tiempo, despoj\u00e1ndose de los grises mantos del invierno para vestir el mundo","og_url":"https:\/\/rafaramirez.org\/blog\/index.php\/2025\/05\/06\/reflexiones-primavera-el-lienzo-del-renacer\/","og_site_name":"Blog de Rafael Ram\u00edrez","article_published_time":"2025-05-06T06:15:02+00:00","article_modified_time":"2026-03-18T10:43:35+00:00","og_image":[{"width":720,"height":440,"url":"https:\/\/rafaramirez.org\/blog\/wp-content\/uploads\/2025\/05\/Reflexiones_Primavera_el_Lienzo_del_Renacer_logblog.jpg","type":"image\/jpeg"}],"author":"Rafael Ram\u00edrez","twitter_card":"summary_large_image","twitter_creator":"@rafaramirez_ok","twitter_site":"@rafaramirez_ok","twitter_misc":{"Escrito por":"Rafael Ram\u00edrez","Tiempo de lectura":"3 minutos"},"schema":{"@context":"https:\/\/schema.org","@graph":[{"@type":"Article","@id":"https:\/\/rafaramirez.org\/blog\/index.php\/2025\/05\/06\/reflexiones-primavera-el-lienzo-del-renacer\/#article","isPartOf":{"@id":"https:\/\/rafaramirez.org\/blog\/index.php\/2025\/05\/06\/reflexiones-primavera-el-lienzo-del-renacer\/"},"author":{"name":"Rafael Ram\u00edrez","@id":"https:\/\/rafaramirez.org\/blog\/#\/schema\/person\/50f43b6d60c578760d4c17bda54ab6a5"},"headline":"Reflexiones: Primavera, el Lienzo del Renacer.","datePublished":"2025-05-06T06:15:02+00:00","dateModified":"2026-03-18T10:43:35+00:00","mainEntityOfPage":{"@id":"https:\/\/rafaramirez.org\/blog\/index.php\/2025\/05\/06\/reflexiones-primavera-el-lienzo-del-renacer\/"},"wordCount":572,"commentCount":0,"publisher":{"@id":"https:\/\/rafaramirez.org\/blog\/#\/schema\/person\/50f43b6d60c578760d4c17bda54ab6a5"},"image":{"@id":"https:\/\/rafaramirez.org\/blog\/index.php\/2025\/05\/06\/reflexiones-primavera-el-lienzo-del-renacer\/#primaryimage"},"thumbnailUrl":"https:\/\/rafaramirez.org\/blog\/wp-content\/uploads\/2025\/05\/Reflexiones_Primavera_el_Lienzo_del_Renacer_logblog.jpg","keywords":["art\u00edculo de opini\u00f3n","art\u00edculo de Rafael Ram\u00edrez","para reflexionar","Primavera el lienzo del renacer","reflexi\u00f3n personal","Reflexi\u00f3n sobre la vida","reflexiones de Rafael Ram\u00edrez","reflexiones sobre la primavera"],"articleSection":["Literatura"],"inLanguage":"es","potentialAction":[{"@type":"CommentAction","name":"Comment","target":["https:\/\/rafaramirez.org\/blog\/index.php\/2025\/05\/06\/reflexiones-primavera-el-lienzo-del-renacer\/#respond"]}]},{"@type":"WebPage","@id":"https:\/\/rafaramirez.org\/blog\/index.php\/2025\/05\/06\/reflexiones-primavera-el-lienzo-del-renacer\/","url":"https:\/\/rafaramirez.org\/blog\/index.php\/2025\/05\/06\/reflexiones-primavera-el-lienzo-del-renacer\/","name":"Reflexiones: Primavera, el Lienzo del Renacer. - Blog de Rafael Ram\u00edrez","isPartOf":{"@id":"https:\/\/rafaramirez.org\/blog\/#website"},"primaryImageOfPage":{"@id":"https:\/\/rafaramirez.org\/blog\/index.php\/2025\/05\/06\/reflexiones-primavera-el-lienzo-del-renacer\/#primaryimage"},"image":{"@id":"https:\/\/rafaramirez.org\/blog\/index.php\/2025\/05\/06\/reflexiones-primavera-el-lienzo-del-renacer\/#primaryimage"},"thumbnailUrl":"https:\/\/rafaramirez.org\/blog\/wp-content\/uploads\/2025\/05\/Reflexiones_Primavera_el_Lienzo_del_Renacer_logblog.jpg","datePublished":"2025-05-06T06:15:02+00:00","dateModified":"2026-03-18T10:43:35+00:00","description":"La primavera irrumpe como un soneto vibrante en plena orquesta del tiempo, despoj\u00e1ndose de los grises mantos del invierno para vestir el mundo","breadcrumb":{"@id":"https:\/\/rafaramirez.org\/blog\/index.php\/2025\/05\/06\/reflexiones-primavera-el-lienzo-del-renacer\/#breadcrumb"},"inLanguage":"es","potentialAction":[{"@type":"ReadAction","target":["https:\/\/rafaramirez.org\/blog\/index.php\/2025\/05\/06\/reflexiones-primavera-el-lienzo-del-renacer\/"]}]},{"@type":"ImageObject","inLanguage":"es","@id":"https:\/\/rafaramirez.org\/blog\/index.php\/2025\/05\/06\/reflexiones-primavera-el-lienzo-del-renacer\/#primaryimage","url":"https:\/\/rafaramirez.org\/blog\/wp-content\/uploads\/2025\/05\/Reflexiones_Primavera_el_Lienzo_del_Renacer_logblog.jpg","contentUrl":"https:\/\/rafaramirez.org\/blog\/wp-content\/uploads\/2025\/05\/Reflexiones_Primavera_el_Lienzo_del_Renacer_logblog.jpg","width":720,"height":440,"caption":"Reflexiones: Primavera, el Lienzo del Renacer. Blog de Rafael Ram\u00edrez."},{"@type":"BreadcrumbList","@id":"https:\/\/rafaramirez.org\/blog\/index.php\/2025\/05\/06\/reflexiones-primavera-el-lienzo-del-renacer\/#breadcrumb","itemListElement":[{"@type":"ListItem","position":1,"name":"Portada","item":"https:\/\/rafaramirez.org\/blog\/"},{"@type":"ListItem","position":2,"name":"Reflexiones: Primavera, el Lienzo del Renacer."}]},{"@type":"WebSite","@id":"https:\/\/rafaramirez.org\/blog\/#website","url":"https:\/\/rafaramirez.org\/blog\/","name":"Blog de Rafael Ram\u00edrez","description":"Un sitio social, de arte y cultura","publisher":{"@id":"https:\/\/rafaramirez.org\/blog\/#\/schema\/person\/50f43b6d60c578760d4c17bda54ab6a5"},"potentialAction":[{"@type":"SearchAction","target":{"@type":"EntryPoint","urlTemplate":"https:\/\/rafaramirez.org\/blog\/?s={search_term_string}"},"query-input":{"@type":"PropertyValueSpecification","valueRequired":true,"valueName":"search_term_string"}}],"inLanguage":"es"},{"@type":["Person","Organization"],"@id":"https:\/\/rafaramirez.org\/blog\/#\/schema\/person\/50f43b6d60c578760d4c17bda54ab6a5","name":"Rafael Ram\u00edrez","image":{"@type":"ImageObject","inLanguage":"es","@id":"https:\/\/rafaramirez.org\/blog\/wp-content\/uploads\/2024\/09\/RR_socialnetwork.jpg","url":"https:\/\/rafaramirez.org\/blog\/wp-content\/uploads\/2024\/09\/RR_socialnetwork.jpg","contentUrl":"https:\/\/rafaramirez.org\/blog\/wp-content\/uploads\/2024\/09\/RR_socialnetwork.jpg","width":600,"height":606,"caption":"Rafael Ram\u00edrez"},"logo":{"@id":"https:\/\/rafaramirez.org\/blog\/wp-content\/uploads\/2024\/09\/RR_socialnetwork.jpg"},"sameAs":["https:\/\/www.rafaramirez.org\/blog","https:\/\/www.instagram.com\/rafaramirez_ok\/","https:\/\/es.pinterest.com\/Ramirez_Rafa\/","https:\/\/x.com\/rafaramirez_ok"],"url":"https:\/\/rafaramirez.org\/blog\/index.php\/author\/rafaell_qm6j97da\/"}]}},"jetpack_publicize_connections":[],"jetpack_sharing_enabled":true,"jetpack_likes_enabled":true,"jetpack_featured_media_url":"https:\/\/rafaramirez.org\/blog\/wp-content\/uploads\/2025\/05\/Reflexiones_Primavera_el_Lienzo_del_Renacer_logblog.jpg","_links":{"self":[{"href":"https:\/\/rafaramirez.org\/blog\/index.php\/wp-json\/wp\/v2\/posts\/9021","targetHints":{"allow":["GET"]}}],"collection":[{"href":"https:\/\/rafaramirez.org\/blog\/index.php\/wp-json\/wp\/v2\/posts"}],"about":[{"href":"https:\/\/rafaramirez.org\/blog\/index.php\/wp-json\/wp\/v2\/types\/post"}],"author":[{"embeddable":true,"href":"https:\/\/rafaramirez.org\/blog\/index.php\/wp-json\/wp\/v2\/users\/1"}],"replies":[{"embeddable":true,"href":"https:\/\/rafaramirez.org\/blog\/index.php\/wp-json\/wp\/v2\/comments?post=9021"}],"version-history":[{"count":5,"href":"https:\/\/rafaramirez.org\/blog\/index.php\/wp-json\/wp\/v2\/posts\/9021\/revisions"}],"predecessor-version":[{"id":12452,"href":"https:\/\/rafaramirez.org\/blog\/index.php\/wp-json\/wp\/v2\/posts\/9021\/revisions\/12452"}],"wp:featuredmedia":[{"embeddable":true,"href":"https:\/\/rafaramirez.org\/blog\/index.php\/wp-json\/wp\/v2\/media\/9025"}],"wp:attachment":[{"href":"https:\/\/rafaramirez.org\/blog\/index.php\/wp-json\/wp\/v2\/media?parent=9021"}],"wp:term":[{"taxonomy":"category","embeddable":true,"href":"https:\/\/rafaramirez.org\/blog\/index.php\/wp-json\/wp\/v2\/categories?post=9021"},{"taxonomy":"post_tag","embeddable":true,"href":"https:\/\/rafaramirez.org\/blog\/index.php\/wp-json\/wp\/v2\/tags?post=9021"}],"curies":[{"name":"wp","href":"https:\/\/api.w.org\/{rel}","templated":true}]}}