{"id":9014,"date":"2025-05-05T08:15:19","date_gmt":"2025-05-05T06:15:19","guid":{"rendered":"https:\/\/rafaramirez.org\/blog\/?p=9014"},"modified":"2025-05-05T18:35:03","modified_gmt":"2025-05-05T16:35:03","slug":"i-dont-want-to-talk-about-it-rod-stewart-directo-live-vivo","status":"publish","type":"post","link":"https:\/\/rafaramirez.org\/blog\/index.php\/2025\/05\/05\/i-dont-want-to-talk-about-it-rod-stewart-directo-live-vivo\/","title":{"rendered":"\u00abI Don&#8217;t Want To Talk About It\u00bb. Rod Stewart (Directo\/live\/vivo)."},"content":{"rendered":"<p><strong>Rod Stewart<\/strong>, apasionado seguidor del <strong>Celtic Football Club<\/strong>, ha interpretado en diversas ocasiones su ic\u00f3nica canci\u00f3n \u00abI Don\u2019t Want to Talk About It\u00bb, evidenciando la profunda conexi\u00f3n emocional que mantiene con el equipo y su afici\u00f3n. Es bien sabido que ha dedicado actuaciones a su club favorito, y su amor por el Celtic se refleja tanto en su m\u00fasica como en su vida p\u00fablica.<\/p>\n<p>En 2013, durante un concierto celebrado en Escocia (Reino Unido), el cantante interpret\u00f3 ese emblem\u00e1tico tema junto a otros grandes \u00e9xitos. Este espect\u00e1culo resulta especialmente memorable, ya que, siendo un ferviente admirador del equipo, Stewart imprimi\u00f3 un toque personal y emotivo a su actuaci\u00f3n.<\/p>\n<p><iframe loading=\"lazy\" title=\"YouTube video player\" src=\"https:\/\/www.youtube.com\/embed\/pc-ngIhqHgk?si=Xa4gIav7c-WjZwQ5\" width=\"560\" height=\"315\" frameborder=\"0\" allowfullscreen=\"allowfullscreen\"><\/iframe><\/p>\n<h3>M\u00e1s sobre \u00abI Don&#8217;t Want To Talk About It\u00bb.<\/h3>\n<p>\u00abI Don&#8217;t Want to Talk About It\u00bb es una balada conmovedora escrita por el guitarrista de la banda estadounidense <strong>Crazy Horse<\/strong>, <strong>Danny Whitten<\/strong>. Fue lanzada originalmente en 1971 como parte del \u00e1lbum hom\u00f3nimo de la banda. La canci\u00f3n refleja un profundo dolor emocional, con letras que expresan vulnerabilidad y tristeza.<\/p>\n<p>Rod Stewart populariz\u00f3 la canci\u00f3n al grabarla para su \u00e1lbum<strong> Atlantic Crossing<\/strong> en 1975. Su interpretaci\u00f3n, cargada de emoci\u00f3n, le dio un nuevo nivel de reconocimiento. En 1977, la canci\u00f3n alcanz\u00f3 el n\u00famero uno en las listas del Reino Unido como parte de un sencillo doble junto con <strong>\u00abThe First Cut Is the Deepest\u00bb<\/strong>. Desde entonces, es una de las canciones m\u00e1s queridas de Stewart y se ha interpretado en numerosos conciertos, incluyendo versiones con la <strong>Royal Philharmonic Orchestra<\/strong>.<\/p>\n<p>La canci\u00f3n es considerada una obra maestra de la balada y su mensaje de dolor y amor perdido sigue resonando con el p\u00fablico.<\/p>\n<figure id=\"attachment_9019\" aria-describedby=\"caption-attachment-9019\" style=\"width: 300px\" class=\"wp-caption aligncenter\"><a href=\"https:\/\/rafaramirez.org\/blog\/wp-content\/uploads\/2025\/05\/Rod-Stewart-Dont-Want-To-Talk-About-It_2_ok.jpg\" target=\"_blank\" rel=\"noopener\"><img loading=\"lazy\" decoding=\"async\" class=\"wp-image-9019 size-medium\" src=\"https:\/\/rafaramirez.org\/blog\/wp-content\/uploads\/2025\/05\/Rod-Stewart-Dont-Want-To-Talk-About-It_2_ok-300x168.jpg\" alt=\"&quot;I Don't Want To Talk About It&quot;. Rod Stewart. Blog de Rafael Ram\u00edrez.\" width=\"300\" height=\"168\" srcset=\"https:\/\/rafaramirez.org\/blog\/wp-content\/uploads\/2025\/05\/Rod-Stewart-Dont-Want-To-Talk-About-It_2_ok-300x168.jpg 300w, https:\/\/rafaramirez.org\/blog\/wp-content\/uploads\/2025\/05\/Rod-Stewart-Dont-Want-To-Talk-About-It_2_ok-768x430.jpg 768w, https:\/\/rafaramirez.org\/blog\/wp-content\/uploads\/2025\/05\/Rod-Stewart-Dont-Want-To-Talk-About-It_2_ok.jpg 1000w\" sizes=\"auto, (max-width: 300px) 100vw, 300px\" \/><\/a><figcaption id=\"caption-attachment-9019\" class=\"wp-caption-text\">\u00abI Don&#8217;t Want To Talk About It\u00bb. Rod Stewart. Blog de Rafael Ram\u00edrez.<\/figcaption><\/figure>\n<p>M\u00e1s informaci\u00f3n:<\/p>\n<ul>\n<li><a href=\"https:\/\/es.wikipedia.org\/wiki\/Rod_Stewart\" target=\"_blank\" rel=\"noopener\">Rod Stewart en Wikipedia<\/a>.<\/li>\n<li><a href=\"https:\/\/www.youtube.com\/@TheTelevideo\/videos\" target=\"_blank\" rel=\"noopener\">Canal TheTelevideo en Youtube<\/a>.<\/li>\n<li><a href=\"https:\/\/rafaramirez.org\/blog\/index.php\/category\/arte\/musica\/\" target=\"_blank\" rel=\"noopener\">M\u00e1s M\u00fasica<\/a>.<\/li>\n<\/ul>\n","protected":false},"excerpt":{"rendered":"<p>Rod Stewart, apasionado seguidor del Celtic Football Club, ha interpretado en diversas ocasiones su ic\u00f3nica canci\u00f3n \u00abI Don\u2019t Want to Talk About It\u00bb, evidenciando la profunda conexi\u00f3n emocional que mantiene con el equipo y su afici\u00f3n. Es bien sabido que ha dedicado actuaciones a su club favorito, y su amor por el Celtic se refleja [&hellip;]<\/p>\n","protected":false},"author":1,"featured_media":9018,"comment_status":"open","ping_status":"closed","sticky":false,"template":"","format":"standard","meta":{"site-container-style":"default","site-container-layout":"default","site-sidebar-layout":"default","disable-article-header":"default","disable-site-header":"default","disable-site-footer":"default","disable-content-area-spacing":"default","_jetpack_newsletter_access":"","_jetpack_dont_email_post_to_subs":false,"_jetpack_newsletter_tier_id":0,"_jetpack_memberships_contains_paywalled_content":false,"_jetpack_feature_clip_id":0,"_jetpack_memberships_contains_paid_content":false,"footnotes":"","jetpack_publicize_message":"","jetpack_publicize_feature_enabled":true,"jetpack_social_post_already_shared":true,"jetpack_social_options":{"image_generator_settings":{"template":"highway","default_image_id":0,"font":"","enabled":false},"version":2},"jetpack_post_was_ever_published":false},"categories":[709],"tags":[4227,4228,115,4222,4223,4221,309,3356,2515,4226,4224,4225],"class_list":["post-9014","post","type-post","status-publish","format-standard","has-post-thumbnail","hentry","category-musica","tag-atlantic-crossing","tag-celtic-football-club","tag-concierto","tag-crazy-horse","tag-danny-whitten","tag-i-dont-want-to-talk-about-it","tag-musica","tag-musica-en-directo","tag-musica-recomendada","tag-rod-stewart","tag-royal-philharmonic-orchestra","tag-the-first-cut-is-the-deepest"],"yoast_head":"<!-- This site is optimized with the Yoast SEO plugin v28.4 - https:\/\/yoast.com\/product\/yoast-seo-wordpress\/ -->\n<title>&quot;I Don&#039;t Want To Talk About It&quot;. Rod Stewart (Directo\/live\/vivo). - Blog de Rafael Ram\u00edrez<\/title>\n<meta name=\"description\" content=\"Rod Stewart, un apasionado seguidor del Celtic, ha interpretado en varias ocasiones su ic\u00f3nica canci\u00f3n &quot;I Don&#039;t Want to Talk About It&quot;,\" \/>\n<meta name=\"robots\" content=\"index, follow, max-snippet:-1, max-image-preview:large, max-video-preview:-1\" \/>\n<link rel=\"canonical\" href=\"https:\/\/rafaramirez.org\/blog\/index.php\/2025\/05\/05\/i-dont-want-to-talk-about-it-rod-stewart-directo-live-vivo\/\" \/>\n<meta property=\"og:locale\" content=\"es_ES\" \/>\n<meta property=\"og:type\" content=\"article\" \/>\n<meta property=\"og:title\" content=\"&quot;I Don&#039;t Want To Talk About It&quot;. Rod Stewart (Directo\/live\/vivo). - Blog de Rafael Ram\u00edrez\" \/>\n<meta property=\"og:description\" content=\"Rod Stewart, un apasionado seguidor del Celtic, ha interpretado en varias ocasiones su ic\u00f3nica canci\u00f3n &quot;I Don&#039;t Want to Talk About It&quot;,\" \/>\n<meta property=\"og:url\" content=\"https:\/\/rafaramirez.org\/blog\/index.php\/2025\/05\/05\/i-dont-want-to-talk-about-it-rod-stewart-directo-live-vivo\/\" \/>\n<meta property=\"og:site_name\" content=\"Blog de Rafael Ram\u00edrez\" \/>\n<meta property=\"article:published_time\" content=\"2025-05-05T06:15:19+00:00\" \/>\n<meta property=\"article:modified_time\" content=\"2025-05-05T16:35:03+00:00\" \/>\n<meta property=\"og:image\" content=\"https:\/\/rafaramirez.org\/blog\/wp-content\/uploads\/2025\/05\/Rod_Stewart_bannerlog.jpg\" \/>\n\t<meta property=\"og:image:width\" content=\"720\" \/>\n\t<meta property=\"og:image:height\" content=\"440\" \/>\n\t<meta property=\"og:image:type\" content=\"image\/jpeg\" \/>\n<meta name=\"author\" content=\"Rafael Ram\u00edrez\" \/>\n<meta name=\"twitter:card\" content=\"summary_large_image\" \/>\n<meta name=\"twitter:creator\" content=\"@rafaramirez_ok\" \/>\n<meta name=\"twitter:site\" content=\"@rafaramirez_ok\" \/>\n<meta name=\"twitter:label1\" content=\"Escrito por\" \/>\n\t<meta name=\"twitter:data1\" content=\"Rafael Ram\u00edrez\" \/>\n\t<meta name=\"twitter:label2\" content=\"Tiempo de lectura\" \/>\n\t<meta name=\"twitter:data2\" content=\"2 minutos\" \/>\n<script type=\"application\/ld+json\" class=\"yoast-schema-graph\">{\"@context\":\"https:\\\/\\\/schema.org\",\"@graph\":[{\"@type\":\"Article\",\"@id\":\"https:\\\/\\\/rafaramirez.org\\\/blog\\\/index.php\\\/2025\\\/05\\\/05\\\/i-dont-want-to-talk-about-it-rod-stewart-directo-live-vivo\\\/#article\",\"isPartOf\":{\"@id\":\"https:\\\/\\\/rafaramirez.org\\\/blog\\\/index.php\\\/2025\\\/05\\\/05\\\/i-dont-want-to-talk-about-it-rod-stewart-directo-live-vivo\\\/\"},\"author\":{\"name\":\"Rafael Ram\u00edrez\",\"@id\":\"https:\\\/\\\/rafaramirez.org\\\/blog\\\/#\\\/schema\\\/person\\\/50f43b6d60c578760d4c17bda54ab6a5\"},\"headline\":\"\u00abI Don&#8217;t Want To Talk About It\u00bb. Rod Stewart (Directo\\\/live\\\/vivo).\",\"datePublished\":\"2025-05-05T06:15:19+00:00\",\"dateModified\":\"2025-05-05T16:35:03+00:00\",\"mainEntityOfPage\":{\"@id\":\"https:\\\/\\\/rafaramirez.org\\\/blog\\\/index.php\\\/2025\\\/05\\\/05\\\/i-dont-want-to-talk-about-it-rod-stewart-directo-live-vivo\\\/\"},\"wordCount\":339,\"commentCount\":0,\"publisher\":{\"@id\":\"https:\\\/\\\/rafaramirez.org\\\/blog\\\/#\\\/schema\\\/person\\\/50f43b6d60c578760d4c17bda54ab6a5\"},\"image\":{\"@id\":\"https:\\\/\\\/rafaramirez.org\\\/blog\\\/index.php\\\/2025\\\/05\\\/05\\\/i-dont-want-to-talk-about-it-rod-stewart-directo-live-vivo\\\/#primaryimage\"},\"thumbnailUrl\":\"https:\\\/\\\/rafaramirez.org\\\/blog\\\/wp-content\\\/uploads\\\/2025\\\/05\\\/Rod_Stewart_bannerlog.jpg\",\"keywords\":[\"Atlantic Crossing\",\"Celtic Football Club\",\"concierto\",\"Crazy Horse\",\"Danny Whitten\",\"I Don't Want to Talk About It\",\"M\u00fasica\",\"m\u00fasica en directo\",\"m\u00fasica recomendada\",\"Rod Stewart\",\"Royal Philharmonic Orchestra\",\"The First Cut Is the Deepest\"],\"articleSection\":[\"M\u00fasica\"],\"inLanguage\":\"es\",\"potentialAction\":[{\"@type\":\"CommentAction\",\"name\":\"Comment\",\"target\":[\"https:\\\/\\\/rafaramirez.org\\\/blog\\\/index.php\\\/2025\\\/05\\\/05\\\/i-dont-want-to-talk-about-it-rod-stewart-directo-live-vivo\\\/#respond\"]}]},{\"@type\":\"WebPage\",\"@id\":\"https:\\\/\\\/rafaramirez.org\\\/blog\\\/index.php\\\/2025\\\/05\\\/05\\\/i-dont-want-to-talk-about-it-rod-stewart-directo-live-vivo\\\/\",\"url\":\"https:\\\/\\\/rafaramirez.org\\\/blog\\\/index.php\\\/2025\\\/05\\\/05\\\/i-dont-want-to-talk-about-it-rod-stewart-directo-live-vivo\\\/\",\"name\":\"\\\"I Don't Want To Talk About It\\\". Rod Stewart (Directo\\\/live\\\/vivo). - Blog de Rafael Ram\u00edrez\",\"isPartOf\":{\"@id\":\"https:\\\/\\\/rafaramirez.org\\\/blog\\\/#website\"},\"primaryImageOfPage\":{\"@id\":\"https:\\\/\\\/rafaramirez.org\\\/blog\\\/index.php\\\/2025\\\/05\\\/05\\\/i-dont-want-to-talk-about-it-rod-stewart-directo-live-vivo\\\/#primaryimage\"},\"image\":{\"@id\":\"https:\\\/\\\/rafaramirez.org\\\/blog\\\/index.php\\\/2025\\\/05\\\/05\\\/i-dont-want-to-talk-about-it-rod-stewart-directo-live-vivo\\\/#primaryimage\"},\"thumbnailUrl\":\"https:\\\/\\\/rafaramirez.org\\\/blog\\\/wp-content\\\/uploads\\\/2025\\\/05\\\/Rod_Stewart_bannerlog.jpg\",\"datePublished\":\"2025-05-05T06:15:19+00:00\",\"dateModified\":\"2025-05-05T16:35:03+00:00\",\"description\":\"Rod Stewart, un apasionado seguidor del Celtic, ha interpretado en varias ocasiones su ic\u00f3nica canci\u00f3n \\\"I Don't Want to Talk About It\\\",\",\"breadcrumb\":{\"@id\":\"https:\\\/\\\/rafaramirez.org\\\/blog\\\/index.php\\\/2025\\\/05\\\/05\\\/i-dont-want-to-talk-about-it-rod-stewart-directo-live-vivo\\\/#breadcrumb\"},\"inLanguage\":\"es\",\"potentialAction\":[{\"@type\":\"ReadAction\",\"target\":[\"https:\\\/\\\/rafaramirez.org\\\/blog\\\/index.php\\\/2025\\\/05\\\/05\\\/i-dont-want-to-talk-about-it-rod-stewart-directo-live-vivo\\\/\"]}]},{\"@type\":\"ImageObject\",\"inLanguage\":\"es\",\"@id\":\"https:\\\/\\\/rafaramirez.org\\\/blog\\\/index.php\\\/2025\\\/05\\\/05\\\/i-dont-want-to-talk-about-it-rod-stewart-directo-live-vivo\\\/#primaryimage\",\"url\":\"https:\\\/\\\/rafaramirez.org\\\/blog\\\/wp-content\\\/uploads\\\/2025\\\/05\\\/Rod_Stewart_bannerlog.jpg\",\"contentUrl\":\"https:\\\/\\\/rafaramirez.org\\\/blog\\\/wp-content\\\/uploads\\\/2025\\\/05\\\/Rod_Stewart_bannerlog.jpg\",\"width\":720,\"height\":440,\"caption\":\"\\\"I Don't Want To Talk About It\\\". Rod Stewart. Blog de Rafael Ram\u00edrez.\"},{\"@type\":\"BreadcrumbList\",\"@id\":\"https:\\\/\\\/rafaramirez.org\\\/blog\\\/index.php\\\/2025\\\/05\\\/05\\\/i-dont-want-to-talk-about-it-rod-stewart-directo-live-vivo\\\/#breadcrumb\",\"itemListElement\":[{\"@type\":\"ListItem\",\"position\":1,\"name\":\"Portada\",\"item\":\"https:\\\/\\\/rafaramirez.org\\\/blog\\\/\"},{\"@type\":\"ListItem\",\"position\":2,\"name\":\"\u00abI Don&#8217;t Want To Talk About It\u00bb. Rod Stewart (Directo\\\/live\\\/vivo).\"}]},{\"@type\":\"WebSite\",\"@id\":\"https:\\\/\\\/rafaramirez.org\\\/blog\\\/#website\",\"url\":\"https:\\\/\\\/rafaramirez.org\\\/blog\\\/\",\"name\":\"Blog de Rafael Ram\u00edrez\",\"description\":\"Un sitio social, de arte y cultura\",\"publisher\":{\"@id\":\"https:\\\/\\\/rafaramirez.org\\\/blog\\\/#\\\/schema\\\/person\\\/50f43b6d60c578760d4c17bda54ab6a5\"},\"potentialAction\":[{\"@type\":\"SearchAction\",\"target\":{\"@type\":\"EntryPoint\",\"urlTemplate\":\"https:\\\/\\\/rafaramirez.org\\\/blog\\\/?s={search_term_string}\"},\"query-input\":{\"@type\":\"PropertyValueSpecification\",\"valueRequired\":true,\"valueName\":\"search_term_string\"}}],\"inLanguage\":\"es\"},{\"@type\":[\"Person\",\"Organization\"],\"@id\":\"https:\\\/\\\/rafaramirez.org\\\/blog\\\/#\\\/schema\\\/person\\\/50f43b6d60c578760d4c17bda54ab6a5\",\"name\":\"Rafael Ram\u00edrez\",\"image\":{\"@type\":\"ImageObject\",\"inLanguage\":\"es\",\"@id\":\"https:\\\/\\\/rafaramirez.org\\\/blog\\\/wp-content\\\/uploads\\\/2024\\\/09\\\/RR_socialnetwork.jpg\",\"url\":\"https:\\\/\\\/rafaramirez.org\\\/blog\\\/wp-content\\\/uploads\\\/2024\\\/09\\\/RR_socialnetwork.jpg\",\"contentUrl\":\"https:\\\/\\\/rafaramirez.org\\\/blog\\\/wp-content\\\/uploads\\\/2024\\\/09\\\/RR_socialnetwork.jpg\",\"width\":600,\"height\":606,\"caption\":\"Rafael Ram\u00edrez\"},\"logo\":{\"@id\":\"https:\\\/\\\/rafaramirez.org\\\/blog\\\/wp-content\\\/uploads\\\/2024\\\/09\\\/RR_socialnetwork.jpg\"},\"sameAs\":[\"https:\\\/\\\/www.rafaramirez.org\\\/blog\",\"https:\\\/\\\/www.instagram.com\\\/rafaramirez_ok\\\/\",\"https:\\\/\\\/es.pinterest.com\\\/Ramirez_Rafa\\\/\",\"https:\\\/\\\/x.com\\\/rafaramirez_ok\"],\"url\":\"https:\\\/\\\/rafaramirez.org\\\/blog\\\/index.php\\\/author\\\/rafaell_qm6j97da\\\/\"}]}<\/script>\n<!-- \/ Yoast SEO plugin. -->","yoast_head_json":{"title":"\"I Don't Want To Talk About It\". Rod Stewart (Directo\/live\/vivo). - Blog de Rafael Ram\u00edrez","description":"Rod Stewart, un apasionado seguidor del Celtic, ha interpretado en varias ocasiones su ic\u00f3nica canci\u00f3n \"I Don't Want to Talk About It\",","robots":{"index":"index","follow":"follow","max-snippet":"max-snippet:-1","max-image-preview":"max-image-preview:large","max-video-preview":"max-video-preview:-1"},"canonical":"https:\/\/rafaramirez.org\/blog\/index.php\/2025\/05\/05\/i-dont-want-to-talk-about-it-rod-stewart-directo-live-vivo\/","og_locale":"es_ES","og_type":"article","og_title":"\"I Don't Want To Talk About It\". Rod Stewart (Directo\/live\/vivo). - Blog de Rafael Ram\u00edrez","og_description":"Rod Stewart, un apasionado seguidor del Celtic, ha interpretado en varias ocasiones su ic\u00f3nica canci\u00f3n \"I Don't Want to Talk About It\",","og_url":"https:\/\/rafaramirez.org\/blog\/index.php\/2025\/05\/05\/i-dont-want-to-talk-about-it-rod-stewart-directo-live-vivo\/","og_site_name":"Blog de Rafael Ram\u00edrez","article_published_time":"2025-05-05T06:15:19+00:00","article_modified_time":"2025-05-05T16:35:03+00:00","og_image":[{"width":720,"height":440,"url":"https:\/\/rafaramirez.org\/blog\/wp-content\/uploads\/2025\/05\/Rod_Stewart_bannerlog.jpg","type":"image\/jpeg"}],"author":"Rafael Ram\u00edrez","twitter_card":"summary_large_image","twitter_creator":"@rafaramirez_ok","twitter_site":"@rafaramirez_ok","twitter_misc":{"Escrito por":"Rafael Ram\u00edrez","Tiempo de lectura":"2 minutos"},"schema":{"@context":"https:\/\/schema.org","@graph":[{"@type":"Article","@id":"https:\/\/rafaramirez.org\/blog\/index.php\/2025\/05\/05\/i-dont-want-to-talk-about-it-rod-stewart-directo-live-vivo\/#article","isPartOf":{"@id":"https:\/\/rafaramirez.org\/blog\/index.php\/2025\/05\/05\/i-dont-want-to-talk-about-it-rod-stewart-directo-live-vivo\/"},"author":{"name":"Rafael Ram\u00edrez","@id":"https:\/\/rafaramirez.org\/blog\/#\/schema\/person\/50f43b6d60c578760d4c17bda54ab6a5"},"headline":"\u00abI Don&#8217;t Want To Talk About It\u00bb. Rod Stewart (Directo\/live\/vivo).","datePublished":"2025-05-05T06:15:19+00:00","dateModified":"2025-05-05T16:35:03+00:00","mainEntityOfPage":{"@id":"https:\/\/rafaramirez.org\/blog\/index.php\/2025\/05\/05\/i-dont-want-to-talk-about-it-rod-stewart-directo-live-vivo\/"},"wordCount":339,"commentCount":0,"publisher":{"@id":"https:\/\/rafaramirez.org\/blog\/#\/schema\/person\/50f43b6d60c578760d4c17bda54ab6a5"},"image":{"@id":"https:\/\/rafaramirez.org\/blog\/index.php\/2025\/05\/05\/i-dont-want-to-talk-about-it-rod-stewart-directo-live-vivo\/#primaryimage"},"thumbnailUrl":"https:\/\/rafaramirez.org\/blog\/wp-content\/uploads\/2025\/05\/Rod_Stewart_bannerlog.jpg","keywords":["Atlantic Crossing","Celtic Football Club","concierto","Crazy Horse","Danny Whitten","I Don't Want to Talk About It","M\u00fasica","m\u00fasica en directo","m\u00fasica recomendada","Rod Stewart","Royal Philharmonic Orchestra","The First Cut Is the Deepest"],"articleSection":["M\u00fasica"],"inLanguage":"es","potentialAction":[{"@type":"CommentAction","name":"Comment","target":["https:\/\/rafaramirez.org\/blog\/index.php\/2025\/05\/05\/i-dont-want-to-talk-about-it-rod-stewart-directo-live-vivo\/#respond"]}]},{"@type":"WebPage","@id":"https:\/\/rafaramirez.org\/blog\/index.php\/2025\/05\/05\/i-dont-want-to-talk-about-it-rod-stewart-directo-live-vivo\/","url":"https:\/\/rafaramirez.org\/blog\/index.php\/2025\/05\/05\/i-dont-want-to-talk-about-it-rod-stewart-directo-live-vivo\/","name":"\"I Don't Want To Talk About It\". Rod Stewart (Directo\/live\/vivo). - Blog de Rafael Ram\u00edrez","isPartOf":{"@id":"https:\/\/rafaramirez.org\/blog\/#website"},"primaryImageOfPage":{"@id":"https:\/\/rafaramirez.org\/blog\/index.php\/2025\/05\/05\/i-dont-want-to-talk-about-it-rod-stewart-directo-live-vivo\/#primaryimage"},"image":{"@id":"https:\/\/rafaramirez.org\/blog\/index.php\/2025\/05\/05\/i-dont-want-to-talk-about-it-rod-stewart-directo-live-vivo\/#primaryimage"},"thumbnailUrl":"https:\/\/rafaramirez.org\/blog\/wp-content\/uploads\/2025\/05\/Rod_Stewart_bannerlog.jpg","datePublished":"2025-05-05T06:15:19+00:00","dateModified":"2025-05-05T16:35:03+00:00","description":"Rod Stewart, un apasionado seguidor del Celtic, ha interpretado en varias ocasiones su ic\u00f3nica canci\u00f3n \"I Don't Want to Talk About It\",","breadcrumb":{"@id":"https:\/\/rafaramirez.org\/blog\/index.php\/2025\/05\/05\/i-dont-want-to-talk-about-it-rod-stewart-directo-live-vivo\/#breadcrumb"},"inLanguage":"es","potentialAction":[{"@type":"ReadAction","target":["https:\/\/rafaramirez.org\/blog\/index.php\/2025\/05\/05\/i-dont-want-to-talk-about-it-rod-stewart-directo-live-vivo\/"]}]},{"@type":"ImageObject","inLanguage":"es","@id":"https:\/\/rafaramirez.org\/blog\/index.php\/2025\/05\/05\/i-dont-want-to-talk-about-it-rod-stewart-directo-live-vivo\/#primaryimage","url":"https:\/\/rafaramirez.org\/blog\/wp-content\/uploads\/2025\/05\/Rod_Stewart_bannerlog.jpg","contentUrl":"https:\/\/rafaramirez.org\/blog\/wp-content\/uploads\/2025\/05\/Rod_Stewart_bannerlog.jpg","width":720,"height":440,"caption":"\"I Don't Want To Talk About It\". Rod Stewart. Blog de Rafael Ram\u00edrez."},{"@type":"BreadcrumbList","@id":"https:\/\/rafaramirez.org\/blog\/index.php\/2025\/05\/05\/i-dont-want-to-talk-about-it-rod-stewart-directo-live-vivo\/#breadcrumb","itemListElement":[{"@type":"ListItem","position":1,"name":"Portada","item":"https:\/\/rafaramirez.org\/blog\/"},{"@type":"ListItem","position":2,"name":"\u00abI Don&#8217;t Want To Talk About It\u00bb. Rod Stewart (Directo\/live\/vivo)."}]},{"@type":"WebSite","@id":"https:\/\/rafaramirez.org\/blog\/#website","url":"https:\/\/rafaramirez.org\/blog\/","name":"Blog de Rafael Ram\u00edrez","description":"Un sitio social, de arte y cultura","publisher":{"@id":"https:\/\/rafaramirez.org\/blog\/#\/schema\/person\/50f43b6d60c578760d4c17bda54ab6a5"},"potentialAction":[{"@type":"SearchAction","target":{"@type":"EntryPoint","urlTemplate":"https:\/\/rafaramirez.org\/blog\/?s={search_term_string}"},"query-input":{"@type":"PropertyValueSpecification","valueRequired":true,"valueName":"search_term_string"}}],"inLanguage":"es"},{"@type":["Person","Organization"],"@id":"https:\/\/rafaramirez.org\/blog\/#\/schema\/person\/50f43b6d60c578760d4c17bda54ab6a5","name":"Rafael Ram\u00edrez","image":{"@type":"ImageObject","inLanguage":"es","@id":"https:\/\/rafaramirez.org\/blog\/wp-content\/uploads\/2024\/09\/RR_socialnetwork.jpg","url":"https:\/\/rafaramirez.org\/blog\/wp-content\/uploads\/2024\/09\/RR_socialnetwork.jpg","contentUrl":"https:\/\/rafaramirez.org\/blog\/wp-content\/uploads\/2024\/09\/RR_socialnetwork.jpg","width":600,"height":606,"caption":"Rafael Ram\u00edrez"},"logo":{"@id":"https:\/\/rafaramirez.org\/blog\/wp-content\/uploads\/2024\/09\/RR_socialnetwork.jpg"},"sameAs":["https:\/\/www.rafaramirez.org\/blog","https:\/\/www.instagram.com\/rafaramirez_ok\/","https:\/\/es.pinterest.com\/Ramirez_Rafa\/","https:\/\/x.com\/rafaramirez_ok"],"url":"https:\/\/rafaramirez.org\/blog\/index.php\/author\/rafaell_qm6j97da\/"}]}},"jetpack_publicize_connections":[],"jetpack_sharing_enabled":true,"jetpack_likes_enabled":true,"jetpack_featured_media_url":"https:\/\/rafaramirez.org\/blog\/wp-content\/uploads\/2025\/05\/Rod_Stewart_bannerlog.jpg","_links":{"self":[{"href":"https:\/\/rafaramirez.org\/blog\/index.php\/wp-json\/wp\/v2\/posts\/9014","targetHints":{"allow":["GET"]}}],"collection":[{"href":"https:\/\/rafaramirez.org\/blog\/index.php\/wp-json\/wp\/v2\/posts"}],"about":[{"href":"https:\/\/rafaramirez.org\/blog\/index.php\/wp-json\/wp\/v2\/types\/post"}],"author":[{"embeddable":true,"href":"https:\/\/rafaramirez.org\/blog\/index.php\/wp-json\/wp\/v2\/users\/1"}],"replies":[{"embeddable":true,"href":"https:\/\/rafaramirez.org\/blog\/index.php\/wp-json\/wp\/v2\/comments?post=9014"}],"version-history":[{"count":5,"href":"https:\/\/rafaramirez.org\/blog\/index.php\/wp-json\/wp\/v2\/posts\/9014\/revisions"}],"predecessor-version":[{"id":9155,"href":"https:\/\/rafaramirez.org\/blog\/index.php\/wp-json\/wp\/v2\/posts\/9014\/revisions\/9155"}],"wp:featuredmedia":[{"embeddable":true,"href":"https:\/\/rafaramirez.org\/blog\/index.php\/wp-json\/wp\/v2\/media\/9018"}],"wp:attachment":[{"href":"https:\/\/rafaramirez.org\/blog\/index.php\/wp-json\/wp\/v2\/media?parent=9014"}],"wp:term":[{"taxonomy":"category","embeddable":true,"href":"https:\/\/rafaramirez.org\/blog\/index.php\/wp-json\/wp\/v2\/categories?post=9014"},{"taxonomy":"post_tag","embeddable":true,"href":"https:\/\/rafaramirez.org\/blog\/index.php\/wp-json\/wp\/v2\/tags?post=9014"}],"curies":[{"name":"wp","href":"https:\/\/api.w.org\/{rel}","templated":true}]}}