{"id":8996,"date":"2025-05-04T08:15:08","date_gmt":"2025-05-04T06:15:08","guid":{"rendered":"https:\/\/rafaramirez.org\/blog\/?p=8996"},"modified":"2025-04-21T12:58:03","modified_gmt":"2025-04-21T10:58:03","slug":"dia-de-la-madre-en-espana-origen-y-tradicion","status":"publish","type":"post","link":"https:\/\/rafaramirez.org\/blog\/index.php\/2025\/05\/04\/dia-de-la-madre-en-espana-origen-y-tradicion\/","title":{"rendered":"4 de mayo de 2025: D\u00eda de la Madre en Espa\u00f1a, historia y tradici\u00f3n."},"content":{"rendered":"<p>Este a\u00f1o, el <strong>D\u00eda de la Madre en Espa\u00f1a<\/strong> se celebra el domingo 4 de mayo. Es una festividad que se celebra anualmente para honrar a todas las madres, reconociendo su labor y sacrificio en la crianza de sus hijos. A continuaci\u00f3n, te muestro algunos detalles interesantes:<\/p>\n<ul>\n<li>\n<h4>Historia y tradici\u00f3n.<\/h4>\n<\/li>\n<\/ul>\n<p>El D\u00eda de la Madre tiene sus ra\u00edces en la Antigua Grecia y luego fue adoptado por los romanos. En Espa\u00f1a, con la llegada del cristianismo, se asoci\u00f3 a la figura de la Virgen Mar\u00eda, madre de Jes\u00fas. Aunque mayo es el mes de la Virgen, la celebraci\u00f3n del D\u00eda de la Madre no est\u00e1 oficialmente aprobada como festividad y no se considera un d\u00eda no lectivo en los calendarios laborales o escolares.<\/p>\n<p>En los a\u00f1os sesenta, los grandes almacenes Galer\u00edas Preciados y El Corte Ingl\u00e9s popularizaron la celebraci\u00f3n anual de esta festividad. Galer\u00edas Preciados adopt\u00f3 la tradici\u00f3n cubana de celebrar el D\u00eda de la Madre en mayo, mientras que El Corte Ingl\u00e9s lo hac\u00eda en diciembre, coincidiendo con la Inmaculada Concepci\u00f3n. Finalmente, en 1965, se estableci\u00f3 que el D\u00eda de la Madre se celebrar\u00eda el primer domingo de mayo, siguiendo la tradici\u00f3n extranjera. Sin duda, es un d\u00eda para rendir homenaje a una figura fundamental de la familia: nuestras queridas madres.<\/p>\n<figure id=\"attachment_4337\" aria-describedby=\"caption-attachment-4337\" style=\"width: 237px\" class=\"wp-caption aligncenter\"><a href=\"https:\/\/rafaramirez.org\/blog\/wp-content\/uploads\/2024\/05\/DiadelaMadre_2.jpg\" target=\"_blank\" rel=\"noopener\"><img loading=\"lazy\" decoding=\"async\" class=\"wp-image-4337 size-medium\" src=\"https:\/\/rafaramirez.org\/blog\/wp-content\/uploads\/2024\/05\/DiadelaMadre_2-237x300.jpg\" alt=\"D\u00eda de la Madre 2025. Blog de Rafael Ram\u00edrez.\" width=\"237\" height=\"300\" srcset=\"https:\/\/rafaramirez.org\/blog\/wp-content\/uploads\/2024\/05\/DiadelaMadre_2-237x300.jpg 237w, https:\/\/rafaramirez.org\/blog\/wp-content\/uploads\/2024\/05\/DiadelaMadre_2-810x1024.jpg 810w, https:\/\/rafaramirez.org\/blog\/wp-content\/uploads\/2024\/05\/DiadelaMadre_2-768x971.jpg 768w, https:\/\/rafaramirez.org\/blog\/wp-content\/uploads\/2024\/05\/DiadelaMadre_2-1215x1536.jpg 1215w, https:\/\/rafaramirez.org\/blog\/wp-content\/uploads\/2024\/05\/DiadelaMadre_2.jpg 1519w\" sizes=\"auto, (max-width: 237px) 100vw, 237px\" \/><\/a><figcaption id=\"caption-attachment-4337\" class=\"wp-caption-text\">Virgen del Perpetuo Socorro. D\u00eda de la Madre 2025. Blog de Rafael Ram\u00edrez.<\/figcaption><\/figure>\n<ul>\n<li>\n<h4>Celebraci\u00f3n en otros pa\u00edses del mundo.<\/h4>\n<\/li>\n<\/ul>\n<p>El D\u00eda de la Madre se celebra en diferentes fechas alrededor del mundo, dependiendo de la cultura y las tradiciones de cada pa\u00eds. A continuaci\u00f3n, te muestro un resumen de c\u00f3mo se celebra en otros pa\u00edses:<\/p>\n<ul>\n<li style=\"list-style-type: none;\">\n<ul>\n<li style=\"list-style-type: none;\">\n<ul>\n<li>Estados Unidos: se celebra el segundo domingo de mayo. <strong>Anna Jarvis<\/strong> estableci\u00f3 esta tradici\u00f3n en 1907 y se convirti\u00f3 en una festividad oficial en 1914.<\/li>\n<li>M\u00e9xico: se celebra el 10 de mayo, independientemente del d\u00eda de la semana en que caiga. Esta fecha se eligi\u00f3 en 1922 y se ha mantenido desde entonces.<\/li>\n<li>Reino Unido: se celebra el <strong>Mothering Sunday<\/strong>, el cuarto domingo de <strong>Cuaresma<\/strong>. Por tanto, la fecha var\u00eda cada a\u00f1o, pero generalmente cae en marzo o abril<\/li>\n<li>Argentina: se celebra el tercer domingo de octubre.<\/li>\n<li>Rusia: se celebra el \u00faltimo domingo de noviembre.<\/li>\n<\/ul>\n<\/li>\n<\/ul>\n<\/li>\n<\/ul>\n<figure id=\"attachment_9001\" aria-describedby=\"caption-attachment-9001\" style=\"width: 300px\" class=\"wp-caption aligncenter\"><a href=\"https:\/\/rafaramirez.org\/blog\/wp-content\/uploads\/2025\/05\/infant-4025284.jpg\" target=\"_blank\" rel=\"noopener\"><img loading=\"lazy\" decoding=\"async\" class=\"wp-image-9001 size-medium\" src=\"https:\/\/rafaramirez.org\/blog\/wp-content\/uploads\/2025\/05\/infant-4025284-300x200.jpg\" alt=\"D\u00eda de la Madre 2025, domingo 4 de mayo. Blog de Rafael Ram\u00edrez.\" width=\"300\" height=\"200\" srcset=\"https:\/\/rafaramirez.org\/blog\/wp-content\/uploads\/2025\/05\/infant-4025284-300x200.jpg 300w, https:\/\/rafaramirez.org\/blog\/wp-content\/uploads\/2025\/05\/infant-4025284-768x512.jpg 768w, https:\/\/rafaramirez.org\/blog\/wp-content\/uploads\/2025\/05\/infant-4025284.jpg 800w\" sizes=\"auto, (max-width: 300px) 100vw, 300px\" \/><\/a><figcaption id=\"caption-attachment-9001\" class=\"wp-caption-text\">D\u00eda de la Madre 2025, domingo 4 de mayo. Blog de Rafael Ram\u00edrez.<\/figcaption><\/figure>\n<p>Estas son solo algunas de las fechas en las que diferentes pa\u00edses rinden homenaje a las madres. La elecci\u00f3n de la fecha est\u00e1 influenciada por diversos factores, como tradiciones hist\u00f3ricas, religiosas y culturales. A pesar de las diferencias en la fecha de celebraci\u00f3n, el esp\u00edritu de la festividad es el mismo en todo el mundo: rendir homenaje a las madres y reconocer su importante papel en nuestras vidas y en la sociedad.<\/p>\n<p>\u00a1No olvides expresar tu cari\u00f1o y gratitud a tu madre en este d\u00eda especial, ya que es un d\u00eda \u00fanico e irrepetible en el que celebramos el v\u00ednculo que nos une con nuestras madres y el papel fundamental que han desempe\u00f1ado en nuestras vidas! \u00a1Saludos y feliz D\u00eda de la Madre!<strong>\ud83c\udf38\ud83d\udc69\u200d\ud83d\udc67\u200d\ud83d\udc66<\/strong><\/p>\n<p>M\u00e1s informaci\u00f3n:<\/p>\n<ul>\n<li><a href=\"https:\/\/es.wikipedia.org\/wiki\/D%C3%ADa_de_la_Madre\" target=\"_blank\" rel=\"noopener\">Wikipedia.es<\/a><\/li>\n<\/ul>\n","protected":false},"excerpt":{"rendered":"<p>Este a\u00f1o, el D\u00eda de la Madre en Espa\u00f1a se celebra el domingo 4 de mayo. Es una festividad que se celebra anualmente para honrar a todas las madres, reconociendo su labor y sacrificio en la crianza de sus hijos. A continuaci\u00f3n, te muestro algunos detalles interesantes: Historia y tradici\u00f3n. El D\u00eda de la Madre [&hellip;]<\/p>\n","protected":false},"author":1,"featured_media":9000,"comment_status":"open","ping_status":"closed","sticky":false,"template":"","format":"standard","meta":{"site-container-style":"default","site-container-layout":"default","site-sidebar-layout":"default","disable-article-header":"default","disable-site-header":"default","disable-site-footer":"default","disable-content-area-spacing":"default","_jetpack_newsletter_access":"","_jetpack_dont_email_post_to_subs":false,"_jetpack_newsletter_tier_id":0,"_jetpack_memberships_contains_paywalled_content":false,"_jetpack_feature_clip_id":0,"_jetpack_memberships_contains_paid_content":false,"footnotes":"","jetpack_publicize_message":"","jetpack_publicize_feature_enabled":true,"jetpack_social_post_already_shared":true,"jetpack_social_options":{"image_generator_settings":{"template":"highway","default_image_id":0,"font":"","enabled":false},"version":2},"jetpack_post_was_ever_published":false},"categories":[1291],"tags":[1919,1917,1918,1920,1914,1652,1902,1916,1906,1332,68,1928,1922,1927,927,1901,1929,1931,1323,1913,168,1912,1904,1932,1907,1909,1911,1910,1175,1921,1905,1903,1216,1926,432,1915,1923,1930,1925,1924,1908],"class_list":["post-8996","post","type-post","status-publish","format-standard","has-post-thumbnail","hentry","category-efemerides","tag-10-de-mayo","tag-1917","tag-1918","tag-1920","tag-1914","tag-1652","tag-5-de-mayo","tag-anna-jarvis","tag-antigua-grecia","tag-argentina","tag-blog-de-rafael-ramirez","tag-carino-y-gratitud-a-tu-madre","tag-cuarto-domingo-de-la-cuaresma","tag-culturales","tag-dia-de-la-madre","tag-dia-de-la-madre-en-espana","tag-dia-especial","tag-diciembre","tag-efemerides","tag-el-corte-ingles","tag-estados-unidos","tag-galerias-preciados","tag-honrar-a-todas-las-madres","tag-inmaculada-concepcion","tag-llegada-del-cristianismo","tag-madre-de-jesus","tag-mes-de-la-virgen","tag-mes-de-mayo","tag-mexico","tag-mothering-sunday","tag-origen-y-tradicion","tag-primer-domingo-de-mayo","tag-reino-unido","tag-religiosas","tag-rusia","tag-segundo-domingo-de-mayo","tag-tercer-domingo-de-octubre","tag-tradicion-cubana","tag-tradiciones-historicas","tag-ultimo-domingo-de-noviembre","tag-virgen-maria"],"yoast_head":"<!-- This site is optimized with the Yoast SEO plugin v28.4 - https:\/\/yoast.com\/product\/yoast-seo-wordpress\/ -->\n<title>4 de mayo de 2025: D\u00eda de la Madre en Espa\u00f1a, historia y tradici\u00f3n. - Blog de Rafael Ram\u00edrez<\/title>\n<meta name=\"description\" content=\"Este a\u00f1o, el D\u00eda de la Madre en Espa\u00f1a se celebra el domingo 4 de mayo. Es una festividad para honrar a todas las madres.\" \/>\n<meta name=\"robots\" content=\"index, follow, max-snippet:-1, max-image-preview:large, max-video-preview:-1\" \/>\n<link rel=\"canonical\" href=\"https:\/\/rafaramirez.org\/blog\/index.php\/2025\/05\/04\/dia-de-la-madre-en-espana-origen-y-tradicion\/\" \/>\n<meta property=\"og:locale\" content=\"es_ES\" \/>\n<meta property=\"og:type\" content=\"article\" \/>\n<meta property=\"og:title\" content=\"4 de mayo de 2025: D\u00eda de la Madre en Espa\u00f1a, historia y tradici\u00f3n. - Blog de Rafael Ram\u00edrez\" \/>\n<meta property=\"og:description\" content=\"Este a\u00f1o, el D\u00eda de la Madre en Espa\u00f1a se celebra el domingo 4 de mayo. Es una festividad para honrar a todas las madres.\" \/>\n<meta property=\"og:url\" content=\"https:\/\/rafaramirez.org\/blog\/index.php\/2025\/05\/04\/dia-de-la-madre-en-espana-origen-y-tradicion\/\" \/>\n<meta property=\"og:site_name\" content=\"Blog de Rafael Ram\u00edrez\" \/>\n<meta property=\"article:published_time\" content=\"2025-05-04T06:15:08+00:00\" \/>\n<meta property=\"og:image\" content=\"https:\/\/rafaramirez.org\/blog\/wp-content\/uploads\/2025\/05\/Dia_de_la_Madre-2025_logblog.jpg\" \/>\n\t<meta property=\"og:image:width\" content=\"720\" \/>\n\t<meta property=\"og:image:height\" content=\"440\" \/>\n\t<meta property=\"og:image:type\" content=\"image\/jpeg\" \/>\n<meta name=\"author\" content=\"Rafael Ram\u00edrez\" \/>\n<meta name=\"twitter:card\" content=\"summary_large_image\" \/>\n<meta name=\"twitter:creator\" content=\"@rafaramirez_ok\" \/>\n<meta name=\"twitter:site\" content=\"@rafaramirez_ok\" \/>\n<meta name=\"twitter:label1\" content=\"Escrito por\" \/>\n\t<meta name=\"twitter:data1\" content=\"Rafael Ram\u00edrez\" \/>\n\t<meta name=\"twitter:label2\" content=\"Tiempo de lectura\" \/>\n\t<meta name=\"twitter:data2\" content=\"3 minutos\" \/>\n<script type=\"application\/ld+json\" class=\"yoast-schema-graph\">{\"@context\":\"https:\\\/\\\/schema.org\",\"@graph\":[{\"@type\":\"Article\",\"@id\":\"https:\\\/\\\/rafaramirez.org\\\/blog\\\/index.php\\\/2025\\\/05\\\/04\\\/dia-de-la-madre-en-espana-origen-y-tradicion\\\/#article\",\"isPartOf\":{\"@id\":\"https:\\\/\\\/rafaramirez.org\\\/blog\\\/index.php\\\/2025\\\/05\\\/04\\\/dia-de-la-madre-en-espana-origen-y-tradicion\\\/\"},\"author\":{\"name\":\"Rafael Ram\u00edrez\",\"@id\":\"https:\\\/\\\/rafaramirez.org\\\/blog\\\/#\\\/schema\\\/person\\\/50f43b6d60c578760d4c17bda54ab6a5\"},\"headline\":\"4 de mayo de 2025: D\u00eda de la Madre en Espa\u00f1a, historia y tradici\u00f3n.\",\"datePublished\":\"2025-05-04T06:15:08+00:00\",\"mainEntityOfPage\":{\"@id\":\"https:\\\/\\\/rafaramirez.org\\\/blog\\\/index.php\\\/2025\\\/05\\\/04\\\/dia-de-la-madre-en-espana-origen-y-tradicion\\\/\"},\"wordCount\":578,\"commentCount\":0,\"publisher\":{\"@id\":\"https:\\\/\\\/rafaramirez.org\\\/blog\\\/#\\\/schema\\\/person\\\/50f43b6d60c578760d4c17bda54ab6a5\"},\"image\":{\"@id\":\"https:\\\/\\\/rafaramirez.org\\\/blog\\\/index.php\\\/2025\\\/05\\\/04\\\/dia-de-la-madre-en-espana-origen-y-tradicion\\\/#primaryimage\"},\"thumbnailUrl\":\"https:\\\/\\\/rafaramirez.org\\\/blog\\\/wp-content\\\/uploads\\\/2025\\\/05\\\/Dia_de_la_Madre-2025_logblog.jpg\",\"keywords\":[\"10 de mayo\",\"1907\",\"1914\",\"1922\",\"1965\",\"2024\",\"5 de mayo\",\"Anna Jarvis\",\"Antigua Grecia\",\"Argentina\",\"blog de Rafael Ram\u00edrez\",\"cari\u00f1o y gratitud a tu madre\",\"cuarto domingo de la Cuaresma\",\"culturales\",\"D\u00eda de la Madre\",\"D\u00eda de la Madre en Espa\u00f1a\",\"d\u00eda especial\",\"diciembre\",\"efem\u00e9rides\",\"El Corte Ingl\u00e9s\",\"Estados Unidos\",\"Galer\u00edas Preciados\",\"honrar a todas las madres\",\"Inmaculada Concepci\u00f3n\",\"llegada del cristianismo\",\"madre de Jes\u00fas\",\"mes de la Virgen\",\"mes de mayo\",\"M\u00e9xico\",\"Mothering Sunday\",\"origen y tradici\u00f3n\",\"primer domingo de mayo\",\"Reino Unido\",\"religiosas\",\"Rusia\",\"segundo domingo de mayo\",\"tercer domingo de octubre\",\"tradici\u00f3n cubana\",\"tradiciones hist\u00f3ricas\",\"\u00faltimo domingo de noviembre\",\"Virgen Mar\u00eda\"],\"articleSection\":[\"Efem\u00e9rides\"],\"inLanguage\":\"es\",\"potentialAction\":[{\"@type\":\"CommentAction\",\"name\":\"Comment\",\"target\":[\"https:\\\/\\\/rafaramirez.org\\\/blog\\\/index.php\\\/2025\\\/05\\\/04\\\/dia-de-la-madre-en-espana-origen-y-tradicion\\\/#respond\"]}]},{\"@type\":\"WebPage\",\"@id\":\"https:\\\/\\\/rafaramirez.org\\\/blog\\\/index.php\\\/2025\\\/05\\\/04\\\/dia-de-la-madre-en-espana-origen-y-tradicion\\\/\",\"url\":\"https:\\\/\\\/rafaramirez.org\\\/blog\\\/index.php\\\/2025\\\/05\\\/04\\\/dia-de-la-madre-en-espana-origen-y-tradicion\\\/\",\"name\":\"4 de mayo de 2025: D\u00eda de la Madre en Espa\u00f1a, historia y tradici\u00f3n. - Blog de Rafael Ram\u00edrez\",\"isPartOf\":{\"@id\":\"https:\\\/\\\/rafaramirez.org\\\/blog\\\/#website\"},\"primaryImageOfPage\":{\"@id\":\"https:\\\/\\\/rafaramirez.org\\\/blog\\\/index.php\\\/2025\\\/05\\\/04\\\/dia-de-la-madre-en-espana-origen-y-tradicion\\\/#primaryimage\"},\"image\":{\"@id\":\"https:\\\/\\\/rafaramirez.org\\\/blog\\\/index.php\\\/2025\\\/05\\\/04\\\/dia-de-la-madre-en-espana-origen-y-tradicion\\\/#primaryimage\"},\"thumbnailUrl\":\"https:\\\/\\\/rafaramirez.org\\\/blog\\\/wp-content\\\/uploads\\\/2025\\\/05\\\/Dia_de_la_Madre-2025_logblog.jpg\",\"datePublished\":\"2025-05-04T06:15:08+00:00\",\"description\":\"Este a\u00f1o, el D\u00eda de la Madre en Espa\u00f1a se celebra el domingo 4 de mayo. Es una festividad para honrar a todas las madres.\",\"breadcrumb\":{\"@id\":\"https:\\\/\\\/rafaramirez.org\\\/blog\\\/index.php\\\/2025\\\/05\\\/04\\\/dia-de-la-madre-en-espana-origen-y-tradicion\\\/#breadcrumb\"},\"inLanguage\":\"es\",\"potentialAction\":[{\"@type\":\"ReadAction\",\"target\":[\"https:\\\/\\\/rafaramirez.org\\\/blog\\\/index.php\\\/2025\\\/05\\\/04\\\/dia-de-la-madre-en-espana-origen-y-tradicion\\\/\"]}]},{\"@type\":\"ImageObject\",\"inLanguage\":\"es\",\"@id\":\"https:\\\/\\\/rafaramirez.org\\\/blog\\\/index.php\\\/2025\\\/05\\\/04\\\/dia-de-la-madre-en-espana-origen-y-tradicion\\\/#primaryimage\",\"url\":\"https:\\\/\\\/rafaramirez.org\\\/blog\\\/wp-content\\\/uploads\\\/2025\\\/05\\\/Dia_de_la_Madre-2025_logblog.jpg\",\"contentUrl\":\"https:\\\/\\\/rafaramirez.org\\\/blog\\\/wp-content\\\/uploads\\\/2025\\\/05\\\/Dia_de_la_Madre-2025_logblog.jpg\",\"width\":720,\"height\":440,\"caption\":\"D\u00eda de la Madre 2025. Blog de Rafael Ram\u00edrez.\"},{\"@type\":\"BreadcrumbList\",\"@id\":\"https:\\\/\\\/rafaramirez.org\\\/blog\\\/index.php\\\/2025\\\/05\\\/04\\\/dia-de-la-madre-en-espana-origen-y-tradicion\\\/#breadcrumb\",\"itemListElement\":[{\"@type\":\"ListItem\",\"position\":1,\"name\":\"Portada\",\"item\":\"https:\\\/\\\/rafaramirez.org\\\/blog\\\/\"},{\"@type\":\"ListItem\",\"position\":2,\"name\":\"4 de mayo de 2025: D\u00eda de la Madre en Espa\u00f1a, historia y tradici\u00f3n.\"}]},{\"@type\":\"WebSite\",\"@id\":\"https:\\\/\\\/rafaramirez.org\\\/blog\\\/#website\",\"url\":\"https:\\\/\\\/rafaramirez.org\\\/blog\\\/\",\"name\":\"Blog de Rafael Ram\u00edrez\",\"description\":\"Un sitio social, de arte y cultura\",\"publisher\":{\"@id\":\"https:\\\/\\\/rafaramirez.org\\\/blog\\\/#\\\/schema\\\/person\\\/50f43b6d60c578760d4c17bda54ab6a5\"},\"potentialAction\":[{\"@type\":\"SearchAction\",\"target\":{\"@type\":\"EntryPoint\",\"urlTemplate\":\"https:\\\/\\\/rafaramirez.org\\\/blog\\\/?s={search_term_string}\"},\"query-input\":{\"@type\":\"PropertyValueSpecification\",\"valueRequired\":true,\"valueName\":\"search_term_string\"}}],\"inLanguage\":\"es\"},{\"@type\":[\"Person\",\"Organization\"],\"@id\":\"https:\\\/\\\/rafaramirez.org\\\/blog\\\/#\\\/schema\\\/person\\\/50f43b6d60c578760d4c17bda54ab6a5\",\"name\":\"Rafael Ram\u00edrez\",\"image\":{\"@type\":\"ImageObject\",\"inLanguage\":\"es\",\"@id\":\"https:\\\/\\\/rafaramirez.org\\\/blog\\\/wp-content\\\/uploads\\\/2024\\\/09\\\/RR_socialnetwork.jpg\",\"url\":\"https:\\\/\\\/rafaramirez.org\\\/blog\\\/wp-content\\\/uploads\\\/2024\\\/09\\\/RR_socialnetwork.jpg\",\"contentUrl\":\"https:\\\/\\\/rafaramirez.org\\\/blog\\\/wp-content\\\/uploads\\\/2024\\\/09\\\/RR_socialnetwork.jpg\",\"width\":600,\"height\":606,\"caption\":\"Rafael Ram\u00edrez\"},\"logo\":{\"@id\":\"https:\\\/\\\/rafaramirez.org\\\/blog\\\/wp-content\\\/uploads\\\/2024\\\/09\\\/RR_socialnetwork.jpg\"},\"sameAs\":[\"https:\\\/\\\/www.rafaramirez.org\\\/blog\",\"https:\\\/\\\/www.instagram.com\\\/rafaramirez_ok\\\/\",\"https:\\\/\\\/es.pinterest.com\\\/Ramirez_Rafa\\\/\",\"https:\\\/\\\/x.com\\\/rafaramirez_ok\"],\"url\":\"https:\\\/\\\/rafaramirez.org\\\/blog\\\/index.php\\\/author\\\/rafaell_qm6j97da\\\/\"}]}<\/script>\n<!-- \/ Yoast SEO plugin. -->","yoast_head_json":{"title":"4 de mayo de 2025: D\u00eda de la Madre en Espa\u00f1a, historia y tradici\u00f3n. - Blog de Rafael Ram\u00edrez","description":"Este a\u00f1o, el D\u00eda de la Madre en Espa\u00f1a se celebra el domingo 4 de mayo. Es una festividad para honrar a todas las madres.","robots":{"index":"index","follow":"follow","max-snippet":"max-snippet:-1","max-image-preview":"max-image-preview:large","max-video-preview":"max-video-preview:-1"},"canonical":"https:\/\/rafaramirez.org\/blog\/index.php\/2025\/05\/04\/dia-de-la-madre-en-espana-origen-y-tradicion\/","og_locale":"es_ES","og_type":"article","og_title":"4 de mayo de 2025: D\u00eda de la Madre en Espa\u00f1a, historia y tradici\u00f3n. - Blog de Rafael Ram\u00edrez","og_description":"Este a\u00f1o, el D\u00eda de la Madre en Espa\u00f1a se celebra el domingo 4 de mayo. Es una festividad para honrar a todas las madres.","og_url":"https:\/\/rafaramirez.org\/blog\/index.php\/2025\/05\/04\/dia-de-la-madre-en-espana-origen-y-tradicion\/","og_site_name":"Blog de Rafael Ram\u00edrez","article_published_time":"2025-05-04T06:15:08+00:00","og_image":[{"width":720,"height":440,"url":"https:\/\/rafaramirez.org\/blog\/wp-content\/uploads\/2025\/05\/Dia_de_la_Madre-2025_logblog.jpg","type":"image\/jpeg"}],"author":"Rafael Ram\u00edrez","twitter_card":"summary_large_image","twitter_creator":"@rafaramirez_ok","twitter_site":"@rafaramirez_ok","twitter_misc":{"Escrito por":"Rafael Ram\u00edrez","Tiempo de lectura":"3 minutos"},"schema":{"@context":"https:\/\/schema.org","@graph":[{"@type":"Article","@id":"https:\/\/rafaramirez.org\/blog\/index.php\/2025\/05\/04\/dia-de-la-madre-en-espana-origen-y-tradicion\/#article","isPartOf":{"@id":"https:\/\/rafaramirez.org\/blog\/index.php\/2025\/05\/04\/dia-de-la-madre-en-espana-origen-y-tradicion\/"},"author":{"name":"Rafael Ram\u00edrez","@id":"https:\/\/rafaramirez.org\/blog\/#\/schema\/person\/50f43b6d60c578760d4c17bda54ab6a5"},"headline":"4 de mayo de 2025: D\u00eda de la Madre en Espa\u00f1a, historia y tradici\u00f3n.","datePublished":"2025-05-04T06:15:08+00:00","mainEntityOfPage":{"@id":"https:\/\/rafaramirez.org\/blog\/index.php\/2025\/05\/04\/dia-de-la-madre-en-espana-origen-y-tradicion\/"},"wordCount":578,"commentCount":0,"publisher":{"@id":"https:\/\/rafaramirez.org\/blog\/#\/schema\/person\/50f43b6d60c578760d4c17bda54ab6a5"},"image":{"@id":"https:\/\/rafaramirez.org\/blog\/index.php\/2025\/05\/04\/dia-de-la-madre-en-espana-origen-y-tradicion\/#primaryimage"},"thumbnailUrl":"https:\/\/rafaramirez.org\/blog\/wp-content\/uploads\/2025\/05\/Dia_de_la_Madre-2025_logblog.jpg","keywords":["10 de mayo","1907","1914","1922","1965","2024","5 de mayo","Anna Jarvis","Antigua Grecia","Argentina","blog de Rafael Ram\u00edrez","cari\u00f1o y gratitud a tu madre","cuarto domingo de la Cuaresma","culturales","D\u00eda de la Madre","D\u00eda de la Madre en Espa\u00f1a","d\u00eda especial","diciembre","efem\u00e9rides","El Corte Ingl\u00e9s","Estados Unidos","Galer\u00edas Preciados","honrar a todas las madres","Inmaculada Concepci\u00f3n","llegada del cristianismo","madre de Jes\u00fas","mes de la Virgen","mes de mayo","M\u00e9xico","Mothering Sunday","origen y tradici\u00f3n","primer domingo de mayo","Reino Unido","religiosas","Rusia","segundo domingo de mayo","tercer domingo de octubre","tradici\u00f3n cubana","tradiciones hist\u00f3ricas","\u00faltimo domingo de noviembre","Virgen Mar\u00eda"],"articleSection":["Efem\u00e9rides"],"inLanguage":"es","potentialAction":[{"@type":"CommentAction","name":"Comment","target":["https:\/\/rafaramirez.org\/blog\/index.php\/2025\/05\/04\/dia-de-la-madre-en-espana-origen-y-tradicion\/#respond"]}]},{"@type":"WebPage","@id":"https:\/\/rafaramirez.org\/blog\/index.php\/2025\/05\/04\/dia-de-la-madre-en-espana-origen-y-tradicion\/","url":"https:\/\/rafaramirez.org\/blog\/index.php\/2025\/05\/04\/dia-de-la-madre-en-espana-origen-y-tradicion\/","name":"4 de mayo de 2025: D\u00eda de la Madre en Espa\u00f1a, historia y tradici\u00f3n. - Blog de Rafael Ram\u00edrez","isPartOf":{"@id":"https:\/\/rafaramirez.org\/blog\/#website"},"primaryImageOfPage":{"@id":"https:\/\/rafaramirez.org\/blog\/index.php\/2025\/05\/04\/dia-de-la-madre-en-espana-origen-y-tradicion\/#primaryimage"},"image":{"@id":"https:\/\/rafaramirez.org\/blog\/index.php\/2025\/05\/04\/dia-de-la-madre-en-espana-origen-y-tradicion\/#primaryimage"},"thumbnailUrl":"https:\/\/rafaramirez.org\/blog\/wp-content\/uploads\/2025\/05\/Dia_de_la_Madre-2025_logblog.jpg","datePublished":"2025-05-04T06:15:08+00:00","description":"Este a\u00f1o, el D\u00eda de la Madre en Espa\u00f1a se celebra el domingo 4 de mayo. Es una festividad para honrar a todas las madres.","breadcrumb":{"@id":"https:\/\/rafaramirez.org\/blog\/index.php\/2025\/05\/04\/dia-de-la-madre-en-espana-origen-y-tradicion\/#breadcrumb"},"inLanguage":"es","potentialAction":[{"@type":"ReadAction","target":["https:\/\/rafaramirez.org\/blog\/index.php\/2025\/05\/04\/dia-de-la-madre-en-espana-origen-y-tradicion\/"]}]},{"@type":"ImageObject","inLanguage":"es","@id":"https:\/\/rafaramirez.org\/blog\/index.php\/2025\/05\/04\/dia-de-la-madre-en-espana-origen-y-tradicion\/#primaryimage","url":"https:\/\/rafaramirez.org\/blog\/wp-content\/uploads\/2025\/05\/Dia_de_la_Madre-2025_logblog.jpg","contentUrl":"https:\/\/rafaramirez.org\/blog\/wp-content\/uploads\/2025\/05\/Dia_de_la_Madre-2025_logblog.jpg","width":720,"height":440,"caption":"D\u00eda de la Madre 2025. Blog de Rafael Ram\u00edrez."},{"@type":"BreadcrumbList","@id":"https:\/\/rafaramirez.org\/blog\/index.php\/2025\/05\/04\/dia-de-la-madre-en-espana-origen-y-tradicion\/#breadcrumb","itemListElement":[{"@type":"ListItem","position":1,"name":"Portada","item":"https:\/\/rafaramirez.org\/blog\/"},{"@type":"ListItem","position":2,"name":"4 de mayo de 2025: D\u00eda de la Madre en Espa\u00f1a, historia y tradici\u00f3n."}]},{"@type":"WebSite","@id":"https:\/\/rafaramirez.org\/blog\/#website","url":"https:\/\/rafaramirez.org\/blog\/","name":"Blog de Rafael Ram\u00edrez","description":"Un sitio social, de arte y cultura","publisher":{"@id":"https:\/\/rafaramirez.org\/blog\/#\/schema\/person\/50f43b6d60c578760d4c17bda54ab6a5"},"potentialAction":[{"@type":"SearchAction","target":{"@type":"EntryPoint","urlTemplate":"https:\/\/rafaramirez.org\/blog\/?s={search_term_string}"},"query-input":{"@type":"PropertyValueSpecification","valueRequired":true,"valueName":"search_term_string"}}],"inLanguage":"es"},{"@type":["Person","Organization"],"@id":"https:\/\/rafaramirez.org\/blog\/#\/schema\/person\/50f43b6d60c578760d4c17bda54ab6a5","name":"Rafael Ram\u00edrez","image":{"@type":"ImageObject","inLanguage":"es","@id":"https:\/\/rafaramirez.org\/blog\/wp-content\/uploads\/2024\/09\/RR_socialnetwork.jpg","url":"https:\/\/rafaramirez.org\/blog\/wp-content\/uploads\/2024\/09\/RR_socialnetwork.jpg","contentUrl":"https:\/\/rafaramirez.org\/blog\/wp-content\/uploads\/2024\/09\/RR_socialnetwork.jpg","width":600,"height":606,"caption":"Rafael Ram\u00edrez"},"logo":{"@id":"https:\/\/rafaramirez.org\/blog\/wp-content\/uploads\/2024\/09\/RR_socialnetwork.jpg"},"sameAs":["https:\/\/www.rafaramirez.org\/blog","https:\/\/www.instagram.com\/rafaramirez_ok\/","https:\/\/es.pinterest.com\/Ramirez_Rafa\/","https:\/\/x.com\/rafaramirez_ok"],"url":"https:\/\/rafaramirez.org\/blog\/index.php\/author\/rafaell_qm6j97da\/"}]}},"jetpack_publicize_connections":[],"jetpack_sharing_enabled":true,"jetpack_likes_enabled":true,"jetpack_featured_media_url":"https:\/\/rafaramirez.org\/blog\/wp-content\/uploads\/2025\/05\/Dia_de_la_Madre-2025_logblog.jpg","_links":{"self":[{"href":"https:\/\/rafaramirez.org\/blog\/index.php\/wp-json\/wp\/v2\/posts\/8996","targetHints":{"allow":["GET"]}}],"collection":[{"href":"https:\/\/rafaramirez.org\/blog\/index.php\/wp-json\/wp\/v2\/posts"}],"about":[{"href":"https:\/\/rafaramirez.org\/blog\/index.php\/wp-json\/wp\/v2\/types\/post"}],"author":[{"embeddable":true,"href":"https:\/\/rafaramirez.org\/blog\/index.php\/wp-json\/wp\/v2\/users\/1"}],"replies":[{"embeddable":true,"href":"https:\/\/rafaramirez.org\/blog\/index.php\/wp-json\/wp\/v2\/comments?post=8996"}],"version-history":[{"count":5,"href":"https:\/\/rafaramirez.org\/blog\/index.php\/wp-json\/wp\/v2\/posts\/8996\/revisions"}],"predecessor-version":[{"id":9003,"href":"https:\/\/rafaramirez.org\/blog\/index.php\/wp-json\/wp\/v2\/posts\/8996\/revisions\/9003"}],"wp:featuredmedia":[{"embeddable":true,"href":"https:\/\/rafaramirez.org\/blog\/index.php\/wp-json\/wp\/v2\/media\/9000"}],"wp:attachment":[{"href":"https:\/\/rafaramirez.org\/blog\/index.php\/wp-json\/wp\/v2\/media?parent=8996"}],"wp:term":[{"taxonomy":"category","embeddable":true,"href":"https:\/\/rafaramirez.org\/blog\/index.php\/wp-json\/wp\/v2\/categories?post=8996"},{"taxonomy":"post_tag","embeddable":true,"href":"https:\/\/rafaramirez.org\/blog\/index.php\/wp-json\/wp\/v2\/tags?post=8996"}],"curies":[{"name":"wp","href":"https:\/\/api.w.org\/{rel}","templated":true}]}}