{"id":8991,"date":"2025-05-01T08:15:52","date_gmt":"2025-05-01T06:15:52","guid":{"rendered":"https:\/\/rafaramirez.org\/blog\/?p=8991"},"modified":"2025-04-21T12:14:08","modified_gmt":"2025-04-21T10:14:08","slug":"1-de-mayo-dia-internacional-del-trabajo-2","status":"publish","type":"post","link":"https:\/\/rafaramirez.org\/blog\/index.php\/2025\/05\/01\/1-de-mayo-dia-internacional-del-trabajo-2\/","title":{"rendered":"D\u00eda Internacional del Trabajo 2025: una jornada por el reconocimiento de los derechos de los trabajadores."},"content":{"rendered":"<p>El <strong>1 de mayo<\/strong> es una fecha importante para la historia laboral y social de muchos pa\u00edses del mundo. Se conmemora el <strong>D\u00eda Internacional del Trabajo<\/strong>, una jornada dedicada a reconocer los derechos de los trabajadores y la lucha por unas condiciones laborales justas. Exploraremos su origen en los movimientos obreros del siglo XIX y c\u00f3mo se celebra en diferentes lugares del mundo.<\/p>\n<h3>Origen y contexto del D\u00eda Internacional del Trabajo<\/h3>\n<p>El D\u00eda Internacional del Trabajo, tambi\u00e9n conocido como el 1 de mayo, se remonta al siglo XIX, cuando se luchaba y reivindicaba por condiciones laborales justas. En la Revoluci\u00f3n Industrial, los trabajadores realizaban jornadas interminables, ten\u00edan salarios bajos y unas condiciones de trabajo inhumanas. Con el tiempo, esta situaci\u00f3n llev\u00f3 a la organizaci\u00f3n de los trabajadores, que formaron movimientos obreros y sindicatos para luchar por mejorar sus condiciones laborales y defender sus derechos.<\/p>\n<p>El 1 de mayo de 1886 marc\u00f3 un hito en la historia laboral de Chicago (EE. UU.) cuando una multitudinaria marcha tom\u00f3 las calles para demandar una jornada laboral de ocho horas. Desafortunadamente, el evento desemboc\u00f3 en un violento choque conocido como la <strong>revuelta de Haymarket<\/strong>, en el que perdieron la vida tanto manifestantes como agentes de polic\u00eda. A pesar del sombr\u00edo desenlace, la protesta dej\u00f3 una huella indeleble en el movimiento obrero y sus reivindicaciones.<\/p>\n<p>Posteriormente, en 1889, la Segunda Internacional Socialista decidi\u00f3 instaurar el D\u00eda Internacional de los Trabajadores en conmemoraci\u00f3n de los acontecimientos de Chicago. En la actualidad, el 1 de mayo se ha convertido en una fecha emblem\u00e1tica en numerosos pa\u00edses, donde se celebra como una jornada de festividad y para reafirmar los derechos de los trabajadores. Este d\u00eda brinda la oportunidad de honrar las victorias hist\u00f3ricas de la clase obrera y reflexionar sobre los desaf\u00edos actuales que enfrentan los trabajadores.<\/p>\n<p><a href=\"https:\/\/rafaramirez.org\/blog\/wp-content\/uploads\/2024\/05\/1_Mayo_3.jpg\" target=\"_blank\" rel=\"noopener\"><img loading=\"lazy\" decoding=\"async\" class=\"aligncenter wp-image-4308 size-medium\" src=\"https:\/\/rafaramirez.org\/blog\/wp-content\/uploads\/2024\/05\/1_Mayo_3-300x300.jpg\" alt=\"Primero de Mayo, D\u00eda del Trabajador. Blog de Rafael Ram\u00edrez.\" width=\"300\" height=\"300\" srcset=\"https:\/\/rafaramirez.org\/blog\/wp-content\/uploads\/2024\/05\/1_Mayo_3-300x300.jpg 300w, https:\/\/rafaramirez.org\/blog\/wp-content\/uploads\/2024\/05\/1_Mayo_3-150x150.jpg 150w, https:\/\/rafaramirez.org\/blog\/wp-content\/uploads\/2024\/05\/1_Mayo_3-768x768.jpg 768w, https:\/\/rafaramirez.org\/blog\/wp-content\/uploads\/2024\/05\/1_Mayo_3.jpg 850w\" sizes=\"auto, (max-width: 300px) 100vw, 300px\" \/><\/a><\/p>\n<h3>Celebraci\u00f3n en Espa\u00f1a<\/h3>\n<p>El D\u00eda Internacional del Trabajo, celebrado el 1 de mayo, tiene una rica historia en Espa\u00f1a. Tambi\u00e9n conocido como el <strong>D\u00eda del Trabajador<\/strong>, este d\u00eda conmemora las luchas y reivindicaciones del movimiento obrero, y destaca la importancia de los derechos laborales y sindicales.<\/p>\n<p>La celebraci\u00f3n en Espa\u00f1a comenz\u00f3 en 1889, inspirada por la revuelta de Haymarket en Chicago en 1886, donde los trabajadores exigieron una jornada laboral de ocho horas. Durante la dictadura de Francisco Franco, la celebraci\u00f3n fue prohibida, pero en 1978 se legaliz\u00f3 nuevamente y se estableci\u00f3 como festivo nacional. Desde entonces, el Primero de Mayo se celebra con manifestaciones y protestas en todo el pa\u00eds para conmemorar avances sociales y reivindicar derechos laborales.<\/p>\n<p style=\"text-align: center;\"><a href=\"https:\/\/rafaramirez.org\/blog\/wp-content\/uploads\/2024\/05\/1_Mayo_4.jpg\" target=\"_blank\" rel=\"noopener\"><img loading=\"lazy\" decoding=\"async\" class=\"aligncenter wp-image-4309 size-medium\" src=\"https:\/\/rafaramirez.org\/blog\/wp-content\/uploads\/2024\/05\/1_Mayo_4-300x300.jpg\" alt=\"Primero de Mayo, D\u00eda del Trabajador. Blog de Rafael Ram\u00edrez.\" width=\"300\" height=\"300\" srcset=\"https:\/\/rafaramirez.org\/blog\/wp-content\/uploads\/2024\/05\/1_Mayo_4-300x300.jpg 300w, https:\/\/rafaramirez.org\/blog\/wp-content\/uploads\/2024\/05\/1_Mayo_4-150x150.jpg 150w, https:\/\/rafaramirez.org\/blog\/wp-content\/uploads\/2024\/05\/1_Mayo_4-768x768.jpg 768w, https:\/\/rafaramirez.org\/blog\/wp-content\/uploads\/2024\/05\/1_Mayo_4.jpg 850w\" sizes=\"auto, (max-width: 300px) 100vw, 300px\" \/><\/a><\/p>\n<h3>Celebraci\u00f3n en otros pa\u00edses<\/h3>\n<p>El D\u00eda Internacional del Trabajo es festivo en la mayor\u00eda de pa\u00edses del mundo. Sin embargo, no se celebra esta conmemoraci\u00f3n en Estados Unidos, Canad\u00e1 y algunos otros pa\u00edses. En su lugar, se celebra el <strong>Labor Day<\/strong> el primer lunes de septiembre. En EE. UU., esta fecha se instaur\u00f3 en 1894 por el <strong>presidente Grover Cleveland<\/strong> para desvincular su celebraci\u00f3n de la tradici\u00f3n obrera socialista.<\/p>\n<p>En la mayor\u00eda de pa\u00edses, el 1 de mayo es una jornada de conmemoraci\u00f3n de la lucha obrera. En esta fecha se organizan actos como marchas y desfiles por parte de colectivos laborales, partidos y sindicatos, con el fin de demandar mejoras laborales, salarios equitativos y el respeto a la negociaci\u00f3n colectiva.<\/p>\n<p>A lo largo del siglo XX, el Primero de Mayo se convirti\u00f3 en un s\u00edmbolo de solidaridad entre los trabajadores de todo el mundo.<\/p>\n<p>En resumen, el 1 de mayo es un d\u00eda para rendir tributo al esfuerzo de los trabajadores en pro de unas condiciones laborales justas y es una oportunidad para meditar sobre el valor del trabajo digno y justo en todo el mundo.<\/p>\n<p>M\u00e1s informaci\u00f3n:<\/p>\n<ul>\n<li><a href=\"https:\/\/es.wikipedia.org\/wiki\/Primero_de_Mayo_en_Espa%C3%B1a\" target=\"_blank\" rel=\"noopener\">Wikipedia <\/a><\/li>\n<li><a href=\"https:\/\/www.elmundo.es\/como\/2022\/05\/01\/626c199321efa0a6628b457c.html\" target=\"_blank\" rel=\"noopener\">El Mundo<\/a><\/li>\n<\/ul>\n","protected":false},"excerpt":{"rendered":"<p>El 1 de mayo es una fecha importante para la historia laboral y social de muchos pa\u00edses del mundo. Se conmemora el D\u00eda Internacional del Trabajo, una jornada dedicada a reconocer los derechos de los trabajadores y la lucha por unas condiciones laborales justas. Exploraremos su origen en los movimientos obreros del siglo XIX y [&hellip;]<\/p>\n","protected":false},"author":1,"featured_media":8993,"comment_status":"open","ping_status":"closed","sticky":false,"template":"","format":"standard","meta":{"site-container-style":"default","site-container-layout":"default","site-sidebar-layout":"default","disable-article-header":"default","disable-site-header":"default","disable-site-footer":"default","disable-content-area-spacing":"default","_jetpack_newsletter_access":"","_jetpack_dont_email_post_to_subs":false,"_jetpack_newsletter_tier_id":0,"_jetpack_memberships_contains_paywalled_content":false,"_jetpack_feature_clip_id":0,"_jetpack_memberships_contains_paid_content":false,"footnotes":"","jetpack_publicize_message":"","jetpack_publicize_feature_enabled":true,"jetpack_social_post_already_shared":true,"jetpack_social_options":{"image_generator_settings":{"template":"highway","default_image_id":0,"font":"","enabled":false},"version":2},"jetpack_post_was_ever_published":false},"categories":[1291,15],"tags":[1874,1883,1888,1898,1230,68,1331,100,1900,1881,1894,1890,1891,1873,1884,1323,166,168,1892,1899,1875,1886,1896,1895,1879,1885,1878,1876,1897,1882,1877,1887,1889,1603,1880,880],"class_list":["post-8991","post","type-post","status-publish","format-standard","has-post-thumbnail","hentry","category-efemerides","category-noticias-sociales","tag-1-de-mayo","tag-1883","tag-1888","tag-1898","tag-1230","tag-blog-de-rafael-ramirez","tag-canada","tag-chicago","tag-colectivos-laborales","tag-condiciones-laborales-justas","tag-cuatro-decadas","tag-derechos-de-los-trabajadores","tag-dia-del-trabajador","tag-dia-internacional-del-trabajo","tag-ee-uu","tag-efemerides","tag-espana","tag-estados-unidos","tag-francisco-franco","tag-grover-cleveland","tag-historia-laboral","tag-jornada-de-trabajo-limitada-a-ocho-horas","tag-labor-day","tag-manifestaciones","tag-movimientos-obreros","tag-multitudinaria-marcha","tag-organizacion-de-los-trabajadores","tag-periodo-de-lucha-y-reivindicacion","tag-primer-lunes-de-septiembre","tag-primero-de-mayo","tag-revolucion-industrial","tag-revuelta-de-haymarket","tag-segunda-internacional-socialista","tag-siglo-xix","tag-sindicatos","tag-social"],"yoast_head":"<!-- This site is optimized with the Yoast SEO plugin v28.4 - https:\/\/yoast.com\/product\/yoast-seo-wordpress\/ -->\n<title>D\u00eda Internacional del Trabajo 2025: una jornada por el reconocimiento de los derechos de los trabajadores. - Blog de Rafael Ram\u00edrez<\/title>\n<meta name=\"description\" content=\"El 1 de mayo es una fecha importante para la historia laboral y social de muchos pa\u00edses del mundo. Se celebra el D\u00eda Internacional del Trabajo\" \/>\n<meta name=\"robots\" content=\"index, follow, max-snippet:-1, max-image-preview:large, max-video-preview:-1\" \/>\n<link rel=\"canonical\" href=\"https:\/\/rafaramirez.org\/blog\/index.php\/2025\/05\/01\/1-de-mayo-dia-internacional-del-trabajo-2\/\" \/>\n<meta property=\"og:locale\" content=\"es_ES\" \/>\n<meta property=\"og:type\" content=\"article\" \/>\n<meta property=\"og:title\" content=\"D\u00eda Internacional del Trabajo 2025: una jornada por el reconocimiento de los derechos de los trabajadores. - Blog de Rafael Ram\u00edrez\" \/>\n<meta property=\"og:description\" content=\"El 1 de mayo es una fecha importante para la historia laboral y social de muchos pa\u00edses del mundo. Se celebra el D\u00eda Internacional del Trabajo\" \/>\n<meta property=\"og:url\" content=\"https:\/\/rafaramirez.org\/blog\/index.php\/2025\/05\/01\/1-de-mayo-dia-internacional-del-trabajo-2\/\" \/>\n<meta property=\"og:site_name\" content=\"Blog de Rafael Ram\u00edrez\" \/>\n<meta property=\"article:published_time\" content=\"2025-05-01T06:15:52+00:00\" \/>\n<meta property=\"og:image\" content=\"https:\/\/rafaramirez.org\/blog\/wp-content\/uploads\/2025\/05\/Dia_Internacional_del_Trabajo_logblog.jpg\" \/>\n\t<meta property=\"og:image:width\" content=\"720\" \/>\n\t<meta property=\"og:image:height\" content=\"440\" \/>\n\t<meta property=\"og:image:type\" content=\"image\/jpeg\" \/>\n<meta name=\"author\" content=\"Rafael Ram\u00edrez\" \/>\n<meta name=\"twitter:card\" content=\"summary_large_image\" \/>\n<meta name=\"twitter:creator\" content=\"@rafaramirez_ok\" \/>\n<meta name=\"twitter:site\" content=\"@rafaramirez_ok\" \/>\n<meta name=\"twitter:label1\" content=\"Escrito por\" \/>\n\t<meta name=\"twitter:data1\" content=\"Rafael Ram\u00edrez\" \/>\n\t<meta name=\"twitter:label2\" content=\"Tiempo de lectura\" \/>\n\t<meta name=\"twitter:data2\" content=\"4 minutos\" \/>\n<script type=\"application\/ld+json\" class=\"yoast-schema-graph\">{\"@context\":\"https:\\\/\\\/schema.org\",\"@graph\":[{\"@type\":\"Article\",\"@id\":\"https:\\\/\\\/rafaramirez.org\\\/blog\\\/index.php\\\/2025\\\/05\\\/01\\\/1-de-mayo-dia-internacional-del-trabajo-2\\\/#article\",\"isPartOf\":{\"@id\":\"https:\\\/\\\/rafaramirez.org\\\/blog\\\/index.php\\\/2025\\\/05\\\/01\\\/1-de-mayo-dia-internacional-del-trabajo-2\\\/\"},\"author\":{\"name\":\"Rafael Ram\u00edrez\",\"@id\":\"https:\\\/\\\/rafaramirez.org\\\/blog\\\/#\\\/schema\\\/person\\\/50f43b6d60c578760d4c17bda54ab6a5\"},\"headline\":\"D\u00eda Internacional del Trabajo 2025: una jornada por el reconocimiento de los derechos de los trabajadores.\",\"datePublished\":\"2025-05-01T06:15:52+00:00\",\"mainEntityOfPage\":{\"@id\":\"https:\\\/\\\/rafaramirez.org\\\/blog\\\/index.php\\\/2025\\\/05\\\/01\\\/1-de-mayo-dia-internacional-del-trabajo-2\\\/\"},\"wordCount\":660,\"commentCount\":0,\"publisher\":{\"@id\":\"https:\\\/\\\/rafaramirez.org\\\/blog\\\/#\\\/schema\\\/person\\\/50f43b6d60c578760d4c17bda54ab6a5\"},\"image\":{\"@id\":\"https:\\\/\\\/rafaramirez.org\\\/blog\\\/index.php\\\/2025\\\/05\\\/01\\\/1-de-mayo-dia-internacional-del-trabajo-2\\\/#primaryimage\"},\"thumbnailUrl\":\"https:\\\/\\\/rafaramirez.org\\\/blog\\\/wp-content\\\/uploads\\\/2025\\\/05\\\/Dia_Internacional_del_Trabajo_logblog.jpg\",\"keywords\":[\"1 de mayo\",\"1886\",\"1889\",\"1894\",\"1978\",\"blog de Rafael Ram\u00edrez\",\"Canad\u00e1\",\"Chicago\",\"colectivos laborales\",\"condiciones laborales justas\",\"cuatro d\u00e9cadas\",\"derechos de los trabajadores\",\"D\u00eda del Trabajador\",\"D\u00eda Internacional del Trabajo\",\"EE. UU.\",\"efem\u00e9rides\",\"espa\u00f1a\",\"Estados Unidos\",\"Francisco Franco\",\"Grover Cleveland\",\"historia laboral\",\"jornada de trabajo limitada a\u00a0ocho horas\",\"Labor Day\",\"manifestaciones\",\"movimientos obreros\",\"multitudinaria marcha\",\"organizaci\u00f3n de los trabajadores\",\"per\u00edodo de lucha y reivindicaci\u00f3n\",\"primer lunes de septiembre\",\"primero de mayo\",\"Revoluci\u00f3n Industrial\",\"revuelta de Haymarket\",\"Segunda Internacional Socialista\",\"siglo XIX\",\"sindicatos\",\"social\"],\"articleSection\":[\"Efem\u00e9rides\",\"Informe social\"],\"inLanguage\":\"es\",\"potentialAction\":[{\"@type\":\"CommentAction\",\"name\":\"Comment\",\"target\":[\"https:\\\/\\\/rafaramirez.org\\\/blog\\\/index.php\\\/2025\\\/05\\\/01\\\/1-de-mayo-dia-internacional-del-trabajo-2\\\/#respond\"]}]},{\"@type\":\"WebPage\",\"@id\":\"https:\\\/\\\/rafaramirez.org\\\/blog\\\/index.php\\\/2025\\\/05\\\/01\\\/1-de-mayo-dia-internacional-del-trabajo-2\\\/\",\"url\":\"https:\\\/\\\/rafaramirez.org\\\/blog\\\/index.php\\\/2025\\\/05\\\/01\\\/1-de-mayo-dia-internacional-del-trabajo-2\\\/\",\"name\":\"D\u00eda Internacional del Trabajo 2025: una jornada por el reconocimiento de los derechos de los trabajadores. - Blog de Rafael Ram\u00edrez\",\"isPartOf\":{\"@id\":\"https:\\\/\\\/rafaramirez.org\\\/blog\\\/#website\"},\"primaryImageOfPage\":{\"@id\":\"https:\\\/\\\/rafaramirez.org\\\/blog\\\/index.php\\\/2025\\\/05\\\/01\\\/1-de-mayo-dia-internacional-del-trabajo-2\\\/#primaryimage\"},\"image\":{\"@id\":\"https:\\\/\\\/rafaramirez.org\\\/blog\\\/index.php\\\/2025\\\/05\\\/01\\\/1-de-mayo-dia-internacional-del-trabajo-2\\\/#primaryimage\"},\"thumbnailUrl\":\"https:\\\/\\\/rafaramirez.org\\\/blog\\\/wp-content\\\/uploads\\\/2025\\\/05\\\/Dia_Internacional_del_Trabajo_logblog.jpg\",\"datePublished\":\"2025-05-01T06:15:52+00:00\",\"description\":\"El 1 de mayo es una fecha importante para la historia laboral y social de muchos pa\u00edses del mundo. Se celebra el D\u00eda Internacional del Trabajo\",\"breadcrumb\":{\"@id\":\"https:\\\/\\\/rafaramirez.org\\\/blog\\\/index.php\\\/2025\\\/05\\\/01\\\/1-de-mayo-dia-internacional-del-trabajo-2\\\/#breadcrumb\"},\"inLanguage\":\"es\",\"potentialAction\":[{\"@type\":\"ReadAction\",\"target\":[\"https:\\\/\\\/rafaramirez.org\\\/blog\\\/index.php\\\/2025\\\/05\\\/01\\\/1-de-mayo-dia-internacional-del-trabajo-2\\\/\"]}]},{\"@type\":\"ImageObject\",\"inLanguage\":\"es\",\"@id\":\"https:\\\/\\\/rafaramirez.org\\\/blog\\\/index.php\\\/2025\\\/05\\\/01\\\/1-de-mayo-dia-internacional-del-trabajo-2\\\/#primaryimage\",\"url\":\"https:\\\/\\\/rafaramirez.org\\\/blog\\\/wp-content\\\/uploads\\\/2025\\\/05\\\/Dia_Internacional_del_Trabajo_logblog.jpg\",\"contentUrl\":\"https:\\\/\\\/rafaramirez.org\\\/blog\\\/wp-content\\\/uploads\\\/2025\\\/05\\\/Dia_Internacional_del_Trabajo_logblog.jpg\",\"width\":720,\"height\":440,\"caption\":\"D\u00eda Internacional del Trabajo 2025. Blog de Rafael Ram\u00edrez.\"},{\"@type\":\"BreadcrumbList\",\"@id\":\"https:\\\/\\\/rafaramirez.org\\\/blog\\\/index.php\\\/2025\\\/05\\\/01\\\/1-de-mayo-dia-internacional-del-trabajo-2\\\/#breadcrumb\",\"itemListElement\":[{\"@type\":\"ListItem\",\"position\":1,\"name\":\"Portada\",\"item\":\"https:\\\/\\\/rafaramirez.org\\\/blog\\\/\"},{\"@type\":\"ListItem\",\"position\":2,\"name\":\"D\u00eda Internacional del Trabajo 2025: una jornada por el reconocimiento de los derechos de los trabajadores.\"}]},{\"@type\":\"WebSite\",\"@id\":\"https:\\\/\\\/rafaramirez.org\\\/blog\\\/#website\",\"url\":\"https:\\\/\\\/rafaramirez.org\\\/blog\\\/\",\"name\":\"Blog de Rafael Ram\u00edrez\",\"description\":\"Un sitio social, de arte y cultura\",\"publisher\":{\"@id\":\"https:\\\/\\\/rafaramirez.org\\\/blog\\\/#\\\/schema\\\/person\\\/50f43b6d60c578760d4c17bda54ab6a5\"},\"potentialAction\":[{\"@type\":\"SearchAction\",\"target\":{\"@type\":\"EntryPoint\",\"urlTemplate\":\"https:\\\/\\\/rafaramirez.org\\\/blog\\\/?s={search_term_string}\"},\"query-input\":{\"@type\":\"PropertyValueSpecification\",\"valueRequired\":true,\"valueName\":\"search_term_string\"}}],\"inLanguage\":\"es\"},{\"@type\":[\"Person\",\"Organization\"],\"@id\":\"https:\\\/\\\/rafaramirez.org\\\/blog\\\/#\\\/schema\\\/person\\\/50f43b6d60c578760d4c17bda54ab6a5\",\"name\":\"Rafael Ram\u00edrez\",\"image\":{\"@type\":\"ImageObject\",\"inLanguage\":\"es\",\"@id\":\"https:\\\/\\\/rafaramirez.org\\\/blog\\\/wp-content\\\/uploads\\\/2024\\\/09\\\/RR_socialnetwork.jpg\",\"url\":\"https:\\\/\\\/rafaramirez.org\\\/blog\\\/wp-content\\\/uploads\\\/2024\\\/09\\\/RR_socialnetwork.jpg\",\"contentUrl\":\"https:\\\/\\\/rafaramirez.org\\\/blog\\\/wp-content\\\/uploads\\\/2024\\\/09\\\/RR_socialnetwork.jpg\",\"width\":600,\"height\":606,\"caption\":\"Rafael Ram\u00edrez\"},\"logo\":{\"@id\":\"https:\\\/\\\/rafaramirez.org\\\/blog\\\/wp-content\\\/uploads\\\/2024\\\/09\\\/RR_socialnetwork.jpg\"},\"sameAs\":[\"https:\\\/\\\/www.rafaramirez.org\\\/blog\",\"https:\\\/\\\/www.instagram.com\\\/rafaramirez_ok\\\/\",\"https:\\\/\\\/es.pinterest.com\\\/Ramirez_Rafa\\\/\",\"https:\\\/\\\/x.com\\\/rafaramirez_ok\"],\"url\":\"https:\\\/\\\/rafaramirez.org\\\/blog\\\/index.php\\\/author\\\/rafaell_qm6j97da\\\/\"}]}<\/script>\n<!-- \/ Yoast SEO plugin. -->","yoast_head_json":{"title":"D\u00eda Internacional del Trabajo 2025: una jornada por el reconocimiento de los derechos de los trabajadores. - Blog de Rafael Ram\u00edrez","description":"El 1 de mayo es una fecha importante para la historia laboral y social de muchos pa\u00edses del mundo. Se celebra el D\u00eda Internacional del Trabajo","robots":{"index":"index","follow":"follow","max-snippet":"max-snippet:-1","max-image-preview":"max-image-preview:large","max-video-preview":"max-video-preview:-1"},"canonical":"https:\/\/rafaramirez.org\/blog\/index.php\/2025\/05\/01\/1-de-mayo-dia-internacional-del-trabajo-2\/","og_locale":"es_ES","og_type":"article","og_title":"D\u00eda Internacional del Trabajo 2025: una jornada por el reconocimiento de los derechos de los trabajadores. - Blog de Rafael Ram\u00edrez","og_description":"El 1 de mayo es una fecha importante para la historia laboral y social de muchos pa\u00edses del mundo. Se celebra el D\u00eda Internacional del Trabajo","og_url":"https:\/\/rafaramirez.org\/blog\/index.php\/2025\/05\/01\/1-de-mayo-dia-internacional-del-trabajo-2\/","og_site_name":"Blog de Rafael Ram\u00edrez","article_published_time":"2025-05-01T06:15:52+00:00","og_image":[{"width":720,"height":440,"url":"https:\/\/rafaramirez.org\/blog\/wp-content\/uploads\/2025\/05\/Dia_Internacional_del_Trabajo_logblog.jpg","type":"image\/jpeg"}],"author":"Rafael Ram\u00edrez","twitter_card":"summary_large_image","twitter_creator":"@rafaramirez_ok","twitter_site":"@rafaramirez_ok","twitter_misc":{"Escrito por":"Rafael Ram\u00edrez","Tiempo de lectura":"4 minutos"},"schema":{"@context":"https:\/\/schema.org","@graph":[{"@type":"Article","@id":"https:\/\/rafaramirez.org\/blog\/index.php\/2025\/05\/01\/1-de-mayo-dia-internacional-del-trabajo-2\/#article","isPartOf":{"@id":"https:\/\/rafaramirez.org\/blog\/index.php\/2025\/05\/01\/1-de-mayo-dia-internacional-del-trabajo-2\/"},"author":{"name":"Rafael Ram\u00edrez","@id":"https:\/\/rafaramirez.org\/blog\/#\/schema\/person\/50f43b6d60c578760d4c17bda54ab6a5"},"headline":"D\u00eda Internacional del Trabajo 2025: una jornada por el reconocimiento de los derechos de los trabajadores.","datePublished":"2025-05-01T06:15:52+00:00","mainEntityOfPage":{"@id":"https:\/\/rafaramirez.org\/blog\/index.php\/2025\/05\/01\/1-de-mayo-dia-internacional-del-trabajo-2\/"},"wordCount":660,"commentCount":0,"publisher":{"@id":"https:\/\/rafaramirez.org\/blog\/#\/schema\/person\/50f43b6d60c578760d4c17bda54ab6a5"},"image":{"@id":"https:\/\/rafaramirez.org\/blog\/index.php\/2025\/05\/01\/1-de-mayo-dia-internacional-del-trabajo-2\/#primaryimage"},"thumbnailUrl":"https:\/\/rafaramirez.org\/blog\/wp-content\/uploads\/2025\/05\/Dia_Internacional_del_Trabajo_logblog.jpg","keywords":["1 de mayo","1886","1889","1894","1978","blog de Rafael Ram\u00edrez","Canad\u00e1","Chicago","colectivos laborales","condiciones laborales justas","cuatro d\u00e9cadas","derechos de los trabajadores","D\u00eda del Trabajador","D\u00eda Internacional del Trabajo","EE. UU.","efem\u00e9rides","espa\u00f1a","Estados Unidos","Francisco Franco","Grover Cleveland","historia laboral","jornada de trabajo limitada a\u00a0ocho horas","Labor Day","manifestaciones","movimientos obreros","multitudinaria marcha","organizaci\u00f3n de los trabajadores","per\u00edodo de lucha y reivindicaci\u00f3n","primer lunes de septiembre","primero de mayo","Revoluci\u00f3n Industrial","revuelta de Haymarket","Segunda Internacional Socialista","siglo XIX","sindicatos","social"],"articleSection":["Efem\u00e9rides","Informe social"],"inLanguage":"es","potentialAction":[{"@type":"CommentAction","name":"Comment","target":["https:\/\/rafaramirez.org\/blog\/index.php\/2025\/05\/01\/1-de-mayo-dia-internacional-del-trabajo-2\/#respond"]}]},{"@type":"WebPage","@id":"https:\/\/rafaramirez.org\/blog\/index.php\/2025\/05\/01\/1-de-mayo-dia-internacional-del-trabajo-2\/","url":"https:\/\/rafaramirez.org\/blog\/index.php\/2025\/05\/01\/1-de-mayo-dia-internacional-del-trabajo-2\/","name":"D\u00eda Internacional del Trabajo 2025: una jornada por el reconocimiento de los derechos de los trabajadores. - Blog de Rafael Ram\u00edrez","isPartOf":{"@id":"https:\/\/rafaramirez.org\/blog\/#website"},"primaryImageOfPage":{"@id":"https:\/\/rafaramirez.org\/blog\/index.php\/2025\/05\/01\/1-de-mayo-dia-internacional-del-trabajo-2\/#primaryimage"},"image":{"@id":"https:\/\/rafaramirez.org\/blog\/index.php\/2025\/05\/01\/1-de-mayo-dia-internacional-del-trabajo-2\/#primaryimage"},"thumbnailUrl":"https:\/\/rafaramirez.org\/blog\/wp-content\/uploads\/2025\/05\/Dia_Internacional_del_Trabajo_logblog.jpg","datePublished":"2025-05-01T06:15:52+00:00","description":"El 1 de mayo es una fecha importante para la historia laboral y social de muchos pa\u00edses del mundo. Se celebra el D\u00eda Internacional del Trabajo","breadcrumb":{"@id":"https:\/\/rafaramirez.org\/blog\/index.php\/2025\/05\/01\/1-de-mayo-dia-internacional-del-trabajo-2\/#breadcrumb"},"inLanguage":"es","potentialAction":[{"@type":"ReadAction","target":["https:\/\/rafaramirez.org\/blog\/index.php\/2025\/05\/01\/1-de-mayo-dia-internacional-del-trabajo-2\/"]}]},{"@type":"ImageObject","inLanguage":"es","@id":"https:\/\/rafaramirez.org\/blog\/index.php\/2025\/05\/01\/1-de-mayo-dia-internacional-del-trabajo-2\/#primaryimage","url":"https:\/\/rafaramirez.org\/blog\/wp-content\/uploads\/2025\/05\/Dia_Internacional_del_Trabajo_logblog.jpg","contentUrl":"https:\/\/rafaramirez.org\/blog\/wp-content\/uploads\/2025\/05\/Dia_Internacional_del_Trabajo_logblog.jpg","width":720,"height":440,"caption":"D\u00eda Internacional del Trabajo 2025. Blog de Rafael Ram\u00edrez."},{"@type":"BreadcrumbList","@id":"https:\/\/rafaramirez.org\/blog\/index.php\/2025\/05\/01\/1-de-mayo-dia-internacional-del-trabajo-2\/#breadcrumb","itemListElement":[{"@type":"ListItem","position":1,"name":"Portada","item":"https:\/\/rafaramirez.org\/blog\/"},{"@type":"ListItem","position":2,"name":"D\u00eda Internacional del Trabajo 2025: una jornada por el reconocimiento de los derechos de los trabajadores."}]},{"@type":"WebSite","@id":"https:\/\/rafaramirez.org\/blog\/#website","url":"https:\/\/rafaramirez.org\/blog\/","name":"Blog de Rafael Ram\u00edrez","description":"Un sitio social, de arte y cultura","publisher":{"@id":"https:\/\/rafaramirez.org\/blog\/#\/schema\/person\/50f43b6d60c578760d4c17bda54ab6a5"},"potentialAction":[{"@type":"SearchAction","target":{"@type":"EntryPoint","urlTemplate":"https:\/\/rafaramirez.org\/blog\/?s={search_term_string}"},"query-input":{"@type":"PropertyValueSpecification","valueRequired":true,"valueName":"search_term_string"}}],"inLanguage":"es"},{"@type":["Person","Organization"],"@id":"https:\/\/rafaramirez.org\/blog\/#\/schema\/person\/50f43b6d60c578760d4c17bda54ab6a5","name":"Rafael Ram\u00edrez","image":{"@type":"ImageObject","inLanguage":"es","@id":"https:\/\/rafaramirez.org\/blog\/wp-content\/uploads\/2024\/09\/RR_socialnetwork.jpg","url":"https:\/\/rafaramirez.org\/blog\/wp-content\/uploads\/2024\/09\/RR_socialnetwork.jpg","contentUrl":"https:\/\/rafaramirez.org\/blog\/wp-content\/uploads\/2024\/09\/RR_socialnetwork.jpg","width":600,"height":606,"caption":"Rafael Ram\u00edrez"},"logo":{"@id":"https:\/\/rafaramirez.org\/blog\/wp-content\/uploads\/2024\/09\/RR_socialnetwork.jpg"},"sameAs":["https:\/\/www.rafaramirez.org\/blog","https:\/\/www.instagram.com\/rafaramirez_ok\/","https:\/\/es.pinterest.com\/Ramirez_Rafa\/","https:\/\/x.com\/rafaramirez_ok"],"url":"https:\/\/rafaramirez.org\/blog\/index.php\/author\/rafaell_qm6j97da\/"}]}},"jetpack_publicize_connections":[],"jetpack_sharing_enabled":true,"jetpack_likes_enabled":true,"jetpack_featured_media_url":"https:\/\/rafaramirez.org\/blog\/wp-content\/uploads\/2025\/05\/Dia_Internacional_del_Trabajo_logblog.jpg","_links":{"self":[{"href":"https:\/\/rafaramirez.org\/blog\/index.php\/wp-json\/wp\/v2\/posts\/8991","targetHints":{"allow":["GET"]}}],"collection":[{"href":"https:\/\/rafaramirez.org\/blog\/index.php\/wp-json\/wp\/v2\/posts"}],"about":[{"href":"https:\/\/rafaramirez.org\/blog\/index.php\/wp-json\/wp\/v2\/types\/post"}],"author":[{"embeddable":true,"href":"https:\/\/rafaramirez.org\/blog\/index.php\/wp-json\/wp\/v2\/users\/1"}],"replies":[{"embeddable":true,"href":"https:\/\/rafaramirez.org\/blog\/index.php\/wp-json\/wp\/v2\/comments?post=8991"}],"version-history":[{"count":3,"href":"https:\/\/rafaramirez.org\/blog\/index.php\/wp-json\/wp\/v2\/posts\/8991\/revisions"}],"predecessor-version":[{"id":8995,"href":"https:\/\/rafaramirez.org\/blog\/index.php\/wp-json\/wp\/v2\/posts\/8991\/revisions\/8995"}],"wp:featuredmedia":[{"embeddable":true,"href":"https:\/\/rafaramirez.org\/blog\/index.php\/wp-json\/wp\/v2\/media\/8993"}],"wp:attachment":[{"href":"https:\/\/rafaramirez.org\/blog\/index.php\/wp-json\/wp\/v2\/media?parent=8991"}],"wp:term":[{"taxonomy":"category","embeddable":true,"href":"https:\/\/rafaramirez.org\/blog\/index.php\/wp-json\/wp\/v2\/categories?post=8991"},{"taxonomy":"post_tag","embeddable":true,"href":"https:\/\/rafaramirez.org\/blog\/index.php\/wp-json\/wp\/v2\/tags?post=8991"}],"curies":[{"name":"wp","href":"https:\/\/api.w.org\/{rel}","templated":true}]}}