{"id":8976,"date":"2025-04-30T08:15:51","date_gmt":"2025-04-30T06:15:51","guid":{"rendered":"https:\/\/rafaramirez.org\/blog\/?p=8976"},"modified":"2025-04-10T14:19:39","modified_gmt":"2025-04-10T12:19:39","slug":"dia-internacional-del-jazz-2025","status":"publish","type":"post","link":"https:\/\/rafaramirez.org\/blog\/index.php\/2025\/04\/30\/dia-internacional-del-jazz-2025\/","title":{"rendered":"D\u00eda Internacional del Jazz 2025: paz y diversidad a trav\u00e9s de los acordes y ritmos del jazz."},"content":{"rendered":"<p>El <strong>D\u00eda Internacional del Jazz<\/strong> se celebra anualmente el 30 de abril desde 2012, fecha establecida por la <strong>UNESCO<\/strong> en noviembre de 2011. Esta jornada busca sensibilizar al p\u00fablico general sobre las virtudes del jazz como herramienta educativa y motor para la paz, la unidad, el di\u00e1logo y la cooperaci\u00f3n entre pueblos.<\/p>\n<p>En 2025, el D\u00eda Internacional del Jazz se celebrar\u00e1 en m\u00e1s de 190 pa\u00edses. Este a\u00f1o, la ciudad anfitriona global ser\u00e1 <strong>Abu Dabi<\/strong>, reconocida como <strong>Ciudad Creativa de la M\u00fasica por la Unesco<\/strong>. La celebraci\u00f3n incluir\u00e1 conciertos, programas educativos y eventos comunitarios que destacar\u00e1n el impacto del jazz como fuerza unificadora y promotora del di\u00e1logo y la paz.<\/p>\n<p>Uno de los eventos principales ser\u00e1 el <strong>Concierto Global All-Star<\/strong>, dirigido por el pianista <strong>Herbie Hancock<\/strong> y presentado por el actor <strong>Jeremy Irons<\/strong>. En este concierto participar\u00e1n artistas de renombre mundial como Dee Dee Bridgewater, Arturo Sandoval y Marcus Miller. Adem\u00e1s, se realizar\u00e1n actividades en instituciones culturales como el Louvre Abu Dabi y Berklee Abu Dabi.<\/p>\n<p>En Espa\u00f1a, ciudades como Barcelona tambi\u00e9n celebrar\u00e1n este d\u00eda con conciertos populares y actividades culturales. Por ejemplo, el Passeig de Gr\u00e0cia acoger\u00e1 actuaciones de artistas locales e internacionales, como Andrea Motis y Cucurucho Vald\u00e9s, en un evento abierto al p\u00fablico.<\/p>\n<h3>Detr\u00e1s del D\u00eda Internacional del Jazz.<\/h3>\n<ul>\n<li><strong>Origen y proclamaci\u00f3n<\/strong>:\n<ul>\n<li>La Organizaci\u00f3n de las Naciones Unidas para la Educaci\u00f3n, la Ciencia y la Cultura (UNESCO) proclam\u00f3 esta fecha con el objetivo de destacar el jazz y su papel diplom\u00e1tico en la uni\u00f3n de las personas en todo el mundo.<\/li>\n<li>El pianista de jazz\u00a0Herbie Hancock, Embajador de la UNESCO para el Di\u00e1logo Intercultural, lidera esta iniciativa junto con el\u00a0<strong>Herbie Hancock Institute of Jazz<\/strong>.<\/li>\n<\/ul>\n<\/li>\n<li><strong>Celebraci\u00f3n y Eventos<\/strong>:\n<ul>\n<li>Este d\u00eda se celebra anualmente el\u00a030 de abril, coincidiendo con el final del\u00a0<strong>Mes de Apreciaci\u00f3n del Jazz<\/strong>.<\/li>\n<li>La primera celebraci\u00f3n tuvo lugar en\u00a02012, con eventos en\u00a0Nueva York\u00a0y\u00a0Par\u00eds, junto con otras\u00a0100 ciudades de todo el mundo.<\/li>\n<li>Desde entonces, se ha convertido en la\u00a0mayor celebraci\u00f3n anual del jazz, uniendo a personas de todos los continentes a trav\u00e9s de actuaciones, programas educativos y actividades de divulgaci\u00f3n.<a href=\"https:\/\/rafaramirez.org\/blog\/wp-content\/uploads\/2024\/04\/performance-3202707.jpg\" target=\"_blank\" rel=\"noopener\"><img loading=\"lazy\" decoding=\"async\" class=\"aligncenter wp-image-4296 size-medium\" src=\"https:\/\/rafaramirez.org\/blog\/wp-content\/uploads\/2024\/04\/performance-3202707-300x200.jpg\" alt=\"D\u00eda Internacional del Jazz. Blog de Rafael Ram\u00edrez.\" width=\"300\" height=\"200\" srcset=\"https:\/\/rafaramirez.org\/blog\/wp-content\/uploads\/2024\/04\/performance-3202707-300x200.jpg 300w, https:\/\/rafaramirez.org\/blog\/wp-content\/uploads\/2024\/04\/performance-3202707-768x512.jpg 768w, https:\/\/rafaramirez.org\/blog\/wp-content\/uploads\/2024\/04\/performance-3202707.jpg 1000w\" sizes=\"auto, (max-width: 300px) 100vw, 300px\" \/><\/a><\/li>\n<\/ul>\n<\/li>\n<li><strong>Concierto Mundial de Estrellas<\/strong>:\n<ul>\n<li>En 2023, se ofrecieron actuaciones simult\u00e1neas en 12 ciudades, incluyendo Pek\u00edn, Beirut y Nueva York, lo que evidencia la dimensi\u00f3n global de esta celebraci\u00f3n.<\/li>\n<li>El\u00a0<strong>Concierto Mundial de Estrellas <\/strong>(<em>Global All-Star<\/em>) re\u00fane a int\u00e9rpretes de todo el mundo.<\/li>\n<li>El Concierto Global All-Star del D\u00eda Internacional del Jazz 2025 se transmitir\u00e1 en vivo por varias plataformas digitales y canales de televisi\u00f3n. Puedes consultar el sitio web oficial de la UNESCO o el del Herbie Hancock Institute of Jazz para obtener detalles espec\u00edficos sobre c\u00f3mo acceder a la retransmisi\u00f3n. Tambi\u00e9n es posible que se transmita en plataformas como YouTube o redes sociales, dependiendo de los acuerdos de transmisi\u00f3n.<\/li>\n<\/ul>\n<\/li>\n<li><strong>Educaci\u00f3n y unidad<\/strong>:\n<ul>\n<li>El D\u00eda Internacional del Jazz tiene como objetivo concienciar sobre las virtudes del jazz como motor para la paz, la unidad, el di\u00e1logo y una mayor cooperaci\u00f3n entre los pueblos.<\/li>\n<li>Se promueve su uso como herramienta educativa y su contribuci\u00f3n a la construcci\u00f3n de sociedades m\u00e1s integradoras.<\/li>\n<\/ul>\n<\/li>\n<\/ul>\n<p>En resumen, el D\u00eda Internacional del Jazz es importante porque celebra el jazz como una fuerza que promueve la paz, la diversidad y el di\u00e1logo cultural. Adem\u00e1s, resalta su impacto en unir a personas de todo el mundo y su papel a lo largo de la historia como s\u00edmbolo de libertad y creatividad. \ud83c\udfb7\u2728<\/p>\n<p>M\u00e1s informaci\u00f3n:<\/p>\n<ul>\n<li><a href=\"https:\/\/www.europapress.es\/comunicados\/internacional-00907\/noticia-comunicado-celebracion-mundial-dia-internacional-jazz-2025-culmina-abu-dabi-20250327214352.html\" target=\"_blank\" rel=\"noopener\">Europa Press<\/a>.<\/li>\n<li><a href=\"https:\/\/www.unesco.org\/es\/articles\/la-celebracion-mundial-del-dia-internacional-del-jazz-2025-culmina-en-abu-dabi\" target=\"_blank\" rel=\"noopener\">UNESCO<\/a>.<\/li>\n<li><a href=\"https:\/\/es.wikipedia.org\/wiki\/D%C3%ADa_Internacional_del_Jazz\" target=\"_blank\" rel=\"noopener\">Wikipedia.<\/a><\/li>\n<\/ul>\n","protected":false},"excerpt":{"rendered":"<p>El D\u00eda Internacional del Jazz se celebra anualmente el 30 de abril desde 2012, fecha establecida por la UNESCO en noviembre de 2011. Esta jornada busca sensibilizar al p\u00fablico general sobre las virtudes del jazz como herramienta educativa y motor para la paz, la unidad, el di\u00e1logo y la cooperaci\u00f3n entre pueblos. En 2025, el [&hellip;]<\/p>\n","protected":false},"author":1,"featured_media":8978,"comment_status":"open","ping_status":"closed","sticky":false,"template":"","format":"standard","meta":{"site-container-style":"default","site-container-layout":"default","site-sidebar-layout":"default","disable-article-header":"default","disable-site-header":"default","disable-site-footer":"default","disable-content-area-spacing":"default","_jetpack_newsletter_access":"","_jetpack_dont_email_post_to_subs":false,"_jetpack_newsletter_tier_id":0,"_jetpack_memberships_contains_paywalled_content":false,"_jetpack_feature_clip_id":0,"_jetpack_memberships_contains_paid_content":false,"footnotes":"","jetpack_publicize_message":"","jetpack_publicize_feature_enabled":true,"jetpack_social_post_already_shared":true,"jetpack_social_options":{"image_generator_settings":{"template":"highway","default_image_id":0,"font":"","enabled":false},"version":2},"jetpack_post_was_ever_published":false},"categories":[1291,709],"tags":[4216,1844,1871,1861,68,1866,1862,1854,1870,1865,1846,1843,1863,1323,1853,1857,1850,1872,1852,1864,1856,1859,1868,1858,1851,1847,1326,351,1860,1845,1848,1869,1867,1855,1649,1849],"class_list":["post-8976","post","type-post","status-publish","format-standard","has-post-thumbnail","hentry","category-efemerides","category-musica","tag-4216","tag-30-de-abril","tag-antonio-sanchez","tag-beirut","tag-blog-de-rafael-ramirez","tag-christian-mcbride","tag-concierto-mundial-de-estrellas","tag-cooperacion-entre-pueblos","tag-cyrille-aimee","tag-dee-dee-bridgewater","tag-desde-2012","tag-dia-internacional-del-jazz","tag-dianne-reeves","tag-efemerides","tag-el-dialogo","tag-herbie-hancock-institute-of-jazz","tag-herramienta-educativa","tag-john-beasley","tag-la-unidad","tag-marcus-miller","tag-marruecos","tag-mayor-celebracion-anual-del-jazz","tag-melody-gardot","tag-mes-de-apreciacion-del-jazz","tag-motor-para-la-paz","tag-noviembre-de-2011","tag-nueva-york","tag-paris","tag-pekin","tag-promoviendo-la-paz-y-la-diversidad","tag-sensibilizar-al-publico-general","tag-sergio-mendes","tag-somi","tag-tanger","tag-unesco","tag-virtudes-del-jazz"],"yoast_head":"<!-- This site is optimized with the Yoast SEO plugin v28.4 - https:\/\/yoast.com\/product\/yoast-seo-wordpress\/ -->\n<title>D\u00eda Internacional del Jazz 2025: paz y diversidad a trav\u00e9s de los acordes y ritmos del jazz. - Blog de Rafael Ram\u00edrez<\/title>\n<meta name=\"description\" content=\"El D\u00eda Internacional del Jazz se celebra anualmente el 30 de abril desde 2012, fecha establecida por la UNESCO. En 2025, se celebrar\u00e1 en m\u00e1s\" \/>\n<meta name=\"robots\" content=\"index, follow, max-snippet:-1, max-image-preview:large, max-video-preview:-1\" \/>\n<link rel=\"canonical\" href=\"https:\/\/rafaramirez.org\/blog\/index.php\/2025\/04\/30\/dia-internacional-del-jazz-2025\/\" \/>\n<meta property=\"og:locale\" content=\"es_ES\" \/>\n<meta property=\"og:type\" content=\"article\" \/>\n<meta property=\"og:title\" content=\"D\u00eda Internacional del Jazz 2025: paz y diversidad a trav\u00e9s de los acordes y ritmos del jazz. - Blog de Rafael Ram\u00edrez\" \/>\n<meta property=\"og:description\" content=\"El D\u00eda Internacional del Jazz se celebra anualmente el 30 de abril desde 2012, fecha establecida por la UNESCO. En 2025, se celebrar\u00e1 en m\u00e1s\" \/>\n<meta property=\"og:url\" content=\"https:\/\/rafaramirez.org\/blog\/index.php\/2025\/04\/30\/dia-internacional-del-jazz-2025\/\" \/>\n<meta property=\"og:site_name\" content=\"Blog de Rafael Ram\u00edrez\" \/>\n<meta property=\"article:published_time\" content=\"2025-04-30T06:15:51+00:00\" \/>\n<meta property=\"og:image\" content=\"https:\/\/rafaramirez.org\/blog\/wp-content\/uploads\/2025\/04\/Dia_Internacional_del_Jazz_banner.jpg\" \/>\n\t<meta property=\"og:image:width\" content=\"720\" \/>\n\t<meta property=\"og:image:height\" content=\"440\" \/>\n\t<meta property=\"og:image:type\" content=\"image\/jpeg\" \/>\n<meta name=\"author\" content=\"Rafael Ram\u00edrez\" \/>\n<meta name=\"twitter:card\" content=\"summary_large_image\" \/>\n<meta name=\"twitter:creator\" content=\"@rafaramirez_ok\" \/>\n<meta name=\"twitter:site\" content=\"@rafaramirez_ok\" \/>\n<meta name=\"twitter:label1\" content=\"Escrito por\" \/>\n\t<meta name=\"twitter:data1\" content=\"Rafael Ram\u00edrez\" \/>\n\t<meta name=\"twitter:label2\" content=\"Tiempo de lectura\" \/>\n\t<meta name=\"twitter:data2\" content=\"4 minutos\" \/>\n<script type=\"application\/ld+json\" class=\"yoast-schema-graph\">{\"@context\":\"https:\\\/\\\/schema.org\",\"@graph\":[{\"@type\":\"Article\",\"@id\":\"https:\\\/\\\/rafaramirez.org\\\/blog\\\/index.php\\\/2025\\\/04\\\/30\\\/dia-internacional-del-jazz-2025\\\/#article\",\"isPartOf\":{\"@id\":\"https:\\\/\\\/rafaramirez.org\\\/blog\\\/index.php\\\/2025\\\/04\\\/30\\\/dia-internacional-del-jazz-2025\\\/\"},\"author\":{\"name\":\"Rafael Ram\u00edrez\",\"@id\":\"https:\\\/\\\/rafaramirez.org\\\/blog\\\/#\\\/schema\\\/person\\\/50f43b6d60c578760d4c17bda54ab6a5\"},\"headline\":\"D\u00eda Internacional del Jazz 2025: paz y diversidad a trav\u00e9s de los acordes y ritmos del jazz.\",\"datePublished\":\"2025-04-30T06:15:51+00:00\",\"mainEntityOfPage\":{\"@id\":\"https:\\\/\\\/rafaramirez.org\\\/blog\\\/index.php\\\/2025\\\/04\\\/30\\\/dia-internacional-del-jazz-2025\\\/\"},\"wordCount\":643,\"commentCount\":0,\"publisher\":{\"@id\":\"https:\\\/\\\/rafaramirez.org\\\/blog\\\/#\\\/schema\\\/person\\\/50f43b6d60c578760d4c17bda54ab6a5\"},\"image\":{\"@id\":\"https:\\\/\\\/rafaramirez.org\\\/blog\\\/index.php\\\/2025\\\/04\\\/30\\\/dia-internacional-del-jazz-2025\\\/#primaryimage\"},\"thumbnailUrl\":\"https:\\\/\\\/rafaramirez.org\\\/blog\\\/wp-content\\\/uploads\\\/2025\\\/04\\\/Dia_Internacional_del_Jazz_banner.jpg\",\"keywords\":[\"2025\",\"30 de abril\",\"Antonio S\u00e1nchez\",\"Beirut\",\"blog de Rafael Ram\u00edrez\",\"Christian McBride\",\"Concierto Mundial de Estrellas\",\"cooperaci\u00f3n entre pueblos\",\"Cyrille Aim\u00e9e\",\"Dee Dee Bridgewater\",\"desde\u00a02012\",\"D\u00eda Internacional del Jazz\",\"Dianne Reeves\",\"efem\u00e9rides\",\"el di\u00e1logo\",\"Herbie Hancock Institute of Jazz\",\"herramienta educativa\",\"John Beasley\",\"la unidad\",\"Marcus Miller\",\"Marruecos\",\"mayor celebraci\u00f3n anual del jazz\",\"Melody Gardot\",\"Mes de Apreciaci\u00f3n del Jazz\",\"motor para la paz\",\"noviembre de 2011\",\"Nueva York\",\"Paris\",\"Pek\u00edn\",\"promoviendo la paz y la diversidad\",\"sensibilizar al p\u00fablico general\",\"S\u00e9rgio Mendes\",\"Somi\",\"T\u00e1nger\",\"UNESCO\",\"virtudes del jazz\"],\"articleSection\":[\"Efem\u00e9rides\",\"M\u00fasica\"],\"inLanguage\":\"es\",\"potentialAction\":[{\"@type\":\"CommentAction\",\"name\":\"Comment\",\"target\":[\"https:\\\/\\\/rafaramirez.org\\\/blog\\\/index.php\\\/2025\\\/04\\\/30\\\/dia-internacional-del-jazz-2025\\\/#respond\"]}]},{\"@type\":\"WebPage\",\"@id\":\"https:\\\/\\\/rafaramirez.org\\\/blog\\\/index.php\\\/2025\\\/04\\\/30\\\/dia-internacional-del-jazz-2025\\\/\",\"url\":\"https:\\\/\\\/rafaramirez.org\\\/blog\\\/index.php\\\/2025\\\/04\\\/30\\\/dia-internacional-del-jazz-2025\\\/\",\"name\":\"D\u00eda Internacional del Jazz 2025: paz y diversidad a trav\u00e9s de los acordes y ritmos del jazz. - Blog de Rafael Ram\u00edrez\",\"isPartOf\":{\"@id\":\"https:\\\/\\\/rafaramirez.org\\\/blog\\\/#website\"},\"primaryImageOfPage\":{\"@id\":\"https:\\\/\\\/rafaramirez.org\\\/blog\\\/index.php\\\/2025\\\/04\\\/30\\\/dia-internacional-del-jazz-2025\\\/#primaryimage\"},\"image\":{\"@id\":\"https:\\\/\\\/rafaramirez.org\\\/blog\\\/index.php\\\/2025\\\/04\\\/30\\\/dia-internacional-del-jazz-2025\\\/#primaryimage\"},\"thumbnailUrl\":\"https:\\\/\\\/rafaramirez.org\\\/blog\\\/wp-content\\\/uploads\\\/2025\\\/04\\\/Dia_Internacional_del_Jazz_banner.jpg\",\"datePublished\":\"2025-04-30T06:15:51+00:00\",\"description\":\"El D\u00eda Internacional del Jazz se celebra anualmente el 30 de abril desde 2012, fecha establecida por la UNESCO. En 2025, se celebrar\u00e1 en m\u00e1s\",\"breadcrumb\":{\"@id\":\"https:\\\/\\\/rafaramirez.org\\\/blog\\\/index.php\\\/2025\\\/04\\\/30\\\/dia-internacional-del-jazz-2025\\\/#breadcrumb\"},\"inLanguage\":\"es\",\"potentialAction\":[{\"@type\":\"ReadAction\",\"target\":[\"https:\\\/\\\/rafaramirez.org\\\/blog\\\/index.php\\\/2025\\\/04\\\/30\\\/dia-internacional-del-jazz-2025\\\/\"]}]},{\"@type\":\"ImageObject\",\"inLanguage\":\"es\",\"@id\":\"https:\\\/\\\/rafaramirez.org\\\/blog\\\/index.php\\\/2025\\\/04\\\/30\\\/dia-internacional-del-jazz-2025\\\/#primaryimage\",\"url\":\"https:\\\/\\\/rafaramirez.org\\\/blog\\\/wp-content\\\/uploads\\\/2025\\\/04\\\/Dia_Internacional_del_Jazz_banner.jpg\",\"contentUrl\":\"https:\\\/\\\/rafaramirez.org\\\/blog\\\/wp-content\\\/uploads\\\/2025\\\/04\\\/Dia_Internacional_del_Jazz_banner.jpg\",\"width\":720,\"height\":440,\"caption\":\"D\u00eda Internacional del Jazz. 30 de abril. Efem\u00e9rides. Blog de Rafael Ram\u00edrez.\"},{\"@type\":\"BreadcrumbList\",\"@id\":\"https:\\\/\\\/rafaramirez.org\\\/blog\\\/index.php\\\/2025\\\/04\\\/30\\\/dia-internacional-del-jazz-2025\\\/#breadcrumb\",\"itemListElement\":[{\"@type\":\"ListItem\",\"position\":1,\"name\":\"Portada\",\"item\":\"https:\\\/\\\/rafaramirez.org\\\/blog\\\/\"},{\"@type\":\"ListItem\",\"position\":2,\"name\":\"D\u00eda Internacional del Jazz 2025: paz y diversidad a trav\u00e9s de los acordes y ritmos del jazz.\"}]},{\"@type\":\"WebSite\",\"@id\":\"https:\\\/\\\/rafaramirez.org\\\/blog\\\/#website\",\"url\":\"https:\\\/\\\/rafaramirez.org\\\/blog\\\/\",\"name\":\"Blog de Rafael Ram\u00edrez\",\"description\":\"Un sitio social, de arte y cultura\",\"publisher\":{\"@id\":\"https:\\\/\\\/rafaramirez.org\\\/blog\\\/#\\\/schema\\\/person\\\/50f43b6d60c578760d4c17bda54ab6a5\"},\"potentialAction\":[{\"@type\":\"SearchAction\",\"target\":{\"@type\":\"EntryPoint\",\"urlTemplate\":\"https:\\\/\\\/rafaramirez.org\\\/blog\\\/?s={search_term_string}\"},\"query-input\":{\"@type\":\"PropertyValueSpecification\",\"valueRequired\":true,\"valueName\":\"search_term_string\"}}],\"inLanguage\":\"es\"},{\"@type\":[\"Person\",\"Organization\"],\"@id\":\"https:\\\/\\\/rafaramirez.org\\\/blog\\\/#\\\/schema\\\/person\\\/50f43b6d60c578760d4c17bda54ab6a5\",\"name\":\"Rafael Ram\u00edrez\",\"image\":{\"@type\":\"ImageObject\",\"inLanguage\":\"es\",\"@id\":\"https:\\\/\\\/rafaramirez.org\\\/blog\\\/wp-content\\\/uploads\\\/2024\\\/09\\\/RR_socialnetwork.jpg\",\"url\":\"https:\\\/\\\/rafaramirez.org\\\/blog\\\/wp-content\\\/uploads\\\/2024\\\/09\\\/RR_socialnetwork.jpg\",\"contentUrl\":\"https:\\\/\\\/rafaramirez.org\\\/blog\\\/wp-content\\\/uploads\\\/2024\\\/09\\\/RR_socialnetwork.jpg\",\"width\":600,\"height\":606,\"caption\":\"Rafael Ram\u00edrez\"},\"logo\":{\"@id\":\"https:\\\/\\\/rafaramirez.org\\\/blog\\\/wp-content\\\/uploads\\\/2024\\\/09\\\/RR_socialnetwork.jpg\"},\"sameAs\":[\"https:\\\/\\\/www.rafaramirez.org\\\/blog\",\"https:\\\/\\\/www.instagram.com\\\/rafaramirez_ok\\\/\",\"https:\\\/\\\/es.pinterest.com\\\/Ramirez_Rafa\\\/\",\"https:\\\/\\\/x.com\\\/rafaramirez_ok\"],\"url\":\"https:\\\/\\\/rafaramirez.org\\\/blog\\\/index.php\\\/author\\\/rafaell_qm6j97da\\\/\"}]}<\/script>\n<!-- \/ Yoast SEO plugin. -->","yoast_head_json":{"title":"D\u00eda Internacional del Jazz 2025: paz y diversidad a trav\u00e9s de los acordes y ritmos del jazz. - Blog de Rafael Ram\u00edrez","description":"El D\u00eda Internacional del Jazz se celebra anualmente el 30 de abril desde 2012, fecha establecida por la UNESCO. En 2025, se celebrar\u00e1 en m\u00e1s","robots":{"index":"index","follow":"follow","max-snippet":"max-snippet:-1","max-image-preview":"max-image-preview:large","max-video-preview":"max-video-preview:-1"},"canonical":"https:\/\/rafaramirez.org\/blog\/index.php\/2025\/04\/30\/dia-internacional-del-jazz-2025\/","og_locale":"es_ES","og_type":"article","og_title":"D\u00eda Internacional del Jazz 2025: paz y diversidad a trav\u00e9s de los acordes y ritmos del jazz. - Blog de Rafael Ram\u00edrez","og_description":"El D\u00eda Internacional del Jazz se celebra anualmente el 30 de abril desde 2012, fecha establecida por la UNESCO. En 2025, se celebrar\u00e1 en m\u00e1s","og_url":"https:\/\/rafaramirez.org\/blog\/index.php\/2025\/04\/30\/dia-internacional-del-jazz-2025\/","og_site_name":"Blog de Rafael Ram\u00edrez","article_published_time":"2025-04-30T06:15:51+00:00","og_image":[{"width":720,"height":440,"url":"https:\/\/rafaramirez.org\/blog\/wp-content\/uploads\/2025\/04\/Dia_Internacional_del_Jazz_banner.jpg","type":"image\/jpeg"}],"author":"Rafael Ram\u00edrez","twitter_card":"summary_large_image","twitter_creator":"@rafaramirez_ok","twitter_site":"@rafaramirez_ok","twitter_misc":{"Escrito por":"Rafael Ram\u00edrez","Tiempo de lectura":"4 minutos"},"schema":{"@context":"https:\/\/schema.org","@graph":[{"@type":"Article","@id":"https:\/\/rafaramirez.org\/blog\/index.php\/2025\/04\/30\/dia-internacional-del-jazz-2025\/#article","isPartOf":{"@id":"https:\/\/rafaramirez.org\/blog\/index.php\/2025\/04\/30\/dia-internacional-del-jazz-2025\/"},"author":{"name":"Rafael Ram\u00edrez","@id":"https:\/\/rafaramirez.org\/blog\/#\/schema\/person\/50f43b6d60c578760d4c17bda54ab6a5"},"headline":"D\u00eda Internacional del Jazz 2025: paz y diversidad a trav\u00e9s de los acordes y ritmos del jazz.","datePublished":"2025-04-30T06:15:51+00:00","mainEntityOfPage":{"@id":"https:\/\/rafaramirez.org\/blog\/index.php\/2025\/04\/30\/dia-internacional-del-jazz-2025\/"},"wordCount":643,"commentCount":0,"publisher":{"@id":"https:\/\/rafaramirez.org\/blog\/#\/schema\/person\/50f43b6d60c578760d4c17bda54ab6a5"},"image":{"@id":"https:\/\/rafaramirez.org\/blog\/index.php\/2025\/04\/30\/dia-internacional-del-jazz-2025\/#primaryimage"},"thumbnailUrl":"https:\/\/rafaramirez.org\/blog\/wp-content\/uploads\/2025\/04\/Dia_Internacional_del_Jazz_banner.jpg","keywords":["2025","30 de abril","Antonio S\u00e1nchez","Beirut","blog de Rafael Ram\u00edrez","Christian McBride","Concierto Mundial de Estrellas","cooperaci\u00f3n entre pueblos","Cyrille Aim\u00e9e","Dee Dee Bridgewater","desde\u00a02012","D\u00eda Internacional del Jazz","Dianne Reeves","efem\u00e9rides","el di\u00e1logo","Herbie Hancock Institute of Jazz","herramienta educativa","John Beasley","la unidad","Marcus Miller","Marruecos","mayor celebraci\u00f3n anual del jazz","Melody Gardot","Mes de Apreciaci\u00f3n del Jazz","motor para la paz","noviembre de 2011","Nueva York","Paris","Pek\u00edn","promoviendo la paz y la diversidad","sensibilizar al p\u00fablico general","S\u00e9rgio Mendes","Somi","T\u00e1nger","UNESCO","virtudes del jazz"],"articleSection":["Efem\u00e9rides","M\u00fasica"],"inLanguage":"es","potentialAction":[{"@type":"CommentAction","name":"Comment","target":["https:\/\/rafaramirez.org\/blog\/index.php\/2025\/04\/30\/dia-internacional-del-jazz-2025\/#respond"]}]},{"@type":"WebPage","@id":"https:\/\/rafaramirez.org\/blog\/index.php\/2025\/04\/30\/dia-internacional-del-jazz-2025\/","url":"https:\/\/rafaramirez.org\/blog\/index.php\/2025\/04\/30\/dia-internacional-del-jazz-2025\/","name":"D\u00eda Internacional del Jazz 2025: paz y diversidad a trav\u00e9s de los acordes y ritmos del jazz. - Blog de Rafael Ram\u00edrez","isPartOf":{"@id":"https:\/\/rafaramirez.org\/blog\/#website"},"primaryImageOfPage":{"@id":"https:\/\/rafaramirez.org\/blog\/index.php\/2025\/04\/30\/dia-internacional-del-jazz-2025\/#primaryimage"},"image":{"@id":"https:\/\/rafaramirez.org\/blog\/index.php\/2025\/04\/30\/dia-internacional-del-jazz-2025\/#primaryimage"},"thumbnailUrl":"https:\/\/rafaramirez.org\/blog\/wp-content\/uploads\/2025\/04\/Dia_Internacional_del_Jazz_banner.jpg","datePublished":"2025-04-30T06:15:51+00:00","description":"El D\u00eda Internacional del Jazz se celebra anualmente el 30 de abril desde 2012, fecha establecida por la UNESCO. En 2025, se celebrar\u00e1 en m\u00e1s","breadcrumb":{"@id":"https:\/\/rafaramirez.org\/blog\/index.php\/2025\/04\/30\/dia-internacional-del-jazz-2025\/#breadcrumb"},"inLanguage":"es","potentialAction":[{"@type":"ReadAction","target":["https:\/\/rafaramirez.org\/blog\/index.php\/2025\/04\/30\/dia-internacional-del-jazz-2025\/"]}]},{"@type":"ImageObject","inLanguage":"es","@id":"https:\/\/rafaramirez.org\/blog\/index.php\/2025\/04\/30\/dia-internacional-del-jazz-2025\/#primaryimage","url":"https:\/\/rafaramirez.org\/blog\/wp-content\/uploads\/2025\/04\/Dia_Internacional_del_Jazz_banner.jpg","contentUrl":"https:\/\/rafaramirez.org\/blog\/wp-content\/uploads\/2025\/04\/Dia_Internacional_del_Jazz_banner.jpg","width":720,"height":440,"caption":"D\u00eda Internacional del Jazz. 30 de abril. Efem\u00e9rides. Blog de Rafael Ram\u00edrez."},{"@type":"BreadcrumbList","@id":"https:\/\/rafaramirez.org\/blog\/index.php\/2025\/04\/30\/dia-internacional-del-jazz-2025\/#breadcrumb","itemListElement":[{"@type":"ListItem","position":1,"name":"Portada","item":"https:\/\/rafaramirez.org\/blog\/"},{"@type":"ListItem","position":2,"name":"D\u00eda Internacional del Jazz 2025: paz y diversidad a trav\u00e9s de los acordes y ritmos del jazz."}]},{"@type":"WebSite","@id":"https:\/\/rafaramirez.org\/blog\/#website","url":"https:\/\/rafaramirez.org\/blog\/","name":"Blog de Rafael Ram\u00edrez","description":"Un sitio social, de arte y cultura","publisher":{"@id":"https:\/\/rafaramirez.org\/blog\/#\/schema\/person\/50f43b6d60c578760d4c17bda54ab6a5"},"potentialAction":[{"@type":"SearchAction","target":{"@type":"EntryPoint","urlTemplate":"https:\/\/rafaramirez.org\/blog\/?s={search_term_string}"},"query-input":{"@type":"PropertyValueSpecification","valueRequired":true,"valueName":"search_term_string"}}],"inLanguage":"es"},{"@type":["Person","Organization"],"@id":"https:\/\/rafaramirez.org\/blog\/#\/schema\/person\/50f43b6d60c578760d4c17bda54ab6a5","name":"Rafael Ram\u00edrez","image":{"@type":"ImageObject","inLanguage":"es","@id":"https:\/\/rafaramirez.org\/blog\/wp-content\/uploads\/2024\/09\/RR_socialnetwork.jpg","url":"https:\/\/rafaramirez.org\/blog\/wp-content\/uploads\/2024\/09\/RR_socialnetwork.jpg","contentUrl":"https:\/\/rafaramirez.org\/blog\/wp-content\/uploads\/2024\/09\/RR_socialnetwork.jpg","width":600,"height":606,"caption":"Rafael Ram\u00edrez"},"logo":{"@id":"https:\/\/rafaramirez.org\/blog\/wp-content\/uploads\/2024\/09\/RR_socialnetwork.jpg"},"sameAs":["https:\/\/www.rafaramirez.org\/blog","https:\/\/www.instagram.com\/rafaramirez_ok\/","https:\/\/es.pinterest.com\/Ramirez_Rafa\/","https:\/\/x.com\/rafaramirez_ok"],"url":"https:\/\/rafaramirez.org\/blog\/index.php\/author\/rafaell_qm6j97da\/"}]}},"jetpack_publicize_connections":[],"jetpack_sharing_enabled":true,"jetpack_likes_enabled":true,"jetpack_featured_media_url":"https:\/\/rafaramirez.org\/blog\/wp-content\/uploads\/2025\/04\/Dia_Internacional_del_Jazz_banner.jpg","_links":{"self":[{"href":"https:\/\/rafaramirez.org\/blog\/index.php\/wp-json\/wp\/v2\/posts\/8976","targetHints":{"allow":["GET"]}}],"collection":[{"href":"https:\/\/rafaramirez.org\/blog\/index.php\/wp-json\/wp\/v2\/posts"}],"about":[{"href":"https:\/\/rafaramirez.org\/blog\/index.php\/wp-json\/wp\/v2\/types\/post"}],"author":[{"embeddable":true,"href":"https:\/\/rafaramirez.org\/blog\/index.php\/wp-json\/wp\/v2\/users\/1"}],"replies":[{"embeddable":true,"href":"https:\/\/rafaramirez.org\/blog\/index.php\/wp-json\/wp\/v2\/comments?post=8976"}],"version-history":[{"count":4,"href":"https:\/\/rafaramirez.org\/blog\/index.php\/wp-json\/wp\/v2\/posts\/8976\/revisions"}],"predecessor-version":[{"id":8981,"href":"https:\/\/rafaramirez.org\/blog\/index.php\/wp-json\/wp\/v2\/posts\/8976\/revisions\/8981"}],"wp:featuredmedia":[{"embeddable":true,"href":"https:\/\/rafaramirez.org\/blog\/index.php\/wp-json\/wp\/v2\/media\/8978"}],"wp:attachment":[{"href":"https:\/\/rafaramirez.org\/blog\/index.php\/wp-json\/wp\/v2\/media?parent=8976"}],"wp:term":[{"taxonomy":"category","embeddable":true,"href":"https:\/\/rafaramirez.org\/blog\/index.php\/wp-json\/wp\/v2\/categories?post=8976"},{"taxonomy":"post_tag","embeddable":true,"href":"https:\/\/rafaramirez.org\/blog\/index.php\/wp-json\/wp\/v2\/tags?post=8976"}],"curies":[{"name":"wp","href":"https:\/\/api.w.org\/{rel}","templated":true}]}}