{"id":8908,"date":"2025-04-23T08:15:02","date_gmt":"2025-04-23T06:15:02","guid":{"rendered":"https:\/\/rafaramirez.org\/blog\/?p=8908"},"modified":"2025-04-07T11:05:15","modified_gmt":"2025-04-07T09:05:15","slug":"dia-de-la-lengua-espanola-efemerides","status":"publish","type":"post","link":"https:\/\/rafaramirez.org\/blog\/index.php\/2025\/04\/23\/dia-de-la-lengua-espanola-efemerides\/","title":{"rendered":"D\u00eda de la Lengua Espa\u00f1ola: por la riqueza y diversidad cultural de los hispanohablantes."},"content":{"rendered":"<p>El D\u00eda de la Lengua Espa\u00f1ola se celebra cada 23 de abril como parte de las jornadas organizadas por las Naciones Unidas para honrar los idiomas oficiales de esta organizaci\u00f3n. La fecha se eligi\u00f3 en conmemoraci\u00f3n del fallecimiento de Miguel de Cervantes Saavedra, considerado uno de los escritores m\u00e1s importantes de la lengua espa\u00f1ola gracias a su obra maestra Don Quijote de la Mancha.<\/p>\n<p>El objetivo es fomentar el respeto por la diversidad cultural y ling\u00fc\u00edstica del mundo, as\u00ed como promover el uso del espa\u00f1ol como medio de comunicaci\u00f3n global. La celebraci\u00f3n incluye actividades como lecturas de poes\u00eda, conferencias, eventos literarios y musicales, todos ellos enfocados en la riqueza y el impacto de la lengua espa\u00f1ola.<\/p>\n<p>El espa\u00f1ol tiene m\u00e1s de 500 millones de hablantes nativos y se posiciona como una de las lenguas con mayor influencia en el \u00e1mbito internacional. Es un d\u00eda para reflexionar sobre su importancia y la diversidad cultural que acompa\u00f1a a sus hablantes.<\/p>\n<h3>Importancia del espa\u00f1ol en el mundo actual.<\/h3>\n<p>El espa\u00f1ol es muy importante en el mundo actual, ya que es una lengua que conecta a millones de personas en diferentes continentes y es una herramienta clave para la comunicaci\u00f3n global, la cultura y los negocios. A continuaci\u00f3n se muestran algunos aspectos destacados:<\/p>\n<ul>\n<li>Es un idioma en expansi\u00f3n: con m\u00e1s de 500 millones de hablantes nativos y aproximadamente 600 millones en total, el espa\u00f1ol es la segunda lengua materna m\u00e1s hablada del mundo. Su alcance sigue creciendo, especialmente en pa\u00edses donde no es lengua oficial.<\/li>\n<li>Influencia econ\u00f3mica: el espa\u00f1ol es estrat\u00e9gico en el comercio internacional, especialmente en Am\u00e9rica Latina y Espa\u00f1a, donde se encuentran econom\u00edas emergentes y consolidadas. Adem\u00e1s, pa\u00edses como Estados Unidos han integrado el espa\u00f1ol como una lengua esencial en sus mercados.<\/li>\n<li>Un puente cultural: la literatura, la m\u00fasica, el cine y el arte en espa\u00f1ol tienen un impacto global. Autores como Gabriel Garc\u00eda M\u00e1rquez y cantantes como Rosal\u00eda han llevado el idioma a escenarios internacionales, enriqueciendo la cultura mundial.<\/li>\n<li>Educaci\u00f3n y aprendizaje: es uno de los idiomas m\u00e1s estudiados, con millones de estudiantes en todo el mundo. Esto lo convierte en una herramienta valiosa para el intercambio cultural y el desarrollo personal.<\/li>\n<li>Internet y medios digitales: el espa\u00f1ol est\u00e1 entre los idiomas m\u00e1s utilizados en redes sociales y plataformas digitales, lo que refuerza su influencia en la comunicaci\u00f3n moderna.<\/li>\n<\/ul>\n<p>En resumen, el espa\u00f1ol no solo conecta culturas y pa\u00edses, sino que tambi\u00e9n es una herramienta esencial en un mundo cada vez m\u00e1s globalizado.<\/p>\n<figure id=\"attachment_8915\" aria-describedby=\"caption-attachment-8915\" style=\"width: 211px\" class=\"wp-caption aligncenter\"><a href=\"https:\/\/rafaramirez.org\/blog\/wp-content\/uploads\/2025\/04\/Miguel_de_Cervantes_por_Gomez_Terraza_retrato.jpg\" target=\"_blank\" rel=\"noopener\"><img loading=\"lazy\" decoding=\"async\" class=\"wp-image-8915 size-medium\" src=\"https:\/\/rafaramirez.org\/blog\/wp-content\/uploads\/2025\/04\/Miguel_de_Cervantes_por_Gomez_Terraza_retrato-211x300.jpg\" alt=\"Retrato de Miguel de Cervantes. D\u00eda de la Lengua Espa\u00f1ola. 23 de abril. Blog de Rafael Ram\u00edrez.\" width=\"211\" height=\"300\" srcset=\"https:\/\/rafaramirez.org\/blog\/wp-content\/uploads\/2025\/04\/Miguel_de_Cervantes_por_Gomez_Terraza_retrato-211x300.jpg 211w, https:\/\/rafaramirez.org\/blog\/wp-content\/uploads\/2025\/04\/Miguel_de_Cervantes_por_Gomez_Terraza_retrato.jpg 421w\" sizes=\"auto, (max-width: 211px) 100vw, 211px\" \/><\/a><figcaption id=\"caption-attachment-8915\" class=\"wp-caption-text\">Retrato de Miguel de Cervantes. D\u00eda de la Lengua Espa\u00f1ola. 23 de abril. Blog de Rafael Ram\u00edrez.<\/figcaption><\/figure>\n<h3>Celebraci\u00f3n del D\u00eda de la Lengua Espa\u00f1ola.<\/h3>\n<p>El D\u00eda de la Lengua Espa\u00f1ola se celebra de diversas maneras en distintos pa\u00edses, lo que pone de manifiesto la riqueza y diversidad cultural de los hispanohablantes. A continuaci\u00f3n, te mostramos algunos ejemplos:<\/p>\n<ol>\n<li>Espa\u00f1a: En el pa\u00eds de Cervantes, suelen organizarse lecturas p\u00fablicas, conferencias literarias y actividades en instituciones culturales. Tambi\u00e9n se celebran eventos en universidades y bibliotecas donde se reflexiona sobre la importancia de este idioma.<\/li>\n<li>M\u00e9xico: Se rinde homenaje a escritores destacados en lengua espa\u00f1ola y se organizan actividades escolares, como declamaciones y concursos de literatura, para estudiantes.<\/li>\n<li>Argentina: muchas instituciones educativas y culturales promueven la lectura de textos cl\u00e1sicos y contempor\u00e1neos en espa\u00f1ol. Tambi\u00e9n se organizan eventos en las bibliotecas nacionales y locales.<\/li>\n<li>Estados Unidos: en ciudades con gran poblaci\u00f3n hispana, como Los \u00c1ngeles y Nueva York, se organizan festivales, lecturas y talleres que resaltan la influencia del espa\u00f1ol en la cultura estadounidense.<\/li>\n<li>Colombia: este d\u00eda se aprovecha para destacar la obra de Gabriel Garc\u00eda M\u00e1rquez y otros grandes autores colombianos mediante conferencias y charlas.<\/li>\n<\/ol>\n<p>El hilo conductor de estas celebraciones es destacar el legado literario y cultural del espa\u00f1ol, as\u00ed como su papel como un idioma de conexi\u00f3n global.<\/p>\n<h3>Algunas actividades previstas para este a\u00f1o 2025 en Espa\u00f1a.<\/h3>\n<p>En Espa\u00f1a, las actividades programadas para el D\u00eda de la Lengua Espa\u00f1ola en 2025 destacar\u00e1n por su enfoque en la riqueza cultural y ling\u00fc\u00edstica de esta lengua. A continuaci\u00f3n, te mostramos algunos eventos interesantes:<\/p>\n<ul>\n<li>Semana Cervantina en Alcal\u00e1 de Henares: del 4 al 12 de octubre se celebra esta semana con diversas actividades culturales, como lecturas, representaciones teatrales y visitas guiadas relacionadas con la vida y obra de Miguel de Cervantes.<\/li>\n<li>Cursos de lengua y cultura espa\u00f1olas: del 6 al 10 de octubre, el Instituto Cervantes organiza cursos en Alcal\u00e1 de Henares, donde los participantes pueden mejorar su nivel de espa\u00f1ol y profundizar en la cultura del idioma.<\/li>\n<li>La Universidad de La Rioja ofrece un curso titulado \u00abLengua y Patrimonio\u00bb, que combina el aprendizaje avanzado del espa\u00f1ol con el estudio de su patrimonio ling\u00fc\u00edstico y cultural. Este curso se llevar\u00e1 a cabo entre abril y mayo.<\/li>\n<\/ul>\n<figure id=\"attachment_8916\" aria-describedby=\"caption-attachment-8916\" style=\"width: 237px\" class=\"wp-caption aligncenter\"><a href=\"https:\/\/rafaramirez.org\/blog\/wp-content\/uploads\/2025\/04\/don_quijote_1ok.jpg\" target=\"_blank\" rel=\"noopener\"><img loading=\"lazy\" decoding=\"async\" class=\"wp-image-8916 size-medium\" src=\"https:\/\/rafaramirez.org\/blog\/wp-content\/uploads\/2025\/04\/don_quijote_1ok-237x300.jpg\" alt=\"Ilustraci\u00f3n de Don Quijote de la Mancha. Retrato de Miguel de Cervantes. D\u00eda de la Lengua Espa\u00f1ola. 23 de abril. Blog de Rafael Ram\u00edrez.\" width=\"237\" height=\"300\" srcset=\"https:\/\/rafaramirez.org\/blog\/wp-content\/uploads\/2025\/04\/don_quijote_1ok-237x300.jpg 237w, https:\/\/rafaramirez.org\/blog\/wp-content\/uploads\/2025\/04\/don_quijote_1ok-768x973.jpg 768w, https:\/\/rafaramirez.org\/blog\/wp-content\/uploads\/2025\/04\/don_quijote_1ok.jpg 789w\" sizes=\"auto, (max-width: 237px) 100vw, 237px\" \/><\/a><figcaption id=\"caption-attachment-8916\" class=\"wp-caption-text\">Ilustraci\u00f3n de Don Quijote de la Mancha. Retrato de Miguel de Cervantes. D\u00eda de la Lengua Espa\u00f1ola. 23 de abril. Blog de Rafael Ram\u00edrez.<\/figcaption><\/figure>\n<p>En resumen, el D\u00eda de la Lengua Espa\u00f1ola es una celebraci\u00f3n esencial para destacar la riqueza cultural y ling\u00fc\u00edstica de los hispanohablantes. Fomenta la diversidad, rinde homenaje al legado literario y promueve el uso del espa\u00f1ol como idioma global. Un puente que conecta a millones de personas en todo el mundo.<\/p>\n<p>M\u00e1s informaci\u00f3n:<\/p>\n<ul>\n<li><a href=\"https:\/\/cervantes.org\/sites\/public\/produccion\/files\/2025-01\/cursos-espanol-espana-alcala-instituto-cervantes-2025.pdf\" target=\"_blank\" rel=\"noopener\">Instituto Cervantes<\/a>.<\/li>\n<li><a href=\"https:\/\/www.unirioja.es\/actividades\/curso-de-espanol-lengua-y-patrimonio-nivel-b2-b2-2\/\" target=\"_blank\" rel=\"noopener\">Universidad de La Rioja<\/a>.<\/li>\n<li><a href=\"https:\/\/www.un.org\/es\/observances\/spanish-language-day\" target=\"_blank\" rel=\"noopener\">ONU<\/a>.<\/li>\n<li><a href=\"https:\/\/es.wikipedia.org\/wiki\/D%C3%ADa_del_Idioma_Espa%C3%B1ol_en_las_Naciones_Unidas\" target=\"_blank\" rel=\"noopener\">Wikipedia<\/a>.<\/li>\n<li><a href=\"https:\/\/rafaramirez.org\/blog\/index.php\/category\/arte\/efemerides\/\" target=\"_blank\" rel=\"noopener\">Otras efem\u00e9rides<\/a>.<\/li>\n<\/ul>\n","protected":false},"excerpt":{"rendered":"<p>El D\u00eda de la Lengua Espa\u00f1ola se celebra cada 23 de abril como parte de las jornadas organizadas por las Naciones Unidas para honrar los idiomas oficiales de esta organizaci\u00f3n. La fecha se eligi\u00f3 en conmemoraci\u00f3n del fallecimiento de Miguel de Cervantes Saavedra, considerado uno de los escritores m\u00e1s importantes de la lengua espa\u00f1ola gracias [&hellip;]<\/p>\n","protected":false},"author":1,"featured_media":8914,"comment_status":"open","ping_status":"closed","sticky":false,"template":"","format":"standard","meta":{"site-container-style":"default","site-container-layout":"default","site-sidebar-layout":"default","disable-article-header":"default","disable-site-header":"default","disable-site-footer":"default","disable-content-area-spacing":"default","_jetpack_newsletter_access":"","_jetpack_dont_email_post_to_subs":false,"_jetpack_newsletter_tier_id":0,"_jetpack_memberships_contains_paywalled_content":false,"_jetpack_feature_clip_id":0,"_jetpack_memberships_contains_paid_content":false,"footnotes":"","jetpack_publicize_message":"","jetpack_publicize_feature_enabled":true,"jetpack_social_post_already_shared":true,"jetpack_social_options":{"image_generator_settings":{"template":"highway","default_image_id":0,"font":"","enabled":false},"version":2},"jetpack_post_was_ever_published":false},"categories":[1291],"tags":[1802,4203,1829,4204,1323,4099,4182,4205,2324,1702],"class_list":["post-8908","post","type-post","status-publish","format-standard","has-post-thumbnail","hentry","category-efemerides","tag-23-de-abril","tag-dia-de-la-lengua-espanola","tag-dia-del-idioma-espanol","tag-don-quijote-de-la-mancha","tag-efemerides","tag-efemerides-de-2025","tag-efemerides-de-abril","tag-miguel-de-cervantes","tag-naciones-unidas","tag-onu"],"yoast_head":"<!-- This site is optimized with the Yoast SEO plugin v28.4 - https:\/\/yoast.com\/product\/yoast-seo-wordpress\/ -->\n<title>D\u00eda de la Lengua Espa\u00f1ola: por la riqueza y diversidad cultural de los hispanohablantes. - Blog de Rafael Ram\u00edrez<\/title>\n<meta name=\"description\" content=\"El D\u00eda de la Lengua Espa\u00f1ola se celebra cada 23 de abril, la fecha se eligi\u00f3 en conmemoraci\u00f3n del fallecimiento de Miguel de Cervantes...\" \/>\n<meta name=\"robots\" content=\"index, follow, max-snippet:-1, max-image-preview:large, max-video-preview:-1\" \/>\n<link rel=\"canonical\" href=\"https:\/\/rafaramirez.org\/blog\/index.php\/2025\/04\/23\/dia-de-la-lengua-espanola-efemerides\/\" \/>\n<meta property=\"og:locale\" content=\"es_ES\" \/>\n<meta property=\"og:type\" content=\"article\" \/>\n<meta property=\"og:title\" content=\"D\u00eda de la Lengua Espa\u00f1ola: por la riqueza y diversidad cultural de los hispanohablantes. - Blog de Rafael Ram\u00edrez\" \/>\n<meta property=\"og:description\" content=\"El D\u00eda de la Lengua Espa\u00f1ola se celebra cada 23 de abril, la fecha se eligi\u00f3 en conmemoraci\u00f3n del fallecimiento de Miguel de Cervantes...\" \/>\n<meta property=\"og:url\" content=\"https:\/\/rafaramirez.org\/blog\/index.php\/2025\/04\/23\/dia-de-la-lengua-espanola-efemerides\/\" \/>\n<meta property=\"og:site_name\" content=\"Blog de Rafael Ram\u00edrez\" \/>\n<meta property=\"article:published_time\" content=\"2025-04-23T06:15:02+00:00\" \/>\n<meta property=\"og:image\" content=\"https:\/\/rafaramirez.org\/blog\/wp-content\/uploads\/2025\/04\/Dia_de_la_lengua_espanola_banner.jpg\" \/>\n\t<meta property=\"og:image:width\" content=\"720\" \/>\n\t<meta property=\"og:image:height\" content=\"440\" \/>\n\t<meta property=\"og:image:type\" content=\"image\/jpeg\" \/>\n<meta name=\"author\" content=\"Rafael Ram\u00edrez\" \/>\n<meta name=\"twitter:card\" content=\"summary_large_image\" \/>\n<meta name=\"twitter:creator\" content=\"@rafaramirez_ok\" \/>\n<meta name=\"twitter:site\" content=\"@rafaramirez_ok\" \/>\n<meta name=\"twitter:label1\" content=\"Escrito por\" \/>\n\t<meta name=\"twitter:data1\" content=\"Rafael Ram\u00edrez\" \/>\n\t<meta name=\"twitter:label2\" content=\"Tiempo de lectura\" \/>\n\t<meta name=\"twitter:data2\" content=\"5 minutos\" \/>\n<script type=\"application\/ld+json\" class=\"yoast-schema-graph\">{\"@context\":\"https:\\\/\\\/schema.org\",\"@graph\":[{\"@type\":\"Article\",\"@id\":\"https:\\\/\\\/rafaramirez.org\\\/blog\\\/index.php\\\/2025\\\/04\\\/23\\\/dia-de-la-lengua-espanola-efemerides\\\/#article\",\"isPartOf\":{\"@id\":\"https:\\\/\\\/rafaramirez.org\\\/blog\\\/index.php\\\/2025\\\/04\\\/23\\\/dia-de-la-lengua-espanola-efemerides\\\/\"},\"author\":{\"name\":\"Rafael Ram\u00edrez\",\"@id\":\"https:\\\/\\\/rafaramirez.org\\\/blog\\\/#\\\/schema\\\/person\\\/50f43b6d60c578760d4c17bda54ab6a5\"},\"headline\":\"D\u00eda de la Lengua Espa\u00f1ola: por la riqueza y diversidad cultural de los hispanohablantes.\",\"datePublished\":\"2025-04-23T06:15:02+00:00\",\"mainEntityOfPage\":{\"@id\":\"https:\\\/\\\/rafaramirez.org\\\/blog\\\/index.php\\\/2025\\\/04\\\/23\\\/dia-de-la-lengua-espanola-efemerides\\\/\"},\"wordCount\":988,\"commentCount\":0,\"publisher\":{\"@id\":\"https:\\\/\\\/rafaramirez.org\\\/blog\\\/#\\\/schema\\\/person\\\/50f43b6d60c578760d4c17bda54ab6a5\"},\"image\":{\"@id\":\"https:\\\/\\\/rafaramirez.org\\\/blog\\\/index.php\\\/2025\\\/04\\\/23\\\/dia-de-la-lengua-espanola-efemerides\\\/#primaryimage\"},\"thumbnailUrl\":\"https:\\\/\\\/rafaramirez.org\\\/blog\\\/wp-content\\\/uploads\\\/2025\\\/04\\\/Dia_de_la_lengua_espanola_banner.jpg\",\"keywords\":[\"23 de abril\",\"D\u00eda de la Lengua Espa\u00f1ola\",\"D\u00eda del Idioma Espa\u00f1ol\",\"Don Quijote de la Mancha\",\"efem\u00e9rides\",\"efem\u00e9rides de 2025\",\"efem\u00e9rides de abril\",\"Miguel de Cervantes\",\"Naciones Unidas\",\"ONU\"],\"articleSection\":[\"Efem\u00e9rides\"],\"inLanguage\":\"es\",\"potentialAction\":[{\"@type\":\"CommentAction\",\"name\":\"Comment\",\"target\":[\"https:\\\/\\\/rafaramirez.org\\\/blog\\\/index.php\\\/2025\\\/04\\\/23\\\/dia-de-la-lengua-espanola-efemerides\\\/#respond\"]}]},{\"@type\":\"WebPage\",\"@id\":\"https:\\\/\\\/rafaramirez.org\\\/blog\\\/index.php\\\/2025\\\/04\\\/23\\\/dia-de-la-lengua-espanola-efemerides\\\/\",\"url\":\"https:\\\/\\\/rafaramirez.org\\\/blog\\\/index.php\\\/2025\\\/04\\\/23\\\/dia-de-la-lengua-espanola-efemerides\\\/\",\"name\":\"D\u00eda de la Lengua Espa\u00f1ola: por la riqueza y diversidad cultural de los hispanohablantes. - Blog de Rafael Ram\u00edrez\",\"isPartOf\":{\"@id\":\"https:\\\/\\\/rafaramirez.org\\\/blog\\\/#website\"},\"primaryImageOfPage\":{\"@id\":\"https:\\\/\\\/rafaramirez.org\\\/blog\\\/index.php\\\/2025\\\/04\\\/23\\\/dia-de-la-lengua-espanola-efemerides\\\/#primaryimage\"},\"image\":{\"@id\":\"https:\\\/\\\/rafaramirez.org\\\/blog\\\/index.php\\\/2025\\\/04\\\/23\\\/dia-de-la-lengua-espanola-efemerides\\\/#primaryimage\"},\"thumbnailUrl\":\"https:\\\/\\\/rafaramirez.org\\\/blog\\\/wp-content\\\/uploads\\\/2025\\\/04\\\/Dia_de_la_lengua_espanola_banner.jpg\",\"datePublished\":\"2025-04-23T06:15:02+00:00\",\"description\":\"El D\u00eda de la Lengua Espa\u00f1ola se celebra cada 23 de abril, la fecha se eligi\u00f3 en conmemoraci\u00f3n del fallecimiento de Miguel de Cervantes...\",\"breadcrumb\":{\"@id\":\"https:\\\/\\\/rafaramirez.org\\\/blog\\\/index.php\\\/2025\\\/04\\\/23\\\/dia-de-la-lengua-espanola-efemerides\\\/#breadcrumb\"},\"inLanguage\":\"es\",\"potentialAction\":[{\"@type\":\"ReadAction\",\"target\":[\"https:\\\/\\\/rafaramirez.org\\\/blog\\\/index.php\\\/2025\\\/04\\\/23\\\/dia-de-la-lengua-espanola-efemerides\\\/\"]}]},{\"@type\":\"ImageObject\",\"inLanguage\":\"es\",\"@id\":\"https:\\\/\\\/rafaramirez.org\\\/blog\\\/index.php\\\/2025\\\/04\\\/23\\\/dia-de-la-lengua-espanola-efemerides\\\/#primaryimage\",\"url\":\"https:\\\/\\\/rafaramirez.org\\\/blog\\\/wp-content\\\/uploads\\\/2025\\\/04\\\/Dia_de_la_lengua_espanola_banner.jpg\",\"contentUrl\":\"https:\\\/\\\/rafaramirez.org\\\/blog\\\/wp-content\\\/uploads\\\/2025\\\/04\\\/Dia_de_la_lengua_espanola_banner.jpg\",\"width\":720,\"height\":440,\"caption\":\"D\u00eda de la Lengua Espa\u00f1ola. 23 de abril. Blog de Rafael Ram\u00edrez.\"},{\"@type\":\"BreadcrumbList\",\"@id\":\"https:\\\/\\\/rafaramirez.org\\\/blog\\\/index.php\\\/2025\\\/04\\\/23\\\/dia-de-la-lengua-espanola-efemerides\\\/#breadcrumb\",\"itemListElement\":[{\"@type\":\"ListItem\",\"position\":1,\"name\":\"Portada\",\"item\":\"https:\\\/\\\/rafaramirez.org\\\/blog\\\/\"},{\"@type\":\"ListItem\",\"position\":2,\"name\":\"D\u00eda de la Lengua Espa\u00f1ola: por la riqueza y diversidad cultural de los hispanohablantes.\"}]},{\"@type\":\"WebSite\",\"@id\":\"https:\\\/\\\/rafaramirez.org\\\/blog\\\/#website\",\"url\":\"https:\\\/\\\/rafaramirez.org\\\/blog\\\/\",\"name\":\"Blog de Rafael Ram\u00edrez\",\"description\":\"Un sitio social, de arte y cultura\",\"publisher\":{\"@id\":\"https:\\\/\\\/rafaramirez.org\\\/blog\\\/#\\\/schema\\\/person\\\/50f43b6d60c578760d4c17bda54ab6a5\"},\"potentialAction\":[{\"@type\":\"SearchAction\",\"target\":{\"@type\":\"EntryPoint\",\"urlTemplate\":\"https:\\\/\\\/rafaramirez.org\\\/blog\\\/?s={search_term_string}\"},\"query-input\":{\"@type\":\"PropertyValueSpecification\",\"valueRequired\":true,\"valueName\":\"search_term_string\"}}],\"inLanguage\":\"es\"},{\"@type\":[\"Person\",\"Organization\"],\"@id\":\"https:\\\/\\\/rafaramirez.org\\\/blog\\\/#\\\/schema\\\/person\\\/50f43b6d60c578760d4c17bda54ab6a5\",\"name\":\"Rafael Ram\u00edrez\",\"image\":{\"@type\":\"ImageObject\",\"inLanguage\":\"es\",\"@id\":\"https:\\\/\\\/rafaramirez.org\\\/blog\\\/wp-content\\\/uploads\\\/2024\\\/09\\\/RR_socialnetwork.jpg\",\"url\":\"https:\\\/\\\/rafaramirez.org\\\/blog\\\/wp-content\\\/uploads\\\/2024\\\/09\\\/RR_socialnetwork.jpg\",\"contentUrl\":\"https:\\\/\\\/rafaramirez.org\\\/blog\\\/wp-content\\\/uploads\\\/2024\\\/09\\\/RR_socialnetwork.jpg\",\"width\":600,\"height\":606,\"caption\":\"Rafael Ram\u00edrez\"},\"logo\":{\"@id\":\"https:\\\/\\\/rafaramirez.org\\\/blog\\\/wp-content\\\/uploads\\\/2024\\\/09\\\/RR_socialnetwork.jpg\"},\"sameAs\":[\"https:\\\/\\\/www.rafaramirez.org\\\/blog\",\"https:\\\/\\\/www.instagram.com\\\/rafaramirez_ok\\\/\",\"https:\\\/\\\/es.pinterest.com\\\/Ramirez_Rafa\\\/\",\"https:\\\/\\\/x.com\\\/rafaramirez_ok\"],\"url\":\"https:\\\/\\\/rafaramirez.org\\\/blog\\\/index.php\\\/author\\\/rafaell_qm6j97da\\\/\"}]}<\/script>\n<!-- \/ Yoast SEO plugin. -->","yoast_head_json":{"title":"D\u00eda de la Lengua Espa\u00f1ola: por la riqueza y diversidad cultural de los hispanohablantes. - Blog de Rafael Ram\u00edrez","description":"El D\u00eda de la Lengua Espa\u00f1ola se celebra cada 23 de abril, la fecha se eligi\u00f3 en conmemoraci\u00f3n del fallecimiento de Miguel de Cervantes...","robots":{"index":"index","follow":"follow","max-snippet":"max-snippet:-1","max-image-preview":"max-image-preview:large","max-video-preview":"max-video-preview:-1"},"canonical":"https:\/\/rafaramirez.org\/blog\/index.php\/2025\/04\/23\/dia-de-la-lengua-espanola-efemerides\/","og_locale":"es_ES","og_type":"article","og_title":"D\u00eda de la Lengua Espa\u00f1ola: por la riqueza y diversidad cultural de los hispanohablantes. - Blog de Rafael Ram\u00edrez","og_description":"El D\u00eda de la Lengua Espa\u00f1ola se celebra cada 23 de abril, la fecha se eligi\u00f3 en conmemoraci\u00f3n del fallecimiento de Miguel de Cervantes...","og_url":"https:\/\/rafaramirez.org\/blog\/index.php\/2025\/04\/23\/dia-de-la-lengua-espanola-efemerides\/","og_site_name":"Blog de Rafael Ram\u00edrez","article_published_time":"2025-04-23T06:15:02+00:00","og_image":[{"width":720,"height":440,"url":"https:\/\/rafaramirez.org\/blog\/wp-content\/uploads\/2025\/04\/Dia_de_la_lengua_espanola_banner.jpg","type":"image\/jpeg"}],"author":"Rafael Ram\u00edrez","twitter_card":"summary_large_image","twitter_creator":"@rafaramirez_ok","twitter_site":"@rafaramirez_ok","twitter_misc":{"Escrito por":"Rafael Ram\u00edrez","Tiempo de lectura":"5 minutos"},"schema":{"@context":"https:\/\/schema.org","@graph":[{"@type":"Article","@id":"https:\/\/rafaramirez.org\/blog\/index.php\/2025\/04\/23\/dia-de-la-lengua-espanola-efemerides\/#article","isPartOf":{"@id":"https:\/\/rafaramirez.org\/blog\/index.php\/2025\/04\/23\/dia-de-la-lengua-espanola-efemerides\/"},"author":{"name":"Rafael Ram\u00edrez","@id":"https:\/\/rafaramirez.org\/blog\/#\/schema\/person\/50f43b6d60c578760d4c17bda54ab6a5"},"headline":"D\u00eda de la Lengua Espa\u00f1ola: por la riqueza y diversidad cultural de los hispanohablantes.","datePublished":"2025-04-23T06:15:02+00:00","mainEntityOfPage":{"@id":"https:\/\/rafaramirez.org\/blog\/index.php\/2025\/04\/23\/dia-de-la-lengua-espanola-efemerides\/"},"wordCount":988,"commentCount":0,"publisher":{"@id":"https:\/\/rafaramirez.org\/blog\/#\/schema\/person\/50f43b6d60c578760d4c17bda54ab6a5"},"image":{"@id":"https:\/\/rafaramirez.org\/blog\/index.php\/2025\/04\/23\/dia-de-la-lengua-espanola-efemerides\/#primaryimage"},"thumbnailUrl":"https:\/\/rafaramirez.org\/blog\/wp-content\/uploads\/2025\/04\/Dia_de_la_lengua_espanola_banner.jpg","keywords":["23 de abril","D\u00eda de la Lengua Espa\u00f1ola","D\u00eda del Idioma Espa\u00f1ol","Don Quijote de la Mancha","efem\u00e9rides","efem\u00e9rides de 2025","efem\u00e9rides de abril","Miguel de Cervantes","Naciones Unidas","ONU"],"articleSection":["Efem\u00e9rides"],"inLanguage":"es","potentialAction":[{"@type":"CommentAction","name":"Comment","target":["https:\/\/rafaramirez.org\/blog\/index.php\/2025\/04\/23\/dia-de-la-lengua-espanola-efemerides\/#respond"]}]},{"@type":"WebPage","@id":"https:\/\/rafaramirez.org\/blog\/index.php\/2025\/04\/23\/dia-de-la-lengua-espanola-efemerides\/","url":"https:\/\/rafaramirez.org\/blog\/index.php\/2025\/04\/23\/dia-de-la-lengua-espanola-efemerides\/","name":"D\u00eda de la Lengua Espa\u00f1ola: por la riqueza y diversidad cultural de los hispanohablantes. - Blog de Rafael Ram\u00edrez","isPartOf":{"@id":"https:\/\/rafaramirez.org\/blog\/#website"},"primaryImageOfPage":{"@id":"https:\/\/rafaramirez.org\/blog\/index.php\/2025\/04\/23\/dia-de-la-lengua-espanola-efemerides\/#primaryimage"},"image":{"@id":"https:\/\/rafaramirez.org\/blog\/index.php\/2025\/04\/23\/dia-de-la-lengua-espanola-efemerides\/#primaryimage"},"thumbnailUrl":"https:\/\/rafaramirez.org\/blog\/wp-content\/uploads\/2025\/04\/Dia_de_la_lengua_espanola_banner.jpg","datePublished":"2025-04-23T06:15:02+00:00","description":"El D\u00eda de la Lengua Espa\u00f1ola se celebra cada 23 de abril, la fecha se eligi\u00f3 en conmemoraci\u00f3n del fallecimiento de Miguel de Cervantes...","breadcrumb":{"@id":"https:\/\/rafaramirez.org\/blog\/index.php\/2025\/04\/23\/dia-de-la-lengua-espanola-efemerides\/#breadcrumb"},"inLanguage":"es","potentialAction":[{"@type":"ReadAction","target":["https:\/\/rafaramirez.org\/blog\/index.php\/2025\/04\/23\/dia-de-la-lengua-espanola-efemerides\/"]}]},{"@type":"ImageObject","inLanguage":"es","@id":"https:\/\/rafaramirez.org\/blog\/index.php\/2025\/04\/23\/dia-de-la-lengua-espanola-efemerides\/#primaryimage","url":"https:\/\/rafaramirez.org\/blog\/wp-content\/uploads\/2025\/04\/Dia_de_la_lengua_espanola_banner.jpg","contentUrl":"https:\/\/rafaramirez.org\/blog\/wp-content\/uploads\/2025\/04\/Dia_de_la_lengua_espanola_banner.jpg","width":720,"height":440,"caption":"D\u00eda de la Lengua Espa\u00f1ola. 23 de abril. Blog de Rafael Ram\u00edrez."},{"@type":"BreadcrumbList","@id":"https:\/\/rafaramirez.org\/blog\/index.php\/2025\/04\/23\/dia-de-la-lengua-espanola-efemerides\/#breadcrumb","itemListElement":[{"@type":"ListItem","position":1,"name":"Portada","item":"https:\/\/rafaramirez.org\/blog\/"},{"@type":"ListItem","position":2,"name":"D\u00eda de la Lengua Espa\u00f1ola: por la riqueza y diversidad cultural de los hispanohablantes."}]},{"@type":"WebSite","@id":"https:\/\/rafaramirez.org\/blog\/#website","url":"https:\/\/rafaramirez.org\/blog\/","name":"Blog de Rafael Ram\u00edrez","description":"Un sitio social, de arte y cultura","publisher":{"@id":"https:\/\/rafaramirez.org\/blog\/#\/schema\/person\/50f43b6d60c578760d4c17bda54ab6a5"},"potentialAction":[{"@type":"SearchAction","target":{"@type":"EntryPoint","urlTemplate":"https:\/\/rafaramirez.org\/blog\/?s={search_term_string}"},"query-input":{"@type":"PropertyValueSpecification","valueRequired":true,"valueName":"search_term_string"}}],"inLanguage":"es"},{"@type":["Person","Organization"],"@id":"https:\/\/rafaramirez.org\/blog\/#\/schema\/person\/50f43b6d60c578760d4c17bda54ab6a5","name":"Rafael Ram\u00edrez","image":{"@type":"ImageObject","inLanguage":"es","@id":"https:\/\/rafaramirez.org\/blog\/wp-content\/uploads\/2024\/09\/RR_socialnetwork.jpg","url":"https:\/\/rafaramirez.org\/blog\/wp-content\/uploads\/2024\/09\/RR_socialnetwork.jpg","contentUrl":"https:\/\/rafaramirez.org\/blog\/wp-content\/uploads\/2024\/09\/RR_socialnetwork.jpg","width":600,"height":606,"caption":"Rafael Ram\u00edrez"},"logo":{"@id":"https:\/\/rafaramirez.org\/blog\/wp-content\/uploads\/2024\/09\/RR_socialnetwork.jpg"},"sameAs":["https:\/\/www.rafaramirez.org\/blog","https:\/\/www.instagram.com\/rafaramirez_ok\/","https:\/\/es.pinterest.com\/Ramirez_Rafa\/","https:\/\/x.com\/rafaramirez_ok"],"url":"https:\/\/rafaramirez.org\/blog\/index.php\/author\/rafaell_qm6j97da\/"}]}},"jetpack_publicize_connections":[],"jetpack_sharing_enabled":true,"jetpack_likes_enabled":true,"jetpack_featured_media_url":"https:\/\/rafaramirez.org\/blog\/wp-content\/uploads\/2025\/04\/Dia_de_la_lengua_espanola_banner.jpg","_links":{"self":[{"href":"https:\/\/rafaramirez.org\/blog\/index.php\/wp-json\/wp\/v2\/posts\/8908","targetHints":{"allow":["GET"]}}],"collection":[{"href":"https:\/\/rafaramirez.org\/blog\/index.php\/wp-json\/wp\/v2\/posts"}],"about":[{"href":"https:\/\/rafaramirez.org\/blog\/index.php\/wp-json\/wp\/v2\/types\/post"}],"author":[{"embeddable":true,"href":"https:\/\/rafaramirez.org\/blog\/index.php\/wp-json\/wp\/v2\/users\/1"}],"replies":[{"embeddable":true,"href":"https:\/\/rafaramirez.org\/blog\/index.php\/wp-json\/wp\/v2\/comments?post=8908"}],"version-history":[{"count":6,"href":"https:\/\/rafaramirez.org\/blog\/index.php\/wp-json\/wp\/v2\/posts\/8908\/revisions"}],"predecessor-version":[{"id":8918,"href":"https:\/\/rafaramirez.org\/blog\/index.php\/wp-json\/wp\/v2\/posts\/8908\/revisions\/8918"}],"wp:featuredmedia":[{"embeddable":true,"href":"https:\/\/rafaramirez.org\/blog\/index.php\/wp-json\/wp\/v2\/media\/8914"}],"wp:attachment":[{"href":"https:\/\/rafaramirez.org\/blog\/index.php\/wp-json\/wp\/v2\/media?parent=8908"}],"wp:term":[{"taxonomy":"category","embeddable":true,"href":"https:\/\/rafaramirez.org\/blog\/index.php\/wp-json\/wp\/v2\/categories?post=8908"},{"taxonomy":"post_tag","embeddable":true,"href":"https:\/\/rafaramirez.org\/blog\/index.php\/wp-json\/wp\/v2\/tags?post=8908"}],"curies":[{"name":"wp","href":"https:\/\/api.w.org\/{rel}","templated":true}]}}