{"id":8900,"date":"2025-04-04T11:08:56","date_gmt":"2025-04-04T09:08:56","guid":{"rendered":"https:\/\/rafaramirez.org\/blog\/?p=8900"},"modified":"2025-04-04T11:42:50","modified_gmt":"2025-04-04T09:42:50","slug":"la-resiliencia-vencer-la-adversidad-y-crecer","status":"publish","type":"post","link":"https:\/\/rafaramirez.org\/blog\/index.php\/2025\/04\/04\/la-resiliencia-vencer-la-adversidad-y-crecer\/","title":{"rendered":"Resiliencia: No te dejes vencer por las dificultades sino crece ante la adversidad."},"content":{"rendered":"<p data-sourcepos=\"3:1-3:275\">La resiliencia es la capacidad de sobreponerse a las dificultades y adaptarse de manera positiva a los cambios. Es como un resorte que, al ser comprimido por la adversidad, no solo vuelve a su estado original, sino que se fortalece y emerge con mayor impulso.<br \/>\nNo se trata solo de superar la crisis, sino de crecer a partir de ella. La persona resiliente no se deja vencer por las dificultades, sino que las ve como oportunidades para aprender y crecer.<\/p>\n<figure id=\"attachment_4059\" aria-describedby=\"caption-attachment-4059\" style=\"width: 300px\" class=\"wp-caption aligncenter\"><a href=\"https:\/\/rafaramirez.org\/blog\/wp-content\/uploads\/2024\/04\/resiliencia2_blogderafaelramirez_logblog.jpg\"><img loading=\"lazy\" decoding=\"async\" class=\"wp-image-4059 size-medium\" src=\"https:\/\/rafaramirez.org\/blog\/wp-content\/uploads\/2024\/04\/resiliencia2_blogderafaelramirez_logblog-300x300.jpg\" alt=\"Resiliencia. Informe social. Blog de Rafael Ram\u00edrez.\" width=\"300\" height=\"300\" srcset=\"https:\/\/rafaramirez.org\/blog\/wp-content\/uploads\/2024\/04\/resiliencia2_blogderafaelramirez_logblog-300x300.jpg 300w, https:\/\/rafaramirez.org\/blog\/wp-content\/uploads\/2024\/04\/resiliencia2_blogderafaelramirez_logblog-150x150.jpg 150w, https:\/\/rafaramirez.org\/blog\/wp-content\/uploads\/2024\/04\/resiliencia2_blogderafaelramirez_logblog-768x768.jpg 768w, https:\/\/rafaramirez.org\/blog\/wp-content\/uploads\/2024\/04\/resiliencia2_blogderafaelramirez_logblog.jpg 1000w\" sizes=\"auto, (max-width: 300px) 100vw, 300px\" \/><\/a><figcaption id=\"caption-attachment-4059\" class=\"wp-caption-text\">Resiliencia. Informe social. Blog de Rafael Ram\u00edrez.<\/figcaption><\/figure>\n<h4 data-sourcepos=\"7:1-7:33\">Beneficios de la resiliencia:<\/h4>\n<ul>\n<li data-sourcepos=\"7:1-7:33\">Mayor bienestar emocional: reduce el estr\u00e9s, la ansiedad y la depresi\u00f3n.<\/li>\n<li data-sourcepos=\"7:1-7:33\">Mejor salud f\u00edsica: fortalece el sistema inmunol\u00f3gico y reduce el riesgo de enfermedades.<\/li>\n<li data-sourcepos=\"7:1-7:33\">Mayor capacidad de adaptaci\u00f3n: permite afrontar los cambios con flexibilidad y creatividad.<\/li>\n<li data-sourcepos=\"7:1-7:33\">Mejoras en las relaciones: Fortalece los v\u00ednculos con los dem\u00e1s.<\/li>\n<li data-sourcepos=\"7:1-7:33\">Mayor \u00e9xito personal: aumenta la confianza en uno mismo y la capacidad de alcanzar metas.<\/li>\n<\/ul>\n<h4>C\u00f3mo aplicar la resiliencia a nuestra vida:<\/h4>\n<ul>\n<li>Desarrollar una actitud positiva: enfocarse en lo bueno de la vida y buscar oportunidades en las dificultades.<\/li>\n<li>Cultivar relaciones fuertes: buscar apoyo en la familia, amigos y comunidad.<\/li>\n<li>Aprender a manejar el estr\u00e9s: practicar t\u00e9cnicas de relajaci\u00f3n como la meditaci\u00f3n o el yoga.<\/li>\n<li>Cuidar la salud f\u00edsica: dormir bien, comer sano y hacer ejercicio con regularidad.<\/li>\n<li>Ser flexible y adaptable: aceptar que el cambio es inevitable y aprender a adaptarse a \u00e9l.<\/li>\n<li>Tener un prop\u00f3sito en la vida: encontrar algo que nos motive y nos d\u00e9 sentido.<\/li>\n<\/ul>\n<p>La resiliencia es una actitud ante la vida que se puede aprender y desarrollar. No implica que no vayamos a experimentar dolor o sufrimiento, pero s\u00ed nos permite afrontarlos de manera m\u00e1s saludable y constructiva.<\/p>\n<figure id=\"attachment_4060\" aria-describedby=\"caption-attachment-4060\" style=\"width: 300px\" class=\"wp-caption aligncenter\"><a href=\"https:\/\/rafaramirez.org\/blog\/wp-content\/uploads\/2024\/04\/resiliencia3_blogderafaelramirez_logblog.jpg\" target=\"_blank\" rel=\"noopener\"><img loading=\"lazy\" decoding=\"async\" class=\"wp-image-4060 size-medium\" src=\"https:\/\/rafaramirez.org\/blog\/wp-content\/uploads\/2024\/04\/resiliencia3_blogderafaelramirez_logblog-300x300.jpg\" alt=\"Resiliencia. Informe social. Blog de Rafael Ram\u00edrez.\" width=\"300\" height=\"300\" srcset=\"https:\/\/rafaramirez.org\/blog\/wp-content\/uploads\/2024\/04\/resiliencia3_blogderafaelramirez_logblog-300x300.jpg 300w, https:\/\/rafaramirez.org\/blog\/wp-content\/uploads\/2024\/04\/resiliencia3_blogderafaelramirez_logblog-150x150.jpg 150w, https:\/\/rafaramirez.org\/blog\/wp-content\/uploads\/2024\/04\/resiliencia3_blogderafaelramirez_logblog-768x768.jpg 768w, https:\/\/rafaramirez.org\/blog\/wp-content\/uploads\/2024\/04\/resiliencia3_blogderafaelramirez_logblog.jpg 1000w\" sizes=\"auto, (max-width: 300px) 100vw, 300px\" \/><\/a><figcaption id=\"caption-attachment-4060\" class=\"wp-caption-text\">Resiliencia. Informe social. Blog de Rafael Ram\u00edrez.<\/figcaption><\/figure>\n<h4 data-sourcepos=\"24:1-24:217\">Gracias a este cuento, entender\u00e1s mejor esta opci\u00f3n de vida:<\/h4>\n<blockquote><p>Hab\u00eda una vez un peque\u00f1o \u00e1rbol en medio de un frondoso bosque. Este \u00e1rbol, llam\u00e9moslo Roble, era en cierto modo m\u00e1gico, ya que pose\u00eda el don del pensamiento y la palabra (al fin y al cabo es un cuento).<\/p>\n<p>Como pod\u00e9is imaginar, el Roble enfrent\u00f3 muchas tormentas a lo largo de su vida. Los vientos huracanados intentaron doblarlo y romperlo, pero el roble se manten\u00eda firme. \u00bfCu\u00e1l era su secreto? La resiliencia.<\/p>\n<p>El Roble no era el m\u00e1s alto ni el m\u00e1s fuerte, pero ten\u00eda una habilidad especial. Cada vez que se avecinaba una tormenta, sus ra\u00edces se aferraban m\u00e1s fuerte al suelo. Sus ramas se doblaban, pero nunca se romp\u00edan. Aprendi\u00f3 a adaptarse a las cambiantes condiciones del bosque y a encontrar oportunidades incluso en la adversidad.<\/p>\n<figure id=\"attachment_4061\" aria-describedby=\"caption-attachment-4061\" style=\"width: 300px\" class=\"wp-caption aligncenter\"><a href=\"https:\/\/rafaramirez.org\/blog\/wp-content\/uploads\/2024\/04\/resiliencia4_blogderafaelramirez_logblog.jpg\" target=\"_blank\" rel=\"noopener\"><img loading=\"lazy\" decoding=\"async\" class=\"wp-image-4061 size-medium\" src=\"https:\/\/rafaramirez.org\/blog\/wp-content\/uploads\/2024\/04\/resiliencia4_blogderafaelramirez_logblog-300x300.jpg\" alt=\"Resiliencia. Informe social. Blog de Rafael Ram\u00edrez.\" width=\"300\" height=\"300\" srcset=\"https:\/\/rafaramirez.org\/blog\/wp-content\/uploads\/2024\/04\/resiliencia4_blogderafaelramirez_logblog-300x300.jpg 300w, https:\/\/rafaramirez.org\/blog\/wp-content\/uploads\/2024\/04\/resiliencia4_blogderafaelramirez_logblog-150x150.jpg 150w, https:\/\/rafaramirez.org\/blog\/wp-content\/uploads\/2024\/04\/resiliencia4_blogderafaelramirez_logblog-768x768.jpg 768w, https:\/\/rafaramirez.org\/blog\/wp-content\/uploads\/2024\/04\/resiliencia4_blogderafaelramirez_logblog.jpg 1000w\" sizes=\"auto, (max-width: 300px) 100vw, 300px\" \/><\/a><figcaption id=\"caption-attachment-4061\" class=\"wp-caption-text\">Resiliencia. Informe social. Blog de Rafael Ram\u00edrez.<\/figcaption><\/figure>\n<p>Un d\u00eda, una sequ\u00eda prolongada asol\u00f3 el bosque. Otros \u00e1rboles se marchitaron y perdieron sus hojas, pero el Roble permaneci\u00f3 en pie. Sus hojas se volvieron m\u00e1s gruesas y resistentes para conservar la humedad. A medida que las nubes grises se cern\u00edan sobre \u00e9l, el Roble recordaba que la lluvia llegar\u00eda eventualmente.<\/p>\n<p>La resiliencia del Roble no solo se manifestaba en su resistencia f\u00edsica, sino tambi\u00e9n en su mente. No se lamentaba por las tormentas pasadas ni tem\u00eda las futuras. En cambio, se centraba en el presente y en c\u00f3mo crecer a pesar de las circunstancias.<\/p>\n<p>Un d\u00eda, un grupo de ni\u00f1os exploradores lleg\u00f3 al bosque. Se maravillaron ante la majestuosidad del Roble y le preguntaron: \u00ab\u00bfC\u00f3mo logras sobrevivir a todas las tormentas?\u00bb. El Roble les respondi\u00f3:<br \/>\n\u00abLa resiliencia no es solo una actitud vital, es una forma de ser. Se trata de adaptarse, aprender y crecer.<\/p>\n<p><span style=\"color: var(--tw-prose-quotes);\"> Aqu\u00ed est\u00e1n algunas lecciones que he aprendido:<\/span><\/p>\n<ol>\n<li>Acepta lo que no puedes cambiar: no puedo evitar las tormentas, pero s\u00ed puedo fortalecer mis ra\u00edces para resistirlas.<\/li>\n<li>Encuentra oportunidades en la adversidad: cada tormenta conlleva la posibilidad de crecimiento y renovaci\u00f3n.<\/li>\n<li>Mant\u00e9n la esperanza: la sequ\u00eda no durar\u00e1 para siempre. La lluvia siempre llega.<\/li>\n<li>No te quiebres, d\u00f3blate: las ramas flexibles son m\u00e1s dif\u00edciles de romper.<\/li>\n<li>Cuida de ti mismo: fortalece tu cuerpo y tu mente para enfrentar los desaf\u00edos\u00bb.<\/li>\n<\/ol>\n<figure id=\"attachment_4062\" aria-describedby=\"caption-attachment-4062\" style=\"width: 300px\" class=\"wp-caption aligncenter\"><a href=\"https:\/\/rafaramirez.org\/blog\/wp-content\/uploads\/2024\/04\/resiliencia5_blogderafaelramirez_logblog.jpg\" target=\"_blank\" rel=\"noopener\"><img loading=\"lazy\" decoding=\"async\" class=\"wp-image-4062 size-medium\" src=\"https:\/\/rafaramirez.org\/blog\/wp-content\/uploads\/2024\/04\/resiliencia5_blogderafaelramirez_logblog-300x300.jpg\" alt=\"Resiliencia. Informe social. Blog de Rafael Ram\u00edrez.\" width=\"300\" height=\"300\" srcset=\"https:\/\/rafaramirez.org\/blog\/wp-content\/uploads\/2024\/04\/resiliencia5_blogderafaelramirez_logblog-300x300.jpg 300w, https:\/\/rafaramirez.org\/blog\/wp-content\/uploads\/2024\/04\/resiliencia5_blogderafaelramirez_logblog-150x150.jpg 150w, https:\/\/rafaramirez.org\/blog\/wp-content\/uploads\/2024\/04\/resiliencia5_blogderafaelramirez_logblog-768x768.jpg 768w, https:\/\/rafaramirez.org\/blog\/wp-content\/uploads\/2024\/04\/resiliencia5_blogderafaelramirez_logblog.jpg 1000w\" sizes=\"auto, (max-width: 300px) 100vw, 300px\" \/><\/a><figcaption id=\"caption-attachment-4062\" class=\"wp-caption-text\">Resiliencia. Informe social. Blog de Rafael Ram\u00edrez.<\/figcaption><\/figure>\n<p>Los ni\u00f1os escucharon atentamente y prometieron llevar consigo las lecciones aprendidas. Se dieron cuenta de que la resiliencia no era solo una palabra, sino una forma de vida. As\u00ed, el peque\u00f1o Roble creci\u00f3 y se convirti\u00f3 en un s\u00edmbolo de esperanza y fortaleza para todos los que lo rodeaban.<\/p><\/blockquote>\n<p data-sourcepos=\"26:1-26:13\"><strong>No olvides:<\/strong><\/p>\n<ul data-sourcepos=\"28:1-31:0\">\n<li data-sourcepos=\"28:1-28:102\">La resiliencia no es un regalo, sino una habilidad que se puede desarrollar con esfuerzo y dedicaci\u00f3n.<\/li>\n<li data-sourcepos=\"28:1-28:102\">No existe una f\u00f3rmula m\u00e1gica para ser resiliente, pero existen muchas estrategias que pueden ayudarte a fortalecer tu capacidad de adaptaci\u00f3n.<\/li>\n<\/ul>\n<p>Si est\u00e1s pasando por un momento dif\u00edcil, no dudes en buscar ayuda.<\/p>\n<p>Algunos ejemplos hist\u00f3ricos de personas resilientes son <strong>Nelson Mandela<\/strong>, quien pas\u00f3 27 a\u00f1os en prisi\u00f3n y luego lider\u00f3 su pa\u00eds hacia la igualdad y la reconciliaci\u00f3n, y <strong>Malala Yousafzai,<\/strong> quien sobrevivi\u00f3 a un intento de asesinato y contin\u00faa luchando por la educaci\u00f3n y la igualdad de g\u00e9nero.<\/p>\n<p data-sourcepos=\"32:1-32:25\">Espero que esta informaci\u00f3n te haya servido para comprender mejor qu\u00e9 es la resiliencia y c\u00f3mo puedes trabajar para integrarla en tu vida.<\/p>\n<p data-sourcepos=\"32:1-32:25\">M\u00e1s informaci\u00f3n:<\/p>\n<ul data-sourcepos=\"34:1-37:0\">\n<li data-sourcepos=\"34:1-34:160\"><a href=\"https:\/\/es.wikipedia.org\/wiki\/Resiliencia_(psicolog%C3%ADa)\" target=\"_blank\" rel=\"noopener\">Wikipedia<\/a>.<\/li>\n<li data-sourcepos=\"35:1-35:219\"><a href=\"https:\/\/www.elpradopsicologos.es\/blog\/resiliencia-resilientes\/\" target=\"_blank\" rel=\"noopener\">El Prado Psic\u00f3logos<\/a>.<\/li>\n<li data-sourcepos=\"36:1-37:0\"><a href=\"https:\/\/somosestupendas.com\/resiliencia\/\" target=\"_blank\" rel=\"noopener\">Somos Estupendas<\/a>.<\/li>\n<li data-sourcepos=\"36:1-37:0\"><a href=\"https:\/\/rafaramirez.org\/blog\/index.php\/category\/noticias-sociales\/\" target=\"_blank\" rel=\"noopener\">Otros informes sociales<\/a>.<\/li>\n<\/ul>\n","protected":false},"excerpt":{"rendered":"<p>La resiliencia es la capacidad de sobreponerse a las dificultades y adaptarse de manera positiva a los cambios. Es como un resorte que, al ser comprimido por la adversidad, no solo vuelve a su estado original, sino que se fortalece y emerge con mayor impulso. No se trata solo de superar la crisis, sino de [&hellip;]<\/p>\n","protected":false},"author":1,"featured_media":8902,"comment_status":"open","ping_status":"closed","sticky":false,"template":"","format":"standard","meta":{"site-container-style":"default","site-container-layout":"default","site-sidebar-layout":"default","disable-article-header":"default","disable-site-header":"default","disable-site-footer":"default","disable-content-area-spacing":"default","_jetpack_newsletter_access":"","_jetpack_dont_email_post_to_subs":false,"_jetpack_newsletter_tier_id":0,"_jetpack_memberships_contains_paywalled_content":false,"_jetpack_feature_clip_id":0,"_jetpack_memberships_contains_paid_content":false,"footnotes":"","jetpack_publicize_message":"","jetpack_publicize_feature_enabled":true,"jetpack_social_post_already_shared":true,"jetpack_social_options":{"image_generator_settings":{"template":"highway","default_image_id":0,"font":"","enabled":false},"version":2},"jetpack_post_was_ever_published":false},"categories":[15],"tags":[1641,1632,1636,1646,1637,1635,1634,1645,1642,1638,1630,1639,1643,1644,1633,1640,1631],"class_list":["post-8900","post","type-post","status-publish","format-standard","has-post-thumbnail","hentry","category-noticias-sociales","tag-acepta-lo-que-no-puedes-cambiar","tag-adaptarse-a-los-cambios","tag-aprender-a-manejar-el-estres","tag-cuida-de-ti-mismo","tag-cuidar-de-la-salud-fisica","tag-cultivar-relaciones-fuertes","tag-desarrollar-una-actitud-positiva","tag-doblate","tag-encuentra-oportunidades-en-la-adversidad","tag-ener-un-proposito-en-la-vida","tag-la-resiliencia","tag-la-resiliencia-es-una-actitud-de-vida","tag-manten-la-esperanza","tag-no-te-quiebres","tag-oportunidades-de-aprendizaje-y-crecimiento","tag-saludable-y-constructiva","tag-sobreponerse-a-las-dificultades"],"yoast_head":"<!-- This site is optimized with the Yoast SEO plugin v28.4 - https:\/\/yoast.com\/product\/yoast-seo-wordpress\/ -->\n<title>Resiliencia: No te dejes vencer por las dificultades sino crece ante la adversidad. - Blog de Rafael Ram\u00edrez<\/title>\n<meta name=\"description\" content=\"La resiliencia es la capacidad de sobreponerse a las dificultades y adaptarse de manera positiva a los cambios. Es como un resorte que, al ser\" \/>\n<meta name=\"robots\" content=\"index, follow, max-snippet:-1, max-image-preview:large, max-video-preview:-1\" \/>\n<link rel=\"canonical\" href=\"https:\/\/rafaramirez.org\/blog\/index.php\/2025\/04\/04\/la-resiliencia-vencer-la-adversidad-y-crecer\/\" \/>\n<meta property=\"og:locale\" content=\"es_ES\" \/>\n<meta property=\"og:type\" content=\"article\" \/>\n<meta property=\"og:title\" content=\"Resiliencia: No te dejes vencer por las dificultades sino crece ante la adversidad. - Blog de Rafael Ram\u00edrez\" \/>\n<meta property=\"og:description\" content=\"La resiliencia es la capacidad de sobreponerse a las dificultades y adaptarse de manera positiva a los cambios. Es como un resorte que, al ser\" \/>\n<meta property=\"og:url\" content=\"https:\/\/rafaramirez.org\/blog\/index.php\/2025\/04\/04\/la-resiliencia-vencer-la-adversidad-y-crecer\/\" \/>\n<meta property=\"og:site_name\" content=\"Blog de Rafael Ram\u00edrez\" \/>\n<meta property=\"article:published_time\" content=\"2025-04-04T09:08:56+00:00\" \/>\n<meta property=\"article:modified_time\" content=\"2025-04-04T09:42:50+00:00\" \/>\n<meta property=\"og:image\" content=\"https:\/\/rafaramirez.org\/blog\/wp-content\/uploads\/2025\/04\/Resiliencia_banner.jpg\" \/>\n\t<meta property=\"og:image:width\" content=\"720\" \/>\n\t<meta property=\"og:image:height\" content=\"440\" \/>\n\t<meta property=\"og:image:type\" content=\"image\/jpeg\" \/>\n<meta name=\"author\" content=\"Rafael Ram\u00edrez\" \/>\n<meta name=\"twitter:card\" content=\"summary_large_image\" \/>\n<meta name=\"twitter:creator\" content=\"@rafaramirez_ok\" \/>\n<meta name=\"twitter:site\" content=\"@rafaramirez_ok\" \/>\n<meta name=\"twitter:label1\" content=\"Escrito por\" \/>\n\t<meta name=\"twitter:data1\" content=\"Rafael Ram\u00edrez\" \/>\n\t<meta name=\"twitter:label2\" content=\"Tiempo de lectura\" \/>\n\t<meta name=\"twitter:data2\" content=\"3 minutos\" \/>\n<script type=\"application\/ld+json\" class=\"yoast-schema-graph\">{\"@context\":\"https:\\\/\\\/schema.org\",\"@graph\":[{\"@type\":\"Article\",\"@id\":\"https:\\\/\\\/rafaramirez.org\\\/blog\\\/index.php\\\/2025\\\/04\\\/04\\\/la-resiliencia-vencer-la-adversidad-y-crecer\\\/#article\",\"isPartOf\":{\"@id\":\"https:\\\/\\\/rafaramirez.org\\\/blog\\\/index.php\\\/2025\\\/04\\\/04\\\/la-resiliencia-vencer-la-adversidad-y-crecer\\\/\"},\"author\":{\"name\":\"Rafael Ram\u00edrez\",\"@id\":\"https:\\\/\\\/rafaramirez.org\\\/blog\\\/#\\\/schema\\\/person\\\/50f43b6d60c578760d4c17bda54ab6a5\"},\"headline\":\"Resiliencia: No te dejes vencer por las dificultades sino crece ante la adversidad.\",\"datePublished\":\"2025-04-04T09:08:56+00:00\",\"dateModified\":\"2025-04-04T09:42:50+00:00\",\"mainEntityOfPage\":{\"@id\":\"https:\\\/\\\/rafaramirez.org\\\/blog\\\/index.php\\\/2025\\\/04\\\/04\\\/la-resiliencia-vencer-la-adversidad-y-crecer\\\/\"},\"wordCount\":966,\"commentCount\":0,\"publisher\":{\"@id\":\"https:\\\/\\\/rafaramirez.org\\\/blog\\\/#\\\/schema\\\/person\\\/50f43b6d60c578760d4c17bda54ab6a5\"},\"image\":{\"@id\":\"https:\\\/\\\/rafaramirez.org\\\/blog\\\/index.php\\\/2025\\\/04\\\/04\\\/la-resiliencia-vencer-la-adversidad-y-crecer\\\/#primaryimage\"},\"thumbnailUrl\":\"https:\\\/\\\/rafaramirez.org\\\/blog\\\/wp-content\\\/uploads\\\/2025\\\/04\\\/Resiliencia_banner.jpg\",\"keywords\":[\"Acepta lo que no puedes cambiar\",\"adaptarse a los cambios\",\"Aprender a manejar el estr\u00e9s\",\"Cuida de ti mismo\",\"Cuidar de la salud f\u00edsica\",\"Cultivar relaciones fuertes\",\"Desarrollar una actitud positiva\",\"d\u00f3blate\",\"Encuentra oportunidades en la adversidad\",\"ener un prop\u00f3sito en la vida\",\"La resiliencia\",\"La resiliencia es una actitud de vida\",\"Mant\u00e9n la esperanza\",\"No te quiebres\",\"oportunidades de aprendizaje y crecimiento\",\"saludable y constructiva\",\"sobreponerse a las dificultades\"],\"articleSection\":[\"Informe social\"],\"inLanguage\":\"es\",\"potentialAction\":[{\"@type\":\"CommentAction\",\"name\":\"Comment\",\"target\":[\"https:\\\/\\\/rafaramirez.org\\\/blog\\\/index.php\\\/2025\\\/04\\\/04\\\/la-resiliencia-vencer-la-adversidad-y-crecer\\\/#respond\"]}]},{\"@type\":\"WebPage\",\"@id\":\"https:\\\/\\\/rafaramirez.org\\\/blog\\\/index.php\\\/2025\\\/04\\\/04\\\/la-resiliencia-vencer-la-adversidad-y-crecer\\\/\",\"url\":\"https:\\\/\\\/rafaramirez.org\\\/blog\\\/index.php\\\/2025\\\/04\\\/04\\\/la-resiliencia-vencer-la-adversidad-y-crecer\\\/\",\"name\":\"Resiliencia: No te dejes vencer por las dificultades sino crece ante la adversidad. - Blog de Rafael Ram\u00edrez\",\"isPartOf\":{\"@id\":\"https:\\\/\\\/rafaramirez.org\\\/blog\\\/#website\"},\"primaryImageOfPage\":{\"@id\":\"https:\\\/\\\/rafaramirez.org\\\/blog\\\/index.php\\\/2025\\\/04\\\/04\\\/la-resiliencia-vencer-la-adversidad-y-crecer\\\/#primaryimage\"},\"image\":{\"@id\":\"https:\\\/\\\/rafaramirez.org\\\/blog\\\/index.php\\\/2025\\\/04\\\/04\\\/la-resiliencia-vencer-la-adversidad-y-crecer\\\/#primaryimage\"},\"thumbnailUrl\":\"https:\\\/\\\/rafaramirez.org\\\/blog\\\/wp-content\\\/uploads\\\/2025\\\/04\\\/Resiliencia_banner.jpg\",\"datePublished\":\"2025-04-04T09:08:56+00:00\",\"dateModified\":\"2025-04-04T09:42:50+00:00\",\"description\":\"La resiliencia es la capacidad de sobreponerse a las dificultades y adaptarse de manera positiva a los cambios. Es como un resorte que, al ser\",\"breadcrumb\":{\"@id\":\"https:\\\/\\\/rafaramirez.org\\\/blog\\\/index.php\\\/2025\\\/04\\\/04\\\/la-resiliencia-vencer-la-adversidad-y-crecer\\\/#breadcrumb\"},\"inLanguage\":\"es\",\"potentialAction\":[{\"@type\":\"ReadAction\",\"target\":[\"https:\\\/\\\/rafaramirez.org\\\/blog\\\/index.php\\\/2025\\\/04\\\/04\\\/la-resiliencia-vencer-la-adversidad-y-crecer\\\/\"]}]},{\"@type\":\"ImageObject\",\"inLanguage\":\"es\",\"@id\":\"https:\\\/\\\/rafaramirez.org\\\/blog\\\/index.php\\\/2025\\\/04\\\/04\\\/la-resiliencia-vencer-la-adversidad-y-crecer\\\/#primaryimage\",\"url\":\"https:\\\/\\\/rafaramirez.org\\\/blog\\\/wp-content\\\/uploads\\\/2025\\\/04\\\/Resiliencia_banner.jpg\",\"contentUrl\":\"https:\\\/\\\/rafaramirez.org\\\/blog\\\/wp-content\\\/uploads\\\/2025\\\/04\\\/Resiliencia_banner.jpg\",\"width\":720,\"height\":440,\"caption\":\"Resiliencia. Informe social. Blog de Rafael Ram\u00edrez.\"},{\"@type\":\"BreadcrumbList\",\"@id\":\"https:\\\/\\\/rafaramirez.org\\\/blog\\\/index.php\\\/2025\\\/04\\\/04\\\/la-resiliencia-vencer-la-adversidad-y-crecer\\\/#breadcrumb\",\"itemListElement\":[{\"@type\":\"ListItem\",\"position\":1,\"name\":\"Portada\",\"item\":\"https:\\\/\\\/rafaramirez.org\\\/blog\\\/\"},{\"@type\":\"ListItem\",\"position\":2,\"name\":\"Resiliencia: No te dejes vencer por las dificultades sino crece ante la adversidad.\"}]},{\"@type\":\"WebSite\",\"@id\":\"https:\\\/\\\/rafaramirez.org\\\/blog\\\/#website\",\"url\":\"https:\\\/\\\/rafaramirez.org\\\/blog\\\/\",\"name\":\"Blog de Rafael Ram\u00edrez\",\"description\":\"Un sitio social, de arte y cultura\",\"publisher\":{\"@id\":\"https:\\\/\\\/rafaramirez.org\\\/blog\\\/#\\\/schema\\\/person\\\/50f43b6d60c578760d4c17bda54ab6a5\"},\"potentialAction\":[{\"@type\":\"SearchAction\",\"target\":{\"@type\":\"EntryPoint\",\"urlTemplate\":\"https:\\\/\\\/rafaramirez.org\\\/blog\\\/?s={search_term_string}\"},\"query-input\":{\"@type\":\"PropertyValueSpecification\",\"valueRequired\":true,\"valueName\":\"search_term_string\"}}],\"inLanguage\":\"es\"},{\"@type\":[\"Person\",\"Organization\"],\"@id\":\"https:\\\/\\\/rafaramirez.org\\\/blog\\\/#\\\/schema\\\/person\\\/50f43b6d60c578760d4c17bda54ab6a5\",\"name\":\"Rafael Ram\u00edrez\",\"image\":{\"@type\":\"ImageObject\",\"inLanguage\":\"es\",\"@id\":\"https:\\\/\\\/rafaramirez.org\\\/blog\\\/wp-content\\\/uploads\\\/2024\\\/09\\\/RR_socialnetwork.jpg\",\"url\":\"https:\\\/\\\/rafaramirez.org\\\/blog\\\/wp-content\\\/uploads\\\/2024\\\/09\\\/RR_socialnetwork.jpg\",\"contentUrl\":\"https:\\\/\\\/rafaramirez.org\\\/blog\\\/wp-content\\\/uploads\\\/2024\\\/09\\\/RR_socialnetwork.jpg\",\"width\":600,\"height\":606,\"caption\":\"Rafael Ram\u00edrez\"},\"logo\":{\"@id\":\"https:\\\/\\\/rafaramirez.org\\\/blog\\\/wp-content\\\/uploads\\\/2024\\\/09\\\/RR_socialnetwork.jpg\"},\"sameAs\":[\"https:\\\/\\\/www.rafaramirez.org\\\/blog\",\"https:\\\/\\\/www.instagram.com\\\/rafaramirez_ok\\\/\",\"https:\\\/\\\/es.pinterest.com\\\/Ramirez_Rafa\\\/\",\"https:\\\/\\\/x.com\\\/rafaramirez_ok\"],\"url\":\"https:\\\/\\\/rafaramirez.org\\\/blog\\\/index.php\\\/author\\\/rafaell_qm6j97da\\\/\"}]}<\/script>\n<!-- \/ Yoast SEO plugin. -->","yoast_head_json":{"title":"Resiliencia: No te dejes vencer por las dificultades sino crece ante la adversidad. - Blog de Rafael Ram\u00edrez","description":"La resiliencia es la capacidad de sobreponerse a las dificultades y adaptarse de manera positiva a los cambios. Es como un resorte que, al ser","robots":{"index":"index","follow":"follow","max-snippet":"max-snippet:-1","max-image-preview":"max-image-preview:large","max-video-preview":"max-video-preview:-1"},"canonical":"https:\/\/rafaramirez.org\/blog\/index.php\/2025\/04\/04\/la-resiliencia-vencer-la-adversidad-y-crecer\/","og_locale":"es_ES","og_type":"article","og_title":"Resiliencia: No te dejes vencer por las dificultades sino crece ante la adversidad. - Blog de Rafael Ram\u00edrez","og_description":"La resiliencia es la capacidad de sobreponerse a las dificultades y adaptarse de manera positiva a los cambios. Es como un resorte que, al ser","og_url":"https:\/\/rafaramirez.org\/blog\/index.php\/2025\/04\/04\/la-resiliencia-vencer-la-adversidad-y-crecer\/","og_site_name":"Blog de Rafael Ram\u00edrez","article_published_time":"2025-04-04T09:08:56+00:00","article_modified_time":"2025-04-04T09:42:50+00:00","og_image":[{"width":720,"height":440,"url":"https:\/\/rafaramirez.org\/blog\/wp-content\/uploads\/2025\/04\/Resiliencia_banner.jpg","type":"image\/jpeg"}],"author":"Rafael Ram\u00edrez","twitter_card":"summary_large_image","twitter_creator":"@rafaramirez_ok","twitter_site":"@rafaramirez_ok","twitter_misc":{"Escrito por":"Rafael Ram\u00edrez","Tiempo de lectura":"3 minutos"},"schema":{"@context":"https:\/\/schema.org","@graph":[{"@type":"Article","@id":"https:\/\/rafaramirez.org\/blog\/index.php\/2025\/04\/04\/la-resiliencia-vencer-la-adversidad-y-crecer\/#article","isPartOf":{"@id":"https:\/\/rafaramirez.org\/blog\/index.php\/2025\/04\/04\/la-resiliencia-vencer-la-adversidad-y-crecer\/"},"author":{"name":"Rafael Ram\u00edrez","@id":"https:\/\/rafaramirez.org\/blog\/#\/schema\/person\/50f43b6d60c578760d4c17bda54ab6a5"},"headline":"Resiliencia: No te dejes vencer por las dificultades sino crece ante la adversidad.","datePublished":"2025-04-04T09:08:56+00:00","dateModified":"2025-04-04T09:42:50+00:00","mainEntityOfPage":{"@id":"https:\/\/rafaramirez.org\/blog\/index.php\/2025\/04\/04\/la-resiliencia-vencer-la-adversidad-y-crecer\/"},"wordCount":966,"commentCount":0,"publisher":{"@id":"https:\/\/rafaramirez.org\/blog\/#\/schema\/person\/50f43b6d60c578760d4c17bda54ab6a5"},"image":{"@id":"https:\/\/rafaramirez.org\/blog\/index.php\/2025\/04\/04\/la-resiliencia-vencer-la-adversidad-y-crecer\/#primaryimage"},"thumbnailUrl":"https:\/\/rafaramirez.org\/blog\/wp-content\/uploads\/2025\/04\/Resiliencia_banner.jpg","keywords":["Acepta lo que no puedes cambiar","adaptarse a los cambios","Aprender a manejar el estr\u00e9s","Cuida de ti mismo","Cuidar de la salud f\u00edsica","Cultivar relaciones fuertes","Desarrollar una actitud positiva","d\u00f3blate","Encuentra oportunidades en la adversidad","ener un prop\u00f3sito en la vida","La resiliencia","La resiliencia es una actitud de vida","Mant\u00e9n la esperanza","No te quiebres","oportunidades de aprendizaje y crecimiento","saludable y constructiva","sobreponerse a las dificultades"],"articleSection":["Informe social"],"inLanguage":"es","potentialAction":[{"@type":"CommentAction","name":"Comment","target":["https:\/\/rafaramirez.org\/blog\/index.php\/2025\/04\/04\/la-resiliencia-vencer-la-adversidad-y-crecer\/#respond"]}]},{"@type":"WebPage","@id":"https:\/\/rafaramirez.org\/blog\/index.php\/2025\/04\/04\/la-resiliencia-vencer-la-adversidad-y-crecer\/","url":"https:\/\/rafaramirez.org\/blog\/index.php\/2025\/04\/04\/la-resiliencia-vencer-la-adversidad-y-crecer\/","name":"Resiliencia: No te dejes vencer por las dificultades sino crece ante la adversidad. - Blog de Rafael Ram\u00edrez","isPartOf":{"@id":"https:\/\/rafaramirez.org\/blog\/#website"},"primaryImageOfPage":{"@id":"https:\/\/rafaramirez.org\/blog\/index.php\/2025\/04\/04\/la-resiliencia-vencer-la-adversidad-y-crecer\/#primaryimage"},"image":{"@id":"https:\/\/rafaramirez.org\/blog\/index.php\/2025\/04\/04\/la-resiliencia-vencer-la-adversidad-y-crecer\/#primaryimage"},"thumbnailUrl":"https:\/\/rafaramirez.org\/blog\/wp-content\/uploads\/2025\/04\/Resiliencia_banner.jpg","datePublished":"2025-04-04T09:08:56+00:00","dateModified":"2025-04-04T09:42:50+00:00","description":"La resiliencia es la capacidad de sobreponerse a las dificultades y adaptarse de manera positiva a los cambios. Es como un resorte que, al ser","breadcrumb":{"@id":"https:\/\/rafaramirez.org\/blog\/index.php\/2025\/04\/04\/la-resiliencia-vencer-la-adversidad-y-crecer\/#breadcrumb"},"inLanguage":"es","potentialAction":[{"@type":"ReadAction","target":["https:\/\/rafaramirez.org\/blog\/index.php\/2025\/04\/04\/la-resiliencia-vencer-la-adversidad-y-crecer\/"]}]},{"@type":"ImageObject","inLanguage":"es","@id":"https:\/\/rafaramirez.org\/blog\/index.php\/2025\/04\/04\/la-resiliencia-vencer-la-adversidad-y-crecer\/#primaryimage","url":"https:\/\/rafaramirez.org\/blog\/wp-content\/uploads\/2025\/04\/Resiliencia_banner.jpg","contentUrl":"https:\/\/rafaramirez.org\/blog\/wp-content\/uploads\/2025\/04\/Resiliencia_banner.jpg","width":720,"height":440,"caption":"Resiliencia. Informe social. Blog de Rafael Ram\u00edrez."},{"@type":"BreadcrumbList","@id":"https:\/\/rafaramirez.org\/blog\/index.php\/2025\/04\/04\/la-resiliencia-vencer-la-adversidad-y-crecer\/#breadcrumb","itemListElement":[{"@type":"ListItem","position":1,"name":"Portada","item":"https:\/\/rafaramirez.org\/blog\/"},{"@type":"ListItem","position":2,"name":"Resiliencia: No te dejes vencer por las dificultades sino crece ante la adversidad."}]},{"@type":"WebSite","@id":"https:\/\/rafaramirez.org\/blog\/#website","url":"https:\/\/rafaramirez.org\/blog\/","name":"Blog de Rafael Ram\u00edrez","description":"Un sitio social, de arte y cultura","publisher":{"@id":"https:\/\/rafaramirez.org\/blog\/#\/schema\/person\/50f43b6d60c578760d4c17bda54ab6a5"},"potentialAction":[{"@type":"SearchAction","target":{"@type":"EntryPoint","urlTemplate":"https:\/\/rafaramirez.org\/blog\/?s={search_term_string}"},"query-input":{"@type":"PropertyValueSpecification","valueRequired":true,"valueName":"search_term_string"}}],"inLanguage":"es"},{"@type":["Person","Organization"],"@id":"https:\/\/rafaramirez.org\/blog\/#\/schema\/person\/50f43b6d60c578760d4c17bda54ab6a5","name":"Rafael Ram\u00edrez","image":{"@type":"ImageObject","inLanguage":"es","@id":"https:\/\/rafaramirez.org\/blog\/wp-content\/uploads\/2024\/09\/RR_socialnetwork.jpg","url":"https:\/\/rafaramirez.org\/blog\/wp-content\/uploads\/2024\/09\/RR_socialnetwork.jpg","contentUrl":"https:\/\/rafaramirez.org\/blog\/wp-content\/uploads\/2024\/09\/RR_socialnetwork.jpg","width":600,"height":606,"caption":"Rafael Ram\u00edrez"},"logo":{"@id":"https:\/\/rafaramirez.org\/blog\/wp-content\/uploads\/2024\/09\/RR_socialnetwork.jpg"},"sameAs":["https:\/\/www.rafaramirez.org\/blog","https:\/\/www.instagram.com\/rafaramirez_ok\/","https:\/\/es.pinterest.com\/Ramirez_Rafa\/","https:\/\/x.com\/rafaramirez_ok"],"url":"https:\/\/rafaramirez.org\/blog\/index.php\/author\/rafaell_qm6j97da\/"}]}},"jetpack_publicize_connections":[],"jetpack_sharing_enabled":true,"jetpack_likes_enabled":true,"jetpack_featured_media_url":"https:\/\/rafaramirez.org\/blog\/wp-content\/uploads\/2025\/04\/Resiliencia_banner.jpg","_links":{"self":[{"href":"https:\/\/rafaramirez.org\/blog\/index.php\/wp-json\/wp\/v2\/posts\/8900","targetHints":{"allow":["GET"]}}],"collection":[{"href":"https:\/\/rafaramirez.org\/blog\/index.php\/wp-json\/wp\/v2\/posts"}],"about":[{"href":"https:\/\/rafaramirez.org\/blog\/index.php\/wp-json\/wp\/v2\/types\/post"}],"author":[{"embeddable":true,"href":"https:\/\/rafaramirez.org\/blog\/index.php\/wp-json\/wp\/v2\/users\/1"}],"replies":[{"embeddable":true,"href":"https:\/\/rafaramirez.org\/blog\/index.php\/wp-json\/wp\/v2\/comments?post=8900"}],"version-history":[{"count":6,"href":"https:\/\/rafaramirez.org\/blog\/index.php\/wp-json\/wp\/v2\/posts\/8900\/revisions"}],"predecessor-version":[{"id":8910,"href":"https:\/\/rafaramirez.org\/blog\/index.php\/wp-json\/wp\/v2\/posts\/8900\/revisions\/8910"}],"wp:featuredmedia":[{"embeddable":true,"href":"https:\/\/rafaramirez.org\/blog\/index.php\/wp-json\/wp\/v2\/media\/8902"}],"wp:attachment":[{"href":"https:\/\/rafaramirez.org\/blog\/index.php\/wp-json\/wp\/v2\/media?parent=8900"}],"wp:term":[{"taxonomy":"category","embeddable":true,"href":"https:\/\/rafaramirez.org\/blog\/index.php\/wp-json\/wp\/v2\/categories?post=8900"},{"taxonomy":"post_tag","embeddable":true,"href":"https:\/\/rafaramirez.org\/blog\/index.php\/wp-json\/wp\/v2\/tags?post=8900"}],"curies":[{"name":"wp","href":"https:\/\/api.w.org\/{rel}","templated":true}]}}