{"id":8886,"date":"2025-04-22T08:15:16","date_gmt":"2025-04-22T06:15:16","guid":{"rendered":"https:\/\/rafaramirez.org\/blog\/?p=8886"},"modified":"2025-04-03T14:06:44","modified_gmt":"2025-04-03T12:06:44","slug":"dia-internacional-de-la-madre-tierra","status":"publish","type":"post","link":"https:\/\/rafaramirez.org\/blog\/index.php\/2025\/04\/22\/dia-internacional-de-la-madre-tierra\/","title":{"rendered":"D\u00eda Internacional de la Madre Tierra: recordarnos que somos guardianes de nuestro planeta."},"content":{"rendered":"<p>El D\u00eda Internacional de la Madre Tierra se celebra cada 22 de abril y su objetivo es concienciar sobre la importancia de cuidar nuestro planeta. Aunque se estableci\u00f3 oficialmente en 2009 por la Asamblea General de las Naciones Unidas, su origen se remonta a 1970, cuando el senador estadounidense Gaylord Nelson promovi\u00f3 la primera manifestaci\u00f3n medioambiental en EE. UU.<\/p>\n<p>El objetivo de esta fecha es fomentar la armon\u00eda con la naturaleza y resaltar la necesidad de una econom\u00eda m\u00e1s sostenible. Se organizan eventos en todo el mundo para promover la restauraci\u00f3n de ecosistemas y la lucha contra los desastres naturales.<\/p>\n<figure id=\"attachment_4171\" aria-describedby=\"caption-attachment-4171\" style=\"width: 245px\" class=\"wp-caption aligncenter\"><a href=\"https:\/\/rafaramirez.org\/blog\/wp-content\/uploads\/2024\/04\/GaylordNelson.jpg\" target=\"_blank\" rel=\"noopener\"><img loading=\"lazy\" decoding=\"async\" class=\"wp-image-4171 size-medium\" src=\"https:\/\/rafaramirez.org\/blog\/wp-content\/uploads\/2024\/04\/GaylordNelson-245x300.jpg\" alt=\"El senador Gaylord Nelson.\" width=\"245\" height=\"300\" srcset=\"https:\/\/rafaramirez.org\/blog\/wp-content\/uploads\/2024\/04\/GaylordNelson-245x300.jpg 245w, https:\/\/rafaramirez.org\/blog\/wp-content\/uploads\/2024\/04\/GaylordNelson-838x1024.jpg 838w, https:\/\/rafaramirez.org\/blog\/wp-content\/uploads\/2024\/04\/GaylordNelson-768x939.jpg 768w, https:\/\/rafaramirez.org\/blog\/wp-content\/uploads\/2024\/04\/GaylordNelson-1257x1536.jpg 1257w, https:\/\/rafaramirez.org\/blog\/wp-content\/uploads\/2024\/04\/GaylordNelson.jpg 1309w\" sizes=\"auto, (max-width: 245px) 100vw, 245px\" \/><\/a><figcaption id=\"caption-attachment-4171\" class=\"wp-caption-text\">El senador Gaylord Nelson.<\/figcaption><\/figure>\n<h3>Historia del D\u00eda Internacional de la Madre Tierra.<\/h3>\n<p>El D\u00eda Internacional de la Madre Tierra se origin\u00f3 en el movimiento ecologista de los a\u00f1os sesenta. En 1968, el Servicio de Salud P\u00fablica de EE. UU. organiz\u00f3 el Simposio de Ecolog\u00eda Humana, en el que cient\u00edficos debatieron sobre los efectos del deterioro ambiental en la salud humana. Este evento sent\u00f3 las bases para la primera gran manifestaci\u00f3n medioambiental.<\/p>\n<p>El 22 de abril de 1970, el senador estadounidense Gaylord Nelson promovi\u00f3 la primera celebraci\u00f3n del D\u00eda de la Tierra con el objetivo de concienciar a la poblaci\u00f3n sobre la contaminaci\u00f3n y la conservaci\u00f3n del medio ambiente. M\u00e1s de 20 millones de personas participaron en manifestaciones en todo EE. UU., lo que llev\u00f3 a la creaci\u00f3n de la Agencia de Protecci\u00f3n Ambiental y a la promulgaci\u00f3n de nuevas leyes medioambientales.<\/p>\n<p>En 2009, la Asamblea General de las Naciones Unidas oficializ\u00f3 la fecha como el D\u00eda Internacional de la Madre Tierra, reconociendo la interdependencia entre los seres humanos y el planeta. Hoy en d\u00eda, este d\u00eda se celebra en m\u00e1s de 180 pa\u00edses, con eventos que promueven la restauraci\u00f3n de ecosistemas.<\/p>\n<h3><strong>Logros ambientales desde su creaci\u00f3n.<\/strong><\/h3>\n<p>Desde la creaci\u00f3n del D\u00eda Internacional de la Madre Tierra, se han logrado avances significativos en la protecci\u00f3n del medio ambiente. Algunos de los hitos m\u00e1s importantes son:<\/p>\n<ul>\n<li>La prohibici\u00f3n del DDT en 1972. Este pesticida altamente t\u00f3xico fue prohibido en EE. UU., lo que permiti\u00f3 la recuperaci\u00f3n de especies como el \u00e1guila calva.<\/li>\n<li>Ley de Aguas Limpias (1972): Se establecieron regulaciones para mejorar la calidad del agua y proteger los ecosistemas acu\u00e1ticos.<\/li>\n<li>Protocolo de Montreal (1987): Un acuerdo internacional para eliminar las sustancias que da\u00f1an la capa de ozono y lograr su recuperaci\u00f3n progresiva.<\/li>\n<li>Acuerdo de Par\u00eds (2015): Un pacto global para reducir las emisiones de gases de efecto invernadero.<\/li>\n<li>Recuperaci\u00f3n del lince ib\u00e9rico: gracias a los esfuerzos de conservaci\u00f3n, esta especie ha salido del peligro cr\u00edtico de extinci\u00f3n.<\/li>\n<\/ul>\n<p>Estos son solo algunos ejemplos de los avances logrados desde la primera celebraci\u00f3n del D\u00eda de la Tierra.<\/p>\n<figure id=\"attachment_4165\" aria-describedby=\"caption-attachment-4165\" style=\"width: 300px\" class=\"wp-caption aligncenter\"><a href=\"https:\/\/rafaramirez.org\/blog\/wp-content\/uploads\/2024\/04\/sky-4608972_1920.jpg\" target=\"_blank\" rel=\"noopener\"><img loading=\"lazy\" decoding=\"async\" class=\"wp-image-4165 size-medium\" src=\"https:\/\/rafaramirez.org\/blog\/wp-content\/uploads\/2024\/04\/sky-4608972_1920-300x200.jpg\" alt=\"D\u00eda Internacional de la Tierra. Blog de Rafael Ram\u00edrez.\" width=\"300\" height=\"200\" srcset=\"https:\/\/rafaramirez.org\/blog\/wp-content\/uploads\/2024\/04\/sky-4608972_1920-300x200.jpg 300w, https:\/\/rafaramirez.org\/blog\/wp-content\/uploads\/2024\/04\/sky-4608972_1920-1024x684.jpg 1024w, https:\/\/rafaramirez.org\/blog\/wp-content\/uploads\/2024\/04\/sky-4608972_1920-768x513.jpg 768w, https:\/\/rafaramirez.org\/blog\/wp-content\/uploads\/2024\/04\/sky-4608972_1920-1536x1026.jpg 1536w, https:\/\/rafaramirez.org\/blog\/wp-content\/uploads\/2024\/04\/sky-4608972_1920.jpg 1920w\" sizes=\"auto, (max-width: 300px) 100vw, 300px\" \/><\/a><figcaption id=\"caption-attachment-4165\" class=\"wp-caption-text\">D\u00eda Internacional de la Madre Tierra. Blog de Rafael Ram\u00edrez.<\/figcaption><\/figure>\n<h3>\u00bfQu\u00e9 desaf\u00edos ambientales nos quedan por afrontar hoy en d\u00eda?<\/h3>\n<p>A pesar de los avances en la protecci\u00f3n del medio ambiente, todav\u00eda nos enfrentamos a desaf\u00edos urgentes que requieren acci\u00f3n a escala global. Algunos de los problemas m\u00e1s acuciantes son:<\/p>\n<ul>\n<li>Los gases de efecto invernadero siguen aumentando, lo que provoca temperaturas extremas, incendios forestales y fen\u00f3menos meteorol\u00f3gicos severos.<\/li>\n<li>Contaminaci\u00f3n del aire: la mala calidad del aire provoca millones de muertes prematuras cada a\u00f1o y afecta a la salud p\u00fablica y a los ecosistemas.<\/li>\n<li>Deforestaci\u00f3n: La p\u00e9rdida de bosques contin\u00faa a un ritmo alarmante, lo que afecta a la biodiversidad y contribuye al cambio clim\u00e1tico.<\/li>\n<li>P\u00e9rdida de biodiversidad: muchas especies est\u00e1n en peligro debido a la destrucci\u00f3n de h\u00e1bitats y la contaminaci\u00f3n.<\/li>\n<li>Crisis del agua: la escasez de agua afecta a comunidades de todo el mundo, agravada por el cambio clim\u00e1tico y el uso insostenible de recursos.<\/li>\n<\/ul>\n<p>Para hacer frente a estos desaf\u00edos son necesarias soluciones urgentes y colaboraci\u00f3n internacional.<\/p>\n<figure id=\"attachment_4166\" aria-describedby=\"caption-attachment-4166\" style=\"width: 300px\" class=\"wp-caption aligncenter\"><a href=\"https:\/\/rafaramirez.org\/blog\/wp-content\/uploads\/2024\/04\/road-1072823_1920.jpg\" target=\"_blank\" rel=\"noopener\"><img loading=\"lazy\" decoding=\"async\" class=\"wp-image-4166 size-medium\" src=\"https:\/\/rafaramirez.org\/blog\/wp-content\/uploads\/2024\/04\/road-1072823_1920-300x175.jpg\" alt=\"D\u00eda Internacional de la Tierra. Blog de Rafael Ram\u00edrez.\" width=\"300\" height=\"175\" srcset=\"https:\/\/rafaramirez.org\/blog\/wp-content\/uploads\/2024\/04\/road-1072823_1920-300x175.jpg 300w, https:\/\/rafaramirez.org\/blog\/wp-content\/uploads\/2024\/04\/road-1072823_1920-1024x598.jpg 1024w, https:\/\/rafaramirez.org\/blog\/wp-content\/uploads\/2024\/04\/road-1072823_1920-768x449.jpg 768w, https:\/\/rafaramirez.org\/blog\/wp-content\/uploads\/2024\/04\/road-1072823_1920-1536x898.jpg 1536w, https:\/\/rafaramirez.org\/blog\/wp-content\/uploads\/2024\/04\/road-1072823_1920.jpg 1920w\" sizes=\"auto, (max-width: 300px) 100vw, 300px\" \/><\/a><figcaption id=\"caption-attachment-4166\" class=\"wp-caption-text\">D\u00eda Internacional de la Tierra. Blog de Rafael Ram\u00edrez.<\/figcaption><\/figure>\n<h3>Celebraci\u00f3n de este d\u00eda en los distintos pa\u00edses del mundo.<\/h3>\n<p>El D\u00eda Internacional de la Madre Tierra, que se celebra cada 22 de abril, se conmemora de diversas maneras en distintos pa\u00edses:<\/p>\n<ul>\n<li>Estados Unidos: se organizan marchas, limpiezas de parques y campa\u00f1as de concienciaci\u00f3n sobre el cambio clim\u00e1tico.<\/li>\n<li>Espa\u00f1a: se llevan a cabo actividades educativas en colegios y universidades, as\u00ed como eventos de reforestaci\u00f3n.<\/li>\n<li>M\u00e9xico: se llevan a cabo festivales ecol\u00f3gicos y jornadas de reciclaje.<\/li>\n<li>India: se promueven iniciativas para reducir la contaminaci\u00f3n y proteger la biodiversidad.<\/li>\n<li>Brasil: se organizan eventos para la conservaci\u00f3n de la Amazon\u00eda y la protecci\u00f3n de especies en peligro.<\/li>\n<\/ul>\n<figure id=\"attachment_4167\" aria-describedby=\"caption-attachment-4167\" style=\"width: 300px\" class=\"wp-caption aligncenter\"><a href=\"https:\/\/rafaramirez.org\/blog\/wp-content\/uploads\/2024\/04\/DiaMundialdelaTierra1.jpg\" target=\"_blank\" rel=\"noopener\"><img loading=\"lazy\" decoding=\"async\" class=\"wp-image-4167 size-medium\" src=\"https:\/\/rafaramirez.org\/blog\/wp-content\/uploads\/2024\/04\/DiaMundialdelaTierra1-300x300.jpg\" alt=\"D\u00eda Internacional de la Madre Tierra. Blog de Rafael Ram\u00edrez.\" width=\"300\" height=\"300\" srcset=\"https:\/\/rafaramirez.org\/blog\/wp-content\/uploads\/2024\/04\/DiaMundialdelaTierra1-300x300.jpg 300w, https:\/\/rafaramirez.org\/blog\/wp-content\/uploads\/2024\/04\/DiaMundialdelaTierra1-150x150.jpg 150w, https:\/\/rafaramirez.org\/blog\/wp-content\/uploads\/2024\/04\/DiaMundialdelaTierra1-768x768.jpg 768w, https:\/\/rafaramirez.org\/blog\/wp-content\/uploads\/2024\/04\/DiaMundialdelaTierra1.jpg 900w\" sizes=\"auto, (max-width: 300px) 100vw, 300px\" \/><\/a><figcaption id=\"caption-attachment-4167\" class=\"wp-caption-text\">D\u00eda Internacional de la Madre Tierra. Blog de Rafael Ram\u00edrez.<\/figcaption><\/figure>\n<p>En resumen, el D\u00eda Internacional de la Madre Tierra es una oportunidad para recordarnos a nosotros mismos que somos guardianes de nuestro planeta. Supone una llamada a la acci\u00f3n para proteger y preservar el planeta para las generaciones futuras. \ud83c\udf0e\ud83c\udf3f<\/p>\n<p>M\u00e1s informaci\u00f3n:<\/p>\n<ul>\n<li><a href=\"https:\/\/es.wikipedia.org\/wiki\/D%C3%ADa_Internacional_de_la_Madre_Tierra\" target=\"_blank\" rel=\"noopener\">Wikipedia<\/a>.<\/li>\n<li><a href=\"https:\/\/www.nationalgeographic.es\/medio-ambiente\/46-logros-medioambientales-desde-el-primer-dia-de-la-tierra\" target=\"_blank\" rel=\"noopener\">National Geographic<\/a>.<\/li>\n<li>\u00a0<a href=\"https:\/\/www.un.org\/es\/observances\/earth-day\" target=\"_blank\" rel=\"noopener\">ONU<\/a>.<\/li>\n<\/ul>\n<div><\/div>\n","protected":false},"excerpt":{"rendered":"<p>El D\u00eda Internacional de la Madre Tierra se celebra cada 22 de abril y su objetivo es concienciar sobre la importancia de cuidar nuestro planeta. Aunque se estableci\u00f3 oficialmente en 2009 por la Asamblea General de las Naciones Unidas, su origen se remonta a 1970, cuando el senador estadounidense Gaylord Nelson promovi\u00f3 la primera manifestaci\u00f3n [&hellip;]<\/p>\n","protected":false},"author":1,"featured_media":8890,"comment_status":"open","ping_status":"closed","sticky":false,"template":"","format":"standard","meta":{"site-container-style":"default","site-container-layout":"default","site-sidebar-layout":"default","disable-article-header":"default","disable-site-header":"default","disable-site-footer":"default","disable-content-area-spacing":"default","_jetpack_newsletter_access":"","_jetpack_dont_email_post_to_subs":false,"_jetpack_newsletter_tier_id":0,"_jetpack_memberships_contains_paywalled_content":false,"_jetpack_feature_clip_id":0,"_jetpack_memberships_contains_paid_content":false,"footnotes":"","jetpack_publicize_message":"","jetpack_publicize_feature_enabled":true,"jetpack_social_post_already_shared":true,"jetpack_social_options":{"image_generator_settings":{"template":"highway","default_image_id":0,"font":"","enabled":false},"version":2},"jetpack_post_was_ever_published":false},"categories":[1291],"tags":[1703,1694,1706,1719,1713,1704,68,1709,1722,1705,1697,1710,1718,1712,1698,1691,1323,1725,168,1696,1723,1307,1699,1700,1707,1720,1702,1701,1724,1693,1708,1726,1695,1717,1715,1716,1727,1692,1711,1721,1714],"class_list":["post-8886","post","type-post","status-publish","format-standard","has-post-thumbnail","hentry","category-efemerides","tag-1703","tag-22-de-abril-de-1970","tag-actividades-educativas","tag-agricultura-intensiva","tag-asamblea-general-de-las-naciones-unidas","tag-biodiversidad","tag-blog-de-rafael-ramirez","tag-campanas-de-concienciacion","tag-comunidades-locales","tag-conservacion-del-agua","tag-decada-de-1960","tag-decenio-de-la-onu-para-la-restauracion-de-ecosistemas","tag-deforestacion","tag-detener-y-revertir-la-perdida-de-ecosistemas","tag-dia-internacional-de-la-madre-tierra","tag-dia-mundial-de-la-tierra","tag-efemerides","tag-empresas","tag-estados-unidos","tag-gaylord-nelson","tag-gobiernos","tag-historia","tag-la-contaminacion","tag-la-deforestacion","tag-limpiezas-comunitarias","tag-mineria","tag-onu","tag-organizacion-de-las-naciones-unidas","tag-organizaciones","tag-origen-del-dia-mundial-de-la-tierra","tag-plantacion-de-arboles","tag-plantar-arboles","tag-primer-dia-de-la-tierra","tag-proteccion-contra-inundaciones","tag-purificacion-del-agua","tag-regulacion-del-clima","tag-rehabilitar-zonas-costeras","tag-relacion-con-la-naturaleza","tag-restauracion-de-ecosistemas","tag-urbanizacion","tag-vida-en-la-tierra"],"yoast_head":"<!-- This site is optimized with the Yoast SEO plugin v28.4 - https:\/\/yoast.com\/product\/yoast-seo-wordpress\/ -->\n<title>D\u00eda Internacional de la Madre Tierra: recordarnos que somos guardianes de nuestro planeta. - Blog de Rafael Ram\u00edrez<\/title>\n<meta name=\"description\" content=\"El D\u00eda Internacional de la Madre Tierra se celebra cada 22 de abril para concienciar sobre la importancia de cuidar nuestro planeta...\" \/>\n<meta name=\"robots\" content=\"index, follow, max-snippet:-1, max-image-preview:large, max-video-preview:-1\" \/>\n<link rel=\"canonical\" href=\"https:\/\/rafaramirez.org\/blog\/index.php\/2025\/04\/22\/dia-internacional-de-la-madre-tierra\/\" \/>\n<meta property=\"og:locale\" content=\"es_ES\" \/>\n<meta property=\"og:type\" content=\"article\" \/>\n<meta property=\"og:title\" content=\"D\u00eda Internacional de la Madre Tierra: recordarnos que somos guardianes de nuestro planeta. - Blog de Rafael Ram\u00edrez\" \/>\n<meta property=\"og:description\" content=\"El D\u00eda Internacional de la Madre Tierra se celebra cada 22 de abril para concienciar sobre la importancia de cuidar nuestro planeta...\" \/>\n<meta property=\"og:url\" content=\"https:\/\/rafaramirez.org\/blog\/index.php\/2025\/04\/22\/dia-internacional-de-la-madre-tierra\/\" \/>\n<meta property=\"og:site_name\" content=\"Blog de Rafael Ram\u00edrez\" \/>\n<meta property=\"article:published_time\" content=\"2025-04-22T06:15:16+00:00\" \/>\n<meta property=\"og:image\" content=\"https:\/\/rafaramirez.org\/blog\/wp-content\/uploads\/2025\/04\/Dia-internacional-de-la-Tierra_banner.jpg\" \/>\n\t<meta property=\"og:image:width\" content=\"720\" \/>\n\t<meta property=\"og:image:height\" content=\"440\" \/>\n\t<meta property=\"og:image:type\" content=\"image\/jpeg\" \/>\n<meta name=\"author\" content=\"Rafael Ram\u00edrez\" \/>\n<meta name=\"twitter:card\" content=\"summary_large_image\" \/>\n<meta name=\"twitter:creator\" content=\"@rafaramirez_ok\" \/>\n<meta name=\"twitter:site\" content=\"@rafaramirez_ok\" \/>\n<meta name=\"twitter:label1\" content=\"Escrito por\" \/>\n\t<meta name=\"twitter:data1\" content=\"Rafael Ram\u00edrez\" \/>\n\t<meta name=\"twitter:label2\" content=\"Tiempo de lectura\" \/>\n\t<meta name=\"twitter:data2\" content=\"5 minutos\" \/>\n<script type=\"application\/ld+json\" class=\"yoast-schema-graph\">{\"@context\":\"https:\\\/\\\/schema.org\",\"@graph\":[{\"@type\":\"Article\",\"@id\":\"https:\\\/\\\/rafaramirez.org\\\/blog\\\/index.php\\\/2025\\\/04\\\/22\\\/dia-internacional-de-la-madre-tierra\\\/#article\",\"isPartOf\":{\"@id\":\"https:\\\/\\\/rafaramirez.org\\\/blog\\\/index.php\\\/2025\\\/04\\\/22\\\/dia-internacional-de-la-madre-tierra\\\/\"},\"author\":{\"name\":\"Rafael Ram\u00edrez\",\"@id\":\"https:\\\/\\\/rafaramirez.org\\\/blog\\\/#\\\/schema\\\/person\\\/50f43b6d60c578760d4c17bda54ab6a5\"},\"headline\":\"D\u00eda Internacional de la Madre Tierra: recordarnos que somos guardianes de nuestro planeta.\",\"datePublished\":\"2025-04-22T06:15:16+00:00\",\"mainEntityOfPage\":{\"@id\":\"https:\\\/\\\/rafaramirez.org\\\/blog\\\/index.php\\\/2025\\\/04\\\/22\\\/dia-internacional-de-la-madre-tierra\\\/\"},\"wordCount\":906,\"commentCount\":0,\"publisher\":{\"@id\":\"https:\\\/\\\/rafaramirez.org\\\/blog\\\/#\\\/schema\\\/person\\\/50f43b6d60c578760d4c17bda54ab6a5\"},\"image\":{\"@id\":\"https:\\\/\\\/rafaramirez.org\\\/blog\\\/index.php\\\/2025\\\/04\\\/22\\\/dia-internacional-de-la-madre-tierra\\\/#primaryimage\"},\"thumbnailUrl\":\"https:\\\/\\\/rafaramirez.org\\\/blog\\\/wp-content\\\/uploads\\\/2025\\\/04\\\/Dia-internacional-de-la-Tierra_banner.jpg\",\"keywords\":[\"2009\",\"22 de abril de 1970\",\"actividades educativas\",\"agricultura intensiva\",\"Asamblea General de las Naciones Unidas\",\"biodiversidad\",\"blog de Rafael Ram\u00edrez\",\"campa\u00f1as de concienciaci\u00f3n\",\"comunidades locales\",\"conservaci\u00f3n del agua\",\"d\u00e9cada de 1960\",\"Decenio de la ONU para la Restauraci\u00f3n de Ecosistemas\",\"deforestaci\u00f3n\",\"detener y revertir la p\u00e9rdida de ecosistemas\",\"D\u00eda Internacional de la Madre Tierra\",\"D\u00eda Mundial de la Tierra\",\"efem\u00e9rides\",\"empresas\",\"Estados Unidos\",\"Gaylord Nelson\",\"gobiernos\",\"Historia\",\"la\u00a0contaminaci\u00f3n\",\"la\u00a0deforestaci\u00f3n\",\"limpiezas comunitarias\",\"miner\u00eda\",\"ONU\",\"Organizaci\u00f3n de las Naciones Unidas\",\"organizaciones\",\"origen del d\u00eda mundial de la Tierra\",\"plantaci\u00f3n de \u00e1rboles\",\"Plantar \u00e1rboles\",\"primer\u00a0D\u00eda de la Tierra\",\"protecci\u00f3n contra inundaciones\",\"purificaci\u00f3n del agua\",\"regulaci\u00f3n del clima\",\"rehabilitar zonas costeras\",\"relaci\u00f3n con la naturaleza\",\"Restauraci\u00f3n de Ecosistemas\",\"urbanizaci\u00f3n\",\"vida en la Tierra\"],\"articleSection\":[\"Efem\u00e9rides\"],\"inLanguage\":\"es\",\"potentialAction\":[{\"@type\":\"CommentAction\",\"name\":\"Comment\",\"target\":[\"https:\\\/\\\/rafaramirez.org\\\/blog\\\/index.php\\\/2025\\\/04\\\/22\\\/dia-internacional-de-la-madre-tierra\\\/#respond\"]}]},{\"@type\":\"WebPage\",\"@id\":\"https:\\\/\\\/rafaramirez.org\\\/blog\\\/index.php\\\/2025\\\/04\\\/22\\\/dia-internacional-de-la-madre-tierra\\\/\",\"url\":\"https:\\\/\\\/rafaramirez.org\\\/blog\\\/index.php\\\/2025\\\/04\\\/22\\\/dia-internacional-de-la-madre-tierra\\\/\",\"name\":\"D\u00eda Internacional de la Madre Tierra: recordarnos que somos guardianes de nuestro planeta. - Blog de Rafael Ram\u00edrez\",\"isPartOf\":{\"@id\":\"https:\\\/\\\/rafaramirez.org\\\/blog\\\/#website\"},\"primaryImageOfPage\":{\"@id\":\"https:\\\/\\\/rafaramirez.org\\\/blog\\\/index.php\\\/2025\\\/04\\\/22\\\/dia-internacional-de-la-madre-tierra\\\/#primaryimage\"},\"image\":{\"@id\":\"https:\\\/\\\/rafaramirez.org\\\/blog\\\/index.php\\\/2025\\\/04\\\/22\\\/dia-internacional-de-la-madre-tierra\\\/#primaryimage\"},\"thumbnailUrl\":\"https:\\\/\\\/rafaramirez.org\\\/blog\\\/wp-content\\\/uploads\\\/2025\\\/04\\\/Dia-internacional-de-la-Tierra_banner.jpg\",\"datePublished\":\"2025-04-22T06:15:16+00:00\",\"description\":\"El D\u00eda Internacional de la Madre Tierra se celebra cada 22 de abril para concienciar sobre la importancia de cuidar nuestro planeta...\",\"breadcrumb\":{\"@id\":\"https:\\\/\\\/rafaramirez.org\\\/blog\\\/index.php\\\/2025\\\/04\\\/22\\\/dia-internacional-de-la-madre-tierra\\\/#breadcrumb\"},\"inLanguage\":\"es\",\"potentialAction\":[{\"@type\":\"ReadAction\",\"target\":[\"https:\\\/\\\/rafaramirez.org\\\/blog\\\/index.php\\\/2025\\\/04\\\/22\\\/dia-internacional-de-la-madre-tierra\\\/\"]}]},{\"@type\":\"ImageObject\",\"inLanguage\":\"es\",\"@id\":\"https:\\\/\\\/rafaramirez.org\\\/blog\\\/index.php\\\/2025\\\/04\\\/22\\\/dia-internacional-de-la-madre-tierra\\\/#primaryimage\",\"url\":\"https:\\\/\\\/rafaramirez.org\\\/blog\\\/wp-content\\\/uploads\\\/2025\\\/04\\\/Dia-internacional-de-la-Tierra_banner.jpg\",\"contentUrl\":\"https:\\\/\\\/rafaramirez.org\\\/blog\\\/wp-content\\\/uploads\\\/2025\\\/04\\\/Dia-internacional-de-la-Tierra_banner.jpg\",\"width\":720,\"height\":440,\"caption\":\"D\u00eda Internacional de la Madre Tierra 22 de abril. Blog de Rafael Ram\u00edrez.\"},{\"@type\":\"BreadcrumbList\",\"@id\":\"https:\\\/\\\/rafaramirez.org\\\/blog\\\/index.php\\\/2025\\\/04\\\/22\\\/dia-internacional-de-la-madre-tierra\\\/#breadcrumb\",\"itemListElement\":[{\"@type\":\"ListItem\",\"position\":1,\"name\":\"Portada\",\"item\":\"https:\\\/\\\/rafaramirez.org\\\/blog\\\/\"},{\"@type\":\"ListItem\",\"position\":2,\"name\":\"D\u00eda Internacional de la Madre Tierra: recordarnos que somos guardianes de nuestro planeta.\"}]},{\"@type\":\"WebSite\",\"@id\":\"https:\\\/\\\/rafaramirez.org\\\/blog\\\/#website\",\"url\":\"https:\\\/\\\/rafaramirez.org\\\/blog\\\/\",\"name\":\"Blog de Rafael Ram\u00edrez\",\"description\":\"Un sitio social, de arte y cultura\",\"publisher\":{\"@id\":\"https:\\\/\\\/rafaramirez.org\\\/blog\\\/#\\\/schema\\\/person\\\/50f43b6d60c578760d4c17bda54ab6a5\"},\"potentialAction\":[{\"@type\":\"SearchAction\",\"target\":{\"@type\":\"EntryPoint\",\"urlTemplate\":\"https:\\\/\\\/rafaramirez.org\\\/blog\\\/?s={search_term_string}\"},\"query-input\":{\"@type\":\"PropertyValueSpecification\",\"valueRequired\":true,\"valueName\":\"search_term_string\"}}],\"inLanguage\":\"es\"},{\"@type\":[\"Person\",\"Organization\"],\"@id\":\"https:\\\/\\\/rafaramirez.org\\\/blog\\\/#\\\/schema\\\/person\\\/50f43b6d60c578760d4c17bda54ab6a5\",\"name\":\"Rafael Ram\u00edrez\",\"image\":{\"@type\":\"ImageObject\",\"inLanguage\":\"es\",\"@id\":\"https:\\\/\\\/rafaramirez.org\\\/blog\\\/wp-content\\\/uploads\\\/2024\\\/09\\\/RR_socialnetwork.jpg\",\"url\":\"https:\\\/\\\/rafaramirez.org\\\/blog\\\/wp-content\\\/uploads\\\/2024\\\/09\\\/RR_socialnetwork.jpg\",\"contentUrl\":\"https:\\\/\\\/rafaramirez.org\\\/blog\\\/wp-content\\\/uploads\\\/2024\\\/09\\\/RR_socialnetwork.jpg\",\"width\":600,\"height\":606,\"caption\":\"Rafael Ram\u00edrez\"},\"logo\":{\"@id\":\"https:\\\/\\\/rafaramirez.org\\\/blog\\\/wp-content\\\/uploads\\\/2024\\\/09\\\/RR_socialnetwork.jpg\"},\"sameAs\":[\"https:\\\/\\\/www.rafaramirez.org\\\/blog\",\"https:\\\/\\\/www.instagram.com\\\/rafaramirez_ok\\\/\",\"https:\\\/\\\/es.pinterest.com\\\/Ramirez_Rafa\\\/\",\"https:\\\/\\\/x.com\\\/rafaramirez_ok\"],\"url\":\"https:\\\/\\\/rafaramirez.org\\\/blog\\\/index.php\\\/author\\\/rafaell_qm6j97da\\\/\"}]}<\/script>\n<!-- \/ Yoast SEO plugin. -->","yoast_head_json":{"title":"D\u00eda Internacional de la Madre Tierra: recordarnos que somos guardianes de nuestro planeta. - Blog de Rafael Ram\u00edrez","description":"El D\u00eda Internacional de la Madre Tierra se celebra cada 22 de abril para concienciar sobre la importancia de cuidar nuestro planeta...","robots":{"index":"index","follow":"follow","max-snippet":"max-snippet:-1","max-image-preview":"max-image-preview:large","max-video-preview":"max-video-preview:-1"},"canonical":"https:\/\/rafaramirez.org\/blog\/index.php\/2025\/04\/22\/dia-internacional-de-la-madre-tierra\/","og_locale":"es_ES","og_type":"article","og_title":"D\u00eda Internacional de la Madre Tierra: recordarnos que somos guardianes de nuestro planeta. - Blog de Rafael Ram\u00edrez","og_description":"El D\u00eda Internacional de la Madre Tierra se celebra cada 22 de abril para concienciar sobre la importancia de cuidar nuestro planeta...","og_url":"https:\/\/rafaramirez.org\/blog\/index.php\/2025\/04\/22\/dia-internacional-de-la-madre-tierra\/","og_site_name":"Blog de Rafael Ram\u00edrez","article_published_time":"2025-04-22T06:15:16+00:00","og_image":[{"width":720,"height":440,"url":"https:\/\/rafaramirez.org\/blog\/wp-content\/uploads\/2025\/04\/Dia-internacional-de-la-Tierra_banner.jpg","type":"image\/jpeg"}],"author":"Rafael Ram\u00edrez","twitter_card":"summary_large_image","twitter_creator":"@rafaramirez_ok","twitter_site":"@rafaramirez_ok","twitter_misc":{"Escrito por":"Rafael Ram\u00edrez","Tiempo de lectura":"5 minutos"},"schema":{"@context":"https:\/\/schema.org","@graph":[{"@type":"Article","@id":"https:\/\/rafaramirez.org\/blog\/index.php\/2025\/04\/22\/dia-internacional-de-la-madre-tierra\/#article","isPartOf":{"@id":"https:\/\/rafaramirez.org\/blog\/index.php\/2025\/04\/22\/dia-internacional-de-la-madre-tierra\/"},"author":{"name":"Rafael Ram\u00edrez","@id":"https:\/\/rafaramirez.org\/blog\/#\/schema\/person\/50f43b6d60c578760d4c17bda54ab6a5"},"headline":"D\u00eda Internacional de la Madre Tierra: recordarnos que somos guardianes de nuestro planeta.","datePublished":"2025-04-22T06:15:16+00:00","mainEntityOfPage":{"@id":"https:\/\/rafaramirez.org\/blog\/index.php\/2025\/04\/22\/dia-internacional-de-la-madre-tierra\/"},"wordCount":906,"commentCount":0,"publisher":{"@id":"https:\/\/rafaramirez.org\/blog\/#\/schema\/person\/50f43b6d60c578760d4c17bda54ab6a5"},"image":{"@id":"https:\/\/rafaramirez.org\/blog\/index.php\/2025\/04\/22\/dia-internacional-de-la-madre-tierra\/#primaryimage"},"thumbnailUrl":"https:\/\/rafaramirez.org\/blog\/wp-content\/uploads\/2025\/04\/Dia-internacional-de-la-Tierra_banner.jpg","keywords":["2009","22 de abril de 1970","actividades educativas","agricultura intensiva","Asamblea General de las Naciones Unidas","biodiversidad","blog de Rafael Ram\u00edrez","campa\u00f1as de concienciaci\u00f3n","comunidades locales","conservaci\u00f3n del agua","d\u00e9cada de 1960","Decenio de la ONU para la Restauraci\u00f3n de Ecosistemas","deforestaci\u00f3n","detener y revertir la p\u00e9rdida de ecosistemas","D\u00eda Internacional de la Madre Tierra","D\u00eda Mundial de la Tierra","efem\u00e9rides","empresas","Estados Unidos","Gaylord Nelson","gobiernos","Historia","la\u00a0contaminaci\u00f3n","la\u00a0deforestaci\u00f3n","limpiezas comunitarias","miner\u00eda","ONU","Organizaci\u00f3n de las Naciones Unidas","organizaciones","origen del d\u00eda mundial de la Tierra","plantaci\u00f3n de \u00e1rboles","Plantar \u00e1rboles","primer\u00a0D\u00eda de la Tierra","protecci\u00f3n contra inundaciones","purificaci\u00f3n del agua","regulaci\u00f3n del clima","rehabilitar zonas costeras","relaci\u00f3n con la naturaleza","Restauraci\u00f3n de Ecosistemas","urbanizaci\u00f3n","vida en la Tierra"],"articleSection":["Efem\u00e9rides"],"inLanguage":"es","potentialAction":[{"@type":"CommentAction","name":"Comment","target":["https:\/\/rafaramirez.org\/blog\/index.php\/2025\/04\/22\/dia-internacional-de-la-madre-tierra\/#respond"]}]},{"@type":"WebPage","@id":"https:\/\/rafaramirez.org\/blog\/index.php\/2025\/04\/22\/dia-internacional-de-la-madre-tierra\/","url":"https:\/\/rafaramirez.org\/blog\/index.php\/2025\/04\/22\/dia-internacional-de-la-madre-tierra\/","name":"D\u00eda Internacional de la Madre Tierra: recordarnos que somos guardianes de nuestro planeta. - Blog de Rafael Ram\u00edrez","isPartOf":{"@id":"https:\/\/rafaramirez.org\/blog\/#website"},"primaryImageOfPage":{"@id":"https:\/\/rafaramirez.org\/blog\/index.php\/2025\/04\/22\/dia-internacional-de-la-madre-tierra\/#primaryimage"},"image":{"@id":"https:\/\/rafaramirez.org\/blog\/index.php\/2025\/04\/22\/dia-internacional-de-la-madre-tierra\/#primaryimage"},"thumbnailUrl":"https:\/\/rafaramirez.org\/blog\/wp-content\/uploads\/2025\/04\/Dia-internacional-de-la-Tierra_banner.jpg","datePublished":"2025-04-22T06:15:16+00:00","description":"El D\u00eda Internacional de la Madre Tierra se celebra cada 22 de abril para concienciar sobre la importancia de cuidar nuestro planeta...","breadcrumb":{"@id":"https:\/\/rafaramirez.org\/blog\/index.php\/2025\/04\/22\/dia-internacional-de-la-madre-tierra\/#breadcrumb"},"inLanguage":"es","potentialAction":[{"@type":"ReadAction","target":["https:\/\/rafaramirez.org\/blog\/index.php\/2025\/04\/22\/dia-internacional-de-la-madre-tierra\/"]}]},{"@type":"ImageObject","inLanguage":"es","@id":"https:\/\/rafaramirez.org\/blog\/index.php\/2025\/04\/22\/dia-internacional-de-la-madre-tierra\/#primaryimage","url":"https:\/\/rafaramirez.org\/blog\/wp-content\/uploads\/2025\/04\/Dia-internacional-de-la-Tierra_banner.jpg","contentUrl":"https:\/\/rafaramirez.org\/blog\/wp-content\/uploads\/2025\/04\/Dia-internacional-de-la-Tierra_banner.jpg","width":720,"height":440,"caption":"D\u00eda Internacional de la Madre Tierra 22 de abril. Blog de Rafael Ram\u00edrez."},{"@type":"BreadcrumbList","@id":"https:\/\/rafaramirez.org\/blog\/index.php\/2025\/04\/22\/dia-internacional-de-la-madre-tierra\/#breadcrumb","itemListElement":[{"@type":"ListItem","position":1,"name":"Portada","item":"https:\/\/rafaramirez.org\/blog\/"},{"@type":"ListItem","position":2,"name":"D\u00eda Internacional de la Madre Tierra: recordarnos que somos guardianes de nuestro planeta."}]},{"@type":"WebSite","@id":"https:\/\/rafaramirez.org\/blog\/#website","url":"https:\/\/rafaramirez.org\/blog\/","name":"Blog de Rafael Ram\u00edrez","description":"Un sitio social, de arte y cultura","publisher":{"@id":"https:\/\/rafaramirez.org\/blog\/#\/schema\/person\/50f43b6d60c578760d4c17bda54ab6a5"},"potentialAction":[{"@type":"SearchAction","target":{"@type":"EntryPoint","urlTemplate":"https:\/\/rafaramirez.org\/blog\/?s={search_term_string}"},"query-input":{"@type":"PropertyValueSpecification","valueRequired":true,"valueName":"search_term_string"}}],"inLanguage":"es"},{"@type":["Person","Organization"],"@id":"https:\/\/rafaramirez.org\/blog\/#\/schema\/person\/50f43b6d60c578760d4c17bda54ab6a5","name":"Rafael Ram\u00edrez","image":{"@type":"ImageObject","inLanguage":"es","@id":"https:\/\/rafaramirez.org\/blog\/wp-content\/uploads\/2024\/09\/RR_socialnetwork.jpg","url":"https:\/\/rafaramirez.org\/blog\/wp-content\/uploads\/2024\/09\/RR_socialnetwork.jpg","contentUrl":"https:\/\/rafaramirez.org\/blog\/wp-content\/uploads\/2024\/09\/RR_socialnetwork.jpg","width":600,"height":606,"caption":"Rafael Ram\u00edrez"},"logo":{"@id":"https:\/\/rafaramirez.org\/blog\/wp-content\/uploads\/2024\/09\/RR_socialnetwork.jpg"},"sameAs":["https:\/\/www.rafaramirez.org\/blog","https:\/\/www.instagram.com\/rafaramirez_ok\/","https:\/\/es.pinterest.com\/Ramirez_Rafa\/","https:\/\/x.com\/rafaramirez_ok"],"url":"https:\/\/rafaramirez.org\/blog\/index.php\/author\/rafaell_qm6j97da\/"}]}},"jetpack_publicize_connections":[],"jetpack_sharing_enabled":true,"jetpack_likes_enabled":true,"jetpack_featured_media_url":"https:\/\/rafaramirez.org\/blog\/wp-content\/uploads\/2025\/04\/Dia-internacional-de-la-Tierra_banner.jpg","_links":{"self":[{"href":"https:\/\/rafaramirez.org\/blog\/index.php\/wp-json\/wp\/v2\/posts\/8886","targetHints":{"allow":["GET"]}}],"collection":[{"href":"https:\/\/rafaramirez.org\/blog\/index.php\/wp-json\/wp\/v2\/posts"}],"about":[{"href":"https:\/\/rafaramirez.org\/blog\/index.php\/wp-json\/wp\/v2\/types\/post"}],"author":[{"embeddable":true,"href":"https:\/\/rafaramirez.org\/blog\/index.php\/wp-json\/wp\/v2\/users\/1"}],"replies":[{"embeddable":true,"href":"https:\/\/rafaramirez.org\/blog\/index.php\/wp-json\/wp\/v2\/comments?post=8886"}],"version-history":[{"count":12,"href":"https:\/\/rafaramirez.org\/blog\/index.php\/wp-json\/wp\/v2\/posts\/8886\/revisions"}],"predecessor-version":[{"id":8899,"href":"https:\/\/rafaramirez.org\/blog\/index.php\/wp-json\/wp\/v2\/posts\/8886\/revisions\/8899"}],"wp:featuredmedia":[{"embeddable":true,"href":"https:\/\/rafaramirez.org\/blog\/index.php\/wp-json\/wp\/v2\/media\/8890"}],"wp:attachment":[{"href":"https:\/\/rafaramirez.org\/blog\/index.php\/wp-json\/wp\/v2\/media?parent=8886"}],"wp:term":[{"taxonomy":"category","embeddable":true,"href":"https:\/\/rafaramirez.org\/blog\/index.php\/wp-json\/wp\/v2\/categories?post=8886"},{"taxonomy":"post_tag","embeddable":true,"href":"https:\/\/rafaramirez.org\/blog\/index.php\/wp-json\/wp\/v2\/tags?post=8886"}],"curies":[{"name":"wp","href":"https:\/\/api.w.org\/{rel}","templated":true}]}}