{"id":8861,"date":"2025-04-21T08:15:29","date_gmt":"2025-04-21T06:15:29","guid":{"rendered":"https:\/\/rafaramirez.org\/blog\/?p=8861"},"modified":"2025-04-21T11:08:47","modified_gmt":"2025-04-21T09:08:47","slug":"la-camioneta-pelicula","status":"publish","type":"post","link":"https:\/\/rafaramirez.org\/blog\/index.php\/2025\/04\/21\/la-camioneta-pelicula\/","title":{"rendered":"\u00abLa camioneta\u00bb pel\u00edcula de Stephen Frears: personajes aut\u00e9nticos, amistad y adversidad."},"content":{"rendered":"<p>La pel\u00edcula <strong>\u00abLa camioneta\u00bb<\/strong> (<em>The Van<\/em>, en ingl\u00e9s) es una comedia dram\u00e1tica irlandesa de 1996 dirigida por <strong>Stephen Frears<\/strong> y basada en la novela hom\u00f3nima de <strong>Roddy Doyle<\/strong>. Esta pel\u00edcula forma parte de la trilog\u00eda de <em><strong>Barrytown<\/strong><\/em>, que incluye otras obras adaptadas al cine como \u00ab<strong><a href=\"https:\/\/rafaramirez.org\/blog\/index.php\/2024\/03\/11\/los-commitments-un-clasico-del-cine-musical\/\" target=\"_blank\" rel=\"noopener\">Los Commitments\u00bb<\/a><\/strong>(1991) y<strong><a href=\"https:\/\/rafaramirez.org\/blog\/index.php\/2024\/07\/04\/cafe-irlandes-de-stephen-frears-pelicula-premiada-que-retrata-la-vida-de-la-clase-trabajadora-en-dublin-de-los-90\/\" target=\"_blank\" rel=\"noopener\"> \u00abCaf\u00e9 irland\u00e9s\u00bb<\/a><\/strong>(1993).<\/p>\n<p>La camioneta cuenta la historia de dos amigos de clase trabajadora en Dubl\u00edn, Bimbo y Larry, quienes, tras perder sus empleos, deciden embarcarse en un peculiar negocio: vender comida desde una camioneta convertida en un restaurante m\u00f3vil. La pel\u00edcula aborda temas como la amistad, el desempleo y la lucha por salir adelante, siempre con un toque humor\u00edstico y la calidez caracter\u00edstica de las narrativas de Doyle.<\/p>\n<figure id=\"attachment_8873\" aria-describedby=\"caption-attachment-8873\" style=\"width: 300px\" class=\"wp-caption aligncenter\"><a href=\"https:\/\/rafaramirez.org\/blog\/wp-content\/uploads\/2025\/04\/La.camioneta_1_ok.jpg\" target=\"_blank\" rel=\"noopener\"><img loading=\"lazy\" decoding=\"async\" class=\"wp-image-8873 size-medium\" src=\"https:\/\/rafaramirez.org\/blog\/wp-content\/uploads\/2025\/04\/La.camioneta_1_ok-300x161.jpg\" alt=\"Escena de &quot;La Camioneta&quot; pel\u00edcula recomendada. Blog de Rafael Ram\u00edrez.\" width=\"300\" height=\"161\" srcset=\"https:\/\/rafaramirez.org\/blog\/wp-content\/uploads\/2025\/04\/La.camioneta_1_ok-300x161.jpg 300w, https:\/\/rafaramirez.org\/blog\/wp-content\/uploads\/2025\/04\/La.camioneta_1_ok-1024x548.jpg 1024w, https:\/\/rafaramirez.org\/blog\/wp-content\/uploads\/2025\/04\/La.camioneta_1_ok-768x411.jpg 768w, https:\/\/rafaramirez.org\/blog\/wp-content\/uploads\/2025\/04\/La.camioneta_1_ok.jpg 1280w\" sizes=\"auto, (max-width: 300px) 100vw, 300px\" \/><\/a><figcaption id=\"caption-attachment-8873\" class=\"wp-caption-text\">Escena de \u00abLa Camioneta\u00bb pel\u00edcula recomendada. Blog de Rafael Ram\u00edrez.<\/figcaption><\/figure>\n<h3>Detr\u00e1s de \u00abLa camioneta\u00bb.<\/h3>\n<p>La pel\u00edcula se rod\u00f3 en Irlanda y capt\u00f3 la esencia de los barrios obreros de Dubl\u00edn, donde transcurre la historia. \u00abLa camioneta\u00bb fue nominada a la Palma de Oro en el Festival de Cannes de 1996. Adem\u00e1s, el \u00e9xito de Irlanda en la Copa Mundial de F\u00fatbol de 1990 influy\u00f3 en el contexto de la pel\u00edcula, a\u00f1adiendo un toque de celebraci\u00f3n y esperanza a la narrativa.<\/p>\n<p>Otra curiosidad es que la camioneta utilizada en la pel\u00edcula se convirti\u00f3 en un s\u00edmbolo ic\u00f3nico que representaba la lucha de los personajes por superar las adversidades. Tambi\u00e9n es de destacar que el rodaje capt\u00f3 la esencia de los barrios de clase trabajadora de Dubl\u00edn, lo que ayud\u00f3 a transmitir la autenticidad de la historia.<\/p>\n<p>Los actores principales de \u00abLa camioneta\u00bb son:<\/p>\n<ul>\n<li><strong>Colm Meaney<\/strong> interpreta a Larry, un personaje que Meaney define como \u00abfrustrado y determinado\u00bb. Larry es un hombre de clase trabajadora que debe enfrentarse al desempleo y a la lealtad en un contexto dif\u00edcil. Meaney logra transmitir la humanidad y las emociones complejas de Larry, convirti\u00e9ndolo en un personaje entra\u00f1able.<\/li>\n<li><strong>Donal O&#8217;Kelly<\/strong> interpreta a Brendan \u00abBimbo\u00bb Reeves, el mejor amigo de Larry, quien decide emprender un negocio de comida m\u00f3vil. Su actuaci\u00f3n refleja la lucha interna de Bimbo por compaginar su amistad con Larry y su nuevo papel de jefe en el negocio. O&#8217;Kelly aporta una mezcla de humor y vulnerabilidad que enriquece la din\u00e1mica entre ambos personajes.<\/li>\n<\/ul>\n<p>Ambos actores logran una qu\u00edmica convincente en pantalla, lo que permite que la pel\u00edcula explore con autenticidad y profundidad temas como la amistad, el desempleo y las tensiones sociales.<\/p>\n<figure id=\"attachment_8874\" aria-describedby=\"caption-attachment-8874\" style=\"width: 300px\" class=\"wp-caption aligncenter\"><a href=\"https:\/\/rafaramirez.org\/blog\/wp-content\/uploads\/2025\/04\/La.camioneta_2_ok.jpg\" target=\"_blank\" rel=\"noopener\"><img loading=\"lazy\" decoding=\"async\" class=\"wp-image-8874 size-medium\" src=\"https:\/\/rafaramirez.org\/blog\/wp-content\/uploads\/2025\/04\/La.camioneta_2_ok-300x161.jpg\" alt=\"Escena de &quot;La Camioneta&quot; pel\u00edcula recomendada. Blog de Rafael Ram\u00edrez.\" width=\"300\" height=\"161\" srcset=\"https:\/\/rafaramirez.org\/blog\/wp-content\/uploads\/2025\/04\/La.camioneta_2_ok-300x161.jpg 300w, https:\/\/rafaramirez.org\/blog\/wp-content\/uploads\/2025\/04\/La.camioneta_2_ok-1024x548.jpg 1024w, https:\/\/rafaramirez.org\/blog\/wp-content\/uploads\/2025\/04\/La.camioneta_2_ok-768x411.jpg 768w, https:\/\/rafaramirez.org\/blog\/wp-content\/uploads\/2025\/04\/La.camioneta_2_ok.jpg 1280w\" sizes=\"auto, (max-width: 300px) 100vw, 300px\" \/><\/a><figcaption id=\"caption-attachment-8874\" class=\"wp-caption-text\">Escena de \u00abLa Camioneta\u00bb pel\u00edcula recomendada. Blog de Rafael Ram\u00edrez.<\/figcaption><\/figure>\n<h3>Cr\u00edtica cinematogr\u00e1fica.<\/h3>\n<p>\u00abLa camioneta\u00bb es una obra que, aunque no alcanza la resonancia de las otras pel\u00edculas de la trilog\u00eda de <em>Barrytown<\/em>, tiene su encanto particular. Stephen Frears captura la melancol\u00eda y la lucha cotidiana de la clase trabajadora irlandesa, mientras que Roddy Doyle aporta su caracter\u00edstico toque de humanidad y humor a los di\u00e1logos y las interacciones de los personajes.<\/p>\n<p>La actuaci\u00f3n de Colm Meaney como Larry es especialmente destacable, como te he dicho, ya que logra transmitir tanto la frustraci\u00f3n como la determinaci\u00f3n de su personaje. La din\u00e1mica entre Larry y Bimbo, interpretado por Donal O&#8217;Kelly, aporta profundidad a la historia y muestra c\u00f3mo los desaf\u00edos financieros pueden afectar a las relaciones humanas.<\/p>\n<p>Visualmente, la pel\u00edcula utiliza escenarios modestos y aut\u00e9nticos que reflejan a la perfecci\u00f3n el ambiente de Dubl\u00edn en los a\u00f1os noventa. Sin embargo, quiz\u00e1s carece de la fuerza narrativa de <a href=\"https:\/\/rafaramirez.org\/blog\/index.php\/2024\/03\/11\/los-commitments-un-clasico-del-cine-musical\/\" target=\"_blank\" rel=\"noopener\">\u00abLos Commitments\u00bb<\/a> o del encanto familiar de <a href=\"https:\/\/rafaramirez.org\/blog\/index.php\/2024\/07\/04\/cafe-irlandes-de-stephen-frears-pelicula-premiada-que-retrata-la-vida-de-la-clase-trabajadora-en-dublin-de-los-90\/\" target=\"_blank\" rel=\"noopener\">\u00abCaf\u00e9 irland\u00e9s\u00bb<\/a>. Aun as\u00ed, \u00abLa camioneta\u00bb se defiende con su c\u00e1lido retrato de personajes y su mensaje de esperanza ante las adversidades.<\/p>\n<p>En conclusi\u00f3n, es una pel\u00edcula que conecta con la audiencia sin necesidad de grandes artificios. Su simplicidad es su mayor virtud, aunque es posible que no deje una impresi\u00f3n tan duradera como las otras adaptaciones de Doyle, su visionado es muy recomendable.<\/p>\n<figure id=\"attachment_8872\" aria-describedby=\"caption-attachment-8872\" style=\"width: 211px\" class=\"wp-caption aligncenter\"><a href=\"https:\/\/rafaramirez.org\/blog\/wp-content\/uploads\/2025\/04\/La-Camioneta_1996_poster.jpg\" target=\"_blank\" rel=\"noopener\"><img loading=\"lazy\" decoding=\"async\" class=\"wp-image-8872 size-medium\" src=\"https:\/\/rafaramirez.org\/blog\/wp-content\/uploads\/2025\/04\/La-Camioneta_1996_poster-211x300.jpg\" alt=\"Cartel de &quot;La Camioneta&quot; pel\u00edcula recomendada. Blog de Rafael Ram\u00edrez.\" width=\"211\" height=\"300\" srcset=\"https:\/\/rafaramirez.org\/blog\/wp-content\/uploads\/2025\/04\/La-Camioneta_1996_poster-211x300.jpg 211w, https:\/\/rafaramirez.org\/blog\/wp-content\/uploads\/2025\/04\/La-Camioneta_1996_poster.jpg 703w\" sizes=\"auto, (max-width: 211px) 100vw, 211px\" \/><\/a><figcaption id=\"caption-attachment-8872\" class=\"wp-caption-text\">Cartel de \u00abLa Camioneta\u00bb pel\u00edcula recomendada. Blog de Rafael Ram\u00edrez.<\/figcaption><\/figure>\n<h3>Ficha t\u00e9cnica de la pel\u00edcula.<\/h3>\n<ul>\n<li><strong>T\u00edtulo original<\/strong>: <em>The Van<\/em><\/li>\n<li><strong>Direcci\u00f3n<\/strong>: Stephen Frears<\/li>\n<li><strong>Guion<\/strong>: Roddy Doyle (basado en su novela hom\u00f3nima)<\/li>\n<li><strong>Producci\u00f3n<\/strong>: Lynda Myles y Mark Shivas<\/li>\n<li><strong>M\u00fasica<\/strong>: Eric Clapton y Richard Hartley<\/li>\n<li><strong>Fotograf\u00eda<\/strong>: Oliver Stapleton<\/li>\n<li><strong>Montaje<\/strong>: Mick Audsley<\/li>\n<li><strong>Reparto principal<\/strong>:\n<ul>\n<li>Colm Meaney como Larry<\/li>\n<li>Donal O&#8217;Kelly como Brendan \u00abBimbo\u00bb Reeves<\/li>\n<li>Ger Ryan como Maggie<\/li>\n<li>Caroline Rothwell como Mary<\/li>\n<\/ul>\n<\/li>\n<li><strong>Duraci\u00f3n<\/strong>: 95 minutos<\/li>\n<li><strong>Pa\u00eds<\/strong>: Reino Unido e Irlanda<\/li>\n<li><strong>G\u00e9nero<\/strong>: Comedia dram\u00e1tica<\/li>\n<li><strong>Productoras<\/strong>: Beacon Pictures, Fox Searchlight Pictures, BBC, Deadly Films<\/li>\n<\/ul>\n<figure id=\"attachment_8875\" aria-describedby=\"caption-attachment-8875\" style=\"width: 300px\" class=\"wp-caption aligncenter\"><a href=\"https:\/\/rafaramirez.org\/blog\/wp-content\/uploads\/2025\/04\/La.camioneta_3_ok.jpg\" target=\"_blank\" rel=\"noopener\"><img loading=\"lazy\" decoding=\"async\" class=\"wp-image-8875 size-medium\" src=\"https:\/\/rafaramirez.org\/blog\/wp-content\/uploads\/2025\/04\/La.camioneta_3_ok-300x161.jpg\" alt=\"Escena de &quot;La Camioneta&quot; pel\u00edcula recomendada. Blog de Rafael Ram\u00edrez.\" width=\"300\" height=\"161\" srcset=\"https:\/\/rafaramirez.org\/blog\/wp-content\/uploads\/2025\/04\/La.camioneta_3_ok-300x161.jpg 300w, https:\/\/rafaramirez.org\/blog\/wp-content\/uploads\/2025\/04\/La.camioneta_3_ok-1024x548.jpg 1024w, https:\/\/rafaramirez.org\/blog\/wp-content\/uploads\/2025\/04\/La.camioneta_3_ok-768x411.jpg 768w, https:\/\/rafaramirez.org\/blog\/wp-content\/uploads\/2025\/04\/La.camioneta_3_ok.jpg 1280w\" sizes=\"auto, (max-width: 300px) 100vw, 300px\" \/><\/a><figcaption id=\"caption-attachment-8875\" class=\"wp-caption-text\">Escena de \u00abLa Camioneta\u00bb pel\u00edcula recomendada. Blog de Rafael Ram\u00edrez.<\/figcaption><\/figure>\n<h3>Tr\u00e1iler de \u00abLa camioneta\u00bb.<\/h3>\n<p><iframe loading=\"lazy\" title=\"YouTube video player\" src=\"https:\/\/www.youtube.com\/embed\/OHBbENOcZ9A?si=6PbSiu1m63vSVFTj\" width=\"560\" height=\"315\" frameborder=\"0\" allowfullscreen=\"allowfullscreen\"><\/iframe><\/p>\n<p>En definitiva, te recomiendo \u00abLa camioneta\u00bb ya que te ofrece una mirada sincera y entra\u00f1able a la vida de la clase trabajadora en Dubl\u00edn, con personajes aut\u00e9nticos que enfrentan la amistad y la adversidad con humor y humanidad. Es una historia sencilla pero poderosa, ideal si buscas reflexionar y sonre\u00edr al mismo tiempo. Adem\u00e1s, su toque irland\u00e9s la hace \u00fanica.<\/p>\n<p>M\u00e1s informaci\u00f3n:<\/p>\n<ul>\n<li><a href=\"https:\/\/es.wikipedia.org\/wiki\/La_camioneta\" target=\"_blank\" rel=\"noopener\">Wikipedia<\/a>.<\/li>\n<li><a href=\"https:\/\/www.google.com\/search?q=donde+comprar+o+ver+la+camioneta+1996\" target=\"_blank\" rel=\"noopener\">D\u00f3nde comprar o ver \u00abLa camioneta\u00bb<\/a>.<\/li>\n<li><a href=\"https:\/\/rafaramirez.org\/blog\/index.php\/category\/arte\/cine\/\" target=\"_blank\" rel=\"noopener\">M\u00e1s cine recomendado<\/a>.<\/li>\n<\/ul>\n","protected":false},"excerpt":{"rendered":"<p>La pel\u00edcula \u00abLa camioneta\u00bb (The Van, en ingl\u00e9s) es una comedia dram\u00e1tica irlandesa de 1996 dirigida por Stephen Frears y basada en la novela hom\u00f3nima de Roddy Doyle. Esta pel\u00edcula forma parte de la trilog\u00eda de Barrytown, que incluye otras obras adaptadas al cine como \u00abLos Commitments\u00bb(1991) y \u00abCaf\u00e9 irland\u00e9s\u00bb(1993). La camioneta cuenta la historia [&hellip;]<\/p>\n","protected":false},"author":1,"featured_media":8876,"comment_status":"open","ping_status":"closed","sticky":false,"template":"","format":"standard","meta":{"site-container-style":"default","site-container-layout":"default","site-sidebar-layout":"default","disable-article-header":"default","disable-site-header":"default","disable-site-footer":"default","disable-content-area-spacing":"default","_jetpack_newsletter_access":"","_jetpack_dont_email_post_to_subs":false,"_jetpack_newsletter_tier_id":0,"_jetpack_memberships_contains_paywalled_content":false,"_jetpack_feature_clip_id":0,"_jetpack_memberships_contains_paid_content":false,"footnotes":"","jetpack_publicize_message":"","jetpack_publicize_feature_enabled":true,"jetpack_social_post_already_shared":true,"jetpack_social_options":{"image_generator_settings":{"template":"highway","default_image_id":0,"font":"","enabled":false},"version":2},"jetpack_post_was_ever_published":false},"categories":[711],"tags":[4004,2617,762,3781,1456,4202,4201,897,4200,2616],"class_list":["post-8861","post","type-post","status-publish","format-standard","has-post-thumbnail","hentry","category-cine","tag-cine-recomendado","tag-colm-meaney","tag-critica-de-cine","tag-critica-de-pelicula","tag-critica-de-peliculas","tag-donal-okelly","tag-pelicula-de-1996","tag-pelicula-recomendada","tag-peliculas-de-los-90","tag-stephen-frears"],"yoast_head":"<!-- This site is optimized with the Yoast SEO plugin v28.4 - https:\/\/yoast.com\/product\/yoast-seo-wordpress\/ -->\n<title>&quot;La camioneta&quot; pel\u00edcula de Stephen Frears: personajes aut\u00e9nticos, amistad y adversidad. - Blog de Rafael Ram\u00edrez<\/title>\n<meta name=\"description\" content=\"La pel\u00edcula &quot;La camioneta&quot; (The Van, en ingl\u00e9s) es una comedia dram\u00e1tica irlandesa de 1996 dirigida por Stephen Frears y basada en la novela\" \/>\n<meta name=\"robots\" content=\"index, follow, max-snippet:-1, max-image-preview:large, max-video-preview:-1\" \/>\n<link rel=\"canonical\" href=\"https:\/\/rafaramirez.org\/blog\/index.php\/2025\/04\/21\/la-camioneta-pelicula\/\" \/>\n<meta property=\"og:locale\" content=\"es_ES\" \/>\n<meta property=\"og:type\" content=\"article\" \/>\n<meta property=\"og:title\" content=\"&quot;La camioneta&quot; pel\u00edcula de Stephen Frears: personajes aut\u00e9nticos, amistad y adversidad. - Blog de Rafael Ram\u00edrez\" \/>\n<meta property=\"og:description\" content=\"La pel\u00edcula &quot;La camioneta&quot; (The Van, en ingl\u00e9s) es una comedia dram\u00e1tica irlandesa de 1996 dirigida por Stephen Frears y basada en la novela\" \/>\n<meta property=\"og:url\" content=\"https:\/\/rafaramirez.org\/blog\/index.php\/2025\/04\/21\/la-camioneta-pelicula\/\" \/>\n<meta property=\"og:site_name\" content=\"Blog de Rafael Ram\u00edrez\" \/>\n<meta property=\"article:published_time\" content=\"2025-04-21T06:15:29+00:00\" \/>\n<meta property=\"article:modified_time\" content=\"2025-04-21T09:08:47+00:00\" \/>\n<meta property=\"og:image\" content=\"https:\/\/rafaramirez.org\/blog\/wp-content\/uploads\/2025\/04\/La-Camioneta_1996_BANNER.jpg\" \/>\n\t<meta property=\"og:image:width\" content=\"720\" \/>\n\t<meta property=\"og:image:height\" content=\"440\" \/>\n\t<meta property=\"og:image:type\" content=\"image\/jpeg\" \/>\n<meta name=\"author\" content=\"Rafael Ram\u00edrez\" \/>\n<meta name=\"twitter:card\" content=\"summary_large_image\" \/>\n<meta name=\"twitter:creator\" content=\"@rafaramirez_ok\" \/>\n<meta name=\"twitter:site\" content=\"@rafaramirez_ok\" \/>\n<meta name=\"twitter:label1\" content=\"Escrito por\" \/>\n\t<meta name=\"twitter:data1\" content=\"Rafael Ram\u00edrez\" \/>\n\t<meta name=\"twitter:label2\" content=\"Tiempo de lectura\" \/>\n\t<meta name=\"twitter:data2\" content=\"5 minutos\" \/>\n<script type=\"application\/ld+json\" class=\"yoast-schema-graph\">{\"@context\":\"https:\\\/\\\/schema.org\",\"@graph\":[{\"@type\":\"Article\",\"@id\":\"https:\\\/\\\/rafaramirez.org\\\/blog\\\/index.php\\\/2025\\\/04\\\/21\\\/la-camioneta-pelicula\\\/#article\",\"isPartOf\":{\"@id\":\"https:\\\/\\\/rafaramirez.org\\\/blog\\\/index.php\\\/2025\\\/04\\\/21\\\/la-camioneta-pelicula\\\/\"},\"author\":{\"name\":\"Rafael Ram\u00edrez\",\"@id\":\"https:\\\/\\\/rafaramirez.org\\\/blog\\\/#\\\/schema\\\/person\\\/50f43b6d60c578760d4c17bda54ab6a5\"},\"headline\":\"\u00abLa camioneta\u00bb pel\u00edcula de Stephen Frears: personajes aut\u00e9nticos, amistad y adversidad.\",\"datePublished\":\"2025-04-21T06:15:29+00:00\",\"dateModified\":\"2025-04-21T09:08:47+00:00\",\"mainEntityOfPage\":{\"@id\":\"https:\\\/\\\/rafaramirez.org\\\/blog\\\/index.php\\\/2025\\\/04\\\/21\\\/la-camioneta-pelicula\\\/\"},\"wordCount\":924,\"commentCount\":0,\"publisher\":{\"@id\":\"https:\\\/\\\/rafaramirez.org\\\/blog\\\/#\\\/schema\\\/person\\\/50f43b6d60c578760d4c17bda54ab6a5\"},\"image\":{\"@id\":\"https:\\\/\\\/rafaramirez.org\\\/blog\\\/index.php\\\/2025\\\/04\\\/21\\\/la-camioneta-pelicula\\\/#primaryimage\"},\"thumbnailUrl\":\"https:\\\/\\\/rafaramirez.org\\\/blog\\\/wp-content\\\/uploads\\\/2025\\\/04\\\/La-Camioneta_1996_BANNER.jpg\",\"keywords\":[\"cine recomendado\",\"Colm Meaney\",\"cr\u00edtica de cine\",\"cr\u00edtica de pel\u00edcula\",\"cr\u00edtica de pel\u00edculas\",\"Donal O'Kelly\",\"pel\u00edcula de 1996\",\"pel\u00edcula recomendada\",\"pel\u00edculas de los 90\",\"Stephen Frears\"],\"articleSection\":[\"Cine\"],\"inLanguage\":\"es\",\"potentialAction\":[{\"@type\":\"CommentAction\",\"name\":\"Comment\",\"target\":[\"https:\\\/\\\/rafaramirez.org\\\/blog\\\/index.php\\\/2025\\\/04\\\/21\\\/la-camioneta-pelicula\\\/#respond\"]}]},{\"@type\":\"WebPage\",\"@id\":\"https:\\\/\\\/rafaramirez.org\\\/blog\\\/index.php\\\/2025\\\/04\\\/21\\\/la-camioneta-pelicula\\\/\",\"url\":\"https:\\\/\\\/rafaramirez.org\\\/blog\\\/index.php\\\/2025\\\/04\\\/21\\\/la-camioneta-pelicula\\\/\",\"name\":\"\\\"La camioneta\\\" pel\u00edcula de Stephen Frears: personajes aut\u00e9nticos, amistad y adversidad. - Blog de Rafael Ram\u00edrez\",\"isPartOf\":{\"@id\":\"https:\\\/\\\/rafaramirez.org\\\/blog\\\/#website\"},\"primaryImageOfPage\":{\"@id\":\"https:\\\/\\\/rafaramirez.org\\\/blog\\\/index.php\\\/2025\\\/04\\\/21\\\/la-camioneta-pelicula\\\/#primaryimage\"},\"image\":{\"@id\":\"https:\\\/\\\/rafaramirez.org\\\/blog\\\/index.php\\\/2025\\\/04\\\/21\\\/la-camioneta-pelicula\\\/#primaryimage\"},\"thumbnailUrl\":\"https:\\\/\\\/rafaramirez.org\\\/blog\\\/wp-content\\\/uploads\\\/2025\\\/04\\\/La-Camioneta_1996_BANNER.jpg\",\"datePublished\":\"2025-04-21T06:15:29+00:00\",\"dateModified\":\"2025-04-21T09:08:47+00:00\",\"description\":\"La pel\u00edcula \\\"La camioneta\\\" (The Van, en ingl\u00e9s) es una comedia dram\u00e1tica irlandesa de 1996 dirigida por Stephen Frears y basada en la novela\",\"breadcrumb\":{\"@id\":\"https:\\\/\\\/rafaramirez.org\\\/blog\\\/index.php\\\/2025\\\/04\\\/21\\\/la-camioneta-pelicula\\\/#breadcrumb\"},\"inLanguage\":\"es\",\"potentialAction\":[{\"@type\":\"ReadAction\",\"target\":[\"https:\\\/\\\/rafaramirez.org\\\/blog\\\/index.php\\\/2025\\\/04\\\/21\\\/la-camioneta-pelicula\\\/\"]}]},{\"@type\":\"ImageObject\",\"inLanguage\":\"es\",\"@id\":\"https:\\\/\\\/rafaramirez.org\\\/blog\\\/index.php\\\/2025\\\/04\\\/21\\\/la-camioneta-pelicula\\\/#primaryimage\",\"url\":\"https:\\\/\\\/rafaramirez.org\\\/blog\\\/wp-content\\\/uploads\\\/2025\\\/04\\\/La-Camioneta_1996_BANNER.jpg\",\"contentUrl\":\"https:\\\/\\\/rafaramirez.org\\\/blog\\\/wp-content\\\/uploads\\\/2025\\\/04\\\/La-Camioneta_1996_BANNER.jpg\",\"width\":720,\"height\":440,\"caption\":\"\\\"La Camioneta\\\" pel\u00edcula recomendada. Blog de Rafael Ram\u00edrez.\"},{\"@type\":\"BreadcrumbList\",\"@id\":\"https:\\\/\\\/rafaramirez.org\\\/blog\\\/index.php\\\/2025\\\/04\\\/21\\\/la-camioneta-pelicula\\\/#breadcrumb\",\"itemListElement\":[{\"@type\":\"ListItem\",\"position\":1,\"name\":\"Portada\",\"item\":\"https:\\\/\\\/rafaramirez.org\\\/blog\\\/\"},{\"@type\":\"ListItem\",\"position\":2,\"name\":\"\u00abLa camioneta\u00bb pel\u00edcula de Stephen Frears: personajes aut\u00e9nticos, amistad y adversidad.\"}]},{\"@type\":\"WebSite\",\"@id\":\"https:\\\/\\\/rafaramirez.org\\\/blog\\\/#website\",\"url\":\"https:\\\/\\\/rafaramirez.org\\\/blog\\\/\",\"name\":\"Blog de Rafael Ram\u00edrez\",\"description\":\"Un sitio social, de arte y cultura\",\"publisher\":{\"@id\":\"https:\\\/\\\/rafaramirez.org\\\/blog\\\/#\\\/schema\\\/person\\\/50f43b6d60c578760d4c17bda54ab6a5\"},\"potentialAction\":[{\"@type\":\"SearchAction\",\"target\":{\"@type\":\"EntryPoint\",\"urlTemplate\":\"https:\\\/\\\/rafaramirez.org\\\/blog\\\/?s={search_term_string}\"},\"query-input\":{\"@type\":\"PropertyValueSpecification\",\"valueRequired\":true,\"valueName\":\"search_term_string\"}}],\"inLanguage\":\"es\"},{\"@type\":[\"Person\",\"Organization\"],\"@id\":\"https:\\\/\\\/rafaramirez.org\\\/blog\\\/#\\\/schema\\\/person\\\/50f43b6d60c578760d4c17bda54ab6a5\",\"name\":\"Rafael Ram\u00edrez\",\"image\":{\"@type\":\"ImageObject\",\"inLanguage\":\"es\",\"@id\":\"https:\\\/\\\/rafaramirez.org\\\/blog\\\/wp-content\\\/uploads\\\/2024\\\/09\\\/RR_socialnetwork.jpg\",\"url\":\"https:\\\/\\\/rafaramirez.org\\\/blog\\\/wp-content\\\/uploads\\\/2024\\\/09\\\/RR_socialnetwork.jpg\",\"contentUrl\":\"https:\\\/\\\/rafaramirez.org\\\/blog\\\/wp-content\\\/uploads\\\/2024\\\/09\\\/RR_socialnetwork.jpg\",\"width\":600,\"height\":606,\"caption\":\"Rafael Ram\u00edrez\"},\"logo\":{\"@id\":\"https:\\\/\\\/rafaramirez.org\\\/blog\\\/wp-content\\\/uploads\\\/2024\\\/09\\\/RR_socialnetwork.jpg\"},\"sameAs\":[\"https:\\\/\\\/www.rafaramirez.org\\\/blog\",\"https:\\\/\\\/www.instagram.com\\\/rafaramirez_ok\\\/\",\"https:\\\/\\\/es.pinterest.com\\\/Ramirez_Rafa\\\/\",\"https:\\\/\\\/x.com\\\/rafaramirez_ok\"],\"url\":\"https:\\\/\\\/rafaramirez.org\\\/blog\\\/index.php\\\/author\\\/rafaell_qm6j97da\\\/\"}]}<\/script>\n<!-- \/ Yoast SEO plugin. -->","yoast_head_json":{"title":"\"La camioneta\" pel\u00edcula de Stephen Frears: personajes aut\u00e9nticos, amistad y adversidad. - Blog de Rafael Ram\u00edrez","description":"La pel\u00edcula \"La camioneta\" (The Van, en ingl\u00e9s) es una comedia dram\u00e1tica irlandesa de 1996 dirigida por Stephen Frears y basada en la novela","robots":{"index":"index","follow":"follow","max-snippet":"max-snippet:-1","max-image-preview":"max-image-preview:large","max-video-preview":"max-video-preview:-1"},"canonical":"https:\/\/rafaramirez.org\/blog\/index.php\/2025\/04\/21\/la-camioneta-pelicula\/","og_locale":"es_ES","og_type":"article","og_title":"\"La camioneta\" pel\u00edcula de Stephen Frears: personajes aut\u00e9nticos, amistad y adversidad. - Blog de Rafael Ram\u00edrez","og_description":"La pel\u00edcula \"La camioneta\" (The Van, en ingl\u00e9s) es una comedia dram\u00e1tica irlandesa de 1996 dirigida por Stephen Frears y basada en la novela","og_url":"https:\/\/rafaramirez.org\/blog\/index.php\/2025\/04\/21\/la-camioneta-pelicula\/","og_site_name":"Blog de Rafael Ram\u00edrez","article_published_time":"2025-04-21T06:15:29+00:00","article_modified_time":"2025-04-21T09:08:47+00:00","og_image":[{"width":720,"height":440,"url":"https:\/\/rafaramirez.org\/blog\/wp-content\/uploads\/2025\/04\/La-Camioneta_1996_BANNER.jpg","type":"image\/jpeg"}],"author":"Rafael Ram\u00edrez","twitter_card":"summary_large_image","twitter_creator":"@rafaramirez_ok","twitter_site":"@rafaramirez_ok","twitter_misc":{"Escrito por":"Rafael Ram\u00edrez","Tiempo de lectura":"5 minutos"},"schema":{"@context":"https:\/\/schema.org","@graph":[{"@type":"Article","@id":"https:\/\/rafaramirez.org\/blog\/index.php\/2025\/04\/21\/la-camioneta-pelicula\/#article","isPartOf":{"@id":"https:\/\/rafaramirez.org\/blog\/index.php\/2025\/04\/21\/la-camioneta-pelicula\/"},"author":{"name":"Rafael Ram\u00edrez","@id":"https:\/\/rafaramirez.org\/blog\/#\/schema\/person\/50f43b6d60c578760d4c17bda54ab6a5"},"headline":"\u00abLa camioneta\u00bb pel\u00edcula de Stephen Frears: personajes aut\u00e9nticos, amistad y adversidad.","datePublished":"2025-04-21T06:15:29+00:00","dateModified":"2025-04-21T09:08:47+00:00","mainEntityOfPage":{"@id":"https:\/\/rafaramirez.org\/blog\/index.php\/2025\/04\/21\/la-camioneta-pelicula\/"},"wordCount":924,"commentCount":0,"publisher":{"@id":"https:\/\/rafaramirez.org\/blog\/#\/schema\/person\/50f43b6d60c578760d4c17bda54ab6a5"},"image":{"@id":"https:\/\/rafaramirez.org\/blog\/index.php\/2025\/04\/21\/la-camioneta-pelicula\/#primaryimage"},"thumbnailUrl":"https:\/\/rafaramirez.org\/blog\/wp-content\/uploads\/2025\/04\/La-Camioneta_1996_BANNER.jpg","keywords":["cine recomendado","Colm Meaney","cr\u00edtica de cine","cr\u00edtica de pel\u00edcula","cr\u00edtica de pel\u00edculas","Donal O'Kelly","pel\u00edcula de 1996","pel\u00edcula recomendada","pel\u00edculas de los 90","Stephen Frears"],"articleSection":["Cine"],"inLanguage":"es","potentialAction":[{"@type":"CommentAction","name":"Comment","target":["https:\/\/rafaramirez.org\/blog\/index.php\/2025\/04\/21\/la-camioneta-pelicula\/#respond"]}]},{"@type":"WebPage","@id":"https:\/\/rafaramirez.org\/blog\/index.php\/2025\/04\/21\/la-camioneta-pelicula\/","url":"https:\/\/rafaramirez.org\/blog\/index.php\/2025\/04\/21\/la-camioneta-pelicula\/","name":"\"La camioneta\" pel\u00edcula de Stephen Frears: personajes aut\u00e9nticos, amistad y adversidad. - Blog de Rafael Ram\u00edrez","isPartOf":{"@id":"https:\/\/rafaramirez.org\/blog\/#website"},"primaryImageOfPage":{"@id":"https:\/\/rafaramirez.org\/blog\/index.php\/2025\/04\/21\/la-camioneta-pelicula\/#primaryimage"},"image":{"@id":"https:\/\/rafaramirez.org\/blog\/index.php\/2025\/04\/21\/la-camioneta-pelicula\/#primaryimage"},"thumbnailUrl":"https:\/\/rafaramirez.org\/blog\/wp-content\/uploads\/2025\/04\/La-Camioneta_1996_BANNER.jpg","datePublished":"2025-04-21T06:15:29+00:00","dateModified":"2025-04-21T09:08:47+00:00","description":"La pel\u00edcula \"La camioneta\" (The Van, en ingl\u00e9s) es una comedia dram\u00e1tica irlandesa de 1996 dirigida por Stephen Frears y basada en la novela","breadcrumb":{"@id":"https:\/\/rafaramirez.org\/blog\/index.php\/2025\/04\/21\/la-camioneta-pelicula\/#breadcrumb"},"inLanguage":"es","potentialAction":[{"@type":"ReadAction","target":["https:\/\/rafaramirez.org\/blog\/index.php\/2025\/04\/21\/la-camioneta-pelicula\/"]}]},{"@type":"ImageObject","inLanguage":"es","@id":"https:\/\/rafaramirez.org\/blog\/index.php\/2025\/04\/21\/la-camioneta-pelicula\/#primaryimage","url":"https:\/\/rafaramirez.org\/blog\/wp-content\/uploads\/2025\/04\/La-Camioneta_1996_BANNER.jpg","contentUrl":"https:\/\/rafaramirez.org\/blog\/wp-content\/uploads\/2025\/04\/La-Camioneta_1996_BANNER.jpg","width":720,"height":440,"caption":"\"La Camioneta\" pel\u00edcula recomendada. Blog de Rafael Ram\u00edrez."},{"@type":"BreadcrumbList","@id":"https:\/\/rafaramirez.org\/blog\/index.php\/2025\/04\/21\/la-camioneta-pelicula\/#breadcrumb","itemListElement":[{"@type":"ListItem","position":1,"name":"Portada","item":"https:\/\/rafaramirez.org\/blog\/"},{"@type":"ListItem","position":2,"name":"\u00abLa camioneta\u00bb pel\u00edcula de Stephen Frears: personajes aut\u00e9nticos, amistad y adversidad."}]},{"@type":"WebSite","@id":"https:\/\/rafaramirez.org\/blog\/#website","url":"https:\/\/rafaramirez.org\/blog\/","name":"Blog de Rafael Ram\u00edrez","description":"Un sitio social, de arte y cultura","publisher":{"@id":"https:\/\/rafaramirez.org\/blog\/#\/schema\/person\/50f43b6d60c578760d4c17bda54ab6a5"},"potentialAction":[{"@type":"SearchAction","target":{"@type":"EntryPoint","urlTemplate":"https:\/\/rafaramirez.org\/blog\/?s={search_term_string}"},"query-input":{"@type":"PropertyValueSpecification","valueRequired":true,"valueName":"search_term_string"}}],"inLanguage":"es"},{"@type":["Person","Organization"],"@id":"https:\/\/rafaramirez.org\/blog\/#\/schema\/person\/50f43b6d60c578760d4c17bda54ab6a5","name":"Rafael Ram\u00edrez","image":{"@type":"ImageObject","inLanguage":"es","@id":"https:\/\/rafaramirez.org\/blog\/wp-content\/uploads\/2024\/09\/RR_socialnetwork.jpg","url":"https:\/\/rafaramirez.org\/blog\/wp-content\/uploads\/2024\/09\/RR_socialnetwork.jpg","contentUrl":"https:\/\/rafaramirez.org\/blog\/wp-content\/uploads\/2024\/09\/RR_socialnetwork.jpg","width":600,"height":606,"caption":"Rafael Ram\u00edrez"},"logo":{"@id":"https:\/\/rafaramirez.org\/blog\/wp-content\/uploads\/2024\/09\/RR_socialnetwork.jpg"},"sameAs":["https:\/\/www.rafaramirez.org\/blog","https:\/\/www.instagram.com\/rafaramirez_ok\/","https:\/\/es.pinterest.com\/Ramirez_Rafa\/","https:\/\/x.com\/rafaramirez_ok"],"url":"https:\/\/rafaramirez.org\/blog\/index.php\/author\/rafaell_qm6j97da\/"}]}},"jetpack_publicize_connections":[],"jetpack_sharing_enabled":true,"jetpack_likes_enabled":true,"jetpack_featured_media_url":"https:\/\/rafaramirez.org\/blog\/wp-content\/uploads\/2025\/04\/La-Camioneta_1996_BANNER.jpg","_links":{"self":[{"href":"https:\/\/rafaramirez.org\/blog\/index.php\/wp-json\/wp\/v2\/posts\/8861","targetHints":{"allow":["GET"]}}],"collection":[{"href":"https:\/\/rafaramirez.org\/blog\/index.php\/wp-json\/wp\/v2\/posts"}],"about":[{"href":"https:\/\/rafaramirez.org\/blog\/index.php\/wp-json\/wp\/v2\/types\/post"}],"author":[{"embeddable":true,"href":"https:\/\/rafaramirez.org\/blog\/index.php\/wp-json\/wp\/v2\/users\/1"}],"replies":[{"embeddable":true,"href":"https:\/\/rafaramirez.org\/blog\/index.php\/wp-json\/wp\/v2\/comments?post=8861"}],"version-history":[{"count":16,"href":"https:\/\/rafaramirez.org\/blog\/index.php\/wp-json\/wp\/v2\/posts\/8861\/revisions"}],"predecessor-version":[{"id":8990,"href":"https:\/\/rafaramirez.org\/blog\/index.php\/wp-json\/wp\/v2\/posts\/8861\/revisions\/8990"}],"wp:featuredmedia":[{"embeddable":true,"href":"https:\/\/rafaramirez.org\/blog\/index.php\/wp-json\/wp\/v2\/media\/8876"}],"wp:attachment":[{"href":"https:\/\/rafaramirez.org\/blog\/index.php\/wp-json\/wp\/v2\/media?parent=8861"}],"wp:term":[{"taxonomy":"category","embeddable":true,"href":"https:\/\/rafaramirez.org\/blog\/index.php\/wp-json\/wp\/v2\/categories?post=8861"},{"taxonomy":"post_tag","embeddable":true,"href":"https:\/\/rafaramirez.org\/blog\/index.php\/wp-json\/wp\/v2\/tags?post=8861"}],"curies":[{"name":"wp","href":"https:\/\/api.w.org\/{rel}","templated":true}]}}