{"id":8804,"date":"2025-04-16T08:15:53","date_gmt":"2025-04-16T06:15:53","guid":{"rendered":"https:\/\/rafaramirez.org\/blog\/?p=8804"},"modified":"2026-07-14T11:44:12","modified_gmt":"2026-07-14T09:44:12","slug":"frederic-bazille-pintor-biografia","status":"publish","type":"post","link":"https:\/\/rafaramirez.org\/blog\/index.php\/2025\/04\/16\/frederic-bazille-pintor-biografia\/","title":{"rendered":"Fr\u00e9d\u00e9ric Bazille, el pintor pionero del impresionismo de colores vivos y composiciones equilibradas."},"content":{"rendered":"<p><strong>Fr\u00e9d\u00e9ric Bazille<\/strong> naci\u00f3 el 6 de diciembre de 1841 en Montpellier (Francia), en el seno de una familia acomodada de comerciantes de vino y protestantes. Desde joven mostr\u00f3 inter\u00e9s por el arte, especialmente despu\u00e9s de ver obras de <a href=\"https:\/\/rafaramirez.org\/blog\/index.php\/2025\/01\/28\/eugene-delacroix\/\" target=\"_blank\" rel=\"noopener\"><strong>Eug\u00e8ne Delacroix<\/strong><\/a>. Sin embargo, su familia insisti\u00f3 en que estudiara medicina, por lo que en 1859 se matricul\u00f3 en la facultad de Montpellier.<\/p>\n<p>En 1862, Bazille se traslad\u00f3 a Par\u00eds para continuar sus estudios de medicina, pero su pasi\u00f3n por la pintura lo llev\u00f3 a inscribirse en el <strong>taller de <a href=\"https:\/\/rafaramirez.org\/blog\/index.php\/2026\/02\/12\/charles-gleyre-pintor-biografia\/\" target=\"_blank\" rel=\"noopener\">Charles Gleyre<\/a><\/strong>. All\u00ed conoci\u00f3 a futuros impresionistas como <strong><a href=\"https:\/\/rafaramirez.org\/blog\/index.php\/2024\/09\/26\/claude-monet\/\" target=\"_blank\" rel=\"noopener\">Claude Monet<\/a>, <a href=\"https:\/\/rafaramirez.org\/blog\/index.php\/2024\/03\/05\/pierre-auguste-renoir-un-maestro-del-impresionismo\/\" target=\"_blank\" rel=\"noopener\">Pierre-Auguste Renoir<\/a> <\/strong>y <strong><a href=\"https:\/\/rafaramirez.org\/blog\/index.php\/2024\/05\/08\/alfred-sisley\/\" target=\"_blank\" rel=\"noopener\">Alfred Sisley<\/a><\/strong>, con quienes entabl\u00f3 una estrecha amistad. En 1864, tras no aprobar un examen de medicina, decidi\u00f3 dedicarse por completo a la pintura.<\/p>\n<p>Bazille fue un artista generoso, conocido por apoyar a sus amigos menos afortunados econ\u00f3micamente, a quienes ofrec\u00eda espacio en su estudio y materiales para trabajar. Su obra se caracteriza por la integraci\u00f3n de figuras humanas en paisajes al aire libre, en los que destaca su habilidad para capturar la luz natural.<\/p>\n<p>En 1870, con el estallido de la <strong>Guerra Franco-Prusiana<\/strong>, Bazille se alist\u00f3 en el ej\u00e9rcito. Lamentablemente, muri\u00f3 en combate el 28 de noviembre de ese mismo a\u00f1o, durante la <strong>Batalla de Beaune-la-Rolande<\/strong>, a la edad de 28 a\u00f1os. Su legado art\u00edstico, aunque breve, fue determinante para el desarrollo del <a href=\"https:\/\/rafaramirez.org\/blog\/index.php\/2024\/01\/18\/el-impresionismo-en-la-pintura\/\" target=\"_blank\" rel=\"noopener\">impresionismo<\/a>.<\/p>\n<figure id=\"attachment_8808\" aria-describedby=\"caption-attachment-8808\" style=\"width: 200px\" class=\"wp-caption aligncenter\"><a href=\"https:\/\/rafaramirez.org\/blog\/wp-content\/uploads\/2025\/04\/Frederic-Bazille_Autorretrato-con-paleta_1865.jpg\" target=\"_blank\" rel=\"noopener\"><img loading=\"lazy\" decoding=\"async\" class=\"wp-image-8808 size-medium\" src=\"https:\/\/rafaramirez.org\/blog\/wp-content\/uploads\/2025\/04\/Frederic-Bazille_Autorretrato-con-paleta_1865-200x300.jpg\" alt=\"Fr\u00e9d\u00e9ric Bazille. Autorretrato con paleta (1865). Blog de Rafael Ram\u00edrez.\" width=\"200\" height=\"300\" srcset=\"https:\/\/rafaramirez.org\/blog\/wp-content\/uploads\/2025\/04\/Frederic-Bazille_Autorretrato-con-paleta_1865-200x300.jpg 200w, https:\/\/rafaramirez.org\/blog\/wp-content\/uploads\/2025\/04\/Frederic-Bazille_Autorretrato-con-paleta_1865-683x1024.jpg 683w, https:\/\/rafaramirez.org\/blog\/wp-content\/uploads\/2025\/04\/Frederic-Bazille_Autorretrato-con-paleta_1865-768x1152.jpg 768w, https:\/\/rafaramirez.org\/blog\/wp-content\/uploads\/2025\/04\/Frederic-Bazille_Autorretrato-con-paleta_1865.jpg 800w\" sizes=\"auto, (max-width: 200px) 100vw, 200px\" \/><\/a><figcaption id=\"caption-attachment-8808\" class=\"wp-caption-text\">Fr\u00e9d\u00e9ric Bazille. Autorretrato con paleta (1865). Blog de Rafael Ram\u00edrez.<\/figcaption><\/figure>\n<h3>Caracter\u00edsticas de su estilo art\u00edstico.<\/h3>\n<p>El estilo art\u00edstico de Fr\u00e9d\u00e9ric Bazille se caracteriza por lo siguiente:<\/p>\n<ul>\n<li><strong>Uso de la luz natural:<\/strong> pintaba al aire libre (t\u00e9cnica conocida como plein air), lo que le permit\u00eda capturar los cambiantes efectos de la luz sobre los paisajes y las figuras.<\/li>\n<li><strong>Inter\u00e9s por la figura humana:<\/strong> integraba con frecuencia figuras humanas en sus escenas, logrando un equilibrio entre retratos y paisajes. Las personas que aparecen en sus cuadros suelen estar representadas de manera relajada y natural.<\/li>\n<li><strong>Colores vivos y naturales:<\/strong> su paleta es luminosa y rica, pero mantiene un tono realista que resalta el entorno y la atm\u00f3sfera.<\/li>\n<li><strong>Composiciones equilibradas:<\/strong> combinaba el rigor cl\u00e1sico con un enfoque m\u00e1s libre, influido por el <a href=\"https:\/\/rafaramirez.org\/blog\/index.php\/2024\/01\/18\/el-impresionismo-en-la-pintura\/\" target=\"_blank\" rel=\"noopener\">impresionismo<\/a>.<\/li>\n<li><strong>Estilo intermedio:<\/strong> su obra transita entre el <a href=\"https:\/\/rafaramirez.org\/blog\/index.php\/2025\/10\/23\/realismo-del-mito-a-la-realidad-el-arte-que-retrato-la-vida-comun\/\" target=\"_blank\" rel=\"noopener\">realismo<\/a> (por la precisi\u00f3n en los detalles) y el impresionismo (por su atenci\u00f3n a la luz y el color).<\/li>\n<\/ul>\n<p>Algunas obras ejemplares de su estilo son <strong>Reuni\u00f3n de familia<\/strong> y <strong>El vestido rosa<\/strong>.<\/p>\n<h3>Impacto en el movimiento impresionista.<\/h3>\n<p>El pintor Fr\u00e9d\u00e9ric Bazille tuvo un impacto significativo en el <a href=\"https:\/\/rafaramirez.org\/blog\/index.php\/2024\/01\/18\/el-impresionismo-en-la-pintura\/\" target=\"_blank\" rel=\"noopener\">movimiento impresionista<\/a>. Fue un pionero en la pintura al aire libre (plein air), una t\u00e9cnica que influir\u00eda en artistas como Monet y Renoir. Su enfoque en la luz natural y los colores vivos sent\u00f3 las bases del <a href=\"https:\/\/rafaramirez.org\/blog\/index.php\/2024\/01\/18\/el-impresionismo-en-la-pintura\/\" target=\"_blank\" rel=\"noopener\">impresionismo<\/a>.<\/p>\n<p>Bazille tambi\u00e9n fue un puente entre el <a href=\"https:\/\/rafaramirez.org\/blog\/index.php\/2025\/10\/23\/realismo-del-mito-a-la-realidad-el-arte-que-retrato-la-vida-comun\/\" target=\"_blank\" rel=\"noopener\">realismo<\/a> y el <a href=\"https:\/\/rafaramirez.org\/blog\/index.php\/2024\/01\/18\/el-impresionismo-en-la-pintura\/\" target=\"_blank\" rel=\"noopener\">impresionismo<\/a>, ya que mostr\u00f3 c\u00f3mo los artistas pod\u00edan combinar detalles precisos con una atm\u00f3sfera m\u00e1s libre y luminosa. Adem\u00e1s, su apoyo financiero y su colaboraci\u00f3n con otros artistas impresionistas fueron fundamentales para el desarrollo del grupo.<\/p>\n<p>Aunque muri\u00f3 antes de que el impresionismo se consolidara como movimiento, su obra y su amistad con figuras clave de este movimiento lo convierten en un actor importante en su g\u00e9nesis.<\/p>\n<h3>Influencia de Bazille en otros artistas impresionistas.<\/h3>\n<p>Pese a su corta vida, Fr\u00e9d\u00e9ric Bazille tuvo una influencia notable en otros artistas impresionistas. Su enfoque innovador en la pintura al aire libre (plein air) y su habilidad para capturar la luz natural inspiraron a artistas como Claude Monet y Pierre-Auguste Renoir. Adem\u00e1s, su estilo, que combinaba detalles <a href=\"https:\/\/rafaramirez.org\/blog\/index.php\/2025\/10\/23\/realismo-del-mito-a-la-realidad-el-arte-que-retrato-la-vida-comun\/\" target=\"_blank\" rel=\"noopener\">realistas<\/a> con una atm\u00f3sfera m\u00e1s luminosa y libre, sent\u00f3 las bases del impresionismo.<\/p>\n<p>Bazille tambi\u00e9n desempe\u00f1\u00f3 un papel importante como colaborador y amigo cercano de otros artistas. Gracias a su apoyo financiero, Monet y Renoir pudieron continuar desarrollando su arte en momentos dif\u00edciles. Adem\u00e1s, su estudio en Par\u00eds se convirti\u00f3 en un lugar de encuentro y experimentaci\u00f3n para los futuros impresionistas.<\/p>\n<p>A pesar de su prematura muerte, como te he ido contando, su legado perdura en la obra de sus contempor\u00e1neos y en el desarrollo del impresionismo como movimiento.<\/p>\n<h3>Pero, \u00bfqu\u00e9 otros artistas influyeron en Bazille?<\/h3>\n<p>Fr\u00e9d\u00e9ric Bazille se vio influido por varios artistas y movimientos art\u00edsticos que marcaron su estilo y enfoque. Entre ellos destacan:<\/p>\n<ul>\n<li><a href=\"https:\/\/rafaramirez.org\/blog\/index.php\/2025\/01\/28\/eugene-delacroix\/\" target=\"_blank\" rel=\"noopener\">Eug\u00e8ne Delacroix<\/a>: sus obras despertaron el inter\u00e9s de Bazille por la pintura, especialmente por el uso del color y la emoci\u00f3n en sus composiciones.<\/li>\n<li><a href=\"https:\/\/rafaramirez.org\/blog\/index.php\/2026\/02\/12\/charles-gleyre-pintor-biografia\/\" target=\"_blank\" rel=\"noopener\">Charles Gleyre<\/a> fue su maestro en Par\u00eds, donde Bazille perfeccion\u00f3 su t\u00e9cnica y conoci\u00f3 a futuros impresionistas como Monet y Renoir.<\/li>\n<li><a href=\"https:\/\/rafaramirez.org\/blog\/index.php\/2025\/01\/08\/gustave-courbet\/\" target=\"_blank\" rel=\"noopener\">Gustave Courbet<\/a>: Su <a href=\"https:\/\/rafaramirez.org\/blog\/index.php\/2025\/10\/23\/realismo-del-mito-a-la-realidad-el-arte-que-retrato-la-vida-comun\/\" target=\"_blank\" rel=\"noopener\">realismo<\/a> y su enfoque en temas cotidianos influyeron en la transici\u00f3n de Bazille hacia un estilo m\u00e1s naturalista.<\/li>\n<li>La Escuela de Barbizon, centrada en la pintura de paisajes al aire libre, inspir\u00f3 a Bazille a explorar la luz y la naturaleza en sus obras.<\/li>\n<\/ul>\n<p>Adem\u00e1s, su interacci\u00f3n con contempor\u00e1neos como <strong><a href=\"https:\/\/rafaramirez.org\/blog\/index.php\/2024\/09\/26\/claude-monet\/\" target=\"_blank\" rel=\"noopener\">Claude Monet<\/a>, <a href=\"https:\/\/rafaramirez.org\/blog\/index.php\/2024\/03\/05\/pierre-auguste-renoir-un-maestro-del-impresionismo\/\" target=\"_blank\" rel=\"noopener\">Pierre-Auguste Renoir<\/a> <\/strong>y <strong><a href=\"https:\/\/rafaramirez.org\/blog\/index.php\/2024\/05\/08\/alfred-sisley\/\" target=\"_blank\" rel=\"noopener\">Alfred Sisley<\/a><\/strong>\u00a0enriqueci\u00f3 su visi\u00f3n art\u00edstica y lo conect\u00f3 con el naciente <a href=\"https:\/\/rafaramirez.org\/blog\/index.php\/2024\/01\/18\/el-impresionismo-en-la-pintura\/\" target=\"_blank\" rel=\"noopener\">movimiento impresionista<\/a>.<\/p>\n<h3>Obras m\u00e1s destacadas.<\/h3>\n<p>El pintor Fr\u00e9d\u00e9ric Bazille dej\u00f3 un legado impresionante con varias obras destacadas que reflejan su estilo \u00fanico y su contribuci\u00f3n al impresionismo. Algunas de sus pinturas m\u00e1s notables incluyen:<\/p>\n<ol>\n<li><strong>El vestido rosa (1864)<\/strong>: es una de las obras m\u00e1s ic\u00f3nicas de Fr\u00e9d\u00e9ric Bazille. En ella, Bazille retrata a su prima, Th\u00e9r\u00e8se des Hours, al aire libre y luciendo un elegante vestido rosa. La obra combina un retrato detallado de la figura humana con un paisaje natural pintado al estilo plein air. La composici\u00f3n refleja el inter\u00e9s de Bazille por la luz natural, los colores vivos y las transiciones armoniosas entre el retrato y el entorno.Esta obra es un ejemplo destacado del estilo \u00fanico de Bazille, que a\u00fana el realismo en los detalles con elementos que anticipan el impresionismo.\n<p><figure id=\"attachment_8809\" aria-describedby=\"caption-attachment-8809\" style=\"width: 219px\" class=\"wp-caption aligncenter\"><a href=\"https:\/\/rafaramirez.org\/blog\/wp-content\/uploads\/2025\/04\/Frederic_Bazille_-_El-vestido-rosa_1864.jpg\" target=\"_blank\" rel=\"noopener\"><img loading=\"lazy\" decoding=\"async\" class=\"wp-image-8809 size-medium\" src=\"https:\/\/rafaramirez.org\/blog\/wp-content\/uploads\/2025\/04\/Frederic_Bazille_-_El-vestido-rosa_1864-219x300.jpg\" alt=\"Fr\u00e9d\u00e9ric Bazille. El Vestido Rosa (1864). Blog de Rafael Ram\u00edrez.\" width=\"219\" height=\"300\" srcset=\"https:\/\/rafaramirez.org\/blog\/wp-content\/uploads\/2025\/04\/Frederic_Bazille_-_El-vestido-rosa_1864-219x300.jpg 219w, https:\/\/rafaramirez.org\/blog\/wp-content\/uploads\/2025\/04\/Frederic_Bazille_-_El-vestido-rosa_1864-748x1024.jpg 748w, https:\/\/rafaramirez.org\/blog\/wp-content\/uploads\/2025\/04\/Frederic_Bazille_-_El-vestido-rosa_1864-768x1051.jpg 768w, https:\/\/rafaramirez.org\/blog\/wp-content\/uploads\/2025\/04\/Frederic_Bazille_-_El-vestido-rosa_1864-1122x1536.jpg 1122w, https:\/\/rafaramirez.org\/blog\/wp-content\/uploads\/2025\/04\/Frederic_Bazille_-_El-vestido-rosa_1864.jpg 1169w\" sizes=\"auto, (max-width: 219px) 100vw, 219px\" \/><\/a><figcaption id=\"caption-attachment-8809\" class=\"wp-caption-text\">Fr\u00e9d\u00e9ric Bazille. El Vestido Rosa (1864). Blog de Rafael Ram\u00edrez.<\/figcaption><\/figure><\/li>\n<li><strong>Reuni\u00f3n de familia (1867-1868)<\/strong>: es considerada una de las obras maestras de Fr\u00e9d\u00e9ric Bazille. La pintura muestra a los miembros de su familia reunidos en el jard\u00edn de la casa familiar en M\u00e9ric, cerca de Montpellier. Bazille logr\u00f3 combinar su talento para los retratos y los paisajes en esta obra al aire libre, capturando no solo la luz natural, sino tambi\u00e9n las interacciones \u00edntimas de las figuras.La composici\u00f3n es armoniosa y transmite una atm\u00f3sfera relajada y natural. Cada persona est\u00e1 representada con gran detalle, lo que refleja la habilidad de Bazille para combinar realismo e impresionismo en su arte.\n<p><figure id=\"attachment_8810\" aria-describedby=\"caption-attachment-8810\" style=\"width: 300px\" class=\"wp-caption aligncenter\"><a href=\"https:\/\/rafaramirez.org\/blog\/wp-content\/uploads\/2025\/04\/Reunion_de_familla_-_Frederic_Bazille_1867_1868.jpg\" target=\"_blank\" rel=\"noopener\"><img loading=\"lazy\" decoding=\"async\" class=\"wp-image-8810 size-medium\" src=\"https:\/\/rafaramirez.org\/blog\/wp-content\/uploads\/2025\/04\/Reunion_de_familla_-_Frederic_Bazille_1867_1868-300x197.jpg\" alt=\"Fr\u00e9d\u00e9ric Bazille. Reuni\u00f3n de Familia (1867-1868). Blog de Rafael Ram\u00edrez.\" width=\"300\" height=\"197\" srcset=\"https:\/\/rafaramirez.org\/blog\/wp-content\/uploads\/2025\/04\/Reunion_de_familla_-_Frederic_Bazille_1867_1868-300x197.jpg 300w, https:\/\/rafaramirez.org\/blog\/wp-content\/uploads\/2025\/04\/Reunion_de_familla_-_Frederic_Bazille_1867_1868-1024x671.jpg 1024w, https:\/\/rafaramirez.org\/blog\/wp-content\/uploads\/2025\/04\/Reunion_de_familla_-_Frederic_Bazille_1867_1868-768x504.jpg 768w, https:\/\/rafaramirez.org\/blog\/wp-content\/uploads\/2025\/04\/Reunion_de_familla_-_Frederic_Bazille_1867_1868-1536x1007.jpg 1536w, https:\/\/rafaramirez.org\/blog\/wp-content\/uploads\/2025\/04\/Reunion_de_familla_-_Frederic_Bazille_1867_1868.jpg 1600w\" sizes=\"auto, (max-width: 300px) 100vw, 300px\" \/><\/a><figcaption id=\"caption-attachment-8810\" class=\"wp-caption-text\">Fr\u00e9d\u00e9ric Bazille. Reuni\u00f3n de Familia (1867-1868). Blog de Rafael Ram\u00edrez.<\/figcaption><\/figure><\/li>\n<li><strong>Los Ba\u00f1istas (Escena de verano) (1869)<\/strong>: es una obra destacada de Fr\u00e9d\u00e9ric Bazille en la que combina su inter\u00e9s por la figura humana y los paisajes al aire libre. En ella se representa a un grupo de j\u00f3venes relaj\u00e1ndose cerca de un r\u00edo durante un c\u00e1lido d\u00eda de verano. Las figuras se muestran en poses naturales y casuales, lo que transmite una atm\u00f3sfera de serenidad.La obra destaca por su paleta luminosa y el uso magistral de la luz natural, rasgos caracter\u00edsticos del estilo de Bazille. Adem\u00e1s, captura la interacci\u00f3n entre las figuras humanas y el entorno, lo que evidencia su habilidad para equilibrar retratos y paisajes.\n<p><figure id=\"attachment_8811\" aria-describedby=\"caption-attachment-8811\" style=\"width: 300px\" class=\"wp-caption aligncenter\"><a href=\"https:\/\/rafaramirez.org\/blog\/wp-content\/uploads\/2025\/04\/Frederic_Bazille_-_Los-banistas_Escena-de-Verano_1869.jpg\" target=\"_blank\" rel=\"noopener\"><img loading=\"lazy\" decoding=\"async\" class=\"wp-image-8811 size-medium\" src=\"https:\/\/rafaramirez.org\/blog\/wp-content\/uploads\/2025\/04\/Frederic_Bazille_-_Los-banistas_Escena-de-Verano_1869-300x298.jpg\" alt=\"Fr\u00e9d\u00e9ric Bazille. Los Ba\u00f1istas (Escena de Verano) (1869). Blog de Rafael Ram\u00edrez.\" width=\"300\" height=\"298\" srcset=\"https:\/\/rafaramirez.org\/blog\/wp-content\/uploads\/2025\/04\/Frederic_Bazille_-_Los-banistas_Escena-de-Verano_1869-300x298.jpg 300w, https:\/\/rafaramirez.org\/blog\/wp-content\/uploads\/2025\/04\/Frederic_Bazille_-_Los-banistas_Escena-de-Verano_1869-1024x1016.jpg 1024w, https:\/\/rafaramirez.org\/blog\/wp-content\/uploads\/2025\/04\/Frederic_Bazille_-_Los-banistas_Escena-de-Verano_1869-150x150.jpg 150w, https:\/\/rafaramirez.org\/blog\/wp-content\/uploads\/2025\/04\/Frederic_Bazille_-_Los-banistas_Escena-de-Verano_1869-768x762.jpg 768w, https:\/\/rafaramirez.org\/blog\/wp-content\/uploads\/2025\/04\/Frederic_Bazille_-_Los-banistas_Escena-de-Verano_1869-1536x1524.jpg 1536w, https:\/\/rafaramirez.org\/blog\/wp-content\/uploads\/2025\/04\/Frederic_Bazille_-_Los-banistas_Escena-de-Verano_1869.jpg 1600w\" sizes=\"auto, (max-width: 300px) 100vw, 300px\" \/><\/a><figcaption id=\"caption-attachment-8811\" class=\"wp-caption-text\">Fr\u00e9d\u00e9ric Bazille. Los Ba\u00f1istas (Escena de Verano) (1869). Blog de Rafael Ram\u00edrez.<\/figcaption><\/figure><\/li>\n<li><strong>El aseo (1869-1870)<\/strong>: es una obra que destaca por su intimidad y la representaci\u00f3n de escenas cotidianas. Muestra a una mujer sentada mientras se arregla, en un ambiente interior iluminado con detalle y cuidado. La pintura refleja su habilidad para capturar la luz, incluso en espacios cerrados, y su atenci\u00f3n a los detalles en las figuras humanas. Bazille combina la serenidad con la precisi\u00f3n, mostrando el lado m\u00e1s \u00edntimo de la vida.\n<p><figure id=\"attachment_8813\" aria-describedby=\"caption-attachment-8813\" style=\"width: 290px\" class=\"wp-caption aligncenter\"><a href=\"https:\/\/rafaramirez.org\/blog\/wp-content\/uploads\/2025\/04\/Bazille_Frederic_._La_Toilette_1869-70.jpg\" target=\"_blank\" rel=\"noopener\"><img loading=\"lazy\" decoding=\"async\" class=\"wp-image-8813 size-medium\" src=\"https:\/\/rafaramirez.org\/blog\/wp-content\/uploads\/2025\/04\/Bazille_Frederic_._La_Toilette_1869-70-290x300.jpg\" alt=\"Fr\u00e9d\u00e9ric Bazille. El Aseo (1869-1870). Blog de Rafael Ram\u00edrez.\" width=\"290\" height=\"300\" srcset=\"https:\/\/rafaramirez.org\/blog\/wp-content\/uploads\/2025\/04\/Bazille_Frederic_._La_Toilette_1869-70-290x300.jpg 290w, https:\/\/rafaramirez.org\/blog\/wp-content\/uploads\/2025\/04\/Bazille_Frederic_._La_Toilette_1869-70-991x1024.jpg 991w, https:\/\/rafaramirez.org\/blog\/wp-content\/uploads\/2025\/04\/Bazille_Frederic_._La_Toilette_1869-70-768x794.jpg 768w, https:\/\/rafaramirez.org\/blog\/wp-content\/uploads\/2025\/04\/Bazille_Frederic_._La_Toilette_1869-70-1486x1536.jpg 1486w, https:\/\/rafaramirez.org\/blog\/wp-content\/uploads\/2025\/04\/Bazille_Frederic_._La_Toilette_1869-70.jpg 1548w\" sizes=\"auto, (max-width: 290px) 100vw, 290px\" \/><\/a><figcaption id=\"caption-attachment-8813\" class=\"wp-caption-text\">Fr\u00e9d\u00e9ric Bazille. El Aseo (1869-1870). Blog de Rafael Ram\u00edrez.<\/figcaption><\/figure><\/li>\n<li><strong>El estudio de Bazille (1870)<\/strong>: es una pintura que muestra el interior del taller del artista en Par\u00eds. La obra destaca por representar no solo el espacio de trabajo de Bazille, sino tambi\u00e9n a sus amigos y colegas, como \u00c9douard Manet y Edmond Maitre. Este cuadro es un testimonio de la camarader\u00eda entre los artistas y del papel de Bazille como figura central en el c\u00edrculo impresionista. La composici\u00f3n refleja su atenci\u00f3n al detalle y su habilidad para capturar escenas cotidianas, mientras juega con la luz y la perspectiva dentro de un ambiente interior.\n<p><figure id=\"attachment_8812\" aria-describedby=\"caption-attachment-8812\" style=\"width: 300px\" class=\"wp-caption aligncenter\"><a href=\"https:\/\/rafaramirez.org\/blog\/wp-content\/uploads\/2025\/04\/Frederic_Bazille_-_El-estudio_de_Bazille_1870.jpg\" target=\"_blank\" rel=\"noopener\"><img loading=\"lazy\" decoding=\"async\" class=\"wp-image-8812 size-medium\" src=\"https:\/\/rafaramirez.org\/blog\/wp-content\/uploads\/2025\/04\/Frederic_Bazille_-_El-estudio_de_Bazille_1870-300x224.jpg\" alt=\"Fr\u00e9d\u00e9ric Bazille. El Aseo (1869-1870). Blog de Rafael Ram\u00edrez.\" width=\"300\" height=\"224\" srcset=\"https:\/\/rafaramirez.org\/blog\/wp-content\/uploads\/2025\/04\/Frederic_Bazille_-_El-estudio_de_Bazille_1870-300x224.jpg 300w, https:\/\/rafaramirez.org\/blog\/wp-content\/uploads\/2025\/04\/Frederic_Bazille_-_El-estudio_de_Bazille_1870-1024x766.jpg 1024w, https:\/\/rafaramirez.org\/blog\/wp-content\/uploads\/2025\/04\/Frederic_Bazille_-_El-estudio_de_Bazille_1870-768x575.jpg 768w, https:\/\/rafaramirez.org\/blog\/wp-content\/uploads\/2025\/04\/Frederic_Bazille_-_El-estudio_de_Bazille_1870-1536x1149.jpg 1536w, https:\/\/rafaramirez.org\/blog\/wp-content\/uploads\/2025\/04\/Frederic_Bazille_-_El-estudio_de_Bazille_1870.jpg 1600w\" sizes=\"auto, (max-width: 300px) 100vw, 300px\" \/><\/a><figcaption id=\"caption-attachment-8812\" class=\"wp-caption-text\">Fr\u00e9d\u00e9ric Bazille. El Estudio de Bazille (1870). Blog de Rafael Ram\u00edrez<\/figcaption><\/figure><\/li>\n<\/ol>\n<p>Estas obras destacan por el uso de la luz natural, los colores vivos y las composiciones equilibradas.<\/p>\n<p>M\u00e1s informaci\u00f3n:<\/p>\n<ul>\n<li><a href=\"https:\/\/es.wikipedia.org\/wiki\/Fr%C3%A9d%C3%A9ric_Bazille\" target=\"_blank\" rel=\"noopener\">Wikipedia<\/a>.<\/li>\n<li><a href=\"https:\/\/trianarts.com\/frederic-bazille-el-impresionismo-frances\/\" target=\"_blank\" rel=\"noopener\">Trianarts<\/a>.<\/li>\n<li><a href=\"https:\/\/www.musee-orsay.fr\/es\/agenda\/exposiciones\/frederic-bazille-1841-1870-la-juventud-del-impresionismo\" target=\"_blank\" rel=\"noopener\">Museo de Orsay<\/a>.<\/li>\n<li><a href=\"https:\/\/rafaramirez.org\/blog\/index.php\/category\/arte\/historia-del-arte\/\" target=\"_blank\" rel=\"noopener\">Vida y obra de otros pintores<\/a>.<\/li>\n<\/ul>\n","protected":false},"excerpt":{"rendered":"<p>Fr\u00e9d\u00e9ric Bazille naci\u00f3 el 6 de diciembre de 1841 en Montpellier (Francia), en el seno de una familia acomodada de comerciantes de vino y protestantes. Desde joven mostr\u00f3 inter\u00e9s por el arte, especialmente despu\u00e9s de ver obras de Eug\u00e8ne Delacroix. Sin embargo, su familia insisti\u00f3 en que estudiara medicina, por lo que en 1859 se [&hellip;]<\/p>\n","protected":false},"author":3,"featured_media":8814,"comment_status":"open","ping_status":"closed","sticky":false,"template":"","format":"standard","meta":{"site-container-style":"default","site-container-layout":"default","site-sidebar-layout":"default","disable-article-header":"default","disable-site-header":"default","disable-site-footer":"default","disable-content-area-spacing":"default","_jetpack_newsletter_access":"","_jetpack_dont_email_post_to_subs":false,"_jetpack_newsletter_tier_id":0,"_jetpack_memberships_contains_paywalled_content":false,"_jetpack_feature_clip_id":0,"_jetpack_memberships_contains_paid_content":false,"footnotes":"","jetpack_publicize_message":"","jetpack_publicize_feature_enabled":true,"jetpack_social_post_already_shared":true,"jetpack_social_options":{"image_generator_settings":{"template":"highway","default_image_id":0,"font":"","enabled":false},"version":2},"jetpack_post_was_ever_published":false},"categories":[1290],"tags":[1172,4191,4186,3804,704,3764,3989,4188,4187,4190,703,702,4192,738,274,705,846,4189],"class_list":["post-8804","post","type-post","status-publish","format-standard","has-post-thumbnail","hentry","category-historia-del-arte","tag-alfred-sisley","tag-batalla-de-beaune-la-rolande","tag-biografia-de-frederic-bazille","tag-biografia-de-pintores","tag-claude-monet","tag-critica-de-arte","tag-eugene-delacroix","tag-frederic-bazille","tag-frederic-bazille-pintor","tag-guerra-franco-prusiana","tag-historia-del-impresionismo","tag-impresionismo","tag-impresionistas-franceses","tag-maestros-de-la-pintura","tag-maestros-del-impresionismo","tag-pierre-auguste-renoir","tag-pintores-impresionistas","tag-plein-air"],"yoast_head":"<!-- This site is optimized with the Yoast SEO plugin v28.4 - https:\/\/yoast.com\/product\/yoast-seo-wordpress\/ -->\n<title>Fr\u00e9d\u00e9ric Bazille, el pintor pionero del impresionismo de colores vivos y composiciones equilibradas. - Blog de Rafael Ram\u00edrez<\/title>\n<meta name=\"description\" content=\"El pintor Fr\u00e9d\u00e9ric Bazille fue un artista generoso, conocido por apoyar a sus amigos menos afortunados econ\u00f3micamente, a quienes ofrec\u00eda...\" \/>\n<meta name=\"robots\" content=\"index, follow, max-snippet:-1, max-image-preview:large, max-video-preview:-1\" \/>\n<link rel=\"canonical\" href=\"https:\/\/rafaramirez.org\/blog\/index.php\/2025\/04\/16\/frederic-bazille-pintor-biografia\/\" \/>\n<meta property=\"og:locale\" content=\"es_ES\" \/>\n<meta property=\"og:type\" content=\"article\" \/>\n<meta property=\"og:title\" content=\"Fr\u00e9d\u00e9ric Bazille, el pintor pionero del impresionismo de colores vivos y composiciones equilibradas. - Blog de Rafael Ram\u00edrez\" \/>\n<meta property=\"og:description\" content=\"El pintor Fr\u00e9d\u00e9ric Bazille fue un artista generoso, conocido por apoyar a sus amigos menos afortunados econ\u00f3micamente, a quienes ofrec\u00eda...\" \/>\n<meta property=\"og:url\" content=\"https:\/\/rafaramirez.org\/blog\/index.php\/2025\/04\/16\/frederic-bazille-pintor-biografia\/\" \/>\n<meta property=\"og:site_name\" content=\"Blog de Rafael Ram\u00edrez\" \/>\n<meta property=\"article:published_time\" content=\"2025-04-16T06:15:53+00:00\" \/>\n<meta property=\"article:modified_time\" content=\"2026-07-14T09:44:12+00:00\" \/>\n<meta property=\"og:image\" content=\"https:\/\/rafaramirez.org\/blog\/wp-content\/uploads\/2025\/04\/Frederic_Bazille_banner.jpg\" \/>\n\t<meta property=\"og:image:width\" content=\"720\" \/>\n\t<meta property=\"og:image:height\" content=\"440\" \/>\n\t<meta property=\"og:image:type\" content=\"image\/jpeg\" \/>\n<meta name=\"author\" content=\"Documentaci\u00f3n e investigaci\u00f3n\" \/>\n<meta name=\"twitter:card\" content=\"summary_large_image\" \/>\n<meta name=\"twitter:site\" content=\"@rafaramirez_ok\" \/>\n<meta name=\"twitter:label1\" content=\"Escrito por\" \/>\n\t<meta name=\"twitter:data1\" content=\"Documentaci\u00f3n e investigaci\u00f3n\" \/>\n\t<meta name=\"twitter:label2\" content=\"Tiempo de lectura\" \/>\n\t<meta name=\"twitter:data2\" content=\"8 minutos\" \/>\n<script type=\"application\/ld+json\" class=\"yoast-schema-graph\">{\"@context\":\"https:\\\/\\\/schema.org\",\"@graph\":[{\"@type\":\"Article\",\"@id\":\"https:\\\/\\\/rafaramirez.org\\\/blog\\\/index.php\\\/2025\\\/04\\\/16\\\/frederic-bazille-pintor-biografia\\\/#article\",\"isPartOf\":{\"@id\":\"https:\\\/\\\/rafaramirez.org\\\/blog\\\/index.php\\\/2025\\\/04\\\/16\\\/frederic-bazille-pintor-biografia\\\/\"},\"author\":{\"name\":\"Documentaci\u00f3n e investigaci\u00f3n\",\"@id\":\"https:\\\/\\\/rafaramirez.org\\\/blog\\\/#\\\/schema\\\/person\\\/8debd05b3d9a1d16fb21af726811617d\"},\"headline\":\"Fr\u00e9d\u00e9ric Bazille, el pintor pionero del impresionismo de colores vivos y composiciones equilibradas.\",\"datePublished\":\"2025-04-16T06:15:53+00:00\",\"dateModified\":\"2026-07-14T09:44:12+00:00\",\"mainEntityOfPage\":{\"@id\":\"https:\\\/\\\/rafaramirez.org\\\/blog\\\/index.php\\\/2025\\\/04\\\/16\\\/frederic-bazille-pintor-biografia\\\/\"},\"wordCount\":1576,\"commentCount\":0,\"publisher\":{\"@id\":\"https:\\\/\\\/rafaramirez.org\\\/blog\\\/#\\\/schema\\\/person\\\/50f43b6d60c578760d4c17bda54ab6a5\"},\"image\":{\"@id\":\"https:\\\/\\\/rafaramirez.org\\\/blog\\\/index.php\\\/2025\\\/04\\\/16\\\/frederic-bazille-pintor-biografia\\\/#primaryimage\"},\"thumbnailUrl\":\"https:\\\/\\\/rafaramirez.org\\\/blog\\\/wp-content\\\/uploads\\\/2025\\\/04\\\/Frederic_Bazille_banner.jpg\",\"keywords\":[\"Alfred Sisley\",\"Batalla de Beaune-la-Rolande\",\"biograf\u00eda de Fr\u00e9d\u00e9ric Bazille\",\"biograf\u00eda de pintores\",\"claude monet\",\"cr\u00edtica de arte\",\"Eug\u00e8ne Delacroix\",\"Fr\u00e9d\u00e9ric Bazille\",\"Fr\u00e9d\u00e9ric Bazille pintor\",\"Guerra Franco-Prusiana\",\"historia del impresionismo\",\"impresionismo\",\"impresionistas franceses\",\"maestros de la pintura\",\"maestros del impresionismo\",\"Pierre-Auguste Renoir\",\"pintores impresionistas\",\"plein air\"],\"articleSection\":[\"Historia del arte\"],\"inLanguage\":\"es\",\"potentialAction\":[{\"@type\":\"CommentAction\",\"name\":\"Comment\",\"target\":[\"https:\\\/\\\/rafaramirez.org\\\/blog\\\/index.php\\\/2025\\\/04\\\/16\\\/frederic-bazille-pintor-biografia\\\/#respond\"]}]},{\"@type\":\"WebPage\",\"@id\":\"https:\\\/\\\/rafaramirez.org\\\/blog\\\/index.php\\\/2025\\\/04\\\/16\\\/frederic-bazille-pintor-biografia\\\/\",\"url\":\"https:\\\/\\\/rafaramirez.org\\\/blog\\\/index.php\\\/2025\\\/04\\\/16\\\/frederic-bazille-pintor-biografia\\\/\",\"name\":\"Fr\u00e9d\u00e9ric Bazille, el pintor pionero del impresionismo de colores vivos y composiciones equilibradas. - Blog de Rafael Ram\u00edrez\",\"isPartOf\":{\"@id\":\"https:\\\/\\\/rafaramirez.org\\\/blog\\\/#website\"},\"primaryImageOfPage\":{\"@id\":\"https:\\\/\\\/rafaramirez.org\\\/blog\\\/index.php\\\/2025\\\/04\\\/16\\\/frederic-bazille-pintor-biografia\\\/#primaryimage\"},\"image\":{\"@id\":\"https:\\\/\\\/rafaramirez.org\\\/blog\\\/index.php\\\/2025\\\/04\\\/16\\\/frederic-bazille-pintor-biografia\\\/#primaryimage\"},\"thumbnailUrl\":\"https:\\\/\\\/rafaramirez.org\\\/blog\\\/wp-content\\\/uploads\\\/2025\\\/04\\\/Frederic_Bazille_banner.jpg\",\"datePublished\":\"2025-04-16T06:15:53+00:00\",\"dateModified\":\"2026-07-14T09:44:12+00:00\",\"description\":\"El pintor Fr\u00e9d\u00e9ric Bazille fue un artista generoso, conocido por apoyar a sus amigos menos afortunados econ\u00f3micamente, a quienes ofrec\u00eda...\",\"breadcrumb\":{\"@id\":\"https:\\\/\\\/rafaramirez.org\\\/blog\\\/index.php\\\/2025\\\/04\\\/16\\\/frederic-bazille-pintor-biografia\\\/#breadcrumb\"},\"inLanguage\":\"es\",\"potentialAction\":[{\"@type\":\"ReadAction\",\"target\":[\"https:\\\/\\\/rafaramirez.org\\\/blog\\\/index.php\\\/2025\\\/04\\\/16\\\/frederic-bazille-pintor-biografia\\\/\"]}]},{\"@type\":\"ImageObject\",\"inLanguage\":\"es\",\"@id\":\"https:\\\/\\\/rafaramirez.org\\\/blog\\\/index.php\\\/2025\\\/04\\\/16\\\/frederic-bazille-pintor-biografia\\\/#primaryimage\",\"url\":\"https:\\\/\\\/rafaramirez.org\\\/blog\\\/wp-content\\\/uploads\\\/2025\\\/04\\\/Frederic_Bazille_banner.jpg\",\"contentUrl\":\"https:\\\/\\\/rafaramirez.org\\\/blog\\\/wp-content\\\/uploads\\\/2025\\\/04\\\/Frederic_Bazille_banner.jpg\",\"width\":720,\"height\":440,\"caption\":\"Fr\u00e9d\u00e9ric Bazille. Maestros de la pintura. Blog de Rafael Ram\u00edrez.\"},{\"@type\":\"BreadcrumbList\",\"@id\":\"https:\\\/\\\/rafaramirez.org\\\/blog\\\/index.php\\\/2025\\\/04\\\/16\\\/frederic-bazille-pintor-biografia\\\/#breadcrumb\",\"itemListElement\":[{\"@type\":\"ListItem\",\"position\":1,\"name\":\"Portada\",\"item\":\"https:\\\/\\\/rafaramirez.org\\\/blog\\\/\"},{\"@type\":\"ListItem\",\"position\":2,\"name\":\"Fr\u00e9d\u00e9ric Bazille, el pintor pionero del impresionismo de colores vivos y composiciones equilibradas.\"}]},{\"@type\":\"WebSite\",\"@id\":\"https:\\\/\\\/rafaramirez.org\\\/blog\\\/#website\",\"url\":\"https:\\\/\\\/rafaramirez.org\\\/blog\\\/\",\"name\":\"Blog de Rafael Ram\u00edrez\",\"description\":\"Un sitio social, de arte y cultura\",\"publisher\":{\"@id\":\"https:\\\/\\\/rafaramirez.org\\\/blog\\\/#\\\/schema\\\/person\\\/50f43b6d60c578760d4c17bda54ab6a5\"},\"potentialAction\":[{\"@type\":\"SearchAction\",\"target\":{\"@type\":\"EntryPoint\",\"urlTemplate\":\"https:\\\/\\\/rafaramirez.org\\\/blog\\\/?s={search_term_string}\"},\"query-input\":{\"@type\":\"PropertyValueSpecification\",\"valueRequired\":true,\"valueName\":\"search_term_string\"}}],\"inLanguage\":\"es\"},{\"@type\":[\"Person\",\"Organization\"],\"@id\":\"https:\\\/\\\/rafaramirez.org\\\/blog\\\/#\\\/schema\\\/person\\\/50f43b6d60c578760d4c17bda54ab6a5\",\"name\":\"Rafael Ram\u00edrez\",\"image\":{\"@type\":\"ImageObject\",\"inLanguage\":\"es\",\"@id\":\"https:\\\/\\\/rafaramirez.org\\\/blog\\\/wp-content\\\/uploads\\\/2024\\\/09\\\/RR_socialnetwork.jpg\",\"url\":\"https:\\\/\\\/rafaramirez.org\\\/blog\\\/wp-content\\\/uploads\\\/2024\\\/09\\\/RR_socialnetwork.jpg\",\"contentUrl\":\"https:\\\/\\\/rafaramirez.org\\\/blog\\\/wp-content\\\/uploads\\\/2024\\\/09\\\/RR_socialnetwork.jpg\",\"width\":600,\"height\":606,\"caption\":\"Rafael Ram\u00edrez\"},\"logo\":{\"@id\":\"https:\\\/\\\/rafaramirez.org\\\/blog\\\/wp-content\\\/uploads\\\/2024\\\/09\\\/RR_socialnetwork.jpg\"},\"sameAs\":[\"https:\\\/\\\/www.rafaramirez.org\\\/blog\",\"https:\\\/\\\/www.instagram.com\\\/rafaramirez_ok\\\/\",\"https:\\\/\\\/es.pinterest.com\\\/Ramirez_Rafa\\\/\",\"https:\\\/\\\/x.com\\\/rafaramirez_ok\"]},{\"@type\":\"Person\",\"@id\":\"https:\\\/\\\/rafaramirez.org\\\/blog\\\/#\\\/schema\\\/person\\\/8debd05b3d9a1d16fb21af726811617d\",\"name\":\"Documentaci\u00f3n e investigaci\u00f3n\",\"image\":{\"@type\":\"ImageObject\",\"inLanguage\":\"es\",\"@id\":\"https:\\\/\\\/secure.gravatar.com\\\/avatar\\\/fe70e496579a39c7a8fc4982b89275403b1092eb200623138a32daada9416911?s=96&d=mm&r=g\",\"url\":\"https:\\\/\\\/secure.gravatar.com\\\/avatar\\\/fe70e496579a39c7a8fc4982b89275403b1092eb200623138a32daada9416911?s=96&d=mm&r=g\",\"contentUrl\":\"https:\\\/\\\/secure.gravatar.com\\\/avatar\\\/fe70e496579a39c7a8fc4982b89275403b1092eb200623138a32daada9416911?s=96&d=mm&r=g\",\"caption\":\"Documentaci\u00f3n e investigaci\u00f3n\"},\"url\":\"https:\\\/\\\/rafaramirez.org\\\/blog\\\/index.php\\\/author\\\/admin\\\/\"}]}<\/script>\n<!-- \/ Yoast SEO plugin. -->","yoast_head_json":{"title":"Fr\u00e9d\u00e9ric Bazille, el pintor pionero del impresionismo de colores vivos y composiciones equilibradas. - Blog de Rafael Ram\u00edrez","description":"El pintor Fr\u00e9d\u00e9ric Bazille fue un artista generoso, conocido por apoyar a sus amigos menos afortunados econ\u00f3micamente, a quienes ofrec\u00eda...","robots":{"index":"index","follow":"follow","max-snippet":"max-snippet:-1","max-image-preview":"max-image-preview:large","max-video-preview":"max-video-preview:-1"},"canonical":"https:\/\/rafaramirez.org\/blog\/index.php\/2025\/04\/16\/frederic-bazille-pintor-biografia\/","og_locale":"es_ES","og_type":"article","og_title":"Fr\u00e9d\u00e9ric Bazille, el pintor pionero del impresionismo de colores vivos y composiciones equilibradas. - Blog de Rafael Ram\u00edrez","og_description":"El pintor Fr\u00e9d\u00e9ric Bazille fue un artista generoso, conocido por apoyar a sus amigos menos afortunados econ\u00f3micamente, a quienes ofrec\u00eda...","og_url":"https:\/\/rafaramirez.org\/blog\/index.php\/2025\/04\/16\/frederic-bazille-pintor-biografia\/","og_site_name":"Blog de Rafael Ram\u00edrez","article_published_time":"2025-04-16T06:15:53+00:00","article_modified_time":"2026-07-14T09:44:12+00:00","og_image":[{"width":720,"height":440,"url":"https:\/\/rafaramirez.org\/blog\/wp-content\/uploads\/2025\/04\/Frederic_Bazille_banner.jpg","type":"image\/jpeg"}],"author":"Documentaci\u00f3n e investigaci\u00f3n","twitter_card":"summary_large_image","twitter_site":"@rafaramirez_ok","twitter_misc":{"Escrito por":"Documentaci\u00f3n e investigaci\u00f3n","Tiempo de lectura":"8 minutos"},"schema":{"@context":"https:\/\/schema.org","@graph":[{"@type":"Article","@id":"https:\/\/rafaramirez.org\/blog\/index.php\/2025\/04\/16\/frederic-bazille-pintor-biografia\/#article","isPartOf":{"@id":"https:\/\/rafaramirez.org\/blog\/index.php\/2025\/04\/16\/frederic-bazille-pintor-biografia\/"},"author":{"name":"Documentaci\u00f3n e investigaci\u00f3n","@id":"https:\/\/rafaramirez.org\/blog\/#\/schema\/person\/8debd05b3d9a1d16fb21af726811617d"},"headline":"Fr\u00e9d\u00e9ric Bazille, el pintor pionero del impresionismo de colores vivos y composiciones equilibradas.","datePublished":"2025-04-16T06:15:53+00:00","dateModified":"2026-07-14T09:44:12+00:00","mainEntityOfPage":{"@id":"https:\/\/rafaramirez.org\/blog\/index.php\/2025\/04\/16\/frederic-bazille-pintor-biografia\/"},"wordCount":1576,"commentCount":0,"publisher":{"@id":"https:\/\/rafaramirez.org\/blog\/#\/schema\/person\/50f43b6d60c578760d4c17bda54ab6a5"},"image":{"@id":"https:\/\/rafaramirez.org\/blog\/index.php\/2025\/04\/16\/frederic-bazille-pintor-biografia\/#primaryimage"},"thumbnailUrl":"https:\/\/rafaramirez.org\/blog\/wp-content\/uploads\/2025\/04\/Frederic_Bazille_banner.jpg","keywords":["Alfred Sisley","Batalla de Beaune-la-Rolande","biograf\u00eda de Fr\u00e9d\u00e9ric Bazille","biograf\u00eda de pintores","claude monet","cr\u00edtica de arte","Eug\u00e8ne Delacroix","Fr\u00e9d\u00e9ric Bazille","Fr\u00e9d\u00e9ric Bazille pintor","Guerra Franco-Prusiana","historia del impresionismo","impresionismo","impresionistas franceses","maestros de la pintura","maestros del impresionismo","Pierre-Auguste Renoir","pintores impresionistas","plein air"],"articleSection":["Historia del arte"],"inLanguage":"es","potentialAction":[{"@type":"CommentAction","name":"Comment","target":["https:\/\/rafaramirez.org\/blog\/index.php\/2025\/04\/16\/frederic-bazille-pintor-biografia\/#respond"]}]},{"@type":"WebPage","@id":"https:\/\/rafaramirez.org\/blog\/index.php\/2025\/04\/16\/frederic-bazille-pintor-biografia\/","url":"https:\/\/rafaramirez.org\/blog\/index.php\/2025\/04\/16\/frederic-bazille-pintor-biografia\/","name":"Fr\u00e9d\u00e9ric Bazille, el pintor pionero del impresionismo de colores vivos y composiciones equilibradas. - Blog de Rafael Ram\u00edrez","isPartOf":{"@id":"https:\/\/rafaramirez.org\/blog\/#website"},"primaryImageOfPage":{"@id":"https:\/\/rafaramirez.org\/blog\/index.php\/2025\/04\/16\/frederic-bazille-pintor-biografia\/#primaryimage"},"image":{"@id":"https:\/\/rafaramirez.org\/blog\/index.php\/2025\/04\/16\/frederic-bazille-pintor-biografia\/#primaryimage"},"thumbnailUrl":"https:\/\/rafaramirez.org\/blog\/wp-content\/uploads\/2025\/04\/Frederic_Bazille_banner.jpg","datePublished":"2025-04-16T06:15:53+00:00","dateModified":"2026-07-14T09:44:12+00:00","description":"El pintor Fr\u00e9d\u00e9ric Bazille fue un artista generoso, conocido por apoyar a sus amigos menos afortunados econ\u00f3micamente, a quienes ofrec\u00eda...","breadcrumb":{"@id":"https:\/\/rafaramirez.org\/blog\/index.php\/2025\/04\/16\/frederic-bazille-pintor-biografia\/#breadcrumb"},"inLanguage":"es","potentialAction":[{"@type":"ReadAction","target":["https:\/\/rafaramirez.org\/blog\/index.php\/2025\/04\/16\/frederic-bazille-pintor-biografia\/"]}]},{"@type":"ImageObject","inLanguage":"es","@id":"https:\/\/rafaramirez.org\/blog\/index.php\/2025\/04\/16\/frederic-bazille-pintor-biografia\/#primaryimage","url":"https:\/\/rafaramirez.org\/blog\/wp-content\/uploads\/2025\/04\/Frederic_Bazille_banner.jpg","contentUrl":"https:\/\/rafaramirez.org\/blog\/wp-content\/uploads\/2025\/04\/Frederic_Bazille_banner.jpg","width":720,"height":440,"caption":"Fr\u00e9d\u00e9ric Bazille. Maestros de la pintura. Blog de Rafael Ram\u00edrez."},{"@type":"BreadcrumbList","@id":"https:\/\/rafaramirez.org\/blog\/index.php\/2025\/04\/16\/frederic-bazille-pintor-biografia\/#breadcrumb","itemListElement":[{"@type":"ListItem","position":1,"name":"Portada","item":"https:\/\/rafaramirez.org\/blog\/"},{"@type":"ListItem","position":2,"name":"Fr\u00e9d\u00e9ric Bazille, el pintor pionero del impresionismo de colores vivos y composiciones equilibradas."}]},{"@type":"WebSite","@id":"https:\/\/rafaramirez.org\/blog\/#website","url":"https:\/\/rafaramirez.org\/blog\/","name":"Blog de Rafael Ram\u00edrez","description":"Un sitio social, de arte y cultura","publisher":{"@id":"https:\/\/rafaramirez.org\/blog\/#\/schema\/person\/50f43b6d60c578760d4c17bda54ab6a5"},"potentialAction":[{"@type":"SearchAction","target":{"@type":"EntryPoint","urlTemplate":"https:\/\/rafaramirez.org\/blog\/?s={search_term_string}"},"query-input":{"@type":"PropertyValueSpecification","valueRequired":true,"valueName":"search_term_string"}}],"inLanguage":"es"},{"@type":["Person","Organization"],"@id":"https:\/\/rafaramirez.org\/blog\/#\/schema\/person\/50f43b6d60c578760d4c17bda54ab6a5","name":"Rafael Ram\u00edrez","image":{"@type":"ImageObject","inLanguage":"es","@id":"https:\/\/rafaramirez.org\/blog\/wp-content\/uploads\/2024\/09\/RR_socialnetwork.jpg","url":"https:\/\/rafaramirez.org\/blog\/wp-content\/uploads\/2024\/09\/RR_socialnetwork.jpg","contentUrl":"https:\/\/rafaramirez.org\/blog\/wp-content\/uploads\/2024\/09\/RR_socialnetwork.jpg","width":600,"height":606,"caption":"Rafael Ram\u00edrez"},"logo":{"@id":"https:\/\/rafaramirez.org\/blog\/wp-content\/uploads\/2024\/09\/RR_socialnetwork.jpg"},"sameAs":["https:\/\/www.rafaramirez.org\/blog","https:\/\/www.instagram.com\/rafaramirez_ok\/","https:\/\/es.pinterest.com\/Ramirez_Rafa\/","https:\/\/x.com\/rafaramirez_ok"]},{"@type":"Person","@id":"https:\/\/rafaramirez.org\/blog\/#\/schema\/person\/8debd05b3d9a1d16fb21af726811617d","name":"Documentaci\u00f3n e investigaci\u00f3n","image":{"@type":"ImageObject","inLanguage":"es","@id":"https:\/\/secure.gravatar.com\/avatar\/fe70e496579a39c7a8fc4982b89275403b1092eb200623138a32daada9416911?s=96&d=mm&r=g","url":"https:\/\/secure.gravatar.com\/avatar\/fe70e496579a39c7a8fc4982b89275403b1092eb200623138a32daada9416911?s=96&d=mm&r=g","contentUrl":"https:\/\/secure.gravatar.com\/avatar\/fe70e496579a39c7a8fc4982b89275403b1092eb200623138a32daada9416911?s=96&d=mm&r=g","caption":"Documentaci\u00f3n e investigaci\u00f3n"},"url":"https:\/\/rafaramirez.org\/blog\/index.php\/author\/admin\/"}]}},"jetpack_publicize_connections":[],"jetpack_sharing_enabled":true,"jetpack_likes_enabled":true,"jetpack_featured_media_url":"https:\/\/rafaramirez.org\/blog\/wp-content\/uploads\/2025\/04\/Frederic_Bazille_banner.jpg","_links":{"self":[{"href":"https:\/\/rafaramirez.org\/blog\/index.php\/wp-json\/wp\/v2\/posts\/8804","targetHints":{"allow":["GET"]}}],"collection":[{"href":"https:\/\/rafaramirez.org\/blog\/index.php\/wp-json\/wp\/v2\/posts"}],"about":[{"href":"https:\/\/rafaramirez.org\/blog\/index.php\/wp-json\/wp\/v2\/types\/post"}],"author":[{"embeddable":true,"href":"https:\/\/rafaramirez.org\/blog\/index.php\/wp-json\/wp\/v2\/users\/3"}],"replies":[{"embeddable":true,"href":"https:\/\/rafaramirez.org\/blog\/index.php\/wp-json\/wp\/v2\/comments?post=8804"}],"version-history":[{"count":14,"href":"https:\/\/rafaramirez.org\/blog\/index.php\/wp-json\/wp\/v2\/posts\/8804\/revisions"}],"predecessor-version":[{"id":12039,"href":"https:\/\/rafaramirez.org\/blog\/index.php\/wp-json\/wp\/v2\/posts\/8804\/revisions\/12039"}],"wp:featuredmedia":[{"embeddable":true,"href":"https:\/\/rafaramirez.org\/blog\/index.php\/wp-json\/wp\/v2\/media\/8814"}],"wp:attachment":[{"href":"https:\/\/rafaramirez.org\/blog\/index.php\/wp-json\/wp\/v2\/media?parent=8804"}],"wp:term":[{"taxonomy":"category","embeddable":true,"href":"https:\/\/rafaramirez.org\/blog\/index.php\/wp-json\/wp\/v2\/categories?post=8804"},{"taxonomy":"post_tag","embeddable":true,"href":"https:\/\/rafaramirez.org\/blog\/index.php\/wp-json\/wp\/v2\/tags?post=8804"}],"curies":[{"name":"wp","href":"https:\/\/api.w.org\/{rel}","templated":true}]}}