{"id":8761,"date":"2025-04-24T08:15:49","date_gmt":"2025-04-24T06:15:49","guid":{"rendered":"https:\/\/rafaramirez.org\/blog\/?p=8761"},"modified":"2025-04-04T11:27:51","modified_gmt":"2025-04-04T09:27:51","slug":"resiliencia-palabra-bonita","status":"publish","type":"post","link":"https:\/\/rafaramirez.org\/blog\/index.php\/2025\/04\/24\/resiliencia-palabra-bonita\/","title":{"rendered":"\u00abResiliencia\u00bb es la palabra bonita de nuestro proyecto, pero \u00bfqu\u00e9 significado e historia tiene?"},"content":{"rendered":"<p>La palabra<strong> \u00abresiliencia\u00bb<\/strong> es nuestra palabra bonita, ya que tiene un significado poderoso y profundo. Proviene del lat\u00edn y, en esencia, se refiere a la capacidad de una persona, comunidad o incluso sistema para adaptarse, superar y recuperarse de situaciones dif\u00edciles, desaf\u00edos o adversidades.<\/p>\n<p>Desde un enfoque psicol\u00f3gico, la resiliencia se asocia con la fortaleza emocional que permite a las personas no solo sobrevivir a las dificultades, sino tambi\u00e9n <strong>aprender y crecer a partir de ellas<\/strong>. En el \u00e1mbito social o ambiental, puede implicar la capacidad de una comunidad o ecosistema para responder positivamente a cambios dr\u00e1sticos o desastres.<\/p>\n<p>Es un concepto que nos recuerda que, aunque enfrentemos obst\u00e1culos, tambi\u00e9n tenemos la fuerza necesaria para reinventarnos, sanar y prosperar. \u00a1Una palabra con mucho peso, tanto pr\u00e1ctico como po\u00e9tico!<\/p>\n<h3>Etimolog\u00eda e historia.<\/h3>\n<p>La palabra resiliencia tiene una etimolog\u00eda fascinante y una historia apasionante. Proviene del lat\u00edn <strong><em>resilire<\/em><\/strong>, que significa \u00absaltar hacia atr\u00e1s\u00bb o \u00abretroceder\u00bb. Este verbo est\u00e1 compuesto por el prefijo re-, que indica repetici\u00f3n o intensificaci\u00f3n, y <strong><em>salire<\/em><\/strong>, que significa \u00absaltar\u00bb. En sus or\u00edgenes, la palabra hac\u00eda referencia a la capacidad de un objeto para recuperar su forma original despu\u00e9s de haber sido deformado.<\/p>\n<p>En la antig\u00fcedad, el t\u00e9rmino se usaba principalmente en contextos f\u00edsicos y estaba relacionado con materiales con propiedades el\u00e1sticas, como ciertos metales o tejidos. M\u00e1s tarde, con el desarrollo de disciplinas como la psicolog\u00eda y las ciencias sociales, la resiliencia <strong>pas\u00f3 a aplicarse al \u00e1mbito humano y emocional<\/strong>. Se comenz\u00f3 a utilizar para describir la capacidad de las personas de adaptarse y recuperarse ante situaciones adversas.<\/p>\n<p>El concepto se expandi\u00f3 a\u00fan m\u00e1s con la introducci\u00f3n de la resiliencia en otros campos, como la ecolog\u00eda, para hablar de la capacidad de un ecosistema para resistir perturbaciones y seguir funcionando. En la actualidad, el t\u00e9rmino resiliencia es interdisciplinario y combina su antigua connotaci\u00f3n f\u00edsica con un poderoso significado emocional y social.<\/p>\n<figure id=\"attachment_8767\" aria-describedby=\"caption-attachment-8767\" style=\"width: 300px\" class=\"wp-caption aligncenter\"><a href=\"https:\/\/rafaramirez.org\/blog\/wp-content\/uploads\/2025\/04\/resilience-7499752.jpg\" target=\"_blank\" rel=\"noopener\"><img loading=\"lazy\" decoding=\"async\" class=\"wp-image-8767 size-medium\" src=\"https:\/\/rafaramirez.org\/blog\/wp-content\/uploads\/2025\/04\/resilience-7499752-300x200.jpg\" alt=\"&quot;Resiliencia&quot; palabra bonita. Blog de Rafael Ram\u00edrez.\" width=\"300\" height=\"200\" srcset=\"https:\/\/rafaramirez.org\/blog\/wp-content\/uploads\/2025\/04\/resilience-7499752-300x200.jpg 300w, https:\/\/rafaramirez.org\/blog\/wp-content\/uploads\/2025\/04\/resilience-7499752-768x512.jpg 768w, https:\/\/rafaramirez.org\/blog\/wp-content\/uploads\/2025\/04\/resilience-7499752.jpg 800w\" sizes=\"auto, (max-width: 300px) 100vw, 300px\" \/><\/a><figcaption id=\"caption-attachment-8767\" class=\"wp-caption-text\">\u00abResiliencia\u00bb, palabra bonita. Blog de Rafael Ram\u00edrez.<\/figcaption><\/figure>\n<h3>Diferentes significados de resiliencia.<\/h3>\n<p>La palabra resiliencia tiene significados variados que se expanden y enriquecen seg\u00fan el contexto en el que se utilice. A continuaci\u00f3n, te ofrezco un desglose de sus diferentes interpretaciones, incluyendo su dimensi\u00f3n literaria y po\u00e9tica:<\/p>\n<ul>\n<li>\n<h4>Significado psicol\u00f3gico<\/h4>\n<p>En psicolog\u00eda, la resiliencia se refiere a la capacidad de las personas para enfrentar y superar circunstancias adversas, como traumas, p\u00e9rdidas o desaf\u00edos importantes. No se trata solo de resistencia pasiva, sino de una adaptaci\u00f3n activa que permite al individuo no solo sobrevivir, sino tambi\u00e9n crecer y fortalecerse a trav\u00e9s de la experiencia.<\/li>\n<li>\n<h4>Resiliencia en la ecolog\u00eda<\/h4>\n<p>En ecolog\u00eda, el t\u00e9rmino se refiere a la capacidad de un ecosistema para resistir perturbaciones, como desastres naturales o actividades humanas, y recuperar su equilibrio. Es una medida de la estabilidad y la flexibilidad de los sistemas naturales.<\/li>\n<li>\n<h4>Resiliencia en la f\u00edsica<\/h4>\n<p>Originalmente, la palabra se utilizaba para referirse a las propiedades de ciertos materiales que, tras ser sometidos a fuerzas externas, recuperaban su forma original. Esto es relevante en los \u00e1mbitos de la ciencia de materiales y la ingenier\u00eda.<\/li>\n<li>\n<h4>Resiliencia en la literatura y la poes\u00eda<\/h4>\n<p>En el campo de la literatura y la poes\u00eda, la resiliencia adquiere un matiz simb\u00f3lico y metaf\u00f3rico que trasciende su uso t\u00e9cnico. A menudo se asocia con la capacidad del alma humana para redescubrir la belleza y la fortaleza incluso en medio del caos y la desesperaci\u00f3n. La resiliencia en la literatura suele manifestarse a trav\u00e9s de temas como el renacimiento, la esperanza y la lucha frente a la adversidad. Por ejemplo, en la poes\u00eda, se puede aludir a la resiliencia mediante im\u00e1genes evocadoras, como la de un \u00e1rbol que florece tras una tormenta o la de un r\u00edo que encuentra su cauce a pesar de los obst\u00e1culos. Estos s\u00edmbolos capturan el esp\u00edritu humano y su capacidad innata para adaptarse y persistir. Muchas obras literarias exploran la resiliencia a trav\u00e9s de personajes que enfrentan desaf\u00edos extremos y encuentran sentido y redenci\u00f3n en sus vidas.<\/li>\n<\/ul>\n<ul>\n<li>\n<h4>Resiliencia en la Filosof\u00eda<\/h4>\n<p>Desde una perspectiva filos\u00f3fica, la resiliencia puede vincularse con la virtud de la fortaleza, es decir, con la disposici\u00f3n \u00e9tica hacia la perseverancia frente a los desaf\u00edos. Tambi\u00e9n se relaciona con el estoicismo, que promueve la aceptaci\u00f3n de las adversidades con dignidad y autocontrol.<\/li>\n<\/ul>\n<p>En cada uno de estos enfoques, la resiliencia no solo implica sobrevivir, sino tambi\u00e9n prosperar y transformarse. La resiliencia encierra la esencia de la capacidad humana y natural para encontrar equilibrio, prop\u00f3sito y renovaci\u00f3n incluso en las circunstancias m\u00e1s adversas.<\/p>\n<figure id=\"attachment_8768\" aria-describedby=\"caption-attachment-8768\" style=\"width: 300px\" class=\"wp-caption aligncenter\"><a href=\"https:\/\/rafaramirez.org\/blog\/wp-content\/uploads\/2025\/04\/resilience-7371389.jpg\" target=\"_blank\" rel=\"noopener\"><img loading=\"lazy\" decoding=\"async\" class=\"wp-image-8768 size-medium\" src=\"https:\/\/rafaramirez.org\/blog\/wp-content\/uploads\/2025\/04\/resilience-7371389-300x200.jpg\" alt=\"&quot;Resiliencia&quot; palabra bonita. Blog de Rafael Ram\u00edrez.\" width=\"300\" height=\"200\" srcset=\"https:\/\/rafaramirez.org\/blog\/wp-content\/uploads\/2025\/04\/resilience-7371389-300x200.jpg 300w, https:\/\/rafaramirez.org\/blog\/wp-content\/uploads\/2025\/04\/resilience-7371389-768x512.jpg 768w, https:\/\/rafaramirez.org\/blog\/wp-content\/uploads\/2025\/04\/resilience-7371389.jpg 800w\" sizes=\"auto, (max-width: 300px) 100vw, 300px\" \/><\/a><figcaption id=\"caption-attachment-8768\" class=\"wp-caption-text\">\u00abResiliencia\u00bb, palabra bonita. Blog de Rafael Ram\u00edrez.<\/figcaption><\/figure>\n<p>En resumen, \u00abresiliencia\u00bb es una palabra bonita porque encapsula la fuerza, el renacimiento y la capacidad humana de transformar adversidades en oportunidades. Su sonoridad evoca un suave rebote hacia la esperanza y su esencia nos recuerda que, como el r\u00edo que busca su cauce, siempre podemos encontrar la forma de avanzar y florecer. Y no puedo sino terminar con una frase resiliente del poema<em><strong> Invictus<\/strong><\/em>, de <strong>William Ernest Henley<\/strong>: \u00abSoy el amo de mi destino; soy el capit\u00e1n de mi alma\u00bb.<\/p>\n<p>M\u00e1s informaci\u00f3n:<\/p>\n<ul>\n<li><a href=\"https:\/\/es.wikipedia.org\/wiki\/Resiliencia_(psicolog%C3%ADa)\" target=\"_blank\" rel=\"noopener\">Wikipedia<\/a>.<\/li>\n<li><a href=\"https:\/\/rafaramirez.org\/blog\/index.php\/2024\/04\/12\/la-resiliencia-adaptarse-y-florecer-ante-la-adversidad\/\" target=\"_blank\" rel=\"noopener\">Resiliencia: Adaptarse y crecer ante la adversidad<\/a>.<\/li>\n<li><a href=\"https:\/\/rafaramirez.org\/blog\/index.php\/category\/arte\/palabras-bonitas\/\" target=\"_blank\" rel=\"noopener\">Otras palabras bonitas en el proyecto<\/a>.<\/li>\n<\/ul>\n","protected":false},"excerpt":{"rendered":"<p>La palabra \u00abresiliencia\u00bb es nuestra palabra bonita, ya que tiene un significado poderoso y profundo. Proviene del lat\u00edn y, en esencia, se refiere a la capacidad de una persona, comunidad o incluso sistema para adaptarse, superar y recuperarse de situaciones dif\u00edciles, desaf\u00edos o adversidades. Desde un enfoque psicol\u00f3gico, la resiliencia se asocia con la fortaleza [&hellip;]<\/p>\n","protected":false},"author":1,"featured_media":8765,"comment_status":"open","ping_status":"closed","sticky":false,"template":"","format":"standard","meta":{"site-container-style":"default","site-container-layout":"default","site-sidebar-layout":"default","disable-article-header":"default","disable-site-header":"default","disable-site-footer":"default","disable-content-area-spacing":"default","_jetpack_newsletter_access":"","_jetpack_dont_email_post_to_subs":false,"_jetpack_newsletter_tier_id":0,"_jetpack_memberships_contains_paywalled_content":false,"_jetpack_feature_clip_id":0,"_jetpack_memberships_contains_paid_content":false,"footnotes":"","jetpack_publicize_message":"","jetpack_publicize_feature_enabled":true,"jetpack_social_post_already_shared":true,"jetpack_social_options":{"image_generator_settings":{"template":"highway","default_image_id":0,"font":"","enabled":false},"version":2},"jetpack_post_was_ever_published":false},"categories":[581],"tags":[4180,1641,1632,1636,68,1646,1634,1642,2745,1630,1639,1643,1644,3052,3326,1631],"class_list":["post-8761","post","type-post","status-publish","format-standard","has-post-thumbnail","hentry","category-palabras-bonitas","tag-resiliencia-palabra-bonita","tag-acepta-lo-que-no-puedes-cambiar","tag-adaptarse-a-los-cambios","tag-aprender-a-manejar-el-estres","tag-blog-de-rafael-ramirez","tag-cuida-de-ti-mismo","tag-desarrollar-una-actitud-positiva","tag-encuentra-oportunidades-en-la-adversidad","tag-historia-de-las-palabras","tag-la-resiliencia","tag-la-resiliencia-es-una-actitud-de-vida","tag-manten-la-esperanza","tag-no-te-quiebres","tag-proyecto-de-palabras-bonitas","tag-proyecto-palabras-bonitas","tag-sobreponerse-a-las-dificultades"],"yoast_head":"<!-- This site is optimized with the Yoast SEO plugin v28.4 - https:\/\/yoast.com\/product\/yoast-seo-wordpress\/ -->\n<title>&quot;Resiliencia&quot; es la palabra bonita de nuestro proyecto, pero \u00bfqu\u00e9 significado e historia tiene? - Blog de Rafael Ram\u00edrez<\/title>\n<meta name=\"description\" content=\"La palabra &quot;resiliencia&quot;, es nuestra palabra bonita ya que tiene un significado poderoso y profundo. Proviene del lat\u00edn y en su esencia, la..\" \/>\n<meta name=\"robots\" content=\"index, follow, max-snippet:-1, max-image-preview:large, max-video-preview:-1\" \/>\n<link rel=\"canonical\" href=\"https:\/\/rafaramirez.org\/blog\/index.php\/2025\/04\/24\/resiliencia-palabra-bonita\/\" \/>\n<meta property=\"og:locale\" content=\"es_ES\" \/>\n<meta property=\"og:type\" content=\"article\" \/>\n<meta property=\"og:title\" content=\"&quot;Resiliencia&quot; es la palabra bonita de nuestro proyecto, pero \u00bfqu\u00e9 significado e historia tiene? - Blog de Rafael Ram\u00edrez\" \/>\n<meta property=\"og:description\" content=\"La palabra &quot;resiliencia&quot;, es nuestra palabra bonita ya que tiene un significado poderoso y profundo. Proviene del lat\u00edn y en su esencia, la..\" \/>\n<meta property=\"og:url\" content=\"https:\/\/rafaramirez.org\/blog\/index.php\/2025\/04\/24\/resiliencia-palabra-bonita\/\" \/>\n<meta property=\"og:site_name\" content=\"Blog de Rafael Ram\u00edrez\" \/>\n<meta property=\"article:published_time\" content=\"2025-04-24T06:15:49+00:00\" \/>\n<meta property=\"og:image\" content=\"https:\/\/rafaramirez.org\/blog\/wp-content\/uploads\/2025\/04\/Resiliencia_palabras_bonitas_banner.jpg\" \/>\n\t<meta property=\"og:image:width\" content=\"720\" \/>\n\t<meta property=\"og:image:height\" content=\"440\" \/>\n\t<meta property=\"og:image:type\" content=\"image\/jpeg\" \/>\n<meta name=\"author\" content=\"Rafael Ram\u00edrez\" \/>\n<meta name=\"twitter:card\" content=\"summary_large_image\" \/>\n<meta name=\"twitter:creator\" content=\"@rafaramirez_ok\" \/>\n<meta name=\"twitter:site\" content=\"@rafaramirez_ok\" \/>\n<meta name=\"twitter:label1\" content=\"Escrito por\" \/>\n\t<meta name=\"twitter:data1\" content=\"Rafael Ram\u00edrez\" \/>\n\t<meta name=\"twitter:label2\" content=\"Tiempo de lectura\" \/>\n\t<meta name=\"twitter:data2\" content=\"5 minutos\" \/>\n<script type=\"application\/ld+json\" class=\"yoast-schema-graph\">{\"@context\":\"https:\\\/\\\/schema.org\",\"@graph\":[{\"@type\":\"Article\",\"@id\":\"https:\\\/\\\/rafaramirez.org\\\/blog\\\/index.php\\\/2025\\\/04\\\/24\\\/resiliencia-palabra-bonita\\\/#article\",\"isPartOf\":{\"@id\":\"https:\\\/\\\/rafaramirez.org\\\/blog\\\/index.php\\\/2025\\\/04\\\/24\\\/resiliencia-palabra-bonita\\\/\"},\"author\":{\"name\":\"Rafael Ram\u00edrez\",\"@id\":\"https:\\\/\\\/rafaramirez.org\\\/blog\\\/#\\\/schema\\\/person\\\/50f43b6d60c578760d4c17bda54ab6a5\"},\"headline\":\"\u00abResiliencia\u00bb es la palabra bonita de nuestro proyecto, pero \u00bfqu\u00e9 significado e historia tiene?\",\"datePublished\":\"2025-04-24T06:15:49+00:00\",\"mainEntityOfPage\":{\"@id\":\"https:\\\/\\\/rafaramirez.org\\\/blog\\\/index.php\\\/2025\\\/04\\\/24\\\/resiliencia-palabra-bonita\\\/\"},\"wordCount\":949,\"commentCount\":0,\"publisher\":{\"@id\":\"https:\\\/\\\/rafaramirez.org\\\/blog\\\/#\\\/schema\\\/person\\\/50f43b6d60c578760d4c17bda54ab6a5\"},\"image\":{\"@id\":\"https:\\\/\\\/rafaramirez.org\\\/blog\\\/index.php\\\/2025\\\/04\\\/24\\\/resiliencia-palabra-bonita\\\/#primaryimage\"},\"thumbnailUrl\":\"https:\\\/\\\/rafaramirez.org\\\/blog\\\/wp-content\\\/uploads\\\/2025\\\/04\\\/Resiliencia_palabras_bonitas_banner.jpg\",\"keywords\":[\"\\\"Resiliencia\\\" palabra bonita\",\"Acepta lo que no puedes cambiar\",\"adaptarse a los cambios\",\"Aprender a manejar el estr\u00e9s\",\"blog de Rafael Ram\u00edrez\",\"Cuida de ti mismo\",\"Desarrollar una actitud positiva\",\"Encuentra oportunidades en la adversidad\",\"historia de las palabras\",\"La resiliencia\",\"La resiliencia es una actitud de vida\",\"Mant\u00e9n la esperanza\",\"No te quiebres\",\"proyecto de palabras bonitas\",\"proyecto palabras bonitas\",\"sobreponerse a las dificultades\"],\"articleSection\":[\"Proyecto Palabras Bonitas\"],\"inLanguage\":\"es\",\"potentialAction\":[{\"@type\":\"CommentAction\",\"name\":\"Comment\",\"target\":[\"https:\\\/\\\/rafaramirez.org\\\/blog\\\/index.php\\\/2025\\\/04\\\/24\\\/resiliencia-palabra-bonita\\\/#respond\"]}]},{\"@type\":\"WebPage\",\"@id\":\"https:\\\/\\\/rafaramirez.org\\\/blog\\\/index.php\\\/2025\\\/04\\\/24\\\/resiliencia-palabra-bonita\\\/\",\"url\":\"https:\\\/\\\/rafaramirez.org\\\/blog\\\/index.php\\\/2025\\\/04\\\/24\\\/resiliencia-palabra-bonita\\\/\",\"name\":\"\\\"Resiliencia\\\" es la palabra bonita de nuestro proyecto, pero \u00bfqu\u00e9 significado e historia tiene? - Blog de Rafael Ram\u00edrez\",\"isPartOf\":{\"@id\":\"https:\\\/\\\/rafaramirez.org\\\/blog\\\/#website\"},\"primaryImageOfPage\":{\"@id\":\"https:\\\/\\\/rafaramirez.org\\\/blog\\\/index.php\\\/2025\\\/04\\\/24\\\/resiliencia-palabra-bonita\\\/#primaryimage\"},\"image\":{\"@id\":\"https:\\\/\\\/rafaramirez.org\\\/blog\\\/index.php\\\/2025\\\/04\\\/24\\\/resiliencia-palabra-bonita\\\/#primaryimage\"},\"thumbnailUrl\":\"https:\\\/\\\/rafaramirez.org\\\/blog\\\/wp-content\\\/uploads\\\/2025\\\/04\\\/Resiliencia_palabras_bonitas_banner.jpg\",\"datePublished\":\"2025-04-24T06:15:49+00:00\",\"description\":\"La palabra \\\"resiliencia\\\", es nuestra palabra bonita ya que tiene un significado poderoso y profundo. Proviene del lat\u00edn y en su esencia, la..\",\"breadcrumb\":{\"@id\":\"https:\\\/\\\/rafaramirez.org\\\/blog\\\/index.php\\\/2025\\\/04\\\/24\\\/resiliencia-palabra-bonita\\\/#breadcrumb\"},\"inLanguage\":\"es\",\"potentialAction\":[{\"@type\":\"ReadAction\",\"target\":[\"https:\\\/\\\/rafaramirez.org\\\/blog\\\/index.php\\\/2025\\\/04\\\/24\\\/resiliencia-palabra-bonita\\\/\"]}]},{\"@type\":\"ImageObject\",\"inLanguage\":\"es\",\"@id\":\"https:\\\/\\\/rafaramirez.org\\\/blog\\\/index.php\\\/2025\\\/04\\\/24\\\/resiliencia-palabra-bonita\\\/#primaryimage\",\"url\":\"https:\\\/\\\/rafaramirez.org\\\/blog\\\/wp-content\\\/uploads\\\/2025\\\/04\\\/Resiliencia_palabras_bonitas_banner.jpg\",\"contentUrl\":\"https:\\\/\\\/rafaramirez.org\\\/blog\\\/wp-content\\\/uploads\\\/2025\\\/04\\\/Resiliencia_palabras_bonitas_banner.jpg\",\"width\":720,\"height\":440,\"caption\":\"\\\"Resiliencia\\\" proyecto palabras bonitas. Blog de Rafael Ram\u00edrez.\"},{\"@type\":\"BreadcrumbList\",\"@id\":\"https:\\\/\\\/rafaramirez.org\\\/blog\\\/index.php\\\/2025\\\/04\\\/24\\\/resiliencia-palabra-bonita\\\/#breadcrumb\",\"itemListElement\":[{\"@type\":\"ListItem\",\"position\":1,\"name\":\"Portada\",\"item\":\"https:\\\/\\\/rafaramirez.org\\\/blog\\\/\"},{\"@type\":\"ListItem\",\"position\":2,\"name\":\"\u00abResiliencia\u00bb es la palabra bonita de nuestro proyecto, pero \u00bfqu\u00e9 significado e historia tiene?\"}]},{\"@type\":\"WebSite\",\"@id\":\"https:\\\/\\\/rafaramirez.org\\\/blog\\\/#website\",\"url\":\"https:\\\/\\\/rafaramirez.org\\\/blog\\\/\",\"name\":\"Blog de Rafael Ram\u00edrez\",\"description\":\"Un sitio social, de arte y cultura\",\"publisher\":{\"@id\":\"https:\\\/\\\/rafaramirez.org\\\/blog\\\/#\\\/schema\\\/person\\\/50f43b6d60c578760d4c17bda54ab6a5\"},\"potentialAction\":[{\"@type\":\"SearchAction\",\"target\":{\"@type\":\"EntryPoint\",\"urlTemplate\":\"https:\\\/\\\/rafaramirez.org\\\/blog\\\/?s={search_term_string}\"},\"query-input\":{\"@type\":\"PropertyValueSpecification\",\"valueRequired\":true,\"valueName\":\"search_term_string\"}}],\"inLanguage\":\"es\"},{\"@type\":[\"Person\",\"Organization\"],\"@id\":\"https:\\\/\\\/rafaramirez.org\\\/blog\\\/#\\\/schema\\\/person\\\/50f43b6d60c578760d4c17bda54ab6a5\",\"name\":\"Rafael Ram\u00edrez\",\"image\":{\"@type\":\"ImageObject\",\"inLanguage\":\"es\",\"@id\":\"https:\\\/\\\/rafaramirez.org\\\/blog\\\/wp-content\\\/uploads\\\/2024\\\/09\\\/RR_socialnetwork.jpg\",\"url\":\"https:\\\/\\\/rafaramirez.org\\\/blog\\\/wp-content\\\/uploads\\\/2024\\\/09\\\/RR_socialnetwork.jpg\",\"contentUrl\":\"https:\\\/\\\/rafaramirez.org\\\/blog\\\/wp-content\\\/uploads\\\/2024\\\/09\\\/RR_socialnetwork.jpg\",\"width\":600,\"height\":606,\"caption\":\"Rafael Ram\u00edrez\"},\"logo\":{\"@id\":\"https:\\\/\\\/rafaramirez.org\\\/blog\\\/wp-content\\\/uploads\\\/2024\\\/09\\\/RR_socialnetwork.jpg\"},\"sameAs\":[\"https:\\\/\\\/www.rafaramirez.org\\\/blog\",\"https:\\\/\\\/www.instagram.com\\\/rafaramirez_ok\\\/\",\"https:\\\/\\\/es.pinterest.com\\\/Ramirez_Rafa\\\/\",\"https:\\\/\\\/x.com\\\/rafaramirez_ok\"],\"url\":\"https:\\\/\\\/rafaramirez.org\\\/blog\\\/index.php\\\/author\\\/rafaell_qm6j97da\\\/\"}]}<\/script>\n<!-- \/ Yoast SEO plugin. -->","yoast_head_json":{"title":"\"Resiliencia\" es la palabra bonita de nuestro proyecto, pero \u00bfqu\u00e9 significado e historia tiene? - Blog de Rafael Ram\u00edrez","description":"La palabra \"resiliencia\", es nuestra palabra bonita ya que tiene un significado poderoso y profundo. Proviene del lat\u00edn y en su esencia, la..","robots":{"index":"index","follow":"follow","max-snippet":"max-snippet:-1","max-image-preview":"max-image-preview:large","max-video-preview":"max-video-preview:-1"},"canonical":"https:\/\/rafaramirez.org\/blog\/index.php\/2025\/04\/24\/resiliencia-palabra-bonita\/","og_locale":"es_ES","og_type":"article","og_title":"\"Resiliencia\" es la palabra bonita de nuestro proyecto, pero \u00bfqu\u00e9 significado e historia tiene? - Blog de Rafael Ram\u00edrez","og_description":"La palabra \"resiliencia\", es nuestra palabra bonita ya que tiene un significado poderoso y profundo. Proviene del lat\u00edn y en su esencia, la..","og_url":"https:\/\/rafaramirez.org\/blog\/index.php\/2025\/04\/24\/resiliencia-palabra-bonita\/","og_site_name":"Blog de Rafael Ram\u00edrez","article_published_time":"2025-04-24T06:15:49+00:00","og_image":[{"width":720,"height":440,"url":"https:\/\/rafaramirez.org\/blog\/wp-content\/uploads\/2025\/04\/Resiliencia_palabras_bonitas_banner.jpg","type":"image\/jpeg"}],"author":"Rafael Ram\u00edrez","twitter_card":"summary_large_image","twitter_creator":"@rafaramirez_ok","twitter_site":"@rafaramirez_ok","twitter_misc":{"Escrito por":"Rafael Ram\u00edrez","Tiempo de lectura":"5 minutos"},"schema":{"@context":"https:\/\/schema.org","@graph":[{"@type":"Article","@id":"https:\/\/rafaramirez.org\/blog\/index.php\/2025\/04\/24\/resiliencia-palabra-bonita\/#article","isPartOf":{"@id":"https:\/\/rafaramirez.org\/blog\/index.php\/2025\/04\/24\/resiliencia-palabra-bonita\/"},"author":{"name":"Rafael Ram\u00edrez","@id":"https:\/\/rafaramirez.org\/blog\/#\/schema\/person\/50f43b6d60c578760d4c17bda54ab6a5"},"headline":"\u00abResiliencia\u00bb es la palabra bonita de nuestro proyecto, pero \u00bfqu\u00e9 significado e historia tiene?","datePublished":"2025-04-24T06:15:49+00:00","mainEntityOfPage":{"@id":"https:\/\/rafaramirez.org\/blog\/index.php\/2025\/04\/24\/resiliencia-palabra-bonita\/"},"wordCount":949,"commentCount":0,"publisher":{"@id":"https:\/\/rafaramirez.org\/blog\/#\/schema\/person\/50f43b6d60c578760d4c17bda54ab6a5"},"image":{"@id":"https:\/\/rafaramirez.org\/blog\/index.php\/2025\/04\/24\/resiliencia-palabra-bonita\/#primaryimage"},"thumbnailUrl":"https:\/\/rafaramirez.org\/blog\/wp-content\/uploads\/2025\/04\/Resiliencia_palabras_bonitas_banner.jpg","keywords":["\"Resiliencia\" palabra bonita","Acepta lo que no puedes cambiar","adaptarse a los cambios","Aprender a manejar el estr\u00e9s","blog de Rafael Ram\u00edrez","Cuida de ti mismo","Desarrollar una actitud positiva","Encuentra oportunidades en la adversidad","historia de las palabras","La resiliencia","La resiliencia es una actitud de vida","Mant\u00e9n la esperanza","No te quiebres","proyecto de palabras bonitas","proyecto palabras bonitas","sobreponerse a las dificultades"],"articleSection":["Proyecto Palabras Bonitas"],"inLanguage":"es","potentialAction":[{"@type":"CommentAction","name":"Comment","target":["https:\/\/rafaramirez.org\/blog\/index.php\/2025\/04\/24\/resiliencia-palabra-bonita\/#respond"]}]},{"@type":"WebPage","@id":"https:\/\/rafaramirez.org\/blog\/index.php\/2025\/04\/24\/resiliencia-palabra-bonita\/","url":"https:\/\/rafaramirez.org\/blog\/index.php\/2025\/04\/24\/resiliencia-palabra-bonita\/","name":"\"Resiliencia\" es la palabra bonita de nuestro proyecto, pero \u00bfqu\u00e9 significado e historia tiene? - Blog de Rafael Ram\u00edrez","isPartOf":{"@id":"https:\/\/rafaramirez.org\/blog\/#website"},"primaryImageOfPage":{"@id":"https:\/\/rafaramirez.org\/blog\/index.php\/2025\/04\/24\/resiliencia-palabra-bonita\/#primaryimage"},"image":{"@id":"https:\/\/rafaramirez.org\/blog\/index.php\/2025\/04\/24\/resiliencia-palabra-bonita\/#primaryimage"},"thumbnailUrl":"https:\/\/rafaramirez.org\/blog\/wp-content\/uploads\/2025\/04\/Resiliencia_palabras_bonitas_banner.jpg","datePublished":"2025-04-24T06:15:49+00:00","description":"La palabra \"resiliencia\", es nuestra palabra bonita ya que tiene un significado poderoso y profundo. Proviene del lat\u00edn y en su esencia, la..","breadcrumb":{"@id":"https:\/\/rafaramirez.org\/blog\/index.php\/2025\/04\/24\/resiliencia-palabra-bonita\/#breadcrumb"},"inLanguage":"es","potentialAction":[{"@type":"ReadAction","target":["https:\/\/rafaramirez.org\/blog\/index.php\/2025\/04\/24\/resiliencia-palabra-bonita\/"]}]},{"@type":"ImageObject","inLanguage":"es","@id":"https:\/\/rafaramirez.org\/blog\/index.php\/2025\/04\/24\/resiliencia-palabra-bonita\/#primaryimage","url":"https:\/\/rafaramirez.org\/blog\/wp-content\/uploads\/2025\/04\/Resiliencia_palabras_bonitas_banner.jpg","contentUrl":"https:\/\/rafaramirez.org\/blog\/wp-content\/uploads\/2025\/04\/Resiliencia_palabras_bonitas_banner.jpg","width":720,"height":440,"caption":"\"Resiliencia\" proyecto palabras bonitas. Blog de Rafael Ram\u00edrez."},{"@type":"BreadcrumbList","@id":"https:\/\/rafaramirez.org\/blog\/index.php\/2025\/04\/24\/resiliencia-palabra-bonita\/#breadcrumb","itemListElement":[{"@type":"ListItem","position":1,"name":"Portada","item":"https:\/\/rafaramirez.org\/blog\/"},{"@type":"ListItem","position":2,"name":"\u00abResiliencia\u00bb es la palabra bonita de nuestro proyecto, pero \u00bfqu\u00e9 significado e historia tiene?"}]},{"@type":"WebSite","@id":"https:\/\/rafaramirez.org\/blog\/#website","url":"https:\/\/rafaramirez.org\/blog\/","name":"Blog de Rafael Ram\u00edrez","description":"Un sitio social, de arte y cultura","publisher":{"@id":"https:\/\/rafaramirez.org\/blog\/#\/schema\/person\/50f43b6d60c578760d4c17bda54ab6a5"},"potentialAction":[{"@type":"SearchAction","target":{"@type":"EntryPoint","urlTemplate":"https:\/\/rafaramirez.org\/blog\/?s={search_term_string}"},"query-input":{"@type":"PropertyValueSpecification","valueRequired":true,"valueName":"search_term_string"}}],"inLanguage":"es"},{"@type":["Person","Organization"],"@id":"https:\/\/rafaramirez.org\/blog\/#\/schema\/person\/50f43b6d60c578760d4c17bda54ab6a5","name":"Rafael Ram\u00edrez","image":{"@type":"ImageObject","inLanguage":"es","@id":"https:\/\/rafaramirez.org\/blog\/wp-content\/uploads\/2024\/09\/RR_socialnetwork.jpg","url":"https:\/\/rafaramirez.org\/blog\/wp-content\/uploads\/2024\/09\/RR_socialnetwork.jpg","contentUrl":"https:\/\/rafaramirez.org\/blog\/wp-content\/uploads\/2024\/09\/RR_socialnetwork.jpg","width":600,"height":606,"caption":"Rafael Ram\u00edrez"},"logo":{"@id":"https:\/\/rafaramirez.org\/blog\/wp-content\/uploads\/2024\/09\/RR_socialnetwork.jpg"},"sameAs":["https:\/\/www.rafaramirez.org\/blog","https:\/\/www.instagram.com\/rafaramirez_ok\/","https:\/\/es.pinterest.com\/Ramirez_Rafa\/","https:\/\/x.com\/rafaramirez_ok"],"url":"https:\/\/rafaramirez.org\/blog\/index.php\/author\/rafaell_qm6j97da\/"}]}},"jetpack_publicize_connections":[],"jetpack_sharing_enabled":true,"jetpack_likes_enabled":true,"jetpack_featured_media_url":"https:\/\/rafaramirez.org\/blog\/wp-content\/uploads\/2025\/04\/Resiliencia_palabras_bonitas_banner.jpg","_links":{"self":[{"href":"https:\/\/rafaramirez.org\/blog\/index.php\/wp-json\/wp\/v2\/posts\/8761","targetHints":{"allow":["GET"]}}],"collection":[{"href":"https:\/\/rafaramirez.org\/blog\/index.php\/wp-json\/wp\/v2\/posts"}],"about":[{"href":"https:\/\/rafaramirez.org\/blog\/index.php\/wp-json\/wp\/v2\/types\/post"}],"author":[{"embeddable":true,"href":"https:\/\/rafaramirez.org\/blog\/index.php\/wp-json\/wp\/v2\/users\/1"}],"replies":[{"embeddable":true,"href":"https:\/\/rafaramirez.org\/blog\/index.php\/wp-json\/wp\/v2\/comments?post=8761"}],"version-history":[{"count":7,"href":"https:\/\/rafaramirez.org\/blog\/index.php\/wp-json\/wp\/v2\/posts\/8761\/revisions"}],"predecessor-version":[{"id":8771,"href":"https:\/\/rafaramirez.org\/blog\/index.php\/wp-json\/wp\/v2\/posts\/8761\/revisions\/8771"}],"wp:featuredmedia":[{"embeddable":true,"href":"https:\/\/rafaramirez.org\/blog\/index.php\/wp-json\/wp\/v2\/media\/8765"}],"wp:attachment":[{"href":"https:\/\/rafaramirez.org\/blog\/index.php\/wp-json\/wp\/v2\/media?parent=8761"}],"wp:term":[{"taxonomy":"category","embeddable":true,"href":"https:\/\/rafaramirez.org\/blog\/index.php\/wp-json\/wp\/v2\/categories?post=8761"},{"taxonomy":"post_tag","embeddable":true,"href":"https:\/\/rafaramirez.org\/blog\/index.php\/wp-json\/wp\/v2\/tags?post=8761"}],"curies":[{"name":"wp","href":"https:\/\/api.w.org\/{rel}","templated":true}]}}