{"id":8659,"date":"2025-04-08T08:15:43","date_gmt":"2025-04-08T06:15:43","guid":{"rendered":"https:\/\/rafaramirez.org\/blog\/?p=8659"},"modified":"2025-04-07T19:14:16","modified_gmt":"2025-04-07T17:14:16","slug":"ulises-canto-de-sirenas-pintura-de-rafael-ramirez","status":"publish","type":"post","link":"https:\/\/rafaramirez.org\/blog\/index.php\/2025\/04\/08\/ulises-canto-de-sirenas-pintura-de-rafael-ramirez\/","title":{"rendered":"\u00abUlises canto de sirenas\u00bb pintura de Rafael Ram\u00edrez  | T\u00e9cnica pastel | Escena mitol\u00f3gica, on\u00edrica, moderna y vibrante."},"content":{"rendered":"<p><strong>\u201cUlises canto de sirenas\u201d,<\/strong> la pintura <strong>de Rafael Ram\u00edrez<\/strong>, es una obra de arte realizada en pastel. Se trata de una composici\u00f3n vibrante y estilizada que retrata el mito cl\u00e1sico de Ulises y las sirenas. En ella se observan dos figuras, la femenina de la sirena y la de Ulises, en un entorno marino lleno de colores c\u00e1lidos y contrastantes. Ulises est\u00e1 atado a un m\u00e1stil, inclinando su cabeza hacia adelante, mientras que la sirena emerge del mar con los brazos pegados al cuerpo y parece interactuar con \u00e9l mientras le canta. En el fondo se puede ver un sol radiante y olas azules y verdes que evocan el mar. El estilo m\u00e1gico y los colores brillantes crean una atm\u00f3sfera din\u00e1mica y moderna que reinterpreta esta historia mitol\u00f3gica de manera art\u00edstica y contempor\u00e1nea.<\/p>\n<style id=\"bwg-style-0\">      #bwg_container1_0 #bwg_container2_0 #bwg_mosaic_thumbnails_div_0 {        width: 100%;        position: relative;        background-color: rgba(255, 255, 255, 0.00);        text-align: center;        justify-content: center;                  margin-left: auto;          margin-right: auto;                    padding-left: 2px;          padding-top: 2px;                }          #bwg_container1_0 #bwg_container2_0 .bwg_mosaic_thumb_spun_0 {        display: block;        position: absolute;\t\t\t\tborder-radius: 0;\t\t\t\tborder: 0px none #CCCCCC;    \t\t    \t\tbackground-color:rgba(0,0,0, 0.30);        -moz-box-sizing: content-box !important;        -webkit-box-sizing: content-box !important;        box-sizing: content-box !important;      }\t\t\t#bwg_container1_0 #bwg_container2_0 .bwg_mosaic_thumb_0 {\t\t\t\tdisplay: block;\t\t\t\t-moz-box-sizing: content-box !important;\t\t\t\t-webkit-box-sizing: content-box !important;\t\t\t\tbox-sizing: content-box !important;\t\t\t\tmargin: 0;\t\t\t\topacity: 1.00;\t\t\t}      #bwg_container1_0 #bwg_container2_0 .bwg_mosaic_thumb_spun_0:hover {        opacity: 1;        backface-visibility: hidden;        -webkit-backface-visibility: hidden;        -moz-backface-visibility: hidden;        -ms-backface-visibility: hidden;        z-index: 102;      }\t     @media only screen and (min-width: 480px) {\t\t#bwg_container1_0 #bwg_container2_0 .bwg-container-0.bwg-mosaic-thumbnails .bwg-item0 img {\t\t\t-webkit-transition: -webkit-transform .3s; transition: transform .3s;\t\t}\t\t#bwg_container1_0 #bwg_container2_0 .bwg-container-0.bwg-mosaic-thumbnails .bwg-item0 img:hover {\t\t\t-ms-transform: scale(1.08);\t\t\t-webkit-transform: scale(1.08);\t\t\ttransform: scale(1.08);\t\t}\t\t      }\t      #bwg_container1_0 #bwg_container2_0 .bwg_mosaic_thumbnails_0 {        background-color: rgba(255, 255, 255, 0.00);        font-size: 0;        position: relative;        text-align: center;        display: inline-block;        visibility: hidden;              }\t  \/*image title styles*\/      #bwg_container1_0 #bwg_container2_0 .bwg_mosaic_title_spun1_0,      #bwg_container1_0 #bwg_container2_0 .bwg-mosaic-thumbnails .bwg_ecommerce_spun1_0 {        position: absolute;        display: block;        opacity: 0;        box-sizing: border-box;        text-align: center;\t\t\t\ttop: 50%;\t\t\t\tleft: 50%;\t\t\t\ttransform: translate(-50%, -50%);      }      #bwg_container1_0 #bwg_container2_0 .bwg-mosaic-thumbnails .bwg_mosaic_title_spun2_0,      #bwg_container1_0 #bwg_container2_0 .bwg-mosaic-thumbnails .bwg_ecommerce_spun2_0 {\t\t    color: #323A45;        font-family: Ubuntu;        font-size: 16px;        font-weight: bold;        text-shadow: ;        vertical-align: middle;        word-wrap: break-word;      }            .bwg_mosaic_play_icon_spun_0 {        display: table;        position: absolute;        left: -10000px;        top: 0px;        opacity: 0;      }      .bwg_mosaic_play_icon_0 {        color: #323A45;        font-size: 32px;        vertical-align: middle;        display: table-cell !important;        z-index: 1;        text-align: center;        margin: 0 auto;      }      #bwg_container1_0 #bwg_container2_0 .bwg_gal_title_0 {        background-color: rgba(0, 0, 0, 0);        color: #323A45;        display: block;        font-family: Ubuntu;        font-size: 16px;        font-weight: bold;        padding: 2px;        text-shadow: ;        text-align: center;      }            @media screen and (max-width: 350px) {      div[class^=\"bwg_mosaic_thumbnails_\"],      span[class^=\"bwg_mosaic_thumb_spun_\"] {      width: 100% !important;      }      img[class^=\"bwg_mosaic_thumb_\"] {      width: 100% !important;      height: auto !important;      margin: 0px auto !important;      }      }      <\/style>    <div id=\"bwg_container1_0\"         class=\"bwg_container bwg_thumbnail bwg_thumbnails_mosaic \"         data-right-click-protection=\"1\"         data-bwg=\"0\"         data-scroll=\"0\"         data-gallery-type=\"thumbnails_mosaic\"         data-gallery-view-type=\"thumbnails_mosaic\"         data-current-url=\"\/blog\/index.php\/wp-json\/wp\/v2\/posts\/8659\"         data-lightbox-url=\"https:\/\/rafaramirez.org\/blog\/wp-admin\/admin-ajax.php?action=GalleryBox&#038;current_view=0&#038;gallery_id=64&#038;tag=0&#038;theme_id=1&#038;shortcode_id=134&#038;sort_by=order&#038;order_by=asc&#038;current_url=%2Fblog%2Findex.php%2Fwp-json%2Fwp%2Fv2%2Fposts%2F8659\"         data-gallery-id=\"64\"         data-popup-width=\"800\"         data-popup-height=\"500\"         data-is-album=\"gallery\"         data-buttons-position=\"bottom\">      <div id=\"bwg_container2_0\">             <div id=\"ajax_loading_0\" class=\"bwg_loading_div_1\">      <div class=\"bwg_loading_div_2\">        <div class=\"bwg_loading_div_3\">          <div id=\"loading_div_0\" class=\"bwg_spider_ajax_loading\">          <\/div>        <\/div>      <\/div>    <\/div>            <form id=\"gal_front_form_0\"              class=\"bwg-hidden\"              method=\"post\"              action=\"#\"              data-current=\"0\"              data-shortcode-id=\"134\"              data-gallery-type=\"thumbnails_mosaic\"              data-gallery-id=\"64\"              data-tag=\"0\"              data-album-id=\"0\"              data-theme-id=\"1\"              data-ajax-url=\"https:\/\/rafaramirez.org\/blog\/wp-admin\/admin-ajax.php?action=bwg_frontend_data\">          <div id=\"bwg_container3_0\" class=\"bwg-background bwg-background-0\">                <div id=\"bwg_mosaic_thumbnails_div_0\"         class=\"bwg-container-0 bwg-container bwg-mosaic-thumbnails\"         data-bwg=\"0\"         data-mosaic-direction=\"vertical\"         data-resizable=\"0\"         data-width=\"250\"         data-height=\"250\"         data-total-width=\"100\"         data-block-id=\"bwg_thumbnails_mosaic_0\"         data-thumb-padding=\"2\"         data-thumb-border=\"0\"         data-title-margin=\"2px\"         data-image-title=\"none\"         data-play-icon=\"1\"         data-ecommerce-icon=\"none\"         data-gallery-id=\"64\"         data-lightbox-url=\"https:\/\/rafaramirez.org\/blog\/wp-admin\/admin-ajax.php?action=GalleryBox&#038;current_view=0&#038;gallery_id=64&#038;tag=0&#038;theme_id=1&#038;shortcode_id=134&#038;sort_by=order&#038;order_by=asc&#038;current_url=%2Fblog%2Findex.php%2Fwp-json%2Fwp%2Fv2%2Fposts%2F8659\"         data-mosaic-thumb-transition=\"1\"         style=\"visibility: hidden\" >      <div id=\"bwg_thumbnails_mosaic_0\" class=\"bwg_mosaic_thumbnails_0\">                  <a  class=\"bwg-a bwg_lightbox bwg_lightbox_0\" href=\"https:\/\/rafaramirez.org\/blog\/wp-content\/uploads\/photo-gallery\/imported_from_media_libray\/Ulises-canto-de-sirenas_pintura_al_pastel_Rafael-Ramirez_logblog.jpg?bwg=1742822391\" data-image-id=\"684\" data-elementor-open-lightbox=\"no\">          <div class=\"bwg_mosaic_thumb_spun_0 bwg-item0 bwg-mosaic-thumb-span \">            <img decoding=\"async\" class=\"bwg_mosaic_thumb_0 skip-lazy bwg_img_clear bwg_img_custom \"                 id=\"684\"                 src=\"https:\/\/rafaramirez.org\/blog\/wp-content\/uploads\/photo-gallery\/imported_from_media_libray\/thumb\/Ulises-canto-de-sirenas_pintura_al_pastel_Rafael-Ramirez_logblog.jpg?bwg=1742822391\"                 data-src=\"https:\/\/rafaramirez.org\/blog\/wp-content\/uploads\/photo-gallery\/imported_from_media_libray\/thumb\/Ulises-canto-de-sirenas_pintura_al_pastel_Rafael-Ramirez_logblog.jpg?bwg=1742822391\"                 data-width=\"500.00\"                 data-height=\"373.00\"                 alt=\"Ulises canto de sirenas pintura a pastel de Rafael Ram\u00edrez.\"                 title=\"Ulises canto de sirenas pintura a pastel de Rafael Ram\u00edrez.\" \/>                      <\/div>        <\/a>                <a  class=\"bwg-a bwg_lightbox bwg_lightbox_0\" href=\"https:\/\/rafaramirez.org\/blog\/wp-content\/uploads\/photo-gallery\/imported_from_media_libray\/Ulises-canto-de-sirenas_pintura_al_pastel_Rafael-Ramirez_2_logblog.jpg?bwg=1742822391\" data-image-id=\"696\" data-elementor-open-lightbox=\"no\">          <div class=\"bwg_mosaic_thumb_spun_0 bwg-item0 bwg-mosaic-thumb-span \">            <img decoding=\"async\" class=\"bwg_mosaic_thumb_0 skip-lazy bwg_img_clear bwg_img_custom \"                 id=\"696\"                 src=\"https:\/\/rafaramirez.org\/blog\/wp-content\/uploads\/photo-gallery\/imported_from_media_libray\/thumb\/Ulises-canto-de-sirenas_pintura_al_pastel_Rafael-Ramirez_2_logblog.jpg?bwg=1742822391\"                 data-src=\"https:\/\/rafaramirez.org\/blog\/wp-content\/uploads\/photo-gallery\/imported_from_media_libray\/thumb\/Ulises-canto-de-sirenas_pintura_al_pastel_Rafael-Ramirez_2_logblog.jpg?bwg=1742822391\"                 data-width=\"450.00\"                 data-height=\"500.00\"                 alt=\"Ulises canto de sirenas pintura a pastel de Rafael Ram\u00edrez.\"                 title=\"Ulises canto de sirenas pintura a pastel de Rafael Ram\u00edrez.\" \/>                      <\/div>        <\/a>                <a  class=\"bwg-a bwg_lightbox bwg_lightbox_0\" href=\"https:\/\/rafaramirez.org\/blog\/wp-content\/uploads\/photo-gallery\/imported_from_media_libray\/Ulises-canto-de-sirenas_pintura_al_pastel_Rafael-Ramirez_Det4_logblog.jpg?bwg=1742822391\" data-image-id=\"685\" data-elementor-open-lightbox=\"no\">          <div class=\"bwg_mosaic_thumb_spun_0 bwg-item0 bwg-mosaic-thumb-span \">            <img decoding=\"async\" class=\"bwg_mosaic_thumb_0 skip-lazy bwg_img_clear bwg_img_custom \"                 id=\"685\"                 src=\"https:\/\/rafaramirez.org\/blog\/wp-content\/uploads\/photo-gallery\/imported_from_media_libray\/thumb\/Ulises-canto-de-sirenas_pintura_al_pastel_Rafael-Ramirez_Det4_logblog.jpg?bwg=1742822391\"                 data-src=\"https:\/\/rafaramirez.org\/blog\/wp-content\/uploads\/photo-gallery\/imported_from_media_libray\/thumb\/Ulises-canto-de-sirenas_pintura_al_pastel_Rafael-Ramirez_Det4_logblog.jpg?bwg=1742822391\"                 data-width=\"365.00\"                 data-height=\"500.00\"                 alt=\"Ulises canto de sirenas pintura a pastel de Rafael Ram\u00edrez.\"                 title=\"Ulises canto de sirenas pintura a pastel de Rafael Ram\u00edrez.\" \/>                      <\/div>        <\/a>                <a  class=\"bwg-a bwg_lightbox bwg_lightbox_0\" href=\"https:\/\/rafaramirez.org\/blog\/wp-content\/uploads\/photo-gallery\/imported_from_media_libray\/Ulises-canto-de-sirenas_pintura_al_pastel_Rafael-Ramirez_122_logblog.jpg?bwg=1742822391\" data-image-id=\"687\" data-elementor-open-lightbox=\"no\">          <div class=\"bwg_mosaic_thumb_spun_0 bwg-item0 bwg-mosaic-thumb-span \">            <img decoding=\"async\" class=\"bwg_mosaic_thumb_0 skip-lazy bwg_img_clear bwg_img_custom \"                 id=\"687\"                 src=\"https:\/\/rafaramirez.org\/blog\/wp-content\/uploads\/photo-gallery\/imported_from_media_libray\/thumb\/Ulises-canto-de-sirenas_pintura_al_pastel_Rafael-Ramirez_122_logblog.jpg?bwg=1742822391\"                 data-src=\"https:\/\/rafaramirez.org\/blog\/wp-content\/uploads\/photo-gallery\/imported_from_media_libray\/thumb\/Ulises-canto-de-sirenas_pintura_al_pastel_Rafael-Ramirez_122_logblog.jpg?bwg=1742822391\"                 data-width=\"500.00\"                 data-height=\"333.00\"                 alt=\"Ulises canto de sirenas pintura a pastel de Rafael Ram\u00edrez.\"                 title=\"Ulises canto de sirenas pintura a pastel de Rafael Ram\u00edrez.\" \/>                      <\/div>        <\/a>                <a  class=\"bwg-a bwg_lightbox bwg_lightbox_0\" href=\"https:\/\/rafaramirez.org\/blog\/wp-content\/uploads\/photo-gallery\/imported_from_media_libray\/Ulises-canto-de-sirenas_pintura_al_pastel_Rafael-Ramirez_Det3_logblog.jpg?bwg=1742822391\" data-image-id=\"686\" data-elementor-open-lightbox=\"no\">          <div class=\"bwg_mosaic_thumb_spun_0 bwg-item0 bwg-mosaic-thumb-span \">            <img decoding=\"async\" class=\"bwg_mosaic_thumb_0 skip-lazy bwg_img_clear bwg_img_custom \"                 id=\"686\"                 src=\"https:\/\/rafaramirez.org\/blog\/wp-content\/uploads\/photo-gallery\/imported_from_media_libray\/thumb\/Ulises-canto-de-sirenas_pintura_al_pastel_Rafael-Ramirez_Det3_logblog.jpg?bwg=1742822391\"                 data-src=\"https:\/\/rafaramirez.org\/blog\/wp-content\/uploads\/photo-gallery\/imported_from_media_libray\/thumb\/Ulises-canto-de-sirenas_pintura_al_pastel_Rafael-Ramirez_Det3_logblog.jpg?bwg=1742822391\"                 data-width=\"375.00\"                 data-height=\"500.00\"                 alt=\"Ulises canto de sirenas pintura a pastel de Rafael Ram\u00edrez.\"                 title=\"Ulises canto de sirenas pintura a pastel de Rafael Ram\u00edrez.\" \/>                      <\/div>        <\/a>                <a  class=\"bwg-a bwg_lightbox bwg_lightbox_0\" href=\"https:\/\/rafaramirez.org\/blog\/wp-content\/uploads\/photo-gallery\/imported_from_media_libray\/Ulises-canto-de-sirenas_pintura_al_pastel_Rafael-Ramirez_22_logblog.jpg?bwg=1742822391\" data-image-id=\"688\" data-elementor-open-lightbox=\"no\">          <div class=\"bwg_mosaic_thumb_spun_0 bwg-item0 bwg-mosaic-thumb-span \">            <img decoding=\"async\" class=\"bwg_mosaic_thumb_0 skip-lazy bwg_img_clear bwg_img_custom \"                 id=\"688\"                 src=\"https:\/\/rafaramirez.org\/blog\/wp-content\/uploads\/photo-gallery\/imported_from_media_libray\/thumb\/Ulises-canto-de-sirenas_pintura_al_pastel_Rafael-Ramirez_22_logblog.jpg?bwg=1742822391\"                 data-src=\"https:\/\/rafaramirez.org\/blog\/wp-content\/uploads\/photo-gallery\/imported_from_media_libray\/thumb\/Ulises-canto-de-sirenas_pintura_al_pastel_Rafael-Ramirez_22_logblog.jpg?bwg=1742822391\"                 data-width=\"500.00\"                 data-height=\"375.00\"                 alt=\"Ulises canto de sirenas pintura a pastel de Rafael Ram\u00edrez.\"                 title=\"Ulises canto de sirenas pintura a pastel de Rafael Ram\u00edrez.\" \/>                      <\/div>        <\/a>                <a  class=\"bwg-a bwg_lightbox bwg_lightbox_0\" href=\"https:\/\/rafaramirez.org\/blog\/wp-content\/uploads\/photo-gallery\/imported_from_media_libray\/Ulises-canto-de-sirenas_pintura_al_pastel_Rafael-Ramirez_13_logblog.jpg?bwg=1742822391\" data-image-id=\"689\" data-elementor-open-lightbox=\"no\">          <div class=\"bwg_mosaic_thumb_spun_0 bwg-item0 bwg-mosaic-thumb-span \">            <img decoding=\"async\" class=\"bwg_mosaic_thumb_0 skip-lazy bwg_img_clear bwg_img_custom \"                 id=\"689\"                 src=\"https:\/\/rafaramirez.org\/blog\/wp-content\/uploads\/photo-gallery\/imported_from_media_libray\/thumb\/Ulises-canto-de-sirenas_pintura_al_pastel_Rafael-Ramirez_13_logblog.jpg?bwg=1742822391\"                 data-src=\"https:\/\/rafaramirez.org\/blog\/wp-content\/uploads\/photo-gallery\/imported_from_media_libray\/thumb\/Ulises-canto-de-sirenas_pintura_al_pastel_Rafael-Ramirez_13_logblog.jpg?bwg=1742822391\"                 data-width=\"500.00\"                 data-height=\"333.00\"                 alt=\"Ulises canto de sirenas pintura a pastel de Rafael Ram\u00edrez.\"                 title=\"Ulises canto de sirenas pintura a pastel de Rafael Ram\u00edrez.\" \/>                      <\/div>        <\/a>                <a  class=\"bwg-a bwg_lightbox bwg_lightbox_0\" href=\"https:\/\/rafaramirez.org\/blog\/wp-content\/uploads\/photo-gallery\/imported_from_media_libray\/Ulises-canto-de-sirenas_pintura_al_pastel_Rafael-Ramirez_12_logblog.jpg?bwg=1742822391\" data-image-id=\"690\" data-elementor-open-lightbox=\"no\">          <div class=\"bwg_mosaic_thumb_spun_0 bwg-item0 bwg-mosaic-thumb-span \">            <img decoding=\"async\" class=\"bwg_mosaic_thumb_0 skip-lazy bwg_img_clear bwg_img_custom \"                 id=\"690\"                 src=\"https:\/\/rafaramirez.org\/blog\/wp-content\/uploads\/photo-gallery\/imported_from_media_libray\/thumb\/Ulises-canto-de-sirenas_pintura_al_pastel_Rafael-Ramirez_12_logblog.jpg?bwg=1742822391\"                 data-src=\"https:\/\/rafaramirez.org\/blog\/wp-content\/uploads\/photo-gallery\/imported_from_media_libray\/thumb\/Ulises-canto-de-sirenas_pintura_al_pastel_Rafael-Ramirez_12_logblog.jpg?bwg=1742822391\"                 data-width=\"500.00\"                 data-height=\"333.00\"                 alt=\"Ulises canto de sirenas pintura a pastel de Rafael Ram\u00edrez.\"                 title=\"Ulises canto de sirenas pintura a pastel de Rafael Ram\u00edrez.\" \/>                      <\/div>        <\/a>                <a  class=\"bwg-a bwg_lightbox bwg_lightbox_0\" href=\"https:\/\/rafaramirez.org\/blog\/wp-content\/uploads\/photo-gallery\/imported_from_media_libray\/Ulises-canto-de-sirenas_pintura_al_pastel_Rafael-Ramirez_7_logblog.jpg?bwg=1742822391\" data-image-id=\"691\" data-elementor-open-lightbox=\"no\">          <div class=\"bwg_mosaic_thumb_spun_0 bwg-item0 bwg-mosaic-thumb-span \">            <img decoding=\"async\" class=\"bwg_mosaic_thumb_0 skip-lazy bwg_img_clear bwg_img_custom \"                 id=\"691\"                 src=\"https:\/\/rafaramirez.org\/blog\/wp-content\/uploads\/photo-gallery\/imported_from_media_libray\/thumb\/Ulises-canto-de-sirenas_pintura_al_pastel_Rafael-Ramirez_7_logblog.jpg?bwg=1742822391\"                 data-src=\"https:\/\/rafaramirez.org\/blog\/wp-content\/uploads\/photo-gallery\/imported_from_media_libray\/thumb\/Ulises-canto-de-sirenas_pintura_al_pastel_Rafael-Ramirez_7_logblog.jpg?bwg=1742822391\"                 data-width=\"409.00\"                 data-height=\"500.00\"                 alt=\"Ulises canto de sirenas pintura a pastel de Rafael Ram\u00edrez.\"                 title=\"Ulises canto de sirenas pintura a pastel de Rafael Ram\u00edrez.\" \/>                      <\/div>        <\/a>                <a  class=\"bwg-a bwg_lightbox bwg_lightbox_0\" href=\"https:\/\/rafaramirez.org\/blog\/wp-content\/uploads\/photo-gallery\/imported_from_media_libray\/Ulises-canto-de-sirenas_pintura_al_pastel_Rafael-Ramirez_6_logblog.jpg?bwg=1742822391\" data-image-id=\"692\" data-elementor-open-lightbox=\"no\">          <div class=\"bwg_mosaic_thumb_spun_0 bwg-item0 bwg-mosaic-thumb-span \">            <img decoding=\"async\" class=\"bwg_mosaic_thumb_0 skip-lazy bwg_img_clear bwg_img_custom \"                 id=\"692\"                 src=\"https:\/\/rafaramirez.org\/blog\/wp-content\/uploads\/photo-gallery\/imported_from_media_libray\/thumb\/Ulises-canto-de-sirenas_pintura_al_pastel_Rafael-Ramirez_6_logblog.jpg?bwg=1742822391\"                 data-src=\"https:\/\/rafaramirez.org\/blog\/wp-content\/uploads\/photo-gallery\/imported_from_media_libray\/thumb\/Ulises-canto-de-sirenas_pintura_al_pastel_Rafael-Ramirez_6_logblog.jpg?bwg=1742822391\"                 data-width=\"373.00\"                 data-height=\"500.00\"                 alt=\"Ulises canto de sirenas pintura a pastel de Rafael Ram\u00edrez.\"                 title=\"Ulises canto de sirenas pintura a pastel de Rafael Ram\u00edrez.\" \/>                      <\/div>        <\/a>                <a  class=\"bwg-a bwg_lightbox bwg_lightbox_0\" href=\"https:\/\/rafaramirez.org\/blog\/wp-content\/uploads\/photo-gallery\/imported_from_media_libray\/Ulises-canto-de-sirenas_pintura_al_pastel_Rafael-Ramirez_5_logblog.jpg?bwg=1742822391\" data-image-id=\"693\" data-elementor-open-lightbox=\"no\">          <div class=\"bwg_mosaic_thumb_spun_0 bwg-item0 bwg-mosaic-thumb-span \">            <img decoding=\"async\" class=\"bwg_mosaic_thumb_0 skip-lazy bwg_img_clear bwg_img_custom \"                 id=\"693\"                 src=\"https:\/\/rafaramirez.org\/blog\/wp-content\/uploads\/photo-gallery\/imported_from_media_libray\/thumb\/Ulises-canto-de-sirenas_pintura_al_pastel_Rafael-Ramirez_5_logblog.jpg?bwg=1742822391\"                 data-src=\"https:\/\/rafaramirez.org\/blog\/wp-content\/uploads\/photo-gallery\/imported_from_media_libray\/thumb\/Ulises-canto-de-sirenas_pintura_al_pastel_Rafael-Ramirez_5_logblog.jpg?bwg=1742822391\"                 data-width=\"500.00\"                 data-height=\"333.00\"                 alt=\"Ulises canto de sirenas pintura a pastel de Rafael Ram\u00edrez.\"                 title=\"Ulises canto de sirenas pintura a pastel de Rafael Ram\u00edrez.\" \/>                      <\/div>        <\/a>                <a  class=\"bwg-a bwg_lightbox bwg_lightbox_0\" href=\"https:\/\/rafaramirez.org\/blog\/wp-content\/uploads\/photo-gallery\/imported_from_media_libray\/Ulises-canto-de-sirenas_pintura_al_pastel_Rafael-Ramirez_4_logblog.jpg?bwg=1742822391\" data-image-id=\"694\" data-elementor-open-lightbox=\"no\">          <div class=\"bwg_mosaic_thumb_spun_0 bwg-item0 bwg-mosaic-thumb-span \">            <img decoding=\"async\" class=\"bwg_mosaic_thumb_0 skip-lazy bwg_img_clear bwg_img_custom \"                 id=\"694\"                 src=\"https:\/\/rafaramirez.org\/blog\/wp-content\/uploads\/photo-gallery\/imported_from_media_libray\/thumb\/Ulises-canto-de-sirenas_pintura_al_pastel_Rafael-Ramirez_4_logblog.jpg?bwg=1742822391\"                 data-src=\"https:\/\/rafaramirez.org\/blog\/wp-content\/uploads\/photo-gallery\/imported_from_media_libray\/thumb\/Ulises-canto-de-sirenas_pintura_al_pastel_Rafael-Ramirez_4_logblog.jpg?bwg=1742822391\"                 data-width=\"500.00\"                 data-height=\"375.00\"                 alt=\"Ulises canto de sirenas pintura a pastel de Rafael Ram\u00edrez.\"                 title=\"Ulises canto de sirenas pintura a pastel de Rafael Ram\u00edrez.\" \/>                      <\/div>        <\/a>                <a  class=\"bwg-a bwg_lightbox bwg_lightbox_0\" href=\"https:\/\/rafaramirez.org\/blog\/wp-content\/uploads\/photo-gallery\/imported_from_media_libray\/Ulises-canto-de-sirenas_pintura_al_pastel_Rafael-Ramirez_3_logblog.jpg?bwg=1742822391\" data-image-id=\"695\" data-elementor-open-lightbox=\"no\">          <div class=\"bwg_mosaic_thumb_spun_0 bwg-item0 bwg-mosaic-thumb-span \">            <img decoding=\"async\" class=\"bwg_mosaic_thumb_0 skip-lazy bwg_img_clear bwg_img_custom \"                 id=\"695\"                 src=\"https:\/\/rafaramirez.org\/blog\/wp-content\/uploads\/photo-gallery\/imported_from_media_libray\/thumb\/Ulises-canto-de-sirenas_pintura_al_pastel_Rafael-Ramirez_3_logblog.jpg?bwg=1742822391\"                 data-src=\"https:\/\/rafaramirez.org\/blog\/wp-content\/uploads\/photo-gallery\/imported_from_media_libray\/thumb\/Ulises-canto-de-sirenas_pintura_al_pastel_Rafael-Ramirez_3_logblog.jpg?bwg=1742822391\"                 data-width=\"500.00\"                 data-height=\"300.00\"                 alt=\"Ulises canto de sirenas pintura a pastel de Rafael Ram\u00edrez.\"                 title=\"Ulises canto de sirenas pintura a pastel de Rafael Ram\u00edrez.\" \/>                      <\/div>        <\/a>            <\/div>    <\/div>    <style>      \/*pagination styles*\/      #bwg_container1_0 #bwg_container2_0 .tablenav-pages_0 {\t\t\t\ttext-align: center;\t\t\t\tfont-size: 12px;\t\t\t\tfont-family: Ubuntu;\t\t\t\tfont-weight: bold;\t\t\t\tcolor: #666666;\t\t\t\tmargin: 6px 0 4px;\t\t\t\tdisplay: block;      }      @media only screen and (max-width : 320px) {      #bwg_container1_0 #bwg_container2_0 .displaying-num_0 {     \t display: none;      }      }      #bwg_container1_0 #bwg_container2_0 .displaying-num_0 {\t\t\t\tfont-size: 12px;\t\t\t\tfont-family: Ubuntu;\t\t\t\tfont-weight: bold;\t\t\t\tcolor: #666666;\t\t\t\tmargin-right: 10px;\t\t\t\tvertical-align: middle;      }      #bwg_container1_0 #bwg_container2_0 .paging-input_0 {\t\t\t\tfont-size: 12px;\t\t\t\tfont-family: Ubuntu;\t\t\t\tfont-weight: bold;\t\t\t\tcolor: #666666;\t\t\t\tvertical-align: middle;      }      #bwg_container1_0 #bwg_container2_0 .tablenav-pages_0 a.disabled,      #bwg_container1_0 #bwg_container2_0 .tablenav-pages_0 a.disabled:hover,      #bwg_container1_0 #bwg_container2_0 .tablenav-pages_0 a.disabled:focus,\t\t\t#bwg_container1_0 #bwg_container2_0 .tablenav-pages_0 input.bwg_current_page {\t\t\t\tcursor: default;\t\t\t\tcolor: rgba(102, 102, 102, 0.5);      }      #bwg_container1_0 #bwg_container2_0 .tablenav-pages_0 a,      #bwg_container1_0 #bwg_container2_0 .tablenav-pages_0 input.bwg_current_page {\t\t\t\tcursor: pointer;\t\t\t\ttext-align: center;\t\t\t\tfont-size: 12px;\t\t\t\tfont-family: Ubuntu;\t\t\t\tfont-weight: bold;\t\t\t\tcolor: #666666;\t\t\t\ttext-decoration: none;\t\t\t\tpadding: 3px 6px;\t\t\t\tmargin: 0;\t\t\t\tborder-radius: 0;\t\t\t\tborder-style: solid;\t\t\t\tborder-width: 1px;\t\t\t\tborder-color: #E3E3E3;\t\t\t\t\t\t\t\tbackground-color: rgba(255, 255, 255, 1.00);\t\t\t\tbox-shadow: 0;\t\t\t\ttransition: all 0.3s ease 0s;-webkit-transition: all 0.3s ease 0s;      }      <\/style>      <span class=\"bwg_nav_cont_0\">              <div class=\"tablenav-pages_0\">                  <\/div>                <input type=\"hidden\" id=\"page_number_0\" name=\"page_number_0\" value=\"1\" \/>      <script type=\"text\/javascript\">        if( jQuery('.bwg_nav_cont_0').length > 1 ) {          jQuery('.bwg_nav_cont_0').first().remove()        }        function spider_page_0(cur, x, y, load_more) {          if (typeof load_more == \"undefined\") {            var load_more = false;          }          if (jQuery(cur).hasClass('disabled')) {            return false;          }          var items_county_0 = 1;          switch (y) {            case 1:              if (x >= items_county_0) {                document.getElementById('page_number_0').value = items_county_0;              }              else {                document.getElementById('page_number_0').value = x + 1;              }              break;            case 2:              document.getElementById('page_number_0').value = items_county_0;              break;            case -1:              if (x == 1) {                document.getElementById('page_number_0').value = 1;              }              else {                document.getElementById('page_number_0').value = x - 1;              }              break;            case -2:              document.getElementById('page_number_0').value = 1;              break;\t\t\t\t\t\tcase 0:              document.getElementById('page_number_0').value = x;              break;            default:              document.getElementById('page_number_0').value = 1;          }          bwg_ajax('gal_front_form_0', '0', 'bwg_thumbnails_mosaic_0', '0', '', 'gallery', 0, '', '', load_more, '', 1);        }                    jQuery('.first-page-0').on('click', function () {              spider_page_0(this, 1, -2, 'numeric');              return false;            });            jQuery('.prev-page-0').on('click', function () {              spider_page_0(this, 1, -1, 'numeric');              return false;            });            jQuery('.next-page-0').on('click', function () {              spider_page_0(this, 1, 1, 'numeric');              return false;            });            jQuery('.last-page-0').on('click', function () {              spider_page_0(this, 1, 2, 'numeric');              return false;            });        \t\t\t\t\/* Change page on input enter. *\/        function bwg_change_page_0( e, that ) {          if (  e.key == 'Enter' ) {            var to_page = parseInt(jQuery(that).val());            var pages_count = jQuery(that).parents(\".pagination-links\").data(\"pages-count\");            var current_url_param = jQuery(that).attr('data-url-info');            if (to_page > pages_count) {              to_page = 1;            }\t \t\t\t\t\t\t\t\t\t\t\t\tspider_page_0(this, to_page, 0, 'numeric');\t\t\t\t\t\t\treturn false;\t\t\t\t\t\t          }          return true;        }        jQuery('.bwg_load_btn_0').on('click', function () {            spider_page_0(this, 1, 1, true);            return false;        });      <\/script>      <\/span>                <\/div>        <\/form>        <style>          #bwg_container1_0 #bwg_container2_0 #spider_popup_overlay_0 {          background-color: #EEEEEE;          opacity: 0.60;          }          <\/style>        <div id=\"bwg_spider_popup_loading_0\" class=\"bwg_spider_popup_loading\"><\/div>        <div id=\"spider_popup_overlay_0\" class=\"spider_popup_overlay\" onclick=\"spider_destroypopup(1000)\"><\/div>        <input type=\"hidden\" id=\"bwg_random_seed_0\" value=\"1108578009\">                <\/div>    <\/div>    <script>      if (document.readyState === 'complete') {        if( typeof bwg_main_ready == 'function' ) {          if ( jQuery(\"#bwg_container1_0\").height() ) {            bwg_main_ready(jQuery(\"#bwg_container1_0\"));          }        }      } else {        document.addEventListener('DOMContentLoaded', function() {          if( typeof bwg_main_ready == 'function' ) {            if ( jQuery(\"#bwg_container1_0\").height() ) {             bwg_main_ready(jQuery(\"#bwg_container1_0\"));            }          }        });      }    <\/script>    \n<p>La pintura a pastel \u00abUlises canto de sirenas\u00bb despierta en el espectador una amplia gama de emociones y reflexiones. El tema mitol\u00f3gico de las sirenas, conocidas por simbolizar la seducci\u00f3n y el peligro, evoca una sensaci\u00f3n de fascinaci\u00f3n y misterio. Los colores vibrantes y el estilo abstracto pueden generar admiraci\u00f3n y estimular la imaginaci\u00f3n, ya que cada espectador puede interpretar los detalles a su manera. Adem\u00e1s, el contraste entre el dinamismo de las figuras y la serenidad del entorno marino transmite tensi\u00f3n y belleza, e invita a reflexionar sobre la lucha entre el instinto y la raz\u00f3n, un tema profundamente humano y universal.<\/p>\n<blockquote>\n<p style=\"text-align: left;\"><strong>ULISES CANTO DE SIRENAS.<\/strong><\/p>\n<p style=\"text-align: left;\">Pintura al Pastel<\/p>\n<p style=\"text-align: left;\">Pintura original realizada por Rafael Ram\u00edrez.<\/p>\n<p style=\"text-align: left;\">T\u00e9cnica: Pastel sobre cartulina \/ papel.<\/p>\n<p style=\"text-align: left;\">Tama\u00f1o: 65 x 50 cm. &#8211; 25,59 x 19,68 <span class=\"a-list-item\">in.<\/span><\/p>\n<\/blockquote>\n<p>El estilo de Rafael Ram\u00edrez en \u00abUlises canto de sirenas\u00bb destaca por su enfoque vibrante y on\u00edrico, con el que interpreta temas cl\u00e1sicos de manera moderna y cautivadora. Utiliza el pastel para lograr texturas suaves y transiciones de color que acent\u00faan la energ\u00eda de la composici\u00f3n. Los colores intensos y saturados son una caracter\u00edstica clave en su obra, ya que generan una atm\u00f3sfera visual din\u00e1mica que capta la atenci\u00f3n del espectador.<\/p>\n<p>Adem\u00e1s, Ram\u00edrez emplea formas estilizadas y una composici\u00f3n cuidadosamente equilibrada que a\u00f1ade un sentido de movimiento y tensi\u00f3n, reflejando la narrativa del mito de Ulises y las sirenas. Su estilo combina elementos tradicionales con una visi\u00f3n contempor\u00e1nea, haciendo que la obra no solo evoque la mitolog\u00eda cl\u00e1sica, sino que tambi\u00e9n invite a una interpretaci\u00f3n personal y emocional.<\/p>\n<p>M\u00e1s informaci\u00f3n:<\/p>\n<ul>\n<li><a href=\"https:\/\/rafaramirez.org\/blog\/index.php\/category\/mi-pintura\/pintura-a-pastel\/\" target=\"_blank\" rel=\"noopener\">Otras pinturas a pastel de Rafael Ram\u00edrez<\/a>.<\/li>\n<li><a href=\"https:\/\/rafaramirez.org\/blog\/index.php\/category\/mi-pintura\/\" target=\"_blank\" rel=\"noopener\">Todas la pinturas de Rafael Ram\u00edrez<\/a>.<\/li>\n<li><a href=\"https:\/\/es.pinterest.com\/Ramirez_Rafa\/\" target=\"_blank\" rel=\"noopener\">En Pinterest<\/a>.<\/li>\n<\/ul>\n","protected":false},"excerpt":{"rendered":"<p>\u201cUlises canto de sirenas\u201d, la pintura de Rafael Ram\u00edrez, es una obra de arte realizada en pastel. Se trata de una composici\u00f3n vibrante y estilizada que retrata el mito cl\u00e1sico de Ulises y las sirenas. En ella se observan dos figuras, la femenina de la sirena y la de Ulises, en un entorno marino lleno [&hellip;]<\/p>\n","protected":false},"author":3,"featured_media":8663,"comment_status":"open","ping_status":"closed","sticky":false,"template":"","format":"standard","meta":{"site-container-style":"default","site-container-layout":"default","site-sidebar-layout":"default","disable-article-header":"default","disable-site-header":"default","disable-site-footer":"default","disable-content-area-spacing":"default","_jetpack_newsletter_access":"","_jetpack_dont_email_post_to_subs":false,"_jetpack_newsletter_tier_id":0,"_jetpack_memberships_contains_paywalled_content":false,"_jetpack_feature_clip_id":0,"_jetpack_memberships_contains_paid_content":false,"footnotes":"","jetpack_publicize_message":"","jetpack_publicize_feature_enabled":true,"jetpack_social_post_already_shared":true,"jetpack_social_options":{"image_generator_settings":{"template":"highway","default_image_id":0,"font":"","enabled":false},"version":2},"jetpack_post_was_ever_published":false},"categories":[6,7,4208],"tags":[4172,684,68,1239,3045,686,687,139,2955,691,371,692,372,693,375,3842,3841,379,694,646,526,527,407,3897,4171],"class_list":["post-8659","post","type-post","status-publish","format-standard","has-post-thumbnail","hentry","category-mi-pintura","category-pintura-a-pastel","category-pintura-disponible","tag-ulises-canto-de-sirenas-de-rafael-ramirez","tag-arte-figurativo","tag-blog-de-rafael-ramirez","tag-colores-calidos","tag-contraste-de-colores","tag-cuadro","tag-cuadro-pintado-a-mano","tag-destacado","tag-mitologia","tag-obra-de-arte","tag-pintura","tag-pintura-a-mano","tag-pintura-a-pastel","tag-pintura-artistica","tag-pintura-de-rafael-ramirez","tag-pintura-mitologica","tag-pintura-onirica","tag-pintura-original","tag-pintura-unica","tag-rafael-ramirez","tag-rafael-ramirez-pintor","tag-rafael-ramirez-pintor-artistico","tag-rafael-ramirez-pintura-artistica","tag-sirenas","tag-ulises"],"yoast_head":"<!-- This site is optimized with the Yoast SEO plugin v28.4 - https:\/\/yoast.com\/product\/yoast-seo-wordpress\/ -->\n<title>&quot;Ulises canto de sirenas&quot; pintura de Rafael Ram\u00edrez | T\u00e9cnica pastel | Escena mitol\u00f3gica, on\u00edrica, moderna y vibrante. - Blog de Rafael Ram\u00edrez<\/title>\n<meta name=\"description\" content=\"\u201cUlises canto de sirenas\u201d, la pintura de Rafael Ram\u00edrez,\u00a0es una obra de arte realizada en pastel. Se trata de una obra vibrante y estilizada..\" \/>\n<meta name=\"robots\" content=\"index, follow, max-snippet:-1, max-image-preview:large, max-video-preview:-1\" \/>\n<link rel=\"canonical\" href=\"https:\/\/rafaramirez.org\/blog\/index.php\/2025\/04\/08\/ulises-canto-de-sirenas-pintura-de-rafael-ramirez\/\" \/>\n<meta property=\"og:locale\" content=\"es_ES\" \/>\n<meta property=\"og:type\" content=\"article\" \/>\n<meta property=\"og:title\" content=\"&quot;Ulises canto de sirenas&quot; pintura de Rafael Ram\u00edrez | T\u00e9cnica pastel | Escena mitol\u00f3gica, on\u00edrica, moderna y vibrante. - Blog de Rafael Ram\u00edrez\" \/>\n<meta property=\"og:description\" content=\"\u201cUlises canto de sirenas\u201d, la pintura de Rafael Ram\u00edrez,\u00a0es una obra de arte realizada en pastel. Se trata de una obra vibrante y estilizada..\" \/>\n<meta property=\"og:url\" content=\"https:\/\/rafaramirez.org\/blog\/index.php\/2025\/04\/08\/ulises-canto-de-sirenas-pintura-de-rafael-ramirez\/\" \/>\n<meta property=\"og:site_name\" content=\"Blog de Rafael Ram\u00edrez\" \/>\n<meta property=\"article:published_time\" content=\"2025-04-08T06:15:43+00:00\" \/>\n<meta property=\"og:image\" content=\"https:\/\/rafaramirez.org\/blog\/wp-content\/uploads\/2025\/04\/Ulises-canto-de-sirenas_pintura_al_pastel_Rafael-Ramirez_banner.jpg\" \/>\n\t<meta property=\"og:image:width\" content=\"720\" \/>\n\t<meta property=\"og:image:height\" content=\"440\" \/>\n\t<meta property=\"og:image:type\" content=\"image\/jpeg\" \/>\n<meta name=\"author\" content=\"Documentaci\u00f3n e investigaci\u00f3n\" \/>\n<meta name=\"twitter:card\" content=\"summary_large_image\" \/>\n<meta name=\"twitter:site\" content=\"@rafaramirez_ok\" \/>\n<meta name=\"twitter:label1\" content=\"Escrito por\" \/>\n\t<meta name=\"twitter:data1\" content=\"Documentaci\u00f3n e investigaci\u00f3n\" \/>\n\t<meta name=\"twitter:label2\" content=\"Tiempo de lectura\" \/>\n\t<meta name=\"twitter:data2\" content=\"2 minutos\" \/>\n<script type=\"application\/ld+json\" class=\"yoast-schema-graph\">{\"@context\":\"https:\\\/\\\/schema.org\",\"@graph\":[{\"@type\":\"Article\",\"@id\":\"https:\\\/\\\/rafaramirez.org\\\/blog\\\/index.php\\\/2025\\\/04\\\/08\\\/ulises-canto-de-sirenas-pintura-de-rafael-ramirez\\\/#article\",\"isPartOf\":{\"@id\":\"https:\\\/\\\/rafaramirez.org\\\/blog\\\/index.php\\\/2025\\\/04\\\/08\\\/ulises-canto-de-sirenas-pintura-de-rafael-ramirez\\\/\"},\"author\":{\"name\":\"Documentaci\u00f3n e investigaci\u00f3n\",\"@id\":\"https:\\\/\\\/rafaramirez.org\\\/blog\\\/#\\\/schema\\\/person\\\/8debd05b3d9a1d16fb21af726811617d\"},\"headline\":\"\u00abUlises canto de sirenas\u00bb pintura de Rafael Ram\u00edrez | T\u00e9cnica pastel | Escena mitol\u00f3gica, on\u00edrica, moderna y vibrante.\",\"datePublished\":\"2025-04-08T06:15:43+00:00\",\"mainEntityOfPage\":{\"@id\":\"https:\\\/\\\/rafaramirez.org\\\/blog\\\/index.php\\\/2025\\\/04\\\/08\\\/ulises-canto-de-sirenas-pintura-de-rafael-ramirez\\\/\"},\"wordCount\":486,\"commentCount\":2,\"publisher\":{\"@id\":\"https:\\\/\\\/rafaramirez.org\\\/blog\\\/#\\\/schema\\\/person\\\/50f43b6d60c578760d4c17bda54ab6a5\"},\"image\":{\"@id\":\"https:\\\/\\\/rafaramirez.org\\\/blog\\\/index.php\\\/2025\\\/04\\\/08\\\/ulises-canto-de-sirenas-pintura-de-rafael-ramirez\\\/#primaryimage\"},\"thumbnailUrl\":\"https:\\\/\\\/rafaramirez.org\\\/blog\\\/wp-content\\\/uploads\\\/2025\\\/04\\\/Ulises-canto-de-sirenas_pintura_al_pastel_Rafael-Ramirez_banner.jpg\",\"keywords\":[\"\\\"Ulises canto de sirenas\\\" de Rafael Ram\u00edrez\",\"arte figurativo\",\"blog de Rafael Ram\u00edrez\",\"colores c\u00e1lidos\",\"contraste de colores\",\"cuadro\",\"cuadro pintado a mano\",\"destacado\",\"mitolog\u00eda\",\"obra de arte\",\"pintura\",\"pintura a mano\",\"pintura a pastel\",\"pintura art\u00edstica\",\"pintura de rafael ram\u00edrez\",\"pintura mitol\u00f3gica\",\"pintura on\u00edrica\",\"pintura original\",\"pintura \u00fanica\",\"Rafael Ram\u00edrez\",\"rafael ramirez pintor\",\"rafael ram\u00edrez pintor art\u00edstico\",\"rafael ram\u00edrez pintura art\u00edstica\",\"sirenas\",\"Ulises\"],\"articleSection\":[\"Mi pintura\",\"Pintura a pastel\",\"Pintura disponible\"],\"inLanguage\":\"es\",\"potentialAction\":[{\"@type\":\"CommentAction\",\"name\":\"Comment\",\"target\":[\"https:\\\/\\\/rafaramirez.org\\\/blog\\\/index.php\\\/2025\\\/04\\\/08\\\/ulises-canto-de-sirenas-pintura-de-rafael-ramirez\\\/#respond\"]}]},{\"@type\":\"WebPage\",\"@id\":\"https:\\\/\\\/rafaramirez.org\\\/blog\\\/index.php\\\/2025\\\/04\\\/08\\\/ulises-canto-de-sirenas-pintura-de-rafael-ramirez\\\/\",\"url\":\"https:\\\/\\\/rafaramirez.org\\\/blog\\\/index.php\\\/2025\\\/04\\\/08\\\/ulises-canto-de-sirenas-pintura-de-rafael-ramirez\\\/\",\"name\":\"\\\"Ulises canto de sirenas\\\" pintura de Rafael Ram\u00edrez | T\u00e9cnica pastel | Escena mitol\u00f3gica, on\u00edrica, moderna y vibrante. - Blog de Rafael Ram\u00edrez\",\"isPartOf\":{\"@id\":\"https:\\\/\\\/rafaramirez.org\\\/blog\\\/#website\"},\"primaryImageOfPage\":{\"@id\":\"https:\\\/\\\/rafaramirez.org\\\/blog\\\/index.php\\\/2025\\\/04\\\/08\\\/ulises-canto-de-sirenas-pintura-de-rafael-ramirez\\\/#primaryimage\"},\"image\":{\"@id\":\"https:\\\/\\\/rafaramirez.org\\\/blog\\\/index.php\\\/2025\\\/04\\\/08\\\/ulises-canto-de-sirenas-pintura-de-rafael-ramirez\\\/#primaryimage\"},\"thumbnailUrl\":\"https:\\\/\\\/rafaramirez.org\\\/blog\\\/wp-content\\\/uploads\\\/2025\\\/04\\\/Ulises-canto-de-sirenas_pintura_al_pastel_Rafael-Ramirez_banner.jpg\",\"datePublished\":\"2025-04-08T06:15:43+00:00\",\"description\":\"\u201cUlises canto de sirenas\u201d, la pintura de Rafael Ram\u00edrez,\u00a0es una obra de arte realizada en pastel. Se trata de una obra vibrante y estilizada..\",\"breadcrumb\":{\"@id\":\"https:\\\/\\\/rafaramirez.org\\\/blog\\\/index.php\\\/2025\\\/04\\\/08\\\/ulises-canto-de-sirenas-pintura-de-rafael-ramirez\\\/#breadcrumb\"},\"inLanguage\":\"es\",\"potentialAction\":[{\"@type\":\"ReadAction\",\"target\":[\"https:\\\/\\\/rafaramirez.org\\\/blog\\\/index.php\\\/2025\\\/04\\\/08\\\/ulises-canto-de-sirenas-pintura-de-rafael-ramirez\\\/\"]}]},{\"@type\":\"ImageObject\",\"inLanguage\":\"es\",\"@id\":\"https:\\\/\\\/rafaramirez.org\\\/blog\\\/index.php\\\/2025\\\/04\\\/08\\\/ulises-canto-de-sirenas-pintura-de-rafael-ramirez\\\/#primaryimage\",\"url\":\"https:\\\/\\\/rafaramirez.org\\\/blog\\\/wp-content\\\/uploads\\\/2025\\\/04\\\/Ulises-canto-de-sirenas_pintura_al_pastel_Rafael-Ramirez_banner.jpg\",\"contentUrl\":\"https:\\\/\\\/rafaramirez.org\\\/blog\\\/wp-content\\\/uploads\\\/2025\\\/04\\\/Ulises-canto-de-sirenas_pintura_al_pastel_Rafael-Ramirez_banner.jpg\",\"width\":720,\"height\":440,\"caption\":\"\\\"Ulises canto de sirenas\\\" pintura a pastel de Rafael Ram\u00edrez.\"},{\"@type\":\"BreadcrumbList\",\"@id\":\"https:\\\/\\\/rafaramirez.org\\\/blog\\\/index.php\\\/2025\\\/04\\\/08\\\/ulises-canto-de-sirenas-pintura-de-rafael-ramirez\\\/#breadcrumb\",\"itemListElement\":[{\"@type\":\"ListItem\",\"position\":1,\"name\":\"Portada\",\"item\":\"https:\\\/\\\/rafaramirez.org\\\/blog\\\/\"},{\"@type\":\"ListItem\",\"position\":2,\"name\":\"\u00abUlises canto de sirenas\u00bb pintura de Rafael Ram\u00edrez | T\u00e9cnica pastel | Escena mitol\u00f3gica, on\u00edrica, moderna y vibrante.\"}]},{\"@type\":\"WebSite\",\"@id\":\"https:\\\/\\\/rafaramirez.org\\\/blog\\\/#website\",\"url\":\"https:\\\/\\\/rafaramirez.org\\\/blog\\\/\",\"name\":\"Blog de Rafael Ram\u00edrez\",\"description\":\"Un sitio social, de arte y cultura\",\"publisher\":{\"@id\":\"https:\\\/\\\/rafaramirez.org\\\/blog\\\/#\\\/schema\\\/person\\\/50f43b6d60c578760d4c17bda54ab6a5\"},\"potentialAction\":[{\"@type\":\"SearchAction\",\"target\":{\"@type\":\"EntryPoint\",\"urlTemplate\":\"https:\\\/\\\/rafaramirez.org\\\/blog\\\/?s={search_term_string}\"},\"query-input\":{\"@type\":\"PropertyValueSpecification\",\"valueRequired\":true,\"valueName\":\"search_term_string\"}}],\"inLanguage\":\"es\"},{\"@type\":[\"Person\",\"Organization\"],\"@id\":\"https:\\\/\\\/rafaramirez.org\\\/blog\\\/#\\\/schema\\\/person\\\/50f43b6d60c578760d4c17bda54ab6a5\",\"name\":\"Rafael Ram\u00edrez\",\"image\":{\"@type\":\"ImageObject\",\"inLanguage\":\"es\",\"@id\":\"https:\\\/\\\/rafaramirez.org\\\/blog\\\/wp-content\\\/uploads\\\/2024\\\/09\\\/RR_socialnetwork.jpg\",\"url\":\"https:\\\/\\\/rafaramirez.org\\\/blog\\\/wp-content\\\/uploads\\\/2024\\\/09\\\/RR_socialnetwork.jpg\",\"contentUrl\":\"https:\\\/\\\/rafaramirez.org\\\/blog\\\/wp-content\\\/uploads\\\/2024\\\/09\\\/RR_socialnetwork.jpg\",\"width\":600,\"height\":606,\"caption\":\"Rafael Ram\u00edrez\"},\"logo\":{\"@id\":\"https:\\\/\\\/rafaramirez.org\\\/blog\\\/wp-content\\\/uploads\\\/2024\\\/09\\\/RR_socialnetwork.jpg\"},\"sameAs\":[\"https:\\\/\\\/www.rafaramirez.org\\\/blog\",\"https:\\\/\\\/www.instagram.com\\\/rafaramirez_ok\\\/\",\"https:\\\/\\\/es.pinterest.com\\\/Ramirez_Rafa\\\/\",\"https:\\\/\\\/x.com\\\/rafaramirez_ok\"]},{\"@type\":\"Person\",\"@id\":\"https:\\\/\\\/rafaramirez.org\\\/blog\\\/#\\\/schema\\\/person\\\/8debd05b3d9a1d16fb21af726811617d\",\"name\":\"Documentaci\u00f3n e investigaci\u00f3n\",\"image\":{\"@type\":\"ImageObject\",\"inLanguage\":\"es\",\"@id\":\"https:\\\/\\\/secure.gravatar.com\\\/avatar\\\/fe70e496579a39c7a8fc4982b89275403b1092eb200623138a32daada9416911?s=96&d=mm&r=g\",\"url\":\"https:\\\/\\\/secure.gravatar.com\\\/avatar\\\/fe70e496579a39c7a8fc4982b89275403b1092eb200623138a32daada9416911?s=96&d=mm&r=g\",\"contentUrl\":\"https:\\\/\\\/secure.gravatar.com\\\/avatar\\\/fe70e496579a39c7a8fc4982b89275403b1092eb200623138a32daada9416911?s=96&d=mm&r=g\",\"caption\":\"Documentaci\u00f3n e investigaci\u00f3n\"},\"url\":\"https:\\\/\\\/rafaramirez.org\\\/blog\\\/index.php\\\/author\\\/admin\\\/\"}]}<\/script>\n<!-- \/ Yoast SEO plugin. -->","yoast_head_json":{"title":"\"Ulises canto de sirenas\" pintura de Rafael Ram\u00edrez | T\u00e9cnica pastel | Escena mitol\u00f3gica, on\u00edrica, moderna y vibrante. - Blog de Rafael Ram\u00edrez","description":"\u201cUlises canto de sirenas\u201d, la pintura de Rafael Ram\u00edrez,\u00a0es una obra de arte realizada en pastel. Se trata de una obra vibrante y estilizada..","robots":{"index":"index","follow":"follow","max-snippet":"max-snippet:-1","max-image-preview":"max-image-preview:large","max-video-preview":"max-video-preview:-1"},"canonical":"https:\/\/rafaramirez.org\/blog\/index.php\/2025\/04\/08\/ulises-canto-de-sirenas-pintura-de-rafael-ramirez\/","og_locale":"es_ES","og_type":"article","og_title":"\"Ulises canto de sirenas\" pintura de Rafael Ram\u00edrez | T\u00e9cnica pastel | Escena mitol\u00f3gica, on\u00edrica, moderna y vibrante. - Blog de Rafael Ram\u00edrez","og_description":"\u201cUlises canto de sirenas\u201d, la pintura de Rafael Ram\u00edrez,\u00a0es una obra de arte realizada en pastel. Se trata de una obra vibrante y estilizada..","og_url":"https:\/\/rafaramirez.org\/blog\/index.php\/2025\/04\/08\/ulises-canto-de-sirenas-pintura-de-rafael-ramirez\/","og_site_name":"Blog de Rafael Ram\u00edrez","article_published_time":"2025-04-08T06:15:43+00:00","og_image":[{"width":720,"height":440,"url":"https:\/\/rafaramirez.org\/blog\/wp-content\/uploads\/2025\/04\/Ulises-canto-de-sirenas_pintura_al_pastel_Rafael-Ramirez_banner.jpg","type":"image\/jpeg"}],"author":"Documentaci\u00f3n e investigaci\u00f3n","twitter_card":"summary_large_image","twitter_site":"@rafaramirez_ok","twitter_misc":{"Escrito por":"Documentaci\u00f3n e investigaci\u00f3n","Tiempo de lectura":"2 minutos"},"schema":{"@context":"https:\/\/schema.org","@graph":[{"@type":"Article","@id":"https:\/\/rafaramirez.org\/blog\/index.php\/2025\/04\/08\/ulises-canto-de-sirenas-pintura-de-rafael-ramirez\/#article","isPartOf":{"@id":"https:\/\/rafaramirez.org\/blog\/index.php\/2025\/04\/08\/ulises-canto-de-sirenas-pintura-de-rafael-ramirez\/"},"author":{"name":"Documentaci\u00f3n e investigaci\u00f3n","@id":"https:\/\/rafaramirez.org\/blog\/#\/schema\/person\/8debd05b3d9a1d16fb21af726811617d"},"headline":"\u00abUlises canto de sirenas\u00bb pintura de Rafael Ram\u00edrez | T\u00e9cnica pastel | Escena mitol\u00f3gica, on\u00edrica, moderna y vibrante.","datePublished":"2025-04-08T06:15:43+00:00","mainEntityOfPage":{"@id":"https:\/\/rafaramirez.org\/blog\/index.php\/2025\/04\/08\/ulises-canto-de-sirenas-pintura-de-rafael-ramirez\/"},"wordCount":486,"commentCount":2,"publisher":{"@id":"https:\/\/rafaramirez.org\/blog\/#\/schema\/person\/50f43b6d60c578760d4c17bda54ab6a5"},"image":{"@id":"https:\/\/rafaramirez.org\/blog\/index.php\/2025\/04\/08\/ulises-canto-de-sirenas-pintura-de-rafael-ramirez\/#primaryimage"},"thumbnailUrl":"https:\/\/rafaramirez.org\/blog\/wp-content\/uploads\/2025\/04\/Ulises-canto-de-sirenas_pintura_al_pastel_Rafael-Ramirez_banner.jpg","keywords":["\"Ulises canto de sirenas\" de Rafael Ram\u00edrez","arte figurativo","blog de Rafael Ram\u00edrez","colores c\u00e1lidos","contraste de colores","cuadro","cuadro pintado a mano","destacado","mitolog\u00eda","obra de arte","pintura","pintura a mano","pintura a pastel","pintura art\u00edstica","pintura de rafael ram\u00edrez","pintura mitol\u00f3gica","pintura on\u00edrica","pintura original","pintura \u00fanica","Rafael Ram\u00edrez","rafael ramirez pintor","rafael ram\u00edrez pintor art\u00edstico","rafael ram\u00edrez pintura art\u00edstica","sirenas","Ulises"],"articleSection":["Mi pintura","Pintura a pastel","Pintura disponible"],"inLanguage":"es","potentialAction":[{"@type":"CommentAction","name":"Comment","target":["https:\/\/rafaramirez.org\/blog\/index.php\/2025\/04\/08\/ulises-canto-de-sirenas-pintura-de-rafael-ramirez\/#respond"]}]},{"@type":"WebPage","@id":"https:\/\/rafaramirez.org\/blog\/index.php\/2025\/04\/08\/ulises-canto-de-sirenas-pintura-de-rafael-ramirez\/","url":"https:\/\/rafaramirez.org\/blog\/index.php\/2025\/04\/08\/ulises-canto-de-sirenas-pintura-de-rafael-ramirez\/","name":"\"Ulises canto de sirenas\" pintura de Rafael Ram\u00edrez | T\u00e9cnica pastel | Escena mitol\u00f3gica, on\u00edrica, moderna y vibrante. - Blog de Rafael Ram\u00edrez","isPartOf":{"@id":"https:\/\/rafaramirez.org\/blog\/#website"},"primaryImageOfPage":{"@id":"https:\/\/rafaramirez.org\/blog\/index.php\/2025\/04\/08\/ulises-canto-de-sirenas-pintura-de-rafael-ramirez\/#primaryimage"},"image":{"@id":"https:\/\/rafaramirez.org\/blog\/index.php\/2025\/04\/08\/ulises-canto-de-sirenas-pintura-de-rafael-ramirez\/#primaryimage"},"thumbnailUrl":"https:\/\/rafaramirez.org\/blog\/wp-content\/uploads\/2025\/04\/Ulises-canto-de-sirenas_pintura_al_pastel_Rafael-Ramirez_banner.jpg","datePublished":"2025-04-08T06:15:43+00:00","description":"\u201cUlises canto de sirenas\u201d, la pintura de Rafael Ram\u00edrez,\u00a0es una obra de arte realizada en pastel. Se trata de una obra vibrante y estilizada..","breadcrumb":{"@id":"https:\/\/rafaramirez.org\/blog\/index.php\/2025\/04\/08\/ulises-canto-de-sirenas-pintura-de-rafael-ramirez\/#breadcrumb"},"inLanguage":"es","potentialAction":[{"@type":"ReadAction","target":["https:\/\/rafaramirez.org\/blog\/index.php\/2025\/04\/08\/ulises-canto-de-sirenas-pintura-de-rafael-ramirez\/"]}]},{"@type":"ImageObject","inLanguage":"es","@id":"https:\/\/rafaramirez.org\/blog\/index.php\/2025\/04\/08\/ulises-canto-de-sirenas-pintura-de-rafael-ramirez\/#primaryimage","url":"https:\/\/rafaramirez.org\/blog\/wp-content\/uploads\/2025\/04\/Ulises-canto-de-sirenas_pintura_al_pastel_Rafael-Ramirez_banner.jpg","contentUrl":"https:\/\/rafaramirez.org\/blog\/wp-content\/uploads\/2025\/04\/Ulises-canto-de-sirenas_pintura_al_pastel_Rafael-Ramirez_banner.jpg","width":720,"height":440,"caption":"\"Ulises canto de sirenas\" pintura a pastel de Rafael Ram\u00edrez."},{"@type":"BreadcrumbList","@id":"https:\/\/rafaramirez.org\/blog\/index.php\/2025\/04\/08\/ulises-canto-de-sirenas-pintura-de-rafael-ramirez\/#breadcrumb","itemListElement":[{"@type":"ListItem","position":1,"name":"Portada","item":"https:\/\/rafaramirez.org\/blog\/"},{"@type":"ListItem","position":2,"name":"\u00abUlises canto de sirenas\u00bb pintura de Rafael Ram\u00edrez | T\u00e9cnica pastel | Escena mitol\u00f3gica, on\u00edrica, moderna y vibrante."}]},{"@type":"WebSite","@id":"https:\/\/rafaramirez.org\/blog\/#website","url":"https:\/\/rafaramirez.org\/blog\/","name":"Blog de Rafael Ram\u00edrez","description":"Un sitio social, de arte y cultura","publisher":{"@id":"https:\/\/rafaramirez.org\/blog\/#\/schema\/person\/50f43b6d60c578760d4c17bda54ab6a5"},"potentialAction":[{"@type":"SearchAction","target":{"@type":"EntryPoint","urlTemplate":"https:\/\/rafaramirez.org\/blog\/?s={search_term_string}"},"query-input":{"@type":"PropertyValueSpecification","valueRequired":true,"valueName":"search_term_string"}}],"inLanguage":"es"},{"@type":["Person","Organization"],"@id":"https:\/\/rafaramirez.org\/blog\/#\/schema\/person\/50f43b6d60c578760d4c17bda54ab6a5","name":"Rafael Ram\u00edrez","image":{"@type":"ImageObject","inLanguage":"es","@id":"https:\/\/rafaramirez.org\/blog\/wp-content\/uploads\/2024\/09\/RR_socialnetwork.jpg","url":"https:\/\/rafaramirez.org\/blog\/wp-content\/uploads\/2024\/09\/RR_socialnetwork.jpg","contentUrl":"https:\/\/rafaramirez.org\/blog\/wp-content\/uploads\/2024\/09\/RR_socialnetwork.jpg","width":600,"height":606,"caption":"Rafael Ram\u00edrez"},"logo":{"@id":"https:\/\/rafaramirez.org\/blog\/wp-content\/uploads\/2024\/09\/RR_socialnetwork.jpg"},"sameAs":["https:\/\/www.rafaramirez.org\/blog","https:\/\/www.instagram.com\/rafaramirez_ok\/","https:\/\/es.pinterest.com\/Ramirez_Rafa\/","https:\/\/x.com\/rafaramirez_ok"]},{"@type":"Person","@id":"https:\/\/rafaramirez.org\/blog\/#\/schema\/person\/8debd05b3d9a1d16fb21af726811617d","name":"Documentaci\u00f3n e investigaci\u00f3n","image":{"@type":"ImageObject","inLanguage":"es","@id":"https:\/\/secure.gravatar.com\/avatar\/fe70e496579a39c7a8fc4982b89275403b1092eb200623138a32daada9416911?s=96&d=mm&r=g","url":"https:\/\/secure.gravatar.com\/avatar\/fe70e496579a39c7a8fc4982b89275403b1092eb200623138a32daada9416911?s=96&d=mm&r=g","contentUrl":"https:\/\/secure.gravatar.com\/avatar\/fe70e496579a39c7a8fc4982b89275403b1092eb200623138a32daada9416911?s=96&d=mm&r=g","caption":"Documentaci\u00f3n e investigaci\u00f3n"},"url":"https:\/\/rafaramirez.org\/blog\/index.php\/author\/admin\/"}]}},"jetpack_publicize_connections":[],"jetpack_sharing_enabled":true,"jetpack_likes_enabled":true,"jetpack_featured_media_url":"https:\/\/rafaramirez.org\/blog\/wp-content\/uploads\/2025\/04\/Ulises-canto-de-sirenas_pintura_al_pastel_Rafael-Ramirez_banner.jpg","_links":{"self":[{"href":"https:\/\/rafaramirez.org\/blog\/index.php\/wp-json\/wp\/v2\/posts\/8659","targetHints":{"allow":["GET"]}}],"collection":[{"href":"https:\/\/rafaramirez.org\/blog\/index.php\/wp-json\/wp\/v2\/posts"}],"about":[{"href":"https:\/\/rafaramirez.org\/blog\/index.php\/wp-json\/wp\/v2\/types\/post"}],"author":[{"embeddable":true,"href":"https:\/\/rafaramirez.org\/blog\/index.php\/wp-json\/wp\/v2\/users\/3"}],"replies":[{"embeddable":true,"href":"https:\/\/rafaramirez.org\/blog\/index.php\/wp-json\/wp\/v2\/comments?post=8659"}],"version-history":[{"count":9,"href":"https:\/\/rafaramirez.org\/blog\/index.php\/wp-json\/wp\/v2\/posts\/8659\/revisions"}],"predecessor-version":[{"id":8683,"href":"https:\/\/rafaramirez.org\/blog\/index.php\/wp-json\/wp\/v2\/posts\/8659\/revisions\/8683"}],"wp:featuredmedia":[{"embeddable":true,"href":"https:\/\/rafaramirez.org\/blog\/index.php\/wp-json\/wp\/v2\/media\/8663"}],"wp:attachment":[{"href":"https:\/\/rafaramirez.org\/blog\/index.php\/wp-json\/wp\/v2\/media?parent=8659"}],"wp:term":[{"taxonomy":"category","embeddable":true,"href":"https:\/\/rafaramirez.org\/blog\/index.php\/wp-json\/wp\/v2\/categories?post=8659"},{"taxonomy":"post_tag","embeddable":true,"href":"https:\/\/rafaramirez.org\/blog\/index.php\/wp-json\/wp\/v2\/tags?post=8659"}],"curies":[{"name":"wp","href":"https:\/\/api.w.org\/{rel}","templated":true}]}}