{"id":8645,"date":"2025-04-07T08:15:49","date_gmt":"2025-04-07T06:15:49","guid":{"rendered":"https:\/\/rafaramirez.org\/blog\/?p=8645"},"modified":"2025-04-04T11:28:36","modified_gmt":"2025-04-04T09:28:36","slug":"la-isla-de-la-mujer-dormida-de-arturo-perez-reverte","status":"publish","type":"post","link":"https:\/\/rafaramirez.org\/blog\/index.php\/2025\/04\/07\/la-isla-de-la-mujer-dormida-de-arturo-perez-reverte\/","title":{"rendered":"\u00abLa isla de la mujer dormida\u00bb, de Arturo P\u00e9rez-Reverte: amor y dilemas morales en tiempos de guerra."},"content":{"rendered":"<p>\u00abLa isla de la mujer dormida\u00bb es una novela de Arturo P\u00e9rez-Reverte publicada en octubre de 2024. Ambientada en el contexto de la Guerra Civil Espa\u00f1ola, la historia sigue a Miguel Jord\u00e1n Kyriazis, un marino mercante al servicio del bando sublevado. Su misi\u00f3n es sabotear el tr\u00e1fico mar\u00edtimo que transporta ayuda militar desde la Uni\u00f3n Sovi\u00e9tica hacia la Rep\u00fablica.<\/p>\n<p>La trama se desarrolla en una peque\u00f1a isla del mar Egeo, donde Miguel se ve envuelto en un tri\u00e1ngulo amoroso con el bar\u00f3n Katelios y su esposa, una mujer madura que busca escapar de su destino. La novela combina elementos de amor, guerra y aventuras, y explora las complejidades de la condici\u00f3n humana y los dilemas morales en tiempos de conflicto.<\/p>\n<h3>Cr\u00edtica literaria.<\/h3>\n<p>Como novela hist\u00f3rica, \u00abLa isla de la mujer dormida\u00bb, de Arturo P\u00e9rez-Reverte, ofrece un cautivador retrato de los conflictos humanos en un contexto de guerra. Cabe reconocer su profundo an\u00e1lisis de las pasiones, los dilemas morales y la naturaleza de las relaciones humanas. P\u00e9rez-Reverte, conocido por su dominio narrativo, transporta al lector al Mar Egeo y crea una atm\u00f3sfera cargada de tensiones y emociones complejas.<\/p>\n<p>Uno de los aspectos m\u00e1s destacados es el tratamiento de la ambig\u00fcedad moral. Miguel Jord\u00e1n Kyriazis, el protagonista, no es un h\u00e9roe tradicional, lo que a\u00f1ade una dimensi\u00f3n humana e imperfecta a su car\u00e1cter. Las decisiones que debe tomar ponen en cuesti\u00f3n las l\u00edneas entre el deber, la lealtad y el deseo personal.<\/p>\n<p>La prosa de P\u00e9rez-Reverte sigue siendo detallista y evocadora, algo que valoro enormemente. Adem\u00e1s, la inclusi\u00f3n de un tri\u00e1ngulo amoroso aporta un matiz emocional que enriquece el relato sin desviar la atenci\u00f3n de la trama hist\u00f3rica.<\/p>\n<p>Sin duda, esta novela pone de manifiesto el talento de P\u00e9rez-Reverte para sumergir al lector en narrativas complejas y cargadas de humanidad, utilizando el pasado como un espejo para explorar la condici\u00f3n humana.<\/p>\n<figure id=\"attachment_8648\" aria-describedby=\"caption-attachment-8648\" style=\"width: 187px\" class=\"wp-caption aligncenter\"><a href=\"https:\/\/rafaramirez.org\/blog\/wp-content\/uploads\/2025\/04\/La-isla-de-la-mujer-dormida_portada.jpg\" target=\"_blank\" rel=\"noopener\"><img loading=\"lazy\" decoding=\"async\" class=\"wp-image-8648 size-medium\" src=\"https:\/\/rafaramirez.org\/blog\/wp-content\/uploads\/2025\/04\/La-isla-de-la-mujer-dormida_portada-187x300.jpg\" alt=\"Portada del libro &quot;La isla de la mujer dormida&quot; de Arturo P\u00e9rez-Reverte. Blog de Rafael Ram\u00edrez.\" width=\"187\" height=\"300\" srcset=\"https:\/\/rafaramirez.org\/blog\/wp-content\/uploads\/2025\/04\/La-isla-de-la-mujer-dormida_portada-187x300.jpg 187w, https:\/\/rafaramirez.org\/blog\/wp-content\/uploads\/2025\/04\/La-isla-de-la-mujer-dormida_portada-637x1024.jpg 637w, https:\/\/rafaramirez.org\/blog\/wp-content\/uploads\/2025\/04\/La-isla-de-la-mujer-dormida_portada.jpg 672w\" sizes=\"auto, (max-width: 187px) 100vw, 187px\" \/><\/a><figcaption id=\"caption-attachment-8648\" class=\"wp-caption-text\">Portada del libro \u00abLa isla de la mujer dormida\u00bb de Arturo P\u00e9rez-Reverte. Blog de Rafael Ram\u00edrez.<\/figcaption><\/figure>\n<h3>Ficha t\u00e9cnica.<\/h3>\n<ul>\n<li><strong>T\u00edtulo:<\/strong> La isla de la mujer dormida<\/li>\n<li><strong>Autor:<\/strong> Arturo P\u00e9rez-Reverte<\/li>\n<li><strong>Editorial:<\/strong> Alfaguara<\/li>\n<li><strong>ISBN:<\/strong> 9788410299634<\/li>\n<li><strong>Idioma:<\/strong> Castellano<\/li>\n<li><strong>N\u00famero de p\u00e1ginas:<\/strong> 416<\/li>\n<li><strong>Encuadernaci\u00f3n:<\/strong> Tapa dura<\/li>\n<li><strong>Fecha de lanzamiento:<\/strong> 8 de octubre de 2024<\/li>\n<li><strong>Dimensiones:<\/strong> 24.6 cm x 16.0 cm x 3.2 cm<\/li>\n<\/ul>\n<h3>Conociendo al autor.<\/h3>\n<p>Arturo P\u00e9rez-Reverte es un escritor, periodista y acad\u00e9mico espa\u00f1ol nacido el 25 de noviembre de 1951 en Cartagena (Espa\u00f1a). Antes de dedicarse por completo a la literatura, trabaj\u00f3 como corresponsal de guerra durante m\u00e1s de 20 a\u00f1os, cubriendo conflictos internacionales en lugares como el L\u00edbano, Bosnia y el Golfo P\u00e9rsico. Esta experiencia ha marcado profundamente su obra, dot\u00e1ndola de un enfoque realista y una perspectiva \u00fanica sobre la condici\u00f3n humana.<\/p>\n<p>Desde 2003, es miembro de la Real Academia Espa\u00f1ola, ocupando el sill\u00f3n \u00abT\u00bb. A lo largo de su carrera literaria ha publicado novelas hist\u00f3ricas, de aventuras y de intriga, entre las que destacan La tabla de Flandes, El club Dumas, La Reina del Sur y la serie Las aventuras del capit\u00e1n Alatriste. Su estilo se caracteriza por una prosa detallada, personajes complejos y una narrativa que mezcla acci\u00f3n y reflexi\u00f3n.<\/p>\n<p>Adem\u00e1s de su faceta literaria, P\u00e9rez-Reverte es conocido por su activa presencia en redes sociales, donde comparte opiniones contundentes y recomendaciones culturales. Su obra ha sido traducida a m\u00e1s de 40 idiomas, lo que lo consolida como uno de los autores contempor\u00e1neos m\u00e1s influyentes de habla hispana.<\/p>\n<figure id=\"attachment_8649\" aria-describedby=\"caption-attachment-8649\" style=\"width: 300px\" class=\"wp-caption aligncenter\"><a href=\"https:\/\/rafaramirez.org\/blog\/wp-content\/uploads\/2025\/04\/Arturo-PerezReverte_portrait.jpg\" target=\"_blank\" rel=\"noopener\"><img loading=\"lazy\" decoding=\"async\" class=\"wp-image-8649 size-medium\" src=\"https:\/\/rafaramirez.org\/blog\/wp-content\/uploads\/2025\/04\/Arturo-PerezReverte_portrait-300x290.jpg\" alt=\"El escritor Arturo P\u00e9rez-Reverte. Blog de Rafael Ram\u00edrez.\" width=\"300\" height=\"290\" srcset=\"https:\/\/rafaramirez.org\/blog\/wp-content\/uploads\/2025\/04\/Arturo-PerezReverte_portrait-300x290.jpg 300w, https:\/\/rafaramirez.org\/blog\/wp-content\/uploads\/2025\/04\/Arturo-PerezReverte_portrait.jpg 580w\" sizes=\"auto, (max-width: 300px) 100vw, 300px\" \/><\/a><figcaption id=\"caption-attachment-8649\" class=\"wp-caption-text\">El escritor Arturo P\u00e9rez-Reverte. Blog de Rafael Ram\u00edrez.<\/figcaption><\/figure>\n<p>Sin duda, te recomiendo leer \u00abLa isla de la mujer dormida\u00bb por su magistral mezcla de historia, amor y dilemas morales en tiempos de guerra. La novela te transporta al mar Egeo con una trama fascinante y personajes complejos que exploran las emociones humanas. Arturo P\u00e9rez-Reverte ofrece una narrativa envolvente que invita a reflexionar sobre la condici\u00f3n humana. Es, en resumen, una historia que combina aventura e introspecci\u00f3n en un escenario hist\u00f3rico fascinante.<\/p>\n<p>M\u00e1s informaci\u00f3n:<\/p>\n<ul>\n<li><a href=\"https:\/\/www.perezreverte.com\/libro\/771\/la-isla-de-la-mujer-dormida\/\" target=\"_blank\" rel=\"noopener\">P\u00e9rez-Reverte<\/a>.<\/li>\n<li><a href=\"https:\/\/www.casadellibro.com\/libro-la-isla-de-la-mujer-dormida\/9788410299634\/16228028\" target=\"_blank\" rel=\"noopener\">Casa del Libro<\/a>.<\/li>\n<li><a href=\"https:\/\/www.penguinlibros.com\/es\/literatura-contemporanea\/351038-libro-la-isla-de-la-mujer-dormida-9788410299634\" target=\"_blank\" rel=\"noopener\">Editorial Alfaguara<\/a>.<\/li>\n<li><a href=\"https:\/\/rafaramirez.org\/blog\/index.php\/category\/arte\/literatura\/\" target=\"_blank\" rel=\"noopener\">M\u00e1s lectura recomendada<\/a>.<\/li>\n<\/ul>\n","protected":false},"excerpt":{"rendered":"<p>\u00abLa isla de la mujer dormida\u00bb es una novela de Arturo P\u00e9rez-Reverte publicada en octubre de 2024. Ambientada en el contexto de la Guerra Civil Espa\u00f1ola, la historia sigue a Miguel Jord\u00e1n Kyriazis, un marino mercante al servicio del bando sublevado. Su misi\u00f3n es sabotear el tr\u00e1fico mar\u00edtimo que transporta ayuda militar desde la Uni\u00f3n [&hellip;]<\/p>\n","protected":false},"author":1,"featured_media":8650,"comment_status":"open","ping_status":"closed","sticky":false,"template":"","format":"standard","meta":{"site-container-style":"default","site-container-layout":"default","site-sidebar-layout":"default","disable-article-header":"default","disable-site-header":"default","disable-site-footer":"default","disable-content-area-spacing":"default","_jetpack_newsletter_access":"","_jetpack_dont_email_post_to_subs":false,"_jetpack_newsletter_tier_id":0,"_jetpack_memberships_contains_paywalled_content":false,"_jetpack_feature_clip_id":0,"_jetpack_memberships_contains_paid_content":false,"footnotes":"","jetpack_publicize_message":"","jetpack_publicize_feature_enabled":true,"jetpack_social_post_already_shared":true,"jetpack_social_options":{"image_generator_settings":{"template":"highway","default_image_id":0,"font":"","enabled":false},"version":2},"jetpack_post_was_ever_published":false},"categories":[710],"tags":[4170,68,1585,3610,264,598],"class_list":["post-8645","post","type-post","status-publish","format-standard","has-post-thumbnail","hentry","category-literatura","tag-la-isla-de-la-mujer-dormida-de-arturo-perez-reverte","tag-blog-de-rafael-ramirez","tag-critica-literaria","tag-lectura-recomendada","tag-libro-recomendado","tag-novela"],"yoast_head":"<!-- This site is optimized with the Yoast SEO plugin v28.4 - https:\/\/yoast.com\/product\/yoast-seo-wordpress\/ -->\n<title>&quot;La isla de la mujer dormida&quot;, de Arturo P\u00e9rez-Reverte: amor y dilemas morales en tiempos de guerra. - Blog de Rafael Ram\u00edrez<\/title>\n<meta name=\"description\" content=\"&quot;La isla de la mujer dormida&quot; de Arturo P\u00e9rez-Reverte, es una novela publicada en 2024. Ambientada en el contexto de la Guerra Civil Espa\u00f1ola\" \/>\n<meta name=\"robots\" content=\"index, follow, max-snippet:-1, max-image-preview:large, max-video-preview:-1\" \/>\n<link rel=\"canonical\" href=\"https:\/\/rafaramirez.org\/blog\/index.php\/2025\/04\/07\/la-isla-de-la-mujer-dormida-de-arturo-perez-reverte\/\" \/>\n<meta property=\"og:locale\" content=\"es_ES\" \/>\n<meta property=\"og:type\" content=\"article\" \/>\n<meta property=\"og:title\" content=\"&quot;La isla de la mujer dormida&quot;, de Arturo P\u00e9rez-Reverte: amor y dilemas morales en tiempos de guerra. - Blog de Rafael Ram\u00edrez\" \/>\n<meta property=\"og:description\" content=\"&quot;La isla de la mujer dormida&quot; de Arturo P\u00e9rez-Reverte, es una novela publicada en 2024. Ambientada en el contexto de la Guerra Civil Espa\u00f1ola\" \/>\n<meta property=\"og:url\" content=\"https:\/\/rafaramirez.org\/blog\/index.php\/2025\/04\/07\/la-isla-de-la-mujer-dormida-de-arturo-perez-reverte\/\" \/>\n<meta property=\"og:site_name\" content=\"Blog de Rafael Ram\u00edrez\" \/>\n<meta property=\"article:published_time\" content=\"2025-04-07T06:15:49+00:00\" \/>\n<meta property=\"og:image\" content=\"https:\/\/rafaramirez.org\/blog\/wp-content\/uploads\/2025\/04\/La-isla-de-la-mujer-dormida_de_Perez-Reverte_banner.jpg\" \/>\n\t<meta property=\"og:image:width\" content=\"720\" \/>\n\t<meta property=\"og:image:height\" content=\"440\" \/>\n\t<meta property=\"og:image:type\" content=\"image\/jpeg\" \/>\n<meta name=\"author\" content=\"Rafael Ram\u00edrez\" \/>\n<meta name=\"twitter:card\" content=\"summary_large_image\" \/>\n<meta name=\"twitter:creator\" content=\"@rafaramirez_ok\" \/>\n<meta name=\"twitter:site\" content=\"@rafaramirez_ok\" \/>\n<meta name=\"twitter:label1\" content=\"Escrito por\" \/>\n\t<meta name=\"twitter:data1\" content=\"Rafael Ram\u00edrez\" \/>\n\t<meta name=\"twitter:label2\" content=\"Tiempo de lectura\" \/>\n\t<meta name=\"twitter:data2\" content=\"4 minutos\" \/>\n<script type=\"application\/ld+json\" class=\"yoast-schema-graph\">{\"@context\":\"https:\\\/\\\/schema.org\",\"@graph\":[{\"@type\":\"Article\",\"@id\":\"https:\\\/\\\/rafaramirez.org\\\/blog\\\/index.php\\\/2025\\\/04\\\/07\\\/la-isla-de-la-mujer-dormida-de-arturo-perez-reverte\\\/#article\",\"isPartOf\":{\"@id\":\"https:\\\/\\\/rafaramirez.org\\\/blog\\\/index.php\\\/2025\\\/04\\\/07\\\/la-isla-de-la-mujer-dormida-de-arturo-perez-reverte\\\/\"},\"author\":{\"name\":\"Rafael Ram\u00edrez\",\"@id\":\"https:\\\/\\\/rafaramirez.org\\\/blog\\\/#\\\/schema\\\/person\\\/50f43b6d60c578760d4c17bda54ab6a5\"},\"headline\":\"\u00abLa isla de la mujer dormida\u00bb, de Arturo P\u00e9rez-Reverte: amor y dilemas morales en tiempos de guerra.\",\"datePublished\":\"2025-04-07T06:15:49+00:00\",\"mainEntityOfPage\":{\"@id\":\"https:\\\/\\\/rafaramirez.org\\\/blog\\\/index.php\\\/2025\\\/04\\\/07\\\/la-isla-de-la-mujer-dormida-de-arturo-perez-reverte\\\/\"},\"wordCount\":743,\"commentCount\":0,\"publisher\":{\"@id\":\"https:\\\/\\\/rafaramirez.org\\\/blog\\\/#\\\/schema\\\/person\\\/50f43b6d60c578760d4c17bda54ab6a5\"},\"image\":{\"@id\":\"https:\\\/\\\/rafaramirez.org\\\/blog\\\/index.php\\\/2025\\\/04\\\/07\\\/la-isla-de-la-mujer-dormida-de-arturo-perez-reverte\\\/#primaryimage\"},\"thumbnailUrl\":\"https:\\\/\\\/rafaramirez.org\\\/blog\\\/wp-content\\\/uploads\\\/2025\\\/04\\\/La-isla-de-la-mujer-dormida_de_Perez-Reverte_banner.jpg\",\"keywords\":[\"\\\"La isla de la mujer dormida\\\" de Arturo P\u00e9rez-Reverte\",\"blog de Rafael Ram\u00edrez\",\"cr\u00edtica literaria\",\"lectura recomendada\",\"libro recomendado\",\"novela\"],\"articleSection\":[\"Literatura\"],\"inLanguage\":\"es\",\"potentialAction\":[{\"@type\":\"CommentAction\",\"name\":\"Comment\",\"target\":[\"https:\\\/\\\/rafaramirez.org\\\/blog\\\/index.php\\\/2025\\\/04\\\/07\\\/la-isla-de-la-mujer-dormida-de-arturo-perez-reverte\\\/#respond\"]}]},{\"@type\":\"WebPage\",\"@id\":\"https:\\\/\\\/rafaramirez.org\\\/blog\\\/index.php\\\/2025\\\/04\\\/07\\\/la-isla-de-la-mujer-dormida-de-arturo-perez-reverte\\\/\",\"url\":\"https:\\\/\\\/rafaramirez.org\\\/blog\\\/index.php\\\/2025\\\/04\\\/07\\\/la-isla-de-la-mujer-dormida-de-arturo-perez-reverte\\\/\",\"name\":\"\\\"La isla de la mujer dormida\\\", de Arturo P\u00e9rez-Reverte: amor y dilemas morales en tiempos de guerra. - Blog de Rafael Ram\u00edrez\",\"isPartOf\":{\"@id\":\"https:\\\/\\\/rafaramirez.org\\\/blog\\\/#website\"},\"primaryImageOfPage\":{\"@id\":\"https:\\\/\\\/rafaramirez.org\\\/blog\\\/index.php\\\/2025\\\/04\\\/07\\\/la-isla-de-la-mujer-dormida-de-arturo-perez-reverte\\\/#primaryimage\"},\"image\":{\"@id\":\"https:\\\/\\\/rafaramirez.org\\\/blog\\\/index.php\\\/2025\\\/04\\\/07\\\/la-isla-de-la-mujer-dormida-de-arturo-perez-reverte\\\/#primaryimage\"},\"thumbnailUrl\":\"https:\\\/\\\/rafaramirez.org\\\/blog\\\/wp-content\\\/uploads\\\/2025\\\/04\\\/La-isla-de-la-mujer-dormida_de_Perez-Reverte_banner.jpg\",\"datePublished\":\"2025-04-07T06:15:49+00:00\",\"description\":\"\\\"La isla de la mujer dormida\\\" de Arturo P\u00e9rez-Reverte, es una novela publicada en 2024. Ambientada en el contexto de la Guerra Civil Espa\u00f1ola\",\"breadcrumb\":{\"@id\":\"https:\\\/\\\/rafaramirez.org\\\/blog\\\/index.php\\\/2025\\\/04\\\/07\\\/la-isla-de-la-mujer-dormida-de-arturo-perez-reverte\\\/#breadcrumb\"},\"inLanguage\":\"es\",\"potentialAction\":[{\"@type\":\"ReadAction\",\"target\":[\"https:\\\/\\\/rafaramirez.org\\\/blog\\\/index.php\\\/2025\\\/04\\\/07\\\/la-isla-de-la-mujer-dormida-de-arturo-perez-reverte\\\/\"]}]},{\"@type\":\"ImageObject\",\"inLanguage\":\"es\",\"@id\":\"https:\\\/\\\/rafaramirez.org\\\/blog\\\/index.php\\\/2025\\\/04\\\/07\\\/la-isla-de-la-mujer-dormida-de-arturo-perez-reverte\\\/#primaryimage\",\"url\":\"https:\\\/\\\/rafaramirez.org\\\/blog\\\/wp-content\\\/uploads\\\/2025\\\/04\\\/La-isla-de-la-mujer-dormida_de_Perez-Reverte_banner.jpg\",\"contentUrl\":\"https:\\\/\\\/rafaramirez.org\\\/blog\\\/wp-content\\\/uploads\\\/2025\\\/04\\\/La-isla-de-la-mujer-dormida_de_Perez-Reverte_banner.jpg\",\"width\":720,\"height\":440,\"caption\":\"\\\"La isla de la mujer dormida\\\" de Arturo P\u00e9rez-Reverte. Blog de Rafael Ram\u00edrez.\"},{\"@type\":\"BreadcrumbList\",\"@id\":\"https:\\\/\\\/rafaramirez.org\\\/blog\\\/index.php\\\/2025\\\/04\\\/07\\\/la-isla-de-la-mujer-dormida-de-arturo-perez-reverte\\\/#breadcrumb\",\"itemListElement\":[{\"@type\":\"ListItem\",\"position\":1,\"name\":\"Portada\",\"item\":\"https:\\\/\\\/rafaramirez.org\\\/blog\\\/\"},{\"@type\":\"ListItem\",\"position\":2,\"name\":\"\u00abLa isla de la mujer dormida\u00bb, de Arturo P\u00e9rez-Reverte: amor y dilemas morales en tiempos de guerra.\"}]},{\"@type\":\"WebSite\",\"@id\":\"https:\\\/\\\/rafaramirez.org\\\/blog\\\/#website\",\"url\":\"https:\\\/\\\/rafaramirez.org\\\/blog\\\/\",\"name\":\"Blog de Rafael Ram\u00edrez\",\"description\":\"Un sitio social, de arte y cultura\",\"publisher\":{\"@id\":\"https:\\\/\\\/rafaramirez.org\\\/blog\\\/#\\\/schema\\\/person\\\/50f43b6d60c578760d4c17bda54ab6a5\"},\"potentialAction\":[{\"@type\":\"SearchAction\",\"target\":{\"@type\":\"EntryPoint\",\"urlTemplate\":\"https:\\\/\\\/rafaramirez.org\\\/blog\\\/?s={search_term_string}\"},\"query-input\":{\"@type\":\"PropertyValueSpecification\",\"valueRequired\":true,\"valueName\":\"search_term_string\"}}],\"inLanguage\":\"es\"},{\"@type\":[\"Person\",\"Organization\"],\"@id\":\"https:\\\/\\\/rafaramirez.org\\\/blog\\\/#\\\/schema\\\/person\\\/50f43b6d60c578760d4c17bda54ab6a5\",\"name\":\"Rafael Ram\u00edrez\",\"image\":{\"@type\":\"ImageObject\",\"inLanguage\":\"es\",\"@id\":\"https:\\\/\\\/rafaramirez.org\\\/blog\\\/wp-content\\\/uploads\\\/2024\\\/09\\\/RR_socialnetwork.jpg\",\"url\":\"https:\\\/\\\/rafaramirez.org\\\/blog\\\/wp-content\\\/uploads\\\/2024\\\/09\\\/RR_socialnetwork.jpg\",\"contentUrl\":\"https:\\\/\\\/rafaramirez.org\\\/blog\\\/wp-content\\\/uploads\\\/2024\\\/09\\\/RR_socialnetwork.jpg\",\"width\":600,\"height\":606,\"caption\":\"Rafael Ram\u00edrez\"},\"logo\":{\"@id\":\"https:\\\/\\\/rafaramirez.org\\\/blog\\\/wp-content\\\/uploads\\\/2024\\\/09\\\/RR_socialnetwork.jpg\"},\"sameAs\":[\"https:\\\/\\\/www.rafaramirez.org\\\/blog\",\"https:\\\/\\\/www.instagram.com\\\/rafaramirez_ok\\\/\",\"https:\\\/\\\/es.pinterest.com\\\/Ramirez_Rafa\\\/\",\"https:\\\/\\\/x.com\\\/rafaramirez_ok\"],\"url\":\"https:\\\/\\\/rafaramirez.org\\\/blog\\\/index.php\\\/author\\\/rafaell_qm6j97da\\\/\"}]}<\/script>\n<!-- \/ Yoast SEO plugin. -->","yoast_head_json":{"title":"\"La isla de la mujer dormida\", de Arturo P\u00e9rez-Reverte: amor y dilemas morales en tiempos de guerra. - Blog de Rafael Ram\u00edrez","description":"\"La isla de la mujer dormida\" de Arturo P\u00e9rez-Reverte, es una novela publicada en 2024. Ambientada en el contexto de la Guerra Civil Espa\u00f1ola","robots":{"index":"index","follow":"follow","max-snippet":"max-snippet:-1","max-image-preview":"max-image-preview:large","max-video-preview":"max-video-preview:-1"},"canonical":"https:\/\/rafaramirez.org\/blog\/index.php\/2025\/04\/07\/la-isla-de-la-mujer-dormida-de-arturo-perez-reverte\/","og_locale":"es_ES","og_type":"article","og_title":"\"La isla de la mujer dormida\", de Arturo P\u00e9rez-Reverte: amor y dilemas morales en tiempos de guerra. - Blog de Rafael Ram\u00edrez","og_description":"\"La isla de la mujer dormida\" de Arturo P\u00e9rez-Reverte, es una novela publicada en 2024. Ambientada en el contexto de la Guerra Civil Espa\u00f1ola","og_url":"https:\/\/rafaramirez.org\/blog\/index.php\/2025\/04\/07\/la-isla-de-la-mujer-dormida-de-arturo-perez-reverte\/","og_site_name":"Blog de Rafael Ram\u00edrez","article_published_time":"2025-04-07T06:15:49+00:00","og_image":[{"width":720,"height":440,"url":"https:\/\/rafaramirez.org\/blog\/wp-content\/uploads\/2025\/04\/La-isla-de-la-mujer-dormida_de_Perez-Reverte_banner.jpg","type":"image\/jpeg"}],"author":"Rafael Ram\u00edrez","twitter_card":"summary_large_image","twitter_creator":"@rafaramirez_ok","twitter_site":"@rafaramirez_ok","twitter_misc":{"Escrito por":"Rafael Ram\u00edrez","Tiempo de lectura":"4 minutos"},"schema":{"@context":"https:\/\/schema.org","@graph":[{"@type":"Article","@id":"https:\/\/rafaramirez.org\/blog\/index.php\/2025\/04\/07\/la-isla-de-la-mujer-dormida-de-arturo-perez-reverte\/#article","isPartOf":{"@id":"https:\/\/rafaramirez.org\/blog\/index.php\/2025\/04\/07\/la-isla-de-la-mujer-dormida-de-arturo-perez-reverte\/"},"author":{"name":"Rafael Ram\u00edrez","@id":"https:\/\/rafaramirez.org\/blog\/#\/schema\/person\/50f43b6d60c578760d4c17bda54ab6a5"},"headline":"\u00abLa isla de la mujer dormida\u00bb, de Arturo P\u00e9rez-Reverte: amor y dilemas morales en tiempos de guerra.","datePublished":"2025-04-07T06:15:49+00:00","mainEntityOfPage":{"@id":"https:\/\/rafaramirez.org\/blog\/index.php\/2025\/04\/07\/la-isla-de-la-mujer-dormida-de-arturo-perez-reverte\/"},"wordCount":743,"commentCount":0,"publisher":{"@id":"https:\/\/rafaramirez.org\/blog\/#\/schema\/person\/50f43b6d60c578760d4c17bda54ab6a5"},"image":{"@id":"https:\/\/rafaramirez.org\/blog\/index.php\/2025\/04\/07\/la-isla-de-la-mujer-dormida-de-arturo-perez-reverte\/#primaryimage"},"thumbnailUrl":"https:\/\/rafaramirez.org\/blog\/wp-content\/uploads\/2025\/04\/La-isla-de-la-mujer-dormida_de_Perez-Reverte_banner.jpg","keywords":["\"La isla de la mujer dormida\" de Arturo P\u00e9rez-Reverte","blog de Rafael Ram\u00edrez","cr\u00edtica literaria","lectura recomendada","libro recomendado","novela"],"articleSection":["Literatura"],"inLanguage":"es","potentialAction":[{"@type":"CommentAction","name":"Comment","target":["https:\/\/rafaramirez.org\/blog\/index.php\/2025\/04\/07\/la-isla-de-la-mujer-dormida-de-arturo-perez-reverte\/#respond"]}]},{"@type":"WebPage","@id":"https:\/\/rafaramirez.org\/blog\/index.php\/2025\/04\/07\/la-isla-de-la-mujer-dormida-de-arturo-perez-reverte\/","url":"https:\/\/rafaramirez.org\/blog\/index.php\/2025\/04\/07\/la-isla-de-la-mujer-dormida-de-arturo-perez-reverte\/","name":"\"La isla de la mujer dormida\", de Arturo P\u00e9rez-Reverte: amor y dilemas morales en tiempos de guerra. - Blog de Rafael Ram\u00edrez","isPartOf":{"@id":"https:\/\/rafaramirez.org\/blog\/#website"},"primaryImageOfPage":{"@id":"https:\/\/rafaramirez.org\/blog\/index.php\/2025\/04\/07\/la-isla-de-la-mujer-dormida-de-arturo-perez-reverte\/#primaryimage"},"image":{"@id":"https:\/\/rafaramirez.org\/blog\/index.php\/2025\/04\/07\/la-isla-de-la-mujer-dormida-de-arturo-perez-reverte\/#primaryimage"},"thumbnailUrl":"https:\/\/rafaramirez.org\/blog\/wp-content\/uploads\/2025\/04\/La-isla-de-la-mujer-dormida_de_Perez-Reverte_banner.jpg","datePublished":"2025-04-07T06:15:49+00:00","description":"\"La isla de la mujer dormida\" de Arturo P\u00e9rez-Reverte, es una novela publicada en 2024. Ambientada en el contexto de la Guerra Civil Espa\u00f1ola","breadcrumb":{"@id":"https:\/\/rafaramirez.org\/blog\/index.php\/2025\/04\/07\/la-isla-de-la-mujer-dormida-de-arturo-perez-reverte\/#breadcrumb"},"inLanguage":"es","potentialAction":[{"@type":"ReadAction","target":["https:\/\/rafaramirez.org\/blog\/index.php\/2025\/04\/07\/la-isla-de-la-mujer-dormida-de-arturo-perez-reverte\/"]}]},{"@type":"ImageObject","inLanguage":"es","@id":"https:\/\/rafaramirez.org\/blog\/index.php\/2025\/04\/07\/la-isla-de-la-mujer-dormida-de-arturo-perez-reverte\/#primaryimage","url":"https:\/\/rafaramirez.org\/blog\/wp-content\/uploads\/2025\/04\/La-isla-de-la-mujer-dormida_de_Perez-Reverte_banner.jpg","contentUrl":"https:\/\/rafaramirez.org\/blog\/wp-content\/uploads\/2025\/04\/La-isla-de-la-mujer-dormida_de_Perez-Reverte_banner.jpg","width":720,"height":440,"caption":"\"La isla de la mujer dormida\" de Arturo P\u00e9rez-Reverte. Blog de Rafael Ram\u00edrez."},{"@type":"BreadcrumbList","@id":"https:\/\/rafaramirez.org\/blog\/index.php\/2025\/04\/07\/la-isla-de-la-mujer-dormida-de-arturo-perez-reverte\/#breadcrumb","itemListElement":[{"@type":"ListItem","position":1,"name":"Portada","item":"https:\/\/rafaramirez.org\/blog\/"},{"@type":"ListItem","position":2,"name":"\u00abLa isla de la mujer dormida\u00bb, de Arturo P\u00e9rez-Reverte: amor y dilemas morales en tiempos de guerra."}]},{"@type":"WebSite","@id":"https:\/\/rafaramirez.org\/blog\/#website","url":"https:\/\/rafaramirez.org\/blog\/","name":"Blog de Rafael Ram\u00edrez","description":"Un sitio social, de arte y cultura","publisher":{"@id":"https:\/\/rafaramirez.org\/blog\/#\/schema\/person\/50f43b6d60c578760d4c17bda54ab6a5"},"potentialAction":[{"@type":"SearchAction","target":{"@type":"EntryPoint","urlTemplate":"https:\/\/rafaramirez.org\/blog\/?s={search_term_string}"},"query-input":{"@type":"PropertyValueSpecification","valueRequired":true,"valueName":"search_term_string"}}],"inLanguage":"es"},{"@type":["Person","Organization"],"@id":"https:\/\/rafaramirez.org\/blog\/#\/schema\/person\/50f43b6d60c578760d4c17bda54ab6a5","name":"Rafael Ram\u00edrez","image":{"@type":"ImageObject","inLanguage":"es","@id":"https:\/\/rafaramirez.org\/blog\/wp-content\/uploads\/2024\/09\/RR_socialnetwork.jpg","url":"https:\/\/rafaramirez.org\/blog\/wp-content\/uploads\/2024\/09\/RR_socialnetwork.jpg","contentUrl":"https:\/\/rafaramirez.org\/blog\/wp-content\/uploads\/2024\/09\/RR_socialnetwork.jpg","width":600,"height":606,"caption":"Rafael Ram\u00edrez"},"logo":{"@id":"https:\/\/rafaramirez.org\/blog\/wp-content\/uploads\/2024\/09\/RR_socialnetwork.jpg"},"sameAs":["https:\/\/www.rafaramirez.org\/blog","https:\/\/www.instagram.com\/rafaramirez_ok\/","https:\/\/es.pinterest.com\/Ramirez_Rafa\/","https:\/\/x.com\/rafaramirez_ok"],"url":"https:\/\/rafaramirez.org\/blog\/index.php\/author\/rafaell_qm6j97da\/"}]}},"jetpack_publicize_connections":[],"jetpack_sharing_enabled":true,"jetpack_likes_enabled":true,"jetpack_featured_media_url":"https:\/\/rafaramirez.org\/blog\/wp-content\/uploads\/2025\/04\/La-isla-de-la-mujer-dormida_de_Perez-Reverte_banner.jpg","_links":{"self":[{"href":"https:\/\/rafaramirez.org\/blog\/index.php\/wp-json\/wp\/v2\/posts\/8645","targetHints":{"allow":["GET"]}}],"collection":[{"href":"https:\/\/rafaramirez.org\/blog\/index.php\/wp-json\/wp\/v2\/posts"}],"about":[{"href":"https:\/\/rafaramirez.org\/blog\/index.php\/wp-json\/wp\/v2\/types\/post"}],"author":[{"embeddable":true,"href":"https:\/\/rafaramirez.org\/blog\/index.php\/wp-json\/wp\/v2\/users\/1"}],"replies":[{"embeddable":true,"href":"https:\/\/rafaramirez.org\/blog\/index.php\/wp-json\/wp\/v2\/comments?post=8645"}],"version-history":[{"count":10,"href":"https:\/\/rafaramirez.org\/blog\/index.php\/wp-json\/wp\/v2\/posts\/8645\/revisions"}],"predecessor-version":[{"id":8658,"href":"https:\/\/rafaramirez.org\/blog\/index.php\/wp-json\/wp\/v2\/posts\/8645\/revisions\/8658"}],"wp:featuredmedia":[{"embeddable":true,"href":"https:\/\/rafaramirez.org\/blog\/index.php\/wp-json\/wp\/v2\/media\/8650"}],"wp:attachment":[{"href":"https:\/\/rafaramirez.org\/blog\/index.php\/wp-json\/wp\/v2\/media?parent=8645"}],"wp:term":[{"taxonomy":"category","embeddable":true,"href":"https:\/\/rafaramirez.org\/blog\/index.php\/wp-json\/wp\/v2\/categories?post=8645"},{"taxonomy":"post_tag","embeddable":true,"href":"https:\/\/rafaramirez.org\/blog\/index.php\/wp-json\/wp\/v2\/tags?post=8645"}],"curies":[{"name":"wp","href":"https:\/\/api.w.org\/{rel}","templated":true}]}}