{"id":8620,"date":"2025-04-02T08:15:45","date_gmt":"2025-04-02T06:15:45","guid":{"rendered":"https:\/\/rafaramirez.org\/blog\/?p=8620"},"modified":"2025-03-20T12:16:49","modified_gmt":"2025-03-20T11:16:49","slug":"dia-internacional-del-libro-infantil-y-juvenil","status":"publish","type":"post","link":"https:\/\/rafaramirez.org\/blog\/index.php\/2025\/04\/02\/dia-internacional-del-libro-infantil-y-juvenil\/","title":{"rendered":"D\u00eda Internacional del Libro Infantil y Juvenil: La libertad de la imaginaci\u00f3n."},"content":{"rendered":"<p>El <strong>D\u00eda Internacional del Libro Infantil y Juvenil<\/strong> se celebra cada a\u00f1o el 2 de abril, fecha en la que se conmemora el nacimiento de <strong>Hans Christian Andersen<\/strong>, el c\u00e9lebre autor de cuentos como La sirenita y El patito feo. Esta celebraci\u00f3n fue instaurada por la <strong>Organizaci\u00f3n Internacional para el Libro Juvenil<\/strong> (IBBY) en 1967 con el objetivo de fomentar la lectura entre los ni\u00f1os y j\u00f3venes, y destacar la importancia de la literatura infantil como herramienta educativa y de fomento de la imaginaci\u00f3n.<\/p>\n<p>Cada a\u00f1o, un pa\u00eds miembro del IBBY es el encargado de elegir a un escritor y a un ilustrador para crear un mensaje y un cartel inspiradores que se distribuyen por todo el mundo. El evento tambi\u00e9n busca promover el acceso igualitario a los libros y la literatura para todos los ni\u00f1os, independientemente de su origen o situaci\u00f3n.<\/p>\n<figure id=\"attachment_8628\" aria-describedby=\"caption-attachment-8628\" style=\"width: 212px\" class=\"wp-caption aligncenter\"><a href=\"https:\/\/rafaramirez.org\/blog\/wp-content\/uploads\/2025\/04\/Dia_Internacional_del_Libro_Infantil_y_Juvenil_poster.jpg\" target=\"_blank\" rel=\"noopener\"><img loading=\"lazy\" decoding=\"async\" class=\"wp-image-8628 size-medium\" src=\"https:\/\/rafaramirez.org\/blog\/wp-content\/uploads\/2025\/04\/Dia_Internacional_del_Libro_Infantil_y_Juvenil_poster-212x300.jpg\" alt=\"Cartel del D\u00eda Internacional del Libro Infantil y Juvenil 2025. Blog de Rafael Ram\u00edrez.\" width=\"212\" height=\"300\" srcset=\"https:\/\/rafaramirez.org\/blog\/wp-content\/uploads\/2025\/04\/Dia_Internacional_del_Libro_Infantil_y_Juvenil_poster-212x300.jpg 212w, https:\/\/rafaramirez.org\/blog\/wp-content\/uploads\/2025\/04\/Dia_Internacional_del_Libro_Infantil_y_Juvenil_poster.jpg 724w\" sizes=\"auto, (max-width: 212px) 100vw, 212px\" \/><\/a><figcaption id=\"caption-attachment-8628\" class=\"wp-caption-text\">Cartel del D\u00eda Internacional del Libro Infantil y Juvenil 2025. Blog de Rafael Ram\u00edrez.<\/figcaption><\/figure>\n<h3>Elecci\u00f3n de este a\u00f1o.<\/h3>\n<p>Este a\u00f1o 2025, el D\u00eda Internacional del Libro Infantil y Juvenil est\u00e1 patrocinado por la secci\u00f3n de IBBY de los Pa\u00edses Bajos. Los creadores seleccionados son la escritora y poeta holandesa <strong>Rian Visser<\/strong> y la ilustradora <strong>Janneke Ipenburg<\/strong>. El tema de este a\u00f1o es <strong>\u00abLa libertad de la imaginaci\u00f3n\u00bb<\/strong>, y el lema proviene del poema Lenguaje visual: \u00abHaz dibujos para mi poema, pero si\u00e9ntete libre: son tuyas estas palabras que han salido de mi boca\u00bb.<\/p>\n<h4>Rian Visser.<\/h4>\n<p>Rian Visser es una destacada escritora y poeta holandesa especializada en literatura infantil y juvenil. Naci\u00f3 en 1966 y ha dedicado su carrera a crear textos que combinan diversi\u00f3n, emoci\u00f3n y profundidad. Entre sus obras m\u00e1s conocidas se encuentran las colecciones de poes\u00eda <em><strong>Alle wensen van de wereld<\/strong><\/em> (2021) y <em><strong>Het is een zachte dag vandaag<\/strong><\/em> (2024), ambas ilustradas por Janneke Ipenburg. Estas colecciones han sido muy bien recibidas por su capacidad para inspirar la imaginaci\u00f3n y la creatividad de los j\u00f3venes lectores.<\/p>\n<p>Adem\u00e1s de su trabajo como autora, Rian Visser es muy activa en el \u00e1mbito educativo. Dise\u00f1a lecciones digitales gratuitas sobre escritura creativa y promoci\u00f3n de la lectura, que los maestros pueden utilizar en sus aulas. Su compromiso con la educaci\u00f3n y la literatura le ha valido reconocimientos como el <strong>Zilveren Griffel<\/strong> y la <strong>Gouden Po\u00ebziemedaille<\/strong> en 2022.<\/p>\n<p>Desde 2024 hasta 2026 ha sido nombrada oficialmente Poeta Infantil de los Pa\u00edses Bajos, un t\u00edtulo que refleja su influencia y contribuci\u00f3n al mundo de la literatura infantil.<\/p>\n<figure id=\"attachment_8624\" aria-describedby=\"caption-attachment-8624\" style=\"width: 267px\" class=\"wp-caption aligncenter\"><a href=\"https:\/\/rafaramirez.org\/blog\/wp-content\/uploads\/2025\/04\/Rian-Visser_portrait.jpg\" target=\"_blank\" rel=\"noopener\"><img loading=\"lazy\" decoding=\"async\" class=\"wp-image-8624 size-medium\" src=\"https:\/\/rafaramirez.org\/blog\/wp-content\/uploads\/2025\/04\/Rian-Visser_portrait-267x300.jpg\" alt=\"La escritora Rian Visser. Blog de Rafael Ram\u00edrez.\" width=\"267\" height=\"300\" srcset=\"https:\/\/rafaramirez.org\/blog\/wp-content\/uploads\/2025\/04\/Rian-Visser_portrait-267x300.jpg 267w, https:\/\/rafaramirez.org\/blog\/wp-content\/uploads\/2025\/04\/Rian-Visser_portrait.jpg 336w\" sizes=\"auto, (max-width: 267px) 100vw, 267px\" \/><\/a><figcaption id=\"caption-attachment-8624\" class=\"wp-caption-text\">La escritora Rian Visser. Blog de Rafael Ram\u00edrez.<\/figcaption><\/figure>\n<p><strong>Janneke Ipenburg.<\/strong><\/p>\n<p>Janneke Ipenburg es una talentosa ilustradora holandesa conocida por su estilo detallado y lleno de vida. Naci\u00f3 y creci\u00f3 en los Pa\u00edses Bajos, y actualmente vive en un peque\u00f1o pueblo de West Friesland, rodeada de naturaleza, lo que inspira gran parte de su trabajo. Desde peque\u00f1a mostr\u00f3 inter\u00e9s por el arte, aunque inicialmente so\u00f1aba con ser acr\u00f3bata. Finalmente, se gradu\u00f3 en dise\u00f1o teatral en la <strong>Escuela de Artes de Utrecht<\/strong>, pero encontr\u00f3 su verdadera pasi\u00f3n en la ilustraci\u00f3n.<\/p>\n<p>Su obra se caracteriza por el uso de colores vibrantes y una atenci\u00f3n especial a los detalles, especialmente en temas relacionados con la naturaleza y los animales. Janneke ha trabajado en numerosos proyectos, incluyendo libros infantiles como <em><strong>Het is een zachte dag vandaag<\/strong><\/em> y <em><strong>Alle wensen van de wereld<\/strong><\/em>, ambos en colaboraci\u00f3n con Rian Visser. Tambi\u00e9n ha creado ilustraciones para cuentos, p\u00f3steres y diversas publicaciones.<\/p>\n<p>Janneke tambi\u00e9n es conocida por su capacidad para transmitir emociones y narrativas visuales a trav\u00e9s de sus dibujos, lo que la convierte en una figura destacada en el mundo de la ilustraci\u00f3n infantil. Si quieres explorar m\u00e1s su trabajo, puedes visitar su p\u00e1gina oficial en el enlace que te dejo abajo.<\/p>\n<figure id=\"attachment_8625\" aria-describedby=\"caption-attachment-8625\" style=\"width: 300px\" class=\"wp-caption aligncenter\"><a href=\"https:\/\/rafaramirez.org\/blog\/wp-content\/uploads\/2025\/04\/janneke-ipenburg_portrait.jpg\" target=\"_blank\" rel=\"noopener\"><img loading=\"lazy\" decoding=\"async\" class=\"wp-image-8625 size-medium\" src=\"https:\/\/rafaramirez.org\/blog\/wp-content\/uploads\/2025\/04\/janneke-ipenburg_portrait-300x258.jpg\" alt=\"La ilustradora Janneke Ipenburg. Blog de Rafael Ram\u00edrez.\" width=\"300\" height=\"258\" srcset=\"https:\/\/rafaramirez.org\/blog\/wp-content\/uploads\/2025\/04\/janneke-ipenburg_portrait-300x258.jpg 300w, https:\/\/rafaramirez.org\/blog\/wp-content\/uploads\/2025\/04\/janneke-ipenburg_portrait.jpg 730w\" sizes=\"auto, (max-width: 300px) 100vw, 300px\" \/><\/a><figcaption id=\"caption-attachment-8625\" class=\"wp-caption-text\">La ilustradora Janneke Ipenburg. Blog de Rafael Ram\u00edrez.<\/figcaption><\/figure>\n<p>En resumen, el D\u00eda Internacional del Libro Infantil y Juvenil es esencial porque fomenta la lectura entre las nuevas generaciones y destaca el valor de los libros como herramientas para la imaginaci\u00f3n, el aprendizaje y el desarrollo personal. Adem\u00e1s, busca hacer que la literatura infantil sea accesible para todos los ni\u00f1os, sin importar su entorno. \ud83d\udcda\u2728<\/p>\n<p>M\u00e1s informaci\u00f3n:<\/p>\n<ul>\n<li><a href=\"https:\/\/revistababar.com\/wp\/dia-internacional-del-libro-infantil-2025\/\" target=\"_blank\" rel=\"noopener\">Revista Babar<\/a>.<\/li>\n<li><a href=\"https:\/\/jannekeipenburg.com\/\" target=\"_blank\" rel=\"noopener\">Janneke Ipenburg<\/a>.<\/li>\n<li><a href=\"https:\/\/rafaramirez.org\/blog\/index.php\/category\/arte\/literatura\/\" target=\"_blank\" rel=\"noopener\">M\u00e1s de literatura<\/a>.<\/li>\n<li><a href=\"https:\/\/rafaramirez.org\/blog\/index.php\/category\/arte\/efemerides\/\" target=\"_blank\" rel=\"noopener\">Otras efem\u00e9rides<\/a>.<\/li>\n<li>Fotos: <a href=\"https:\/\/kinderboekenambassadeur.nl\/2023\/05\/19\/in-het-atelier-van-janneke-ipenburg\/\" target=\"_blank\" rel=\"noopener\">Kinderboeken ambassadeur<\/a> &#8211; <a href=\"https:\/\/www.babyenkind.nl\/me-time\/boeken-voorlezen\/rian-visser\/\" target=\"_blank\" rel=\"noopener\">Baby &amp; Kind<\/a>.<\/li>\n<\/ul>\n","protected":false},"excerpt":{"rendered":"<p>El D\u00eda Internacional del Libro Infantil y Juvenil se celebra cada a\u00f1o el 2 de abril, fecha en la que se conmemora el nacimiento de Hans Christian Andersen, el c\u00e9lebre autor de cuentos como La sirenita y El patito feo. Esta celebraci\u00f3n fue instaurada por la Organizaci\u00f3n Internacional para el Libro Juvenil (IBBY) en 1967 [&hellip;]<\/p>\n","protected":false},"author":1,"featured_media":8627,"comment_status":"open","ping_status":"closed","sticky":false,"template":"","format":"standard","meta":{"site-container-style":"default","site-container-layout":"default","site-sidebar-layout":"default","disable-article-header":"default","disable-site-header":"default","disable-site-footer":"default","disable-content-area-spacing":"default","_jetpack_newsletter_access":"","_jetpack_dont_email_post_to_subs":false,"_jetpack_newsletter_tier_id":0,"_jetpack_memberships_contains_paywalled_content":false,"_jetpack_feature_clip_id":0,"_jetpack_memberships_contains_paid_content":false,"footnotes":"","jetpack_publicize_message":"","jetpack_publicize_feature_enabled":true,"jetpack_social_post_already_shared":true,"jetpack_social_options":{"image_generator_settings":{"template":"highway","default_image_id":0,"font":"","enabled":false},"version":2},"jetpack_post_was_ever_published":false},"categories":[1291,710],"tags":[4167,68,4160,1323,4162,4067,4161,4165,525,4163,4164,4166],"class_list":["post-8620","post","type-post","status-publish","format-standard","has-post-thumbnail","hentry","category-efemerides","category-literatura","tag-la-libertad-de-la-imaginacion","tag-blog-de-rafael-ramirez","tag-dia-internacional-del-libro-infantil-y-juvenil","tag-efemerides","tag-efemerides-2-de-abril","tag-efemerides-2025","tag-efemerides-abril","tag-janneke-ipenburg","tag-literatura","tag-noticias-de-literatura","tag-noticias-literarias","tag-rian-visser"],"yoast_head":"<!-- This site is optimized with the Yoast SEO plugin v28.4 - https:\/\/yoast.com\/product\/yoast-seo-wordpress\/ -->\n<title>D\u00eda Internacional del Libro Infantil y Juvenil: La libertad de la imaginaci\u00f3n. - Blog de Rafael Ram\u00edrez<\/title>\n<meta name=\"description\" content=\"El D\u00eda Internacional del Libro Infantil y Juvenil se celebra el 2 de abril fecha en la que se conmemora el nacimiento de H. Christian Andersen\" \/>\n<meta name=\"robots\" content=\"index, follow, max-snippet:-1, max-image-preview:large, max-video-preview:-1\" \/>\n<link rel=\"canonical\" href=\"https:\/\/rafaramirez.org\/blog\/index.php\/2025\/04\/02\/dia-internacional-del-libro-infantil-y-juvenil\/\" \/>\n<meta property=\"og:locale\" content=\"es_ES\" \/>\n<meta property=\"og:type\" content=\"article\" \/>\n<meta property=\"og:title\" content=\"D\u00eda Internacional del Libro Infantil y Juvenil: La libertad de la imaginaci\u00f3n. - Blog de Rafael Ram\u00edrez\" \/>\n<meta property=\"og:description\" content=\"El D\u00eda Internacional del Libro Infantil y Juvenil se celebra el 2 de abril fecha en la que se conmemora el nacimiento de H. Christian Andersen\" \/>\n<meta property=\"og:url\" content=\"https:\/\/rafaramirez.org\/blog\/index.php\/2025\/04\/02\/dia-internacional-del-libro-infantil-y-juvenil\/\" \/>\n<meta property=\"og:site_name\" content=\"Blog de Rafael Ram\u00edrez\" \/>\n<meta property=\"article:published_time\" content=\"2025-04-02T06:15:45+00:00\" \/>\n<meta property=\"og:image\" content=\"https:\/\/rafaramirez.org\/blog\/wp-content\/uploads\/2025\/04\/Dia_Internacional_del_Libro_Infantil_y_Juvenil_banner.jpg\" \/>\n\t<meta property=\"og:image:width\" content=\"720\" \/>\n\t<meta property=\"og:image:height\" content=\"440\" \/>\n\t<meta property=\"og:image:type\" content=\"image\/jpeg\" \/>\n<meta name=\"author\" content=\"Rafael Ram\u00edrez\" \/>\n<meta name=\"twitter:card\" content=\"summary_large_image\" \/>\n<meta name=\"twitter:creator\" content=\"@rafaramirez_ok\" \/>\n<meta name=\"twitter:site\" content=\"@rafaramirez_ok\" \/>\n<meta name=\"twitter:label1\" content=\"Escrito por\" \/>\n\t<meta name=\"twitter:data1\" content=\"Rafael Ram\u00edrez\" \/>\n\t<meta name=\"twitter:label2\" content=\"Tiempo de lectura\" \/>\n\t<meta name=\"twitter:data2\" content=\"5 minutos\" \/>\n<script type=\"application\/ld+json\" class=\"yoast-schema-graph\">{\"@context\":\"https:\\\/\\\/schema.org\",\"@graph\":[{\"@type\":\"Article\",\"@id\":\"https:\\\/\\\/rafaramirez.org\\\/blog\\\/index.php\\\/2025\\\/04\\\/02\\\/dia-internacional-del-libro-infantil-y-juvenil\\\/#article\",\"isPartOf\":{\"@id\":\"https:\\\/\\\/rafaramirez.org\\\/blog\\\/index.php\\\/2025\\\/04\\\/02\\\/dia-internacional-del-libro-infantil-y-juvenil\\\/\"},\"author\":{\"name\":\"Rafael Ram\u00edrez\",\"@id\":\"https:\\\/\\\/rafaramirez.org\\\/blog\\\/#\\\/schema\\\/person\\\/50f43b6d60c578760d4c17bda54ab6a5\"},\"headline\":\"D\u00eda Internacional del Libro Infantil y Juvenil: La libertad de la imaginaci\u00f3n.\",\"datePublished\":\"2025-04-02T06:15:45+00:00\",\"mainEntityOfPage\":{\"@id\":\"https:\\\/\\\/rafaramirez.org\\\/blog\\\/index.php\\\/2025\\\/04\\\/02\\\/dia-internacional-del-libro-infantil-y-juvenil\\\/\"},\"wordCount\":781,\"commentCount\":0,\"publisher\":{\"@id\":\"https:\\\/\\\/rafaramirez.org\\\/blog\\\/#\\\/schema\\\/person\\\/50f43b6d60c578760d4c17bda54ab6a5\"},\"image\":{\"@id\":\"https:\\\/\\\/rafaramirez.org\\\/blog\\\/index.php\\\/2025\\\/04\\\/02\\\/dia-internacional-del-libro-infantil-y-juvenil\\\/#primaryimage\"},\"thumbnailUrl\":\"https:\\\/\\\/rafaramirez.org\\\/blog\\\/wp-content\\\/uploads\\\/2025\\\/04\\\/Dia_Internacional_del_Libro_Infantil_y_Juvenil_banner.jpg\",\"keywords\":[\"\\\"La libertad de la imaginaci\u00f3n\\\"\",\"blog de Rafael Ram\u00edrez\",\"D\u00eda Internacional del Libro Infantil y Juvenil\",\"efem\u00e9rides\",\"efem\u00e9rides 2 de abril\",\"efem\u00e9rides 2025\",\"efem\u00e9rides abril\",\"Janneke Ipenburg\",\"literatura\",\"noticias de literatura\",\"noticias literarias\",\"Rian Visser\"],\"articleSection\":[\"Efem\u00e9rides\",\"Literatura\"],\"inLanguage\":\"es\",\"potentialAction\":[{\"@type\":\"CommentAction\",\"name\":\"Comment\",\"target\":[\"https:\\\/\\\/rafaramirez.org\\\/blog\\\/index.php\\\/2025\\\/04\\\/02\\\/dia-internacional-del-libro-infantil-y-juvenil\\\/#respond\"]}]},{\"@type\":\"WebPage\",\"@id\":\"https:\\\/\\\/rafaramirez.org\\\/blog\\\/index.php\\\/2025\\\/04\\\/02\\\/dia-internacional-del-libro-infantil-y-juvenil\\\/\",\"url\":\"https:\\\/\\\/rafaramirez.org\\\/blog\\\/index.php\\\/2025\\\/04\\\/02\\\/dia-internacional-del-libro-infantil-y-juvenil\\\/\",\"name\":\"D\u00eda Internacional del Libro Infantil y Juvenil: La libertad de la imaginaci\u00f3n. - Blog de Rafael Ram\u00edrez\",\"isPartOf\":{\"@id\":\"https:\\\/\\\/rafaramirez.org\\\/blog\\\/#website\"},\"primaryImageOfPage\":{\"@id\":\"https:\\\/\\\/rafaramirez.org\\\/blog\\\/index.php\\\/2025\\\/04\\\/02\\\/dia-internacional-del-libro-infantil-y-juvenil\\\/#primaryimage\"},\"image\":{\"@id\":\"https:\\\/\\\/rafaramirez.org\\\/blog\\\/index.php\\\/2025\\\/04\\\/02\\\/dia-internacional-del-libro-infantil-y-juvenil\\\/#primaryimage\"},\"thumbnailUrl\":\"https:\\\/\\\/rafaramirez.org\\\/blog\\\/wp-content\\\/uploads\\\/2025\\\/04\\\/Dia_Internacional_del_Libro_Infantil_y_Juvenil_banner.jpg\",\"datePublished\":\"2025-04-02T06:15:45+00:00\",\"description\":\"El D\u00eda Internacional del Libro Infantil y Juvenil se celebra el 2 de abril fecha en la que se conmemora el nacimiento de H. Christian Andersen\",\"breadcrumb\":{\"@id\":\"https:\\\/\\\/rafaramirez.org\\\/blog\\\/index.php\\\/2025\\\/04\\\/02\\\/dia-internacional-del-libro-infantil-y-juvenil\\\/#breadcrumb\"},\"inLanguage\":\"es\",\"potentialAction\":[{\"@type\":\"ReadAction\",\"target\":[\"https:\\\/\\\/rafaramirez.org\\\/blog\\\/index.php\\\/2025\\\/04\\\/02\\\/dia-internacional-del-libro-infantil-y-juvenil\\\/\"]}]},{\"@type\":\"ImageObject\",\"inLanguage\":\"es\",\"@id\":\"https:\\\/\\\/rafaramirez.org\\\/blog\\\/index.php\\\/2025\\\/04\\\/02\\\/dia-internacional-del-libro-infantil-y-juvenil\\\/#primaryimage\",\"url\":\"https:\\\/\\\/rafaramirez.org\\\/blog\\\/wp-content\\\/uploads\\\/2025\\\/04\\\/Dia_Internacional_del_Libro_Infantil_y_Juvenil_banner.jpg\",\"contentUrl\":\"https:\\\/\\\/rafaramirez.org\\\/blog\\\/wp-content\\\/uploads\\\/2025\\\/04\\\/Dia_Internacional_del_Libro_Infantil_y_Juvenil_banner.jpg\",\"width\":720,\"height\":440,\"caption\":\"D\u00eda Internacional del Libro Infantil y Juvenil. Blog de Rafael Ram\u00edrez.\"},{\"@type\":\"BreadcrumbList\",\"@id\":\"https:\\\/\\\/rafaramirez.org\\\/blog\\\/index.php\\\/2025\\\/04\\\/02\\\/dia-internacional-del-libro-infantil-y-juvenil\\\/#breadcrumb\",\"itemListElement\":[{\"@type\":\"ListItem\",\"position\":1,\"name\":\"Portada\",\"item\":\"https:\\\/\\\/rafaramirez.org\\\/blog\\\/\"},{\"@type\":\"ListItem\",\"position\":2,\"name\":\"D\u00eda Internacional del Libro Infantil y Juvenil: La libertad de la imaginaci\u00f3n.\"}]},{\"@type\":\"WebSite\",\"@id\":\"https:\\\/\\\/rafaramirez.org\\\/blog\\\/#website\",\"url\":\"https:\\\/\\\/rafaramirez.org\\\/blog\\\/\",\"name\":\"Blog de Rafael Ram\u00edrez\",\"description\":\"Un sitio social, de arte y cultura\",\"publisher\":{\"@id\":\"https:\\\/\\\/rafaramirez.org\\\/blog\\\/#\\\/schema\\\/person\\\/50f43b6d60c578760d4c17bda54ab6a5\"},\"potentialAction\":[{\"@type\":\"SearchAction\",\"target\":{\"@type\":\"EntryPoint\",\"urlTemplate\":\"https:\\\/\\\/rafaramirez.org\\\/blog\\\/?s={search_term_string}\"},\"query-input\":{\"@type\":\"PropertyValueSpecification\",\"valueRequired\":true,\"valueName\":\"search_term_string\"}}],\"inLanguage\":\"es\"},{\"@type\":[\"Person\",\"Organization\"],\"@id\":\"https:\\\/\\\/rafaramirez.org\\\/blog\\\/#\\\/schema\\\/person\\\/50f43b6d60c578760d4c17bda54ab6a5\",\"name\":\"Rafael Ram\u00edrez\",\"image\":{\"@type\":\"ImageObject\",\"inLanguage\":\"es\",\"@id\":\"https:\\\/\\\/rafaramirez.org\\\/blog\\\/wp-content\\\/uploads\\\/2024\\\/09\\\/RR_socialnetwork.jpg\",\"url\":\"https:\\\/\\\/rafaramirez.org\\\/blog\\\/wp-content\\\/uploads\\\/2024\\\/09\\\/RR_socialnetwork.jpg\",\"contentUrl\":\"https:\\\/\\\/rafaramirez.org\\\/blog\\\/wp-content\\\/uploads\\\/2024\\\/09\\\/RR_socialnetwork.jpg\",\"width\":600,\"height\":606,\"caption\":\"Rafael Ram\u00edrez\"},\"logo\":{\"@id\":\"https:\\\/\\\/rafaramirez.org\\\/blog\\\/wp-content\\\/uploads\\\/2024\\\/09\\\/RR_socialnetwork.jpg\"},\"sameAs\":[\"https:\\\/\\\/www.rafaramirez.org\\\/blog\",\"https:\\\/\\\/www.instagram.com\\\/rafaramirez_ok\\\/\",\"https:\\\/\\\/es.pinterest.com\\\/Ramirez_Rafa\\\/\",\"https:\\\/\\\/x.com\\\/rafaramirez_ok\"],\"url\":\"https:\\\/\\\/rafaramirez.org\\\/blog\\\/index.php\\\/author\\\/rafaell_qm6j97da\\\/\"}]}<\/script>\n<!-- \/ Yoast SEO plugin. -->","yoast_head_json":{"title":"D\u00eda Internacional del Libro Infantil y Juvenil: La libertad de la imaginaci\u00f3n. - Blog de Rafael Ram\u00edrez","description":"El D\u00eda Internacional del Libro Infantil y Juvenil se celebra el 2 de abril fecha en la que se conmemora el nacimiento de H. Christian Andersen","robots":{"index":"index","follow":"follow","max-snippet":"max-snippet:-1","max-image-preview":"max-image-preview:large","max-video-preview":"max-video-preview:-1"},"canonical":"https:\/\/rafaramirez.org\/blog\/index.php\/2025\/04\/02\/dia-internacional-del-libro-infantil-y-juvenil\/","og_locale":"es_ES","og_type":"article","og_title":"D\u00eda Internacional del Libro Infantil y Juvenil: La libertad de la imaginaci\u00f3n. - Blog de Rafael Ram\u00edrez","og_description":"El D\u00eda Internacional del Libro Infantil y Juvenil se celebra el 2 de abril fecha en la que se conmemora el nacimiento de H. Christian Andersen","og_url":"https:\/\/rafaramirez.org\/blog\/index.php\/2025\/04\/02\/dia-internacional-del-libro-infantil-y-juvenil\/","og_site_name":"Blog de Rafael Ram\u00edrez","article_published_time":"2025-04-02T06:15:45+00:00","og_image":[{"width":720,"height":440,"url":"https:\/\/rafaramirez.org\/blog\/wp-content\/uploads\/2025\/04\/Dia_Internacional_del_Libro_Infantil_y_Juvenil_banner.jpg","type":"image\/jpeg"}],"author":"Rafael Ram\u00edrez","twitter_card":"summary_large_image","twitter_creator":"@rafaramirez_ok","twitter_site":"@rafaramirez_ok","twitter_misc":{"Escrito por":"Rafael Ram\u00edrez","Tiempo de lectura":"5 minutos"},"schema":{"@context":"https:\/\/schema.org","@graph":[{"@type":"Article","@id":"https:\/\/rafaramirez.org\/blog\/index.php\/2025\/04\/02\/dia-internacional-del-libro-infantil-y-juvenil\/#article","isPartOf":{"@id":"https:\/\/rafaramirez.org\/blog\/index.php\/2025\/04\/02\/dia-internacional-del-libro-infantil-y-juvenil\/"},"author":{"name":"Rafael Ram\u00edrez","@id":"https:\/\/rafaramirez.org\/blog\/#\/schema\/person\/50f43b6d60c578760d4c17bda54ab6a5"},"headline":"D\u00eda Internacional del Libro Infantil y Juvenil: La libertad de la imaginaci\u00f3n.","datePublished":"2025-04-02T06:15:45+00:00","mainEntityOfPage":{"@id":"https:\/\/rafaramirez.org\/blog\/index.php\/2025\/04\/02\/dia-internacional-del-libro-infantil-y-juvenil\/"},"wordCount":781,"commentCount":0,"publisher":{"@id":"https:\/\/rafaramirez.org\/blog\/#\/schema\/person\/50f43b6d60c578760d4c17bda54ab6a5"},"image":{"@id":"https:\/\/rafaramirez.org\/blog\/index.php\/2025\/04\/02\/dia-internacional-del-libro-infantil-y-juvenil\/#primaryimage"},"thumbnailUrl":"https:\/\/rafaramirez.org\/blog\/wp-content\/uploads\/2025\/04\/Dia_Internacional_del_Libro_Infantil_y_Juvenil_banner.jpg","keywords":["\"La libertad de la imaginaci\u00f3n\"","blog de Rafael Ram\u00edrez","D\u00eda Internacional del Libro Infantil y Juvenil","efem\u00e9rides","efem\u00e9rides 2 de abril","efem\u00e9rides 2025","efem\u00e9rides abril","Janneke Ipenburg","literatura","noticias de literatura","noticias literarias","Rian Visser"],"articleSection":["Efem\u00e9rides","Literatura"],"inLanguage":"es","potentialAction":[{"@type":"CommentAction","name":"Comment","target":["https:\/\/rafaramirez.org\/blog\/index.php\/2025\/04\/02\/dia-internacional-del-libro-infantil-y-juvenil\/#respond"]}]},{"@type":"WebPage","@id":"https:\/\/rafaramirez.org\/blog\/index.php\/2025\/04\/02\/dia-internacional-del-libro-infantil-y-juvenil\/","url":"https:\/\/rafaramirez.org\/blog\/index.php\/2025\/04\/02\/dia-internacional-del-libro-infantil-y-juvenil\/","name":"D\u00eda Internacional del Libro Infantil y Juvenil: La libertad de la imaginaci\u00f3n. - Blog de Rafael Ram\u00edrez","isPartOf":{"@id":"https:\/\/rafaramirez.org\/blog\/#website"},"primaryImageOfPage":{"@id":"https:\/\/rafaramirez.org\/blog\/index.php\/2025\/04\/02\/dia-internacional-del-libro-infantil-y-juvenil\/#primaryimage"},"image":{"@id":"https:\/\/rafaramirez.org\/blog\/index.php\/2025\/04\/02\/dia-internacional-del-libro-infantil-y-juvenil\/#primaryimage"},"thumbnailUrl":"https:\/\/rafaramirez.org\/blog\/wp-content\/uploads\/2025\/04\/Dia_Internacional_del_Libro_Infantil_y_Juvenil_banner.jpg","datePublished":"2025-04-02T06:15:45+00:00","description":"El D\u00eda Internacional del Libro Infantil y Juvenil se celebra el 2 de abril fecha en la que se conmemora el nacimiento de H. Christian Andersen","breadcrumb":{"@id":"https:\/\/rafaramirez.org\/blog\/index.php\/2025\/04\/02\/dia-internacional-del-libro-infantil-y-juvenil\/#breadcrumb"},"inLanguage":"es","potentialAction":[{"@type":"ReadAction","target":["https:\/\/rafaramirez.org\/blog\/index.php\/2025\/04\/02\/dia-internacional-del-libro-infantil-y-juvenil\/"]}]},{"@type":"ImageObject","inLanguage":"es","@id":"https:\/\/rafaramirez.org\/blog\/index.php\/2025\/04\/02\/dia-internacional-del-libro-infantil-y-juvenil\/#primaryimage","url":"https:\/\/rafaramirez.org\/blog\/wp-content\/uploads\/2025\/04\/Dia_Internacional_del_Libro_Infantil_y_Juvenil_banner.jpg","contentUrl":"https:\/\/rafaramirez.org\/blog\/wp-content\/uploads\/2025\/04\/Dia_Internacional_del_Libro_Infantil_y_Juvenil_banner.jpg","width":720,"height":440,"caption":"D\u00eda Internacional del Libro Infantil y Juvenil. Blog de Rafael Ram\u00edrez."},{"@type":"BreadcrumbList","@id":"https:\/\/rafaramirez.org\/blog\/index.php\/2025\/04\/02\/dia-internacional-del-libro-infantil-y-juvenil\/#breadcrumb","itemListElement":[{"@type":"ListItem","position":1,"name":"Portada","item":"https:\/\/rafaramirez.org\/blog\/"},{"@type":"ListItem","position":2,"name":"D\u00eda Internacional del Libro Infantil y Juvenil: La libertad de la imaginaci\u00f3n."}]},{"@type":"WebSite","@id":"https:\/\/rafaramirez.org\/blog\/#website","url":"https:\/\/rafaramirez.org\/blog\/","name":"Blog de Rafael Ram\u00edrez","description":"Un sitio social, de arte y cultura","publisher":{"@id":"https:\/\/rafaramirez.org\/blog\/#\/schema\/person\/50f43b6d60c578760d4c17bda54ab6a5"},"potentialAction":[{"@type":"SearchAction","target":{"@type":"EntryPoint","urlTemplate":"https:\/\/rafaramirez.org\/blog\/?s={search_term_string}"},"query-input":{"@type":"PropertyValueSpecification","valueRequired":true,"valueName":"search_term_string"}}],"inLanguage":"es"},{"@type":["Person","Organization"],"@id":"https:\/\/rafaramirez.org\/blog\/#\/schema\/person\/50f43b6d60c578760d4c17bda54ab6a5","name":"Rafael Ram\u00edrez","image":{"@type":"ImageObject","inLanguage":"es","@id":"https:\/\/rafaramirez.org\/blog\/wp-content\/uploads\/2024\/09\/RR_socialnetwork.jpg","url":"https:\/\/rafaramirez.org\/blog\/wp-content\/uploads\/2024\/09\/RR_socialnetwork.jpg","contentUrl":"https:\/\/rafaramirez.org\/blog\/wp-content\/uploads\/2024\/09\/RR_socialnetwork.jpg","width":600,"height":606,"caption":"Rafael Ram\u00edrez"},"logo":{"@id":"https:\/\/rafaramirez.org\/blog\/wp-content\/uploads\/2024\/09\/RR_socialnetwork.jpg"},"sameAs":["https:\/\/www.rafaramirez.org\/blog","https:\/\/www.instagram.com\/rafaramirez_ok\/","https:\/\/es.pinterest.com\/Ramirez_Rafa\/","https:\/\/x.com\/rafaramirez_ok"],"url":"https:\/\/rafaramirez.org\/blog\/index.php\/author\/rafaell_qm6j97da\/"}]}},"jetpack_publicize_connections":[],"jetpack_sharing_enabled":true,"jetpack_likes_enabled":true,"jetpack_featured_media_url":"https:\/\/rafaramirez.org\/blog\/wp-content\/uploads\/2025\/04\/Dia_Internacional_del_Libro_Infantil_y_Juvenil_banner.jpg","_links":{"self":[{"href":"https:\/\/rafaramirez.org\/blog\/index.php\/wp-json\/wp\/v2\/posts\/8620","targetHints":{"allow":["GET"]}}],"collection":[{"href":"https:\/\/rafaramirez.org\/blog\/index.php\/wp-json\/wp\/v2\/posts"}],"about":[{"href":"https:\/\/rafaramirez.org\/blog\/index.php\/wp-json\/wp\/v2\/types\/post"}],"author":[{"embeddable":true,"href":"https:\/\/rafaramirez.org\/blog\/index.php\/wp-json\/wp\/v2\/users\/1"}],"replies":[{"embeddable":true,"href":"https:\/\/rafaramirez.org\/blog\/index.php\/wp-json\/wp\/v2\/comments?post=8620"}],"version-history":[{"count":8,"href":"https:\/\/rafaramirez.org\/blog\/index.php\/wp-json\/wp\/v2\/posts\/8620\/revisions"}],"predecessor-version":[{"id":8632,"href":"https:\/\/rafaramirez.org\/blog\/index.php\/wp-json\/wp\/v2\/posts\/8620\/revisions\/8632"}],"wp:featuredmedia":[{"embeddable":true,"href":"https:\/\/rafaramirez.org\/blog\/index.php\/wp-json\/wp\/v2\/media\/8627"}],"wp:attachment":[{"href":"https:\/\/rafaramirez.org\/blog\/index.php\/wp-json\/wp\/v2\/media?parent=8620"}],"wp:term":[{"taxonomy":"category","embeddable":true,"href":"https:\/\/rafaramirez.org\/blog\/index.php\/wp-json\/wp\/v2\/categories?post=8620"},{"taxonomy":"post_tag","embeddable":true,"href":"https:\/\/rafaramirez.org\/blog\/index.php\/wp-json\/wp\/v2\/tags?post=8620"}],"curies":[{"name":"wp","href":"https:\/\/api.w.org\/{rel}","templated":true}]}}