{"id":86,"date":"2024-07-17T08:15:45","date_gmt":"2024-07-17T06:15:45","guid":{"rendered":"http:\/\/blog.rafaramirez.org\/?p=86"},"modified":"2024-07-03T12:20:08","modified_gmt":"2024-07-03T10:20:08","slug":"mermelada","status":"publish","type":"post","link":"https:\/\/rafaramirez.org\/blog\/index.php\/2024\/07\/17\/mermelada\/","title":{"rendered":"Una palabra bonita, bonita: \u00abMermelada\u00bb. Aqu\u00ed est\u00e1n sus or\u00edgenes."},"content":{"rendered":"<p><span class=\"userContent\">Hoy os traigo una palabra bonita de verdad, se trata de <strong>\u00abMermelada\u00bb.\u00a0<\/strong><\/span><\/p>\n<p>La palabra \u201cMermelada\u201d tiene un origen interesante. Proviene del portugu\u00e9s <strong>\u201cMarmelada\u201d<\/strong>, que significa \u201cconfitura de membrillo\u201d. A su vez, el t\u00e9rmino portugu\u00e9s se deriva del lat\u00edn \u201c<strong>Melimelum\u201d<\/strong>, que se refiere a un tipo de manzana. Este \u00faltimo t\u00e9rmino tiene sus ra\u00edces en el griego antiguo \u201cmelimelon\u201d, donde \u201cmeli\u201d significa miel y \u201cme\u00e9lon\u201d se traduce como manzana. Los griegos antiguos ya coc\u00edan los membrillos en miel, seg\u00fan se registra en el libro de cocina del romano <strong>Apicio<\/strong>. En el <strong>siglo XVII<\/strong>, el t\u00e9rmino se populariz\u00f3 en <strong>Inglaterra<\/strong>, y fue entonces cuando se elaboraron por primera vez las mermeladas de naranjas de <strong>Sevilla<\/strong> en <strong>Escocia<\/strong>. As\u00ed que, la mermelada tiene una historia dulce y frutal que se remonta a tiempos antiguos.<\/p>\n<p><strong>Espero que te haya gustado la palabra bonita propuesta y su historia \u00bfQu\u00e9 te parece?\u00bfTienes alguna propuesta? Puedes dejar tus comentarios debajo del post \u00a1Saludos!<\/strong><\/p>\n<p>M\u00e1s informaci\u00f3n:<\/p>\n<ul>\n<li><a href=\"https:\/\/lahistoria.info\/historia-de-la-mermelada\/\" target=\"_blank\" rel=\"noopener\">La Historia.info<\/a><\/li>\n<\/ul>\n<p>&nbsp;<\/p>\n","protected":false},"excerpt":{"rendered":"<p>Hoy os traigo una palabra bonita de verdad, se trata de \u00abMermelada\u00bb.\u00a0 La palabra \u201cMermelada\u201d tiene un origen interesante. Proviene del portugu\u00e9s \u201cMarmelada\u201d, que significa \u201cconfitura de membrillo\u201d. A su vez, el t\u00e9rmino portugu\u00e9s se deriva del lat\u00edn \u201cMelimelum\u201d, que se refiere a un tipo de manzana. Este \u00faltimo t\u00e9rmino tiene sus ra\u00edces en el [&hellip;]<\/p>\n","protected":false},"author":1,"featured_media":2562,"comment_status":"open","ping_status":"closed","sticky":false,"template":"","format":"standard","meta":{"site-container-style":"default","site-container-layout":"default","site-sidebar-layout":"default","disable-article-header":"default","disable-site-header":"default","disable-site-footer":"default","disable-content-area-spacing":"default","_jetpack_newsletter_access":"","_jetpack_dont_email_post_to_subs":false,"_jetpack_newsletter_tier_id":0,"_jetpack_memberships_contains_paywalled_content":false,"_jetpack_feature_clip_id":0,"_jetpack_memberships_contains_paid_content":false,"footnotes":"","jetpack_publicize_message":"","jetpack_publicize_feature_enabled":true,"jetpack_social_post_already_shared":true,"jetpack_social_options":{"image_generator_settings":{"template":"highway","default_image_id":0,"font":"","enabled":false},"version":2},"jetpack_post_was_ever_published":false},"categories":[581],"tags":[2755,68,2748,2757,2752,2745,1524,2751,2747,2753,2749,585,2746,346,2750,2754,1336,2756],"class_list":["post-86","post","type-post","status-publish","format-standard","has-post-thumbnail","hentry","category-palabras-bonitas","tag-apicio","tag-blog-de-rafael-ramirez","tag-confitura-de-membrillo","tag-escocia","tag-griego","tag-historia-de-las-palabras","tag-inglaterra","tag-latin","tag-marmelada","tag-melimelon","tag-melimelum","tag-mermelada","tag-origen-de-las-palabras","tag-palabras-bonitas","tag-portugues","tag-romano","tag-sevilla","tag-siglo-xvii"],"yoast_head":"<!-- This site is optimized with the Yoast SEO plugin v28.4 - https:\/\/yoast.com\/product\/yoast-seo-wordpress\/ -->\n<title>Una palabra bonita, bonita: &quot;Mermelada&quot;. Aqu\u00ed est\u00e1n sus or\u00edgenes. - Blog de Rafael Ram\u00edrez<\/title>\n<meta name=\"robots\" content=\"index, follow, max-snippet:-1, max-image-preview:large, max-video-preview:-1\" \/>\n<link rel=\"canonical\" href=\"https:\/\/rafaramirez.org\/blog\/index.php\/2024\/07\/17\/mermelada\/\" \/>\n<meta property=\"og:locale\" content=\"es_ES\" \/>\n<meta property=\"og:type\" content=\"article\" \/>\n<meta property=\"og:title\" content=\"Una palabra bonita, bonita: &quot;Mermelada&quot;. Aqu\u00ed est\u00e1n sus or\u00edgenes. - Blog de Rafael Ram\u00edrez\" \/>\n<meta property=\"og:description\" content=\"Hoy os traigo una palabra bonita de verdad, se trata de \u00abMermelada\u00bb.\u00a0 La palabra \u201cMermelada\u201d tiene un origen interesante. Proviene del portugu\u00e9s \u201cMarmelada\u201d, que significa \u201cconfitura de membrillo\u201d. A su vez, el t\u00e9rmino portugu\u00e9s se deriva del lat\u00edn \u201cMelimelum\u201d, que se refiere a un tipo de manzana. Este \u00faltimo t\u00e9rmino tiene sus ra\u00edces en el [&hellip;]\" \/>\n<meta property=\"og:url\" content=\"https:\/\/rafaramirez.org\/blog\/index.php\/2024\/07\/17\/mermelada\/\" \/>\n<meta property=\"og:site_name\" content=\"Blog de Rafael Ram\u00edrez\" \/>\n<meta property=\"article:published_time\" content=\"2024-07-17T06:15:45+00:00\" \/>\n<meta property=\"og:image\" content=\"https:\/\/rafaramirez.org\/blog\/wp-content\/uploads\/2014\/06\/strawberries-5335158_640.jpg\" \/>\n\t<meta property=\"og:image:width\" content=\"640\" \/>\n\t<meta property=\"og:image:height\" content=\"427\" \/>\n\t<meta property=\"og:image:type\" content=\"image\/jpeg\" \/>\n<meta name=\"author\" content=\"Rafael Ram\u00edrez\" \/>\n<meta name=\"twitter:card\" content=\"summary_large_image\" \/>\n<meta name=\"twitter:creator\" content=\"@rafaramirez_ok\" \/>\n<meta name=\"twitter:site\" content=\"@rafaramirez_ok\" \/>\n<meta name=\"twitter:label1\" content=\"Escrito por\" \/>\n\t<meta name=\"twitter:data1\" content=\"Rafael Ram\u00edrez\" \/>\n\t<meta name=\"twitter:label2\" content=\"Tiempo de lectura\" \/>\n\t<meta name=\"twitter:data2\" content=\"1 minuto\" \/>\n<script type=\"application\/ld+json\" class=\"yoast-schema-graph\">{\"@context\":\"https:\\\/\\\/schema.org\",\"@graph\":[{\"@type\":\"Article\",\"@id\":\"https:\\\/\\\/rafaramirez.org\\\/blog\\\/index.php\\\/2024\\\/07\\\/17\\\/mermelada\\\/#article\",\"isPartOf\":{\"@id\":\"https:\\\/\\\/rafaramirez.org\\\/blog\\\/index.php\\\/2024\\\/07\\\/17\\\/mermelada\\\/\"},\"author\":{\"name\":\"Rafael Ram\u00edrez\",\"@id\":\"https:\\\/\\\/rafaramirez.org\\\/blog\\\/#\\\/schema\\\/person\\\/50f43b6d60c578760d4c17bda54ab6a5\"},\"headline\":\"Una palabra bonita, bonita: \u00abMermelada\u00bb. Aqu\u00ed est\u00e1n sus or\u00edgenes.\",\"datePublished\":\"2024-07-17T06:15:45+00:00\",\"mainEntityOfPage\":{\"@id\":\"https:\\\/\\\/rafaramirez.org\\\/blog\\\/index.php\\\/2024\\\/07\\\/17\\\/mermelada\\\/\"},\"wordCount\":186,\"commentCount\":0,\"publisher\":{\"@id\":\"https:\\\/\\\/rafaramirez.org\\\/blog\\\/#\\\/schema\\\/person\\\/50f43b6d60c578760d4c17bda54ab6a5\"},\"image\":{\"@id\":\"https:\\\/\\\/rafaramirez.org\\\/blog\\\/index.php\\\/2024\\\/07\\\/17\\\/mermelada\\\/#primaryimage\"},\"thumbnailUrl\":\"https:\\\/\\\/rafaramirez.org\\\/blog\\\/wp-content\\\/uploads\\\/2014\\\/06\\\/strawberries-5335158_640.jpg\",\"keywords\":[\"Apicio\",\"blog de Rafael Ram\u00edrez\",\"confitura de membrillo\",\"Escocia\",\"griego\",\"historia de las palabras\",\"Inglaterra\",\"lat\u00edn\",\"Marmelada\",\"melimelon\",\"Melimelum\",\"mermelada\",\"origen de las palabras\",\"palabras bonitas\",\"portugu\u00e9s\",\"romano\",\"Sevilla\",\"siglo XVII\"],\"articleSection\":[\"Proyecto Palabras Bonitas\"],\"inLanguage\":\"es\",\"potentialAction\":[{\"@type\":\"CommentAction\",\"name\":\"Comment\",\"target\":[\"https:\\\/\\\/rafaramirez.org\\\/blog\\\/index.php\\\/2024\\\/07\\\/17\\\/mermelada\\\/#respond\"]}]},{\"@type\":\"WebPage\",\"@id\":\"https:\\\/\\\/rafaramirez.org\\\/blog\\\/index.php\\\/2024\\\/07\\\/17\\\/mermelada\\\/\",\"url\":\"https:\\\/\\\/rafaramirez.org\\\/blog\\\/index.php\\\/2024\\\/07\\\/17\\\/mermelada\\\/\",\"name\":\"Una palabra bonita, bonita: \\\"Mermelada\\\". Aqu\u00ed est\u00e1n sus or\u00edgenes. - Blog de Rafael Ram\u00edrez\",\"isPartOf\":{\"@id\":\"https:\\\/\\\/rafaramirez.org\\\/blog\\\/#website\"},\"primaryImageOfPage\":{\"@id\":\"https:\\\/\\\/rafaramirez.org\\\/blog\\\/index.php\\\/2024\\\/07\\\/17\\\/mermelada\\\/#primaryimage\"},\"image\":{\"@id\":\"https:\\\/\\\/rafaramirez.org\\\/blog\\\/index.php\\\/2024\\\/07\\\/17\\\/mermelada\\\/#primaryimage\"},\"thumbnailUrl\":\"https:\\\/\\\/rafaramirez.org\\\/blog\\\/wp-content\\\/uploads\\\/2014\\\/06\\\/strawberries-5335158_640.jpg\",\"datePublished\":\"2024-07-17T06:15:45+00:00\",\"breadcrumb\":{\"@id\":\"https:\\\/\\\/rafaramirez.org\\\/blog\\\/index.php\\\/2024\\\/07\\\/17\\\/mermelada\\\/#breadcrumb\"},\"inLanguage\":\"es\",\"potentialAction\":[{\"@type\":\"ReadAction\",\"target\":[\"https:\\\/\\\/rafaramirez.org\\\/blog\\\/index.php\\\/2024\\\/07\\\/17\\\/mermelada\\\/\"]}]},{\"@type\":\"ImageObject\",\"inLanguage\":\"es\",\"@id\":\"https:\\\/\\\/rafaramirez.org\\\/blog\\\/index.php\\\/2024\\\/07\\\/17\\\/mermelada\\\/#primaryimage\",\"url\":\"https:\\\/\\\/rafaramirez.org\\\/blog\\\/wp-content\\\/uploads\\\/2014\\\/06\\\/strawberries-5335158_640.jpg\",\"contentUrl\":\"https:\\\/\\\/rafaramirez.org\\\/blog\\\/wp-content\\\/uploads\\\/2014\\\/06\\\/strawberries-5335158_640.jpg\",\"width\":640,\"height\":427,\"caption\":\"Palabras bonitas: Mermelada\\\". Blog de Rafael Ram\u00edrez.\"},{\"@type\":\"BreadcrumbList\",\"@id\":\"https:\\\/\\\/rafaramirez.org\\\/blog\\\/index.php\\\/2024\\\/07\\\/17\\\/mermelada\\\/#breadcrumb\",\"itemListElement\":[{\"@type\":\"ListItem\",\"position\":1,\"name\":\"Portada\",\"item\":\"https:\\\/\\\/rafaramirez.org\\\/blog\\\/\"},{\"@type\":\"ListItem\",\"position\":2,\"name\":\"Una palabra bonita, bonita: \u00abMermelada\u00bb. Aqu\u00ed est\u00e1n sus or\u00edgenes.\"}]},{\"@type\":\"WebSite\",\"@id\":\"https:\\\/\\\/rafaramirez.org\\\/blog\\\/#website\",\"url\":\"https:\\\/\\\/rafaramirez.org\\\/blog\\\/\",\"name\":\"Blog de Rafael Ram\u00edrez\",\"description\":\"Un sitio social, de arte y cultura\",\"publisher\":{\"@id\":\"https:\\\/\\\/rafaramirez.org\\\/blog\\\/#\\\/schema\\\/person\\\/50f43b6d60c578760d4c17bda54ab6a5\"},\"potentialAction\":[{\"@type\":\"SearchAction\",\"target\":{\"@type\":\"EntryPoint\",\"urlTemplate\":\"https:\\\/\\\/rafaramirez.org\\\/blog\\\/?s={search_term_string}\"},\"query-input\":{\"@type\":\"PropertyValueSpecification\",\"valueRequired\":true,\"valueName\":\"search_term_string\"}}],\"inLanguage\":\"es\"},{\"@type\":[\"Person\",\"Organization\"],\"@id\":\"https:\\\/\\\/rafaramirez.org\\\/blog\\\/#\\\/schema\\\/person\\\/50f43b6d60c578760d4c17bda54ab6a5\",\"name\":\"Rafael Ram\u00edrez\",\"image\":{\"@type\":\"ImageObject\",\"inLanguage\":\"es\",\"@id\":\"https:\\\/\\\/rafaramirez.org\\\/blog\\\/wp-content\\\/uploads\\\/2024\\\/09\\\/RR_socialnetwork.jpg\",\"url\":\"https:\\\/\\\/rafaramirez.org\\\/blog\\\/wp-content\\\/uploads\\\/2024\\\/09\\\/RR_socialnetwork.jpg\",\"contentUrl\":\"https:\\\/\\\/rafaramirez.org\\\/blog\\\/wp-content\\\/uploads\\\/2024\\\/09\\\/RR_socialnetwork.jpg\",\"width\":600,\"height\":606,\"caption\":\"Rafael Ram\u00edrez\"},\"logo\":{\"@id\":\"https:\\\/\\\/rafaramirez.org\\\/blog\\\/wp-content\\\/uploads\\\/2024\\\/09\\\/RR_socialnetwork.jpg\"},\"sameAs\":[\"https:\\\/\\\/www.rafaramirez.org\\\/blog\",\"https:\\\/\\\/www.instagram.com\\\/rafaramirez_ok\\\/\",\"https:\\\/\\\/es.pinterest.com\\\/Ramirez_Rafa\\\/\",\"https:\\\/\\\/x.com\\\/rafaramirez_ok\"],\"url\":\"https:\\\/\\\/rafaramirez.org\\\/blog\\\/index.php\\\/author\\\/rafaell_qm6j97da\\\/\"}]}<\/script>\n<!-- \/ Yoast SEO plugin. -->","yoast_head_json":{"title":"Una palabra bonita, bonita: \"Mermelada\". Aqu\u00ed est\u00e1n sus or\u00edgenes. - Blog de Rafael Ram\u00edrez","robots":{"index":"index","follow":"follow","max-snippet":"max-snippet:-1","max-image-preview":"max-image-preview:large","max-video-preview":"max-video-preview:-1"},"canonical":"https:\/\/rafaramirez.org\/blog\/index.php\/2024\/07\/17\/mermelada\/","og_locale":"es_ES","og_type":"article","og_title":"Una palabra bonita, bonita: \"Mermelada\". Aqu\u00ed est\u00e1n sus or\u00edgenes. - Blog de Rafael Ram\u00edrez","og_description":"Hoy os traigo una palabra bonita de verdad, se trata de \u00abMermelada\u00bb.\u00a0 La palabra \u201cMermelada\u201d tiene un origen interesante. Proviene del portugu\u00e9s \u201cMarmelada\u201d, que significa \u201cconfitura de membrillo\u201d. A su vez, el t\u00e9rmino portugu\u00e9s se deriva del lat\u00edn \u201cMelimelum\u201d, que se refiere a un tipo de manzana. Este \u00faltimo t\u00e9rmino tiene sus ra\u00edces en el [&hellip;]","og_url":"https:\/\/rafaramirez.org\/blog\/index.php\/2024\/07\/17\/mermelada\/","og_site_name":"Blog de Rafael Ram\u00edrez","article_published_time":"2024-07-17T06:15:45+00:00","og_image":[{"width":640,"height":427,"url":"https:\/\/rafaramirez.org\/blog\/wp-content\/uploads\/2014\/06\/strawberries-5335158_640.jpg","type":"image\/jpeg"}],"author":"Rafael Ram\u00edrez","twitter_card":"summary_large_image","twitter_creator":"@rafaramirez_ok","twitter_site":"@rafaramirez_ok","twitter_misc":{"Escrito por":"Rafael Ram\u00edrez","Tiempo de lectura":"1 minuto"},"schema":{"@context":"https:\/\/schema.org","@graph":[{"@type":"Article","@id":"https:\/\/rafaramirez.org\/blog\/index.php\/2024\/07\/17\/mermelada\/#article","isPartOf":{"@id":"https:\/\/rafaramirez.org\/blog\/index.php\/2024\/07\/17\/mermelada\/"},"author":{"name":"Rafael Ram\u00edrez","@id":"https:\/\/rafaramirez.org\/blog\/#\/schema\/person\/50f43b6d60c578760d4c17bda54ab6a5"},"headline":"Una palabra bonita, bonita: \u00abMermelada\u00bb. Aqu\u00ed est\u00e1n sus or\u00edgenes.","datePublished":"2024-07-17T06:15:45+00:00","mainEntityOfPage":{"@id":"https:\/\/rafaramirez.org\/blog\/index.php\/2024\/07\/17\/mermelada\/"},"wordCount":186,"commentCount":0,"publisher":{"@id":"https:\/\/rafaramirez.org\/blog\/#\/schema\/person\/50f43b6d60c578760d4c17bda54ab6a5"},"image":{"@id":"https:\/\/rafaramirez.org\/blog\/index.php\/2024\/07\/17\/mermelada\/#primaryimage"},"thumbnailUrl":"https:\/\/rafaramirez.org\/blog\/wp-content\/uploads\/2014\/06\/strawberries-5335158_640.jpg","keywords":["Apicio","blog de Rafael Ram\u00edrez","confitura de membrillo","Escocia","griego","historia de las palabras","Inglaterra","lat\u00edn","Marmelada","melimelon","Melimelum","mermelada","origen de las palabras","palabras bonitas","portugu\u00e9s","romano","Sevilla","siglo XVII"],"articleSection":["Proyecto Palabras Bonitas"],"inLanguage":"es","potentialAction":[{"@type":"CommentAction","name":"Comment","target":["https:\/\/rafaramirez.org\/blog\/index.php\/2024\/07\/17\/mermelada\/#respond"]}]},{"@type":"WebPage","@id":"https:\/\/rafaramirez.org\/blog\/index.php\/2024\/07\/17\/mermelada\/","url":"https:\/\/rafaramirez.org\/blog\/index.php\/2024\/07\/17\/mermelada\/","name":"Una palabra bonita, bonita: \"Mermelada\". Aqu\u00ed est\u00e1n sus or\u00edgenes. - Blog de Rafael Ram\u00edrez","isPartOf":{"@id":"https:\/\/rafaramirez.org\/blog\/#website"},"primaryImageOfPage":{"@id":"https:\/\/rafaramirez.org\/blog\/index.php\/2024\/07\/17\/mermelada\/#primaryimage"},"image":{"@id":"https:\/\/rafaramirez.org\/blog\/index.php\/2024\/07\/17\/mermelada\/#primaryimage"},"thumbnailUrl":"https:\/\/rafaramirez.org\/blog\/wp-content\/uploads\/2014\/06\/strawberries-5335158_640.jpg","datePublished":"2024-07-17T06:15:45+00:00","breadcrumb":{"@id":"https:\/\/rafaramirez.org\/blog\/index.php\/2024\/07\/17\/mermelada\/#breadcrumb"},"inLanguage":"es","potentialAction":[{"@type":"ReadAction","target":["https:\/\/rafaramirez.org\/blog\/index.php\/2024\/07\/17\/mermelada\/"]}]},{"@type":"ImageObject","inLanguage":"es","@id":"https:\/\/rafaramirez.org\/blog\/index.php\/2024\/07\/17\/mermelada\/#primaryimage","url":"https:\/\/rafaramirez.org\/blog\/wp-content\/uploads\/2014\/06\/strawberries-5335158_640.jpg","contentUrl":"https:\/\/rafaramirez.org\/blog\/wp-content\/uploads\/2014\/06\/strawberries-5335158_640.jpg","width":640,"height":427,"caption":"Palabras bonitas: Mermelada\". Blog de Rafael Ram\u00edrez."},{"@type":"BreadcrumbList","@id":"https:\/\/rafaramirez.org\/blog\/index.php\/2024\/07\/17\/mermelada\/#breadcrumb","itemListElement":[{"@type":"ListItem","position":1,"name":"Portada","item":"https:\/\/rafaramirez.org\/blog\/"},{"@type":"ListItem","position":2,"name":"Una palabra bonita, bonita: \u00abMermelada\u00bb. Aqu\u00ed est\u00e1n sus or\u00edgenes."}]},{"@type":"WebSite","@id":"https:\/\/rafaramirez.org\/blog\/#website","url":"https:\/\/rafaramirez.org\/blog\/","name":"Blog de Rafael Ram\u00edrez","description":"Un sitio social, de arte y cultura","publisher":{"@id":"https:\/\/rafaramirez.org\/blog\/#\/schema\/person\/50f43b6d60c578760d4c17bda54ab6a5"},"potentialAction":[{"@type":"SearchAction","target":{"@type":"EntryPoint","urlTemplate":"https:\/\/rafaramirez.org\/blog\/?s={search_term_string}"},"query-input":{"@type":"PropertyValueSpecification","valueRequired":true,"valueName":"search_term_string"}}],"inLanguage":"es"},{"@type":["Person","Organization"],"@id":"https:\/\/rafaramirez.org\/blog\/#\/schema\/person\/50f43b6d60c578760d4c17bda54ab6a5","name":"Rafael Ram\u00edrez","image":{"@type":"ImageObject","inLanguage":"es","@id":"https:\/\/rafaramirez.org\/blog\/wp-content\/uploads\/2024\/09\/RR_socialnetwork.jpg","url":"https:\/\/rafaramirez.org\/blog\/wp-content\/uploads\/2024\/09\/RR_socialnetwork.jpg","contentUrl":"https:\/\/rafaramirez.org\/blog\/wp-content\/uploads\/2024\/09\/RR_socialnetwork.jpg","width":600,"height":606,"caption":"Rafael Ram\u00edrez"},"logo":{"@id":"https:\/\/rafaramirez.org\/blog\/wp-content\/uploads\/2024\/09\/RR_socialnetwork.jpg"},"sameAs":["https:\/\/www.rafaramirez.org\/blog","https:\/\/www.instagram.com\/rafaramirez_ok\/","https:\/\/es.pinterest.com\/Ramirez_Rafa\/","https:\/\/x.com\/rafaramirez_ok"],"url":"https:\/\/rafaramirez.org\/blog\/index.php\/author\/rafaell_qm6j97da\/"}]}},"jetpack_publicize_connections":[],"jetpack_sharing_enabled":true,"jetpack_likes_enabled":true,"jetpack_featured_media_url":"https:\/\/rafaramirez.org\/blog\/wp-content\/uploads\/2014\/06\/strawberries-5335158_640.jpg","_links":{"self":[{"href":"https:\/\/rafaramirez.org\/blog\/index.php\/wp-json\/wp\/v2\/posts\/86","targetHints":{"allow":["GET"]}}],"collection":[{"href":"https:\/\/rafaramirez.org\/blog\/index.php\/wp-json\/wp\/v2\/posts"}],"about":[{"href":"https:\/\/rafaramirez.org\/blog\/index.php\/wp-json\/wp\/v2\/types\/post"}],"author":[{"embeddable":true,"href":"https:\/\/rafaramirez.org\/blog\/index.php\/wp-json\/wp\/v2\/users\/1"}],"replies":[{"embeddable":true,"href":"https:\/\/rafaramirez.org\/blog\/index.php\/wp-json\/wp\/v2\/comments?post=86"}],"version-history":[{"count":4,"href":"https:\/\/rafaramirez.org\/blog\/index.php\/wp-json\/wp\/v2\/posts\/86\/revisions"}],"predecessor-version":[{"id":5075,"href":"https:\/\/rafaramirez.org\/blog\/index.php\/wp-json\/wp\/v2\/posts\/86\/revisions\/5075"}],"wp:featuredmedia":[{"embeddable":true,"href":"https:\/\/rafaramirez.org\/blog\/index.php\/wp-json\/wp\/v2\/media\/2562"}],"wp:attachment":[{"href":"https:\/\/rafaramirez.org\/blog\/index.php\/wp-json\/wp\/v2\/media?parent=86"}],"wp:term":[{"taxonomy":"category","embeddable":true,"href":"https:\/\/rafaramirez.org\/blog\/index.php\/wp-json\/wp\/v2\/categories?post=86"},{"taxonomy":"post_tag","embeddable":true,"href":"https:\/\/rafaramirez.org\/blog\/index.php\/wp-json\/wp\/v2\/tags?post=86"}],"curies":[{"name":"wp","href":"https:\/\/api.w.org\/{rel}","templated":true}]}}