{"id":8591,"date":"2025-04-01T08:15:01","date_gmt":"2025-04-01T06:15:01","guid":{"rendered":"https:\/\/rafaramirez.org\/blog\/?p=8591"},"modified":"2026-07-14T11:44:22","modified_gmt":"2026-07-14T09:44:22","slug":"gabriele-munter-pintora","status":"publish","type":"post","link":"https:\/\/rafaramirez.org\/blog\/index.php\/2025\/04\/01\/gabriele-munter-pintora\/","title":{"rendered":"Gabriele M\u00fcnter, la pintora expresionista de colores brillantes y formas sencillas."},"content":{"rendered":"<p><strong>Gabriele M\u00fcnter<\/strong> fue una destacada pintora y fot\u00f3grafa alemana. Es conocida por ser una de las <strong>fundadoras del <a href=\"https:\/\/rafaramirez.org\/blog\/index.php\/2025\/05\/12\/el-expresionismo-historia\/\" target=\"_blank\" rel=\"noopener\">movimiento expresionista<\/a> Der Blaue Reiter<\/strong> (\u00abEl jinete azul\u00bb), junto con artistas como <a href=\"https:\/\/rafaramirez.org\/blog\/index.php\/2025\/08\/29\/wassily-kandinsky-el-arte-como-sinfonia-espiritual\/\" target=\"_blank\" rel=\"noopener\"><strong>Wassily Kandinsky<\/strong><\/a> y <strong>Franz Marc<\/strong>.<\/p>\n<p>Su estilo \u00fanico se caracteriza por colores brillantes, formas simplificadas y l\u00edneas oscuras que delinean sus composiciones. Su obra abarca paisajes, retratos y escenas de g\u00e9nero, y refleja su profunda conexi\u00f3n con la naturaleza y la vida cotidiana.<\/p>\n<p>Adem\u00e1s de su contribuci\u00f3n art\u00edstica, M\u00fcnter desempe\u00f1\u00f3 un papel crucial en la preservaci\u00f3n de las obras del movimiento Der Blaue Reiter durante la <strong>Segunda Guerra Mundial<\/strong>. Su legado sigue celebr\u00e1ndose en exposiciones y museos de todo el mundo.<\/p>\n<figure id=\"attachment_8595\" aria-describedby=\"caption-attachment-8595\" style=\"width: 218px\" class=\"wp-caption aligncenter\"><a href=\"https:\/\/rafaramirez.org\/blog\/wp-content\/uploads\/2025\/04\/Gabriele-Munter_portrait_2_color.jpg\" target=\"_blank\" rel=\"noopener\"><img loading=\"lazy\" decoding=\"async\" class=\"wp-image-8595 size-medium\" src=\"https:\/\/rafaramirez.org\/blog\/wp-content\/uploads\/2025\/04\/Gabriele-Munter_portrait_2_color-218x300.jpg\" alt=\"Retrato de la pintora Gabriele M\u00fcnter. Blog de Rafael Ram\u00edrez.\" width=\"218\" height=\"300\" srcset=\"https:\/\/rafaramirez.org\/blog\/wp-content\/uploads\/2025\/04\/Gabriele-Munter_portrait_2_color-218x300.jpg 218w, https:\/\/rafaramirez.org\/blog\/wp-content\/uploads\/2025\/04\/Gabriele-Munter_portrait_2_color.jpg 600w\" sizes=\"auto, (max-width: 218px) 100vw, 218px\" \/><\/a><figcaption id=\"caption-attachment-8595\" class=\"wp-caption-text\">Retrato de la pintora Gabriele M\u00fcnter. Blog de Rafael Ram\u00edrez.<\/figcaption><\/figure>\n<h3>Biograf\u00eda.<\/h3>\n<p>Gabriele M\u00fcnter naci\u00f3 el 19 de febrero de 1877 en Berl\u00edn, en el seno de una familia acomodada que apoy\u00f3 su inclinaci\u00f3n art\u00edstica desde temprana edad. Estudi\u00f3 en la escuela de arte femenina <strong>Malschule f\u00fcr Damen<\/strong>, en D\u00fcsseldorf, y m\u00e1s tarde en la escuela de arte progresista <strong>Phalanx<\/strong>, en M\u00fanich, donde conoci\u00f3 a Wassily Kandinsky, quien se convirti\u00f3 en su mentor y pareja sentimental.<\/p>\n<p>A lo largo de su vida, M\u00fcnter viaj\u00f3 extensamente por pa\u00edses como Estados Unidos, T\u00fanez, Italia, Francia y Holanda. Estos viajes influyeron en su estilo art\u00edstico, que evolucion\u00f3 hacia un expresionismo vibrante con colores brillantes y formas simplificadas. En 1909, adquiri\u00f3 una casa en <strong>Murnau am Staffelsee<\/strong> que se convirti\u00f3 en un centro de reuni\u00f3n para artistas vanguardistas como Franz Marc y <strong>Marianne von Werefkin<\/strong>.<\/p>\n<p>Durante la <strong>Primera Guerra Mundial<\/strong>, su relaci\u00f3n con Kandinsky termin\u00f3, lo que supuso un periodo de aislamiento y menor producci\u00f3n art\u00edstica. Sin embargo, en los a\u00f1os posteriores, retom\u00f3 su carrera y continu\u00f3 desarrollando su estilo \u00fanico. Durante la Segunda Guerra Mundial, jug\u00f3 un papel crucial al proteger obras de arte del movimiento Der Blaue Reiter, salv\u00e1ndolas de la persecuci\u00f3n nazi.<\/p>\n<p>M\u00fcnter falleci\u00f3 el 19 de mayo de 1962 en Murnau am Staffelsee, dejando un legado art\u00edstico que sigue siendo celebrado en la actualidad. Su casa en Murnau alberga actualmente un <strong>museo dedicado a su vida y obra<\/strong>.<\/p>\n<h3>Influencia de M\u00fcnter en otros artistas.<\/h3>\n<p>La pintora Gabriele M\u00fcnter influy\u00f3 significativamente en el desarrollo del <a href=\"https:\/\/rafaramirez.org\/blog\/index.php\/2025\/05\/12\/el-expresionismo-historia\/\" target=\"_blank\" rel=\"noopener\">arte expresionista<\/a> y en sus contempor\u00e1neos. Como miembro fundador del grupo Der Blaue Reiter, la pintora ayud\u00f3 a establecer un enfoque art\u00edstico que priorizaba la expresi\u00f3n emocional y la experimentaci\u00f3n con el color y la forma. Su estilo inspir\u00f3 a otros artistas del movimiento, como Franz Marc y Marianne von Werefkin.<\/p>\n<ul>\n<li><strong>Franz Marc<\/strong>: M\u00fcnter comparti\u00f3 ideas y t\u00e9cnicas con Marc, quien tambi\u00e9n explor\u00f3 el uso de colores intensos y formas simples en sus obras.<\/li>\n<li><strong>Marianne von Werefkin<\/strong>: como amiga cercana y colaboradora, M\u00fcnter influy\u00f3 en la evoluci\u00f3n art\u00edstica de Werefkin, quien adopt\u00f3 un enfoque expresionista similar.<\/li>\n<li><a href=\"https:\/\/rafaramirez.org\/blog\/index.php\/2025\/08\/29\/wassily-kandinsky-el-arte-como-sinfonia-espiritual\/\" target=\"_blank\" rel=\"noopener\"><strong>Wassily Kandinsky<\/strong><\/a>: aunque Kandinsky fue su mentor y pareja, la influencia fue mutua. M\u00fcnter contribuy\u00f3 a la experimentaci\u00f3n con formas y colores que definir\u00edan el estilo de Kandinsky.<\/li>\n<li><strong>Alexej von Jawlensky<\/strong>: Otro miembro del c\u00edrculo de Der Blaue Reiter, Jawlensky se benefici\u00f3 del intercambio de ideas en el entorno creativo que M\u00fcnter ayud\u00f3 a fomentar.<\/li>\n<\/ul>\n<p>Adem\u00e1s, su casa de Murnau am Staffelsee se convirti\u00f3 en un centro de reuni\u00f3n para artistas vanguardistas, donde pod\u00edan intercambiar ideas y t\u00e9cnicas. M\u00fcnter tambi\u00e9n desempe\u00f1\u00f3 un papel crucial en la preservaci\u00f3n de las obras de Der Blaue Reiter durante la Segunda Guerra Mundial, garantizando que el legado del movimiento influyera en las generaciones posteriores de artistas expresionistas.<\/p>\n<h3>Artistas que influenciaron en la obra de la pintora.<\/h3>\n<p>Gabriele M\u00fcnter se vio influida por varios artistas y movimientos art\u00edsticos que marcaron su estilo \u00fanico. Entre los m\u00e1s destacados est\u00e1n:<\/p>\n<ul>\n<li><a href=\"https:\/\/rafaramirez.org\/blog\/index.php\/2025\/02\/10\/henri-matisse\/\" target=\"_blank\" rel=\"noopener\"><strong>Henri Matisse<\/strong><\/a>: su uso audaz del color y sus formas sencillas influyeron en M\u00fcnter, especialmente en sus retratos y paisajes.<\/li>\n<li><a href=\"https:\/\/rafaramirez.org\/blog\/index.php\/2025\/04\/25\/paul-gauguin-pintor\/\" target=\"_blank\" rel=\"noopener\"><strong>Paul Gauguin<\/strong><\/a>: Su enfoque postimpresionista, con colores planos y composiciones innovadoras, dej\u00f3 una huella en la obra de M\u00fcnter.<\/li>\n<li><a href=\"https:\/\/rafaramirez.org\/blog\/index.php\/2025\/08\/29\/wassily-kandinsky-el-arte-como-sinfonia-espiritual\/\" target=\"_blank\" rel=\"noopener\"><strong>Wassily Kandinsky<\/strong><\/a>: como mentor y pareja, Kandinsky tuvo un impacto significativo en su desarrollo art\u00edstico, especialmente en su transici\u00f3n hacia el expresionismo.<\/li>\n<li><a href=\"https:\/\/rafaramirez.org\/blog\/index.php\/2025\/06\/18\/fauvismo\/\" target=\"_blank\" rel=\"noopener\"><strong>El fauvismo<\/strong><\/a>: este movimiento, con su \u00e9nfasis en el color y la emoci\u00f3n, tambi\u00e9n contribuy\u00f3 a la evoluci\u00f3n de su estilo.<\/li>\n<\/ul>\n<p>Adem\u00e1s, M\u00fcnter absorbi\u00f3 elementos de las corrientes art\u00edsticas de su \u00e9poca, lo que le permiti\u00f3 desarrollar una voz art\u00edstica distintiva.<\/p>\n<h3>Obras m\u00e1s destacadas.<\/h3>\n<p>La pintora Gabriele M\u00fcnter cre\u00f3 una serie de obras ic\u00f3nicas que reflejan su estilo expresionista \u00fanico. Entre sus obras, destaco las siguientes:<\/p>\n<ol>\n<li><strong>\u00abFuturo (mujer en Estocolmo)\u00bb (1917): <\/strong>es un \u00f3leo que refleja un momento de introspecci\u00f3n y anticipaci\u00f3n personal, en un entorno c\u00e1lido y vibrante. Creada durante su exilio en Estocolmo, simboliza la b\u00fasqueda de identidad de la artista y una visi\u00f3n optimista del futuro.\n<p><figure id=\"attachment_8602\" aria-describedby=\"caption-attachment-8602\" style=\"width: 199px\" class=\"wp-caption aligncenter\"><a href=\"https:\/\/rafaramirez.org\/blog\/wp-content\/uploads\/2025\/04\/Futuro_Gabriele-Munter_1917_ok.jpg\" target=\"_blank\" rel=\"noopener\"><img loading=\"lazy\" decoding=\"async\" class=\"wp-image-8602 size-medium\" src=\"https:\/\/rafaramirez.org\/blog\/wp-content\/uploads\/2025\/04\/Futuro_Gabriele-Munter_1917_ok-199x300.jpg\" alt=\"&quot;Futuro (mujer en Estocolmo)&quot; (1917) de Gabriele M\u00fcnter. Blog de Rafael Ram\u00edrez.\" width=\"199\" height=\"300\" srcset=\"https:\/\/rafaramirez.org\/blog\/wp-content\/uploads\/2025\/04\/Futuro_Gabriele-Munter_1917_ok-199x300.jpg 199w, https:\/\/rafaramirez.org\/blog\/wp-content\/uploads\/2025\/04\/Futuro_Gabriele-Munter_1917_ok-678x1024.jpg 678w, https:\/\/rafaramirez.org\/blog\/wp-content\/uploads\/2025\/04\/Futuro_Gabriele-Munter_1917_ok-768x1161.jpg 768w, https:\/\/rafaramirez.org\/blog\/wp-content\/uploads\/2025\/04\/Futuro_Gabriele-Munter_1917_ok.jpg 794w\" sizes=\"auto, (max-width: 199px) 100vw, 199px\" \/><\/a><figcaption id=\"caption-attachment-8602\" class=\"wp-caption-text\">\u00abFuturo (mujer en Estocolmo)\u00bb (1917) de Gabriele M\u00fcnter. Blog de Rafael Ram\u00edrez.<\/figcaption><\/figure><\/li>\n<li><strong>\u00abRetrato de Marianne von Werefkin\u00bb (1909)<\/strong>: Un retrato que combina contornos oscuros y colores intensos, en el que se aprecia la influencia de Henri Matisse.\n<p><figure id=\"attachment_8603\" aria-describedby=\"caption-attachment-8603\" style=\"width: 204px\" class=\"wp-caption aligncenter\"><a href=\"https:\/\/rafaramirez.org\/blog\/wp-content\/uploads\/2025\/04\/Retrato_de_Marianne_von_Werefkin_Gabriele-Munter_1909_ok.jpg\" target=\"_blank\" rel=\"noopener\"><img loading=\"lazy\" decoding=\"async\" class=\"wp-image-8603 size-medium\" src=\"https:\/\/rafaramirez.org\/blog\/wp-content\/uploads\/2025\/04\/Retrato_de_Marianne_von_Werefkin_Gabriele-Munter_1909_ok-204x300.jpg\" alt=\"&quot;Retrato de Marianne von Werefkin&quot; (1909) de Gabriele M\u00fcnter. Blog de Rafael Ram\u00edrez.\" width=\"204\" height=\"300\" srcset=\"https:\/\/rafaramirez.org\/blog\/wp-content\/uploads\/2025\/04\/Retrato_de_Marianne_von_Werefkin_Gabriele-Munter_1909_ok-204x300.jpg 204w, https:\/\/rafaramirez.org\/blog\/wp-content\/uploads\/2025\/04\/Retrato_de_Marianne_von_Werefkin_Gabriele-Munter_1909_ok-695x1024.jpg 695w, https:\/\/rafaramirez.org\/blog\/wp-content\/uploads\/2025\/04\/Retrato_de_Marianne_von_Werefkin_Gabriele-Munter_1909_ok-768x1131.jpg 768w, https:\/\/rafaramirez.org\/blog\/wp-content\/uploads\/2025\/04\/Retrato_de_Marianne_von_Werefkin_Gabriele-Munter_1909_ok.jpg 815w\" sizes=\"auto, (max-width: 204px) 100vw, 204px\" \/><\/a><figcaption id=\"caption-attachment-8603\" class=\"wp-caption-text\">\u00abRetrato de Marianne von Werefkin\u00bb (1909) de Gabriele M\u00fcnter. Blog de Rafael Ram\u00edrez.<\/figcaption><\/figure><\/li>\n<li><strong>\u00abAutorretrato frente a un caballete\u00bb (1908-1909)<\/strong>: En ella, M\u00fcnter se presenta como una artista segura y moderna, desafiando los estereotipos de g\u00e9nero de su \u00e9poca.\n<p><figure id=\"attachment_8604\" aria-describedby=\"caption-attachment-8604\" style=\"width: 230px\" class=\"wp-caption aligncenter\"><a href=\"https:\/\/rafaramirez.org\/blog\/wp-content\/uploads\/2025\/04\/Autorretrato_frente_a_un_caballete_Gabriele-Munter_1908-1909_ok.jpg\" target=\"_blank\" rel=\"noopener\"><img loading=\"lazy\" decoding=\"async\" class=\"wp-image-8604 size-medium\" src=\"https:\/\/rafaramirez.org\/blog\/wp-content\/uploads\/2025\/04\/Autorretrato_frente_a_un_caballete_Gabriele-Munter_1908-1909_ok-230x300.jpg\" alt=\"&quot;Autorretrato frente a un caballete&quot; (1908-1909)) de Gabriele M\u00fcnter. Blog de Rafael Ram\u00edrez.\" width=\"230\" height=\"300\" srcset=\"https:\/\/rafaramirez.org\/blog\/wp-content\/uploads\/2025\/04\/Autorretrato_frente_a_un_caballete_Gabriele-Munter_1908-1909_ok-230x300.jpg 230w, https:\/\/rafaramirez.org\/blog\/wp-content\/uploads\/2025\/04\/Autorretrato_frente_a_un_caballete_Gabriele-Munter_1908-1909_ok-785x1024.jpg 785w, https:\/\/rafaramirez.org\/blog\/wp-content\/uploads\/2025\/04\/Autorretrato_frente_a_un_caballete_Gabriele-Munter_1908-1909_ok-768x1002.jpg 768w, https:\/\/rafaramirez.org\/blog\/wp-content\/uploads\/2025\/04\/Autorretrato_frente_a_un_caballete_Gabriele-Munter_1908-1909_ok.jpg 920w\" sizes=\"auto, (max-width: 230px) 100vw, 230px\" \/><\/a><figcaption id=\"caption-attachment-8604\" class=\"wp-caption-text\">\u00abAutorretrato frente a un caballete\u00bb (1908-1909)) de Gabriele M\u00fcnter. Blog de Rafael Ram\u00edrez.<\/figcaption><\/figure><\/li>\n<li><strong>\u00abPaseo en barca\u00bb (1910)<\/strong>: una representaci\u00f3n de una escena campestre en la que aparecen figuras clave del grupo Der Blaue Reiter, como Kandinsky y Marianne von Werefkin.\n<p><figure id=\"attachment_8605\" aria-describedby=\"caption-attachment-8605\" style=\"width: 173px\" class=\"wp-caption aligncenter\"><a href=\"https:\/\/rafaramirez.org\/blog\/wp-content\/uploads\/2025\/04\/Paseo_en_barca_Gabriele-Munter_1910_ok.jpg\" target=\"_blank\" rel=\"noopener\"><img loading=\"lazy\" decoding=\"async\" class=\"wp-image-8605 size-medium\" src=\"https:\/\/rafaramirez.org\/blog\/wp-content\/uploads\/2025\/04\/Paseo_en_barca_Gabriele-Munter_1910_ok-173x300.jpg\" alt=\"&quot;Paseo en barca&quot; (1910) de Gabriele M\u00fcnter pintora. Blog de Rafael Ram\u00edrez.\" width=\"173\" height=\"300\" srcset=\"https:\/\/rafaramirez.org\/blog\/wp-content\/uploads\/2025\/04\/Paseo_en_barca_Gabriele-Munter_1910_ok-173x300.jpg 173w, https:\/\/rafaramirez.org\/blog\/wp-content\/uploads\/2025\/04\/Paseo_en_barca_Gabriele-Munter_1910_ok-591x1024.jpg 591w, https:\/\/rafaramirez.org\/blog\/wp-content\/uploads\/2025\/04\/Paseo_en_barca_Gabriele-Munter_1910_ok.jpg 692w\" sizes=\"auto, (max-width: 173px) 100vw, 173px\" \/><\/a><figcaption id=\"caption-attachment-8605\" class=\"wp-caption-text\">\u00abPaseo en barca\u00bb (1910) de Gabriele M\u00fcnter. Blog de Rafael Ram\u00edrez.<\/figcaption><\/figure><\/li>\n<li><strong>\u00abMujer escribiendo en un sill\u00f3n (mujer suiza en pijama)\u00bb (1929): <\/strong>en esta pintura se aleja del expresionismo para acercarse a la Nueva Objetividad. Representa a una mujer moderna e independiente, vestida de manera informal, escribiendo en un sill\u00f3n. Se trata de un retrato \u00edntimo y significativo de su \u00e9poca.\n<p><figure id=\"attachment_8606\" aria-describedby=\"caption-attachment-8606\" style=\"width: 224px\" class=\"wp-caption aligncenter\"><a href=\"https:\/\/rafaramirez.org\/blog\/wp-content\/uploads\/2025\/04\/Mujer_escribiendo_en_un_sillon_Gabriele-Munter_1929.jpg\" target=\"_blank\" rel=\"noopener\"><img loading=\"lazy\" decoding=\"async\" class=\"wp-image-8606 size-medium\" src=\"https:\/\/rafaramirez.org\/blog\/wp-content\/uploads\/2025\/04\/Mujer_escribiendo_en_un_sillon_Gabriele-Munter_1929-224x300.jpg\" alt=\"&quot;Mujer escribiendo en un sill\u00f3n (mujer suiza en pijama)&quot; (1929) de Gabriele M\u00fcnter pintora. Blog de Rafael Ram\u00edrez.\" width=\"224\" height=\"300\" srcset=\"https:\/\/rafaramirez.org\/blog\/wp-content\/uploads\/2025\/04\/Mujer_escribiendo_en_un_sillon_Gabriele-Munter_1929-224x300.jpg 224w, https:\/\/rafaramirez.org\/blog\/wp-content\/uploads\/2025\/04\/Mujer_escribiendo_en_un_sillon_Gabriele-Munter_1929-763x1024.jpg 763w, https:\/\/rafaramirez.org\/blog\/wp-content\/uploads\/2025\/04\/Mujer_escribiendo_en_un_sillon_Gabriele-Munter_1929-768x1030.jpg 768w, https:\/\/rafaramirez.org\/blog\/wp-content\/uploads\/2025\/04\/Mujer_escribiendo_en_un_sillon_Gabriele-Munter_1929.jpg 800w\" sizes=\"auto, (max-width: 224px) 100vw, 224px\" \/><\/a><figcaption id=\"caption-attachment-8606\" class=\"wp-caption-text\">\u00abMujer escribiendo en un sill\u00f3n (mujer suiza en pijama)\u00bb (1929) de Gabriele M\u00fcnter. Blog de Rafael Ram\u00edrez.<\/figcaption><\/figure><\/li>\n<\/ol>\n<p>Estas obras no solo sobresalen por su calidad art\u00edstica, sino tambi\u00e9n por su relevancia en la evoluci\u00f3n del <a href=\"https:\/\/rafaramirez.org\/blog\/index.php\/2025\/05\/12\/el-expresionismo-historia\/\" target=\"_blank\" rel=\"noopener\">expresionismo<\/a>. Todas ellas reflejan la visi\u00f3n \u00fanica de Gabriele M\u00fcnter. Como ella misma dijo alguna vez: \u00abRepresent\u00e9 el mundo tal como me parec\u00eda en su esencia, tal como se apoderaba de m\u00ed\u00bb.<\/p>\n<p>M\u00e1s informaci\u00f3n:<\/p>\n<ul>\n<li><a href=\"https:\/\/es.wikipedia.org\/wiki\/Gabriele_M%C3%BCnter\" target=\"_blank\" rel=\"noopener\">Wikipedia<\/a>.<\/li>\n<li><a href=\"https:\/\/www.museothyssen.org\/exposiciones\/gabriele-munter\" target=\"_blank\" rel=\"noopener\">Museo Thyssen<\/a>.<\/li>\n<li><a href=\"https:\/\/rafaramirez.org\/blog\/index.php\/category\/arte\/historia-del-arte\/\" target=\"_blank\" rel=\"noopener\">Vida y obra de otros pintores<\/a>.<\/li>\n<\/ul>\n","protected":false},"excerpt":{"rendered":"<p>Gabriele M\u00fcnter fue una destacada pintora y fot\u00f3grafa alemana. Es conocida por ser una de las fundadoras del movimiento expresionista Der Blaue Reiter (\u00abEl jinete azul\u00bb), junto con artistas como Wassily Kandinsky y Franz Marc. Su estilo \u00fanico se caracteriza por colores brillantes, formas simplificadas y l\u00edneas oscuras que delinean sus composiciones. Su obra abarca [&hellip;]<\/p>\n","protected":false},"author":3,"featured_media":8609,"comment_status":"open","ping_status":"closed","sticky":false,"template":"","format":"standard","meta":{"site-container-style":"default","site-container-layout":"default","site-sidebar-layout":"default","disable-article-header":"default","disable-site-header":"default","disable-site-footer":"default","disable-content-area-spacing":"default","_jetpack_newsletter_access":"","_jetpack_dont_email_post_to_subs":false,"_jetpack_newsletter_tier_id":0,"_jetpack_memberships_contains_paywalled_content":false,"_jetpack_feature_clip_id":0,"_jetpack_memberships_contains_paid_content":false,"footnotes":"","jetpack_publicize_message":"","jetpack_publicize_feature_enabled":true,"jetpack_social_post_already_shared":true,"jetpack_social_options":{"image_generator_settings":{"template":"highway","default_image_id":0,"font":"","enabled":false},"version":2},"jetpack_post_was_ever_published":false},"categories":[1290],"tags":[4156,4159,4153,3804,68,3764,4155,4157,4152,4154,4158,4083],"class_list":["post-8591","post","type-post","status-publish","format-standard","has-post-thumbnail","hentry","category-historia-del-arte","tag-el-jinete-azul","tag-alexej-von-jawlensky","tag-biografia-de-gabriele-munter","tag-biografia-de-pintores","tag-blog-de-rafael-ramirez","tag-critica-de-arte","tag-der-blaue-reiter","tag-franz-marc","tag-gabriele-munter","tag-gabriele-munter-pintor","tag-marianne-von-werefkin","tag-wassily-kandinsky"],"yoast_head":"<!-- This site is optimized with the Yoast SEO plugin v28.4 - https:\/\/yoast.com\/product\/yoast-seo-wordpress\/ -->\n<title>Gabriele M\u00fcnter, la pintora expresionista de colores brillantes y formas sencillas. - Blog de Rafael Ram\u00edrez<\/title>\n<meta name=\"description\" content=\"Gabriele M\u00fcnter fue una destacada pintora alemana, conocida por ser una de las fundadoras del movimiento expresionista &quot;El jinete azul&quot;...\" \/>\n<meta name=\"robots\" content=\"index, follow, max-snippet:-1, max-image-preview:large, max-video-preview:-1\" \/>\n<link rel=\"canonical\" href=\"https:\/\/rafaramirez.org\/blog\/index.php\/2025\/04\/01\/gabriele-munter-pintora\/\" \/>\n<meta property=\"og:locale\" content=\"es_ES\" \/>\n<meta property=\"og:type\" content=\"article\" \/>\n<meta property=\"og:title\" content=\"Gabriele M\u00fcnter, la pintora expresionista de colores brillantes y formas sencillas. - Blog de Rafael Ram\u00edrez\" \/>\n<meta property=\"og:description\" content=\"Gabriele M\u00fcnter fue una destacada pintora alemana, conocida por ser una de las fundadoras del movimiento expresionista &quot;El jinete azul&quot;...\" \/>\n<meta property=\"og:url\" content=\"https:\/\/rafaramirez.org\/blog\/index.php\/2025\/04\/01\/gabriele-munter-pintora\/\" \/>\n<meta property=\"og:site_name\" content=\"Blog de Rafael Ram\u00edrez\" \/>\n<meta property=\"article:published_time\" content=\"2025-04-01T06:15:01+00:00\" \/>\n<meta property=\"article:modified_time\" content=\"2026-07-14T09:44:22+00:00\" \/>\n<meta property=\"og:image\" content=\"https:\/\/rafaramirez.org\/blog\/wp-content\/uploads\/2025\/04\/Gabriele-Munter_banner.jpg\" \/>\n\t<meta property=\"og:image:width\" content=\"720\" \/>\n\t<meta property=\"og:image:height\" content=\"440\" \/>\n\t<meta property=\"og:image:type\" content=\"image\/jpeg\" \/>\n<meta name=\"author\" content=\"Documentaci\u00f3n e investigaci\u00f3n\" \/>\n<meta name=\"twitter:card\" content=\"summary_large_image\" \/>\n<meta name=\"twitter:site\" content=\"@rafaramirez_ok\" \/>\n<meta name=\"twitter:label1\" content=\"Escrito por\" \/>\n\t<meta name=\"twitter:data1\" content=\"Documentaci\u00f3n e investigaci\u00f3n\" \/>\n\t<meta name=\"twitter:label2\" content=\"Tiempo de lectura\" \/>\n\t<meta name=\"twitter:data2\" content=\"7 minutos\" \/>\n<script type=\"application\/ld+json\" class=\"yoast-schema-graph\">{\"@context\":\"https:\\\/\\\/schema.org\",\"@graph\":[{\"@type\":\"Article\",\"@id\":\"https:\\\/\\\/rafaramirez.org\\\/blog\\\/index.php\\\/2025\\\/04\\\/01\\\/gabriele-munter-pintora\\\/#article\",\"isPartOf\":{\"@id\":\"https:\\\/\\\/rafaramirez.org\\\/blog\\\/index.php\\\/2025\\\/04\\\/01\\\/gabriele-munter-pintora\\\/\"},\"author\":{\"name\":\"Documentaci\u00f3n e investigaci\u00f3n\",\"@id\":\"https:\\\/\\\/rafaramirez.org\\\/blog\\\/#\\\/schema\\\/person\\\/8debd05b3d9a1d16fb21af726811617d\"},\"headline\":\"Gabriele M\u00fcnter, la pintora expresionista de colores brillantes y formas sencillas.\",\"datePublished\":\"2025-04-01T06:15:01+00:00\",\"dateModified\":\"2026-07-14T09:44:22+00:00\",\"mainEntityOfPage\":{\"@id\":\"https:\\\/\\\/rafaramirez.org\\\/blog\\\/index.php\\\/2025\\\/04\\\/01\\\/gabriele-munter-pintora\\\/\"},\"wordCount\":1173,\"commentCount\":0,\"publisher\":{\"@id\":\"https:\\\/\\\/rafaramirez.org\\\/blog\\\/#\\\/schema\\\/person\\\/50f43b6d60c578760d4c17bda54ab6a5\"},\"image\":{\"@id\":\"https:\\\/\\\/rafaramirez.org\\\/blog\\\/index.php\\\/2025\\\/04\\\/01\\\/gabriele-munter-pintora\\\/#primaryimage\"},\"thumbnailUrl\":\"https:\\\/\\\/rafaramirez.org\\\/blog\\\/wp-content\\\/uploads\\\/2025\\\/04\\\/Gabriele-Munter_banner.jpg\",\"keywords\":[\"\\\"El Jinete Azul\\\"\",\"Alexej von Jawlensky\",\"biograf\u00eda de Gabriele M\u00fcnter\",\"biograf\u00eda de pintores\",\"blog de Rafael Ram\u00edrez\",\"cr\u00edtica de arte\",\"Der Blaue Reiter\",\"Franz Marc\",\"Gabriele M\u00fcnter\",\"Gabriele M\u00fcnter pintor\",\"Marianne von Werefkin\",\"Wassily Kandinsky\"],\"articleSection\":[\"Historia del arte\"],\"inLanguage\":\"es\",\"potentialAction\":[{\"@type\":\"CommentAction\",\"name\":\"Comment\",\"target\":[\"https:\\\/\\\/rafaramirez.org\\\/blog\\\/index.php\\\/2025\\\/04\\\/01\\\/gabriele-munter-pintora\\\/#respond\"]}]},{\"@type\":\"WebPage\",\"@id\":\"https:\\\/\\\/rafaramirez.org\\\/blog\\\/index.php\\\/2025\\\/04\\\/01\\\/gabriele-munter-pintora\\\/\",\"url\":\"https:\\\/\\\/rafaramirez.org\\\/blog\\\/index.php\\\/2025\\\/04\\\/01\\\/gabriele-munter-pintora\\\/\",\"name\":\"Gabriele M\u00fcnter, la pintora expresionista de colores brillantes y formas sencillas. - Blog de Rafael Ram\u00edrez\",\"isPartOf\":{\"@id\":\"https:\\\/\\\/rafaramirez.org\\\/blog\\\/#website\"},\"primaryImageOfPage\":{\"@id\":\"https:\\\/\\\/rafaramirez.org\\\/blog\\\/index.php\\\/2025\\\/04\\\/01\\\/gabriele-munter-pintora\\\/#primaryimage\"},\"image\":{\"@id\":\"https:\\\/\\\/rafaramirez.org\\\/blog\\\/index.php\\\/2025\\\/04\\\/01\\\/gabriele-munter-pintora\\\/#primaryimage\"},\"thumbnailUrl\":\"https:\\\/\\\/rafaramirez.org\\\/blog\\\/wp-content\\\/uploads\\\/2025\\\/04\\\/Gabriele-Munter_banner.jpg\",\"datePublished\":\"2025-04-01T06:15:01+00:00\",\"dateModified\":\"2026-07-14T09:44:22+00:00\",\"description\":\"Gabriele M\u00fcnter fue una destacada pintora alemana, conocida por ser una de las fundadoras del movimiento expresionista \\\"El jinete azul\\\"...\",\"breadcrumb\":{\"@id\":\"https:\\\/\\\/rafaramirez.org\\\/blog\\\/index.php\\\/2025\\\/04\\\/01\\\/gabriele-munter-pintora\\\/#breadcrumb\"},\"inLanguage\":\"es\",\"potentialAction\":[{\"@type\":\"ReadAction\",\"target\":[\"https:\\\/\\\/rafaramirez.org\\\/blog\\\/index.php\\\/2025\\\/04\\\/01\\\/gabriele-munter-pintora\\\/\"]}]},{\"@type\":\"ImageObject\",\"inLanguage\":\"es\",\"@id\":\"https:\\\/\\\/rafaramirez.org\\\/blog\\\/index.php\\\/2025\\\/04\\\/01\\\/gabriele-munter-pintora\\\/#primaryimage\",\"url\":\"https:\\\/\\\/rafaramirez.org\\\/blog\\\/wp-content\\\/uploads\\\/2025\\\/04\\\/Gabriele-Munter_banner.jpg\",\"contentUrl\":\"https:\\\/\\\/rafaramirez.org\\\/blog\\\/wp-content\\\/uploads\\\/2025\\\/04\\\/Gabriele-Munter_banner.jpg\",\"width\":720,\"height\":440,\"caption\":\"Gabriele M\u00fcnter pintora. Blog de Rafael Ram\u00edrez.\"},{\"@type\":\"BreadcrumbList\",\"@id\":\"https:\\\/\\\/rafaramirez.org\\\/blog\\\/index.php\\\/2025\\\/04\\\/01\\\/gabriele-munter-pintora\\\/#breadcrumb\",\"itemListElement\":[{\"@type\":\"ListItem\",\"position\":1,\"name\":\"Portada\",\"item\":\"https:\\\/\\\/rafaramirez.org\\\/blog\\\/\"},{\"@type\":\"ListItem\",\"position\":2,\"name\":\"Gabriele M\u00fcnter, la pintora expresionista de colores brillantes y formas sencillas.\"}]},{\"@type\":\"WebSite\",\"@id\":\"https:\\\/\\\/rafaramirez.org\\\/blog\\\/#website\",\"url\":\"https:\\\/\\\/rafaramirez.org\\\/blog\\\/\",\"name\":\"Blog de Rafael Ram\u00edrez\",\"description\":\"Un sitio social, de arte y cultura\",\"publisher\":{\"@id\":\"https:\\\/\\\/rafaramirez.org\\\/blog\\\/#\\\/schema\\\/person\\\/50f43b6d60c578760d4c17bda54ab6a5\"},\"potentialAction\":[{\"@type\":\"SearchAction\",\"target\":{\"@type\":\"EntryPoint\",\"urlTemplate\":\"https:\\\/\\\/rafaramirez.org\\\/blog\\\/?s={search_term_string}\"},\"query-input\":{\"@type\":\"PropertyValueSpecification\",\"valueRequired\":true,\"valueName\":\"search_term_string\"}}],\"inLanguage\":\"es\"},{\"@type\":[\"Person\",\"Organization\"],\"@id\":\"https:\\\/\\\/rafaramirez.org\\\/blog\\\/#\\\/schema\\\/person\\\/50f43b6d60c578760d4c17bda54ab6a5\",\"name\":\"Rafael Ram\u00edrez\",\"image\":{\"@type\":\"ImageObject\",\"inLanguage\":\"es\",\"@id\":\"https:\\\/\\\/rafaramirez.org\\\/blog\\\/wp-content\\\/uploads\\\/2024\\\/09\\\/RR_socialnetwork.jpg\",\"url\":\"https:\\\/\\\/rafaramirez.org\\\/blog\\\/wp-content\\\/uploads\\\/2024\\\/09\\\/RR_socialnetwork.jpg\",\"contentUrl\":\"https:\\\/\\\/rafaramirez.org\\\/blog\\\/wp-content\\\/uploads\\\/2024\\\/09\\\/RR_socialnetwork.jpg\",\"width\":600,\"height\":606,\"caption\":\"Rafael Ram\u00edrez\"},\"logo\":{\"@id\":\"https:\\\/\\\/rafaramirez.org\\\/blog\\\/wp-content\\\/uploads\\\/2024\\\/09\\\/RR_socialnetwork.jpg\"},\"sameAs\":[\"https:\\\/\\\/www.rafaramirez.org\\\/blog\",\"https:\\\/\\\/www.instagram.com\\\/rafaramirez_ok\\\/\",\"https:\\\/\\\/es.pinterest.com\\\/Ramirez_Rafa\\\/\",\"https:\\\/\\\/x.com\\\/rafaramirez_ok\"]},{\"@type\":\"Person\",\"@id\":\"https:\\\/\\\/rafaramirez.org\\\/blog\\\/#\\\/schema\\\/person\\\/8debd05b3d9a1d16fb21af726811617d\",\"name\":\"Documentaci\u00f3n e investigaci\u00f3n\",\"image\":{\"@type\":\"ImageObject\",\"inLanguage\":\"es\",\"@id\":\"https:\\\/\\\/secure.gravatar.com\\\/avatar\\\/fe70e496579a39c7a8fc4982b89275403b1092eb200623138a32daada9416911?s=96&d=mm&r=g\",\"url\":\"https:\\\/\\\/secure.gravatar.com\\\/avatar\\\/fe70e496579a39c7a8fc4982b89275403b1092eb200623138a32daada9416911?s=96&d=mm&r=g\",\"contentUrl\":\"https:\\\/\\\/secure.gravatar.com\\\/avatar\\\/fe70e496579a39c7a8fc4982b89275403b1092eb200623138a32daada9416911?s=96&d=mm&r=g\",\"caption\":\"Documentaci\u00f3n e investigaci\u00f3n\"},\"url\":\"https:\\\/\\\/rafaramirez.org\\\/blog\\\/index.php\\\/author\\\/admin\\\/\"}]}<\/script>\n<!-- \/ Yoast SEO plugin. -->","yoast_head_json":{"title":"Gabriele M\u00fcnter, la pintora expresionista de colores brillantes y formas sencillas. - Blog de Rafael Ram\u00edrez","description":"Gabriele M\u00fcnter fue una destacada pintora alemana, conocida por ser una de las fundadoras del movimiento expresionista \"El jinete azul\"...","robots":{"index":"index","follow":"follow","max-snippet":"max-snippet:-1","max-image-preview":"max-image-preview:large","max-video-preview":"max-video-preview:-1"},"canonical":"https:\/\/rafaramirez.org\/blog\/index.php\/2025\/04\/01\/gabriele-munter-pintora\/","og_locale":"es_ES","og_type":"article","og_title":"Gabriele M\u00fcnter, la pintora expresionista de colores brillantes y formas sencillas. - Blog de Rafael Ram\u00edrez","og_description":"Gabriele M\u00fcnter fue una destacada pintora alemana, conocida por ser una de las fundadoras del movimiento expresionista \"El jinete azul\"...","og_url":"https:\/\/rafaramirez.org\/blog\/index.php\/2025\/04\/01\/gabriele-munter-pintora\/","og_site_name":"Blog de Rafael Ram\u00edrez","article_published_time":"2025-04-01T06:15:01+00:00","article_modified_time":"2026-07-14T09:44:22+00:00","og_image":[{"width":720,"height":440,"url":"https:\/\/rafaramirez.org\/blog\/wp-content\/uploads\/2025\/04\/Gabriele-Munter_banner.jpg","type":"image\/jpeg"}],"author":"Documentaci\u00f3n e investigaci\u00f3n","twitter_card":"summary_large_image","twitter_site":"@rafaramirez_ok","twitter_misc":{"Escrito por":"Documentaci\u00f3n e investigaci\u00f3n","Tiempo de lectura":"7 minutos"},"schema":{"@context":"https:\/\/schema.org","@graph":[{"@type":"Article","@id":"https:\/\/rafaramirez.org\/blog\/index.php\/2025\/04\/01\/gabriele-munter-pintora\/#article","isPartOf":{"@id":"https:\/\/rafaramirez.org\/blog\/index.php\/2025\/04\/01\/gabriele-munter-pintora\/"},"author":{"name":"Documentaci\u00f3n e investigaci\u00f3n","@id":"https:\/\/rafaramirez.org\/blog\/#\/schema\/person\/8debd05b3d9a1d16fb21af726811617d"},"headline":"Gabriele M\u00fcnter, la pintora expresionista de colores brillantes y formas sencillas.","datePublished":"2025-04-01T06:15:01+00:00","dateModified":"2026-07-14T09:44:22+00:00","mainEntityOfPage":{"@id":"https:\/\/rafaramirez.org\/blog\/index.php\/2025\/04\/01\/gabriele-munter-pintora\/"},"wordCount":1173,"commentCount":0,"publisher":{"@id":"https:\/\/rafaramirez.org\/blog\/#\/schema\/person\/50f43b6d60c578760d4c17bda54ab6a5"},"image":{"@id":"https:\/\/rafaramirez.org\/blog\/index.php\/2025\/04\/01\/gabriele-munter-pintora\/#primaryimage"},"thumbnailUrl":"https:\/\/rafaramirez.org\/blog\/wp-content\/uploads\/2025\/04\/Gabriele-Munter_banner.jpg","keywords":["\"El Jinete Azul\"","Alexej von Jawlensky","biograf\u00eda de Gabriele M\u00fcnter","biograf\u00eda de pintores","blog de Rafael Ram\u00edrez","cr\u00edtica de arte","Der Blaue Reiter","Franz Marc","Gabriele M\u00fcnter","Gabriele M\u00fcnter pintor","Marianne von Werefkin","Wassily Kandinsky"],"articleSection":["Historia del arte"],"inLanguage":"es","potentialAction":[{"@type":"CommentAction","name":"Comment","target":["https:\/\/rafaramirez.org\/blog\/index.php\/2025\/04\/01\/gabriele-munter-pintora\/#respond"]}]},{"@type":"WebPage","@id":"https:\/\/rafaramirez.org\/blog\/index.php\/2025\/04\/01\/gabriele-munter-pintora\/","url":"https:\/\/rafaramirez.org\/blog\/index.php\/2025\/04\/01\/gabriele-munter-pintora\/","name":"Gabriele M\u00fcnter, la pintora expresionista de colores brillantes y formas sencillas. - Blog de Rafael Ram\u00edrez","isPartOf":{"@id":"https:\/\/rafaramirez.org\/blog\/#website"},"primaryImageOfPage":{"@id":"https:\/\/rafaramirez.org\/blog\/index.php\/2025\/04\/01\/gabriele-munter-pintora\/#primaryimage"},"image":{"@id":"https:\/\/rafaramirez.org\/blog\/index.php\/2025\/04\/01\/gabriele-munter-pintora\/#primaryimage"},"thumbnailUrl":"https:\/\/rafaramirez.org\/blog\/wp-content\/uploads\/2025\/04\/Gabriele-Munter_banner.jpg","datePublished":"2025-04-01T06:15:01+00:00","dateModified":"2026-07-14T09:44:22+00:00","description":"Gabriele M\u00fcnter fue una destacada pintora alemana, conocida por ser una de las fundadoras del movimiento expresionista \"El jinete azul\"...","breadcrumb":{"@id":"https:\/\/rafaramirez.org\/blog\/index.php\/2025\/04\/01\/gabriele-munter-pintora\/#breadcrumb"},"inLanguage":"es","potentialAction":[{"@type":"ReadAction","target":["https:\/\/rafaramirez.org\/blog\/index.php\/2025\/04\/01\/gabriele-munter-pintora\/"]}]},{"@type":"ImageObject","inLanguage":"es","@id":"https:\/\/rafaramirez.org\/blog\/index.php\/2025\/04\/01\/gabriele-munter-pintora\/#primaryimage","url":"https:\/\/rafaramirez.org\/blog\/wp-content\/uploads\/2025\/04\/Gabriele-Munter_banner.jpg","contentUrl":"https:\/\/rafaramirez.org\/blog\/wp-content\/uploads\/2025\/04\/Gabriele-Munter_banner.jpg","width":720,"height":440,"caption":"Gabriele M\u00fcnter pintora. Blog de Rafael Ram\u00edrez."},{"@type":"BreadcrumbList","@id":"https:\/\/rafaramirez.org\/blog\/index.php\/2025\/04\/01\/gabriele-munter-pintora\/#breadcrumb","itemListElement":[{"@type":"ListItem","position":1,"name":"Portada","item":"https:\/\/rafaramirez.org\/blog\/"},{"@type":"ListItem","position":2,"name":"Gabriele M\u00fcnter, la pintora expresionista de colores brillantes y formas sencillas."}]},{"@type":"WebSite","@id":"https:\/\/rafaramirez.org\/blog\/#website","url":"https:\/\/rafaramirez.org\/blog\/","name":"Blog de Rafael Ram\u00edrez","description":"Un sitio social, de arte y cultura","publisher":{"@id":"https:\/\/rafaramirez.org\/blog\/#\/schema\/person\/50f43b6d60c578760d4c17bda54ab6a5"},"potentialAction":[{"@type":"SearchAction","target":{"@type":"EntryPoint","urlTemplate":"https:\/\/rafaramirez.org\/blog\/?s={search_term_string}"},"query-input":{"@type":"PropertyValueSpecification","valueRequired":true,"valueName":"search_term_string"}}],"inLanguage":"es"},{"@type":["Person","Organization"],"@id":"https:\/\/rafaramirez.org\/blog\/#\/schema\/person\/50f43b6d60c578760d4c17bda54ab6a5","name":"Rafael Ram\u00edrez","image":{"@type":"ImageObject","inLanguage":"es","@id":"https:\/\/rafaramirez.org\/blog\/wp-content\/uploads\/2024\/09\/RR_socialnetwork.jpg","url":"https:\/\/rafaramirez.org\/blog\/wp-content\/uploads\/2024\/09\/RR_socialnetwork.jpg","contentUrl":"https:\/\/rafaramirez.org\/blog\/wp-content\/uploads\/2024\/09\/RR_socialnetwork.jpg","width":600,"height":606,"caption":"Rafael Ram\u00edrez"},"logo":{"@id":"https:\/\/rafaramirez.org\/blog\/wp-content\/uploads\/2024\/09\/RR_socialnetwork.jpg"},"sameAs":["https:\/\/www.rafaramirez.org\/blog","https:\/\/www.instagram.com\/rafaramirez_ok\/","https:\/\/es.pinterest.com\/Ramirez_Rafa\/","https:\/\/x.com\/rafaramirez_ok"]},{"@type":"Person","@id":"https:\/\/rafaramirez.org\/blog\/#\/schema\/person\/8debd05b3d9a1d16fb21af726811617d","name":"Documentaci\u00f3n e investigaci\u00f3n","image":{"@type":"ImageObject","inLanguage":"es","@id":"https:\/\/secure.gravatar.com\/avatar\/fe70e496579a39c7a8fc4982b89275403b1092eb200623138a32daada9416911?s=96&d=mm&r=g","url":"https:\/\/secure.gravatar.com\/avatar\/fe70e496579a39c7a8fc4982b89275403b1092eb200623138a32daada9416911?s=96&d=mm&r=g","contentUrl":"https:\/\/secure.gravatar.com\/avatar\/fe70e496579a39c7a8fc4982b89275403b1092eb200623138a32daada9416911?s=96&d=mm&r=g","caption":"Documentaci\u00f3n e investigaci\u00f3n"},"url":"https:\/\/rafaramirez.org\/blog\/index.php\/author\/admin\/"}]}},"jetpack_publicize_connections":[],"jetpack_sharing_enabled":true,"jetpack_likes_enabled":true,"jetpack_featured_media_url":"https:\/\/rafaramirez.org\/blog\/wp-content\/uploads\/2025\/04\/Gabriele-Munter_banner.jpg","_links":{"self":[{"href":"https:\/\/rafaramirez.org\/blog\/index.php\/wp-json\/wp\/v2\/posts\/8591","targetHints":{"allow":["GET"]}}],"collection":[{"href":"https:\/\/rafaramirez.org\/blog\/index.php\/wp-json\/wp\/v2\/posts"}],"about":[{"href":"https:\/\/rafaramirez.org\/blog\/index.php\/wp-json\/wp\/v2\/types\/post"}],"author":[{"embeddable":true,"href":"https:\/\/rafaramirez.org\/blog\/index.php\/wp-json\/wp\/v2\/users\/3"}],"replies":[{"embeddable":true,"href":"https:\/\/rafaramirez.org\/blog\/index.php\/wp-json\/wp\/v2\/comments?post=8591"}],"version-history":[{"count":26,"href":"https:\/\/rafaramirez.org\/blog\/index.php\/wp-json\/wp\/v2\/posts\/8591\/revisions"}],"predecessor-version":[{"id":11652,"href":"https:\/\/rafaramirez.org\/blog\/index.php\/wp-json\/wp\/v2\/posts\/8591\/revisions\/11652"}],"wp:featuredmedia":[{"embeddable":true,"href":"https:\/\/rafaramirez.org\/blog\/index.php\/wp-json\/wp\/v2\/media\/8609"}],"wp:attachment":[{"href":"https:\/\/rafaramirez.org\/blog\/index.php\/wp-json\/wp\/v2\/media?parent=8591"}],"wp:term":[{"taxonomy":"category","embeddable":true,"href":"https:\/\/rafaramirez.org\/blog\/index.php\/wp-json\/wp\/v2\/categories?post=8591"},{"taxonomy":"post_tag","embeddable":true,"href":"https:\/\/rafaramirez.org\/blog\/index.php\/wp-json\/wp\/v2\/tags?post=8591"}],"curies":[{"name":"wp","href":"https:\/\/api.w.org\/{rel}","templated":true}]}}