{"id":8582,"date":"2025-03-31T08:15:17","date_gmt":"2025-03-31T06:15:17","guid":{"rendered":"https:\/\/rafaramirez.org\/blog\/?p=8582"},"modified":"2026-03-18T11:46:02","modified_gmt":"2026-03-18T10:46:02","slug":"reflexiones-dias-de-lluvia-entre-la-inspiracion-y-la-apatia","status":"publish","type":"post","link":"https:\/\/rafaramirez.org\/blog\/index.php\/2025\/03\/31\/reflexiones-dias-de-lluvia-entre-la-inspiracion-y-la-apatia\/","title":{"rendered":"Reflexiones: D\u00edas de lluvia, entre la inspiraci\u00f3n y la apat\u00eda."},"content":{"rendered":"<p>Los d\u00edas de lluvia tienen una magia especial, como si el cielo decidiera compartir su melancol\u00eda conmigo. Cuando aparecen de manera puntual, aislados entre jornadas de sol, su llegada es como un soplo de aire fresco para mi mente. Me sumerjo en ese tamborileo constante de gotas en los cristales; me electriza, me llena de ideas. Bajo la penumbra que ti\u00f1e todo de gris, las ideas fluyen, las im\u00e1genes se forman n\u00edtidas en mi cabeza, y siento que no hay nada que no pueda crear en esos momentos de conexi\u00f3n \u00edntima con la tormenta.<\/p>\n<p>Sin embargo, la magia tiene un l\u00edmite, una frontera invisible que no tarda en cruzarse cuando los d\u00edas de lluvia se apilan uno tras otro, acumul\u00e1ndose hasta formar semanas enteras. Entonces, aquello que antes encend\u00eda mi esp\u00edritu ahora lo aplasta bajo su peso. Mi mente se estanca, atrapada en una monoton\u00eda h\u00fameda e inevitable. Los sonidos, que al principio eran m\u00fasica para mi creatividad, se vuelven ruido; el gris, que hab\u00eda inspirado misterio y melancol\u00eda, se transforma en un tedio aplastante.<\/p>\n<p>S\u00ed, ya s\u00e9 que es algo excepcional, que toda esta agua es un regalo de Dios, que es necesaria, pero es como si toda mi energ\u00eda se disolviera con las gotas de lluvia en el suelo. Ya no me apetece crear, imaginar, ni siquiera mirar por la ventana. La lluvia, que al principio parec\u00eda un b\u00e1lsamo, se convierte en un velo de apat\u00eda que cubre mi mundo y entorpece cada pensamiento, cada intento de encontrar algo que me devuelva el impulso. Espero que el sol regrese, no tanto por necesidad f\u00edsica, sino porque trae consigo la promesa de luz en mi interior.<\/p>\n<p>Rafael Ram\u00edrez\u00a92025.<\/p>\n<figure id=\"attachment_8587\" aria-describedby=\"caption-attachment-8587\" style=\"width: 300px\" class=\"wp-caption aligncenter\"><a href=\"https:\/\/rafaramirez.org\/blog\/wp-content\/uploads\/2025\/03\/raindrops-3216607.jpg\" target=\"_blank\" rel=\"noopener\"><img loading=\"lazy\" decoding=\"async\" class=\"wp-image-8587 size-medium\" src=\"https:\/\/rafaramirez.org\/blog\/wp-content\/uploads\/2025\/03\/raindrops-3216607-300x168.jpg\" alt=\"Reflexiones: D\u00edas de lluvia entre la inspiraci\u00f3n y la apat\u00eda. Blog de Rafael Ram\u00edrez.\" width=\"300\" height=\"168\" srcset=\"https:\/\/rafaramirez.org\/blog\/wp-content\/uploads\/2025\/03\/raindrops-3216607-300x168.jpg 300w, https:\/\/rafaramirez.org\/blog\/wp-content\/uploads\/2025\/03\/raindrops-3216607-768x431.jpg 768w, https:\/\/rafaramirez.org\/blog\/wp-content\/uploads\/2025\/03\/raindrops-3216607.jpg 800w\" sizes=\"auto, (max-width: 300px) 100vw, 300px\" \/><\/a><figcaption id=\"caption-attachment-8587\" class=\"wp-caption-text\">Reflexiones: D\u00edas de lluvia entre la inspiraci\u00f3n y la apat\u00eda. Blog de Rafael Ram\u00edrez.<\/figcaption><\/figure>\n<ul>\n<li><a href=\"https:\/\/rafaramirez.org\/blog\/index.php\/category\/arte\/literatura\/\" target=\"_blank\" rel=\"noopener\">Lectura recomendada<\/a>.<\/li>\n<li><a href=\"https:\/\/es.pinterest.com\/Ramirez_Rafa\/\" target=\"_blank\" rel=\"noopener\">En Pinterest.<\/a><\/li>\n<\/ul>\n","protected":false},"excerpt":{"rendered":"<p>Los d\u00edas de lluvia tienen una magia especial, como si el cielo decidiera compartir su melancol\u00eda conmigo. Cuando aparecen de manera puntual, aislados entre jornadas de sol, su llegada es como un soplo de aire fresco para mi mente. Me sumerjo en ese tamborileo constante de gotas en los cristales; me electriza, me llena de [&hellip;]<\/p>\n","protected":false},"author":1,"featured_media":8584,"comment_status":"open","ping_status":"closed","sticky":false,"template":"","format":"standard","meta":{"site-container-style":"default","site-container-layout":"default","site-sidebar-layout":"default","disable-article-header":"default","disable-site-header":"default","disable-site-footer":"default","disable-content-area-spacing":"default","_jetpack_newsletter_access":"","_jetpack_dont_email_post_to_subs":false,"_jetpack_newsletter_tier_id":0,"_jetpack_memberships_contains_paywalled_content":false,"_jetpack_feature_clip_id":0,"_jetpack_memberships_contains_paid_content":false,"footnotes":"","jetpack_publicize_message":"","jetpack_publicize_feature_enabled":true,"jetpack_social_post_already_shared":true,"jetpack_social_options":{"image_generator_settings":{"template":"highway","default_image_id":0,"font":"","enabled":false},"version":2},"jetpack_post_was_ever_published":false},"categories":[710],"tags":[4147,4150,4148,4151,4149,350,1796,1256,4146],"class_list":["post-8582","post","type-post","status-publish","format-standard","has-post-thumbnail","hentry","category-literatura","tag-articulo-de-opinion","tag-articulo-de-rafael-ramirez","tag-dias-de-lluvia","tag-dias-de-lluvia-entre-la-inspiracion-y-la-apatia","tag-entre-la-inspiracion-y-la-apatia","tag-para-reflexionar","tag-reflexion-personal","tag-reflexion-sobre-la-vida","tag-reflexiones-de-rafael-ramirez"],"yoast_head":"<!-- This site is optimized with the Yoast SEO plugin v28.3 - https:\/\/yoast.com\/product\/yoast-seo-wordpress\/ -->\n<title>Reflexiones: D\u00edas de lluvia, entre la inspiraci\u00f3n y la apat\u00eda. - Blog de Rafael Ram\u00edrez<\/title>\n<meta name=\"description\" content=\"Los d\u00edas de lluvia tienen una magia especial, como si el cielo decidiera compartir su melancol\u00eda conmigo. Cuando aparecen de manera puntual,\" \/>\n<meta name=\"robots\" content=\"index, follow, max-snippet:-1, max-image-preview:large, max-video-preview:-1\" \/>\n<link rel=\"canonical\" href=\"https:\/\/rafaramirez.org\/blog\/index.php\/2025\/03\/31\/reflexiones-dias-de-lluvia-entre-la-inspiracion-y-la-apatia\/\" \/>\n<meta property=\"og:locale\" content=\"es_ES\" \/>\n<meta property=\"og:type\" content=\"article\" \/>\n<meta property=\"og:title\" content=\"Reflexiones: D\u00edas de lluvia, entre la inspiraci\u00f3n y la apat\u00eda. - Blog de Rafael Ram\u00edrez\" \/>\n<meta property=\"og:description\" content=\"Los d\u00edas de lluvia tienen una magia especial, como si el cielo decidiera compartir su melancol\u00eda conmigo. Cuando aparecen de manera puntual,\" \/>\n<meta property=\"og:url\" content=\"https:\/\/rafaramirez.org\/blog\/index.php\/2025\/03\/31\/reflexiones-dias-de-lluvia-entre-la-inspiracion-y-la-apatia\/\" \/>\n<meta property=\"og:site_name\" content=\"Blog de Rafael Ram\u00edrez\" \/>\n<meta property=\"article:published_time\" content=\"2025-03-31T06:15:17+00:00\" \/>\n<meta property=\"article:modified_time\" content=\"2026-03-18T10:46:02+00:00\" \/>\n<meta property=\"og:image\" content=\"https:\/\/rafaramirez.org\/blog\/wp-content\/uploads\/2025\/03\/Dias_de_lluvia_entre_la_inspiracion_y_la_apatia_banner.jpg\" \/>\n\t<meta property=\"og:image:width\" content=\"720\" \/>\n\t<meta property=\"og:image:height\" content=\"440\" \/>\n\t<meta property=\"og:image:type\" content=\"image\/jpeg\" \/>\n<meta name=\"author\" content=\"Rafael Ram\u00edrez\" \/>\n<meta name=\"twitter:card\" content=\"summary_large_image\" \/>\n<meta name=\"twitter:creator\" content=\"@rafaramirez_ok\" \/>\n<meta name=\"twitter:site\" content=\"@rafaramirez_ok\" \/>\n<meta name=\"twitter:label1\" content=\"Escrito por\" \/>\n\t<meta name=\"twitter:data1\" content=\"Rafael Ram\u00edrez\" \/>\n\t<meta name=\"twitter:label2\" content=\"Tiempo de lectura\" \/>\n\t<meta name=\"twitter:data2\" content=\"2 minutos\" \/>\n<script type=\"application\/ld+json\" class=\"yoast-schema-graph\">{\"@context\":\"https:\\\/\\\/schema.org\",\"@graph\":[{\"@type\":\"Article\",\"@id\":\"https:\\\/\\\/rafaramirez.org\\\/blog\\\/index.php\\\/2025\\\/03\\\/31\\\/reflexiones-dias-de-lluvia-entre-la-inspiracion-y-la-apatia\\\/#article\",\"isPartOf\":{\"@id\":\"https:\\\/\\\/rafaramirez.org\\\/blog\\\/index.php\\\/2025\\\/03\\\/31\\\/reflexiones-dias-de-lluvia-entre-la-inspiracion-y-la-apatia\\\/\"},\"author\":{\"name\":\"Rafael Ram\u00edrez\",\"@id\":\"https:\\\/\\\/rafaramirez.org\\\/blog\\\/#\\\/schema\\\/person\\\/50f43b6d60c578760d4c17bda54ab6a5\"},\"headline\":\"Reflexiones: D\u00edas de lluvia, entre la inspiraci\u00f3n y la apat\u00eda.\",\"datePublished\":\"2025-03-31T06:15:17+00:00\",\"dateModified\":\"2026-03-18T10:46:02+00:00\",\"mainEntityOfPage\":{\"@id\":\"https:\\\/\\\/rafaramirez.org\\\/blog\\\/index.php\\\/2025\\\/03\\\/31\\\/reflexiones-dias-de-lluvia-entre-la-inspiracion-y-la-apatia\\\/\"},\"wordCount\":343,\"commentCount\":0,\"publisher\":{\"@id\":\"https:\\\/\\\/rafaramirez.org\\\/blog\\\/#\\\/schema\\\/person\\\/50f43b6d60c578760d4c17bda54ab6a5\"},\"image\":{\"@id\":\"https:\\\/\\\/rafaramirez.org\\\/blog\\\/index.php\\\/2025\\\/03\\\/31\\\/reflexiones-dias-de-lluvia-entre-la-inspiracion-y-la-apatia\\\/#primaryimage\"},\"thumbnailUrl\":\"https:\\\/\\\/rafaramirez.org\\\/blog\\\/wp-content\\\/uploads\\\/2025\\\/03\\\/Dias_de_lluvia_entre_la_inspiracion_y_la_apatia_banner.jpg\",\"keywords\":[\"art\u00edculo de opini\u00f3n\",\"art\u00edculo de Rafael Ram\u00edrez\",\"D\u00edas de lluvia\",\"D\u00edas de lluvia entre la inspiraci\u00f3n y la apat\u00eda\",\"entre la inspiraci\u00f3n y la apat\u00eda\",\"para reflexionar\",\"reflexi\u00f3n personal\",\"Reflexi\u00f3n sobre la vida\",\"reflexiones de Rafael Ram\u00edrez\"],\"articleSection\":[\"Literatura\"],\"inLanguage\":\"es\",\"potentialAction\":[{\"@type\":\"CommentAction\",\"name\":\"Comment\",\"target\":[\"https:\\\/\\\/rafaramirez.org\\\/blog\\\/index.php\\\/2025\\\/03\\\/31\\\/reflexiones-dias-de-lluvia-entre-la-inspiracion-y-la-apatia\\\/#respond\"]}]},{\"@type\":\"WebPage\",\"@id\":\"https:\\\/\\\/rafaramirez.org\\\/blog\\\/index.php\\\/2025\\\/03\\\/31\\\/reflexiones-dias-de-lluvia-entre-la-inspiracion-y-la-apatia\\\/\",\"url\":\"https:\\\/\\\/rafaramirez.org\\\/blog\\\/index.php\\\/2025\\\/03\\\/31\\\/reflexiones-dias-de-lluvia-entre-la-inspiracion-y-la-apatia\\\/\",\"name\":\"Reflexiones: D\u00edas de lluvia, entre la inspiraci\u00f3n y la apat\u00eda. - Blog de Rafael Ram\u00edrez\",\"isPartOf\":{\"@id\":\"https:\\\/\\\/rafaramirez.org\\\/blog\\\/#website\"},\"primaryImageOfPage\":{\"@id\":\"https:\\\/\\\/rafaramirez.org\\\/blog\\\/index.php\\\/2025\\\/03\\\/31\\\/reflexiones-dias-de-lluvia-entre-la-inspiracion-y-la-apatia\\\/#primaryimage\"},\"image\":{\"@id\":\"https:\\\/\\\/rafaramirez.org\\\/blog\\\/index.php\\\/2025\\\/03\\\/31\\\/reflexiones-dias-de-lluvia-entre-la-inspiracion-y-la-apatia\\\/#primaryimage\"},\"thumbnailUrl\":\"https:\\\/\\\/rafaramirez.org\\\/blog\\\/wp-content\\\/uploads\\\/2025\\\/03\\\/Dias_de_lluvia_entre_la_inspiracion_y_la_apatia_banner.jpg\",\"datePublished\":\"2025-03-31T06:15:17+00:00\",\"dateModified\":\"2026-03-18T10:46:02+00:00\",\"description\":\"Los d\u00edas de lluvia tienen una magia especial, como si el cielo decidiera compartir su melancol\u00eda conmigo. Cuando aparecen de manera puntual,\",\"breadcrumb\":{\"@id\":\"https:\\\/\\\/rafaramirez.org\\\/blog\\\/index.php\\\/2025\\\/03\\\/31\\\/reflexiones-dias-de-lluvia-entre-la-inspiracion-y-la-apatia\\\/#breadcrumb\"},\"inLanguage\":\"es\",\"potentialAction\":[{\"@type\":\"ReadAction\",\"target\":[\"https:\\\/\\\/rafaramirez.org\\\/blog\\\/index.php\\\/2025\\\/03\\\/31\\\/reflexiones-dias-de-lluvia-entre-la-inspiracion-y-la-apatia\\\/\"]}]},{\"@type\":\"ImageObject\",\"inLanguage\":\"es\",\"@id\":\"https:\\\/\\\/rafaramirez.org\\\/blog\\\/index.php\\\/2025\\\/03\\\/31\\\/reflexiones-dias-de-lluvia-entre-la-inspiracion-y-la-apatia\\\/#primaryimage\",\"url\":\"https:\\\/\\\/rafaramirez.org\\\/blog\\\/wp-content\\\/uploads\\\/2025\\\/03\\\/Dias_de_lluvia_entre_la_inspiracion_y_la_apatia_banner.jpg\",\"contentUrl\":\"https:\\\/\\\/rafaramirez.org\\\/blog\\\/wp-content\\\/uploads\\\/2025\\\/03\\\/Dias_de_lluvia_entre_la_inspiracion_y_la_apatia_banner.jpg\",\"width\":720,\"height\":440,\"caption\":\"Reflexiones: D\u00edas de lluvia entre la inspiraci\u00f3n y la apat\u00eda. Blog de Rafael Ram\u00edrez.\"},{\"@type\":\"BreadcrumbList\",\"@id\":\"https:\\\/\\\/rafaramirez.org\\\/blog\\\/index.php\\\/2025\\\/03\\\/31\\\/reflexiones-dias-de-lluvia-entre-la-inspiracion-y-la-apatia\\\/#breadcrumb\",\"itemListElement\":[{\"@type\":\"ListItem\",\"position\":1,\"name\":\"Portada\",\"item\":\"https:\\\/\\\/rafaramirez.org\\\/blog\\\/\"},{\"@type\":\"ListItem\",\"position\":2,\"name\":\"Reflexiones: D\u00edas de lluvia, entre la inspiraci\u00f3n y la apat\u00eda.\"}]},{\"@type\":\"WebSite\",\"@id\":\"https:\\\/\\\/rafaramirez.org\\\/blog\\\/#website\",\"url\":\"https:\\\/\\\/rafaramirez.org\\\/blog\\\/\",\"name\":\"Blog de Rafael Ram\u00edrez\",\"description\":\"Un sitio social, de arte y cultura\",\"publisher\":{\"@id\":\"https:\\\/\\\/rafaramirez.org\\\/blog\\\/#\\\/schema\\\/person\\\/50f43b6d60c578760d4c17bda54ab6a5\"},\"potentialAction\":[{\"@type\":\"SearchAction\",\"target\":{\"@type\":\"EntryPoint\",\"urlTemplate\":\"https:\\\/\\\/rafaramirez.org\\\/blog\\\/?s={search_term_string}\"},\"query-input\":{\"@type\":\"PropertyValueSpecification\",\"valueRequired\":true,\"valueName\":\"search_term_string\"}}],\"inLanguage\":\"es\"},{\"@type\":[\"Person\",\"Organization\"],\"@id\":\"https:\\\/\\\/rafaramirez.org\\\/blog\\\/#\\\/schema\\\/person\\\/50f43b6d60c578760d4c17bda54ab6a5\",\"name\":\"Rafael Ram\u00edrez\",\"image\":{\"@type\":\"ImageObject\",\"inLanguage\":\"es\",\"@id\":\"https:\\\/\\\/rafaramirez.org\\\/blog\\\/wp-content\\\/uploads\\\/2024\\\/09\\\/RR_socialnetwork.jpg\",\"url\":\"https:\\\/\\\/rafaramirez.org\\\/blog\\\/wp-content\\\/uploads\\\/2024\\\/09\\\/RR_socialnetwork.jpg\",\"contentUrl\":\"https:\\\/\\\/rafaramirez.org\\\/blog\\\/wp-content\\\/uploads\\\/2024\\\/09\\\/RR_socialnetwork.jpg\",\"width\":600,\"height\":606,\"caption\":\"Rafael Ram\u00edrez\"},\"logo\":{\"@id\":\"https:\\\/\\\/rafaramirez.org\\\/blog\\\/wp-content\\\/uploads\\\/2024\\\/09\\\/RR_socialnetwork.jpg\"},\"sameAs\":[\"https:\\\/\\\/www.rafaramirez.org\\\/blog\",\"https:\\\/\\\/www.instagram.com\\\/rafaramirez_ok\\\/\",\"https:\\\/\\\/es.pinterest.com\\\/Ramirez_Rafa\\\/\",\"https:\\\/\\\/x.com\\\/rafaramirez_ok\"],\"url\":\"https:\\\/\\\/rafaramirez.org\\\/blog\\\/index.php\\\/author\\\/rafaell_qm6j97da\\\/\"}]}<\/script>\n<!-- \/ Yoast SEO plugin. -->","yoast_head_json":{"title":"Reflexiones: D\u00edas de lluvia, entre la inspiraci\u00f3n y la apat\u00eda. - Blog de Rafael Ram\u00edrez","description":"Los d\u00edas de lluvia tienen una magia especial, como si el cielo decidiera compartir su melancol\u00eda conmigo. Cuando aparecen de manera puntual,","robots":{"index":"index","follow":"follow","max-snippet":"max-snippet:-1","max-image-preview":"max-image-preview:large","max-video-preview":"max-video-preview:-1"},"canonical":"https:\/\/rafaramirez.org\/blog\/index.php\/2025\/03\/31\/reflexiones-dias-de-lluvia-entre-la-inspiracion-y-la-apatia\/","og_locale":"es_ES","og_type":"article","og_title":"Reflexiones: D\u00edas de lluvia, entre la inspiraci\u00f3n y la apat\u00eda. - Blog de Rafael Ram\u00edrez","og_description":"Los d\u00edas de lluvia tienen una magia especial, como si el cielo decidiera compartir su melancol\u00eda conmigo. Cuando aparecen de manera puntual,","og_url":"https:\/\/rafaramirez.org\/blog\/index.php\/2025\/03\/31\/reflexiones-dias-de-lluvia-entre-la-inspiracion-y-la-apatia\/","og_site_name":"Blog de Rafael Ram\u00edrez","article_published_time":"2025-03-31T06:15:17+00:00","article_modified_time":"2026-03-18T10:46:02+00:00","og_image":[{"width":720,"height":440,"url":"https:\/\/rafaramirez.org\/blog\/wp-content\/uploads\/2025\/03\/Dias_de_lluvia_entre_la_inspiracion_y_la_apatia_banner.jpg","type":"image\/jpeg"}],"author":"Rafael Ram\u00edrez","twitter_card":"summary_large_image","twitter_creator":"@rafaramirez_ok","twitter_site":"@rafaramirez_ok","twitter_misc":{"Escrito por":"Rafael Ram\u00edrez","Tiempo de lectura":"2 minutos"},"schema":{"@context":"https:\/\/schema.org","@graph":[{"@type":"Article","@id":"https:\/\/rafaramirez.org\/blog\/index.php\/2025\/03\/31\/reflexiones-dias-de-lluvia-entre-la-inspiracion-y-la-apatia\/#article","isPartOf":{"@id":"https:\/\/rafaramirez.org\/blog\/index.php\/2025\/03\/31\/reflexiones-dias-de-lluvia-entre-la-inspiracion-y-la-apatia\/"},"author":{"name":"Rafael Ram\u00edrez","@id":"https:\/\/rafaramirez.org\/blog\/#\/schema\/person\/50f43b6d60c578760d4c17bda54ab6a5"},"headline":"Reflexiones: D\u00edas de lluvia, entre la inspiraci\u00f3n y la apat\u00eda.","datePublished":"2025-03-31T06:15:17+00:00","dateModified":"2026-03-18T10:46:02+00:00","mainEntityOfPage":{"@id":"https:\/\/rafaramirez.org\/blog\/index.php\/2025\/03\/31\/reflexiones-dias-de-lluvia-entre-la-inspiracion-y-la-apatia\/"},"wordCount":343,"commentCount":0,"publisher":{"@id":"https:\/\/rafaramirez.org\/blog\/#\/schema\/person\/50f43b6d60c578760d4c17bda54ab6a5"},"image":{"@id":"https:\/\/rafaramirez.org\/blog\/index.php\/2025\/03\/31\/reflexiones-dias-de-lluvia-entre-la-inspiracion-y-la-apatia\/#primaryimage"},"thumbnailUrl":"https:\/\/rafaramirez.org\/blog\/wp-content\/uploads\/2025\/03\/Dias_de_lluvia_entre_la_inspiracion_y_la_apatia_banner.jpg","keywords":["art\u00edculo de opini\u00f3n","art\u00edculo de Rafael Ram\u00edrez","D\u00edas de lluvia","D\u00edas de lluvia entre la inspiraci\u00f3n y la apat\u00eda","entre la inspiraci\u00f3n y la apat\u00eda","para reflexionar","reflexi\u00f3n personal","Reflexi\u00f3n sobre la vida","reflexiones de Rafael Ram\u00edrez"],"articleSection":["Literatura"],"inLanguage":"es","potentialAction":[{"@type":"CommentAction","name":"Comment","target":["https:\/\/rafaramirez.org\/blog\/index.php\/2025\/03\/31\/reflexiones-dias-de-lluvia-entre-la-inspiracion-y-la-apatia\/#respond"]}]},{"@type":"WebPage","@id":"https:\/\/rafaramirez.org\/blog\/index.php\/2025\/03\/31\/reflexiones-dias-de-lluvia-entre-la-inspiracion-y-la-apatia\/","url":"https:\/\/rafaramirez.org\/blog\/index.php\/2025\/03\/31\/reflexiones-dias-de-lluvia-entre-la-inspiracion-y-la-apatia\/","name":"Reflexiones: D\u00edas de lluvia, entre la inspiraci\u00f3n y la apat\u00eda. - Blog de Rafael Ram\u00edrez","isPartOf":{"@id":"https:\/\/rafaramirez.org\/blog\/#website"},"primaryImageOfPage":{"@id":"https:\/\/rafaramirez.org\/blog\/index.php\/2025\/03\/31\/reflexiones-dias-de-lluvia-entre-la-inspiracion-y-la-apatia\/#primaryimage"},"image":{"@id":"https:\/\/rafaramirez.org\/blog\/index.php\/2025\/03\/31\/reflexiones-dias-de-lluvia-entre-la-inspiracion-y-la-apatia\/#primaryimage"},"thumbnailUrl":"https:\/\/rafaramirez.org\/blog\/wp-content\/uploads\/2025\/03\/Dias_de_lluvia_entre_la_inspiracion_y_la_apatia_banner.jpg","datePublished":"2025-03-31T06:15:17+00:00","dateModified":"2026-03-18T10:46:02+00:00","description":"Los d\u00edas de lluvia tienen una magia especial, como si el cielo decidiera compartir su melancol\u00eda conmigo. Cuando aparecen de manera puntual,","breadcrumb":{"@id":"https:\/\/rafaramirez.org\/blog\/index.php\/2025\/03\/31\/reflexiones-dias-de-lluvia-entre-la-inspiracion-y-la-apatia\/#breadcrumb"},"inLanguage":"es","potentialAction":[{"@type":"ReadAction","target":["https:\/\/rafaramirez.org\/blog\/index.php\/2025\/03\/31\/reflexiones-dias-de-lluvia-entre-la-inspiracion-y-la-apatia\/"]}]},{"@type":"ImageObject","inLanguage":"es","@id":"https:\/\/rafaramirez.org\/blog\/index.php\/2025\/03\/31\/reflexiones-dias-de-lluvia-entre-la-inspiracion-y-la-apatia\/#primaryimage","url":"https:\/\/rafaramirez.org\/blog\/wp-content\/uploads\/2025\/03\/Dias_de_lluvia_entre_la_inspiracion_y_la_apatia_banner.jpg","contentUrl":"https:\/\/rafaramirez.org\/blog\/wp-content\/uploads\/2025\/03\/Dias_de_lluvia_entre_la_inspiracion_y_la_apatia_banner.jpg","width":720,"height":440,"caption":"Reflexiones: D\u00edas de lluvia entre la inspiraci\u00f3n y la apat\u00eda. Blog de Rafael Ram\u00edrez."},{"@type":"BreadcrumbList","@id":"https:\/\/rafaramirez.org\/blog\/index.php\/2025\/03\/31\/reflexiones-dias-de-lluvia-entre-la-inspiracion-y-la-apatia\/#breadcrumb","itemListElement":[{"@type":"ListItem","position":1,"name":"Portada","item":"https:\/\/rafaramirez.org\/blog\/"},{"@type":"ListItem","position":2,"name":"Reflexiones: D\u00edas de lluvia, entre la inspiraci\u00f3n y la apat\u00eda."}]},{"@type":"WebSite","@id":"https:\/\/rafaramirez.org\/blog\/#website","url":"https:\/\/rafaramirez.org\/blog\/","name":"Blog de Rafael Ram\u00edrez","description":"Un sitio social, de arte y cultura","publisher":{"@id":"https:\/\/rafaramirez.org\/blog\/#\/schema\/person\/50f43b6d60c578760d4c17bda54ab6a5"},"potentialAction":[{"@type":"SearchAction","target":{"@type":"EntryPoint","urlTemplate":"https:\/\/rafaramirez.org\/blog\/?s={search_term_string}"},"query-input":{"@type":"PropertyValueSpecification","valueRequired":true,"valueName":"search_term_string"}}],"inLanguage":"es"},{"@type":["Person","Organization"],"@id":"https:\/\/rafaramirez.org\/blog\/#\/schema\/person\/50f43b6d60c578760d4c17bda54ab6a5","name":"Rafael Ram\u00edrez","image":{"@type":"ImageObject","inLanguage":"es","@id":"https:\/\/rafaramirez.org\/blog\/wp-content\/uploads\/2024\/09\/RR_socialnetwork.jpg","url":"https:\/\/rafaramirez.org\/blog\/wp-content\/uploads\/2024\/09\/RR_socialnetwork.jpg","contentUrl":"https:\/\/rafaramirez.org\/blog\/wp-content\/uploads\/2024\/09\/RR_socialnetwork.jpg","width":600,"height":606,"caption":"Rafael Ram\u00edrez"},"logo":{"@id":"https:\/\/rafaramirez.org\/blog\/wp-content\/uploads\/2024\/09\/RR_socialnetwork.jpg"},"sameAs":["https:\/\/www.rafaramirez.org\/blog","https:\/\/www.instagram.com\/rafaramirez_ok\/","https:\/\/es.pinterest.com\/Ramirez_Rafa\/","https:\/\/x.com\/rafaramirez_ok"],"url":"https:\/\/rafaramirez.org\/blog\/index.php\/author\/rafaell_qm6j97da\/"}]}},"jetpack_publicize_connections":[],"jetpack_sharing_enabled":true,"jetpack_likes_enabled":true,"jetpack_featured_media_url":"https:\/\/rafaramirez.org\/blog\/wp-content\/uploads\/2025\/03\/Dias_de_lluvia_entre_la_inspiracion_y_la_apatia_banner.jpg","_links":{"self":[{"href":"https:\/\/rafaramirez.org\/blog\/index.php\/wp-json\/wp\/v2\/posts\/8582","targetHints":{"allow":["GET"]}}],"collection":[{"href":"https:\/\/rafaramirez.org\/blog\/index.php\/wp-json\/wp\/v2\/posts"}],"about":[{"href":"https:\/\/rafaramirez.org\/blog\/index.php\/wp-json\/wp\/v2\/types\/post"}],"author":[{"embeddable":true,"href":"https:\/\/rafaramirez.org\/blog\/index.php\/wp-json\/wp\/v2\/users\/1"}],"replies":[{"embeddable":true,"href":"https:\/\/rafaramirez.org\/blog\/index.php\/wp-json\/wp\/v2\/comments?post=8582"}],"version-history":[{"count":9,"href":"https:\/\/rafaramirez.org\/blog\/index.php\/wp-json\/wp\/v2\/posts\/8582\/revisions"}],"predecessor-version":[{"id":12454,"href":"https:\/\/rafaramirez.org\/blog\/index.php\/wp-json\/wp\/v2\/posts\/8582\/revisions\/12454"}],"wp:featuredmedia":[{"embeddable":true,"href":"https:\/\/rafaramirez.org\/blog\/index.php\/wp-json\/wp\/v2\/media\/8584"}],"wp:attachment":[{"href":"https:\/\/rafaramirez.org\/blog\/index.php\/wp-json\/wp\/v2\/media?parent=8582"}],"wp:term":[{"taxonomy":"category","embeddable":true,"href":"https:\/\/rafaramirez.org\/blog\/index.php\/wp-json\/wp\/v2\/categories?post=8582"},{"taxonomy":"post_tag","embeddable":true,"href":"https:\/\/rafaramirez.org\/blog\/index.php\/wp-json\/wp\/v2\/tags?post=8582"}],"curies":[{"name":"wp","href":"https:\/\/api.w.org\/{rel}","templated":true}]}}