{"id":8482,"date":"2025-03-22T08:15:32","date_gmt":"2025-03-22T07:15:32","guid":{"rendered":"https:\/\/rafaramirez.org\/blog\/?p=8482"},"modified":"2025-03-22T14:59:23","modified_gmt":"2025-03-22T13:59:23","slug":"dia-mundial-del-agua","status":"publish","type":"post","link":"https:\/\/rafaramirez.org\/blog\/index.php\/2025\/03\/22\/dia-mundial-del-agua\/","title":{"rendered":"D\u00eda Mundial del Agua: garantizar su disponibilidad y calidad para futuras generaciones."},"content":{"rendered":"<p>El D\u00eda Mundial del Agua se celebra cada a\u00f1o el 22 de marzo. La Asamblea General de las Naciones Unidas lo design\u00f3 en 1993 con el prop\u00f3sito de concienciar sobre la importancia del agua dulce y la gesti\u00f3n sostenible de los recursos h\u00eddricos.<\/p>\n<p>Cada a\u00f1o, el lema del D\u00eda Mundial del Agua aborda diferentes aspectos relacionados con el agua. Algunos temas que se han tratado han sido el acceso al agua potable, la contaminaci\u00f3n o la conservaci\u00f3n de los ecosistemas acu\u00e1ticos.<\/p>\n<p>Es un momento clave para reflexionar sobre el papel esencial del agua en nuestras vidas, promover acciones que garanticen su disponibilidad y calidad para futuras generaciones y reconocer el impacto de la escasez de agua en comunidades vulnerables. Adem\u00e1s, se organizan actividades como conferencias, campa\u00f1as de sensibilizaci\u00f3n y proyectos educativos en todo el mundo.<\/p>\n<h3>Historia detr\u00e1s de este d\u00eda.<\/h3>\n<p>El D\u00eda Mundial del Agua se remonta a la Conferencia de las Naciones Unidas sobre el Medio Ambiente y el Desarrollo, celebrada en R\u00edo de Janeiro en 1992. Durante este evento, se reconoci\u00f3 la importancia cr\u00edtica del agua dulce para el desarrollo sostenible y se propuso dedicar un d\u00eda a nivel mundial para concienciar sobre su gesti\u00f3n responsable.<\/p>\n<p>La Asamblea General de las Naciones Unidas aprob\u00f3 esta idea y proclam\u00f3 el 22 de marzo como el D\u00eda Mundial del Agua, que se celebr\u00f3 por primera vez en 1993. Desde entonces, cada a\u00f1o se elige un tema espec\u00edfico para destacar diferentes aspectos relacionados con el agua, como el acceso al agua potable, la sostenibilidad y la adaptaci\u00f3n al cambio clim\u00e1tico.<\/p>\n<p>Este d\u00eda no solo busca sensibilizar, sino tambi\u00e9n promover acciones concretas para abordar la crisis h\u00eddrica global.<\/p>\n<p>El lema del D\u00eda Mundial del Agua 2025 es \u00abGlaciares, fuente de vida\u00bb. El tema elegido para este a\u00f1o busca destacar la importancia de los glaciares, la nieve y el hielo en el sistema clim\u00e1tico y el ciclo del agua. Tambi\u00e9n pone de relieve las repercusiones econ\u00f3micas, sociales y medioambientales de los cambios en la criosfera terrestre.<\/p>\n<figure id=\"attachment_8489\" aria-describedby=\"caption-attachment-8489\" style=\"width: 300px\" class=\"wp-caption aligncenter\"><a href=\"https:\/\/rafaramirez.org\/blog\/wp-content\/uploads\/2025\/03\/ice-floes-4442576.jpg\" target=\"_blank\" rel=\"noopener\"><img loading=\"lazy\" decoding=\"async\" class=\"wp-image-8489 size-medium\" src=\"https:\/\/rafaramirez.org\/blog\/wp-content\/uploads\/2025\/03\/ice-floes-4442576-300x225.jpg\" alt=\"D\u00eda Mundial del Agua 22 de marzo. Blog de Rafael Ram\u00edrez. \" width=\"300\" height=\"225\" srcset=\"https:\/\/rafaramirez.org\/blog\/wp-content\/uploads\/2025\/03\/ice-floes-4442576-300x225.jpg 300w, https:\/\/rafaramirez.org\/blog\/wp-content\/uploads\/2025\/03\/ice-floes-4442576-768x576.jpg 768w, https:\/\/rafaramirez.org\/blog\/wp-content\/uploads\/2025\/03\/ice-floes-4442576.jpg 800w\" sizes=\"auto, (max-width: 300px) 100vw, 300px\" \/><\/a><figcaption id=\"caption-attachment-8489\" class=\"wp-caption-text\">D\u00eda Mundial del Agua 22 de marzo. Blog de Rafael Ram\u00edrez.<\/figcaption><\/figure>\n<h3>Sobre la crisis h\u00eddrica y los cambios en la criosfera.<\/h3>\n<p>La crisis h\u00eddrica global es uno de los mayores desaf\u00edos a los que se enfrenta la humanidad. M\u00e1s de 2.200 millones de personas carecen de acceso adecuado al agua potable, una situaci\u00f3n que se agrava debido al clima, el crecimiento poblacional y la sobreexplotaci\u00f3n de los recursos h\u00eddricos. A esta crisis tambi\u00e9n contribuyen la contaminaci\u00f3n, la mala gesti\u00f3n del agua y la disminuci\u00f3n de las reservas subterr\u00e1neas. En regiones como \u00c1frica subsahariana, la falta de agua tiene graves consecuencias para la salud, la educaci\u00f3n y el desarrollo econ\u00f3mico.<\/p>\n<p>Por otro lado, los cambios en la criosfera de la Tierra, que incluye glaciares, capas de hielo y permafrost, tienen un impacto significativo en el clima global y el nivel del mar. La fusi\u00f3n acelerada de los glaciares est\u00e1 elevando el nivel del mar y alterando los patrones de precipitaci\u00f3n.<\/p>\n<figure id=\"attachment_8490\" aria-describedby=\"caption-attachment-8490\" style=\"width: 300px\" class=\"wp-caption aligncenter\"><a href=\"https:\/\/rafaramirez.org\/blog\/wp-content\/uploads\/2025\/03\/icebergs-8430043.jpg\" target=\"_blank\" rel=\"noopener\"><img loading=\"lazy\" decoding=\"async\" class=\"wp-image-8490 size-medium\" src=\"https:\/\/rafaramirez.org\/blog\/wp-content\/uploads\/2025\/03\/icebergs-8430043-300x208.jpg\" alt=\"D\u00eda Mundial del Agua 22 de marzo. Blog de Rafael Ram\u00edrez. \" width=\"300\" height=\"208\" srcset=\"https:\/\/rafaramirez.org\/blog\/wp-content\/uploads\/2025\/03\/icebergs-8430043-300x208.jpg 300w, https:\/\/rafaramirez.org\/blog\/wp-content\/uploads\/2025\/03\/icebergs-8430043-768x533.jpg 768w, https:\/\/rafaramirez.org\/blog\/wp-content\/uploads\/2025\/03\/icebergs-8430043.jpg 800w\" sizes=\"auto, (max-width: 300px) 100vw, 300px\" \/><\/a><figcaption id=\"caption-attachment-8490\" class=\"wp-caption-text\">D\u00eda Mundial del Agua 22 de marzo. Blog de Rafael Ram\u00edrez.<\/figcaption><\/figure>\n<p>En resumen, el D\u00eda Mundial del Agua es crucial porque pone de manifiesto la importancia del agua dulce para la vida, la salud y el desarrollo sostenible. Adem\u00e1s, promueve la gesti\u00f3n responsable de los recursos h\u00eddricos y busca soluciones a la crisis mundial del agua, que afecta a millones de personas y ecosistemas. \ud83c\udf0d\ud83d\udca7<\/p>\n<p>M\u00e1s informaci\u00f3n:<\/p>\n<ul>\n<li><a href=\"https:\/\/es.wikipedia.org\/wiki\/D%C3%ADa_Mundial_del_Agua\" target=\"_blank\" rel=\"noopener\">Wikipedia<\/a>.<\/li>\n<li><a href=\"https:\/\/www.un.org\/es\/observances\/water-day\/background\" target=\"_blank\" rel=\"noopener\">ONU<\/a>.<\/li>\n<li><a href=\"https:\/\/www.uc3m.es\/sustainability\/world-water-day-2025\" target=\"_blank\" rel=\"noopener\">Universidad Carlos III de Madrid<\/a>.<\/li>\n<li><a href=\"https:\/\/stepbywater.com\/la-crisis-hidrica-global-retos-y-soluciones\/\" target=\"_blank\" rel=\"noopener\">Step by water<\/a>.<\/li>\n<li><a href=\"https:\/\/ciencia.unam.mx\/leer\/1064\/la-criosfera-la-parte-helada-de-la-tierra\" target=\"_blank\" rel=\"noopener\">UNAM<\/a>.<\/li>\n<li><a href=\"https:\/\/rafaramirez.org\/blog\/index.php\/category\/arte\/efemerides\/\" target=\"_blank\" rel=\"noopener\">Otras efem\u00e9rides<\/a>.<\/li>\n<li><a href=\"https:\/\/rafaramirez.org\/blog\/index.php\/category\/noticias-sociales\/\" target=\"_blank\" rel=\"noopener\">Otros informes sociales<\/a>.<\/li>\n<\/ul>\n","protected":false},"excerpt":{"rendered":"<p>El D\u00eda Mundial del Agua se celebra cada a\u00f1o el 22 de marzo. La Asamblea General de las Naciones Unidas lo design\u00f3 en 1993 con el prop\u00f3sito de concienciar sobre la importancia del agua dulce y la gesti\u00f3n sostenible de los recursos h\u00eddricos. Cada a\u00f1o, el lema del D\u00eda Mundial del Agua aborda diferentes aspectos [&hellip;]<\/p>\n","protected":false},"author":1,"featured_media":8486,"comment_status":"open","ping_status":"closed","sticky":false,"template":"","format":"standard","meta":{"site-container-style":"default","site-container-layout":"default","site-sidebar-layout":"default","disable-article-header":"default","disable-site-header":"default","disable-site-footer":"default","disable-content-area-spacing":"default","_jetpack_newsletter_access":"","_jetpack_dont_email_post_to_subs":false,"_jetpack_newsletter_tier_id":0,"_jetpack_memberships_contains_paywalled_content":false,"_jetpack_feature_clip_id":0,"_jetpack_memberships_contains_paid_content":false,"footnotes":"","jetpack_publicize_message":"","jetpack_publicize_feature_enabled":true,"jetpack_social_post_already_shared":true,"jetpack_social_options":{"image_generator_settings":{"template":"highway","default_image_id":0,"font":"","enabled":false},"version":2},"jetpack_post_was_ever_published":false},"categories":[1291,15],"tags":[4130,4129,4125,4126,1323,4099,4098,4128,4127,1702],"class_list":["post-8482","post","type-post","status-publish","format-standard","has-post-thumbnail","hentry","category-efemerides","category-noticias-sociales","tag-criosfera","tag-crisis-hidrica","tag-dia-mundial-del-agua","tag-dia-mundial-del-agua-22-de-marzo","tag-efemerides","tag-efemerides-de-2025","tag-efemerides-de-marzo","tag-fuente-de-vida","tag-glaciares","tag-onu"],"yoast_head":"<!-- This site is optimized with the Yoast SEO plugin v28.4 - https:\/\/yoast.com\/product\/yoast-seo-wordpress\/ -->\n<title>D\u00eda Mundial del Agua: garantizar su disponibilidad y calidad para futuras generaciones. - Blog de Rafael Ram\u00edrez<\/title>\n<meta name=\"description\" content=\"El D\u00eda Mundial del Agua se celebra el 22 de marzo. La ONU la design\u00f3 en 1993 con el prop\u00f3sito de concienciar sobre la importancia del agua...\" \/>\n<meta name=\"robots\" content=\"index, follow, max-snippet:-1, max-image-preview:large, max-video-preview:-1\" \/>\n<link rel=\"canonical\" href=\"https:\/\/rafaramirez.org\/blog\/index.php\/2025\/03\/22\/dia-mundial-del-agua\/\" \/>\n<meta property=\"og:locale\" content=\"es_ES\" \/>\n<meta property=\"og:type\" content=\"article\" \/>\n<meta property=\"og:title\" content=\"D\u00eda Mundial del Agua: garantizar su disponibilidad y calidad para futuras generaciones. - Blog de Rafael Ram\u00edrez\" \/>\n<meta property=\"og:description\" content=\"El D\u00eda Mundial del Agua se celebra el 22 de marzo. La ONU la design\u00f3 en 1993 con el prop\u00f3sito de concienciar sobre la importancia del agua...\" \/>\n<meta property=\"og:url\" content=\"https:\/\/rafaramirez.org\/blog\/index.php\/2025\/03\/22\/dia-mundial-del-agua\/\" \/>\n<meta property=\"og:site_name\" content=\"Blog de Rafael Ram\u00edrez\" \/>\n<meta property=\"article:published_time\" content=\"2025-03-22T07:15:32+00:00\" \/>\n<meta property=\"article:modified_time\" content=\"2025-03-22T13:59:23+00:00\" \/>\n<meta property=\"og:image\" content=\"https:\/\/rafaramirez.org\/blog\/wp-content\/uploads\/2025\/03\/Dia_Mundial_del_agua_2025_bannerblog.jpg\" \/>\n\t<meta property=\"og:image:width\" content=\"720\" \/>\n\t<meta property=\"og:image:height\" content=\"440\" \/>\n\t<meta property=\"og:image:type\" content=\"image\/jpeg\" \/>\n<meta name=\"author\" content=\"Rafael Ram\u00edrez\" \/>\n<meta name=\"twitter:card\" content=\"summary_large_image\" \/>\n<meta name=\"twitter:creator\" content=\"@rafaramirez_ok\" \/>\n<meta name=\"twitter:site\" content=\"@rafaramirez_ok\" \/>\n<meta name=\"twitter:label1\" content=\"Escrito por\" \/>\n\t<meta name=\"twitter:data1\" content=\"Rafael Ram\u00edrez\" \/>\n\t<meta name=\"twitter:label2\" content=\"Tiempo de lectura\" \/>\n\t<meta name=\"twitter:data2\" content=\"4 minutos\" \/>\n<script type=\"application\/ld+json\" class=\"yoast-schema-graph\">{\"@context\":\"https:\\\/\\\/schema.org\",\"@graph\":[{\"@type\":\"Article\",\"@id\":\"https:\\\/\\\/rafaramirez.org\\\/blog\\\/index.php\\\/2025\\\/03\\\/22\\\/dia-mundial-del-agua\\\/#article\",\"isPartOf\":{\"@id\":\"https:\\\/\\\/rafaramirez.org\\\/blog\\\/index.php\\\/2025\\\/03\\\/22\\\/dia-mundial-del-agua\\\/\"},\"author\":{\"name\":\"Rafael Ram\u00edrez\",\"@id\":\"https:\\\/\\\/rafaramirez.org\\\/blog\\\/#\\\/schema\\\/person\\\/50f43b6d60c578760d4c17bda54ab6a5\"},\"headline\":\"D\u00eda Mundial del Agua: garantizar su disponibilidad y calidad para futuras generaciones.\",\"datePublished\":\"2025-03-22T07:15:32+00:00\",\"dateModified\":\"2025-03-22T13:59:23+00:00\",\"mainEntityOfPage\":{\"@id\":\"https:\\\/\\\/rafaramirez.org\\\/blog\\\/index.php\\\/2025\\\/03\\\/22\\\/dia-mundial-del-agua\\\/\"},\"wordCount\":652,\"commentCount\":0,\"publisher\":{\"@id\":\"https:\\\/\\\/rafaramirez.org\\\/blog\\\/#\\\/schema\\\/person\\\/50f43b6d60c578760d4c17bda54ab6a5\"},\"image\":{\"@id\":\"https:\\\/\\\/rafaramirez.org\\\/blog\\\/index.php\\\/2025\\\/03\\\/22\\\/dia-mundial-del-agua\\\/#primaryimage\"},\"thumbnailUrl\":\"https:\\\/\\\/rafaramirez.org\\\/blog\\\/wp-content\\\/uploads\\\/2025\\\/03\\\/Dia_Mundial_del_agua_2025_bannerblog.jpg\",\"keywords\":[\"criosfera\",\"crisis h\u00eddrica\",\"D\u00eda Mundial del Agua\",\"D\u00eda Mundial del Agua 22 de marzo\",\"efem\u00e9rides\",\"efem\u00e9rides de 2025\",\"efem\u00e9rides de marzo\",\"fuente de vida\",\"Glaciares\",\"ONU\"],\"articleSection\":[\"Efem\u00e9rides\",\"Informe social\"],\"inLanguage\":\"es\",\"potentialAction\":[{\"@type\":\"CommentAction\",\"name\":\"Comment\",\"target\":[\"https:\\\/\\\/rafaramirez.org\\\/blog\\\/index.php\\\/2025\\\/03\\\/22\\\/dia-mundial-del-agua\\\/#respond\"]}]},{\"@type\":\"WebPage\",\"@id\":\"https:\\\/\\\/rafaramirez.org\\\/blog\\\/index.php\\\/2025\\\/03\\\/22\\\/dia-mundial-del-agua\\\/\",\"url\":\"https:\\\/\\\/rafaramirez.org\\\/blog\\\/index.php\\\/2025\\\/03\\\/22\\\/dia-mundial-del-agua\\\/\",\"name\":\"D\u00eda Mundial del Agua: garantizar su disponibilidad y calidad para futuras generaciones. - Blog de Rafael Ram\u00edrez\",\"isPartOf\":{\"@id\":\"https:\\\/\\\/rafaramirez.org\\\/blog\\\/#website\"},\"primaryImageOfPage\":{\"@id\":\"https:\\\/\\\/rafaramirez.org\\\/blog\\\/index.php\\\/2025\\\/03\\\/22\\\/dia-mundial-del-agua\\\/#primaryimage\"},\"image\":{\"@id\":\"https:\\\/\\\/rafaramirez.org\\\/blog\\\/index.php\\\/2025\\\/03\\\/22\\\/dia-mundial-del-agua\\\/#primaryimage\"},\"thumbnailUrl\":\"https:\\\/\\\/rafaramirez.org\\\/blog\\\/wp-content\\\/uploads\\\/2025\\\/03\\\/Dia_Mundial_del_agua_2025_bannerblog.jpg\",\"datePublished\":\"2025-03-22T07:15:32+00:00\",\"dateModified\":\"2025-03-22T13:59:23+00:00\",\"description\":\"El D\u00eda Mundial del Agua se celebra el 22 de marzo. La ONU la design\u00f3 en 1993 con el prop\u00f3sito de concienciar sobre la importancia del agua...\",\"breadcrumb\":{\"@id\":\"https:\\\/\\\/rafaramirez.org\\\/blog\\\/index.php\\\/2025\\\/03\\\/22\\\/dia-mundial-del-agua\\\/#breadcrumb\"},\"inLanguage\":\"es\",\"potentialAction\":[{\"@type\":\"ReadAction\",\"target\":[\"https:\\\/\\\/rafaramirez.org\\\/blog\\\/index.php\\\/2025\\\/03\\\/22\\\/dia-mundial-del-agua\\\/\"]}]},{\"@type\":\"ImageObject\",\"inLanguage\":\"es\",\"@id\":\"https:\\\/\\\/rafaramirez.org\\\/blog\\\/index.php\\\/2025\\\/03\\\/22\\\/dia-mundial-del-agua\\\/#primaryimage\",\"url\":\"https:\\\/\\\/rafaramirez.org\\\/blog\\\/wp-content\\\/uploads\\\/2025\\\/03\\\/Dia_Mundial_del_agua_2025_bannerblog.jpg\",\"contentUrl\":\"https:\\\/\\\/rafaramirez.org\\\/blog\\\/wp-content\\\/uploads\\\/2025\\\/03\\\/Dia_Mundial_del_agua_2025_bannerblog.jpg\",\"width\":720,\"height\":440,\"caption\":\"D\u00eda Mundial del Agua 22 de marzo. Blog de Rafael Ram\u00edrez.\"},{\"@type\":\"BreadcrumbList\",\"@id\":\"https:\\\/\\\/rafaramirez.org\\\/blog\\\/index.php\\\/2025\\\/03\\\/22\\\/dia-mundial-del-agua\\\/#breadcrumb\",\"itemListElement\":[{\"@type\":\"ListItem\",\"position\":1,\"name\":\"Portada\",\"item\":\"https:\\\/\\\/rafaramirez.org\\\/blog\\\/\"},{\"@type\":\"ListItem\",\"position\":2,\"name\":\"D\u00eda Mundial del Agua: garantizar su disponibilidad y calidad para futuras generaciones.\"}]},{\"@type\":\"WebSite\",\"@id\":\"https:\\\/\\\/rafaramirez.org\\\/blog\\\/#website\",\"url\":\"https:\\\/\\\/rafaramirez.org\\\/blog\\\/\",\"name\":\"Blog de Rafael Ram\u00edrez\",\"description\":\"Un sitio social, de arte y cultura\",\"publisher\":{\"@id\":\"https:\\\/\\\/rafaramirez.org\\\/blog\\\/#\\\/schema\\\/person\\\/50f43b6d60c578760d4c17bda54ab6a5\"},\"potentialAction\":[{\"@type\":\"SearchAction\",\"target\":{\"@type\":\"EntryPoint\",\"urlTemplate\":\"https:\\\/\\\/rafaramirez.org\\\/blog\\\/?s={search_term_string}\"},\"query-input\":{\"@type\":\"PropertyValueSpecification\",\"valueRequired\":true,\"valueName\":\"search_term_string\"}}],\"inLanguage\":\"es\"},{\"@type\":[\"Person\",\"Organization\"],\"@id\":\"https:\\\/\\\/rafaramirez.org\\\/blog\\\/#\\\/schema\\\/person\\\/50f43b6d60c578760d4c17bda54ab6a5\",\"name\":\"Rafael Ram\u00edrez\",\"image\":{\"@type\":\"ImageObject\",\"inLanguage\":\"es\",\"@id\":\"https:\\\/\\\/rafaramirez.org\\\/blog\\\/wp-content\\\/uploads\\\/2024\\\/09\\\/RR_socialnetwork.jpg\",\"url\":\"https:\\\/\\\/rafaramirez.org\\\/blog\\\/wp-content\\\/uploads\\\/2024\\\/09\\\/RR_socialnetwork.jpg\",\"contentUrl\":\"https:\\\/\\\/rafaramirez.org\\\/blog\\\/wp-content\\\/uploads\\\/2024\\\/09\\\/RR_socialnetwork.jpg\",\"width\":600,\"height\":606,\"caption\":\"Rafael Ram\u00edrez\"},\"logo\":{\"@id\":\"https:\\\/\\\/rafaramirez.org\\\/blog\\\/wp-content\\\/uploads\\\/2024\\\/09\\\/RR_socialnetwork.jpg\"},\"sameAs\":[\"https:\\\/\\\/www.rafaramirez.org\\\/blog\",\"https:\\\/\\\/www.instagram.com\\\/rafaramirez_ok\\\/\",\"https:\\\/\\\/es.pinterest.com\\\/Ramirez_Rafa\\\/\",\"https:\\\/\\\/x.com\\\/rafaramirez_ok\"],\"url\":\"https:\\\/\\\/rafaramirez.org\\\/blog\\\/index.php\\\/author\\\/rafaell_qm6j97da\\\/\"}]}<\/script>\n<!-- \/ Yoast SEO plugin. -->","yoast_head_json":{"title":"D\u00eda Mundial del Agua: garantizar su disponibilidad y calidad para futuras generaciones. - Blog de Rafael Ram\u00edrez","description":"El D\u00eda Mundial del Agua se celebra el 22 de marzo. La ONU la design\u00f3 en 1993 con el prop\u00f3sito de concienciar sobre la importancia del agua...","robots":{"index":"index","follow":"follow","max-snippet":"max-snippet:-1","max-image-preview":"max-image-preview:large","max-video-preview":"max-video-preview:-1"},"canonical":"https:\/\/rafaramirez.org\/blog\/index.php\/2025\/03\/22\/dia-mundial-del-agua\/","og_locale":"es_ES","og_type":"article","og_title":"D\u00eda Mundial del Agua: garantizar su disponibilidad y calidad para futuras generaciones. - Blog de Rafael Ram\u00edrez","og_description":"El D\u00eda Mundial del Agua se celebra el 22 de marzo. La ONU la design\u00f3 en 1993 con el prop\u00f3sito de concienciar sobre la importancia del agua...","og_url":"https:\/\/rafaramirez.org\/blog\/index.php\/2025\/03\/22\/dia-mundial-del-agua\/","og_site_name":"Blog de Rafael Ram\u00edrez","article_published_time":"2025-03-22T07:15:32+00:00","article_modified_time":"2025-03-22T13:59:23+00:00","og_image":[{"width":720,"height":440,"url":"https:\/\/rafaramirez.org\/blog\/wp-content\/uploads\/2025\/03\/Dia_Mundial_del_agua_2025_bannerblog.jpg","type":"image\/jpeg"}],"author":"Rafael Ram\u00edrez","twitter_card":"summary_large_image","twitter_creator":"@rafaramirez_ok","twitter_site":"@rafaramirez_ok","twitter_misc":{"Escrito por":"Rafael Ram\u00edrez","Tiempo de lectura":"4 minutos"},"schema":{"@context":"https:\/\/schema.org","@graph":[{"@type":"Article","@id":"https:\/\/rafaramirez.org\/blog\/index.php\/2025\/03\/22\/dia-mundial-del-agua\/#article","isPartOf":{"@id":"https:\/\/rafaramirez.org\/blog\/index.php\/2025\/03\/22\/dia-mundial-del-agua\/"},"author":{"name":"Rafael Ram\u00edrez","@id":"https:\/\/rafaramirez.org\/blog\/#\/schema\/person\/50f43b6d60c578760d4c17bda54ab6a5"},"headline":"D\u00eda Mundial del Agua: garantizar su disponibilidad y calidad para futuras generaciones.","datePublished":"2025-03-22T07:15:32+00:00","dateModified":"2025-03-22T13:59:23+00:00","mainEntityOfPage":{"@id":"https:\/\/rafaramirez.org\/blog\/index.php\/2025\/03\/22\/dia-mundial-del-agua\/"},"wordCount":652,"commentCount":0,"publisher":{"@id":"https:\/\/rafaramirez.org\/blog\/#\/schema\/person\/50f43b6d60c578760d4c17bda54ab6a5"},"image":{"@id":"https:\/\/rafaramirez.org\/blog\/index.php\/2025\/03\/22\/dia-mundial-del-agua\/#primaryimage"},"thumbnailUrl":"https:\/\/rafaramirez.org\/blog\/wp-content\/uploads\/2025\/03\/Dia_Mundial_del_agua_2025_bannerblog.jpg","keywords":["criosfera","crisis h\u00eddrica","D\u00eda Mundial del Agua","D\u00eda Mundial del Agua 22 de marzo","efem\u00e9rides","efem\u00e9rides de 2025","efem\u00e9rides de marzo","fuente de vida","Glaciares","ONU"],"articleSection":["Efem\u00e9rides","Informe social"],"inLanguage":"es","potentialAction":[{"@type":"CommentAction","name":"Comment","target":["https:\/\/rafaramirez.org\/blog\/index.php\/2025\/03\/22\/dia-mundial-del-agua\/#respond"]}]},{"@type":"WebPage","@id":"https:\/\/rafaramirez.org\/blog\/index.php\/2025\/03\/22\/dia-mundial-del-agua\/","url":"https:\/\/rafaramirez.org\/blog\/index.php\/2025\/03\/22\/dia-mundial-del-agua\/","name":"D\u00eda Mundial del Agua: garantizar su disponibilidad y calidad para futuras generaciones. - Blog de Rafael Ram\u00edrez","isPartOf":{"@id":"https:\/\/rafaramirez.org\/blog\/#website"},"primaryImageOfPage":{"@id":"https:\/\/rafaramirez.org\/blog\/index.php\/2025\/03\/22\/dia-mundial-del-agua\/#primaryimage"},"image":{"@id":"https:\/\/rafaramirez.org\/blog\/index.php\/2025\/03\/22\/dia-mundial-del-agua\/#primaryimage"},"thumbnailUrl":"https:\/\/rafaramirez.org\/blog\/wp-content\/uploads\/2025\/03\/Dia_Mundial_del_agua_2025_bannerblog.jpg","datePublished":"2025-03-22T07:15:32+00:00","dateModified":"2025-03-22T13:59:23+00:00","description":"El D\u00eda Mundial del Agua se celebra el 22 de marzo. La ONU la design\u00f3 en 1993 con el prop\u00f3sito de concienciar sobre la importancia del agua...","breadcrumb":{"@id":"https:\/\/rafaramirez.org\/blog\/index.php\/2025\/03\/22\/dia-mundial-del-agua\/#breadcrumb"},"inLanguage":"es","potentialAction":[{"@type":"ReadAction","target":["https:\/\/rafaramirez.org\/blog\/index.php\/2025\/03\/22\/dia-mundial-del-agua\/"]}]},{"@type":"ImageObject","inLanguage":"es","@id":"https:\/\/rafaramirez.org\/blog\/index.php\/2025\/03\/22\/dia-mundial-del-agua\/#primaryimage","url":"https:\/\/rafaramirez.org\/blog\/wp-content\/uploads\/2025\/03\/Dia_Mundial_del_agua_2025_bannerblog.jpg","contentUrl":"https:\/\/rafaramirez.org\/blog\/wp-content\/uploads\/2025\/03\/Dia_Mundial_del_agua_2025_bannerblog.jpg","width":720,"height":440,"caption":"D\u00eda Mundial del Agua 22 de marzo. Blog de Rafael Ram\u00edrez."},{"@type":"BreadcrumbList","@id":"https:\/\/rafaramirez.org\/blog\/index.php\/2025\/03\/22\/dia-mundial-del-agua\/#breadcrumb","itemListElement":[{"@type":"ListItem","position":1,"name":"Portada","item":"https:\/\/rafaramirez.org\/blog\/"},{"@type":"ListItem","position":2,"name":"D\u00eda Mundial del Agua: garantizar su disponibilidad y calidad para futuras generaciones."}]},{"@type":"WebSite","@id":"https:\/\/rafaramirez.org\/blog\/#website","url":"https:\/\/rafaramirez.org\/blog\/","name":"Blog de Rafael Ram\u00edrez","description":"Un sitio social, de arte y cultura","publisher":{"@id":"https:\/\/rafaramirez.org\/blog\/#\/schema\/person\/50f43b6d60c578760d4c17bda54ab6a5"},"potentialAction":[{"@type":"SearchAction","target":{"@type":"EntryPoint","urlTemplate":"https:\/\/rafaramirez.org\/blog\/?s={search_term_string}"},"query-input":{"@type":"PropertyValueSpecification","valueRequired":true,"valueName":"search_term_string"}}],"inLanguage":"es"},{"@type":["Person","Organization"],"@id":"https:\/\/rafaramirez.org\/blog\/#\/schema\/person\/50f43b6d60c578760d4c17bda54ab6a5","name":"Rafael Ram\u00edrez","image":{"@type":"ImageObject","inLanguage":"es","@id":"https:\/\/rafaramirez.org\/blog\/wp-content\/uploads\/2024\/09\/RR_socialnetwork.jpg","url":"https:\/\/rafaramirez.org\/blog\/wp-content\/uploads\/2024\/09\/RR_socialnetwork.jpg","contentUrl":"https:\/\/rafaramirez.org\/blog\/wp-content\/uploads\/2024\/09\/RR_socialnetwork.jpg","width":600,"height":606,"caption":"Rafael Ram\u00edrez"},"logo":{"@id":"https:\/\/rafaramirez.org\/blog\/wp-content\/uploads\/2024\/09\/RR_socialnetwork.jpg"},"sameAs":["https:\/\/www.rafaramirez.org\/blog","https:\/\/www.instagram.com\/rafaramirez_ok\/","https:\/\/es.pinterest.com\/Ramirez_Rafa\/","https:\/\/x.com\/rafaramirez_ok"],"url":"https:\/\/rafaramirez.org\/blog\/index.php\/author\/rafaell_qm6j97da\/"}]}},"jetpack_publicize_connections":[],"jetpack_sharing_enabled":true,"jetpack_likes_enabled":true,"jetpack_featured_media_url":"https:\/\/rafaramirez.org\/blog\/wp-content\/uploads\/2025\/03\/Dia_Mundial_del_agua_2025_bannerblog.jpg","_links":{"self":[{"href":"https:\/\/rafaramirez.org\/blog\/index.php\/wp-json\/wp\/v2\/posts\/8482","targetHints":{"allow":["GET"]}}],"collection":[{"href":"https:\/\/rafaramirez.org\/blog\/index.php\/wp-json\/wp\/v2\/posts"}],"about":[{"href":"https:\/\/rafaramirez.org\/blog\/index.php\/wp-json\/wp\/v2\/types\/post"}],"author":[{"embeddable":true,"href":"https:\/\/rafaramirez.org\/blog\/index.php\/wp-json\/wp\/v2\/users\/1"}],"replies":[{"embeddable":true,"href":"https:\/\/rafaramirez.org\/blog\/index.php\/wp-json\/wp\/v2\/comments?post=8482"}],"version-history":[{"count":10,"href":"https:\/\/rafaramirez.org\/blog\/index.php\/wp-json\/wp\/v2\/posts\/8482\/revisions"}],"predecessor-version":[{"id":8642,"href":"https:\/\/rafaramirez.org\/blog\/index.php\/wp-json\/wp\/v2\/posts\/8482\/revisions\/8642"}],"wp:featuredmedia":[{"embeddable":true,"href":"https:\/\/rafaramirez.org\/blog\/index.php\/wp-json\/wp\/v2\/media\/8486"}],"wp:attachment":[{"href":"https:\/\/rafaramirez.org\/blog\/index.php\/wp-json\/wp\/v2\/media?parent=8482"}],"wp:term":[{"taxonomy":"category","embeddable":true,"href":"https:\/\/rafaramirez.org\/blog\/index.php\/wp-json\/wp\/v2\/categories?post=8482"},{"taxonomy":"post_tag","embeddable":true,"href":"https:\/\/rafaramirez.org\/blog\/index.php\/wp-json\/wp\/v2\/tags?post=8482"}],"curies":[{"name":"wp","href":"https:\/\/api.w.org\/{rel}","templated":true}]}}