{"id":8469,"date":"2025-03-21T08:15:09","date_gmt":"2025-03-21T07:15:09","guid":{"rendered":"https:\/\/rafaramirez.org\/blog\/?p=8469"},"modified":"2025-03-10T13:26:02","modified_gmt":"2025-03-10T12:26:02","slug":"hero-luciano-pavarotti-y-mariah-carey-directo-live-vivo","status":"publish","type":"post","link":"https:\/\/rafaramirez.org\/blog\/index.php\/2025\/03\/21\/hero-luciano-pavarotti-y-mariah-carey-directo-live-vivo\/","title":{"rendered":"\u00abHero\u00bb. Luciano Pavarotti y Mariah Carey (Directo\/live\/vivo)."},"content":{"rendered":"<p>La interpretaci\u00f3n de \u00abHero\u00bb por Luciano Pavarotti y Mariah Carey es una colaboraci\u00f3n inolvidable que tuvo lugar durante el concierto ben\u00e9fico Pavarotti &amp; Friends, en 1999. Este evento reuni\u00f3 a artistas de diversos g\u00e9neros para apoyar causas humanitarias.<\/p>\n<p>La canci\u00f3n, escrita por Mariah Carey y Walter Afanasieff, es una balada inspiradora que habla de encontrar la fuerza y el coraje dentro de uno mismo. La voz de Mariah, con su impresionante registro vocal, se fusiona con la poderosa voz oper\u00edstica de Pavarotti, creando una atm\u00f3sfera profundamente emotiva. Pavarotti canta algunos versos en italiano, lo que a\u00f1ade una dimensi\u00f3n extra y refuerza el mensaje de esperanza y resiliencia.<\/p>\n<p>Esta interpretaci\u00f3n es un ejemplo perfecto de c\u00f3mo la m\u00fasica puede unir diferentes estilos y culturas para transmitir un mensaje universal de fortaleza y superaci\u00f3n.<\/p>\n<p><iframe loading=\"lazy\" title=\"YouTube video player\" src=\"https:\/\/www.youtube.com\/embed\/iOORfFcRulU?si=ySn2CESzubQvf_mF\" width=\"560\" height=\"315\" frameborder=\"0\" allowfullscreen=\"allowfullscreen\"><\/iframe><\/p>\n<p>La interpretaci\u00f3n de \u00abHero\u00bb por Luciano Pavarotti y Mariah Carey durante el evento ben\u00e9fico Pavarotti &amp; Friends en 1999 tiene una gran carga simb\u00f3lica y emocional. Este concierto se organiz\u00f3 para recaudar fondos en apoyo a los refugiados de Kosovo, en medio de una crisis humanitaria. La m\u00fasica, en este caso, sirvi\u00f3 de puente universal para transmitir un mensaje de esperanza y solidaridad.<\/p>\n<p>La actuaci\u00f3n en s\u00ed destac\u00f3 por la fusi\u00f3n de dos mundos musicales muy distintos: el pop contempor\u00e1neo de Mariah Carey y la \u00f3pera cl\u00e1sica de Pavarotti. Mariah comenz\u00f3 la canci\u00f3n con su caracter\u00edstica calidez vocal, mientras que Pavarotti a\u00f1adi\u00f3 su fuerza y emotividad al interpretar secciones en italiano. Esta combinaci\u00f3n no solo realz\u00f3 la belleza de la pieza, sino que tambi\u00e9n subray\u00f3 su universalidad.<\/p>\n<p>El acompa\u00f1amiento musical, con una orquesta sinf\u00f3nica completa, a\u00f1adi\u00f3 una profundidad que envolv\u00eda a los oyentes y dotaba a la actuaci\u00f3n de un aire majestuoso. La interacci\u00f3n entre los dos artistas fue respetuosa y colaborativa, lo que demostraba la humildad de ambos frente al mensaje de la canci\u00f3n.<\/p>\n<p>Es una actuaci\u00f3n que sigue record\u00e1ndose por su mensaje de unidad y por la capacidad que tiene la m\u00fasica de elevar el esp\u00edritu humano en tiempos de dificultad.<\/p>\n<figure id=\"attachment_8476\" aria-describedby=\"caption-attachment-8476\" style=\"width: 300px\" class=\"wp-caption aligncenter\"><a href=\"https:\/\/rafaramirez.org\/blog\/wp-content\/uploads\/2025\/03\/Pavarotti_Mariah_Carey_Hero_99_1_ok.jpg\" target=\"_blank\" rel=\"noopener\"><img loading=\"lazy\" decoding=\"async\" class=\"wp-image-8476 size-medium\" src=\"https:\/\/rafaramirez.org\/blog\/wp-content\/uploads\/2025\/03\/Pavarotti_Mariah_Carey_Hero_99_1_ok-300x148.jpg\" alt=\"&quot;Hero&quot;. Luciano Pavarotti y Mariah Carey. Blog de Rafael Ram\u00edrez.\" width=\"300\" height=\"148\" srcset=\"https:\/\/rafaramirez.org\/blog\/wp-content\/uploads\/2025\/03\/Pavarotti_Mariah_Carey_Hero_99_1_ok-300x148.jpg 300w, https:\/\/rafaramirez.org\/blog\/wp-content\/uploads\/2025\/03\/Pavarotti_Mariah_Carey_Hero_99_1_ok.jpg 720w\" sizes=\"auto, (max-width: 300px) 100vw, 300px\" \/><\/a><figcaption id=\"caption-attachment-8476\" class=\"wp-caption-text\">\u00abHero\u00bb. Luciano Pavarotti y Mariah Carey. Blog de Rafael Ram\u00edrez.<\/figcaption><\/figure>\n<h3>M\u00e1s sobre este concierto.<\/h3>\n<p>El concierto \u00abPavarotti &amp; Friends for Guatemala and Kosovo\u00bb tuvo lugar el 1 de junio de 1999 en el Parco Novi Sad de M\u00f3dena (Italia). Este evento form\u00f3 parte de una serie de conciertos ben\u00e9ficos organizados por Luciano Pavarotti entre 1992 y 2003, con el objetivo de recaudar fondos para causas humanitarias. En esta ocasi\u00f3n, los beneficios se destinaron a ayudar a las comunidades afectadas por los conflictos en Guatemala y Kosovo.<\/p>\n<p>En el concierto participaron una gran variedad de artistas de diferentes g\u00e9neros musicales, como Mariah Carey, Ricky Martin, Gloria Estefan, Lionel Richie, Boyzone, B.B. King, entre otros. Cada artista interpret\u00f3 canciones en solitario y, en muchos casos, colabor\u00f3 con Pavarotti en duetos \u00fanicos. Por ejemplo, la que te traigo hoy de Mariah Carey y tambi\u00e9n la de Ricky Martin, que interpret\u00f3 \u00abMamma\u00bb con el tenor.<\/p>\n<p>El evento no solo destac\u00f3 por su diversidad musical, que abarc\u00f3 desde la \u00f3pera hasta el pop, el rock y el blues, sino tambi\u00e9n por su mensaje de unidad y solidaridad. La actuaci\u00f3n final, \u00abWe Are the World\u00bb, reuni\u00f3 a todos los artistas en el escenario, simbolizando el esp\u00edritu colaborativo del concierto.<\/p>\n<figure id=\"attachment_8477\" aria-describedby=\"caption-attachment-8477\" style=\"width: 300px\" class=\"wp-caption aligncenter\"><a href=\"https:\/\/rafaramirez.org\/blog\/wp-content\/uploads\/2025\/03\/Pavarotti_Mariah_Carey_Hero_99_2_ok.jpg\" target=\"_blank\" rel=\"noopener\"><img loading=\"lazy\" decoding=\"async\" class=\"wp-image-8477 size-medium\" src=\"https:\/\/rafaramirez.org\/blog\/wp-content\/uploads\/2025\/03\/Pavarotti_Mariah_Carey_Hero_99_2_ok-300x148.jpg\" alt=\"&quot;Hero&quot;. Luciano Pavarotti y Mariah Carey. Blog de Rafael Ram\u00edrez.\" width=\"300\" height=\"148\" srcset=\"https:\/\/rafaramirez.org\/blog\/wp-content\/uploads\/2025\/03\/Pavarotti_Mariah_Carey_Hero_99_2_ok-300x148.jpg 300w, https:\/\/rafaramirez.org\/blog\/wp-content\/uploads\/2025\/03\/Pavarotti_Mariah_Carey_Hero_99_2_ok.jpg 720w\" sizes=\"auto, (max-width: 300px) 100vw, 300px\" \/><\/a><figcaption id=\"caption-attachment-8477\" class=\"wp-caption-text\">\u00abHero\u00bb. Luciano Pavarotti y Mariah Carey. Blog de Rafael Ram\u00edrez.<\/figcaption><\/figure>\n<p>M\u00e1s informaci\u00f3n:<\/p>\n<ul>\n<li><a href=\"https:\/\/es.wikipedia.org\/wiki\/Pavarotti_%26_Friends\" target=\"_blank\" rel=\"noopener\">Wikipedia<\/a>.<\/li>\n<li><a href=\"https:\/\/www.youtube.com\/@TheTelevideo\/videos\" target=\"_blank\" rel=\"noopener\">Canal TheTelevideo en Youtube<\/a>.<\/li>\n<li><a href=\"https:\/\/rafaramirez.org\/blog\/index.php\/category\/arte\/musica\/\" target=\"_blank\" rel=\"noopener\">M\u00e1s M\u00fasica<\/a>.<\/li>\n<\/ul>\n","protected":false},"excerpt":{"rendered":"<p>La interpretaci\u00f3n de \u00abHero\u00bb por Luciano Pavarotti y Mariah Carey es una colaboraci\u00f3n inolvidable que tuvo lugar durante el concierto ben\u00e9fico Pavarotti &amp; Friends, en 1999. Este evento reuni\u00f3 a artistas de diversos g\u00e9neros para apoyar causas humanitarias. La canci\u00f3n, escrita por Mariah Carey y Walter Afanasieff, es una balada inspiradora que habla de encontrar [&hellip;]<\/p>\n","protected":false},"author":1,"featured_media":8474,"comment_status":"open","ping_status":"closed","sticky":false,"template":"","format":"standard","meta":{"site-container-style":"default","site-container-layout":"default","site-sidebar-layout":"default","disable-article-header":"default","disable-site-header":"default","disable-site-footer":"default","disable-content-area-spacing":"default","_jetpack_newsletter_access":"","_jetpack_dont_email_post_to_subs":false,"_jetpack_newsletter_tier_id":0,"_jetpack_memberships_contains_paywalled_content":false,"_jetpack_feature_clip_id":0,"_jetpack_memberships_contains_paid_content":false,"footnotes":"","jetpack_publicize_message":"","jetpack_publicize_feature_enabled":true,"jetpack_social_post_already_shared":true,"jetpack_social_options":{"image_generator_settings":{"template":"highway","default_image_id":0,"font":"","enabled":false},"version":2},"jetpack_post_was_ever_published":false},"categories":[709],"tags":[4121,3002,4021,68,4122,160,665,2068,4124,4123],"class_list":["post-8469","post","type-post","status-publish","format-standard","has-post-thumbnail","hentry","category-musica","tag-hero-luciano-pavarotti-y-mariah-carey","tag-3002","tag-actuacion-en-directo","tag-blog-de-rafael-ramirez","tag-concierto-pavarotti-friends","tag-en-vivo","tag-italia","tag-live","tag-parco-novi-sad-de-modena","tag-pavarotti-friends-for-guatemala-and-kosovo"],"yoast_head":"<!-- This site is optimized with the Yoast SEO plugin v28.4 - https:\/\/yoast.com\/product\/yoast-seo-wordpress\/ -->\n<title>&quot;Hero&quot;. Luciano Pavarotti y Mariah Carey (Directo\/live\/vivo). - Blog de Rafael Ram\u00edrez<\/title>\n<meta name=\"description\" content=\"La interpretaci\u00f3n de &quot;Hero&quot; por Luciano Pavarotti y Mariah Carey es una colaboraci\u00f3n inolvidable durante el concierto ben\u00e9fico &quot;Pavarotti &amp;\" \/>\n<meta name=\"robots\" content=\"index, follow, max-snippet:-1, max-image-preview:large, max-video-preview:-1\" \/>\n<link rel=\"canonical\" href=\"https:\/\/rafaramirez.org\/blog\/index.php\/2025\/03\/21\/hero-luciano-pavarotti-y-mariah-carey-directo-live-vivo\/\" \/>\n<meta property=\"og:locale\" content=\"es_ES\" \/>\n<meta property=\"og:type\" content=\"article\" \/>\n<meta property=\"og:title\" content=\"&quot;Hero&quot;. Luciano Pavarotti y Mariah Carey (Directo\/live\/vivo). - Blog de Rafael Ram\u00edrez\" \/>\n<meta property=\"og:description\" content=\"La interpretaci\u00f3n de &quot;Hero&quot; por Luciano Pavarotti y Mariah Carey es una colaboraci\u00f3n inolvidable durante el concierto ben\u00e9fico &quot;Pavarotti &amp;\" \/>\n<meta property=\"og:url\" content=\"https:\/\/rafaramirez.org\/blog\/index.php\/2025\/03\/21\/hero-luciano-pavarotti-y-mariah-carey-directo-live-vivo\/\" \/>\n<meta property=\"og:site_name\" content=\"Blog de Rafael Ram\u00edrez\" \/>\n<meta property=\"article:published_time\" content=\"2025-03-21T07:15:09+00:00\" \/>\n<meta property=\"og:image\" content=\"https:\/\/rafaramirez.org\/blog\/wp-content\/uploads\/2025\/03\/Hero-Pavarotti__Mariah_Carey_banner.jpg\" \/>\n\t<meta property=\"og:image:width\" content=\"720\" \/>\n\t<meta property=\"og:image:height\" content=\"440\" \/>\n\t<meta property=\"og:image:type\" content=\"image\/jpeg\" \/>\n<meta name=\"author\" content=\"Rafael Ram\u00edrez\" \/>\n<meta name=\"twitter:card\" content=\"summary_large_image\" \/>\n<meta name=\"twitter:creator\" content=\"@rafaramirez_ok\" \/>\n<meta name=\"twitter:site\" content=\"@rafaramirez_ok\" \/>\n<meta name=\"twitter:label1\" content=\"Escrito por\" \/>\n\t<meta name=\"twitter:data1\" content=\"Rafael Ram\u00edrez\" \/>\n\t<meta name=\"twitter:label2\" content=\"Tiempo de lectura\" \/>\n\t<meta name=\"twitter:data2\" content=\"4 minutos\" \/>\n<script type=\"application\/ld+json\" class=\"yoast-schema-graph\">{\"@context\":\"https:\\\/\\\/schema.org\",\"@graph\":[{\"@type\":\"Article\",\"@id\":\"https:\\\/\\\/rafaramirez.org\\\/blog\\\/index.php\\\/2025\\\/03\\\/21\\\/hero-luciano-pavarotti-y-mariah-carey-directo-live-vivo\\\/#article\",\"isPartOf\":{\"@id\":\"https:\\\/\\\/rafaramirez.org\\\/blog\\\/index.php\\\/2025\\\/03\\\/21\\\/hero-luciano-pavarotti-y-mariah-carey-directo-live-vivo\\\/\"},\"author\":{\"name\":\"Rafael Ram\u00edrez\",\"@id\":\"https:\\\/\\\/rafaramirez.org\\\/blog\\\/#\\\/schema\\\/person\\\/50f43b6d60c578760d4c17bda54ab6a5\"},\"headline\":\"\u00abHero\u00bb. Luciano Pavarotti y Mariah Carey (Directo\\\/live\\\/vivo).\",\"datePublished\":\"2025-03-21T07:15:09+00:00\",\"mainEntityOfPage\":{\"@id\":\"https:\\\/\\\/rafaramirez.org\\\/blog\\\/index.php\\\/2025\\\/03\\\/21\\\/hero-luciano-pavarotti-y-mariah-carey-directo-live-vivo\\\/\"},\"wordCount\":627,\"commentCount\":0,\"publisher\":{\"@id\":\"https:\\\/\\\/rafaramirez.org\\\/blog\\\/#\\\/schema\\\/person\\\/50f43b6d60c578760d4c17bda54ab6a5\"},\"image\":{\"@id\":\"https:\\\/\\\/rafaramirez.org\\\/blog\\\/index.php\\\/2025\\\/03\\\/21\\\/hero-luciano-pavarotti-y-mariah-carey-directo-live-vivo\\\/#primaryimage\"},\"thumbnailUrl\":\"https:\\\/\\\/rafaramirez.org\\\/blog\\\/wp-content\\\/uploads\\\/2025\\\/03\\\/Hero-Pavarotti__Mariah_Carey_banner.jpg\",\"keywords\":[\"\\\"Hero\\\" Luciano Pavarotti y Mariah Carey\",\"1999\",\"actuaci\u00f3n en directo\",\"blog de Rafael Ram\u00edrez\",\"concierto Pavarotti &amp; Friends\",\"en vivo\",\"Italia\",\"live\",\"Parco Novi Sad de M\u00f3dena\",\"Pavarotti &amp; Friends for Guatemala and Kosovo\"],\"articleSection\":[\"M\u00fasica\"],\"inLanguage\":\"es\",\"potentialAction\":[{\"@type\":\"CommentAction\",\"name\":\"Comment\",\"target\":[\"https:\\\/\\\/rafaramirez.org\\\/blog\\\/index.php\\\/2025\\\/03\\\/21\\\/hero-luciano-pavarotti-y-mariah-carey-directo-live-vivo\\\/#respond\"]}]},{\"@type\":\"WebPage\",\"@id\":\"https:\\\/\\\/rafaramirez.org\\\/blog\\\/index.php\\\/2025\\\/03\\\/21\\\/hero-luciano-pavarotti-y-mariah-carey-directo-live-vivo\\\/\",\"url\":\"https:\\\/\\\/rafaramirez.org\\\/blog\\\/index.php\\\/2025\\\/03\\\/21\\\/hero-luciano-pavarotti-y-mariah-carey-directo-live-vivo\\\/\",\"name\":\"\\\"Hero\\\". Luciano Pavarotti y Mariah Carey (Directo\\\/live\\\/vivo). - Blog de Rafael Ram\u00edrez\",\"isPartOf\":{\"@id\":\"https:\\\/\\\/rafaramirez.org\\\/blog\\\/#website\"},\"primaryImageOfPage\":{\"@id\":\"https:\\\/\\\/rafaramirez.org\\\/blog\\\/index.php\\\/2025\\\/03\\\/21\\\/hero-luciano-pavarotti-y-mariah-carey-directo-live-vivo\\\/#primaryimage\"},\"image\":{\"@id\":\"https:\\\/\\\/rafaramirez.org\\\/blog\\\/index.php\\\/2025\\\/03\\\/21\\\/hero-luciano-pavarotti-y-mariah-carey-directo-live-vivo\\\/#primaryimage\"},\"thumbnailUrl\":\"https:\\\/\\\/rafaramirez.org\\\/blog\\\/wp-content\\\/uploads\\\/2025\\\/03\\\/Hero-Pavarotti__Mariah_Carey_banner.jpg\",\"datePublished\":\"2025-03-21T07:15:09+00:00\",\"description\":\"La interpretaci\u00f3n de \\\"Hero\\\" por Luciano Pavarotti y Mariah Carey es una colaboraci\u00f3n inolvidable durante el concierto ben\u00e9fico \\\"Pavarotti &\",\"breadcrumb\":{\"@id\":\"https:\\\/\\\/rafaramirez.org\\\/blog\\\/index.php\\\/2025\\\/03\\\/21\\\/hero-luciano-pavarotti-y-mariah-carey-directo-live-vivo\\\/#breadcrumb\"},\"inLanguage\":\"es\",\"potentialAction\":[{\"@type\":\"ReadAction\",\"target\":[\"https:\\\/\\\/rafaramirez.org\\\/blog\\\/index.php\\\/2025\\\/03\\\/21\\\/hero-luciano-pavarotti-y-mariah-carey-directo-live-vivo\\\/\"]}]},{\"@type\":\"ImageObject\",\"inLanguage\":\"es\",\"@id\":\"https:\\\/\\\/rafaramirez.org\\\/blog\\\/index.php\\\/2025\\\/03\\\/21\\\/hero-luciano-pavarotti-y-mariah-carey-directo-live-vivo\\\/#primaryimage\",\"url\":\"https:\\\/\\\/rafaramirez.org\\\/blog\\\/wp-content\\\/uploads\\\/2025\\\/03\\\/Hero-Pavarotti__Mariah_Carey_banner.jpg\",\"contentUrl\":\"https:\\\/\\\/rafaramirez.org\\\/blog\\\/wp-content\\\/uploads\\\/2025\\\/03\\\/Hero-Pavarotti__Mariah_Carey_banner.jpg\",\"width\":720,\"height\":440,\"caption\":\"\\\"Hero\\\". Luciano Pavarotti y Mariah Carey. Blog de Rafael Ram\u00edrez.\"},{\"@type\":\"BreadcrumbList\",\"@id\":\"https:\\\/\\\/rafaramirez.org\\\/blog\\\/index.php\\\/2025\\\/03\\\/21\\\/hero-luciano-pavarotti-y-mariah-carey-directo-live-vivo\\\/#breadcrumb\",\"itemListElement\":[{\"@type\":\"ListItem\",\"position\":1,\"name\":\"Portada\",\"item\":\"https:\\\/\\\/rafaramirez.org\\\/blog\\\/\"},{\"@type\":\"ListItem\",\"position\":2,\"name\":\"\u00abHero\u00bb. Luciano Pavarotti y Mariah Carey (Directo\\\/live\\\/vivo).\"}]},{\"@type\":\"WebSite\",\"@id\":\"https:\\\/\\\/rafaramirez.org\\\/blog\\\/#website\",\"url\":\"https:\\\/\\\/rafaramirez.org\\\/blog\\\/\",\"name\":\"Blog de Rafael Ram\u00edrez\",\"description\":\"Un sitio social, de arte y cultura\",\"publisher\":{\"@id\":\"https:\\\/\\\/rafaramirez.org\\\/blog\\\/#\\\/schema\\\/person\\\/50f43b6d60c578760d4c17bda54ab6a5\"},\"potentialAction\":[{\"@type\":\"SearchAction\",\"target\":{\"@type\":\"EntryPoint\",\"urlTemplate\":\"https:\\\/\\\/rafaramirez.org\\\/blog\\\/?s={search_term_string}\"},\"query-input\":{\"@type\":\"PropertyValueSpecification\",\"valueRequired\":true,\"valueName\":\"search_term_string\"}}],\"inLanguage\":\"es\"},{\"@type\":[\"Person\",\"Organization\"],\"@id\":\"https:\\\/\\\/rafaramirez.org\\\/blog\\\/#\\\/schema\\\/person\\\/50f43b6d60c578760d4c17bda54ab6a5\",\"name\":\"Rafael Ram\u00edrez\",\"image\":{\"@type\":\"ImageObject\",\"inLanguage\":\"es\",\"@id\":\"https:\\\/\\\/rafaramirez.org\\\/blog\\\/wp-content\\\/uploads\\\/2024\\\/09\\\/RR_socialnetwork.jpg\",\"url\":\"https:\\\/\\\/rafaramirez.org\\\/blog\\\/wp-content\\\/uploads\\\/2024\\\/09\\\/RR_socialnetwork.jpg\",\"contentUrl\":\"https:\\\/\\\/rafaramirez.org\\\/blog\\\/wp-content\\\/uploads\\\/2024\\\/09\\\/RR_socialnetwork.jpg\",\"width\":600,\"height\":606,\"caption\":\"Rafael Ram\u00edrez\"},\"logo\":{\"@id\":\"https:\\\/\\\/rafaramirez.org\\\/blog\\\/wp-content\\\/uploads\\\/2024\\\/09\\\/RR_socialnetwork.jpg\"},\"sameAs\":[\"https:\\\/\\\/www.rafaramirez.org\\\/blog\",\"https:\\\/\\\/www.instagram.com\\\/rafaramirez_ok\\\/\",\"https:\\\/\\\/es.pinterest.com\\\/Ramirez_Rafa\\\/\",\"https:\\\/\\\/x.com\\\/rafaramirez_ok\"],\"url\":\"https:\\\/\\\/rafaramirez.org\\\/blog\\\/index.php\\\/author\\\/rafaell_qm6j97da\\\/\"}]}<\/script>\n<!-- \/ Yoast SEO plugin. -->","yoast_head_json":{"title":"\"Hero\". Luciano Pavarotti y Mariah Carey (Directo\/live\/vivo). - Blog de Rafael Ram\u00edrez","description":"La interpretaci\u00f3n de \"Hero\" por Luciano Pavarotti y Mariah Carey es una colaboraci\u00f3n inolvidable durante el concierto ben\u00e9fico \"Pavarotti &","robots":{"index":"index","follow":"follow","max-snippet":"max-snippet:-1","max-image-preview":"max-image-preview:large","max-video-preview":"max-video-preview:-1"},"canonical":"https:\/\/rafaramirez.org\/blog\/index.php\/2025\/03\/21\/hero-luciano-pavarotti-y-mariah-carey-directo-live-vivo\/","og_locale":"es_ES","og_type":"article","og_title":"\"Hero\". Luciano Pavarotti y Mariah Carey (Directo\/live\/vivo). - Blog de Rafael Ram\u00edrez","og_description":"La interpretaci\u00f3n de \"Hero\" por Luciano Pavarotti y Mariah Carey es una colaboraci\u00f3n inolvidable durante el concierto ben\u00e9fico \"Pavarotti &","og_url":"https:\/\/rafaramirez.org\/blog\/index.php\/2025\/03\/21\/hero-luciano-pavarotti-y-mariah-carey-directo-live-vivo\/","og_site_name":"Blog de Rafael Ram\u00edrez","article_published_time":"2025-03-21T07:15:09+00:00","og_image":[{"width":720,"height":440,"url":"https:\/\/rafaramirez.org\/blog\/wp-content\/uploads\/2025\/03\/Hero-Pavarotti__Mariah_Carey_banner.jpg","type":"image\/jpeg"}],"author":"Rafael Ram\u00edrez","twitter_card":"summary_large_image","twitter_creator":"@rafaramirez_ok","twitter_site":"@rafaramirez_ok","twitter_misc":{"Escrito por":"Rafael Ram\u00edrez","Tiempo de lectura":"4 minutos"},"schema":{"@context":"https:\/\/schema.org","@graph":[{"@type":"Article","@id":"https:\/\/rafaramirez.org\/blog\/index.php\/2025\/03\/21\/hero-luciano-pavarotti-y-mariah-carey-directo-live-vivo\/#article","isPartOf":{"@id":"https:\/\/rafaramirez.org\/blog\/index.php\/2025\/03\/21\/hero-luciano-pavarotti-y-mariah-carey-directo-live-vivo\/"},"author":{"name":"Rafael Ram\u00edrez","@id":"https:\/\/rafaramirez.org\/blog\/#\/schema\/person\/50f43b6d60c578760d4c17bda54ab6a5"},"headline":"\u00abHero\u00bb. Luciano Pavarotti y Mariah Carey (Directo\/live\/vivo).","datePublished":"2025-03-21T07:15:09+00:00","mainEntityOfPage":{"@id":"https:\/\/rafaramirez.org\/blog\/index.php\/2025\/03\/21\/hero-luciano-pavarotti-y-mariah-carey-directo-live-vivo\/"},"wordCount":627,"commentCount":0,"publisher":{"@id":"https:\/\/rafaramirez.org\/blog\/#\/schema\/person\/50f43b6d60c578760d4c17bda54ab6a5"},"image":{"@id":"https:\/\/rafaramirez.org\/blog\/index.php\/2025\/03\/21\/hero-luciano-pavarotti-y-mariah-carey-directo-live-vivo\/#primaryimage"},"thumbnailUrl":"https:\/\/rafaramirez.org\/blog\/wp-content\/uploads\/2025\/03\/Hero-Pavarotti__Mariah_Carey_banner.jpg","keywords":["\"Hero\" Luciano Pavarotti y Mariah Carey","1999","actuaci\u00f3n en directo","blog de Rafael Ram\u00edrez","concierto Pavarotti &amp; Friends","en vivo","Italia","live","Parco Novi Sad de M\u00f3dena","Pavarotti &amp; Friends for Guatemala and Kosovo"],"articleSection":["M\u00fasica"],"inLanguage":"es","potentialAction":[{"@type":"CommentAction","name":"Comment","target":["https:\/\/rafaramirez.org\/blog\/index.php\/2025\/03\/21\/hero-luciano-pavarotti-y-mariah-carey-directo-live-vivo\/#respond"]}]},{"@type":"WebPage","@id":"https:\/\/rafaramirez.org\/blog\/index.php\/2025\/03\/21\/hero-luciano-pavarotti-y-mariah-carey-directo-live-vivo\/","url":"https:\/\/rafaramirez.org\/blog\/index.php\/2025\/03\/21\/hero-luciano-pavarotti-y-mariah-carey-directo-live-vivo\/","name":"\"Hero\". Luciano Pavarotti y Mariah Carey (Directo\/live\/vivo). - Blog de Rafael Ram\u00edrez","isPartOf":{"@id":"https:\/\/rafaramirez.org\/blog\/#website"},"primaryImageOfPage":{"@id":"https:\/\/rafaramirez.org\/blog\/index.php\/2025\/03\/21\/hero-luciano-pavarotti-y-mariah-carey-directo-live-vivo\/#primaryimage"},"image":{"@id":"https:\/\/rafaramirez.org\/blog\/index.php\/2025\/03\/21\/hero-luciano-pavarotti-y-mariah-carey-directo-live-vivo\/#primaryimage"},"thumbnailUrl":"https:\/\/rafaramirez.org\/blog\/wp-content\/uploads\/2025\/03\/Hero-Pavarotti__Mariah_Carey_banner.jpg","datePublished":"2025-03-21T07:15:09+00:00","description":"La interpretaci\u00f3n de \"Hero\" por Luciano Pavarotti y Mariah Carey es una colaboraci\u00f3n inolvidable durante el concierto ben\u00e9fico \"Pavarotti &","breadcrumb":{"@id":"https:\/\/rafaramirez.org\/blog\/index.php\/2025\/03\/21\/hero-luciano-pavarotti-y-mariah-carey-directo-live-vivo\/#breadcrumb"},"inLanguage":"es","potentialAction":[{"@type":"ReadAction","target":["https:\/\/rafaramirez.org\/blog\/index.php\/2025\/03\/21\/hero-luciano-pavarotti-y-mariah-carey-directo-live-vivo\/"]}]},{"@type":"ImageObject","inLanguage":"es","@id":"https:\/\/rafaramirez.org\/blog\/index.php\/2025\/03\/21\/hero-luciano-pavarotti-y-mariah-carey-directo-live-vivo\/#primaryimage","url":"https:\/\/rafaramirez.org\/blog\/wp-content\/uploads\/2025\/03\/Hero-Pavarotti__Mariah_Carey_banner.jpg","contentUrl":"https:\/\/rafaramirez.org\/blog\/wp-content\/uploads\/2025\/03\/Hero-Pavarotti__Mariah_Carey_banner.jpg","width":720,"height":440,"caption":"\"Hero\". Luciano Pavarotti y Mariah Carey. Blog de Rafael Ram\u00edrez."},{"@type":"BreadcrumbList","@id":"https:\/\/rafaramirez.org\/blog\/index.php\/2025\/03\/21\/hero-luciano-pavarotti-y-mariah-carey-directo-live-vivo\/#breadcrumb","itemListElement":[{"@type":"ListItem","position":1,"name":"Portada","item":"https:\/\/rafaramirez.org\/blog\/"},{"@type":"ListItem","position":2,"name":"\u00abHero\u00bb. Luciano Pavarotti y Mariah Carey (Directo\/live\/vivo)."}]},{"@type":"WebSite","@id":"https:\/\/rafaramirez.org\/blog\/#website","url":"https:\/\/rafaramirez.org\/blog\/","name":"Blog de Rafael Ram\u00edrez","description":"Un sitio social, de arte y cultura","publisher":{"@id":"https:\/\/rafaramirez.org\/blog\/#\/schema\/person\/50f43b6d60c578760d4c17bda54ab6a5"},"potentialAction":[{"@type":"SearchAction","target":{"@type":"EntryPoint","urlTemplate":"https:\/\/rafaramirez.org\/blog\/?s={search_term_string}"},"query-input":{"@type":"PropertyValueSpecification","valueRequired":true,"valueName":"search_term_string"}}],"inLanguage":"es"},{"@type":["Person","Organization"],"@id":"https:\/\/rafaramirez.org\/blog\/#\/schema\/person\/50f43b6d60c578760d4c17bda54ab6a5","name":"Rafael Ram\u00edrez","image":{"@type":"ImageObject","inLanguage":"es","@id":"https:\/\/rafaramirez.org\/blog\/wp-content\/uploads\/2024\/09\/RR_socialnetwork.jpg","url":"https:\/\/rafaramirez.org\/blog\/wp-content\/uploads\/2024\/09\/RR_socialnetwork.jpg","contentUrl":"https:\/\/rafaramirez.org\/blog\/wp-content\/uploads\/2024\/09\/RR_socialnetwork.jpg","width":600,"height":606,"caption":"Rafael Ram\u00edrez"},"logo":{"@id":"https:\/\/rafaramirez.org\/blog\/wp-content\/uploads\/2024\/09\/RR_socialnetwork.jpg"},"sameAs":["https:\/\/www.rafaramirez.org\/blog","https:\/\/www.instagram.com\/rafaramirez_ok\/","https:\/\/es.pinterest.com\/Ramirez_Rafa\/","https:\/\/x.com\/rafaramirez_ok"],"url":"https:\/\/rafaramirez.org\/blog\/index.php\/author\/rafaell_qm6j97da\/"}]}},"jetpack_publicize_connections":[],"jetpack_sharing_enabled":true,"jetpack_likes_enabled":true,"jetpack_featured_media_url":"https:\/\/rafaramirez.org\/blog\/wp-content\/uploads\/2025\/03\/Hero-Pavarotti__Mariah_Carey_banner.jpg","_links":{"self":[{"href":"https:\/\/rafaramirez.org\/blog\/index.php\/wp-json\/wp\/v2\/posts\/8469","targetHints":{"allow":["GET"]}}],"collection":[{"href":"https:\/\/rafaramirez.org\/blog\/index.php\/wp-json\/wp\/v2\/posts"}],"about":[{"href":"https:\/\/rafaramirez.org\/blog\/index.php\/wp-json\/wp\/v2\/types\/post"}],"author":[{"embeddable":true,"href":"https:\/\/rafaramirez.org\/blog\/index.php\/wp-json\/wp\/v2\/users\/1"}],"replies":[{"embeddable":true,"href":"https:\/\/rafaramirez.org\/blog\/index.php\/wp-json\/wp\/v2\/comments?post=8469"}],"version-history":[{"count":8,"href":"https:\/\/rafaramirez.org\/blog\/index.php\/wp-json\/wp\/v2\/posts\/8469\/revisions"}],"predecessor-version":[{"id":8481,"href":"https:\/\/rafaramirez.org\/blog\/index.php\/wp-json\/wp\/v2\/posts\/8469\/revisions\/8481"}],"wp:featuredmedia":[{"embeddable":true,"href":"https:\/\/rafaramirez.org\/blog\/index.php\/wp-json\/wp\/v2\/media\/8474"}],"wp:attachment":[{"href":"https:\/\/rafaramirez.org\/blog\/index.php\/wp-json\/wp\/v2\/media?parent=8469"}],"wp:term":[{"taxonomy":"category","embeddable":true,"href":"https:\/\/rafaramirez.org\/blog\/index.php\/wp-json\/wp\/v2\/categories?post=8469"},{"taxonomy":"post_tag","embeddable":true,"href":"https:\/\/rafaramirez.org\/blog\/index.php\/wp-json\/wp\/v2\/tags?post=8469"}],"curies":[{"name":"wp","href":"https:\/\/api.w.org\/{rel}","templated":true}]}}