{"id":8457,"date":"2025-03-20T08:15:54","date_gmt":"2025-03-20T07:15:54","guid":{"rendered":"https:\/\/rafaramirez.org\/blog\/?p=8457"},"modified":"2025-03-12T10:29:43","modified_gmt":"2025-03-12T09:29:43","slug":"equinoccio-de-primavera","status":"publish","type":"post","link":"https:\/\/rafaramirez.org\/blog\/index.php\/2025\/03\/20\/equinoccio-de-primavera\/","title":{"rendered":"Equinoccio de Primavera: el cambio de estaci\u00f3n y el momento de equilibrio entre el d\u00eda y la noche."},"content":{"rendered":"<p>El equinoccio de primavera marca el momento en que el d\u00eda y la noche tienen casi la misma duraci\u00f3n. Esto sucede porque el Sol cruza el ecuador celeste, ubic\u00e1ndose directamente sobre el ecuador terrestre. Generalmente, ocurre alrededor del 20 o 21 de marzo (este a\u00f1o es el 20) en el hemisferio norte, y marca el inicio de la primavera astron\u00f3mica.<\/p>\n<p>Es un evento importante en muchas culturas y tradiciones, ya que simboliza el renacimiento, el equilibrio y el comienzo de un nuevo ciclo. Por ejemplo:<\/p>\n<ul>\n<li>En Ir\u00e1n y otras regiones se celebra Nowruz, el A\u00f1o Nuevo persa.<\/li>\n<li>En la cultura celta y neopagana se asocia con Ostara, una festividad para honrar la fertilidad y la renovaci\u00f3n.<\/li>\n<li>En M\u00e9xico, sitios arqueol\u00f3gicos como Chich\u00e9n Itz\u00e1 reciben a miles de personas que observan los efectos visuales del equinoccio en las pir\u00e1mides.<\/li>\n<\/ul>\n<p>Adem\u00e1s, es un momento clave para los fen\u00f3menos naturales, ya que a partir de entonces los d\u00edas comienzan a alargarse y traen m\u00e1s luz y calor a muchas partes del mundo.<\/p>\n<figure id=\"attachment_8461\" aria-describedby=\"caption-attachment-8461\" style=\"width: 200px\" class=\"wp-caption aligncenter\"><a href=\"https:\/\/rafaramirez.org\/blog\/wp-content\/uploads\/2025\/03\/child-7248693.jpg\" target=\"_blank\" rel=\"noopener\"><img loading=\"lazy\" decoding=\"async\" class=\"wp-image-8461 size-medium\" src=\"https:\/\/rafaramirez.org\/blog\/wp-content\/uploads\/2025\/03\/child-7248693-200x300.jpg\" alt=\"Equinoccio de primavera 20 de marzo. Blog de Rafael Ram\u00edrez. \" width=\"200\" height=\"300\" srcset=\"https:\/\/rafaramirez.org\/blog\/wp-content\/uploads\/2025\/03\/child-7248693-200x300.jpg 200w, https:\/\/rafaramirez.org\/blog\/wp-content\/uploads\/2025\/03\/child-7248693.jpg 533w\" sizes=\"auto, (max-width: 200px) 100vw, 200px\" \/><\/a><figcaption id=\"caption-attachment-8461\" class=\"wp-caption-text\">Equinoccio de primavera 20 de marzo. Blog de Rafael Ram\u00edrez.<\/figcaption><\/figure>\n<h3>Importancia de este d\u00eda.<\/h3>\n<p>El Equinoccio de Primavera tiene una gran importancia en diferentes aspectos de la vida:<\/p>\n<h4>1. <strong>Cultural y espiritual<\/strong><\/h4>\n<ul>\n<li><strong>Renacimiento y fertilidad:<\/strong> muchas culturas lo asocian con el renacimiento de la naturaleza y la fertilidad. Por ejemplo, las antiguas civilizaciones celebraban rituales para agradecer la llegada de la primavera y pedir buenas cosechas.<\/li>\n<li><strong>Tradiciones y festivales:<\/strong> festividades como <em>Nowruz<\/em> en Ir\u00e1n, Ostara en tradiciones paganas, o rituales en sitios arqueol\u00f3gicos como Chich\u00e9n Itz\u00e1 reflejan la importancia simb\u00f3lica de este d\u00eda.<\/li>\n<\/ul>\n<h4>2. <strong>Astron\u00f3mico<\/strong><\/h4>\n<ul>\n<li>Es un evento clave para entender los movimientos del Sol y la Tierra. Marca el momento en que el Sol cruza el ecuador celeste, trayendo equilibrio entre el d\u00eda y la noche.<\/li>\n<\/ul>\n<h4>3. <strong>Ecol\u00f3gico y Natural<\/strong><\/h4>\n<ul>\n<li>Da inicio a un per\u00edodo de mayor luz y calor en el hemisferio norte, lo cual influye en el crecimiento de las plantas, la reproducci\u00f3n animal y el inicio de actividades agr\u00edcolas.<\/li>\n<\/ul>\n<h4>4. <strong>Psicol\u00f3gico y Emocional<\/strong><\/h4>\n<ul>\n<li>Este d\u00eda simboliza nuevos comienzos, equilibrio y esperanza. Con la llegada de m\u00e1s luz, muchas personas sienten un impulso de energ\u00eda y optimismo.<\/li>\n<\/ul>\n<p>Es un momento que invita a reflexionar sobre el equilibrio en nuestras vidas y a celebrar la conexi\u00f3n con la naturaleza.<\/p>\n<figure id=\"attachment_8462\" aria-describedby=\"caption-attachment-8462\" style=\"width: 200px\" class=\"wp-caption aligncenter\"><a href=\"https:\/\/rafaramirez.org\/blog\/wp-content\/uploads\/2025\/03\/cherry-blossoms-6943659.jpg\" target=\"_blank\" rel=\"noopener\"><img loading=\"lazy\" decoding=\"async\" class=\"wp-image-8462 size-medium\" src=\"https:\/\/rafaramirez.org\/blog\/wp-content\/uploads\/2025\/03\/cherry-blossoms-6943659-200x300.jpg\" alt=\"Equinoccio de primavera 20 de marzo. Blog de Rafael Ram\u00edrez.\" width=\"200\" height=\"300\" srcset=\"https:\/\/rafaramirez.org\/blog\/wp-content\/uploads\/2025\/03\/cherry-blossoms-6943659-200x300.jpg 200w, https:\/\/rafaramirez.org\/blog\/wp-content\/uploads\/2025\/03\/cherry-blossoms-6943659.jpg 533w\" sizes=\"auto, (max-width: 200px) 100vw, 200px\" \/><\/a><figcaption id=\"caption-attachment-8462\" class=\"wp-caption-text\">Equinoccio de primavera 20 de marzo. Blog de Rafael Ram\u00edrez.<\/figcaption><\/figure>\n<p>As\u00ed, el equinoccio de primavera es el canto de la naturaleza que anuncia el renacer, un momento en que la luz y la oscuridad bailan en equilibrio perfecto. Representa nuevos comienzos, la fertilidad de la tierra y la \u00edntima conexi\u00f3n con los ciclos eternos del cosmos. Es un d\u00eda para sembrar sue\u00f1os y florecer junto con la primavera. \ud83c\udf38\u2728<\/p>\n<p>M\u00e1s informaci\u00f3n:<\/p>\n<ul>\n<li><a href=\"https:\/\/es.wikipedia.org\/wiki\/Equinoccio_de_marzo\" target=\"_blank\" rel=\"noopener\">Wikipedia<\/a>.<\/li>\n<li><a href=\"https:\/\/rafaramirez.org\/blog\/index.php\/2024\/09\/22\/equinoccio-de-otono\/\" target=\"_blank\" rel=\"noopener\">Equinoccio de oto\u00f1o<\/a>.<\/li>\n<li><a href=\"https:\/\/rafaramirez.org\/blog\/index.php\/2024\/12\/21\/solsticio-de-invierno\/\" target=\"_blank\" rel=\"noopener\">Solsticio de invierno<\/a>.<\/li>\n<li><a href=\"https:\/\/rafaramirez.org\/blog\/index.php\/2024\/06\/21\/21-de-junio-solsticio-de-verano-y-dia-internacional-del-sol\/\" target=\"_blank\" rel=\"noopener\">Solsticio de verano<\/a>.<\/li>\n<li><a href=\"https:\/\/rafaramirez.org\/blog\/index.php\/category\/arte\/efemerides\/\" target=\"_blank\" rel=\"noopener\">M\u00e1s efem\u00e9rides<\/a>.<\/li>\n<\/ul>\n","protected":false},"excerpt":{"rendered":"<p>El equinoccio de primavera marca el momento en que el d\u00eda y la noche tienen casi la misma duraci\u00f3n. Esto sucede porque el Sol cruza el ecuador celeste, ubic\u00e1ndose directamente sobre el ecuador terrestre. Generalmente, ocurre alrededor del 20 o 21 de marzo (este a\u00f1o es el 20) en el hemisferio norte, y marca el [&hellip;]<\/p>\n","protected":false},"author":1,"featured_media":8460,"comment_status":"open","ping_status":"closed","sticky":false,"template":"","format":"standard","meta":{"site-container-style":"default","site-container-layout":"default","site-sidebar-layout":"default","disable-article-header":"default","disable-site-header":"default","disable-site-footer":"default","disable-content-area-spacing":"default","_jetpack_newsletter_access":"","_jetpack_dont_email_post_to_subs":false,"_jetpack_newsletter_tier_id":0,"_jetpack_memberships_contains_paywalled_content":false,"_jetpack_feature_clip_id":0,"_jetpack_memberships_contains_paid_content":false,"footnotes":"","jetpack_publicize_message":"","jetpack_publicize_feature_enabled":true,"jetpack_social_post_already_shared":true,"jetpack_social_options":{"image_generator_settings":{"template":"highway","default_image_id":0,"font":"","enabled":false},"version":2},"jetpack_post_was_ever_published":false},"categories":[1291],"tags":[68,1323,4117,4099,4098,4118],"class_list":["post-8457","post","type-post","status-publish","format-standard","has-post-thumbnail","hentry","category-efemerides","tag-blog-de-rafael-ramirez","tag-efemerides","tag-efemerides-20-de-marzo","tag-efemerides-de-2025","tag-efemerides-de-marzo","tag-equinoccio-de-primavera"],"yoast_head":"<!-- This site is optimized with the Yoast SEO plugin v28.4 - https:\/\/yoast.com\/product\/yoast-seo-wordpress\/ -->\n<title>Equinoccio de Primavera: el cambio de estaci\u00f3n y el momento de equilibrio entre el d\u00eda y la noche. - Blog de Rafael Ram\u00edrez<\/title>\n<meta name=\"description\" content=\"El equinoccio de primavera marca el momento en que el d\u00eda y la noche tienen casi la misma duraci\u00f3n. Esto sucede porque el Sol cruza el...\" \/>\n<meta name=\"robots\" content=\"index, follow, max-snippet:-1, max-image-preview:large, max-video-preview:-1\" \/>\n<link rel=\"canonical\" href=\"https:\/\/rafaramirez.org\/blog\/index.php\/2025\/03\/20\/equinoccio-de-primavera\/\" \/>\n<meta property=\"og:locale\" content=\"es_ES\" \/>\n<meta property=\"og:type\" content=\"article\" \/>\n<meta property=\"og:title\" content=\"Equinoccio de Primavera: el cambio de estaci\u00f3n y el momento de equilibrio entre el d\u00eda y la noche. - Blog de Rafael Ram\u00edrez\" \/>\n<meta property=\"og:description\" content=\"El equinoccio de primavera marca el momento en que el d\u00eda y la noche tienen casi la misma duraci\u00f3n. Esto sucede porque el Sol cruza el...\" \/>\n<meta property=\"og:url\" content=\"https:\/\/rafaramirez.org\/blog\/index.php\/2025\/03\/20\/equinoccio-de-primavera\/\" \/>\n<meta property=\"og:site_name\" content=\"Blog de Rafael Ram\u00edrez\" \/>\n<meta property=\"article:published_time\" content=\"2025-03-20T07:15:54+00:00\" \/>\n<meta property=\"og:image\" content=\"https:\/\/rafaramirez.org\/blog\/wp-content\/uploads\/2025\/03\/Equinoccio_de_primavera_banner.jpg\" \/>\n\t<meta property=\"og:image:width\" content=\"720\" \/>\n\t<meta property=\"og:image:height\" content=\"440\" \/>\n\t<meta property=\"og:image:type\" content=\"image\/jpeg\" \/>\n<meta name=\"author\" content=\"Rafael Ram\u00edrez\" \/>\n<meta name=\"twitter:card\" content=\"summary_large_image\" \/>\n<meta name=\"twitter:creator\" content=\"@rafaramirez_ok\" \/>\n<meta name=\"twitter:site\" content=\"@rafaramirez_ok\" \/>\n<meta name=\"twitter:label1\" content=\"Escrito por\" \/>\n\t<meta name=\"twitter:data1\" content=\"Rafael Ram\u00edrez\" \/>\n\t<meta name=\"twitter:label2\" content=\"Tiempo de lectura\" \/>\n\t<meta name=\"twitter:data2\" content=\"3 minutos\" \/>\n<script type=\"application\/ld+json\" class=\"yoast-schema-graph\">{\"@context\":\"https:\\\/\\\/schema.org\",\"@graph\":[{\"@type\":\"Article\",\"@id\":\"https:\\\/\\\/rafaramirez.org\\\/blog\\\/index.php\\\/2025\\\/03\\\/20\\\/equinoccio-de-primavera\\\/#article\",\"isPartOf\":{\"@id\":\"https:\\\/\\\/rafaramirez.org\\\/blog\\\/index.php\\\/2025\\\/03\\\/20\\\/equinoccio-de-primavera\\\/\"},\"author\":{\"name\":\"Rafael Ram\u00edrez\",\"@id\":\"https:\\\/\\\/rafaramirez.org\\\/blog\\\/#\\\/schema\\\/person\\\/50f43b6d60c578760d4c17bda54ab6a5\"},\"headline\":\"Equinoccio de Primavera: el cambio de estaci\u00f3n y el momento de equilibrio entre el d\u00eda y la noche.\",\"datePublished\":\"2025-03-20T07:15:54+00:00\",\"mainEntityOfPage\":{\"@id\":\"https:\\\/\\\/rafaramirez.org\\\/blog\\\/index.php\\\/2025\\\/03\\\/20\\\/equinoccio-de-primavera\\\/\"},\"wordCount\":530,\"commentCount\":0,\"publisher\":{\"@id\":\"https:\\\/\\\/rafaramirez.org\\\/blog\\\/#\\\/schema\\\/person\\\/50f43b6d60c578760d4c17bda54ab6a5\"},\"image\":{\"@id\":\"https:\\\/\\\/rafaramirez.org\\\/blog\\\/index.php\\\/2025\\\/03\\\/20\\\/equinoccio-de-primavera\\\/#primaryimage\"},\"thumbnailUrl\":\"https:\\\/\\\/rafaramirez.org\\\/blog\\\/wp-content\\\/uploads\\\/2025\\\/03\\\/Equinoccio_de_primavera_banner.jpg\",\"keywords\":[\"blog de Rafael Ram\u00edrez\",\"efem\u00e9rides\",\"efem\u00e9rides 20 de marzo\",\"efem\u00e9rides de 2025\",\"efem\u00e9rides de marzo\",\"Equinoccio de Primavera\"],\"articleSection\":[\"Efem\u00e9rides\"],\"inLanguage\":\"es\",\"potentialAction\":[{\"@type\":\"CommentAction\",\"name\":\"Comment\",\"target\":[\"https:\\\/\\\/rafaramirez.org\\\/blog\\\/index.php\\\/2025\\\/03\\\/20\\\/equinoccio-de-primavera\\\/#respond\"]}]},{\"@type\":\"WebPage\",\"@id\":\"https:\\\/\\\/rafaramirez.org\\\/blog\\\/index.php\\\/2025\\\/03\\\/20\\\/equinoccio-de-primavera\\\/\",\"url\":\"https:\\\/\\\/rafaramirez.org\\\/blog\\\/index.php\\\/2025\\\/03\\\/20\\\/equinoccio-de-primavera\\\/\",\"name\":\"Equinoccio de Primavera: el cambio de estaci\u00f3n y el momento de equilibrio entre el d\u00eda y la noche. - Blog de Rafael Ram\u00edrez\",\"isPartOf\":{\"@id\":\"https:\\\/\\\/rafaramirez.org\\\/blog\\\/#website\"},\"primaryImageOfPage\":{\"@id\":\"https:\\\/\\\/rafaramirez.org\\\/blog\\\/index.php\\\/2025\\\/03\\\/20\\\/equinoccio-de-primavera\\\/#primaryimage\"},\"image\":{\"@id\":\"https:\\\/\\\/rafaramirez.org\\\/blog\\\/index.php\\\/2025\\\/03\\\/20\\\/equinoccio-de-primavera\\\/#primaryimage\"},\"thumbnailUrl\":\"https:\\\/\\\/rafaramirez.org\\\/blog\\\/wp-content\\\/uploads\\\/2025\\\/03\\\/Equinoccio_de_primavera_banner.jpg\",\"datePublished\":\"2025-03-20T07:15:54+00:00\",\"description\":\"El equinoccio de primavera marca el momento en que el d\u00eda y la noche tienen casi la misma duraci\u00f3n. Esto sucede porque el Sol cruza el...\",\"breadcrumb\":{\"@id\":\"https:\\\/\\\/rafaramirez.org\\\/blog\\\/index.php\\\/2025\\\/03\\\/20\\\/equinoccio-de-primavera\\\/#breadcrumb\"},\"inLanguage\":\"es\",\"potentialAction\":[{\"@type\":\"ReadAction\",\"target\":[\"https:\\\/\\\/rafaramirez.org\\\/blog\\\/index.php\\\/2025\\\/03\\\/20\\\/equinoccio-de-primavera\\\/\"]}]},{\"@type\":\"ImageObject\",\"inLanguage\":\"es\",\"@id\":\"https:\\\/\\\/rafaramirez.org\\\/blog\\\/index.php\\\/2025\\\/03\\\/20\\\/equinoccio-de-primavera\\\/#primaryimage\",\"url\":\"https:\\\/\\\/rafaramirez.org\\\/blog\\\/wp-content\\\/uploads\\\/2025\\\/03\\\/Equinoccio_de_primavera_banner.jpg\",\"contentUrl\":\"https:\\\/\\\/rafaramirez.org\\\/blog\\\/wp-content\\\/uploads\\\/2025\\\/03\\\/Equinoccio_de_primavera_banner.jpg\",\"width\":720,\"height\":440,\"caption\":\"Equinoccio de primavera 20 de marzo. Blog de Rafael Ram\u00edrez.\"},{\"@type\":\"BreadcrumbList\",\"@id\":\"https:\\\/\\\/rafaramirez.org\\\/blog\\\/index.php\\\/2025\\\/03\\\/20\\\/equinoccio-de-primavera\\\/#breadcrumb\",\"itemListElement\":[{\"@type\":\"ListItem\",\"position\":1,\"name\":\"Portada\",\"item\":\"https:\\\/\\\/rafaramirez.org\\\/blog\\\/\"},{\"@type\":\"ListItem\",\"position\":2,\"name\":\"Equinoccio de Primavera: el cambio de estaci\u00f3n y el momento de equilibrio entre el d\u00eda y la noche.\"}]},{\"@type\":\"WebSite\",\"@id\":\"https:\\\/\\\/rafaramirez.org\\\/blog\\\/#website\",\"url\":\"https:\\\/\\\/rafaramirez.org\\\/blog\\\/\",\"name\":\"Blog de Rafael Ram\u00edrez\",\"description\":\"Un sitio social, de arte y cultura\",\"publisher\":{\"@id\":\"https:\\\/\\\/rafaramirez.org\\\/blog\\\/#\\\/schema\\\/person\\\/50f43b6d60c578760d4c17bda54ab6a5\"},\"potentialAction\":[{\"@type\":\"SearchAction\",\"target\":{\"@type\":\"EntryPoint\",\"urlTemplate\":\"https:\\\/\\\/rafaramirez.org\\\/blog\\\/?s={search_term_string}\"},\"query-input\":{\"@type\":\"PropertyValueSpecification\",\"valueRequired\":true,\"valueName\":\"search_term_string\"}}],\"inLanguage\":\"es\"},{\"@type\":[\"Person\",\"Organization\"],\"@id\":\"https:\\\/\\\/rafaramirez.org\\\/blog\\\/#\\\/schema\\\/person\\\/50f43b6d60c578760d4c17bda54ab6a5\",\"name\":\"Rafael Ram\u00edrez\",\"image\":{\"@type\":\"ImageObject\",\"inLanguage\":\"es\",\"@id\":\"https:\\\/\\\/rafaramirez.org\\\/blog\\\/wp-content\\\/uploads\\\/2024\\\/09\\\/RR_socialnetwork.jpg\",\"url\":\"https:\\\/\\\/rafaramirez.org\\\/blog\\\/wp-content\\\/uploads\\\/2024\\\/09\\\/RR_socialnetwork.jpg\",\"contentUrl\":\"https:\\\/\\\/rafaramirez.org\\\/blog\\\/wp-content\\\/uploads\\\/2024\\\/09\\\/RR_socialnetwork.jpg\",\"width\":600,\"height\":606,\"caption\":\"Rafael Ram\u00edrez\"},\"logo\":{\"@id\":\"https:\\\/\\\/rafaramirez.org\\\/blog\\\/wp-content\\\/uploads\\\/2024\\\/09\\\/RR_socialnetwork.jpg\"},\"sameAs\":[\"https:\\\/\\\/www.rafaramirez.org\\\/blog\",\"https:\\\/\\\/www.instagram.com\\\/rafaramirez_ok\\\/\",\"https:\\\/\\\/es.pinterest.com\\\/Ramirez_Rafa\\\/\",\"https:\\\/\\\/x.com\\\/rafaramirez_ok\"],\"url\":\"https:\\\/\\\/rafaramirez.org\\\/blog\\\/index.php\\\/author\\\/rafaell_qm6j97da\\\/\"}]}<\/script>\n<!-- \/ Yoast SEO plugin. -->","yoast_head_json":{"title":"Equinoccio de Primavera: el cambio de estaci\u00f3n y el momento de equilibrio entre el d\u00eda y la noche. - Blog de Rafael Ram\u00edrez","description":"El equinoccio de primavera marca el momento en que el d\u00eda y la noche tienen casi la misma duraci\u00f3n. Esto sucede porque el Sol cruza el...","robots":{"index":"index","follow":"follow","max-snippet":"max-snippet:-1","max-image-preview":"max-image-preview:large","max-video-preview":"max-video-preview:-1"},"canonical":"https:\/\/rafaramirez.org\/blog\/index.php\/2025\/03\/20\/equinoccio-de-primavera\/","og_locale":"es_ES","og_type":"article","og_title":"Equinoccio de Primavera: el cambio de estaci\u00f3n y el momento de equilibrio entre el d\u00eda y la noche. - Blog de Rafael Ram\u00edrez","og_description":"El equinoccio de primavera marca el momento en que el d\u00eda y la noche tienen casi la misma duraci\u00f3n. Esto sucede porque el Sol cruza el...","og_url":"https:\/\/rafaramirez.org\/blog\/index.php\/2025\/03\/20\/equinoccio-de-primavera\/","og_site_name":"Blog de Rafael Ram\u00edrez","article_published_time":"2025-03-20T07:15:54+00:00","og_image":[{"width":720,"height":440,"url":"https:\/\/rafaramirez.org\/blog\/wp-content\/uploads\/2025\/03\/Equinoccio_de_primavera_banner.jpg","type":"image\/jpeg"}],"author":"Rafael Ram\u00edrez","twitter_card":"summary_large_image","twitter_creator":"@rafaramirez_ok","twitter_site":"@rafaramirez_ok","twitter_misc":{"Escrito por":"Rafael Ram\u00edrez","Tiempo de lectura":"3 minutos"},"schema":{"@context":"https:\/\/schema.org","@graph":[{"@type":"Article","@id":"https:\/\/rafaramirez.org\/blog\/index.php\/2025\/03\/20\/equinoccio-de-primavera\/#article","isPartOf":{"@id":"https:\/\/rafaramirez.org\/blog\/index.php\/2025\/03\/20\/equinoccio-de-primavera\/"},"author":{"name":"Rafael Ram\u00edrez","@id":"https:\/\/rafaramirez.org\/blog\/#\/schema\/person\/50f43b6d60c578760d4c17bda54ab6a5"},"headline":"Equinoccio de Primavera: el cambio de estaci\u00f3n y el momento de equilibrio entre el d\u00eda y la noche.","datePublished":"2025-03-20T07:15:54+00:00","mainEntityOfPage":{"@id":"https:\/\/rafaramirez.org\/blog\/index.php\/2025\/03\/20\/equinoccio-de-primavera\/"},"wordCount":530,"commentCount":0,"publisher":{"@id":"https:\/\/rafaramirez.org\/blog\/#\/schema\/person\/50f43b6d60c578760d4c17bda54ab6a5"},"image":{"@id":"https:\/\/rafaramirez.org\/blog\/index.php\/2025\/03\/20\/equinoccio-de-primavera\/#primaryimage"},"thumbnailUrl":"https:\/\/rafaramirez.org\/blog\/wp-content\/uploads\/2025\/03\/Equinoccio_de_primavera_banner.jpg","keywords":["blog de Rafael Ram\u00edrez","efem\u00e9rides","efem\u00e9rides 20 de marzo","efem\u00e9rides de 2025","efem\u00e9rides de marzo","Equinoccio de Primavera"],"articleSection":["Efem\u00e9rides"],"inLanguage":"es","potentialAction":[{"@type":"CommentAction","name":"Comment","target":["https:\/\/rafaramirez.org\/blog\/index.php\/2025\/03\/20\/equinoccio-de-primavera\/#respond"]}]},{"@type":"WebPage","@id":"https:\/\/rafaramirez.org\/blog\/index.php\/2025\/03\/20\/equinoccio-de-primavera\/","url":"https:\/\/rafaramirez.org\/blog\/index.php\/2025\/03\/20\/equinoccio-de-primavera\/","name":"Equinoccio de Primavera: el cambio de estaci\u00f3n y el momento de equilibrio entre el d\u00eda y la noche. - Blog de Rafael Ram\u00edrez","isPartOf":{"@id":"https:\/\/rafaramirez.org\/blog\/#website"},"primaryImageOfPage":{"@id":"https:\/\/rafaramirez.org\/blog\/index.php\/2025\/03\/20\/equinoccio-de-primavera\/#primaryimage"},"image":{"@id":"https:\/\/rafaramirez.org\/blog\/index.php\/2025\/03\/20\/equinoccio-de-primavera\/#primaryimage"},"thumbnailUrl":"https:\/\/rafaramirez.org\/blog\/wp-content\/uploads\/2025\/03\/Equinoccio_de_primavera_banner.jpg","datePublished":"2025-03-20T07:15:54+00:00","description":"El equinoccio de primavera marca el momento en que el d\u00eda y la noche tienen casi la misma duraci\u00f3n. Esto sucede porque el Sol cruza el...","breadcrumb":{"@id":"https:\/\/rafaramirez.org\/blog\/index.php\/2025\/03\/20\/equinoccio-de-primavera\/#breadcrumb"},"inLanguage":"es","potentialAction":[{"@type":"ReadAction","target":["https:\/\/rafaramirez.org\/blog\/index.php\/2025\/03\/20\/equinoccio-de-primavera\/"]}]},{"@type":"ImageObject","inLanguage":"es","@id":"https:\/\/rafaramirez.org\/blog\/index.php\/2025\/03\/20\/equinoccio-de-primavera\/#primaryimage","url":"https:\/\/rafaramirez.org\/blog\/wp-content\/uploads\/2025\/03\/Equinoccio_de_primavera_banner.jpg","contentUrl":"https:\/\/rafaramirez.org\/blog\/wp-content\/uploads\/2025\/03\/Equinoccio_de_primavera_banner.jpg","width":720,"height":440,"caption":"Equinoccio de primavera 20 de marzo. Blog de Rafael Ram\u00edrez."},{"@type":"BreadcrumbList","@id":"https:\/\/rafaramirez.org\/blog\/index.php\/2025\/03\/20\/equinoccio-de-primavera\/#breadcrumb","itemListElement":[{"@type":"ListItem","position":1,"name":"Portada","item":"https:\/\/rafaramirez.org\/blog\/"},{"@type":"ListItem","position":2,"name":"Equinoccio de Primavera: el cambio de estaci\u00f3n y el momento de equilibrio entre el d\u00eda y la noche."}]},{"@type":"WebSite","@id":"https:\/\/rafaramirez.org\/blog\/#website","url":"https:\/\/rafaramirez.org\/blog\/","name":"Blog de Rafael Ram\u00edrez","description":"Un sitio social, de arte y cultura","publisher":{"@id":"https:\/\/rafaramirez.org\/blog\/#\/schema\/person\/50f43b6d60c578760d4c17bda54ab6a5"},"potentialAction":[{"@type":"SearchAction","target":{"@type":"EntryPoint","urlTemplate":"https:\/\/rafaramirez.org\/blog\/?s={search_term_string}"},"query-input":{"@type":"PropertyValueSpecification","valueRequired":true,"valueName":"search_term_string"}}],"inLanguage":"es"},{"@type":["Person","Organization"],"@id":"https:\/\/rafaramirez.org\/blog\/#\/schema\/person\/50f43b6d60c578760d4c17bda54ab6a5","name":"Rafael Ram\u00edrez","image":{"@type":"ImageObject","inLanguage":"es","@id":"https:\/\/rafaramirez.org\/blog\/wp-content\/uploads\/2024\/09\/RR_socialnetwork.jpg","url":"https:\/\/rafaramirez.org\/blog\/wp-content\/uploads\/2024\/09\/RR_socialnetwork.jpg","contentUrl":"https:\/\/rafaramirez.org\/blog\/wp-content\/uploads\/2024\/09\/RR_socialnetwork.jpg","width":600,"height":606,"caption":"Rafael Ram\u00edrez"},"logo":{"@id":"https:\/\/rafaramirez.org\/blog\/wp-content\/uploads\/2024\/09\/RR_socialnetwork.jpg"},"sameAs":["https:\/\/www.rafaramirez.org\/blog","https:\/\/www.instagram.com\/rafaramirez_ok\/","https:\/\/es.pinterest.com\/Ramirez_Rafa\/","https:\/\/x.com\/rafaramirez_ok"],"url":"https:\/\/rafaramirez.org\/blog\/index.php\/author\/rafaell_qm6j97da\/"}]}},"jetpack_publicize_connections":[],"jetpack_sharing_enabled":true,"jetpack_likes_enabled":true,"jetpack_featured_media_url":"https:\/\/rafaramirez.org\/blog\/wp-content\/uploads\/2025\/03\/Equinoccio_de_primavera_banner.jpg","_links":{"self":[{"href":"https:\/\/rafaramirez.org\/blog\/index.php\/wp-json\/wp\/v2\/posts\/8457","targetHints":{"allow":["GET"]}}],"collection":[{"href":"https:\/\/rafaramirez.org\/blog\/index.php\/wp-json\/wp\/v2\/posts"}],"about":[{"href":"https:\/\/rafaramirez.org\/blog\/index.php\/wp-json\/wp\/v2\/types\/post"}],"author":[{"embeddable":true,"href":"https:\/\/rafaramirez.org\/blog\/index.php\/wp-json\/wp\/v2\/users\/1"}],"replies":[{"embeddable":true,"href":"https:\/\/rafaramirez.org\/blog\/index.php\/wp-json\/wp\/v2\/comments?post=8457"}],"version-history":[{"count":9,"href":"https:\/\/rafaramirez.org\/blog\/index.php\/wp-json\/wp\/v2\/posts\/8457\/revisions"}],"predecessor-version":[{"id":8497,"href":"https:\/\/rafaramirez.org\/blog\/index.php\/wp-json\/wp\/v2\/posts\/8457\/revisions\/8497"}],"wp:featuredmedia":[{"embeddable":true,"href":"https:\/\/rafaramirez.org\/blog\/index.php\/wp-json\/wp\/v2\/media\/8460"}],"wp:attachment":[{"href":"https:\/\/rafaramirez.org\/blog\/index.php\/wp-json\/wp\/v2\/media?parent=8457"}],"wp:term":[{"taxonomy":"category","embeddable":true,"href":"https:\/\/rafaramirez.org\/blog\/index.php\/wp-json\/wp\/v2\/categories?post=8457"},{"taxonomy":"post_tag","embeddable":true,"href":"https:\/\/rafaramirez.org\/blog\/index.php\/wp-json\/wp\/v2\/tags?post=8457"}],"curies":[{"name":"wp","href":"https:\/\/api.w.org\/{rel}","templated":true}]}}